{"data":[{"id":"9782918220909","title":"Buissonni\u00e8res","description":"Vision d'un po\u00e8te hors les murs, parcourant le motif du Causse par sentiers buissonniers, \u00e9boulis et r\u00e9surgences, embrassant la nature, en cris et en sourdine selon les questions essentielles qui jalonnent un parcours expressionniste et rural, sans concessions \u00e0 l'air du temps o\u00f9 l'\u00e9go s'\u00e9tale et s'exacerbe.\r","authors":["Claude Albar\u00e8de"],"category_codes":["1000000","1090000","1090600"],"visuals":{"large":"https:\/\/images.epagine.fr\/909\/9782918220909_1_75.jpg","medium":"https:\/\/images.epagine.fr\/909\/9782918220909_1_m.jpg","thumbnail":"https:\/\/images.epagine.fr\/909\/9782918220909_1_v.jpg"},"orderable":true,"show_badge":true,"formatted_price":"14,00&nbsp;\u20ac","formatted_published_date":"1er octobre 2020","publisher_availability_label":"Sur commande","short_details":"Claude Albar\u00e8de \u2014 L'Herbe Qui Tremble","translator":null,"weight":143,"page_count":104,"readership":null,"editor":"L'Herbe Qui Tremble","price":1400,"published_date":"2020-09-30T22:00:00.000000Z","support":"Grand format","publisher_availability":1,"stock":0,"editions":[],"url":"https:\/\/quaidesbrumes.com\/ouvrage\/9782918220909\/buissonnieres"},{"id":"9782747510219","title":"D'\u00eele en \u00eele","description":"\u00celes de la nuit ? Le po\u00e8te sut y allumer quelques vers \u00e0 la lumi\u00e8re de leur premier jour, toujours renouvel\u00e9 ; et chaque terre du Sud est le site d'une femme-soleil : Kabylie, Ha\u00efti, Comores, R\u00e9union.Dompt\u00e9e par la rime, la po\u00e9sie de Jean Redon est une vraie musique, inattendue, forte et sensuelle. Jean REDON est n\u00e9 le 12 juin 1948 \u00e0 Villerupt, dans la sid\u00e9rurgie lorraine. Ing\u00e9nieur en g\u00e9nie civil, il eut l'occasion de parcourir l'Afrique de l'Ouest, les Cara\u00efbes et l'Oc\u00e9an Indien.\r","authors":["Jean Redon"],"category_codes":["1000000","1090000"],"visuals":{"large":"https:\/\/images.epagine.fr\/219\/9782747510219_1_75.jpg","medium":"https:\/\/images.epagine.fr\/219\/9782747510219_1_m.jpg","thumbnail":"https:\/\/images.epagine.fr\/219\/9782747510219_1_v.jpg"},"orderable":true,"show_badge":true,"formatted_price":"16,00&nbsp;\u20ac","formatted_published_date":"1er novembre 2003","publisher_availability_label":"Sur commande","short_details":"Jean Redon \u2014 \u00c9ditions L'Harmattan","translator":null,"weight":238,"page_count":176,"readership":null,"editor":"\u00c9ditions L'Harmattan","price":1600,"published_date":"2003-10-31T23:00:00.000000Z","support":"Grand format","publisher_availability":1,"stock":0,"editions":[],"url":"https:\/\/quaidesbrumes.com\/ouvrage\/9782747510219\/dile-en-ile"},{"id":"9782747507967","title":"LETTRE DE BEAUCE : Suivi de Conversation dans le noir","description":"Lettre de Beauce. Lettre \u00e9crite pour conjurer l'absence : celle de l'\u00eatre aim\u00e9 ; mais aussi pour \u00e9difier et maintenir entre la pl\u00e9nitude des souvenirs et le vide de certains jours une demeure de fid\u00e9lit\u00e9. Avec la m\u00eame beaut\u00e9, la m\u00eame force des images, Conversation dans le noir prolonge le texte pr\u00e9c\u00e9dent sous forme de journal et surtout de r\u00e9flexions qui d\u00e9passent ici les champs de l'absence et de la solitude. C'est un cri, m\u00eame s'il est quelquefois murmur\u00e9, un cri juste, un cri fort, inspir\u00e9, exhal\u00e9, qui sourd de ces pages tr\u00e8s souvent embras\u00e9es. Le contraire d'une soumission ou d'une r\u00e9signation. Au point qu'ici, au terme du silence et de la solitude, la nuit elle-m\u00eame devient f\u00e9conde.\r\nMarianne AURICOSTE est com\u00e9dienne, po\u00e8te et \u00e9crivain. Elle parcourt la France et l'\u00e9tranger avec des choix de po\u00e8mes contemporains. Sa d\u00e9marche se fonde sur le langage du corps, de la parole et de l'\u00e9criture dont elle t\u00e9moigne dans son premier recueil, L'Argile des mots, paru en 1981 aux \u00e9ditions Casterman.","authors":["Marianne Auricoste"],"category_codes":["1000000","1090000"],"visuals":{"large":"https:\/\/images.epagine.fr\/967\/9782747507967_1_75.jpg","medium":"https:\/\/images.epagine.fr\/967\/9782747507967_1_m.jpg","thumbnail":"https:\/\/images.epagine.fr\/967\/9782747507967_1_v.jpg"},"orderable":true,"show_badge":true,"formatted_price":"11,50&nbsp;\u20ac","formatted_published_date":"1er novembre 2003","publisher_availability_label":"Sur commande","short_details":"Marianne Auricoste \u2014 \u00c9ditions L'Harmattan","translator":null,"weight":126,"page_count":88,"readership":null,"editor":"\u00c9ditions L'Harmattan","price":1150,"published_date":"2003-10-31T23:00:00.000000Z","support":"Grand format","publisher_availability":1,"stock":0,"editions":[],"url":"https:\/\/quaidesbrumes.com\/ouvrage\/9782747507967\/lettre-de-beauce-suivi-de-conversation-dans-le-noir"},{"id":"9782890466241","title":"For\u00eat de po\u00e8mes","description":null,"authors":["Melanie Piecha"],"category_codes":["1000000","1090000"],"visuals":{"large":"https:\/\/quaidesbrumes.com\/img\/book-placeholder.png","medium":"https:\/\/quaidesbrumes.com\/img\/book-placeholder.png","thumbnail":"https:\/\/quaidesbrumes.com\/img\/book-placeholder.png"},"orderable":true,"show_badge":true,"formatted_price":"9,15&nbsp;\u20ac","formatted_published_date":"15 septembre 2001","publisher_availability_label":"Sur commande","short_details":"Melanie Piecha \u2014 LE TEMPS DES CERISES","translator":null,"weight":0,"page_count":64,"readership":null,"editor":"LE TEMPS DES CERISES","price":915,"published_date":"2001-09-14T22:00:00.000000Z","support":"Grand format","publisher_availability":1,"stock":0,"editions":[],"url":"https:\/\/quaidesbrumes.com\/ouvrage\/9782890466241\/foret-de-poemes"},{"id":"9782406146629","title":"Bucolicum Carmen","description":"Ces douze \u00e9glogues narrent l'aventure d'une \u00e2me et c\u00e9l\u00e8brent, avec la plus grande \u00e9rudition, une philosophie et une po\u00e9tique \u00e9clairant l'oeuvre p\u00e9trarquienne tout enti\u00e8re. Elles accordent \u00e9galement une importance particuli\u00e8re, sous le voile de l'all\u00e9gorie, aux probl\u00e8mes contemporains, tels que la peste de 1348.","authors":["P\u00e9trarque"],"category_codes":["1000000","1030000","1030300"],"visuals":{"large":"https:\/\/images.epagine.fr\/629\/9782406146629_1_75.jpg","medium":"https:\/\/images.epagine.fr\/629\/9782406146629_1_m.jpg","thumbnail":"https:\/\/images.epagine.fr\/629\/9782406146629_1_v.jpg"},"orderable":true,"show_badge":true,"formatted_price":"49,00&nbsp;\u20ac","formatted_published_date":"25 janvier 2023","publisher_availability_label":"Sur commande","short_details":"P\u00e9trarque \u2014 CLASSIQUES GARNIER","translator":null,"weight":650,"page_count":474,"readership":null,"editor":"CLASSIQUES GARNIER","price":4900,"published_date":"2023-01-24T23:00:00.000000Z","support":"Grand format","publisher_availability":1,"stock":0,"editions":["9782812458330"],"url":"https:\/\/quaidesbrumes.com\/ouvrage\/9782406146629\/bucolicum-carmen"},{"id":"9782840311195","title":"Ut","description":"Un livre, c'est le faire.\r\n Cette action doit toujours commencer car c'est commencer qui fait qu'on supporte, qu'on n'est pas seulement une tombe du v\u00e9cu.  ouverture du livre : \" je suis remplie de choses \u00e0 oublier \".  et sa cl\u00f4ture le rappelle : \" dans le bec d'une tourterelle vole un nid en construction \".  mais le livre est-il vivre ? ainsi les mots ne savent pas \u00eatre des choses, r\u00e9sistent ! isabelle pin\u00e7on tente bien d'en vendre, d'en d\u00e9couper comme viande, mais \" le dernier morceau (.\r\n .  .  ) sur l'\u00e9tal contient l'histoire \" ; d'en chausser.  mais \" j'ai des ampoules aux pieds \".  dans le livre, s'il y a la vie c'est par la voix qui l'\u00e9crit, qui court-circuite la grammaire, ses ordres d'apparition et de disparition, temporels par exemple : \" il me manque autrefois li \" .  isabelle pin\u00e7on ne veut que l'apparition, que la voix qui vient.  c'est-\u00e0-dire qu'elle ne veut que l'interlocuteur.  condition d'existence concr\u00e8te.\r\n S'adresser enl\u00e8ve l'\u00e9corce: \" avec vous, c'est moi \" .  formidable et paradoxal singulier.  morale de base, de vie humaine : \" quand on joue avec les mots, on se fout des objets \".\r","authors":["Isabelle Pin\u00e7on"],"category_codes":["1000000","1090000"],"visuals":{"large":"https:\/\/images.epagine.fr\/195\/9782840311195_1_75.jpg","medium":"https:\/\/images.epagine.fr\/195\/9782840311195_1_m.jpg","thumbnail":"https:\/\/images.epagine.fr\/195\/9782840311195_1_v.jpg"},"orderable":true,"show_badge":true,"formatted_price":"12,00&nbsp;\u20ac","formatted_published_date":"1er juin 2001","publisher_availability_label":"Sur commande","short_details":"Isabelle Pin\u00e7on \u2014 L'Idee Bleue","translator":null,"weight":75,"page_count":null,"readership":null,"editor":"L'Idee Bleue","price":1200,"published_date":"2001-05-31T22:00:00.000000Z","support":"Grand format","publisher_availability":1,"stock":0,"editions":[],"url":"https:\/\/quaidesbrumes.com\/ouvrage\/9782840311195\/ut"},{"id":"9782914490030","title":"Ix variations sur un theme de balthus - trilingue anlais\/italien","description":null,"authors":["Amigorena Horacio"],"category_codes":["1000000","1090000"],"visuals":{"large":"https:\/\/quaidesbrumes.com\/img\/book-placeholder.png","medium":"https:\/\/quaidesbrumes.com\/img\/book-placeholder.png","thumbnail":"https:\/\/quaidesbrumes.com\/img\/book-placeholder.png"},"orderable":true,"show_badge":true,"formatted_price":"100,00&nbsp;\u20ac","formatted_published_date":"2 f\u00e9vrier 2002","publisher_availability_label":"Sur commande","short_details":"Amigorena Horacio \u2014 Absteme & Bobance","translator":null,"weight":297,"page_count":56,"readership":null,"editor":"Absteme & Bobance","price":10000,"published_date":"2002-02-01T23:00:00.000000Z","support":"Grand format","publisher_availability":1,"stock":0,"editions":[],"url":"https:\/\/quaidesbrumes.com\/ouvrage\/9782914490030\/ix-variations-sur-un-theme-de-balthus-trilingue-anlaisitalien"},{"id":"9782914490337","title":"Crache sur le christ inne \/ etre christ n'est pas etre jesus christ","description":null,"authors":["Artaud A  \/ Delmas G"],"category_codes":["1000000","1090000"],"visuals":{"large":"https:\/\/quaidesbrumes.com\/img\/book-placeholder.png","medium":"https:\/\/quaidesbrumes.com\/img\/book-placeholder.png","thumbnail":"https:\/\/quaidesbrumes.com\/img\/book-placeholder.png"},"orderable":true,"show_badge":true,"formatted_price":"450,00&nbsp;\u20ac","formatted_published_date":"11 novembre 2001","publisher_availability_label":"Sur commande","short_details":"Artaud A  \/ Delmas G \u2014 Absteme & Bobance","translator":null,"weight":690,"page_count":54,"readership":null,"editor":"Absteme & Bobance","price":45000,"published_date":"2001-11-10T23:00:00.000000Z","support":"Beaux-livres","publisher_availability":1,"stock":0,"editions":[],"url":"https:\/\/quaidesbrumes.com\/ouvrage\/9782914490337\/crache-sur-le-christ-inne-etre-christ-nest-pas-etre-jesus-christ"},{"id":"9782914490344","title":"Je crache sur le christ inne \/ etre christ n'est pas etre jesus christ","description":null,"authors":["Arthaud A \/ Delmas G"],"category_codes":["1000000","1090000"],"visuals":{"large":"https:\/\/quaidesbrumes.com\/img\/book-placeholder.png","medium":"https:\/\/quaidesbrumes.com\/img\/book-placeholder.png","thumbnail":"https:\/\/quaidesbrumes.com\/img\/book-placeholder.png"},"orderable":true,"show_badge":true,"formatted_price":"45,00&nbsp;\u20ac","formatted_published_date":"11 novembre 2001","publisher_availability_label":"Sur commande","short_details":"Arthaud A \/ Delmas G \u2014 Absteme & Bobance","translator":null,"weight":130,"page_count":54,"readership":null,"editor":"Absteme & Bobance","price":4500,"published_date":"2001-11-10T23:00:00.000000Z","support":"Beaux-livres","publisher_availability":1,"stock":0,"editions":[],"url":"https:\/\/quaidesbrumes.com\/ouvrage\/9782914490344\/je-crache-sur-le-christ-inne-etre-christ-nest-pas-etre-jesus-christ"},{"id":"9782862763637","title":"Le f\u00e9librige","description":null,"authors":["Emile Ripert"],"category_codes":["1000000","1090000"],"visuals":{"large":"https:\/\/images.epagine.fr\/637\/9782862763637_1_75.jpg","medium":"https:\/\/images.epagine.fr\/637\/9782862763637_1_m.jpg","thumbnail":"https:\/\/images.epagine.fr\/637\/9782862763637_1_v.jpg"},"orderable":true,"show_badge":true,"formatted_price":"13,00&nbsp;\u20ac","formatted_published_date":"15 juillet 2001","publisher_availability_label":"Sur commande","short_details":"Emile Ripert \u2014 Jeanne Laffitte","translator":null,"weight":301,"page_count":null,"readership":null,"editor":"Jeanne Laffitte","price":1300,"published_date":"2001-07-14T22:00:00.000000Z","support":"Grand format","publisher_availability":1,"stock":0,"editions":[],"url":"https:\/\/quaidesbrumes.com\/ouvrage\/9782862763637\/le-felibrige"},{"id":"9782070764235","title":"Zone bleue","description":null,"authors":["Alain Borer"],"category_codes":["1000000","1090000"],"visuals":{"large":"https:\/\/images.epagine.fr\/235\/9782070764235_1_75.jpg","medium":"https:\/\/images.epagine.fr\/235\/9782070764235_1_m.jpg","thumbnail":"https:\/\/images.epagine.fr\/235\/9782070764235_1_v.jpg"},"orderable":true,"show_badge":true,"formatted_price":"7,60&nbsp;\u20ac","formatted_published_date":"1er octobre 2002","publisher_availability_label":"Sur commande","short_details":"Alain Borer \u2014 Gallimard","translator":null,"weight":102,"page_count":32,"readership":null,"editor":"Gallimard","price":760,"published_date":"2002-09-30T22:00:00.000000Z","support":"Grand format","publisher_availability":1,"stock":0,"editions":[],"url":"https:\/\/quaidesbrumes.com\/ouvrage\/9782070764235\/zone-bleue"},{"id":"9782312139333","title":"L'hymne du coeur afflig\u00e9","description":"Dans cet ouvrage l'auteur nous parle de ses cris de coeur. Comme son pr\u00e9curseur Alphonse de Lamartine il parle de \u00ab la plainte d'un coeur afflig\u00e9 par l'\u00e9preuve de l'amour bris\u00e9 : souvenirs et regrets, esp\u00e9rances et d\u00e9sespoirs, appaisement passager, inqui\u00e9tude de la destin\u00e9e... Le po\u00e8te d\u00e9crit de mani\u00e8re d\u00e9taill\u00e9e ses \u00e9tats d'Ames et sa vie int\u00e9rieure, ce qui est un des caract\u00e9ristiques fondamentaux du romantisme. \u00bb","authors":["Hassane Amadou Hassane"],"category_codes":["1000000","1090000"],"visuals":{"large":"https:\/\/images.epagine.fr\/333\/9782312139333_1_75.jpg","medium":"https:\/\/images.epagine.fr\/333\/9782312139333_1_m.jpg","thumbnail":"https:\/\/images.epagine.fr\/333\/9782312139333_1_v.jpg"},"orderable":true,"show_badge":true,"formatted_price":"15,00&nbsp;\u20ac","formatted_published_date":"24 octobre 2023","publisher_availability_label":"Sur commande","short_details":"Hassane Amadou Hassane \u2014 Editions du Net","translator":null,"weight":67,"page_count":36,"readership":null,"editor":"Editions du Net","price":1500,"published_date":"2023-10-23T22:00:00.000000Z","support":"Grand format","publisher_availability":1,"stock":0,"editions":[],"url":"https:\/\/quaidesbrumes.com\/ouvrage\/9782312139333\/lhymne-du-coeur-afflige"},{"id":"9782878673166","title":"Quelques notes d'espoir pour un soupcon de noir","description":null,"authors":["Sebastien Duranton"],"category_codes":["1000000","1090000"],"visuals":{"large":"https:\/\/images.epagine.fr\/166\/9782878673166_1_75.jpg","medium":"https:\/\/images.epagine.fr\/166\/9782878673166_1_m.jpg","thumbnail":"https:\/\/images.epagine.fr\/166\/9782878673166_1_v.jpg"},"orderable":true,"show_badge":true,"formatted_price":"10,67&nbsp;\u20ac","formatted_published_date":"31 mai 2001","publisher_availability_label":"Sur commande","short_details":"Sebastien Duranton \u2014 Presses Du Midi","translator":null,"weight":115,"page_count":78,"readership":null,"editor":"Presses Du Midi","price":1067,"published_date":"2001-05-30T22:00:00.000000Z","support":"Grand format","publisher_availability":1,"stock":0,"editions":[],"url":"https:\/\/quaidesbrumes.com\/ouvrage\/9782878673166\/quelques-notes-despoir-pour-un-soupcon-de-noir"},{"id":"9782322035571","title":"La Farandole","description":"Toute ma vie, j'ai aim\u00e9, cherch\u00e9 et connu la licorne en qu\u00eate de chevalier, pour cela je suis entr\u00e9e en transes : j'ai cherch\u00e9 o\u00f9 est le soleil ?, le sable de l\u00e0-bas, le feu, le baiser br\u00fblant, la cl\u00e9 du vrai. Cette symphonie de myst\u00e8re qui n'a comme refrain que la qu\u00eate de la licorne dans une infinie farandole est la chanson de ma vie.\r\nAlors cette petite chanson, qui est ce Noel de mon amour. Je fais le voeu et si, si je pouvais \u00eatre un oiseau. Alors je pourrai enfin affiner ma qu\u00eate dans une farandole de plume et de soleil, vers toi.\r\n J'irai sur ton territoire, derri\u00e8re la porte. Aucune crainte, plus de doutes, Et la nuit m\u00eame bleue, me laissera devenir oiseau, et sentir la joie qui revient. Une joie qui m'apprends \u00e0 toujours y croire, car ce chandelier, je saurai le reconna\u00eetre c'est le chandelier de Ber.\r","authors":["Sandrine Adso"],"category_codes":["1000000","1090000"],"visuals":{"large":"https:\/\/images.epagine.fr\/571\/9782322035571_1_75.jpg","medium":"https:\/\/images.epagine.fr\/571\/9782322035571_1_m.jpg","thumbnail":"https:\/\/images.epagine.fr\/571\/9782322035571_1_v.jpg"},"orderable":true,"show_badge":true,"formatted_price":"9,00&nbsp;\u20ac","formatted_published_date":"13 juin 2014","publisher_availability_label":"Sur commande","short_details":"Sandrine Adso \u2014 Books on Demand","translator":null,"weight":201,"page_count":68,"readership":null,"editor":"Books on Demand","price":900,"published_date":"2014-06-12T22:00:00.000000Z","support":"Grand format","publisher_availability":1,"stock":0,"editions":[],"url":"https:\/\/quaidesbrumes.com\/ouvrage\/9782322035571\/la-farandole"},{"id":"9782810625185","title":"Des balades et des r\u00eaves","description":"La passion d'\u00e9crire continue de m'habiter. Mes pens\u00e9es se convertissent en mots et deviennent des mots, des mots pour vous promener dans la nature seul ou avec qui vous voulez. baladez vous sur mes pages et r\u00eavez...\r","authors":["Andr\u00e9 Lejeune"],"category_codes":["1000000","1090000"],"visuals":{"large":"https:\/\/images.epagine.fr\/185\/9782810625185_1_75.jpg","medium":"https:\/\/images.epagine.fr\/185\/9782810625185_1_m.jpg","thumbnail":"https:\/\/images.epagine.fr\/185\/9782810625185_1_v.jpg"},"orderable":true,"show_badge":true,"formatted_price":"8,00&nbsp;\u20ac","formatted_published_date":"12 juillet 2012","publisher_availability_label":"Sur commande","short_details":"Andr\u00e9 Lejeune \u2014 Books on Demand","translator":null,"weight":201,"page_count":52,"readership":null,"editor":"Books on Demand","price":800,"published_date":"2012-07-11T22:00:00.000000Z","support":"Grand format","publisher_availability":1,"stock":0,"editions":[],"url":"https:\/\/quaidesbrumes.com\/ouvrage\/9782810625185\/des-balades-et-des-reves"},{"id":"9782955692578","title":"L'Evier en Inox","description":"La laisser pour plus tard cette vaisselle accumul\u00e9e qui te r\u00e9veille chaque matin d'un bruit de ferraille effondrements de r\u00eaves dans l'\u00e9vier en inox.\r","authors":["Bertrand Naivin"],"category_codes":["1000000","1090000","1090600"],"visuals":{"large":"https:\/\/images.epagine.fr\/578\/9782955692578_1_75.jpg","medium":"https:\/\/images.epagine.fr\/578\/9782955692578_1_m.jpg","thumbnail":"https:\/\/images.epagine.fr\/578\/9782955692578_1_v.jpg"},"orderable":true,"show_badge":true,"formatted_price":"19,00&nbsp;\u20ac","formatted_published_date":"10 septembre 2020","publisher_availability_label":"Sur commande","short_details":"Bertrand Naivin \u2014 Douro","translator":null,"weight":117,"page_count":84,"readership":null,"editor":"Douro","price":1900,"published_date":"2020-09-09T22:00:00.000000Z","support":"Grand format","publisher_availability":1,"stock":0,"editions":[],"url":"https:\/\/quaidesbrumes.com\/ouvrage\/9782955692578\/levier-en-inox"},{"id":"9782322036844","title":"Au Milieu des Bois","description":"C'est souvent dans les for\u00eats que l'on trouve la s\u00e9r\u00e9nit\u00e9 : le calme, l'apaisement, le repos, la qui\u00e9tude.\r\nCette s\u00e9r\u00e9nit\u00e9 est engendr\u00e9e par la d\u00e9couverte de merveilles, d'espoirs, de beaut\u00e9s inalt\u00e9rables et par des r\u00eaves et des questions qui trouvent une certaine forme de r\u00e9ponses tout \u00e0 fait propre \u00e0 chacun. \r\nEffectivement dans ce recueil, on approche des merveilles, jusque-l\u00e0 invisibles : la pr\u00e9sence de statues magiques (Ashkelon), des regards transcendants (Celui de l'homme aim\u00e9), des \u00eatres aim\u00e9s (Toi), des lieux magiques (La porte bleue), des lieux f\u00e9\u00e9riques (L'eau du lac), et surtout des \u00e9vasions merveilleuses et po\u00e9tiques (Le voyage, Le plus beau livre, L'amour de mon amour).\r\nCet univers bienveillant permet des espoirs : La premi\u00e8re fois, Un espoir contre la solitude, La joie de l'amour qui revient, et en aboutissement la joie d'exister Pour toi.\r\nCet univers bienveillant porte en lui des beaut\u00e9s inalt\u00e9rables qu'on ne trouve qu'au milieu des bois : d'abord La rose et Toi. Pourquoi cette po\u00e9sie ?, juste Parce que le soleil.\r\nIl s'agit en effet d'un univers po\u00e9tique, la po\u00e9sie, la magie et la beaut\u00e9 qu'on peut \u00e9prouver Au milieu des bois suscitent des r\u00eaves et des questions, c'est d'abord la vision onirique du Vent contre son armure, la perception d'un monde de miracles : Etre comme l'air. La perception d'un monde pur o\u00f9 l'on peut trouver Une pri\u00e8re comme une femme.\r\nIl s'agit finalement de la libert\u00e9, de contempler, d'esp\u00e9rer et de s'interroger et de se demander par exemple Pourquoi le vent ?\r\n\r\nLa r\u00e9ponse et la description de cette vie Au milieu des bois est possible Parce que je serai l\u00e0 et c'est pourquoi J'aime la vie.\r","authors":["Sandrine Adso"],"category_codes":["1000000","1090000"],"visuals":{"large":"https:\/\/images.epagine.fr\/844\/9782322036844_1_75.jpg","medium":"https:\/\/images.epagine.fr\/844\/9782322036844_1_m.jpg","thumbnail":"https:\/\/images.epagine.fr\/844\/9782322036844_1_v.jpg"},"orderable":true,"show_badge":true,"formatted_price":"9,00&nbsp;\u20ac","formatted_published_date":"13 juin 2014","publisher_availability_label":"Sur commande","short_details":"Sandrine Adso \u2014 Books on Demand","translator":null,"weight":201,"page_count":88,"readership":null,"editor":"Books on Demand","price":900,"published_date":"2014-06-12T22:00:00.000000Z","support":"Grand format","publisher_availability":1,"stock":0,"editions":[],"url":"https:\/\/quaidesbrumes.com\/ouvrage\/9782322036844\/au-milieu-des-bois"},{"id":"9782080682734","title":"Venant d'o\u00f9 ? : 4 po\u00e8tes : J\u00e9r\u00f4me Lhuillier, Florence Pazzottu, \u00c9ric Sautou et Guy Viarre","description":"Venant d'o\u00f9 ? r\u00e9unit les recueils de quatre \u00abjeunes\u00bb auteurs (ils ont entre trente et quarante ans) n'ayant que peu publi\u00e9 \u00e0 ce jour : l'un d'eux n'avait m\u00eame jamais livr\u00e9 ses textes \u00e0 l'impression. C'est leur seul point commun, et le premier motif de ce regroupement : donner \u00e0 voir, d'un coup, quatre nouvelles propositions d'\u00e9criture, s'acharnant toutes - par-del\u00e0 leurs divergences- au renouvellement du langage po\u00e9tique. Ce \u00absingulier pluriel\u00bb est la vraie raison d'\u00eatre d'un tel ouvrage, \u00e0 l'image de la collection o\u00f9 il s'ins\u00e8re et qui privil\u00e9gie la diversit\u00e9 des paroles qu'elle accueille, la sp\u00e9cificit\u00e9 de leurs approches - chacune de ces langues priv\u00e9es s'inventant (et s'insurgeant) dans la langue commune pour y cr\u00e9er son espace propre. Projet \u00e9ditorial n'illustrant donc en rien une quelconque \u00abligne\u00bb. Et visant moins \u00e0 confondre qu'\u00e0 distinguer.","authors":["Collectif"],"category_codes":["1000000","1090000"],"visuals":{"large":"https:\/\/images.epagine.fr\/734\/9782080682734_1_75.jpg","medium":"https:\/\/images.epagine.fr\/734\/9782080682734_1_m.jpg","thumbnail":"https:\/\/images.epagine.fr\/734\/9782080682734_1_v.jpg"},"orderable":true,"show_badge":true,"formatted_price":"19,30&nbsp;\u20ac","formatted_published_date":"24 janvier 2002","publisher_availability_label":"Sur commande","short_details":"Collectif \u2014 Flammarion","translator":null,"weight":340,"page_count":267,"readership":null,"editor":"Flammarion","price":1930,"published_date":"2002-01-23T23:00:00.000000Z","support":"Grand format","publisher_availability":1,"stock":0,"editions":[],"url":"https:\/\/quaidesbrumes.com\/ouvrage\/9782080682734\/venant-dou-4-poetes-jerome-lhuillier-florence-pazzottu-eric-sautou-et-guy-viarre"},{"id":"9782080682741","title":"Aux recensions","description":"Un hommage aux recensions est un hommage \u00e0 leur drame. Sort un cas particulier. Bertrand Marchal a \u00e9dit\u00e9 la chronique des avis contemporains sur un \u00abPrince des po\u00e8tes\u00bb, dans Mallarm\u00e9, M\u00e9moire de la critique (Presses de l'Universit\u00e9 de Paris-Sorbonne, 1998). On trouvera ici, presque \u00e0 chaque fois, le po\u00e8me qui r\u00e9pond aujourd'hui \u00e0 l'ancienne critique contemporaine, int\u00e9ress\u00e9 au meilleur et au pire actuels des commentaires. La vie contemporaine est le lieu de la violence. Mais, engin de captation, la critique cultive un po\u00e8me \u00e0 son insu souvent. Je r\u00e9plique maintenant \u00e0 chaque r\u00e9ponse, po\u00e8me pour po\u00e8me - le XIXe si\u00e8cle continuant. Sans remplacer ni prot\u00e9ger l'auteur en question (Mallarm\u00e9). Un po\u00e8me peut \u00eatre le notaire sp\u00e9cial d'une affaire d'h\u00e9ritage. Il est \u00e0 chaque coup ici une r\u00e9ponse ind\u00e9pendante ; la consultation des commentaires premiers est facultative. La circonstance a lieu, et s'efface relativement. Il n'emp\u00eache que le po\u00e8me dit ce qu'il a \u00e0 dire parce qu'il consid\u00e8re le fameux on-dit. Il n'en d\u00e9pend pas. La seule d\u00e9pendance est \u00e0 l'\u00e9gard de la v\u00e9rit\u00e9 dans le temps. Et je parie qu'il y a de la \u00abpo\u00e9sie\u00bb dans la rumeur publique. Les recenseurs donnaient leur avis sur un contemporain. Ils sont des contemporains. L'ordre de la compilation est l'ordre du livre. En plus, il y a, au milieu, un \u00abPurgatoire moderne\u00bb.","authors":["Philippe Beck"],"category_codes":["1000000","1090000"],"visuals":{"large":"https:\/\/images.epagine.fr\/741\/9782080682741_1_75.jpg","medium":"https:\/\/images.epagine.fr\/741\/9782080682741_1_m.jpg","thumbnail":"https:\/\/images.epagine.fr\/741\/9782080682741_1_v.jpg"},"orderable":true,"show_badge":true,"formatted_price":"21,40&nbsp;\u20ac","formatted_published_date":"25 janvier 2002","publisher_availability_label":"Sur commande","short_details":"Philippe Beck \u2014 Flammarion","translator":null,"weight":350,"page_count":282,"readership":null,"editor":"Flammarion","price":2140,"published_date":"2002-01-24T23:00:00.000000Z","support":"Grand format","publisher_availability":1,"stock":0,"editions":[],"url":"https:\/\/quaidesbrumes.com\/ouvrage\/9782080682741\/aux-recensions"},{"id":"9782747517218","title":"La migration des tribus","description":"Po\u00e9sie.N\u00e9 en 1930 au K\u00e9rala, Ayyappa Paniker est apparu, dans les ann\u00e9es 60, comme un grand innovateur dans la th\u00e9matique et la stylistique po\u00e9tiques en malayalam. Po\u00e8te prolixe, exp\u00e9rimentant sans cesse de nouvelles formes et un nouveau langage, il a beaucoup voyag\u00e9 et est devenu un \u00e9rudit et un critique unanimement appr\u00e9ci\u00e9.\r","authors":["Ayyappa Paniker","G\u00e9rard Augustin"],"category_codes":["1000000","1090000"],"visuals":{"large":"https:\/\/images.epagine.fr\/218\/9782747517218_1_75.jpg","medium":"https:\/\/images.epagine.fr\/218\/9782747517218_1_m.jpg","thumbnail":"https:\/\/images.epagine.fr\/218\/9782747517218_1_v.jpg"},"orderable":true,"show_badge":true,"formatted_price":"9,00&nbsp;\u20ac","formatted_published_date":"1er novembre 2003","publisher_availability_label":"Sur commande","short_details":"Ayyappa Paniker, G\u00e9rard Augustin \u2014 \u00c9ditions L'Harmattan","translator":"GERARD AUGUSTIN","weight":76,"page_count":46,"readership":null,"editor":"\u00c9ditions L'Harmattan","price":900,"published_date":"2003-10-31T23:00:00.000000Z","support":"Grand format","publisher_availability":1,"stock":0,"editions":[],"url":"https:\/\/quaidesbrumes.com\/ouvrage\/9782747517218\/la-migration-des-tribus"},{"id":"9782747512213","title":"De cette nuit naissent des aubes","description":"Le po\u00e8te Mahw\u00ee (1836-1906), s'est r\u00e9v\u00e9l\u00e9 relativement tardivement dans cette filiation de po\u00e8tes qui adoptent un langage riche de symboles, se nourrissant surtout de son exp\u00e9rience personnelle. Il fait partie de ces po\u00e8tes que l'on peut appeler \" les gens du go\u00fbt \". Ici le go\u00fbt est \u00e0 la fois li\u00e9 au plaisir spirituel et, bien s\u00fbr, \u00e0 l'exp\u00e9rience corporelle que le po\u00e8te tente de pratiquer et qui rel\u00e8ve de l'int\u00e9rieur de son intimit\u00e9.\r","authors":["Mahwi","Ahmed Mala"],"category_codes":["1000000","1090000"],"visuals":{"large":"https:\/\/images.epagine.fr\/213\/9782747512213_1_75.jpg","medium":"https:\/\/images.epagine.fr\/213\/9782747512213_1_m.jpg","thumbnail":"https:\/\/images.epagine.fr\/213\/9782747512213_1_v.jpg"},"orderable":true,"show_badge":true,"formatted_price":"15,50&nbsp;\u20ac","formatted_published_date":"1er novembre 2003","publisher_availability_label":"Sur commande","short_details":"Mahwi, Ahmed Mala \u2014 \u00c9ditions L'Harmattan","translator":"AHMED MALA","weight":238,"page_count":174,"readership":null,"editor":"\u00c9ditions L'Harmattan","price":1550,"published_date":"2003-10-31T23:00:00.000000Z","support":"Grand format","publisher_availability":1,"stock":0,"editions":[],"url":"https:\/\/quaidesbrumes.com\/ouvrage\/9782747512213\/de-cette-nuit-naissent-des-aubes"},{"id":"9782322035854","title":"Sons Et Chants","description":"Il \u00e9tait une fois un homme que j'ai appel\u00e9 mon roi, pourquoi ? Parce qu' il est  effectivement le roi. J'ai eu la chance de le conna\u00eetre  spirituellement mais, toutes choses ayant son temps  il est parti mais j'ai connu l'\u00e9ternit\u00e9, la f\u00e9licit\u00e9 et la libert\u00e9 aupr\u00e8s de lui. \r\nLe voyage que j'ai fait \u00e0 ses c\u00f4t\u00e9s n'\u00e9tait pas ordinaire. Cet amour-l\u00e0 \u00e9tait prot\u00e9g\u00e9 par La tente d'A. Un lieu particuli\u00e8rement symbolique, unique, L\u00e0 o\u00f9 Les grands oiseaux de la nuit, le feu restent grav\u00e9s dans La m\u00e9moire de ces nuits. Toutes les forces en puissance \u00e9taient l\u00e0.\r\nGrav\u00e9es, inscrites, il y avait aussi Les mots du r\u00eave, ceux-ci ne faisaient \u00e9cho qu'\u00e0 Lui, et ces mots chantaient dans un dialecte inconnu, on pouvait percevoir des sons et des chants, on pouvait percevoir l'intemporalit\u00e9 des moments sacr\u00e9s.\r\nCe temps-l\u00e0, o\u00f9 il \u00e9tait roi \u00e9tait sublime, il \u00e9tait ni rose ni bleu, plus que des couleurs, on pouvait sentir le poids des Lois et des parchemins.\r\nAvec lui, j'ai appris la beaut\u00e9 du monde et le courage pour le garder et je pense lui avoir fait d\u00e9couvrir la joie, qui souvent danse dans la main des anges.\r\nNous avons grandi ensemble : lui a saisi la spontan\u00e9it\u00e9 : le rire, le sourire, la joie et  j'ai connu ma libert\u00e9, c'\u00e9tait une renaissance, c'\u00e9tait \u00e0 nouveau un instant o\u00f9 je pouvais \u00e0 nouveau chercher le cercle des po\u00e8tes disparus.\r\nPlus que de la po\u00e9sie, c'\u00e9tait Sons et Chants, si tu pr\u00e9f\u00e8res.\r","authors":["Sandrine Adso"],"category_codes":["1000000","1090000"],"visuals":{"large":"https:\/\/images.epagine.fr\/854\/9782322035854_1_75.jpg","medium":"https:\/\/images.epagine.fr\/854\/9782322035854_1_m.jpg","thumbnail":"https:\/\/images.epagine.fr\/854\/9782322035854_1_v.jpg"},"orderable":true,"show_badge":true,"formatted_price":"9,00&nbsp;\u20ac","formatted_published_date":"13 juin 2014","publisher_availability_label":"Sur commande","short_details":"Sandrine Adso \u2014 Books on Demand","translator":null,"weight":201,"page_count":76,"readership":null,"editor":"Books on Demand","price":900,"published_date":"2014-06-12T22:00:00.000000Z","support":"Grand format","publisher_availability":1,"stock":0,"editions":[],"url":"https:\/\/quaidesbrumes.com\/ouvrage\/9782322035854\/sons-et-chants"},{"id":"9782296059788","title":"D\u00e9ferlement \u00e9clectique","description":"Ces po\u00e8mes prennent la forme d'un cri de r\u00e9volte, de contestation. Ce recueil est \u00e9crit quand tombe sur toute la RDC la fi\u00e8vre des \u00e9lections d\u00e9mocratiques. Il porte toutes les marques d'une nouvelle soci\u00e9t\u00e9 o\u00f9 l'homme congolais entend recouvrir toute sa dignit\u00e9 de citoyen du monde vivant au XXIe si\u00e8cle.\r","authors":["Py-nene Mayuma"],"category_codes":["1000000","1090000"],"visuals":{"large":"https:\/\/images.epagine.fr\/788\/9782296059788_1_75.jpg","medium":"https:\/\/images.epagine.fr\/788\/9782296059788_1_m.jpg","thumbnail":"https:\/\/images.epagine.fr\/788\/9782296059788_1_v.jpg"},"orderable":true,"show_badge":true,"formatted_price":"14,00&nbsp;\u20ac","formatted_published_date":"16 juin 2008","publisher_availability_label":"Sur commande","short_details":"Py-nene Mayuma \u2014 \u00c9ditions L'Harmattan","translator":null,"weight":150,"page_count":130,"readership":null,"editor":"\u00c9ditions L'Harmattan","price":1400,"published_date":"2008-06-15T22:00:00.000000Z","support":"Grand format","publisher_availability":1,"stock":0,"editions":[],"url":"https:\/\/quaidesbrumes.com\/ouvrage\/9782296059788\/deferlement-eclectique"},{"id":"9782747508612","title":"Denise levertov - le don de la poesie","description":"\" Dans son \u00e9tude, l'auteur a tr\u00e8s justement associ\u00e9 les r\u00e9f\u00e9rences biographiques \u00e0 l'\u00e9volution de l'oeuvre po\u00e9tique. Elle nous apporte des renseignements pr\u00e9cieux sur l'engagement du po\u00e8te dans les luttes politiques contre la guerre au Vietnam, le racisme, les pollutions multiples de la terre comme de l'esprit des hommes. Dans ses po\u00e8mes s'allient de mani\u00e8re \u00e9mouvante beaut\u00e9, \u00e9motion et spiritualit\u00e9. \" J. Joubert . Denise Levertov est n\u00e9e en 1923 d'un p\u00e8re russe et d'une m\u00e8re galloise.\r","authors":["Maureen Smith"],"category_codes":["9000000","9070000","9070200"],"visuals":{"large":"https:\/\/images.epagine.fr\/612\/9782747508612_1_75.jpg","medium":"https:\/\/images.epagine.fr\/612\/9782747508612_1_m.jpg","thumbnail":"https:\/\/images.epagine.fr\/612\/9782747508612_1_v.jpg"},"orderable":true,"show_badge":true,"formatted_price":"19,00&nbsp;\u20ac","formatted_published_date":"1er novembre 2003","publisher_availability_label":"Sur commande","short_details":"Maureen Smith \u2014 \u00c9ditions L'Harmattan","translator":null,"weight":222,"page_count":176,"readership":null,"editor":"\u00c9ditions L'Harmattan","price":1900,"published_date":"2003-10-31T23:00:00.000000Z","support":"Grand format","publisher_availability":1,"stock":0,"editions":[],"url":"https:\/\/quaidesbrumes.com\/ouvrage\/9782747508612\/denise-levertov-le-don-de-la-poesie"}]}