{"data":[{"id":"9782840311201","title":"La rage, ses abords","description":null,"authors":["Lucien Wasselin"],"category_codes":["1000000","1090000"],"visuals":{"large":"https:\/\/images.epagine.fr\/201\/9782840311201_1_75.jpg","medium":"https:\/\/images.epagine.fr\/201\/9782840311201_1_m.jpg","thumbnail":"https:\/\/images.epagine.fr\/201\/9782840311201_1_v.jpg"},"orderable":true,"show_badge":true,"formatted_price":"12,00&nbsp;\u20ac","formatted_published_date":"1er ao\u00fbt 2001","publisher_availability_label":"Sur commande","short_details":"Lucien Wasselin \u2014 L'Idee Bleue","translator":null,"weight":165,"page_count":null,"readership":null,"editor":"L'Idee Bleue","price":1200,"published_date":"2001-07-31T22:00:00.000000Z","support":"Grand format","publisher_availability":1,"stock":0,"editions":[],"url":"https:\/\/quaidesbrumes.com\/ouvrage\/9782840311201\/la-rage-ses-abords"},{"id":"9782915879049","title":"Fixe, d\u00e9sole en hiver","description":"Ici, un narrateur se souvient d'un paysage, d'une femme, d'une ville, et zoome sur ces quelques images. Ces boucles, bribes, fragments d'histoires apparaissent, s'estompent, se d\u00e9placent puis s'intensifient, se fixent jusqu'au gel.\r","authors":["Eric Such\u00e8re"],"category_codes":["1000000","1090000"],"visuals":{"large":"https:\/\/images.epagine.fr\/049\/9782915879049_1_75.jpg","medium":"https:\/\/images.epagine.fr\/049\/9782915879049_1_m.jpg","thumbnail":"https:\/\/images.epagine.fr\/049\/9782915879049_1_v.jpg"},"orderable":true,"show_badge":true,"formatted_price":"10,00&nbsp;\u20ac","formatted_published_date":"18 d\u00e9cembre 2008","publisher_availability_label":"Sur commande","short_details":"Eric Such\u00e8re \u2014 Les petits matins","translator":null,"weight":114,"page_count":48,"readership":null,"editor":"Les petits matins","price":1000,"published_date":"2008-12-17T23:00:00.000000Z","support":"Grand format","publisher_availability":1,"stock":0,"editions":[],"url":"https:\/\/quaidesbrumes.com\/ouvrage\/9782915879049\/fixe-desole-en-hiver"},{"id":"9782343209593","title":"L'ode des cr\u00e9puscules","description":"Contrairement \u00e0 \u00ab L'albatros \u00bb de Charles Baudelaire, notre \u00e9l\u00e9phant Neck\u00e9 Bernard a bien les pieds pos\u00e9s au sol et domine les r\u00e9alit\u00e9s terrestres sans pour autant manquer de s'\u00e9lever au-dessus des contingences. Incarnerait-il un mythe nouveau, celui de l'\u00e9l\u00e9phant-ail\u00e9, qui malgr\u00e9 son allure pachydermique vole \u00e0 tire-d'aile avec une telle aisance. Au bout du compte, l'on per\u00e7oit dans cette oeuvre un lyrisme raisonn\u00e9 et une passion \u00e9clair\u00e9e qui sous-tendent une ferme volont\u00e9 d'appel \u00e0 l'amour de l'humain dans toute sa dimension.","authors":["Bernard Neck\u00e9"],"category_codes":["1000000","1090000"],"visuals":{"large":"https:\/\/images.epagine.fr\/593\/9782343209593_1_75.jpg","medium":"https:\/\/images.epagine.fr\/593\/9782343209593_1_m.jpg","thumbnail":"https:\/\/images.epagine.fr\/593\/9782343209593_1_v.jpg"},"orderable":true,"show_badge":true,"formatted_price":"11,00&nbsp;\u20ac","formatted_published_date":"23 septembre 2020","publisher_availability_label":"Sur commande","short_details":"Bernard Neck\u00e9 \u2014 \u00c9ditions L'Harmattan","translator":null,"weight":84,"page_count":58,"readership":null,"editor":"\u00c9ditions L'Harmattan","price":1100,"published_date":"2020-09-22T22:00:00.000000Z","support":"Grand format","publisher_availability":1,"stock":0,"editions":[],"url":"https:\/\/quaidesbrumes.com\/ouvrage\/9782343209593\/lode-des-crepuscules"},{"id":"9782747589871","title":"Arabesques mediterraneennes","description":"Ce recueil est un bijou pr\u00e9cieux, une \u00e9vocation de cette m\u00e9diterran\u00e9e pleine d'histoires avec de magnifiques monuments, de magnifiques paysages et si attachante dans ses diff\u00e9rents visages. C'est une m\u00e9diterran\u00e9e de parfums, de couleurs, de musiques, de r\u00eaves.\r","authors":["Daniele Ouanes"],"category_codes":["1000000","1090000"],"visuals":{"large":"https:\/\/images.epagine.fr\/871\/9782747589871_1_75.jpg","medium":"https:\/\/images.epagine.fr\/871\/9782747589871_1_m.jpg","thumbnail":"https:\/\/images.epagine.fr\/871\/9782747589871_1_v.jpg"},"orderable":true,"show_badge":true,"formatted_price":"13,00&nbsp;\u20ac","formatted_published_date":"2 juillet 2005","publisher_availability_label":"Sur commande","short_details":"Daniele Ouanes \u2014 \u00c9ditions L'Harmattan","translator":null,"weight":135,"page_count":116,"readership":null,"editor":"\u00c9ditions L'Harmattan","price":1300,"published_date":"2005-07-01T22:00:00.000000Z","support":"Grand format","publisher_availability":1,"stock":0,"editions":[],"url":"https:\/\/quaidesbrumes.com\/ouvrage\/9782747589871\/arabesques-mediterraneennes"},{"id":"9782070762255","title":"Morceaux de ciel, presque rien","description":"\u00abToi qui marches, qui ne veux pas voir descends, descends toujours jusqu'aux royaumes de l'infertile l\u00e0 tout un peuple bouge, ombres des p\u00e8res que les fils bafouent, reines qui dansent dans leur d\u00e9lire et loin, tr\u00e8s loin sur une falaise un homme qui regarde la mer et qui murmure, montagnes de l'\u00e9cume, rendez-la-moi.\u00bb Claude Esteban.","authors":["Claude Esteban"],"category_codes":["1000000","1090000"],"visuals":{"large":"https:\/\/images.epagine.fr\/255\/9782070762255_1_75.jpg","medium":"https:\/\/images.epagine.fr\/255\/9782070762255_1_m.jpg","thumbnail":"https:\/\/images.epagine.fr\/255\/9782070762255_1_v.jpg"},"orderable":true,"show_badge":true,"formatted_price":"15,90&nbsp;\u20ac","formatted_published_date":"6 juin 2001","publisher_availability_label":"Sur commande","short_details":"Claude Esteban \u2014 Gallimard","translator":null,"weight":280,"page_count":192,"readership":null,"editor":"Gallimard","price":1590,"published_date":"2001-06-05T22:00:00.000000Z","support":"Grand format","publisher_availability":1,"stock":0,"editions":[],"url":"https:\/\/quaidesbrumes.com\/ouvrage\/9782070762255\/morceaux-de-ciel-presque-rien"},{"id":"9782914338011","title":"Peau d'\u00e2me","description":"L'auteur est un Fr\u00e8re de la Communaut\u00e9 de Saint-Jean. Il nous offre ici un recueil de po\u00e8mes inspir\u00e9s qu'il pr\u00e9sente ainsi : La po\u00e9sie, \u00e9crire l'instant, le temps vivant. \u00c9crire chaque po\u00e8me, comme s'il \u00e9tait le dernier, chaque po\u00e8me est le dernier, celui qui engage toute la vie, tout l'amour, tout l'amour de Dieu. Par don. Vraiment. La po\u00e9sie, ne dire que ce qu'il y a \u00e0 dire.\r","authors":["Deman Fr. Francois-N"],"category_codes":["1000000","1090000"],"visuals":{"large":"https:\/\/images.epagine.fr\/011\/9782914338011_1_75.jpg","medium":"https:\/\/images.epagine.fr\/011\/9782914338011_1_m.jpg","thumbnail":"https:\/\/images.epagine.fr\/011\/9782914338011_1_v.jpg"},"orderable":true,"show_badge":true,"formatted_price":"11,00&nbsp;\u20ac","formatted_published_date":"23 avril 2001","publisher_availability_label":"Sur commande","short_details":"Deman Fr. Francois-N \u2014 Gregoriennes","translator":null,"weight":200,"page_count":94,"readership":null,"editor":"Gregoriennes","price":1100,"published_date":"2001-04-22T22:00:00.000000Z","support":"Grand format","publisher_availability":1,"stock":0,"editions":[],"url":"https:\/\/quaidesbrumes.com\/ouvrage\/9782914338011\/peau-dame"},{"id":"9782357631601","title":"Grain de sel","description":"Grains de sel de Philippe Mitre, poursuit son recueil pr\u00e9c\u00e9dent, Le temps qui coule. Sa vie s'y \u00e9coule, avec ses esp\u00e9rances, ses joies, ses soleils et ses douleurs. Le po\u00e8te a r\u00e9colt\u00e9 avec pr\u00e9caution les petits tas de sel qui jalonnent ses rives. Il \u00e9gr\u00e8ne ses grains avec un art qui fait mouche, o\u00f9 sa po\u00e9sie se go\u00fbte, s'\u00e9coute, touche \u00e0 fleur de sel, celle des mines de Lorraine, des mers ou des larmes. \r\nAu d\u00e9tour des pages, les mots \u00e9meuvent, frappent, bril\u00aclent comme des p\u00e9pites ou disent la douleur du d\u00e9sir et de l'absence au creux du vieux lit solitaire... \r\nPourtant, de l'enfant seul bien trop t\u00f4t, dont le cri reste muet, \u00e0 celui qui n'est plus qu'un r\u00eave crisp\u00e9 aux frondai\u00acsons d'un monde qui s'ach\u00e8ve..., Philippe Mitre ajoute \u00e0 ses grains de sel, quelques baies d'humour, juste ce qu'il faut de saveur poivr\u00e9e pour sourire encore, au soleil d'en-fance, avec le chat qui vole et une histoire merveilleusement b\u00eate...\r","authors":["Philippe Mitre"],"category_codes":["1000000","1090000","1090600"],"visuals":{"large":"https:\/\/images.epagine.fr\/601\/9782357631601_1_75.jpg","medium":"https:\/\/images.epagine.fr\/601\/9782357631601_1_m.jpg","thumbnail":"https:\/\/images.epagine.fr\/601\/9782357631601_1_v.jpg"},"orderable":true,"show_badge":true,"formatted_price":"12,00&nbsp;\u20ac","formatted_published_date":"5 septembre 2020","publisher_availability_label":"Sur commande","short_details":"Philippe Mitre \u2014 Gerard Louis","translator":null,"weight":200,"page_count":96,"readership":null,"editor":"Gerard Louis","price":1200,"published_date":"2020-09-04T22:00:00.000000Z","support":"Grand format","publisher_availability":1,"stock":0,"editions":[],"url":"https:\/\/quaidesbrumes.com\/ouvrage\/9782357631601\/grain-de-sel"},{"id":"9782911914409","title":"Joies escarp\u00e9es","description":null,"authors":["Jean-Louis Chr\u00e9tien"],"category_codes":["1000000","1080000"],"visuals":{"large":"https:\/\/quaidesbrumes.com\/img\/book-placeholder.png","medium":"https:\/\/quaidesbrumes.com\/img\/book-placeholder.png","thumbnail":"https:\/\/quaidesbrumes.com\/img\/book-placeholder.png"},"orderable":true,"show_badge":true,"formatted_price":"12,40&nbsp;\u20ac","formatted_published_date":"9 avril 2001","publisher_availability_label":"Sur commande","short_details":"Jean-Louis Chr\u00e9tien \u2014 Obsidiane","translator":null,"weight":114,"page_count":null,"readership":null,"editor":"Obsidiane","price":1240,"published_date":"2001-04-08T22:00:00.000000Z","support":"Grand format","publisher_availability":1,"stock":0,"editions":["9782911914737"],"url":"https:\/\/quaidesbrumes.com\/ouvrage\/9782911914409\/joies-escarpees"},{"id":"9782911718526","title":"Glace","description":"Glac\u00e9s. Les morts. Le p\u00e8re et la m\u00e8re.\r\nEt Fred, l'ami, l'aim\u00e9, l'accompagnateur, celui du peuple des fronti\u00e8res.\r\nGlac\u00e9es. Les collines sous la neige, la for\u00eat squelettique, la maison.\r\nGlac\u00e9. L'amour quand plus personne ne sait ce qui se passe avec lui except\u00e9 peut-\u00eatre l'arbre tr\u00e8s vieux et Th\u00e9r\u00e8se, la magicienne, la f\u00e9e.\r\nCe r\u00e9cit est comme un cristal il en a les ar\u00eates et la flamme, vive sous la glace.\r","authors":["Marie-Dominiqu Xerri"],"category_codes":["1000000","1090000"],"visuals":{"large":"https:\/\/quaidesbrumes.com\/img\/book-placeholder.png","medium":"https:\/\/quaidesbrumes.com\/img\/book-placeholder.png","thumbnail":"https:\/\/quaidesbrumes.com\/img\/book-placeholder.png"},"orderable":true,"show_badge":true,"formatted_price":"12,50&nbsp;\u20ac","formatted_published_date":"25 avril 2002","publisher_availability_label":"Sur commande","short_details":"Marie-Dominiqu Xerri \u2014 L'Amourier","translator":null,"weight":130,"page_count":108,"readership":null,"editor":"L'Amourier","price":1250,"published_date":"2002-04-24T22:00:00.000000Z","support":"Grand format","publisher_availability":1,"stock":0,"editions":[],"url":"https:\/\/quaidesbrumes.com\/ouvrage\/9782911718526\/glace"},{"id":"9782911718441","title":"Les archipels","description":"De quoi sommes-nous faits ? De l'\u00e9toffe du monde.\r\nEt qu'est-ce que le monde ? Un vaste archipel. Regardez en vous-m\u00eame et autour de vous : partout, sous des formes multiples, un m\u00eame \u00eatre se d\u00e9ploie dans l'\u00e9tendue. Chaque atome de sa chair est la chance d'un fruit m\u00fbr (Paul Val\u00e9ry), chaque \u00eele qu'il dessine \u00e0 la surface de la mer est la mati\u00e8re du mouvement qui nous exhale.\r\nUne rose, un galet, la lune ; \u00c9ros, Narcisse, Gabriel ; Fragonard, Van Gogh, Rubens ; un fleuve, un d\u00e9sert, une vigne ; les saisons, les passions, la lumi\u00e8re ; l'\u00c9den, l'Orient, Venise : autant d'\u00e9v\u00e9nements qui ne cessent de poindre sur cet horizon jamais clos.\r","authors":["C J Sandler"],"category_codes":["1000000","1090000"],"visuals":{"large":"https:\/\/quaidesbrumes.com\/img\/book-placeholder.png","medium":"https:\/\/quaidesbrumes.com\/img\/book-placeholder.png","thumbnail":"https:\/\/quaidesbrumes.com\/img\/book-placeholder.png"},"orderable":true,"show_badge":true,"formatted_price":"10,40&nbsp;\u20ac","formatted_published_date":"25 avril 2002","publisher_availability_label":"Sur commande","short_details":"C J Sandler \u2014 L'Amourier","translator":null,"weight":132,"page_count":100,"readership":null,"editor":"L'Amourier","price":1040,"published_date":"2002-04-24T22:00:00.000000Z","support":"Grand format","publisher_availability":1,"stock":0,"editions":[],"url":"https:\/\/quaidesbrumes.com\/ouvrage\/9782911718441\/les-archipels"},{"id":"9782911718489","title":"Ricercar","description":"Ricercar, pi\u00e8ce instrumentale \u00e0 plusieurs voix compos\u00e9e en imitation, est initialement, un carnet dans lequel se m\u00ealent, au jour le jour et au gr\u00e9 des hasards, po\u00e8mes et notes diverses : ce que la po\u00e9sie \u00e9labore et les mat\u00e9riaux qu'elle glane en vue de futures \u00e9critures.\r\nPetit \u00e0 petit ces divers textes se sont \u00e9prouv\u00e9s les uns les autres et, en un certain ordre, assembl\u00e9s jusqu'\u00e0 constituer des mouvements foisonnants et autonomes, compl\u00e9mentaires et reli\u00e9s.\r","authors":["Paul Badin"],"category_codes":["1000000","1090000"],"visuals":{"large":"https:\/\/quaidesbrumes.com\/img\/book-placeholder.png","medium":"https:\/\/quaidesbrumes.com\/img\/book-placeholder.png","thumbnail":"https:\/\/quaidesbrumes.com\/img\/book-placeholder.png"},"orderable":true,"show_badge":true,"formatted_price":"19,00&nbsp;\u20ac","formatted_published_date":"25 avril 2002","publisher_availability_label":"Sur commande","short_details":"Paul Badin \u2014 L'Amourier","translator":null,"weight":229,"page_count":134,"readership":null,"editor":"L'Amourier","price":1900,"published_date":"2002-04-24T22:00:00.000000Z","support":"Grand format","publisher_availability":1,"stock":0,"editions":[],"url":"https:\/\/quaidesbrumes.com\/ouvrage\/9782911718489\/ricercar"},{"id":"9782747504287","title":"Inconnue dans le train - sconosciuta in treno","description":"Ce livre repr\u00e9sente une d\u00e9viation dans le parcours po\u00e9tique de Ruggiero, g\u00e9n\u00e9ralement inspir\u00e9 par les probl\u00e8mes existentiels ou la recherche de solutions technique in\u00e9dites. L'auteur analyse ici l'essentiel de l'affectivit\u00e9 , en racontant avec simplicit\u00e9 des moments de la vie de sa femme, ses enfants, ses amis, et aussi ceux, myst\u00e9rieux, voire inexistants, comme l'inconnue qui donne le titre au recueil .\r","authors":["Giovanni Ruggiero","Jean-Jacques Meric"],"category_codes":["1000000","1090000"],"visuals":{"large":"https:\/\/images.epagine.fr\/287\/9782747504287_1_75.jpg","medium":"https:\/\/images.epagine.fr\/287\/9782747504287_1_m.jpg","thumbnail":"https:\/\/images.epagine.fr\/287\/9782747504287_1_v.jpg"},"orderable":true,"show_badge":true,"formatted_price":"12,00&nbsp;\u20ac","formatted_published_date":"1er novembre 2003","publisher_availability_label":"Sur commande","short_details":"Giovanni Ruggiero, Jean-Jacques Meric \u2014 \u00c9ditions L'Harmattan","translator":"JEAN-JACQUES MERIC","weight":156,"page_count":114,"readership":null,"editor":"\u00c9ditions L'Harmattan","price":1200,"published_date":"2003-10-31T23:00:00.000000Z","support":"Grand format","publisher_availability":1,"stock":0,"editions":[],"url":"https:\/\/quaidesbrumes.com\/ouvrage\/9782747504287\/inconnue-dans-le-train-sconosciuta-in-treno"},{"id":"9782747504379","title":"La cendre des heures","description":"Il suffit de souffler sur la cendre des heures : des braises encore chaudes s'\u00e9l\u00e8vent les flammes qui \u00e9clairent les lieux et les \u00e9poques, de l'enfance \u00e0 l'\u00e2ge m\u00fbr. Les pas du po\u00e8te nous entra\u00eenent vers ces moments de br\u00fblantes moissons, r\u00eav\u00e9s autant que v\u00e9cus. Puis, inexorablement, s'\u00e9teignent, un \u00e0 un, tous les soleils de la vie. Demeurent les paysages int\u00e9rieurs dans la lumi\u00e8re du souvenir.\r","authors":["Jacques Taurand"],"category_codes":["1000000","1090000"],"visuals":{"large":"https:\/\/images.epagine.fr\/379\/9782747504379_1_75.jpg","medium":"https:\/\/images.epagine.fr\/379\/9782747504379_1_m.jpg","thumbnail":"https:\/\/images.epagine.fr\/379\/9782747504379_1_v.jpg"},"orderable":true,"show_badge":true,"formatted_price":"10,00&nbsp;\u20ac","formatted_published_date":"1er novembre 2003","publisher_availability_label":"Sur commande","short_details":"Jacques Taurand \u2014 \u00c9ditions L'Harmattan","translator":null,"weight":88,"page_count":56,"readership":null,"editor":"\u00c9ditions L'Harmattan","price":1000,"published_date":"2003-10-31T23:00:00.000000Z","support":"Grand format","publisher_availability":1,"stock":0,"editions":[],"url":"https:\/\/quaidesbrumes.com\/ouvrage\/9782747504379\/la-cendre-des-heures"},{"id":"9782747500982","title":"Anthologie des po\u00e8tes gabonais d'expression fran\u00e7aise ; la concorde Tome 3","description":"Cette premi\u00e8re anthologie critique et th\u00e9matique d'une telle envergure sur le plan national et continental nous offre un regard non exhaustif mais \u00e9logieux sur une po\u00e9sie aux images tant\u00f4t pudiques et douces, tant\u00f4t farouches et saum\u00e2tres,  couronn\u00e9es par une suavit\u00e9 phonique, qui honore la langue de ces multiples auteurs. Un vibrant hommage au Gabon litt\u00e9raire d'hier et d'aujourd'hui.\r","authors":["Rapha\u00ebl Misere-kouka"],"category_codes":["1000000","1090000"],"visuals":{"large":"https:\/\/images.epagine.fr\/982\/9782747500982_1_75.jpg","medium":"https:\/\/images.epagine.fr\/982\/9782747500982_1_m.jpg","thumbnail":"https:\/\/images.epagine.fr\/982\/9782747500982_1_v.jpg"},"orderable":true,"show_badge":true,"formatted_price":"19,00&nbsp;\u20ac","formatted_published_date":"1er novembre 2003","publisher_availability_label":"Sur commande","short_details":"Rapha\u00ebl Misere-kouka \u2014 \u00c9ditions L'Harmattan","translator":null,"weight":254,"page_count":200,"readership":null,"editor":"\u00c9ditions L'Harmattan","price":1900,"published_date":"2003-10-31T23:00:00.000000Z","support":"Grand format","publisher_availability":1,"stock":0,"editions":[],"url":"https:\/\/quaidesbrumes.com\/ouvrage\/9782747500982\/anthologie-des-poetes-gabonais-dexpression-francaise-la-concorde-tome-3"},{"id":"9782903721985","title":"Le jour n'en finit pas","description":"Dans ses yeux, l'immense est une goutte noire.\r\nLa beaut\u00e9, se dit-il, n'est pas une r\u00e9ponse : une blessure, simplement, comme une source in\u00e9puisable. Le bleu du ciel o\u00f9 s'en va son visage. J.A.\r","authors":["Jacques Ancet"],"category_codes":["1000000","1090000"],"visuals":{"large":"https:\/\/images.epagine.fr\/985\/9782903721985_1_75.jpg","medium":"https:\/\/images.epagine.fr\/985\/9782903721985_1_m.jpg","thumbnail":"https:\/\/images.epagine.fr\/985\/9782903721985_1_v.jpg"},"orderable":true,"show_badge":true,"formatted_price":"18,50&nbsp;\u20ac","formatted_published_date":"28 mars 2001","publisher_availability_label":"Sur commande","short_details":"Jacques Ancet \u2014 LETTRES VIVES","translator":null,"weight":262,"page_count":128,"readership":null,"editor":"LETTRES VIVES","price":1850,"published_date":"2001-03-27T22:00:00.000000Z","support":"Grand format","publisher_availability":1,"stock":0,"editions":[],"url":"https:\/\/quaidesbrumes.com\/ouvrage\/9782903721985\/le-jour-nen-finit-pas"},{"id":"9782747500999","title":"Anthologie des po\u00e8tes gabonais d'expression fran\u00e7aise ; la concorde Tome 4","description":"Cette premi\u00e8re anthologie critique et th\u00e9matique d'une telle envergure sur le plan national et continental nous offre un regard non exhaustif mais \u00e9logieux sur une po\u00e9sie aux images tant\u00f4t pudiques et douces, tant\u00f4t farouches et saum\u00e2tres,  couronn\u00e9es par une suavit\u00e9 phonique, qui honore la langue de ces multiples auteurs. Un vibrant hommage au Gabon litt\u00e9raire d'hier et d'aujourd'hui.\r","authors":["Rapha\u00ebl Misere-kouka"],"category_codes":["1000000","1090000"],"visuals":{"large":"https:\/\/images.epagine.fr\/999\/9782747500999_1_75.jpg","medium":"https:\/\/images.epagine.fr\/999\/9782747500999_1_m.jpg","thumbnail":"https:\/\/images.epagine.fr\/999\/9782747500999_1_v.jpg"},"orderable":true,"show_badge":true,"formatted_price":"19,00&nbsp;\u20ac","formatted_published_date":"1er novembre 2003","publisher_availability_label":"Sur commande","short_details":"Rapha\u00ebl Misere-kouka \u2014 \u00c9ditions L'Harmattan","translator":null,"weight":248,"page_count":198,"readership":null,"editor":"\u00c9ditions L'Harmattan","price":1900,"published_date":"2003-10-31T23:00:00.000000Z","support":"Grand format","publisher_availability":1,"stock":0,"editions":[],"url":"https:\/\/quaidesbrumes.com\/ouvrage\/9782747500999\/anthologie-des-poetes-gabonais-dexpression-francaise-la-concorde-tome-4"},{"id":"9782312074047","title":"Paroles de po\u00e8te ; po\u00e8mes et citations","description":"Transcendante, invocatrice et \u00e9vocatrice avec des th\u00e9matiques qui sortent du lot des flots des situations oniriques, textes saisissants, mots apaisants v\u00e9hiculant la tendresse, l'amour et une confiance si profonde...\r\nBelles rimes remplies de fraicheur exaltant les mille et une merveilles de ce monde...\r\nTelle est ma po\u00e9sie.\r\nEt puis, tout n'est pas dit...\r","authors":["Rachid Boutarene"],"category_codes":["1000000","1090000"],"visuals":{"large":"https:\/\/images.epagine.fr\/047\/9782312074047_1_75.jpg","medium":"https:\/\/images.epagine.fr\/047\/9782312074047_1_m.jpg","thumbnail":"https:\/\/images.epagine.fr\/047\/9782312074047_1_v.jpg"},"orderable":true,"show_badge":true,"formatted_price":"20,00&nbsp;\u20ac","formatted_published_date":"16 septembre 2020","publisher_availability_label":"Sur commande","short_details":"Rachid Boutarene \u2014 Editions du Net","translator":null,"weight":342,"page_count":190,"readership":null,"editor":"Editions du Net","price":2000,"published_date":"2020-09-15T22:00:00.000000Z","support":"Grand format","publisher_availability":1,"stock":0,"editions":[],"url":"https:\/\/quaidesbrumes.com\/ouvrage\/9782312074047\/paroles-de-poete-poemes-et-citations"},{"id":"9782854463071","title":"Gradiva","description":null,"authors":["Noemi Kupper"],"category_codes":["1000000","1090000"],"visuals":{"large":"https:\/\/quaidesbrumes.com\/img\/book-placeholder.png","medium":"https:\/\/quaidesbrumes.com\/img\/book-placeholder.png","thumbnail":"https:\/\/quaidesbrumes.com\/img\/book-placeholder.png"},"orderable":true,"show_badge":true,"formatted_price":"11,50&nbsp;\u20ac","formatted_published_date":"4 mai 2001","publisher_availability_label":"Sur commande","short_details":"Noemi Kupper \u2014 Caracteres","translator":null,"weight":333,"page_count":null,"readership":null,"editor":"Caracteres","price":1150,"published_date":"2001-05-03T22:00:00.000000Z","support":"Grand format","publisher_availability":1,"stock":0,"editions":[],"url":"https:\/\/quaidesbrumes.com\/ouvrage\/9782854463071\/gradiva"},{"id":"9782854463057","title":"Gradiva ; choix de po\u00e8mes 1983-1999","description":null,"authors":["Mila Haugova"],"category_codes":["1000000","1090000"],"visuals":{"large":"https:\/\/images.epagine.fr\/057\/9782854463057_1_75.jpg","medium":"https:\/\/images.epagine.fr\/057\/9782854463057_1_m.jpg","thumbnail":"https:\/\/images.epagine.fr\/057\/9782854463057_1_v.jpg"},"orderable":true,"show_badge":true,"formatted_price":"17,53&nbsp;\u20ac","formatted_published_date":"4 mai 2001","publisher_availability_label":"Sur commande","short_details":"Mila Haugova \u2014 Caracteres","translator":null,"weight":333,"page_count":null,"readership":null,"editor":"Caracteres","price":1753,"published_date":"2001-05-03T22:00:00.000000Z","support":"Grand format","publisher_availability":1,"stock":0,"editions":[],"url":"https:\/\/quaidesbrumes.com\/ouvrage\/9782854463057\/gradiva-choix-de-poemes-1983-1999"},{"id":"9782747503518","title":"Textes coeurs","description":"C'est une histoire de sentiment.Une couple qui s'aimait. et se taisait plus qu'il ne parlait et bien plus parlait qu'il n'\u00e9crivait.\u00c9crivait, s'\u00e9crivait pourtant.","authors":["Eliane Verret","Michel Verret"],"category_codes":["1000000","1090000"],"visuals":{"large":"https:\/\/images.epagine.fr\/518\/9782747503518_1_75.jpg","medium":"https:\/\/images.epagine.fr\/518\/9782747503518_1_m.jpg","thumbnail":"https:\/\/images.epagine.fr\/518\/9782747503518_1_v.jpg"},"orderable":true,"show_badge":true,"formatted_price":"21,00&nbsp;\u20ac","formatted_published_date":"1er novembre 2003","publisher_availability_label":"Sur commande","short_details":"Eliane Verret, Michel Verret \u2014 \u00c9ditions L'Harmattan","translator":null,"weight":336,"page_count":244,"readership":null,"editor":"\u00c9ditions L'Harmattan","price":2100,"published_date":"2003-10-31T23:00:00.000000Z","support":"Grand format","publisher_availability":1,"stock":0,"editions":[],"url":"https:\/\/quaidesbrumes.com\/ouvrage\/9782747503518\/textes-coeurs"},{"id":"9782844900647","title":"Bonnes soir\u00e9es","description":"Comme je venais lui tenir compagnie dans la cour poussi\u00e9reuse, pour la premi\u00e8re fois j'ai parl\u00e9 avec ma m\u00e8re.\r\nElle me disait la force de son d\u00e9sir d'enfant, quand un orage inattendu nous a oblig\u00e9s \u00e0 rentrer. La conversation a tourn\u00e9 court. Une fois de plus je devrai repartir de z\u00e9ro alors que nous \u00e9tions si pr\u00e8s du but. Encore faudra-t-il que mon audace d'aujourd'hui ne la dissuade pas de me rouvrir sa porte. J'ai d'autant plus de questions \u00e0 lui poser que rien ne bouge dans la maison. Rien n'a jamais boug\u00e9. A.V.\r","authors":["Alain Veinstein"],"category_codes":["1000000","1090000"],"visuals":{"large":"https:\/\/images.epagine.fr\/647\/9782844900647_1_75.jpg","medium":"https:\/\/images.epagine.fr\/647\/9782844900647_1_m.jpg","thumbnail":"https:\/\/images.epagine.fr\/647\/9782844900647_1_v.jpg"},"orderable":true,"show_badge":true,"formatted_price":"12,37&nbsp;\u20ac","formatted_published_date":"11 mai 2001","publisher_availability_label":"Sur commande","short_details":"Alain Veinstein \u2014 \u00c9ditions Verdier","translator":null,"weight":110,"page_count":null,"readership":null,"editor":"\u00c9ditions Verdier","price":1237,"published_date":"2001-05-10T22:00:00.000000Z","support":"Grand format","publisher_availability":1,"stock":0,"editions":[],"url":"https:\/\/quaidesbrumes.com\/ouvrage\/9782844900647\/bonnes-soirees"},{"id":"9782854463156","title":"Premiers po\u00e8mes","description":null,"authors":["Zsuzsa Rakovszky"],"category_codes":["1000000","1090000"],"visuals":{"large":"https:\/\/images.epagine.fr\/156\/9782854463156_1_75.jpg","medium":"https:\/\/images.epagine.fr\/156\/9782854463156_1_m.jpg","thumbnail":"https:\/\/images.epagine.fr\/156\/9782854463156_1_v.jpg"},"orderable":true,"show_badge":true,"formatted_price":"10,00&nbsp;\u20ac","formatted_published_date":"8 novembre 2001","publisher_availability_label":"Sur commande","short_details":"Zsuzsa Rakovszky \u2014 Caracteres","translator":null,"weight":333,"page_count":72,"readership":null,"editor":"Caracteres","price":1000,"published_date":"2001-11-07T23:00:00.000000Z","support":"Grand format","publisher_availability":1,"stock":0,"editions":[],"url":"https:\/\/quaidesbrumes.com\/ouvrage\/9782854463156\/premiers-poemes"},{"id":"9782810601639","title":"Une balan\u00e7oire devant un crat\u00e8re","description":"J'ai commenc\u00e9 \u00e0 \u00e9crire il y a tr\u00e8s longtemps.\r\nUn peu par jeu, beaucoup par amusement.\r\nJ'y ai mis beaucoup de coeur et de sentiments.\r\nPuis, j'ai racont\u00e9 les miens, avec discernement.\r\n\r\nCes \u00e9crits sans une aucune autre pr\u00e9tention.\r\nQue celle de d\u00e9crypter l'histoire de ma maison.\r\nD'expliquer ma personnalit\u00e9 en construction.\r\nEt de voir mes d\u00e9boires s'envoler comme des papillons.\r","authors":["St\u00e9phanie Pollet"],"category_codes":["1000000","1090000"],"visuals":{"large":"https:\/\/images.epagine.fr\/639\/9782810601639_1_75.jpg","medium":"https:\/\/images.epagine.fr\/639\/9782810601639_1_m.jpg","thumbnail":"https:\/\/images.epagine.fr\/639\/9782810601639_1_v.jpg"},"orderable":true,"show_badge":true,"formatted_price":"19,95&nbsp;\u20ac","formatted_published_date":"19 d\u00e9cembre 2008","publisher_availability_label":"Sur commande","short_details":"St\u00e9phanie Pollet \u2014 Books on Demand","translator":null,"weight":361,"page_count":168,"readership":null,"editor":"Books on Demand","price":1995,"published_date":"2008-12-18T23:00:00.000000Z","support":"Grand format","publisher_availability":1,"stock":0,"editions":[],"url":"https:\/\/quaidesbrumes.com\/ouvrage\/9782810601639\/une-balancoire-devant-un-cratere"},{"id":"9782747506250","title":"L'ANABSENCE OU LA NEIGE DE SOI","description":"Entr\u00e9e en po\u00e9sie, dans la p\u00e2te de vers de l'enfance, comme on entre en silence, elle cherche les mots, \u00e0 assembler visages \u00e0 d'imparfaites solitudes. Rilke et Saint John Perse seront ses ma\u00eetres. Chez l'un, elle \u00e9coutera ce silence cern\u00e9 de cieux incertains, \u00e0 l'autre elle empruntera le solaire dont elle fera, dans un or en oeuvre, un verbe gest\u00e9 de lumi\u00e8re. L'Anabsence ou la Neige de soi est ce nu fr\u00f4l\u00e9 de nous-m\u00eame, cet indicible d\u00e9v\u00eatu.","authors":["Anne De Commines"],"category_codes":["1000000","1090000"],"visuals":{"large":"https:\/\/images.epagine.fr\/250\/9782747506250_1_75.jpg","medium":"https:\/\/images.epagine.fr\/250\/9782747506250_1_m.jpg","thumbnail":"https:\/\/images.epagine.fr\/250\/9782747506250_1_v.jpg"},"orderable":true,"show_badge":true,"formatted_price":"11,00&nbsp;\u20ac","formatted_published_date":"1er novembre 2003","publisher_availability_label":"Sur commande","short_details":"Anne De Commines \u2014 \u00c9ditions L'Harmattan","translator":null,"weight":106,"page_count":72,"readership":null,"editor":"\u00c9ditions L'Harmattan","price":1100,"published_date":"2003-10-31T23:00:00.000000Z","support":"Grand format","publisher_availability":1,"stock":0,"editions":[],"url":"https:\/\/quaidesbrumes.com\/ouvrage\/9782747506250\/lanabsence-ou-la-neige-de-soi"}]}