{"data":[{"id":"9782909607092","title":"Po\u00e9sies \u00e9rotiques, de Paul Verlaine","description":null,"authors":["Hippolyte Romain"],"category_codes":["1000000","1090000"],"visuals":{"large":"https:\/\/images.epagine.fr\/092\/9782909607092_1_75.jpg","medium":"https:\/\/images.epagine.fr\/092\/9782909607092_1_m.jpg","thumbnail":"https:\/\/images.epagine.fr\/092\/9782909607092_1_v.jpg"},"orderable":true,"show_badge":true,"formatted_price":"27,44&nbsp;\u20ac","formatted_published_date":"23 f\u00e9vrier 2001","publisher_availability_label":"Sur commande","short_details":"Hippolyte Romain \u2014 Astarte","translator":null,"weight":0,"page_count":64,"readership":null,"editor":"Astarte","price":2744,"published_date":"2001-02-22T23:00:00.000000Z","support":"Grand format","publisher_availability":1,"stock":0,"editions":[],"url":"https:\/\/quaidesbrumes.com\/ouvrage\/9782909607092\/poesies-erotiques-de-paul-verlaine"},{"id":"9782738499929","title":"Conversations avec l'oubli","description":"Ouvri\u00e8re face \u00e0 l'immensit\u00e9 de l'interrogation, Ir\u00e8ne Shraer retranscrit les paysages int\u00e9rieurs l\u00e9gu\u00e9s par les g\u00e9n\u00e9rations avant elle. Ici c'est au devoir de m\u00e9moire qu'elle s'adresse, aux falsifications de l'histoire, pr\u00eats \u00e0 bondir si nous ne donnons pas d'autre r\u00e9ponse que le silence. S'interroger sur Dieu ou sur l'histoire n'est pas une d\u00e9finition de soi, c'est interroger le monde et remonter jusqu'\u00e0 la source du souffle pour lui donner un nom.\r","authors":["Ir\u00e8ne Shraer"],"category_codes":["1000000","1090000"],"visuals":{"large":"https:\/\/images.epagine.fr\/929\/9782738499929_1_75.jpg","medium":"https:\/\/images.epagine.fr\/929\/9782738499929_1_m.jpg","thumbnail":"https:\/\/images.epagine.fr\/929\/9782738499929_1_v.jpg"},"orderable":true,"show_badge":true,"formatted_price":"13,00&nbsp;\u20ac","formatted_published_date":"1er d\u00e9cembre 2000","publisher_availability_label":"Sur commande","short_details":"Ir\u00e8ne Shraer \u2014 \u00c9ditions L'Harmattan","translator":null,"weight":166,"page_count":130,"readership":null,"editor":"\u00c9ditions L'Harmattan","price":1300,"published_date":"2000-11-30T23:00:00.000000Z","support":"Grand format","publisher_availability":1,"stock":0,"editions":[],"url":"https:\/\/quaidesbrumes.com\/ouvrage\/9782738499929\/conversations-avec-loubli"},{"id":"9782876733206","title":"Cette vie est la notre ; rhapsodie","description":"On \u00e9coute \u00e0 la radio des chansons lard\u00e9es de publicit\u00e9s.\r\nLe soir, d\u00e9soeuvr\u00e9, on zappe de feuilletons en t\u00e9l\u00e9films. Le matin, on ach\u00e8te le journal avec ses faits divers, ses photos chocs, ses mots gluants de consensus mou. Tout cela fait un conglom\u00e9rat, la novlangue de notre temps ; elle saoule \u00e0 peu de frais, d\u00e9tourne la pens\u00e9e, nous pousse \u00e0 \" d\u00e9penser \" pour les d\u00e9sirs artificiels. Alors peu \u00e0 peu on pense par col\u00e8re, peu \u00e0 peu on crie pour ne pas succomber aux sables mouvants du langage m\u00e9diatique.\r\nToute cette masse verbale qui nous submerge, on la d\u00e9tourne dans des po\u00e8mes qui ne peuvent plus ressembler \u00e0 des po\u00e8mes ; taillant dedans tous ces mots ordinaires, quotidiens, qui nous composent, que nous le voulions ou non, on dessine quelque chose comme le fant\u00f4me d'une vie minuscule, une ombre qui demeure notre proie d\u00e9sir\u00e9e, pour que cette vie, qui est la n\u00f4tre, r\u00e9sonne encore longtemps apr\u00e8s qu'on a \u00e9teint la radio, d\u00e9branch\u00e9 la t\u00e9l\u00e9vision, referm\u00e9 le journal.\r","authors":["Beno\u00eet Conort"],"category_codes":["1000000","1090000"],"visuals":{"large":"https:\/\/images.epagine.fr\/206\/9782876733206_1_75.jpg","medium":"https:\/\/images.epagine.fr\/206\/9782876733206_1_m.jpg","thumbnail":"https:\/\/images.epagine.fr\/206\/9782876733206_1_v.jpg"},"orderable":true,"show_badge":true,"formatted_price":"13,50&nbsp;\u20ac","formatted_published_date":"27 mars 2001","publisher_availability_label":"Sur commande","short_details":"Beno\u00eet Conort \u2014 CHAMP VALLON","translator":null,"weight":140,"page_count":null,"readership":null,"editor":"CHAMP VALLON","price":1350,"published_date":"2001-03-26T22:00:00.000000Z","support":"Grand format","publisher_availability":1,"stock":0,"editions":[],"url":"https:\/\/quaidesbrumes.com\/ouvrage\/9782876733206\/cette-vie-est-la-notre-rhapsodie"},{"id":"9782878672916","title":"Chronique d'un amour fou","description":null,"authors":["Francois Pierron"],"category_codes":["1000000","1090000"],"visuals":{"large":"https:\/\/quaidesbrumes.com\/img\/book-placeholder.png","medium":"https:\/\/quaidesbrumes.com\/img\/book-placeholder.png","thumbnail":"https:\/\/quaidesbrumes.com\/img\/book-placeholder.png"},"orderable":true,"show_badge":true,"formatted_price":"6,86&nbsp;\u20ac","formatted_published_date":"4 d\u00e9cembre 2000","publisher_availability_label":"Sur commande","short_details":"Francois Pierron \u2014 Presses Du Midi","translator":null,"weight":200,"page_count":null,"readership":null,"editor":"Presses Du Midi","price":686,"published_date":"2000-12-03T23:00:00.000000Z","support":"Grand format","publisher_availability":1,"stock":0,"editions":[],"url":"https:\/\/quaidesbrumes.com\/ouvrage\/9782878672916\/chronique-dun-amour-fou"},{"id":"9782878672909","title":"Romeo blues","description":null,"authors":["Francois Pierron"],"category_codes":["1000000","1090000"],"visuals":{"large":"https:\/\/quaidesbrumes.com\/img\/book-placeholder.png","medium":"https:\/\/quaidesbrumes.com\/img\/book-placeholder.png","thumbnail":"https:\/\/quaidesbrumes.com\/img\/book-placeholder.png"},"orderable":true,"show_badge":true,"formatted_price":"7,62&nbsp;\u20ac","formatted_published_date":"4 d\u00e9cembre 2000","publisher_availability_label":"Sur commande","short_details":"Francois Pierron \u2014 Presses Du Midi","translator":null,"weight":200,"page_count":null,"readership":null,"editor":"Presses Du Midi","price":762,"published_date":"2000-12-03T23:00:00.000000Z","support":"Grand format","publisher_availability":1,"stock":0,"editions":[],"url":"https:\/\/quaidesbrumes.com\/ouvrage\/9782878672909\/romeo-blues"},{"id":"9782878672893","title":"Ankh la lumi\u00e8re ou la folie","description":null,"authors":["Olivier Panza"],"category_codes":["1000000","1090000"],"visuals":{"large":"https:\/\/quaidesbrumes.com\/img\/book-placeholder.png","medium":"https:\/\/quaidesbrumes.com\/img\/book-placeholder.png","thumbnail":"https:\/\/quaidesbrumes.com\/img\/book-placeholder.png"},"orderable":true,"show_badge":true,"formatted_price":"10,67&nbsp;\u20ac","formatted_published_date":"4 d\u00e9cembre 2000","publisher_availability_label":"Sur commande","short_details":"Olivier Panza \u2014 Presses Du Midi","translator":null,"weight":300,"page_count":null,"readership":null,"editor":"Presses Du Midi","price":1067,"published_date":"2000-12-03T23:00:00.000000Z","support":"Grand format","publisher_availability":1,"stock":0,"editions":[],"url":"https:\/\/quaidesbrumes.com\/ouvrage\/9782878672893\/ankh-la-lumiere-ou-la-folie"},{"id":"9782890183124","title":"Le soleil cogne","description":null,"authors":["G. Jones Douglas"],"category_codes":["1000000","1090000"],"visuals":{"large":"https:\/\/quaidesbrumes.com\/img\/book-placeholder.png","medium":"https:\/\/quaidesbrumes.com\/img\/book-placeholder.png","thumbnail":"https:\/\/quaidesbrumes.com\/img\/book-placeholder.png"},"orderable":true,"show_badge":true,"formatted_price":"11,00&nbsp;\u20ac","formatted_published_date":"10 octobre 1993","publisher_availability_label":"Sur commande","short_details":"G. Jones Douglas \u2014 Maison De La Poesie","translator":null,"weight":188,"page_count":null,"readership":null,"editor":"Maison De La Poesie","price":1100,"published_date":"1993-10-09T23:00:00.000000Z","support":"Grand format","publisher_availability":1,"stock":0,"editions":[],"url":"https:\/\/quaidesbrumes.com\/ouvrage\/9782890183124\/le-soleil-cogne"},{"id":"9782866793104","title":"Le jesusctionnaire","description":null,"authors":[],"category_codes":["1000000","1090000"],"visuals":{"large":"https:\/\/images.epagine.fr\/104\/9782866793104_1_75.jpg","medium":"https:\/\/images.epagine.fr\/104\/9782866793104_1_m.jpg","thumbnail":"https:\/\/images.epagine.fr\/104\/9782866793104_1_v.jpg"},"orderable":true,"show_badge":true,"formatted_price":"23,00&nbsp;\u20ac","formatted_published_date":"28 mars 2001","publisher_availability_label":"Sur commande","short_details":"Jubile - Le Sarment Editions","translator":null,"weight":309,"page_count":239,"readership":null,"editor":"Jubile - Le Sarment Editions","price":2300,"published_date":"2001-03-27T22:00:00.000000Z","support":"Grand format","publisher_availability":1,"stock":0,"editions":[],"url":"https:\/\/quaidesbrumes.com\/ouvrage\/9782866793104\/le-jesusctionnaire"},{"id":"9782908825848","title":"Essais pour un espace","description":null,"authors":["Baron Superveille."],"category_codes":["1000000","1090000","1090600"],"visuals":{"large":"https:\/\/images.epagine.fr\/848\/9782908825848_1_75.jpg","medium":"https:\/\/images.epagine.fr\/848\/9782908825848_1_m.jpg","thumbnail":"https:\/\/images.epagine.fr\/848\/9782908825848_1_v.jpg"},"orderable":true,"show_badge":true,"formatted_price":"9,15&nbsp;\u20ac","formatted_published_date":"14 f\u00e9vrier 2001","publisher_availability_label":"Sur commande","short_details":"Baron Superveille. \u2014 \u00c9ditions Arfuyen","translator":null,"weight":118,"page_count":null,"readership":null,"editor":"\u00c9ditions Arfuyen","price":915,"published_date":"2001-02-13T23:00:00.000000Z","support":"Grand format","publisher_availability":1,"stock":0,"editions":[],"url":"https:\/\/quaidesbrumes.com\/ouvrage\/9782908825848\/essais-pour-un-espace"},{"id":"9782910814045","title":"No 792 - avril 1995 - jules supervielle","description":null,"authors":["Anonyme"],"category_codes":["1000000","1090000"],"visuals":{"large":"https:\/\/quaidesbrumes.com\/img\/book-placeholder.png","medium":"https:\/\/quaidesbrumes.com\/img\/book-placeholder.png","thumbnail":"https:\/\/quaidesbrumes.com\/img\/book-placeholder.png"},"orderable":true,"show_badge":true,"formatted_price":"14,00&nbsp;\u20ac","formatted_published_date":"12 avril 1995","publisher_availability_label":"Sur commande","short_details":"Anonyme \u2014 Revue Europe","translator":null,"weight":293,"page_count":null,"readership":null,"editor":"Revue Europe","price":1400,"published_date":"1995-04-11T22:00:00.000000Z","support":"Revue","publisher_availability":1,"stock":0,"editions":[],"url":"https:\/\/quaidesbrumes.com\/ouvrage\/9782910814045\/no-792-avril-1995-jules-supervielle"},{"id":"9782940090068","title":"Une si petite chose","description":"L'autre, celui que la vie a plac\u00e9 pr\u00e8s de nous, parents ou \u00e9pouse, ami ou enfant, est un myst\u00e8re que seule l'habitude nous fait para\u00eetre moins inaccessible que celui de Dieu. C'est la trame de ce livre, m\u00e9ditation sur la singularit\u00e9 radicale de chaque homme.\r","authors":["Claude Martingay"],"category_codes":["1000000","1090000"],"visuals":{"large":"https:\/\/images.epagine.fr\/068\/9782940090068_1_75.jpg","medium":"https:\/\/images.epagine.fr\/068\/9782940090068_1_m.jpg","thumbnail":"https:\/\/images.epagine.fr\/068\/9782940090068_1_v.jpg"},"orderable":true,"show_badge":true,"formatted_price":"6,00&nbsp;\u20ac","formatted_published_date":"18 septembre 1996","publisher_availability_label":"Sur commande","short_details":"Claude Martingay \u2014 AD SOLEM","translator":null,"weight":57,"page_count":54,"readership":null,"editor":"AD SOLEM","price":600,"published_date":"1996-09-17T22:00:00.000000Z","support":"Grand format","publisher_availability":1,"stock":0,"editions":[],"url":"https:\/\/quaidesbrumes.com\/ouvrage\/9782940090068\/une-si-petite-chose"},{"id":"9782829300073","title":"Po\u00e8mes","description":"Des po\u00e8mes s\u00e9lectionn\u00e9s par Igor Astrow pour d\u00e9couvrir Afanasi Foeth, dont l'oeuvre, lyrique influencera les po\u00e8tes russes des g\u00e9n\u00e9rations futures; et Apollon Ma\u00a8kov dont la po\u00e9sie, dot\u00e9e d'une v\u00e9ritable fraicheur, va \u00e0 l'encontre de la sobri\u00e9t\u00e9 de ses pens\u00e9es.","authors":["Igor Astrow","Afanasi Foeth","Apollon Maikov"],"category_codes":["1000000","1090000"],"visuals":{"large":"https:\/\/images.epagine.fr\/073\/9782829300073_1_75.jpg","medium":"https:\/\/images.epagine.fr\/073\/9782829300073_1_m.jpg","thumbnail":"https:\/\/images.epagine.fr\/073\/9782829300073_1_v.jpg"},"orderable":true,"show_badge":true,"formatted_price":"7,00&nbsp;\u20ac","formatted_published_date":"20 mars 2000","publisher_availability_label":"Sur commande","short_details":"Igor Astrow, Afanasi Foeth, Apollon Maikov \u2014 Tricorne","translator":null,"weight":74,"page_count":60,"readership":null,"editor":"Tricorne","price":700,"published_date":"2000-03-19T23:00:00.000000Z","support":"Grand format","publisher_availability":1,"stock":0,"editions":[],"url":"https:\/\/quaidesbrumes.com\/ouvrage\/9782829300073\/poemes"},{"id":"9782840311003","title":"Les chants verticaux","description":null,"authors":["Claude Bugeon"],"category_codes":["1000000","1090000"],"visuals":{"large":"https:\/\/images.epagine.fr\/003\/9782840311003_1_75.jpg","medium":"https:\/\/images.epagine.fr\/003\/9782840311003_1_m.jpg","thumbnail":"https:\/\/images.epagine.fr\/003\/9782840311003_1_v.jpg"},"orderable":true,"show_badge":true,"formatted_price":"12,00&nbsp;\u20ac","formatted_published_date":"1er novembre 2000","publisher_availability_label":"Sur commande","short_details":"Claude Bugeon \u2014 L'Idee Bleue","translator":null,"weight":333,"page_count":48,"readership":null,"editor":"L'Idee Bleue","price":1200,"published_date":"2000-10-31T23:00:00.000000Z","support":"Grand format","publisher_availability":1,"stock":0,"editions":[],"url":"https:\/\/quaidesbrumes.com\/ouvrage\/9782840311003\/les-chants-verticaux"},{"id":"9782857921110","title":"Vers l'estuaire \u00e9bloui","description":null,"authors":["S. Jacquemard"],"category_codes":["1000000","1090000"],"visuals":{"large":"https:\/\/quaidesbrumes.com\/img\/book-placeholder.png","medium":"https:\/\/quaidesbrumes.com\/img\/book-placeholder.png","thumbnail":"https:\/\/quaidesbrumes.com\/img\/book-placeholder.png"},"orderable":true,"show_badge":true,"formatted_price":"10,67&nbsp;\u20ac","formatted_published_date":"21 mars 2000","publisher_availability_label":"Sur commande","short_details":"S. Jacquemard \u2014 Federop","translator":null,"weight":160,"page_count":null,"readership":null,"editor":"Federop","price":1067,"published_date":"2000-03-20T23:00:00.000000Z","support":"Grand format","publisher_availability":1,"stock":0,"editions":[],"url":"https:\/\/quaidesbrumes.com\/ouvrage\/9782857921110\/vers-lestuaire-ebloui"},{"id":"9782390181354","title":"Mon chemin peut \u00eatre le tien","description":"C'est au cours d'une s\u00e9ance de m\u00e9ditation avec le groupe de malades Parkinsoniens qu'est n\u00e9 le d\u00e9sir d'\u00e9crire en utilisant la rythmique de la versification. Rentr\u00e9 chez moi, mon premier po\u00e8me s'est d\u00e9roul\u00e9 sur le papier sans discontinuit\u00e9 ; l'illustration m'est venue plus tard. A partir de ce jour, des id\u00e9es me sont venues r\u00e9guli\u00e8rement ; je n'\u00e9prouvais aucune peine \u00e0 les exprimer dans ces textes que je r\u00e9digeais sous forme po\u00e9tique pour leur donner rythme et musique. A la demande de ma neurologue, j'ai commenc\u00e9 \u00e0 les partager dans les groupes de m\u00e9ditation dont je fais partie, soit, le groupe des personnes atteintes de la maladie de Parkinson ou de la scl\u00e9rose en plaques. D\u00e8s lors, d'aucuns me dirent combien ils appr\u00e9ciaient mes textes et combien ils s'y retrouvaient. Les po\u00e8mes s'accumulant, je me rendis vite compte que ceux-ci ne faisaient que retracer mon parcours personnel, mon cheminement. J'avais trouv\u00e9 le moyen d'exprimer mes souffrances et surtout, de les \u00e9vacuer. Mon d\u00e9sir, aujourd'hui n'est autre que mon recueil aide les malades quels qu'ils soient \u00e0 se prendre en main, \u00e0 positiver, \u00e0 r\u00e9aliser que tout est en nous et \u00e0 garder, malgr\u00e9 les souffrances, un esprit de gratitude.\r","authors":["Jean-claude Colasse"],"category_codes":["1000000","1090000"],"visuals":{"large":"https:\/\/images.epagine.fr\/354\/9782390181354_1_75.jpg","medium":"https:\/\/images.epagine.fr\/354\/9782390181354_1_m.jpg","thumbnail":"https:\/\/images.epagine.fr\/354\/9782390181354_1_v.jpg"},"orderable":true,"show_badge":true,"formatted_price":"26,30&nbsp;\u20ac","formatted_published_date":"24 septembre 2020","publisher_availability_label":"Sur commande","short_details":"Jean-claude Colasse \u2014 Chloe Des Lys","translator":null,"weight":150,"page_count":66,"readership":null,"editor":"Chloe Des Lys","price":2630,"published_date":"2020-09-23T22:00:00.000000Z","support":"Grand format","publisher_availability":1,"stock":0,"editions":[],"url":"https:\/\/quaidesbrumes.com\/ouvrage\/9782390181354\/mon-chemin-peut-etre-le-tien"},{"id":"9782900768181","title":"R\u00e9cifs","description":null,"authors":["Alain Wexler"],"category_codes":["1000000","1090000"],"visuals":{"large":"https:\/\/quaidesbrumes.com\/img\/book-placeholder.png","medium":"https:\/\/quaidesbrumes.com\/img\/book-placeholder.png","thumbnail":"https:\/\/quaidesbrumes.com\/img\/book-placeholder.png"},"orderable":true,"show_badge":true,"formatted_price":"12,00&nbsp;\u20ac","formatted_published_date":"10 octobre 1996","publisher_availability_label":"Sur commande","short_details":"Alain Wexler \u2014 L'Idee Bleue","translator":null,"weight":160,"page_count":null,"readership":null,"editor":"L'Idee Bleue","price":1200,"published_date":"1996-10-09T22:00:00.000000Z","support":"Grand format","publisher_availability":1,"stock":0,"editions":[],"url":"https:\/\/quaidesbrumes.com\/ouvrage\/9782900768181\/recifs"},{"id":"9782900768327","title":"L'heure d'or","description":null,"authors":["Vah\u00e9 Godel"],"category_codes":["1000000","1090000"],"visuals":{"large":"https:\/\/quaidesbrumes.com\/img\/book-placeholder.png","medium":"https:\/\/quaidesbrumes.com\/img\/book-placeholder.png","thumbnail":"https:\/\/quaidesbrumes.com\/img\/book-placeholder.png"},"orderable":true,"show_badge":true,"formatted_price":"12,00&nbsp;\u20ac","formatted_published_date":"10 octobre 1996","publisher_availability_label":"Sur commande","short_details":"Vah\u00e9 Godel \u2014 L'Idee Bleue","translator":null,"weight":110,"page_count":null,"readership":null,"editor":"L'Idee Bleue","price":1200,"published_date":"1996-10-09T22:00:00.000000Z","support":"Grand format","publisher_availability":1,"stock":0,"editions":[],"url":"https:\/\/quaidesbrumes.com\/ouvrage\/9782900768327\/lheure-dor"},{"id":"9782900768419","title":"La femme m\u00e9tamorphique","description":null,"authors":["Herv\u00e9 Merlot"],"category_codes":["1000000","1090000"],"visuals":{"large":"https:\/\/quaidesbrumes.com\/img\/book-placeholder.png","medium":"https:\/\/quaidesbrumes.com\/img\/book-placeholder.png","thumbnail":"https:\/\/quaidesbrumes.com\/img\/book-placeholder.png"},"orderable":true,"show_badge":true,"formatted_price":"12,00&nbsp;\u20ac","formatted_published_date":"10 octobre 1996","publisher_availability_label":"Sur commande","short_details":"Herv\u00e9 Merlot \u2014 L'Idee Bleue","translator":null,"weight":160,"page_count":null,"readership":null,"editor":"L'Idee Bleue","price":1200,"published_date":"1996-10-09T22:00:00.000000Z","support":"Grand format","publisher_availability":1,"stock":0,"editions":[],"url":"https:\/\/quaidesbrumes.com\/ouvrage\/9782900768419\/la-femme-metamorphique"},{"id":"9782900768440","title":"G\u00e9n\u00e9alogie du hasard","description":null,"authors":["Michel Merlen"],"category_codes":["1000000","1090000"],"visuals":{"large":"https:\/\/quaidesbrumes.com\/img\/book-placeholder.png","medium":"https:\/\/quaidesbrumes.com\/img\/book-placeholder.png","thumbnail":"https:\/\/quaidesbrumes.com\/img\/book-placeholder.png"},"orderable":true,"show_badge":true,"formatted_price":"12,00&nbsp;\u20ac","formatted_published_date":"10 octobre 1996","publisher_availability_label":"Sur commande","short_details":"Michel Merlen \u2014 L'Idee Bleue","translator":null,"weight":180,"page_count":null,"readership":null,"editor":"L'Idee Bleue","price":1200,"published_date":"1996-10-09T22:00:00.000000Z","support":"Grand format","publisher_availability":1,"stock":0,"editions":[],"url":"https:\/\/quaidesbrumes.com\/ouvrage\/9782900768440\/genealogie-du-hasard"},{"id":"9782900768587","title":"Les derniers sapins dans la brume","description":null,"authors":["Jacques Canut"],"category_codes":["1000000","1090000"],"visuals":{"large":"https:\/\/quaidesbrumes.com\/img\/book-placeholder.png","medium":"https:\/\/quaidesbrumes.com\/img\/book-placeholder.png","thumbnail":"https:\/\/quaidesbrumes.com\/img\/book-placeholder.png"},"orderable":true,"show_badge":true,"formatted_price":"12,00&nbsp;\u20ac","formatted_published_date":"10 octobre 1996","publisher_availability_label":"Sur commande","short_details":"Jacques Canut \u2014 L'Idee Bleue","translator":null,"weight":150,"page_count":null,"readership":null,"editor":"L'Idee Bleue","price":1200,"published_date":"1996-10-09T22:00:00.000000Z","support":"Grand format","publisher_availability":1,"stock":0,"editions":[],"url":"https:\/\/quaidesbrumes.com\/ouvrage\/9782900768587\/les-derniers-sapins-dans-la-brume"},{"id":"9782900768624","title":"Ce qui existe un instant existe toujours","description":null,"authors":["Jean Rivet"],"category_codes":["1000000","1090000"],"visuals":{"large":"https:\/\/quaidesbrumes.com\/img\/book-placeholder.png","medium":"https:\/\/quaidesbrumes.com\/img\/book-placeholder.png","thumbnail":"https:\/\/quaidesbrumes.com\/img\/book-placeholder.png"},"orderable":true,"show_badge":true,"formatted_price":"12,00&nbsp;\u20ac","formatted_published_date":"10 octobre 1996","publisher_availability_label":"Sur commande","short_details":"Jean Rivet \u2014 L'Idee Bleue","translator":null,"weight":130,"page_count":null,"readership":null,"editor":"L'Idee Bleue","price":1200,"published_date":"1996-10-09T22:00:00.000000Z","support":"Grand format","publisher_availability":1,"stock":0,"editions":[],"url":"https:\/\/quaidesbrumes.com\/ouvrage\/9782900768624\/ce-qui-existe-un-instant-existe-toujours"},{"id":"9782900768648","title":"Fortune du po\u00e8te","description":null,"authors":["Jean Bouhier"],"category_codes":["1000000","1090000"],"visuals":{"large":"https:\/\/quaidesbrumes.com\/img\/book-placeholder.png","medium":"https:\/\/quaidesbrumes.com\/img\/book-placeholder.png","thumbnail":"https:\/\/quaidesbrumes.com\/img\/book-placeholder.png"},"orderable":true,"show_badge":true,"formatted_price":"12,00&nbsp;\u20ac","formatted_published_date":"10 octobre 1996","publisher_availability_label":"Sur commande","short_details":"Jean Bouhier \u2014 L'Idee Bleue","translator":null,"weight":220,"page_count":null,"readership":null,"editor":"L'Idee Bleue","price":1200,"published_date":"1996-10-09T22:00:00.000000Z","support":"Grand format","publisher_availability":1,"stock":0,"editions":[],"url":"https:\/\/quaidesbrumes.com\/ouvrage\/9782900768648\/fortune-du-poete"},{"id":"9782900768723","title":"S'\u00e9carter du sujet","description":null,"authors":["Jean-Paul Rogues"],"category_codes":["1000000","1090000"],"visuals":{"large":"https:\/\/quaidesbrumes.com\/img\/book-placeholder.png","medium":"https:\/\/quaidesbrumes.com\/img\/book-placeholder.png","thumbnail":"https:\/\/quaidesbrumes.com\/img\/book-placeholder.png"},"orderable":true,"show_badge":true,"formatted_price":"12,00&nbsp;\u20ac","formatted_published_date":"10 octobre 1996","publisher_availability_label":"Sur commande","short_details":"Jean-Paul Rogues \u2014 L'Idee Bleue","translator":null,"weight":150,"page_count":null,"readership":null,"editor":"L'Idee Bleue","price":1200,"published_date":"1996-10-09T22:00:00.000000Z","support":"Grand format","publisher_availability":1,"stock":0,"editions":[],"url":"https:\/\/quaidesbrumes.com\/ouvrage\/9782900768723\/secarter-du-sujet"},{"id":"9782878673036","title":"Le jardin de jeanne","description":null,"authors":["Jeanne Marie Parra"],"category_codes":["1000000","1090000"],"visuals":{"large":"https:\/\/images.epagine.fr\/036\/9782878673036_1_75.jpg","medium":"https:\/\/images.epagine.fr\/036\/9782878673036_1_m.jpg","thumbnail":"https:\/\/images.epagine.fr\/036\/9782878673036_1_v.jpg"},"orderable":true,"show_badge":true,"formatted_price":"27,44&nbsp;\u20ac","formatted_published_date":"25 f\u00e9vrier 2001","publisher_availability_label":"Sur commande","short_details":"Jeanne Marie Parra \u2014 Presses Du Midi","translator":null,"weight":600,"page_count":null,"readership":null,"editor":"Presses Du Midi","price":2744,"published_date":"2001-02-24T23:00:00.000000Z","support":"Grand format","publisher_availability":1,"stock":0,"editions":[],"url":"https:\/\/quaidesbrumes.com\/ouvrage\/9782878673036\/le-jardin-de-jeanne"}]}