{"data":[{"id":"9782353281206","title":"Dans la main du jour","description":null,"authors":["Josette S\u00e9gura"],"category_codes":["1000000","1090000"],"visuals":{"large":"https:\/\/quaidesbrumes.com\/img\/book-placeholder.png","medium":"https:\/\/quaidesbrumes.com\/img\/book-placeholder.png","thumbnail":"https:\/\/quaidesbrumes.com\/img\/book-placeholder.png"},"orderable":true,"show_badge":true,"formatted_price":"14,00&nbsp;\u20ac","formatted_published_date":"3 d\u00e9cembre 2013","publisher_availability_label":"Sur commande","short_details":"Josette S\u00e9gura \u2014 Editinter","translator":null,"weight":125,"page_count":null,"readership":null,"editor":"Editinter","price":1400,"published_date":"2013-12-02T23:00:00.000000Z","support":"Grand format","publisher_availability":1,"stock":0,"editions":[],"url":"https:\/\/quaidesbrumes.com\/ouvrage\/9782353281206\/dans-la-main-du-jour"},{"id":"9782854807011","title":"2000 en vers","description":null,"authors":["Cercle Andre Druelle"],"category_codes":["1000000","1090000"],"visuals":{"large":"https:\/\/quaidesbrumes.com\/img\/book-placeholder.png","medium":"https:\/\/quaidesbrumes.com\/img\/book-placeholder.png","thumbnail":"https:\/\/quaidesbrumes.com\/img\/book-placeholder.png"},"orderable":true,"show_badge":true,"formatted_price":"18,29&nbsp;\u20ac","formatted_published_date":"15 juin 2000","publisher_availability_label":"Sur commande","short_details":"Cercle Andre Druelle \u2014 Charles Corlet","translator":null,"weight":0,"page_count":null,"readership":null,"editor":"Charles Corlet","price":1829,"published_date":"2000-06-14T22:00:00.000000Z","support":"Grand format","publisher_availability":1,"stock":0,"editions":[],"url":"https:\/\/quaidesbrumes.com\/ouvrage\/9782854807011\/2000-en-vers"},{"id":"9782738494726","title":"TRANSPARENCES","description":"\" Transparences \" se veut un lien entre le concret et l'abstrait. L'importance de cette liaison fait que chaque \u00eatre chaque objet appara\u00eet bifide, \u00e0 la fois de clart\u00e9 et d'obscurit\u00e9, de pr\u00e9sence et d'absence.","authors":["Rafa\u00ebl Concejo"],"category_codes":["1000000","1090000"],"visuals":{"large":"https:\/\/images.epagine.fr\/726\/9782738494726_1_75.jpg","medium":"https:\/\/images.epagine.fr\/726\/9782738494726_1_m.jpg","thumbnail":"https:\/\/images.epagine.fr\/726\/9782738494726_1_v.jpg"},"orderable":true,"show_badge":true,"formatted_price":"10,00&nbsp;\u20ac","formatted_published_date":"1er septembre 2000","publisher_availability_label":"Sur commande","short_details":"Rafa\u00ebl Concejo \u2014 \u00c9ditions L'Harmattan","translator":null,"weight":90,"page_count":58,"readership":null,"editor":"\u00c9ditions L'Harmattan","price":1000,"published_date":"2000-08-31T22:00:00.000000Z","support":"Grand format","publisher_availability":1,"stock":0,"editions":[],"url":"https:\/\/quaidesbrumes.com\/ouvrage\/9782738494726\/transparences"},{"id":"9782080679819","title":"Des pommes et des oranges, Californie : I.Berkeley","description":null,"authors":["Christophe Lamiot enos"],"category_codes":["1000000","1090000"],"visuals":{"large":"https:\/\/images.epagine.fr\/819\/9782080679819_1_75.jpg","medium":"https:\/\/images.epagine.fr\/819\/9782080679819_1_m.jpg","thumbnail":"https:\/\/images.epagine.fr\/819\/9782080679819_1_v.jpg"},"orderable":true,"show_badge":true,"formatted_price":"20,30&nbsp;\u20ac","formatted_published_date":"17 octobre 2000","publisher_availability_label":"Sur commande","short_details":"Christophe Lamiot enos \u2014 Flammarion","translator":null,"weight":280,"page_count":248,"readership":null,"editor":"Flammarion","price":2030,"published_date":"2000-10-16T22:00:00.000000Z","support":"Grand format","publisher_availability":1,"stock":0,"editions":[],"url":"https:\/\/quaidesbrumes.com\/ouvrage\/9782080679819\/des-pommes-et-des-oranges-californie-iberkeley"},{"id":"9782911991035","title":"Botaniques (2e \u00e9dition)","description":null,"authors":["Robert Vigneau"],"category_codes":["1000000","1090000"],"visuals":{"large":"https:\/\/quaidesbrumes.com\/img\/book-placeholder.png","medium":"https:\/\/quaidesbrumes.com\/img\/book-placeholder.png","thumbnail":"https:\/\/quaidesbrumes.com\/img\/book-placeholder.png"},"orderable":true,"show_badge":true,"formatted_price":"12,20&nbsp;\u20ac","formatted_published_date":"14 ao\u00fbt 2000","publisher_availability_label":"Sur commande","short_details":"Robert Vigneau \u2014 Eoliennes","translator":null,"weight":0,"page_count":80,"readership":null,"editor":"Eoliennes","price":1220,"published_date":"2000-08-13T22:00:00.000000Z","support":"Grand format","publisher_availability":1,"stock":0,"editions":[],"url":"https:\/\/quaidesbrumes.com\/ouvrage\/9782911991035\/botaniques-2e-edition"},{"id":"9782952175296","title":"Atwood on her work ; poems open the doors ; novels are the corridors","description":"This in-depth interview with Margaret Atwood carried out by Christine Evain and Reena Khandpur over a two-day period in Ottawa May 2003, covers a broad spectrum of topics touching on a wide range of artistic influence. This volume also contains three fascinating essays (by Frank Davey, Shannon Hengen, Jagna Oltarzewska and Christine Evain) and one dazzling piece of critical fiction by John Moss. But the uniqueness of this volume lies in this unprecedented interview in which Atwood throws light on the creative process itself. Particularly striking is Atwood's ability to use metaphors which both clearly map out the writing process (poetic or fictional) and highlight the mystery of it. Atwood's patience and generosity are also clearly tangible in her effort to illustrate each one of her points until the specificity of the creative experience becomes a recognizable process which we are encouraged to experience for ourselves.","authors":["Christine Evain","Reena Khandpur"],"category_codes":["1000000","1090000"],"visuals":{"large":"https:\/\/images.epagine.fr\/296\/9782952175296_1_75.jpg","medium":"https:\/\/images.epagine.fr\/296\/9782952175296_1_m.jpg","thumbnail":"https:\/\/images.epagine.fr\/296\/9782952175296_1_v.jpg"},"orderable":true,"show_badge":true,"formatted_price":"20,00&nbsp;\u20ac","formatted_published_date":"1er juin 2006","publisher_availability_label":"Sur commande","short_details":"Christine Evain, Reena Khandpur \u2014 Centre De Recherche Sur Les Identites Nationales","translator":null,"weight":315,"page_count":null,"readership":null,"editor":"Centre De Recherche Sur Les Identites Nationales","price":2000,"published_date":"2006-05-31T22:00:00.000000Z","support":"Grand format","publisher_availability":1,"stock":0,"editions":[],"url":"https:\/\/quaidesbrumes.com\/ouvrage\/9782952175296\/atwood-on-her-work-poems-open-the-doors-novels-are-the-corridors"},{"id":"9782874592454","title":"Papillons","description":null,"authors":["Brigitte Piret"],"category_codes":["1000000","1090000"],"visuals":{"large":"https:\/\/images.epagine.fr\/454\/9782874592454_1_75.jpg","medium":"https:\/\/images.epagine.fr\/454\/9782874592454_1_m.jpg","thumbnail":"https:\/\/images.epagine.fr\/454\/9782874592454_1_v.jpg"},"orderable":true,"show_badge":true,"formatted_price":"11,70&nbsp;\u20ac","formatted_published_date":"1er septembre 2007","publisher_availability_label":"Sur commande","short_details":"Brigitte Piret \u2014 Chloe Des Lys","translator":null,"weight":150,"page_count":null,"readership":null,"editor":"Chloe Des Lys","price":1170,"published_date":"2007-08-31T22:00:00.000000Z","support":"Grand format","publisher_availability":1,"stock":0,"editions":[],"url":"https:\/\/quaidesbrumes.com\/ouvrage\/9782874592454\/papillons"},{"id":"9782343041803","title":"Mille et un vers","description":"Mille et un vers est une oeuvre po\u00e9tique dans laquelle cheminent ombres et lumi\u00e8res. L'auteur nous y pr\u00e9sente ses diff\u00e9rents \u00e9tats d'\u00e2me, faisant, dans un premier temps, l'\u00e9loge de l'amour, suivi de quelques portraits et hymnes de louanges ; le tout sous le th\u00e8me fatidique du po\u00e8te face \u00e0 la mort.","authors":["Thierry D'ars\u00e8ne"],"category_codes":["1000000","1090000"],"visuals":{"large":"https:\/\/images.epagine.fr\/803\/9782343041803_1_75.jpg","medium":"https:\/\/images.epagine.fr\/803\/9782343041803_1_m.jpg","thumbnail":"https:\/\/images.epagine.fr\/803\/9782343041803_1_v.jpg"},"orderable":true,"show_badge":true,"formatted_price":"12,50&nbsp;\u20ac","formatted_published_date":"30 septembre 2014","publisher_availability_label":"Sur commande","short_details":"Thierry D'ars\u00e8ne \u2014 \u00c9ditions L'Harmattan","translator":null,"weight":105,"page_count":78,"readership":null,"editor":"\u00c9ditions L'Harmattan","price":1250,"published_date":"2014-09-29T22:00:00.000000Z","support":"Grand format","publisher_availability":1,"stock":0,"editions":[],"url":"https:\/\/quaidesbrumes.com\/ouvrage\/9782343041803\/mille-et-un-vers"},{"id":"9782386382765","title":"J'ai enormement grossi de mon fantome","description":null,"authors":["Moulu Regis"],"category_codes":["1000000","1090000"],"visuals":{"large":"https:\/\/images.epagine.fr\/765\/9782386382765_1_75.jpg","medium":"https:\/\/images.epagine.fr\/765\/9782386382765_1_m.jpg","thumbnail":"https:\/\/images.epagine.fr\/765\/9782386382765_1_v.jpg"},"orderable":true,"show_badge":true,"formatted_price":"13,00&nbsp;\u20ac","formatted_published_date":"23 avril 2026","publisher_availability_label":"Sur commande","short_details":"Moulu Regis \u2014 \u00c9ditions Unicit\u00e9","translator":null,"weight":300,"page_count":null,"readership":null,"editor":"\u00c9ditions Unicit\u00e9","price":1300,"published_date":"2026-04-22T22:00:00.000000Z","support":"Grand format","publisher_availability":1,"stock":0,"editions":[],"url":"https:\/\/quaidesbrumes.com\/ouvrage\/9782386382765\/jai-enormement-grossi-de-mon-fantome"},{"id":"9782226099570","title":"Danses et chants pour Elisane","description":"\u00ab\u00a0Voici le po\u00e8me d\u00b4Elisane. Je l\u00b4ai chant\u00e9 pendant des lustres. Elisane, je ne sais plus si je l\u00b4ai rencontr\u00e9e chez les hommes ou ador\u00e9e chez les anges. Ce que je sais, c\u00b4est que je lui devais cet hommage.\r\nElle est fille de Lespugue, d\u00b4Akademios et de Sion. Au long des si\u00e8cles, elle a \u00e9t\u00e9 c\u00e9l\u00e9br\u00e9e en des chor\u00e9gies et des pastorales dont nous avons aim\u00e9 les tableaux merveilleux.\r\nII y a un chant d\u00b4amour qui remonte au Cantique des cantiques. Ayons nous aussi les mots de la tendresse et de la ferveur dans notre bouche, nous n\u00b4aurons que plus de lumi\u00e8re dans notre coeur Ce chant d\u00b4Elisane est suivi de po\u00e8mes qui m\u00b4ont \u00e9t\u00e9 donn\u00e9s par surcro\u00eet et d\u00b4un Chemin de Croix qui t\u00e9moigne de la gr\u00e2ce ressentie de par l\u00b4efficace du Verbe Amour.\r\nEn v\u00e9rit\u00e9, po\u00e9sie est amour et c\u00b4est en cela qu\u00b4elle est immortelle.\u00a0\u00bb","authors":["Charles Le quintrec"],"category_codes":["1000000","1090000"],"visuals":{"large":"https:\/\/images.epagine.fr\/570\/9782226099570_1_75.jpg","medium":"https:\/\/images.epagine.fr\/570\/9782226099570_1_m.jpg","thumbnail":"https:\/\/images.epagine.fr\/570\/9782226099570_1_v.jpg"},"orderable":true,"show_badge":true,"formatted_price":"18,60&nbsp;\u20ac","formatted_published_date":"26 mars 1998","publisher_availability_label":"Sur commande","short_details":"Charles Le quintrec \u2014 Albin Michel","translator":null,"weight":220,"page_count":176,"readership":null,"editor":"Albin Michel","price":1860,"published_date":"1998-03-25T23:00:00.000000Z","support":"Grand format","publisher_availability":1,"stock":0,"editions":[],"url":"https:\/\/quaidesbrumes.com\/ouvrage\/9782226099570\/danses-et-chants-pour-elisane"},{"id":"9782226100399","title":"Les masques et le miroir","description":"Ces nouveaux po\u00e8mes se situent dans la tonalit\u00e9 des deux pr\u00e9c\u00e9dents recueils de Robert Sabatier (Lecture , 1987, Ecriture, 1993). Cet ensemble est compos\u00e9 de dix parties, chacune explorant un th\u00e8me donn\u00e9.\r\n\r\nTout po\u00e8me, fond\u00e9 sur l'invention intuitive, tente de percer un myst\u00e8re, devient voyage, interrogation, d\u00e9couverte, confidence. Si le po\u00e8te est l'objet du po\u00e8me, il oppose aux mis\u00e8res humaines des paroles d'aube, une mise en lumi\u00e8re de nos craintes et de nos mythes. Le r\u00e9el est apprivois\u00e9, les rayons et les ombres lui donnent son relief. Du \u00ab rire en pleurs\u00bb au \u00ab doux-coulant\u00bb cher \u00e0 la Renaissance, le d\u00e9casyllabe, a\u00e9r\u00e9 et assoupli , apporte un rythme nouveau, permet la contention et la libert\u00e9 des mots.\r\n\r\nLieux, m\u00e9tiers, nature, saisons, faits quotidiens, le po\u00e8me est aventure - peut-\u00eatre charme, ce mot pris au sens de formule magique, sans qu 'on oublie pour autant le d\u00e9lice, la s\u00e9duction , le plaisir. ..","authors":["Robert Sabatier"],"category_codes":["1000000","1090000"],"visuals":{"large":"https:\/\/images.epagine.fr\/399\/9782226100399_1_75.jpg","medium":"https:\/\/images.epagine.fr\/399\/9782226100399_1_m.jpg","thumbnail":"https:\/\/images.epagine.fr\/399\/9782226100399_1_v.jpg"},"orderable":true,"show_badge":true,"formatted_price":"23,20&nbsp;\u20ac","formatted_published_date":"28 avril 1998","publisher_availability_label":"Sur commande","short_details":"Robert Sabatier \u2014 Albin Michel","translator":null,"weight":467,"page_count":336,"readership":null,"editor":"Albin Michel","price":2320,"published_date":"1998-04-27T22:00:00.000000Z","support":"Grand format","publisher_availability":1,"stock":0,"editions":[],"url":"https:\/\/quaidesbrumes.com\/ouvrage\/9782226100399\/les-masques-et-le-miroir"},{"id":"9782876731523","title":"Traite de la melancolie de cerf","description":null,"authors":["Christian Doumet"],"category_codes":["1000000","1090000"],"visuals":{"large":"https:\/\/quaidesbrumes.com\/img\/book-placeholder.png","medium":"https:\/\/quaidesbrumes.com\/img\/book-placeholder.png","thumbnail":"https:\/\/quaidesbrumes.com\/img\/book-placeholder.png"},"orderable":true,"show_badge":true,"formatted_price":"13,00&nbsp;\u20ac","formatted_published_date":"1er septembre 1993","publisher_availability_label":"Sur commande","short_details":"Christian Doumet \u2014 CHAMP VALLON","translator":null,"weight":160,"page_count":null,"readership":null,"editor":"CHAMP VALLON","price":1300,"published_date":"1993-08-31T22:00:00.000000Z","support":"Grand format","publisher_availability":1,"stock":0,"editions":[],"url":"https:\/\/quaidesbrumes.com\/ouvrage\/9782876731523\/traite-de-la-melancolie-de-cerf"},{"id":"9782343043371","title":"Je sais qu'une vie m'attend","description":"Nadia Alcaraz propose un recueil de ces textes \u00e9gren\u00e9s au fil d'une vie, depuis l'intol\u00e9rable d\u00e9chirement du d\u00e9part d'Alg\u00e9rie, ce pays de l'enfance dont elle est rest\u00e9e profond\u00e9ment impr\u00e9gn\u00e9e, jusqu'\u00e0 ce temps d'aujourd'hui o\u00f9 la retraite la ram\u00e8ne \u00e0 l'\u00e9criture. Aucun th\u00e8me ne r\u00e9unit ces po\u00e8mes. Ils sont des jaillissements en r\u00e9ponse \u00e0 un d\u00e9sir soudain d'\u00e9crire, de dire...","authors":["Nadia Alcaraz"],"category_codes":["1000000","1090000"],"visuals":{"large":"https:\/\/images.epagine.fr\/371\/9782343043371_1_75.jpg","medium":"https:\/\/images.epagine.fr\/371\/9782343043371_1_m.jpg","thumbnail":"https:\/\/images.epagine.fr\/371\/9782343043371_1_v.jpg"},"orderable":true,"show_badge":true,"formatted_price":"13,00&nbsp;\u20ac","formatted_published_date":"30 septembre 2014","publisher_availability_label":"Sur commande","short_details":"Nadia Alcaraz \u2014 \u00c9ditions L'Harmattan","translator":null,"weight":120,"page_count":88,"readership":null,"editor":"\u00c9ditions L'Harmattan","price":1300,"published_date":"2014-09-29T22:00:00.000000Z","support":"Grand format","publisher_availability":1,"stock":0,"editions":[],"url":"https:\/\/quaidesbrumes.com\/ouvrage\/9782343043371\/je-sais-quune-vie-mattend"},{"id":"9782932019022","title":"Le tonnerre du murmure","description":null,"authors":["Jacqueline Ballman"],"category_codes":["1000000","1090000"],"visuals":{"large":"https:\/\/quaidesbrumes.com\/img\/book-placeholder.png","medium":"https:\/\/quaidesbrumes.com\/img\/book-placeholder.png","thumbnail":"https:\/\/quaidesbrumes.com\/img\/book-placeholder.png"},"orderable":true,"show_badge":true,"formatted_price":"7,62&nbsp;\u20ac","formatted_published_date":"14 septembre 2000","publisher_availability_label":"Sur commande","short_details":"Jacqueline Ballman \u2014 Acanthe","translator":null,"weight":0,"page_count":null,"readership":null,"editor":"Acanthe","price":762,"published_date":"2000-09-13T22:00:00.000000Z","support":"Grand format","publisher_availability":1,"stock":0,"editions":[],"url":"https:\/\/quaidesbrumes.com\/ouvrage\/9782932019022\/le-tonnerre-du-murmure"},{"id":"9782842798260","title":"L'avenir en feu","description":"Ainsi la langue se retourne contre son propre conte. \" Lorsque je suis apparu, l'auteur \u00e9tait \u00e0 la fin d'une histoire \". S'agira-t-il de \" sauver Spartacus contre Crassus \" ? Mais Kazem Shahryari est n\u00e9 sur le bord iranien du Kurdistan, dans ce pays des M\u00e8des qui se divise aujourd'hui entre quatre rives, lui plus ancien et plus originel que les trois autres, survenues - par Cyrus, Omar, Alp Arslam, et l'enserrant de chaque c\u00f4t\u00e9.","authors":["Kazem Shahryari"],"category_codes":["1000000","1090000"],"visuals":{"large":"https:\/\/quaidesbrumes.com\/img\/book-placeholder.png","medium":"https:\/\/quaidesbrumes.com\/img\/book-placeholder.png","thumbnail":"https:\/\/quaidesbrumes.com\/img\/book-placeholder.png"},"orderable":true,"show_badge":true,"formatted_price":"13,72&nbsp;\u20ac","formatted_published_date":"15 novembre 2000","publisher_availability_label":"Sur commande","short_details":"Kazem Shahryari \u2014 \u00c9ditions L'Harmattan","translator":null,"weight":0,"page_count":160,"readership":null,"editor":"\u00c9ditions L'Harmattan","price":1372,"published_date":"2000-11-14T23:00:00.000000Z","support":"Grand format","publisher_availability":1,"stock":0,"editions":["9782738498267"],"url":"https:\/\/quaidesbrumes.com\/ouvrage\/9782842798260\/lavenir-en-feu"},{"id":"9782878671902","title":"L'ode... hissee !","description":null,"authors":["Serge Beninati"],"category_codes":["1000000","1090000"],"visuals":{"large":"https:\/\/quaidesbrumes.com\/img\/book-placeholder.png","medium":"https:\/\/quaidesbrumes.com\/img\/book-placeholder.png","thumbnail":"https:\/\/quaidesbrumes.com\/img\/book-placeholder.png"},"orderable":true,"show_badge":true,"formatted_price":"15,24&nbsp;\u20ac","formatted_published_date":"5 mai 1999","publisher_availability_label":"Sur commande","short_details":"Serge Beninati \u2014 Presses Du Midi","translator":null,"weight":400,"page_count":null,"readership":null,"editor":"Presses Du Midi","price":1524,"published_date":"1999-05-04T22:00:00.000000Z","support":"Grand format","publisher_availability":1,"stock":0,"editions":[],"url":"https:\/\/quaidesbrumes.com\/ouvrage\/9782878671902\/lode-hissee"},{"id":"9782878672275","title":"De branche en branche","description":null,"authors":["Michele Zanchetta"],"category_codes":["1000000","1090000"],"visuals":{"large":"https:\/\/quaidesbrumes.com\/img\/book-placeholder.png","medium":"https:\/\/quaidesbrumes.com\/img\/book-placeholder.png","thumbnail":"https:\/\/quaidesbrumes.com\/img\/book-placeholder.png"},"orderable":true,"show_badge":true,"formatted_price":"18,29&nbsp;\u20ac","formatted_published_date":"29 novembre 1999","publisher_availability_label":"Sur commande","short_details":"Michele Zanchetta \u2014 Presses Du Midi","translator":null,"weight":400,"page_count":null,"readership":null,"editor":"Presses Du Midi","price":1829,"published_date":"1999-11-28T23:00:00.000000Z","support":"Grand format","publisher_availability":1,"stock":0,"editions":[],"url":"https:\/\/quaidesbrumes.com\/ouvrage\/9782878672275\/de-branche-en-branche"},{"id":"9782878672312","title":"Maman... lis-moi un poeme ! :","description":null,"authors":["Jean-Louis Allier"],"category_codes":["1000000","1090000"],"visuals":{"large":"https:\/\/quaidesbrumes.com\/img\/book-placeholder.png","medium":"https:\/\/quaidesbrumes.com\/img\/book-placeholder.png","thumbnail":"https:\/\/quaidesbrumes.com\/img\/book-placeholder.png"},"orderable":true,"show_badge":true,"formatted_price":"9,15&nbsp;\u20ac","formatted_published_date":"29 novembre 1999","publisher_availability_label":"Sur commande","short_details":"Jean-Louis Allier \u2014 Presses Du Midi","translator":null,"weight":200,"page_count":null,"readership":null,"editor":"Presses Du Midi","price":915,"published_date":"1999-11-28T23:00:00.000000Z","support":"Grand format","publisher_availability":1,"stock":0,"editions":[],"url":"https:\/\/quaidesbrumes.com\/ouvrage\/9782878672312\/maman-lis-moi-un-poeme"},{"id":"9782878672329","title":"Regards au present et quelques strophes :","description":null,"authors":["Yves Vanel"],"category_codes":["1000000","1090000"],"visuals":{"large":"https:\/\/quaidesbrumes.com\/img\/book-placeholder.png","medium":"https:\/\/quaidesbrumes.com\/img\/book-placeholder.png","thumbnail":"https:\/\/quaidesbrumes.com\/img\/book-placeholder.png"},"orderable":true,"show_badge":true,"formatted_price":"8,23&nbsp;\u20ac","formatted_published_date":"29 novembre 1999","publisher_availability_label":"Sur commande","short_details":"Yves Vanel \u2014 Presses Du Midi","translator":null,"weight":200,"page_count":null,"readership":null,"editor":"Presses Du Midi","price":823,"published_date":"1999-11-28T23:00:00.000000Z","support":"Grand format","publisher_availability":1,"stock":0,"editions":[],"url":"https:\/\/quaidesbrumes.com\/ouvrage\/9782878672329\/regards-au-present-et-quelques-strophes"},{"id":"9782878672336","title":"Champs libres et libres chants","description":null,"authors":["Yves Vanel"],"category_codes":["1000000","1090000"],"visuals":{"large":"https:\/\/quaidesbrumes.com\/img\/book-placeholder.png","medium":"https:\/\/quaidesbrumes.com\/img\/book-placeholder.png","thumbnail":"https:\/\/quaidesbrumes.com\/img\/book-placeholder.png"},"orderable":true,"show_badge":true,"formatted_price":"8,23&nbsp;\u20ac","formatted_published_date":"29 novembre 1999","publisher_availability_label":"Sur commande","short_details":"Yves Vanel \u2014 Presses Du Midi","translator":null,"weight":200,"page_count":null,"readership":null,"editor":"Presses Du Midi","price":823,"published_date":"1999-11-28T23:00:00.000000Z","support":"Grand format","publisher_availability":1,"stock":0,"editions":[],"url":"https:\/\/quaidesbrumes.com\/ouvrage\/9782878672336\/champs-libres-et-libres-chants"},{"id":"9782878672459","title":"Passez muscade","description":null,"authors":["Joseph Labruhe"],"category_codes":["1000000","1090000"],"visuals":{"large":"https:\/\/quaidesbrumes.com\/img\/book-placeholder.png","medium":"https:\/\/quaidesbrumes.com\/img\/book-placeholder.png","thumbnail":"https:\/\/quaidesbrumes.com\/img\/book-placeholder.png"},"orderable":true,"show_badge":true,"formatted_price":"12,20&nbsp;\u20ac","formatted_published_date":"1er janvier 2000","publisher_availability_label":"Sur commande","short_details":"Joseph Labruhe \u2014 Presses Du Midi","translator":null,"weight":300,"page_count":null,"readership":null,"editor":"Presses Du Midi","price":1220,"published_date":"1999-12-31T23:00:00.000000Z","support":"Grand format","publisher_availability":1,"stock":0,"editions":[],"url":"https:\/\/quaidesbrumes.com\/ouvrage\/9782878672459\/passez-muscade"},{"id":"9782878672527","title":"Anthologie de l'an 2000","description":null,"authors":["De La Poesie Maison"],"category_codes":["1000000","1090000"],"visuals":{"large":"https:\/\/quaidesbrumes.com\/img\/book-placeholder.png","medium":"https:\/\/quaidesbrumes.com\/img\/book-placeholder.png","thumbnail":"https:\/\/quaidesbrumes.com\/img\/book-placeholder.png"},"orderable":true,"show_badge":true,"formatted_price":"9,15&nbsp;\u20ac","formatted_published_date":"1er mars 2000","publisher_availability_label":"Sur commande","short_details":"De La Poesie Maison \u2014 Presses Du Midi","translator":null,"weight":200,"page_count":null,"readership":null,"editor":"Presses Du Midi","price":915,"published_date":"2000-02-29T23:00:00.000000Z","support":"Grand format","publisher_availability":1,"stock":0,"editions":[],"url":"https:\/\/quaidesbrumes.com\/ouvrage\/9782878672527\/anthologie-de-lan-2000"},{"id":"9782878672107","title":"\u00e0 ciel ouvert","description":null,"authors":["Edmond Reboul"],"category_codes":["1000000","1090000"],"visuals":{"large":"https:\/\/quaidesbrumes.com\/img\/book-placeholder.png","medium":"https:\/\/quaidesbrumes.com\/img\/book-placeholder.png","thumbnail":"https:\/\/quaidesbrumes.com\/img\/book-placeholder.png"},"orderable":true,"show_badge":true,"formatted_price":"12,96&nbsp;\u20ac","formatted_published_date":"1er mai 2000","publisher_availability_label":"Sur commande","short_details":"Edmond Reboul \u2014 Presses Du Midi","translator":null,"weight":300,"page_count":null,"readership":null,"editor":"Presses Du Midi","price":1296,"published_date":"2000-04-30T22:00:00.000000Z","support":"Grand format","publisher_availability":1,"stock":0,"editions":[],"url":"https:\/\/quaidesbrumes.com\/ouvrage\/9782878672107\/a-ciel-ouvert"},{"id":"9782878672763","title":"Le livre des quatre sceaux","description":null,"authors":["Suzanne Marg Remouit"],"category_codes":["1000000","1090000"],"visuals":{"large":"https:\/\/images.epagine.fr\/763\/9782878672763_1_75.jpg","medium":"https:\/\/images.epagine.fr\/763\/9782878672763_1_m.jpg","thumbnail":"https:\/\/images.epagine.fr\/763\/9782878672763_1_v.jpg"},"orderable":true,"show_badge":true,"formatted_price":"13,57&nbsp;\u20ac","formatted_published_date":"1er octobre 2000","publisher_availability_label":"Sur commande","short_details":"Suzanne Marg Remouit \u2014 Presses Du Midi","translator":null,"weight":300,"page_count":null,"readership":null,"editor":"Presses Du Midi","price":1357,"published_date":"2000-09-30T22:00:00.000000Z","support":"Grand format","publisher_availability":1,"stock":0,"editions":[],"url":"https:\/\/quaidesbrumes.com\/ouvrage\/9782878672763\/le-livre-des-quatre-sceaux"}]}