{"data":[{"id":"9782909640792","title":"Quatre saisons","description":"II y a de la contemplation dans l'\u00e9criture de Mich\u00e8le Levy. De la contemplation et de l'\u00e9merveillement. Nous voici cheminant dans les paysages au plus pr\u00e8s du sensible, ouverts mix odeurs et aux lumi\u00e8res qui tout \u00e0 la fois nous comblent et aff\u00fbtent notre attente. De l'\u00e9t\u00e9 a l'\u00e9t\u00e9, nous mesurons le bonheur et la fragilit\u00e9 d'\u00eatre,:. dans le cycle changeant et renouvel\u00e9 des saisons.\r","authors":["Roger Blaquiere","Michele Levy"],"category_codes":["1000000","1090000","1090600"],"visuals":{"large":"https:\/\/images.epagine.fr\/792\/9782909640792_1_75.jpg","medium":"https:\/\/images.epagine.fr\/792\/9782909640792_1_m.jpg","thumbnail":"https:\/\/images.epagine.fr\/792\/9782909640792_1_v.jpg"},"orderable":true,"show_badge":true,"formatted_price":"5,00&nbsp;\u20ac","formatted_published_date":"1er mars 2013","publisher_availability_label":"Sur commande","short_details":"Roger Blaquiere, Michele Levy \u2014 DONNER A VOIR","translator":null,"weight":25,"page_count":11,"readership":null,"editor":"DONNER A VOIR","price":500,"published_date":"2013-02-28T23:00:00.000000Z","support":"Grand format","publisher_availability":1,"stock":0,"editions":[],"url":"https:\/\/quaidesbrumes.com\/ouvrage\/9782909640792\/quatre-saisons"},{"id":"9782738491336","title":"LE TRIBUNAL DE MINUIT","description":"J'avais bu ses paroles comme un \u00e9lixir. Et quand elle se tut, j'eus des palpitations. Je fus pris de vertige et d'\u00e9tourdissements. je crus flotter en l'air, sur le point de tomber. Je voyais tout tourner, les t\u00eates et les murs. Et l'\u00e9cho de sa voix et les paroles prononc\u00e9es semblaient tourner aussi et r\u00e9sonner dans tous les coins.","authors":["Brian Merriman"],"category_codes":["1000000","1090000"],"visuals":{"large":"https:\/\/images.epagine.fr\/336\/9782738491336_1_75.jpg","medium":"https:\/\/images.epagine.fr\/336\/9782738491336_1_m.jpg","thumbnail":"https:\/\/images.epagine.fr\/336\/9782738491336_1_v.jpg"},"orderable":true,"show_badge":true,"formatted_price":"11,00&nbsp;\u20ac","formatted_published_date":"1er mai 2000","publisher_availability_label":"Sur commande","short_details":"Brian Merriman \u2014 \u00c9ditions L'Harmattan","translator":null,"weight":106,"page_count":65,"readership":null,"editor":"\u00c9ditions L'Harmattan","price":1100,"published_date":"2000-04-30T22:00:00.000000Z","support":"Grand format","publisher_availability":1,"stock":0,"editions":[],"url":"https:\/\/quaidesbrumes.com\/ouvrage\/9782738491336\/le-tribunal-de-minuit"},{"id":"9782738492715","title":"Haltes dans la lumiere","description":"Haltes au cours du Voyage, occasions de s'ouvrir \u00e0 la diff\u00e9rence et \u00e0 l'\u00e9trange. Haltes o\u00f9 jouent et se m\u00ealent ombre et lumi\u00e8re, espoirs et peurs, r\u00e9miniscences d'instants heureux. Haltes aussi dans une marche qui conduit \u00e0 soi-m\u00eame, sur un chemin o\u00f9 l'on rencontre l'autre. Invitation au voyage donc, \u00e0 la recherche t\u00eatue de l'espoir et de la lumi\u00e8re, au r\u00eave partag\u00e9.\r","authors":["Philippe Monneveux"],"category_codes":["1000000","1090000"],"visuals":{"large":"https:\/\/images.epagine.fr\/715\/9782738492715_1_75.jpg","medium":"https:\/\/images.epagine.fr\/715\/9782738492715_1_m.jpg","thumbnail":"https:\/\/images.epagine.fr\/715\/9782738492715_1_v.jpg"},"orderable":true,"show_badge":true,"formatted_price":"11,00&nbsp;\u20ac","formatted_published_date":"1er juin 2000","publisher_availability_label":"Sur commande","short_details":"Philippe Monneveux \u2014 \u00c9ditions L'Harmattan","translator":null,"weight":124,"page_count":null,"readership":null,"editor":"\u00c9ditions L'Harmattan","price":1100,"published_date":"2000-05-31T22:00:00.000000Z","support":"Grand format","publisher_availability":1,"stock":0,"editions":[],"url":"https:\/\/quaidesbrumes.com\/ouvrage\/9782738492715\/haltes-dans-la-lumiere"},{"id":"9782844900227","title":"Cent un po\u00e8mes du po\u00e8te aveugle","description":null,"authors":["Jean-pierre Balpe"],"category_codes":["1000000","1090000"],"visuals":{"large":"https:\/\/images.epagine.fr\/227\/9782844900227_1_75.jpg","medium":"https:\/\/images.epagine.fr\/227\/9782844900227_1_m.jpg","thumbnail":"https:\/\/images.epagine.fr\/227\/9782844900227_1_v.jpg"},"orderable":true,"show_badge":true,"formatted_price":"12,17&nbsp;\u20ac","formatted_published_date":"9 f\u00e9vrier 2000","publisher_availability_label":"Sur commande","short_details":"Jean-pierre Balpe \u2014 \u00c9ditions Verdier","translator":null,"weight":130,"page_count":null,"readership":null,"editor":"\u00c9ditions Verdier","price":1217,"published_date":"2000-02-08T23:00:00.000000Z","support":"Grand format","publisher_availability":1,"stock":0,"editions":[],"url":"https:\/\/quaidesbrumes.com\/ouvrage\/9782844900227\/cent-un-poemes-du-poete-aveugle"},{"id":"9782747567817","title":"Les gens dans mon pays","description":"Que la langue soit au niveau des choses, collant \u00e0 la peau de la vie, v\u00eatue de la poussi\u00e8re des jours et de la fatigue de la contemplation, telle est la porte \u00e0 travers laquelle Salah Abdel Sabour est entr\u00e9 dans la po\u00e9sie. Et il \u00e9tait, dans sa relation avec ces choses, plus favorable au murmure qu'au cri, \u00e0 la coexistence qu'au conflit (..) il y a en cela de quoi me porter \u00e0 comparer sa po\u00e9sie \u00e0 une th\u00e9\u00e2tralisation de la d\u00e9pression. (extrait de la pr\u00e9face)\r","authors":["Salah Abdelsabour","Omar Saghi"],"category_codes":["1000000","1090000"],"visuals":{"large":"https:\/\/images.epagine.fr\/817\/9782747567817_1_75.jpg","medium":"https:\/\/images.epagine.fr\/817\/9782747567817_1_m.jpg","thumbnail":"https:\/\/images.epagine.fr\/817\/9782747567817_1_v.jpg"},"orderable":true,"show_badge":true,"formatted_price":"17,50&nbsp;\u20ac","formatted_published_date":"1er d\u00e9cembre 2004","publisher_availability_label":"Sur commande","short_details":"Salah Abdelsabour, Omar Saghi \u2014 \u00c9ditions L'Harmattan","translator":"OMAR SAGHI","weight":260,"page_count":188,"readership":null,"editor":"\u00c9ditions L'Harmattan","price":1750,"published_date":"2004-11-30T23:00:00.000000Z","support":"Grand format","publisher_availability":1,"stock":0,"editions":[],"url":"https:\/\/quaidesbrumes.com\/ouvrage\/9782747567817\/les-gens-dans-mon-pays"},{"id":"9782749102573","title":"M\u00e8res et filles","description":"Ces 20 nouvelles ont \u00e9t\u00e9 s\u00e9lectionn\u00e9es parmi plus de 1 000 re\u00e7ues au terme d'un concours initi\u00e9 par Comptoir des Cotonniers en partenariat avec le magazine ELLE. \u00c9crites par des femmes de toute g\u00e9n\u00e9ration, elles \u00e9voquent le lien entre m\u00e8re et fille, singulier et universel, chaotique parfois, tendre ou passionnel. L'ensemble offre une farandole de textes aux tons et aux univers multicolores. Un recueil aussi vivant que s\u00e9duisant.\r","authors":["Collectif"],"category_codes":["1000000","1090000"],"visuals":{"large":"https:\/\/images.epagine.fr\/573\/9782749102573_1_75.jpg","medium":"https:\/\/images.epagine.fr\/573\/9782749102573_1_m.jpg","thumbnail":"https:\/\/images.epagine.fr\/573\/9782749102573_1_v.jpg"},"orderable":true,"show_badge":true,"formatted_price":"10,00&nbsp;\u20ac","formatted_published_date":"13 mai 2004","publisher_availability_label":"Sur commande","short_details":"Collectif \u2014 Le Cherche Midi","translator":null,"weight":190,"page_count":190,"readership":null,"editor":"Le Cherche Midi","price":1000,"published_date":"2004-05-12T22:00:00.000000Z","support":"Grand format","publisher_availability":1,"stock":0,"editions":[],"url":"https:\/\/quaidesbrumes.com\/ouvrage\/9782749102573\/meres-et-filles"},{"id":"9782909640860","title":"Une et plusieurs","description":null,"authors":["Alandine Marembert"],"category_codes":["1000000","1090000","1090600"],"visuals":{"large":"https:\/\/images.epagine.fr\/860\/9782909640860_1_75.jpg","medium":"https:\/\/images.epagine.fr\/860\/9782909640860_1_m.jpg","thumbnail":"https:\/\/images.epagine.fr\/860\/9782909640860_1_v.jpg"},"orderable":true,"show_badge":true,"formatted_price":"5,00&nbsp;\u20ac","formatted_published_date":"1er mars 2014","publisher_availability_label":"Sur commande","short_details":"Alandine Marembert \u2014 DONNER A VOIR","translator":null,"weight":25,"page_count":11,"readership":null,"editor":"DONNER A VOIR","price":500,"published_date":"2014-02-28T23:00:00.000000Z","support":"Grand format","publisher_availability":1,"stock":0,"editions":[],"url":"https:\/\/quaidesbrumes.com\/ouvrage\/9782909640860\/une-et-plusieurs"},{"id":"9782913040519","title":"Portes ecloses - poesie illustree, livre d'artiste dans son enveloppe timbree mail-art","description":null,"authors":["- Rougier Zumthor"],"category_codes":["1000000","1090000"],"visuals":{"large":"https:\/\/quaidesbrumes.com\/img\/book-placeholder.png","medium":"https:\/\/quaidesbrumes.com\/img\/book-placeholder.png","thumbnail":"https:\/\/quaidesbrumes.com\/img\/book-placeholder.png"},"orderable":true,"show_badge":true,"formatted_price":"13,00&nbsp;\u20ac","formatted_published_date":"3 mars 2004","publisher_availability_label":"Sur commande","short_details":"- Rougier Zumthor \u2014 Atelier Vincent Rougier","translator":null,"weight":45,"page_count":null,"readership":null,"editor":"Atelier Vincent Rougier","price":1300,"published_date":"2004-03-02T23:00:00.000000Z","support":"Grand format","publisher_availability":1,"stock":0,"editions":[],"url":"https:\/\/quaidesbrumes.com\/ouvrage\/9782913040519\/portes-ecloses-poesie-illustree-livre-dartiste-dans-son-enveloppe-timbree-mail-art"},{"id":"9782738490377","title":"Eclats ; d'une poetique du devenir humain 1976-1999","description":"C'est de la fournaise po\u00e9tique que sont tir\u00e9es ces notes de travail, d'un d\u00e9miurge et d'un thaumaturge, pr\u00e8s de son athanor. Le regard tendu sans rel\u00e2che vers le devenir des hommes. Un devenir moins cruel et barbare, peut-\u00eatre plus humain donc... de Paris \u00e0 la Toscane, par la Corse, du Liban au Maroc, en passant par le S\u00e9n\u00e9gal, de l'Arm\u00e9nie \u00e0 la Pologne, via la Russie, ces \u00c9clats (1976-1999) demeurent comme les traces d'une exp\u00e9rience de la po\u00e9sie v\u00e9cue jusqu'au bout.","authors":["Serge Venturini"],"category_codes":["1000000","1090000"],"visuals":{"large":"https:\/\/images.epagine.fr\/377\/9782738490377_1_75.jpg","medium":"https:\/\/images.epagine.fr\/377\/9782738490377_1_m.jpg","thumbnail":"https:\/\/images.epagine.fr\/377\/9782738490377_1_v.jpg"},"orderable":true,"show_badge":true,"formatted_price":"21,00&nbsp;\u20ac","formatted_published_date":"11 juillet 2000","publisher_availability_label":"Sur commande","short_details":"Serge Venturini \u2014 \u00c9ditions L'Harmattan","translator":null,"weight":332,"page_count":236,"readership":null,"editor":"\u00c9ditions L'Harmattan","price":2100,"published_date":"2000-07-10T22:00:00.000000Z","support":"Grand format","publisher_availability":1,"stock":0,"editions":[],"url":"https:\/\/quaidesbrumes.com\/ouvrage\/9782738490377\/eclats-dune-poetique-du-devenir-humain-1976-1999"},{"id":"9782738489609","title":"Eux, nous, emoi ; vivre et l'\u00e9crire Orl\u00e9ans","description":"On les appelle \" des diaristes \". Ce sont des gens, souvent des adolescents, qui \u00e9crivent leurs journaux intimes et confient ainsi leurs \u00e9mois, leurs craintes, parfois leur vie enti\u00e8re sur de simples pages blanches. Pendant un an et demi, un groupe de jeunes diaristes entre 18 et 20 ans s'est r\u00e9uni pour partager ses \u00e9crits. D'autres se sont greff\u00e9s au projet et ont apport\u00e9 leurs propres journaux intimes, souhaitant figurer eux aussi dans ce livre.\r","authors":["Collectif"],"category_codes":["9000000","9070000","9070200","9070205"],"visuals":{"large":"https:\/\/images.epagine.fr\/609\/9782738489609_1_75.jpg","medium":"https:\/\/images.epagine.fr\/609\/9782738489609_1_m.jpg","thumbnail":"https:\/\/images.epagine.fr\/609\/9782738489609_1_v.jpg"},"orderable":true,"show_badge":true,"formatted_price":"12,00&nbsp;\u20ac","formatted_published_date":"1er avril 2000","publisher_availability_label":"Sur commande","short_details":"Collectif \u2014 \u00c9ditions L'Harmattan","translator":null,"weight":164,"page_count":114,"readership":null,"editor":"\u00c9ditions L'Harmattan","price":1200,"published_date":"2000-03-31T22:00:00.000000Z","support":"Grand format","publisher_availability":1,"stock":0,"editions":[],"url":"https:\/\/quaidesbrumes.com\/ouvrage\/9782738489609\/eux-nous-emoi-vivre-et-lecrire-orleans"},{"id":"9782844900289","title":"Strates ; cahier Jacques Dupin","description":"Jacques Dupin est n\u00e9 en 1927 \u00e0 Privas, Ard\u00e8che.\r\nIl publie son premier livre - Cendrier du voyage - chez G. L. M. en 1950. Po\u00e9sie ouverte, comme une t\u00eate, en deux, toujours \u00e0 chercher ce qui renverse, ravine et tord elle sonne comme le gong, claque comme les pierres ravin\u00e9es dans la pente : \" illisible graphie o\u00f9 s'accrochent des parcelles de gomme et qu'\u00e9claire parfois la dentelle fi\u00e9vreuse d'une feuille arrach\u00e9e . \", \u00e9crira-t-il dans Dehors (1975). Ce sont des livres, de Gravir (1963) \u00e0 Gr\u00e9sil (1994), en passant par L'Embrasure (1969), des \u00e9crits sur la peinture, des amiti\u00e9s avec les peintres (Bacon, Calder, Chillida, Giacometti, Miro, Saura, T\u00e0pies .\r\n), Echancr\u00e9 (1991), De singes et de mouches (1983), Contumace (1986) et son proc\u00e8s de vie arrach\u00e9e, le fil hach\u00e9 d'Artaud, la rage de Ponge, les glissements de Michaux, Char et son roncier dans la langue, la raucit\u00e9 des M\u00e8res (1986). Ce sont des livres qui se ramifient en faisant \u00e9clater l'\u00e9corce, qui vont sous les ongles : \u00e9charde, \u00e9clisse, fil de soi tendu, comme rare aujourd'hui une exp\u00e9rience de la po\u00e9sie se fait et se vit.\r","authors":["Collectif"],"category_codes":["1000000","1090000"],"visuals":{"large":"https:\/\/images.epagine.fr\/289\/9782844900289_1_75.jpg","medium":"https:\/\/images.epagine.fr\/289\/9782844900289_1_m.jpg","thumbnail":"https:\/\/images.epagine.fr\/289\/9782844900289_1_v.jpg"},"orderable":true,"show_badge":true,"formatted_price":"27,38&nbsp;\u20ac","formatted_published_date":"10 mai 2000","publisher_availability_label":"Sur commande","short_details":"Collectif \u2014 \u00c9ditions Verdier","translator":null,"weight":490,"page_count":null,"readership":null,"editor":"\u00c9ditions Verdier","price":2738,"published_date":"2000-05-09T22:00:00.000000Z","support":"Grand format","publisher_availability":1,"stock":0,"editions":[],"url":"https:\/\/quaidesbrumes.com\/ouvrage\/9782844900289\/strates-cahier-jacques-dupin"},{"id":"9782738492838","title":"Poethique du silence","description":"\u00c0 travers po\u00e8mes et t\u00e9moignages, m\u00e9ditations philosophiques, po\u00e9tiques au coeur de fragments d'actualit\u00e9s hurlantes, l'auteur nous fait voir par une sorte de ralenti du verbe l'instant fragile par lequel tout se bouleverse de l'attente \u00e0 l'urgence, de l'entente \u00e0 la s\u00e9paration sans que jamais un silence consente \u00e0 tel bouleversement mais toujours en soit l'\u00e9thique.\r","authors":["Philippe Tancelin"],"category_codes":["1000000","1090000"],"visuals":{"large":"https:\/\/images.epagine.fr\/838\/9782738492838_1_75.jpg","medium":"https:\/\/images.epagine.fr\/838\/9782738492838_1_m.jpg","thumbnail":"https:\/\/images.epagine.fr\/838\/9782738492838_1_v.jpg"},"orderable":true,"show_badge":true,"formatted_price":"14,50&nbsp;\u20ac","formatted_published_date":"15 mai 2000","publisher_availability_label":"Sur commande","short_details":"Philippe Tancelin \u2014 \u00c9ditions L'Harmattan","translator":null,"weight":226,"page_count":155,"readership":null,"editor":"\u00c9ditions L'Harmattan","price":1450,"published_date":"2000-05-14T22:00:00.000000Z","support":"Grand format","publisher_availability":1,"stock":0,"editions":[],"url":"https:\/\/quaidesbrumes.com\/ouvrage\/9782738492838\/poethique-du-silence"},{"id":"9782909640822","title":"Vu de l'int\u00e9rieur","description":null,"authors":["Morgan Riet"],"category_codes":["1000000","1090000","1090600"],"visuals":{"large":"https:\/\/images.epagine.fr\/822\/9782909640822_1_75.jpg","medium":"https:\/\/images.epagine.fr\/822\/9782909640822_1_m.jpg","thumbnail":"https:\/\/images.epagine.fr\/822\/9782909640822_1_v.jpg"},"orderable":true,"show_badge":true,"formatted_price":"7,50&nbsp;\u20ac","formatted_published_date":"1er mars 2012","publisher_availability_label":"Sur commande","short_details":"Morgan Riet \u2014 DONNER A VOIR","translator":null,"weight":75,"page_count":11,"readership":null,"editor":"DONNER A VOIR","price":750,"published_date":"2012-02-29T23:00:00.000000Z","support":"Grand format","publisher_availability":1,"stock":0,"editions":[],"url":"https:\/\/quaidesbrumes.com\/ouvrage\/9782909640822\/vu-de-linterieur"},{"id":"9782913040182","title":"Le velo d'istanbul - poesie illustree, livre d'artiste dans son enveloppe timbree mail-art","description":null,"authors":["Michel Vray"],"category_codes":["1000000","1090000"],"visuals":{"large":"https:\/\/quaidesbrumes.com\/img\/book-placeholder.png","medium":"https:\/\/quaidesbrumes.com\/img\/book-placeholder.png","thumbnail":"https:\/\/quaidesbrumes.com\/img\/book-placeholder.png"},"orderable":true,"show_badge":true,"formatted_price":"13,00&nbsp;\u20ac","formatted_published_date":"1er avril 1998","publisher_availability_label":"Sur commande","short_details":"Michel Vray \u2014 Atelier Vincent Rougier","translator":null,"weight":50,"page_count":null,"readership":null,"editor":"Atelier Vincent Rougier","price":1300,"published_date":"1998-03-31T22:00:00.000000Z","support":"Grand format","publisher_availability":1,"stock":0,"editions":[],"url":"https:\/\/quaidesbrumes.com\/ouvrage\/9782913040182\/le-velo-distanbul-poesie-illustree-livre-dartiste-dans-son-enveloppe-timbree-mail-art"},{"id":"9782909317793","title":"Jos\u00e9 Agustin Goytisolo","description":null,"authors":["Jos\u00e9 agust\u00edn Goytisolo"],"category_codes":["1000000","1090000"],"visuals":{"large":"https:\/\/images.epagine.fr\/793\/9782909317793_1_75.jpg","medium":"https:\/\/images.epagine.fr\/793\/9782909317793_1_m.jpg","thumbnail":"https:\/\/images.epagine.fr\/793\/9782909317793_1_v.jpg"},"orderable":true,"show_badge":true,"formatted_price":"14,70&nbsp;\u20ac","formatted_published_date":"22 avril 2000","publisher_availability_label":"Sur commande","short_details":"Jos\u00e9 agust\u00edn Goytisolo \u2014 Les \u00c9ditions Textuel","translator":null,"weight":190,"page_count":127,"readership":null,"editor":"Les \u00c9ditions Textuel","price":1470,"published_date":"2000-04-21T22:00:00.000000Z","support":"Grand format","publisher_availability":1,"stock":0,"editions":[],"url":"https:\/\/quaidesbrumes.com\/ouvrage\/9782909317793\/jose-agustin-goytisolo"},{"id":"9782738486691","title":"L'arbre : son nom","description":"Mon arbre est un bois sec d\u00e9racin\u00e9 mais il et toujours vert, il n'a pas de forme, il n'a pas de contours, il est la vie de toutes les formes, il est la forme du sans forme, le terrain de tous les contours, l'au-del\u00e0 pour la terre, le ciel de la v\u00e9rit\u00e9, son souffle se m\u00eale s'unit \u00e0 l'air, tel qu'il a \u00e9t\u00e9 avant qu'il ne soit n\u00e9, il se r\u00e9sorbe en moi d'o\u00f9 il a \u00e9man\u00e9.\r","authors":["Michel Helayel"],"category_codes":["1000000","1090000"],"visuals":{"large":"https:\/\/images.epagine.fr\/691\/9782738486691_1_75.jpg","medium":"https:\/\/images.epagine.fr\/691\/9782738486691_1_m.jpg","thumbnail":"https:\/\/images.epagine.fr\/691\/9782738486691_1_v.jpg"},"orderable":true,"show_badge":true,"formatted_price":"11,00&nbsp;\u20ac","formatted_published_date":"3 mai 2000","publisher_availability_label":"Sur commande","short_details":"Michel Helayel \u2014 \u00c9ditions L'Harmattan","translator":null,"weight":102,"page_count":62,"readership":null,"editor":"\u00c9ditions L'Harmattan","price":1100,"published_date":"2000-05-02T22:00:00.000000Z","support":"Grand format","publisher_availability":1,"stock":0,"editions":[],"url":"https:\/\/quaidesbrumes.com\/ouvrage\/9782738486691\/larbre-son-nom"},{"id":"9782738486462","title":"Par peur de l'equilibre","description":"D\u00e8s l'aube, Louis Raoul parcourt les rives du langage, le feu des encres l'enveloppe, son arc explore les corps \u00e9ternels devant les eaux qui s'\u00e9tendent. Du silence des eaux \u00e9mane une transcendance, un d\u00e9nuement que la sinc\u00e9rit\u00e9 exalte \" par peur de l'\u00e9quilibre \" dans l'amplitude des pas, \" au plus secret de l'\u00e9coute par toi seul entendu \".\r","authors":["Raoul Louis"],"category_codes":["1000000","1090000"],"visuals":{"large":"https:\/\/images.epagine.fr\/462\/9782738486462_1_75.jpg","medium":"https:\/\/images.epagine.fr\/462\/9782738486462_1_m.jpg","thumbnail":"https:\/\/images.epagine.fr\/462\/9782738486462_1_v.jpg"},"orderable":true,"show_badge":true,"formatted_price":"10,00&nbsp;\u20ac","formatted_published_date":"1er f\u00e9vrier 2000","publisher_availability_label":"Sur commande","short_details":"Raoul Louis \u2014 \u00c9ditions L'Harmattan","translator":null,"weight":92,"page_count":null,"readership":null,"editor":"\u00c9ditions L'Harmattan","price":1000,"published_date":"2000-01-31T23:00:00.000000Z","support":"Grand format","publisher_availability":1,"stock":0,"editions":[],"url":"https:\/\/quaidesbrumes.com\/ouvrage\/9782738486462\/par-peur-de-lequilibre"},{"id":"9782738491220","title":"LA SPIRALE DU FEU : Espirale de fuego","description":"Lina Zeron h\u00e9rite de la profondeur de ce qu'on appelle au Mexique la \" po\u00e9sie concr\u00e8te \", port\u00e9e au sommet des exigences socio-politiques et litt\u00e9raires par Octavio Paz qui a influenc\u00e9 consid\u00e9rablement les nouvelles g\u00e9n\u00e9rations. Dans \" La spirale du feu \", l'auteur d\u00e9voile la nudit\u00e9 des \u00e9motions humaines, laissant loin derri\u00e8re elle pudeur superflue per\u00e7ue assez souvent dans des textes charg\u00e9s d'atavismes.\r","authors":["Lina Zeron"],"category_codes":["1000000","1090000"],"visuals":{"large":"https:\/\/images.epagine.fr\/220\/9782738491220_1_75.jpg","medium":"https:\/\/images.epagine.fr\/220\/9782738491220_1_m.jpg","thumbnail":"https:\/\/images.epagine.fr\/220\/9782738491220_1_v.jpg"},"orderable":true,"show_badge":true,"formatted_price":"11,50&nbsp;\u20ac","formatted_published_date":"11 juillet 2000","publisher_availability_label":"Sur commande","short_details":"Lina Zeron \u2014 \u00c9ditions L'Harmattan","translator":null,"weight":164,"page_count":114,"readership":null,"editor":"\u00c9ditions L'Harmattan","price":1150,"published_date":"2000-07-10T22:00:00.000000Z","support":"Grand format","publisher_availability":1,"stock":0,"editions":[],"url":"https:\/\/quaidesbrumes.com\/ouvrage\/9782738491220\/la-spirale-du-feu-espirale-de-fuego"},{"id":"9782909640693","title":"L'empreinte","description":null,"authors":["Etienne-Jean Monnier"],"category_codes":["1000000","1090000","1090600"],"visuals":{"large":"https:\/\/images.epagine.fr\/693\/9782909640693_1_75.jpg","medium":"https:\/\/images.epagine.fr\/693\/9782909640693_1_m.jpg","thumbnail":"https:\/\/images.epagine.fr\/693\/9782909640693_1_v.jpg"},"orderable":true,"show_badge":true,"formatted_price":"5,00&nbsp;\u20ac","formatted_published_date":"1er mars 2010","publisher_availability_label":"Sur commande","short_details":"Etienne-Jean Monnier \u2014 DONNER A VOIR","translator":null,"weight":25,"page_count":11,"readership":null,"editor":"DONNER A VOIR","price":500,"published_date":"2010-02-28T23:00:00.000000Z","support":"Grand format","publisher_availability":1,"stock":0,"editions":[],"url":"https:\/\/quaidesbrumes.com\/ouvrage\/9782909640693\/lempreinte"},{"id":"9782738489654","title":"LES CHANTS DE L'AMANT ORANAIS","description":"Des chants de l'exp\u00e9rience sans cesse r\u00e9p\u00e9t\u00e9e : l'exigence sur soi suivie de r\u00e9signation, de rel\u00e2chement ou, au mieux, de trouvailles dont le soleil d\u00e9cline tr\u00e8s vite. Une qu\u00eate qui finit souvent par livrer, de ses b\u00e9ances, d'obs\u00e9dantes interrogations que la \" terre d'origine \" et sur les raisons \" d'\u00eatre l\u00e0 \".\r","authors":["Mohamed Sehaba"],"category_codes":["1000000","1090000"],"visuals":{"large":"https:\/\/images.epagine.fr\/654\/9782738489654_1_75.jpg","medium":"https:\/\/images.epagine.fr\/654\/9782738489654_1_m.jpg","thumbnail":"https:\/\/images.epagine.fr\/654\/9782738489654_1_v.jpg"},"orderable":true,"show_badge":true,"formatted_price":"11,00&nbsp;\u20ac","formatted_published_date":"1er mai 2000","publisher_availability_label":"Sur commande","short_details":"Mohamed Sehaba \u2014 \u00c9ditions L'Harmattan","translator":null,"weight":142,"page_count":95,"readership":null,"editor":"\u00c9ditions L'Harmattan","price":1100,"published_date":"2000-04-30T22:00:00.000000Z","support":"Grand format","publisher_availability":1,"stock":0,"editions":[],"url":"https:\/\/quaidesbrumes.com\/ouvrage\/9782738489654\/les-chants-de-lamant-oranais"},{"id":"9782296005204","title":"L'amande du temps","description":"Les po\u00e8mes portent une date et une marque, non dans une chronologie explicite qui indiquerait les ann\u00e9e, les mois ou les jours, mais \u00e0 l'int\u00e9rieur des signes et des s\u00e9quences, au contour des assonances et des analogies. Une mani\u00e8re pour ponctuer les m\u00e9taphores et th\u00e9matiser les \u00e9tapes, du fait que toute l'\u00e9criture se trouve consign\u00e9e depuis le premier po\u00e8me intitul\u00e9 Au seuil avec un soleil qui couve dans la nuit, jusqu'au terme du voyage qui s'arr\u00eate sur un Post Scriptum.\r","authors":["Kasereka Kavwahirehi"],"category_codes":["1000000","1090000"],"visuals":{"large":"https:\/\/images.epagine.fr\/204\/9782296005204_1_75.jpg","medium":"https:\/\/images.epagine.fr\/204\/9782296005204_1_m.jpg","thumbnail":"https:\/\/images.epagine.fr\/204\/9782296005204_1_v.jpg"},"orderable":true,"show_badge":true,"formatted_price":"12,00&nbsp;\u20ac","formatted_published_date":"2 mars 2006","publisher_availability_label":"Sur commande","short_details":"Kasereka Kavwahirehi \u2014 \u00c9ditions L'Harmattan","translator":null,"weight":108,"page_count":92,"readership":null,"editor":"\u00c9ditions L'Harmattan","price":1200,"published_date":"2006-03-01T23:00:00.000000Z","support":"Grand format","publisher_availability":1,"stock":0,"editions":[],"url":"https:\/\/quaidesbrumes.com\/ouvrage\/9782296005204\/lamande-du-temps"},{"id":"9782854462876","title":"Un demi si\u00e8cle de po\u00e9sie ; les po\u00e8tes de caract\u00e8res","description":null,"authors":["Nicole Gdalia","Claude Couffon"],"category_codes":["1000000","1090000"],"visuals":{"large":"https:\/\/images.epagine.fr\/876\/9782854462876_1_75.jpg","medium":"https:\/\/images.epagine.fr\/876\/9782854462876_1_m.jpg","thumbnail":"https:\/\/images.epagine.fr\/876\/9782854462876_1_v.jpg"},"orderable":true,"show_badge":true,"formatted_price":"25,92&nbsp;\u20ac","formatted_published_date":"20 mars 2000","publisher_availability_label":"Sur commande","short_details":"Nicole Gdalia, Claude Couffon \u2014 Caracteres","translator":null,"weight":333,"page_count":null,"readership":null,"editor":"Caracteres","price":2592,"published_date":"2000-03-19T23:00:00.000000Z","support":"Grand format","publisher_availability":1,"stock":0,"editions":[],"url":"https:\/\/quaidesbrumes.com\/ouvrage\/9782854462876\/un-demi-siecle-de-poesie-les-poetes-de-caracteres"},{"id":"9782878673128","title":"Mon elsa","description":null,"authors":["Et Mei Murat"],"category_codes":["1000000","1090000"],"visuals":{"large":"https:\/\/images.epagine.fr\/128\/9782878673128_1_75.jpg","medium":"https:\/\/images.epagine.fr\/128\/9782878673128_1_m.jpg","thumbnail":"https:\/\/images.epagine.fr\/128\/9782878673128_1_v.jpg"},"orderable":true,"show_badge":true,"formatted_price":"18,29&nbsp;\u20ac","formatted_published_date":"11 mai 2001","publisher_availability_label":"Sur commande","short_details":"Et Mei Murat \u2014 Presses Du Midi","translator":null,"weight":200,"page_count":null,"readership":null,"editor":"Presses Du Midi","price":1829,"published_date":"2001-05-10T22:00:00.000000Z","support":"Grand format","publisher_availability":1,"stock":0,"editions":[],"url":"https:\/\/quaidesbrumes.com\/ouvrage\/9782878673128\/mon-elsa"},{"id":"9782840311188","title":"Les miettes du festin","description":"L'oeuvre du sculpteur Maxime Descombin est d'une importance consid\u00e9rable.\r\nN\u00e9 au Puley, en Sa\u00f4ne-et-Loire, en 1909, autodidacte, il a \u00e9t\u00e9 de ceux qui ont invent\u00e9 la sculpture s\u00e9rielle dans les ann\u00e9es 1950. Membre du groupe Espace, il a particip\u00e9 \u00e0 de nombreuses expositions en France et \u00e0 l'\u00e9tranger. Fix\u00e9 \u00e0 M\u00e2con, il d\u00e9veloppe une intense activit\u00e9 innovatrice, du mobilier \u00e0 la sculpture monumentale, en incluant la tapisserie, le d\u00e9cor et les costumes pour l'op\u00e9ra, les reliefs anim\u00e9s par dalles de verre color\u00e9 ainsi que des collaborations avec des architectes.\r\nParall\u00e8lement, il \u00e9crit, \u00e0 propos de son travail et de ses recherches, de br\u00e8ves notations, sous forme le plus souvent aphoristique, dont quelques-unes reprises dans ces Miettes du Festin manifestent une intensit\u00e9 po\u00e9tique \u00e0 l'\u00e9tat pur et sans concession. A l'image de toute son oeuvre..\r","authors":["Maxime Descombin"],"category_codes":["1000000","1090000"],"visuals":{"large":"https:\/\/images.epagine.fr\/188\/9782840311188_1_75.jpg","medium":"https:\/\/images.epagine.fr\/188\/9782840311188_1_m.jpg","thumbnail":"https:\/\/images.epagine.fr\/188\/9782840311188_1_v.jpg"},"orderable":true,"show_badge":true,"formatted_price":"12,00&nbsp;\u20ac","formatted_published_date":"4 mai 2001","publisher_availability_label":"Sur commande","short_details":"Maxime Descombin \u2014 L'Idee Bleue","translator":null,"weight":80,"page_count":48,"readership":null,"editor":"L'Idee Bleue","price":1200,"published_date":"2001-05-03T22:00:00.000000Z","support":"Grand format","publisher_availability":1,"stock":0,"editions":[],"url":"https:\/\/quaidesbrumes.com\/ouvrage\/9782840311188\/les-miettes-du-festin"}]}