{"data":[{"id":"9782878675115","title":"La mer bleu roi","description":null,"authors":["Anne-lyse Olivier"],"category_codes":["1000000","1090000"],"visuals":{"large":"https:\/\/quaidesbrumes.com\/img\/book-placeholder.png","medium":"https:\/\/quaidesbrumes.com\/img\/book-placeholder.png","thumbnail":"https:\/\/quaidesbrumes.com\/img\/book-placeholder.png"},"orderable":true,"show_badge":true,"formatted_price":"17,00&nbsp;\u20ac","formatted_published_date":"13 novembre 2003","publisher_availability_label":"Sur commande","short_details":"Anne-lyse Olivier \u2014 Presses Du Midi","translator":null,"weight":256,"page_count":null,"readership":null,"editor":"Presses Du Midi","price":1700,"published_date":"2003-11-12T23:00:00.000000Z","support":"Grand format","publisher_availability":1,"stock":0,"editions":[],"url":"https:\/\/quaidesbrumes.com\/ouvrage\/9782878675115\/la-mer-bleu-roi"},{"id":"9782854464368","title":"Jaguar et autres po\u00e8mes","description":"Elsa Cross a \u00e9t\u00e9 marqu\u00e9e par l'Inde o\u00f9 elle d\u00e9couvrit  l'unit\u00e9 de notre \u00eatre avec toutes les choses et o\u00f9 elle re\u00e7ut l'enseignement d'un ma\u00eetre. \r\nCette le\u00e7on s'exer\u00e7a sur son pays d'origine, le Mexique, terre de  grandes civilisations et de mythes. Elsa Cross les interroge avec un regard spiritualis\u00e9, les mots \u00e9tant ceux du po\u00e8te. \r\nJaguar est le titre de ce recueil : dans la tradition maya, le jaguar est un  animal tot\u00e9mique ; il est le grand protecteur des pouvoirs chamaniques, ma\u00bbtre des animaux sacr\u00e9s, gardien du feu, c'est-\u00e0-dire du savoir et de  l'inframonde -  dieu initiatique, il dicte les proph\u00e9ties et guide la vie  quotidienne des Indiens. \r\nEnfant Jaguar  Serpent  gueule ouverte  \u00cfil qui se dilate  Ta pupille d\u00e9vore le ciel [...]  Quand se produit l'union du Soleil et Lune  le serpent s'\u00e9l\u00e8ve avec l'haleine  de son lit de terre  jusqu'au vide sans limites [...]  Dans la hauteur il danse  il s'enivre  et renverse une coupe  d'ambroisie  Ce livre nous fait voyager dans les lieux de l'ancien Mexique, \u00e9voque rites et croyances. \r\nLa traduction et la pr\u00e9sentation par Claude Couffon font de ce livre un beau vade-mecum pour un voyage dans les profondeurs de l'\u00e2me mexicaine  toujours charg\u00e9e de son myst\u00e8re.\r","authors":["Elsa Cross","Claude Couffon"],"category_codes":["1000000","1090000"],"visuals":{"large":"https:\/\/images.epagine.fr\/368\/9782854464368_1_75.jpg","medium":"https:\/\/images.epagine.fr\/368\/9782854464368_1_m.jpg","thumbnail":"https:\/\/images.epagine.fr\/368\/9782854464368_1_v.jpg"},"orderable":true,"show_badge":true,"formatted_price":"20,00&nbsp;\u20ac","formatted_published_date":"15 f\u00e9vrier 2009","publisher_availability_label":"Sur commande","short_details":"Elsa Cross, Claude Couffon \u2014 Caracteres","translator":"CLAUDE COUFFON","weight":230,"page_count":null,"readership":null,"editor":"Caracteres","price":2000,"published_date":"2009-02-14T23:00:00.000000Z","support":"Grand format","publisher_availability":1,"stock":0,"editions":[],"url":"https:\/\/quaidesbrumes.com\/ouvrage\/9782854464368\/jaguar-et-autres-poemes"},{"id":"9782910490256","title":"Trente et un poemes de poche","description":null,"authors":["Pierre Albert-birot"],"category_codes":["1000000","1090000"],"visuals":{"large":"https:\/\/images.epagine.fr\/256\/9782910490256_1_75.jpg","medium":"https:\/\/images.epagine.fr\/256\/9782910490256_1_m.jpg","thumbnail":"https:\/\/images.epagine.fr\/256\/9782910490256_1_v.jpg"},"orderable":true,"show_badge":true,"formatted_price":"11,60&nbsp;\u20ac","formatted_published_date":"14 juin 2000","publisher_availability_label":"Sur commande","short_details":"Pierre Albert-birot \u2014 L'INVENTAIRE","translator":null,"weight":155,"page_count":null,"readership":null,"editor":"L'INVENTAIRE","price":1160,"published_date":"2000-06-13T22:00:00.000000Z","support":"Grand format","publisher_availability":1,"stock":0,"editions":[],"url":"https:\/\/quaidesbrumes.com\/ouvrage\/9782910490256\/trente-et-un-poemes-de-poche"},{"id":"9782708707009","title":"L'invention des d\u00e9sirades","description":null,"authors":["Daniel Maximin"],"category_codes":["1000000","1090000"],"visuals":{"large":"https:\/\/images.epagine.fr\/009\/9782708707009_1_75.jpg","medium":"https:\/\/images.epagine.fr\/009\/9782708707009_1_m.jpg","thumbnail":"https:\/\/images.epagine.fr\/009\/9782708707009_1_v.jpg"},"orderable":true,"show_badge":true,"formatted_price":"13,72&nbsp;\u20ac","formatted_published_date":"15 janvier 2000","publisher_availability_label":"Sur commande","short_details":"Daniel Maximin \u2014 PRESENCE AFRICAINE","translator":null,"weight":185,"page_count":111,"readership":null,"editor":"PRESENCE AFRICAINE","price":1372,"published_date":"2000-01-14T23:00:00.000000Z","support":"Grand format","publisher_availability":1,"stock":0,"editions":[],"url":"https:\/\/quaidesbrumes.com\/ouvrage\/9782708707009\/linvention-des-desirades"},{"id":"9782909640747","title":"Tango pour Jos\u00e9","description":"Les mots de onze D\u00e0Vistes rebondissent sur ceux de Millas-Martin pour donner \u00e0 ce Tango pour Jos\u00e9, gymnop\u00e9diquement illustr\u00e9 par Yves Barr\u00e9, histoire de c\u00e9l\u00e9brer ce jeune homme de 90 printemps !\r","authors":["Collectif"],"category_codes":["1000000","1090000","1090600"],"visuals":{"large":"https:\/\/images.epagine.fr\/747\/9782909640747_1_75.jpg","medium":"https:\/\/images.epagine.fr\/747\/9782909640747_1_m.jpg","thumbnail":"https:\/\/images.epagine.fr\/747\/9782909640747_1_v.jpg"},"orderable":true,"show_badge":true,"formatted_price":"5,00&nbsp;\u20ac","formatted_published_date":"1er mars 2010","publisher_availability_label":"Sur commande","short_details":"Collectif \u2014 DONNER A VOIR","translator":null,"weight":25,"page_count":11,"readership":null,"editor":"DONNER A VOIR","price":500,"published_date":"2010-02-28T23:00:00.000000Z","support":"Grand format","publisher_availability":1,"stock":0,"editions":[],"url":"https:\/\/quaidesbrumes.com\/ouvrage\/9782909640747\/tango-pour-jose"},{"id":"9782903721916","title":"Vingt-quatre heures, l'ete","description":"Il y a dans tout po\u00e8me une bouche obscure, muette, qui compte.\r\nEt ce qu'elle compte, c'est l'irr\u00e9versible qui revient. Elle dit ce qui est l\u00e0 et n'y est pas, ce qui s'\u00e9loigne, ce qui s'approche. Elle est la bouche du pr\u00e9sent. Chaque heure est un po\u00e8me, chaque po\u00e8me une heure. Un voyage de l'infime - \u00e9clats, fils, feux, fra\u00eecheur, moiteur des corps... Vivacit\u00e9, violence, naissance et mort, un passage de l'insaisissable... La voix de ce qui se tait mais insiste... Le compte de ce qui ne s'ajoute pas mais recommence...\r","authors":["Jacques Ancet"],"category_codes":["1000000","1090000"],"visuals":{"large":"https:\/\/images.epagine.fr\/916\/9782903721916_1_75.jpg","medium":"https:\/\/images.epagine.fr\/916\/9782903721916_1_m.jpg","thumbnail":"https:\/\/images.epagine.fr\/916\/9782903721916_1_v.jpg"},"orderable":true,"show_badge":true,"formatted_price":"12,20&nbsp;\u20ac","formatted_published_date":"27 mars 2000","publisher_availability_label":"Sur commande","short_details":"Jacques Ancet \u2014 LETTRES VIVES","translator":null,"weight":138,"page_count":null,"readership":null,"editor":"LETTRES VIVES","price":1220,"published_date":"2000-03-26T22:00:00.000000Z","support":"Grand format","publisher_availability":1,"stock":0,"editions":[],"url":"https:\/\/quaidesbrumes.com\/ouvrage\/9782903721916\/vingt-quatre-heures-lete"},{"id":"9782738491183","title":"Cette femme-la ; i was that woman","description":"Po\u00e8mes traduits de l'anglais par Isabelle SCHWARTZ-GASTINEDans ce premier recueil de po\u00e9sies publi\u00e9 en Grande-Bretagne et en Inde, l'auteur \u00e9voque son pays natal \u00e0 travers des sc\u00e8nes familiales pass\u00e9es pleines de dignit\u00e9, des \u00e9loges \u00e0 des po\u00e8tes, des sc\u00e8nes mythiques ou historiques auxquelles elle donne un sens tr\u00e8s personnel. Elle convoque les grandes religions tour \u00e0 tour pour trouver r\u00e9ponse \u00e0 sa qu\u00eate identitaire.\r","authors":["Debjani Chatterjee"],"category_codes":["1000000","1090000"],"visuals":{"large":"https:\/\/images.epagine.fr\/183\/9782738491183_1_75.jpg","medium":"https:\/\/images.epagine.fr\/183\/9782738491183_1_m.jpg","thumbnail":"https:\/\/images.epagine.fr\/183\/9782738491183_1_v.jpg"},"orderable":true,"show_badge":true,"formatted_price":"16,00&nbsp;\u20ac","formatted_published_date":"15 avril 2000","publisher_availability_label":"Sur commande","short_details":"Debjani Chatterjee \u2014 \u00c9ditions L'Harmattan","translator":null,"weight":180,"page_count":124,"readership":null,"editor":"\u00c9ditions L'Harmattan","price":1600,"published_date":"2000-04-14T22:00:00.000000Z","support":"Grand format","publisher_availability":1,"stock":0,"editions":[],"url":"https:\/\/quaidesbrumes.com\/ouvrage\/9782738491183\/cette-femme-la-i-was-that-woman"},{"id":"9782846080118","title":"Les litanies des dieux morts - poemes et proses","description":null,"authors":["Jean-charles Pichon"],"category_codes":["1000000","1090000","1090500"],"visuals":{"large":"https:\/\/quaidesbrumes.com\/img\/book-placeholder.png","medium":"https:\/\/quaidesbrumes.com\/img\/book-placeholder.png","thumbnail":"https:\/\/quaidesbrumes.com\/img\/book-placeholder.png"},"orderable":true,"show_badge":true,"formatted_price":"12,90&nbsp;\u20ac","formatted_published_date":"1er juin 2000","publisher_availability_label":"Sur commande","short_details":"Jean-charles Pichon \u2014 Edite","translator":null,"weight":190,"page_count":null,"readership":null,"editor":"Edite","price":1290,"published_date":"2000-05-31T22:00:00.000000Z","support":"Grand format","publisher_availability":1,"stock":0,"editions":[],"url":"https:\/\/quaidesbrumes.com\/ouvrage\/9782846080118\/les-litanies-des-dieux-morts-poemes-et-proses"},{"id":"9782296003835","title":"Patrimoine ii - poemes et proses entrelaces","description":"\"Le courage de cette po\u00e9sie est \u00e0 chercher l\u00e0, au lieu o\u00f9 elle oppose une r\u00e9sistance farouche au mald\u00e9veloppement et \u00e0 la d\u00e9rive du patrimoine, \u00e0 l'appui d'une nouvelle parturition po\u00e9tique. C'est pour cette raison que la voie\/x po\u00e9tique de Lucie Mba perce dans le silence consternant des ouvrages si \u00e9trangement musel\u00e9s par cette litt\u00e9rature de l'\u00e9vitement, de la dissimulation de l'histoire et du sens.\" (avant-dire)\r","authors":["Lucie Mba"],"category_codes":["1000000","1090000"],"visuals":{"large":"https:\/\/images.epagine.fr\/835\/9782296003835_1_75.jpg","medium":"https:\/\/images.epagine.fr\/835\/9782296003835_1_m.jpg","thumbnail":"https:\/\/images.epagine.fr\/835\/9782296003835_1_v.jpg"},"orderable":true,"show_badge":true,"formatted_price":"12,50&nbsp;\u20ac","formatted_published_date":"2 mars 2006","publisher_availability_label":"Sur commande","short_details":"Lucie Mba \u2014 \u00c9ditions L'Harmattan","translator":null,"weight":122,"page_count":null,"readership":null,"editor":"\u00c9ditions L'Harmattan","price":1250,"published_date":"2006-03-01T23:00:00.000000Z","support":"Grand format","publisher_availability":1,"stock":0,"editions":[],"url":"https:\/\/quaidesbrumes.com\/ouvrage\/9782296003835\/patrimoine-ii-poemes-et-proses-entrelaces"},{"id":"9782738492654","title":"Peuples d'argile, forets d'etoiles","description":"Je voyais des \u00eatres se m\u00e9tamorphoser, ils \u00e9taient morts mais quelque chose les travaillait, peut-\u00eatre \u00e9taient-ils de l'argile sculpt\u00e9e par une main qui ne se montrait pas, une main faite de leur propre chair qui n'en finit pas de se recommencer. La lumi\u00e8re \u00e9claire l'ab\u00eeme, l'ab\u00eeme rend bouleversante.\r","authors":["Liliane Atlan"],"category_codes":["1000000","1090000"],"visuals":{"large":"https:\/\/images.epagine.fr\/654\/9782738492654_1_75.jpg","medium":"https:\/\/images.epagine.fr\/654\/9782738492654_1_m.jpg","thumbnail":"https:\/\/images.epagine.fr\/654\/9782738492654_1_v.jpg"},"orderable":true,"show_badge":true,"formatted_price":"10,00&nbsp;\u20ac","formatted_published_date":"15 mai 2000","publisher_availability_label":"Sur commande","short_details":"Liliane Atlan \u2014 \u00c9ditions L'Harmattan","translator":null,"weight":84,"page_count":null,"readership":null,"editor":"\u00c9ditions L'Harmattan","price":1000,"published_date":"2000-05-14T22:00:00.000000Z","support":"Grand format","publisher_availability":1,"stock":0,"editions":[],"url":"https:\/\/quaidesbrumes.com\/ouvrage\/9782738492654\/peuples-dargile-forets-detoiles"},{"id":"9782080679345","title":"Gasoil","description":"\u00abJ'ai cru rendre service aux amateurs de belles-lettres en publiant les textes qui vont suivre, convaincu que leur lecture serait d'un grand b\u00e9n\u00e9fice \u00e0 ceux qui auraient l'heur de s'y abandonner. [...] Que va-t-on lire, au juste ? Pas un roman - encore que l'on y rencontre des personnages et des actions violentes, un peu d'amour et peu d'id\u00e9es -, ni bien s\u00fbr un po\u00e8me - en d\u00e9pit de quelques vers, de quelques rimes et d'un peu de musique, lesquels, parfois, pourraient faire illusion -, et pas plus un essai, une trag\u00e9die, un livret d'op\u00e9ra, un petit trait\u00e9, que sais-je encore, mais bien plut\u00f4t et plus pr\u00e9cis\u00e9ment un fatras de choses \u00e9crites qu'il m'a paru int\u00e9ressant de livrer au public. Je dois toutefois au lecteur, qu'impatiente sans doute une tr\u00e8s saine et fort compr\u00e9hensible curiosit\u00e9, deux ou trois explications sur les circonstances qui m'honorent d'\u00eatre le pr\u00e9facier de ce terrible livre, lequel nous est parvenu par des voies escarp\u00e9es et, je l'avoue, \u00e0 la faveur de tr\u00e8s excentriques et tr\u00e8s exceptionnels hasards. Que je vous raconte...\u00bb","authors":["Jean-michel Espitallier"],"category_codes":["1000000","1090000"],"visuals":{"large":"https:\/\/images.epagine.fr\/345\/9782080679345_1_75.jpg","medium":"https:\/\/images.epagine.fr\/345\/9782080679345_1_m.jpg","thumbnail":"https:\/\/images.epagine.fr\/345\/9782080679345_1_v.jpg"},"orderable":true,"show_badge":true,"formatted_price":"14,20&nbsp;\u20ac","formatted_published_date":"6 janvier 2000","publisher_availability_label":"Sur commande","short_details":"Jean-michel Espitallier \u2014 Flammarion","translator":null,"weight":155,"page_count":116,"readership":null,"editor":"Flammarion","price":1420,"published_date":"2000-01-05T23:00:00.000000Z","support":"Grand format","publisher_availability":1,"stock":0,"editions":[],"url":"https:\/\/quaidesbrumes.com\/ouvrage\/9782080679345\/gasoil"},{"id":"9782854805413","title":"Po\u00e8mes pour la fraternit\u00e9 Tome 4","description":"Pour la quatri\u00e8me ann\u00e9e cons\u00e9cutive les laur\u00e9ats du concours \" Po\u00e8mes pour la Fraternit\u00e9 \" organis\u00e9 par la Ligue des Droits de l'Homme nous offrent gr\u00e2ce \u00e0 la po\u00e9sie une photographie de leur vie d'enfants et d'adolescents, de la vie.\r\nImages et mots qui nous permettent de construire ensemble l'avenir, r\u00e9affirmer nos droits et mettre en oeuvre la citoyennet\u00e9.\r","authors":["Collectif"],"category_codes":["1000000","1090000"],"visuals":{"large":"https:\/\/images.epagine.fr\/413\/9782854805413_1_75.jpg","medium":"https:\/\/images.epagine.fr\/413\/9782854805413_1_m.jpg","thumbnail":"https:\/\/images.epagine.fr\/413\/9782854805413_1_v.jpg"},"orderable":true,"show_badge":true,"formatted_price":"10,37&nbsp;\u20ac","formatted_published_date":"1er f\u00e9vrier 2000","publisher_availability_label":"Sur commande","short_details":"Collectif \u2014 Charles Corlet","translator":null,"weight":0,"page_count":null,"readership":null,"editor":"Charles Corlet","price":1037,"published_date":"2000-01-31T23:00:00.000000Z","support":"Grand format","publisher_availability":1,"stock":0,"editions":[],"url":"https:\/\/quaidesbrumes.com\/ouvrage\/9782854805413\/poemes-pour-la-fraternite-tome-4"},{"id":"9782909640679","title":"D\u00e9raciner les impatiences","description":null,"authors":["Francine Caron"],"category_codes":["1000000","1090000","1090600"],"visuals":{"large":"https:\/\/images.epagine.fr\/679\/9782909640679_1_75.jpg","medium":"https:\/\/images.epagine.fr\/679\/9782909640679_1_m.jpg","thumbnail":"https:\/\/images.epagine.fr\/679\/9782909640679_1_v.jpg"},"orderable":true,"show_badge":true,"formatted_price":"5,00&nbsp;\u20ac","formatted_published_date":"1er mars 2009","publisher_availability_label":"Sur commande","short_details":"Francine Caron \u2014 DONNER A VOIR","translator":null,"weight":25,"page_count":11,"readership":null,"editor":"DONNER A VOIR","price":500,"published_date":"2009-02-28T23:00:00.000000Z","support":"Grand format","publisher_availability":1,"stock":0,"editions":[],"url":"https:\/\/quaidesbrumes.com\/ouvrage\/9782909640679\/deraciner-les-impatiences"},{"id":"9782376730439","title":"Amazone amazones","description":null,"authors":["Cury\/Duhamel Arrapel"],"category_codes":["1000000","1090000"],"visuals":{"large":"https:\/\/quaidesbrumes.com\/img\/book-placeholder.png","medium":"https:\/\/quaidesbrumes.com\/img\/book-placeholder.png","thumbnail":"https:\/\/quaidesbrumes.com\/img\/book-placeholder.png"},"orderable":true,"show_badge":true,"formatted_price":"20,00&nbsp;\u20ac","formatted_published_date":"4 janvier 2022","publisher_availability_label":"Sur commande","short_details":"Cury\/Duhamel Arrapel \u2014 La Lucarne Des Ecrivains","translator":null,"weight":501,"page_count":null,"readership":null,"editor":"La Lucarne Des Ecrivains","price":2000,"published_date":"2022-01-03T23:00:00.000000Z","support":"Grand format","publisher_availability":1,"stock":0,"editions":[],"url":"https:\/\/quaidesbrumes.com\/ouvrage\/9782376730439\/amazone-amazones"},{"id":"9782738486042","title":"REVE (UN) CORIACE","description":"Force insoumise fabuleuse que ne troublent pas les mirages de l'invivable, de l'injonction et de l'appa\u00adrence, que ne peuvent atteindre les leurres, ni les lita\u00adnies de la vanit\u00e9, un r\u00eave coriace s'active rapide et  vigoureux.  \r\nEsprit libre, soleil m\u00e9moire, sable et ubiquit\u00e9, son  \u00e2me lune s'abreuve aux fulgurances du mot.  Son horizon est clairvoyance.  Sa parole exalte la marche en avant du grand nomade.","authors":["Chekib Abdessalam"],"category_codes":["1000000","1090000"],"visuals":{"large":"https:\/\/images.epagine.fr\/042\/9782738486042_1_75.jpg","medium":"https:\/\/images.epagine.fr\/042\/9782738486042_1_m.jpg","thumbnail":"https:\/\/images.epagine.fr\/042\/9782738486042_1_v.jpg"},"orderable":true,"show_badge":true,"formatted_price":"12,00&nbsp;\u20ac","formatted_published_date":"3 mai 2000","publisher_availability_label":"Sur commande","short_details":"Chekib Abdessalam \u2014 \u00c9ditions L'Harmattan","translator":null,"weight":186,"page_count":128,"readership":null,"editor":"\u00c9ditions L'Harmattan","price":1200,"published_date":"2000-05-02T22:00:00.000000Z","support":"Grand format","publisher_availability":1,"stock":0,"editions":[],"url":"https:\/\/quaidesbrumes.com\/ouvrage\/9782738486042\/reve-un-coriace"},{"id":"9782738485731","title":"LE ROMAN DE CHACAL","description":"Ce livre est un recueil de fables aussi savoureuses qu'originales. Brahim Zellal les a recueillies il y a plus d'un demi-si\u00e8cle dans les villages de Kabylie. Le r\u00e9sultat de son travail m\u00e9rite notre reconnaissance. A travers les m\u00e9saventures de Chacal, ce personnage auteur de toutes les turpitudes, tant\u00f4t amusant tant\u00f4t franchement odieux, nous sommes transport\u00e9s dans l'univers merveilleux des campagnes du temps jadis.\r","authors":["Brahim Zellal"],"category_codes":["9000000","9120000","9120200"],"visuals":{"large":"https:\/\/images.epagine.fr\/731\/9782738485731_1_75.jpg","medium":"https:\/\/images.epagine.fr\/731\/9782738485731_1_m.jpg","thumbnail":"https:\/\/images.epagine.fr\/731\/9782738485731_1_v.jpg"},"orderable":true,"show_badge":true,"formatted_price":"18,50&nbsp;\u20ac","formatted_published_date":"3 mai 2000","publisher_availability_label":"Sur commande","short_details":"Brahim Zellal \u2014 \u00c9ditions L'Harmattan","translator":null,"weight":252,"page_count":188,"readership":null,"editor":"\u00c9ditions L'Harmattan","price":1850,"published_date":"2000-05-02T22:00:00.000000Z","support":"Grand format","publisher_availability":1,"stock":0,"editions":[],"url":"https:\/\/quaidesbrumes.com\/ouvrage\/9782738485731\/le-roman-de-chacal"},{"id":"9782738493439","title":"Guerre sur terre","description":"\"J'ai ardemment voulu quitter cette plan\u00e8te. J'ai ardemment voulu sauter en marche. Rien de la pr\u00e9tendue beaut\u00e9 de la vie ne suffisait \u00e0 me retenir : et dans le capharna\u00fcm de tr\u00e9sors et de savoirs que la poussi\u00e9reuse esp\u00e8ce humaine fait voleter depuis dix mille ans, je ne voyais que les fragments en d\u00e9sordre d'un livre secret, o\u00f9 figurait la formule magique pour \u00e9chapper au monde\". \" Guerre sur terre \" escale rapide sur une plan\u00e8te qui ne cultive plus que la mort.\r","authors":["Luc Dellisse"],"category_codes":["1000000","1090000"],"visuals":{"large":"https:\/\/images.epagine.fr\/439\/9782738493439_1_75.jpg","medium":"https:\/\/images.epagine.fr\/439\/9782738493439_1_m.jpg","thumbnail":"https:\/\/images.epagine.fr\/439\/9782738493439_1_v.jpg"},"orderable":true,"show_badge":true,"formatted_price":"11,50&nbsp;\u20ac","formatted_published_date":"1er juillet 2000","publisher_availability_label":"Sur commande","short_details":"Luc Dellisse \u2014 \u00c9ditions L'Harmattan","translator":null,"weight":110,"page_count":null,"readership":null,"editor":"\u00c9ditions L'Harmattan","price":1150,"published_date":"2000-06-30T22:00:00.000000Z","support":"Grand format","publisher_availability":1,"stock":0,"editions":[],"url":"https:\/\/quaidesbrumes.com\/ouvrage\/9782738493439\/guerre-sur-terre"},{"id":"9782950540775","title":"La comedie francaise a la grange des pres","description":null,"authors":[],"category_codes":["1000000","1090000"],"visuals":{"large":"https:\/\/quaidesbrumes.com\/img\/book-placeholder.png","medium":"https:\/\/quaidesbrumes.com\/img\/book-placeholder.png","thumbnail":"https:\/\/quaidesbrumes.com\/img\/book-placeholder.png"},"orderable":true,"show_badge":true,"formatted_price":"10,00&nbsp;\u20ac","formatted_published_date":"1er janvier 2002","publisher_availability_label":"Sur commande","short_details":"Domens","translator":null,"weight":200,"page_count":null,"readership":null,"editor":"Domens","price":1000,"published_date":"2001-12-31T23:00:00.000000Z","support":"Grand format","publisher_availability":1,"stock":0,"editions":[],"url":"https:\/\/quaidesbrumes.com\/ouvrage\/9782950540775\/la-comedie-francaise-a-la-grange-des-pres"},{"id":"9782738494306","title":"Le revers des images ; textes et po\u00e8mes d'\u00e9l\u00e8ves de quatri\u00e8me","description":"Pendant plusieurs mois, une vingtaine de gar\u00e7ons et de filles s'est impliqu\u00e9e dans l'\u00e9criture litt\u00e9raire, portant sur eux-m\u00eames et leurs relations au monde un regard neuf. Acrostiches, po\u00e8mes, textes courts ou paroles de rap sont n\u00e9s de leur propre image, choisie, saisie en amont par la photographe Patricia Baud.\r","authors":["Collectif"],"category_codes":["1000000","1090000"],"visuals":{"large":"https:\/\/images.epagine.fr\/306\/9782738494306_1_75.jpg","medium":"https:\/\/images.epagine.fr\/306\/9782738494306_1_m.jpg","thumbnail":"https:\/\/images.epagine.fr\/306\/9782738494306_1_v.jpg"},"orderable":true,"show_badge":true,"formatted_price":"11,00&nbsp;\u20ac","formatted_published_date":"15 juin 2000","publisher_availability_label":"Sur commande","short_details":"Collectif \u2014 \u00c9ditions L'Harmattan","translator":null,"weight":108,"page_count":72,"readership":null,"editor":"\u00c9ditions L'Harmattan","price":1100,"published_date":"2000-06-14T22:00:00.000000Z","support":"Grand format","publisher_availability":1,"stock":0,"editions":[],"url":"https:\/\/quaidesbrumes.com\/ouvrage\/9782738494306\/le-revers-des-images-textes-et-poemes-deleves-de-quatrieme"},{"id":"9782840310938","title":"Les mots qui chalinent","description":null,"authors":["Patricia Martineau"],"category_codes":["1000000","1090000"],"visuals":{"large":"https:\/\/images.epagine.fr\/938\/9782840310938_1_75.jpg","medium":"https:\/\/images.epagine.fr\/938\/9782840310938_1_m.jpg","thumbnail":"https:\/\/images.epagine.fr\/938\/9782840310938_1_v.jpg"},"orderable":true,"show_badge":true,"formatted_price":"12,00&nbsp;\u20ac","formatted_published_date":"21 mars 2000","publisher_availability_label":"Sur commande","short_details":"Patricia Martineau \u2014 L'Idee Bleue","translator":null,"weight":100,"page_count":null,"readership":null,"editor":"L'Idee Bleue","price":1200,"published_date":"2000-03-20T23:00:00.000000Z","support":"Grand format","publisher_availability":1,"stock":0,"editions":[],"url":"https:\/\/quaidesbrumes.com\/ouvrage\/9782840310938\/les-mots-qui-chalinent"},{"id":"9782930219219","title":"Nuit clandestine","description":null,"authors":["Anne-Marielle Wilwerth"],"category_codes":["1000000","1090000"],"visuals":{"large":"https:\/\/quaidesbrumes.com\/img\/book-placeholder.png","medium":"https:\/\/quaidesbrumes.com\/img\/book-placeholder.png","thumbnail":"https:\/\/quaidesbrumes.com\/img\/book-placeholder.png"},"orderable":true,"show_badge":true,"formatted_price":"29,42&nbsp;\u20ac","formatted_published_date":"14 septembre 2000","publisher_availability_label":"Sur commande","short_details":"Anne-Marielle Wilwerth \u2014 Acanthe","translator":null,"weight":0,"page_count":null,"readership":null,"editor":"Acanthe","price":2942,"published_date":"2000-09-13T22:00:00.000000Z","support":"Grand format","publisher_availability":1,"stock":0,"editions":[],"url":"https:\/\/quaidesbrumes.com\/ouvrage\/9782930219219\/nuit-clandestine"},{"id":"9782312084626","title":"Les ailes de la colombe rouge","description":"Et si la po\u00e9sie s'adaptait au monde, plut\u00f4t que le monde ne s'adapte \u00e0 la po\u00e9sie ? Cet ouvrage compos\u00e9 surtout de citations et d'extraits de conversations sur les th\u00e8mes de l'amour et de ses d\u00e9riv\u00e9s joue avec les mots et les styles de langage et d'\u00e9criture. Un livre parfait pour les adolescents comme pour les adultes en qu\u00eate de divertissement, d'une lecture rapide ou qui aiment chercher le sens cach\u00e9 des mots et des phrases.\r","authors":["Enygmo Aster"],"category_codes":["1000000","1090000"],"visuals":{"large":"https:\/\/images.epagine.fr\/626\/9782312084626_1_75.jpg","medium":"https:\/\/images.epagine.fr\/626\/9782312084626_1_m.jpg","thumbnail":"https:\/\/images.epagine.fr\/626\/9782312084626_1_v.jpg"},"orderable":true,"show_badge":true,"formatted_price":"13,00&nbsp;\u20ac","formatted_published_date":"8 octobre 2021","publisher_availability_label":"Sur commande","short_details":"Enygmo Aster \u2014 Editions du Net","translator":null,"weight":86,"page_count":90,"readership":null,"editor":"Editions du Net","price":1300,"published_date":"2021-10-07T22:00:00.000000Z","support":"Grand format","publisher_availability":1,"stock":0,"editions":[],"url":"https:\/\/quaidesbrumes.com\/ouvrage\/9782312084626\/les-ailes-de-la-colombe-rouge"},{"id":"9782812705281","title":"Livret vert et rouge","description":null,"authors":["Clara Paix"],"category_codes":["1000000","1090000"],"visuals":{"large":"https:\/\/quaidesbrumes.com\/img\/book-placeholder.png","medium":"https:\/\/quaidesbrumes.com\/img\/book-placeholder.png","thumbnail":"https:\/\/quaidesbrumes.com\/img\/book-placeholder.png"},"orderable":true,"show_badge":true,"formatted_price":"9,00&nbsp;\u20ac","formatted_published_date":"3 d\u00e9cembre 2013","publisher_availability_label":"Sur commande","short_details":"Clara Paix \u2014 Presses Du Midi","translator":null,"weight":88,"page_count":null,"readership":null,"editor":"Presses Du Midi","price":900,"published_date":"2013-12-02T23:00:00.000000Z","support":"Grand format","publisher_availability":1,"stock":0,"editions":[],"url":"https:\/\/quaidesbrumes.com\/ouvrage\/9782812705281\/livret-vert-et-rouge"},{"id":"9782857921196","title":"Car j'ai affaire en ce pays","description":null,"authors":["Jean Zimmermann"],"category_codes":["1000000","1090000"],"visuals":{"large":"https:\/\/quaidesbrumes.com\/img\/book-placeholder.png","medium":"https:\/\/quaidesbrumes.com\/img\/book-placeholder.png","thumbnail":"https:\/\/quaidesbrumes.com\/img\/book-placeholder.png"},"orderable":true,"show_badge":true,"formatted_price":"9,91&nbsp;\u20ac","formatted_published_date":"24 mars 2000","publisher_availability_label":"Sur commande","short_details":"Jean Zimmermann \u2014 Federop","translator":null,"weight":333,"page_count":null,"readership":null,"editor":"Federop","price":991,"published_date":"2000-03-23T23:00:00.000000Z","support":"Grand format","publisher_availability":1,"stock":0,"editions":[],"url":"https:\/\/quaidesbrumes.com\/ouvrage\/9782857921196\/car-jai-affaire-en-ce-pays"}]}