{"data":[{"id":"9782812412486","title":"Oeuvres po\u00e9tiques","description":"Th\u00e9ophile de Viau n'est plus \u00e0 d\u00e9couvrir ou \u00e0 r\u00e9habiliter: il est l'une des voix importantes de la litt\u00e9rature fran\u00e7aise, en particulier de celle du xviie si\u00e8cle . Cette \u00e9dition se propose d'offrir au lecteur une v\u00e9ritable \u00e9dition critique de ses oeuvres po\u00e9tiques et de sa trag\u00e9die Les Amours tragiques de Pyrame et Thisb\u00e9. L'\u00e9diteur a suivi le texte qu'il a \u00e9tabli pour son \u00e9dition critique des oeuvres compl\u00e8tes de Th\u00e9ophile en indiquant, dans l'apparat, les variantes les plus importantes. Les annotations fournissent les informations indispensables sur les \u00e9ventuels destinataires des pi\u00e8ces et \u00e9clairent les allusions plus ou moins explicites aux \u00e9v\u00e9nements politiques et militaires de l'\u00e9poque. Des notes linguistiques rendent compte des locutions ou des termes qui s'\u00e9loignent de l'usage actuel. Un lexique, plac\u00e9 en fin du volume, donne la signification la plus adapt\u00e9e \u00e0 chaque contexte. Dans l'introduction le lecteur trouvera une biographie essentielle du po\u00e8te, une courte histoire de sa fortune litt\u00e9raire, l'examen de ses oeuvres po\u00e9tiques et de sa trag\u00e9die, une bibliographie des \u00e9ditions anciennes et modernes ainsi que de la critique jusqu'aujourd'hui.\r","authors":["Th\u00e9ophile de Viau"],"category_codes":["1000000","1090000"],"visuals":{"large":"https:\/\/images.epagine.fr\/486\/9782812412486_1_75.jpg","medium":"https:\/\/images.epagine.fr\/486\/9782812412486_1_m.jpg","thumbnail":"https:\/\/images.epagine.fr\/486\/9782812412486_1_v.jpg"},"orderable":true,"show_badge":true,"formatted_price":"17,00&nbsp;\u20ac","formatted_published_date":"1er avril 2008","publisher_availability_label":"Sur commande","short_details":"Th\u00e9ophile de Viau \u2014 CLASSIQUES GARNIER","translator":null,"weight":462,"page_count":602,"readership":null,"editor":"CLASSIQUES GARNIER","price":1700,"published_date":"2008-03-31T22:00:00.000000Z","support":"Grand format","publisher_availability":1,"stock":0,"editions":[],"url":"https:\/\/quaidesbrumes.com\/ouvrage\/9782812412486\/oeuvres-poetiques"},{"id":"9782378276898","title":"D\u00e9sir, impair et manque","description":"Qu'est-ce que le d\u00e9sir, \u00ab jamais \u00e9lucid\u00e9, jamais rassasi\u00e9, jamais exauc\u00e9 \u00bb (Sophie Noleau en introduction du Printemps des Po\u00e8tes), qui exige d'\u00eatre satisfait, sinon \u00e0 frustrer celui qui l'\u00e9prouve ?\r\n\u00ab L'amour est d\u00e9sir et le d\u00e9sir est manque \u00bb (Platon). \u00ab Ce qu'on n'a pas, ce qu'on n'est pas, ce dont on manque voil\u00e0 les objets du d\u00e9sir et de l'amour. Et voil\u00e0 pourquoi le bonheur si souvent est manque. Si la fin est frustration, l'app\u00e9tit est la puissance de jouir... Si l'amour est aussi d\u00e9sir chez Spinoza, il n'est pas manque car il est puissance de jouir et jouissance en puissance \u00bb (Andr\u00e9 Comte-Sponville).\r\nUn th\u00e8me maintes fois trait\u00e9, sans nul doute... Il a fait route jusqu'ici, venu de l'autre bout du monde jusque chez les \u00celiennes qui l'ont accueilli et lui ont fait f\u00eate lorsqu'il naviguait toutes voiles dehors sur la Mer de Corail, en direction de la Nouvelle-Cal\u00e9donie.","authors":["Iliennes"],"category_codes":["1000000","1090000"],"visuals":{"large":"https:\/\/images.epagine.fr\/898\/9782378276898_1_75.jpg","medium":"https:\/\/images.epagine.fr\/898\/9782378276898_1_m.jpg","thumbnail":"https:\/\/images.epagine.fr\/898\/9782378276898_1_v.jpg"},"orderable":true,"show_badge":true,"formatted_price":"14,00&nbsp;\u20ac","formatted_published_date":"31 mars 2023","publisher_availability_label":"Sur commande","short_details":"Iliennes \u2014 SPINELLE","translator":null,"weight":201,"page_count":124,"readership":null,"editor":"SPINELLE","price":1400,"published_date":"2023-03-30T22:00:00.000000Z","support":"Grand format","publisher_availability":1,"stock":0,"editions":[],"url":"https:\/\/quaidesbrumes.com\/ouvrage\/9782378276898\/desir-impair-et-manque"},{"id":"9782080678331","title":"Le present","description":"Po\u00e9sie Le Pr\u00e9sent marque un tournant dans l'oeuvre d'Emmanuel Moses. Construit sur un principe polyphonique o\u00f9 alternent des s\u00e9quences de tonalit\u00e9s tr\u00e8s diverses, ce nouveau recueil laisse \u00e9galement transpara\u00eetre une d\u00e9chirure plus secr\u00e8te, que la discr\u00e8te ironie de l'auteur maintient \u00e0 distance, sans en voiler la gravit\u00e9. Et si l'on retrouve dans la premi\u00e8re partie du livre les motifs qui lui sont chers - po\u00e8mes narratifs \u00e0 la lisi\u00e8re du prosa\u00efque, aphorismes elliptiques, ombres anciennes aggravant le pr\u00e9sent - le second pan de l'ouvrage r\u00e9serve quelques surprises : on y d\u00e9couvrira notamment une suite de po\u00e8mes r\u00e9crivant des nouvelles de William Irish, au milieu d'inscriptions plus s\u00e9v\u00e8res ouvrant comme un murmure longtemps retenu sur une p\u00e9nombre muette, \u00e0 l'aube ou \u00e0 l'issue d'une d\u00e9faite ; vers bris\u00e9s, portraits d\u00e9chus, destins d\u00e9sempar\u00e9s...\r","authors":["Emmanuel Moses"],"category_codes":["1000000","1090000"],"visuals":{"large":"https:\/\/quaidesbrumes.com\/img\/book-placeholder.png","medium":"https:\/\/quaidesbrumes.com\/img\/book-placeholder.png","thumbnail":"https:\/\/quaidesbrumes.com\/img\/book-placeholder.png"},"orderable":true,"show_badge":true,"formatted_price":"14,20&nbsp;\u20ac","formatted_published_date":"7 octobre 1999","publisher_availability_label":"Sur commande","short_details":"Emmanuel Moses \u2014 Flammarion","translator":null,"weight":155,"page_count":null,"readership":null,"editor":"Flammarion","price":1420,"published_date":"1999-10-06T22:00:00.000000Z","support":"Grand format","publisher_availability":1,"stock":0,"editions":[],"url":"https:\/\/quaidesbrumes.com\/ouvrage\/9782080678331\/le-present"},{"id":"9782915232134","title":"Gu wei jin yong ; le pass\u00e9 sert le pr\u00e9sent","description":null,"authors":["Jean-marc Baillieu"],"category_codes":["1000000","1090000"],"visuals":{"large":"https:\/\/images.epagine.fr\/134\/9782915232134_1_75.jpg","medium":"https:\/\/images.epagine.fr\/134\/9782915232134_1_m.jpg","thumbnail":"https:\/\/images.epagine.fr\/134\/9782915232134_1_v.jpg"},"orderable":true,"show_badge":true,"formatted_price":"14,00&nbsp;\u20ac","formatted_published_date":"1er octobre 2004","publisher_availability_label":"Sur commande","short_details":"Jean-marc Baillieu \u2014 Le Bleu Du Ciel","translator":null,"weight":147,"page_count":92,"readership":null,"editor":"Le Bleu Du Ciel","price":1400,"published_date":"2004-09-30T22:00:00.000000Z","support":"Grand format","publisher_availability":1,"stock":0,"editions":[],"url":"https:\/\/quaidesbrumes.com\/ouvrage\/9782915232134\/gu-wei-jin-yong-le-passe-sert-le-present"},{"id":"9782876732902","title":"Icones","description":null,"authors":["R\u00e9gine Detambel"],"category_codes":["1000000","1090000"],"visuals":{"large":"https:\/\/images.epagine.fr\/902\/9782876732902_1_75.jpg","medium":"https:\/\/images.epagine.fr\/902\/9782876732902_1_m.jpg","thumbnail":"https:\/\/images.epagine.fr\/902\/9782876732902_1_v.jpg"},"orderable":true,"show_badge":true,"formatted_price":"11,50&nbsp;\u20ac","formatted_published_date":"13 septembre 1999","publisher_availability_label":"Sur commande","short_details":"R\u00e9gine Detambel \u2014 CHAMP VALLON","translator":null,"weight":140,"page_count":null,"readership":null,"editor":"CHAMP VALLON","price":1150,"published_date":"1999-09-12T22:00:00.000000Z","support":"Grand format","publisher_availability":1,"stock":0,"editions":[],"url":"https:\/\/quaidesbrumes.com\/ouvrage\/9782876732902\/icones"},{"id":"9782351578827","title":"Des fleurs pour l'arri\u00e8re-saison","description":"Po\u00e8mes divers th\u00e8mes\r","authors":["Daniel Ancelet"],"category_codes":["1000000","1090000","1090600"],"visuals":{"large":"https:\/\/quaidesbrumes.com\/img\/book-placeholder.png","medium":"https:\/\/quaidesbrumes.com\/img\/book-placeholder.png","thumbnail":"https:\/\/quaidesbrumes.com\/img\/book-placeholder.png"},"orderable":true,"show_badge":true,"formatted_price":"10,00&nbsp;\u20ac","formatted_published_date":"30 juin 2021","publisher_availability_label":"Sur commande","short_details":"Daniel Ancelet \u2014 THIERRY SAJAT","translator":null,"weight":230,"page_count":118,"readership":null,"editor":"THIERRY SAJAT","price":1000,"published_date":"2021-06-29T22:00:00.000000Z","support":"Grand format","publisher_availability":1,"stock":0,"editions":[],"url":"https:\/\/quaidesbrumes.com\/ouvrage\/9782351578827\/des-fleurs-pour-larriere-saison"},{"id":"9782738481948","title":"ROULIS SUR LE MALECON : Carnet de voyage cubain","description":"Ce cahier de voyage po\u00e9tique est un recueil d'images et de sensations que l'\u00eele de Cuba a inspir\u00e9 au po\u00e8te Khal Torabully. Il y a d\u00e9couvert un peuple attachant, digne, oscillant entre le r\u00eave bris\u00e9 et le d\u00e9sarroi d'un r\u00e9veil au monde.La r\u00e9volution, apr\u00e8s tout, n'\u00e9tait-elle pas la masse de r\u00eaves d'un peuple entier, dont les yeux aujourd'hui s'\u00e9garent \u00e0 esp\u00e9rer un nouveau miracle ?","authors":["Khal Torabully"],"category_codes":["9000000","9120000","9120200"],"visuals":{"large":"https:\/\/images.epagine.fr\/948\/9782738481948_1_75.jpg","medium":"https:\/\/images.epagine.fr\/948\/9782738481948_1_m.jpg","thumbnail":"https:\/\/images.epagine.fr\/948\/9782738481948_1_v.jpg"},"orderable":true,"show_badge":true,"formatted_price":"11,50&nbsp;\u20ac","formatted_published_date":"3 mai 2000","publisher_availability_label":"Sur commande","short_details":"Khal Torabully \u2014 \u00c9ditions L'Harmattan","translator":null,"weight":150,"page_count":114,"readership":null,"editor":"\u00c9ditions L'Harmattan","price":1150,"published_date":"2000-05-02T22:00:00.000000Z","support":"Grand format","publisher_availability":1,"stock":0,"editions":[],"url":"https:\/\/quaidesbrumes.com\/ouvrage\/9782738481948\/roulis-sur-le-malecon-carnet-de-voyage-cubain"},{"id":"9782747558808","title":"Po\u00e8mes pour la renaissance africaine","description":"Cette oeuvre se veut \u00eatre un dialogue avec notre \u00e9poque, c'est-\u00e0-dire l'actualit\u00e9, la beaut\u00e9 et la laideur que l'auteur , enfant d'Afrique, et citoyen du monde a entr'aper\u00e7u au travers de ses prismes troubl\u00e9s. En d\u00e9pit de l'absurde condition qui s\u00e9vit dans son pays, la beaut\u00e9 et l'amour sont sa motivation premi\u00e8re ainsi que la renaissance africaine dont les fondations sont pour lui  la justice et la libert\u00e9..","authors":["Aristide Mblanendji Ndakala"],"category_codes":["1000000","1090000"],"visuals":{"large":"https:\/\/images.epagine.fr\/808\/9782747558808_1_75.jpg","medium":"https:\/\/images.epagine.fr\/808\/9782747558808_1_m.jpg","thumbnail":"https:\/\/images.epagine.fr\/808\/9782747558808_1_v.jpg"},"orderable":true,"show_badge":true,"formatted_price":"11,00&nbsp;\u20ac","formatted_published_date":"1er f\u00e9vrier 2004","publisher_availability_label":"Sur commande","short_details":"Aristide Mblanendji Ndakala \u2014 \u00c9ditions L'Harmattan","translator":null,"weight":90,"page_count":58,"readership":null,"editor":"\u00c9ditions L'Harmattan","price":1100,"published_date":"2004-01-31T23:00:00.000000Z","support":"Grand format","publisher_availability":1,"stock":0,"editions":[],"url":"https:\/\/quaidesbrumes.com\/ouvrage\/9782747558808\/poemes-pour-la-renaissance-africaine"},{"id":"9782738481863","title":"La","description":null,"authors":["Laurent Billia"],"category_codes":["1000000","1090000"],"visuals":{"large":"https:\/\/quaidesbrumes.com\/img\/book-placeholder.png","medium":"https:\/\/quaidesbrumes.com\/img\/book-placeholder.png","thumbnail":"https:\/\/quaidesbrumes.com\/img\/book-placeholder.png"},"orderable":true,"show_badge":true,"formatted_price":"8,15&nbsp;\u20ac","formatted_published_date":"9 septembre 1999","publisher_availability_label":"Sur commande","short_details":"Laurent Billia \u2014 \u00c9ditions L'Harmattan","translator":null,"weight":80,"page_count":null,"readership":null,"editor":"\u00c9ditions L'Harmattan","price":815,"published_date":"1999-09-08T22:00:00.000000Z","support":"Grand format","publisher_availability":1,"stock":0,"editions":[],"url":"https:\/\/quaidesbrumes.com\/ouvrage\/9782738481863\/la"},{"id":"9782738482044","title":"Rosace","description":"Rosaces rassemble ses deux premiers livres : Transposicao (1969) et Helianto (1973). Le premier expose, selon une g\u00e9om\u00e9trie lin\u00e9aire, les diff\u00e9rentes figures de l'\u00eatre et leurs m\u00e9tamorphoses. Le second \u00e9lit le cercle et restituent aux choses leur essence au moyen de mots qui paraissent se refermer sur eux-m\u00eames. Dans les deux, une rigueur d'ing\u00e9nieur transpara\u00eet qui montre qu'entre le r\u00e9el et le po\u00e8me, tout se tient car tout conspire.\r","authors":["Orides Fontela"],"category_codes":["1000000","1090000"],"visuals":{"large":"https:\/\/images.epagine.fr\/044\/9782738482044_1_75.jpg","medium":"https:\/\/images.epagine.fr\/044\/9782738482044_1_m.jpg","thumbnail":"https:\/\/images.epagine.fr\/044\/9782738482044_1_v.jpg"},"orderable":true,"show_badge":true,"formatted_price":"22,50&nbsp;\u20ac","formatted_published_date":"3 mai 2000","publisher_availability_label":"Sur commande","short_details":"Orides Fontela \u2014 \u00c9ditions L'Harmattan","translator":null,"weight":360,"page_count":null,"readership":null,"editor":"\u00c9ditions L'Harmattan","price":2250,"published_date":"2000-05-02T22:00:00.000000Z","support":"Grand format","publisher_availability":1,"stock":0,"editions":[],"url":"https:\/\/quaidesbrumes.com\/ouvrage\/9782738482044\/rosace"},{"id":"9782913126527","title":"Terre en po\u00e9sie ; ou les po\u00e8tes du monde disent \u00e0 leur mani\u00e8re je t'aime \u00e0 la terre en d\u00e9tresse","description":"Le panth\u00e9on universel de la po\u00e9sie avait con\u00e7u le projet de r\u00e9unir, sous forme de recueil, des textes re\u00e7us pour dire \" je t'aime \" \u00e0 notre plan\u00e8te bleue agonisante.\r\n Avec ce livre, c'est d\u00e9sormais chose faite. a travers cris du coeur ou coups de gueule, quarante po\u00e8tes de tous horizons se retrouvent ici ans un long et unique chant d'amour vibrant sous l'archet des violons de l'\u00e2me de ceux qui appellent au secours afin de mobiliser les consciences. ils chantent, pleurent, apostrophent ou s'extasient pour que l'h\u00e9ritage que nous avons re\u00e7u soit transmis \u00e0 l'humanit\u00e9 de demain avec ses richesses de beaut\u00e9s et de sources vitales ; dans le respect de la nature que l'homme, aujourd'hui dans sa soif de pouvoir et sa cupidit\u00e9, est en train de d\u00e9truire sans entendre les lamentations de sa m\u00e8re : la terre !\r","authors":["Johanne Aubert-bieth"],"category_codes":["1000000","1090000"],"visuals":{"large":"https:\/\/images.epagine.fr\/527\/9782913126527_1_75.jpg","medium":"https:\/\/images.epagine.fr\/527\/9782913126527_1_m.jpg","thumbnail":"https:\/\/images.epagine.fr\/527\/9782913126527_1_v.jpg"},"orderable":true,"show_badge":true,"formatted_price":"8,00&nbsp;\u20ac","formatted_published_date":"19 f\u00e9vrier 2008","publisher_availability_label":"Sur commande","short_details":"Johanne Aubert-bieth \u2014 DIANOIA","translator":null,"weight":65,"page_count":41,"readership":null,"editor":"DIANOIA","price":800,"published_date":"2008-02-18T23:00:00.000000Z","support":"Grand format","publisher_availability":1,"stock":0,"editions":[],"url":"https:\/\/quaidesbrumes.com\/ouvrage\/9782913126527\/terre-en-poesie-ou-les-poetes-du-monde-disent-a-leur-maniere-je-taime-a-la-terre-en-detresse"},{"id":"9782840311065","title":"Le nom des fleuves","description":"Quand on a tout secou\u00e9, il reste quelques mots.\r\nS'ils restent, c'est qu'ils sont assez grands pour qu'on y habite. Ils ne bougent pas pour former une histoire puisque d'est l'histoire qui les a fait tomber. Alors on pose au-dessus du trou noir du monde - sur le blanc de la page - des mots encore entiers, touch\u00e9s le moins possibles par la syntaxe, entam\u00e9s le moins possible par les adjectifs. D'alterner ouvrir et fermer les yeux, la po\u00e9sie d'Eric Sautou est cet art tr\u00e8s nu de l'apparition comme un cin\u00e9ma muet o\u00f9 la moindre poussi\u00e8re nous revient magique : promener la flamme, on agite les nappes, je touche le papier froid, le poisson brille, voici quelques avanc\u00e9es pour \u00e9clairer l'absence par le d\u00e9sir.\r\nC'est cette affirmation que j'entends toujours, et qui rend inutile toute ponctuation. Qui se meut par la seule vitesse de l'attente, dans un double mouvement de rencontre et de s\u00e9paration. Ainsi les vers - c'est pourquoi souvent ils vont par deux - sont frott\u00e9s l'un contre l'autre (On voit les braises\/des pierres sont r\u00e9elles), une chaleur fragile nous est donn\u00e9e pour \u00eatre, chacun dans la solitude mais aussi dans le monde, moins loin.\r","authors":["Eric Sautou"],"category_codes":["1000000","1090000"],"visuals":{"large":"https:\/\/images.epagine.fr\/065\/9782840311065_1_75.jpg","medium":"https:\/\/images.epagine.fr\/065\/9782840311065_1_m.jpg","thumbnail":"https:\/\/images.epagine.fr\/065\/9782840311065_1_v.jpg"},"orderable":true,"show_badge":true,"formatted_price":"12,00&nbsp;\u20ac","formatted_published_date":"21 mars 2000","publisher_availability_label":"Sur commande","short_details":"Eric Sautou \u2014 L'Idee Bleue","translator":null,"weight":100,"page_count":null,"readership":null,"editor":"L'Idee Bleue","price":1200,"published_date":"2000-03-20T23:00:00.000000Z","support":"Grand format","publisher_availability":1,"stock":0,"editions":[],"url":"https:\/\/quaidesbrumes.com\/ouvrage\/9782840311065\/le-nom-des-fleuves"},{"id":"9782738478320","title":"Poemes de la rose et de l'olivier - suivi de cris","description":"Po\u00e8mes enracin\u00e9s dans la terre alg\u00e9rienne, po\u00e8mes de circonstances, cet ouvrage a la volont\u00e9 d'inscrire dans la m\u00e9moire l'\u00e9v\u00e9nementiel pass\u00e9 et pr\u00e9sent. Qu'il soient contemplations de paysages ou t\u00e9moignages de l'horreur ces po\u00e8mes sont avant tout un t\u00e9moignage.\r","authors":["Fran\u00e7ois Desplanques"],"category_codes":["1000000","1090000"],"visuals":{"large":"https:\/\/images.epagine.fr\/320\/9782738478320_1_75.jpg","medium":"https:\/\/images.epagine.fr\/320\/9782738478320_1_m.jpg","thumbnail":"https:\/\/images.epagine.fr\/320\/9782738478320_1_v.jpg"},"orderable":true,"show_badge":true,"formatted_price":"13,00&nbsp;\u20ac","formatted_published_date":"1er mai 1999","publisher_availability_label":"Sur commande","short_details":"Fran\u00e7ois Desplanques \u2014 \u00c9ditions L'Harmattan","translator":null,"weight":200,"page_count":null,"readership":null,"editor":"\u00c9ditions L'Harmattan","price":1300,"published_date":"1999-04-30T22:00:00.000000Z","support":"Grand format","publisher_availability":1,"stock":0,"editions":[],"url":"https:\/\/quaidesbrumes.com\/ouvrage\/9782738478320\/poemes-de-la-rose-et-de-lolivier-suivi-de-cris"},{"id":"9782747588751","title":"L'inde danse - une saison de musique","description":"Cet ouvrage est une promenade aux Indes, pays de l'infini contraste qui ne cesse pas de nous intriguer. C'est une terre de culte et de danse ou le spirituel se m\u00e9lange au sensuel. Cet ouvrage est une promenade au pays de l'infini contraste.\r","authors":["Georges Amar"],"category_codes":["1000000","1090000"],"visuals":{"large":"https:\/\/images.epagine.fr\/751\/9782747588751_1_75.jpg","medium":"https:\/\/images.epagine.fr\/751\/9782747588751_1_m.jpg","thumbnail":"https:\/\/images.epagine.fr\/751\/9782747588751_1_v.jpg"},"orderable":true,"show_badge":true,"formatted_price":"12,00&nbsp;\u20ac","formatted_published_date":"2 juillet 2005","publisher_availability_label":"Sur commande","short_details":"Georges Amar \u2014 \u00c9ditions L'Harmattan","translator":null,"weight":140,"page_count":null,"readership":null,"editor":"\u00c9ditions L'Harmattan","price":1200,"published_date":"2005-07-01T22:00:00.000000Z","support":"Grand format","publisher_availability":1,"stock":0,"editions":[],"url":"https:\/\/quaidesbrumes.com\/ouvrage\/9782747588751\/linde-danse-une-saison-de-musique"},{"id":"9782738478504","title":"LE DEUIL DU CERISIER : Po\u00e8me d\u00e9di\u00e9 \u00e0 Matoub Loun\u00e8s","description":"Ce chant de deuil est un hommage \u00e0 Matoub Loun\u00e8s tomb\u00e9 dans la lumi\u00e8re crue du jour sur une terre o\u00f9 les bouleversements de l'histoire n'ont pas fini de d\u00e9truire l'homme et la civilisation. Fiert\u00e9 de ceux qui ne se soumettent ni n'abdiquent, sa m\u00e9moire attestera toujours de l'\u00e9clat de son destin. Sa voix ne s'est pas \u00e9teinte, elle n'a fait que migrer et bient\u00f4t elle reviendra de son exode souterrain.","authors":["Iskander Sami"],"category_codes":["1000000","1090000"],"visuals":{"large":"https:\/\/images.epagine.fr\/504\/9782738478504_1_75.jpg","medium":"https:\/\/images.epagine.fr\/504\/9782738478504_1_m.jpg","thumbnail":"https:\/\/images.epagine.fr\/504\/9782738478504_1_v.jpg"},"orderable":true,"show_badge":true,"formatted_price":"11,00&nbsp;\u20ac","formatted_published_date":"15 mai 1999","publisher_availability_label":"Sur commande","short_details":"Iskander Sami \u2014 \u00c9ditions L'Harmattan","translator":null,"weight":118,"page_count":76,"readership":null,"editor":"\u00c9ditions L'Harmattan","price":1100,"published_date":"1999-05-14T22:00:00.000000Z","support":"Grand format","publisher_availability":1,"stock":0,"editions":[],"url":"https:\/\/quaidesbrumes.com\/ouvrage\/9782738478504\/le-deuil-du-cerisier-poeme-dedie-a-matoub-lounes"},{"id":"9782738478825","title":"Au nom de job","description":"Dans cet \" Orient condamn\u00e9 \u00e0 revivre sa mort \", Sobhi Habchi fait surgir un \u00e9l\u00e9ment de nostalgie. En ce temps o\u00f9 \" le coeur avait du coeur \", une antique alliance \u00e9tait c\u00e9l\u00e9br\u00e9e au nom de Job. Ce qui manque le plus \u00e0 notre si\u00e8cle, d\u00e9clare Sobhi habchi, c'est le courage de nous d\u00e9noncer nous-m\u00eames. Alors que le Job biblique renonce \u00e0 sa question, Au nom de Job fait \u00e9cho \u00e7\u00e0 un autre id\u00e9al de Sobhi Habchi : il attend de l'homme sa r\u00e9ponse, celle du po\u00e8te et penseur.\r","authors":["Sobhi Habchi"],"category_codes":["2000000","2050000"],"visuals":{"large":"https:\/\/images.epagine.fr\/825\/9782738478825_1_75.jpg","medium":"https:\/\/images.epagine.fr\/825\/9782738478825_1_m.jpg","thumbnail":"https:\/\/images.epagine.fr\/825\/9782738478825_1_v.jpg"},"orderable":true,"show_badge":true,"formatted_price":"15,50&nbsp;\u20ac","formatted_published_date":"3 mai 2000","publisher_availability_label":"Sur commande","short_details":"Sobhi Habchi \u2014 \u00c9ditions L'Harmattan","translator":null,"weight":230,"page_count":null,"readership":"\u00e0 partir de 12 ANS","editor":"\u00c9ditions L'Harmattan","price":1550,"published_date":"2000-05-02T22:00:00.000000Z","support":"Grand format","publisher_availability":1,"stock":0,"editions":[],"url":"https:\/\/quaidesbrumes.com\/ouvrage\/9782738478825\/au-nom-de-job"},{"id":"9782911587207","title":"Ma foi... oui..., themeries et prieres du temps","description":null,"authors":["Yvon Pean"],"category_codes":["1000000","1090000"],"visuals":{"large":"https:\/\/quaidesbrumes.com\/img\/book-placeholder.png","medium":"https:\/\/quaidesbrumes.com\/img\/book-placeholder.png","thumbnail":"https:\/\/quaidesbrumes.com\/img\/book-placeholder.png"},"orderable":true,"show_badge":true,"formatted_price":"7,73&nbsp;\u20ac","formatted_published_date":"26 octobre 1998","publisher_availability_label":"Sur commande","short_details":"Yvon Pean \u2014 Petit Pave","translator":null,"weight":95,"page_count":null,"readership":null,"editor":"Petit Pave","price":773,"published_date":"1998-10-25T23:00:00.000000Z","support":"Grand format","publisher_availability":1,"stock":0,"editions":[],"url":"https:\/\/quaidesbrumes.com\/ouvrage\/9782911587207\/ma-foi-oui-themeries-et-prieres-du-temps"},{"id":"9782738483768","title":"Le cercueil d'enkidou","description":"Je veux du sang qui ne manque aux plaiesJe veux des blessures qui ne se d\u00e9robent dans le sangJe veux un chemin d'exil qui n'am\u00e8ne gu\u00e8re au retourJe veux l'Illiade qui n'esquisse pas l'Odyss\u00e9e\r","authors":["Tuhmazi Abdurrahman"],"category_codes":["1000000","1090000"],"visuals":{"large":"https:\/\/images.epagine.fr\/768\/9782738483768_1_75.jpg","medium":"https:\/\/images.epagine.fr\/768\/9782738483768_1_m.jpg","thumbnail":"https:\/\/images.epagine.fr\/768\/9782738483768_1_v.jpg"},"orderable":true,"show_badge":true,"formatted_price":"11,00&nbsp;\u20ac","formatted_published_date":"3 mai 2000","publisher_availability_label":"Sur commande","short_details":"Tuhmazi Abdurrahman \u2014 \u00c9ditions L'Harmattan","translator":null,"weight":144,"page_count":null,"readership":null,"editor":"\u00c9ditions L'Harmattan","price":1100,"published_date":"2000-05-02T22:00:00.000000Z","support":"Grand format","publisher_availability":1,"stock":0,"editions":[],"url":"https:\/\/quaidesbrumes.com\/ouvrage\/9782738483768\/le-cercueil-denkidou"},{"id":"9782738483744","title":"Le r\u00e9verb\u00e8re de l'amour ; po\u00e9sie","description":"\" Le r\u00e9verb\u00e8re de l'Amour \" vient confirmer encore une fois le talent de Seydou Beye \u00e0 tisser la po\u00e9sie. L'auteur aime \u00e0 aimer, on le sait. Il r\u00e9cidive en cultivant un sens original \u00e0 dire sa tendresse, son amour. Dans son flirt avec les mots charg\u00e9s de couleurs et senteurs exotiques et locales, il emporte avec lui le lecteur.\r","authors":["Seydou Beye"],"category_codes":["1000000","1090000"],"visuals":{"large":"https:\/\/images.epagine.fr\/744\/9782738483744_1_75.jpg","medium":"https:\/\/images.epagine.fr\/744\/9782738483744_1_m.jpg","thumbnail":"https:\/\/images.epagine.fr\/744\/9782738483744_1_v.jpg"},"orderable":true,"show_badge":true,"formatted_price":"11,00&nbsp;\u20ac","formatted_published_date":"3 mai 2000","publisher_availability_label":"Sur commande","short_details":"Seydou Beye \u2014 \u00c9ditions L'Harmattan","translator":null,"weight":120,"page_count":80,"readership":null,"editor":"\u00c9ditions L'Harmattan","price":1100,"published_date":"2000-05-02T22:00:00.000000Z","support":"Grand format","publisher_availability":1,"stock":0,"editions":[],"url":"https:\/\/quaidesbrumes.com\/ouvrage\/9782738483744\/le-reverbere-de-lamour-poesie"},{"id":"9782913904057","title":"Les r\u00eaves de bleu doivent \u00eatre rang\u00e9s dans un classeur \u00e0 part","description":"Certes, Gandebeuf doit \u00eatre rang\u00e9 dans un classeur \u00e0 part. Entre Laforgue et Pr\u00e9vert, entre \"Complaintes\" et \"Paroles\"... du c\u00f4t\u00e9 de Queneau. Les r\u00eaves de Gandebeuf ont de multiples facettes. Ils sont cocasses ou (et) tendres, co(s)miques et (ou) quotidiens, d\u00e9sesp\u00e9r\u00e9s ou apais\u00e9s.\r","authors":["Jean-Pierre Gandebeuf"],"category_codes":["1000000","1090000"],"visuals":{"large":"https:\/\/images.epagine.fr\/057\/9782913904057_1_75.jpg","medium":"https:\/\/images.epagine.fr\/057\/9782913904057_1_m.jpg","thumbnail":"https:\/\/images.epagine.fr\/057\/9782913904057_1_v.jpg"},"orderable":true,"show_badge":true,"formatted_price":"10,50&nbsp;\u20ac","formatted_published_date":"21 mars 2000","publisher_availability_label":"Sur commande","short_details":"Jean-Pierre Gandebeuf \u2014 Chambre D'Echos","translator":null,"weight":140,"page_count":null,"readership":null,"editor":"Chambre D'Echos","price":1050,"published_date":"2000-03-20T23:00:00.000000Z","support":"Grand format","publisher_availability":1,"stock":0,"editions":[],"url":"https:\/\/quaidesbrumes.com\/ouvrage\/9782913904057\/les-reves-de-bleu-doivent-etre-ranges-dans-un-classeur-a-part"},{"id":"9782738485496","title":"L'ESTHETIQUE DU DEVENIR","description":"\" C'est de la solitude travaill\u00e9e de l'obscur et pour en \u00e9clairer sa profondeur que le po\u00e8te nous accueille ici suivant trois partitions au long desquelles s'entendent les soubresauts intimes des cimes d'exp\u00e9riences humaines et leur nu foudroy\u00e9 \" Philippe Tancelin.\r","authors":["Clancy Genevieve Represent\u00e9e Par  Clancy"],"category_codes":["1000000","1090000"],"visuals":{"large":"https:\/\/images.epagine.fr\/496\/9782738485496_1_75.jpg","medium":"https:\/\/images.epagine.fr\/496\/9782738485496_1_m.jpg","thumbnail":"https:\/\/images.epagine.fr\/496\/9782738485496_1_v.jpg"},"orderable":true,"show_badge":true,"formatted_price":"11,00&nbsp;\u20ac","formatted_published_date":"3 mai 2000","publisher_availability_label":"Sur commande","short_details":"Clancy Genevieve Represent\u00e9e Par  Clancy \u2014 \u00c9ditions L'Harmattan","translator":null,"weight":134,"page_count":98,"readership":null,"editor":"\u00c9ditions L'Harmattan","price":1100,"published_date":"2000-05-02T22:00:00.000000Z","support":"Grand format","publisher_availability":1,"stock":0,"editions":[],"url":"https:\/\/quaidesbrumes.com\/ouvrage\/9782738485496\/lesthetique-du-devenir"},{"id":"9782738485397","title":"Source (une) puis une autre","description":"Ce livre est un lieu de rencontre propice au retour de soi, \u00e0 la possession et d\u00e9possession des autres ; un lieu de partage o\u00f9 le lecteur donne du sens et recr\u00e9e ses propres contours. La m\u00e9moire subjective, se nourrit de flous, d'impressions, d'aphorismes ; de balades, de rumeurs, de silences. Donner des phrases \u00e0 ceux qui ont le regard pour les prolonger, afin que le jour devienne nuit et que la nuit soit jour.\r","authors":["Daniel Leduc"],"category_codes":["1000000","1090000"],"visuals":{"large":"https:\/\/images.epagine.fr\/397\/9782738485397_1_75.jpg","medium":"https:\/\/images.epagine.fr\/397\/9782738485397_1_m.jpg","thumbnail":"https:\/\/images.epagine.fr\/397\/9782738485397_1_v.jpg"},"orderable":true,"show_badge":true,"formatted_price":"11,00&nbsp;\u20ac","formatted_published_date":"3 mai 2000","publisher_availability_label":"Sur commande","short_details":"Daniel Leduc \u2014 \u00c9ditions L'Harmattan","translator":null,"weight":118,"page_count":null,"readership":null,"editor":"\u00c9ditions L'Harmattan","price":1100,"published_date":"2000-05-02T22:00:00.000000Z","support":"Grand format","publisher_availability":1,"stock":0,"editions":[],"url":"https:\/\/quaidesbrumes.com\/ouvrage\/9782738485397\/source-une-puis-une-autre"},{"id":"9782738483508","title":"Metissages","description":"Le Pass\u00e9 est une notion obs\u00e9dante dans l'univers de cet historien d'origine. L'auteur des \" Anticolonialistes \" met ainsi en \u00e9vidence le lien implicite qui rattache les lieux pourtant distants dans l'espace et le temps : le souvenir de la collision et\/ou du m\u00e9tissage des Civilisations.\r","authors":["Jean-Pierre Biondi"],"category_codes":["1000000","1090000"],"visuals":{"large":"https:\/\/images.epagine.fr\/508\/9782738483508_1_75.jpg","medium":"https:\/\/images.epagine.fr\/508\/9782738483508_1_m.jpg","thumbnail":"https:\/\/images.epagine.fr\/508\/9782738483508_1_v.jpg"},"orderable":true,"show_badge":true,"formatted_price":"10,00&nbsp;\u20ac","formatted_published_date":"3 mai 2000","publisher_availability_label":"Sur commande","short_details":"Jean-Pierre Biondi \u2014 \u00c9ditions L'Harmattan","translator":null,"weight":88,"page_count":null,"readership":null,"editor":"\u00c9ditions L'Harmattan","price":1000,"published_date":"2000-05-02T22:00:00.000000Z","support":"Grand format","publisher_availability":1,"stock":0,"editions":[],"url":"https:\/\/quaidesbrumes.com\/ouvrage\/9782738483508\/metissages"},{"id":"9782909640709","title":"Un chant d'arbre","description":null,"authors":["Jean-Francois Franchet"],"category_codes":["1000000","1090000","1090600"],"visuals":{"large":"https:\/\/images.epagine.fr\/709\/9782909640709_1_75.jpg","medium":"https:\/\/images.epagine.fr\/709\/9782909640709_1_m.jpg","thumbnail":"https:\/\/images.epagine.fr\/709\/9782909640709_1_v.jpg"},"orderable":true,"show_badge":true,"formatted_price":"5,00&nbsp;\u20ac","formatted_published_date":"1er mars 2010","publisher_availability_label":"Sur commande","short_details":"Jean-Francois Franchet \u2014 DONNER A VOIR","translator":null,"weight":25,"page_count":11,"readership":null,"editor":"DONNER A VOIR","price":500,"published_date":"2010-02-28T23:00:00.000000Z","support":"Grand format","publisher_availability":1,"stock":0,"editions":[],"url":"https:\/\/quaidesbrumes.com\/ouvrage\/9782909640709\/un-chant-darbre"}]}