{"data":[{"id":"9782829301810","title":"Les chats des po\u00e8tes","description":"L'inspiration des po\u00e8tes li\u00e9e \u00e0 ce symbole ronronnant de l'\u00e9trange qu'est le chat a offert de magnifiques oeuvres aux mots somptueux, aux vers magiques et \u00e0 la prose admirable.","authors":["Carole S\u00e9dillot"],"category_codes":["1000000","1090000"],"visuals":{"large":"https:\/\/images.epagine.fr\/810\/9782829301810_1_75.jpg","medium":"https:\/\/images.epagine.fr\/810\/9782829301810_1_m.jpg","thumbnail":"https:\/\/images.epagine.fr\/810\/9782829301810_1_v.jpg"},"orderable":true,"show_badge":true,"formatted_price":"15,00&nbsp;\u20ac","formatted_published_date":"29 octobre 2001","publisher_availability_label":"Sur commande","short_details":"Carole S\u00e9dillot \u2014 Tricorne","translator":null,"weight":305,"page_count":160,"readership":null,"editor":"Tricorne","price":1500,"published_date":"2001-10-28T23:00:00.000000Z","support":"Beaux-livres","publisher_availability":1,"stock":0,"editions":[],"url":"https:\/\/quaidesbrumes.com\/ouvrage\/9782829301810\/les-chats-des-poetes"},{"id":"9782840310990","title":"La vie foudroy\u00e9e","description":null,"authors":["Bernard Mazo"],"category_codes":["1000000","1090000"],"visuals":{"large":"https:\/\/images.epagine.fr\/990\/9782840310990_1_75.jpg","medium":"https:\/\/images.epagine.fr\/990\/9782840310990_1_m.jpg","thumbnail":"https:\/\/images.epagine.fr\/990\/9782840310990_1_v.jpg"},"orderable":true,"show_badge":true,"formatted_price":"12,00&nbsp;\u20ac","formatted_published_date":"21 mars 2000","publisher_availability_label":"Sur commande","short_details":"Bernard Mazo \u2014 L'Idee Bleue","translator":null,"weight":140,"page_count":null,"readership":null,"editor":"L'Idee Bleue","price":1200,"published_date":"2000-03-20T23:00:00.000000Z","support":"Grand format","publisher_availability":1,"stock":0,"editions":[],"url":"https:\/\/quaidesbrumes.com\/ouvrage\/9782840310990\/la-vie-foudroyee"},{"id":"9782878671865","title":"Au fil du temps","description":null,"authors":["France Belle-Larant"],"category_codes":["1000000","1090000"],"visuals":{"large":"https:\/\/quaidesbrumes.com\/img\/book-placeholder.png","medium":"https:\/\/quaidesbrumes.com\/img\/book-placeholder.png","thumbnail":"https:\/\/quaidesbrumes.com\/img\/book-placeholder.png"},"orderable":true,"show_badge":true,"formatted_price":"9,15&nbsp;\u20ac","formatted_published_date":"15 janvier 1999","publisher_availability_label":"Sur commande","short_details":"France Belle-Larant \u2014 Presses Du Midi","translator":null,"weight":200,"page_count":null,"readership":null,"editor":"Presses Du Midi","price":915,"published_date":"1999-01-14T23:00:00.000000Z","support":"Grand format","publisher_availability":1,"stock":0,"editions":[],"url":"https:\/\/quaidesbrumes.com\/ouvrage\/9782878671865\/au-fil-du-temps"},{"id":"9782854463880","title":"Alphabet de l'\u00e9clat","description":null,"authors":["Nicole Gdalia"],"category_codes":["1000000","1090000"],"visuals":{"large":"https:\/\/images.epagine.fr\/880\/9782854463880_1_75.jpg","medium":"https:\/\/images.epagine.fr\/880\/9782854463880_1_m.jpg","thumbnail":"https:\/\/images.epagine.fr\/880\/9782854463880_1_v.jpg"},"orderable":true,"show_badge":true,"formatted_price":"26,00&nbsp;\u20ac","formatted_published_date":"1er octobre 2005","publisher_availability_label":"Sur commande","short_details":"Nicole Gdalia \u2014 Caracteres","translator":null,"weight":674,"page_count":null,"readership":null,"editor":"Caracteres","price":2600,"published_date":"2005-09-30T22:00:00.000000Z","support":"Grand format","publisher_availability":1,"stock":0,"editions":[],"url":"https:\/\/quaidesbrumes.com\/ouvrage\/9782854463880\/alphabet-de-leclat"},{"id":"9782913040670","title":"Les morceaux de l'image ; ficelle blanche Tome 95","description":null,"authors":["Jacques  Deble Ancet"],"category_codes":["1000000","1090000"],"visuals":{"large":"https:\/\/quaidesbrumes.com\/img\/book-placeholder.png","medium":"https:\/\/quaidesbrumes.com\/img\/book-placeholder.png","thumbnail":"https:\/\/quaidesbrumes.com\/img\/book-placeholder.png"},"orderable":true,"show_badge":true,"formatted_price":"9,00&nbsp;\u20ac","formatted_published_date":"1er mars 2010","publisher_availability_label":"Sur commande","short_details":"Jacques  Deble Ancet \u2014 Atelier Vincent Rougier","translator":null,"weight":45,"page_count":null,"readership":null,"editor":"Atelier Vincent Rougier","price":900,"published_date":"2010-02-28T23:00:00.000000Z","support":"Grand format","publisher_availability":1,"stock":0,"editions":[],"url":"https:\/\/quaidesbrumes.com\/ouvrage\/9782913040670\/les-morceaux-de-limage-ficelle-blanche-tome-95"},{"id":"9782080677501","title":"Po\u00e8mes d'\u00e9t\u00e9 : Impressions","description":"Moins d\u00e9chir\u00e9e, plus apais\u00e9e peut-\u00eatre, l'\u00e9criture de la po\u00e9tesse retrace ici, \u00e0 travers le r\u00e9cit d'une passion interdite, les grands \u00e9lans de la lyrique amoureuse dont elle avait retrac\u00e9 l'histoire dans\u00abL'amour du nom\u00bb.\r","authors":["Martine Broda"],"category_codes":["1000000","1090000"],"visuals":{"large":"https:\/\/images.epagine.fr\/501\/9782080677501_1_75.jpg","medium":"https:\/\/images.epagine.fr\/501\/9782080677501_1_m.jpg","thumbnail":"https:\/\/images.epagine.fr\/501\/9782080677501_1_v.jpg"},"orderable":true,"show_badge":true,"formatted_price":"15,00&nbsp;\u20ac","formatted_published_date":"17 octobre 2000","publisher_availability_label":"Sur commande","short_details":"Martine Broda \u2014 Flammarion","translator":null,"weight":196,"page_count":160,"readership":null,"editor":"Flammarion","price":1500,"published_date":"2000-10-16T22:00:00.000000Z","support":"Grand format","publisher_availability":1,"stock":0,"editions":[],"url":"https:\/\/quaidesbrumes.com\/ouvrage\/9782080677501\/poemes-dete-impressions"},{"id":"9782900130063","title":"Roland Petit","description":null,"authors":["Collectif"],"category_codes":["1000000","1090000"],"visuals":{"large":"https:\/\/quaidesbrumes.com\/img\/book-placeholder.png","medium":"https:\/\/quaidesbrumes.com\/img\/book-placeholder.png","thumbnail":"https:\/\/quaidesbrumes.com\/img\/book-placeholder.png"},"orderable":true,"show_badge":true,"formatted_price":"1524,00&nbsp;\u20ac","formatted_published_date":"8 ao\u00fbt 2005","publisher_availability_label":"Sur commande","short_details":"Collectif \u2014 Avant sc\u00e8ne th\u00e9\u00e2tre","translator":null,"weight":0,"page_count":null,"readership":null,"editor":"Avant sc\u00e8ne th\u00e9\u00e2tre","price":152400,"published_date":"2005-08-07T22:00:00.000000Z","support":"Revue","publisher_availability":1,"stock":0,"editions":[],"url":"https:\/\/quaidesbrumes.com\/ouvrage\/9782900130063\/roland-petit"},{"id":"9782738480774","title":"Elle, soudain","description":"Sous le beau titre Elle, soudain , on peut lire d\u00e9sormais - \u00e0 la fois en fran\u00e7ais et en espagnol - une anthologie de la si vivante po\u00e9sie de l'argentin Rodolfo Alonso. Une s\u00e9lection qui met surtout l'accent sur ses premiers po\u00e8mes, merveilleusement innocents, mais ne laisse aussi de montrer la limpide continuit\u00e9 de son oeuvre, en m\u00eame temps claire et touchante, originale et partageable.\r","authors":["Alonso Rodolfo"],"category_codes":["1000000","1090000"],"visuals":{"large":"https:\/\/images.epagine.fr\/774\/9782738480774_1_75.jpg","medium":"https:\/\/images.epagine.fr\/774\/9782738480774_1_m.jpg","thumbnail":"https:\/\/images.epagine.fr\/774\/9782738480774_1_v.jpg"},"orderable":true,"show_badge":true,"formatted_price":"11,50&nbsp;\u20ac","formatted_published_date":"15 juin 1999","publisher_availability_label":"Sur commande","short_details":"Alonso Rodolfo \u2014 \u00c9ditions L'Harmattan","translator":null,"weight":164,"page_count":null,"readership":null,"editor":"\u00c9ditions L'Harmattan","price":1150,"published_date":"1999-06-14T22:00:00.000000Z","support":"Grand format","publisher_availability":1,"stock":0,"editions":[],"url":"https:\/\/quaidesbrumes.com\/ouvrage\/9782738480774\/elle-soudain"},{"id":"9782738479655","title":"PRESQU'ILE PLEIN VENT","description":"Presqu'\u00eele plein vent, 1973-1990 : dix-sept ans d'\u00e9criture, dont il ne restera que ces phases, ces presque-textes, murmures ou cris, journal de bord, journal intime.","authors":["Ren\u00e9 Agostini"],"category_codes":["1000000","1090000"],"visuals":{"large":"https:\/\/images.epagine.fr\/655\/9782738479655_1_75.jpg","medium":"https:\/\/images.epagine.fr\/655\/9782738479655_1_m.jpg","thumbnail":"https:\/\/images.epagine.fr\/655\/9782738479655_1_v.jpg"},"orderable":true,"show_badge":true,"formatted_price":"11,00&nbsp;\u20ac","formatted_published_date":"15 juin 1999","publisher_availability_label":"Sur commande","short_details":"Ren\u00e9 Agostini \u2014 \u00c9ditions L'Harmattan","translator":null,"weight":126,"page_count":84,"readership":null,"editor":"\u00c9ditions L'Harmattan","price":1100,"published_date":"1999-06-14T22:00:00.000000Z","support":"Grand format","publisher_availability":1,"stock":0,"editions":[],"url":"https:\/\/quaidesbrumes.com\/ouvrage\/9782738479655\/presquile-plein-vent"},{"id":"9782849540022","title":"L'improbable regard (textes et photos)","description":null,"authors":["Stephanie Bellet"],"category_codes":["1000000","1090000"],"visuals":{"large":"https:\/\/quaidesbrumes.com\/img\/book-placeholder.png","medium":"https:\/\/quaidesbrumes.com\/img\/book-placeholder.png","thumbnail":"https:\/\/quaidesbrumes.com\/img\/book-placeholder.png"},"orderable":true,"show_badge":true,"formatted_price":"14,00&nbsp;\u20ac","formatted_published_date":"15 septembre 2005","publisher_availability_label":"Sur commande","short_details":"Stephanie Bellet \u2014 Chemins De Plume","translator":null,"weight":120,"page_count":null,"readership":null,"editor":"Chemins De Plume","price":1400,"published_date":"2005-09-14T22:00:00.000000Z","support":"Grand format","publisher_availability":1,"stock":0,"editions":[],"url":"https:\/\/quaidesbrumes.com\/ouvrage\/9782849540022\/limprobable-regard-textes-et-photos"},{"id":"9782858020560","title":"Fables africaines ; la puissance des mots","description":"Les Fables africaines sont destin\u00e9es \u00e0 un public sans \u00e2ge, comme toutes les fables. Leur cr\u00e9ation a \u00e9t\u00e9 occasionn\u00e9e, voici une quinzaine d'ann\u00e9es, par le souci de trouver un compl\u00e9ment africain aux \u00e9ternelles Fables de La Fontaine que l'auteur, jeune instituteur, donnait \u00e0 ses \u00e9l\u00e8ves pour stimuler en eux la sensibilit\u00e9 po\u00e9tique et l'esprit de la morale. Il n'est, en litt\u00e9rature, oeuvre plus poignante, plus perspicace et plus appropri\u00e9e que la fable pour mettre en relief (presque \u00e0 nu) et stigmatiser nos ridicules, nos \u00e9garements individuels ou sociaux. C'est pourquoi le personnage d'Esope, en tant que philosophe-moraliste, fut si remarquable, si important dans la soci\u00e9t\u00e9 et dans la litt\u00e9rature grecques antiques. La Parole du fabuliste est une parole forte - r\u00e9volutionnaire, selon la terminologie de notre \u00e9poque. Ce n'est pas pour rien qu'Esope disait de la langue qu'  elle est le meilleur et le pire . Ces Fables africaines arrivent en renfort de l'arm\u00e9e de toutes les fables qui existent et qui sont engag\u00e9es sur le champ de nos consciences respectives, pour lutter contre tous les comportements individuels et collectifs qui d\u00e9shumanisent notre monde.","authors":["Yves-emmanuel Dogbe"],"category_codes":["1000000","1090000"],"visuals":{"large":"https:\/\/images.epagine.fr\/560\/9782858020560_1_75.jpg","medium":"https:\/\/images.epagine.fr\/560\/9782858020560_1_m.jpg","thumbnail":"https:\/\/images.epagine.fr\/560\/9782858020560_1_v.jpg"},"orderable":true,"show_badge":true,"formatted_price":"10,00&nbsp;\u20ac","formatted_published_date":"3 mai 2000","publisher_availability_label":"Sur commande","short_details":"Yves-emmanuel Dogbe \u2014 \u00c9ditions L'Harmattan","translator":null,"weight":116,"page_count":72,"readership":null,"editor":"\u00c9ditions L'Harmattan","price":1000,"published_date":"2000-05-02T22:00:00.000000Z","support":"Grand format","publisher_availability":1,"stock":0,"editions":[],"url":"https:\/\/quaidesbrumes.com\/ouvrage\/9782858020560\/fables-africaines-la-puissance-des-mots"},{"id":"9782849540008","title":"Du cote de l'envers","description":null,"authors":["Ile Eniger"],"category_codes":["1000000","1090000","1090600"],"visuals":{"large":"https:\/\/quaidesbrumes.com\/img\/book-placeholder.png","medium":"https:\/\/quaidesbrumes.com\/img\/book-placeholder.png","thumbnail":"https:\/\/quaidesbrumes.com\/img\/book-placeholder.png"},"orderable":true,"show_badge":true,"formatted_price":"10,00&nbsp;\u20ac","formatted_published_date":"15 septembre 2003","publisher_availability_label":"Sur commande","short_details":"Ile Eniger \u2014 Chemins De Plume","translator":null,"weight":80,"page_count":null,"readership":null,"editor":"Chemins De Plume","price":1000,"published_date":"2003-09-14T22:00:00.000000Z","support":"Grand format","publisher_availability":1,"stock":0,"editions":[],"url":"https:\/\/quaidesbrumes.com\/ouvrage\/9782849540008\/du-cote-de-lenvers"},{"id":"9782849540015","title":"Pas d'hiver sans tango","description":null,"authors":["Ile Eniger"],"category_codes":["1000000","1090000"],"visuals":{"large":"https:\/\/quaidesbrumes.com\/img\/book-placeholder.png","medium":"https:\/\/quaidesbrumes.com\/img\/book-placeholder.png","thumbnail":"https:\/\/quaidesbrumes.com\/img\/book-placeholder.png"},"orderable":true,"show_badge":true,"formatted_price":"13,50&nbsp;\u20ac","formatted_published_date":"15 avril 2004","publisher_availability_label":"Sur commande","short_details":"Ile Eniger \u2014 Chemins De Plume","translator":null,"weight":110,"page_count":null,"readership":null,"editor":"Chemins De Plume","price":1350,"published_date":"2004-04-14T22:00:00.000000Z","support":"Grand format","publisher_availability":1,"stock":0,"editions":[],"url":"https:\/\/quaidesbrumes.com\/ouvrage\/9782849540015\/pas-dhiver-sans-tango"},{"id":"9782849540398","title":"Le bleu des ronces","description":null,"authors":["Ile Eniger"],"category_codes":["1000000","1090000"],"visuals":{"large":"https:\/\/quaidesbrumes.com\/img\/book-placeholder.png","medium":"https:\/\/quaidesbrumes.com\/img\/book-placeholder.png","thumbnail":"https:\/\/quaidesbrumes.com\/img\/book-placeholder.png"},"orderable":true,"show_badge":true,"formatted_price":"13,50&nbsp;\u20ac","formatted_published_date":"15 juin 2006","publisher_availability_label":"Sur commande","short_details":"Ile Eniger \u2014 Chemins De Plume","translator":null,"weight":120,"page_count":null,"readership":null,"editor":"Chemins De Plume","price":1350,"published_date":"2006-06-14T22:00:00.000000Z","support":"Grand format","publisher_availability":1,"stock":0,"editions":[],"url":"https:\/\/quaidesbrumes.com\/ouvrage\/9782849540398\/le-bleu-des-ronces"},{"id":"9782849540527","title":"Bleu miel","description":null,"authors":["Ile Eniger"],"category_codes":["1000000","1090000"],"visuals":{"large":"https:\/\/quaidesbrumes.com\/img\/book-placeholder.png","medium":"https:\/\/quaidesbrumes.com\/img\/book-placeholder.png","thumbnail":"https:\/\/quaidesbrumes.com\/img\/book-placeholder.png"},"orderable":true,"show_badge":true,"formatted_price":"13,50&nbsp;\u20ac","formatted_published_date":"20 juin 2007","publisher_availability_label":"Sur commande","short_details":"Ile Eniger \u2014 Chemins De Plume","translator":null,"weight":125,"page_count":null,"readership":null,"editor":"Chemins De Plume","price":1350,"published_date":"2007-06-19T22:00:00.000000Z","support":"Grand format","publisher_availability":1,"stock":0,"editions":[],"url":"https:\/\/quaidesbrumes.com\/ouvrage\/9782849540527\/bleu-miel"},{"id":"9782849540657","title":"Terres de vendanges","description":null,"authors":["Ile Eniger"],"category_codes":["1000000","1090000"],"visuals":{"large":"https:\/\/quaidesbrumes.com\/img\/book-placeholder.png","medium":"https:\/\/quaidesbrumes.com\/img\/book-placeholder.png","thumbnail":"https:\/\/quaidesbrumes.com\/img\/book-placeholder.png"},"orderable":true,"show_badge":true,"formatted_price":"13,50&nbsp;\u20ac","formatted_published_date":"15 juin 2008","publisher_availability_label":"Sur commande","short_details":"Ile Eniger \u2014 Chemins De Plume","translator":null,"weight":130,"page_count":null,"readership":null,"editor":"Chemins De Plume","price":1350,"published_date":"2008-06-14T22:00:00.000000Z","support":"Grand format","publisher_availability":1,"stock":0,"editions":[],"url":"https:\/\/quaidesbrumes.com\/ouvrage\/9782849540657\/terres-de-vendanges"},{"id":"9782904429866","title":"Sur la route ; chansons et monologues","description":"Fac-simil\u00e9 de l'\u00e9dition r\u00e9alis\u00e9e par l'auteur (1896?), nombreuse illustration par Borgex. Chansons et sayn\u00e8tes \u00e9voquent ici, non Paris, mais la province, villes et campagne, chemineaux, colporteurs, les r\u00e9gions diverses, bords de mer et casinos...","authors":["Aristide Bruant"],"category_codes":["1000000","1090000"],"visuals":{"large":"https:\/\/images.epagine.fr\/866\/9782904429866_1_75.jpg","medium":"https:\/\/images.epagine.fr\/866\/9782904429866_1_m.jpg","thumbnail":"https:\/\/images.epagine.fr\/866\/9782904429866_1_v.jpg"},"orderable":true,"show_badge":true,"formatted_price":"15,99&nbsp;\u20ac","formatted_published_date":"10 novembre 1997","publisher_availability_label":"Sur commande","short_details":"Aristide Bruant \u2014 Ressouvenances","translator":null,"weight":236,"page_count":212,"readership":null,"editor":"Ressouvenances","price":1599,"published_date":"1997-11-09T23:00:00.000000Z","support":"Grand format","publisher_availability":1,"stock":0,"editions":[],"url":"https:\/\/quaidesbrumes.com\/ouvrage\/9782904429866\/sur-la-route-chansons-et-monologues"},{"id":"9782070277384","title":"Cahiers renaud-barrault 57  (william shakespeare(william shakes","description":null,"authors":["Collectif"],"category_codes":["1000000","1090000"],"visuals":{"large":"https:\/\/images.epagine.fr\/384\/9782070277384_1_75.jpg","medium":"https:\/\/images.epagine.fr\/384\/9782070277384_1_m.jpg","thumbnail":"https:\/\/images.epagine.fr\/384\/9782070277384_1_v.jpg"},"orderable":true,"show_badge":true,"formatted_price":"1,17&nbsp;\u20ac","formatted_published_date":"1er janvier 1966","publisher_availability_label":"Sur commande","short_details":"Collectif \u2014 Gallimard","translator":null,"weight":120,"page_count":128,"readership":null,"editor":"Gallimard","price":117,"published_date":"1965-12-31T23:00:00.000000Z","support":"Revue","publisher_availability":1,"stock":0,"editions":[],"url":"https:\/\/quaidesbrumes.com\/ouvrage\/9782070277384\/cahiers-renaud-barrault-57-william-shakespearewilliam-shakes"},{"id":"9782070277391","title":"Cahiers renaud barrault - fiction et imaginaire","description":null,"authors":["Collectif"],"category_codes":["1000000","1090000"],"visuals":{"large":"https:\/\/quaidesbrumes.com\/img\/book-placeholder.png","medium":"https:\/\/quaidesbrumes.com\/img\/book-placeholder.png","thumbnail":"https:\/\/quaidesbrumes.com\/img\/book-placeholder.png"},"orderable":true,"show_badge":true,"formatted_price":"1,17&nbsp;\u20ac","formatted_published_date":"1er janvier 1966","publisher_availability_label":"Sur commande","short_details":"Collectif \u2014 Gallimard","translator":null,"weight":120,"page_count":null,"readership":null,"editor":"Gallimard","price":117,"published_date":"1965-12-31T23:00:00.000000Z","support":"Revue","publisher_availability":1,"stock":0,"editions":[],"url":"https:\/\/quaidesbrumes.com\/ouvrage\/9782070277391\/cahiers-renaud-barrault-fiction-et-imaginaire"},{"id":"9782070277414","title":"Cahiers renaud-barrault 60 (medee)","description":null,"authors":["Collectif"],"category_codes":["1000000","1090000"],"visuals":{"large":"https:\/\/quaidesbrumes.com\/img\/book-placeholder.png","medium":"https:\/\/quaidesbrumes.com\/img\/book-placeholder.png","thumbnail":"https:\/\/quaidesbrumes.com\/img\/book-placeholder.png"},"orderable":true,"show_badge":true,"formatted_price":"1,17&nbsp;\u20ac","formatted_published_date":"1er janvier 1967","publisher_availability_label":"Sur commande","short_details":"Collectif \u2014 Gallimard","translator":null,"weight":120,"page_count":128,"readership":null,"editor":"Gallimard","price":117,"published_date":"1966-12-31T23:00:00.000000Z","support":"Revue","publisher_availability":1,"stock":0,"editions":[],"url":"https:\/\/quaidesbrumes.com\/ouvrage\/9782070277414\/cahiers-renaud-barrault-60-medee"},{"id":"9782950247674","title":"Humeurs de papier","description":"Humeurs de papier est la mise en mots de mes \u00e9tats d'\u00e2me. Elles rassemblent des textes en prose de longueur variable sur diff\u00e9rents th\u00e8mes : le temps, la nature, la m\u00e9moire, le partage, la souffrance, l'oubli et ses contradictions, la rencontre, l'\u00e9merveillement. Ce sont des billets d'humeur issus du quotidien, d'une impression ou d'une r\u00e9action face \u00e0 une r\u00e9alit\u00e9 surprenante. Des flots de mots se sont \u00e9parpill\u00e9s sur le papier. Ma plume a disciplin\u00e9 leurs ardeurs et les a regroup\u00e9s en respectant leurs affinit\u00e9s et en veillant \u00e0 terminer sur une note optimiste. Chaque texte est n\u00e9 au croisement de mon senti du moment et de la r\u00e9alit\u00e9 qui en a d\u00e9coul\u00e9. J'ai souhait\u00e9 jointoyer ces deux instants avec des mots comme s'ils devaient colmater ce que je ne pouvais pas dire \u00e0 voix haute. Vous d\u00e9couvrirez des mots au gr\u00e9 du temps, t\u00e9moins d'humeur, ressentis instantan\u00e9s, clins d'oeil sur des sujets de tous les jours et de toujours.\r","authors":["Anne-b\u00e9n\u00e9dicte Joly"],"category_codes":["1000000","1090000"],"visuals":{"large":"https:\/\/images.epagine.fr\/674\/9782950247674_1_75.jpg","medium":"https:\/\/images.epagine.fr\/674\/9782950247674_1_m.jpg","thumbnail":"https:\/\/images.epagine.fr\/674\/9782950247674_1_v.jpg"},"orderable":true,"show_badge":true,"formatted_price":"15,00&nbsp;\u20ac","formatted_published_date":"20 janvier 2005","publisher_availability_label":"Sur commande","short_details":"Anne-b\u00e9n\u00e9dicte Joly \u2014 Joly Anne-Benedicte","translator":null,"weight":360,"page_count":266,"readership":null,"editor":"Joly Anne-Benedicte","price":1500,"published_date":"2005-01-19T23:00:00.000000Z","support":"Grand format","publisher_availability":1,"stock":0,"editions":[],"url":"https:\/\/quaidesbrumes.com\/ouvrage\/9782950247674\/humeurs-de-papier"},{"id":"9782019479381","title":"Myst\u00e8res des coulisses de l'Op\u00e9ra,  r\u00e9v\u00e9lations","description":"Myst\u00e8res des coulisses de l'Op\u00e9ra : r\u00e9v\u00e9lations (1re \u00e9d.) \/ Gabrielle Randon\r\nDate de l'\u00e9dition originale : 1885\r\n\r\nLe pr\u00e9sent ouvrage s'inscrit dans une politique de conservation patrimoniale des ouvrages de la litt\u00e9rature Fran\u00e7aise mise en place avec la BNF. \r\nHACHETTE LIVRE et la BNF proposent ainsi un catalogue de titres indisponibles, la BNF ayant num\u00e9ris\u00e9 ces oeuvres et HACHETTE LIVRE les imprimant \u00e0 la demande. \r\nCertains de ces ouvrages refl\u00e8tent des courants de pens\u00e9e caract\u00e9ristiques  de leur \u00e9poque, mais qui seraient aujourd'hui jug\u00e9s condamnables. \r\nIls n'en appartiennent pas moins \u00e0 l'histoire des id\u00e9es en France et sont susceptibles de pr\u00e9senter un int\u00e9r\u00eat scientifique ou historique. \r\nLe sens de notre d\u00e9marche \u00e9ditoriale consiste ainsi \u00e0 permettre l'acc\u00e8s \u00e0 ces oeuvres sans pour autant que nous en cautionnions en aucune fa\u00e7on le contenu. \r\nPour plus d'informations, rendez-vous sur www.hachettebnf.fr","authors":["Randon Gabrielle"],"category_codes":["6000000","6080000","6080200"],"visuals":{"large":"https:\/\/images.epagine.fr\/381\/9782019479381_1_75.jpg","medium":"https:\/\/images.epagine.fr\/381\/9782019479381_1_m.jpg","thumbnail":"https:\/\/images.epagine.fr\/381\/9782019479381_1_v.jpg"},"orderable":true,"show_badge":true,"formatted_price":"11,00&nbsp;\u20ac","formatted_published_date":"1er mars 2018","publisher_availability_label":"Sur commande","short_details":"Randon Gabrielle \u2014 Hachette BNF","translator":null,"weight":86,"page_count":56,"readership":null,"editor":"Hachette BNF","price":1100,"published_date":"2018-02-28T23:00:00.000000Z","support":"Grand format","publisher_availability":1,"stock":0,"editions":[],"url":"https:\/\/quaidesbrumes.com\/ouvrage\/9782019479381\/mysteres-des-coulisses-de-lopera-revelations"},{"id":"9782915232103","title":"Fen\u00eatre porte et facade","description":null,"authors":["J\u00e9r\u00f4me Mauche"],"category_codes":["1000000","1090000"],"visuals":{"large":"https:\/\/images.epagine.fr\/103\/9782915232103_1_75.jpg","medium":"https:\/\/images.epagine.fr\/103\/9782915232103_1_m.jpg","thumbnail":"https:\/\/images.epagine.fr\/103\/9782915232103_1_v.jpg"},"orderable":true,"show_badge":true,"formatted_price":"14,00&nbsp;\u20ac","formatted_published_date":"1er mars 2004","publisher_availability_label":"Sur commande","short_details":"J\u00e9r\u00f4me Mauche \u2014 Le Bleu Du Ciel","translator":null,"weight":401,"page_count":null,"readership":null,"editor":"Le Bleu Du Ciel","price":1400,"published_date":"2004-02-29T23:00:00.000000Z","support":"Grand format","publisher_availability":1,"stock":0,"editions":[],"url":"https:\/\/quaidesbrumes.com\/ouvrage\/9782915232103\/fenetre-porte-et-facade"},{"id":"9782849540640","title":"La ravine du monde","description":null,"authors":["Michel H\u00e9zard"],"category_codes":["1000000","1090000"],"visuals":{"large":"https:\/\/quaidesbrumes.com\/img\/book-placeholder.png","medium":"https:\/\/quaidesbrumes.com\/img\/book-placeholder.png","thumbnail":"https:\/\/quaidesbrumes.com\/img\/book-placeholder.png"},"orderable":true,"show_badge":true,"formatted_price":"13,50&nbsp;\u20ac","formatted_published_date":"15 juin 2008","publisher_availability_label":"Sur commande","short_details":"Michel H\u00e9zard \u2014 Chemins De Plume","translator":null,"weight":125,"page_count":null,"readership":null,"editor":"Chemins De Plume","price":1350,"published_date":"2008-06-14T22:00:00.000000Z","support":"Grand format","publisher_availability":1,"stock":0,"editions":[],"url":"https:\/\/quaidesbrumes.com\/ouvrage\/9782849540640\/la-ravine-du-monde"}]}