{"data":[{"id":"9782878671414","title":"Anthologie po\u00e9tique des 4 saisons","description":null,"authors":["Gilbert Chanel"],"category_codes":["1000000","1090000"],"visuals":{"large":"https:\/\/quaidesbrumes.com\/img\/book-placeholder.png","medium":"https:\/\/quaidesbrumes.com\/img\/book-placeholder.png","thumbnail":"https:\/\/quaidesbrumes.com\/img\/book-placeholder.png"},"orderable":true,"show_badge":true,"formatted_price":"22,71&nbsp;\u20ac","formatted_published_date":"7 janvier 1999","publisher_availability_label":"Sur commande","short_details":"Gilbert Chanel \u2014 Presses Du Midi","translator":null,"weight":500,"page_count":null,"readership":null,"editor":"Presses Du Midi","price":2271,"published_date":"1999-01-06T23:00:00.000000Z","support":"Grand format","publisher_availability":1,"stock":0,"editions":[],"url":"https:\/\/quaidesbrumes.com\/ouvrage\/9782878671414\/anthologie-poetique-des-4-saisons"},{"id":"9782909468600","title":"Au gre des jours","description":null,"authors":["Alain Loirat"],"category_codes":["1000000","1090000"],"visuals":{"large":"https:\/\/quaidesbrumes.com\/img\/book-placeholder.png","medium":"https:\/\/quaidesbrumes.com\/img\/book-placeholder.png","thumbnail":"https:\/\/quaidesbrumes.com\/img\/book-placeholder.png"},"orderable":true,"show_badge":true,"formatted_price":"4,57&nbsp;\u20ac","formatted_published_date":"1er janvier 1999","publisher_availability_label":"Sur commande","short_details":"Alain Loirat \u2014 Le Bruit Des Autres","translator":null,"weight":200,"page_count":null,"readership":null,"editor":"Le Bruit Des Autres","price":457,"published_date":"1998-12-31T23:00:00.000000Z","support":"Grand format","publisher_availability":1,"stock":0,"editions":[],"url":"https:\/\/quaidesbrumes.com\/ouvrage\/9782909468600\/au-gre-des-jours"},{"id":"9782913751149","title":"Rio m\u00eame ; souvenirs d'un voyage au Br\u00e9sil","description":null,"authors":["Philippe Bill\u00e9"],"category_codes":["1000000","1090000"],"visuals":{"large":"https:\/\/images.epagine.fr\/149\/9782913751149_1_75.jpg","medium":"https:\/\/images.epagine.fr\/149\/9782913751149_1_m.jpg","thumbnail":"https:\/\/images.epagine.fr\/149\/9782913751149_1_v.jpg"},"orderable":true,"show_badge":true,"formatted_price":"5,50&nbsp;\u20ac","formatted_published_date":"1er janvier 2002","publisher_availability_label":"Sur commande","short_details":"Philippe Bill\u00e9 \u2014 PIERRE MAINARD","translator":null,"weight":42,"page_count":null,"readership":null,"editor":"PIERRE MAINARD","price":550,"published_date":"2001-12-31T23:00:00.000000Z","support":"Grand format","publisher_availability":1,"stock":0,"editions":[],"url":"https:\/\/quaidesbrumes.com\/ouvrage\/9782913751149\/rio-meme-souvenirs-dun-voyage-au-bresil"},{"id":"9782912525154","title":"Parole du baobab","description":null,"authors":["Kane Amamdou Elimane"],"category_codes":["1000000","1090000"],"visuals":{"large":"https:\/\/quaidesbrumes.com\/img\/book-placeholder.png","medium":"https:\/\/quaidesbrumes.com\/img\/book-placeholder.png","thumbnail":"https:\/\/quaidesbrumes.com\/img\/book-placeholder.png"},"orderable":true,"show_badge":true,"formatted_price":"13,00&nbsp;\u20ac","formatted_published_date":"20 janvier 2003","publisher_availability_label":"Sur commande","short_details":"Kane Amamdou Elimane \u2014 ACORIA","translator":null,"weight":118,"page_count":null,"readership":null,"editor":"ACORIA","price":1300,"published_date":"2003-01-19T23:00:00.000000Z","support":"Grand format","publisher_availability":1,"stock":0,"editions":[],"url":"https:\/\/quaidesbrumes.com\/ouvrage\/9782912525154\/parole-du-baobab"},{"id":"9782918566397","title":"Traces poesie et photographie","description":null,"authors":["Rouanet Liliane"],"category_codes":["1000000","1090000"],"visuals":{"large":"https:\/\/quaidesbrumes.com\/img\/book-placeholder.png","medium":"https:\/\/quaidesbrumes.com\/img\/book-placeholder.png","thumbnail":"https:\/\/quaidesbrumes.com\/img\/book-placeholder.png"},"orderable":true,"show_badge":true,"formatted_price":"20,00&nbsp;\u20ac","formatted_published_date":"27 septembre 2014","publisher_availability_label":"Sur commande","short_details":"Rouanet Liliane \u2014 Filosphere","translator":null,"weight":130,"page_count":null,"readership":null,"editor":"Filosphere","price":2000,"published_date":"2014-09-26T22:00:00.000000Z","support":"Grand format","publisher_availability":1,"stock":0,"editions":[],"url":"https:\/\/quaidesbrumes.com\/ouvrage\/9782918566397\/traces-poesie-et-photographie"},{"id":"9782903974961","title":"Sans rimes mes raisons","description":null,"authors":["Jean-Marie Gilory"],"category_codes":["1000000","1090000"],"visuals":{"large":"https:\/\/quaidesbrumes.com\/img\/book-placeholder.png","medium":"https:\/\/quaidesbrumes.com\/img\/book-placeholder.png","thumbnail":"https:\/\/quaidesbrumes.com\/img\/book-placeholder.png"},"orderable":true,"show_badge":true,"formatted_price":"12,20&nbsp;\u20ac","formatted_published_date":"8 mars 2003","publisher_availability_label":"Sur commande","short_details":"Jean-Marie Gilory \u2014 Rumeur Des Ages","translator":null,"weight":0,"page_count":null,"readership":null,"editor":"Rumeur Des Ages","price":1220,"published_date":"2003-03-07T23:00:00.000000Z","support":"Grand format","publisher_availability":1,"stock":0,"editions":[],"url":"https:\/\/quaidesbrumes.com\/ouvrage\/9782903974961\/sans-rimes-mes-raisons"},{"id":"9782705512033","title":"Pronemade poetique","description":null,"authors":["Jacqueline Le Forban"],"category_codes":["1000000","1090000"],"visuals":{"large":"https:\/\/quaidesbrumes.com\/img\/book-placeholder.png","medium":"https:\/\/quaidesbrumes.com\/img\/book-placeholder.png","thumbnail":"https:\/\/quaidesbrumes.com\/img\/book-placeholder.png"},"orderable":true,"show_badge":true,"formatted_price":"6,10&nbsp;\u20ac","formatted_published_date":"8 mars 2003","publisher_availability_label":"Sur commande","short_details":"Jacqueline Le Forban \u2014 Grassin","translator":null,"weight":0,"page_count":null,"readership":null,"editor":"Grassin","price":610,"published_date":"2003-03-07T23:00:00.000000Z","support":"Grand format","publisher_availability":1,"stock":0,"editions":[],"url":"https:\/\/quaidesbrumes.com\/ouvrage\/9782705512033\/pronemade-poetique"},{"id":"9782843270031","title":"Ici repose","description":null,"authors":["Eliane Mittelman"],"category_codes":["1000000","1090000"],"visuals":{"large":"https:\/\/quaidesbrumes.com\/img\/book-placeholder.png","medium":"https:\/\/quaidesbrumes.com\/img\/book-placeholder.png","thumbnail":"https:\/\/quaidesbrumes.com\/img\/book-placeholder.png"},"orderable":true,"show_badge":true,"formatted_price":"6,86&nbsp;\u20ac","formatted_published_date":"8 mars 2003","publisher_availability_label":"Sur commande","short_details":"Eliane Mittelman \u2014 Rumeur Des Ages","translator":null,"weight":0,"page_count":null,"readership":null,"editor":"Rumeur Des Ages","price":686,"published_date":"2003-03-07T23:00:00.000000Z","support":"Grand format","publisher_availability":1,"stock":0,"editions":[],"url":"https:\/\/quaidesbrumes.com\/ouvrage\/9782843270031\/ici-repose"},{"id":"9782909468433","title":"Halages","description":"\u00ab Qui est donc ce il anonyme qui parle ? Celui qui, innomm\u00e9, en lui seul t\u00e9moigne de la souffrance de tous, la lumi\u00e8re de sa douleur \u00e9clairant un recoin du monde que d'aucuns ne voudraient pas voir ? Oui, qui est ce il, sujet de ces fragments, \u00e9criture du d\u00e9sastre, pour reprendre la belle expression de Blanchot ? Il, cette unique syllabe, ces deux lettres maigres accol\u00e9es, fait penser \u00e0 un personnage de Giacometti, cet homme qui marche, raidi de volont\u00e9 malgr\u00e9 tout, au sein de l'absurdit\u00e9, \u00e0 la recherche d'un peu d'espoir, de libert\u00e9, qu'il trouvera peut-\u00eatre dans cette encre rare, dans ces mots nus, dernier refuge devant un monde en perdition. \u00bb Ren\u00e9 Pons (pr\u00e9face)\r","authors":["Bernard Montini"],"category_codes":["1000000","1090000"],"visuals":{"large":"https:\/\/quaidesbrumes.com\/img\/book-placeholder.png","medium":"https:\/\/quaidesbrumes.com\/img\/book-placeholder.png","thumbnail":"https:\/\/quaidesbrumes.com\/img\/book-placeholder.png"},"orderable":true,"show_badge":true,"formatted_price":"10,67&nbsp;\u20ac","formatted_published_date":"1er janvier 1999","publisher_availability_label":"Sur commande","short_details":"Bernard Montini \u2014 Le Bruit Des Autres","translator":null,"weight":200,"page_count":null,"readership":null,"editor":"Le Bruit Des Autres","price":1067,"published_date":"1998-12-31T23:00:00.000000Z","support":"Grand format","publisher_availability":1,"stock":0,"editions":[],"url":"https:\/\/quaidesbrumes.com\/ouvrage\/9782909468433\/halages"},{"id":"9782705511999","title":"Les poetes et la route","description":null,"authors":["Collectif"],"category_codes":["1000000","1090000"],"visuals":{"large":"https:\/\/quaidesbrumes.com\/img\/book-placeholder.png","medium":"https:\/\/quaidesbrumes.com\/img\/book-placeholder.png","thumbnail":"https:\/\/quaidesbrumes.com\/img\/book-placeholder.png"},"orderable":true,"show_badge":true,"formatted_price":"38,11&nbsp;\u20ac","formatted_published_date":"8 mars 2003","publisher_availability_label":"Sur commande","short_details":"Collectif \u2014 Grassin","translator":null,"weight":0,"page_count":null,"readership":null,"editor":"Grassin","price":3811,"published_date":"2003-03-07T23:00:00.000000Z","support":"Grand format","publisher_availability":1,"stock":0,"editions":[],"url":"https:\/\/quaidesbrumes.com\/ouvrage\/9782705511999\/les-poetes-et-la-route"},{"id":"9782903974978","title":"Le murier dans la mer","description":null,"authors":["Alain Richer"],"category_codes":["1000000","1090000"],"visuals":{"large":"https:\/\/quaidesbrumes.com\/img\/book-placeholder.png","medium":"https:\/\/quaidesbrumes.com\/img\/book-placeholder.png","thumbnail":"https:\/\/quaidesbrumes.com\/img\/book-placeholder.png"},"orderable":true,"show_badge":true,"formatted_price":"7,62&nbsp;\u20ac","formatted_published_date":"8 mars 2003","publisher_availability_label":"Sur commande","short_details":"Alain Richer \u2014 Rumeur Des Ages","translator":null,"weight":0,"page_count":null,"readership":null,"editor":"Rumeur Des Ages","price":762,"published_date":"2003-03-07T23:00:00.000000Z","support":"Grand format","publisher_availability":1,"stock":0,"editions":[],"url":"https:\/\/quaidesbrumes.com\/ouvrage\/9782903974978\/le-murier-dans-la-mer"},{"id":"9782312085999","title":"Des mots pour des \u00e9motions","description":"Bienvenue dans mon univers. Un po\u00e8me est avant tout le reflet d'une \u00e9motion, qu'elle soit positive ou n\u00e9gative. Il appara\u00eet que j'ai un petit \u00ab don \u00bb pour me mettre \u00e0 la place des autres et formuler avec des mots des \u00e9motions que je n'ai pas ressenties ou qui ne me concernent pas.\r\nAlors pr\u00eat ? Un, deux, trois....lisez!\r","authors":["Marie-Noelle Gelot Andre"],"category_codes":["1000000","1090000"],"visuals":{"large":"https:\/\/images.epagine.fr\/999\/9782312085999_1_75.jpg","medium":"https:\/\/images.epagine.fr\/999\/9782312085999_1_m.jpg","thumbnail":"https:\/\/images.epagine.fr\/999\/9782312085999_1_v.jpg"},"orderable":true,"show_badge":true,"formatted_price":"15,00&nbsp;\u20ac","formatted_published_date":"8 octobre 2021","publisher_availability_label":"Sur commande","short_details":"Marie-Noelle Gelot Andre \u2014 Editions du Net","translator":null,"weight":160,"page_count":100,"readership":null,"editor":"Editions du Net","price":1500,"published_date":"2021-10-07T22:00:00.000000Z","support":"Grand format","publisher_availability":1,"stock":0,"editions":[],"url":"https:\/\/quaidesbrumes.com\/ouvrage\/9782312085999\/des-mots-pour-des-emotions"},{"id":"9782829301810","title":"Les chats des po\u00e8tes","description":"L'inspiration des po\u00e8tes li\u00e9e \u00e0 ce symbole ronronnant de l'\u00e9trange qu'est le chat a offert de magnifiques oeuvres aux mots somptueux, aux vers magiques et \u00e0 la prose admirable.","authors":["Carole S\u00e9dillot"],"category_codes":["1000000","1090000"],"visuals":{"large":"https:\/\/images.epagine.fr\/810\/9782829301810_1_75.jpg","medium":"https:\/\/images.epagine.fr\/810\/9782829301810_1_m.jpg","thumbnail":"https:\/\/images.epagine.fr\/810\/9782829301810_1_v.jpg"},"orderable":true,"show_badge":true,"formatted_price":"15,00&nbsp;\u20ac","formatted_published_date":"29 octobre 2001","publisher_availability_label":"Sur commande","short_details":"Carole S\u00e9dillot \u2014 Tricorne","translator":null,"weight":305,"page_count":160,"readership":null,"editor":"Tricorne","price":1500,"published_date":"2001-10-28T23:00:00.000000Z","support":"Beaux-livres","publisher_availability":1,"stock":0,"editions":[],"url":"https:\/\/quaidesbrumes.com\/ouvrage\/9782829301810\/les-chats-des-poetes"},{"id":"9782840310990","title":"La vie foudroy\u00e9e","description":null,"authors":["Bernard Mazo"],"category_codes":["1000000","1090000"],"visuals":{"large":"https:\/\/images.epagine.fr\/990\/9782840310990_1_75.jpg","medium":"https:\/\/images.epagine.fr\/990\/9782840310990_1_m.jpg","thumbnail":"https:\/\/images.epagine.fr\/990\/9782840310990_1_v.jpg"},"orderable":true,"show_badge":true,"formatted_price":"12,00&nbsp;\u20ac","formatted_published_date":"21 mars 2000","publisher_availability_label":"Sur commande","short_details":"Bernard Mazo \u2014 L'Idee Bleue","translator":null,"weight":140,"page_count":null,"readership":null,"editor":"L'Idee Bleue","price":1200,"published_date":"2000-03-20T23:00:00.000000Z","support":"Grand format","publisher_availability":1,"stock":0,"editions":[],"url":"https:\/\/quaidesbrumes.com\/ouvrage\/9782840310990\/la-vie-foudroyee"},{"id":"9782878671865","title":"Au fil du temps","description":null,"authors":["France Belle-Larant"],"category_codes":["1000000","1090000"],"visuals":{"large":"https:\/\/quaidesbrumes.com\/img\/book-placeholder.png","medium":"https:\/\/quaidesbrumes.com\/img\/book-placeholder.png","thumbnail":"https:\/\/quaidesbrumes.com\/img\/book-placeholder.png"},"orderable":true,"show_badge":true,"formatted_price":"9,15&nbsp;\u20ac","formatted_published_date":"15 janvier 1999","publisher_availability_label":"Sur commande","short_details":"France Belle-Larant \u2014 Presses Du Midi","translator":null,"weight":200,"page_count":null,"readership":null,"editor":"Presses Du Midi","price":915,"published_date":"1999-01-14T23:00:00.000000Z","support":"Grand format","publisher_availability":1,"stock":0,"editions":[],"url":"https:\/\/quaidesbrumes.com\/ouvrage\/9782878671865\/au-fil-du-temps"},{"id":"9782854463880","title":"Alphabet de l'\u00e9clat","description":null,"authors":["Nicole Gdalia"],"category_codes":["1000000","1090000"],"visuals":{"large":"https:\/\/images.epagine.fr\/880\/9782854463880_1_75.jpg","medium":"https:\/\/images.epagine.fr\/880\/9782854463880_1_m.jpg","thumbnail":"https:\/\/images.epagine.fr\/880\/9782854463880_1_v.jpg"},"orderable":true,"show_badge":true,"formatted_price":"26,00&nbsp;\u20ac","formatted_published_date":"1er octobre 2005","publisher_availability_label":"Sur commande","short_details":"Nicole Gdalia \u2014 Caracteres","translator":null,"weight":674,"page_count":null,"readership":null,"editor":"Caracteres","price":2600,"published_date":"2005-09-30T22:00:00.000000Z","support":"Grand format","publisher_availability":1,"stock":0,"editions":[],"url":"https:\/\/quaidesbrumes.com\/ouvrage\/9782854463880\/alphabet-de-leclat"},{"id":"9782913040670","title":"Les morceaux de l'image ; ficelle blanche Tome 95","description":null,"authors":["Jacques  Deble Ancet"],"category_codes":["1000000","1090000"],"visuals":{"large":"https:\/\/quaidesbrumes.com\/img\/book-placeholder.png","medium":"https:\/\/quaidesbrumes.com\/img\/book-placeholder.png","thumbnail":"https:\/\/quaidesbrumes.com\/img\/book-placeholder.png"},"orderable":true,"show_badge":true,"formatted_price":"9,00&nbsp;\u20ac","formatted_published_date":"1er mars 2010","publisher_availability_label":"Sur commande","short_details":"Jacques  Deble Ancet \u2014 Atelier Vincent Rougier","translator":null,"weight":45,"page_count":null,"readership":null,"editor":"Atelier Vincent Rougier","price":900,"published_date":"2010-02-28T23:00:00.000000Z","support":"Grand format","publisher_availability":1,"stock":0,"editions":[],"url":"https:\/\/quaidesbrumes.com\/ouvrage\/9782913040670\/les-morceaux-de-limage-ficelle-blanche-tome-95"},{"id":"9782080677501","title":"Po\u00e8mes d'\u00e9t\u00e9 : Impressions","description":"Moins d\u00e9chir\u00e9e, plus apais\u00e9e peut-\u00eatre, l'\u00e9criture de la po\u00e9tesse retrace ici, \u00e0 travers le r\u00e9cit d'une passion interdite, les grands \u00e9lans de la lyrique amoureuse dont elle avait retrac\u00e9 l'histoire dans\u00abL'amour du nom\u00bb.\r","authors":["Martine Broda"],"category_codes":["1000000","1090000"],"visuals":{"large":"https:\/\/images.epagine.fr\/501\/9782080677501_1_75.jpg","medium":"https:\/\/images.epagine.fr\/501\/9782080677501_1_m.jpg","thumbnail":"https:\/\/images.epagine.fr\/501\/9782080677501_1_v.jpg"},"orderable":true,"show_badge":true,"formatted_price":"15,00&nbsp;\u20ac","formatted_published_date":"17 octobre 2000","publisher_availability_label":"Sur commande","short_details":"Martine Broda \u2014 Flammarion","translator":null,"weight":196,"page_count":160,"readership":null,"editor":"Flammarion","price":1500,"published_date":"2000-10-16T22:00:00.000000Z","support":"Grand format","publisher_availability":1,"stock":0,"editions":[],"url":"https:\/\/quaidesbrumes.com\/ouvrage\/9782080677501\/poemes-dete-impressions"},{"id":"9782900130063","title":"Roland Petit","description":null,"authors":["Collectif"],"category_codes":["1000000","1090000"],"visuals":{"large":"https:\/\/quaidesbrumes.com\/img\/book-placeholder.png","medium":"https:\/\/quaidesbrumes.com\/img\/book-placeholder.png","thumbnail":"https:\/\/quaidesbrumes.com\/img\/book-placeholder.png"},"orderable":true,"show_badge":true,"formatted_price":"1524,00&nbsp;\u20ac","formatted_published_date":"8 ao\u00fbt 2005","publisher_availability_label":"Sur commande","short_details":"Collectif \u2014 Avant sc\u00e8ne th\u00e9\u00e2tre","translator":null,"weight":0,"page_count":null,"readership":null,"editor":"Avant sc\u00e8ne th\u00e9\u00e2tre","price":152400,"published_date":"2005-08-07T22:00:00.000000Z","support":"Revue","publisher_availability":1,"stock":0,"editions":[],"url":"https:\/\/quaidesbrumes.com\/ouvrage\/9782900130063\/roland-petit"},{"id":"9782738480774","title":"Elle, soudain","description":"Sous le beau titre Elle, soudain , on peut lire d\u00e9sormais - \u00e0 la fois en fran\u00e7ais et en espagnol - une anthologie de la si vivante po\u00e9sie de l'argentin Rodolfo Alonso. Une s\u00e9lection qui met surtout l'accent sur ses premiers po\u00e8mes, merveilleusement innocents, mais ne laisse aussi de montrer la limpide continuit\u00e9 de son oeuvre, en m\u00eame temps claire et touchante, originale et partageable.\r","authors":["Alonso Rodolfo"],"category_codes":["1000000","1090000"],"visuals":{"large":"https:\/\/images.epagine.fr\/774\/9782738480774_1_75.jpg","medium":"https:\/\/images.epagine.fr\/774\/9782738480774_1_m.jpg","thumbnail":"https:\/\/images.epagine.fr\/774\/9782738480774_1_v.jpg"},"orderable":true,"show_badge":true,"formatted_price":"11,50&nbsp;\u20ac","formatted_published_date":"15 juin 1999","publisher_availability_label":"Sur commande","short_details":"Alonso Rodolfo \u2014 \u00c9ditions L'Harmattan","translator":null,"weight":164,"page_count":null,"readership":null,"editor":"\u00c9ditions L'Harmattan","price":1150,"published_date":"1999-06-14T22:00:00.000000Z","support":"Grand format","publisher_availability":1,"stock":0,"editions":[],"url":"https:\/\/quaidesbrumes.com\/ouvrage\/9782738480774\/elle-soudain"},{"id":"9782738479655","title":"PRESQU'ILE PLEIN VENT","description":"Presqu'\u00eele plein vent, 1973-1990 : dix-sept ans d'\u00e9criture, dont il ne restera que ces phases, ces presque-textes, murmures ou cris, journal de bord, journal intime.","authors":["Ren\u00e9 Agostini"],"category_codes":["1000000","1090000"],"visuals":{"large":"https:\/\/images.epagine.fr\/655\/9782738479655_1_75.jpg","medium":"https:\/\/images.epagine.fr\/655\/9782738479655_1_m.jpg","thumbnail":"https:\/\/images.epagine.fr\/655\/9782738479655_1_v.jpg"},"orderable":true,"show_badge":true,"formatted_price":"11,00&nbsp;\u20ac","formatted_published_date":"15 juin 1999","publisher_availability_label":"Sur commande","short_details":"Ren\u00e9 Agostini \u2014 \u00c9ditions L'Harmattan","translator":null,"weight":126,"page_count":84,"readership":null,"editor":"\u00c9ditions L'Harmattan","price":1100,"published_date":"1999-06-14T22:00:00.000000Z","support":"Grand format","publisher_availability":1,"stock":0,"editions":[],"url":"https:\/\/quaidesbrumes.com\/ouvrage\/9782738479655\/presquile-plein-vent"},{"id":"9782849540022","title":"L'improbable regard (textes et photos)","description":null,"authors":["Stephanie Bellet"],"category_codes":["1000000","1090000"],"visuals":{"large":"https:\/\/quaidesbrumes.com\/img\/book-placeholder.png","medium":"https:\/\/quaidesbrumes.com\/img\/book-placeholder.png","thumbnail":"https:\/\/quaidesbrumes.com\/img\/book-placeholder.png"},"orderable":true,"show_badge":true,"formatted_price":"14,00&nbsp;\u20ac","formatted_published_date":"15 septembre 2005","publisher_availability_label":"Sur commande","short_details":"Stephanie Bellet \u2014 Chemins De Plume","translator":null,"weight":120,"page_count":null,"readership":null,"editor":"Chemins De Plume","price":1400,"published_date":"2005-09-14T22:00:00.000000Z","support":"Grand format","publisher_availability":1,"stock":0,"editions":[],"url":"https:\/\/quaidesbrumes.com\/ouvrage\/9782849540022\/limprobable-regard-textes-et-photos"},{"id":"9782858020560","title":"Fables africaines ; la puissance des mots","description":"Les Fables africaines sont destin\u00e9es \u00e0 un public sans \u00e2ge, comme toutes les fables. Leur cr\u00e9ation a \u00e9t\u00e9 occasionn\u00e9e, voici une quinzaine d'ann\u00e9es, par le souci de trouver un compl\u00e9ment africain aux \u00e9ternelles Fables de La Fontaine que l'auteur, jeune instituteur, donnait \u00e0 ses \u00e9l\u00e8ves pour stimuler en eux la sensibilit\u00e9 po\u00e9tique et l'esprit de la morale. Il n'est, en litt\u00e9rature, oeuvre plus poignante, plus perspicace et plus appropri\u00e9e que la fable pour mettre en relief (presque \u00e0 nu) et stigmatiser nos ridicules, nos \u00e9garements individuels ou sociaux. C'est pourquoi le personnage d'Esope, en tant que philosophe-moraliste, fut si remarquable, si important dans la soci\u00e9t\u00e9 et dans la litt\u00e9rature grecques antiques. La Parole du fabuliste est une parole forte - r\u00e9volutionnaire, selon la terminologie de notre \u00e9poque. Ce n'est pas pour rien qu'Esope disait de la langue qu'  elle est le meilleur et le pire . Ces Fables africaines arrivent en renfort de l'arm\u00e9e de toutes les fables qui existent et qui sont engag\u00e9es sur le champ de nos consciences respectives, pour lutter contre tous les comportements individuels et collectifs qui d\u00e9shumanisent notre monde.","authors":["Yves-emmanuel Dogbe"],"category_codes":["1000000","1090000"],"visuals":{"large":"https:\/\/images.epagine.fr\/560\/9782858020560_1_75.jpg","medium":"https:\/\/images.epagine.fr\/560\/9782858020560_1_m.jpg","thumbnail":"https:\/\/images.epagine.fr\/560\/9782858020560_1_v.jpg"},"orderable":true,"show_badge":true,"formatted_price":"10,00&nbsp;\u20ac","formatted_published_date":"3 mai 2000","publisher_availability_label":"Sur commande","short_details":"Yves-emmanuel Dogbe \u2014 \u00c9ditions L'Harmattan","translator":null,"weight":116,"page_count":72,"readership":null,"editor":"\u00c9ditions L'Harmattan","price":1000,"published_date":"2000-05-02T22:00:00.000000Z","support":"Grand format","publisher_availability":1,"stock":0,"editions":[],"url":"https:\/\/quaidesbrumes.com\/ouvrage\/9782858020560\/fables-africaines-la-puissance-des-mots"},{"id":"9782849540008","title":"Du cote de l'envers","description":null,"authors":["Ile Eniger"],"category_codes":["1000000","1090000","1090600"],"visuals":{"large":"https:\/\/quaidesbrumes.com\/img\/book-placeholder.png","medium":"https:\/\/quaidesbrumes.com\/img\/book-placeholder.png","thumbnail":"https:\/\/quaidesbrumes.com\/img\/book-placeholder.png"},"orderable":true,"show_badge":true,"formatted_price":"10,00&nbsp;\u20ac","formatted_published_date":"15 septembre 2003","publisher_availability_label":"Sur commande","short_details":"Ile Eniger \u2014 Chemins De Plume","translator":null,"weight":80,"page_count":null,"readership":null,"editor":"Chemins De Plume","price":1000,"published_date":"2003-09-14T22:00:00.000000Z","support":"Grand format","publisher_availability":1,"stock":0,"editions":[],"url":"https:\/\/quaidesbrumes.com\/ouvrage\/9782849540008\/du-cote-de-lenvers"}]}