{"data":[{"id":"9782878675931","title":"L ombre du temps","description":null,"authors":["Henri Canaguier"],"category_codes":["1000000","1090000"],"visuals":{"large":"https:\/\/quaidesbrumes.com\/img\/book-placeholder.png","medium":"https:\/\/quaidesbrumes.com\/img\/book-placeholder.png","thumbnail":"https:\/\/quaidesbrumes.com\/img\/book-placeholder.png"},"orderable":true,"show_badge":true,"formatted_price":"13,00&nbsp;\u20ac","formatted_published_date":"3 septembre 2004","publisher_availability_label":"Sur commande","short_details":"Henri Canaguier \u2014 Presses Du Midi","translator":null,"weight":124,"page_count":null,"readership":null,"editor":"Presses Du Midi","price":1300,"published_date":"2004-09-02T22:00:00.000000Z","support":"Grand format","publisher_availability":1,"stock":0,"editions":[],"url":"https:\/\/quaidesbrumes.com\/ouvrage\/9782878675931\/l-ombre-du-temps"},{"id":"9782226454614","title":"Breviaire pour une jeunesse deracinee","description":null,"authors":["Jean-edern Hallier"],"category_codes":["1000000","1090000"],"visuals":{"large":"https:\/\/quaidesbrumes.com\/img\/book-placeholder.png","medium":"https:\/\/quaidesbrumes.com\/img\/book-placeholder.png","thumbnail":"https:\/\/quaidesbrumes.com\/img\/book-placeholder.png"},"orderable":true,"show_badge":true,"formatted_price":"19,00&nbsp;\u20ac","formatted_published_date":"31 ao\u00fbt 2020","publisher_availability_label":"Sur commande","short_details":"Jean-edern Hallier \u2014 Albin Michel","translator":null,"weight":245,"page_count":216,"readership":null,"editor":"Albin Michel","price":1900,"published_date":"2020-08-30T22:00:00.000000Z","support":"Grand format","publisher_availability":1,"stock":0,"editions":[],"url":"https:\/\/quaidesbrumes.com\/ouvrage\/9782226454614\/breviaire-pour-une-jeunesse-deracinee"},{"id":"9791043901362","title":"Po\u00e9sie mentale : \u00c2mes (trop) sensibles s'abstenir","description":"Ce recueil de po\u00e8mes est un regard atypique sur l'humain et sur la vie, un regard qui n'aura plus jamais peur de s'exprimer. La menace d'un f\u00e9minicide a plan\u00e9 au-dessus de ma t\u00eate, \u00e0 deux reprises, et je suis rest\u00e9e  debout . J'ai voulu retracer le cheminement d'une femme confront\u00e9e \u00e0 la violence conjugale, de l'effondrement \u00e0 la reconstruction intime. Oscillant entre col\u00e8re, lucidit\u00e9, chagrin et apaisement... Tentant de renouer avec la joie, aussi, inlassablement. A travers la po\u00e9sie, \u00a0explorer les s\u00e9quelles d'un lien destructeur, la perte de rep\u00e8res, le poids des normes soci\u00e9tales, la parentalit\u00e9, les secrets de famille et les traces laiss\u00e9es sur le corps et l'\u00e2me... L'\u00e9criture s'affirme pour pouvoir dire l'indicible et continuer \u00e0 vivre, dans cette  zone grise , situ\u00e9e entre troubles et injonctions \u00e0 la  r\u00e9paration ... A l'heure o\u00f9 l'on parle \u00e0 tout va, de  Sant\u00e9 mentale , la  Po\u00e9sie mentale  s'affiche dans sa r\u00e9alit\u00e9 la plus crue et brutale, car comme la Vie en g\u00e9n\u00e9ral, je ne con\u00e7ois la po\u00e9sie que sous \u00a0sa \u00a0forme la plus d\u00e9jant\u00e9e et...agit\u00e9e. Instagram : _stephaniebarre\r","authors":["St\u00e9phanie Puaud-Barr\u00e9"],"category_codes":["1000000","1090000"],"visuals":{"large":"https:\/\/images.epagine.fr\/362\/9791043901362_1_75.jpg","medium":"https:\/\/images.epagine.fr\/362\/9791043901362_1_m.jpg","thumbnail":"https:\/\/images.epagine.fr\/362\/9791043901362_1_v.jpg"},"orderable":false,"show_badge":true,"formatted_price":"15,90&nbsp;\u20ac","formatted_published_date":null,"publisher_availability_label":"\u00c0 para\u00eetre","short_details":"St\u00e9phanie Puaud-Barr\u00e9 \u2014 Librinova","translator":null,"weight":0,"page_count":154,"readership":null,"editor":"Librinova","price":1590,"published_date":null,"support":"Grand format","publisher_availability":2,"stock":0,"editions":[],"url":"https:\/\/quaidesbrumes.com\/ouvrage\/9791043901362\/poesie-mentale-ames-trop-sensibles-sabstenir"},{"id":"9782914481274","title":"Fougerolles","description":"\" Le pays ne d\u00e9voile qu'\u00e0 demi ses courbes ses hauteurs l'ombre miroite aux creux des pr\u00e9s vers les fermes tapie le ciel est l\u00e0 dans la pente d'un toit mais qui le voit perd le Nord on \u00e9pie un instant de lumi\u00e8re un sursaut de vent qui donnerait un sens \u00e0 l'attente on se tient dans le silence \u00e2pre et pauvre et soudain l'air fr\u00e9mit le verger blanc disperse l'ombre et d\u00e9cide de l'aube.\r\n\"","authors":["Jean-Claude Pirotte"],"category_codes":["1000000","1090000"],"visuals":{"large":"https:\/\/images.epagine.fr\/274\/9782914481274_1_75.jpg","medium":"https:\/\/images.epagine.fr\/274\/9782914481274_1_m.jpg","thumbnail":"https:\/\/images.epagine.fr\/274\/9782914481274_1_v.jpg"},"orderable":true,"show_badge":true,"formatted_price":"10,20&nbsp;\u20ac","formatted_published_date":"8 novembre 2004","publisher_availability_label":"Sur commande","short_details":"Jean-Claude Pirotte \u2014 Virgile","translator":null,"weight":108,"page_count":57,"readership":null,"editor":"Virgile","price":1020,"published_date":"2004-11-07T23:00:00.000000Z","support":"Grand format","publisher_availability":1,"stock":0,"editions":[],"url":"https:\/\/quaidesbrumes.com\/ouvrage\/9782914481274\/fougerolles"},{"id":"9791043904783","title":"Po\u00e8mes pour les enfants du monde entier","description":"Face \u00e0 cette violence mondiale actuelle qui met en souffrance les enfants, ma m\u00e9moire ravive ce texte de Marcel Achard, mis en musique par Georges Van Parys et le film port\u00e9 \u00e0 l'\u00e9cran par Christian-Jaque :  Si tous les gars du monde devenaient de bons copains et marchaient main dans la main, le bonheur serait pour demain.  Je d\u00e9die ces 34 po\u00e8mes aux enfants du monde entier tout en rendant hommage aux organisations qui les apaisent et les accompagnent.\r","authors":["Mich\u00e8le Adam"],"category_codes":["1000000","1090000"],"visuals":{"large":"https:\/\/images.epagine.fr\/783\/9791043904783_1_75.jpg","medium":"https:\/\/images.epagine.fr\/783\/9791043904783_1_m.jpg","thumbnail":"https:\/\/images.epagine.fr\/783\/9791043904783_1_v.jpg"},"orderable":false,"show_badge":true,"formatted_price":"14,90&nbsp;\u20ac","formatted_published_date":null,"publisher_availability_label":"\u00c0 para\u00eetre","short_details":"Mich\u00e8le Adam \u2014 Librinova","translator":null,"weight":0,"page_count":90,"readership":null,"editor":"Librinova","price":1490,"published_date":null,"support":"Grand format","publisher_availability":2,"stock":0,"editions":[],"url":"https:\/\/quaidesbrumes.com\/ouvrage\/9791043904783\/poemes-pour-les-enfants-du-monde-entier"},{"id":"9782906274303","title":"Coeur en ciel","description":null,"authors":["Sylviane Pagniez"],"category_codes":["1000000","1090000"],"visuals":{"large":"https:\/\/quaidesbrumes.com\/img\/book-placeholder.png","medium":"https:\/\/quaidesbrumes.com\/img\/book-placeholder.png","thumbnail":"https:\/\/quaidesbrumes.com\/img\/book-placeholder.png"},"orderable":true,"show_badge":true,"formatted_price":"11,43&nbsp;\u20ac","formatted_published_date":"8 mars 2003","publisher_availability_label":"Sur commande","short_details":"Sylviane Pagniez \u2014 Non Verbal","translator":null,"weight":0,"page_count":null,"readership":null,"editor":"Non Verbal","price":1143,"published_date":"2003-03-07T23:00:00.000000Z","support":"Grand format","publisher_availability":1,"stock":0,"editions":[],"url":"https:\/\/quaidesbrumes.com\/ouvrage\/9782906274303\/coeur-en-ciel"},{"id":"9782705512019","title":"Le pain","description":null,"authors":["Collectif"],"category_codes":["1000000","1090000"],"visuals":{"large":"https:\/\/quaidesbrumes.com\/img\/book-placeholder.png","medium":"https:\/\/quaidesbrumes.com\/img\/book-placeholder.png","thumbnail":"https:\/\/quaidesbrumes.com\/img\/book-placeholder.png"},"orderable":true,"show_badge":true,"formatted_price":"51,83&nbsp;\u20ac","formatted_published_date":"8 mars 2003","publisher_availability_label":"Sur commande","short_details":"Collectif \u2014 Grassin","translator":null,"weight":0,"page_count":null,"readership":null,"editor":"Grassin","price":5183,"published_date":"2003-03-07T23:00:00.000000Z","support":"Grand format","publisher_availability":1,"stock":0,"editions":[],"url":"https:\/\/quaidesbrumes.com\/ouvrage\/9782705512019\/le-pain"},{"id":"9782226045966","title":"Po\u00e8mes ; Diadum\u00e8ne ; les Suppliantes","description":"A LA FRANCE I.\r\n\r\nOublierais-je ton nom, France, France immortelle, Dans des vers consacr\u00e9s aux meilleurs de tes fils ?\r\n\r\nMe supposerais-tu d\u00b4une injustice telle Que je puisse \u00e0 ta gloire infliger ce d\u00e9fi ?\r\n\r\nSous le bonnet de pourpre et la toque royale, C\u00b4est ton regard toujours qui brille et qui m\u00b4\u00e9meut...\r\n\r\nO\u00f9 donc avez-vous pris, \u00f4 ma ch\u00e8re Vestale, Le feu de ce regard inalt\u00e9rable et bleu !\r\n\r\nJe ne sais s\u00b4il me faut te ch\u00e9rir davantage Dans tes \u00e9garements, au milieu du bonheur ? \r\n\r\nEst-ce \u00e0 la vierge folle, est-ce \u00e0 la vierge sage Que je dois r\u00e9server mes couronnes de fleurs ?\r\n\r\nA l\u00b4une et l\u00b4autre, France, \u00f4 ma\u00eetresse, \u00f4 patrie !\r\n\r\nJe n\u00b4imagine pas un \u00e9loge plus fier Que d\u00b4avoir su baiser, triomphante ou meurtrie, Ta face sans orgueil de grand archange clair.","authors":["Pierre Benoit"],"category_codes":["1000000","1090000"],"visuals":{"large":"https:\/\/images.epagine.fr\/966\/9782226045966_1_75.jpg","medium":"https:\/\/images.epagine.fr\/966\/9782226045966_1_m.jpg","thumbnail":"https:\/\/images.epagine.fr\/966\/9782226045966_1_v.jpg"},"orderable":true,"show_badge":true,"formatted_price":"9,20&nbsp;\u20ac","formatted_published_date":"16 mars 1964","publisher_availability_label":"Sur commande","short_details":"Pierre Benoit \u2014 Albin Michel","translator":null,"weight":333,"page_count":null,"readership":null,"editor":"Albin Michel","price":920,"published_date":"1964-03-15T23:00:00.000000Z","support":"Grand format","publisher_availability":1,"stock":0,"editions":[],"url":"https:\/\/quaidesbrumes.com\/ouvrage\/9782226045966\/poemes-diadumene-les-suppliantes"},{"id":"9782080675330","title":"Da capo","description":"N\u00e9 \u00e0 Marseille en 1931, Henri Deluy est l'auteur de nombreux ouvrages (po\u00e9sies, anthologies, traductions...). Il anime depuis les ann\u00e9es 50 la revue Action Po\u00e9tique et a dirig\u00e9 jusqu'en 2006 la Biennale Internationale des Po\u00e8tes en Val-de-Marne. Apr\u00e8s, notamment, L'Anthologie arbitraire d'une nouvelle po\u00e9sie (1983) et L'Amour charnel (1994), Da capo est le cinqui\u00e8me volume qu'il publie chez Flammarion. Regard en arri\u00e8re ? Nostalgie des origines ? Tentative de bilan ? Ou plus litt\u00e9ralement, comme le dit son titre, \u00abreprise du morceau \u00e0 son commencement\u00bb ? Il y a un peu de tout cela dans le nouveau recueil d'Henri Defuy, o\u00f9 l'on retrouvera le prosa\u00efsme apparent et le lyrisme muet - maintenu \u00e0 distance- qui caract\u00e9risent sa po\u00e9sie depuis une quinzaine d'ann\u00e9es. Son insistance aussi \u00e0 discerner ou mieux comprendre les sc\u00e8nes enfouies du pass\u00e9 : l'enfance marseillaise, la jeunesse f\u00e9brile, les illusions bris\u00e9es. Car Da capo dresse en filigrane le tableau des c\u00e9cit\u00e9s, des espoirs et des drames d'une g\u00e9n\u00e9ration entre un chapelet d'injures au g\u00e9n\u00e9ral Pinochet et une \u00e9vocation \u00e0 l'acide du \u00abmar\u00e9chalissime\u00bb Staline, on y croise les ombres de Mandelstam et de Tsvetaieva, d'Althusser et de Pessoa, du groupe Cobra et de Che Guevara - \u00e0 quoi r\u00e9pondent ou font \u00e9cho les lettres d'H\u00e9lo\u00efse \u00e0 Ab\u00e9lard, le chant des troubadours portugais, les paysages estomp\u00e9s de la Chine et de Cuba... L'ouvrage \u00e9rige ainsi ses st\u00e8les et ses tombeaux, \u00e9grenant tour \u00e0 tour des po\u00e8mes culinaires, \u00e9rotiques, de voyage et d'amour, de m\u00e9moire et d'oubli. Et quelques traductions. Puisque la po\u00e9sie persiste, d\u00e9fiant le cours du temps et lui opposant - dans la transparence fugace et tangible du vers- sa loi, son trouble, son myst\u00e8re. Toujours recommen\u00e7ant.","authors":["Henri Deluy"],"category_codes":["1000000","1090000"],"visuals":{"large":"https:\/\/quaidesbrumes.com\/img\/book-placeholder.png","medium":"https:\/\/quaidesbrumes.com\/img\/book-placeholder.png","thumbnail":"https:\/\/quaidesbrumes.com\/img\/book-placeholder.png"},"orderable":true,"show_badge":true,"formatted_price":"18,60&nbsp;\u20ac","formatted_published_date":"1er novembre 1998","publisher_availability_label":"Sur commande","short_details":"Henri Deluy \u2014 Flammarion","translator":null,"weight":285,"page_count":256,"readership":null,"editor":"Flammarion","price":1860,"published_date":"1998-10-31T23:00:00.000000Z","support":"Grand format","publisher_availability":1,"stock":0,"editions":[],"url":"https:\/\/quaidesbrumes.com\/ouvrage\/9782080675330\/da-capo"},{"id":"9782876732605","title":"Un royaume pres de la mer","description":"Le Donegal, Ouessant, les Scilly, Brest ou Alesund...\r\nVoici un livre de mer, vou\u00e9 \u00e0 quelques-uns de ses rivages, \u00e9vocateur de ports, d'\u00eeles, de p\u00e9riples et d'horizons contempl\u00e9s. Dans le vent, les changeantes lumi\u00e8res, les odeurs, le go\u00fbt du d\u00e9part se lie \u00e0 l'appel des paysages. Mais cet ailleurs, cette \u00e9nigme que promettent les horizons marins, le sens profond des lieux - leur v\u00e9rit\u00e9 peut-\u00eatre -, la peinture, seule, a vocation et pouvoir de l'explorer, de les r\u00e9v\u00e9ler : voici un livre hant\u00e9 par les peintres, qui va, comme son auteur des Lofoten \u00e0 Boudin ou \u00e0 de Sta\u00ebl, de rives en tableaux.","authors":["Claude Dourguin"],"category_codes":["1000000","1090000"],"visuals":{"large":"https:\/\/quaidesbrumes.com\/img\/book-placeholder.png","medium":"https:\/\/quaidesbrumes.com\/img\/book-placeholder.png","thumbnail":"https:\/\/quaidesbrumes.com\/img\/book-placeholder.png"},"orderable":true,"show_badge":true,"formatted_price":"17,50&nbsp;\u20ac","formatted_published_date":"1er novembre 1998","publisher_availability_label":"Sur commande","short_details":"Claude Dourguin \u2014 CHAMP VALLON","translator":null,"weight":266,"page_count":null,"readership":null,"editor":"CHAMP VALLON","price":1750,"published_date":"1998-10-31T23:00:00.000000Z","support":"Grand format","publisher_availability":1,"stock":0,"editions":[],"url":"https:\/\/quaidesbrumes.com\/ouvrage\/9782876732605\/un-royaume-pres-de-la-mer"},{"id":"9782840310860","title":"Tout ce qui r\u00e9siste","description":"\" Dagad\u00e8s \u00e9crit une po\u00e9sie toute de \" rigueur \" au sens litt\u00e9ral du terme : sachant mesurer ce que vivre, ce que parler, signifient pour notre voix, notre corps, notre respiration, dans le temps et l'espace \".\r\nJean-Marie Le Sidaner. \" Cette po\u00e9sie de nos soifs, de nos faims et de nos manques braque sur \" chacun de nos gestes \" une lumi\u00e8re crue \". Joseph-Paul Schneider. Salu\u00e9e par de nombreux critiques, la po\u00e9sie de Dagad\u00e8s est faite d'instants, de gestes, de sensations qui sont autant de tentatives de trouver comme un sens \u00e0 ce qui nous entoure, \u00e0 ce que nous vivons. Mais ce sens risque d'\u00eatre obscurci par trop de certitudes, par diff\u00e9rentes illusions ; d'o\u00f9 une \u00e9criture tr\u00e8s sobre, tr\u00e8s proche des choses \u00e9l\u00e9mentaires, mais tendue vers l'universel.\r\nTout ce qui r\u00e9siste est constitu\u00e9 d'un choix de po\u00e8mes - r\u00e9alis\u00e9 et pr\u00e9fac\u00e9 par R\u00e9mi Froger, conservateur de la M\u00e9diath\u00e8que du Mans - pr\u00e9lev\u00e9s dans les diff\u00e9rents livres parus de 1968 \u00e0 1988. Une sorte d'anthologie donc, mais surtout un nouveau livre pour d\u00e9couvrir ou red\u00e9couvrir l'univers singulier du po\u00e8te.","authors":["Dagad\u00e8s"],"category_codes":["1000000","1090000"],"visuals":{"large":"https:\/\/images.epagine.fr\/860\/9782840310860_1_75.jpg","medium":"https:\/\/images.epagine.fr\/860\/9782840310860_1_m.jpg","thumbnail":"https:\/\/images.epagine.fr\/860\/9782840310860_1_v.jpg"},"orderable":true,"show_badge":true,"formatted_price":"12,00&nbsp;\u20ac","formatted_published_date":"1er octobre 1998","publisher_availability_label":"Sur commande","short_details":"Dagad\u00e8s \u2014 L'Idee Bleue","translator":null,"weight":140,"page_count":null,"readership":null,"editor":"L'Idee Bleue","price":1200,"published_date":"1998-09-30T22:00:00.000000Z","support":"Grand format","publisher_availability":1,"stock":0,"editions":[],"url":"https:\/\/quaidesbrumes.com\/ouvrage\/9782840310860\/tout-ce-qui-resiste"},{"id":"9782322584826","title":"De Nuit et de Lumi\u00e8re : Volume 1","description":"Anthologie po\u00e9tique personnelle de la po\u00e8te Parme Ceriset, auteure de recueils publi\u00e9s aux \u00e9ditions du Cygne, \u00e9ditions Tarmac, Unicit\u00e9, Bleu d'encre, Pierre Turcotte \u00e9diteur, Stellamaris,  et d'un roman autobiographique, \"Le Serment de l'espoir - Que la vie souffle encore demain\" (L'Harmattan, 2021). Elle a fait para\u00eetre des textes dans de nombreuses revues (Verso 189, Possibles 31 et 35, Po\u00e9sie premi\u00e8re 91, Travers\u00e9es, Rivages culturels, Francopolis, Lichen, Souffle in\u00e9dit, Lettres Capitales, Traction-brabant, Cabaret, Saraswati...) et dans des anthologies en France et \u00e0 l'\u00e9tranger. Sa po\u00e9sie a re\u00e7u entre 2021 et 2026 plusieurs distinctions po\u00e9tiques de la SPF, de la SPAF, et en juillet 2025, un prix international de cr\u00e9ativit\u00e9 de la fondation Naji Naaman.\r","authors":["Parme Ceriset"],"category_codes":["1000000","1090000"],"visuals":{"large":"https:\/\/images.epagine.fr\/826\/9782322584826_1_75.jpg","medium":"https:\/\/images.epagine.fr\/826\/9782322584826_1_m.jpg","thumbnail":"https:\/\/images.epagine.fr\/826\/9782322584826_1_v.jpg"},"orderable":true,"show_badge":true,"formatted_price":"17,99&nbsp;\u20ac","formatted_published_date":"15 avril 2026","publisher_availability_label":"Sur commande","short_details":"Parme Ceriset \u2014 Books on Demand","translator":null,"weight":240,"page_count":76,"readership":null,"editor":"Books on Demand","price":1799,"published_date":"2026-04-14T22:00:00.000000Z","support":"Grand format","publisher_availability":1,"stock":0,"editions":[],"url":"https:\/\/quaidesbrumes.com\/ouvrage\/9782322584826\/de-nuit-et-de-lumiere-volume-1"},{"id":"9782296058583","title":"Au cr\u00e9puscule du matin ; ces chemins d'une r\u00eaverie po\u00e9tique","description":"\"Venue de cet ailleurs des Lettres au Nord Tu es aussi d'ici sur cette terre mandingue Du lointain Sahel chaleureux que du coeur Comme une perc\u00e9e du soleil hivernal Sur l'\u00e9tendue de champs de mil et de sorgho Pour des lendemains de moissons abondants Tu embrasses pour un id\u00e9al commun D'espace de d\u00e9veloppement humain.\" (extrait)","authors":["Seydou Beye"],"category_codes":["1000000","1090000"],"visuals":{"large":"https:\/\/images.epagine.fr\/583\/9782296058583_1_75.jpg","medium":"https:\/\/images.epagine.fr\/583\/9782296058583_1_m.jpg","thumbnail":"https:\/\/images.epagine.fr\/583\/9782296058583_1_v.jpg"},"orderable":true,"show_badge":true,"formatted_price":"11,00&nbsp;\u20ac","formatted_published_date":"29 mai 2008","publisher_availability_label":"Sur commande","short_details":"Seydou Beye \u2014 \u00c9ditions L'Harmattan","translator":null,"weight":75,"page_count":60,"readership":null,"editor":"\u00c9ditions L'Harmattan","price":1100,"published_date":"2008-05-28T22:00:00.000000Z","support":"Grand format","publisher_availability":1,"stock":0,"editions":[],"url":"https:\/\/quaidesbrumes.com\/ouvrage\/9782296058583\/au-crepuscule-du-matin-ces-chemins-dune-reverie-poetique"},{"id":"9782296130449","title":"L'\u00e9clat de ton corps et autres po\u00e8mes","description":"Dans ce bref recueil de po\u00e8mes, Carlos Henderson invente une sensualit\u00e9 verbale. Il proc\u00e8de avec le plus grand naturel en croisant des images venues de la mythologie amoureuse avec des rythmes et des sonorit\u00e9s qu'il module de mani\u00e8re s\u00e9duisante (pour ne pas dire caressante). Sa r\u00e9ussite est dans cette conjugaison, qui m\u00eale sens et son pour construire de petits tableaux \u00e9vocateurs, dont on ne sait s'ils convoquent seulement la m\u00e9moire personnelle  ou s'ils constituent des miroirs de l'Amour.","authors":["Carlos Henderson"],"category_codes":["1000000","1090000"],"visuals":{"large":"https:\/\/images.epagine.fr\/449\/9782296130449_1_75.jpg","medium":"https:\/\/images.epagine.fr\/449\/9782296130449_1_m.jpg","thumbnail":"https:\/\/images.epagine.fr\/449\/9782296130449_1_v.jpg"},"orderable":true,"show_badge":true,"formatted_price":"12,00&nbsp;\u20ac","formatted_published_date":"27 septembre 2010","publisher_availability_label":"Sur commande","short_details":"Carlos Henderson \u2014 \u00c9ditions L'Harmattan","translator":null,"weight":120,"page_count":90,"readership":null,"editor":"\u00c9ditions L'Harmattan","price":1200,"published_date":"2010-09-26T22:00:00.000000Z","support":"Grand format","publisher_availability":1,"stock":0,"editions":[],"url":"https:\/\/quaidesbrumes.com\/ouvrage\/9782296130449\/leclat-de-ton-corps-et-autres-poemes"},{"id":"9782857921073","title":"Encore la pleine lune","description":null,"authors":["R. Fainlight"],"category_codes":["1000000","1090000"],"visuals":{"large":"https:\/\/quaidesbrumes.com\/img\/book-placeholder.png","medium":"https:\/\/quaidesbrumes.com\/img\/book-placeholder.png","thumbnail":"https:\/\/quaidesbrumes.com\/img\/book-placeholder.png"},"orderable":true,"show_badge":true,"formatted_price":"14,48&nbsp;\u20ac","formatted_published_date":"1er mars 1998","publisher_availability_label":"Sur commande","short_details":"R. Fainlight \u2014 Federop","translator":null,"weight":240,"page_count":null,"readership":null,"editor":"Federop","price":1448,"published_date":"1998-02-28T23:00:00.000000Z","support":"Grand format","publisher_availability":1,"stock":0,"editions":[],"url":"https:\/\/quaidesbrumes.com\/ouvrage\/9782857921073\/encore-la-pleine-lune"},{"id":"9782874591365","title":"Un, deux, trois\u2026  po\u00e8mes de poche","description":null,"authors":["Nathalie d. Druant"],"category_codes":["1000000","1090000"],"visuals":{"large":"https:\/\/images.epagine.fr\/365\/9782874591365_1_75.jpg","medium":"https:\/\/images.epagine.fr\/365\/9782874591365_1_m.jpg","thumbnail":"https:\/\/images.epagine.fr\/365\/9782874591365_1_v.jpg"},"orderable":true,"show_badge":true,"formatted_price":"7,14&nbsp;\u20ac","formatted_published_date":"3 avril 2006","publisher_availability_label":"Sur commande","short_details":"Nathalie d. Druant \u2014 Chloe Des Lys","translator":null,"weight":150,"page_count":113,"readership":null,"editor":"Chloe Des Lys","price":714,"published_date":"2006-04-02T22:00:00.000000Z","support":"Grand format","publisher_availability":1,"stock":0,"editions":[],"url":"https:\/\/quaidesbrumes.com\/ouvrage\/9782874591365\/un-deux-trois-poemes-de-poche"},{"id":"9782902333288","title":"Sayn\u00e8tes et monologues","description":"Dans le Paris des ann\u00e9es 1880, le monologue a une place de choix. Dans les soir\u00e9es priv\u00e9es comme dans les caf\u00e9s-concerts, autour du journal Le Chat Noir et de son th\u00e9\u00e2tre d'ombres, artistes, po\u00e8tes et noctambules le portent \u00e0 la hauteur d'un art v\u00e9ritable.\r\nCoquelin-Cadet, de la Com\u00e9die-Fran\u00e7aise, se fait une sp\u00e9cialit\u00e9 du monologue, \u00ab enfant bizarrement conform\u00e9, dont le premier b\u00e9gaiement a \u00e9t\u00e9 \u00ab Le Hareng saur \u00bb. Charles Cros est son auteur attitr\u00e9.","authors":["Charles Cros"],"category_codes":["1000000","1010000"],"visuals":{"large":"https:\/\/images.epagine.fr\/288\/9782902333288_1_75.jpg","medium":"https:\/\/images.epagine.fr\/288\/9782902333288_1_m.jpg","thumbnail":"https:\/\/images.epagine.fr\/288\/9782902333288_1_v.jpg"},"orderable":true,"show_badge":true,"formatted_price":"14,00&nbsp;\u20ac","formatted_published_date":"23 d\u00e9cembre 1997","publisher_availability_label":"Sur commande","short_details":"Charles Cros \u2014 Atelier Du Gue","translator":null,"weight":301,"page_count":180,"readership":null,"editor":"Atelier Du Gue","price":1400,"published_date":"1997-12-22T23:00:00.000000Z","support":"Grand format","publisher_availability":1,"stock":0,"editions":[],"url":"https:\/\/quaidesbrumes.com\/ouvrage\/9782902333288\/saynetes-et-monologues"},{"id":"9782840310884","title":"Loire vivant po\u00e8me","description":"Il s'agit d'une chronique de circonstances comme on dit po\u00e9sie de circonstances, je veux dire que ce livre a \u00e9t\u00e9 \u00e9crit dans une province, l'Anjou, pour une r\u00e9gion et un bourg o\u00f9 est n\u00e9e une \" \u00e9cole \" po\u00e9tique qui a ralli\u00e9 des po\u00e8tes de France, l'Ecole de Rochefort-sur-Loire - cela, pour la plupart des textes, au cours d'une \" r\u00e9sidence\" au printemps 1998.\r\nCette chronique et cette lecture supposent qu'on ne s'\u00e9chappe ni du lieu ni de la po\u00e9sie \u00e0 laquelle il a donn\u00e9 naissance; il faut S' y maintenir; il ne s'agit ni de fanatiques montagnes, ni d'oc\u00e9ans; il s'agit de vignobles, de grains nobles, de ch\u00e2teaux de Loire, de villes et de paysages calmes et clairs, et de guerres anciennes du Moyen Age et de la R\u00e9volution - il faut donc \u00e9viter les anachronismes dans la po\u00e9sie et la lecture: il s'agit seulement de la lumi\u00e8re sur le vignoble et la rivi\u00e8re et du silence o\u00f9 bougent de simples louanges...","authors":["Pierre Garnier"],"category_codes":["1000000","1090000"],"visuals":{"large":"https:\/\/images.epagine.fr\/884\/9782840310884_1_75.jpg","medium":"https:\/\/images.epagine.fr\/884\/9782840310884_1_m.jpg","thumbnail":"https:\/\/images.epagine.fr\/884\/9782840310884_1_v.jpg"},"orderable":true,"show_badge":true,"formatted_price":"17,50&nbsp;\u20ac","formatted_published_date":"1er octobre 1998","publisher_availability_label":"Sur commande","short_details":"Pierre Garnier \u2014 L'Idee Bleue","translator":null,"weight":240,"page_count":null,"readership":null,"editor":"L'Idee Bleue","price":1750,"published_date":"1998-09-30T22:00:00.000000Z","support":"Grand format","publisher_availability":1,"stock":0,"editions":[],"url":"https:\/\/quaidesbrumes.com\/ouvrage\/9782840310884\/loire-vivant-poeme"},{"id":"9782840310853","title":"La porte de Brandebourg","description":"Parviendrons-nous \u00e0 incorporer l'horreur de ce qui a \u00e9t\u00e9 le lot commun de grands peuples ? Des deux c\u00f4t\u00e9s de la symbolique Porte de Brandebourg, des gens par millions se sont paradoxalement combattus et rejoints dans la haine.\r\nIl n'y eut, il n'y a encore que des victimes. L'\u00e9nigme se trouve l\u00e0. Un mal unique a frapp\u00e9 les Allemands et les Russes. Un mal \u00e0 leur \u00e9chelle, destructeur des traditions les plus hautes. C'est parce qu'ils ont souffert que nous souffrons. Quelqu'un de singulier, par le biais d'une mani\u00e8re de fiction familiale et personnelle, nous donne sa version de l'un des actes du drame. Pierre Oster Soussouev","authors":["Pierre Rogissart-seemann"],"category_codes":["1000000","1090000"],"visuals":{"large":"https:\/\/images.epagine.fr\/853\/9782840310853_1_75.jpg","medium":"https:\/\/images.epagine.fr\/853\/9782840310853_1_m.jpg","thumbnail":"https:\/\/images.epagine.fr\/853\/9782840310853_1_v.jpg"},"orderable":true,"show_badge":true,"formatted_price":"12,00&nbsp;\u20ac","formatted_published_date":"1er novembre 1998","publisher_availability_label":"Sur commande","short_details":"Pierre Rogissart-seemann \u2014 L'Idee Bleue","translator":null,"weight":120,"page_count":null,"readership":null,"editor":"L'Idee Bleue","price":1200,"published_date":"1998-10-31T23:00:00.000000Z","support":"Grand format","publisher_availability":1,"stock":0,"editions":[],"url":"https:\/\/quaidesbrumes.com\/ouvrage\/9782840310853\/la-porte-de-brandebourg"},{"id":"9782019479497","title":"Manuel de la sage-femme et de l'\u00e9l\u00e8ve sage-femme","description":"Manuel de la sage-femme et de l'\u00e9l\u00e8ve sage-femme, par Ernest Gallois,...\r\nDate de l'\u00e9dition originale : 1886\r\nContient une table des mati\u00e8resAvec mode texte\r\n\r\nLe pr\u00e9sent ouvrage s'inscrit dans une politique de conservation patrimoniale des ouvrages de la litt\u00e9rature Fran\u00e7aise mise en place avec la BNF. \r\nHACHETTE LIVRE et la BNF proposent ainsi un catalogue de titres indisponibles, la BNF ayant num\u00e9ris\u00e9 ces oeuvres et HACHETTE LIVRE les imprimant \u00e0 la demande. \r\nCertains de ces ouvrages refl\u00e8tent des courants de pens\u00e9e caract\u00e9ristiques  de leur \u00e9poque, mais qui seraient aujourd'hui jug\u00e9s condamnables. \r\nIls n'en appartiennent pas moins \u00e0 l'histoire des id\u00e9es en France et sont susceptibles de pr\u00e9senter un int\u00e9r\u00eat scientifique ou historique. \r\nLe sens de notre d\u00e9marche \u00e9ditoriale consiste ainsi \u00e0 permettre l'acc\u00e8s \u00e0 ces oeuvres sans pour autant que nous en cautionnions en aucune fa\u00e7on le contenu. \r\nPour plus d'informations, rendez-vous sur www.hachettebnf.fr","authors":["Gallois Ernest"],"category_codes":["10000000","10080000","10080200","10080206"],"visuals":{"large":"https:\/\/images.epagine.fr\/497\/9782019479497_1_75.jpg","medium":"https:\/\/images.epagine.fr\/497\/9782019479497_1_m.jpg","thumbnail":"https:\/\/images.epagine.fr\/497\/9782019479497_1_v.jpg"},"orderable":true,"show_badge":true,"formatted_price":"36,40&nbsp;\u20ac","formatted_published_date":"1er mars 2018","publisher_availability_label":"Sur commande","short_details":"Gallois Ernest \u2014 Hachette BNF","translator":null,"weight":947,"page_count":690,"readership":null,"editor":"Hachette BNF","price":3640,"published_date":"2018-02-28T23:00:00.000000Z","support":"Grand format","publisher_availability":1,"stock":0,"editions":[],"url":"https:\/\/quaidesbrumes.com\/ouvrage\/9782019479497\/manuel-de-la-sage-femme-et-de-leleve-sage-femme"},{"id":"9782371774605","title":"La m\u00e9moire des visages","description":"Comme un voyage, \u00ab au jour le jour du myst\u00e8re d'exister\u00bb . Et nous convi\u00e9s ici \u00e0 accompagner ces voix, leurs pas dans les jours, qui r\u00e9sonnent ou se tiennent, silencieux, au plus pr\u00e8s des bruits du monde - qui sont l\u00e0, et leur musique de toujours. De se tenir dans les ombres ou les heures, les voix deviennent des visages, nos visages multiples et uns, \u00e0 l'\u00e9coute de ce qui surgit des jours. En soi, une \u00ab dict\u00e9e\u00bb, un \u00ab \u00e9boulement obscur\u00bb se laissent entendre. Presque saisir. Et proches. Autour, le bruit du monde ne cesse pas, tout au contraire : \u00ab clapotis d'eau\u00bb, \u00ab ce bleu, cette transparence\u00bb, des passages - autant d'instants comme sauv\u00e9s : un enfant, un matin, la fin d'une apr\u00e8s-midi d'\u00e9t\u00e9. Un insecte passe, de l'autre c\u00f4t\u00e9 de la vitre un feuillage tremble. L'encre finit de s\u00e9cher sur la page o\u00f9 la main la d\u00e9pose, et tout \u00e0 c\u00f4t\u00e9, le halo d'une lampe. Voix multipli\u00e9es, elles aussi incessantes, dans le lent travail de leurs gestes : \u00e9crire, peindre, vivre. Aimer. Serait-ce aussi le craquement d'un radiateur, loin, dans le lieu clos, o\u00f9 l'on se tient \u00e0 l'ouvert d'\u00e9crire.\u00ab Une sorte d'album du temps qui passe\u00bb, et sonore, o\u00f9 il arrive que m\u00eame la langue fourche de se chercher, au plus pr\u00e8s de ce qui est \u00e0 dire, et le dire ainsi pour accueillir, il le faut, tout \u00ab ce qui n'a pas de nom\u00bb, quand \u00ab une voix nous traverse\u00bb. Quand \u00ab je t'entends marcher, au matin, un oiseau chante, la page commence, on pourrait croire \u00e0 la vie\u00bb. Toutes voix comme autant \u00ab de solitudes qui tissent entre [elles] des fils invisibles.\u00bb Et d'elles toutes, une pr\u00e9sence invoqu\u00e9e, inlassablement. Jean-Yves Fick\r","authors":["Jacques Ancet"],"category_codes":["1000000","1090000"],"visuals":{"large":"https:\/\/images.epagine.fr\/605\/9782371774605_1_75.jpg","medium":"https:\/\/images.epagine.fr\/605\/9782371774605_1_m.jpg","thumbnail":"https:\/\/images.epagine.fr\/605\/9782371774605_1_v.jpg"},"orderable":true,"show_badge":true,"formatted_price":"15,00&nbsp;\u20ac","formatted_published_date":"25 mai 2016","publisher_availability_label":"Sur commande","short_details":"Jacques Ancet \u2014 Publie.Net","translator":null,"weight":181,"page_count":168,"readership":null,"editor":"Publie.Net","price":1500,"published_date":"2016-05-24T22:00:00.000000Z","support":"Grand format","publisher_availability":1,"stock":0,"editions":[],"url":"https:\/\/quaidesbrumes.com\/ouvrage\/9782371774605\/la-memoire-des-visages"},{"id":"9782909468594","title":"Recital","description":"33 po\u00e8tes \u00e0 Paris pour le 2e R\u00e9cital de po\u00e9sie f\u00e9minine de langue fran\u00e7aise (1997) : \r\nFatiha Berezak, A\u00efcha Bouabaci, Alg\u00e9rie B\u00e9atrice Libert, Marie-Clotilde Roose, Lucie Sp\u00e8de, Belgique Elodia Turki, Espagne\/France Liliane Atlan, Jeannine Baude, Patricia Castex-Menier, Jeanne Hyvrard, Chantal Lammertyn, Nicole Laurent-Catrice, Isabelle Pin\u00e7on, Nadine Najman, France Marie-France Duparl, Mireille Jean-Gilles, Guyane Micha\u00eble Lafontant, Ha\u00efti Nohad Salameh, Liban Danielle Hoffelt, Mich\u00e8le Prange, Luxembourg Leila Houari, Maroc\/Belgique Jeanne Gerval-Arouff, Ile Maurice Claudine Bertrand, Nicole Brossard, Denise Desautels, Julie Stanton, Nathalie Watteyne, Qu\u00e9bec Julienne Salvat, La R\u00e9union H\u00e9l\u00e8ne Bezen\u00e7on, Pierrette Micheloud, Suisse A\u00efcha Arnaout, Syrie Jana Boxbergerova, R\u00e9pubique Tch\u00e8que Nicole Gdalia, France\/Tunisie","authors":["Laifaoui\/Rossignol"],"category_codes":["1000000","1090000"],"visuals":{"large":"https:\/\/quaidesbrumes.com\/img\/book-placeholder.png","medium":"https:\/\/quaidesbrumes.com\/img\/book-placeholder.png","thumbnail":"https:\/\/quaidesbrumes.com\/img\/book-placeholder.png"},"orderable":true,"show_badge":true,"formatted_price":"15,24&nbsp;\u20ac","formatted_published_date":"1er janvier 1999","publisher_availability_label":"Sur commande","short_details":"Laifaoui\/Rossignol \u2014 Le Bruit Des Autres","translator":null,"weight":400,"page_count":null,"readership":null,"editor":"Le Bruit Des Autres","price":1524,"published_date":"1998-12-31T23:00:00.000000Z","support":"Grand format","publisher_availability":1,"stock":0,"editions":[],"url":"https:\/\/quaidesbrumes.com\/ouvrage\/9782909468594\/recital"},{"id":"9782904429903","title":"Petit trait\u00e9 de po\u00e9sie fran\u00e7aise","description":"Ce Trait\u00e9 paru en 1872 d\u00e9crit les rimes, les pieds, les syllabes, les c\u00e9sures, les hiatus, les diphtongues monosyllabes et dissyllabes dans la pratique prosodique des traditions fran\u00e7aises.\r\nIl rappelle l'\u00e9volution des formes po\u00e9tiques de la Renaissance au romantisme et permet de mesurer les enjeux formels des ruptures scandant l'\u00e9volution des \u00e9coles. L'histoire a d\u00e9pass\u00e9 ensuite les r\u00e8gles qu'il semble d\u00e9finir dans la Po\u00e9sie o\u00f9 rien n'est arr\u00eat\u00e9. Pour cela m\u00eame, il aide \u00e0 la lecture actuelle des oeuvres du pass\u00e9 po\u00e9tique en ce qu'il nous transmet les pr\u00e9occupations de m\u00e9thode qui les ont anim\u00e9es.","authors":["Th\u00e9odore de Banville"],"category_codes":["1000000","1090000"],"visuals":{"large":"https:\/\/images.epagine.fr\/903\/9782904429903_1_75.jpg","medium":"https:\/\/images.epagine.fr\/903\/9782904429903_1_m.jpg","thumbnail":"https:\/\/images.epagine.fr\/903\/9782904429903_1_v.jpg"},"orderable":true,"show_badge":true,"formatted_price":"21,99&nbsp;\u20ac","formatted_published_date":"10 mars 1998","publisher_availability_label":"Sur commande","short_details":"Th\u00e9odore de Banville \u2014 Ressouvenances","translator":null,"weight":401,"page_count":280,"readership":null,"editor":"Ressouvenances","price":2199,"published_date":"1998-03-09T23:00:00.000000Z","support":"Grand format","publisher_availability":1,"stock":0,"editions":[],"url":"https:\/\/quaidesbrumes.com\/ouvrage\/9782904429903\/petit-traite-de-poesie-francaise"},{"id":"9782840310808","title":"Paysages, lieux : chez","description":"Si l'on s'arr\u00eate dans le po\u00e8me, la musique s'interrompt.\r\n Sans rythme, la phrase perd son souffle, \u00e0 la fin ses mots. \r\nQue les nuages s'amoncellent, que le sommet, qui devrait \u00eatre visible, ne le veuille, qu'il faille descendre, qu'importe tout peut d\u00e9sormais arriver : le bleu comme une d\u00e9chirure du ciel. \r\nJ. -d.  ch\u00e9n\u00e9.","authors":["Jean-damien Ch\u00e9n\u00e9"],"category_codes":["1000000","1090000"],"visuals":{"large":"https:\/\/images.epagine.fr\/808\/9782840310808_1_75.jpg","medium":"https:\/\/images.epagine.fr\/808\/9782840310808_1_m.jpg","thumbnail":"https:\/\/images.epagine.fr\/808\/9782840310808_1_v.jpg"},"orderable":true,"show_badge":true,"formatted_price":"12,00&nbsp;\u20ac","formatted_published_date":"21 mars 2000","publisher_availability_label":"Sur commande","short_details":"Jean-damien Ch\u00e9n\u00e9 \u2014 L'Idee Bleue","translator":null,"weight":100,"page_count":null,"readership":null,"editor":"L'Idee Bleue","price":1200,"published_date":"2000-03-20T23:00:00.000000Z","support":"Grand format","publisher_availability":1,"stock":0,"editions":[],"url":"https:\/\/quaidesbrumes.com\/ouvrage\/9782840310808\/paysages-lieux-chez"}]}