{"data":[{"id":"9782879310718","title":"Ce qui fait ma peur","description":null,"authors":["Collectif"],"category_codes":["1000000","1090000"],"visuals":{"large":"https:\/\/quaidesbrumes.com\/img\/book-placeholder.png","medium":"https:\/\/quaidesbrumes.com\/img\/book-placeholder.png","thumbnail":"https:\/\/quaidesbrumes.com\/img\/book-placeholder.png"},"orderable":true,"show_badge":true,"formatted_price":"7,65&nbsp;\u20ac","formatted_published_date":"1er d\u00e9cembre 2004","publisher_availability_label":"Sur commande","short_details":"Collectif \u2014 \u00c9ditions L'Harmattan","translator":null,"weight":132,"page_count":null,"readership":null,"editor":"\u00c9ditions L'Harmattan","price":765,"published_date":"2004-11-30T23:00:00.000000Z","support":"Grand format","publisher_availability":1,"stock":0,"editions":[],"url":"https:\/\/quaidesbrumes.com\/ouvrage\/9782879310718\/ce-qui-fait-ma-peur"},{"id":"9782855397481","title":"Au point du jour ; les prabhatiyam de Narasimha Maheta, po\u00e8te et saint Vishnouite du Gujarat (XVe s)","description":null,"authors":["Fran\u00e7oise Mallison"],"category_codes":["1000000","1090000","1090200"],"visuals":{"large":"https:\/\/quaidesbrumes.com\/img\/book-placeholder.png","medium":"https:\/\/quaidesbrumes.com\/img\/book-placeholder.png","thumbnail":"https:\/\/quaidesbrumes.com\/img\/book-placeholder.png"},"orderable":true,"show_badge":true,"formatted_price":"29,00&nbsp;\u20ac","formatted_published_date":"1er mai 2005","publisher_availability_label":"Sur commande","short_details":"Fran\u00e7oise Mallison \u2014 Ecole Francaise Extreme Orient","translator":null,"weight":560,"page_count":null,"readership":null,"editor":"Ecole Francaise Extreme Orient","price":2900,"published_date":"2005-04-30T22:00:00.000000Z","support":"Grand format","publisher_availability":1,"stock":0,"editions":[],"url":"https:\/\/quaidesbrumes.com\/ouvrage\/9782855397481\/au-point-du-jour-les-prabhatiyam-de-narasimha-maheta-poete-et-saint-vishnouite-du-gujarat-xve-s"},{"id":"9782908487145","title":"Vie inverse","description":null,"authors":["Jp Courtois"],"category_codes":["1000000","1090000"],"visuals":{"large":"https:\/\/quaidesbrumes.com\/img\/book-placeholder.png","medium":"https:\/\/quaidesbrumes.com\/img\/book-placeholder.png","thumbnail":"https:\/\/quaidesbrumes.com\/img\/book-placeholder.png"},"orderable":true,"show_badge":true,"formatted_price":"10,65&nbsp;\u20ac","formatted_published_date":"1er juillet 1999","publisher_availability_label":"Sur commande","short_details":"Jp Courtois \u2014 \u00c9ditions Verdier","translator":null,"weight":125,"page_count":null,"readership":null,"editor":"\u00c9ditions Verdier","price":1065,"published_date":"1999-06-30T22:00:00.000000Z","support":"Grand format","publisher_availability":1,"stock":0,"editions":[],"url":"https:\/\/quaidesbrumes.com\/ouvrage\/9782908487145\/vie-inverse"},{"id":"9782905871350","title":"Le jeu triangulaire","description":null,"authors":["Michelle Meyer"],"category_codes":["1000000","1090000"],"visuals":{"large":"https:\/\/quaidesbrumes.com\/img\/book-placeholder.png","medium":"https:\/\/quaidesbrumes.com\/img\/book-placeholder.png","thumbnail":"https:\/\/quaidesbrumes.com\/img\/book-placeholder.png"},"orderable":true,"show_badge":true,"formatted_price":"14,00&nbsp;\u20ac","formatted_published_date":"15 octobre 2007","publisher_availability_label":"Sur commande","short_details":"Michelle Meyer \u2014 Prospective 21","translator":null,"weight":65,"page_count":null,"readership":null,"editor":"Prospective 21","price":1400,"published_date":"2007-10-14T22:00:00.000000Z","support":"Grand format","publisher_availability":1,"stock":0,"editions":[],"url":"https:\/\/quaidesbrumes.com\/ouvrage\/9782905871350\/le-jeu-triangulaire"},{"id":"9782296054608","title":"Le temps des nymphes ; po\u00e8mes et prose po\u00e9tique","description":"L'\u00e2me roumaine s'exprime dans cet ouvrage en langue fran\u00e7aise, o\u00f9 la po\u00e9sie canalise les \u00e9motions et les sentiments de l'auteur. De l'enfance \u00e0 l'\u00e2ge adulte, de la d\u00e9couverte \u00e0 la maturit\u00e9, les \u00e9vocations s'inscrivent dans la fibre f\u00e9minine. Les m\u00e9taphores, avec le parcours du papillon, laissent entrevoir l'attrait de la cr\u00e9atrice pour la nature. La puissance \u00e9motive de l'oeuvre est renforc\u00e9e par les illustrations de la plasticienne belge Anita CLASSENS.\r","authors":["Adelina Lenoir cicaici"],"category_codes":["1000000","1090000"],"visuals":{"large":"https:\/\/images.epagine.fr\/608\/9782296054608_1_75.jpg","medium":"https:\/\/images.epagine.fr\/608\/9782296054608_1_m.jpg","thumbnail":"https:\/\/images.epagine.fr\/608\/9782296054608_1_v.jpg"},"orderable":true,"show_badge":true,"formatted_price":"13,00&nbsp;\u20ac","formatted_published_date":"21 avril 2008","publisher_availability_label":"Sur commande","short_details":"Adelina Lenoir cicaici \u2014 \u00c9ditions L'Harmattan","translator":null,"weight":170,"page_count":116,"readership":null,"editor":"\u00c9ditions L'Harmattan","price":1300,"published_date":"2008-04-20T22:00:00.000000Z","support":"Grand format","publisher_availability":1,"stock":0,"editions":[],"url":"https:\/\/quaidesbrumes.com\/ouvrage\/9782296054608\/le-temps-des-nymphes-poemes-et-prose-poetique"},{"id":"9782738455888","title":"Fugues Fugas","description":null,"authors":["Myriam Montoya"],"category_codes":["1000000","1090000"],"visuals":{"large":"https:\/\/images.epagine.fr\/888\/9782738455888_1_75.jpg","medium":"https:\/\/images.epagine.fr\/888\/9782738455888_1_m.jpg","thumbnail":"https:\/\/images.epagine.fr\/888\/9782738455888_1_v.jpg"},"orderable":true,"show_badge":true,"formatted_price":"11,50&nbsp;\u20ac","formatted_published_date":"1er juillet 1997","publisher_availability_label":"Sur commande","short_details":"Myriam Montoya \u2014 \u00c9ditions L'Harmattan","translator":null,"weight":112,"page_count":72,"readership":null,"editor":"\u00c9ditions L'Harmattan","price":1150,"published_date":"1997-06-30T22:00:00.000000Z","support":"Grand format","publisher_availability":1,"stock":0,"editions":[],"url":"https:\/\/quaidesbrumes.com\/ouvrage\/9782738455888\/fugues-fugas"},{"id":"9782911464522","title":"Terres d'afrique","description":"D\u00e9couvrez Terres d'Afrique - Anthologie de po\u00e9sie contemporaine, le livre de Gabriel Mw\u00e8n\u00e8 Okoundji\r","authors":["Ountondji Gabriel"],"category_codes":["1000000","1090000"],"visuals":{"large":"https:\/\/quaidesbrumes.com\/img\/book-placeholder.png","medium":"https:\/\/quaidesbrumes.com\/img\/book-placeholder.png","thumbnail":"https:\/\/quaidesbrumes.com\/img\/book-placeholder.png"},"orderable":true,"show_badge":true,"formatted_price":"19,00&nbsp;\u20ac","formatted_published_date":"31 mars 2012","publisher_availability_label":"Sur commande","short_details":"Ountondji Gabriel \u2014 Ndze","translator":null,"weight":320,"page_count":null,"readership":null,"editor":"Ndze","price":1900,"published_date":"2012-03-30T22:00:00.000000Z","support":"Grand format","publisher_availability":1,"stock":0,"editions":[],"url":"https:\/\/quaidesbrumes.com\/ouvrage\/9782911464522\/terres-dafrique"},{"id":"9782873960742","title":"Distances","description":null,"authors":["Collectif"],"category_codes":["1000000","1090000"],"visuals":{"large":"https:\/\/quaidesbrumes.com\/img\/book-placeholder.png","medium":"https:\/\/quaidesbrumes.com\/img\/book-placeholder.png","thumbnail":"https:\/\/quaidesbrumes.com\/img\/book-placeholder.png"},"orderable":true,"show_badge":true,"formatted_price":"10,00&nbsp;\u20ac","formatted_published_date":"7 mai 2002","publisher_availability_label":"Sur commande","short_details":"Collectif \u2014 Didier Devillez","translator":null,"weight":200,"page_count":96,"readership":null,"editor":"Didier Devillez","price":1000,"published_date":"2002-05-06T22:00:00.000000Z","support":"Grand format","publisher_availability":1,"stock":0,"editions":[],"url":"https:\/\/quaidesbrumes.com\/ouvrage\/9782873960742\/distances"},{"id":"9782909468082","title":"Cabaret baroque","description":null,"authors":["Jacques Layani"],"category_codes":["1000000","1090000"],"visuals":{"large":"https:\/\/images.epagine.fr\/082\/9782909468082_1_75.jpg","medium":"https:\/\/images.epagine.fr\/082\/9782909468082_1_m.jpg","thumbnail":"https:\/\/images.epagine.fr\/082\/9782909468082_1_v.jpg"},"orderable":true,"show_badge":true,"formatted_price":"9,15&nbsp;\u20ac","formatted_published_date":"1er janvier 1999","publisher_availability_label":"Sur commande","short_details":"Jacques Layani \u2014 Le Bruit Des Autres","translator":null,"weight":200,"page_count":null,"readership":null,"editor":"Le Bruit Des Autres","price":915,"published_date":"1998-12-31T23:00:00.000000Z","support":"Grand format","publisher_availability":1,"stock":0,"editions":[],"url":"https:\/\/quaidesbrumes.com\/ouvrage\/9782909468082\/cabaret-baroque"},{"id":"9782909468099","title":"La petite sirene de copenhague","description":null,"authors":["Bernard Montini"],"category_codes":["1000000","1090000"],"visuals":{"large":"https:\/\/images.epagine.fr\/099\/9782909468099_1_75.jpg","medium":"https:\/\/images.epagine.fr\/099\/9782909468099_1_m.jpg","thumbnail":"https:\/\/images.epagine.fr\/099\/9782909468099_1_v.jpg"},"orderable":true,"show_badge":true,"formatted_price":"7,62&nbsp;\u20ac","formatted_published_date":"1er janvier 1999","publisher_availability_label":"Sur commande","short_details":"Bernard Montini \u2014 Le Bruit Des Autres","translator":null,"weight":200,"page_count":null,"readership":null,"editor":"Le Bruit Des Autres","price":762,"published_date":"1998-12-31T23:00:00.000000Z","support":"Grand format","publisher_availability":1,"stock":0,"editions":[],"url":"https:\/\/quaidesbrumes.com\/ouvrage\/9782909468099\/la-petite-sirene-de-copenhague"},{"id":"9782908350234","title":"Qui se meut de soi meme","description":null,"authors":["Sophie Favre"],"category_codes":["1000000","1090000"],"visuals":{"large":"https:\/\/quaidesbrumes.com\/img\/book-placeholder.png","medium":"https:\/\/quaidesbrumes.com\/img\/book-placeholder.png","thumbnail":"https:\/\/quaidesbrumes.com\/img\/book-placeholder.png"},"orderable":true,"show_badge":true,"formatted_price":"13,72&nbsp;\u20ac","formatted_published_date":"1er janvier 2000","publisher_availability_label":"Sur commande","short_details":"Sophie Favre \u2014 Genevieve Pastre","translator":null,"weight":401,"page_count":null,"readership":null,"editor":"Genevieve Pastre","price":1372,"published_date":"1999-12-31T23:00:00.000000Z","support":"Grand format","publisher_availability":1,"stock":0,"editions":[],"url":"https:\/\/quaidesbrumes.com\/ouvrage\/9782908350234\/qui-se-meut-de-soi-meme"},{"id":"9782908138610","title":"Poemes","description":null,"authors":["Michel Nicoletti"],"category_codes":["1000000","1090000"],"visuals":{"large":"https:\/\/quaidesbrumes.com\/img\/book-placeholder.png","medium":"https:\/\/quaidesbrumes.com\/img\/book-placeholder.png","thumbnail":"https:\/\/quaidesbrumes.com\/img\/book-placeholder.png"},"orderable":true,"show_badge":true,"formatted_price":"18,29&nbsp;\u20ac","formatted_published_date":"8 mars 2003","publisher_availability_label":"Sur commande","short_details":"Michel Nicoletti \u2014 Tarabuste","translator":null,"weight":0,"page_count":null,"readership":null,"editor":"Tarabuste","price":1829,"published_date":"2003-03-07T23:00:00.000000Z","support":"Grand format","publisher_availability":1,"stock":0,"editions":[],"url":"https:\/\/quaidesbrumes.com\/ouvrage\/9782908138610\/poemes"},{"id":"9782878671209","title":"Au coeur du temps : recueil de po\u00e8mes","description":null,"authors":["Torandell Isab Rubia"],"category_codes":["1000000","1090000"],"visuals":{"large":"https:\/\/quaidesbrumes.com\/img\/book-placeholder.png","medium":"https:\/\/quaidesbrumes.com\/img\/book-placeholder.png","thumbnail":"https:\/\/quaidesbrumes.com\/img\/book-placeholder.png"},"orderable":true,"show_badge":true,"formatted_price":"9,15&nbsp;\u20ac","formatted_published_date":"5 mai 1999","publisher_availability_label":"Sur commande","short_details":"Torandell Isab Rubia \u2014 Presses Du Midi","translator":null,"weight":200,"page_count":null,"readership":null,"editor":"Presses Du Midi","price":915,"published_date":"1999-05-04T22:00:00.000000Z","support":"Grand format","publisher_availability":1,"stock":0,"editions":[],"url":"https:\/\/quaidesbrumes.com\/ouvrage\/9782878671209\/au-coeur-du-temps-recueil-de-poemes"},{"id":"9782842722036","title":"Paria","description":null,"authors":["Lance Henson"],"category_codes":["1000000","1090000"],"visuals":{"large":"https:\/\/quaidesbrumes.com\/img\/book-placeholder.png","medium":"https:\/\/quaidesbrumes.com\/img\/book-placeholder.png","thumbnail":"https:\/\/quaidesbrumes.com\/img\/book-placeholder.png"},"orderable":true,"show_badge":true,"formatted_price":"8,00&nbsp;\u20ac","formatted_published_date":"16 mars 2004","publisher_availability_label":"Sur commande","short_details":"Lance Henson \u2014 PARIS-MEDITERRANEE","translator":null,"weight":0,"page_count":null,"readership":null,"editor":"PARIS-MEDITERRANEE","price":800,"published_date":"2004-03-15T23:00:00.000000Z","support":"Grand format","publisher_availability":1,"stock":0,"editions":[],"url":"https:\/\/quaidesbrumes.com\/ouvrage\/9782842722036\/paria"},{"id":"9782738455161","title":"Age de guerre et autres thremes - suivi de \"mourir a la place de dieu\"","description":null,"authors":["Sobhi Habchi"],"category_codes":["9000000","9120000","9120200"],"visuals":{"large":"https:\/\/images.epagine.fr\/161\/9782738455161_1_75.jpg","medium":"https:\/\/images.epagine.fr\/161\/9782738455161_1_m.jpg","thumbnail":"https:\/\/images.epagine.fr\/161\/9782738455161_1_v.jpg"},"orderable":true,"show_badge":true,"formatted_price":"22,50&nbsp;\u20ac","formatted_published_date":"3 mai 2000","publisher_availability_label":"Sur commande","short_details":"Sobhi Habchi \u2014 \u00c9ditions L'Harmattan","translator":null,"weight":360,"page_count":null,"readership":null,"editor":"\u00c9ditions L'Harmattan","price":2250,"published_date":"2000-05-02T22:00:00.000000Z","support":"Grand format","publisher_availability":1,"stock":0,"editions":[],"url":"https:\/\/quaidesbrumes.com\/ouvrage\/9782738455161\/age-de-guerre-et-autres-thremes-suivi-de-mourir-a-la-place-de-dieu"},{"id":"9782847121926","title":"Rimiaux","description":"\u00ab L'g\u00e2s Mil' vous caus', les grands, les p'tits !\r\nS\u00fb' vo\u00fbt' ch\u00e9s' tout' acrabotis, Pour l'acouter fait' don' ein' pause...\r\n\r\nBen content d'avo\u00e9r abouti, Tout en rangeant ses vieux outils - Ouvrez vo\u00fbt' c?\u00fbr - l'g\u00e2s Mil' vous cause... \u00bb Emile Joulain\r","authors":["Emile Joulain"],"category_codes":["1000000","1090000"],"visuals":{"large":"https:\/\/images.epagine.fr\/926\/9782847121926_1_75.jpg","medium":"https:\/\/images.epagine.fr\/926\/9782847121926_1_m.jpg","thumbnail":"https:\/\/images.epagine.fr\/926\/9782847121926_1_v.jpg"},"orderable":true,"show_badge":true,"formatted_price":"22,00&nbsp;\u20ac","formatted_published_date":"12 janvier 2009","publisher_availability_label":"Sur commande","short_details":"Emile Joulain \u2014 Petit Pave","translator":null,"weight":570,"page_count":164,"readership":null,"editor":"Petit Pave","price":2200,"published_date":"2009-01-11T23:00:00.000000Z","support":"Grand format","publisher_availability":1,"stock":0,"editions":[],"url":"https:\/\/quaidesbrumes.com\/ouvrage\/9782847121926\/rimiaux"},{"id":"9782738455406","title":"Shahar et shalim","description":null,"authors":["Hoda Adib"],"category_codes":["1000000","1090000"],"visuals":{"large":"https:\/\/images.epagine.fr\/406\/9782738455406_1_75.jpg","medium":"https:\/\/images.epagine.fr\/406\/9782738455406_1_m.jpg","thumbnail":"https:\/\/images.epagine.fr\/406\/9782738455406_1_v.jpg"},"orderable":true,"show_badge":true,"formatted_price":"12,00&nbsp;\u20ac","formatted_published_date":"1er juin 1997","publisher_availability_label":"Sur commande","short_details":"Hoda Adib \u2014 \u00c9ditions L'Harmattan","translator":null,"weight":144,"page_count":null,"readership":null,"editor":"\u00c9ditions L'Harmattan","price":1200,"published_date":"1997-05-31T22:00:00.000000Z","support":"Grand format","publisher_availability":1,"stock":0,"editions":[],"url":"https:\/\/quaidesbrumes.com\/ouvrage\/9782738455406\/shahar-et-shalim"},{"id":"9782738459893","title":"Analyses - figures, enonces brefs","description":null,"authors":["Bernard Meyer"],"category_codes":["1000000","1090000"],"visuals":{"large":"https:\/\/images.epagine.fr\/893\/9782738459893_1_75.jpg","medium":"https:\/\/images.epagine.fr\/893\/9782738459893_1_m.jpg","thumbnail":"https:\/\/images.epagine.fr\/893\/9782738459893_1_v.jpg"},"orderable":true,"show_badge":true,"formatted_price":"22,50&nbsp;\u20ac","formatted_published_date":"3 mai 2000","publisher_availability_label":"Sur commande","short_details":"Bernard Meyer \u2014 \u00c9ditions L'Harmattan","translator":null,"weight":400,"page_count":null,"readership":null,"editor":"\u00c9ditions L'Harmattan","price":2250,"published_date":"2000-05-02T22:00:00.000000Z","support":"Grand format","publisher_availability":1,"stock":0,"editions":[],"url":"https:\/\/quaidesbrumes.com\/ouvrage\/9782738459893\/analyses-figures-enonces-brefs"},{"id":"9782849242940","title":"De tes instants dans le poeme","description":null,"authors":["De Mattos Cyro"],"category_codes":["1000000","1090000"],"visuals":{"large":"https:\/\/quaidesbrumes.com\/img\/book-placeholder.png","medium":"https:\/\/quaidesbrumes.com\/img\/book-placeholder.png","thumbnail":"https:\/\/quaidesbrumes.com\/img\/book-placeholder.png"},"orderable":true,"show_badge":true,"formatted_price":"12,00&nbsp;\u20ac","formatted_published_date":"8 octobre 2012","publisher_availability_label":"Sur commande","short_details":"De Mattos Cyro \u2014 Editions Du Cygne","translator":null,"weight":200,"page_count":null,"readership":null,"editor":"Editions Du Cygne","price":1200,"published_date":"2012-10-07T22:00:00.000000Z","support":"Grand format","publisher_availability":1,"stock":0,"editions":[],"url":"https:\/\/quaidesbrumes.com\/ouvrage\/9782849242940\/de-tes-instants-dans-le-poeme"},{"id":"9782849242957","title":"Rembobinant l'exterieur","description":null,"authors":["Romain Fustier"],"category_codes":["1000000","1090000"],"visuals":{"large":"https:\/\/quaidesbrumes.com\/img\/book-placeholder.png","medium":"https:\/\/quaidesbrumes.com\/img\/book-placeholder.png","thumbnail":"https:\/\/quaidesbrumes.com\/img\/book-placeholder.png"},"orderable":true,"show_badge":true,"formatted_price":"12,00&nbsp;\u20ac","formatted_published_date":"8 octobre 2012","publisher_availability_label":"Sur commande","short_details":"Romain Fustier \u2014 Editions Du Cygne","translator":null,"weight":180,"page_count":null,"readership":null,"editor":"Editions Du Cygne","price":1200,"published_date":"2012-10-07T22:00:00.000000Z","support":"Grand format","publisher_availability":1,"stock":0,"editions":[],"url":"https:\/\/quaidesbrumes.com\/ouvrage\/9782849242957\/rembobinant-lexterieur"},{"id":"9782840310648","title":"Mots d'atelier","description":null,"authors":["Jean-michel Bongiraud"],"category_codes":["1000000","1090000"],"visuals":{"large":"https:\/\/quaidesbrumes.com\/img\/book-placeholder.png","medium":"https:\/\/quaidesbrumes.com\/img\/book-placeholder.png","thumbnail":"https:\/\/quaidesbrumes.com\/img\/book-placeholder.png"},"orderable":true,"show_badge":true,"formatted_price":"12,00&nbsp;\u20ac","formatted_published_date":"25 ao\u00fbt 1997","publisher_availability_label":"Sur commande","short_details":"Jean-michel Bongiraud \u2014 L'Idee Bleue","translator":null,"weight":130,"page_count":null,"readership":null,"editor":"L'Idee Bleue","price":1200,"published_date":"1997-08-24T22:00:00.000000Z","support":"Grand format","publisher_availability":1,"stock":0,"editions":[],"url":"https:\/\/quaidesbrumes.com\/ouvrage\/9782840310648\/mots-datelier"},{"id":"9782851811271","title":"Stienz ; lappschiess ; kask","description":null,"authors":["Hans Gunter Michelsen"],"category_codes":["1000000","1090000"],"visuals":{"large":"https:\/\/quaidesbrumes.com\/img\/book-placeholder.png","medium":"https:\/\/quaidesbrumes.com\/img\/book-placeholder.png","thumbnail":"https:\/\/quaidesbrumes.com\/img\/book-placeholder.png"},"orderable":true,"show_badge":true,"formatted_price":"17,00&nbsp;\u20ac","formatted_published_date":"13 juin 1997","publisher_availability_label":"Sur commande","short_details":"Hans Gunter Michelsen \u2014 L'Arche","translator":null,"weight":301,"page_count":null,"readership":null,"editor":"L'Arche","price":1700,"published_date":"1997-06-12T22:00:00.000000Z","support":"Grand format","publisher_availability":1,"stock":0,"editions":[],"url":"https:\/\/quaidesbrumes.com\/ouvrage\/9782851811271\/stienz-lappschiess-kask"},{"id":"9782378272821","title":"Graines de corail","description":"Graines de Corail est le titre retenu pour cette publication collective des \u00celiennes, qui font partie des Amis de la Po\u00e9sie, club n\u00e9 au si\u00e8cle dernier, un mois de janvier 1990, \u00e0 Noum\u00e9a, en Nouvelle-Cal\u00e9donie.\r\nLes rendez-vous mensuels avaient \u00e9t\u00e9 fix\u00e9s, depuis 30 ans au premier mercredi du mois, Baie de l'Orphelinat, au Piano Bar Paillard, une institution de la place consacr\u00e9e \u00e0 la musique et la chanson, d\u00e9sormais disparue du paysage au grand regret de ses aficionados. Elle r\u00e9unissait les membres du Club qui vont et viennent au gr\u00e9 du flux et du reflux des vagues du Pacifique. Les rescap\u00e9s ont \u00e9t\u00e9 recueillis au Piano Blanc, chez Aline Mori, pr\u00e9sidente de l'association depuis 2006, dans l'auberge espagnole de la po\u00e9sie et de la musique pour partager un verre et l'amour inconditionnel des mots.\r\nS'y croisent des voix anciennes ou plus r\u00e9centes qui ont travers\u00e9 les oc\u00e9ans pour faire souche, germer et se multiplier sur ces \u00eeles coralliennes, en colonies discr\u00e8tes, en r\u00e9cif sous-marin.\r\nL'\u00e9l\u00e9ment liquide, dans lequel nous baignons, enchante les coeurs et les \u00e2mes qui s'envolent au gr\u00e9 des aliz\u00e9s, en mots murmur\u00e9s, souffl\u00e9s, chauds et dor\u00e9s, exalt\u00e9s, c\u00e9l\u00e9brant l'ici et le maintenant, parfois l'ailleurs, nostalgies inspir\u00e9es chevill\u00e9es au corps sous le soleil exactement, dans l'immensit\u00e9 de l'Oc\u00e9an.\r","authors":["Iliennes"],"category_codes":["1000000","1090000","1090600"],"visuals":{"large":"https:\/\/images.epagine.fr\/821\/9782378272821_1_75.jpg","medium":"https:\/\/images.epagine.fr\/821\/9782378272821_1_m.jpg","thumbnail":"https:\/\/images.epagine.fr\/821\/9782378272821_1_v.jpg"},"orderable":true,"show_badge":true,"formatted_price":"16,00&nbsp;\u20ac","formatted_published_date":"2 octobre 2020","publisher_availability_label":"Sur commande","short_details":"Iliennes \u2014 SPINELLE","translator":null,"weight":240,"page_count":162,"readership":null,"editor":"SPINELLE","price":1600,"published_date":"2020-10-01T22:00:00.000000Z","support":"Grand format","publisher_availability":1,"stock":0,"editions":[],"url":"https:\/\/quaidesbrumes.com\/ouvrage\/9782378272821\/graines-de-corail"},{"id":"9782904429699","title":"Po\u00e8mes, chants et chansons","description":null,"authors":["Eugene Pottier"],"category_codes":["1000000","1090000"],"visuals":{"large":"https:\/\/images.epagine.fr\/699\/9782904429699_1_75.jpg","medium":"https:\/\/images.epagine.fr\/699\/9782904429699_1_m.jpg","thumbnail":"https:\/\/images.epagine.fr\/699\/9782904429699_1_v.jpg"},"orderable":true,"show_badge":true,"formatted_price":"17,99&nbsp;\u20ac","formatted_published_date":"10 avril 1997","publisher_availability_label":"Sur commande","short_details":"Eugene Pottier \u2014 Ressouvenances","translator":null,"weight":205,"page_count":180,"readership":null,"editor":"Ressouvenances","price":1799,"published_date":"1997-04-09T22:00:00.000000Z","support":"Grand format","publisher_availability":1,"stock":0,"editions":[],"url":"https:\/\/quaidesbrumes.com\/ouvrage\/9782904429699\/poemes-chants-et-chansons"}]}