{"data":[{"id":"9781326893255","title":"Alchimie po\u00e9tique","description":"Alchimie Po\u00e9tique  exprime merveilleusement la rencontre des coeurs nobles au carrefour des destin\u00e9es. C'est le chant enivr\u00e9 d'humanisme d'\u00e2mes en qu\u00eate du Paradis perdu... Ici, la po\u00e9sie op\u00e8re ses m\u00e9tamorphoses en silence, pour (r\u00e9) enchanter les \u00eatres et les choses, le vivre ensemble, le r\u00e9el.Les lecteurs, loin d'\u00eatre isol\u00e9s, spectateurs... sont convi\u00e9s \u00e0 ce fantastique banquet.","authors":["Albert Aoussine","Josette Neisius"],"category_codes":["1000000","1010000"],"visuals":{"large":"https:\/\/images.epagine.fr\/255\/9781326893255_1_75.jpg","medium":"https:\/\/images.epagine.fr\/255\/9781326893255_1_m.jpg","thumbnail":"https:\/\/images.epagine.fr\/255\/9781326893255_1_v.jpg"},"orderable":true,"show_badge":true,"formatted_price":"13,97&nbsp;\u20ac","formatted_published_date":"16 d\u00e9cembre 2016","publisher_availability_label":"Sur commande","short_details":"Albert Aoussine, Josette Neisius \u2014 LULU","translator":null,"weight":190,"page_count":152,"readership":null,"editor":"LULU","price":1397,"published_date":"2016-12-15T23:00:00.000000Z","support":"Grand format","publisher_availability":1,"stock":0,"editions":[],"url":"https:\/\/quaidesbrumes.com\/ouvrage\/9781326893255\/alchimie-poetique"},{"id":"9782738442604","title":"Esperance poetique chalom-salam - anthologie de poetes pacifistes juifs et arabes de l'antiquite a n","description":null,"authors":["Jacques Eladan"],"category_codes":["9000000","9120000","9120200"],"visuals":{"large":"https:\/\/images.epagine.fr\/604\/9782738442604_1_75.jpg","medium":"https:\/\/images.epagine.fr\/604\/9782738442604_1_m.jpg","thumbnail":"https:\/\/images.epagine.fr\/604\/9782738442604_1_v.jpg"},"orderable":true,"show_badge":true,"formatted_price":"11,00&nbsp;\u20ac","formatted_published_date":"3 mai 2000","publisher_availability_label":"Sur commande","short_details":"Jacques Eladan \u2014 \u00c9ditions L'Harmattan","translator":null,"weight":110,"page_count":null,"readership":null,"editor":"\u00c9ditions L'Harmattan","price":1100,"published_date":"2000-05-02T22:00:00.000000Z","support":"Grand format","publisher_availability":1,"stock":0,"editions":[],"url":"https:\/\/quaidesbrumes.com\/ouvrage\/9782738442604\/esperance-poetique-chalom-salam-anthologie-de-poetes-pacifistes-juifs-et-arabes-de-lantiquite-a-n"},{"id":"9782908138511","title":"Trois peupliers d'italie","description":null,"authors":["Jean-pierre Georges"],"category_codes":["1000000","1090000"],"visuals":{"large":"https:\/\/quaidesbrumes.com\/img\/book-placeholder.png","medium":"https:\/\/quaidesbrumes.com\/img\/book-placeholder.png","thumbnail":"https:\/\/quaidesbrumes.com\/img\/book-placeholder.png"},"orderable":true,"show_badge":true,"formatted_price":"13,72&nbsp;\u20ac","formatted_published_date":"8 mars 2003","publisher_availability_label":"Sur commande","short_details":"Jean-pierre Georges \u2014 Tarabuste","translator":null,"weight":0,"page_count":null,"readership":null,"editor":"Tarabuste","price":1372,"published_date":"2003-03-07T23:00:00.000000Z","support":"Grand format","publisher_availability":1,"stock":0,"editions":[],"url":"https:\/\/quaidesbrumes.com\/ouvrage\/9782908138511\/trois-peupliers-ditalie"},{"id":"9782359260311","title":"Madman at Kilifi","description":null,"authors":["Clifton Gachagua"],"category_codes":["1000000","1090000"],"visuals":{"large":"https:\/\/images.epagine.fr\/311\/9782359260311_1_75.jpg","medium":"https:\/\/images.epagine.fr\/311\/9782359260311_1_m.jpg","thumbnail":"https:\/\/images.epagine.fr\/311\/9782359260311_1_v.jpg"},"orderable":true,"show_badge":true,"formatted_price":"12,50&nbsp;\u20ac","formatted_published_date":"1er f\u00e9vrier 2014","publisher_availability_label":"Sur commande","short_details":"Clifton Gachagua \u2014 Amalion","translator":null,"weight":120,"page_count":76,"readership":null,"editor":"Amalion","price":1250,"published_date":"2014-01-31T23:00:00.000000Z","support":"Grand format","publisher_availability":1,"stock":0,"editions":[],"url":"https:\/\/quaidesbrumes.com\/ouvrage\/9782359260311\/madman-at-kilifi"},{"id":"9782080675088","title":"Lucr\u00e8ce","description":"Textes po\u00e9tiques.\r","authors":["Claude Mini\u00e8re"],"category_codes":["1000000","1090000"],"visuals":{"large":"https:\/\/quaidesbrumes.com\/img\/book-placeholder.png","medium":"https:\/\/quaidesbrumes.com\/img\/book-placeholder.png","thumbnail":"https:\/\/quaidesbrumes.com\/img\/book-placeholder.png"},"orderable":true,"show_badge":true,"formatted_price":"13,80&nbsp;\u20ac","formatted_published_date":"1er novembre 1998","publisher_availability_label":"Sur commande","short_details":"Claude Mini\u00e8re \u2014 Flammarion","translator":null,"weight":165,"page_count":144,"readership":null,"editor":"Flammarion","price":1380,"published_date":"1998-10-31T23:00:00.000000Z","support":"Grand format","publisher_availability":1,"stock":0,"editions":[],"url":"https:\/\/quaidesbrumes.com\/ouvrage\/9782080675088\/lucrece"},{"id":"9782906284852","title":"Po\u00e9sies compl\u00e8tes","description":null,"authors":["Jean de La Fontaine"],"category_codes":["1000000","1090000"],"visuals":{"large":"https:\/\/quaidesbrumes.com\/img\/book-placeholder.png","medium":"https:\/\/quaidesbrumes.com\/img\/book-placeholder.png","thumbnail":"https:\/\/quaidesbrumes.com\/img\/book-placeholder.png"},"orderable":true,"show_badge":true,"formatted_price":"13,11&nbsp;\u20ac","formatted_published_date":"12 mars 2003","publisher_availability_label":"Sur commande","short_details":"Jean de La Fontaine \u2014 \u00c9ditions S\u00e9guier","translator":null,"weight":0,"page_count":null,"readership":null,"editor":"\u00c9ditions S\u00e9guier","price":1311,"published_date":"2003-03-11T23:00:00.000000Z","support":"Grand format","publisher_availability":1,"stock":0,"editions":[],"url":"https:\/\/quaidesbrumes.com\/ouvrage\/9782906284852\/poesies-completes"},{"id":"9782862745381","title":"Qui ou quoi ?","description":"Qui serait le sacr\u00e9. Quoi serait le profane. Avec ces po\u00e8mes en prose ou \"dits\", Jean-Claude Renard exprime ici une vision plan\u00e9taire et humaniste de notre civilisation.","authors":["Jean-Claude Renard"],"category_codes":["1000000","1090000"],"visuals":{"large":"https:\/\/images.epagine.fr\/381\/9782862745381_1_75.jpg","medium":"https:\/\/images.epagine.fr\/381\/9782862745381_1_m.jpg","thumbnail":"https:\/\/images.epagine.fr\/381\/9782862745381_1_v.jpg"},"orderable":true,"show_badge":true,"formatted_price":"15,00&nbsp;\u20ac","formatted_published_date":"14 janvier 1998","publisher_availability_label":"Sur commande","short_details":"Jean-Claude Renard \u2014 Le Cherche Midi","translator":null,"weight":132,"page_count":112,"readership":null,"editor":"Le Cherche Midi","price":1500,"published_date":"1998-01-13T23:00:00.000000Z","support":"Grand format","publisher_availability":1,"stock":0,"editions":[],"url":"https:\/\/quaidesbrumes.com\/ouvrage\/9782862745381\/qui-ou-quoi"},{"id":"9782738466204","title":"Terres Bleues","description":"Ce recueil s'adresse au fils de la narratrice, alors enfant \u00e0 na\u00eetre, dans un dialogue tout juste murmur\u00e9, tout juste perceptible. L'exil s'apparente ici au d\u00e9sir, pressenti pour \u00eatre proche, de quitter la m\u00e8re. A son tour, elle devient \u00eele int\u00e9rieure que m\u00e9morise le fils tout en s'\u00e9loignant d'elle par enjamb\u00e9es concentriques.","authors":["Chantal Danjou"],"category_codes":["1000000","1010000"],"visuals":{"large":"https:\/\/images.epagine.fr\/204\/9782738466204_1_75.jpg","medium":"https:\/\/images.epagine.fr\/204\/9782738466204_1_m.jpg","thumbnail":"https:\/\/images.epagine.fr\/204\/9782738466204_1_v.jpg"},"orderable":true,"show_badge":true,"formatted_price":"11,00&nbsp;\u20ac","formatted_published_date":"15 mai 1998","publisher_availability_label":"Sur commande","short_details":"Chantal Danjou \u2014 \u00c9ditions L'Harmattan","translator":null,"weight":116,"page_count":74,"readership":null,"editor":"\u00c9ditions L'Harmattan","price":1100,"published_date":"1998-05-14T22:00:00.000000Z","support":"Grand format","publisher_availability":1,"stock":0,"editions":[],"url":"https:\/\/quaidesbrumes.com\/ouvrage\/9782738466204\/terres-bleues"},{"id":"9782359260328","title":"Poems for a century","description":null,"authors":["Tope Omoniyi"],"category_codes":["1000000","1090000"],"visuals":{"large":"https:\/\/images.epagine.fr\/328\/9782359260328_1_75.jpg","medium":"https:\/\/images.epagine.fr\/328\/9782359260328_1_m.jpg","thumbnail":"https:\/\/images.epagine.fr\/328\/9782359260328_1_v.jpg"},"orderable":true,"show_badge":true,"formatted_price":"12,50&nbsp;\u20ac","formatted_published_date":"1er f\u00e9vrier 2014","publisher_availability_label":"Sur commande","short_details":"Tope Omoniyi \u2014 Amalion","translator":null,"weight":150,"page_count":106,"readership":null,"editor":"Amalion","price":1250,"published_date":"2014-01-31T23:00:00.000000Z","support":"Grand format","publisher_availability":1,"stock":0,"editions":[],"url":"https:\/\/quaidesbrumes.com\/ouvrage\/9782359260328\/poems-for-a-century"},{"id":"9782910879075","title":"Couleur memoire","description":null,"authors":["Charles Dobzynski"],"category_codes":["1000000","1090000"],"visuals":{"large":"https:\/\/quaidesbrumes.com\/img\/book-placeholder.png","medium":"https:\/\/quaidesbrumes.com\/img\/book-placeholder.png","thumbnail":"https:\/\/quaidesbrumes.com\/img\/book-placeholder.png"},"orderable":true,"show_badge":true,"formatted_price":"14,48&nbsp;\u20ac","formatted_published_date":"16 octobre 1997","publisher_availability_label":"Sur commande","short_details":"Charles Dobzynski \u2014 Nykta","translator":null,"weight":200,"page_count":240,"readership":null,"editor":"Nykta","price":1448,"published_date":"1997-10-15T22:00:00.000000Z","support":"Grand format","publisher_availability":1,"stock":0,"editions":[],"url":"https:\/\/quaidesbrumes.com\/ouvrage\/9782910879075\/couleur-memoire"},{"id":"9782940505036","title":"Arret sur image","description":null,"authors":["Sandmeier Eric"],"category_codes":["1000000","1090000"],"visuals":{"large":"https:\/\/images.epagine.fr\/036\/9782940505036_1_75.jpg","medium":"https:\/\/images.epagine.fr\/036\/9782940505036_1_m.jpg","thumbnail":"https:\/\/images.epagine.fr\/036\/9782940505036_1_v.jpg"},"orderable":true,"show_badge":true,"formatted_price":"17,40&nbsp;\u20ac","formatted_published_date":"3 mars 2014","publisher_availability_label":"Sur commande","short_details":"Sandmeier Eric \u2014 Empreintes Suisse","translator":null,"weight":310,"page_count":null,"readership":null,"editor":"Empreintes Suisse","price":1740,"published_date":"2014-03-02T23:00:00.000000Z","support":"Grand format","publisher_availability":1,"stock":0,"editions":[],"url":"https:\/\/quaidesbrumes.com\/ouvrage\/9782940505036\/arret-sur-image"},{"id":"9782906919006","title":"Signes immortels","description":null,"authors":["Stoces F"],"category_codes":["1000000","1090000"],"visuals":{"large":"https:\/\/quaidesbrumes.com\/img\/book-placeholder.png","medium":"https:\/\/quaidesbrumes.com\/img\/book-placeholder.png","thumbnail":"https:\/\/quaidesbrumes.com\/img\/book-placeholder.png"},"orderable":true,"show_badge":true,"formatted_price":"10,98&nbsp;\u20ac","formatted_published_date":"8 mars 2003","publisher_availability_label":"Sur commande","short_details":"Stoces F \u2014 CENTENAIRE","translator":null,"weight":0,"page_count":null,"readership":null,"editor":"CENTENAIRE","price":1098,"published_date":"2003-03-07T23:00:00.000000Z","support":"Grand format","publisher_availability":1,"stock":0,"editions":[],"url":"https:\/\/quaidesbrumes.com\/ouvrage\/9782906919006\/signes-immortels"},{"id":"9782906958142","title":"Le fou","description":null,"authors":["Gebrane"],"category_codes":["1000000","1090000"],"visuals":{"large":"https:\/\/quaidesbrumes.com\/img\/book-placeholder.png","medium":"https:\/\/quaidesbrumes.com\/img\/book-placeholder.png","thumbnail":"https:\/\/quaidesbrumes.com\/img\/book-placeholder.png"},"orderable":true,"show_badge":true,"formatted_price":"9,91&nbsp;\u20ac","formatted_published_date":"1er avril 1994","publisher_availability_label":"Sur commande","short_details":"Gebrane \u2014 Naufal","translator":null,"weight":0,"page_count":null,"readership":null,"editor":"Naufal","price":991,"published_date":"1994-03-31T22:00:00.000000Z","support":"Grand format","publisher_availability":1,"stock":0,"editions":[],"url":"https:\/\/quaidesbrumes.com\/ouvrage\/9782906958142\/le-fou"},{"id":"9782359260304","title":"The promise of hope ; news and selected poems, 1964-2013","description":null,"authors":["Kofi Awonoor"],"category_codes":["1000000","1090000"],"visuals":{"large":"https:\/\/images.epagine.fr\/304\/9782359260304_1_75.jpg","medium":"https:\/\/images.epagine.fr\/304\/9782359260304_1_m.jpg","thumbnail":"https:\/\/images.epagine.fr\/304\/9782359260304_1_v.jpg"},"orderable":true,"show_badge":true,"formatted_price":"15,00&nbsp;\u20ac","formatted_published_date":"1er f\u00e9vrier 2014","publisher_availability_label":"Sur commande","short_details":"Kofi Awonoor \u2014 Amalion","translator":null,"weight":450,"page_count":338,"readership":null,"editor":"Amalion","price":1500,"published_date":"2014-01-31T23:00:00.000000Z","support":"Grand format","publisher_availability":1,"stock":0,"editions":[],"url":"https:\/\/quaidesbrumes.com\/ouvrage\/9782359260304\/the-promise-of-hope-news-and-selected-poems-1964-2013"},{"id":"9782907312035","title":"Le peintre et le po\u00e8te ; l'art de la contemplation","description":"La peinture connut en Chine, de la fin du 11e si\u00e8cle au d\u00e9but du 13e si\u00e8cle, son \u00e2ge d'or. Moment rare o\u00f9 inspiration et savoir-faire se retrouvent sur la terrasse du g\u00e9nie. Ma Yuan, Hsia Kuei, Ma Lin et d'autres dont nous sont parvenues les peintures mais pas les noms exerc\u00e8rent leur talent \u00e0 cette \u00e9poque. Ce sont leurs oeuvres, peintes sur soie, qui sont reproduites dans ce recueil. Elles sont accompagn\u00e9es de po\u00e8mes compos\u00e9s entre le 7e et le 17e si\u00e8cle, par les grands ma\u00eetres de la po\u00e9sie chinoise.\r","authors":["Collectif"],"category_codes":["1000000","1090000"],"visuals":{"large":"https:\/\/images.epagine.fr\/035\/9782907312035_1_75.jpg","medium":"https:\/\/images.epagine.fr\/035\/9782907312035_1_m.jpg","thumbnail":"https:\/\/images.epagine.fr\/035\/9782907312035_1_v.jpg"},"orderable":true,"show_badge":true,"formatted_price":"70,00&nbsp;\u20ac","formatted_published_date":"1er d\u00e9cembre 2005","publisher_availability_label":"Sur commande","short_details":"Collectif \u2014 Moundarren","translator":null,"weight":500,"page_count":90,"readership":null,"editor":"Moundarren","price":7000,"published_date":"2005-11-30T23:00:00.000000Z","support":"Grand format","publisher_availability":1,"stock":0,"editions":[],"url":"https:\/\/quaidesbrumes.com\/ouvrage\/9782907312035\/le-peintre-et-le-poete-lart-de-la-contemplation"},{"id":"9782296061224","title":"Aggravation(s)","description":"... je n'arrive pas \u00e0 d\u00e9chiffrer sur ma peau la date de p\u00e9remption. Il s'agit bien d'aggravation(s), et on se demande jusqu'o\u00f9 ira cette spirale infernale o\u00f9 la peur peut appara\u00eetre comme la fianc\u00e9e aveugle de la mort. Curieusement, le pluriel que souligne l'auteur porte en soi une sorte de r\u00e9demption qui s'arrime au vers\/\u00e0 quoi ?\/rime sa vie \u00e0\/rien. \"Aggravation(s)\" est une belle oeuvre d'acceptation de la vie crisp\u00e9e sur la mort, de la mort qui soul\u00e8ve un terroir fertile. (Michel Cassir).\r","authors":["Herv\u00e9 Bauer"],"category_codes":["1000000","1090000"],"visuals":{"large":"https:\/\/images.epagine.fr\/224\/9782296061224_1_75.jpg","medium":"https:\/\/images.epagine.fr\/224\/9782296061224_1_m.jpg","thumbnail":"https:\/\/images.epagine.fr\/224\/9782296061224_1_v.jpg"},"orderable":true,"show_badge":true,"formatted_price":"11,00&nbsp;\u20ac","formatted_published_date":"7 juillet 2008","publisher_availability_label":"Sur commande","short_details":"Herv\u00e9 Bauer \u2014 \u00c9ditions L'Harmattan","translator":null,"weight":80,"page_count":62,"readership":null,"editor":"\u00c9ditions L'Harmattan","price":1100,"published_date":"2008-07-06T22:00:00.000000Z","support":"Grand format","publisher_availability":1,"stock":0,"editions":[],"url":"https:\/\/quaidesbrumes.com\/ouvrage\/9782296061224\/aggravations"},{"id":"9782907695039","title":"Les d\u00e9esses blanches","description":null,"authors":["Collectif"],"category_codes":["1000000","1090000"],"visuals":{"large":"https:\/\/quaidesbrumes.com\/img\/book-placeholder.png","medium":"https:\/\/quaidesbrumes.com\/img\/book-placeholder.png","thumbnail":"https:\/\/quaidesbrumes.com\/img\/book-placeholder.png"},"orderable":true,"show_badge":true,"formatted_price":"16,25&nbsp;\u20ac","formatted_published_date":"12 mars 2003","publisher_availability_label":"Sur commande","short_details":"Collectif \u2014 \u00c9ditions L'Harmattan","translator":null,"weight":188,"page_count":null,"readership":null,"editor":"\u00c9ditions L'Harmattan","price":1625,"published_date":"2003-03-11T23:00:00.000000Z","support":"Grand format","publisher_availability":1,"stock":0,"editions":[],"url":"https:\/\/quaidesbrumes.com\/ouvrage\/9782907695039\/les-deesses-blanches"},{"id":"9782907695145","title":"Holderlin ou la question de la po\u00e9sie","description":null,"authors":["Collectif"],"category_codes":["1000000","1090000"],"visuals":{"large":"https:\/\/quaidesbrumes.com\/img\/book-placeholder.png","medium":"https:\/\/quaidesbrumes.com\/img\/book-placeholder.png","thumbnail":"https:\/\/quaidesbrumes.com\/img\/book-placeholder.png"},"orderable":true,"show_badge":true,"formatted_price":"15,25&nbsp;\u20ac","formatted_published_date":"8 mars 2003","publisher_availability_label":"Sur commande","short_details":"Collectif \u2014 \u00c9ditions L'Harmattan","translator":null,"weight":190,"page_count":null,"readership":null,"editor":"\u00c9ditions L'Harmattan","price":1525,"published_date":"2003-03-07T23:00:00.000000Z","support":"Grand format","publisher_availability":1,"stock":0,"editions":[],"url":"https:\/\/quaidesbrumes.com\/ouvrage\/9782907695145\/holderlin-ou-la-question-de-la-poesie"},{"id":"9782907695176","title":"Saint-John Perse,le temps des po\u00e8tes","description":null,"authors":["Collectif"],"category_codes":["1000000","1090000"],"visuals":{"large":"https:\/\/quaidesbrumes.com\/img\/book-placeholder.png","medium":"https:\/\/quaidesbrumes.com\/img\/book-placeholder.png","thumbnail":"https:\/\/quaidesbrumes.com\/img\/book-placeholder.png"},"orderable":true,"show_badge":true,"formatted_price":"16,25&nbsp;\u20ac","formatted_published_date":"8 mars 2003","publisher_availability_label":"Sur commande","short_details":"Collectif \u2014 \u00c9ditions L'Harmattan","translator":null,"weight":188,"page_count":null,"readership":null,"editor":"\u00c9ditions L'Harmattan","price":1625,"published_date":"2003-03-07T23:00:00.000000Z","support":"Grand format","publisher_availability":1,"stock":0,"editions":[],"url":"https:\/\/quaidesbrumes.com\/ouvrage\/9782907695176\/saint-john-persele-temps-des-poetes"},{"id":"9782907695206","title":"Anthologie de la po\u00e9sie bengalie","description":null,"authors":["Mukherjee"],"category_codes":["1000000","1090000"],"visuals":{"large":"https:\/\/quaidesbrumes.com\/img\/book-placeholder.png","medium":"https:\/\/quaidesbrumes.com\/img\/book-placeholder.png","thumbnail":"https:\/\/quaidesbrumes.com\/img\/book-placeholder.png"},"orderable":true,"show_badge":true,"formatted_price":"32,00&nbsp;\u20ac","formatted_published_date":"8 mars 2003","publisher_availability_label":"Sur commande","short_details":"Mukherjee \u2014 \u00c9ditions L'Harmattan","translator":null,"weight":215,"page_count":null,"readership":null,"editor":"\u00c9ditions L'Harmattan","price":3200,"published_date":"2003-03-07T23:00:00.000000Z","support":"Grand format","publisher_availability":1,"stock":0,"editions":[],"url":"https:\/\/quaidesbrumes.com\/ouvrage\/9782907695206\/anthologie-de-la-poesie-bengalie"},{"id":"9782909317427","title":"Poe","description":null,"authors":["Collectif"],"category_codes":["1000000","1090000"],"visuals":{"large":"https:\/\/quaidesbrumes.com\/img\/book-placeholder.png","medium":"https:\/\/quaidesbrumes.com\/img\/book-placeholder.png","thumbnail":"https:\/\/quaidesbrumes.com\/img\/book-placeholder.png"},"orderable":true,"show_badge":true,"formatted_price":"7,60&nbsp;\u20ac","formatted_published_date":"2 octobre 1997","publisher_availability_label":"Sur commande","short_details":"Collectif \u2014 Les \u00c9ditions Textuel","translator":null,"weight":110,"page_count":null,"readership":null,"editor":"Les \u00c9ditions Textuel","price":760,"published_date":"1997-10-01T22:00:00.000000Z","support":"Grand format","publisher_availability":1,"stock":0,"editions":[],"url":"https:\/\/quaidesbrumes.com\/ouvrage\/9782909317427\/poe"},{"id":"9782908016475","title":"Terre sainte","description":null,"authors":["Pierre Gibert"],"category_codes":["1000000","1090000"],"visuals":{"large":"https:\/\/quaidesbrumes.com\/img\/book-placeholder.png","medium":"https:\/\/quaidesbrumes.com\/img\/book-placeholder.png","thumbnail":"https:\/\/quaidesbrumes.com\/img\/book-placeholder.png"},"orderable":true,"show_badge":true,"formatted_price":"12,20&nbsp;\u20ac","formatted_published_date":"8 mars 2003","publisher_availability_label":"Sur commande","short_details":"Pierre Gibert \u2014 Aleas","translator":null,"weight":301,"page_count":null,"readership":null,"editor":"Aleas","price":1220,"published_date":"2003-03-07T23:00:00.000000Z","support":"Grand format","publisher_availability":1,"stock":0,"editions":[],"url":"https:\/\/quaidesbrumes.com\/ouvrage\/9782908016475\/terre-sainte"},{"id":"9782908016703","title":"Et si les mots devenaient couleurs","description":null,"authors":["Chartier"],"category_codes":["1000000","1090000"],"visuals":{"large":"https:\/\/quaidesbrumes.com\/img\/book-placeholder.png","medium":"https:\/\/quaidesbrumes.com\/img\/book-placeholder.png","thumbnail":"https:\/\/quaidesbrumes.com\/img\/book-placeholder.png"},"orderable":true,"show_badge":true,"formatted_price":"24,39&nbsp;\u20ac","formatted_published_date":"8 mars 2003","publisher_availability_label":"Sur commande","short_details":"Chartier \u2014 Aleas","translator":null,"weight":501,"page_count":null,"readership":null,"editor":"Aleas","price":2439,"published_date":"2003-03-07T23:00:00.000000Z","support":"Grand format","publisher_availability":1,"stock":0,"editions":[],"url":"https:\/\/quaidesbrumes.com\/ouvrage\/9782908016703\/et-si-les-mots-devenaient-couleurs"},{"id":"9782908016796","title":"Retenue la lumiere ou l'exil et son envers","description":null,"authors":["Rouba Saba Habib"],"category_codes":["1000000","1090000"],"visuals":{"large":"https:\/\/quaidesbrumes.com\/img\/book-placeholder.png","medium":"https:\/\/quaidesbrumes.com\/img\/book-placeholder.png","thumbnail":"https:\/\/quaidesbrumes.com\/img\/book-placeholder.png"},"orderable":true,"show_badge":true,"formatted_price":"12,20&nbsp;\u20ac","formatted_published_date":"30 octobre 1996","publisher_availability_label":"Sur commande","short_details":"Rouba Saba Habib \u2014 Aleas","translator":null,"weight":301,"page_count":null,"readership":null,"editor":"Aleas","price":1220,"published_date":"1996-10-29T23:00:00.000000Z","support":"Grand format","publisher_availability":1,"stock":0,"editions":[],"url":"https:\/\/quaidesbrumes.com\/ouvrage\/9782908016796\/retenue-la-lumiere-ou-lexil-et-son-envers"}]}