{"data":[{"id":"9782903705404","title":"Ferveur de l'arbre sec","description":null,"authors":["Guillaume Lebreton"],"category_codes":["1000000","1090000"],"visuals":{"large":"https:\/\/images.epagine.fr\/404\/9782903705404_1_75.jpg","medium":"https:\/\/images.epagine.fr\/404\/9782903705404_1_m.jpg","thumbnail":"https:\/\/images.epagine.fr\/404\/9782903705404_1_v.jpg"},"orderable":true,"show_badge":true,"formatted_price":"17,00&nbsp;\u20ac","formatted_published_date":"1er janvier 1989","publisher_availability_label":"Sur commande","short_details":"Guillaume Lebreton \u2014 Cheyne \u00c9diteur","translator":null,"weight":135,"page_count":58,"readership":null,"editor":"Cheyne \u00c9diteur","price":1700,"published_date":"1988-12-31T23:00:00.000000Z","support":"Grand format","publisher_availability":1,"stock":0,"editions":[],"url":"https:\/\/quaidesbrumes.com\/ouvrage\/9782903705404\/ferveur-de-larbre-sec"},{"id":"9782903705473","title":"Les douze louanges","description":null,"authors":["Jean-Pierre Sim\u00e9on"],"category_codes":["1000000","1090000"],"visuals":{"large":"https:\/\/quaidesbrumes.com\/img\/book-placeholder.png","medium":"https:\/\/quaidesbrumes.com\/img\/book-placeholder.png","thumbnail":"https:\/\/quaidesbrumes.com\/img\/book-placeholder.png"},"orderable":true,"show_badge":true,"formatted_price":"10,67&nbsp;\u20ac","formatted_published_date":"12 mars 2003","publisher_availability_label":"Sur commande","short_details":"Jean-Pierre Sim\u00e9on \u2014 Cheyne \u00c9diteur","translator":null,"weight":0,"page_count":null,"readership":null,"editor":"Cheyne \u00c9diteur","price":1067,"published_date":"2003-03-11T23:00:00.000000Z","support":"Grand format","publisher_availability":1,"stock":0,"editions":[],"url":"https:\/\/quaidesbrumes.com\/ouvrage\/9782903705473\/les-douze-louanges"},{"id":"9782903721350","title":"Arche du souffle","description":null,"authors":["G\u00e9rard Pfister"],"category_codes":["1000000","1090000"],"visuals":{"large":"https:\/\/quaidesbrumes.com\/img\/book-placeholder.png","medium":"https:\/\/quaidesbrumes.com\/img\/book-placeholder.png","thumbnail":"https:\/\/quaidesbrumes.com\/img\/book-placeholder.png"},"orderable":true,"show_badge":true,"formatted_price":"9,10&nbsp;\u20ac","formatted_published_date":"1er avril 1989","publisher_availability_label":"Sur commande","short_details":"G\u00e9rard Pfister \u2014 LETTRES VIVES","translator":null,"weight":109,"page_count":null,"readership":null,"editor":"LETTRES VIVES","price":910,"published_date":"1989-03-31T22:00:00.000000Z","support":"Grand format","publisher_availability":1,"stock":0,"editions":[],"url":"https:\/\/quaidesbrumes.com\/ouvrage\/9782903721350\/arche-du-souffle"},{"id":"9782903721657","title":"La chambre vide","description":null,"authors":["Jacques Ancet"],"category_codes":["1000000","1090000"],"visuals":{"large":"https:\/\/quaidesbrumes.com\/img\/book-placeholder.png","medium":"https:\/\/quaidesbrumes.com\/img\/book-placeholder.png","thumbnail":"https:\/\/quaidesbrumes.com\/img\/book-placeholder.png"},"orderable":true,"show_badge":true,"formatted_price":"12,20&nbsp;\u20ac","formatted_published_date":"1er f\u00e9vrier 1995","publisher_availability_label":"Sur commande","short_details":"Jacques Ancet \u2014 LETTRES VIVES","translator":null,"weight":166,"page_count":null,"readership":null,"editor":"LETTRES VIVES","price":1220,"published_date":"1995-01-31T23:00:00.000000Z","support":"Grand format","publisher_availability":1,"stock":0,"editions":[],"url":"https:\/\/quaidesbrumes.com\/ouvrage\/9782903721657\/la-chambre-vide"},{"id":"9782876012059","title":"Des profondeurs ; po\u00e8mes","description":null,"authors":["F-Paul Ruffie"],"category_codes":["1000000","1090000"],"visuals":{"large":"https:\/\/images.epagine.fr\/059\/9782876012059_1_75.jpg","medium":"https:\/\/images.epagine.fr\/059\/9782876012059_1_m.jpg","thumbnail":"https:\/\/images.epagine.fr\/059\/9782876012059_1_v.jpg"},"orderable":true,"show_badge":true,"formatted_price":"17,40&nbsp;\u20ac","formatted_published_date":"1er juin 2005","publisher_availability_label":"Sur commande","short_details":"F-Paul Ruffie \u2014 Cariscript","translator":null,"weight":130,"page_count":null,"readership":null,"editor":"Cariscript","price":1740,"published_date":"2005-05-31T22:00:00.000000Z","support":"Grand format","publisher_availability":1,"stock":0,"editions":[],"url":"https:\/\/quaidesbrumes.com\/ouvrage\/9782876012059\/des-profondeurs-poemes"},{"id":"9782903974343","title":"Charles baudelaire","description":null,"authors":["Paul Verlaine"],"category_codes":["1000000","1090000"],"visuals":{"large":"https:\/\/quaidesbrumes.com\/img\/book-placeholder.png","medium":"https:\/\/quaidesbrumes.com\/img\/book-placeholder.png","thumbnail":"https:\/\/quaidesbrumes.com\/img\/book-placeholder.png"},"orderable":true,"show_badge":true,"formatted_price":"6,50&nbsp;\u20ac","formatted_published_date":"3 mars 1995","publisher_availability_label":"Sur commande","short_details":"Paul Verlaine \u2014 Rumeur Des Ages","translator":null,"weight":105,"page_count":null,"readership":null,"editor":"Rumeur Des Ages","price":650,"published_date":"1995-03-02T23:00:00.000000Z","support":"Grand format","publisher_availability":1,"stock":0,"editions":[],"url":"https:\/\/quaidesbrumes.com\/ouvrage\/9782903974343\/charles-baudelaire"},{"id":"9782903974657","title":"Creation poetique de remy de gourmont","description":null,"authors":["Gillyboeuf"],"category_codes":["1000000","1090000"],"visuals":{"large":"https:\/\/quaidesbrumes.com\/img\/book-placeholder.png","medium":"https:\/\/quaidesbrumes.com\/img\/book-placeholder.png","thumbnail":"https:\/\/quaidesbrumes.com\/img\/book-placeholder.png"},"orderable":true,"show_badge":true,"formatted_price":"6,86&nbsp;\u20ac","formatted_published_date":"4 d\u00e9cembre 2000","publisher_availability_label":"Sur commande","short_details":"Gillyboeuf \u2014 Rumeur Des Ages","translator":null,"weight":0,"page_count":null,"readership":null,"editor":"Rumeur Des Ages","price":686,"published_date":"2000-12-03T23:00:00.000000Z","support":"Grand format","publisher_availability":1,"stock":0,"editions":[],"url":"https:\/\/quaidesbrumes.com\/ouvrage\/9782903974657\/creation-poetique-de-remy-de-gourmont"},{"id":"9782878670165","title":"Destins de reines","description":null,"authors":["Boglio Georgett Brun"],"category_codes":["1000000","1090000"],"visuals":{"large":"https:\/\/quaidesbrumes.com\/img\/book-placeholder.png","medium":"https:\/\/quaidesbrumes.com\/img\/book-placeholder.png","thumbnail":"https:\/\/quaidesbrumes.com\/img\/book-placeholder.png"},"orderable":true,"show_badge":true,"formatted_price":"13,72&nbsp;\u20ac","formatted_published_date":"7 janvier 1999","publisher_availability_label":"Sur commande","short_details":"Boglio Georgett Brun \u2014 Presses Du Midi","translator":null,"weight":400,"page_count":null,"readership":null,"editor":"Presses Du Midi","price":1372,"published_date":"1999-01-06T23:00:00.000000Z","support":"Grand format","publisher_availability":1,"stock":0,"editions":[],"url":"https:\/\/quaidesbrumes.com\/ouvrage\/9782878670165\/destins-de-reines"},{"id":"9782878671025","title":"\u00e0 nos amours !","description":null,"authors":["Monique Revest"],"category_codes":["1000000","1090000"],"visuals":{"large":"https:\/\/quaidesbrumes.com\/img\/book-placeholder.png","medium":"https:\/\/quaidesbrumes.com\/img\/book-placeholder.png","thumbnail":"https:\/\/quaidesbrumes.com\/img\/book-placeholder.png"},"orderable":true,"show_badge":true,"formatted_price":"15,24&nbsp;\u20ac","formatted_published_date":"7 janvier 1999","publisher_availability_label":"Sur commande","short_details":"Monique Revest \u2014 Presses Du Midi","translator":null,"weight":400,"page_count":null,"readership":null,"editor":"Presses Du Midi","price":1524,"published_date":"1999-01-06T23:00:00.000000Z","support":"Grand format","publisher_availability":1,"stock":0,"editions":[],"url":"https:\/\/quaidesbrumes.com\/ouvrage\/9782878671025\/a-nos-amours"},{"id":"9782378276812","title":"Sous mes doigts de bois sec","description":"Ce recueil de po\u00e8mes refl\u00e8te le temps qui passe. Un temps ponctu\u00e9 d'arr\u00eat ou l'esprit laisse cours au ressenti. C'est un dialogue entre l'auteur et son environnement, une balade entre pass\u00e9 et pr\u00e9sent. Les th\u00e8mes sont divers mais posent tous un regard sur l'existence, sur l'\u00eatre en tant qu'entit\u00e9 vivant et sur les soubresauts de la vie.","authors":["Alain D\u00e9bodard"],"category_codes":["1000000","1090000"],"visuals":{"large":"https:\/\/images.epagine.fr\/812\/9782378276812_1_75.jpg","medium":"https:\/\/images.epagine.fr\/812\/9782378276812_1_m.jpg","thumbnail":"https:\/\/images.epagine.fr\/812\/9782378276812_1_v.jpg"},"orderable":true,"show_badge":true,"formatted_price":"16,00&nbsp;\u20ac","formatted_published_date":"30 d\u00e9cembre 2022","publisher_availability_label":"Sur commande","short_details":"Alain D\u00e9bodard \u2014 SPINELLE","translator":null,"weight":230,"page_count":144,"readership":null,"editor":"SPINELLE","price":1600,"published_date":"2022-12-29T23:00:00.000000Z","support":"Grand format","publisher_availability":1,"stock":0,"editions":[],"url":"https:\/\/quaidesbrumes.com\/ouvrage\/9782378276812\/sous-mes-doigts-de-bois-sec"},{"id":"9782878670707","title":"Printemps : anthologie poetique des 4 saisons","description":null,"authors":["Gilbert Chanel"],"category_codes":["1000000","1090000"],"visuals":{"large":"https:\/\/quaidesbrumes.com\/img\/book-placeholder.png","medium":"https:\/\/quaidesbrumes.com\/img\/book-placeholder.png","thumbnail":"https:\/\/quaidesbrumes.com\/img\/book-placeholder.png"},"orderable":true,"show_badge":true,"formatted_price":"9,15&nbsp;\u20ac","formatted_published_date":"14 mai 1997","publisher_availability_label":"Sur commande","short_details":"Gilbert Chanel \u2014 Presses Du Midi","translator":null,"weight":200,"page_count":null,"readership":null,"editor":"Presses Du Midi","price":915,"published_date":"1997-05-13T22:00:00.000000Z","support":"Grand format","publisher_availability":1,"stock":0,"editions":[],"url":"https:\/\/quaidesbrumes.com\/ouvrage\/9782878670707\/printemps-anthologie-poetique-des-4-saisons"},{"id":"9782878670790","title":"Petite musique de vie","description":null,"authors":["Jacques Blot"],"category_codes":["1000000","1090000"],"visuals":{"large":"https:\/\/quaidesbrumes.com\/img\/book-placeholder.png","medium":"https:\/\/quaidesbrumes.com\/img\/book-placeholder.png","thumbnail":"https:\/\/quaidesbrumes.com\/img\/book-placeholder.png"},"orderable":true,"show_badge":true,"formatted_price":"12,04&nbsp;\u20ac","formatted_published_date":"7 janvier 1999","publisher_availability_label":"Sur commande","short_details":"Jacques Blot \u2014 Presses Du Midi","translator":null,"weight":300,"page_count":null,"readership":null,"editor":"Presses Du Midi","price":1204,"published_date":"1999-01-06T23:00:00.000000Z","support":"Grand format","publisher_availability":1,"stock":0,"editions":[],"url":"https:\/\/quaidesbrumes.com\/ouvrage\/9782878670790\/petite-musique-de-vie"},{"id":"9782878670844","title":"Galerie de portraits","description":null,"authors":["B\u00e9atrice Chadoint"],"category_codes":["1000000","1090000"],"visuals":{"large":"https:\/\/quaidesbrumes.com\/img\/book-placeholder.png","medium":"https:\/\/quaidesbrumes.com\/img\/book-placeholder.png","thumbnail":"https:\/\/quaidesbrumes.com\/img\/book-placeholder.png"},"orderable":true,"show_badge":true,"formatted_price":"10,52&nbsp;\u20ac","formatted_published_date":"7 janvier 1999","publisher_availability_label":"Sur commande","short_details":"B\u00e9atrice Chadoint \u2014 Presses Du Midi","translator":null,"weight":200,"page_count":null,"readership":null,"editor":"Presses Du Midi","price":1052,"published_date":"1999-01-06T23:00:00.000000Z","support":"Grand format","publisher_availability":1,"stock":0,"editions":[],"url":"https:\/\/quaidesbrumes.com\/ouvrage\/9782878670844\/galerie-de-portraits"},{"id":"9791096199372","title":"Virga","description":null,"authors":["Barrier Jean-Marc"],"category_codes":["1000000","1090000"],"visuals":{"large":"https:\/\/quaidesbrumes.com\/img\/book-placeholder.png","medium":"https:\/\/quaidesbrumes.com\/img\/book-placeholder.png","thumbnail":"https:\/\/quaidesbrumes.com\/img\/book-placeholder.png"},"orderable":true,"show_badge":true,"formatted_price":"15,00&nbsp;\u20ac","formatted_published_date":"2 janvier 2024","publisher_availability_label":"Sur commande","short_details":"Barrier Jean-Marc \u2014 Phloeme","translator":null,"weight":401,"page_count":null,"readership":null,"editor":"Phloeme","price":1500,"published_date":"2024-01-01T23:00:00.000000Z","support":"Grand format","publisher_availability":1,"stock":0,"editions":[],"url":"https:\/\/quaidesbrumes.com\/ouvrage\/9791096199372\/virga"},{"id":"9782878670417","title":"Rimes en farandole","description":null,"authors":["Boglio Georgett Brun"],"category_codes":["1000000","1090000"],"visuals":{"large":"https:\/\/quaidesbrumes.com\/img\/book-placeholder.png","medium":"https:\/\/quaidesbrumes.com\/img\/book-placeholder.png","thumbnail":"https:\/\/quaidesbrumes.com\/img\/book-placeholder.png"},"orderable":true,"show_badge":true,"formatted_price":"18,29&nbsp;\u20ac","formatted_published_date":"7 janvier 1999","publisher_availability_label":"Sur commande","short_details":"Boglio Georgett Brun \u2014 Presses Du Midi","translator":null,"weight":400,"page_count":null,"readership":null,"editor":"Presses Du Midi","price":1829,"published_date":"1999-01-06T23:00:00.000000Z","support":"Grand format","publisher_availability":1,"stock":0,"editions":[],"url":"https:\/\/quaidesbrumes.com\/ouvrage\/9782878670417\/rimes-en-farandole"},{"id":"9782738456342","title":"Vestiges","description":null,"authors":["Meskine Lhoussaint"],"category_codes":["9000000","9120000","9120200"],"visuals":{"large":"https:\/\/images.epagine.fr\/342\/9782738456342_1_75.jpg","medium":"https:\/\/images.epagine.fr\/342\/9782738456342_1_m.jpg","thumbnail":"https:\/\/images.epagine.fr\/342\/9782738456342_1_v.jpg"},"orderable":true,"show_badge":true,"formatted_price":"11,00&nbsp;\u20ac","formatted_published_date":"15 septembre 1997","publisher_availability_label":"Sur commande","short_details":"Meskine Lhoussaint \u2014 \u00c9ditions L'Harmattan","translator":null,"weight":100,"page_count":null,"readership":null,"editor":"\u00c9ditions L'Harmattan","price":1100,"published_date":"1997-09-14T22:00:00.000000Z","support":"Grand format","publisher_availability":1,"stock":0,"editions":[],"url":"https:\/\/quaidesbrumes.com\/ouvrage\/9782738456342\/vestiges"},{"id":"9782876730908","title":"Les abeilles de l'invisible","description":null,"authors":["Jean-Michel Maulpoix"],"category_codes":["1000000","1090000"],"visuals":{"large":"https:\/\/quaidesbrumes.com\/img\/book-placeholder.png","medium":"https:\/\/quaidesbrumes.com\/img\/book-placeholder.png","thumbnail":"https:\/\/quaidesbrumes.com\/img\/book-placeholder.png"},"orderable":true,"show_badge":true,"formatted_price":"13,50&nbsp;\u20ac","formatted_published_date":"1er septembre 1993","publisher_availability_label":"Sur commande","short_details":"Jean-Michel Maulpoix \u2014 CHAMP VALLON","translator":null,"weight":208,"page_count":null,"readership":null,"editor":"CHAMP VALLON","price":1350,"published_date":"1993-08-31T22:00:00.000000Z","support":"Grand format","publisher_availability":1,"stock":0,"editions":[],"url":"https:\/\/quaidesbrumes.com\/ouvrage\/9782876730908\/les-abeilles-de-linvisible"},{"id":"9782876731400","title":"Les parquets du ciel","description":"R\u00e9v\u00e9lation de l'\u00e2me devant un bock de bi\u00e8re, \u00e9piphanie dans une cabine t\u00e9l\u00e9phonique, trivialit\u00e9 des situations, du langage parfois.\r\nCes textes, articul\u00e9s \u00e0 une narration sentimentale malmen\u00e9e, rouvrent, \u00e0 ras de prose, le territoire po\u00e9tique \u00e0 toute la mat\u00e9rialit\u00e9 du r\u00e9el. Il s'agit ici d'accueillir le quotidien, d'int\u00e9grer \u00e0 l'\u00e9criture une pr\u00e9sence qui n'oublierait plus le pr\u00e9sent. \" Mal aim\u00e9 \", proche de Zone, Olivier Barbarant, entre sentimentalit\u00e9 affich\u00e9e et ironie, entre d\u00e9risoire et d\u00e9rision, tente de r\u00e9inventer, avec ce nouveau discours amoureux, le geste d'Apollinaire : dans le dynamisme d'un swing, se maintient la promesse de la m\u00e9lodie.\r\nSous l'apparente profanation circule alors l'obstination d'un espoir po\u00e9tique : celui de faire revisiter la langue, d'obliger la phrase au tempo d'une caresse. Il n'y a de ciel humain qu'\u00e0 hauteur du parquet.\r","authors":["Olivier Barbarant"],"category_codes":["1000000","1090000"],"visuals":{"large":"https:\/\/images.epagine.fr\/400\/9782876731400_1_75.jpg","medium":"https:\/\/images.epagine.fr\/400\/9782876731400_1_m.jpg","thumbnail":"https:\/\/images.epagine.fr\/400\/9782876731400_1_v.jpg"},"orderable":true,"show_badge":true,"formatted_price":"13,00&nbsp;\u20ac","formatted_published_date":"1er septembre 1993","publisher_availability_label":"Sur commande","short_details":"Olivier Barbarant \u2014 CHAMP VALLON","translator":null,"weight":160,"page_count":null,"readership":null,"editor":"CHAMP VALLON","price":1300,"published_date":"1993-08-31T22:00:00.000000Z","support":"Grand format","publisher_availability":1,"stock":0,"editions":[],"url":"https:\/\/quaidesbrumes.com\/ouvrage\/9782876731400\/les-parquets-du-ciel"},{"id":"9782351280522","title":"Temps solaire","description":"\u00catres solaires, \u00e0 la fois sujets et objets, nous traversons un chemin qui ne cesse de nous \u00e9chapper, entre veille et sommeil, entre ombres et lumi\u00e8re.\r\n\r\nNous porte l'attente de ces instants o\u00f9 les fronti\u00e8res semblent s'effacer pour rejoindre ce que nous aimons.\r\n\r\nVivre n'est-ce pas refuser de renoncer \u00e0 cette qu\u00eate de l'improbable ? Comment accepter que la vie ne se laisse jamais traverser \u00e0 rebours ?\r\n\r\nSi la lumi\u00e8re, compagne de notre pr\u00e9sence au monde, se d\u00e9robe elle aussi, les mots du po\u00e8me, \u00e0 la fois cendres et braises, cherchent \u00e0 en retenir les traces.\r","authors":["C\u00e9cile Oumhani"],"category_codes":["1000000","1090000"],"visuals":{"large":"https:\/\/images.epagine.fr\/522\/9782351280522_1_75.jpg","medium":"https:\/\/images.epagine.fr\/522\/9782351280522_1_m.jpg","thumbnail":"https:\/\/images.epagine.fr\/522\/9782351280522_1_v.jpg"},"orderable":true,"show_badge":true,"formatted_price":"18,00&nbsp;\u20ac","formatted_published_date":"1er septembre 2009","publisher_availability_label":"Sur commande","short_details":"C\u00e9cile Oumhani \u2014 Voix D'Encre","translator":null,"weight":300,"page_count":null,"readership":null,"editor":"Voix D'Encre","price":1800,"published_date":"2009-08-31T22:00:00.000000Z","support":"Grand format","publisher_availability":1,"stock":0,"editions":[],"url":"https:\/\/quaidesbrumes.com\/ouvrage\/9782351280522\/temps-solaire"},{"id":"9782738467522","title":"Rencontres po\u00e9tiques du monde anglophone ; autour de ...Denise Levertov, Debjani Chatterjee, Derry O'Sullivan et Kenneth White","description":"Les quatre po\u00e8tes ici rassembl\u00e9s sont pr\u00e9sent\u00e9s par des universitaires qui retracent leur parcours, font l'\u00e9loge de leur singularit\u00e9 et les replacent dans un certain courant po\u00e9tique. Ces po\u00e8tes ont une approche tr\u00e8s particuli\u00e8re de leur langue de cr\u00e9ation (anglais ou ga\u00e9lique moderne), celle de leurs origines familiales et celle de leur r\u00e9sidence. Ces influences linguistiques diverses ont consid\u00e9rablement modul\u00e9 leur style d'\u00e9criture, l'inflexion de leur rythme po\u00e9tique ainsi que leurs th\u00e8mes r\u00e9currents. Le parcours po\u00e9tique est amplifi\u00e9 par des traductions qui r\u00e9sultent de la complicit\u00e9 cr\u00e9atrice de traducteurs avec des auteurs.\r","authors":["Collectif"],"category_codes":["1000000","1090000"],"visuals":{"large":"https:\/\/images.epagine.fr\/522\/9782738467522_1_75.jpg","medium":"https:\/\/images.epagine.fr\/522\/9782738467522_1_m.jpg","thumbnail":"https:\/\/images.epagine.fr\/522\/9782738467522_1_v.jpg"},"orderable":true,"show_badge":true,"formatted_price":"14,50&nbsp;\u20ac","formatted_published_date":"3 mai 2000","publisher_availability_label":"Sur commande","short_details":"Collectif \u2014 \u00c9ditions L'Harmattan","translator":null,"weight":198,"page_count":156,"readership":null,"editor":"\u00c9ditions L'Harmattan","price":1450,"published_date":"2000-05-02T22:00:00.000000Z","support":"Grand format","publisher_availability":1,"stock":0,"editions":[],"url":"https:\/\/quaidesbrumes.com\/ouvrage\/9782738467522\/rencontres-poetiques-du-monde-anglophone-autour-de-denise-levertov-debjani-chatterjee-derry-osullivan-et-kenneth-white"},{"id":"9782905372215","title":"Le gribouilleur sur le cadastre","description":null,"authors":["Pierre Kahn"],"category_codes":["1000000","1090000"],"visuals":{"large":"https:\/\/quaidesbrumes.com\/img\/book-placeholder.png","medium":"https:\/\/quaidesbrumes.com\/img\/book-placeholder.png","thumbnail":"https:\/\/quaidesbrumes.com\/img\/book-placeholder.png"},"orderable":true,"show_badge":true,"formatted_price":"12,00&nbsp;\u20ac","formatted_published_date":"13 novembre 1992","publisher_availability_label":"Sur commande","short_details":"Pierre Kahn \u2014 \u00c9ditions de l'\u00e9clat","translator":null,"weight":117,"page_count":null,"readership":null,"editor":"\u00c9ditions de l'\u00e9clat","price":1200,"published_date":"1992-11-12T23:00:00.000000Z","support":"Grand format","publisher_availability":1,"stock":0,"editions":[],"url":"https:\/\/quaidesbrumes.com\/ouvrage\/9782905372215\/le-gribouilleur-sur-le-cadastre"},{"id":"9782870034361","title":"Amour ; j'\u00e9cris ton nom","description":"L'amour-passion, l'amour fraternel, l'amour tendresse, l'amour \u00e9ph\u00e9m\u00e8re, l'amour qui dure, l'amour impossible, l'amour familial,...\r\n\r\nC'est l'amour sous toutes ses formes qui est pr\u00e9sent dans ce livre, comme une invitation au r\u00eave ou \u00e0 la r\u00e9flexion autour de ce \u00abph\u00e9no-m\u00e8ne\u00bb magique, \u00e9ternel et intemporel qui touche chacun d'entre nous.\r\n\r\nAuteurs c\u00e9l\u00e8bres ou auteurs en herbe y d\u00e9voilent leur jardin de coeur imaginaire. Ils nous offrent un parcours-d\u00e9couverte d'histoires poignantes, \u00e9mouvantes, dr\u00f4les, personnelles ou surprenantes.\r\n\r\nDes histoires qui feront vibrer tous les coeurs, jeunes ou moins jeunes, des amoureux de la vie et de l'amour.","authors":["Collectif"],"category_codes":["1000000","1010000"],"visuals":{"large":"https:\/\/images.epagine.fr\/361\/9782870034361_1_75.jpg","medium":"https:\/\/images.epagine.fr\/361\/9782870034361_1_m.jpg","thumbnail":"https:\/\/images.epagine.fr\/361\/9782870034361_1_v.jpg"},"orderable":true,"show_badge":true,"formatted_price":"15,01&nbsp;\u20ac","formatted_published_date":"1er mai 2008","publisher_availability_label":"Sur commande","short_details":"Collectif \u2014 Couleur Livres","translator":null,"weight":200,"page_count":152,"readership":null,"editor":"Couleur Livres","price":1501,"published_date":"2008-04-30T22:00:00.000000Z","support":"Grand format","publisher_availability":1,"stock":0,"editions":[],"url":"https:\/\/quaidesbrumes.com\/ouvrage\/9782870034361\/amour-jecris-ton-nom"},{"id":"9782296060685","title":"Errance","description":"\"Deux forces se battaient en lui : l'inconscience et l'insurmontable d\u00e9sir de revivre ce feu de la passion, cette destructrice indomptable de la souffrance et de l'abandon de soi, les souvenirs sortis par tous les pores de son corps. Les gouttes perl\u00e8rent sur son front. Son coeur battait la chamade. Il n'arrivait plus \u00e0 contr\u00f4ler cette cacophonie d'\u00e9moi qui jaillissait en lui \u00e0 nouveau. Il avait trop souffert. Jamais il ne permettrait de d\u00e9truire son corps \u00e0 nouveau.\"\r","authors":["Abder Zegout"],"category_codes":["1000000","1090000"],"visuals":{"large":"https:\/\/images.epagine.fr\/685\/9782296060685_1_75.jpg","medium":"https:\/\/images.epagine.fr\/685\/9782296060685_1_m.jpg","thumbnail":"https:\/\/images.epagine.fr\/685\/9782296060685_1_v.jpg"},"orderable":true,"show_badge":true,"formatted_price":"12,00&nbsp;\u20ac","formatted_published_date":"3 juillet 2008","publisher_availability_label":"Sur commande","short_details":"Abder Zegout \u2014 \u00c9ditions L'Harmattan","translator":null,"weight":135,"page_count":null,"readership":null,"editor":"\u00c9ditions L'Harmattan","price":1200,"published_date":"2008-07-02T22:00:00.000000Z","support":"Grand format","publisher_availability":1,"stock":0,"editions":[],"url":"https:\/\/quaidesbrumes.com\/ouvrage\/9782296060685\/errance"},{"id":"9782841091782","title":"J'ai su que j'avais un fr\u00e8re","description":"Jack Hirschman (n\u00e9 en 1933 \u00e0 New York) est maintenant connu en France comme l'un des principaux po\u00e8tes des \u00c9tats-Unis. Po\u00e8te laur\u00e9at de San Francisco, l'auteur des Arcanes est une figure majeure de ce qu'on a appel\u00e9 la Street poetry. Beaucoup des po\u00e8mes r\u00e9unis dans ce recueil sont des sc\u00e8nes de rue, des \u00ab choses vues \u00bb. Ils disent \u00e0 la fois la violence de la vie am\u00e9ricaine, des in\u00e9galit\u00e9s et de l'oppression de classe, mais aussi la fraternit\u00e9 humaine. Pour Jack Hirschman, la po\u00e9sie est cette flamme \u00ab toute simple au coeur du langage \u00bb.\r","authors":["Jack Hirschman","Gilles Vachon"],"category_codes":["1000000","1090000"],"visuals":{"large":"https:\/\/images.epagine.fr\/782\/9782841091782_1_75.jpg","medium":"https:\/\/images.epagine.fr\/782\/9782841091782_1_m.jpg","thumbnail":"https:\/\/images.epagine.fr\/782\/9782841091782_1_v.jpg"},"orderable":true,"show_badge":true,"formatted_price":"10,00&nbsp;\u20ac","formatted_published_date":"1er octobre 1998","publisher_availability_label":"Sur commande","short_details":"Jack Hirschman, Gilles Vachon \u2014 LE TEMPS DES CERISES","translator":"GILLES VACHON","weight":200,"page_count":148,"readership":null,"editor":"LE TEMPS DES CERISES","price":1000,"published_date":"1998-09-30T22:00:00.000000Z","support":"Grand format","publisher_availability":1,"stock":0,"editions":[],"url":"https:\/\/quaidesbrumes.com\/ouvrage\/9782841091782\/jai-su-que-javais-un-frere"}]}