{"data":[{"id":"9782865540143","title":"La chanson de Turold ; essai de d\u00e9chiffrement de la chanson de Roland","description":null,"authors":["Michael Hecht"],"category_codes":["1000000","1090000","1090300"],"visuals":{"large":"https:\/\/images.epagine.fr\/143\/9782865540143_1_75.jpg","medium":"https:\/\/images.epagine.fr\/143\/9782865540143_1_m.jpg","thumbnail":"https:\/\/images.epagine.fr\/143\/9782865540143_1_v.jpg"},"orderable":true,"show_badge":true,"formatted_price":"25,36&nbsp;\u20ac","formatted_published_date":"9 mai 2008","publisher_availability_label":"Sur commande","short_details":"Michael Hecht \u2014 Gutemberg","translator":null,"weight":363,"page_count":206,"readership":null,"editor":"Gutemberg","price":2536,"published_date":"2008-05-08T22:00:00.000000Z","support":"Grand format","publisher_availability":1,"stock":0,"editions":[],"url":"https:\/\/quaidesbrumes.com\/ouvrage\/9782865540143\/la-chanson-de-turold-essai-de-dechiffrement-de-la-chanson-de-roland"},{"id":"9782868531803","title":"Pour Andr\u00e9 Fr\u00e9naud","description":"Vaste ensemble d'\u00e9tudes sur l'oeuvre de l'un des po\u00e8tes fran\u00e7ais les plus significatifs de ce si\u00e8cle (1907-1993), le pr\u00e9sent cahier ne vise pas \u00e0 \u00eatre une c\u00e9l\u00e9bration facile du g\u00e9nie de l'auteur de La Sorci\u00e8re de Rome et d'Haeres.\r\nC'est bien plut\u00f4t une lecture (ou relecture) fervente des livres qui composent ce que l'on peut appeler l'univers po\u00e9tique d'Andr\u00e9 Fr\u00e9naud. Beaucoup de po\u00e8tes de la nouvelle g\u00e9n\u00e9ration (grosso modo 30-45 ans) ont souhait\u00e9 \u00e9crire sur cette oeuvre. Ils r\u00e9v\u00e8lent que la singuli\u00e8re force d'Andr\u00e9 Fr\u00e9naud les a travers\u00e9s, les a augment\u00e9s. Nouveau \" Passage de la Visitation \". Certains de ses pairs ont tenu aussi \u00e0 accompagner ce travail collectif m\u00eame si, par le pass\u00e9, ils ont d\u00e9j\u00e0 port\u00e9 t\u00e9moignage.\r\nQuatre auteurs \u00e9trangers ont contribu\u00e9, par des \u00e9tudes de caract\u00e8re plus universitaire, \u00e0 l'ouverture d'une ample r\u00e9flexion, attestant ainsi de l'audience d'Andr\u00e9 Fr\u00e9naud hors des fronti\u00e8res.\r","authors":["Collectif"],"category_codes":["1000000","1090000"],"visuals":{"large":"https:\/\/images.epagine.fr\/803\/9782868531803_1_75.jpg","medium":"https:\/\/images.epagine.fr\/803\/9782868531803_1_m.jpg","thumbnail":"https:\/\/images.epagine.fr\/803\/9782868531803_1_v.jpg"},"orderable":true,"show_badge":true,"formatted_price":"27,50&nbsp;\u20ac","formatted_published_date":"19 mai 1998","publisher_availability_label":"Sur commande","short_details":"Collectif \u2014 Le Temps Qu'Il Fait","translator":null,"weight":660,"page_count":null,"readership":null,"editor":"Le Temps Qu'Il Fait","price":2750,"published_date":"1998-05-18T22:00:00.000000Z","support":"Grand format","publisher_availability":1,"stock":0,"editions":[],"url":"https:\/\/quaidesbrumes.com\/ouvrage\/9782868531803\/pour-andre-frenaud"},{"id":"9782296011519","title":"Haute-couture","description":"\"Jusqu'o\u00f9 l'ampoule incandescente pardonne-t-elle au papillon son vol incertain ?\/ L'aile se br\u00fble, parce qu'elle ombrage un instant de lumi\u00e8re.\" \"La po\u00e9sie est \u00e0 la prose ce que la Haute Couture est au pr\u00eat-\u00e0-porter.\" Les trouvailles de Claude Luezior \"nous charment et nous font r\u00eaver, bien au-del\u00e0 du simple sens des mots\".","authors":["Claude Luezior"],"category_codes":["1000000","1090000"],"visuals":{"large":"https:\/\/images.epagine.fr\/519\/9782296011519_1_75.jpg","medium":"https:\/\/images.epagine.fr\/519\/9782296011519_1_m.jpg","thumbnail":"https:\/\/images.epagine.fr\/519\/9782296011519_1_v.jpg"},"orderable":true,"show_badge":true,"formatted_price":"12,00&nbsp;\u20ac","formatted_published_date":"16 septembre 2006","publisher_availability_label":"Sur commande","short_details":"Claude Luezior \u2014 \u00c9ditions L'Harmattan","translator":null,"weight":120,"page_count":102,"readership":null,"editor":"\u00c9ditions L'Harmattan","price":1200,"published_date":"2006-09-15T22:00:00.000000Z","support":"Grand format","publisher_availability":1,"stock":0,"editions":[],"url":"https:\/\/quaidesbrumes.com\/ouvrage\/9782296011519\/haute-couture"},{"id":"9782343033587","title":"Terre Fa\u00e9","description":"Le recueil de Dominique Sutter est le troisi\u00e8me volet de la trilogie comportant Mirabilia (paru en 2010) et Evangiles buissonniers (2013 L'Harmattan, coll. Accent tonique). Ce texte est au croisement d'une paix silencieuse, du feu de l'\u00e9t\u00e9 et d'un monde fugace. L'ensemble s'est constitu\u00e9 sur la margelle du puits interne.\r","authors":["Dominique Sutter"],"category_codes":["1000000","1090000"],"visuals":{"large":"https:\/\/images.epagine.fr\/587\/9782343033587_1_75.jpg","medium":"https:\/\/images.epagine.fr\/587\/9782343033587_1_m.jpg","thumbnail":"https:\/\/images.epagine.fr\/587\/9782343033587_1_v.jpg"},"orderable":true,"show_badge":true,"formatted_price":"12,50&nbsp;\u20ac","formatted_published_date":"10 avril 2014","publisher_availability_label":"Sur commande","short_details":"Dominique Sutter \u2014 \u00c9ditions L'Harmattan","translator":null,"weight":115,"page_count":86,"readership":null,"editor":"\u00c9ditions L'Harmattan","price":1250,"published_date":"2014-04-09T22:00:00.000000Z","support":"Grand format","publisher_availability":1,"stock":0,"editions":[],"url":"https:\/\/quaidesbrumes.com\/ouvrage\/9782343033587\/terre-fae"},{"id":"9782878674972","title":"La difference","description":null,"authors":["Justine Bocchi"],"category_codes":["1000000","1090000"],"visuals":{"large":"https:\/\/quaidesbrumes.com\/img\/book-placeholder.png","medium":"https:\/\/quaidesbrumes.com\/img\/book-placeholder.png","thumbnail":"https:\/\/quaidesbrumes.com\/img\/book-placeholder.png"},"orderable":true,"show_badge":true,"formatted_price":"15,00&nbsp;\u20ac","formatted_published_date":"12 septembre 2003","publisher_availability_label":"Sur commande","short_details":"Justine Bocchi \u2014 Presses Du Midi","translator":null,"weight":206,"page_count":null,"readership":null,"editor":"Presses Du Midi","price":1500,"published_date":"2003-09-11T22:00:00.000000Z","support":"Grand format","publisher_availability":1,"stock":0,"editions":[],"url":"https:\/\/quaidesbrumes.com\/ouvrage\/9782878674972\/la-difference"},{"id":"9782912487247","title":"Recueil de pensee d'un epicier","description":null,"authors":["Andr\u00e9 Journo"],"category_codes":["1000000","1090000"],"visuals":{"large":"https:\/\/quaidesbrumes.com\/img\/book-placeholder.png","medium":"https:\/\/quaidesbrumes.com\/img\/book-placeholder.png","thumbnail":"https:\/\/quaidesbrumes.com\/img\/book-placeholder.png"},"orderable":true,"show_badge":true,"formatted_price":"10,52&nbsp;\u20ac","formatted_published_date":"10 ao\u00fbt 1998","publisher_availability_label":"Sur commande","short_details":"Andr\u00e9 Journo \u2014 Gil Wern","translator":null,"weight":170,"page_count":null,"readership":null,"editor":"Gil Wern","price":1052,"published_date":"1998-08-09T22:00:00.000000Z","support":"Grand format","publisher_availability":1,"stock":0,"editions":[],"url":"https:\/\/quaidesbrumes.com\/ouvrage\/9782912487247\/recueil-de-pensee-dun-epicier"},{"id":"9782878673593","title":"Prieres musicales","description":null,"authors":["Suzanne Marg Remouit"],"category_codes":["1000000","1090000"],"visuals":{"large":"https:\/\/quaidesbrumes.com\/img\/book-placeholder.png","medium":"https:\/\/quaidesbrumes.com\/img\/book-placeholder.png","thumbnail":"https:\/\/quaidesbrumes.com\/img\/book-placeholder.png"},"orderable":true,"show_badge":true,"formatted_price":"16,00&nbsp;\u20ac","formatted_published_date":"3 mai 2002","publisher_availability_label":"Sur commande","short_details":"Suzanne Marg Remouit \u2014 Presses Du Midi","translator":null,"weight":202,"page_count":null,"readership":null,"editor":"Presses Du Midi","price":1600,"published_date":"2002-05-02T22:00:00.000000Z","support":"Grand format","publisher_availability":1,"stock":0,"editions":[],"url":"https:\/\/quaidesbrumes.com\/ouvrage\/9782878673593\/prieres-musicales"},{"id":"9782890463257","title":"R\u00e9jouissances","description":null,"authors":["Cadet"],"category_codes":["1000000","1090000"],"visuals":{"large":"https:\/\/quaidesbrumes.com\/img\/book-placeholder.png","medium":"https:\/\/quaidesbrumes.com\/img\/book-placeholder.png","thumbnail":"https:\/\/quaidesbrumes.com\/img\/book-placeholder.png"},"orderable":true,"show_badge":true,"formatted_price":"12,20&nbsp;\u20ac","formatted_published_date":"21 avril 1994","publisher_availability_label":"Sur commande","short_details":"Cadet \u2014 LE TEMPS DES CERISES","translator":null,"weight":0,"page_count":null,"readership":null,"editor":"LE TEMPS DES CERISES","price":1220,"published_date":"1994-04-20T22:00:00.000000Z","support":"Grand format","publisher_availability":1,"stock":0,"editions":[],"url":"https:\/\/quaidesbrumes.com\/ouvrage\/9782890463257\/rejouissances"},{"id":"9782869411654","title":"Progressions en vue de","description":null,"authors":["Jean Tortel"],"category_codes":["1000000","1090000"],"visuals":{"large":"https:\/\/images.epagine.fr\/654\/9782869411654_1_75.jpg","medium":"https:\/\/images.epagine.fr\/654\/9782869411654_1_m.jpg","thumbnail":"https:\/\/images.epagine.fr\/654\/9782869411654_1_v.jpg"},"orderable":true,"show_badge":true,"formatted_price":"20,00&nbsp;\u20ac","formatted_published_date":"8 mars 2003","publisher_availability_label":"Sur commande","short_details":"Jean Tortel \u2014 Maeght","translator":null,"weight":0,"page_count":235,"readership":null,"editor":"Maeght","price":2000,"published_date":"2003-03-07T23:00:00.000000Z","support":"Grand format","publisher_availability":1,"stock":0,"editions":[],"url":"https:\/\/quaidesbrumes.com\/ouvrage\/9782869411654\/progressions-en-vue-de"},{"id":"9782909535135","title":"Le voyage a l'ancre","description":null,"authors":["Alain Bouche"],"category_codes":["1000000","1090000"],"visuals":{"large":"https:\/\/quaidesbrumes.com\/img\/book-placeholder.png","medium":"https:\/\/quaidesbrumes.com\/img\/book-placeholder.png","thumbnail":"https:\/\/quaidesbrumes.com\/img\/book-placeholder.png"},"orderable":true,"show_badge":true,"formatted_price":"9,20&nbsp;\u20ac","formatted_published_date":"1er janvier 2000","publisher_availability_label":"Sur commande","short_details":"Alain Bouche \u2014 Anabase","translator":null,"weight":100,"page_count":null,"readership":null,"editor":"Anabase","price":920,"published_date":"1999-12-31T23:00:00.000000Z","support":"Grand format","publisher_availability":1,"stock":0,"editions":[],"url":"https:\/\/quaidesbrumes.com\/ouvrage\/9782909535135\/le-voyage-a-lancre"},{"id":"9782738455741","title":"Le serpent d'airain - poemes","description":null,"authors":["Jose-Maria Alvarez"],"category_codes":["1000000","1090000"],"visuals":{"large":"https:\/\/images.epagine.fr\/741\/9782738455741_1_75.jpg","medium":"https:\/\/images.epagine.fr\/741\/9782738455741_1_m.jpg","thumbnail":"https:\/\/images.epagine.fr\/741\/9782738455741_1_v.jpg"},"orderable":true,"show_badge":true,"formatted_price":"16,00&nbsp;\u20ac","formatted_published_date":"15 juin 1997","publisher_availability_label":"Sur commande","short_details":"Jose-Maria Alvarez \u2014 \u00c9ditions L'Harmattan","translator":null,"weight":250,"page_count":null,"readership":null,"editor":"\u00c9ditions L'Harmattan","price":1600,"published_date":"1997-06-14T22:00:00.000000Z","support":"Grand format","publisher_availability":1,"stock":0,"editions":[],"url":"https:\/\/quaidesbrumes.com\/ouvrage\/9782738455741\/le-serpent-dairain-poemes"},{"id":"9782738454072","title":"Thalassa pour un retour","description":"Po\u00e8mes en deux parties : Pour un exil et Thalassa pour un retour. Sidi Bou Said, 1995.           La mer afflue. A ton affront de mer. A ta ferveur d'enfant c\u00f4tier. Et gloire. Et bonheur. A toi. Pur. L\u00e9ger sur la vague. Nulle fibule. T'attache. Nul ressort. Te tend. Dessine un visage. Dans l'eau. Mangeuse de dorades. Oublie. Jusqu'\u00e0 ta nage. Au paradis de tes pas. Et retiens toute course. Expose toute conqu\u00eate. Attise les ardeurs corsaires du d\u00e9fi. Aspire la mer. Avale la mer. Et \u00e0 l'ombre du figuier. Retourne.\r","authors":["Jean-claude Villain"],"category_codes":["2000000","2050000"],"visuals":{"large":"https:\/\/images.epagine.fr\/072\/9782738454072_1_75.jpg","medium":"https:\/\/images.epagine.fr\/072\/9782738454072_1_m.jpg","thumbnail":"https:\/\/images.epagine.fr\/072\/9782738454072_1_v.jpg"},"orderable":true,"show_badge":true,"formatted_price":"11,00&nbsp;\u20ac","formatted_published_date":"15 juin 1997","publisher_availability_label":"Sur commande","short_details":"Jean-claude Villain \u2014 \u00c9ditions L'Harmattan","translator":null,"weight":100,"page_count":null,"readership":"\u00e0 partir de 12 ANS","editor":"\u00c9ditions L'Harmattan","price":1100,"published_date":"1997-06-14T22:00:00.000000Z","support":"Grand format","publisher_availability":1,"stock":0,"editions":[],"url":"https:\/\/quaidesbrumes.com\/ouvrage\/9782738454072\/thalassa-pour-un-retour"},{"id":"9782900768983","title":"Tout cela","description":null,"authors":["Fran\u00e7ois de Corni\u00e8re"],"category_codes":["1000000","1090000"],"visuals":{"large":"https:\/\/quaidesbrumes.com\/img\/book-placeholder.png","medium":"https:\/\/quaidesbrumes.com\/img\/book-placeholder.png","thumbnail":"https:\/\/quaidesbrumes.com\/img\/book-placeholder.png"},"orderable":true,"show_badge":true,"formatted_price":"12,00&nbsp;\u20ac","formatted_published_date":"1er mars 1992","publisher_availability_label":"Sur commande","short_details":"Fran\u00e7ois de Corni\u00e8re \u2014 L'Idee Bleue","translator":null,"weight":210,"page_count":null,"readership":null,"editor":"L'Idee Bleue","price":1200,"published_date":"1992-02-29T23:00:00.000000Z","support":"Grand format","publisher_availability":1,"stock":0,"editions":[],"url":"https:\/\/quaidesbrumes.com\/ouvrage\/9782900768983\/tout-cela"},{"id":"9782738455475","title":"Les vents de l'\u00e9preuve","description":null,"authors":["Kama Kamanda"],"category_codes":["1000000","1090000"],"visuals":{"large":"https:\/\/images.epagine.fr\/475\/9782738455475_1_75.jpg","medium":"https:\/\/images.epagine.fr\/475\/9782738455475_1_m.jpg","thumbnail":"https:\/\/images.epagine.fr\/475\/9782738455475_1_v.jpg"},"orderable":true,"show_badge":true,"formatted_price":"12,00&nbsp;\u20ac","formatted_published_date":"15 juin 1997","publisher_availability_label":"Sur commande","short_details":"Kama Kamanda \u2014 \u00c9ditions L'Harmattan","translator":null,"weight":162,"page_count":112,"readership":null,"editor":"\u00c9ditions L'Harmattan","price":1200,"published_date":"1997-06-14T22:00:00.000000Z","support":"Grand format","publisher_availability":1,"stock":0,"editions":[],"url":"https:\/\/quaidesbrumes.com\/ouvrage\/9782738455475\/les-vents-de-lepreuve"},{"id":"9791090536470","title":"Seul le vent","description":null,"authors":["Bernadette Leconte"],"category_codes":["1000000","1090000","1090600"],"visuals":{"large":"https:\/\/quaidesbrumes.com\/img\/book-placeholder.png","medium":"https:\/\/quaidesbrumes.com\/img\/book-placeholder.png","thumbnail":"https:\/\/quaidesbrumes.com\/img\/book-placeholder.png"},"orderable":true,"show_badge":true,"formatted_price":"5,00&nbsp;\u20ac","formatted_published_date":"8 octobre 2021","publisher_availability_label":"Sur commande","short_details":"Bernadette Leconte \u2014 Musimot","translator":null,"weight":20,"page_count":null,"readership":null,"editor":"Musimot","price":500,"published_date":"2021-10-07T22:00:00.000000Z","support":"Grand format","publisher_availability":1,"stock":0,"editions":[],"url":"https:\/\/quaidesbrumes.com\/ouvrage\/9791090536470\/seul-le-vent"},{"id":"9782902126149","title":"Flora tristan la paria et son reve","description":null,"authors":["Michaud"],"category_codes":["1000000","1090000"],"visuals":{"large":"https:\/\/quaidesbrumes.com\/img\/book-placeholder.png","medium":"https:\/\/quaidesbrumes.com\/img\/book-placeholder.png","thumbnail":"https:\/\/quaidesbrumes.com\/img\/book-placeholder.png"},"orderable":true,"show_badge":true,"formatted_price":"18,29&nbsp;\u20ac","formatted_published_date":"12 mars 2003","publisher_availability_label":"Sur commande","short_details":"Michaud \u2014 Ecole Normale Superieure Lettres Et Sciences Humaines","translator":null,"weight":0,"page_count":null,"readership":null,"editor":"Ecole Normale Superieure Lettres Et Sciences Humaines","price":1829,"published_date":"2003-03-11T23:00:00.000000Z","support":"Grand format","publisher_availability":1,"stock":0,"editions":[],"url":"https:\/\/quaidesbrumes.com\/ouvrage\/9782902126149\/flora-tristan-la-paria-et-son-reve"},{"id":"9782902296095","title":"Po\u00e9sies Tome 2","description":"Po\u00e8mes sur les th\u00e8mes de la nature, des oiseaux, du temps qui passe, des amis... \r\n\r\n\u00ab Dans ces deux recueils, l'\u00e9lan et la fougue sont l\u00e0, sans atteindre il faut le reconna\u00eetre, la trame po\u00e9tique des grands auteurs. Cette inspiration, raviv\u00e9e par des souvenirs qui affluent au gr\u00e9 de ces d\u00e9tours, hasards et promenades reste toutefois anim\u00e9e de gr\u00e2ce et peut-\u00eatre d'une certaine g\u00e9n\u00e9rosit\u00e9.\r\nSimples, ces strophes sonnent comme un carillon de joie, une invitation charnelle \u00e0 admirer chaque facette de notre pauvre vie.\r\nAvec le temps, je deviens plus r\u00e9aliste et un peu plus omniscient mais les images sont nimb\u00e9es de na\u00efvet\u00e9, malgr\u00e9 mon enthousiasme.\r\nEn anglais, ces quelques po\u00e8mes \u00e9voquent des songes, des r\u00eaveries anglo-saxonnes, au verbe enamour\u00e9, comme une vraie passion pour la Grande-Bretagne, ma terre d'adoption. \u00bb A.C.\r\n\r\nCes 65 textes compl\u00e8tent le premier volume, plus ancien, o\u00f9 figurent 68 textes.\r","authors":["Alain Courbet"],"category_codes":["1000000","1090000"],"visuals":{"large":"https:\/\/images.epagine.fr\/095\/9782902296095_1_75.jpg","medium":"https:\/\/images.epagine.fr\/095\/9782902296095_1_m.jpg","thumbnail":"https:\/\/images.epagine.fr\/095\/9782902296095_1_v.jpg"},"orderable":true,"show_badge":true,"formatted_price":"9,40&nbsp;\u20ac","formatted_published_date":"10 d\u00e9cembre 2020","publisher_availability_label":"Sur commande","short_details":"Alain Courbet \u2014 MYOSOTIS BOOKS","translator":null,"weight":126,"page_count":84,"readership":null,"editor":"MYOSOTIS BOOKS","price":940,"published_date":"2020-12-09T23:00:00.000000Z","support":"Grand format","publisher_availability":1,"stock":0,"editions":[],"url":"https:\/\/quaidesbrumes.com\/ouvrage\/9782902296095\/poesies-tome-2"},{"id":"9782902333080","title":"En une ville ouverte","description":null,"authors":["Collectif"],"category_codes":["1000000","1090000"],"visuals":{"large":"https:\/\/quaidesbrumes.com\/img\/book-placeholder.png","medium":"https:\/\/quaidesbrumes.com\/img\/book-placeholder.png","thumbnail":"https:\/\/quaidesbrumes.com\/img\/book-placeholder.png"},"orderable":true,"show_badge":true,"formatted_price":"11,43&nbsp;\u20ac","formatted_published_date":"23 d\u00e9cembre 1997","publisher_availability_label":"Sur commande","short_details":"Collectif \u2014 Atelier Du Gue","translator":null,"weight":301,"page_count":null,"readership":null,"editor":"Atelier Du Gue","price":1143,"published_date":"1997-12-22T23:00:00.000000Z","support":"Grand format","publisher_availability":1,"stock":0,"editions":[],"url":"https:\/\/quaidesbrumes.com\/ouvrage\/9782902333080\/en-une-ville-ouverte"},{"id":"9782490719037","title":"Poemes du 19e siecle - images et poesies","description":null,"authors":["Multiples Auteurs"],"category_codes":["1000000","1090000"],"visuals":{"large":"https:\/\/quaidesbrumes.com\/img\/book-placeholder.png","medium":"https:\/\/quaidesbrumes.com\/img\/book-placeholder.png","thumbnail":"https:\/\/quaidesbrumes.com\/img\/book-placeholder.png"},"orderable":true,"show_badge":true,"formatted_price":"13,00&nbsp;\u20ac","formatted_published_date":"2 octobre 2020","publisher_availability_label":"Sur commande","short_details":"Multiples Auteurs \u2014 Editions D'Anglon","translator":null,"weight":295,"page_count":null,"readership":null,"editor":"Editions D'Anglon","price":1300,"published_date":"2020-10-01T22:00:00.000000Z","support":"Grand format","publisher_availability":1,"stock":0,"editions":[],"url":"https:\/\/quaidesbrumes.com\/ouvrage\/9782490719037\/poemes-du-19e-siecle-images-et-poesies"},{"id":"9782878674583","title":"Vers les rivages vierges","description":null,"authors":["Eric Elies"],"category_codes":["1000000","1090000"],"visuals":{"large":"https:\/\/quaidesbrumes.com\/img\/book-placeholder.png","medium":"https:\/\/quaidesbrumes.com\/img\/book-placeholder.png","thumbnail":"https:\/\/quaidesbrumes.com\/img\/book-placeholder.png"},"orderable":true,"show_badge":true,"formatted_price":"10,00&nbsp;\u20ac","formatted_published_date":"11 mars 2003","publisher_availability_label":"Sur commande","short_details":"Eric Elies \u2014 Presses Du Midi","translator":null,"weight":80,"page_count":null,"readership":null,"editor":"Presses Du Midi","price":1000,"published_date":"2003-03-10T23:00:00.000000Z","support":"Grand format","publisher_availability":1,"stock":0,"editions":[],"url":"https:\/\/quaidesbrumes.com\/ouvrage\/9782878674583\/vers-les-rivages-vierges"},{"id":"9782910784003","title":"La mer interdite et autres po\u00e8mes","description":null,"authors":["Dimitrova Blaga"],"category_codes":["1000000","1090000"],"visuals":{"large":"https:\/\/quaidesbrumes.com\/img\/book-placeholder.png","medium":"https:\/\/quaidesbrumes.com\/img\/book-placeholder.png","thumbnail":"https:\/\/quaidesbrumes.com\/img\/book-placeholder.png"},"orderable":true,"show_badge":true,"formatted_price":"12,20&nbsp;\u20ac","formatted_published_date":"12 mars 2003","publisher_availability_label":"Sur commande","short_details":"Dimitrova Blaga \u2014 Est-Ouest Internationales","translator":null,"weight":0,"page_count":null,"readership":null,"editor":"Est-Ouest Internationales","price":1220,"published_date":"2003-03-11T23:00:00.000000Z","support":"Grand format","publisher_availability":1,"stock":0,"editions":[],"url":"https:\/\/quaidesbrumes.com\/ouvrage\/9782910784003\/la-mer-interdite-et-autres-poemes"},{"id":"9782854806359","title":"L'almanach des poetes 1997","description":null,"authors":["Claude Leroy"],"category_codes":["1000000","1090000"],"visuals":{"large":"https:\/\/quaidesbrumes.com\/img\/book-placeholder.png","medium":"https:\/\/quaidesbrumes.com\/img\/book-placeholder.png","thumbnail":"https:\/\/quaidesbrumes.com\/img\/book-placeholder.png"},"orderable":true,"show_badge":true,"formatted_price":"14,94&nbsp;\u20ac","formatted_published_date":"2 juillet 1997","publisher_availability_label":"Sur commande","short_details":"Claude Leroy \u2014 Charles Corlet","translator":null,"weight":0,"page_count":null,"readership":null,"editor":"Charles Corlet","price":1494,"published_date":"1997-07-01T22:00:00.000000Z","support":"Grand format","publisher_availability":1,"stock":0,"editions":[],"url":"https:\/\/quaidesbrumes.com\/ouvrage\/9782854806359\/lalmanach-des-poetes-1997"},{"id":"9782903705077","title":"Du pays glac\u00e9 salin","description":null,"authors":["Jean-Jacques Nuel"],"category_codes":["1000000","1090000"],"visuals":{"large":"https:\/\/images.epagine.fr\/077\/9782903705077_1_75.jpg","medium":"https:\/\/images.epagine.fr\/077\/9782903705077_1_m.jpg","thumbnail":"https:\/\/images.epagine.fr\/077\/9782903705077_1_v.jpg"},"orderable":true,"show_badge":true,"formatted_price":"7,62&nbsp;\u20ac","formatted_published_date":"12 mars 2003","publisher_availability_label":"Sur commande","short_details":"Jean-Jacques Nuel \u2014 Cheyne \u00c9diteur","translator":null,"weight":0,"page_count":null,"readership":null,"editor":"Cheyne \u00c9diteur","price":762,"published_date":"2003-03-11T23:00:00.000000Z","support":"Grand format","publisher_availability":1,"stock":0,"editions":[],"url":"https:\/\/quaidesbrumes.com\/ouvrage\/9782903705077\/du-pays-glace-salin"},{"id":"9782903705336","title":"Les voix de neige","description":null,"authors":["Dominique Sorrente"],"category_codes":["1000000","1090000"],"visuals":{"large":"https:\/\/images.epagine.fr\/336\/9782903705336_1_75.jpg","medium":"https:\/\/images.epagine.fr\/336\/9782903705336_1_m.jpg","thumbnail":"https:\/\/images.epagine.fr\/336\/9782903705336_1_v.jpg"},"orderable":true,"show_badge":true,"formatted_price":"13,50&nbsp;\u20ac","formatted_published_date":"2 ao\u00fbt 2001","publisher_availability_label":"Sur commande","short_details":"Dominique Sorrente \u2014 Cheyne \u00c9diteur","translator":null,"weight":0,"page_count":64,"readership":null,"editor":"Cheyne \u00c9diteur","price":1350,"published_date":"2001-08-01T22:00:00.000000Z","support":"Grand format","publisher_availability":1,"stock":0,"editions":[],"url":"https:\/\/quaidesbrumes.com\/ouvrage\/9782903705336\/les-voix-de-neige"}]}