{"data":[{"id":"9782738424570","title":"Visages d'homme (poemes)","description":null,"authors":["Babacar Sall"],"category_codes":["1000000","1090000"],"visuals":{"large":"https:\/\/images.epagine.fr\/570\/9782738424570_1_75.jpg","medium":"https:\/\/images.epagine.fr\/570\/9782738424570_1_m.jpg","thumbnail":"https:\/\/images.epagine.fr\/570\/9782738424570_1_v.jpg"},"orderable":true,"show_badge":true,"formatted_price":"11,00&nbsp;\u20ac","formatted_published_date":"26 octobre 1994","publisher_availability_label":"Sur commande","short_details":"Babacar Sall \u2014 \u00c9ditions L'Harmattan","translator":null,"weight":120,"page_count":null,"readership":null,"editor":"\u00c9ditions L'Harmattan","price":1100,"published_date":"1994-10-25T23:00:00.000000Z","support":"Grand format","publisher_availability":1,"stock":0,"editions":[],"url":"https:\/\/quaidesbrumes.com\/ouvrage\/9782738424570\/visages-dhomme-poemes"},{"id":"9782738425676","title":"Nuit et lumiere","description":null,"authors":["Le Masque P-L."],"category_codes":["1000000","1090000"],"visuals":{"large":"https:\/\/images.epagine.fr\/676\/9782738425676_1_75.jpg","medium":"https:\/\/images.epagine.fr\/676\/9782738425676_1_m.jpg","thumbnail":"https:\/\/images.epagine.fr\/676\/9782738425676_1_v.jpg"},"orderable":true,"show_badge":true,"formatted_price":"10,00&nbsp;\u20ac","formatted_published_date":"3 mai 2000","publisher_availability_label":"Sur commande","short_details":"Le Masque P-L. \u2014 \u00c9ditions L'Harmattan","translator":null,"weight":94,"page_count":null,"readership":null,"editor":"\u00c9ditions L'Harmattan","price":1000,"published_date":"2000-05-02T22:00:00.000000Z","support":"Grand format","publisher_availability":1,"stock":0,"editions":[],"url":"https:\/\/quaidesbrumes.com\/ouvrage\/9782738425676\/nuit-et-lumiere"},{"id":"9782738425720","title":"La memoire du silence","description":null,"authors":["Mohsen Marc"],"category_codes":["1000000","1090000"],"visuals":{"large":"https:\/\/images.epagine.fr\/720\/9782738425720_1_75.jpg","medium":"https:\/\/images.epagine.fr\/720\/9782738425720_1_m.jpg","thumbnail":"https:\/\/images.epagine.fr\/720\/9782738425720_1_v.jpg"},"orderable":true,"show_badge":true,"formatted_price":"11,00&nbsp;\u20ac","formatted_published_date":"1er mai 1994","publisher_availability_label":"Sur commande","short_details":"Mohsen Marc \u2014 \u00c9ditions L'Harmattan","translator":null,"weight":138,"page_count":null,"readership":null,"editor":"\u00c9ditions L'Harmattan","price":1100,"published_date":"1994-04-30T22:00:00.000000Z","support":"Grand format","publisher_availability":1,"stock":0,"editions":[],"url":"https:\/\/quaidesbrumes.com\/ouvrage\/9782738425720\/la-memoire-du-silence"},{"id":"9782714305459","title":"Les arbres en la musique","description":null,"authors":["Amparo Amoros"],"category_codes":["1000000","1090000"],"visuals":{"large":"https:\/\/quaidesbrumes.com\/img\/book-placeholder.png","medium":"https:\/\/quaidesbrumes.com\/img\/book-placeholder.png","thumbnail":"https:\/\/quaidesbrumes.com\/img\/book-placeholder.png"},"orderable":true,"show_badge":true,"formatted_price":"15,45&nbsp;\u20ac","formatted_published_date":"18 mai 1995","publisher_availability_label":"Sur commande","short_details":"Amparo Amoros \u2014 \u00c9ditions Corti","translator":null,"weight":115,"page_count":null,"readership":null,"editor":"\u00c9ditions Corti","price":1545,"published_date":"1995-05-17T22:00:00.000000Z","support":"Grand format","publisher_availability":1,"stock":0,"editions":[],"url":"https:\/\/quaidesbrumes.com\/ouvrage\/9782714305459\/les-arbres-en-la-musique"},{"id":"9782738428660","title":"Les oiseaux pour sourire et r\u00eaver","description":null,"authors":["Henri Brunel"],"category_codes":["1000000","1090000"],"visuals":{"large":"https:\/\/images.epagine.fr\/660\/9782738428660_1_75.jpg","medium":"https:\/\/images.epagine.fr\/660\/9782738428660_1_m.jpg","thumbnail":"https:\/\/images.epagine.fr\/660\/9782738428660_1_v.jpg"},"orderable":true,"show_badge":true,"formatted_price":"13,00&nbsp;\u20ac","formatted_published_date":"26 octobre 1994","publisher_availability_label":"Sur commande","short_details":"Henri Brunel \u2014 \u00c9ditions L'Harmattan","translator":null,"weight":302,"page_count":112,"readership":null,"editor":"\u00c9ditions L'Harmattan","price":1300,"published_date":"1994-10-25T23:00:00.000000Z","support":"Grand format","publisher_availability":1,"stock":0,"editions":[],"url":"https:\/\/quaidesbrumes.com\/ouvrage\/9782738428660\/les-oiseaux-pour-sourire-et-rever"},{"id":"9782715202795","title":"Cri des profondeurs","description":null,"authors":["Georges Duhamel"],"category_codes":["1000000","1090000"],"visuals":{"large":"https:\/\/images.epagine.fr\/795\/9782715202795_1_75.jpg","medium":"https:\/\/images.epagine.fr\/795\/9782715202795_1_m.jpg","thumbnail":"https:\/\/images.epagine.fr\/795\/9782715202795_1_v.jpg"},"orderable":true,"show_badge":true,"formatted_price":"6,20&nbsp;\u20ac","formatted_published_date":"1er octobre 1974","publisher_availability_label":"Sur commande","short_details":"Georges Duhamel \u2014 Mercure de France","translator":null,"weight":190,"page_count":null,"readership":null,"editor":"Mercure de France","price":620,"published_date":"1974-09-30T23:00:00.000000Z","support":"Grand format","publisher_availability":1,"stock":0,"editions":[],"url":"https:\/\/quaidesbrumes.com\/ouvrage\/9782715202795\/cri-des-profondeurs"},{"id":"9782747587617","title":"Le tain de ta voix","description":"Pour Sylvie Le Scouarnec, le seul miroir dont le \"tain\" puisse conserver la trace invisible aux yeux des profanes est l'oc\u00e9an qui entoure son \u00eele bretonne. Elle interroge inlassablement ses \u00e9chos, ses miroitements, ses formes et dans ce recueil, elle transcrit l'indicible.Musicienne des mots, elle les agence en une symphonie au rythme \u00e0 la fois contemporain et infini","authors":["Sylvie Le scouarnec"],"category_codes":["1000000","1090000"],"visuals":{"large":"https:\/\/images.epagine.fr\/617\/9782747587617_1_75.jpg","medium":"https:\/\/images.epagine.fr\/617\/9782747587617_1_m.jpg","thumbnail":"https:\/\/images.epagine.fr\/617\/9782747587617_1_v.jpg"},"orderable":true,"show_badge":true,"formatted_price":"12,00&nbsp;\u20ac","formatted_published_date":"2 juillet 2005","publisher_availability_label":"Sur commande","short_details":"Sylvie Le scouarnec \u2014 \u00c9ditions L'Harmattan","translator":null,"weight":120,"page_count":96,"readership":null,"editor":"\u00c9ditions L'Harmattan","price":1200,"published_date":"2005-07-01T22:00:00.000000Z","support":"Grand format","publisher_availability":1,"stock":0,"editions":[],"url":"https:\/\/quaidesbrumes.com\/ouvrage\/9782747587617\/le-tain-de-ta-voix"},{"id":"9782715215399","title":"Terre d'errance","description":null,"authors":["Dimitri t. Analis"],"category_codes":["1000000","1090000"],"visuals":{"large":"https:\/\/images.epagine.fr\/399\/9782715215399_1_75.jpg","medium":"https:\/\/images.epagine.fr\/399\/9782715215399_1_m.jpg","thumbnail":"https:\/\/images.epagine.fr\/399\/9782715215399_1_v.jpg"},"orderable":true,"show_badge":true,"formatted_price":"18,55&nbsp;\u20ac","formatted_published_date":"22 avril 1988","publisher_availability_label":"Sur commande","short_details":"Dimitri t. Analis \u2014 Mercure de France","translator":null,"weight":162,"page_count":null,"readership":null,"editor":"Mercure de France","price":1855,"published_date":"1988-04-21T22:00:00.000000Z","support":"Grand format","publisher_availability":1,"stock":0,"editions":[],"url":"https:\/\/quaidesbrumes.com\/ouvrage\/9782715215399\/terre-derrance"},{"id":"9782715216617","title":"Le temps les villes","description":"\u00abcomment r\u00e9concilier la cendre de paris avec notre soleil qui saigne goutte \u00e0 goutte, comment accorder les rives de notre m\u00e9diterran\u00e9e commune, alors que nous tr\u00e9buchons contre les empereurs de l'absurde et que nous r\u00e9voquons l'autorit\u00e9 du sens (il faut que le po\u00e8te de l'occident s'habitue, lui aussi, \u00e0 pleurer sur les vestiges et \u00e0 \u00e9crire sur le sable, \u00e0 unifier la th\u00e9riaque et le poison, il faut qu'il apprenne, lui aussi, comment r\u00e9soudre l'insoluble, comment rendre gr\u00e2ce au vent)\u00bb","authors":["Adonis"],"category_codes":["1000000","1090000"],"visuals":{"large":"https:\/\/images.epagine.fr\/617\/9782715216617_1_75.jpg","medium":"https:\/\/images.epagine.fr\/617\/9782715216617_1_m.jpg","thumbnail":"https:\/\/images.epagine.fr\/617\/9782715216617_1_v.jpg"},"orderable":true,"show_badge":true,"formatted_price":"20,20&nbsp;\u20ac","formatted_published_date":"4 d\u00e9cembre 1990","publisher_availability_label":"Sur commande","short_details":"Adonis \u2014 Mercure de France","translator":null,"weight":436,"page_count":null,"readership":null,"editor":"Mercure de France","price":2020,"published_date":"1990-12-03T23:00:00.000000Z","support":"Grand format","publisher_availability":1,"stock":0,"editions":[],"url":"https:\/\/quaidesbrumes.com\/ouvrage\/9782715216617\/le-temps-les-villes"},{"id":"9782955384930","title":"Palimpseste","description":"Val\u00e9rie Rinaldo, dans ce r\u00e9cit po\u00e9tique, nous entra\u00eene au coeur de l'histoire de l'Afrique et des Antilles \u00e0 travers le voyage d'une Ha\u00eftienne sur les traces de ses anc\u00eatres. L'\u00e9motion vous submerge, vague apr\u00e8s vague, dans cette incroyable odyss\u00e9e. De la solitude \u00e0 la naissance de l'amour, du reniement \u00e0 la reconnaissance de ses a\u00efeuls, anciens esclaves qui se sont battus pour leur libert\u00e9, un t\u00e9moignage sensible qui devient chant du monde. Ginette Adamson, artiste peintre d'origine ha\u00eftienne, illumine cette \u00e9tonnante parabole de ses oeuvres \u00e0 la fois po\u00e9tiques et surr\u00e9elles.","authors":["Ginette Adamson","Val\u00e9rie Rinaldo"],"category_codes":["1000000","1090000"],"visuals":{"large":"https:\/\/images.epagine.fr\/930\/9782955384930_1_75.jpg","medium":"https:\/\/images.epagine.fr\/930\/9782955384930_1_m.jpg","thumbnail":"https:\/\/images.epagine.fr\/930\/9782955384930_1_v.jpg"},"orderable":true,"show_badge":true,"formatted_price":"18,00&nbsp;\u20ac","formatted_published_date":"15 avril 2018","publisher_availability_label":"Sur commande","short_details":"Ginette Adamson, Val\u00e9rie Rinaldo \u2014 Terre De Ciel","translator":null,"weight":230,"page_count":76,"readership":null,"editor":"Terre De Ciel","price":1800,"published_date":"2018-04-14T22:00:00.000000Z","support":"Grand format","publisher_availability":1,"stock":0,"editions":[],"url":"https:\/\/quaidesbrumes.com\/ouvrage\/9782955384930\/palimpseste"},{"id":"9782849241233","title":"Les corbeaux br\u00fbl\u00e9s","description":"Et si le d\u00e9sir se consumait jusqu'au bout. Cendres pour la terre et fum\u00e9es pour le ciel. Les ailes charg\u00e9es de souffles. Les pattes ancr\u00e9es dans un charnier. Avec les br\u00fblures qui ravivent les anciennes morsures du feu et la peau dont on peine \u00e0 ranimer les senteurs, m\u00eame b\u00e9nie, m\u00eame asperg\u00e9e d'eau de mer. Et les caresses d\u00e9sormais absentes sous les doigts, et le vent des images emport\u00e9 dans le grand brasier \u00e9teint du pass\u00e9. Tout coule pour d\u00e9former ce qu'on a vu droit, plein, dense, ce qu'on a model\u00e9 de nos mains et respir\u00e9 comme la fleur immortelle de l'instant. En se d\u00e9faisant des corps par les flammes, ne garantissons-nous pas l'avenir du verbe ? De foyers de fables. Des mots-\u00e9tincelles pour une derni\u00e8re flamb\u00e9e des souvenirs...","authors":["Eric Allard"],"category_codes":["1000000","1090000"],"visuals":{"large":"https:\/\/images.epagine.fr\/233\/9782849241233_1_75.jpg","medium":"https:\/\/images.epagine.fr\/233\/9782849241233_1_m.jpg","thumbnail":"https:\/\/images.epagine.fr\/233\/9782849241233_1_v.jpg"},"orderable":true,"show_badge":true,"formatted_price":"10,00&nbsp;\u20ac","formatted_published_date":"28 janvier 2009","publisher_availability_label":"Sur commande","short_details":"Eric Allard \u2014 Editions Du Cygne","translator":null,"weight":150,"page_count":60,"readership":null,"editor":"Editions Du Cygne","price":1000,"published_date":"2009-01-27T23:00:00.000000Z","support":"Grand format","publisher_availability":1,"stock":0,"editions":[],"url":"https:\/\/quaidesbrumes.com\/ouvrage\/9782849241233\/les-corbeaux-brules"},{"id":"9782738442079","title":"Henry James ou Le sens des profondeurs : Essai sur les nouvelles fantastiques","description":null,"authors":["Bernard Terramorsi"],"category_codes":["1000000","1090000"],"visuals":{"large":"https:\/\/images.epagine.fr\/079\/9782738442079_1_75.jpg","medium":"https:\/\/images.epagine.fr\/079\/9782738442079_1_m.jpg","thumbnail":"https:\/\/images.epagine.fr\/079\/9782738442079_1_v.jpg"},"orderable":true,"show_badge":true,"formatted_price":"31,50&nbsp;\u20ac","formatted_published_date":"3 mai 2000","publisher_availability_label":"Sur commande","short_details":"Bernard Terramorsi \u2014 \u00c9ditions L'Harmattan","translator":null,"weight":532,"page_count":326,"readership":null,"editor":"\u00c9ditions L'Harmattan","price":3150,"published_date":"2000-05-02T22:00:00.000000Z","support":"Grand format","publisher_availability":1,"stock":0,"editions":[],"url":"https:\/\/quaidesbrumes.com\/ouvrage\/9782738442079\/henry-james-ou-le-sens-des-profondeurs-essai-sur-les-nouvelles-fantastiques"},{"id":"9782905910844","title":"La guerre entre les arbres","description":"C'est \u00e0 des noces de chair que nous convient ces po\u00e8mes qu'une prose introduit. Un homme passe une nuit dans un sous-bois \u00ab o\u00f9 l'avait pouss\u00e9 la faim \u00bb. Une faim sensuelle \u00e0 laquelle un d\u00e9sir imp\u00e9tueux sert les images d'un accouplement fantasm\u00e9, entre celle qu'il aime et lui, dans l'\u00e9cho organique de la nature. Jacques Abeille excelle \u00e0 dresser au vif du po\u00e8me les images crues de l'amour. Ses vers m\u00ealent en un seul chant le corps aim\u00e9 et les formes que le vent donne aux branches, que la terre donne aux racines. Les peintures de Jean-Gilles Badaire, dans l'obscur du noir et blanc, d\u00e9clinent l'analogie des formes v\u00e9g\u00e9tales avec le sexe f\u00e9minin. Un joli livre \u00e0 offrir pour dire ce qu'est l'amour quand le d\u00e9sir l'habite.","authors":["Abeille\/Badaire"],"category_codes":["1000000","1090000","1090600"],"visuals":{"large":"https:\/\/images.epagine.fr\/844\/9782905910844_1_75.jpg","medium":"https:\/\/images.epagine.fr\/844\/9782905910844_1_m.jpg","thumbnail":"https:\/\/images.epagine.fr\/844\/9782905910844_1_v.jpg"},"orderable":true,"show_badge":true,"formatted_price":"7,50&nbsp;\u20ac","formatted_published_date":"1er juin 1997","publisher_availability_label":"Sur commande","short_details":"Abeille\/Badaire \u2014 Cadex","translator":null,"weight":50,"page_count":30,"readership":null,"editor":"Cadex","price":750,"published_date":"1997-05-31T22:00:00.000000Z","support":"Grand format","publisher_availability":1,"stock":0,"editions":[],"url":"https:\/\/quaidesbrumes.com\/ouvrage\/9782905910844\/la-guerre-entre-les-arbres"},{"id":"9782738455673","title":"Les mots dorment loin du rivage","description":null,"authors":["Fr\u00e9d\u00e9ric Musso"],"category_codes":["9000000","9120000","9120200"],"visuals":{"large":"https:\/\/images.epagine.fr\/673\/9782738455673_1_75.jpg","medium":"https:\/\/images.epagine.fr\/673\/9782738455673_1_m.jpg","thumbnail":"https:\/\/images.epagine.fr\/673\/9782738455673_1_v.jpg"},"orderable":true,"show_badge":true,"formatted_price":"13,00&nbsp;\u20ac","formatted_published_date":"1er septembre 1997","publisher_availability_label":"Sur commande","short_details":"Fr\u00e9d\u00e9ric Musso \u2014 \u00c9ditions L'Harmattan","translator":null,"weight":120,"page_count":90,"readership":null,"editor":"\u00c9ditions L'Harmattan","price":1300,"published_date":"1997-08-31T22:00:00.000000Z","support":"Grand format","publisher_availability":1,"stock":0,"editions":[],"url":"https:\/\/quaidesbrumes.com\/ouvrage\/9782738455673\/les-mots-dorment-loin-du-rivage"},{"id":"9782854804546","title":"Poemes pour fraternite Tome 1 ; peau-aime de toute couleur","description":"\" PEAU-AIME DE TOUTE COULEUR \".\r\nLe graphiste Andr\u00e9 FRAN\u00c7OIS en cr\u00e9ant l'image de couverture r\u00e9sume bien par ce jeu de mots, l'ensemble de ce recueil. Profusion d'images, de couleurs, de rythmes, pour ces enfants qui nous parlent, nous interpellent par leurs effrois, leurs inqui\u00e9tudes, leurs peurs mais aussi leurs d\u00e9sirs, leurs aspirations, leurs espoirs. N\u00e9 d'un concours organis\u00e9 par LA LIGUE DES DROITS DE L'HOMME, ce recueil de po\u00e9sie est une arme \u00e0 mettre dans toutes les mains.","authors":["Collectif"],"category_codes":["1000000","1090000"],"visuals":{"large":"https:\/\/images.epagine.fr\/546\/9782854804546_1_75.jpg","medium":"https:\/\/images.epagine.fr\/546\/9782854804546_1_m.jpg","thumbnail":"https:\/\/images.epagine.fr\/546\/9782854804546_1_v.jpg"},"orderable":true,"show_badge":true,"formatted_price":"9,15&nbsp;\u20ac","formatted_published_date":"1er f\u00e9vrier 2000","publisher_availability_label":"Sur commande","short_details":"Collectif \u2014 Charles Corlet","translator":null,"weight":0,"page_count":null,"readership":null,"editor":"Charles Corlet","price":915,"published_date":"2000-01-31T23:00:00.000000Z","support":"Grand format","publisher_availability":1,"stock":0,"editions":[],"url":"https:\/\/quaidesbrumes.com\/ouvrage\/9782854804546\/poemes-pour-fraternite-tome-1-peau-aime-de-toute-couleur"},{"id":"9791093019710","title":"Proverbes lapins","description":null,"authors":["Kober\/Gigot\/Rougier"],"category_codes":["1000000","1090000","1090600"],"visuals":{"large":"https:\/\/quaidesbrumes.com\/img\/book-placeholder.png","medium":"https:\/\/quaidesbrumes.com\/img\/book-placeholder.png","thumbnail":"https:\/\/quaidesbrumes.com\/img\/book-placeholder.png"},"orderable":true,"show_badge":true,"formatted_price":"16,00&nbsp;\u20ac","formatted_published_date":"25 mai 2021","publisher_availability_label":"Sur commande","short_details":"Kober\/Gigot\/Rougier \u2014 Atelier Vincent Rougier","translator":null,"weight":50,"page_count":null,"readership":null,"editor":"Atelier Vincent Rougier","price":1600,"published_date":"2021-05-24T22:00:00.000000Z","support":"Grand format","publisher_availability":1,"stock":0,"editions":[],"url":"https:\/\/quaidesbrumes.com\/ouvrage\/9791093019710\/proverbes-lapins"},{"id":"9782705512040","title":"Rivages secrets","description":null,"authors":["Yvonne Faguenes"],"category_codes":["1000000","1090000"],"visuals":{"large":"https:\/\/quaidesbrumes.com\/img\/book-placeholder.png","medium":"https:\/\/quaidesbrumes.com\/img\/book-placeholder.png","thumbnail":"https:\/\/quaidesbrumes.com\/img\/book-placeholder.png"},"orderable":true,"show_badge":true,"formatted_price":"18,29&nbsp;\u20ac","formatted_published_date":"8 mars 2003","publisher_availability_label":"Sur commande","short_details":"Yvonne Faguenes \u2014 Grassin","translator":null,"weight":0,"page_count":null,"readership":null,"editor":"Grassin","price":1829,"published_date":"2003-03-07T23:00:00.000000Z","support":"Grand format","publisher_availability":1,"stock":0,"editions":[],"url":"https:\/\/quaidesbrumes.com\/ouvrage\/9782705512040\/rivages-secrets"},{"id":"9782917826096","title":"Aujourd'hui je decide de travailler dans l'espace du retard","description":null,"authors":["Mascret Bina Irene"],"category_codes":["1000000","1090000"],"visuals":{"large":"https:\/\/quaidesbrumes.com\/img\/book-placeholder.png","medium":"https:\/\/quaidesbrumes.com\/img\/book-placeholder.png","thumbnail":"https:\/\/quaidesbrumes.com\/img\/book-placeholder.png"},"orderable":true,"show_badge":true,"formatted_price":"11,00&nbsp;\u20ac","formatted_published_date":"26 avril 2011","publisher_availability_label":"Sur commande","short_details":"Mascret Bina Irene \u2014 Vermifuge","translator":null,"weight":100,"page_count":null,"readership":null,"editor":"Vermifuge","price":1100,"published_date":"2011-04-25T22:00:00.000000Z","support":"Grand format","publisher_availability":1,"stock":0,"editions":[],"url":"https:\/\/quaidesbrumes.com\/ouvrage\/9782917826096\/aujourdhui-je-decide-de-travailler-dans-lespace-du-retard"},{"id":"9782857077244","title":"Hymne a la joie","description":null,"authors":["Legrain Dominique"],"category_codes":["1000000","1090000"],"visuals":{"large":"https:\/\/images.epagine.fr\/244\/9782857077244_1_75.jpg","medium":"https:\/\/images.epagine.fr\/244\/9782857077244_1_m.jpg","thumbnail":"https:\/\/images.epagine.fr\/244\/9782857077244_1_v.jpg"},"orderable":true,"show_badge":true,"formatted_price":"14,70&nbsp;\u20ac","formatted_published_date":"17 f\u00e9vrier 1996","publisher_availability_label":"Sur commande","short_details":"Legrain Dominique \u2014 Guy Tr\u00e9daniel \u00c9diteur","translator":null,"weight":170,"page_count":null,"readership":null,"editor":"Guy Tr\u00e9daniel \u00c9diteur","price":1470,"published_date":"1996-02-16T23:00:00.000000Z","support":"Grand format","publisher_availability":1,"stock":0,"editions":[],"url":"https:\/\/quaidesbrumes.com\/ouvrage\/9782857077244\/hymne-a-la-joie"},{"id":"9782857920618","title":"Aux orties bleues la mer","description":null,"authors":["Andr\u00e9e Appercelle"],"category_codes":["1000000","1090000"],"visuals":{"large":"https:\/\/quaidesbrumes.com\/img\/book-placeholder.png","medium":"https:\/\/quaidesbrumes.com\/img\/book-placeholder.png","thumbnail":"https:\/\/quaidesbrumes.com\/img\/book-placeholder.png"},"orderable":true,"show_badge":true,"formatted_price":"10,37&nbsp;\u20ac","formatted_published_date":"10 octobre 1996","publisher_availability_label":"Sur commande","short_details":"Andr\u00e9e Appercelle \u2014 Federop","translator":null,"weight":110,"page_count":null,"readership":null,"editor":"Federop","price":1037,"published_date":"1996-10-09T22:00:00.000000Z","support":"Grand format","publisher_availability":1,"stock":0,"editions":[],"url":"https:\/\/quaidesbrumes.com\/ouvrage\/9782857920618\/aux-orties-bleues-la-mer"},{"id":"9782857920632","title":"Porte sur la mer","description":null,"authors":["Becker"],"category_codes":["1000000","1090000"],"visuals":{"large":"https:\/\/quaidesbrumes.com\/img\/book-placeholder.png","medium":"https:\/\/quaidesbrumes.com\/img\/book-placeholder.png","thumbnail":"https:\/\/quaidesbrumes.com\/img\/book-placeholder.png"},"orderable":true,"show_badge":true,"formatted_price":"12,96&nbsp;\u20ac","formatted_published_date":"10 octobre 1996","publisher_availability_label":"Sur commande","short_details":"Becker \u2014 Federop","translator":null,"weight":210,"page_count":null,"readership":null,"editor":"Federop","price":1296,"published_date":"1996-10-09T22:00:00.000000Z","support":"Grand format","publisher_availability":1,"stock":0,"editions":[],"url":"https:\/\/quaidesbrumes.com\/ouvrage\/9782857920632\/porte-sur-la-mer"},{"id":"9782857920854","title":"Bouche du sphinx","description":null,"authors":["S. Jacquemard"],"category_codes":["1000000","1090000"],"visuals":{"large":"https:\/\/quaidesbrumes.com\/img\/book-placeholder.png","medium":"https:\/\/quaidesbrumes.com\/img\/book-placeholder.png","thumbnail":"https:\/\/quaidesbrumes.com\/img\/book-placeholder.png"},"orderable":true,"show_badge":true,"formatted_price":"10,67&nbsp;\u20ac","formatted_published_date":"1er octobre 1992","publisher_availability_label":"Sur commande","short_details":"S. Jacquemard \u2014 Federop","translator":null,"weight":130,"page_count":null,"readership":null,"editor":"Federop","price":1067,"published_date":"1992-09-30T23:00:00.000000Z","support":"Grand format","publisher_availability":1,"stock":0,"editions":[],"url":"https:\/\/quaidesbrumes.com\/ouvrage\/9782857920854\/bouche-du-sphinx"},{"id":"9782840310020","title":"Tables","description":null,"authors":["Alain Wexler"],"category_codes":["1000000","1090000"],"visuals":{"large":"https:\/\/quaidesbrumes.com\/img\/book-placeholder.png","medium":"https:\/\/quaidesbrumes.com\/img\/book-placeholder.png","thumbnail":"https:\/\/quaidesbrumes.com\/img\/book-placeholder.png"},"orderable":true,"show_badge":true,"formatted_price":"12,00&nbsp;\u20ac","formatted_published_date":"10 octobre 1996","publisher_availability_label":"Sur commande","short_details":"Alain Wexler \u2014 L'Idee Bleue","translator":null,"weight":170,"page_count":null,"readership":null,"editor":"L'Idee Bleue","price":1200,"published_date":"1996-10-09T22:00:00.000000Z","support":"Grand format","publisher_availability":1,"stock":0,"editions":[],"url":"https:\/\/quaidesbrumes.com\/ouvrage\/9782840310020\/tables"},{"id":"9782840310044","title":"Le go\u00fbt de la lecture","description":null,"authors":["Vah\u00e9 Godel"],"category_codes":["1000000","1090000"],"visuals":{"large":"https:\/\/quaidesbrumes.com\/img\/book-placeholder.png","medium":"https:\/\/quaidesbrumes.com\/img\/book-placeholder.png","thumbnail":"https:\/\/quaidesbrumes.com\/img\/book-placeholder.png"},"orderable":true,"show_badge":true,"formatted_price":"12,00&nbsp;\u20ac","formatted_published_date":"10 octobre 1996","publisher_availability_label":"Sur commande","short_details":"Vah\u00e9 Godel \u2014 L'Idee Bleue","translator":null,"weight":110,"page_count":null,"readership":null,"editor":"L'Idee Bleue","price":1200,"published_date":"1996-10-09T22:00:00.000000Z","support":"Grand format","publisher_availability":1,"stock":0,"editions":[],"url":"https:\/\/quaidesbrumes.com\/ouvrage\/9782840310044\/le-gout-de-la-lecture"}]}