{"data":[{"id":"9782840310488","title":"Voler selon","description":null,"authors":["Anne Salem-marin"],"category_codes":["1000000","1090000"],"visuals":{"large":"https:\/\/quaidesbrumes.com\/img\/book-placeholder.png","medium":"https:\/\/quaidesbrumes.com\/img\/book-placeholder.png","thumbnail":"https:\/\/quaidesbrumes.com\/img\/book-placeholder.png"},"orderable":true,"show_badge":true,"formatted_price":"12,00&nbsp;\u20ac","formatted_published_date":"15 avril 1997","publisher_availability_label":"Sur commande","short_details":"Anne Salem-marin \u2014 L'Idee Bleue","translator":null,"weight":120,"page_count":null,"readership":null,"editor":"L'Idee Bleue","price":1200,"published_date":"1997-04-14T22:00:00.000000Z","support":"Grand format","publisher_availability":1,"stock":0,"editions":[],"url":"https:\/\/quaidesbrumes.com\/ouvrage\/9782840310488\/voler-selon"},{"id":"9782374050430","title":"Opus incertain","description":"La po\u00e9sie n'est que voyages \u00e0 travers le temps, les r\u00eaves, les souvenirs.\r\nSouvent \u00e0 l'int\u00e9rieur de soi. Elle explore les profondeurs de l'\u00e2me, mais ce qui ressort d'elle, c'est toujours une voix, l'expression d'une douleur ou d'un \u00e9merveillement. C'est le po\u00e8te qui est porteur de cette voix, sorte de guide qui conduit le lecteur en des territoires qu'il ne conna\u00eet pas toujours. Ou qu'il croit conna\u00eetre, telle Venise et sa splendeur sans cesse menac\u00e9e. Mais aussi dans des sc\u00e8nes de la vie quotidienne, pr\u00e9sente ou pass\u00e9e. En somme, une promenade d'un bout \u00e0 l'autre de notre monde terrestre, parfois si peu po\u00e9tique, mais qui nous offre, si l'on y regarde de pr\u00e8s, toutes les richesses d'une beaut\u00e9 \u00e0 fraternellement partager. C.M.","authors":["Claude Mourth\u00e9"],"category_codes":["1000000","1090000"],"visuals":{"large":"https:\/\/images.epagine.fr\/430\/9782374050430_1_75.jpg","medium":"https:\/\/images.epagine.fr\/430\/9782374050430_1_m.jpg","thumbnail":"https:\/\/images.epagine.fr\/430\/9782374050430_1_v.jpg"},"orderable":true,"show_badge":true,"formatted_price":"15,00&nbsp;\u20ac","formatted_published_date":"4 mai 2018","publisher_availability_label":"Sur commande","short_details":"Claude Mourth\u00e9 \u2014 Alcyone","translator":null,"weight":0,"page_count":44,"readership":null,"editor":"Alcyone","price":1500,"published_date":"2018-05-03T22:00:00.000000Z","support":"Grand format","publisher_availability":1,"stock":0,"editions":[],"url":"https:\/\/quaidesbrumes.com\/ouvrage\/9782374050430\/opus-incertain"},{"id":"9782720008962","title":"Rouba'yat. traduits du persan par assaf halet tchelebi","description":null,"authors":["Djelal-Eddin Mevlana"],"category_codes":["1000000","1090000"],"visuals":{"large":"https:\/\/quaidesbrumes.com\/img\/book-placeholder.png","medium":"https:\/\/quaidesbrumes.com\/img\/book-placeholder.png","thumbnail":"https:\/\/quaidesbrumes.com\/img\/book-placeholder.png"},"orderable":true,"show_badge":true,"formatted_price":"15,00&nbsp;\u20ac","formatted_published_date":"1er janvier 1950","publisher_availability_label":"Sur commande","short_details":"Djelal-Eddin Mevlana \u2014 Jean Maisonneuve","translator":null,"weight":90,"page_count":null,"readership":null,"editor":"Jean Maisonneuve","price":1500,"published_date":"1949-12-31T23:00:00.000000Z","support":"Grand format","publisher_availability":1,"stock":0,"editions":[],"url":"https:\/\/quaidesbrumes.com\/ouvrage\/9782720008962\/roubayat-traduits-du-persan-par-assaf-halet-tchelebi"},{"id":"9782738449542","title":"Mots de passe (les)  liberte de voir - le temps","description":null,"authors":[],"category_codes":["1000000","1090000"],"visuals":{"large":"https:\/\/images.epagine.fr\/542\/9782738449542_1_75.jpg","medium":"https:\/\/images.epagine.fr\/542\/9782738449542_1_m.jpg","thumbnail":"https:\/\/images.epagine.fr\/542\/9782738449542_1_v.jpg"},"orderable":true,"show_badge":true,"formatted_price":"12,20&nbsp;\u20ac","formatted_published_date":"1er d\u00e9cembre 1996","publisher_availability_label":"Sur commande","short_details":"\u00c9ditions L'Harmattan","translator":null,"weight":200,"page_count":null,"readership":null,"editor":"\u00c9ditions L'Harmattan","price":1220,"published_date":"1996-11-30T23:00:00.000000Z","support":"Grand format","publisher_availability":1,"stock":0,"editions":[],"url":"https:\/\/quaidesbrumes.com\/ouvrage\/9782738449542\/mots-de-passe-les-liberte-de-voir-le-temps"},{"id":"9782857920151","title":"Miel de terre","description":null,"authors":["Collectif"],"category_codes":["1000000","1090000"],"visuals":{"large":"https:\/\/quaidesbrumes.com\/img\/book-placeholder.png","medium":"https:\/\/quaidesbrumes.com\/img\/book-placeholder.png","thumbnail":"https:\/\/quaidesbrumes.com\/img\/book-placeholder.png"},"orderable":true,"show_badge":true,"formatted_price":"6,86&nbsp;\u20ac","formatted_published_date":"20 ao\u00fbt 2001","publisher_availability_label":"Sur commande","short_details":"Collectif \u2014 Federop","translator":null,"weight":180,"page_count":null,"readership":null,"editor":"Federop","price":686,"published_date":"2001-08-19T22:00:00.000000Z","support":"Grand format","publisher_availability":1,"stock":0,"editions":[],"url":"https:\/\/quaidesbrumes.com\/ouvrage\/9782857920151\/miel-de-terre"},{"id":"9782857920342","title":"L'une l'autre","description":null,"authors":["Collectif"],"category_codes":["1000000","1090000"],"visuals":{"large":"https:\/\/quaidesbrumes.com\/img\/book-placeholder.png","medium":"https:\/\/quaidesbrumes.com\/img\/book-placeholder.png","thumbnail":"https:\/\/quaidesbrumes.com\/img\/book-placeholder.png"},"orderable":true,"show_badge":true,"formatted_price":"9,91&nbsp;\u20ac","formatted_published_date":"20 ao\u00fbt 2001","publisher_availability_label":"Sur commande","short_details":"Collectif \u2014 Federop","translator":null,"weight":200,"page_count":null,"readership":null,"editor":"Federop","price":991,"published_date":"2001-08-19T22:00:00.000000Z","support":"Grand format","publisher_availability":1,"stock":0,"editions":[],"url":"https:\/\/quaidesbrumes.com\/ouvrage\/9782857920342\/lune-lautre"},{"id":"9782857920366","title":"Archipel","description":null,"authors":["Claude Dourguin"],"category_codes":["1000000","1090000"],"visuals":{"large":"https:\/\/quaidesbrumes.com\/img\/book-placeholder.png","medium":"https:\/\/quaidesbrumes.com\/img\/book-placeholder.png","thumbnail":"https:\/\/quaidesbrumes.com\/img\/book-placeholder.png"},"orderable":true,"show_badge":true,"formatted_price":"10,67&nbsp;\u20ac","formatted_published_date":"20 ao\u00fbt 2001","publisher_availability_label":"Sur commande","short_details":"Claude Dourguin \u2014 Federop","translator":null,"weight":200,"page_count":null,"readership":null,"editor":"Federop","price":1067,"published_date":"2001-08-19T22:00:00.000000Z","support":"Grand format","publisher_availability":1,"stock":0,"editions":[],"url":"https:\/\/quaidesbrumes.com\/ouvrage\/9782857920366\/archipel"},{"id":"9782857920373","title":"Po\u00e8mes calmes","description":null,"authors":["Marie-h\u00e9l\u00e8ne Renoux"],"category_codes":["1000000","1090000"],"visuals":{"large":"https:\/\/quaidesbrumes.com\/img\/book-placeholder.png","medium":"https:\/\/quaidesbrumes.com\/img\/book-placeholder.png","thumbnail":"https:\/\/quaidesbrumes.com\/img\/book-placeholder.png"},"orderable":true,"show_badge":true,"formatted_price":"6,86&nbsp;\u20ac","formatted_published_date":"20 ao\u00fbt 2001","publisher_availability_label":"Sur commande","short_details":"Marie-h\u00e9l\u00e8ne Renoux \u2014 Federop","translator":null,"weight":100,"page_count":null,"readership":null,"editor":"Federop","price":686,"published_date":"2001-08-19T22:00:00.000000Z","support":"Grand format","publisher_availability":1,"stock":0,"editions":[],"url":"https:\/\/quaidesbrumes.com\/ouvrage\/9782857920373\/poemes-calmes"},{"id":"9782857922360","title":"Fragments","description":null,"authors":["Armel Guerne"],"category_codes":["1000000","1070000","1070200"],"visuals":{"large":"https:\/\/images.epagine.fr\/360\/9782857922360_1_75.jpg","medium":"https:\/\/images.epagine.fr\/360\/9782857922360_1_m.jpg","thumbnail":"https:\/\/images.epagine.fr\/360\/9782857922360_1_v.jpg"},"orderable":true,"show_badge":true,"formatted_price":"15,00&nbsp;\u20ac","formatted_published_date":"1er f\u00e9vrier 2019","publisher_availability_label":"Sur commande","short_details":"Armel Guerne \u2014 Federop","translator":null,"weight":180,"page_count":null,"readership":null,"editor":"Federop","price":1500,"published_date":"2019-01-31T23:00:00.000000Z","support":"Grand format","publisher_availability":1,"stock":0,"editions":[],"url":"https:\/\/quaidesbrumes.com\/ouvrage\/9782857922360\/fragments"},{"id":"9782729108519","title":"La route du sel et autres po\u00e8mes","description":null,"authors":["Roger Bodart"],"category_codes":["1000000","1090000"],"visuals":{"large":"https:\/\/images.epagine.fr\/519\/9782729108519_1_75.jpg","medium":"https:\/\/images.epagine.fr\/519\/9782729108519_1_m.jpg","thumbnail":"https:\/\/images.epagine.fr\/519\/9782729108519_1_v.jpg"},"orderable":true,"show_badge":true,"formatted_price":"8,00&nbsp;\u20ac","formatted_published_date":"4 d\u00e9cembre 1994","publisher_availability_label":"Sur commande","short_details":"Roger Bodart \u2014 La Difference","translator":null,"weight":110,"page_count":128,"readership":null,"editor":"La Difference","price":800,"published_date":"1994-12-03T23:00:00.000000Z","support":"Poche","publisher_availability":1,"stock":0,"editions":[],"url":"https:\/\/quaidesbrumes.com\/ouvrage\/9782729108519\/la-route-du-sel-et-autres-poemes"},{"id":"9782729109806","title":"\u00e0 c\u00f4t\u00e9 d'une joie","description":null,"authors":["Saint-denys Garneau"],"category_codes":["1000000","1090000"],"visuals":{"large":"https:\/\/images.epagine.fr\/806\/9782729109806_1_75.jpg","medium":"https:\/\/images.epagine.fr\/806\/9782729109806_1_m.jpg","thumbnail":"https:\/\/images.epagine.fr\/806\/9782729109806_1_v.jpg"},"orderable":true,"show_badge":true,"formatted_price":"8,00&nbsp;\u20ac","formatted_published_date":"4 d\u00e9cembre 1994","publisher_availability_label":"Sur commande","short_details":"Saint-denys Garneau \u2014 La Difference","translator":null,"weight":184,"page_count":126,"readership":null,"editor":"La Difference","price":800,"published_date":"1994-12-03T23:00:00.000000Z","support":"Poche","publisher_availability":1,"stock":0,"editions":[],"url":"https:\/\/quaidesbrumes.com\/ouvrage\/9782729109806\/a-cote-dune-joie"},{"id":"9782729704919","title":"Po\u00e9sie espagnole ; les nouvelles g\u00e9n\u00e9rations","description":"1970 : tournant r\u00e9solument le dos au militantisme des ann\u00e9es 50-60, la jeune po\u00e9sie espagnole, d\u00e9sormais libre de son expression, s'engage dans les aventures les plus diverses.\r\nDepuis vingt ans on assiste \u00e0 un foisonnement d'exp\u00e9riences, \u00e0 un bouillonnement d'esth\u00e9tiques contradictoires o\u00f9 se c\u00f4toient mani\u00e9risme esth\u00e9tisant, v\u00e9nisianisme, nouvelle sentimentalit\u00e9, po\u00e9sie du v\u00e9cu le plus personnel, po\u00e9sie exp\u00e9rimentale, po\u00e9sie contestataire d\u00e9non\u00e7ant le fonctionnement culturel de notre soci\u00e9t\u00e9... Avec ses 140 po\u00e8mes \u00e9crits par 21 auteurs diff\u00e9rents, cette anthologie se propose de mettre le lecteur \u00e0 l'\u00e9coute d'une po\u00e9sie en marche.","authors":["Collectif"],"category_codes":["1000000","1090000"],"visuals":{"large":"https:\/\/images.epagine.fr\/919\/9782729704919_1_75.jpg","medium":"https:\/\/images.epagine.fr\/919\/9782729704919_1_m.jpg","thumbnail":"https:\/\/images.epagine.fr\/919\/9782729704919_1_v.jpg"},"orderable":true,"show_badge":true,"formatted_price":"24,38&nbsp;\u20ac","formatted_published_date":"1er mai 1994","publisher_availability_label":"Sur commande","short_details":"Collectif \u2014 Pu De Lyon","translator":null,"weight":710,"page_count":null,"readership":null,"editor":"Pu De Lyon","price":2438,"published_date":"1994-04-30T22:00:00.000000Z","support":"Grand format","publisher_availability":1,"stock":0,"editions":[],"url":"https:\/\/quaidesbrumes.com\/ouvrage\/9782729704919\/poesie-espagnole-les-nouvelles-generations"},{"id":"9782487377004","title":"L'Ann\u00e9e sauvage","description":"J'aimerais qu'il se d\u00e9ploie\r\nComme se transforme le ciel\r\n\r\nPendant toute une ann\u00e9e, quoi qu'il arrive et m\u00eame s'il n'arrive rien, \u00e9crire le po\u00e8me du jour. Voici l'asc\u00e8se personnelle d'Augustin Perp\u00e8re.\r\nIl en est n\u00e9 ce livre \u00e9tonnant, au titre rebelle et puissant. L'Ann\u00e9e sauvage maintient en suspens le pr\u00e9sent qui fait de l'amante r\u00e9elle ou imaginaire, perdue ou fantasm\u00e9e, le premier catalyseur de l'\u00e9criture. L'auteur y d\u00e9voile les cartes d'un voyageur du temps et nous pr\u00e9cipite dans un tendre et vertigineux road-trip, o\u00f9 les routes du Montana et les vall\u00e9es pyr\u00e9n\u00e9ennes ne sont jamais \u00e9loign\u00e9es. Il y fait surgir un monde tangent au n\u00f4tre, peupl\u00e9 d'une faune polymorphe, libre et tumultueuse.\r\nVignettes, fables morales, recettes, conseils \u00e0 soi-m\u00eame, m\u00e9mento pratique et pittoresque, L'Ann\u00e9e sauvage assume et charrie tout cela.","authors":["Augustin Perp\u00e8re"],"category_codes":["1000000","1090000"],"visuals":{"large":"https:\/\/quaidesbrumes.com\/img\/book-placeholder.png","medium":"https:\/\/quaidesbrumes.com\/img\/book-placeholder.png","thumbnail":"https:\/\/quaidesbrumes.com\/img\/book-placeholder.png"},"orderable":true,"show_badge":true,"formatted_price":"20,00&nbsp;\u20ac","formatted_published_date":"20 octobre 2023","publisher_availability_label":"Sur commande","short_details":"Augustin Perp\u00e8re \u2014 B\u00e9r\u00e9nice Editions Nouvelles","translator":null,"weight":250,"page_count":218,"readership":null,"editor":"B\u00e9r\u00e9nice Editions Nouvelles","price":2000,"published_date":"2023-10-19T22:00:00.000000Z","support":"Grand format","publisher_availability":1,"stock":0,"editions":[],"url":"https:\/\/quaidesbrumes.com\/ouvrage\/9782487377004\/lannee-sauvage"},{"id":"9782738401007","title":"Itin\u00e9raires contact Tome 9 ; Senghor, un po\u00e8te","description":"Alors que l'inscription, en 1987, aux programmes fran\u00e7ais des agr\u00e9gations de lettres des premiers recueils po\u00e9tiques de L\u00e9opold Sedar Senghor a manifest\u00e9 avec \u00e9clat le rayonnement et le classicisme de cette oeuvre, il nous a sembl\u00e9 urgent d'en prendre la mesure par un num\u00e9ro d'Itin\u00e9raire et contacts de cultures qui ne se satisfasse pas de rituels d'hommage et de c\u00e9l\u00e9bration, mais qui s'attache \u00e0 \u00e9clairer l'originalit\u00e9 de sa d\u00e9marche po\u00e9tique. On trouvera donc, ici, des \u00e9tudes pr\u00e9cises sur le texte m\u00eame de quelques po\u00e8mes, comme des analyses se proposant de cerner les images, les mythes, la conception du monde qui donnent \u00e0 l'oeuvre toute son ampleur. Pr\u00e9par\u00e9 avec le concours de l'Universit\u00e9 Laval \u00e0 Qu\u00e9bec, ce volume offre des contributions venant de tous les horizons : Am\u00e9rique du Nord, Europe, Afrique, Inde.","authors":["L\u00e9opold S\u00e9dar Senghor"],"category_codes":["1000000","1090000"],"visuals":{"large":"https:\/\/images.epagine.fr\/007\/9782738401007_1_75.jpg","medium":"https:\/\/images.epagine.fr\/007\/9782738401007_1_m.jpg","thumbnail":"https:\/\/images.epagine.fr\/007\/9782738401007_1_v.jpg"},"orderable":true,"show_badge":true,"formatted_price":"16,00&nbsp;\u20ac","formatted_published_date":"3 mai 2000","publisher_availability_label":"Sur commande","short_details":"L\u00e9opold S\u00e9dar Senghor \u2014 \u00c9ditions L'Harmattan","translator":null,"weight":306,"page_count":151,"readership":null,"editor":"\u00c9ditions L'Harmattan","price":1600,"published_date":"2000-05-02T22:00:00.000000Z","support":"Grand format","publisher_availability":1,"stock":0,"editions":[],"url":"https:\/\/quaidesbrumes.com\/ouvrage\/9782738401007\/itineraires-contact-tome-9-senghor-un-poete"},{"id":"9782738404930","title":"Parole, exil : Pr\u00e9c\u00e9d\u00e9 de Confins","description":"Commenc\u00e9 en des terres humides et froides, puis poursuivi dans l'espace marin et solaire de la M\u00e9diterran\u00e9e, l'itin\u00e9raire topo-sensible de Jean-Claude Villain, constamment jalonn\u00e9 de po\u00e8mes, trouve peut-etre avec ces deux suites sur le d\u00e9sert son aboutissement. Immerg\u00e9 en des lieux et des temps ind\u00e9finis, l'auteur d\u00e9veloppe ici de longs chants, ouverts par leur profondeur d'\u00e9vocation et leur simplicit\u00e9 de parole \u00e0 une m\u00e9ditation sur la vie, l'amour, la mort, l'errance, dont le d\u00e9sert est lieu et m\u00e9taphore, et dont l'ampleur est celle d'une sagesse.","authors":["Jean-claude Villain"],"category_codes":["1000000","1090000"],"visuals":{"large":"https:\/\/images.epagine.fr\/930\/9782738404930_1_75.jpg","medium":"https:\/\/images.epagine.fr\/930\/9782738404930_1_m.jpg","thumbnail":"https:\/\/images.epagine.fr\/930\/9782738404930_1_v.jpg"},"orderable":true,"show_badge":true,"formatted_price":"11,00&nbsp;\u20ac","formatted_published_date":"1er janvier 1989","publisher_availability_label":"Sur commande","short_details":"Jean-claude Villain \u2014 \u00c9ditions L'Harmattan","translator":null,"weight":142,"page_count":90,"readership":null,"editor":"\u00c9ditions L'Harmattan","price":1100,"published_date":"1988-12-31T23:00:00.000000Z","support":"Grand format","publisher_availability":1,"stock":0,"editions":[],"url":"https:\/\/quaidesbrumes.com\/ouvrage\/9782738404930\/parole-exil-precede-de-confins"},{"id":"9782343169385","title":"Neige, je vois","description":"Nous retrouvons dans ce nouveau recueil de Jacques Estager, le rythme syncop\u00e9 de son \u00e9criture et l'univers neigeux qu'il affectionne. Ce rythme et cet univers s'ils sont sa marque, nous entrainent dans une m\u00e9ditation qui parcourt tout le sens de l'existence : la fragilit\u00e9 des \u00eatres, leur solitude. Pour autant, cette m\u00e9ditation r\u00e9sonne comme un appel \u00e0 rencontrer ou renouer avec.","authors":["Jacques Estager"],"category_codes":["1000000","1090000"],"visuals":{"large":"https:\/\/images.epagine.fr\/385\/9782343169385_1_75.jpg","medium":"https:\/\/images.epagine.fr\/385\/9782343169385_1_m.jpg","thumbnail":"https:\/\/images.epagine.fr\/385\/9782343169385_1_v.jpg"},"orderable":true,"show_badge":true,"formatted_price":"13,00&nbsp;\u20ac","formatted_published_date":"18 f\u00e9vrier 2019","publisher_availability_label":"Sur commande","short_details":"Jacques Estager \u2014 \u00c9ditions L'Harmattan","translator":null,"weight":109,"page_count":80,"readership":null,"editor":"\u00c9ditions L'Harmattan","price":1300,"published_date":"2019-02-17T23:00:00.000000Z","support":"Grand format","publisher_availability":1,"stock":0,"editions":[],"url":"https:\/\/quaidesbrumes.com\/ouvrage\/9782343169385\/neige-je-vois"},{"id":"9782738413000","title":"Au carrefour des sacrifices : Po\u00e8mes","description":null,"authors":["Myriam Ben"],"category_codes":["1000000","1090000"],"visuals":{"large":"https:\/\/images.epagine.fr\/000\/9782738413000_1_75.jpg","medium":"https:\/\/images.epagine.fr\/000\/9782738413000_1_m.jpg","thumbnail":"https:\/\/images.epagine.fr\/000\/9782738413000_1_v.jpg"},"orderable":true,"show_badge":true,"formatted_price":"11,50&nbsp;\u20ac","formatted_published_date":"3 mai 2000","publisher_availability_label":"Sur commande","short_details":"Myriam Ben \u2014 \u00c9ditions L'Harmattan","translator":null,"weight":150,"page_count":105,"readership":null,"editor":"\u00c9ditions L'Harmattan","price":1150,"published_date":"2000-05-02T22:00:00.000000Z","support":"Grand format","publisher_availability":1,"stock":0,"editions":[],"url":"https:\/\/quaidesbrumes.com\/ouvrage\/9782738413000\/au-carrefour-des-sacrifices-poemes"},{"id":"9782738414342","title":"Le regard aquarel 3","description":null,"authors":["Fatiha Berezak"],"category_codes":["1000000","1090000"],"visuals":{"large":"https:\/\/images.epagine.fr\/342\/9782738414342_1_75.jpg","medium":"https:\/\/images.epagine.fr\/342\/9782738414342_1_m.jpg","thumbnail":"https:\/\/images.epagine.fr\/342\/9782738414342_1_v.jpg"},"orderable":true,"show_badge":true,"formatted_price":"11,00&nbsp;\u20ac","formatted_published_date":"3 mai 2000","publisher_availability_label":"Sur commande","short_details":"Fatiha Berezak \u2014 \u00c9ditions L'Harmattan","translator":null,"weight":136,"page_count":null,"readership":null,"editor":"\u00c9ditions L'Harmattan","price":1100,"published_date":"2000-05-02T22:00:00.000000Z","support":"Grand format","publisher_availability":1,"stock":0,"editions":[],"url":"https:\/\/quaidesbrumes.com\/ouvrage\/9782738414342\/le-regard-aquarel-3"},{"id":"9782738414762","title":"Edouard J. Maunick ; hommage","description":"Volume offert pour les soixante ans du po\u00e8te. \u00c9tudes, po\u00e8mes, essais, d\u00e9dicaces, t\u00e9moignages...","authors":["Sopova"],"category_codes":["1000000","1090000"],"visuals":{"large":"https:\/\/images.epagine.fr\/762\/9782738414762_1_75.jpg","medium":"https:\/\/images.epagine.fr\/762\/9782738414762_1_m.jpg","thumbnail":"https:\/\/images.epagine.fr\/762\/9782738414762_1_v.jpg"},"orderable":true,"show_badge":true,"formatted_price":"21,00&nbsp;\u20ac","formatted_published_date":"3 mai 2000","publisher_availability_label":"Sur commande","short_details":"Sopova \u2014 \u00c9ditions L'Harmattan","translator":null,"weight":328,"page_count":208,"readership":null,"editor":"\u00c9ditions L'Harmattan","price":2100,"published_date":"2000-05-02T22:00:00.000000Z","support":"Grand format","publisher_availability":1,"stock":0,"editions":[],"url":"https:\/\/quaidesbrumes.com\/ouvrage\/9782738414762\/edouard-j-maunick-hommage"},{"id":"9782738415226","title":"Leur dit","description":null,"authors":["Jean-claude Villain"],"category_codes":["1000000","1090000"],"visuals":{"large":"https:\/\/images.epagine.fr\/226\/9782738415226_1_75.jpg","medium":"https:\/\/images.epagine.fr\/226\/9782738415226_1_m.jpg","thumbnail":"https:\/\/images.epagine.fr\/226\/9782738415226_1_v.jpg"},"orderable":true,"show_badge":true,"formatted_price":"11,00&nbsp;\u20ac","formatted_published_date":"1er juillet 1992","publisher_availability_label":"Sur commande","short_details":"Jean-claude Villain \u2014 \u00c9ditions L'Harmattan","translator":null,"weight":114,"page_count":null,"readership":null,"editor":"\u00c9ditions L'Harmattan","price":1100,"published_date":"1992-06-30T22:00:00.000000Z","support":"Grand format","publisher_availability":1,"stock":0,"editions":[],"url":"https:\/\/quaidesbrumes.com\/ouvrage\/9782738415226\/leur-dit"},{"id":"9782862744919","title":"La poussiere d'adam","description":null,"authors":["Jean Orizet"],"category_codes":["1000000","1090000"],"visuals":{"large":"https:\/\/images.epagine.fr\/919\/9782862744919_1_75.jpg","medium":"https:\/\/images.epagine.fr\/919\/9782862744919_1_m.jpg","thumbnail":"https:\/\/images.epagine.fr\/919\/9782862744919_1_v.jpg"},"orderable":true,"show_badge":true,"formatted_price":"14,70&nbsp;\u20ac","formatted_published_date":"13 mars 1997","publisher_availability_label":"Sur commande","short_details":"Jean Orizet \u2014 Le Cherche Midi","translator":null,"weight":244,"page_count":null,"readership":null,"editor":"Le Cherche Midi","price":1470,"published_date":"1997-03-12T23:00:00.000000Z","support":"Grand format","publisher_availability":1,"stock":0,"editions":[],"url":"https:\/\/quaidesbrumes.com\/ouvrage\/9782862744919\/la-poussiere-dadam"},{"id":"9782738419064","title":"Le livre de la soif","description":null,"authors":["Chantal Danjou"],"category_codes":["1000000","1090000"],"visuals":{"large":"https:\/\/images.epagine.fr\/064\/9782738419064_1_75.jpg","medium":"https:\/\/images.epagine.fr\/064\/9782738419064_1_m.jpg","thumbnail":"https:\/\/images.epagine.fr\/064\/9782738419064_1_v.jpg"},"orderable":true,"show_badge":true,"formatted_price":"12,00&nbsp;\u20ac","formatted_published_date":"1er juillet 1993","publisher_availability_label":"Sur commande","short_details":"Chantal Danjou \u2014 \u00c9ditions L'Harmattan","translator":null,"weight":146,"page_count":112,"readership":null,"editor":"\u00c9ditions L'Harmattan","price":1200,"published_date":"1993-06-30T22:00:00.000000Z","support":"Grand format","publisher_availability":1,"stock":0,"editions":[],"url":"https:\/\/quaidesbrumes.com\/ouvrage\/9782738419064\/le-livre-de-la-soif"},{"id":"9782738420343","title":"En amont de l'oubli","description":null,"authors":["Pierrette Micheloud"],"category_codes":["1000000","1090000"],"visuals":{"large":"https:\/\/images.epagine.fr\/343\/9782738420343_1_75.jpg","medium":"https:\/\/images.epagine.fr\/343\/9782738420343_1_m.jpg","thumbnail":"https:\/\/images.epagine.fr\/343\/9782738420343_1_v.jpg"},"orderable":true,"show_badge":true,"formatted_price":"13,00&nbsp;\u20ac","formatted_published_date":"3 mai 2000","publisher_availability_label":"Sur commande","short_details":"Pierrette Micheloud \u2014 \u00c9ditions L'Harmattan","translator":null,"weight":204,"page_count":null,"readership":null,"editor":"\u00c9ditions L'Harmattan","price":1300,"published_date":"2000-05-02T22:00:00.000000Z","support":"Grand format","publisher_availability":1,"stock":0,"editions":[],"url":"https:\/\/quaidesbrumes.com\/ouvrage\/9782738420343\/en-amont-de-loubli"},{"id":"9782384412747","title":"Les larmes de la nuit","description":"Les Larmes de la Nuit est un recueil po\u00e9tique comprenant trois livrets : Reflets, Existences et Les Larmes de la Nuit.\r\nIls traitent tous des souvenirs de rencontres et de lieux \u00e9ph\u00e9m\u00e8res qui ont jalonn\u00e9 mes nuits d'errances, \u00e0 la recherche de nouvelles sensations, d'identit\u00e9s et d'atmosph\u00e8res.\r\nCes livrets m\u00e9langent tout cela en un ballet d'impressions diffuses et de sentiments divers, balan\u00e7ant entre regrets, espoirs, souvenirs et r\u00eaves inachev\u00e9s.\r\nImages d'identit\u00e9s crois\u00e9es au hasard dans les refuges nocturnes o\u00f9 nous aimions retrouver nos Reines de Nuit et nos amis d'un soir.","authors":["Patrick Espoto"],"category_codes":["1000000","1090000","1090600"],"visuals":{"large":"https:\/\/images.epagine.fr\/747\/9782384412747_1_75.jpg","medium":"https:\/\/images.epagine.fr\/747\/9782384412747_1_m.jpg","thumbnail":"https:\/\/images.epagine.fr\/747\/9782384412747_1_v.jpg"},"orderable":true,"show_badge":true,"formatted_price":"17,00&nbsp;\u20ac","formatted_published_date":"29 juillet 2022","publisher_availability_label":"Sur commande","short_details":"Patrick Espoto \u2014 Editions Ma\u00efa","translator":null,"weight":350,"page_count":106,"readership":null,"editor":"Editions Ma\u00efa","price":1700,"published_date":"2022-07-28T22:00:00.000000Z","support":"Grand format","publisher_availability":1,"stock":0,"editions":[],"url":"https:\/\/quaidesbrumes.com\/ouvrage\/9782384412747\/les-larmes-de-la-nuit"}]}