{"data":[{"id":"9782840310549","title":"Ce qui va","description":"La po\u00e9sie, \u00e7a bouge, non ? \u00c7a bouge, donc \u00e7a vit.\r\nLes mouvements, \u00e7a ressemble toujours \u00e0 de la vie, m\u00eame quand \u00e7a meurt, que ce sont des soubresauts de moribond. Le sentiment que \u00e7a vit est le plus fort (la po\u00e9sie, \u00e7a ne peut pas mourir quand m\u00eame !), plus fort m\u00eame que l'observation de la r\u00e9alit\u00e9. D'ailleurs la r\u00e9alit\u00e9, c'est quoi ? C'est qu'on trouve des livres, on continue d'en trouver, on n'en manque pas. Chaque fois qu'on en veut, on en trouve des livres.\r\nDans les librairies. C'est comme un pack de lait, d\u00e8s qu'on en veut on en trouve. Et pas la peine \u00e0 chaque fois de se demander c'est quoi une vache, c'est quoi un po\u00e8te ! Et s'il y a un lien, \u00e0 chaque fois, entre les b\u00eates \u00e0 cornes debout dans les pr\u00e9s et le lait du pack. Qu'est-ce qui prouve d'ailleurs qu'il y a un lien, c'est vous qui le dites, qu'il y a un lien. Claude Vercey\r","authors":["Claude Vercey"],"category_codes":["1000000","1090000"],"visuals":{"large":"https:\/\/images.epagine.fr\/549\/9782840310549_1_75.jpg","medium":"https:\/\/images.epagine.fr\/549\/9782840310549_1_m.jpg","thumbnail":"https:\/\/images.epagine.fr\/549\/9782840310549_1_v.jpg"},"orderable":true,"show_badge":true,"formatted_price":"12,00&nbsp;\u20ac","formatted_published_date":"20 janvier 1997","publisher_availability_label":"Sur commande","short_details":"Claude Vercey \u2014 L'Idee Bleue","translator":null,"weight":130,"page_count":null,"readership":null,"editor":"L'Idee Bleue","price":1200,"published_date":"1997-01-19T23:00:00.000000Z","support":"Grand format","publisher_availability":1,"stock":0,"editions":[],"url":"https:\/\/quaidesbrumes.com\/ouvrage\/9782840310549\/ce-qui-va"},{"id":"9782913040526","title":"Froissements frissons glissements. illus. froisse rougier","description":null,"authors":["Gilbert Lascault"],"category_codes":["1000000","1090000"],"visuals":{"large":"https:\/\/quaidesbrumes.com\/img\/book-placeholder.png","medium":"https:\/\/quaidesbrumes.com\/img\/book-placeholder.png","thumbnail":"https:\/\/quaidesbrumes.com\/img\/book-placeholder.png"},"orderable":true,"show_badge":true,"formatted_price":"7,00&nbsp;\u20ac","formatted_published_date":"1er ao\u00fbt 2007","publisher_availability_label":"Sur commande","short_details":"Gilbert Lascault \u2014 Atelier Vincent Rougier","translator":null,"weight":45,"page_count":null,"readership":null,"editor":"Atelier Vincent Rougier","price":700,"published_date":"2007-07-31T22:00:00.000000Z","support":"Grand format","publisher_availability":1,"stock":0,"editions":[],"url":"https:\/\/quaidesbrumes.com\/ouvrage\/9782913040526\/froissements-frissons-glissements-illus-froisse-rougier"},{"id":"9782747517294","title":"Pour un tesson de lune","description":"Luezior po\u00e8te ? Oui, sur les sentiers les moins pr\u00e9par\u00e9s \u00e0 la marche tranquille. Ces sentiers-l\u00e0, heureusement sont sem\u00e9s de tessons d\u00e9bris de verre ou de poterie - comme le signalent les dictionnaires. Et qui ont la propri\u00e9t\u00e9 bien connue des po\u00e8tes, de d\u00e9composer la lumi\u00e8re blanche ordinaire offerte au spectateur ordinaire, en ses composantes de couleurs spectrales.\r","authors":["Claude Luezior"],"category_codes":["1000000","1090000"],"visuals":{"large":"https:\/\/images.epagine.fr\/294\/9782747517294_1_75.jpg","medium":"https:\/\/images.epagine.fr\/294\/9782747517294_1_m.jpg","thumbnail":"https:\/\/images.epagine.fr\/294\/9782747517294_1_v.jpg"},"orderable":true,"show_badge":true,"formatted_price":"11,00&nbsp;\u20ac","formatted_published_date":"1er novembre 2003","publisher_availability_label":"Sur commande","short_details":"Claude Luezior \u2014 \u00c9ditions L'Harmattan","translator":null,"weight":120,"page_count":82,"readership":null,"editor":"\u00c9ditions L'Harmattan","price":1100,"published_date":"2003-10-31T23:00:00.000000Z","support":"Grand format","publisher_availability":1,"stock":0,"editions":[],"url":"https:\/\/quaidesbrumes.com\/ouvrage\/9782747517294\/pour-un-tesson-de-lune"},{"id":"9782862746340","title":"Ciels des hommes","description":null,"authors":["Collectif"],"category_codes":["1000000","1090000"],"visuals":{"large":"https:\/\/images.epagine.fr\/340\/9782862746340_1_75.jpg","medium":"https:\/\/images.epagine.fr\/340\/9782862746340_1_m.jpg","thumbnail":"https:\/\/images.epagine.fr\/340\/9782862746340_1_v.jpg"},"orderable":true,"show_badge":true,"formatted_price":"20,00&nbsp;\u20ac","formatted_published_date":"1er janvier 1999","publisher_availability_label":"Sur commande","short_details":"Collectif \u2014 Le Cherche Midi","translator":null,"weight":324,"page_count":null,"readership":null,"editor":"Le Cherche Midi","price":2000,"published_date":"1998-12-31T23:00:00.000000Z","support":"Grand format","publisher_availability":1,"stock":0,"editions":[],"url":"https:\/\/quaidesbrumes.com\/ouvrage\/9782862746340\/ciels-des-hommes"},{"id":"9782343097671","title":"Champ de mil","description":"Dans ce recueil, l'auteur, qui \u00e9voque notamment l'amour dans ses mutliples facettes, parfois myst\u00e9rieuses, est habile \u00e0 en parler \u00e0 tous les peuples et \u00e0 toutes les \u00e9poques. En reliant l'amour \u00e0 de multiples autres choses de la vie, il entra\u00eene le lecteur \u00e0 porter un regard sur la soci\u00e9t\u00e9 des temps modernes et l'encourage \u00e0 la pers\u00e9v\u00e9rance dans l'effort, malgr\u00e9 les in\u00e9vitables orages.\r","authors":["Tofangui Guy-Roland Kone"],"category_codes":["1000000","1090000"],"visuals":{"large":"https:\/\/images.epagine.fr\/671\/9782343097671_1_75.jpg","medium":"https:\/\/images.epagine.fr\/671\/9782343097671_1_m.jpg","thumbnail":"https:\/\/images.epagine.fr\/671\/9782343097671_1_v.jpg"},"orderable":true,"show_badge":true,"formatted_price":"13,00&nbsp;\u20ac","formatted_published_date":"1er juillet 2016","publisher_availability_label":"Sur commande","short_details":"Tofangui Guy-Roland Kone \u2014 \u00c9ditions L'Harmattan","translator":null,"weight":120,"page_count":94,"readership":null,"editor":"\u00c9ditions L'Harmattan","price":1300,"published_date":"2016-06-30T22:00:00.000000Z","support":"Grand format","publisher_availability":1,"stock":0,"editions":[],"url":"https:\/\/quaidesbrumes.com\/ouvrage\/9782343097671\/champ-de-mil"},{"id":"9782910457594","title":"Ce petit hameau du mato grosso","description":null,"authors":["S. Bertrand"],"category_codes":["1000000","1090000"],"visuals":{"large":"https:\/\/images.epagine.fr\/594\/9782910457594_1_75.jpg","medium":"https:\/\/images.epagine.fr\/594\/9782910457594_1_m.jpg","thumbnail":"https:\/\/images.epagine.fr\/594\/9782910457594_1_v.jpg"},"orderable":true,"show_badge":true,"formatted_price":"12,00&nbsp;\u20ac","formatted_published_date":"1er janvier 2002","publisher_availability_label":"Sur commande","short_details":"S. Bertrand \u2014 Domens","translator":null,"weight":300,"page_count":null,"readership":null,"editor":"Domens","price":1200,"published_date":"2001-12-31T23:00:00.000000Z","support":"Grand format","publisher_availability":1,"stock":0,"editions":[],"url":"https:\/\/quaidesbrumes.com\/ouvrage\/9782910457594\/ce-petit-hameau-du-mato-grosso"},{"id":"9782874590306","title":"Le bruit du silence","description":"Lumi\u00e8res tamis\u00e9es, \/ Voile sur les globes oculaires. \r\nAccoud\u00e9 sur le zinc, \/ Un ange vagabond, \/  L'\u00e2me en qu\u00eate de libert\u00e9. \r\nPerles lacrymales sur le parquet, \/ Notes de musiques concr\u00e9tis\u00e9es. \r\nM\u00e9gots consum\u00e9s, \/ Verres ass\u00e9ch\u00e9s, \/ Mort dans les entrailles. \r\nVeiller, \/ Veiller dans la mezzanine de \/ l'inconscience, \/ Par une \u00e9clipse des sens.\r","authors":["Patrick Beaucamps"],"category_codes":["1000000","1090000"],"visuals":{"large":"https:\/\/images.epagine.fr\/306\/9782874590306_1_75.jpg","medium":"https:\/\/images.epagine.fr\/306\/9782874590306_1_m.jpg","thumbnail":"https:\/\/images.epagine.fr\/306\/9782874590306_1_v.jpg"},"orderable":true,"show_badge":true,"formatted_price":"15,43&nbsp;\u20ac","formatted_published_date":"1er mars 2003","publisher_availability_label":"Sur commande","short_details":"Patrick Beaucamps \u2014 Chloe Des Lys","translator":null,"weight":250,"page_count":null,"readership":null,"editor":"Chloe Des Lys","price":1543,"published_date":"2003-02-28T23:00:00.000000Z","support":"Grand format","publisher_availability":1,"stock":0,"editions":[],"url":"https:\/\/quaidesbrumes.com\/ouvrage\/9782874590306\/le-bruit-du-silence"},{"id":"9791090120204","title":"Poemes flottants","description":null,"authors":["Jean-Francois Even"],"category_codes":["1000000","1090000","1090600"],"visuals":{"large":"https:\/\/quaidesbrumes.com\/img\/book-placeholder.png","medium":"https:\/\/quaidesbrumes.com\/img\/book-placeholder.png","thumbnail":"https:\/\/quaidesbrumes.com\/img\/book-placeholder.png"},"orderable":true,"show_badge":true,"formatted_price":"12,00&nbsp;\u20ac","formatted_published_date":"22 juillet 2014","publisher_availability_label":"Sur commande","short_details":"Jean-Francois Even \u2014 Editions Des Sourciers","translator":null,"weight":205,"page_count":null,"readership":null,"editor":"Editions Des Sourciers","price":1200,"published_date":"2014-07-21T22:00:00.000000Z","support":"Grand format","publisher_availability":1,"stock":0,"editions":[],"url":"https:\/\/quaidesbrumes.com\/ouvrage\/9791090120204\/poemes-flottants"},{"id":"9782913040151","title":"L'arbre a sanglots, poesie en enveloppe pret a poster","description":null,"authors":["Louis Calaferte"],"category_codes":["1000000","1090000"],"visuals":{"large":"https:\/\/quaidesbrumes.com\/img\/book-placeholder.png","medium":"https:\/\/quaidesbrumes.com\/img\/book-placeholder.png","thumbnail":"https:\/\/quaidesbrumes.com\/img\/book-placeholder.png"},"orderable":true,"show_badge":true,"formatted_price":"13,00&nbsp;\u20ac","formatted_published_date":"3 mars 2004","publisher_availability_label":"Sur commande","short_details":"Louis Calaferte \u2014 Atelier Vincent Rougier","translator":null,"weight":45,"page_count":null,"readership":null,"editor":"Atelier Vincent Rougier","price":1300,"published_date":"2004-03-02T23:00:00.000000Z","support":"Grand format","publisher_availability":1,"stock":0,"editions":[],"url":"https:\/\/quaidesbrumes.com\/ouvrage\/9782913040151\/larbre-a-sanglots-poesie-en-enveloppe-pret-a-poster"},{"id":"9782913040441","title":"L'ambroisie des ombres ambrees. poesie oulipienne. pret a poster","description":null,"authors":["- Rougier Lascault"],"category_codes":["1000000","1090000"],"visuals":{"large":"https:\/\/quaidesbrumes.com\/img\/book-placeholder.png","medium":"https:\/\/quaidesbrumes.com\/img\/book-placeholder.png","thumbnail":"https:\/\/quaidesbrumes.com\/img\/book-placeholder.png"},"orderable":true,"show_badge":true,"formatted_price":"13,00&nbsp;\u20ac","formatted_published_date":"3 novembre 2005","publisher_availability_label":"Sur commande","short_details":"- Rougier Lascault \u2014 Atelier Vincent Rougier","translator":null,"weight":45,"page_count":null,"readership":null,"editor":"Atelier Vincent Rougier","price":1300,"published_date":"2005-11-02T23:00:00.000000Z","support":"Grand format","publisher_availability":1,"stock":0,"editions":[],"url":"https:\/\/quaidesbrumes.com\/ouvrage\/9782913040441\/lambroisie-des-ombres-ambrees-poesie-oulipienne-pret-a-poster"},{"id":"9782913040205","title":"Au commencement du marigot. oulipien, dessins, timbre d'artiste. pret a poster","description":null,"authors":["- Cueco Lascault"],"category_codes":["1000000","1090000"],"visuals":{"large":"https:\/\/quaidesbrumes.com\/img\/book-placeholder.png","medium":"https:\/\/quaidesbrumes.com\/img\/book-placeholder.png","thumbnail":"https:\/\/quaidesbrumes.com\/img\/book-placeholder.png"},"orderable":true,"show_badge":true,"formatted_price":"13,00&nbsp;\u20ac","formatted_published_date":"3 mars 1999","publisher_availability_label":"Sur commande","short_details":"- Cueco Lascault \u2014 Atelier Vincent Rougier","translator":null,"weight":45,"page_count":null,"readership":null,"editor":"Atelier Vincent Rougier","price":1300,"published_date":"1999-03-02T23:00:00.000000Z","support":"Grand format","publisher_availability":1,"stock":0,"editions":[],"url":"https:\/\/quaidesbrumes.com\/ouvrage\/9782913040205\/au-commencement-du-marigot-oulipien-dessins-timbre-dartiste-pret-a-poster"},{"id":"9782268023175","title":"Panique ta langue","description":null,"authors":["Hernandez F"],"category_codes":["1000000","1090000"],"visuals":{"large":"https:\/\/quaidesbrumes.com\/img\/book-placeholder.png","medium":"https:\/\/quaidesbrumes.com\/img\/book-placeholder.png","thumbnail":"https:\/\/quaidesbrumes.com\/img\/book-placeholder.png"},"orderable":true,"show_badge":true,"formatted_price":"7,47&nbsp;\u20ac","formatted_published_date":"8 mars 2003","publisher_availability_label":"Sur commande","short_details":"Hernandez F \u2014 \u00c9ditions du Rocher","translator":null,"weight":0,"page_count":null,"readership":null,"editor":"\u00c9ditions du Rocher","price":747,"published_date":"2003-03-07T23:00:00.000000Z","support":"Grand format","publisher_availability":1,"stock":0,"editions":[],"url":"https:\/\/quaidesbrumes.com\/ouvrage\/9782268023175\/panique-ta-langue"},{"id":"9782857921325","title":"Acte de vie ; travers\u00e9e en 3 temps","description":null,"authors":["Denise Boucher","Andree Appercelle"],"category_codes":["1000000","1090000"],"visuals":{"large":"https:\/\/quaidesbrumes.com\/img\/book-placeholder.png","medium":"https:\/\/quaidesbrumes.com\/img\/book-placeholder.png","thumbnail":"https:\/\/quaidesbrumes.com\/img\/book-placeholder.png"},"orderable":true,"show_badge":true,"formatted_price":"15,25&nbsp;\u20ac","formatted_published_date":"12 mars 2002","publisher_availability_label":"Sur commande","short_details":"Denise Boucher, Andree Appercelle \u2014 Federop","translator":null,"weight":333,"page_count":null,"readership":null,"editor":"Federop","price":1525,"published_date":"2002-03-11T23:00:00.000000Z","support":"Grand format","publisher_availability":1,"stock":0,"editions":[],"url":"https:\/\/quaidesbrumes.com\/ouvrage\/9782857921325\/acte-de-vie-traversee-en-3-temps"},{"id":"9782849241899","title":"Au jour le jour","description":"Le dernier recueil de Denise Borias approfondit son rapport \u00e0 la nature qui est, pour elle, une amie pr\u00e9cieuse, un lieu de m\u00e9ditation, un \u00ab vivier de symboles \u00bb.\r\nSon \u00e9volution, humaine et po\u00e9tique, se d\u00e9finit en quelques lignes : \u00ab Aux montagnes de l'enfance\/il manquait la mer.\/Seuls les nuages- \u00eeles vagabondes-\/ m'enseignaient l'infini. \u00bb C'est, en effet, la qu\u00eate inlassable de l'infini qui s'affirme dans ce recueil, empreint d'une s\u00e9r\u00e9nit\u00e9, non exempte de questionnements... Cosmiquement croyante, Denise Borias dit avec simplicit\u00e9 sa confiance en cette osmose, qu'elle tente, au jour le jour, avec l'ordre du monde : \u00ab Si tu fermes les yeux, c'est l'infini que tu rejoins\/depuis le coeur mouvant de la mer\/jusqu'\u00e0 l'intensit\u00e9 calme du ciel\/ toujours\/ au-del\u00e0 \u00bb.\r","authors":["Denise Borias"],"category_codes":["1000000","1090000"],"visuals":{"large":"https:\/\/images.epagine.fr\/899\/9782849241899_1_75.jpg","medium":"https:\/\/images.epagine.fr\/899\/9782849241899_1_m.jpg","thumbnail":"https:\/\/images.epagine.fr\/899\/9782849241899_1_v.jpg"},"orderable":true,"show_badge":true,"formatted_price":"10,00&nbsp;\u20ac","formatted_published_date":"1er juin 2010","publisher_availability_label":"Sur commande","short_details":"Denise Borias \u2014 Editions Du Cygne","translator":null,"weight":150,"page_count":60,"readership":null,"editor":"Editions Du Cygne","price":1000,"published_date":"2010-05-31T22:00:00.000000Z","support":"Grand format","publisher_availability":1,"stock":0,"editions":[],"url":"https:\/\/quaidesbrumes.com\/ouvrage\/9782849241899\/au-jour-le-jour"},{"id":"9782353280513","title":"Le choeur sauvage ; Vildt Kor","description":null,"authors":["Knut Hamsun"],"category_codes":["1000000","1090000"],"visuals":{"large":"https:\/\/images.epagine.fr\/513\/9782353280513_1_75.jpg","medium":"https:\/\/images.epagine.fr\/513\/9782353280513_1_m.jpg","thumbnail":"https:\/\/images.epagine.fr\/513\/9782353280513_1_v.jpg"},"orderable":true,"show_badge":true,"formatted_price":"22,40&nbsp;\u20ac","formatted_published_date":"1er juin 2010","publisher_availability_label":"Sur commande","short_details":"Knut Hamsun \u2014 Editinter","translator":null,"weight":220,"page_count":null,"readership":null,"editor":"Editinter","price":2240,"published_date":"2010-05-31T22:00:00.000000Z","support":"Grand format","publisher_availability":1,"stock":0,"editions":[],"url":"https:\/\/quaidesbrumes.com\/ouvrage\/9782353280513\/le-choeur-sauvage-vildt-kor"},{"id":"9782854463736","title":"Mon ombre est une femme","description":"... Sa po\u00e9sie est centr\u00e9e sur la conscience de la condamnation \u00e0 la disparition biologique \u00e0 laquelle est vou\u00e9e l'existence humaine. Ainsi toutes les images po\u00e9tiques sont intimement li\u00e9es au corps souffrant et aimant. Dans sa po\u00e9sie, Halina Poswiatowska a inscrit son propre destin en immortalisant son combat pour la vie.\r","authors":["Halina Poswiatowska","Isabelle Macor-Filarska"],"category_codes":["1000000","1090000"],"visuals":{"large":"https:\/\/images.epagine.fr\/736\/9782854463736_1_75.jpg","medium":"https:\/\/images.epagine.fr\/736\/9782854463736_1_m.jpg","thumbnail":"https:\/\/images.epagine.fr\/736\/9782854463736_1_v.jpg"},"orderable":true,"show_badge":true,"formatted_price":"15,00&nbsp;\u20ac","formatted_published_date":"3 novembre 2004","publisher_availability_label":"Sur commande","short_details":"Halina Poswiatowska, Isabelle Macor-Filarska \u2014 Caracteres","translator":"ISABELLE MACOR-FILARSKA","weight":150,"page_count":102,"readership":null,"editor":"Caracteres","price":1500,"published_date":"2004-11-02T23:00:00.000000Z","support":"Grand format","publisher_availability":1,"stock":0,"editions":[],"url":"https:\/\/quaidesbrumes.com\/ouvrage\/9782854463736\/mon-ombre-est-une-femme"},{"id":"9782374050539","title":"Arcanes majeurs","description":"L'univers de Silvaine Arabo offre au lecteur une excursion po\u00e9tique dont la beaut\u00e9 c\u00f4toie les rivages de l'absolu. Il s'agit d'une aventure myst\u00e9rieuse, \u00e9nigmatique, presque initiatique. L'auteure dessine de mot en mot, de souffle en souffle, les contours d'une mythologie qui lui est propre.\r\nPar petites touches, comme une impressionniste du Verbe, la po\u00e8te peint une fresque dont la magnificence appelle naturellement cette parole de Ren\u00e9 Char : \u00ab Dans nos t\u00e9n\u00e8bres, il n'y a pas une place pour la beaut\u00e9, toute la place est pour la beaut\u00e9 \u00bb.\r\n\r\nOn per\u00e7oit \u00e0 travers les images et les m\u00e9taphores tiss\u00e9es \u00e0 l'or fin un rapport mystique \u00e0 la Nature, aux \u00e9l\u00e9ments et au grand Tout : \u00ab On est ce mica br\u00fblant sur le sol de d\u00e9serts \u00bb, \u00ab On est tout, on n'est rien \u00bb.\r\nTout est d\u00e9pos\u00e9 avec \u00e9l\u00e9gance et d\u00e9licatesse, \u00e0 l'encre d'une po\u00e9sie scintillante qui n'est pas sans rappeler, pour la force d'\u00e9vocation de ses images, pour leur richesse et leur caract\u00e8re quasi proph\u00e9tique, celle de Saint John Perse.\r\nL'ouvrage, petit bijou merveilleusement illustr\u00e9 par des dessins de Claudine Goux qui font \u00e9cho au texte, se divise en plusieurs parties qui se d\u00e9roulent comme des paysages qui \u00e9volueraient sous le regard fascin\u00e9 d'un randonneur, l'accompagnant dans son cheminement et dans sa contemplation m\u00e9ditative de la nature. Parme Ceriset.","authors":["Sylvaine Arabo"],"category_codes":["1000000","1090000"],"visuals":{"large":"https:\/\/images.epagine.fr\/539\/9782374050539_1_75.jpg","medium":"https:\/\/images.epagine.fr\/539\/9782374050539_1_m.jpg","thumbnail":"https:\/\/images.epagine.fr\/539\/9782374050539_1_v.jpg"},"orderable":true,"show_badge":true,"formatted_price":"21,00&nbsp;\u20ac","formatted_published_date":"14 d\u00e9cembre 2018","publisher_availability_label":"Sur commande","short_details":"Sylvaine Arabo \u2014 Alcyone","translator":null,"weight":0,"page_count":83,"readership":null,"editor":"Alcyone","price":2100,"published_date":"2018-12-13T23:00:00.000000Z","support":"Grand format","publisher_availability":1,"stock":0,"editions":[],"url":"https:\/\/quaidesbrumes.com\/ouvrage\/9782374050539\/arcanes-majeurs"},{"id":"9782878671667","title":"Pessipoete et optimuse","description":null,"authors":["Jean Perez"],"category_codes":["1000000","1090000"],"visuals":{"large":"https:\/\/quaidesbrumes.com\/img\/book-placeholder.png","medium":"https:\/\/quaidesbrumes.com\/img\/book-placeholder.png","thumbnail":"https:\/\/quaidesbrumes.com\/img\/book-placeholder.png"},"orderable":true,"show_badge":true,"formatted_price":"5,34&nbsp;\u20ac","formatted_published_date":"7 janvier 1999","publisher_availability_label":"Sur commande","short_details":"Jean Perez \u2014 Presses Du Midi","translator":null,"weight":200,"page_count":null,"readership":null,"editor":"Presses Du Midi","price":534,"published_date":"1999-01-06T23:00:00.000000Z","support":"Grand format","publisher_availability":1,"stock":0,"editions":[],"url":"https:\/\/quaidesbrumes.com\/ouvrage\/9782878671667\/pessipoete-et-optimuse"},{"id":"9782908138580","title":"Des references en chemin de fer","description":null,"authors":["Alexis Pelletier"],"category_codes":["1000000","1090000"],"visuals":{"large":"https:\/\/quaidesbrumes.com\/img\/book-placeholder.png","medium":"https:\/\/quaidesbrumes.com\/img\/book-placeholder.png","thumbnail":"https:\/\/quaidesbrumes.com\/img\/book-placeholder.png"},"orderable":true,"show_badge":true,"formatted_price":"10,67&nbsp;\u20ac","formatted_published_date":"8 mars 2003","publisher_availability_label":"Sur commande","short_details":"Alexis Pelletier \u2014 Tarabuste","translator":null,"weight":0,"page_count":null,"readership":null,"editor":"Tarabuste","price":1067,"published_date":"2003-03-07T23:00:00.000000Z","support":"Grand format","publisher_availability":1,"stock":0,"editions":[],"url":"https:\/\/quaidesbrumes.com\/ouvrage\/9782908138580\/des-references-en-chemin-de-fer"},{"id":"9782869651814","title":"Lettre \u00e0 l'\u00e9tranger","description":null,"authors":["Georges Tonnelier"],"category_codes":["1000000","1090000"],"visuals":{"large":"https:\/\/quaidesbrumes.com\/img\/book-placeholder.png","medium":"https:\/\/quaidesbrumes.com\/img\/book-placeholder.png","thumbnail":"https:\/\/quaidesbrumes.com\/img\/book-placeholder.png"},"orderable":true,"show_badge":true,"formatted_price":"15,24&nbsp;\u20ac","formatted_published_date":"8 mars 2003","publisher_availability_label":"Sur commande","short_details":"Georges Tonnelier \u2014 Calligrammes","translator":null,"weight":0,"page_count":null,"readership":null,"editor":"Calligrammes","price":1524,"published_date":"2003-03-07T23:00:00.000000Z","support":"Grand format","publisher_availability":1,"stock":0,"editions":[],"url":"https:\/\/quaidesbrumes.com\/ouvrage\/9782869651814\/lettre-a-letranger"},{"id":"9782908138528","title":"Biographies","description":null,"authors":["Christian Vigui\u00e9"],"category_codes":["1000000","1090000"],"visuals":{"large":"https:\/\/quaidesbrumes.com\/img\/book-placeholder.png","medium":"https:\/\/quaidesbrumes.com\/img\/book-placeholder.png","thumbnail":"https:\/\/quaidesbrumes.com\/img\/book-placeholder.png"},"orderable":true,"show_badge":true,"formatted_price":"9,15&nbsp;\u20ac","formatted_published_date":"8 mars 2003","publisher_availability_label":"Sur commande","short_details":"Christian Vigui\u00e9 \u2014 Tarabuste","translator":null,"weight":0,"page_count":null,"readership":null,"editor":"Tarabuste","price":915,"published_date":"2003-03-07T23:00:00.000000Z","support":"Grand format","publisher_availability":1,"stock":0,"editions":[],"url":"https:\/\/quaidesbrumes.com\/ouvrage\/9782908138528\/biographies"},{"id":"9782738460462","title":"Ce Ciel Qui... N'est Pas","description":"Les \u00eatres et leurs ombres ont quitt\u00e9 le jardin. Les chaises se regardent, se demandant si elles doivent converser entre elles ou se taire. I1 y a: un ciel fendu, des branches qui coupent l'air, un bassin octogonal habitu\u00e9 \u00e0 nos larmes. Il n'y a plus de nuit et le jour n'est pas encore cr\u00e9\u00e9. - Les anges ne connaissent pas la Terre. Cette po\u00e9sie s'\u00e9crit - et se lit- \u00e0 la fronti\u00e8re de la vie et de la mort, l\u00e0 o\u00f9 le ciel dispar\u00e2\u00eetdans le ciel.\r","authors":["Etel Adnan"],"category_codes":["1000000","1090000"],"visuals":{"large":"https:\/\/images.epagine.fr\/462\/9782738460462_1_75.jpg","medium":"https:\/\/images.epagine.fr\/462\/9782738460462_1_m.jpg","thumbnail":"https:\/\/images.epagine.fr\/462\/9782738460462_1_v.jpg"},"orderable":true,"show_badge":true,"formatted_price":"10,00&nbsp;\u20ac","formatted_published_date":"1er janvier 1998","publisher_availability_label":"Sur commande","short_details":"Etel Adnan \u2014 \u00c9ditions L'Harmattan","translator":null,"weight":80,"page_count":50,"readership":null,"editor":"\u00c9ditions L'Harmattan","price":1000,"published_date":"1997-12-31T23:00:00.000000Z","support":"Grand format","publisher_availability":1,"stock":0,"editions":[],"url":"https:\/\/quaidesbrumes.com\/ouvrage\/9782738460462\/ce-ciel-qui-nest-pas"},{"id":"9782911917578","title":"L'ivresse des tombes","description":"La collection Abiratures est d\u00e9di\u00e9e \u00e0 l'approche po\u00e9tique, ce court moment d'\u00e9laboration qui se concr\u00e9tise dans la po\u00e9sie, quelle que soit la forme (r\u00eave, texte, jeu, dessin, dialogue, etc... ) qu'elle prend pour s'exprimer. Nous esp\u00e9rons par l\u00e0 contribuer \u00e0 ce que la po\u00e9sie soit saisie dans son essence, car sans elle, la transformation du monde, plus que jamais n\u00e9cessaire, ne sera jamais qu'un pr\u00e9lude \u00e0 l'ass\u00e8chement du vivant (et r\u00e9ciproquement).\r","authors":["Guy Cabanel","Berthelemy Schwartz"],"category_codes":["1000000","1090000"],"visuals":{"large":"https:\/\/images.epagine.fr\/578\/9782911917578_1_75.jpg","medium":"https:\/\/images.epagine.fr\/578\/9782911917578_1_m.jpg","thumbnail":"https:\/\/images.epagine.fr\/578\/9782911917578_1_v.jpg"},"orderable":true,"show_badge":true,"formatted_price":"10,00&nbsp;\u20ac","formatted_published_date":"1er juin 2011","publisher_availability_label":"Sur commande","short_details":"Guy Cabanel, Berthelemy Schwartz \u2014 Ab Irato","translator":null,"weight":201,"page_count":56,"readership":null,"editor":"Ab Irato","price":1000,"published_date":"2011-05-31T22:00:00.000000Z","support":"Grand format","publisher_availability":1,"stock":0,"editions":[],"url":"https:\/\/quaidesbrumes.com\/ouvrage\/9782911917578\/livresse-des-tombes"},{"id":"9782810600922","title":"M\u00e9lancolies sereines ; recueil de po\u00e8mes","description":"La m\u00e9lancolie signifie une tendance de l'\u00e2me \u00e0 la tristesse, \u00e0 un \u00e9tat de fatalisme atone, \u00e0 un \u00e9tat de renoncement, \u00e0 une authentique souffrance morale. \r\nCe sentiment intime de vide peut aussi \u00eatre vu comme une maladie sacr\u00e9e, un vecteur de fertilit\u00e9 et de lucidit\u00e9 autant que d'une clairvoyance en un paradoxe de d\u00e9sespoir r\u00e9fugi\u00e9 dans l'imaginaire.\r\nLa s\u00e9r\u00e9nit\u00e9 associ\u00e9e apporte une touche de sage et douce harmonie patiente et sans regret.\r\nLa qui\u00e9tude silencieuse de l'esprit dirige la conscience vers une paix existentielle au service de la Vie.\r","authors":["Daniel Gilles"],"category_codes":["1000000","1090000"],"visuals":{"large":"https:\/\/images.epagine.fr\/922\/9782810600922_1_75.jpg","medium":"https:\/\/images.epagine.fr\/922\/9782810600922_1_m.jpg","thumbnail":"https:\/\/images.epagine.fr\/922\/9782810600922_1_v.jpg"},"orderable":true,"show_badge":true,"formatted_price":"12,90&nbsp;\u20ac","formatted_published_date":"16 septembre 2008","publisher_availability_label":"Sur commande","short_details":"Daniel Gilles \u2014 Books on Demand","translator":null,"weight":189,"page_count":100,"readership":null,"editor":"Books on Demand","price":1290,"published_date":"2008-09-15T22:00:00.000000Z","support":"Grand format","publisher_availability":1,"stock":0,"editions":[],"url":"https:\/\/quaidesbrumes.com\/ouvrage\/9782810600922\/melancolies-sereines-recueil-de-poemes"}]}