{"data":[{"id":"9782913126510","title":"Racines d'\u00e9quinoxe ; po\u00e8mes de l'Equateur","description":"Pour ce dixi\u00e8me recueil, Marie-France Duparl-Danaho nous clame ses pri\u00e8res de cara\u00efbophone, d'\u00e9quatorienne, dans une po\u00e9tique lisse d'attache syntaxique. Po\u00e8mes \u00e0 d\u00e9couvrir pour les amoureux de la po\u00e9sie, les th\u00e8mes ici sont le m\u00e9tissage, les cit\u00e9s, la mis\u00e8re, l'espoir, et la tol\u00e9rance. L'auteure nous dit toujours et encore : qui que tu sois, vis avec tes racines sans entacher l'identitaire pr\u00e9cieux des \u00e9motions m\u00e9lodiques. Effleurant la vibration de l'expression intime, \u00e9pousant ici les pri\u00e8res des racines invoquant ses anc\u00eatres, voyage mystique, enrichissant, des v\u00e9cus d'amertumes... Visage de kr\u00e9ole certitude ! Danse tropicale - racines invers\u00e9es - fond de cale et bien d'autres volutes de son charme po\u00e9tique constituent ce floril\u00e8ge. Un message pour la tol\u00e9rance, revendication d'une Kr\u00e9olitude en sagesse perp\u00e9tuelle des effluves m\u00e9tiss\u00e9es \u00e0 consoler.","authors":["Marie-france Duparl-danaho"],"category_codes":["1000000","1090000"],"visuals":{"large":"https:\/\/images.epagine.fr\/510\/9782913126510_1_75.jpg","medium":"https:\/\/images.epagine.fr\/510\/9782913126510_1_m.jpg","thumbnail":"https:\/\/images.epagine.fr\/510\/9782913126510_1_v.jpg"},"orderable":true,"show_badge":true,"formatted_price":"10,00&nbsp;\u20ac","formatted_published_date":"23 octobre 2009","publisher_availability_label":"Sur commande","short_details":"Marie-france Duparl-danaho \u2014 DIANOIA","translator":null,"weight":80,"page_count":null,"readership":null,"editor":"DIANOIA","price":1000,"published_date":"2009-10-22T22:00:00.000000Z","support":"Grand format","publisher_availability":1,"stock":0,"editions":[],"url":"https:\/\/quaidesbrumes.com\/ouvrage\/9782913126510\/racines-dequinoxe-poemes-de-lequateur"},{"id":"9782296036772","title":"Silence de basile","description":"Une maison tranquille au bord d'une plage normande. Un couple, Dorane et J\u00e9r\u00f4me, re\u00e7oit un vieil ami, Alexandre, pour quelques jours de vacances. Tout semble si calme, si pr\u00e9visible et pourtant... Pourquoi Basile, dix ans, refuse-t-il de parler depuis l'arriv\u00e9e d'Alexandre ? Lentement son silence va faire resurgir la pass\u00e9, insidieusement les sentiments vont se d\u00e9voiler, se heurter et l'amiti\u00e9 qui se croyait si forte va basculer.","authors":["Isabelle Baumont"],"category_codes":["1000000","1090000"],"visuals":{"large":"https:\/\/images.epagine.fr\/772\/9782296036772_1_75.jpg","medium":"https:\/\/images.epagine.fr\/772\/9782296036772_1_m.jpg","thumbnail":"https:\/\/images.epagine.fr\/772\/9782296036772_1_v.jpg"},"orderable":true,"show_badge":true,"formatted_price":"12,50&nbsp;\u20ac","formatted_published_date":"26 juin 2007","publisher_availability_label":"Sur commande","short_details":"Isabelle Baumont \u2014 \u00c9ditions L'Harmattan","translator":null,"weight":130,"page_count":112,"readership":null,"editor":"\u00c9ditions L'Harmattan","price":1250,"published_date":"2007-06-25T22:00:00.000000Z","support":"Grand format","publisher_availability":1,"stock":0,"editions":[],"url":"https:\/\/quaidesbrumes.com\/ouvrage\/9782296036772\/silence-de-basile"},{"id":"9782840310693","title":"M\u00eame la nuit, persiennes ouvertes","description":"Les po\u00e8mes de Mireille Fargier-Caruso sont d'une grande limpidit\u00e9, \u00e0 l'\u00e9criture mesur\u00e9e, serr\u00e9e au plus juste, sans \u00eatre jamais s\u00e8che ni pr\u00e9cieuse.\r\nElle sait dire les instants de la banalit\u00e9 du simplement vivre : l'amour, le d\u00e9sarroi de l'existence, le verre de vin partag\u00e9 avec des amis, les joies spontan\u00e9es ou les semblants de bonheur. Pour elle, le quotidien n'a r\u00e9ellement de sens qu'adoss\u00e9 aux questions aigu\u00ebs de l'existence.","authors":["Mireille Fargier-Caruso"],"category_codes":["1000000","1090000"],"visuals":{"large":"https:\/\/images.epagine.fr\/693\/9782840310693_1_75.jpg","medium":"https:\/\/images.epagine.fr\/693\/9782840310693_1_m.jpg","thumbnail":"https:\/\/images.epagine.fr\/693\/9782840310693_1_v.jpg"},"orderable":true,"show_badge":true,"formatted_price":"12,00&nbsp;\u20ac","formatted_published_date":"1er mai 1998","publisher_availability_label":"Sur commande","short_details":"Mireille Fargier-Caruso \u2014 L'Idee Bleue","translator":null,"weight":110,"page_count":null,"readership":null,"editor":"L'Idee Bleue","price":1200,"published_date":"1998-04-30T22:00:00.000000Z","support":"Grand format","publisher_availability":1,"stock":0,"editions":[],"url":"https:\/\/quaidesbrumes.com\/ouvrage\/9782840310693\/meme-la-nuit-persiennes-ouvertes"},{"id":"9782849246641","title":"Don d'entendre","description":"\"Don d'entendre\" est un recueil puissant qui nous vient de Bulgarie. Avec son oeil aff\u00fbt\u00e9 et sa plume sans concession, Milena Burjeva va au-del\u00e0 de l'\u00e9crit, ses mots deviennet sonores, elle nous donne \u00e0 entendre. Et l'ou\u00efe devient une exigence quand Il [lui] arrive d'aimer le mal, quand [elle] erre dans les cheveux cendr\u00e9s de la Maritsa, quand m\u00eame les m\u00e8res laides donnent naissance.\r\nCe recueil est effectivement un don, celui de la lucidit\u00e9 doucereuse qu'on se surprend \u00e0 adouber.","authors":["Milena Burjeva"],"category_codes":["1000000","1090000"],"visuals":{"large":"https:\/\/images.epagine.fr\/641\/9782849246641_1_75.jpg","medium":"https:\/\/images.epagine.fr\/641\/9782849246641_1_m.jpg","thumbnail":"https:\/\/images.epagine.fr\/641\/9782849246641_1_v.jpg"},"orderable":true,"show_badge":true,"formatted_price":"10,00&nbsp;\u20ac","formatted_published_date":"13 juillet 2021","publisher_availability_label":"Sur commande","short_details":"Milena Burjeva \u2014 Editions Du Cygne","translator":null,"weight":80,"page_count":50,"readership":null,"editor":"Editions Du Cygne","price":1000,"published_date":"2021-07-12T22:00:00.000000Z","support":"Grand format","publisher_availability":1,"stock":0,"editions":[],"url":"https:\/\/quaidesbrumes.com\/ouvrage\/9782849246641\/don-dentendre"},{"id":"9782910457334","title":"Sueur du temps","description":null,"authors":["Michel Butor"],"category_codes":["1000000","1090000"],"visuals":{"large":"https:\/\/quaidesbrumes.com\/img\/book-placeholder.png","medium":"https:\/\/quaidesbrumes.com\/img\/book-placeholder.png","thumbnail":"https:\/\/quaidesbrumes.com\/img\/book-placeholder.png"},"orderable":true,"show_badge":true,"formatted_price":"11,00&nbsp;\u20ac","formatted_published_date":"1er janvier 2002","publisher_availability_label":"Sur commande","short_details":"Michel Butor \u2014 Domens","translator":null,"weight":200,"page_count":null,"readership":null,"editor":"Domens","price":1100,"published_date":"2001-12-31T23:00:00.000000Z","support":"Grand format","publisher_availability":1,"stock":0,"editions":[],"url":"https:\/\/quaidesbrumes.com\/ouvrage\/9782910457334\/sueur-du-temps"},{"id":"9782854801026","title":"Promenades en normandie avec des poetes disparus","description":null,"authors":["Collectif"],"category_codes":["1000000","1090000"],"visuals":{"large":"https:\/\/quaidesbrumes.com\/img\/book-placeholder.png","medium":"https:\/\/quaidesbrumes.com\/img\/book-placeholder.png","thumbnail":"https:\/\/quaidesbrumes.com\/img\/book-placeholder.png"},"orderable":true,"show_badge":true,"formatted_price":"19,82&nbsp;\u20ac","formatted_published_date":"9 avril 1998","publisher_availability_label":"Sur commande","short_details":"Collectif \u2014 Charles Corlet","translator":null,"weight":0,"page_count":null,"readership":null,"editor":"Charles Corlet","price":1982,"published_date":"1998-04-08T22:00:00.000000Z","support":"Grand format","publisher_availability":1,"stock":0,"editions":[],"url":"https:\/\/quaidesbrumes.com\/ouvrage\/9782854801026\/promenades-en-normandie-avec-des-poetes-disparus"},{"id":"9782812701009","title":"Le cri du goeland","description":"Dans le cri du go\u00e9land, il y a juste un instant. L'autre c\u00f4t\u00e9 de l'oc\u00e9an, planant sur le firmament. Une ouverture blanche, sur un ciel bleu. Des t\u00eates qui se penchent, des marins fi\u00e9vreux. Dans le cri du go\u00e9land, il y a juste un instant. Les mondes d\u00e9paysants, qui nous br\u00fblent le sang. Une ouverture blanche, sur un ciel bleu. Des \u00e2mes franches, s'envolant d'esprits heureux","authors":["Hubert Vittet"],"category_codes":["1000000","1090000"],"visuals":{"large":"https:\/\/images.epagine.fr\/009\/9782812701009_1_75.jpg","medium":"https:\/\/images.epagine.fr\/009\/9782812701009_1_m.jpg","thumbnail":"https:\/\/images.epagine.fr\/009\/9782812701009_1_v.jpg"},"orderable":true,"show_badge":true,"formatted_price":"12,00&nbsp;\u20ac","formatted_published_date":"14 octobre 2009","publisher_availability_label":"Sur commande","short_details":"Hubert Vittet \u2014 Presses Du Midi","translator":null,"weight":146,"page_count":104,"readership":null,"editor":"Presses Du Midi","price":1200,"published_date":"2009-10-13T22:00:00.000000Z","support":"Grand format","publisher_availability":1,"stock":0,"editions":[],"url":"https:\/\/quaidesbrumes.com\/ouvrage\/9782812701009\/le-cri-du-goeland"},{"id":"9782354852122","title":"La nu\u00e9e","description":"Dans \"\"La Nu\u00e9e\"\", Robin Salecroix nous entra\u00eene dans un univers empreint d'un quotidien sublim\u00e9 et privil\u00e9gi\u00e9, intense en \u00e9motion, o\u00f9 l'\u00e9criture est consacr\u00e9e comme lieu d'expression du r\u00e9el et de l'imaginaire. Dans cette po\u00e9sie sensible et inspir\u00e9e, les mots prennent sens, surprennent, \u00e9meuvent, et l'univers d'apparence imp\u00e9n\u00e9trable de Robin Salecroix devient palpable et accessible. Les questions existentielles relatives \u00e0 l'amour, la peur, la joie et l'espoir sont revisit\u00e9es dans un m\u00e9lange d'\u00e9motion, de profondeur et de l\u00e9g\u00e8ret\u00e9, offrant ainsi une vision po\u00e9tique des instants offerts par la vie.","authors":["Robin Salecroix"],"category_codes":["1000000","1090000"],"visuals":{"large":"https:\/\/images.epagine.fr\/122\/9782354852122_1_75.jpg","medium":"https:\/\/images.epagine.fr\/122\/9782354852122_1_m.jpg","thumbnail":"https:\/\/images.epagine.fr\/122\/9782354852122_1_v.jpg"},"orderable":true,"show_badge":true,"formatted_price":"13,00&nbsp;\u20ac","formatted_published_date":"1er f\u00e9vrier 2011","publisher_availability_label":"Sur commande","short_details":"Robin Salecroix \u2014 JETS D'ENCRE","translator":null,"weight":60,"page_count":null,"readership":null,"editor":"JETS D'ENCRE","price":1300,"published_date":"2011-01-31T23:00:00.000000Z","support":"Grand format","publisher_availability":1,"stock":0,"editions":[],"url":"https:\/\/quaidesbrumes.com\/ouvrage\/9782354852122\/la-nuee"},{"id":"9782847121889","title":"M\u00eame au rang d'homme","description":"Avant de r\u00e9pondre \u00e0 cette abyssale interrogation, lisez M\u00eame au rang d'homme, pour partie aur\u00e9ol\u00e9 de la m\u00eame distinction du Prix de Po\u00e9sie Paul Fort en 2008, o\u00f9 l'humour, cette \u00ab politesse du d\u00e9sespoir \u00bb, c\u00f4toie la nostalgie et la gravit\u00e9.\r\nAlors, routine ?","authors":["Roland Marx"],"category_codes":["1000000","1090000"],"visuals":{"large":"https:\/\/images.epagine.fr\/889\/9782847121889_1_75.jpg","medium":"https:\/\/images.epagine.fr\/889\/9782847121889_1_m.jpg","thumbnail":"https:\/\/images.epagine.fr\/889\/9782847121889_1_v.jpg"},"orderable":true,"show_badge":true,"formatted_price":"10,00&nbsp;\u20ac","formatted_published_date":"10 septembre 2008","publisher_availability_label":"Sur commande","short_details":"Roland Marx \u2014 Petit Pave","translator":null,"weight":80,"page_count":48,"readership":null,"editor":"Petit Pave","price":1000,"published_date":"2008-09-09T22:00:00.000000Z","support":"Grand format","publisher_availability":1,"stock":0,"editions":[],"url":"https:\/\/quaidesbrumes.com\/ouvrage\/9782847121889\/meme-au-rang-dhomme"},{"id":"9782296036482","title":"Les dictatures du paradis","description":"Une \u00e9criture qui crie, mais qui sait aussi caresser l'espoir et l'enfance des r\u00eaves. Un parcours sensible, parfois douloureux au travers des jours, fort d'une r\u00e9flexion qui fixe et empreinte ce que nous sommes tout simplement. L'auteur s'essaie ici \u00e0 une po\u00e9sie ethnique d\u00e9lib\u00e9r\u00e9ment accentu\u00e9e. Une \u00e9criture qui d\u00e9roule le tapis des sables et de la r\u00e9volte r\u00e9fugi\u00e9e. Une \u00e9criture d\u00e9di\u00e9e, dans un lourd avertissement, aux forces vives de l'Afrique.","authors":["Patrick Berta forgas"],"category_codes":["1000000","1090000"],"visuals":{"large":"https:\/\/images.epagine.fr\/482\/9782296036482_1_75.jpg","medium":"https:\/\/images.epagine.fr\/482\/9782296036482_1_m.jpg","thumbnail":"https:\/\/images.epagine.fr\/482\/9782296036482_1_v.jpg"},"orderable":true,"show_badge":true,"formatted_price":"12,00&nbsp;\u20ac","formatted_published_date":"20 juin 2007","publisher_availability_label":"Sur commande","short_details":"Patrick Berta forgas \u2014 \u00c9ditions L'Harmattan","translator":null,"weight":150,"page_count":104,"readership":null,"editor":"\u00c9ditions L'Harmattan","price":1200,"published_date":"2007-06-19T22:00:00.000000Z","support":"Grand format","publisher_availability":1,"stock":0,"editions":[],"url":"https:\/\/quaidesbrumes.com\/ouvrage\/9782296036482\/les-dictatures-du-paradis"},{"id":"9782914053518","title":"Vous occuperez l'\u00e9t\u00e9","description":"Ce recueil comprend deux parties, Tolosa melhorament, long po\u00e8me bilingue franco-occitan, et Vous occuperez l'\u00e9t\u00e9, rassemblant une soixantaine de po\u00e8mes.\r\nF\u00e9lix-Marcel Castan, le chantre aujourd'hui disparu de la culture occitane et de la d\u00e9centralisation culturelle, avait reconnu en Saint-Paul un auteur dans la tradition du XVIIe si\u00e8cle, ne pouvant \u00e9crire qu'\u00e0 partir de sa ville, Toulouse, comme Pessoa \u00e0 Lisbonne. F.-M. Castan a r\u00e9dig\u00e9 la pr\u00e9face du recueil, o\u00f9 le regard fraternel mais aussi sans complaisance sur une ville et sur les p\u00e9r\u00e9grinations de la vie, et le regard crois\u00e9 avec les autres villes, visent l'universel.\r\nLa traduction en occitan (Tolosa melhorament) a \u00e9t\u00e9 r\u00e9alis\u00e9e par Olivi\u00e8r Lamarque et Jean-Pierre Tardif ; les illustrations sont du peintre catalan Joan Jord\u00e0.","authors":["Christian Saint-paul"],"category_codes":["1000000","1090000","1090600"],"visuals":{"large":"https:\/\/images.epagine.fr\/518\/9782914053518_1_75.jpg","medium":"https:\/\/images.epagine.fr\/518\/9782914053518_1_m.jpg","thumbnail":"https:\/\/images.epagine.fr\/518\/9782914053518_1_v.jpg"},"orderable":true,"show_badge":true,"formatted_price":"15,00&nbsp;\u20ac","formatted_published_date":"15 octobre 2009","publisher_availability_label":"Sur commande","short_details":"Christian Saint-paul \u2014 La Cardere","translator":null,"weight":170,"page_count":null,"readership":null,"editor":"La Cardere","price":1500,"published_date":"2009-10-14T22:00:00.000000Z","support":"Grand format","publisher_availability":1,"stock":0,"editions":[],"url":"https:\/\/quaidesbrumes.com\/ouvrage\/9782914053518\/vous-occuperez-lete"},{"id":"9782878674651","title":"Reminiscences de la vie arborescence de la mort","description":null,"authors":["Suzanne-Marg Remouit"],"category_codes":["1000000","1090000"],"visuals":{"large":"https:\/\/quaidesbrumes.com\/img\/book-placeholder.png","medium":"https:\/\/quaidesbrumes.com\/img\/book-placeholder.png","thumbnail":"https:\/\/quaidesbrumes.com\/img\/book-placeholder.png"},"orderable":true,"show_badge":true,"formatted_price":"16,00&nbsp;\u20ac","formatted_published_date":"15 avril 2003","publisher_availability_label":"Sur commande","short_details":"Suzanne-Marg Remouit \u2014 Presses Du Midi","translator":null,"weight":250,"page_count":null,"readership":null,"editor":"Presses Du Midi","price":1600,"published_date":"2003-04-14T22:00:00.000000Z","support":"Grand format","publisher_availability":1,"stock":0,"editions":[],"url":"https:\/\/quaidesbrumes.com\/ouvrage\/9782878674651\/reminiscences-de-la-vie-arborescence-de-la-mort"},{"id":"9782910457518","title":"Par bonheur","description":null,"authors":["Jean Verdure"],"category_codes":["1000000","1090000"],"visuals":{"large":"https:\/\/images.epagine.fr\/518\/9782910457518_1_75.jpg","medium":"https:\/\/images.epagine.fr\/518\/9782910457518_1_m.jpg","thumbnail":"https:\/\/images.epagine.fr\/518\/9782910457518_1_v.jpg"},"orderable":true,"show_badge":true,"formatted_price":"11,00&nbsp;\u20ac","formatted_published_date":"1er janvier 2002","publisher_availability_label":"Sur commande","short_details":"Jean Verdure \u2014 Domens","translator":null,"weight":200,"page_count":null,"readership":null,"editor":"Domens","price":1100,"published_date":"2001-12-31T23:00:00.000000Z","support":"Grand format","publisher_availability":1,"stock":0,"editions":[],"url":"https:\/\/quaidesbrumes.com\/ouvrage\/9782910457518\/par-bonheur"},{"id":"9782312121314","title":"Tchin-tchin !","description":"Tchin-tchin! est un recueil de trente-neuf po\u00e8mes aux th\u00e8mes divers et vari\u00e9s. \u00c0 travers ce recueil, l'auteur s'ouvre aux lecteurs en pr\u00f4nant le courage, l'amour, la fraternit\u00e9, l'acceptation de l'autre et toutes les valeurs qui participent \u00e0 la r\u00e9union des coeurs. Le style simple de l'auteur, son recours fr\u00e9quent au sonnet, et sa capacit\u00e9 \u00e0 titiller le lecteur de temps \u00e0 autre, donnent \u00e0 ce recueil une saveur particuli\u00e8re qui plaira certainement \u00e0 plus d'un.","authors":["Philippe Mbaya"],"category_codes":["1000000","1090000"],"visuals":{"large":"https:\/\/images.epagine.fr\/314\/9782312121314_1_75.jpg","medium":"https:\/\/images.epagine.fr\/314\/9782312121314_1_m.jpg","thumbnail":"https:\/\/images.epagine.fr\/314\/9782312121314_1_v.jpg"},"orderable":true,"show_badge":true,"formatted_price":"15,00&nbsp;\u20ac","formatted_published_date":"27 mai 2022","publisher_availability_label":"Sur commande","short_details":"Philippe Mbaya \u2014 Editions du Net","translator":null,"weight":89,"page_count":52,"readership":null,"editor":"Editions du Net","price":1500,"published_date":"2022-05-26T22:00:00.000000Z","support":"Grand format","publisher_availability":1,"stock":0,"editions":[],"url":"https:\/\/quaidesbrumes.com\/ouvrage\/9782312121314\/tchin-tchin"},{"id":"9782913040601","title":"R\u00e9visions illustr\u00e9 aquarelles de Th\u00e9r\u00e8se Boucrault","description":null,"authors":["Patricia Castex Meni"],"category_codes":["1000000","1090000"],"visuals":{"large":"https:\/\/quaidesbrumes.com\/img\/book-placeholder.png","medium":"https:\/\/quaidesbrumes.com\/img\/book-placeholder.png","thumbnail":"https:\/\/quaidesbrumes.com\/img\/book-placeholder.png"},"orderable":true,"show_badge":true,"formatted_price":"7,00&nbsp;\u20ac","formatted_published_date":"3 janvier 2009","publisher_availability_label":"Sur commande","short_details":"Patricia Castex Meni \u2014 Atelier Vincent Rougier","translator":null,"weight":45,"page_count":null,"readership":null,"editor":"Atelier Vincent Rougier","price":700,"published_date":"2009-01-02T23:00:00.000000Z","support":"Grand format","publisher_availability":1,"stock":0,"editions":[],"url":"https:\/\/quaidesbrumes.com\/ouvrage\/9782913040601\/revisions-illustre-aquarelles-de-therese-boucrault"},{"id":"9782747565080","title":"Saturnales revisitees","description":"\"Femme au seuil d'une atmosph\u00e8re impalpable, prends garde \u00e0 l'offrande du jour, la vie rec\u00e8le toutes les trames, le marbre noir et la douleur \u00e9b\u00e8neFemme au bord d'un feu asphyxiant, retiens le souffle de la lune, la vie s'\u00e9tiole en broutilles, la poussi\u00e8re du temps et la souffrance inali\u00e9nableTrace dans la nuit la route de ton destin, Femme au deuil d'un n\u00e9ant absurde, accueille une lueur lucide dans l'entrelacs de tes t\u00e9n\u00e8bres\"!","authors":["Alix De Fontanges"],"category_codes":["1000000","1090000"],"visuals":{"large":"https:\/\/images.epagine.fr\/080\/9782747565080_1_75.jpg","medium":"https:\/\/images.epagine.fr\/080\/9782747565080_1_m.jpg","thumbnail":"https:\/\/images.epagine.fr\/080\/9782747565080_1_v.jpg"},"orderable":true,"show_badge":true,"formatted_price":"12,00&nbsp;\u20ac","formatted_published_date":"2 juin 2004","publisher_availability_label":"Sur commande","short_details":"Alix De Fontanges \u2014 \u00c9ditions L'Harmattan","translator":null,"weight":110,"page_count":88,"readership":null,"editor":"\u00c9ditions L'Harmattan","price":1200,"published_date":"2004-06-01T22:00:00.000000Z","support":"Grand format","publisher_availability":1,"stock":0,"editions":[],"url":"https:\/\/quaidesbrumes.com\/ouvrage\/9782747565080\/saturnales-revisitees"},{"id":"9782913040595","title":"Au terme de l'abeille ; illustr\u00e9 de photos et gravure Rougier","description":null,"authors":["Luce Guilbaud"],"category_codes":["1000000","1090000"],"visuals":{"large":"https:\/\/quaidesbrumes.com\/img\/book-placeholder.png","medium":"https:\/\/quaidesbrumes.com\/img\/book-placeholder.png","thumbnail":"https:\/\/quaidesbrumes.com\/img\/book-placeholder.png"},"orderable":true,"show_badge":true,"formatted_price":"7,00&nbsp;\u20ac","formatted_published_date":"1er novembre 2008","publisher_availability_label":"Sur commande","short_details":"Luce Guilbaud \u2014 Atelier Vincent Rougier","translator":null,"weight":45,"page_count":null,"readership":null,"editor":"Atelier Vincent Rougier","price":700,"published_date":"2008-10-31T23:00:00.000000Z","support":"Grand format","publisher_availability":1,"stock":0,"editions":[],"url":"https:\/\/quaidesbrumes.com\/ouvrage\/9782913040595\/au-terme-de-labeille-illustre-de-photos-et-gravure-rougier"},{"id":"9782874590252","title":"Miroirs","description":null,"authors":["Collectif"],"category_codes":["1000000","1090000"],"visuals":{"large":"https:\/\/images.epagine.fr\/252\/9782874590252_1_75.jpg","medium":"https:\/\/images.epagine.fr\/252\/9782874590252_1_m.jpg","thumbnail":"https:\/\/images.epagine.fr\/252\/9782874590252_1_v.jpg"},"orderable":true,"show_badge":true,"formatted_price":"5,71&nbsp;\u20ac","formatted_published_date":"1er novembre 2002","publisher_availability_label":"Sur commande","short_details":"Collectif \u2014 Chloe Des Lys","translator":null,"weight":30,"page_count":null,"readership":null,"editor":"Chloe Des Lys","price":571,"published_date":"2002-10-31T23:00:00.000000Z","support":"Grand format","publisher_availability":1,"stock":0,"editions":[],"url":"https:\/\/quaidesbrumes.com\/ouvrage\/9782874590252\/miroirs"},{"id":"9782913040588","title":"Papillotes sans chocolats Tome 2","description":null,"authors":["Jo\u00ebl Bastard"],"category_codes":["1000000","1090000"],"visuals":{"large":"https:\/\/quaidesbrumes.com\/img\/book-placeholder.png","medium":"https:\/\/quaidesbrumes.com\/img\/book-placeholder.png","thumbnail":"https:\/\/quaidesbrumes.com\/img\/book-placeholder.png"},"orderable":true,"show_badge":true,"formatted_price":"7,00&nbsp;\u20ac","formatted_published_date":"1er septembre 2008","publisher_availability_label":"Sur commande","short_details":"Jo\u00ebl Bastard \u2014 Atelier Vincent Rougier","translator":null,"weight":40,"page_count":null,"readership":null,"editor":"Atelier Vincent Rougier","price":700,"published_date":"2008-08-31T22:00:00.000000Z","support":"Grand format","publisher_availability":1,"stock":0,"editions":[],"url":"https:\/\/quaidesbrumes.com\/ouvrage\/9782913040588\/papillotes-sans-chocolats-tome-2"},{"id":"9782913040571","title":"Doroth\u00e9e lyrique","description":null,"authors":["Yves Cleirec"],"category_codes":["1000000","1090000"],"visuals":{"large":"https:\/\/quaidesbrumes.com\/img\/book-placeholder.png","medium":"https:\/\/quaidesbrumes.com\/img\/book-placeholder.png","thumbnail":"https:\/\/quaidesbrumes.com\/img\/book-placeholder.png"},"orderable":true,"show_badge":true,"formatted_price":"7,00&nbsp;\u20ac","formatted_published_date":"1er juillet 2008","publisher_availability_label":"Sur commande","short_details":"Yves Cleirec \u2014 Atelier Vincent Rougier","translator":null,"weight":40,"page_count":null,"readership":null,"editor":"Atelier Vincent Rougier","price":700,"published_date":"2008-06-30T22:00:00.000000Z","support":"Grand format","publisher_availability":1,"stock":0,"editions":[],"url":"https:\/\/quaidesbrumes.com\/ouvrage\/9782913040571\/dorothee-lyrique"},{"id":"9782913040564","title":"Une id\u00e9e de jardin \u00e0 Beyrouth","description":null,"authors":["James Sacr\u00e9"],"category_codes":["1000000","1090000"],"visuals":{"large":"https:\/\/quaidesbrumes.com\/img\/book-placeholder.png","medium":"https:\/\/quaidesbrumes.com\/img\/book-placeholder.png","thumbnail":"https:\/\/quaidesbrumes.com\/img\/book-placeholder.png"},"orderable":true,"show_badge":true,"formatted_price":"7,00&nbsp;\u20ac","formatted_published_date":"1er mai 2008","publisher_availability_label":"Sur commande","short_details":"James Sacr\u00e9 \u2014 Atelier Vincent Rougier","translator":null,"weight":45,"page_count":null,"readership":null,"editor":"Atelier Vincent Rougier","price":700,"published_date":"2008-04-30T22:00:00.000000Z","support":"Grand format","publisher_availability":1,"stock":0,"editions":[],"url":"https:\/\/quaidesbrumes.com\/ouvrage\/9782913040564\/une-idee-de-jardin-a-beyrouth"},{"id":"9782913040557","title":"Suite am\u00e8re","description":null,"authors":["Mathieu B\u00e9n\u00e9zet"],"category_codes":["1000000","1090000"],"visuals":{"large":"https:\/\/quaidesbrumes.com\/img\/book-placeholder.png","medium":"https:\/\/quaidesbrumes.com\/img\/book-placeholder.png","thumbnail":"https:\/\/quaidesbrumes.com\/img\/book-placeholder.png"},"orderable":true,"show_badge":true,"formatted_price":"7,00&nbsp;\u20ac","formatted_published_date":"1er mars 2008","publisher_availability_label":"Sur commande","short_details":"Mathieu B\u00e9n\u00e9zet \u2014 Atelier Vincent Rougier","translator":null,"weight":45,"page_count":null,"readership":null,"editor":"Atelier Vincent Rougier","price":700,"published_date":"2008-02-29T23:00:00.000000Z","support":"Grand format","publisher_availability":1,"stock":0,"editions":[],"url":"https:\/\/quaidesbrumes.com\/ouvrage\/9782913040557\/suite-amere"},{"id":"9782913040540","title":"Apatride v\u00e9rit\u00e9","description":null,"authors":["Anne-Lise Blanchard"],"category_codes":["1000000","1090000"],"visuals":{"large":"https:\/\/quaidesbrumes.com\/img\/book-placeholder.png","medium":"https:\/\/quaidesbrumes.com\/img\/book-placeholder.png","thumbnail":"https:\/\/quaidesbrumes.com\/img\/book-placeholder.png"},"orderable":true,"show_badge":true,"formatted_price":"7,00&nbsp;\u20ac","formatted_published_date":"1er janvier 2008","publisher_availability_label":"Sur commande","short_details":"Anne-Lise Blanchard \u2014 Atelier Vincent Rougier","translator":null,"weight":45,"page_count":null,"readership":null,"editor":"Atelier Vincent Rougier","price":700,"published_date":"2007-12-31T23:00:00.000000Z","support":"Grand format","publisher_availability":1,"stock":0,"editions":[],"url":"https:\/\/quaidesbrumes.com\/ouvrage\/9782913040540\/apatride-verite"},{"id":"9782913040533","title":"D\u00e9plier l'hymen","description":null,"authors":["R\u00e9gine Detambel"],"category_codes":["1000000","1090000"],"visuals":{"large":"https:\/\/quaidesbrumes.com\/img\/book-placeholder.png","medium":"https:\/\/quaidesbrumes.com\/img\/book-placeholder.png","thumbnail":"https:\/\/quaidesbrumes.com\/img\/book-placeholder.png"},"orderable":true,"show_badge":true,"formatted_price":"7,00&nbsp;\u20ac","formatted_published_date":"1er novembre 2007","publisher_availability_label":"Sur commande","short_details":"R\u00e9gine Detambel \u2014 Atelier Vincent Rougier","translator":null,"weight":45,"page_count":null,"readership":null,"editor":"Atelier Vincent Rougier","price":700,"published_date":"2007-10-31T23:00:00.000000Z","support":"Grand format","publisher_availability":1,"stock":0,"editions":[],"url":"https:\/\/quaidesbrumes.com\/ouvrage\/9782913040533\/deplier-lhymen"}]}