{"data":[{"id":"9782296056336","title":"Testament de Tchicaya U Tam'Si","description":"Testament de Tchicaya U Tam'Si s'inscrit dans l'orientation m\u00e9thodologique d'une lecture linguistique de la po\u00e9sie. En effet, sur la base de relev\u00e9s et d'analyses men\u00e9s avec un esprit de minutie, par un bon maniement des concepts analytiques de l'\u00e9tude litt\u00e9raire appliqu\u00e9e \u00e0 la po\u00e9sie, Maurie AMURI Mpala-Lutebele a judicieusement su \"rendre compte\" de l'\u00e9criture po\u00e9tique de Tchicaya U Tam'Si pour avoir acc\u00e8s aux \"valeurs\" qu'elle l\u00e8gue \u00e0 l'Homme\r","authors":["Maurice Amuri Mpala-Lutebele"],"category_codes":["1000000","1090000"],"visuals":{"large":"https:\/\/images.epagine.fr\/336\/9782296056336_1_75.jpg","medium":"https:\/\/images.epagine.fr\/336\/9782296056336_1_m.jpg","thumbnail":"https:\/\/images.epagine.fr\/336\/9782296056336_1_v.jpg"},"orderable":true,"show_badge":true,"formatted_price":"27,00&nbsp;\u20ac","formatted_published_date":"16 avril 2008","publisher_availability_label":"Sur commande","short_details":"Maurice Amuri Mpala-Lutebele \u2014 \u00c9ditions L'Harmattan","translator":null,"weight":370,"page_count":260,"readership":null,"editor":"\u00c9ditions L'Harmattan","price":2700,"published_date":"2008-04-15T22:00:00.000000Z","support":"Grand format","publisher_availability":1,"stock":0,"editions":[],"url":"https:\/\/quaidesbrumes.com\/ouvrage\/9782296056336\/testament-de-tchicaya-u-tamsi"},{"id":"9782849540916","title":"Ecrit dans les marges du silence","description":"... au devant de mes mots, le po\u00e8me avait mis la main dans la mangrove d'\u00e9criture, fouillant entre les racines, tout un r\u00e9seau complexe, quand le silence \u00e0 l'entr\u00e9e de son g\u00eete, vint le le mordre l\u00e0 o\u00f9 la Langue fait mal...\r","authors":["Lethurgez Maurice 2"],"category_codes":["1000000","1090000"],"visuals":{"large":"https:\/\/quaidesbrumes.com\/img\/book-placeholder.png","medium":"https:\/\/quaidesbrumes.com\/img\/book-placeholder.png","thumbnail":"https:\/\/quaidesbrumes.com\/img\/book-placeholder.png"},"orderable":true,"show_badge":true,"formatted_price":"13,50&nbsp;\u20ac","formatted_published_date":"5 mai 2010","publisher_availability_label":"Sur commande","short_details":"Lethurgez Maurice 2 \u2014 Chemins De Plume","translator":null,"weight":120,"page_count":null,"readership":null,"editor":"Chemins De Plume","price":1350,"published_date":"2010-05-04T22:00:00.000000Z","support":"Grand format","publisher_availability":1,"stock":0,"editions":[],"url":"https:\/\/quaidesbrumes.com\/ouvrage\/9782849540916\/ecrit-dans-les-marges-du-silence"},{"id":"9791091648066","title":"Des corps transitoires","description":"Icare prit son envol. Il se m\u00e9tamorphosait. D\u00e9sormais c'\u00e9tait une chim\u00e8re, un composite de chair, d'os et de peau, volant au-dessus du grand corps d'eau, \u00e0 coups d'ailes cadenc\u00e9s, ma\u00eetris\u00e9s. La mutation \u00e9tait presque compl\u00e8te et Icare ne pouvait plus, d\u00e9j\u00e0, regretter le sol meuble, terne, de la terre qui l'avait port\u00e9.\r","authors":["Christine Guinard"],"category_codes":["1000000","1090000"],"visuals":{"large":"https:\/\/images.epagine.fr\/066\/9791091648066_1_75.jpg","medium":"https:\/\/images.epagine.fr\/066\/9791091648066_1_m.jpg","thumbnail":"https:\/\/images.epagine.fr\/066\/9791091648066_1_v.jpg"},"orderable":true,"show_badge":true,"formatted_price":"16,00&nbsp;\u20ac","formatted_published_date":"24 ao\u00fbt 2017","publisher_availability_label":"Sur commande","short_details":"Christine Guinard \u2014 Memoire Vivante","translator":null,"weight":147,"page_count":82,"readership":null,"editor":"Memoire Vivante","price":1600,"published_date":"2017-08-23T22:00:00.000000Z","support":"Grand format","publisher_availability":1,"stock":0,"editions":[],"url":"https:\/\/quaidesbrumes.com\/ouvrage\/9791091648066\/des-corps-transitoires"},{"id":"9782849540909","title":"Le precipice d'etre (textes et photos)","description":null,"authors":["Michel 2 Hezard"],"category_codes":["1000000","1090000"],"visuals":{"large":"https:\/\/quaidesbrumes.com\/img\/book-placeholder.png","medium":"https:\/\/quaidesbrumes.com\/img\/book-placeholder.png","thumbnail":"https:\/\/quaidesbrumes.com\/img\/book-placeholder.png"},"orderable":true,"show_badge":true,"formatted_price":"15,00&nbsp;\u20ac","formatted_published_date":"5 mai 2010","publisher_availability_label":"Sur commande","short_details":"Michel 2 Hezard \u2014 Chemins De Plume","translator":null,"weight":120,"page_count":null,"readership":null,"editor":"Chemins De Plume","price":1500,"published_date":"2010-05-04T22:00:00.000000Z","support":"Grand format","publisher_availability":1,"stock":0,"editions":[],"url":"https:\/\/quaidesbrumes.com\/ouvrage\/9782849540909\/le-precipice-detre-textes-et-photos"},{"id":"9782917228647","title":"Gwerniou kuzhet","description":"Traduction en breton de Jil Penneg du texte de Marie-Jos\u00e9e Christien. Photographies de Yann Champeau.","authors":["Christien M-J."],"category_codes":["1000000","1090000"],"visuals":{"large":"https:\/\/quaidesbrumes.com\/img\/book-placeholder.png","medium":"https:\/\/quaidesbrumes.com\/img\/book-placeholder.png","thumbnail":"https:\/\/quaidesbrumes.com\/img\/book-placeholder.png"},"orderable":true,"show_badge":true,"formatted_price":"29,00&nbsp;\u20ac","formatted_published_date":"23 septembre 2022","publisher_availability_label":"Sur commande","short_details":"Christien M-J. \u2014 Les Editions Sauvages","translator":null,"weight":364,"page_count":null,"readership":null,"editor":"Les Editions Sauvages","price":2900,"published_date":"2022-09-22T22:00:00.000000Z","support":"Grand format","publisher_availability":1,"stock":0,"editions":[],"url":"https:\/\/quaidesbrumes.com\/ouvrage\/9782917228647\/gwerniou-kuzhet"},{"id":"9782848090948","title":"Hommage \u00e0 toutes les nymphes","description":null,"authors":["Collectif"],"category_codes":["1000000","1090000"],"visuals":{"large":"https:\/\/quaidesbrumes.com\/img\/book-placeholder.png","medium":"https:\/\/quaidesbrumes.com\/img\/book-placeholder.png","thumbnail":"https:\/\/quaidesbrumes.com\/img\/book-placeholder.png"},"orderable":true,"show_badge":true,"formatted_price":"12,17&nbsp;\u20ac","formatted_published_date":"4 avril 2008","publisher_availability_label":"Sur commande","short_details":"Collectif \u2014 JOCA SERIA","translator":null,"weight":198,"page_count":64,"readership":null,"editor":"JOCA SERIA","price":1217,"published_date":"2008-04-03T22:00:00.000000Z","support":"Grand format","publisher_availability":1,"stock":0,"editions":[],"url":"https:\/\/quaidesbrumes.com\/ouvrage\/9782848090948\/hommage-a-toutes-les-nymphes"},{"id":"9782296086043","title":"Fulgurance","description":"\"Rebelle en Alg\u00e9rie, po\u00e8te \u00e0 Paris qui dans ses bras l'a pris, cet enfant du pays, happ\u00e9 par la po\u00e9sie, a chant\u00e9 la malvie. Joyeuse enfance, odieuse adolescence, folle jeunesse ; vie d'insouciance, faite de souffrances et de vents de promesses... Images d'un pass\u00e9 lointain o\u00f9 il fallait se lever t\u00f4t pour chercher le savoir, supplier les adultes pour un film au caf\u00e9 du village, avant de supplier, plus tard, d'autres pour un travail d\u00e9cent. Abder a d'abord \u00e9t\u00e9 un r\u00e9ceptacle silencieux pour frustrations avant de devenir un arroseur de mots.\", Khaled Aouimeur, un ami d'enfance.\r","authors":["Abder Zegout"],"category_codes":["1000000","1090000"],"visuals":{"large":"https:\/\/images.epagine.fr\/043\/9782296086043_1_75.jpg","medium":"https:\/\/images.epagine.fr\/043\/9782296086043_1_m.jpg","thumbnail":"https:\/\/images.epagine.fr\/043\/9782296086043_1_v.jpg"},"orderable":true,"show_badge":true,"formatted_price":"12,00&nbsp;\u20ac","formatted_published_date":"17 mars 2009","publisher_availability_label":"Sur commande","short_details":"Abder Zegout \u2014 \u00c9ditions L'Harmattan","translator":null,"weight":130,"page_count":88,"readership":null,"editor":"\u00c9ditions L'Harmattan","price":1200,"published_date":"2009-03-16T23:00:00.000000Z","support":"Grand format","publisher_availability":1,"stock":0,"editions":[],"url":"https:\/\/quaidesbrumes.com\/ouvrage\/9782296086043\/fulgurance"},{"id":"9782874500268","title":"Routes du po\u00e8te","description":null,"authors":["Roger Foulon"],"category_codes":["1000000","1090000"],"visuals":{"large":"https:\/\/images.epagine.fr\/268\/9782874500268_1_75.jpg","medium":"https:\/\/images.epagine.fr\/268\/9782874500268_1_m.jpg","thumbnail":"https:\/\/images.epagine.fr\/268\/9782874500268_1_v.jpg"},"orderable":true,"show_badge":true,"formatted_price":"19,00&nbsp;\u20ac","formatted_published_date":"1er avril 2008","publisher_availability_label":"Sur commande","short_details":"Roger Foulon \u2014 Taillis Pre","translator":null,"weight":310,"page_count":213,"readership":null,"editor":"Taillis Pre","price":1900,"published_date":"2008-03-31T22:00:00.000000Z","support":"Grand format","publisher_availability":1,"stock":0,"editions":[],"url":"https:\/\/quaidesbrumes.com\/ouvrage\/9782874500268\/routes-du-poete"},{"id":"9782914258586","title":"Fronti\u00e8re de l'absence","description":"De l'exil du deuil au silence habit\u00e9. \u00ab Quelque chose comme la duret\u00e9 d\u00b4une pierre, qui fond larme \u00e0 larme Quelque chose qui laisse place \u00e0 une tendresse inconnue \u00bb \r","authors":["Genevi\u00e8ve Bertrand"],"category_codes":["1000000","1090000"],"visuals":{"large":"https:\/\/images.epagine.fr\/586\/9782914258586_1_75.jpg","medium":"https:\/\/images.epagine.fr\/586\/9782914258586_1_m.jpg","thumbnail":"https:\/\/images.epagine.fr\/586\/9782914258586_1_v.jpg"},"orderable":true,"show_badge":true,"formatted_price":"12,00&nbsp;\u20ac","formatted_published_date":"16 septembre 2008","publisher_availability_label":"Sur commande","short_details":"Genevi\u00e8ve Bertrand \u2014 Eclats D'Encre","translator":null,"weight":95,"page_count":null,"readership":null,"editor":"Eclats D'Encre","price":1200,"published_date":"2008-09-15T22:00:00.000000Z","support":"Poche","publisher_availability":1,"stock":0,"editions":[],"url":"https:\/\/quaidesbrumes.com\/ouvrage\/9782914258586\/frontiere-de-labsence"},{"id":"9782849240748","title":"Lettres \u00e0 Sa\u00efda ; au d\u00e9tour des ombres","description":"Selon Jean-Luc Maxence, l'oeuvre de Denis Emorine est \u00ab \u00e9trange et profond\u00e9ment originale \u00bb. D'autres critiques, russes et roumains notamment, consid\u00e8rent cet \u00e9crivain comme un n\u00e9o-romantique dont les sources d'inspiration seraient \u00e0 la fronti\u00e8re de l'\u00e2me slave (il est d'ascendance russe du c\u00f4t\u00e9 paternel) et de la latinit\u00e9. \r\nDans Lettres \u00e0 Sa\u00efda, une dimension nouvelle intervient, celle de l'amiti\u00e9 privil\u00e9gi\u00e9e que le po\u00e8te \u00e9prouve pour la soeur \u00e9lue de son coeur. Il a rencontr\u00e9 Sa\u00efda Oudjoukhou \u00e9tudiante russe en fran\u00e7ais, \u00e0 Moscou en 2005. Pour Emorine, l'amiti\u00e9 est une autre forme d'amour avec ses exigences propres. Ces lettres po\u00e9tiques r\u00e9v\u00e8lent une complicit\u00e9 tendre entre deux \u00eatres \u00e9galement sensibles.\r\nDans Au d\u00e9tour des ombres, les th\u00e8mes sont plus classiques au sens \u00e9morinien du terme. La fascination que l'auteur \u00e9prouve pour le po\u00e8te roumain Ion Radescu, pers\u00e9cut\u00e9 sous le communisme, rejoint le th\u00e8me de la mort qui \u00e9pie chacun de nous. \u00ab Je la hais d'agir lorsqu'elle \u00e9clate sur la vie des autres, ceux qui comptent \u00bb s'exclame Emorine.\r\nAu coeur de ce dernier livre, la qu\u00eate de l'unit\u00e9 reste primordiale. Les mots s'entrechoquent pour donner sens \u00e0 notre vie en essayant de mettre la mort entre parenth\u00e8ses.\r","authors":["Denis Emorine"],"category_codes":["1000000","1090000"],"visuals":{"large":"https:\/\/images.epagine.fr\/748\/9782849240748_1_75.jpg","medium":"https:\/\/images.epagine.fr\/748\/9782849240748_1_m.jpg","thumbnail":"https:\/\/images.epagine.fr\/748\/9782849240748_1_v.jpg"},"orderable":true,"show_badge":true,"formatted_price":"10,00&nbsp;\u20ac","formatted_published_date":"13 mars 2008","publisher_availability_label":"Sur commande","short_details":"Denis Emorine \u2014 Editions Du Cygne","translator":null,"weight":100,"page_count":null,"readership":null,"editor":"Editions Du Cygne","price":1000,"published_date":"2008-03-12T23:00:00.000000Z","support":"Grand format","publisher_availability":1,"stock":0,"editions":[],"url":"https:\/\/quaidesbrumes.com\/ouvrage\/9782849240748\/lettres-a-saida-au-detour-des-ombres"},{"id":"9782849240755","title":"Terre arable","description":"Djalila Dechache donne ici une existence profonde aux instants, aux \u00e9motions, aux \u00eatres (sans jamais pour autant faire acte de souvenir ou de sensiblerie). La phrase est juste, parfois lapidaire, elle s'\u00e9tire en un vocabulaire riche et voluptueux.\r\nCe recueil, alors que d'autres emm\u00e8neraient un peu de terre natale dans un petit sac ou bien quelques semences \u00e0 replanter pour transporter avec eux un peu de leur terre de l\u00e0-bas... au-del\u00e0 des mers, est surtout un t\u00e9moin d'heures sombres et difficiles. \r\nDans Terre arable, textes pour \u00eatre lus \u00e0 haute voix, dits pour soi-m\u00eame, pour autrui, une parole s'affirme pour la seconde fois sur le papier, des mots qui s'enlacent comme d'\u00e9l\u00e9gants calligrammes arabes...\r","authors":["Djalila Dechache"],"category_codes":["1000000","1090000"],"visuals":{"large":"https:\/\/images.epagine.fr\/755\/9782849240755_1_75.jpg","medium":"https:\/\/images.epagine.fr\/755\/9782849240755_1_m.jpg","thumbnail":"https:\/\/images.epagine.fr\/755\/9782849240755_1_v.jpg"},"orderable":true,"show_badge":true,"formatted_price":"10,00&nbsp;\u20ac","formatted_published_date":"13 mars 2008","publisher_availability_label":"Sur commande","short_details":"Djalila Dechache \u2014 Editions Du Cygne","translator":null,"weight":100,"page_count":60,"readership":null,"editor":"Editions Du Cygne","price":1000,"published_date":"2008-03-12T23:00:00.000000Z","support":"Grand format","publisher_availability":1,"stock":0,"editions":[],"url":"https:\/\/quaidesbrumes.com\/ouvrage\/9782849240755\/terre-arable"},{"id":"9782956263777","title":"Artaud et les constellations","description":"La po\u00e9sie n'est plus un concept suffisant pour d\u00e9finir l'aventure qui commence avec elle, \u00e9crit Alain Jouffroy en cl\u00f4turant sa pr\u00e9face de L'Ombilic des limbes. Artaud et les constellations est une approche po\u00e9tique et sensible d'un \u00e9crivain majeur du XX\u00e8me si\u00e8cle. Ce corps malade, malade d'une effroyable maladie de l'esprit, plus que tout autre aura su r\u00e9inventer la po\u00e9sie - faisant d'elle une activit\u00e9 mentale dont l'objet d\u00e9passe et domine l'oeuvre \u00e9crite - comme le souligne l'auteur du Manifeste de la po\u00e9sie v\u00e9cue.","authors":["Jean-pierre V\u00e9drines"],"category_codes":["1000000","1090000","1090600"],"visuals":{"large":"https:\/\/images.epagine.fr\/777\/9782956263777_1_75.jpg","medium":"https:\/\/images.epagine.fr\/777\/9782956263777_1_m.jpg","thumbnail":"https:\/\/images.epagine.fr\/777\/9782956263777_1_v.jpg"},"orderable":true,"show_badge":true,"formatted_price":"13,00&nbsp;\u20ac","formatted_published_date":"20 juin 2022","publisher_availability_label":"Sur commande","short_details":"Jean-pierre V\u00e9drines \u2014 Editions Des Deux Rues","translator":null,"weight":90,"page_count":null,"readership":null,"editor":"Editions Des Deux Rues","price":1300,"published_date":"2022-06-19T22:00:00.000000Z","support":"Grand format","publisher_availability":1,"stock":0,"editions":[],"url":"https:\/\/quaidesbrumes.com\/ouvrage\/9782956263777\/artaud-et-les-constellations"},{"id":"9782332809087","title":"Dis-moi, petit papa, dis-moi le bleu du ciel !","description":"Voir \u00e0 travers les yeux de l'autre, c'est souvent la plus s\u00fbre mani\u00e8re de percevoir la r\u00e9alit\u00e9 du monde. \"On ne voit bien qu'avec le coeur, l'essentiel est invisible pour les yeux\", disait le renard au Petit Prince dans un conte qui nous a tous enchant\u00e9s. Les richesses les plus inexprimables sont celles qui irradient des provinces de l'\u00e2me.\r","authors":["Jean Adloff"],"category_codes":["1000000","1090000"],"visuals":{"large":"https:\/\/images.epagine.fr\/087\/9782332809087_1_75.jpg","medium":"https:\/\/images.epagine.fr\/087\/9782332809087_1_m.jpg","thumbnail":"https:\/\/images.epagine.fr\/087\/9782332809087_1_v.jpg"},"orderable":true,"show_badge":true,"formatted_price":"8,00&nbsp;\u20ac","formatted_published_date":"18 septembre 2014","publisher_availability_label":"Sur commande","short_details":"Jean Adloff \u2014 Edilivre","translator":null,"weight":30,"page_count":14,"readership":null,"editor":"Edilivre","price":800,"published_date":"2014-09-17T22:00:00.000000Z","support":"Poche","publisher_availability":1,"stock":0,"editions":[],"url":"https:\/\/quaidesbrumes.com\/ouvrage\/9782332809087\/dis-moi-petit-papa-dis-moi-le-bleu-du-ciel"},{"id":"9782738452931","title":"Eclipse d'\u00e9toiles","description":null,"authors":["Kama Sywor Kamanda"],"category_codes":["9000000","9120000","9120200"],"visuals":{"large":"https:\/\/images.epagine.fr\/931\/9782738452931_1_75.jpg","medium":"https:\/\/images.epagine.fr\/931\/9782738452931_1_m.jpg","thumbnail":"https:\/\/images.epagine.fr\/931\/9782738452931_1_v.jpg"},"orderable":true,"show_badge":true,"formatted_price":"22,50&nbsp;\u20ac","formatted_published_date":"3 mai 2000","publisher_availability_label":"Sur commande","short_details":"Kama Sywor Kamanda \u2014 \u00c9ditions L'Harmattan","translator":null,"weight":322,"page_count":242,"readership":null,"editor":"\u00c9ditions L'Harmattan","price":2250,"published_date":"2000-05-02T22:00:00.000000Z","support":"Grand format","publisher_availability":1,"stock":0,"editions":[],"url":"https:\/\/quaidesbrumes.com\/ouvrage\/9782738452931\/eclipse-detoiles"},{"id":"9782849215555","title":"Sur la ligne du temps caboss\u00e9","description":"Sur la ligne du temps caboss\u00e9 D\u00e8s minuit viendra le repos \u00e9ternel Le temps sugg\u00e9r\u00e9 des endormissements Sous un tambour de gr\u00ealons Sous la cro\u00fbte d'hier Quand l'\u00e9chine ploiera Je me risquerai sans mesure Capara\u00e7onn\u00e9e \u00e0 l'ombre des vers Je ne prendrai pas une ride Je pourrai, moi, vieux bol \u00e9br\u00e9ch\u00e9 Ne pas \u00eatre sage Accrocher aux bosses des nuages L'ourlet de mer Agiter dans les entrelacs Des instants au tain de lune Chut... !\r\nEt si les bouloches piquent sous le feu Mes aiguilles feront jouer leur cliquetis La main sur le trottoir\r","authors":["V\u00e9ronique P\u00e9dr\u00e9ro"],"category_codes":["1000000","1090000","1090600"],"visuals":{"large":"https:\/\/images.epagine.fr\/555\/9782849215555_1_75.jpg","medium":"https:\/\/images.epagine.fr\/555\/9782849215555_1_m.jpg","thumbnail":"https:\/\/images.epagine.fr\/555\/9782849215555_1_v.jpg"},"orderable":true,"show_badge":true,"formatted_price":"10,00&nbsp;\u20ac","formatted_published_date":"19 f\u00e9vrier 2021","publisher_availability_label":"Sur commande","short_details":"V\u00e9ronique P\u00e9dr\u00e9ro \u2014 Editions Thot","translator":null,"weight":112,"page_count":76,"readership":null,"editor":"Editions Thot","price":1000,"published_date":"2021-02-18T23:00:00.000000Z","support":"Grand format","publisher_availability":1,"stock":0,"editions":[],"url":"https:\/\/quaidesbrumes.com\/ouvrage\/9782849215555\/sur-la-ligne-du-temps-cabosse"},{"id":"9782378277192","title":"Gravitations","description":"Ce que j'ai tent\u00e9 de faire, je crois, c'est d'aller au nerf, aux tripes, au vrombissement essentiel. J'ai essay\u00e9 de retranscrire ma r\u00e9alit\u00e9 avec le plus de justesse possible. Ces textes sont les jaillissements articul\u00e9s d'une angoisse polymorphe qui sous-tendait tout principe de d\u00e9sir et d'aversion chez moi et qui, existant aussi intens\u00e9ment par sa pr\u00e9sence que par son absence dans le champ de ma conscience, avait comme assi\u00e9g\u00e9 cette derni\u00e8re, me condamnant \u00e0 un pr\u00e9sent \u00e9quivoque, duquel j'ai essay\u00e9 d'extraire le plus de beaut\u00e9, comme pour m'en consoler.\r\nAinsi, la lourdeur de vivre - th\u00e8me malgr\u00e9 tout central - s'entrem\u00eale \u00e0 quelques notes d'humour, de d\u00e9sinvoltures et d'amour aussi bien charnel que mystique, le tout quelquefois ponctu\u00e9 par une once d'autod\u00e9rision. Mais qu'on ne s'y trompe pas : la multiplicit\u00e9 du cri n'en estompe pas pour autant la nature d\u00e9chirante. V.N","authors":["Vincent Nacthigal"],"category_codes":["1000000","1090000"],"visuals":{"large":"https:\/\/images.epagine.fr\/192\/9782378277192_1_75.jpg","medium":"https:\/\/images.epagine.fr\/192\/9782378277192_1_m.jpg","thumbnail":"https:\/\/images.epagine.fr\/192\/9782378277192_1_v.jpg"},"orderable":true,"show_badge":true,"formatted_price":"11,00&nbsp;\u20ac","formatted_published_date":"24 f\u00e9vrier 2023","publisher_availability_label":"Sur commande","short_details":"Vincent Nacthigal \u2014 SPINELLE","translator":null,"weight":130,"page_count":76,"readership":null,"editor":"SPINELLE","price":1100,"published_date":"2023-02-23T23:00:00.000000Z","support":"Grand format","publisher_availability":1,"stock":0,"editions":[],"url":"https:\/\/quaidesbrumes.com\/ouvrage\/9782378277192\/gravitations"},{"id":"9782749805696","title":"Pianistes d'aujourd'hui","description":null,"authors":["Collectif"],"category_codes":["1000000","1090000"],"visuals":{"large":"https:\/\/quaidesbrumes.com\/img\/book-placeholder.png","medium":"https:\/\/quaidesbrumes.com\/img\/book-placeholder.png","thumbnail":"https:\/\/quaidesbrumes.com\/img\/book-placeholder.png"},"orderable":true,"show_badge":true,"formatted_price":"8,00&nbsp;\u20ac","formatted_published_date":"8 ao\u00fbt 2005","publisher_availability_label":"Sur commande","short_details":"Collectif \u2014 Avant sc\u00e8ne th\u00e9\u00e2tre","translator":null,"weight":0,"page_count":null,"readership":null,"editor":"Avant sc\u00e8ne th\u00e9\u00e2tre","price":800,"published_date":"2005-08-07T22:00:00.000000Z","support":"Revue","publisher_availability":1,"stock":0,"editions":[],"url":"https:\/\/quaidesbrumes.com\/ouvrage\/9782749805696\/pianistes-daujourdhui"},{"id":"9782296036499","title":"M\u00e9ditations et larmes d'ambre ; fragment de vitrail po\u00e9tique","description":"Apr\u00e8s ses trois premiers recueils - deux consacr\u00e9s \u00e0 la Palestine et un \u00e0 la M\u00e9diterran\u00e9e- l'auteur nous guide, au fil des pages du recueil dans le labyrinthe de ses m\u00e9ditations : univers myst\u00e9rieux par\u00e9 des couleurs d'un vitrail au cr\u00e9puscule.\r","authors":["Daniele Ouanes"],"category_codes":["1000000","1090000"],"visuals":{"large":"https:\/\/images.epagine.fr\/499\/9782296036499_1_75.jpg","medium":"https:\/\/images.epagine.fr\/499\/9782296036499_1_m.jpg","thumbnail":"https:\/\/images.epagine.fr\/499\/9782296036499_1_v.jpg"},"orderable":true,"show_badge":true,"formatted_price":"12,00&nbsp;\u20ac","formatted_published_date":"25 juin 2007","publisher_availability_label":"Sur commande","short_details":"Daniele Ouanes \u2014 \u00c9ditions L'Harmattan","translator":null,"weight":150,"page_count":103,"readership":null,"editor":"\u00c9ditions L'Harmattan","price":1200,"published_date":"2007-06-24T22:00:00.000000Z","support":"Grand format","publisher_availability":1,"stock":0,"editions":[],"url":"https:\/\/quaidesbrumes.com\/ouvrage\/9782296036499\/meditations-et-larmes-dambre-fragment-de-vitrail-poetique"},{"id":"9782355770616","title":"Tombeaux perdus","description":null,"authors":["Patrick Dubost"],"category_codes":["1000000","1090000"],"visuals":{"large":"https:\/\/quaidesbrumes.com\/img\/book-placeholder.png","medium":"https:\/\/quaidesbrumes.com\/img\/book-placeholder.png","thumbnail":"https:\/\/quaidesbrumes.com\/img\/book-placeholder.png"},"orderable":true,"show_badge":true,"formatted_price":"14,00&nbsp;\u20ac","formatted_published_date":"13 septembre 2014","publisher_availability_label":"Sur commande","short_details":"Patrick Dubost \u2014 La Rumeur Libre","translator":null,"weight":110,"page_count":null,"readership":null,"editor":"La Rumeur Libre","price":1400,"published_date":"2014-09-12T22:00:00.000000Z","support":"Grand format","publisher_availability":1,"stock":0,"editions":[],"url":"https:\/\/quaidesbrumes.com\/ouvrage\/9782355770616\/tombeaux-perdus"},{"id":"9782019996130","title":"Po\u00e8mes","description":"Po\u00e8mes \/ Oscar Wilde ; trad. [de l'anglais] et pr\u00e9f. par Albert Savine\r\nDate de l'\u00e9dition originale : 1907\r\nCollection : Biblioth\u00e8que cosmopolite ; 21Contient une table des mati\u00e8res\r\n\r\nLe pr\u00e9sent ouvrage s'inscrit dans une politique de conservation patrimoniale des ouvrages de la litt\u00e9rature Fran\u00e7aise mise en place avec la BNF. \r\nHACHETTE LIVRE et la BNF proposent ainsi un catalogue de titres indisponibles, la BNF ayant num\u00e9ris\u00e9 ces oeuvres et HACHETTE LIVRE les imprimant \u00e0 la demande. \r\nCertains de ces ouvrages refl\u00e8tent des courants de pens\u00e9e caract\u00e9ristiques  de leur \u00e9poque, mais qui seraient aujourd'hui jug\u00e9s condamnables. \r\nIls n'en appartiennent pas moins \u00e0 l'histoire des id\u00e9es en France et sont susceptibles de pr\u00e9senter un int\u00e9r\u00eat scientifique ou historique. \r\nLe sens de notre d\u00e9marche \u00e9ditoriale consiste ainsi \u00e0 permettre l'acc\u00e8s \u00e0 ces oeuvres sans pour autant que nous en cautionnions en aucune fa\u00e7on le contenu. \r\nPour plus d'informations, rendez-vous sur www.hachettebnf.fr","authors":["Oscar Wilde"],"category_codes":["1000000","1010000"],"visuals":{"large":"https:\/\/images.epagine.fr\/130\/9782019996130_1_75.jpg","medium":"https:\/\/images.epagine.fr\/130\/9782019996130_1_m.jpg","thumbnail":"https:\/\/images.epagine.fr\/130\/9782019996130_1_v.jpg"},"orderable":true,"show_badge":true,"formatted_price":"24,00&nbsp;\u20ac","formatted_published_date":"1er mars 2018","publisher_availability_label":"Sur commande","short_details":"Oscar Wilde \u2014 Hachette BNF","translator":null,"weight":457,"page_count":324,"readership":null,"editor":"Hachette BNF","price":2400,"published_date":"2018-02-28T23:00:00.000000Z","support":"Grand format","publisher_availability":1,"stock":0,"editions":["9783734009549","9783734009556","9791041998531","9783849128876","9783849139872"],"url":"https:\/\/quaidesbrumes.com\/ouvrage\/9782019996130\/poemes"},{"id":"9782232102158","title":"De la page et de l'oubli po\u00e9sie 89","description":null,"authors":["Roger Dextre"],"category_codes":["1000000","1090000"],"visuals":{"large":"https:\/\/quaidesbrumes.com\/img\/book-placeholder.png","medium":"https:\/\/quaidesbrumes.com\/img\/book-placeholder.png","thumbnail":"https:\/\/quaidesbrumes.com\/img\/book-placeholder.png"},"orderable":true,"show_badge":true,"formatted_price":"16,00&nbsp;\u20ac","formatted_published_date":"6 f\u00e9vrier 1989","publisher_availability_label":"Sur commande","short_details":"Roger Dextre \u2014 Seghers","translator":null,"weight":155,"page_count":null,"readership":null,"editor":"Seghers","price":1600,"published_date":"1989-02-05T23:00:00.000000Z","support":"Grand format","publisher_availability":1,"stock":0,"editions":[],"url":"https:\/\/quaidesbrumes.com\/ouvrage\/9782232102158\/de-la-page-et-de-loubli-poesie-89"},{"id":"9782354852856","title":"Corymbes","description":null,"authors":["Martine Cotin"],"category_codes":["1000000","1090000"],"visuals":{"large":"https:\/\/quaidesbrumes.com\/img\/book-placeholder.png","medium":"https:\/\/quaidesbrumes.com\/img\/book-placeholder.png","thumbnail":"https:\/\/quaidesbrumes.com\/img\/book-placeholder.png"},"orderable":true,"show_badge":true,"formatted_price":"18,00&nbsp;\u20ac","formatted_published_date":"31 janvier 2012","publisher_availability_label":"Sur commande","short_details":"Martine Cotin \u2014 JETS D'ENCRE","translator":null,"weight":250,"page_count":null,"readership":null,"editor":"JETS D'ENCRE","price":1800,"published_date":"2012-01-30T23:00:00.000000Z","support":"Grand format","publisher_availability":1,"stock":0,"editions":[],"url":"https:\/\/quaidesbrumes.com\/ouvrage\/9782354852856\/corymbes"},{"id":"9782322242344","title":"Balade dans mon imaginaire","description":"Promenade dans mon imaginaire textes ecrits au cours d'un atelier d'\u00e9criture\r","authors":["Bernard Brunstein"],"category_codes":["1000000","1090000"],"visuals":{"large":"https:\/\/images.epagine.fr\/344\/9782322242344_1_75.jpg","medium":"https:\/\/images.epagine.fr\/344\/9782322242344_1_m.jpg","thumbnail":"https:\/\/images.epagine.fr\/344\/9782322242344_1_v.jpg"},"orderable":true,"show_badge":true,"formatted_price":"14,99&nbsp;\u20ac","formatted_published_date":"11 septembre 2020","publisher_availability_label":"Sur commande","short_details":"Bernard Brunstein \u2014 Books on Demand","translator":null,"weight":401,"page_count":36,"readership":null,"editor":"Books on Demand","price":1499,"published_date":"2020-09-10T22:00:00.000000Z","support":"Grand format","publisher_availability":1,"stock":0,"editions":[],"url":"https:\/\/quaidesbrumes.com\/ouvrage\/9782322242344\/balade-dans-mon-imaginaire"},{"id":"9782296024236","title":"Des \u00eatres au miroir","description":"Ce recueil est n\u00e9 d'une \"Photo-M\u00e8re\", comme la s\u00e9rie photographique homonyme, car Ariane Dala\u00efe est aussi photographe. Le temps joue un r\u00f4le quasi musical, son rythme intimement associ\u00e9 \u00e0 la respiration, au souffle le plus infime ou le plus haletant.\r","authors":["Ariane Dala\u00efe"],"category_codes":["1000000","1090000"],"visuals":{"large":"https:\/\/images.epagine.fr\/236\/9782296024236_1_75.jpg","medium":"https:\/\/images.epagine.fr\/236\/9782296024236_1_m.jpg","thumbnail":"https:\/\/images.epagine.fr\/236\/9782296024236_1_v.jpg"},"orderable":true,"show_badge":true,"formatted_price":"10,00&nbsp;\u20ac","formatted_published_date":"2 janvier 2007","publisher_availability_label":"Sur commande","short_details":"Ariane Dala\u00efe \u2014 \u00c9ditions L'Harmattan","translator":null,"weight":68,"page_count":46,"readership":null,"editor":"\u00c9ditions L'Harmattan","price":1000,"published_date":"2007-01-01T23:00:00.000000Z","support":"Grand format","publisher_availability":1,"stock":0,"editions":[],"url":"https:\/\/quaidesbrumes.com\/ouvrage\/9782296024236\/des-etres-au-miroir"}]}