{"data":[{"id":"9782930231471","title":"La comptine du temps","description":null,"authors":["De Clerck Jacqueline"],"category_codes":["1000000","1090000"],"visuals":{"large":"https:\/\/images.epagine.fr\/471\/9782930231471_1_75.jpg","medium":"https:\/\/images.epagine.fr\/471\/9782930231471_1_m.jpg","thumbnail":"https:\/\/images.epagine.fr\/471\/9782930231471_1_v.jpg"},"orderable":true,"show_badge":true,"formatted_price":"15,00&nbsp;\u20ac","formatted_published_date":"19 avril 1994","publisher_availability_label":"Sur commande","short_details":"De Clerck Jacqueline \u2014 Cormier","translator":null,"weight":171,"page_count":62,"readership":null,"editor":"Cormier","price":1500,"published_date":"1994-04-18T22:00:00.000000Z","support":"Grand format","publisher_availability":1,"stock":0,"editions":[],"url":"https:\/\/quaidesbrumes.com\/ouvrage\/9782930231471\/la-comptine-du-temps"},{"id":"9791090536142","title":"Croquis d'instants","description":null,"authors":["Andraud Lassa Odette"],"category_codes":["1000000","1090000","1090600"],"visuals":{"large":"https:\/\/quaidesbrumes.com\/img\/book-placeholder.png","medium":"https:\/\/quaidesbrumes.com\/img\/book-placeholder.png","thumbnail":"https:\/\/quaidesbrumes.com\/img\/book-placeholder.png"},"orderable":true,"show_badge":true,"formatted_price":"5,00&nbsp;\u20ac","formatted_published_date":"3 avril 2015","publisher_availability_label":"Sur commande","short_details":"Andraud Lassa Odette \u2014 Musimot","translator":null,"weight":22,"page_count":null,"readership":null,"editor":"Musimot","price":500,"published_date":"2015-04-02T22:00:00.000000Z","support":"Grand format","publisher_availability":1,"stock":0,"editions":[],"url":"https:\/\/quaidesbrumes.com\/ouvrage\/9791090536142\/croquis-dinstants"},{"id":"9782930231495","title":"Fragments oubli\u00e9s du visage","description":null,"authors":["Defgnee Michel"],"category_codes":["1000000","1090000"],"visuals":{"large":"https:\/\/images.epagine.fr\/495\/9782930231495_1_75.jpg","medium":"https:\/\/images.epagine.fr\/495\/9782930231495_1_m.jpg","thumbnail":"https:\/\/images.epagine.fr\/495\/9782930231495_1_v.jpg"},"orderable":true,"show_badge":true,"formatted_price":"12,00&nbsp;\u20ac","formatted_published_date":"19 septembre 1998","publisher_availability_label":"Sur commande","short_details":"Defgnee Michel \u2014 Cormier","translator":null,"weight":121,"page_count":43,"readership":null,"editor":"Cormier","price":1200,"published_date":"1998-09-18T22:00:00.000000Z","support":"Grand format","publisher_availability":1,"stock":0,"editions":[],"url":"https:\/\/quaidesbrumes.com\/ouvrage\/9782930231495\/fragments-oublies-du-visage"},{"id":"9782930231136","title":"Gibier de nuit","description":null,"authors":["Luc Dellisse"],"category_codes":["1000000","1090000"],"visuals":{"large":"https:\/\/quaidesbrumes.com\/img\/book-placeholder.png","medium":"https:\/\/quaidesbrumes.com\/img\/book-placeholder.png","thumbnail":"https:\/\/quaidesbrumes.com\/img\/book-placeholder.png"},"orderable":true,"show_badge":true,"formatted_price":"15,00&nbsp;\u20ac","formatted_published_date":"20 f\u00e9vrier 2000","publisher_availability_label":"Sur commande","short_details":"Luc Dellisse \u2014 Cormier","translator":null,"weight":103,"page_count":50,"readership":null,"editor":"Cormier","price":1500,"published_date":"2000-02-19T23:00:00.000000Z","support":"Grand format","publisher_availability":1,"stock":0,"editions":[],"url":"https:\/\/quaidesbrumes.com\/ouvrage\/9782930231136\/gibier-de-nuit"},{"id":"9782140329531","title":"Siggil\u00e8ne","description":"Siggil\u00e8ne (\u00ab Relevez-vous \u00bb, en langue wolof), c'est l'invite d'un auteur \u00e0 une prise de conscience, \u00e0 une prise de parole et \u00e0 la concr\u00e9tisation d'actes pour pr\u00e9server la dignit\u00e9, l'humanit\u00e9 et la cr\u00e9ativit\u00e9. \u00c0 travers une po\u00e9sie franche et rythm\u00e9e, Ibrahima Amadou Niang nous interpelle sur le sens de la vie, la place des souvenirs et de l'imaginaire dans la construction de l'Homme, l'indulgence envers soi-m\u00eame, le pouvoir de la nature et le caract\u00e8re relatif du bonheur. Il nous invite \u00e0 garder la t\u00eate haute pour dominer nos peurs et nos faiblesses et nous encourage \u00e0 gagner nos batailles int\u00e9rieures en \u00ab apprivoisant nos d\u00e9mons \u00bb, \u00ab en r\u00e9veillant nos r\u00eaves les plus fous \u00bb et en vivant avec une \u00ab passion orange \u00bb.","authors":["Ibrahima Amadou Niang"],"category_codes":["1000000","1090000","1090600"],"visuals":{"large":"https:\/\/images.epagine.fr\/531\/9782140329531_1_75.jpg","medium":"https:\/\/images.epagine.fr\/531\/9782140329531_1_m.jpg","thumbnail":"https:\/\/images.epagine.fr\/531\/9782140329531_1_v.jpg"},"orderable":true,"show_badge":true,"formatted_price":"11,00&nbsp;\u20ac","formatted_published_date":"1er f\u00e9vrier 2023","publisher_availability_label":"Sur commande","short_details":"Ibrahima Amadou Niang \u2014 \u00c9ditions L'Harmattan","translator":null,"weight":108,"page_count":78,"readership":null,"editor":"\u00c9ditions L'Harmattan","price":1100,"published_date":"2023-01-31T23:00:00.000000Z","support":"Grand format","publisher_availability":1,"stock":0,"editions":[],"url":"https:\/\/quaidesbrumes.com\/ouvrage\/9782140329531\/siggilene"},{"id":"9782296084469","title":"La chambre des hommes","description":null,"authors":["Patrick Berta forgas"],"category_codes":["1000000","1090000"],"visuals":{"large":"https:\/\/images.epagine.fr\/469\/9782296084469_1_75.jpg","medium":"https:\/\/images.epagine.fr\/469\/9782296084469_1_m.jpg","thumbnail":"https:\/\/images.epagine.fr\/469\/9782296084469_1_v.jpg"},"orderable":true,"show_badge":true,"formatted_price":"12,00&nbsp;\u20ac","formatted_published_date":"20 avril 2009","publisher_availability_label":"Sur commande","short_details":"Patrick Berta forgas \u2014 \u00c9ditions L'Harmattan","translator":null,"weight":138,"page_count":98,"readership":null,"editor":"\u00c9ditions L'Harmattan","price":1200,"published_date":"2009-04-19T22:00:00.000000Z","support":"Grand format","publisher_availability":1,"stock":0,"editions":[],"url":"https:\/\/quaidesbrumes.com\/ouvrage\/9782296084469\/la-chambre-des-hommes"},{"id":"9782354850944","title":"Les ailes au coeur","description":"Apr\u00e8s son premier recueil de po\u00e9sies \u00ab Et si tu n'existais pas ? \u00bb, qui d\u00e9nonce l'illusion du Prince Charmant, Melissa-May April aborde ici, avec la justesse et la sensibilit\u00e9 qui caract\u00e9risent son \u00e9criture, la difficile reconstruction de soi gr\u00e2ce \u00e0 l'amour et transmet un formidable espoir \u00e0 tous ceux que l'amour a un jour bless\u00e9s - voire d\u00e9truits.\r","authors":["Melissa-may April"],"category_codes":["1000000","1090000"],"visuals":{"large":"https:\/\/images.epagine.fr\/944\/9782354850944_1_75.jpg","medium":"https:\/\/images.epagine.fr\/944\/9782354850944_1_m.jpg","thumbnail":"https:\/\/images.epagine.fr\/944\/9782354850944_1_v.jpg"},"orderable":true,"show_badge":true,"formatted_price":"13,00&nbsp;\u20ac","formatted_published_date":"29 avril 2009","publisher_availability_label":"Sur commande","short_details":"Melissa-may April \u2014 JETS D'ENCRE","translator":null,"weight":70,"page_count":null,"readership":null,"editor":"JETS D'ENCRE","price":1300,"published_date":"2009-04-28T22:00:00.000000Z","support":"Grand format","publisher_availability":1,"stock":0,"editions":[],"url":"https:\/\/quaidesbrumes.com\/ouvrage\/9782354850944\/les-ailes-au-coeur"},{"id":"9782354850913","title":"\u00e0 coeur ouvert","description":"Dans sa po\u00e9sie vibrante et intimiste, Karima Mayou aborde avec espoir et \u00e9motion l'enfance difficile, la perte d'un \u00eatre cher, les valeurs humaines ou encore les petits tracas quotidiens et, et signe ici un recueil de po\u00e8mes \u00e0 la fois forts et \u00e9mouvants.\r","authors":["Karima Mayou"],"category_codes":["1000000","1090000"],"visuals":{"large":"https:\/\/images.epagine.fr\/913\/9782354850913_1_75.jpg","medium":"https:\/\/images.epagine.fr\/913\/9782354850913_1_m.jpg","thumbnail":"https:\/\/images.epagine.fr\/913\/9782354850913_1_v.jpg"},"orderable":true,"show_badge":true,"formatted_price":"13,00&nbsp;\u20ac","formatted_published_date":"29 avril 2009","publisher_availability_label":"Sur commande","short_details":"Karima Mayou \u2014 JETS D'ENCRE","translator":null,"weight":70,"page_count":null,"readership":null,"editor":"JETS D'ENCRE","price":1300,"published_date":"2009-04-28T22:00:00.000000Z","support":"Grand format","publisher_availability":1,"stock":0,"editions":[],"url":"https:\/\/quaidesbrumes.com\/ouvrage\/9782354850913\/a-coeur-ouvert"},{"id":"9782849241318","title":"D\u00e9cantation dutemps","description":"Laissez vous guider par les premi\u00e8res impressions qui s'installent dans votre esprit. Quelles images voyez-vous ? Quels effets produisent-elles sur vous ? Relisez le texte, calmement. Ne pensez \u00e0 rien d'autre. Mettez un nom sur chaque chose. Rejouez la sc\u00e8ne v\u00e9cue. Installez-vous ensuite en position de lotus. Videz votre esprit. Les nuages passent. Vous \u00eates bien. Soufflez. Respirez. Vous lirez un deuxi\u00e8me fragment demain. Ne vous pr\u00e9cipitez point...\r","authors":["Marcel Peltier"],"category_codes":["1000000","1090000"],"visuals":{"large":"https:\/\/images.epagine.fr\/318\/9782849241318_1_75.jpg","medium":"https:\/\/images.epagine.fr\/318\/9782849241318_1_m.jpg","thumbnail":"https:\/\/images.epagine.fr\/318\/9782849241318_1_v.jpg"},"orderable":true,"show_badge":true,"formatted_price":"10,00&nbsp;\u20ac","formatted_published_date":"18 mars 2009","publisher_availability_label":"Sur commande","short_details":"Marcel Peltier \u2014 Editions Du Cygne","translator":null,"weight":120,"page_count":64,"readership":null,"editor":"Editions Du Cygne","price":1000,"published_date":"2009-03-17T23:00:00.000000Z","support":"Grand format","publisher_availability":1,"stock":0,"editions":[],"url":"https:\/\/quaidesbrumes.com\/ouvrage\/9782849241318\/decantation-dutemps"},{"id":"9782378277437","title":"Dos au mur","description":"Nombreuses furent les soir\u00e9es pass\u00e9es seul dans ma chambre, assis, le dos appuy\u00e9 contre le mur lors de ces trois derni\u00e8res ann\u00e9es, \u00e0 r\u00e9fl\u00e9chir sur le sens que je donnais \u00e0 la vie, \u00e0 faire le deuil de relations qui n'\u00e9taient pourtant jamais n\u00e9es, ou encore \u00e0 simplement lutter contre des pens\u00e9es autodestructrices. Elles ont \u00e9t\u00e9 le socle de l'\u00e9criture de ces po\u00e8mes, qui abordent chacun de ces sujets.\r\nCe recueil est une histoire de doutes, d'\u00e9checs, de larmes, mais aussi d'espoir. Elle commence en 2020 dans le froid solitaire d'une chambre \u00e9tudiante, et se termine presque trois ans plus tard, sur un banc en bois, dans un froid hivernal beaucoup plus r\u00e9confortant.","authors":["Antoine Winnicki"],"category_codes":["1000000","1090000"],"visuals":{"large":"https:\/\/images.epagine.fr\/437\/9782378277437_1_75.jpg","medium":"https:\/\/images.epagine.fr\/437\/9782378277437_1_m.jpg","thumbnail":"https:\/\/images.epagine.fr\/437\/9782378277437_1_v.jpg"},"orderable":true,"show_badge":true,"formatted_price":"13,00&nbsp;\u20ac","formatted_published_date":"24 f\u00e9vrier 2023","publisher_availability_label":"Sur commande","short_details":"Antoine Winnicki \u2014 SPINELLE","translator":null,"weight":190,"page_count":116,"readership":null,"editor":"SPINELLE","price":1300,"published_date":"2023-02-23T23:00:00.000000Z","support":"Grand format","publisher_availability":1,"stock":0,"editions":[],"url":"https:\/\/quaidesbrumes.com\/ouvrage\/9782378277437\/dos-au-mur"},{"id":"9782930231228","title":"Premier jour dans l'autre monde","description":null,"authors":["Luc Dellisse"],"category_codes":["1000000","1090000"],"visuals":{"large":"https:\/\/images.epagine.fr\/228\/9782930231228_1_75.jpg","medium":"https:\/\/images.epagine.fr\/228\/9782930231228_1_m.jpg","thumbnail":"https:\/\/images.epagine.fr\/228\/9782930231228_1_v.jpg"},"orderable":true,"show_badge":true,"formatted_price":"13,00&nbsp;\u20ac","formatted_published_date":"20 f\u00e9vrier 2002","publisher_availability_label":"Sur commande","short_details":"Luc Dellisse \u2014 Cormier","translator":null,"weight":78,"page_count":52,"readership":null,"editor":"Cormier","price":1300,"published_date":"2002-02-19T23:00:00.000000Z","support":"Grand format","publisher_availability":1,"stock":0,"editions":[],"url":"https:\/\/quaidesbrumes.com\/ouvrage\/9782930231228\/premier-jour-dans-lautre-monde"},{"id":"9782296056336","title":"Testament de Tchicaya U Tam'Si","description":"Testament de Tchicaya U Tam'Si s'inscrit dans l'orientation m\u00e9thodologique d'une lecture linguistique de la po\u00e9sie. En effet, sur la base de relev\u00e9s et d'analyses men\u00e9s avec un esprit de minutie, par un bon maniement des concepts analytiques de l'\u00e9tude litt\u00e9raire appliqu\u00e9e \u00e0 la po\u00e9sie, Maurie AMURI Mpala-Lutebele a judicieusement su \"rendre compte\" de l'\u00e9criture po\u00e9tique de Tchicaya U Tam'Si pour avoir acc\u00e8s aux \"valeurs\" qu'elle l\u00e8gue \u00e0 l'Homme\r","authors":["Maurice Amuri Mpala-Lutebele"],"category_codes":["1000000","1090000"],"visuals":{"large":"https:\/\/images.epagine.fr\/336\/9782296056336_1_75.jpg","medium":"https:\/\/images.epagine.fr\/336\/9782296056336_1_m.jpg","thumbnail":"https:\/\/images.epagine.fr\/336\/9782296056336_1_v.jpg"},"orderable":true,"show_badge":true,"formatted_price":"27,00&nbsp;\u20ac","formatted_published_date":"16 avril 2008","publisher_availability_label":"Sur commande","short_details":"Maurice Amuri Mpala-Lutebele \u2014 \u00c9ditions L'Harmattan","translator":null,"weight":370,"page_count":260,"readership":null,"editor":"\u00c9ditions L'Harmattan","price":2700,"published_date":"2008-04-15T22:00:00.000000Z","support":"Grand format","publisher_availability":1,"stock":0,"editions":[],"url":"https:\/\/quaidesbrumes.com\/ouvrage\/9782296056336\/testament-de-tchicaya-u-tamsi"},{"id":"9782849540916","title":"Ecrit dans les marges du silence","description":"... au devant de mes mots, le po\u00e8me avait mis la main dans la mangrove d'\u00e9criture, fouillant entre les racines, tout un r\u00e9seau complexe, quand le silence \u00e0 l'entr\u00e9e de son g\u00eete, vint le le mordre l\u00e0 o\u00f9 la Langue fait mal...\r","authors":["Lethurgez Maurice 2"],"category_codes":["1000000","1090000"],"visuals":{"large":"https:\/\/quaidesbrumes.com\/img\/book-placeholder.png","medium":"https:\/\/quaidesbrumes.com\/img\/book-placeholder.png","thumbnail":"https:\/\/quaidesbrumes.com\/img\/book-placeholder.png"},"orderable":true,"show_badge":true,"formatted_price":"13,50&nbsp;\u20ac","formatted_published_date":"5 mai 2010","publisher_availability_label":"Sur commande","short_details":"Lethurgez Maurice 2 \u2014 Chemins De Plume","translator":null,"weight":120,"page_count":null,"readership":null,"editor":"Chemins De Plume","price":1350,"published_date":"2010-05-04T22:00:00.000000Z","support":"Grand format","publisher_availability":1,"stock":0,"editions":[],"url":"https:\/\/quaidesbrumes.com\/ouvrage\/9782849540916\/ecrit-dans-les-marges-du-silence"},{"id":"9791091648066","title":"Des corps transitoires","description":"Icare prit son envol. Il se m\u00e9tamorphosait. D\u00e9sormais c'\u00e9tait une chim\u00e8re, un composite de chair, d'os et de peau, volant au-dessus du grand corps d'eau, \u00e0 coups d'ailes cadenc\u00e9s, ma\u00eetris\u00e9s. La mutation \u00e9tait presque compl\u00e8te et Icare ne pouvait plus, d\u00e9j\u00e0, regretter le sol meuble, terne, de la terre qui l'avait port\u00e9.\r","authors":["Christine Guinard"],"category_codes":["1000000","1090000"],"visuals":{"large":"https:\/\/images.epagine.fr\/066\/9791091648066_1_75.jpg","medium":"https:\/\/images.epagine.fr\/066\/9791091648066_1_m.jpg","thumbnail":"https:\/\/images.epagine.fr\/066\/9791091648066_1_v.jpg"},"orderable":true,"show_badge":true,"formatted_price":"16,00&nbsp;\u20ac","formatted_published_date":"24 ao\u00fbt 2017","publisher_availability_label":"Sur commande","short_details":"Christine Guinard \u2014 Memoire Vivante","translator":null,"weight":147,"page_count":82,"readership":null,"editor":"Memoire Vivante","price":1600,"published_date":"2017-08-23T22:00:00.000000Z","support":"Grand format","publisher_availability":1,"stock":0,"editions":[],"url":"https:\/\/quaidesbrumes.com\/ouvrage\/9791091648066\/des-corps-transitoires"},{"id":"9782849540909","title":"Le precipice d'etre (textes et photos)","description":null,"authors":["Michel 2 Hezard"],"category_codes":["1000000","1090000"],"visuals":{"large":"https:\/\/quaidesbrumes.com\/img\/book-placeholder.png","medium":"https:\/\/quaidesbrumes.com\/img\/book-placeholder.png","thumbnail":"https:\/\/quaidesbrumes.com\/img\/book-placeholder.png"},"orderable":true,"show_badge":true,"formatted_price":"15,00&nbsp;\u20ac","formatted_published_date":"5 mai 2010","publisher_availability_label":"Sur commande","short_details":"Michel 2 Hezard \u2014 Chemins De Plume","translator":null,"weight":120,"page_count":null,"readership":null,"editor":"Chemins De Plume","price":1500,"published_date":"2010-05-04T22:00:00.000000Z","support":"Grand format","publisher_availability":1,"stock":0,"editions":[],"url":"https:\/\/quaidesbrumes.com\/ouvrage\/9782849540909\/le-precipice-detre-textes-et-photos"},{"id":"9782917228647","title":"Gwerniou kuzhet","description":"Traduction en breton de Jil Penneg du texte de Marie-Jos\u00e9e Christien. Photographies de Yann Champeau.","authors":["Christien M-J."],"category_codes":["1000000","1090000"],"visuals":{"large":"https:\/\/quaidesbrumes.com\/img\/book-placeholder.png","medium":"https:\/\/quaidesbrumes.com\/img\/book-placeholder.png","thumbnail":"https:\/\/quaidesbrumes.com\/img\/book-placeholder.png"},"orderable":true,"show_badge":true,"formatted_price":"29,00&nbsp;\u20ac","formatted_published_date":"23 septembre 2022","publisher_availability_label":"Sur commande","short_details":"Christien M-J. \u2014 Les Editions Sauvages","translator":null,"weight":364,"page_count":null,"readership":null,"editor":"Les Editions Sauvages","price":2900,"published_date":"2022-09-22T22:00:00.000000Z","support":"Grand format","publisher_availability":1,"stock":0,"editions":[],"url":"https:\/\/quaidesbrumes.com\/ouvrage\/9782917228647\/gwerniou-kuzhet"},{"id":"9782848090948","title":"Hommage \u00e0 toutes les nymphes","description":null,"authors":["Collectif"],"category_codes":["1000000","1090000"],"visuals":{"large":"https:\/\/quaidesbrumes.com\/img\/book-placeholder.png","medium":"https:\/\/quaidesbrumes.com\/img\/book-placeholder.png","thumbnail":"https:\/\/quaidesbrumes.com\/img\/book-placeholder.png"},"orderable":true,"show_badge":true,"formatted_price":"12,17&nbsp;\u20ac","formatted_published_date":"4 avril 2008","publisher_availability_label":"Sur commande","short_details":"Collectif \u2014 JOCA SERIA","translator":null,"weight":198,"page_count":64,"readership":null,"editor":"JOCA SERIA","price":1217,"published_date":"2008-04-03T22:00:00.000000Z","support":"Grand format","publisher_availability":1,"stock":0,"editions":[],"url":"https:\/\/quaidesbrumes.com\/ouvrage\/9782848090948\/hommage-a-toutes-les-nymphes"},{"id":"9782296086043","title":"Fulgurance","description":"\"Rebelle en Alg\u00e9rie, po\u00e8te \u00e0 Paris qui dans ses bras l'a pris, cet enfant du pays, happ\u00e9 par la po\u00e9sie, a chant\u00e9 la malvie. Joyeuse enfance, odieuse adolescence, folle jeunesse ; vie d'insouciance, faite de souffrances et de vents de promesses... Images d'un pass\u00e9 lointain o\u00f9 il fallait se lever t\u00f4t pour chercher le savoir, supplier les adultes pour un film au caf\u00e9 du village, avant de supplier, plus tard, d'autres pour un travail d\u00e9cent. Abder a d'abord \u00e9t\u00e9 un r\u00e9ceptacle silencieux pour frustrations avant de devenir un arroseur de mots.\", Khaled Aouimeur, un ami d'enfance.\r","authors":["Abder Zegout"],"category_codes":["1000000","1090000"],"visuals":{"large":"https:\/\/images.epagine.fr\/043\/9782296086043_1_75.jpg","medium":"https:\/\/images.epagine.fr\/043\/9782296086043_1_m.jpg","thumbnail":"https:\/\/images.epagine.fr\/043\/9782296086043_1_v.jpg"},"orderable":true,"show_badge":true,"formatted_price":"12,00&nbsp;\u20ac","formatted_published_date":"17 mars 2009","publisher_availability_label":"Sur commande","short_details":"Abder Zegout \u2014 \u00c9ditions L'Harmattan","translator":null,"weight":130,"page_count":88,"readership":null,"editor":"\u00c9ditions L'Harmattan","price":1200,"published_date":"2009-03-16T23:00:00.000000Z","support":"Grand format","publisher_availability":1,"stock":0,"editions":[],"url":"https:\/\/quaidesbrumes.com\/ouvrage\/9782296086043\/fulgurance"},{"id":"9782874500268","title":"Routes du po\u00e8te","description":null,"authors":["Roger Foulon"],"category_codes":["1000000","1090000"],"visuals":{"large":"https:\/\/images.epagine.fr\/268\/9782874500268_1_75.jpg","medium":"https:\/\/images.epagine.fr\/268\/9782874500268_1_m.jpg","thumbnail":"https:\/\/images.epagine.fr\/268\/9782874500268_1_v.jpg"},"orderable":true,"show_badge":true,"formatted_price":"19,00&nbsp;\u20ac","formatted_published_date":"1er avril 2008","publisher_availability_label":"Sur commande","short_details":"Roger Foulon \u2014 Taillis Pre","translator":null,"weight":310,"page_count":213,"readership":null,"editor":"Taillis Pre","price":1900,"published_date":"2008-03-31T22:00:00.000000Z","support":"Grand format","publisher_availability":1,"stock":0,"editions":[],"url":"https:\/\/quaidesbrumes.com\/ouvrage\/9782874500268\/routes-du-poete"},{"id":"9782914258586","title":"Fronti\u00e8re de l'absence","description":"De l'exil du deuil au silence habit\u00e9. \u00ab Quelque chose comme la duret\u00e9 d\u00b4une pierre, qui fond larme \u00e0 larme Quelque chose qui laisse place \u00e0 une tendresse inconnue \u00bb \r","authors":["Genevi\u00e8ve Bertrand"],"category_codes":["1000000","1090000"],"visuals":{"large":"https:\/\/images.epagine.fr\/586\/9782914258586_1_75.jpg","medium":"https:\/\/images.epagine.fr\/586\/9782914258586_1_m.jpg","thumbnail":"https:\/\/images.epagine.fr\/586\/9782914258586_1_v.jpg"},"orderable":true,"show_badge":true,"formatted_price":"12,00&nbsp;\u20ac","formatted_published_date":"16 septembre 2008","publisher_availability_label":"Sur commande","short_details":"Genevi\u00e8ve Bertrand \u2014 Eclats D'Encre","translator":null,"weight":95,"page_count":null,"readership":null,"editor":"Eclats D'Encre","price":1200,"published_date":"2008-09-15T22:00:00.000000Z","support":"Poche","publisher_availability":1,"stock":0,"editions":[],"url":"https:\/\/quaidesbrumes.com\/ouvrage\/9782914258586\/frontiere-de-labsence"},{"id":"9782849240748","title":"Lettres \u00e0 Sa\u00efda ; au d\u00e9tour des ombres","description":"Selon Jean-Luc Maxence, l'oeuvre de Denis Emorine est \u00ab \u00e9trange et profond\u00e9ment originale \u00bb. D'autres critiques, russes et roumains notamment, consid\u00e8rent cet \u00e9crivain comme un n\u00e9o-romantique dont les sources d'inspiration seraient \u00e0 la fronti\u00e8re de l'\u00e2me slave (il est d'ascendance russe du c\u00f4t\u00e9 paternel) et de la latinit\u00e9. \r\nDans Lettres \u00e0 Sa\u00efda, une dimension nouvelle intervient, celle de l'amiti\u00e9 privil\u00e9gi\u00e9e que le po\u00e8te \u00e9prouve pour la soeur \u00e9lue de son coeur. Il a rencontr\u00e9 Sa\u00efda Oudjoukhou \u00e9tudiante russe en fran\u00e7ais, \u00e0 Moscou en 2005. Pour Emorine, l'amiti\u00e9 est une autre forme d'amour avec ses exigences propres. Ces lettres po\u00e9tiques r\u00e9v\u00e8lent une complicit\u00e9 tendre entre deux \u00eatres \u00e9galement sensibles.\r\nDans Au d\u00e9tour des ombres, les th\u00e8mes sont plus classiques au sens \u00e9morinien du terme. La fascination que l'auteur \u00e9prouve pour le po\u00e8te roumain Ion Radescu, pers\u00e9cut\u00e9 sous le communisme, rejoint le th\u00e8me de la mort qui \u00e9pie chacun de nous. \u00ab Je la hais d'agir lorsqu'elle \u00e9clate sur la vie des autres, ceux qui comptent \u00bb s'exclame Emorine.\r\nAu coeur de ce dernier livre, la qu\u00eate de l'unit\u00e9 reste primordiale. Les mots s'entrechoquent pour donner sens \u00e0 notre vie en essayant de mettre la mort entre parenth\u00e8ses.\r","authors":["Denis Emorine"],"category_codes":["1000000","1090000"],"visuals":{"large":"https:\/\/images.epagine.fr\/748\/9782849240748_1_75.jpg","medium":"https:\/\/images.epagine.fr\/748\/9782849240748_1_m.jpg","thumbnail":"https:\/\/images.epagine.fr\/748\/9782849240748_1_v.jpg"},"orderable":true,"show_badge":true,"formatted_price":"10,00&nbsp;\u20ac","formatted_published_date":"13 mars 2008","publisher_availability_label":"Sur commande","short_details":"Denis Emorine \u2014 Editions Du Cygne","translator":null,"weight":100,"page_count":null,"readership":null,"editor":"Editions Du Cygne","price":1000,"published_date":"2008-03-12T23:00:00.000000Z","support":"Grand format","publisher_availability":1,"stock":0,"editions":[],"url":"https:\/\/quaidesbrumes.com\/ouvrage\/9782849240748\/lettres-a-saida-au-detour-des-ombres"},{"id":"9782849240755","title":"Terre arable","description":"Djalila Dechache donne ici une existence profonde aux instants, aux \u00e9motions, aux \u00eatres (sans jamais pour autant faire acte de souvenir ou de sensiblerie). La phrase est juste, parfois lapidaire, elle s'\u00e9tire en un vocabulaire riche et voluptueux.\r\nCe recueil, alors que d'autres emm\u00e8neraient un peu de terre natale dans un petit sac ou bien quelques semences \u00e0 replanter pour transporter avec eux un peu de leur terre de l\u00e0-bas... au-del\u00e0 des mers, est surtout un t\u00e9moin d'heures sombres et difficiles. \r\nDans Terre arable, textes pour \u00eatre lus \u00e0 haute voix, dits pour soi-m\u00eame, pour autrui, une parole s'affirme pour la seconde fois sur le papier, des mots qui s'enlacent comme d'\u00e9l\u00e9gants calligrammes arabes...\r","authors":["Djalila Dechache"],"category_codes":["1000000","1090000"],"visuals":{"large":"https:\/\/images.epagine.fr\/755\/9782849240755_1_75.jpg","medium":"https:\/\/images.epagine.fr\/755\/9782849240755_1_m.jpg","thumbnail":"https:\/\/images.epagine.fr\/755\/9782849240755_1_v.jpg"},"orderable":true,"show_badge":true,"formatted_price":"10,00&nbsp;\u20ac","formatted_published_date":"13 mars 2008","publisher_availability_label":"Sur commande","short_details":"Djalila Dechache \u2014 Editions Du Cygne","translator":null,"weight":100,"page_count":60,"readership":null,"editor":"Editions Du Cygne","price":1000,"published_date":"2008-03-12T23:00:00.000000Z","support":"Grand format","publisher_availability":1,"stock":0,"editions":[],"url":"https:\/\/quaidesbrumes.com\/ouvrage\/9782849240755\/terre-arable"},{"id":"9782956263777","title":"Artaud et les constellations","description":"La po\u00e9sie n'est plus un concept suffisant pour d\u00e9finir l'aventure qui commence avec elle, \u00e9crit Alain Jouffroy en cl\u00f4turant sa pr\u00e9face de L'Ombilic des limbes. Artaud et les constellations est une approche po\u00e9tique et sensible d'un \u00e9crivain majeur du XX\u00e8me si\u00e8cle. Ce corps malade, malade d'une effroyable maladie de l'esprit, plus que tout autre aura su r\u00e9inventer la po\u00e9sie - faisant d'elle une activit\u00e9 mentale dont l'objet d\u00e9passe et domine l'oeuvre \u00e9crite - comme le souligne l'auteur du Manifeste de la po\u00e9sie v\u00e9cue.","authors":["Jean-pierre V\u00e9drines"],"category_codes":["1000000","1090000","1090600"],"visuals":{"large":"https:\/\/images.epagine.fr\/777\/9782956263777_1_75.jpg","medium":"https:\/\/images.epagine.fr\/777\/9782956263777_1_m.jpg","thumbnail":"https:\/\/images.epagine.fr\/777\/9782956263777_1_v.jpg"},"orderable":true,"show_badge":true,"formatted_price":"13,00&nbsp;\u20ac","formatted_published_date":"20 juin 2022","publisher_availability_label":"Sur commande","short_details":"Jean-pierre V\u00e9drines \u2014 Editions Des Deux Rues","translator":null,"weight":90,"page_count":null,"readership":null,"editor":"Editions Des Deux Rues","price":1300,"published_date":"2022-06-19T22:00:00.000000Z","support":"Grand format","publisher_availability":1,"stock":0,"editions":[],"url":"https:\/\/quaidesbrumes.com\/ouvrage\/9782956263777\/artaud-et-les-constellations"},{"id":"9782332809087","title":"Dis-moi, petit papa, dis-moi le bleu du ciel !","description":"Voir \u00e0 travers les yeux de l'autre, c'est souvent la plus s\u00fbre mani\u00e8re de percevoir la r\u00e9alit\u00e9 du monde. \"On ne voit bien qu'avec le coeur, l'essentiel est invisible pour les yeux\", disait le renard au Petit Prince dans un conte qui nous a tous enchant\u00e9s. Les richesses les plus inexprimables sont celles qui irradient des provinces de l'\u00e2me.\r","authors":["Jean Adloff"],"category_codes":["1000000","1090000"],"visuals":{"large":"https:\/\/images.epagine.fr\/087\/9782332809087_1_75.jpg","medium":"https:\/\/images.epagine.fr\/087\/9782332809087_1_m.jpg","thumbnail":"https:\/\/images.epagine.fr\/087\/9782332809087_1_v.jpg"},"orderable":true,"show_badge":true,"formatted_price":"8,00&nbsp;\u20ac","formatted_published_date":"18 septembre 2014","publisher_availability_label":"Sur commande","short_details":"Jean Adloff \u2014 Edilivre","translator":null,"weight":30,"page_count":14,"readership":null,"editor":"Edilivre","price":800,"published_date":"2014-09-17T22:00:00.000000Z","support":"Poche","publisher_availability":1,"stock":0,"editions":[],"url":"https:\/\/quaidesbrumes.com\/ouvrage\/9782332809087\/dis-moi-petit-papa-dis-moi-le-bleu-du-ciel"}]}