{"data":[{"id":"9782358632553","title":"Probloemes","description":null,"authors":["Seine\/Soares"],"category_codes":["1000000","1090000","1090600"],"visuals":{"large":"https:\/\/quaidesbrumes.com\/img\/book-placeholder.png","medium":"https:\/\/quaidesbrumes.com\/img\/book-placeholder.png","thumbnail":"https:\/\/quaidesbrumes.com\/img\/book-placeholder.png"},"orderable":true,"show_badge":true,"formatted_price":"12,00&nbsp;\u20ac","formatted_published_date":"16 d\u00e9cembre 2012","publisher_availability_label":"Sur commande","short_details":"Seine\/Soares \u2014 Le Pre Du Plain","translator":null,"weight":80,"page_count":null,"readership":null,"editor":"Le Pre Du Plain","price":1200,"published_date":"2012-12-15T23:00:00.000000Z","support":"Grand format","publisher_availability":1,"stock":0,"editions":[],"url":"https:\/\/quaidesbrumes.com\/ouvrage\/9782358632553\/probloemes"},{"id":"9782312079967","title":"Soir ; cinquante ans de po\u00e9sie","description":"De l'\u00c9cole Primaire au seuil de la vieillesse, cinquante ans de po\u00e9sie(s). Anthologie \u00e9go\u00efste mais sans concessions.\r","authors":["Jean-pierre Jacquemin"],"category_codes":["1000000","1090000"],"visuals":{"large":"https:\/\/images.epagine.fr\/967\/9782312079967_1_75.jpg","medium":"https:\/\/images.epagine.fr\/967\/9782312079967_1_m.jpg","thumbnail":"https:\/\/images.epagine.fr\/967\/9782312079967_1_v.jpg"},"orderable":true,"show_badge":true,"formatted_price":"16,00&nbsp;\u20ac","formatted_published_date":"26 f\u00e9vrier 2021","publisher_availability_label":"Sur commande","short_details":"Jean-pierre Jacquemin \u2014 Editions du Net","translator":null,"weight":93,"page_count":52,"readership":null,"editor":"Editions du Net","price":1600,"published_date":"2021-02-25T23:00:00.000000Z","support":"Grand format","publisher_availability":1,"stock":0,"editions":[],"url":"https:\/\/quaidesbrumes.com\/ouvrage\/9782312079967\/soir-cinquante-ans-de-poesie"},{"id":"9791090150003","title":"Rencontres avec le petit peuple","description":"Le petit peuple des f\u00e9es, des korrigans et des lutins est parmi nous ; il se montre sans rechigner \u00e0 quiconque sait regarder ! Ce livre en apporte la preuve, en po\u00e8mes et en images","authors":["Stellamaris"],"category_codes":["1000000","1090000"],"visuals":{"large":"https:\/\/images.epagine.fr\/003\/9791090150003_1_75.jpg","medium":"https:\/\/images.epagine.fr\/003\/9791090150003_1_m.jpg","thumbnail":"https:\/\/images.epagine.fr\/003\/9791090150003_1_v.jpg"},"orderable":true,"show_badge":true,"formatted_price":"20,00&nbsp;\u20ac","formatted_published_date":"15 avril 2011","publisher_availability_label":"Sur commande","short_details":"Stellamaris \u2014 Stellamaris","translator":null,"weight":440,"page_count":339,"readership":null,"editor":"Stellamaris","price":2000,"published_date":"2011-04-14T22:00:00.000000Z","support":"Grand format","publisher_availability":1,"stock":0,"editions":[],"url":"https:\/\/quaidesbrumes.com\/ouvrage\/9791090150003\/rencontres-avec-le-petit-peuple"},{"id":"9782378273521","title":"Anthropo\u00e9sie","description":"Ce recueil po\u00e9tique appr\u00e9hende la condition humaine dont l'irr\u00e9m\u00e9diable perversit\u00e9 emprisonne nos \u00eatres, solitaires et poreux aux rencontres des mondes. Quand nos \u00e2mes d\u00e9bordantes alourdissent l'existence, l'Anthropo\u00e9sie nous en rappelle les charmes.\r\nEmpreint d'une r\u00e9alit\u00e9 cr\u00fbment po\u00e9tique, r\u00eave et surr\u00e9alisme se veulent aussi parties int\u00e9grantes de l'oeuvre, l'imaginaire \u00e9tant la seule facult\u00e9 offerte \u00e0 l'Homme pour lui-m\u00eame se d\u00e9passer.\r\nDans la veine du d\u00e9cadentisme baudelairien, l'ouvrage interroge la valeur contrainte du sens des vies individuelles. Questionnant l'existentialisme et son rejet des cadres th\u00e9ologiques ou philosophiques, l'Anthropo\u00e9sie se propose \u00e9galement d'en comprendre le recours, parfois salvateur pour quelques destin\u00e9es.\r","authors":["Paul D\u00e9prez"],"category_codes":["1000000","1090000","1090600"],"visuals":{"large":"https:\/\/images.epagine.fr\/521\/9782378273521_1_75.jpg","medium":"https:\/\/images.epagine.fr\/521\/9782378273521_1_m.jpg","thumbnail":"https:\/\/images.epagine.fr\/521\/9782378273521_1_v.jpg"},"orderable":true,"show_badge":true,"formatted_price":"12,00&nbsp;\u20ac","formatted_published_date":"1er novembre 2020","publisher_availability_label":"Sur commande","short_details":"Paul D\u00e9prez \u2014 SPINELLE","translator":null,"weight":159,"page_count":104,"readership":null,"editor":"SPINELLE","price":1200,"published_date":"2020-10-31T23:00:00.000000Z","support":"Grand format","publisher_availability":1,"stock":0,"editions":[],"url":"https:\/\/quaidesbrumes.com\/ouvrage\/9782378273521\/anthropoesie"},{"id":"9782915232639","title":"Extravague","description":"Je suis heureux, ch\u00e8re vague, de t'adresser ce livre, j'ai eu un peu de mal, tu verras, avec la derni\u00e8re phrase, j'avais r\u00eav\u00e9 d'une phrase un peu plus lente mais j'ai eu du mal \u00e0 tenir cette lenteur jusqu'au bout, le moindre \u00e0-coup pouvait tout pr\u00e9cipiter, j'aurais voulu tout arr\u00eater, mais cela reprenait, d'autres vagues revenaient, je r\u00eave encore de toi parfois, je pense \u00e0 toi, tu verras, je n'ai pas pu tout \u00e9crire, je t'embrasse.\r","authors":["Xavier Person"],"category_codes":["1000000","1090000"],"visuals":{"large":"https:\/\/images.epagine.fr\/639\/9782915232639_1_75.jpg","medium":"https:\/\/images.epagine.fr\/639\/9782915232639_1_m.jpg","thumbnail":"https:\/\/images.epagine.fr\/639\/9782915232639_1_v.jpg"},"orderable":true,"show_badge":true,"formatted_price":"12,00&nbsp;\u20ac","formatted_published_date":"20 octobre 2009","publisher_availability_label":"Sur commande","short_details":"Xavier Person \u2014 Le Bleu Du Ciel","translator":null,"weight":130,"page_count":null,"readership":null,"editor":"Le Bleu Du Ciel","price":1200,"published_date":"2009-10-19T22:00:00.000000Z","support":"Grand format","publisher_availability":1,"stock":0,"editions":[],"url":"https:\/\/quaidesbrumes.com\/ouvrage\/9782915232639\/extravague"},{"id":"9782908138597","title":"Eugene les monstres","description":null,"authors":["Olivier Bourdelier"],"category_codes":["1000000","1090000"],"visuals":{"large":"https:\/\/images.epagine.fr\/597\/9782908138597_1_75.jpg","medium":"https:\/\/images.epagine.fr\/597\/9782908138597_1_m.jpg","thumbnail":"https:\/\/images.epagine.fr\/597\/9782908138597_1_v.jpg"},"orderable":true,"show_badge":true,"formatted_price":"10,67&nbsp;\u20ac","formatted_published_date":"20 mars 1998","publisher_availability_label":"Sur commande","short_details":"Olivier Bourdelier \u2014 Tarabuste","translator":null,"weight":0,"page_count":null,"readership":null,"editor":"Tarabuste","price":1067,"published_date":"1998-03-19T23:00:00.000000Z","support":"Grand format","publisher_availability":1,"stock":0,"editions":[],"url":"https:\/\/quaidesbrumes.com\/ouvrage\/9782908138597\/eugene-les-monstres"},{"id":"9782856680278","title":"Jadis","description":null,"authors":["Andre Miguel"],"category_codes":["1000000","1090000"],"visuals":{"large":"https:\/\/quaidesbrumes.com\/img\/book-placeholder.png","medium":"https:\/\/quaidesbrumes.com\/img\/book-placeholder.png","thumbnail":"https:\/\/quaidesbrumes.com\/img\/book-placeholder.png"},"orderable":true,"show_badge":true,"formatted_price":"10,98&nbsp;\u20ac","formatted_published_date":"20 mars 1998","publisher_availability_label":"Sur commande","short_details":"Andre Miguel \u2014 Rougerie","translator":null,"weight":0,"page_count":null,"readership":null,"editor":"Rougerie","price":1098,"published_date":"1998-03-19T23:00:00.000000Z","support":"Grand format","publisher_availability":1,"stock":0,"editions":[],"url":"https:\/\/quaidesbrumes.com\/ouvrage\/9782856680278\/jadis"},{"id":"9782012184077","title":"Le Rhin Tome 2","description":"Le Rhin. T. 2 \/ Victor Hugo Date de l'\u00e9dition originale : 1858 Collection : Collection Hetzel ; 09-10 Ce livre est la reproduction fid\u00e8le d'une oeuvre publi\u00e9e avant 1920 et fait partie d'une collection de livres r\u00e9imprim\u00e9s \u00e0 la demande \u00e9dit\u00e9e par Hachette Livre, dans le cadre d'un partenariat avec la Biblioth\u00e8que nationale de France, offrant l'opportunit\u00e9 d'acc\u00e9der \u00e0 des ouvrages anciens et souvent rares issus des fonds patrimoniaux de la BnF.\r\nLes oeuvres faisant partie de cette collection ont \u00e9t\u00e9 num\u00e9ris\u00e9es par la BnF et sont pr\u00e9sentes sur Gallica, sa biblioth\u00e8que num\u00e9rique.\r\n\r\nEn entreprenant de redonner vie \u00e0 ces ouvrages au travers d'une collection de livres r\u00e9imprim\u00e9s \u00e0 la demande, nous leur donnons la possibilit\u00e9 de rencontrer un public \u00e9largi et participons \u00e0 la transmission de connaissances et de savoirs parfois difficilement accessibles.\r\nNous avons cherch\u00e9 \u00e0 concilier la reproduction fid\u00e8le d'un livre ancien \u00e0 partir de sa version num\u00e9ris\u00e9e avec le souci d'un confort de lecture optimal. Nous esp\u00e9rons que les ouvrages de cette nouvelle collection vous apporteront enti\u00e8re satisfaction.\r\n\r\nPour plus d'informations, rendez-vous sur www.hachettebnf.fr\r","authors":["Victor Hugo"],"category_codes":["1000000","1090000","1090600"],"visuals":{"large":"https:\/\/images.epagine.fr\/077\/9782012184077_1_75.jpg","medium":"https:\/\/images.epagine.fr\/077\/9782012184077_1_m.jpg","thumbnail":"https:\/\/images.epagine.fr\/077\/9782012184077_1_v.jpg"},"orderable":true,"show_badge":true,"formatted_price":"17,50&nbsp;\u20ac","formatted_published_date":"1er avril 2013","publisher_availability_label":"Sur commande","short_details":"Victor Hugo \u2014 Hachette BNF","translator":null,"weight":240,"page_count":162,"readership":null,"editor":"Hachette BNF","price":1750,"published_date":"2013-03-31T22:00:00.000000Z","support":"Grand format","publisher_availability":1,"stock":0,"editions":["9782868080967"],"url":"https:\/\/quaidesbrumes.com\/ouvrage\/9782012184077\/le-rhin-tome-2"},{"id":"9782296066755","title":"Les sept chemins du vent","description":"Ces po\u00e8mes proposent un parcours sem\u00e9 de bouleversements, o\u00f9 l'auteur nous invite \u00e0 voir comment notre vie pourrait \u00eatre, comment on pourrait agir. Ils nous montrent des paysages qui fluctuent entre le mystique, le mythique et la r\u00e9alit\u00e9.\r","authors":["Odelin Salmeron"],"category_codes":["1000000","1090000"],"visuals":{"large":"https:\/\/images.epagine.fr\/755\/9782296066755_1_75.jpg","medium":"https:\/\/images.epagine.fr\/755\/9782296066755_1_m.jpg","thumbnail":"https:\/\/images.epagine.fr\/755\/9782296066755_1_v.jpg"},"orderable":true,"show_badge":true,"formatted_price":"12,50&nbsp;\u20ac","formatted_published_date":"24 octobre 2008","publisher_availability_label":"Sur commande","short_details":"Odelin Salmeron \u2014 \u00c9ditions L'Harmattan","translator":null,"weight":160,"page_count":110,"readership":null,"editor":"\u00c9ditions L'Harmattan","price":1250,"published_date":"2008-10-23T22:00:00.000000Z","support":"Grand format","publisher_availability":1,"stock":0,"editions":[],"url":"https:\/\/quaidesbrumes.com\/ouvrage\/9782296066755\/les-sept-chemins-du-vent"},{"id":"9782847120721","title":"Causer pour dire","description":null,"authors":["Yvon Pean"],"category_codes":["1000000","1090000"],"visuals":{"large":"https:\/\/quaidesbrumes.com\/img\/book-placeholder.png","medium":"https:\/\/quaidesbrumes.com\/img\/book-placeholder.png","thumbnail":"https:\/\/quaidesbrumes.com\/img\/book-placeholder.png"},"orderable":true,"show_badge":true,"formatted_price":"25,00&nbsp;\u20ac","formatted_published_date":"15 septembre 2005","publisher_availability_label":"Sur commande","short_details":"Yvon Pean \u2014 Petit Pave","translator":null,"weight":150,"page_count":null,"readership":null,"editor":"Petit Pave","price":2500,"published_date":"2005-09-14T22:00:00.000000Z","support":"Grand format","publisher_availability":1,"stock":0,"editions":[],"url":"https:\/\/quaidesbrumes.com\/ouvrage\/9782847120721\/causer-pour-dire"},{"id":"9782847120776","title":"Vu d'ici","description":null,"authors":["Roland Marx"],"category_codes":["1000000","1090000"],"visuals":{"large":"https:\/\/quaidesbrumes.com\/img\/book-placeholder.png","medium":"https:\/\/quaidesbrumes.com\/img\/book-placeholder.png","thumbnail":"https:\/\/quaidesbrumes.com\/img\/book-placeholder.png"},"orderable":true,"show_badge":true,"formatted_price":"12,00&nbsp;\u20ac","formatted_published_date":"2 mai 2005","publisher_availability_label":"Sur commande","short_details":"Roland Marx \u2014 Petit Pave","translator":null,"weight":139,"page_count":null,"readership":null,"editor":"Petit Pave","price":1200,"published_date":"2005-05-01T22:00:00.000000Z","support":"Grand format","publisher_availability":1,"stock":0,"editions":[],"url":"https:\/\/quaidesbrumes.com\/ouvrage\/9782847120776\/vu-dici"},{"id":"9782896450527","title":"Entre corps et pens\u00e9e","description":"\u00ab Un vide venu de nulle \/ part, qui souffle, qui traverse \/ les murs, les arbres, les corps \u00bb. C'est \u00e0 ces vibrations de l'invisible que s'est, du premier jour, vou\u00e9e la po\u00e9sie de Jacques Ancet. La po\u00e9sie de ce sujet neutre qui signe - on le devine \u00e0 maints indices - \u00e0 regret, presque, des livres constituant, dans le temps, l'anonyme enregistrement d'une \u00ab rumeur muette \u00bb. Un sujet toujours au bord de lui-m\u00eame comme du monde dont le mondoiement n'en finit plus de le fasciner. Jusque dans sa quotidiennet\u00e9 la plus rudimentaire. \u00c9crire scande l'interminable attente d'une pl\u00e9nitude \u00e0 venir. Dans la nostalgie de l'impossible. Comme sign\u00e9s par personne - rien qu'un masque d'os et de peau... - ces po\u00e8mes sont les stigmates d'un t\u00e9moin br\u00fbl\u00e9 par l'imminence d'une fulgurante apparition. Plus voyeur que voyant, ce po\u00e8te tient \u00e0 ciel ouvert un \u00ab journal de l'air \u00bb o\u00f9 il guette, traque, \u00e9pie la moindre \u00e9piphanie. Chaque brin d'herbe a quelque chose \u00e0 dire. Tel est le cogito po\u00e9tique d'un sujet br\u00fblant qui communique aux mots - \u00e0 l'intervalle blanc qui les s\u00e9pare autant qu'il les relie - le feu de son exp\u00e9rience la plus vive. Exp\u00e9rience de ce qui fait que vivre devient consubstantiel \u00e0 dire. Depuis toujours d\u00e9j\u00e0. \u00ab L'imperceptible br\u00fble \u00bb. Voici, en derni\u00e8re analyse, la v\u00e9rit\u00e9 qui consume cette po\u00e9sie. Ces po\u00e8mes qu'on va lire. Dans leur contagieuse ardeur. Ces po\u00e8mes qui sont la cendre encore chaude d'une incandescence minuscule et fabuleuse. Quand dire, c'est vivre - entre corps et pens\u00e9e.\r","authors":["Jacques Ancet"],"category_codes":["1000000","1090000"],"visuals":{"large":"https:\/\/quaidesbrumes.com\/img\/book-placeholder.png","medium":"https:\/\/quaidesbrumes.com\/img\/book-placeholder.png","thumbnail":"https:\/\/quaidesbrumes.com\/img\/book-placeholder.png"},"orderable":true,"show_badge":true,"formatted_price":"15,00&nbsp;\u20ac","formatted_published_date":"1er janvier 2000","publisher_availability_label":"Sur commande","short_details":"Jacques Ancet \u2014 L'Idee Bleue","translator":null,"weight":150,"page_count":null,"readership":null,"editor":"L'Idee Bleue","price":1500,"published_date":"1999-12-31T23:00:00.000000Z","support":"Grand format","publisher_availability":1,"stock":0,"editions":[],"url":"https:\/\/quaidesbrumes.com\/ouvrage\/9782896450527\/entre-corps-et-pensee"},{"id":"9782353280384","title":"Des mots pour le rire","description":"Associations, rebondissements, jeux sur les sons, les images, le sens et la structure des mots. Tous les moyens sont bons pour presser la langue, afin d'en exprimer le jus de la vie dans un plaisir communicatif.\r","authors":["Guy Chaty"],"category_codes":["1000000","1100000"],"visuals":{"large":"https:\/\/images.epagine.fr\/384\/9782353280384_1_75.jpg","medium":"https:\/\/images.epagine.fr\/384\/9782353280384_1_m.jpg","thumbnail":"https:\/\/images.epagine.fr\/384\/9782353280384_1_v.jpg"},"orderable":true,"show_badge":true,"formatted_price":"15,30&nbsp;\u20ac","formatted_published_date":"18 mars 2009","publisher_availability_label":"Sur commande","short_details":"Guy Chaty \u2014 Editinter","translator":null,"weight":130,"page_count":null,"readership":null,"editor":"Editinter","price":1530,"published_date":"2009-03-17T23:00:00.000000Z","support":"Grand format","publisher_availability":1,"stock":0,"editions":[],"url":"https:\/\/quaidesbrumes.com\/ouvrage\/9782353280384\/des-mots-pour-le-rire"},{"id":"9782140283369","title":"Le sens magn\u00e9tique  (2019-2021)","description":"Ce recueil s'est nourri d'\u00e9coutes musicales en confinement. Mais aussi de toute la mati\u00e8re psychique accumul\u00e9e lors d'une vie qui, inconsciemment, cherchait une structure, un sens... Des retrouvailles lointaines, enfouies en m\u00e9moire depuis l'enfance, des d\u00e9couvertes r\u00e9centes, des exp\u00e9riences int\u00e9rieures, ont orient\u00e9 ce magma tellurique vers le \u00ab sens magn\u00e9tique \u00bb... Au lecteur de le sentir ou pressentir dans ces textes bruts issus tels quels sans fa\u00e7onnage.","authors":["Dana Shishmanian"],"category_codes":["1000000","1090000","1090600"],"visuals":{"large":"https:\/\/images.epagine.fr\/369\/9782140283369_1_75.jpg","medium":"https:\/\/images.epagine.fr\/369\/9782140283369_1_m.jpg","thumbnail":"https:\/\/images.epagine.fr\/369\/9782140283369_1_v.jpg"},"orderable":true,"show_badge":true,"formatted_price":"13,00&nbsp;\u20ac","formatted_published_date":"20 juillet 2022","publisher_availability_label":"Sur commande","short_details":"Dana Shishmanian \u2014 \u00c9ditions L'Harmattan","translator":null,"weight":156,"page_count":116,"readership":null,"editor":"\u00c9ditions L'Harmattan","price":1300,"published_date":"2022-07-19T22:00:00.000000Z","support":"Grand format","publisher_availability":1,"stock":0,"editions":[],"url":"https:\/\/quaidesbrumes.com\/ouvrage\/9782140283369\/le-sens-magnetique-2019-2021"},{"id":"9782849240540","title":"Au milieu des chants","description":null,"authors":["Montant M-Gabrielle"],"category_codes":["1000000","1090000"],"visuals":{"large":"https:\/\/quaidesbrumes.com\/img\/book-placeholder.png","medium":"https:\/\/quaidesbrumes.com\/img\/book-placeholder.png","thumbnail":"https:\/\/quaidesbrumes.com\/img\/book-placeholder.png"},"orderable":true,"show_badge":true,"formatted_price":"10,00&nbsp;\u20ac","formatted_published_date":"2 octobre 2007","publisher_availability_label":"Sur commande","short_details":"Montant M-Gabrielle \u2014 Editions Du Cygne","translator":null,"weight":120,"page_count":null,"readership":null,"editor":"Editions Du Cygne","price":1000,"published_date":"2007-10-01T22:00:00.000000Z","support":"Grand format","publisher_availability":1,"stock":0,"editions":[],"url":"https:\/\/quaidesbrumes.com\/ouvrage\/9782849240540\/au-milieu-des-chants"},{"id":"9782847120691","title":"Pres des sources cruelles ou boivent les poemes aventureux","description":null,"authors":["Hourlier Jean"],"category_codes":["1000000","1090000"],"visuals":{"large":"https:\/\/quaidesbrumes.com\/img\/book-placeholder.png","medium":"https:\/\/quaidesbrumes.com\/img\/book-placeholder.png","thumbnail":"https:\/\/quaidesbrumes.com\/img\/book-placeholder.png"},"orderable":true,"show_badge":true,"formatted_price":"12,00&nbsp;\u20ac","formatted_published_date":"1er mai 2005","publisher_availability_label":"Sur commande","short_details":"Hourlier Jean \u2014 Petit Pave","translator":null,"weight":97,"page_count":null,"readership":null,"editor":"Petit Pave","price":1200,"published_date":"2005-04-30T22:00:00.000000Z","support":"Grand format","publisher_availability":1,"stock":0,"editions":[],"url":"https:\/\/quaidesbrumes.com\/ouvrage\/9782847120691\/pres-des-sources-cruelles-ou-boivent-les-poemes-aventureux"},{"id":"9782874595004","title":"Sous ma peau, peut-etre","description":null,"authors":["Jarrige Sonia"],"category_codes":["1000000","1090000"],"visuals":{"large":"https:\/\/quaidesbrumes.com\/img\/book-placeholder.png","medium":"https:\/\/quaidesbrumes.com\/img\/book-placeholder.png","thumbnail":"https:\/\/quaidesbrumes.com\/img\/book-placeholder.png"},"orderable":true,"show_badge":true,"formatted_price":"20,70&nbsp;\u20ac","formatted_published_date":"1er octobre 2010","publisher_availability_label":"Sur commande","short_details":"Jarrige Sonia \u2014 Chloe Des Lys","translator":null,"weight":150,"page_count":null,"readership":null,"editor":"Chloe Des Lys","price":2070,"published_date":"2010-09-30T22:00:00.000000Z","support":"Grand format","publisher_availability":1,"stock":0,"editions":[],"url":"https:\/\/quaidesbrumes.com\/ouvrage\/9782874595004\/sous-ma-peau-peut-etre"},{"id":"9782874595066","title":"D\u00e9livrance","description":"Les personnages de fiction c\u00f4toient les ombres d'Ernest Hemingway, Henry de Montherlant, Romain Gary, G\u00e9rard de Nerval, Hugo Claus, Stefan Zweig, Walter Benjamin, Marina Tsvetaeva, Virginia Woolf, Arthur Koestler, Marilyn Monroe, Romy Schneider, Dalida, Vincent Van Gogh, Nicolas de Sta\u00ebl, Yukio Mishima, Primo Levi, Jean Am\u00e9ry... Des dialogues inattendus se nouent.\r","authors":["Jacques Degeye"],"category_codes":["1000000","1090000"],"visuals":{"large":"https:\/\/images.epagine.fr\/066\/9782874595066_1_75.jpg","medium":"https:\/\/images.epagine.fr\/066\/9782874595066_1_m.jpg","thumbnail":"https:\/\/images.epagine.fr\/066\/9782874595066_1_v.jpg"},"orderable":true,"show_badge":true,"formatted_price":"22,10&nbsp;\u20ac","formatted_published_date":"1er octobre 2010","publisher_availability_label":"Sur commande","short_details":"Jacques Degeye \u2014 Chloe Des Lys","translator":null,"weight":150,"page_count":null,"readership":null,"editor":"Chloe Des Lys","price":2210,"published_date":"2010-09-30T22:00:00.000000Z","support":"Grand format","publisher_availability":1,"stock":0,"editions":[],"url":"https:\/\/quaidesbrumes.com\/ouvrage\/9782874595066\/delivrance"},{"id":"9782354851644","title":"Au fil du temps","description":"Dans cette po\u00e9sie \u00e9clectique, Pierrette Osmont aborde avec justesse et discernement les th\u00e8mes universels que sont l'amour, la nature, l'enfance, la libert\u00e9, le temps qui passe, et tous ces petits riens qui illuminent le quotidien. Avec \u00e9nergie et un brin de malice, elle transmet des messages de paix, appelle \u00e0 la tol\u00e9rance, \u00e0 l'esp\u00e9rance, et n'h\u00e9site pas \u00e0 mettre le lecteur en garde contre les comportements \u00e0 risques.\r\nUne po\u00e9sie inspir\u00e9e, pour tout simplement voir la vie en rose.","authors":["Pierrette Osmont"],"category_codes":["1000000","1090000"],"visuals":{"large":"https:\/\/images.epagine.fr\/644\/9782354851644_1_75.jpg","medium":"https:\/\/images.epagine.fr\/644\/9782354851644_1_m.jpg","thumbnail":"https:\/\/images.epagine.fr\/644\/9782354851644_1_v.jpg"},"orderable":true,"show_badge":true,"formatted_price":"13,00&nbsp;\u20ac","formatted_published_date":"1er juin 2010","publisher_availability_label":"Sur commande","short_details":"Pierrette Osmont \u2014 JETS D'ENCRE","translator":null,"weight":110,"page_count":78,"readership":null,"editor":"JETS D'ENCRE","price":1300,"published_date":"2010-05-31T22:00:00.000000Z","support":"Grand format","publisher_availability":1,"stock":0,"editions":[],"url":"https:\/\/quaidesbrumes.com\/ouvrage\/9782354851644\/au-fil-du-temps"},{"id":"9782930231099","title":"Fragments","description":null,"authors":["Bosquet De Thoran Al"],"category_codes":["1000000","1090000"],"visuals":{"large":"https:\/\/images.epagine.fr\/099\/9782930231099_1_75.jpg","medium":"https:\/\/images.epagine.fr\/099\/9782930231099_1_m.jpg","thumbnail":"https:\/\/images.epagine.fr\/099\/9782930231099_1_v.jpg"},"orderable":true,"show_badge":true,"formatted_price":"15,00&nbsp;\u20ac","formatted_published_date":"4 avril 2004","publisher_availability_label":"Sur commande","short_details":"Bosquet De Thoran Al \u2014 Cormier","translator":null,"weight":110,"page_count":42,"readership":null,"editor":"Cormier","price":1500,"published_date":"2004-04-03T22:00:00.000000Z","support":"Grand format","publisher_availability":1,"stock":0,"editions":[],"url":"https:\/\/quaidesbrumes.com\/ouvrage\/9782930231099\/fragments"},{"id":"9782296055315","title":"J'entends souffler l'harmattan","description":"Cet ouvrage peut sembler un r\u00e9cit. Il peut sembler un manifeste. Il semble comme une prise de conscience. Il est une histoire de sable et de vent, de roches et de poussi\u00e8res. Il prend pr\u00e9texte d'un voyage pour dire nuement le monde tel qu'il para\u00eet \u00e0 la conscience qui le nomme.\r","authors":["Bruno Ebl\u00e9"],"category_codes":["1000000","1090000"],"visuals":{"large":"https:\/\/images.epagine.fr\/315\/9782296055315_1_75.jpg","medium":"https:\/\/images.epagine.fr\/315\/9782296055315_1_m.jpg","thumbnail":"https:\/\/images.epagine.fr\/315\/9782296055315_1_v.jpg"},"orderable":true,"show_badge":true,"formatted_price":"11,50&nbsp;\u20ac","formatted_published_date":"16 avril 2008","publisher_availability_label":"Sur commande","short_details":"Bruno Ebl\u00e9 \u2014 \u00c9ditions L'Harmattan","translator":null,"weight":115,"page_count":null,"readership":null,"editor":"\u00c9ditions L'Harmattan","price":1150,"published_date":"2008-04-15T22:00:00.000000Z","support":"Grand format","publisher_availability":1,"stock":0,"editions":[],"url":"https:\/\/quaidesbrumes.com\/ouvrage\/9782296055315\/jentends-souffler-lharmattan"},{"id":"9782930231396","title":"M\u00e9moire de l'outil","description":null,"authors":["Bosquet De Thoran Al"],"category_codes":["1000000","1090000"],"visuals":{"large":"https:\/\/images.epagine.fr\/396\/9782930231396_1_75.jpg","medium":"https:\/\/images.epagine.fr\/396\/9782930231396_1_m.jpg","thumbnail":"https:\/\/images.epagine.fr\/396\/9782930231396_1_v.jpg"},"orderable":true,"show_badge":true,"formatted_price":"12,00&nbsp;\u20ac","formatted_published_date":"7 juillet 2007","publisher_availability_label":"Sur commande","short_details":"Bosquet De Thoran Al \u2014 Cormier","translator":null,"weight":130,"page_count":51,"readership":null,"editor":"Cormier","price":1200,"published_date":"2007-07-06T22:00:00.000000Z","support":"Grand format","publisher_availability":1,"stock":0,"editions":[],"url":"https:\/\/quaidesbrumes.com\/ouvrage\/9782930231396\/memoire-de-loutil"},{"id":"9782342002812","title":"Infraction","description":"\u00ab Mes fr\u00e8res, avec l\u00b4\u00e9clat d\u00b4un fusil, Me chassent hors la vie, Persuad\u00e9s que je ne leur ressemble pas ; Pillent, puis d\u00e9truisent ma demeure, Car je suis n\u00e9 o\u00f9 ils ne veulent pas ; Br\u00fblent mon corps, qui ne peut pr\u00e9tendre Au repos d\u00b4une s\u00e9pulture ; Et bien qu\u00b4interdit du miracle d\u00b4\u00eatre, Refusent en eux de me reconna\u00eetre, Pr\u00eat \u00e0 les accueillir. \u00bb\r","authors":["Jacques Ballul"],"category_codes":["1000000","1090000"],"visuals":{"large":"https:\/\/images.epagine.fr\/812\/9782342002812_1_75.jpg","medium":"https:\/\/images.epagine.fr\/812\/9782342002812_1_m.jpg","thumbnail":"https:\/\/images.epagine.fr\/812\/9782342002812_1_v.jpg"},"orderable":true,"show_badge":true,"formatted_price":"20,00&nbsp;\u20ac","formatted_published_date":"21 mars 2013","publisher_availability_label":"Sur commande","short_details":"Jacques Ballul \u2014 Societe Des Ecrivains","translator":null,"weight":280,"page_count":328,"readership":null,"editor":"Societe Des Ecrivains","price":2000,"published_date":"2013-03-20T23:00:00.000000Z","support":"Grand format","publisher_availability":1,"stock":0,"editions":[],"url":"https:\/\/quaidesbrumes.com\/ouvrage\/9782342002812\/infraction"},{"id":"9782930231051","title":"Miroir au soleil","description":null,"authors":["Elsa Cross","Fernand Verhesen"],"category_codes":["1000000","1090000"],"visuals":{"large":"https:\/\/images.epagine.fr\/051\/9782930231051_1_75.jpg","medium":"https:\/\/images.epagine.fr\/051\/9782930231051_1_m.jpg","thumbnail":"https:\/\/images.epagine.fr\/051\/9782930231051_1_v.jpg"},"orderable":true,"show_badge":true,"formatted_price":"18,00&nbsp;\u20ac","formatted_published_date":"20 d\u00e9cembre 1996","publisher_availability_label":"Sur commande","short_details":"Elsa Cross, Fernand Verhesen \u2014 Cormier","translator":"FERNAND VERHESEN","weight":296,"page_count":120,"readership":null,"editor":"Cormier","price":1800,"published_date":"1996-12-19T23:00:00.000000Z","support":"Grand format","publisher_availability":1,"stock":0,"editions":[],"url":"https:\/\/quaidesbrumes.com\/ouvrage\/9782930231051\/miroir-au-soleil"}]}