{"data":[{"id":"9782080665324","title":"Le Cerveau de l'enfant","description":"Les choses ont fini d'\u00eatre. Toutes les sc\u00e8nes, tragiques ou communes, ont \u00e9t\u00e9 jou\u00e9es. Ne restent, sur le Grand Th\u00e9\u00e2tre du Monde, que des personnages qui se souviennent, et qui disent avec des mots d'hier ce qui pourrait avoir \u00e9t\u00e9 et qui ne sera plus. Le po\u00e8me de Jean Cordesse est moins un chant des journ\u00e9es mortes qu'une invocation, une convocation de ce qui demeure, par-del\u00e0 les mythes endormis. \u00c0 travers de petites bourrasques de lucidit\u00e9, une parole se fait jour, elle h\u00e9site, elle reprend coeur, en d\u00e9pit du doute, comme un \u00e9clat de nuit arrach\u00e9e \u00e0 la terre par l'urgence de parler. Elle se doit, pour tracer la route, d'inventer, ou de restaurer du moins, les figures les plus anciennes de l'appartenance. Pour faire, s'il se peut, la terre habitable, en appeler aux images qui portent l'\u00e9nigme sans la d\u00e9chiffrer.","authors":["Jean Cordesse"],"category_codes":["1000000","1090000"],"visuals":{"large":"https:\/\/quaidesbrumes.com\/img\/book-placeholder.png","medium":"https:\/\/quaidesbrumes.com\/img\/book-placeholder.png","thumbnail":"https:\/\/quaidesbrumes.com\/img\/book-placeholder.png"},"orderable":true,"show_badge":true,"formatted_price":"10,10&nbsp;\u20ac","formatted_published_date":"15 novembre 1990","publisher_availability_label":"Sur commande","short_details":"Jean Cordesse \u2014 Flammarion","translator":null,"weight":158,"page_count":135,"readership":null,"editor":"Flammarion","price":1010,"published_date":"1990-11-14T23:00:00.000000Z","support":"Grand format","publisher_availability":1,"stock":0,"editions":[],"url":"https:\/\/quaidesbrumes.com\/ouvrage\/9782080665324\/le-cerveau-de-lenfant"},{"id":"9782296070028","title":"Entre silence et lumi\u00e8re","description":"Ce recueil continue \u00e0 nous transporter dans un monde o\u00f9 la lumi\u00e8re se fait silence afin de nous \u00e9clairer de l'int\u00e9rieur. Dans ce monde, le silence vaut musique, et la lecture de ces po\u00e8mes fait r\u00e9sonner en nous des harpes entre les mots. Dans ce monde, \u00e9galement, la partie blanche de la page vaut \u00e0 la fois silence et inspiration.\r","authors":["Jean-fran\u00e7ois Cocteau"],"category_codes":["1000000","1090000"],"visuals":{"large":"https:\/\/images.epagine.fr\/028\/9782296070028_1_75.jpg","medium":"https:\/\/images.epagine.fr\/028\/9782296070028_1_m.jpg","thumbnail":"https:\/\/images.epagine.fr\/028\/9782296070028_1_v.jpg"},"orderable":true,"show_badge":true,"formatted_price":"9,00&nbsp;\u20ac","formatted_published_date":"23 octobre 2008","publisher_availability_label":"Sur commande","short_details":"Jean-fran\u00e7ois Cocteau \u2014 \u00c9ditions L'Harmattan","translator":null,"weight":80,"page_count":52,"readership":null,"editor":"\u00c9ditions L'Harmattan","price":900,"published_date":"2008-10-22T22:00:00.000000Z","support":"Grand format","publisher_availability":1,"stock":0,"editions":[],"url":"https:\/\/quaidesbrumes.com\/ouvrage\/9782296070028\/entre-silence-et-lumiere"},{"id":"9782812700569","title":"Fulgurances","description":"Romanci\u00e8re \u00e0 succ\u00e8s, Gabrielle Lasco sessaye avec brio \u00e0 lart de la po\u00e9sie. Lamour est pr\u00e9sent dans la quasi-totalit\u00e9 de ses po\u00e8mes, un amour qui embrase les curs et les corps sans aucun interdit, amours br\u00fblants, amours charnels qui m\u00e8nent tant\u00f4t au paradis, tant\u00f4t en enfer, unissent ou d\u00e9sunissent les amants car \u00ab aime \u00bb rime parfois avec \u00ab haine \u00bb.\r","authors":["Gabrielle Lasco"],"category_codes":["1000000","1090000"],"visuals":{"large":"https:\/\/images.epagine.fr\/569\/9782812700569_1_75.jpg","medium":"https:\/\/images.epagine.fr\/569\/9782812700569_1_m.jpg","thumbnail":"https:\/\/images.epagine.fr\/569\/9782812700569_1_v.jpg"},"orderable":true,"show_badge":true,"formatted_price":"13,00&nbsp;\u20ac","formatted_published_date":"11 mai 2009","publisher_availability_label":"Sur commande","short_details":"Gabrielle Lasco \u2014 Presses Du Midi","translator":null,"weight":99,"page_count":99,"readership":null,"editor":"Presses Du Midi","price":1300,"published_date":"2009-05-10T22:00:00.000000Z","support":"Grand format","publisher_availability":1,"stock":0,"editions":[],"url":"https:\/\/quaidesbrumes.com\/ouvrage\/9782812700569\/fulgurances"},{"id":"9782951964266","title":"Le triangle grec ; suivi par \u00e9loge d'Alexandre","description":null,"authors":["Serge Dieudonn\u00e9"],"category_codes":["1000000","1090000"],"visuals":{"large":"https:\/\/quaidesbrumes.com\/img\/book-placeholder.png","medium":"https:\/\/quaidesbrumes.com\/img\/book-placeholder.png","thumbnail":"https:\/\/quaidesbrumes.com\/img\/book-placeholder.png"},"orderable":true,"show_badge":true,"formatted_price":"10,00&nbsp;\u20ac","formatted_published_date":"9 juin 2008","publisher_availability_label":"Sur commande","short_details":"Serge Dieudonn\u00e9 \u2014 Cherche Bruit","translator":null,"weight":120,"page_count":null,"readership":null,"editor":"Cherche Bruit","price":1000,"published_date":"2008-06-08T22:00:00.000000Z","support":"Grand format","publisher_availability":1,"stock":0,"editions":[],"url":"https:\/\/quaidesbrumes.com\/ouvrage\/9782951964266\/le-triangle-grec-suivi-par-eloge-dalexandre"},{"id":"9782845050785","title":"Oeuvres po\u00e9tiques","description":null,"authors":["Saint-Amant"],"category_codes":["1000000","1090000","1090200"],"visuals":{"large":"https:\/\/images.epagine.fr\/785\/9782845050785_1_75.jpg","medium":"https:\/\/images.epagine.fr\/785\/9782845050785_1_m.jpg","thumbnail":"https:\/\/images.epagine.fr\/785\/9782845050785_1_v.jpg"},"orderable":true,"show_badge":true,"formatted_price":"19,99&nbsp;\u20ac","formatted_published_date":"10 juin 2009","publisher_availability_label":"Sur commande","short_details":"Saint-Amant \u2014 Ressouvenances","translator":null,"weight":323,"page_count":292,"readership":null,"editor":"Ressouvenances","price":1999,"published_date":"2009-06-09T22:00:00.000000Z","support":"Grand format","publisher_availability":1,"stock":0,"editions":[],"url":"https:\/\/quaidesbrumes.com\/ouvrage\/9782845050785\/oeuvres-poetiques"},{"id":"9782916071312","title":"La vie est un songe","description":null,"authors":["Pierre Garnier"],"category_codes":["1000000","1090000"],"visuals":{"large":"https:\/\/quaidesbrumes.com\/img\/book-placeholder.png","medium":"https:\/\/quaidesbrumes.com\/img\/book-placeholder.png","thumbnail":"https:\/\/quaidesbrumes.com\/img\/book-placeholder.png"},"orderable":true,"show_badge":true,"formatted_price":"12,00&nbsp;\u20ac","formatted_published_date":"1er novembre 2008","publisher_availability_label":"Sur commande","short_details":"Pierre Garnier \u2014 Vanneaux","translator":null,"weight":156,"page_count":null,"readership":null,"editor":"Vanneaux","price":1200,"published_date":"2008-10-31T23:00:00.000000Z","support":"Grand format","publisher_availability":1,"stock":0,"editions":[],"url":"https:\/\/quaidesbrumes.com\/ouvrage\/9782916071312\/la-vie-est-un-songe"},{"id":"9782352080169","title":"Nue dans les orties","description":"Nue dans les orties est le r\u00e9cit d'une passion amoureuse, sexuelle, exclusive, qui va jusqu'\u00e0 la folie meurtri\u00e8re, seul moyen pour Elle d'\u00e9chapper \u00e0 l'attraction d'Il.\r\nVingt-deux textes \u00e9pidermiques, en prose po\u00e9tique o\u00f9 Catherine Leprince invente des unions de mots qui pourraient para\u00eetre improbables, mais qui, avec son style si particulier, cr\u00e9ent la magie. Les images prennent chair, les \u00e9motions surgissent, explosent, balayent tout en nous.\r\nApr\u00e8s son premier roman, Je porte plainte, l'auteur nous entra\u00eene \u00e0 nouveau dans la complexit\u00e9 de l'\u00e2me humaine, o\u00f9 se m\u00ealent tour \u00e0 tour d\u00e9sir et rejet, mais o\u00f9 l'instinct de vie l'emporte, toujours.\r","authors":["Catherine Leprince"],"category_codes":["1000000","1090000"],"visuals":{"large":"https:\/\/images.epagine.fr\/169\/9782352080169_1_75.jpg","medium":"https:\/\/images.epagine.fr\/169\/9782352080169_1_m.jpg","thumbnail":"https:\/\/images.epagine.fr\/169\/9782352080169_1_v.jpg"},"orderable":true,"show_badge":true,"formatted_price":"10,00&nbsp;\u20ac","formatted_published_date":"15 d\u00e9cembre 2009","publisher_availability_label":"Sur commande","short_details":"Catherine Leprince \u2014 Bord Du Lot","translator":null,"weight":80,"page_count":53,"readership":null,"editor":"Bord Du Lot","price":1000,"published_date":"2009-12-14T23:00:00.000000Z","support":"Grand format","publisher_availability":1,"stock":0,"editions":[],"url":"https:\/\/quaidesbrumes.com\/ouvrage\/9782352080169\/nue-dans-les-orties"},{"id":"9782080671424","title":"Le gel \u00e0 bord du Titanic","description":null,"authors":["Herv\u00e9 Piekarski"],"category_codes":["1000000","1090000"],"visuals":{"large":"https:\/\/images.epagine.fr\/424\/9782080671424_1_75.jpg","medium":"https:\/\/images.epagine.fr\/424\/9782080671424_1_m.jpg","thumbnail":"https:\/\/images.epagine.fr\/424\/9782080671424_1_v.jpg"},"orderable":true,"show_badge":true,"formatted_price":"12,40&nbsp;\u20ac","formatted_published_date":"1er janvier 1999","publisher_availability_label":"Sur commande","short_details":"Herv\u00e9 Piekarski \u2014 Flammarion","translator":null,"weight":152,"page_count":126,"readership":null,"editor":"Flammarion","price":1240,"published_date":"1998-12-31T23:00:00.000000Z","support":"Grand format","publisher_availability":1,"stock":0,"editions":[],"url":"https:\/\/quaidesbrumes.com\/ouvrage\/9782080671424\/le-gel-a-bord-du-titanic"},{"id":"9782874590108","title":"Papier-rivage","description":null,"authors":["Nathalie d. Druant"],"category_codes":["1000000","1090000"],"visuals":{"large":"https:\/\/images.epagine.fr\/108\/9782874590108_1_75.jpg","medium":"https:\/\/images.epagine.fr\/108\/9782874590108_1_m.jpg","thumbnail":"https:\/\/images.epagine.fr\/108\/9782874590108_1_v.jpg"},"orderable":true,"show_badge":true,"formatted_price":"15,43&nbsp;\u20ac","formatted_published_date":"1er juin 2001","publisher_availability_label":"Sur commande","short_details":"Nathalie d. Druant \u2014 Chloe Des Lys","translator":null,"weight":150,"page_count":101,"readership":null,"editor":"Chloe Des Lys","price":1543,"published_date":"2001-05-31T22:00:00.000000Z","support":"Grand format","publisher_availability":1,"stock":0,"editions":[],"url":"https:\/\/quaidesbrumes.com\/ouvrage\/9782874590108\/papier-rivage"},{"id":"9782082340267","title":"Quelqu'un commence a parler dans une chambre","description":null,"authors":["Claude Esteban"],"category_codes":["9000000","9120000"],"visuals":{"large":"https:\/\/quaidesbrumes.com\/img\/book-placeholder.png","medium":"https:\/\/quaidesbrumes.com\/img\/book-placeholder.png","thumbnail":"https:\/\/quaidesbrumes.com\/img\/book-placeholder.png"},"orderable":false,"show_badge":true,"formatted_price":"15,24&nbsp;\u20ac","formatted_published_date":null,"publisher_availability_label":"\u00c0 para\u00eetre","short_details":"Claude Esteban \u2014 Flammarion","translator":null,"weight":0,"page_count":null,"readership":null,"editor":"Flammarion","price":1524,"published_date":null,"support":"Grand format","publisher_availability":2,"stock":0,"editions":[],"url":"https:\/\/quaidesbrumes.com\/ouvrage\/9782082340267\/quelquun-commence-a-parler-dans-une-chambre"},{"id":"9782080672070","title":"Martingale","description":"Pas un instant qui ne soit identique \u00e0 un autre toutes choses sont les m\u00eames toujours L'\u00e2ne se charge du poids des reliques La nuit est un mus\u00e9e la nuit nous raconte des histoires Nuages des nuages qui dansent Les morts sont bien morts ne pas oublier de regarder le ciel","authors":["Pascal Boulanger"],"category_codes":["1000000","1090000"],"visuals":{"large":"https:\/\/quaidesbrumes.com\/img\/book-placeholder.png","medium":"https:\/\/quaidesbrumes.com\/img\/book-placeholder.png","thumbnail":"https:\/\/quaidesbrumes.com\/img\/book-placeholder.png"},"orderable":true,"show_badge":true,"formatted_price":"12,30&nbsp;\u20ac","formatted_published_date":"25 octobre 1995","publisher_availability_label":"Sur commande","short_details":"Pascal Boulanger \u2014 Flammarion","translator":null,"weight":134,"page_count":112,"readership":null,"editor":"Flammarion","price":1230,"published_date":"1995-10-24T23:00:00.000000Z","support":"Grand format","publisher_availability":1,"stock":0,"editions":[],"url":"https:\/\/quaidesbrumes.com\/ouvrage\/9782080672070\/martingale"},{"id":"9782080672605","title":"Opus 100","description":"Un recueil construit \u00e0 la mani\u00e8re d'une composition musicale, chaque section constituant un mouvement d\u00e9veloppant ses variations, ses dissonances et ses accords successifs. Des pages d'une sensibilit\u00e9 m\u00e9diterran\u00e9enne, tour \u00e0 tour inqui\u00e8te et d\u00e9sinvolte, riv\u00e9e au sol ingrat ou tourn\u00e9e vers le ciel.\r","authors":["Emmanuel Moses"],"category_codes":["1000000","1090000"],"visuals":{"large":"https:\/\/quaidesbrumes.com\/img\/book-placeholder.png","medium":"https:\/\/quaidesbrumes.com\/img\/book-placeholder.png","thumbnail":"https:\/\/quaidesbrumes.com\/img\/book-placeholder.png"},"orderable":true,"show_badge":true,"formatted_price":"12,30&nbsp;\u20ac","formatted_published_date":"1er novembre 1998","publisher_availability_label":"Sur commande","short_details":"Emmanuel Moses \u2014 Flammarion","translator":null,"weight":145,"page_count":142,"readership":null,"editor":"Flammarion","price":1230,"published_date":"1998-10-31T23:00:00.000000Z","support":"Grand format","publisher_availability":1,"stock":0,"editions":[],"url":"https:\/\/quaidesbrumes.com\/ouvrage\/9782080672605\/opus-100"},{"id":"9782080672629","title":"Tuer etc.","description":"\u00abJe n'ai jamais dit moins, j'ai dit plus quelquefois, non dans les faits, mais dans les circonstances, et cette esp\u00e8ce de mensonge fut plut\u00f4t l'effet du d\u00e9lire de l'imagination qu'un acte de volont\u00e9. J'ai tort m\u00eame de l'appeler mensonge, car aucune de ces additions n'en fut un.\u00bb","authors":["Philippe Clerc"],"category_codes":["1000000","1090000"],"visuals":{"large":"https:\/\/quaidesbrumes.com\/img\/book-placeholder.png","medium":"https:\/\/quaidesbrumes.com\/img\/book-placeholder.png","thumbnail":"https:\/\/quaidesbrumes.com\/img\/book-placeholder.png"},"orderable":true,"show_badge":true,"formatted_price":"12,30&nbsp;\u20ac","formatted_published_date":"6 mai 1996","publisher_availability_label":"Sur commande","short_details":"Philippe Clerc \u2014 Flammarion","translator":null,"weight":136,"page_count":120,"readership":null,"editor":"Flammarion","price":1230,"published_date":"1996-05-05T22:00:00.000000Z","support":"Grand format","publisher_availability":1,"stock":0,"editions":[],"url":"https:\/\/quaidesbrumes.com\/ouvrage\/9782080672629\/tuer-etc"},{"id":"9782916071381","title":"Voix d'eaux","description":null,"authors":["Luc Gibouin"],"category_codes":["1000000","1090000"],"visuals":{"large":"https:\/\/quaidesbrumes.com\/img\/book-placeholder.png","medium":"https:\/\/quaidesbrumes.com\/img\/book-placeholder.png","thumbnail":"https:\/\/quaidesbrumes.com\/img\/book-placeholder.png"},"orderable":true,"show_badge":true,"formatted_price":"15,00&nbsp;\u20ac","formatted_published_date":"1er novembre 2008","publisher_availability_label":"Sur commande","short_details":"Luc Gibouin \u2014 Vanneaux","translator":null,"weight":177,"page_count":null,"readership":null,"editor":"Vanneaux","price":1500,"published_date":"2008-10-31T23:00:00.000000Z","support":"Grand format","publisher_availability":1,"stock":0,"editions":[],"url":"https:\/\/quaidesbrumes.com\/ouvrage\/9782916071381\/voix-deaux"},{"id":"9782908016727","title":"Poemes en passant","description":null,"authors":["Marie Goyet"],"category_codes":["1000000","1090000"],"visuals":{"large":"https:\/\/quaidesbrumes.com\/img\/book-placeholder.png","medium":"https:\/\/quaidesbrumes.com\/img\/book-placeholder.png","thumbnail":"https:\/\/quaidesbrumes.com\/img\/book-placeholder.png"},"orderable":true,"show_badge":true,"formatted_price":"18,29&nbsp;\u20ac","formatted_published_date":"8 juin 1998","publisher_availability_label":"Sur commande","short_details":"Marie Goyet \u2014 Aleas","translator":null,"weight":401,"page_count":null,"readership":null,"editor":"Aleas","price":1829,"published_date":"1998-06-07T22:00:00.000000Z","support":"Grand format","publisher_availability":1,"stock":0,"editions":[],"url":"https:\/\/quaidesbrumes.com\/ouvrage\/9782908016727\/poemes-en-passant"},{"id":"9782878673418","title":"Violoniste des mots","description":null,"authors":["Justine Bocchi"],"category_codes":["1000000","1090000"],"visuals":{"large":"https:\/\/images.epagine.fr\/418\/9782878673418_1_75.jpg","medium":"https:\/\/images.epagine.fr\/418\/9782878673418_1_m.jpg","thumbnail":"https:\/\/images.epagine.fr\/418\/9782878673418_1_v.jpg"},"orderable":true,"show_badge":true,"formatted_price":"11,43&nbsp;\u20ac","formatted_published_date":"24 octobre 2001","publisher_availability_label":"Sur commande","short_details":"Justine Bocchi \u2014 Presses Du Midi","translator":null,"weight":140,"page_count":99,"readership":null,"editor":"Presses Du Midi","price":1143,"published_date":"2001-10-23T22:00:00.000000Z","support":"Grand format","publisher_availability":1,"stock":0,"editions":[],"url":"https:\/\/quaidesbrumes.com\/ouvrage\/9782878673418\/violoniste-des-mots"},{"id":"9782810600588","title":"Mais les mots qu'au vent noir je s\u00e8me","description":"Approchez ! Approchez !\r\nEntrez dans son antre magique ! Ici, pas besoin de \"S\u00e9same\" ! Il vous suffit de pousser la porte ! Raph SORIA vous prendra par la main et il vous entra\u00eenera pendant quelques instants dans un coin de son univers po\u00e9tique.\r\nVous y d\u00e9couvrirez des mots \u00e9tincelles, les cavaliers fous de l'apocalypse, un navigateur inter stellaire, un jardin triste, un miroir, mille cavales blanches, une mari\u00e9e dont on arrache la jarretelle, une girouette grise, des mots isoc\u00e8les, des mots qui ne sont que des mots, des mots qui ne sont pas des fusils...\r\nApprochez !\r\nVoyage surprenant, d\u00e9paysement garanti !\r\nEt il ne vous en co\u00fbtera que quelques kopeks !...\r","authors":["Raph Soria"],"category_codes":["1000000","1090000"],"visuals":{"large":"https:\/\/images.epagine.fr\/588\/9782810600588_1_75.jpg","medium":"https:\/\/images.epagine.fr\/588\/9782810600588_1_m.jpg","thumbnail":"https:\/\/images.epagine.fr\/588\/9782810600588_1_v.jpg"},"orderable":true,"show_badge":true,"formatted_price":"12,00&nbsp;\u20ac","formatted_published_date":"9 juin 2008","publisher_availability_label":"Sur commande","short_details":"Raph Soria \u2014 Books on Demand","translator":null,"weight":129,"page_count":80,"readership":null,"editor":"Books on Demand","price":1200,"published_date":"2008-06-08T22:00:00.000000Z","support":"Grand format","publisher_availability":1,"stock":0,"editions":[],"url":"https:\/\/quaidesbrumes.com\/ouvrage\/9782810600588\/mais-les-mots-quau-vent-noir-je-seme"},{"id":"9782952128605","title":"Contradictions personnelles","description":"S'asseoir sur un banc public et regarder passer les autres peut para\u00eetre anodin, c'est pourtant dans ces moments de grande solitude que nous apprenons le plus sur nous-m\u00eame. L'autre est un reflet particulier de notre propre identit\u00e9, nous y percevons des convictions, des doutes, des changements de cap, des forces et des faiblesses, enfin tout ce qui fait qu'\u00e0 la longue nous y voyons des contradictions. Nous saurons voir l'autre dans toute sa nudit\u00e9 car il devient la cible de nos jugements, mais se regarder soi-m\u00eame, savoir porter le regard sur soi comme on le porterait sur un autre n'est pas toujours facile. C'est pourtant ici un t\u00e9moignage poignant, plein de bouleversements int\u00e9rieurs que nous offre Victoria Vidal, un voyage au plus profond de son \u00eatre. Au fil de ses po\u00e8mes qui sont des instants authentiques de la vie, nous sommes en pleine contradiction.\r\n\r\n\r\n\r\nUne peinture sur la toile de nos \u00e9motions.\r","authors":["Victoria Vidal"],"category_codes":["1000000","1090000"],"visuals":{"large":"https:\/\/images.epagine.fr\/605\/9782952128605_1_75.jpg","medium":"https:\/\/images.epagine.fr\/605\/9782952128605_1_m.jpg","thumbnail":"https:\/\/images.epagine.fr\/605\/9782952128605_1_v.jpg"},"orderable":true,"show_badge":true,"formatted_price":"3,00&nbsp;\u20ac","formatted_published_date":"1er juillet 2004","publisher_availability_label":"Sur commande","short_details":"Victoria Vidal \u2014 Hugues Facorat","translator":null,"weight":62,"page_count":33,"readership":null,"editor":"Hugues Facorat","price":300,"published_date":"2004-06-30T22:00:00.000000Z","support":"Grand format","publisher_availability":1,"stock":0,"editions":[],"url":"https:\/\/quaidesbrumes.com\/ouvrage\/9782952128605\/contradictions-personnelles"},{"id":"9782841497966","title":"Le troubadour, poesies occitaniques","description":null,"authors":["Antoine Fabre Dolivet"],"category_codes":["1000000","1090000"],"visuals":{"large":"https:\/\/quaidesbrumes.com\/img\/book-placeholder.png","medium":"https:\/\/quaidesbrumes.com\/img\/book-placeholder.png","thumbnail":"https:\/\/quaidesbrumes.com\/img\/book-placeholder.png"},"orderable":true,"show_badge":true,"formatted_price":"30,49&nbsp;\u20ac","formatted_published_date":"8 mars 2003","publisher_availability_label":"Sur commande","short_details":"Antoine Fabre Dolivet \u2014 Lacour-Olle","translator":null,"weight":0,"page_count":null,"readership":null,"editor":"Lacour-Olle","price":3049,"published_date":"2003-03-07T23:00:00.000000Z","support":"Grand format","publisher_availability":1,"stock":0,"editions":[],"url":"https:\/\/quaidesbrumes.com\/ouvrage\/9782841497966\/le-troubadour-poesies-occitaniques"},{"id":"9782841497942","title":"Tenter de vivre, poemes","description":null,"authors":["Edmond Reboul"],"category_codes":["1000000","1090000"],"visuals":{"large":"https:\/\/quaidesbrumes.com\/img\/book-placeholder.png","medium":"https:\/\/quaidesbrumes.com\/img\/book-placeholder.png","thumbnail":"https:\/\/quaidesbrumes.com\/img\/book-placeholder.png"},"orderable":true,"show_badge":true,"formatted_price":"18,29&nbsp;\u20ac","formatted_published_date":"8 mars 2003","publisher_availability_label":"Sur commande","short_details":"Edmond Reboul \u2014 Lacour-Olle","translator":null,"weight":0,"page_count":null,"readership":null,"editor":"Lacour-Olle","price":1829,"published_date":"2003-03-07T23:00:00.000000Z","support":"Grand format","publisher_availability":1,"stock":0,"editions":[],"url":"https:\/\/quaidesbrumes.com\/ouvrage\/9782841497942\/tenter-de-vivre-poemes"},{"id":"9782351280232","title":"Revue voix d'encre 37","description":"Proses et vers in\u00e9dits de Dominique Sorrente, Pavie Zygas, Tristan Cabral, Pierre Minot, V\u00e9ronique Joyaux, Ali Podrimja (traduit de l'albanais par Alexandre Zotos), Jean-Pierre Gandebeuf, Didier Jourdren et Franck Castagn\u00e9.\r","authors":["Collectif"],"category_codes":["1000000","1090000"],"visuals":{"large":"https:\/\/images.epagine.fr\/232\/9782351280232_1_75.jpg","medium":"https:\/\/images.epagine.fr\/232\/9782351280232_1_m.jpg","thumbnail":"https:\/\/images.epagine.fr\/232\/9782351280232_1_v.jpg"},"orderable":true,"show_badge":true,"formatted_price":"10,00&nbsp;\u20ac","formatted_published_date":"28 ao\u00fbt 2007","publisher_availability_label":"Sur commande","short_details":"Collectif \u2014 Voix D'Encre","translator":null,"weight":165,"page_count":null,"readership":null,"editor":"Voix D'Encre","price":1000,"published_date":"2007-08-27T22:00:00.000000Z","support":"Grand format","publisher_availability":1,"stock":0,"editions":[],"url":"https:\/\/quaidesbrumes.com\/ouvrage\/9782351280232\/revue-voix-dencre-37"},{"id":"9782856681152","title":"Saisons noires et rouges","description":null,"authors":["Fran\u00e7ois Perche"],"category_codes":["1000000","1090000"],"visuals":{"large":"https:\/\/images.epagine.fr\/152\/9782856681152_1_75.jpg","medium":"https:\/\/images.epagine.fr\/152\/9782856681152_1_m.jpg","thumbnail":"https:\/\/images.epagine.fr\/152\/9782856681152_1_v.jpg"},"orderable":true,"show_badge":true,"formatted_price":"13,00&nbsp;\u20ac","formatted_published_date":"15 mai 2005","publisher_availability_label":"Sur commande","short_details":"Fran\u00e7ois Perche \u2014 Rougerie","translator":null,"weight":250,"page_count":73,"readership":null,"editor":"Rougerie","price":1300,"published_date":"2005-05-14T22:00:00.000000Z","support":"Grand format","publisher_availability":1,"stock":0,"editions":[],"url":"https:\/\/quaidesbrumes.com\/ouvrage\/9782856681152\/saisons-noires-et-rouges"},{"id":"9782296094055","title":"Demeures et parole","description":"Si tu pouvais comprendre \/ La rose est mon sourire \/ L'avenir de ton nom \/ Le pr\u00e9sent de notre partage \/ Oh ma toute petite \/ Oh ma tant aim\u00e9e \/ Par quels degr\u00e9s d'absence \/ La Chair \/ S'est-elle obscurcie ? Liza-Maria est po\u00e8te, auteur dramatique et com\u00e9dienne. Ses textes ont paru dans les revues Terpsichore et Ici & l\u00e0.\r","authors":["Liza Maria"],"category_codes":["1000000","1090000"],"visuals":{"large":"https:\/\/images.epagine.fr\/055\/9782296094055_1_75.jpg","medium":"https:\/\/images.epagine.fr\/055\/9782296094055_1_m.jpg","thumbnail":"https:\/\/images.epagine.fr\/055\/9782296094055_1_v.jpg"},"orderable":true,"show_badge":true,"formatted_price":"13,00&nbsp;\u20ac","formatted_published_date":"23 juillet 2009","publisher_availability_label":"Sur commande","short_details":"Liza Maria \u2014 \u00c9ditions L'Harmattan","translator":null,"weight":95,"page_count":null,"readership":null,"editor":"\u00c9ditions L'Harmattan","price":1300,"published_date":"2009-07-22T22:00:00.000000Z","support":"Grand format","publisher_availability":1,"stock":0,"editions":[],"url":"https:\/\/quaidesbrumes.com\/ouvrage\/9782296094055\/demeures-et-parole"},{"id":"9782296086050","title":"Saison nue","description":"Ce recueil de po\u00e8mes c\u00e9l\u00e8bre la Loz\u00e8re, les hautes terres de l'ancien G\u00e9vaudan, o\u00f9 les saisons sont marqu\u00e9es, le rythme bien \u00e0 quatre temps. La saison nue, c'est la cinqui\u00e8me, celle sans apparat et qui les traverse toutes, le pr\u00e9cipit\u00e9 d'une ann\u00e9e en relation quotidienne avec les \u00e9l\u00e9ments, avec l'essentiel.\r","authors":["Thierry Timaxian"],"category_codes":["1000000","1090000"],"visuals":{"large":"https:\/\/images.epagine.fr\/050\/9782296086050_1_75.jpg","medium":"https:\/\/images.epagine.fr\/050\/9782296086050_1_m.jpg","thumbnail":"https:\/\/images.epagine.fr\/050\/9782296086050_1_v.jpg"},"orderable":true,"show_badge":true,"formatted_price":"12,00&nbsp;\u20ac","formatted_published_date":"22 avril 2009","publisher_availability_label":"Sur commande","short_details":"Thierry Timaxian \u2014 \u00c9ditions L'Harmattan","translator":null,"weight":95,"page_count":80,"readership":null,"editor":"\u00c9ditions L'Harmattan","price":1200,"published_date":"2009-04-21T22:00:00.000000Z","support":"Grand format","publisher_availability":1,"stock":0,"editions":[],"url":"https:\/\/quaidesbrumes.com\/ouvrage\/9782296086050\/saison-nue"}]}