{"data":[{"id":"9782080672568","title":"Une \u00abActionpo\u00e9tique\u00bb de 1950 \u00e0 aujourd'hui","description":"Histoire de la naissance et de l'aventure collective de cette revue de po\u00e9sie, replac\u00e9e dans son contexte historique et culturel. Avec une anthologie des principaux textes parus dans la revue, avec pr\u00e9sentation des auteurs. L'accent est mis aussi sur l'immense travail de traduction qui caract\u00e9rise l'\u00abAction po\u00e9tique\u00bb.\r","authors":["Pascal Boulanger"],"category_codes":["1000000","1090000"],"visuals":{"large":"https:\/\/quaidesbrumes.com\/img\/book-placeholder.png","medium":"https:\/\/quaidesbrumes.com\/img\/book-placeholder.png","thumbnail":"https:\/\/quaidesbrumes.com\/img\/book-placeholder.png"},"orderable":true,"show_badge":true,"formatted_price":"30,20&nbsp;\u20ac","formatted_published_date":"1er novembre 1998","publisher_availability_label":"Sur commande","short_details":"Pascal Boulanger \u2014 Flammarion","translator":null,"weight":945,"page_count":616,"readership":null,"editor":"Flammarion","price":3020,"published_date":"1998-10-31T23:00:00.000000Z","support":"Grand format","publisher_availability":1,"stock":0,"editions":[],"url":"https:\/\/quaidesbrumes.com\/ouvrage\/9782080672568\/une-actionpoetique-de-1950-a-aujourdhui"},{"id":"9782843450037","title":"Approche de proches en croche","description":"Blanches et noires.\r\nNotes et pauses.\r\n\r\nPatrice ABA ne joue pas avec les mots, il les fait jouer comme chaque instrument d'un orchestre dont il \u00e9crit chaque partition.\r\nSa po\u00e9sie est avant tout musique, elle tire partie des rythmes, des sons, des phrases et des mots qui ne cesse de se d\u00e9rouler tout au long du recueil.\r\n\u00ab Sous les pav\u00e9s, la phrase \u00bb pourrait-on dire. Une r\u00e9volution pleine d'amour de tendresse, d'attention et de regard vers l'autre.\r\nDans la puret\u00e9 et la rigueur de la langue fran\u00e7aise, Patrice ABA nous parle de notre monde d'aujourd'hui dans une langue parfois proche du slam mais dans une splendeur et une flamboyance tel que notre monde nous semble bien plus beau !\r","authors":["Patrice Aba"],"category_codes":["1000000","1090000","1090600"],"visuals":{"large":"https:\/\/images.epagine.fr\/037\/9782843450037_1_75.jpg","medium":"https:\/\/images.epagine.fr\/037\/9782843450037_1_m.jpg","thumbnail":"https:\/\/images.epagine.fr\/037\/9782843450037_1_v.jpg"},"orderable":true,"show_badge":true,"formatted_price":"25,00&nbsp;\u20ac","formatted_published_date":"6 juillet 2011","publisher_availability_label":"Sur commande","short_details":"Patrice Aba \u2014 Pyramidion","translator":null,"weight":200,"page_count":118,"readership":null,"editor":"Pyramidion","price":2500,"published_date":"2011-07-05T22:00:00.000000Z","support":"Livre + CD Audio","publisher_availability":1,"stock":0,"editions":[],"url":"https:\/\/quaidesbrumes.com\/ouvrage\/9782843450037\/approche-de-proches-en-croche"},{"id":"9782878676525","title":"Faust a staufen","description":null,"authors":["Edmond Reboul"],"category_codes":["1000000","1090000"],"visuals":{"large":"https:\/\/quaidesbrumes.com\/img\/book-placeholder.png","medium":"https:\/\/quaidesbrumes.com\/img\/book-placeholder.png","thumbnail":"https:\/\/quaidesbrumes.com\/img\/book-placeholder.png"},"orderable":true,"show_badge":true,"formatted_price":"14,00&nbsp;\u20ac","formatted_published_date":"3 juin 2005","publisher_availability_label":"Sur commande","short_details":"Edmond Reboul \u2014 Presses Du Midi","translator":null,"weight":154,"page_count":null,"readership":null,"editor":"Presses Du Midi","price":1400,"published_date":"2005-06-02T22:00:00.000000Z","support":"Grand format","publisher_availability":1,"stock":0,"editions":[],"url":"https:\/\/quaidesbrumes.com\/ouvrage\/9782878676525\/faust-a-staufen"},{"id":"9782905471079","title":"Comment ca va","description":null,"authors":["Vladimir Ma\u00efakovski"],"category_codes":["1000000","1090000"],"visuals":{"large":"https:\/\/quaidesbrumes.com\/img\/book-placeholder.png","medium":"https:\/\/quaidesbrumes.com\/img\/book-placeholder.png","thumbnail":"https:\/\/quaidesbrumes.com\/img\/book-placeholder.png"},"orderable":true,"show_badge":true,"formatted_price":"22,11&nbsp;\u20ac","formatted_published_date":"8 mars 2003","publisher_availability_label":"Sur commande","short_details":"Vladimir Ma\u00efakovski \u2014 Clemence Hiver","translator":null,"weight":0,"page_count":null,"readership":null,"editor":"Clemence Hiver","price":2211,"published_date":"2003-03-07T23:00:00.000000Z","support":"Grand format","publisher_availability":1,"stock":0,"editions":[],"url":"https:\/\/quaidesbrumes.com\/ouvrage\/9782905471079\/comment-ca-va"},{"id":"9782953655308","title":"Le concept en po\u00e8mes","description":"Ce recueil est une exp\u00e9rience in\u00e9dite : chaque chapitre est une illustration po\u00e9tique inspir\u00e9e de l'album musical \"Christina Goh Concept\". Un voyage litt\u00e9raire surprenant au coeur d'un univers unique !\r","authors":["Christina Goh"],"category_codes":["1000000","1090000"],"visuals":{"large":"https:\/\/images.epagine.fr\/308\/9782953655308_1_75.jpg","medium":"https:\/\/images.epagine.fr\/308\/9782953655308_1_m.jpg","thumbnail":"https:\/\/images.epagine.fr\/308\/9782953655308_1_v.jpg"},"orderable":true,"show_badge":true,"formatted_price":"10,90&nbsp;\u20ac","formatted_published_date":"9 avril 2010","publisher_availability_label":"Sur commande","short_details":"Christina Goh \u2014 Books on Demand","translator":null,"weight":301,"page_count":null,"readership":null,"editor":"Books on Demand","price":1090,"published_date":"2010-04-08T22:00:00.000000Z","support":"Grand format","publisher_availability":1,"stock":0,"editions":[],"url":"https:\/\/quaidesbrumes.com\/ouvrage\/9782953655308\/le-concept-en-poemes"},{"id":"9782757000359","title":"Tombouctou livre et sable ; Tombouctou mise \u00e0 sac","description":"Genevi\u00e8ve et Michel Vidal voyagent. L'une \u00e9crit, l'autre photographie. Leur double perception de Tombouctou dresse un portrait synth\u00e9tique et po\u00e9tique de la ville aux livres couleur de sable.\r\nCes livres, vivants et pr\u00e9sents depuis des si\u00e8cles, s'ensablaient lentement devant la progression du d\u00e9sert et l'\u00e9loignement du fleuve Niger.\r\nCe recueil est le t\u00e9moin d'un renversement de l'Histoire: Tombouctou, promue patrimoine mondial de l'humanit\u00e9 par l'UNESCO, remet \u00e0 l'honneur son patrimoine de manuscrits.\r\nLe 1er avril 2012, les islamistes arm\u00e9s investissent Tombouctou. La cit\u00e9 des 333 saints est alors mise \u00e0 sac... Les po\u00e8mes et photos qui c\u00e9l\u00e8brent l'imm\u00e9moriale Tombouctou prennent alors une valeur particuli\u00e8re, il y a urgence \u00e0 sauvegarder et restaurer les manuscrits et les \u00e9difices de ce patrimoine de l'humanit\u00e9.","authors":["El-boukhari Ben essayouti","Genevi\u00e8ve Vidal","Michel Vidal"],"category_codes":["1000000","1090000"],"visuals":{"large":"https:\/\/images.epagine.fr\/359\/9782757000359_1_75.jpg","medium":"https:\/\/images.epagine.fr\/359\/9782757000359_1_m.jpg","thumbnail":"https:\/\/images.epagine.fr\/359\/9782757000359_1_v.jpg"},"orderable":true,"show_badge":true,"formatted_price":"10,00&nbsp;\u20ac","formatted_published_date":"2 octobre 2006","publisher_availability_label":"Sur commande","short_details":"El-boukhari Ben essayouti, Genevi\u00e8ve Vidal, Michel Vidal \u2014 Jacques Andre","translator":null,"weight":52,"page_count":46,"readership":null,"editor":"Jacques Andre","price":1000,"published_date":"2006-10-01T22:00:00.000000Z","support":"Grand format","publisher_availability":1,"stock":0,"editions":[],"url":"https:\/\/quaidesbrumes.com\/ouvrage\/9782757000359\/tombouctou-livre-et-sable-tombouctou-mise-a-sac"},{"id":"9782812104053","title":"Aurora","description":"&lt;i&gt;Aurora&lt;\/i&gt; est un recueil d'adolescence qui traverse le temps de l'ennui et de l'ailleurs, dans une \u00e9criture o\u00f9 l'image prime.\r","authors":["Eymeric Manzinali"],"category_codes":["1000000","1090000"],"visuals":{"large":"https:\/\/images.epagine.fr\/053\/9782812104053_1_75.jpg","medium":"https:\/\/images.epagine.fr\/053\/9782812104053_1_m.jpg","thumbnail":"https:\/\/images.epagine.fr\/053\/9782812104053_1_v.jpg"},"orderable":true,"show_badge":true,"formatted_price":"8,00&nbsp;\u20ac","formatted_published_date":"5 janvier 2009","publisher_availability_label":"Sur commande","short_details":"Eymeric Manzinali \u2014 Edilivre","translator":null,"weight":40,"page_count":null,"readership":null,"editor":"Edilivre","price":800,"published_date":"2009-01-04T23:00:00.000000Z","support":"Grand format","publisher_availability":1,"stock":0,"editions":[],"url":"https:\/\/quaidesbrumes.com\/ouvrage\/9782812104053\/aurora"},{"id":"9782918530145","title":"Mon r\u00eave familier ; oeuvre originale d'Emmanuel Laraque","description":null,"authors":["Paul Verlaine"],"category_codes":["1000000","1090000"],"visuals":{"large":"https:\/\/images.epagine.fr\/145\/9782918530145_1_75.jpg","medium":"https:\/\/images.epagine.fr\/145\/9782918530145_1_m.jpg","thumbnail":"https:\/\/images.epagine.fr\/145\/9782918530145_1_v.jpg"},"orderable":true,"show_badge":true,"formatted_price":"1,00&nbsp;\u20ac","formatted_published_date":"25 avril 2010","publisher_availability_label":"Sur commande","short_details":"Paul Verlaine \u2014 Le Billet Poeme","translator":null,"weight":101,"page_count":null,"readership":null,"editor":"Le Billet Poeme","price":100,"published_date":"2010-04-24T22:00:00.000000Z","support":"Grand format","publisher_availability":1,"stock":0,"editions":[],"url":"https:\/\/quaidesbrumes.com\/ouvrage\/9782918530145\/mon-reve-familier-oeuvre-originale-demmanuel-laraque"},{"id":"9782354851606","title":"Les \u00e2mes perdues","description":"\u00ab Les \u00e2mes perdues \u00bb est un recueil de po\u00e8mes atypique, dont les textes sont entrecoup\u00e9s de r\u00e9flexions de l'auteur qui tient \u00e0 partager son besoin imp\u00e9rieux d'\u00e9crire, et nous invite \u00e0 ne pas h\u00e9siter \u00e0 tenter l'exp\u00e9rience. \u00c9vocation de sombres desseins ou tendre portrait d'une a\u00efeule disparue, ces po\u00e8mes bouleversants font toujours mouche. L'auteur acc\u00e8de ainsi \u00e0 son d\u00e9sir : \u00ab Ces \u00e2mes perdues nous aident \u00e0 trouver notre chemin \u00bb.\r","authors":["Teddy kevin Soulard"],"category_codes":["1000000","1090000"],"visuals":{"large":"https:\/\/images.epagine.fr\/606\/9782354851606_1_75.jpg","medium":"https:\/\/images.epagine.fr\/606\/9782354851606_1_m.jpg","thumbnail":"https:\/\/images.epagine.fr\/606\/9782354851606_1_v.jpg"},"orderable":true,"show_badge":true,"formatted_price":"13,50&nbsp;\u20ac","formatted_published_date":"29 avril 2010","publisher_availability_label":"Sur commande","short_details":"Teddy kevin Soulard \u2014 JETS D'ENCRE","translator":null,"weight":85,"page_count":null,"readership":null,"editor":"JETS D'ENCRE","price":1350,"published_date":"2010-04-28T22:00:00.000000Z","support":"Grand format","publisher_availability":1,"stock":0,"editions":[],"url":"https:\/\/quaidesbrumes.com\/ouvrage\/9782354851606\/les-ames-perdues"},{"id":"9782849241097","title":"Effets du facteur \u00e9olien de l'art sur l'\u00e9rosion des choses","description":"Le cordon ombilical qui relie l'oeuvre d'art \u00e0 la totalit\u00e9 de notre probl\u00e9matique n'a pas \u00e9t\u00e9 coup\u00e9, le sang du myst\u00e8re continue \u00e0 circuler librement... Au demeurant, l'art ne saurait r\u00e9soudre enti\u00e8rement cette \u00e9nigme ; il restera toujours une part de myst\u00e8re.\r\nLe noeud qui a servi \u00e0 nouer l'\u00e2me n'est pas un faux noeud qui se d\u00e9noue si l'on tire sur les extr\u00e9mit\u00e9s : au contraire, il ne fait que se resserrer davantage. Nous entreprenons de le manipuler, de sentir le cheminement de la corde, d'en d\u00e9couvrir l'extr\u00e9mit\u00e9, et l'art na\u00eet de ces manipulations.\r","authors":["Dominique Baur","Werner Lambersy"],"category_codes":["1000000","1090000"],"visuals":{"large":"https:\/\/images.epagine.fr\/097\/9782849241097_1_75.jpg","medium":"https:\/\/images.epagine.fr\/097\/9782849241097_1_m.jpg","thumbnail":"https:\/\/images.epagine.fr\/097\/9782849241097_1_v.jpg"},"orderable":true,"show_badge":true,"formatted_price":"10,00&nbsp;\u20ac","formatted_published_date":"20 novembre 2008","publisher_availability_label":"Sur commande","short_details":"Dominique Baur, Werner Lambersy \u2014 Editions Du Cygne","translator":null,"weight":100,"page_count":60,"readership":null,"editor":"Editions Du Cygne","price":1000,"published_date":"2008-11-19T23:00:00.000000Z","support":"Grand format","publisher_availability":1,"stock":0,"editions":[],"url":"https:\/\/quaidesbrumes.com\/ouvrage\/9782849241097\/effets-du-facteur-eolien-de-lart-sur-lerosion-des-choses"},{"id":"9782296123465","title":"Floril\u00e8ge po\u00e9tique","description":"Pr\u00e8s d'un square, il y a un banc... \/ Mon esprit y revient souvent. \/ Quand j'ai tant de peine \u00e0 la vie. \/ Que de souvenirs foisonnent \/ Et envahissent d'herbes folles la m\u00e9moire de mes r\u00eaves. \/ Le vent fait bouger les tilleuls d'or de la place. \/ La conversation peut commencer. \/ En v\u00e9rit\u00e9, nous parlions de beaucoup de choses, \/ Parfois futiles, mais aussi de Dieu. \/ Nous ne redoutions ni l'hiver, ni l'automne. \/ C'est toujours le printemps, quand nos deux coeurs r\u00e9sonnent. \/ H\u00e9las ! Ce n'est qu'un souvenir de bonheur illusoire, \/ ... Car mon ami n'est plus...\r","authors":["Franck Gal\u00e9a"],"category_codes":["1000000","1090000"],"visuals":{"large":"https:\/\/images.epagine.fr\/465\/9782296123465_1_75.jpg","medium":"https:\/\/images.epagine.fr\/465\/9782296123465_1_m.jpg","thumbnail":"https:\/\/images.epagine.fr\/465\/9782296123465_1_v.jpg"},"orderable":true,"show_badge":true,"formatted_price":"12,00&nbsp;\u20ac","formatted_published_date":"15 juin 2010","publisher_availability_label":"Sur commande","short_details":"Franck Gal\u00e9a \u2014 \u00c9ditions L'Harmattan","translator":null,"weight":118,"page_count":88,"readership":null,"editor":"\u00c9ditions L'Harmattan","price":1200,"published_date":"2010-06-14T22:00:00.000000Z","support":"Grand format","publisher_availability":1,"stock":0,"editions":[],"url":"https:\/\/quaidesbrumes.com\/ouvrage\/9782296123465\/florilege-poetique"},{"id":"9782296058200","title":"Et dieu oublia le prince charmant","description":"Il y a cette jeune femme trop bavarde ne pouvant oublier son premier amour adolescent pourtant fini avant d'avoir commenc\u00e9. Il y a ce jeune homme \u00e0 fleur de peau pr\u00eat \u00e0 tuer le chat de son ancienne petite amie... Il y a Cendrillon dont le coeur bat secr\u00e8tement pour un homme qui la remarque \u00e0 peine, alors qu'elle est mari\u00e9e \u00e0 un prince f\u00e9tichiste des pieds... La pagaille et l'incompr\u00e9hension r\u00e8gnent et les couples mod\u00e8les s'effondrent : tout \u00e7a au fond c'est la faute \u00e0 cette connerie de prince charmant.\r","authors":["Eve Laundeback"],"category_codes":["1000000","1090000"],"visuals":{"large":"https:\/\/images.epagine.fr\/200\/9782296058200_1_75.jpg","medium":"https:\/\/images.epagine.fr\/200\/9782296058200_1_m.jpg","thumbnail":"https:\/\/images.epagine.fr\/200\/9782296058200_1_v.jpg"},"orderable":true,"show_badge":true,"formatted_price":"11,00&nbsp;\u20ac","formatted_published_date":"27 mai 2008","publisher_availability_label":"Sur commande","short_details":"Eve Laundeback \u2014 \u00c9ditions L'Harmattan","translator":null,"weight":80,"page_count":64,"readership":null,"editor":"\u00c9ditions L'Harmattan","price":1100,"published_date":"2008-05-26T22:00:00.000000Z","support":"Poche","publisher_availability":1,"stock":0,"editions":[],"url":"https:\/\/quaidesbrumes.com\/ouvrage\/9782296058200\/et-dieu-oublia-le-prince-charmant"},{"id":"9782296077980","title":"Slam du sud","description":"Les textes de ces trois auteurs refl\u00e8tent leur souci d'exprimer leur fa\u00e7on d'habiter le monde, qu'il soit social, urbain, politique, intime. Ainsi, leur \u00e9criture allie leur expression de la parole orale \u00e0 un v\u00e9cu sensible, que l'intimit\u00e9 de l'\u00e9criture s'efforce de recueillir. Les sons se cachent se d\u00e9tachent \/ Glissade des doigts sur les cordes tendues \/ Les sons cash\/cach\u00e9s\/cash\/cach\u00e9s\/cash\/cach\u00e9s \/ M\u00e2cher, les m\u00e2cher\/ Marcher avec eux dans la bouche...","authors":["Jenny Braixat","Chantal Enocq","St\u00e9phane Page"],"category_codes":["1000000","1090000"],"visuals":{"large":"https:\/\/images.epagine.fr\/980\/9782296077980_1_75.jpg","medium":"https:\/\/images.epagine.fr\/980\/9782296077980_1_m.jpg","thumbnail":"https:\/\/images.epagine.fr\/980\/9782296077980_1_v.jpg"},"orderable":true,"show_badge":true,"formatted_price":"8,00&nbsp;\u20ac","formatted_published_date":"14 janvier 2009","publisher_availability_label":"Sur commande","short_details":"Jenny Braixat, Chantal Enocq, St\u00e9phane Page \u2014 \u00c9ditions L'Harmattan","translator":null,"weight":50,"page_count":28,"readership":null,"editor":"\u00c9ditions L'Harmattan","price":800,"published_date":"2009-01-13T23:00:00.000000Z","support":"Grand format","publisher_availability":1,"stock":0,"editions":[],"url":"https:\/\/quaidesbrumes.com\/ouvrage\/9782296077980\/slam-du-sud"},{"id":"9782296078109","title":"Slame \u00e0 l'\u00e2me","description":"Ce recueil pr\u00e9sente des \u00e9crits d\u00e9clam\u00e9s sur des sc\u00e8nes libres. Le Slam est un partage de textes. Quand on monte sur sc\u00e8ne, on est slameur, quand on en descend, on est spectateur. Les pages de Lo Jove portent un regard, parfois d\u00e9sabus\u00e9, sur les mots et les maux de notre \u00e9poque, ceux-l\u00e0 qui construisent le sens commun, orientent nos regards, pas toujours pour le meilleur, parfois pour le pire.\r","authors":["Lo Jove"],"category_codes":["1000000","1090000"],"visuals":{"large":"https:\/\/images.epagine.fr\/109\/9782296078109_1_75.jpg","medium":"https:\/\/images.epagine.fr\/109\/9782296078109_1_m.jpg","thumbnail":"https:\/\/images.epagine.fr\/109\/9782296078109_1_v.jpg"},"orderable":true,"show_badge":true,"formatted_price":"18,50&nbsp;\u20ac","formatted_published_date":"14 janvier 2009","publisher_availability_label":"Sur commande","short_details":"Lo Jove \u2014 \u00c9ditions L'Harmattan","translator":null,"weight":205,"page_count":190,"readership":null,"editor":"\u00c9ditions L'Harmattan","price":1850,"published_date":"2009-01-13T23:00:00.000000Z","support":"Grand format","publisher_availability":1,"stock":0,"editions":[],"url":"https:\/\/quaidesbrumes.com\/ouvrage\/9782296078109\/slame-a-lame"},{"id":"9782874591426","title":"Caresse de la paresse","description":null,"authors":["Fleurot Nicolas"],"category_codes":["1000000","1090000"],"visuals":{"large":"https:\/\/quaidesbrumes.com\/img\/book-placeholder.png","medium":"https:\/\/quaidesbrumes.com\/img\/book-placeholder.png","thumbnail":"https:\/\/quaidesbrumes.com\/img\/book-placeholder.png"},"orderable":true,"show_badge":true,"formatted_price":"15,43&nbsp;\u20ac","formatted_published_date":"21 avril 2006","publisher_availability_label":"Sur commande","short_details":"Fleurot Nicolas \u2014 Chloe Des Lys","translator":null,"weight":150,"page_count":null,"readership":null,"editor":"Chloe Des Lys","price":1543,"published_date":"2006-04-20T22:00:00.000000Z","support":"Grand format","publisher_availability":1,"stock":0,"editions":[],"url":"https:\/\/quaidesbrumes.com\/ouvrage\/9782874591426\/caresse-de-la-paresse"},{"id":"9782874591433","title":"Neantes","description":null,"authors":["Gilles Bizien"],"category_codes":["1000000","1090000"],"visuals":{"large":"https:\/\/quaidesbrumes.com\/img\/book-placeholder.png","medium":"https:\/\/quaidesbrumes.com\/img\/book-placeholder.png","thumbnail":"https:\/\/quaidesbrumes.com\/img\/book-placeholder.png"},"orderable":true,"show_badge":true,"formatted_price":"15,43&nbsp;\u20ac","formatted_published_date":"21 avril 2006","publisher_availability_label":"Sur commande","short_details":"Gilles Bizien \u2014 Chloe Des Lys","translator":null,"weight":150,"page_count":null,"readership":null,"editor":"Chloe Des Lys","price":1543,"published_date":"2006-04-20T22:00:00.000000Z","support":"Grand format","publisher_availability":1,"stock":0,"editions":[],"url":"https:\/\/quaidesbrumes.com\/ouvrage\/9782874591433\/neantes"},{"id":"9782910457303","title":"Chants de l'inaccueillie","description":null,"authors":["Tatiana Roy"],"category_codes":["1000000","1090000"],"visuals":{"large":"https:\/\/images.epagine.fr\/303\/9782910457303_1_75.jpg","medium":"https:\/\/images.epagine.fr\/303\/9782910457303_1_m.jpg","thumbnail":"https:\/\/images.epagine.fr\/303\/9782910457303_1_v.jpg"},"orderable":true,"show_badge":true,"formatted_price":"11,00&nbsp;\u20ac","formatted_published_date":"1er janvier 2002","publisher_availability_label":"Sur commande","short_details":"Tatiana Roy \u2014 Domens","translator":null,"weight":200,"page_count":null,"readership":null,"editor":"Domens","price":1100,"published_date":"2001-12-31T23:00:00.000000Z","support":"Grand format","publisher_availability":1,"stock":0,"editions":[],"url":"https:\/\/quaidesbrumes.com\/ouvrage\/9782910457303\/chants-de-linaccueillie"},{"id":"9782910457273","title":"Je demande a voir","description":null,"authors":["Jean Verdure"],"category_codes":["1000000","1090000"],"visuals":{"large":"https:\/\/images.epagine.fr\/273\/9782910457273_1_75.jpg","medium":"https:\/\/images.epagine.fr\/273\/9782910457273_1_m.jpg","thumbnail":"https:\/\/images.epagine.fr\/273\/9782910457273_1_v.jpg"},"orderable":true,"show_badge":true,"formatted_price":"11,00&nbsp;\u20ac","formatted_published_date":"1er janvier 2002","publisher_availability_label":"Sur commande","short_details":"Jean Verdure \u2014 Domens","translator":null,"weight":200,"page_count":null,"readership":null,"editor":"Domens","price":1100,"published_date":"2001-12-31T23:00:00.000000Z","support":"Grand format","publisher_availability":1,"stock":0,"editions":[],"url":"https:\/\/quaidesbrumes.com\/ouvrage\/9782910457273\/je-demande-a-voir"},{"id":"9791097516383","title":"Carnets de l'enfance des arbres","description":null,"authors":["Lavoue\/Simon"],"category_codes":["1000000","1090000","1090600"],"visuals":{"large":"https:\/\/quaidesbrumes.com\/img\/book-placeholder.png","medium":"https:\/\/quaidesbrumes.com\/img\/book-placeholder.png","thumbnail":"https:\/\/quaidesbrumes.com\/img\/book-placeholder.png"},"orderable":true,"show_badge":true,"formatted_price":"15,00&nbsp;\u20ac","formatted_published_date":"6 ao\u00fbt 2021","publisher_availability_label":"Sur commande","short_details":"Lavoue\/Simon \u2014 L'Enfance Des Arbres","translator":null,"weight":290,"page_count":null,"readership":null,"editor":"L'Enfance Des Arbres","price":1500,"published_date":"2021-08-05T22:00:00.000000Z","support":"Grand format","publisher_availability":1,"stock":0,"editions":[],"url":"https:\/\/quaidesbrumes.com\/ouvrage\/9791097516383\/carnets-de-lenfance-des-arbres"},{"id":"9782343033020","title":"Fanfares \u00e0 couteaux tir\u00e9s ; esquisses autour d'Albert Ayler","description":"Dans ce livre, le po\u00e8te esquisse des lieux de r\u00e9flexions et m\u00e9moires, \u00e9clair\u00e9s par la musique et la vie d'Albert Ayler (1936-1970) : saxophoniste phare du mouvement du Free Jazz des ann\u00e9es soixante, lib\u00e9rateur de sons, grand explorateur de l'autre Nouveau Monde, d'une oeuvre cr\u00e9atrice jusqu'alors insoup\u00e7onn\u00e9e, trangressant fronti\u00e8res et codes pour atteindre une verticalit\u00e9 \u00e9veill\u00e9e, une \u00e9l\u00e9vation humaine, moisson inesp\u00e9r\u00e9e d'une lutte int\u00e9rieure et de l'Histoire sonore am\u00e9ricaine.\r","authors":["Chim Nwabueze"],"category_codes":["1000000","1090000"],"visuals":{"large":"https:\/\/images.epagine.fr\/020\/9782343033020_1_75.jpg","medium":"https:\/\/images.epagine.fr\/020\/9782343033020_1_m.jpg","thumbnail":"https:\/\/images.epagine.fr\/020\/9782343033020_1_v.jpg"},"orderable":true,"show_badge":true,"formatted_price":"11,00&nbsp;\u20ac","formatted_published_date":"28 avril 2014","publisher_availability_label":"Sur commande","short_details":"Chim Nwabueze \u2014 \u00c9ditions L'Harmattan","translator":null,"weight":90,"page_count":52,"readership":null,"editor":"\u00c9ditions L'Harmattan","price":1100,"published_date":"2014-04-27T22:00:00.000000Z","support":"Grand format","publisher_availability":1,"stock":0,"editions":[],"url":"https:\/\/quaidesbrumes.com\/ouvrage\/9782343033020\/fanfares-a-couteaux-tires-esquisses-autour-dalbert-ayler"},{"id":"9782856681091","title":"Passage du temoin","description":null,"authors":["Jean-claude Xuereb"],"category_codes":["1000000","1090000"],"visuals":{"large":"https:\/\/images.epagine.fr\/091\/9782856681091_1_75.jpg","medium":"https:\/\/images.epagine.fr\/091\/9782856681091_1_m.jpg","thumbnail":"https:\/\/images.epagine.fr\/091\/9782856681091_1_v.jpg"},"orderable":true,"show_badge":true,"formatted_price":"13,00&nbsp;\u20ac","formatted_published_date":"15 mai 2005","publisher_availability_label":"Sur commande","short_details":"Jean-claude Xuereb \u2014 Rougerie","translator":null,"weight":250,"page_count":null,"readership":null,"editor":"Rougerie","price":1300,"published_date":"2005-05-14T22:00:00.000000Z","support":"Grand format","publisher_availability":1,"stock":0,"editions":[],"url":"https:\/\/quaidesbrumes.com\/ouvrage\/9782856681091\/passage-du-temoin"},{"id":"9782355770050","title":"Nous et nos troupeaux","description":null,"authors":["Jo\u00ebl Roussiez"],"category_codes":["1000000","1090000"],"visuals":{"large":"https:\/\/images.epagine.fr\/050\/9782355770050_1_75.jpg","medium":"https:\/\/images.epagine.fr\/050\/9782355770050_1_m.jpg","thumbnail":"https:\/\/images.epagine.fr\/050\/9782355770050_1_v.jpg"},"orderable":true,"show_badge":true,"formatted_price":"10,00&nbsp;\u20ac","formatted_published_date":"13 novembre 2008","publisher_availability_label":"Sur commande","short_details":"Jo\u00ebl Roussiez \u2014 La Rumeur Libre","translator":null,"weight":70,"page_count":64,"readership":null,"editor":"La Rumeur Libre","price":1000,"published_date":"2008-11-12T23:00:00.000000Z","support":"Poche","publisher_availability":1,"stock":0,"editions":[],"url":"https:\/\/quaidesbrumes.com\/ouvrage\/9782355770050\/nous-et-nos-troupeaux"},{"id":"9782847122398","title":"Le pardon \u00e0 la nuit","description":"Ecrire est une pratique. La po\u00e9sie ne se comprend pas. Elle existe. On ne saurait la r\u00e9soudre par la pens\u00e9e.&#8200;Il faut une exp\u00e9rience int\u00e9rieure. On pourrait la comparer \u00e0 ces koans zen, incompr\u00e9hensibles, absurdes m\u00eame \u00e0 premi\u00e8re vue. Pourtant c'est elle qui est vraie, plus que nos propos habituels, partiels, partiaux. Ni des r\u00eaves ni des imaginations, un \u00ab sport de l'extr\u00eame \u00bb a \u00e9crit une main anonyme dans la rue.\r","authors":["Rose Georges"],"category_codes":["1000000","1090000"],"visuals":{"large":"https:\/\/images.epagine.fr\/398\/9782847122398_1_75.jpg","medium":"https:\/\/images.epagine.fr\/398\/9782847122398_1_m.jpg","thumbnail":"https:\/\/images.epagine.fr\/398\/9782847122398_1_v.jpg"},"orderable":true,"show_badge":true,"formatted_price":"10,00&nbsp;\u20ac","formatted_published_date":"1er f\u00e9vrier 2010","publisher_availability_label":"Sur commande","short_details":"Rose Georges \u2014 Petit Pave","translator":null,"weight":80,"page_count":null,"readership":null,"editor":"Petit Pave","price":1000,"published_date":"2010-01-31T23:00:00.000000Z","support":"Grand format","publisher_availability":1,"stock":0,"editions":[],"url":"https:\/\/quaidesbrumes.com\/ouvrage\/9782847122398\/le-pardon-a-la-nuit"},{"id":"9782847122527","title":"La travers\u00e9e aveugle","description":"La Travers\u00e9e aveugle nous parle, avec la secr\u00e8te m\u00e9lancolie d'un souffle \u00e9conome et ma\u00eetris\u00e9, de notre chemin de vie, \u00e0 tous et \u00e0 chacun.\r","authors":["Roger Gonnet"],"category_codes":["1000000","1090000"],"visuals":{"large":"https:\/\/images.epagine.fr\/527\/9782847122527_1_75.jpg","medium":"https:\/\/images.epagine.fr\/527\/9782847122527_1_m.jpg","thumbnail":"https:\/\/images.epagine.fr\/527\/9782847122527_1_v.jpg"},"orderable":true,"show_badge":true,"formatted_price":"12,00&nbsp;\u20ac","formatted_published_date":"1er f\u00e9vrier 2010","publisher_availability_label":"Sur commande","short_details":"Roger Gonnet \u2014 Petit Pave","translator":null,"weight":90,"page_count":null,"readership":null,"editor":"Petit Pave","price":1200,"published_date":"2010-01-31T23:00:00.000000Z","support":"Grand format","publisher_availability":1,"stock":0,"editions":[],"url":"https:\/\/quaidesbrumes.com\/ouvrage\/9782847122527\/la-traversee-aveugle"}]}