{"data":[{"id":"9782849540848","title":"Naitre et  il y eut ce cri","description":"Po\u00e8te et conf\u00e9rencier, Maurice Lethurgez donne ici la pleine dimension d'une po\u00e9tique qui, de la mati\u00e8re \u00e0 l'absolu, d\u00e9veloppe en puissance symboliste la r\u00e9alit\u00e9 de l'incarnation.\r","authors":["Maurice Lethurgez"],"category_codes":["1000000","1090000"],"visuals":{"large":"https:\/\/images.epagine.fr\/848\/9782849540848_1_75.jpg","medium":"https:\/\/images.epagine.fr\/848\/9782849540848_1_m.jpg","thumbnail":"https:\/\/images.epagine.fr\/848\/9782849540848_1_v.jpg"},"orderable":true,"show_badge":true,"formatted_price":"14,00&nbsp;\u20ac","formatted_published_date":"1er octobre 2009","publisher_availability_label":"Sur commande","short_details":"Maurice Lethurgez \u2014 Chemins De Plume","translator":null,"weight":120,"page_count":null,"readership":null,"editor":"Chemins De Plume","price":1400,"published_date":"2009-09-30T22:00:00.000000Z","support":"Grand format","publisher_availability":1,"stock":0,"editions":[],"url":"https:\/\/quaidesbrumes.com\/ouvrage\/9782849540848\/naitre-et-il-y-eut-ce-cri"},{"id":"9782916620404","title":"L'\u00eele de la d\u00e9tourne","description":"Entre le conte philosophique et la fable, Corsi, pour son deuxi\u00e8me roman graphique, nous embarque dans un voyage fantastique, ensorceleur et insolite.\r\n\r\nElle nous fait entrer dans les croyances et les l\u00e9gendes qui hantent l'\u00eele. Ici, ce ne sont pas les dragons qu'on affronte pour acc\u00e9der aux pommes d'or, ce sont les stryges en travers du chemin, les herbes folles, les fras aquatiques et leur herbe de la d\u00e9tourne qui nous tendent la main.\r\n\r\nVoulant quitter l'\u00eele pour se chercher un cadre de vie tranquille, son nain de jardin, \u00e9pris de libert\u00e9, va se retrouver confront\u00e9 \u00e0 mille \u00e9preuves : animaux et esprits vont s'allier pour d\u00e9tricoter ses r\u00eaves.\r","authors":["Ginoux Duvivi Joelle"],"category_codes":["1000000","1090000"],"visuals":{"large":"https:\/\/images.epagine.fr\/404\/9782916620404_1_75.jpg","medium":"https:\/\/images.epagine.fr\/404\/9782916620404_1_m.jpg","thumbnail":"https:\/\/images.epagine.fr\/404\/9782916620404_1_v.jpg"},"orderable":true,"show_badge":true,"formatted_price":"12,00&nbsp;\u20ac","formatted_published_date":"29 mai 2009","publisher_availability_label":"Sur commande","short_details":"Ginoux Duvivi Joelle \u2014 Editions Du Bout De La Rue","translator":null,"weight":150,"page_count":null,"readership":null,"editor":"Editions Du Bout De La Rue","price":1200,"published_date":"2009-05-28T22:00:00.000000Z","support":"Grand format","publisher_availability":1,"stock":0,"editions":[],"url":"https:\/\/quaidesbrumes.com\/ouvrage\/9782916620404\/lile-de-la-detourne"},{"id":"9782810604678","title":"D\u00e9clarations d'amour ; des po\u00e8mes d'amour pour lui dire je t'aime","description":"Des pages et des pages de po\u00e8mes d'amour \u00e0 utiliser en toutes circonstances.\r\nEn bonus une trentaine de courts po\u00e8mes d'amour \u00e0 diffuser par t\u00e9l\u00e9phone ou SMS. Pas de langue abr\u00e9g\u00e9e, mais de vrais po\u00e8mes.\r\nSimplement pour lui dire, je t'aime.\r","authors":["Patrick Huet"],"category_codes":["1000000","1090000"],"visuals":{"large":"https:\/\/images.epagine.fr\/678\/9782810604678_1_75.jpg","medium":"https:\/\/images.epagine.fr\/678\/9782810604678_1_m.jpg","thumbnail":"https:\/\/images.epagine.fr\/678\/9782810604678_1_v.jpg"},"orderable":true,"show_badge":true,"formatted_price":"8,00&nbsp;\u20ac","formatted_published_date":"23 novembre 2009","publisher_availability_label":"Sur commande","short_details":"Patrick Huet \u2014 Books on Demand","translator":null,"weight":201,"page_count":60,"readership":null,"editor":"Books on Demand","price":800,"published_date":"2009-11-22T23:00:00.000000Z","support":"Grand format","publisher_availability":1,"stock":0,"editions":[],"url":"https:\/\/quaidesbrumes.com\/ouvrage\/9782810604678\/declarations-damour-des-poemes-damour-pour-lui-dire-je-taime"},{"id":"9782916071107","title":"Enfer vaut l' endroit (l')","description":null,"authors":["Pierre Michel"],"category_codes":["1000000","1090000"],"visuals":{"large":"https:\/\/images.epagine.fr\/107\/9782916071107_1_75.jpg","medium":"https:\/\/images.epagine.fr\/107\/9782916071107_1_m.jpg","thumbnail":"https:\/\/images.epagine.fr\/107\/9782916071107_1_v.jpg"},"orderable":true,"show_badge":true,"formatted_price":"10,00&nbsp;\u20ac","formatted_published_date":"24 novembre 2007","publisher_availability_label":"Sur commande","short_details":"Pierre Michel \u2014 Vanneaux","translator":null,"weight":140,"page_count":null,"readership":null,"editor":"Vanneaux","price":1000,"published_date":"2007-11-23T23:00:00.000000Z","support":"Grand format","publisher_availability":1,"stock":0,"editions":[],"url":"https:\/\/quaidesbrumes.com\/ouvrage\/9782916071107\/enfer-vaut-l-endroit-l"},{"id":"9782914722728","title":"Sans effets personnels, une hantologie","description":null,"authors":["Yannick Liron"],"category_codes":["1000000","1090000"],"visuals":{"large":"https:\/\/images.epagine.fr\/728\/9782914722728_1_75.jpg","medium":"https:\/\/images.epagine.fr\/728\/9782914722728_1_m.jpg","thumbnail":"https:\/\/images.epagine.fr\/728\/9782914722728_1_v.jpg"},"orderable":true,"show_badge":true,"formatted_price":"5,00&nbsp;\u20ac","formatted_published_date":"20 f\u00e9vrier 2008","publisher_availability_label":"Sur commande","short_details":"Yannick Liron \u2014 Editions Mix","translator":null,"weight":50,"page_count":null,"readership":null,"editor":"Editions Mix","price":500,"published_date":"2008-02-19T23:00:00.000000Z","support":"Grand format","publisher_availability":1,"stock":0,"editions":[],"url":"https:\/\/quaidesbrumes.com\/ouvrage\/9782914722728\/sans-effets-personnels-une-hantologie"},{"id":"9782810624133","title":"Mots \u00e9chou\u00e9s : po\u00e8mes","description":"Int\u00e9rieurs. Sans autre logique que celle du r\u00eave, ces textes nous font d\u00e9couvrir \u00e0 petites touches, les \u00e9motions, les peines et les joies de ce jeune auteur. \u00ab La plupart des hommes ont de la po\u00e9sie une id\u00e9e si vague que ce vague m\u00eame de leur id\u00e9e est pour eux, la d\u00e9finition de la po\u00e9sie. \r\n\u00bb Paul Valery.","authors":["Ronan Quelven"],"category_codes":["1000000","1090000"],"visuals":{"large":"https:\/\/images.epagine.fr\/133\/9782810624133_1_75.jpg","medium":"https:\/\/images.epagine.fr\/133\/9782810624133_1_m.jpg","thumbnail":"https:\/\/images.epagine.fr\/133\/9782810624133_1_v.jpg"},"orderable":true,"show_badge":true,"formatted_price":"10,50&nbsp;\u20ac","formatted_published_date":"31 janvier 2012","publisher_availability_label":"Sur commande","short_details":"Ronan Quelven \u2014 Books on Demand","translator":null,"weight":157,"page_count":100,"readership":null,"editor":"Books on Demand","price":1050,"published_date":"2012-01-30T23:00:00.000000Z","support":"Grand format","publisher_availability":1,"stock":0,"editions":[],"url":"https:\/\/quaidesbrumes.com\/ouvrage\/9782810624133\/mots-echoues-poemes"},{"id":"9782916071138","title":"L'indeniable influence du milieu sur les bords","description":null,"authors":["Mandelbaun Nicholas"],"category_codes":["1000000","1090000"],"visuals":{"large":"https:\/\/images.epagine.fr\/138\/9782916071138_1_75.jpg","medium":"https:\/\/images.epagine.fr\/138\/9782916071138_1_m.jpg","thumbnail":"https:\/\/images.epagine.fr\/138\/9782916071138_1_v.jpg"},"orderable":true,"show_badge":true,"formatted_price":"10,00&nbsp;\u20ac","formatted_published_date":"24 novembre 2007","publisher_availability_label":"Sur commande","short_details":"Mandelbaun Nicholas \u2014 Vanneaux","translator":null,"weight":115,"page_count":null,"readership":null,"editor":"Vanneaux","price":1000,"published_date":"2007-11-23T23:00:00.000000Z","support":"Grand format","publisher_availability":1,"stock":0,"editions":[],"url":"https:\/\/quaidesbrumes.com\/ouvrage\/9782916071138\/lindeniable-influence-du-milieu-sur-les-bords"},{"id":"9782874592393","title":"Gisante, l'eden et apres","description":null,"authors":["Gavard Jean-Pierre"],"category_codes":["1000000","1090000"],"visuals":{"large":"https:\/\/quaidesbrumes.com\/img\/book-placeholder.png","medium":"https:\/\/quaidesbrumes.com\/img\/book-placeholder.png","thumbnail":"https:\/\/quaidesbrumes.com\/img\/book-placeholder.png"},"orderable":true,"show_badge":true,"formatted_price":"12,10&nbsp;\u20ac","formatted_published_date":"1er juillet 2007","publisher_availability_label":"Sur commande","short_details":"Gavard Jean-Pierre \u2014 Chloe Des Lys","translator":null,"weight":150,"page_count":null,"readership":null,"editor":"Chloe Des Lys","price":1210,"published_date":"2007-06-30T22:00:00.000000Z","support":"Grand format","publisher_availability":1,"stock":0,"editions":[],"url":"https:\/\/quaidesbrumes.com\/ouvrage\/9782874592393\/gisante-leden-et-apres"},{"id":"9782916071152","title":"Cedille au ciel","description":null,"authors":["Michel Valpr\u00e9my"],"category_codes":["1000000","1090000"],"visuals":{"large":"https:\/\/images.epagine.fr\/152\/9782916071152_1_75.jpg","medium":"https:\/\/images.epagine.fr\/152\/9782916071152_1_m.jpg","thumbnail":"https:\/\/images.epagine.fr\/152\/9782916071152_1_v.jpg"},"orderable":true,"show_badge":true,"formatted_price":"10,00&nbsp;\u20ac","formatted_published_date":"24 novembre 2007","publisher_availability_label":"Sur commande","short_details":"Michel Valpr\u00e9my \u2014 Vanneaux","translator":null,"weight":145,"page_count":null,"readership":null,"editor":"Vanneaux","price":1000,"published_date":"2007-11-23T23:00:00.000000Z","support":"Grand format","publisher_availability":1,"stock":0,"editions":[],"url":"https:\/\/quaidesbrumes.com\/ouvrage\/9782916071152\/cedille-au-ciel"},{"id":"9782916071169","title":"Une colombe une autre","description":null,"authors":["Raymond Farina"],"category_codes":["1000000","1090000"],"visuals":{"large":"https:\/\/images.epagine.fr\/169\/9782916071169_1_75.jpg","medium":"https:\/\/images.epagine.fr\/169\/9782916071169_1_m.jpg","thumbnail":"https:\/\/images.epagine.fr\/169\/9782916071169_1_v.jpg"},"orderable":true,"show_badge":true,"formatted_price":"10,00&nbsp;\u20ac","formatted_published_date":"24 novembre 2007","publisher_availability_label":"Sur commande","short_details":"Raymond Farina \u2014 Vanneaux","translator":null,"weight":89,"page_count":null,"readership":null,"editor":"Vanneaux","price":1000,"published_date":"2007-11-23T23:00:00.000000Z","support":"Grand format","publisher_availability":1,"stock":0,"editions":[],"url":"https:\/\/quaidesbrumes.com\/ouvrage\/9782916071169\/une-colombe-une-autre"},{"id":"9782874593703","title":"Le donjon du po\u00e8te fou","description":"Le Donjon du Po\u00e8te Fou, c'est avant tout l'histoire de quelques personnes bless\u00e9es par la vie, par leurs proches, par une soci\u00e9t\u00e9 o\u00f9 elles ne trouvent plus place. Ces \u00eatres vont se retrouver en un lieu qui leur semble idyllique et tenter de croire qu'il est possible de vivre autrement, de proposer un autre mod\u00e8le. Mais en fin de compte ils seront rattrap\u00e9s par les \u00e9v\u00e8nements.\r","authors":["Christophe Leurquin"],"category_codes":["1000000","1090000"],"visuals":{"large":"https:\/\/images.epagine.fr\/703\/9782874593703_1_75.jpg","medium":"https:\/\/images.epagine.fr\/703\/9782874593703_1_m.jpg","thumbnail":"https:\/\/images.epagine.fr\/703\/9782874593703_1_v.jpg"},"orderable":true,"show_badge":true,"formatted_price":"25,00&nbsp;\u20ac","formatted_published_date":"24 janvier 2009","publisher_availability_label":"Sur commande","short_details":"Christophe Leurquin \u2014 Chloe Des Lys","translator":null,"weight":150,"page_count":169,"readership":null,"editor":"Chloe Des Lys","price":2500,"published_date":"2009-01-23T23:00:00.000000Z","support":"Grand format","publisher_availability":1,"stock":0,"editions":[],"url":"https:\/\/quaidesbrumes.com\/ouvrage\/9782874593703\/le-donjon-du-poete-fou"},{"id":"9782916071183","title":"Abeille (s)","description":null,"authors":["M - Bongiraud Jean"],"category_codes":["1000000","1090000"],"visuals":{"large":"https:\/\/images.epagine.fr\/183\/9782916071183_1_75.jpg","medium":"https:\/\/images.epagine.fr\/183\/9782916071183_1_m.jpg","thumbnail":"https:\/\/images.epagine.fr\/183\/9782916071183_1_v.jpg"},"orderable":true,"show_badge":true,"formatted_price":"10,00&nbsp;\u20ac","formatted_published_date":"24 novembre 2007","publisher_availability_label":"Sur commande","short_details":"M - Bongiraud Jean \u2014 Vanneaux","translator":null,"weight":120,"page_count":null,"readership":null,"editor":"Vanneaux","price":1000,"published_date":"2007-11-23T23:00:00.000000Z","support":"Grand format","publisher_availability":1,"stock":0,"editions":[],"url":"https:\/\/quaidesbrumes.com\/ouvrage\/9782916071183\/abeille-s"},{"id":"9782070273249","title":"Ailleurs au monde","description":"\u00abCes po\u00e8mes, reflets et gerbes de ruptures, \u00e9crits au hasard des lumi\u00e8res et des ciels, ces po\u00e8mes de l'ailleurs du monde ne sont rien que des images. Je ne puis dire ni qu'ils me r\u00e9pondent, ni qu'ils ne me r\u00e9pondent pas, parce que l'indiff\u00e9rence et l'abandon qui ont pr\u00e9sid\u00e9 \u00e0 leur naissance ne m'appartiennent pas vraiment.\u00bb Patrick Reumaux.","authors":["Patrick Reumaux"],"category_codes":["1000000","1090000"],"visuals":{"large":"https:\/\/images.epagine.fr\/249\/9782070273249_1_75.jpg","medium":"https:\/\/images.epagine.fr\/249\/9782070273249_1_m.jpg","thumbnail":"https:\/\/images.epagine.fr\/249\/9782070273249_1_v.jpg"},"orderable":true,"show_badge":true,"formatted_price":"5,20&nbsp;\u20ac","formatted_published_date":"16 f\u00e9vrier 1968","publisher_availability_label":"Sur commande","short_details":"Patrick Reumaux \u2014 Gallimard","translator":null,"weight":180,"page_count":188,"readership":null,"editor":"Gallimard","price":520,"published_date":"1968-02-15T23:00:00.000000Z","support":"Grand format","publisher_availability":1,"stock":0,"editions":[],"url":"https:\/\/quaidesbrumes.com\/ouvrage\/9782070273249\/ailleurs-au-monde"},{"id":"9782874592607","title":"La tour des dragons","description":null,"authors":["Ronald Druart"],"category_codes":["1000000","1090000"],"visuals":{"large":"https:\/\/images.epagine.fr\/607\/9782874592607_1_75.jpg","medium":"https:\/\/images.epagine.fr\/607\/9782874592607_1_m.jpg","thumbnail":"https:\/\/images.epagine.fr\/607\/9782874592607_1_v.jpg"},"orderable":true,"show_badge":true,"formatted_price":"12,90&nbsp;\u20ac","formatted_published_date":"1er novembre 2007","publisher_availability_label":"Sur commande","short_details":"Ronald Druart \u2014 Chloe Des Lys","translator":null,"weight":150,"page_count":null,"readership":null,"editor":"Chloe Des Lys","price":1290,"published_date":"2007-10-31T23:00:00.000000Z","support":"Grand format","publisher_availability":1,"stock":0,"editions":[],"url":"https:\/\/quaidesbrumes.com\/ouvrage\/9782874592607\/la-tour-des-dragons"},{"id":"9782874593734","title":"Des sons lest\u00e9s de sens","description":null,"authors":["Claude Renard"],"category_codes":["1000000","1090000"],"visuals":{"large":"https:\/\/quaidesbrumes.com\/img\/book-placeholder.png","medium":"https:\/\/quaidesbrumes.com\/img\/book-placeholder.png","thumbnail":"https:\/\/quaidesbrumes.com\/img\/book-placeholder.png"},"orderable":true,"show_badge":true,"formatted_price":"17,90&nbsp;\u20ac","formatted_published_date":"24 janvier 2009","publisher_availability_label":"Sur commande","short_details":"Claude Renard \u2014 Chloe Des Lys","translator":null,"weight":150,"page_count":null,"readership":null,"editor":"Chloe Des Lys","price":1790,"published_date":"2009-01-23T23:00:00.000000Z","support":"Grand format","publisher_availability":1,"stock":0,"editions":[],"url":"https:\/\/quaidesbrumes.com\/ouvrage\/9782874593734\/des-sons-lestes-de-sens"},{"id":"9782351280607","title":"Du bleu dans la m\u00e9moire","description":"D'une terre \u00e0 une autre, le po\u00e8te demeure ce voyageur qui tout au long de ses p\u00e9riples s'interroge sur le sens de sa marche, c\u00f4toie des lieux familiers ou inconnus. Tant\u00f4t au bord du pr\u00e9cipice, tant\u00f4t solidement enracin\u00e9, il mesure le temps \u00e9coul\u00e9 et celui \u00e0 venir tandis que la m\u00e9moire s'approprie des souvenirs ou que l'imaginaire la devance. Avant tout il s'agit de marcher, de regarder autour de soi, d'approuver ces paysages pour savoir que l'instant et l'\u00e9ternit\u00e9 se fondent dans une m\u00eame dur\u00e9e, dans les m\u00eames mots.\r","authors":["Max Alhau","H\u00e9l\u00e8ne Baumel"],"category_codes":["1000000","1090000"],"visuals":{"large":"https:\/\/images.epagine.fr\/607\/9782351280607_1_75.jpg","medium":"https:\/\/images.epagine.fr\/607\/9782351280607_1_m.jpg","thumbnail":"https:\/\/images.epagine.fr\/607\/9782351280607_1_v.jpg"},"orderable":true,"show_badge":true,"formatted_price":"19,00&nbsp;\u20ac","formatted_published_date":"20 septembre 2010","publisher_availability_label":"Sur commande","short_details":"Max Alhau, H\u00e9l\u00e8ne Baumel \u2014 Voix D'Encre","translator":null,"weight":325,"page_count":120,"readership":null,"editor":"Voix D'Encre","price":1900,"published_date":"2010-09-19T22:00:00.000000Z","support":"Grand format","publisher_availability":1,"stock":0,"editions":[],"url":"https:\/\/quaidesbrumes.com\/ouvrage\/9782351280607\/du-bleu-dans-la-memoire"},{"id":"9782874592614","title":"Tranches de vie au f\u00e9minin","description":"Le livre accompagne six femmes dans une portion de leur vie, ce qui laisse au lecteurs le loisir d'imaginer l'avant et l'apr\u00e8s.  Il n'est pas d\u00e9nu\u00e9 de suspense.\r","authors":["Ghislaine Renard"],"category_codes":["1000000","1090000"],"visuals":{"large":"https:\/\/images.epagine.fr\/614\/9782874592614_1_75.jpg","medium":"https:\/\/images.epagine.fr\/614\/9782874592614_1_m.jpg","thumbnail":"https:\/\/images.epagine.fr\/614\/9782874592614_1_v.jpg"},"orderable":true,"show_badge":true,"formatted_price":"12,90&nbsp;\u20ac","formatted_published_date":"1er novembre 2007","publisher_availability_label":"Sur commande","short_details":"Ghislaine Renard \u2014 Chloe Des Lys","translator":null,"weight":150,"page_count":null,"readership":null,"editor":"Chloe Des Lys","price":1290,"published_date":"2007-10-31T23:00:00.000000Z","support":"Grand format","publisher_availability":1,"stock":0,"editions":[],"url":"https:\/\/quaidesbrumes.com\/ouvrage\/9782874592614\/tranches-de-vie-au-feminin"},{"id":"9782351280638","title":"Lumi\u00e8re froiss\u00e9e","description":"Montagne Sainte Victoire  - Majest\u00e9 de son nom - intimidante comme une lumi\u00e8re bleue froiss\u00e9e par C\u00e9zanne.\r","authors":["Roselyne Sibille"],"category_codes":["1000000","1090000"],"visuals":{"large":"https:\/\/images.epagine.fr\/638\/9782351280638_1_75.jpg","medium":"https:\/\/images.epagine.fr\/638\/9782351280638_1_m.jpg","thumbnail":"https:\/\/images.epagine.fr\/638\/9782351280638_1_v.jpg"},"orderable":true,"show_badge":true,"formatted_price":"19,00&nbsp;\u20ac","formatted_published_date":"25 septembre 2010","publisher_availability_label":"Sur commande","short_details":"Roselyne Sibille \u2014 Voix D'Encre","translator":null,"weight":254,"page_count":72,"readership":null,"editor":"Voix D'Encre","price":1900,"published_date":"2010-09-24T22:00:00.000000Z","support":"Grand format","publisher_availability":1,"stock":0,"editions":[],"url":"https:\/\/quaidesbrumes.com\/ouvrage\/9782351280638\/lumiere-froissee"},{"id":"9782296044616","title":"Le baliseur des songes","description":"La po\u00e9sie avait d\u00e9j\u00e0 longuement fait son chemin dans les entrailles de Ahmed Ben Dhiab. Lutin impr\u00e9vu au coeur de notre suppos\u00e9 modernit\u00e9, jongleur de voix, musiques, dessins et peintures. A travers ce recueil \u00e0 l'apparence classique, il investit le trouble des sentiments, avec la justesse et l'humilit\u00e9 des grands r\u00eaveurs. Ces textes r\u00e9sument cette travers\u00e9e aux voies multiples, o\u00f9 la vie et le souffle de la cr\u00e9ation ne font qu'un.\r\nMichel Cassir\r","authors":["Ahmed Ben Dhiab"],"category_codes":["1000000","1090000"],"visuals":{"large":"https:\/\/images.epagine.fr\/616\/9782296044616_1_75.jpg","medium":"https:\/\/images.epagine.fr\/616\/9782296044616_1_m.jpg","thumbnail":"https:\/\/images.epagine.fr\/616\/9782296044616_1_v.jpg"},"orderable":true,"show_badge":true,"formatted_price":"12,00&nbsp;\u20ac","formatted_published_date":"3 d\u00e9cembre 2007","publisher_availability_label":"Sur commande","short_details":"Ahmed Ben Dhiab \u2014 \u00c9ditions L'Harmattan","translator":null,"weight":130,"page_count":84,"readership":null,"editor":"\u00c9ditions L'Harmattan","price":1200,"published_date":"2007-12-02T23:00:00.000000Z","support":"Grand format","publisher_availability":1,"stock":0,"editions":[],"url":"https:\/\/quaidesbrumes.com\/ouvrage\/9782296044616\/le-baliseur-des-songes"},{"id":"9782874593789","title":"Le concept","description":null,"authors":["Laurent Dumortier"],"category_codes":["1000000","1090000"],"visuals":{"large":"https:\/\/images.epagine.fr\/789\/9782874593789_1_75.jpg","medium":"https:\/\/images.epagine.fr\/789\/9782874593789_1_m.jpg","thumbnail":"https:\/\/images.epagine.fr\/789\/9782874593789_1_v.jpg"},"orderable":true,"show_badge":true,"formatted_price":"9,30&nbsp;\u20ac","formatted_published_date":"24 janvier 2009","publisher_availability_label":"Sur commande","short_details":"Laurent Dumortier \u2014 Chloe Des Lys","translator":null,"weight":150,"page_count":null,"readership":null,"editor":"Chloe Des Lys","price":930,"published_date":"2009-01-23T23:00:00.000000Z","support":"Grand format","publisher_availability":1,"stock":0,"editions":[],"url":"https:\/\/quaidesbrumes.com\/ouvrage\/9782874593789\/le-concept"},{"id":"9782812701146","title":"Po\u00e8mes pour toi","description":"La po\u00e9sie se meurt. Dans sa forme classique. On a vu des lauriers tristement se faner. Pourtant, vers les sommets, on la voyait planer. Avant que, rejet\u00e9e vers les vieilles reliques. Elle perde ses ailes. H\u00e9las ! dans la musique. Des rimes deux \u00e0 deux qu'on entendait sonner. Il ne reste plus rien. Car il faut condamner ce qui donnait le ton \u00e0 l'oeuvre po\u00e9tique. Avec quatorze vers, Ronsard fait un sonnet. Comme Alceste faut-il le mettre au cabinet ? A l'auteur des \u00ab Troph\u00e9es \u00bb, j'ai d\u00e9di\u00e9 ce livre. Le ma\u00eetre du sonnet qui m'enseigna sa loi. Pour que tu puisses voir la po\u00e9sie revivre. Ouvre-le, cher lecteur, je l'ai \u00e9crit pour toi.\r","authors":["Louis Lefroid"],"category_codes":["1000000","1090000"],"visuals":{"large":"https:\/\/images.epagine.fr\/146\/9782812701146_1_75.jpg","medium":"https:\/\/images.epagine.fr\/146\/9782812701146_1_m.jpg","thumbnail":"https:\/\/images.epagine.fr\/146\/9782812701146_1_v.jpg"},"orderable":true,"show_badge":true,"formatted_price":"15,00&nbsp;\u20ac","formatted_published_date":"15 d\u00e9cembre 2009","publisher_availability_label":"Sur commande","short_details":"Louis Lefroid \u2014 Presses Du Midi","translator":null,"weight":207,"page_count":153,"readership":null,"editor":"Presses Du Midi","price":1500,"published_date":"2009-12-14T23:00:00.000000Z","support":"Grand format","publisher_availability":1,"stock":0,"editions":[],"url":"https:\/\/quaidesbrumes.com\/ouvrage\/9782812701146\/poemes-pour-toi"},{"id":"9782874593802","title":"Hier comme hier","description":"\"H.I.E.R comme hier\" est un recueil h\u00e9t\u00e9roclite de po\u00e9sies fantaisistes, de chansons \u00e9motionnelles, de textes construits ou jet\u00e9s sur le papier r\u00e9colt\u00e9s durant toute une vie mais dispos\u00e9s sans chronologie.\r\nLe titre choisi est une phrase que r\u00e9p\u00e9tait immanquablement son p\u00e8re quand il devait \u00e9peler leur nom de famille... Hiernaux, H.I.E.R comme hier Cette phrase a \u00e9t\u00e9 entendue tant de fois avec amusement ou agacement que tout naturellement et avec \u00e9motion , l'auteur a d\u00e9cid\u00e9 d'intituler ainsi ce recueil de textes.\r","authors":["Michel Hiernaux"],"category_codes":["1000000","1090000"],"visuals":{"large":"https:\/\/images.epagine.fr\/802\/9782874593802_1_75.jpg","medium":"https:\/\/images.epagine.fr\/802\/9782874593802_1_m.jpg","thumbnail":"https:\/\/images.epagine.fr\/802\/9782874593802_1_v.jpg"},"orderable":true,"show_badge":true,"formatted_price":"15,00&nbsp;\u20ac","formatted_published_date":"24 janvier 2009","publisher_availability_label":"Sur commande","short_details":"Michel Hiernaux \u2014 Chloe Des Lys","translator":null,"weight":150,"page_count":114,"readership":null,"editor":"Chloe Des Lys","price":1500,"published_date":"2009-01-23T23:00:00.000000Z","support":"Grand format","publisher_availability":1,"stock":0,"editions":[],"url":"https:\/\/quaidesbrumes.com\/ouvrage\/9782874593802\/hier-comme-hier"},{"id":"9782913302365","title":"Eclats de vie","description":null,"authors":["Patrick Richardet"],"category_codes":["1000000","1090000"],"visuals":{"large":"https:\/\/images.epagine.fr\/365\/9782913302365_1_75.jpg","medium":"https:\/\/images.epagine.fr\/365\/9782913302365_1_m.jpg","thumbnail":"https:\/\/images.epagine.fr\/365\/9782913302365_1_v.jpg"},"orderable":true,"show_badge":true,"formatted_price":"7,00&nbsp;\u20ac","formatted_published_date":"1er f\u00e9vrier 2005","publisher_availability_label":"Sur commande","short_details":"Patrick Richardet \u2014 ID","translator":null,"weight":262,"page_count":null,"readership":null,"editor":"ID","price":700,"published_date":"2005-01-31T23:00:00.000000Z","support":"Grand format","publisher_availability":1,"stock":0,"editions":[],"url":"https:\/\/quaidesbrumes.com\/ouvrage\/9782913302365\/eclats-de-vie"},{"id":"9782916071237","title":"Jean Malrieu","description":null,"authors":["Pierre Dhainaut"],"category_codes":["1000000","1090000"],"visuals":{"large":"https:\/\/images.epagine.fr\/237\/9782916071237_1_75.jpg","medium":"https:\/\/images.epagine.fr\/237\/9782916071237_1_m.jpg","thumbnail":"https:\/\/images.epagine.fr\/237\/9782916071237_1_v.jpg"},"orderable":true,"show_badge":true,"formatted_price":"17,00&nbsp;\u20ac","formatted_published_date":"24 novembre 2007","publisher_availability_label":"Sur commande","short_details":"Pierre Dhainaut \u2014 Vanneaux","translator":null,"weight":193,"page_count":null,"readership":null,"editor":"Vanneaux","price":1700,"published_date":"2007-11-23T23:00:00.000000Z","support":"Grand format","publisher_availability":1,"stock":0,"editions":[],"url":"https:\/\/quaidesbrumes.com\/ouvrage\/9782916071237\/jean-malrieu"}]}