{"data":[{"id":"9782916071039","title":"A l' ami moreu","description":null,"authors":["C\u00e9cile Odartchenko"],"category_codes":["1000000","1090000"],"visuals":{"large":"https:\/\/images.epagine.fr\/039\/9782916071039_1_75.jpg","medium":"https:\/\/images.epagine.fr\/039\/9782916071039_1_m.jpg","thumbnail":"https:\/\/images.epagine.fr\/039\/9782916071039_1_v.jpg"},"orderable":true,"show_badge":true,"formatted_price":"10,00&nbsp;\u20ac","formatted_published_date":"24 novembre 2007","publisher_availability_label":"Sur commande","short_details":"C\u00e9cile Odartchenko \u2014 Vanneaux","translator":null,"weight":80,"page_count":null,"readership":null,"editor":"Vanneaux","price":1000,"published_date":"2007-11-23T23:00:00.000000Z","support":"Grand format","publisher_availability":1,"stock":0,"editions":[],"url":"https:\/\/quaidesbrumes.com\/ouvrage\/9782916071039\/a-l-ami-moreu"},{"id":"9782916071404","title":"Gaston Puel","description":null,"authors":["Eric Dazzan"],"category_codes":["1000000","1090000"],"visuals":{"large":"https:\/\/images.epagine.fr\/404\/9782916071404_1_75.jpg","medium":"https:\/\/images.epagine.fr\/404\/9782916071404_1_m.jpg","thumbnail":"https:\/\/images.epagine.fr\/404\/9782916071404_1_v.jpg"},"orderable":true,"show_badge":true,"formatted_price":"15,00&nbsp;\u20ac","formatted_published_date":"1er mars 2009","publisher_availability_label":"Sur commande","short_details":"Eric Dazzan \u2014 Vanneaux","translator":null,"weight":401,"page_count":null,"readership":"Tout public","editor":"Vanneaux","price":1500,"published_date":"2009-02-28T23:00:00.000000Z","support":"Grand format","publisher_availability":1,"stock":0,"editions":[],"url":"https:\/\/quaidesbrumes.com\/ouvrage\/9782916071404\/gaston-puel"},{"id":"9782916071046","title":"Fragments","description":null,"authors":["Duchemin Arnaud"],"category_codes":["1000000","1090000"],"visuals":{"large":"https:\/\/images.epagine.fr\/046\/9782916071046_1_75.jpg","medium":"https:\/\/images.epagine.fr\/046\/9782916071046_1_m.jpg","thumbnail":"https:\/\/images.epagine.fr\/046\/9782916071046_1_v.jpg"},"orderable":true,"show_badge":true,"formatted_price":"10,00&nbsp;\u20ac","formatted_published_date":"24 novembre 2007","publisher_availability_label":"Sur commande","short_details":"Duchemin Arnaud \u2014 Vanneaux","translator":null,"weight":100,"page_count":null,"readership":null,"editor":"Vanneaux","price":1000,"published_date":"2007-11-23T23:00:00.000000Z","support":"Grand format","publisher_availability":1,"stock":0,"editions":[],"url":"https:\/\/quaidesbrumes.com\/ouvrage\/9782916071046\/fragments"},{"id":"9782296112377","title":"Ath\u00e8nes dispers\u00e9e parmi les fleurs","description":"La po\u00e9sie de G\u00e9rard Augustin est le plein champ de bataille o\u00f9 l'amour et l'\u00e9pop\u00e9e ne se perdent pas de vue. En trois textes magistraux, alliant densit\u00e9, beaut\u00e9 et clairvoyance, il explore la cicatrice et le chant silencieux de la po\u00e9sie. L'aventure des temps, de la Gr\u00e8ce antique \u00e0 la chevalerie, est toujours \u00e0 l'\u00e9preuve de l'instant et de la chair du po\u00e8te. L'auteur, qui pourrait appara\u00eetre comme un po\u00e8te de l'abstraction, est en profonde r\u00e9sonance avec le toucher. G\u00e9rard Augustin est une des voix les plus originales et rigoureuses de la po\u00e9sie fran\u00e7aise contemporaine.\r","authors":["G\u00e9rard Augustin","Julien Augustin"],"category_codes":["1000000","1090000"],"visuals":{"large":"https:\/\/images.epagine.fr\/377\/9782296112377_1_75.jpg","medium":"https:\/\/images.epagine.fr\/377\/9782296112377_1_m.jpg","thumbnail":"https:\/\/images.epagine.fr\/377\/9782296112377_1_v.jpg"},"orderable":true,"show_badge":true,"formatted_price":"13,00&nbsp;\u20ac","formatted_published_date":"28 avril 2010","publisher_availability_label":"Sur commande","short_details":"G\u00e9rard Augustin, Julien Augustin \u2014 \u00c9ditions L'Harmattan","translator":null,"weight":155,"page_count":null,"readership":null,"editor":"\u00c9ditions L'Harmattan","price":1300,"published_date":"2010-04-27T22:00:00.000000Z","support":"Grand format","publisher_availability":1,"stock":0,"editions":[],"url":"https:\/\/quaidesbrumes.com\/ouvrage\/9782296112377\/athenes-dispersee-parmi-les-fleurs"},{"id":"9782296053779","title":"Tactique des anges","description":"Quelle est cette tactique des anges ? D'ailleurs quels sont ces anges : les messagers ? Ceux qui ne sont plus du monde des vivants mais les accompagnent ? L'ange contre qui Jacob dut se battre sans comprendre l'enjeu de la lutte ? Le po\u00e8me n'essaie-t-il pas d'\u00e9lucider ce myst\u00e8re sculpt\u00e9 aux tympans des \u00e9glises ? Un recueil d'une langue signifiante et pure.\r","authors":["Marie-no\u00eblle Agniau"],"category_codes":["1000000","1090000"],"visuals":{"large":"https:\/\/images.epagine.fr\/779\/9782296053779_1_75.jpg","medium":"https:\/\/images.epagine.fr\/779\/9782296053779_1_m.jpg","thumbnail":"https:\/\/images.epagine.fr\/779\/9782296053779_1_v.jpg"},"orderable":true,"show_badge":true,"formatted_price":"14,00&nbsp;\u20ac","formatted_published_date":"26 mars 2008","publisher_availability_label":"Sur commande","short_details":"Marie-no\u00eblle Agniau \u2014 \u00c9ditions L'Harmattan","translator":null,"weight":190,"page_count":130,"readership":null,"editor":"\u00c9ditions L'Harmattan","price":1400,"published_date":"2008-03-25T23:00:00.000000Z","support":"Grand format","publisher_availability":1,"stock":0,"editions":[],"url":"https:\/\/quaidesbrumes.com\/ouvrage\/9782296053779\/tactique-des-anges"},{"id":"9782334096102","title":"Mots contre maux ; recueil de slam & po\u00e9sie","description":"\u00ab Mon esprit silencieux vid\u00e9 du spleen total Faire une pause dans la vie, \u00eatre en \u00e9tat de stase Se plonger dans le noir la t\u00eate vide comme un vase Vid\u00e9 de cette nature, qu'on appelle \"fleur du mal\" \u00ab Quand je dors, je suis quand m\u00eame tr\u00e8s conscient Je me sens vivre sans souffrir de la vie C'est l'endroit o\u00f9 le mal est innocent Car il n'existe pas quand on est \u00e0 l'abri (...) \u00bb\r","authors":["Stodium"],"category_codes":["1000000","1090000"],"visuals":{"large":"https:\/\/images.epagine.fr\/102\/9782334096102_1_75.jpg","medium":"https:\/\/images.epagine.fr\/102\/9782334096102_1_m.jpg","thumbnail":"https:\/\/images.epagine.fr\/102\/9782334096102_1_v.jpg"},"orderable":true,"show_badge":true,"formatted_price":"10,00&nbsp;\u20ac","formatted_published_date":"18 mars 2016","publisher_availability_label":"Sur commande","short_details":"Stodium \u2014 Edilivre","translator":null,"weight":135,"page_count":58,"readership":null,"editor":"Edilivre","price":1000,"published_date":"2016-03-17T23:00:00.000000Z","support":"Grand format","publisher_availability":1,"stock":0,"editions":[],"url":"https:\/\/quaidesbrumes.com\/ouvrage\/9782334096102\/mots-contre-maux-recueil-de-slam-poesie"},{"id":"9782296108660","title":"Sous les piliers du Wharf","description":"Chlo\u00e9 la princesse des mar\u00e9es est une femme qui a enlev\u00e9 son voile. Elle se pr\u00e9sente \u00e0 nous nue, libre, \u00e9mancip\u00e9e et affranchie quand elle passe sur l'avenue des Belles Filles. Elle jaillit de la nappe moir\u00e9e de l'oc\u00e9an comme de la plume du po\u00e8te. Elle sait aussi prendre l'apparence d'une vague furieuse cognant les piliers du warf.\r","authors":["Georges Mavouba-sokat\u00e9"],"category_codes":["1000000","1090000"],"visuals":{"large":"https:\/\/images.epagine.fr\/660\/9782296108660_1_75.jpg","medium":"https:\/\/images.epagine.fr\/660\/9782296108660_1_m.jpg","thumbnail":"https:\/\/images.epagine.fr\/660\/9782296108660_1_v.jpg"},"orderable":true,"show_badge":true,"formatted_price":"11,50&nbsp;\u20ac","formatted_published_date":"5 janvier 2010","publisher_availability_label":"Sur commande","short_details":"Georges Mavouba-sokat\u00e9 \u2014 \u00c9ditions L'Harmattan","translator":null,"weight":90,"page_count":null,"readership":null,"editor":"\u00c9ditions L'Harmattan","price":1150,"published_date":"2010-01-04T23:00:00.000000Z","support":"Grand format","publisher_availability":1,"stock":0,"editions":[],"url":"https:\/\/quaidesbrumes.com\/ouvrage\/9782296108660\/sous-les-piliers-du-wharf"},{"id":"9782914053624","title":"Triptyque du veilleur","description":"La sentinelle ne dort jamais.\r\nRedevable de tant de sommeils.\r\nLa tour maintient ainsi.\r\nLe lien qui l'unit \u00e0 ses pierres.\r\nAu terme d'un \u00e2ge qu'elle choisit.\r\nLa sentinelle ne meurt pas.\r\nElle prend simplement.\r\nPossession de son d\u00fb.\r\n...\r\nDans les yeux du veilleur.\r\nIl y a quelqu'un qui marche.\r\nQui va au-devant.\r\nToujours au-devant.\r\nDu temps \u00e0 vivre dans l'alerte.\r\nDans ce qui ne vient pas.\r\nNe viendra jamais.\r\nDu temps pour douter.\r\nComme ces orages qu'on d\u00e9froisse.\r\nCe retour au silence.\r\nAu passage de la paume.\r","authors":["Louis Raoul"],"category_codes":["1000000","1090000","1090600"],"visuals":{"large":"https:\/\/images.epagine.fr\/624\/9782914053624_1_75.jpg","medium":"https:\/\/images.epagine.fr\/624\/9782914053624_1_m.jpg","thumbnail":"https:\/\/images.epagine.fr\/624\/9782914053624_1_v.jpg"},"orderable":true,"show_badge":true,"formatted_price":"12,00&nbsp;\u20ac","formatted_published_date":"30 mars 2012","publisher_availability_label":"Sur commande","short_details":"Louis Raoul \u2014 La Cardere","translator":null,"weight":85,"page_count":58,"readership":null,"editor":"La Cardere","price":1200,"published_date":"2012-03-29T22:00:00.000000Z","support":"Grand format","publisher_availability":1,"stock":0,"editions":[],"url":"https:\/\/quaidesbrumes.com\/ouvrage\/9782914053624\/triptyque-du-veilleur"},{"id":"9782874592317","title":"Douleur, rhapsodie tsigane","description":null,"authors":["Tomislav Dretar"],"category_codes":["1000000","1090000"],"visuals":{"large":"https:\/\/images.epagine.fr\/317\/9782874592317_1_75.jpg","medium":"https:\/\/images.epagine.fr\/317\/9782874592317_1_m.jpg","thumbnail":"https:\/\/images.epagine.fr\/317\/9782874592317_1_v.jpg"},"orderable":true,"show_badge":true,"formatted_price":"14,30&nbsp;\u20ac","formatted_published_date":"1er juin 2007","publisher_availability_label":"Sur commande","short_details":"Tomislav Dretar \u2014 Chloe Des Lys","translator":null,"weight":150,"page_count":null,"readership":null,"editor":"Chloe Des Lys","price":1430,"published_date":"2007-05-31T22:00:00.000000Z","support":"Grand format","publisher_availability":1,"stock":0,"editions":[],"url":"https:\/\/quaidesbrumes.com\/ouvrage\/9782874592317\/douleur-rhapsodie-tsigane"},{"id":"9782911718663","title":"Dans la suite des jours ; le lit","description":"2e livre, Le lit est autant \u00e9loge du f\u00e9minin que m\u00e9ditation po\u00e9tique entre territoires de l'amour et territoires de la guerre, c\u00e9l\u00e9bration du dialogue \u00e9rotique contre la fusion meurtri\u00e8re.\r","authors":["Mickael Gluck"],"category_codes":["1000000","1090000"],"visuals":{"large":"https:\/\/images.epagine.fr\/663\/9782911718663_1_75.jpg","medium":"https:\/\/images.epagine.fr\/663\/9782911718663_1_m.jpg","thumbnail":"https:\/\/images.epagine.fr\/663\/9782911718663_1_v.jpg"},"orderable":true,"show_badge":true,"formatted_price":"11,00&nbsp;\u20ac","formatted_published_date":"10 juin 2002","publisher_availability_label":"Sur commande","short_details":"Mickael Gluck \u2014 L'Amourier","translator":null,"weight":100,"page_count":77,"readership":null,"editor":"L'Amourier","price":1100,"published_date":"2002-06-09T22:00:00.000000Z","support":"Grand format","publisher_availability":1,"stock":0,"editions":[],"url":"https:\/\/quaidesbrumes.com\/ouvrage\/9782911718663\/dans-la-suite-des-jours-le-lit"},{"id":"9782874594410","title":"La robe passante","description":"La Robe passante est un recueil de po\u00e8mes o\u00f9 se croisent des th\u00e8mes comme : l'\u00e9criture, la m\u00e9moire, la pluie...\r","authors":["Raoul Louis"],"category_codes":["1000000","1090000"],"visuals":{"large":"https:\/\/images.epagine.fr\/410\/9782874594410_1_75.jpg","medium":"https:\/\/images.epagine.fr\/410\/9782874594410_1_m.jpg","thumbnail":"https:\/\/images.epagine.fr\/410\/9782874594410_1_v.jpg"},"orderable":true,"show_badge":true,"formatted_price":"16,40&nbsp;\u20ac","formatted_published_date":"1er d\u00e9cembre 2009","publisher_availability_label":"Sur commande","short_details":"Raoul Louis \u2014 Chloe Des Lys","translator":null,"weight":150,"page_count":51,"readership":null,"editor":"Chloe Des Lys","price":1640,"published_date":"2009-11-30T23:00:00.000000Z","support":"Grand format","publisher_availability":1,"stock":0,"editions":[],"url":"https:\/\/quaidesbrumes.com\/ouvrage\/9782874594410\/la-robe-passante"},{"id":"9782354850067","title":"Les dents serrees","description":null,"authors":["Bourgeois Oana"],"category_codes":["1000000","1090000"],"visuals":{"large":"https:\/\/quaidesbrumes.com\/img\/book-placeholder.png","medium":"https:\/\/quaidesbrumes.com\/img\/book-placeholder.png","thumbnail":"https:\/\/quaidesbrumes.com\/img\/book-placeholder.png"},"orderable":true,"show_badge":true,"formatted_price":"14,00&nbsp;\u20ac","formatted_published_date":"1er septembre 2007","publisher_availability_label":"Sur commande","short_details":"Bourgeois Oana \u2014 JETS D'ENCRE","translator":null,"weight":60,"page_count":null,"readership":null,"editor":"JETS D'ENCRE","price":1400,"published_date":"2007-08-31T22:00:00.000000Z","support":"Grand format","publisher_availability":1,"stock":0,"editions":[],"url":"https:\/\/quaidesbrumes.com\/ouvrage\/9782354850067\/les-dents-serrees"},{"id":"9782865772551","title":"Les arbres de passage et autres poemes","description":null,"authors":["Jean-marie Berthier"],"category_codes":["1000000","1090000"],"visuals":{"large":"https:\/\/images.epagine.fr\/551\/9782865772551_1_75.jpg","medium":"https:\/\/images.epagine.fr\/551\/9782865772551_1_m.jpg","thumbnail":"https:\/\/images.epagine.fr\/551\/9782865772551_1_v.jpg"},"orderable":true,"show_badge":true,"formatted_price":"18,00&nbsp;\u20ac","formatted_published_date":"12 avril 2007","publisher_availability_label":"Sur commande","short_details":"Jean-marie Berthier \u2014 Pierre Fanlac","translator":null,"weight":535,"page_count":null,"readership":null,"editor":"Pierre Fanlac","price":1800,"published_date":"2007-04-11T22:00:00.000000Z","support":"Grand format","publisher_availability":1,"stock":0,"editions":[],"url":"https:\/\/quaidesbrumes.com\/ouvrage\/9782865772551\/les-arbres-de-passage-et-autres-poemes"},{"id":"9782849246498","title":"Le temps de moisson","description":null,"authors":["Cosma Flavia"],"category_codes":["1000000","1090000"],"visuals":{"large":"https:\/\/quaidesbrumes.com\/img\/book-placeholder.png","medium":"https:\/\/quaidesbrumes.com\/img\/book-placeholder.png","thumbnail":"https:\/\/quaidesbrumes.com\/img\/book-placeholder.png"},"orderable":true,"show_badge":true,"formatted_price":"10,00&nbsp;\u20ac","formatted_published_date":"2 avril 2021","publisher_availability_label":"Sur commande","short_details":"Cosma Flavia \u2014 Editions Du Cygne","translator":null,"weight":80,"page_count":null,"readership":null,"editor":"Editions Du Cygne","price":1000,"published_date":"2021-04-01T22:00:00.000000Z","support":"Grand format","publisher_availability":1,"stock":0,"editions":[],"url":"https:\/\/quaidesbrumes.com\/ouvrage\/9782849246498\/le-temps-de-moisson"},{"id":"9782810601028","title":"Le marchand d'oublies ; po\u00e8mes 1996-2006","description":"Depuis mon enfance, les mots sont mes compagnons. Pour dire la vie, pour dire l'amour, la mer, la lumi\u00e8re, pour tenter d'apprivoiser le chagrin, la peur, la mort. Le po\u00e8me est mon souffle, ma fa\u00e7on d'\u00eatre au monde.\r\nCheminement incertain jusqu'au fond de moi-m\u00eame, source de joie lorsque le mot juste m'est soudain donn\u00e9, ou errance dans ces temps de d\u00e9sert o\u00f9 le murmure int\u00e9rieur semble \u00e0 jamais \u00e9teint, le po\u00e8me est aussi une main tendue, l'attente d'un \u00e9cho au coeur de l'autre.\r","authors":["Evelyne Achard"],"category_codes":["1000000","1090000"],"visuals":{"large":"https:\/\/images.epagine.fr\/028\/9782810601028_1_75.jpg","medium":"https:\/\/images.epagine.fr\/028\/9782810601028_1_m.jpg","thumbnail":"https:\/\/images.epagine.fr\/028\/9782810601028_1_v.jpg"},"orderable":true,"show_badge":true,"formatted_price":"20,00&nbsp;\u20ac","formatted_published_date":"15 septembre 2008","publisher_availability_label":"Sur commande","short_details":"Evelyne Achard \u2014 Books on Demand","translator":null,"weight":223,"page_count":204,"readership":null,"editor":"Books on Demand","price":2000,"published_date":"2008-09-14T22:00:00.000000Z","support":"Grand format","publisher_availability":1,"stock":0,"editions":[],"url":"https:\/\/quaidesbrumes.com\/ouvrage\/9782810601028\/le-marchand-doublies-poemes-1996-2006"},{"id":"9791094068502","title":"Poemas dactilografics Tome 2","description":"Poesia improvisada sus maquina p\u00e8r escriure.","authors":["Gilbert Carr\u00e8re"],"category_codes":["1000000","1090000","1090600"],"visuals":{"large":"https:\/\/images.epagine.fr\/502\/9791094068502_1_75.jpg","medium":"https:\/\/images.epagine.fr\/502\/9791094068502_1_m.jpg","thumbnail":"https:\/\/images.epagine.fr\/502\/9791094068502_1_v.jpg"},"orderable":true,"show_badge":true,"formatted_price":"6,00&nbsp;\u20ac","formatted_published_date":"24 mars 2024","publisher_availability_label":"Sur commande","short_details":"Gilbert Carr\u00e8re \u2014 Sauveterre","translator":null,"weight":178,"page_count":128,"readership":null,"editor":"Sauveterre","price":600,"published_date":"2024-03-23T23:00:00.000000Z","support":"Grand format","publisher_availability":1,"stock":0,"editions":[],"url":"https:\/\/quaidesbrumes.com\/ouvrage\/9791094068502\/poemas-dactilografics-tome-2"},{"id":"9782874592362","title":"Les semences pourpres de l'innocence","description":null,"authors":["Chenot Gilles-Marie"],"category_codes":["1000000","1090000"],"visuals":{"large":"https:\/\/quaidesbrumes.com\/img\/book-placeholder.png","medium":"https:\/\/quaidesbrumes.com\/img\/book-placeholder.png","thumbnail":"https:\/\/quaidesbrumes.com\/img\/book-placeholder.png"},"orderable":true,"show_badge":true,"formatted_price":"12,90&nbsp;\u20ac","formatted_published_date":"1er juin 2007","publisher_availability_label":"Sur commande","short_details":"Chenot Gilles-Marie \u2014 Chloe Des Lys","translator":null,"weight":150,"page_count":null,"readership":null,"editor":"Chloe Des Lys","price":1290,"published_date":"2007-05-31T22:00:00.000000Z","support":"Grand format","publisher_availability":1,"stock":0,"editions":[],"url":"https:\/\/quaidesbrumes.com\/ouvrage\/9782874592362\/les-semences-pourpres-de-linnocence"},{"id":"9782296055056","title":"Quelques rumeurs venues du silence","description":"Dans un nuage de fum\u00e9e, au-dessus d'une table de restaurant, ou sous les neiges d'un hiver glacial. Dans le babil d'une reine du froufrou, ou dans le vide int\u00e9rieur d'un vieillard solitaire. Dans l'intimit\u00e9 des amants, ou dans la grande histoire de l'humain. Lara Sarcevic nous attire dans ces r\u00e9gions o\u00f9 le silence a infiniment plus \u00e0 dire que n'importe quel discours.\r","authors":["Lara Sarcevic"],"category_codes":["1000000","1090000"],"visuals":{"large":"https:\/\/images.epagine.fr\/056\/9782296055056_1_75.jpg","medium":"https:\/\/images.epagine.fr\/056\/9782296055056_1_m.jpg","thumbnail":"https:\/\/images.epagine.fr\/056\/9782296055056_1_v.jpg"},"orderable":true,"show_badge":true,"formatted_price":"11,50&nbsp;\u20ac","formatted_published_date":"11 avril 2008","publisher_availability_label":"Sur commande","short_details":"Lara Sarcevic \u2014 \u00c9ditions L'Harmattan","translator":null,"weight":90,"page_count":70,"readership":null,"editor":"\u00c9ditions L'Harmattan","price":1150,"published_date":"2008-04-10T22:00:00.000000Z","support":"Grand format","publisher_availability":1,"stock":0,"editions":[],"url":"https:\/\/quaidesbrumes.com\/ouvrage\/9782296055056\/quelques-rumeurs-venues-du-silence"},{"id":"9782874594526","title":"Souvenirs","description":null,"authors":["Fran\u00e7oise Castera"],"category_codes":["1000000","1090000"],"visuals":{"large":"https:\/\/images.epagine.fr\/526\/9782874594526_1_75.jpg","medium":"https:\/\/images.epagine.fr\/526\/9782874594526_1_m.jpg","thumbnail":"https:\/\/images.epagine.fr\/526\/9782874594526_1_v.jpg"},"orderable":true,"show_badge":true,"formatted_price":"17,90&nbsp;\u20ac","formatted_published_date":"1er d\u00e9cembre 2009","publisher_availability_label":"Sur commande","short_details":"Fran\u00e7oise Castera \u2014 Chloe Des Lys","translator":null,"weight":150,"page_count":89,"readership":null,"editor":"Chloe Des Lys","price":1790,"published_date":"2009-11-30T23:00:00.000000Z","support":"Grand format","publisher_availability":1,"stock":0,"editions":[],"url":"https:\/\/quaidesbrumes.com\/ouvrage\/9782874594526\/souvenirs"},{"id":"9782916071077","title":"Tableaux de l' inconstance des anges","description":null,"authors":["Pierre Tr\u00e9fois"],"category_codes":["1000000","1090000"],"visuals":{"large":"https:\/\/images.epagine.fr\/077\/9782916071077_1_75.jpg","medium":"https:\/\/images.epagine.fr\/077\/9782916071077_1_m.jpg","thumbnail":"https:\/\/images.epagine.fr\/077\/9782916071077_1_v.jpg"},"orderable":true,"show_badge":true,"formatted_price":"10,00&nbsp;\u20ac","formatted_published_date":"24 novembre 2007","publisher_availability_label":"Sur commande","short_details":"Pierre Tr\u00e9fois \u2014 Vanneaux","translator":null,"weight":140,"page_count":null,"readership":null,"editor":"Vanneaux","price":1000,"published_date":"2007-11-23T23:00:00.000000Z","support":"Grand format","publisher_availability":1,"stock":0,"editions":[],"url":"https:\/\/quaidesbrumes.com\/ouvrage\/9782916071077\/tableaux-de-l-inconstance-des-anges"},{"id":"9782358740098","title":"Fleurs de saisons","description":null,"authors":["Edmond Reboul"],"category_codes":["1000000","1090000"],"visuals":{"large":"https:\/\/quaidesbrumes.com\/img\/book-placeholder.png","medium":"https:\/\/quaidesbrumes.com\/img\/book-placeholder.png","thumbnail":"https:\/\/quaidesbrumes.com\/img\/book-placeholder.png"},"orderable":true,"show_badge":true,"formatted_price":"11,00&nbsp;\u20ac","formatted_published_date":"12 ao\u00fbt 2009","publisher_availability_label":"Sur commande","short_details":"Edmond Reboul \u2014 Manoirante","translator":null,"weight":77,"page_count":null,"readership":null,"editor":"Manoirante","price":1100,"published_date":"2009-08-11T22:00:00.000000Z","support":"Grand format","publisher_availability":1,"stock":0,"editions":[],"url":"https:\/\/quaidesbrumes.com\/ouvrage\/9782358740098\/fleurs-de-saisons"},{"id":"9782296082540","title":"Ricardo Molinari ou la solitude de la Pampa ; po\u00e9sie pour un temps de d\u00e9tresse","description":"Ricardo E. Molinari (1898 - 1996) est l'un des \u00e9crivains importants de l'avant-garde argentine des ann\u00e9es 1920 et 1930. Il a particip\u00e9, aux c\u00f4t\u00e9s de Jorge Luis Borges, \u00e0 la c\u00e9l\u00e8bre revue Martin Fierro. Il est laur\u00e9at de nombreux prix litt\u00e9raires internationaux (Prix national de po\u00e9sie 1958) et membre de l'Acad\u00e9mie argentine des Lettres. C'est donc \u00e0 la d\u00e9couverte d'un po\u00e8te essentiel de l'Argentine du XXe si\u00e8cle que nous convie Hector Dante Cincotta, d\u00e9positaire des archives Molinari.\r","authors":["Hector Dante cincotta"],"category_codes":["1000000","1090000"],"visuals":{"large":"https:\/\/images.epagine.fr\/540\/9782296082540_1_75.jpg","medium":"https:\/\/images.epagine.fr\/540\/9782296082540_1_m.jpg","thumbnail":"https:\/\/images.epagine.fr\/540\/9782296082540_1_v.jpg"},"orderable":true,"show_badge":true,"formatted_price":"18,50&nbsp;\u20ac","formatted_published_date":"14 mai 2009","publisher_availability_label":"Sur commande","short_details":"Hector Dante cincotta \u2014 \u00c9ditions L'Harmattan","translator":null,"weight":250,"page_count":null,"readership":null,"editor":"\u00c9ditions L'Harmattan","price":1850,"published_date":"2009-05-13T22:00:00.000000Z","support":"Grand format","publisher_availability":1,"stock":0,"editions":[],"url":"https:\/\/quaidesbrumes.com\/ouvrage\/9782296082540\/ricardo-molinari-ou-la-solitude-de-la-pampa-poesie-pour-un-temps-de-detresse"},{"id":"9782351280164","title":"Coeur fondateur","description":"Pour moi je dis que je fais corps\/avec cette prison\/avec la cave de la t\u00eate\/avec le taudis de l'espace occup\u00e9 par l'esprit\/mais la lumi\u00e8re qui manque\/nous enjoint de nommer le manque de lumi\u00e8re\/crisp\u00e9 sur l'aire obscure\/petit bonhomme fais attention\/dans ton terrier dans mon terrier\/dans nos terriers d'aveugles\/nos fronts sont cette vitre\/pos\u00e9e sur la m\u00e9taphysique\/et moi pour m'occuper\/a mes pieds sur le sol\/un \u00e0 un je ramasse\/les morceaux mal \u00e9teints du vitrail.\r","authors":["Gabrielle Althen","Pierre M\u00e9zin"],"category_codes":["1000000","1090000"],"visuals":{"large":"https:\/\/images.epagine.fr\/164\/9782351280164_1_75.jpg","medium":"https:\/\/images.epagine.fr\/164\/9782351280164_1_m.jpg","thumbnail":"https:\/\/images.epagine.fr\/164\/9782351280164_1_v.jpg"},"orderable":true,"show_badge":true,"formatted_price":"18,00&nbsp;\u20ac","formatted_published_date":"10 octobre 2006","publisher_availability_label":"Sur commande","short_details":"Gabrielle Althen, Pierre M\u00e9zin \u2014 Voix D'Encre","translator":null,"weight":340,"page_count":null,"readership":null,"editor":"Voix D'Encre","price":1800,"published_date":"2006-10-09T22:00:00.000000Z","support":"Grand format","publisher_availability":1,"stock":0,"editions":[],"url":"https:\/\/quaidesbrumes.com\/ouvrage\/9782351280164\/coeur-fondateur"},{"id":"9782916620367","title":"C'\u00e9tait \u00e0 belle \u00eele","description":"Le ha\u00efku, terme cr\u00e9\u00e9 par Shiki Masaoka (1867-1902), est une forme po\u00e9tique tr\u00e8s codifi\u00e9e d'origine japonaise, \u00e0 forte composante symbolique et dont la paternit\u00e9 est attribu\u00e9e \u00e0 Basho (1644-1694). Le ha\u00efku tire son origine du tanka, terme de po\u00e9sie traditionnelle japonaise. Il s'agit d'un petit po\u00e8me extr\u00eamement bref visant \u00e0 dire l'\u00e9vanescence des choses. Ce po\u00e8me comporte traditionnellement 17 mores \u00e9crits verticalement.\r\n\r\nLes ha\u00efkus ne sont connus en Occident que depuis \u00e0 peine plus d'un si\u00e8cle. Les \u00e9crivains occidentaux ont alors tent\u00e9 de s'inspirer de cette forme de po\u00e9sie br\u00e8ve. La plupart du temps, ils ont choisi de transposer le ha\u00efku japonais qui s'\u00e9crivait sur une seule colonne sous la forme d'un tercet de 5, 7 et 5 pieds pour les ha\u00efkus occidentaux.\r\n\r\nQuand on compose un ha\u00efku en fran\u00e7ais, on remplace en g\u00e9n\u00e9ral les mores par des syllabes ; cependant, une syllabe fran\u00e7aise peut contenir jusqu'\u00e0 trois mores ce qui engendre des po\u00e8mes irr\u00e9guliers.\r\n\r\nUne ivresse folle M'a ravi le corps et l'\u00e2me C'\u00e9tait \u00e0 Belle-\u00eele Par ces vers magnifiques et pleins de tendresse, Ren\u00e9 Le Bars nous parle du charme de Belle \u00eele. Nous sommes accompagn\u00e9s dans ce voyage par Salvatore Verniti qui nous faire d\u00e9couvrir Belle \u00eele d'une autre fa\u00e7on en introduisant dans ses superbes tableaux, cette lumi\u00e8re pastel caract\u00e9ristique de la Bretagne.\r","authors":["Ren\u00e9 Le bars"],"category_codes":["1000000","1090000"],"visuals":{"large":"https:\/\/images.epagine.fr\/367\/9782916620367_1_75.jpg","medium":"https:\/\/images.epagine.fr\/367\/9782916620367_1_m.jpg","thumbnail":"https:\/\/images.epagine.fr\/367\/9782916620367_1_v.jpg"},"orderable":true,"show_badge":true,"formatted_price":"12,00&nbsp;\u20ac","formatted_published_date":"29 mai 2009","publisher_availability_label":"Sur commande","short_details":"Ren\u00e9 Le bars \u2014 Editions Du Bout De La Rue","translator":null,"weight":100,"page_count":null,"readership":null,"editor":"Editions Du Bout De La Rue","price":1200,"published_date":"2009-05-28T22:00:00.000000Z","support":"Grand format","publisher_availability":1,"stock":0,"editions":[],"url":"https:\/\/quaidesbrumes.com\/ouvrage\/9782916620367\/cetait-a-belle-ile"}]}