{"data":[{"id":"9782384179633","title":"Ukraine ou le droit d'exister : suivi  de traces d'un conflit int\u00e9rieur","description":"Brutalement arrach\u00e9 \u00e0 la po\u00e9sie introspective par l'offensive russe contre une saine d\u00e9mocratie, l'auteur suit jour apr\u00e8s jour les \u00e9v\u00e8nements tragiques qui se d\u00e9roulent \u00e0 l'Est de l'Europe. Il assiste avec \u00e9tonnement \u00e0 l'av\u00e8nement d'une \u00e9criture par le biais de laquelle il se donne tout entier \u00e0 la cause ukrainienne.  Mais apr\u00e8s plusieurs mois d'activit\u00e9 intense, les \u00e9crits de guerre s'\u00e9puisent, sous l'effet d'une souffrance intime devenue trop aigu\u00eb.  La seconde partie de l'ouvrage est un opuscule compos\u00e9 un an auparavant et qui est un bon exemple de ce que l'auteur nomme \u00ab introspection \u00bb. Ainsi ce livre fait cohabiter la conscience du monde et la conscience de soi, chacune \u00e9tant soumise \u00e0 une injonction ennemie qui cherche \u00e0 abolir sa libert\u00e9.","authors":["Philippe Sabourdy"],"category_codes":["1000000","1090000","1090600"],"visuals":{"large":"https:\/\/images.epagine.fr\/633\/9782384179633_1_75.jpg","medium":"https:\/\/images.epagine.fr\/633\/9782384179633_1_m.jpg","thumbnail":"https:\/\/images.epagine.fr\/633\/9782384179633_1_v.jpg"},"orderable":true,"show_badge":true,"formatted_price":"10,00&nbsp;\u20ac","formatted_published_date":"21 f\u00e9vrier 2023","publisher_availability_label":"Sur commande","short_details":"Philippe Sabourdy \u2014 LES IMPLIQUES","translator":null,"weight":87,"page_count":60,"readership":null,"editor":"LES IMPLIQUES","price":1000,"published_date":"2023-02-20T23:00:00.000000Z","support":"Grand format","publisher_availability":1,"stock":0,"editions":[],"url":"https:\/\/quaidesbrumes.com\/ouvrage\/9782384179633\/ukraine-ou-le-droit-dexister-suivi-de-traces-dun-conflit-interieur"},{"id":"9782849241349","title":"Nelly a 25 ans","description":"Un quart de si\u00e8cle ! Une histoire d\u00e9j\u00e0... Comment ne pas graver cet instant ? Il a donc \u00e9t\u00e9 d\u00e9cid\u00e9 d'en faire un livre-po\u00e8me d\u00e9di\u00e9 \u00e0 celle qui illumine nos jours depuis pr\u00e8s de six ans maintenant. Ce sont son sourire, sa gentillesse, ses mimiques, sa malice, sa sinc\u00e9rit\u00e9, son intelligence, sa franchise, sa capacit\u00e9 de compr\u00e9hension, sa g\u00e9n\u00e9rosit\u00e9 et plein d'autres choses qui nous ont inspir\u00e9. Bref, elle tout simplement...\r","authors":["Patrice Kanozsai"],"category_codes":["1000000","1090000"],"visuals":{"large":"https:\/\/images.epagine.fr\/349\/9782849241349_1_75.jpg","medium":"https:\/\/images.epagine.fr\/349\/9782849241349_1_m.jpg","thumbnail":"https:\/\/images.epagine.fr\/349\/9782849241349_1_v.jpg"},"orderable":true,"show_badge":true,"formatted_price":"10,00&nbsp;\u20ac","formatted_published_date":"15 avril 2009","publisher_availability_label":"Sur commande","short_details":"Patrice Kanozsai \u2014 Editions Du Cygne","translator":null,"weight":125,"page_count":null,"readership":null,"editor":"Editions Du Cygne","price":1000,"published_date":"2009-04-14T22:00:00.000000Z","support":"Grand format","publisher_availability":1,"stock":0,"editions":[],"url":"https:\/\/quaidesbrumes.com\/ouvrage\/9782849241349\/nelly-a-25-ans"},{"id":"9782296102675","title":"La complainte des mangroves","description":"Ce recueil de po\u00e9sie, qui traverse tous les continents, vient en r\u00e9sonance au premier roman de l'auteur, Les Exil\u00e9s de Koumous, o\u00f9 l'\u00e9crivain posait d\u00e9j\u00e0 un regard sur la nature humaine et sur le spectacle parfois d\u00e9concertant qu'elle nous offre.\r\n Jalonn\u00e9e d'interrogations et de cris - cris de douleur, cris d'amour et cris d'espoir - cette oeuvre arrive \u00e0 point nomm\u00e9, au moment o\u00f9 la France s'interroge sur son identit\u00e9 et o\u00f9 de nombreux pays d'Afrique f\u00eatent le cinquantenaire de leur ind\u00e9pendance.\r","authors":["Eug\u00e8ne Tavares"],"category_codes":["1000000","1090000"],"visuals":{"large":"https:\/\/images.epagine.fr\/675\/9782296102675_1_75.jpg","medium":"https:\/\/images.epagine.fr\/675\/9782296102675_1_m.jpg","thumbnail":"https:\/\/images.epagine.fr\/675\/9782296102675_1_v.jpg"},"orderable":true,"show_badge":true,"formatted_price":"12,00&nbsp;\u20ac","formatted_published_date":"28 avril 2010","publisher_availability_label":"Sur commande","short_details":"Eug\u00e8ne Tavares \u2014 \u00c9ditions L'Harmattan","translator":null,"weight":125,"page_count":null,"readership":null,"editor":"\u00c9ditions L'Harmattan","price":1200,"published_date":"2010-04-27T22:00:00.000000Z","support":"Grand format","publisher_availability":1,"stock":0,"editions":[],"url":"https:\/\/quaidesbrumes.com\/ouvrage\/9782296102675\/la-complainte-des-mangroves"},{"id":"9782810601318","title":"Jardin d'\u00e9moi","description":"Une invitation au jardin au cours d'une promenade po\u00e9tique au fil des saisons o\u00f9 les mots remplacent les images...\r","authors":["Adeline.b"],"category_codes":["1000000","1090000"],"visuals":{"large":"https:\/\/images.epagine.fr\/318\/9782810601318_1_75.jpg","medium":"https:\/\/images.epagine.fr\/318\/9782810601318_1_m.jpg","thumbnail":"https:\/\/images.epagine.fr\/318\/9782810601318_1_v.jpg"},"orderable":true,"show_badge":true,"formatted_price":"15,00&nbsp;\u20ac","formatted_published_date":"4 d\u00e9cembre 2008","publisher_availability_label":"Sur commande","short_details":"Adeline.b \u2014 Books on Demand","translator":null,"weight":214,"page_count":128,"readership":null,"editor":"Books on Demand","price":1500,"published_date":"2008-12-03T23:00:00.000000Z","support":"Grand format","publisher_availability":1,"stock":0,"editions":[],"url":"https:\/\/quaidesbrumes.com\/ouvrage\/9782810601318\/jardin-demoi"},{"id":"9782296112032","title":"Entre p\u00e9nombre et clart\u00e9","description":"Il m'arrive de repenser \u00e0 la for\u00eat \/ \u00e0 la plage du sud, au village dansant \/ mais ce ne fut qu'un r\u00eave \/ qui a d\u00fb s'\u00e9vaporer dans la ville. \/ L'arri\u00e8re-pays est loin, la province l'est aussi \/ j'y reviendrai \/ en ces vers. Marc Lauserie est jardinier et travaillait en 1997 au service des espaces verts de l'h\u00f4pital du Kremlin-Bic\u00eatre. Une amiti\u00e9 est n\u00e9e avec Salah Al Hamdani, po\u00e8te et biblioth\u00e9caire du personnel. Salah lui dit ces quelques mots : \"Marco, tu devrais \u00e9crire !\". Marc Lauserie a publi\u00e9 son premier recueil de po\u00e8mes, Le jardin d'Eden, en 2003 aux \u00e9ditions L'Harmattan. Plusieurs ann\u00e9es apr\u00e8s, ce nouveau recueil est le fruit d'une amiti\u00e9 qui dure.\r","authors":["Marc Lauserie"],"category_codes":["1000000","1090000"],"visuals":{"large":"https:\/\/images.epagine.fr\/032\/9782296112032_1_75.jpg","medium":"https:\/\/images.epagine.fr\/032\/9782296112032_1_m.jpg","thumbnail":"https:\/\/images.epagine.fr\/032\/9782296112032_1_v.jpg"},"orderable":true,"show_badge":true,"formatted_price":"12,00&nbsp;\u20ac","formatted_published_date":"10 mars 2010","publisher_availability_label":"Sur commande","short_details":"Marc Lauserie \u2014 \u00c9ditions L'Harmattan","translator":null,"weight":115,"page_count":84,"readership":null,"editor":"\u00c9ditions L'Harmattan","price":1200,"published_date":"2010-03-09T23:00:00.000000Z","support":"Grand format","publisher_availability":1,"stock":0,"editions":[],"url":"https:\/\/quaidesbrumes.com\/ouvrage\/9782296112032\/entre-penombre-et-clarte"},{"id":"9782849240274","title":"Jusqu'au bout du vertige","description":null,"authors":["Elvire Maurouard"],"category_codes":["1000000","1090000"],"visuals":{"large":"https:\/\/quaidesbrumes.com\/img\/book-placeholder.png","medium":"https:\/\/quaidesbrumes.com\/img\/book-placeholder.png","thumbnail":"https:\/\/quaidesbrumes.com\/img\/book-placeholder.png"},"orderable":true,"show_badge":true,"formatted_price":"10,00&nbsp;\u20ac","formatted_published_date":"29 mars 2007","publisher_availability_label":"Sur commande","short_details":"Elvire Maurouard \u2014 Editions Du Cygne","translator":null,"weight":100,"page_count":null,"readership":null,"editor":"Editions Du Cygne","price":1000,"published_date":"2007-03-28T22:00:00.000000Z","support":"Grand format","publisher_availability":1,"stock":0,"editions":[],"url":"https:\/\/quaidesbrumes.com\/ouvrage\/9782849240274\/jusquau-bout-du-vertige"},{"id":"9782865032907","title":"Les saisons ; po\u00e8me","description":"Les Saisons de Jean-Fran\u00e7ois de Saint-Lambert n'ont pas seulement impos\u00e9 le genre de la po\u00e9sie descriptive, elles constituent un pr\u00e9cieux document sur les pr\u00e9occupations philosophiques des Lumi\u00e8res. Cet ouvrage contribue \u00e0 ouvrir de nouvelles perspectives sur le po\u00e8te lorrain.\r","authors":["Jean-Fran\u00e7ois de Saint-Lambert"],"category_codes":["1000000","1090000"],"visuals":{"large":"https:\/\/images.epagine.fr\/907\/9782865032907_1_75.jpg","medium":"https:\/\/images.epagine.fr\/907\/9782865032907_1_m.jpg","thumbnail":"https:\/\/images.epagine.fr\/907\/9782865032907_1_v.jpg"},"orderable":true,"show_badge":true,"formatted_price":"30,00&nbsp;\u20ac","formatted_published_date":"12 juin 2014","publisher_availability_label":"Sur commande","short_details":"Jean-Fran\u00e7ois de Saint-Lambert \u2014 Stfm","translator":null,"weight":360,"page_count":336,"readership":null,"editor":"Stfm","price":3000,"published_date":"2014-06-11T22:00:00.000000Z","support":"Poche","publisher_availability":1,"stock":0,"editions":[],"url":"https:\/\/quaidesbrumes.com\/ouvrage\/9782865032907\/les-saisons-poeme"},{"id":"9782296042445","title":"Prononcer, garder","description":"Toujours \u00e9trang\u00e8re \u00e0 la litt\u00e9rature, arc-bout\u00e9e contre les images, sans identit\u00e9 ni sujet, la po\u00e9sie peut-elle garder le chant une seule fois prononc\u00e9e ?\r","authors":["Jacques Guigou"],"category_codes":["1000000","1090000"],"visuals":{"large":"https:\/\/images.epagine.fr\/445\/9782296042445_1_75.jpg","medium":"https:\/\/images.epagine.fr\/445\/9782296042445_1_m.jpg","thumbnail":"https:\/\/images.epagine.fr\/445\/9782296042445_1_v.jpg"},"orderable":true,"show_badge":true,"formatted_price":"11,00&nbsp;\u20ac","formatted_published_date":"1er octobre 2007","publisher_availability_label":"Sur commande","short_details":"Jacques Guigou \u2014 \u00c9ditions L'Harmattan","translator":null,"weight":90,"page_count":null,"readership":null,"editor":"\u00c9ditions L'Harmattan","price":1100,"published_date":"2007-09-30T22:00:00.000000Z","support":"Grand format","publisher_availability":1,"stock":0,"editions":[],"url":"https:\/\/quaidesbrumes.com\/ouvrage\/9782296042445\/prononcer-garder"},{"id":"9782810612949","title":"Un dernier (vers) pour la route","description":"Recueil de po\u00e9sie du premier trimestre 2021.\r\n\r\nLe sixi\u00e8me et dernier recueil de l'auteur.\r","authors":["Jean-fran\u00e7ois Jabaudon"],"category_codes":["1000000","1090000","1090600"],"visuals":{"large":"https:\/\/images.epagine.fr\/949\/9782810612949_1_75.jpg","medium":"https:\/\/images.epagine.fr\/949\/9782810612949_1_m.jpg","thumbnail":"https:\/\/images.epagine.fr\/949\/9782810612949_1_v.jpg"},"orderable":true,"show_badge":true,"formatted_price":"4,99&nbsp;\u20ac","formatted_published_date":"22 mars 2021","publisher_availability_label":"Sur commande","short_details":"Jean-fran\u00e7ois Jabaudon \u2014 Books on Demand","translator":null,"weight":79,"page_count":44,"readership":null,"editor":"Books on Demand","price":499,"published_date":"2021-03-21T23:00:00.000000Z","support":"Grand format","publisher_availability":1,"stock":0,"editions":[],"url":"https:\/\/quaidesbrumes.com\/ouvrage\/9782810612949\/un-dernier-vers-pour-la-route"},{"id":"9782849241431","title":"L'or du vent","description":"En nos temps erratiques, \u00e9pris de doute et de d\u00e9gradation, il n'y a rien de plus pr\u00e9cieux que l'art de c\u00e9l\u00e9brer, auquel la po\u00e9tesse nous convoie. Elle se tient sur le seuil authentique, et nous montre la voie, tendue entre la terre et le ciel. Entre les apparences et le contenu sacr\u00e9 des choses et des \u00eatres, elle jette des ponts. Elle retrouve le temps merveilleux de notre innocence et de notre v\u00e9ritable envergure, celle d'avant les amputations prosa\u00efquement rationnelles.\r\nMichel LAGRANGE En lisant le recueil de po\u00e8mes L'or du vent, d'Adelina Lenoir Cicaici, je me sens conduit en terre du silence, par les mots les plus d\u00e9licats et les plus justes. Adelina a le sens de l'harmonie de l'univers. Elle danse au rythme du silence des mots, vit constamment dans le myst\u00e8re des constellations, comme si elle assistait au spectacle du cosmos d'une fen\u00eatre ouverte sur l'immensit\u00e9. Il est donc tout \u00e0 fait naturel qu'elle se sente en profonde connivence avec les photographies de Pascal Lys. Ils fr\u00e9quentent le m\u00eame chemin dans la marche vers la beaut\u00e9. Ce n'est pas un rite de livre ou d'alliance des arts - celui des images et celui de la parole-, non, la po\u00e9tesse et le photographe voyagent presque main dans la main, pouss\u00e9s par le vent de la beaut\u00e9, \u00e0 la recherche du mot, celui qui a g\u00e9n\u00e9r\u00e9 tous les autres mots : c'est le mot de l'origine, ce mot-diamant, qui contient toute langue et tout mot, de langue en langue.\r\nGiovanni DOTOLI\r","authors":["Adelina Lenoir cicaici"],"category_codes":["1000000","1090000"],"visuals":{"large":"https:\/\/images.epagine.fr\/431\/9782849241431_1_75.jpg","medium":"https:\/\/images.epagine.fr\/431\/9782849241431_1_m.jpg","thumbnail":"https:\/\/images.epagine.fr\/431\/9782849241431_1_v.jpg"},"orderable":true,"show_badge":true,"formatted_price":"15,00&nbsp;\u20ac","formatted_published_date":"10 juin 2009","publisher_availability_label":"Sur commande","short_details":"Adelina Lenoir cicaici \u2014 Editions Du Cygne","translator":null,"weight":200,"page_count":null,"readership":null,"editor":"Editions Du Cygne","price":1500,"published_date":"2009-06-09T22:00:00.000000Z","support":"Grand format","publisher_availability":1,"stock":0,"editions":[],"url":"https:\/\/quaidesbrumes.com\/ouvrage\/9782849241431\/lor-du-vent"},{"id":"9782874594342","title":"Le monde opaque","description":null,"authors":["Daniel Plasschaert"],"category_codes":["1000000","1090000"],"visuals":{"large":"https:\/\/images.epagine.fr\/342\/9782874594342_1_75.jpg","medium":"https:\/\/images.epagine.fr\/342\/9782874594342_1_m.jpg","thumbnail":"https:\/\/images.epagine.fr\/342\/9782874594342_1_v.jpg"},"orderable":true,"show_badge":true,"formatted_price":"23,60&nbsp;\u20ac","formatted_published_date":"1er d\u00e9cembre 2009","publisher_availability_label":"Sur commande","short_details":"Daniel Plasschaert \u2014 Chloe Des Lys","translator":null,"weight":150,"page_count":null,"readership":null,"editor":"Chloe Des Lys","price":2360,"published_date":"2009-11-30T23:00:00.000000Z","support":"Grand format","publisher_availability":1,"stock":0,"editions":[],"url":"https:\/\/quaidesbrumes.com\/ouvrage\/9782874594342\/le-monde-opaque"},{"id":"9782915120479","title":"Etnaxios","description":"Un p\u00e8re va mourir. Un p\u00e8re n'a pas parl\u00e9. Une enfant a recueilli la parole non-dite du p\u00e8re et tente, comme voix, de la restituer.\r\nElle dispose pour cela d'un jeu de photographies et de quelques souvenirs d'enfance. Mais aussi des ressources passionn\u00e9ment convoqu\u00e9es du r\u00eave, de l'art, de l'Histoire (guerre de 1914-1918), par quoi une m\u00e9moire d\u00e9passe ses limites individuelles.\r\nL'id\u00e9e de la mort du p\u00e8re, la guerre, les liens de transmission  ascendants et descendants  et le propre vieillissement de l'enfant constituent le mat\u00e9riau de voix multiples librement entrelac\u00e9es. Car l'\u00e9criture ici se joue de la chronologie et l'ultime tentative sera de suspendre, le temps d'un livre, l'instant fragile qui nous s\u00e9pare, p\u00e8re ou enfant, de notre propre mort.\r","authors":["Fran\u00e7oise Cl\u00e9dat"],"category_codes":["1000000","1090000"],"visuals":{"large":"https:\/\/images.epagine.fr\/479\/9782915120479_1_75.jpg","medium":"https:\/\/images.epagine.fr\/479\/9782915120479_1_m.jpg","thumbnail":"https:\/\/images.epagine.fr\/479\/9782915120479_1_v.jpg"},"orderable":true,"show_badge":true,"formatted_price":"17,50&nbsp;\u20ac","formatted_published_date":"15 juin 2008","publisher_availability_label":"Sur commande","short_details":"Fran\u00e7oise Cl\u00e9dat \u2014 L'Amourier","translator":null,"weight":215,"page_count":132,"readership":null,"editor":"L'Amourier","price":1750,"published_date":"2008-06-14T22:00:00.000000Z","support":"Grand format","publisher_availability":1,"stock":0,"editions":[],"url":"https:\/\/quaidesbrumes.com\/ouvrage\/9782915120479\/etnaxios"},{"id":"9782953491425","title":"Seigneur, ouvre mes l\u00e8vres...","description":null,"authors":["Guy Jampierre"],"category_codes":["1000000","1090000"],"visuals":{"large":"https:\/\/quaidesbrumes.com\/img\/book-placeholder.png","medium":"https:\/\/quaidesbrumes.com\/img\/book-placeholder.png","thumbnail":"https:\/\/quaidesbrumes.com\/img\/book-placeholder.png"},"orderable":true,"show_badge":true,"formatted_price":"20,00&nbsp;\u20ac","formatted_published_date":"1er juin 2010","publisher_availability_label":"Sur commande","short_details":"Guy Jampierre \u2014 De St Trophime","translator":null,"weight":374,"page_count":null,"readership":null,"editor":"De St Trophime","price":2000,"published_date":"2010-05-31T22:00:00.000000Z","support":"Grand format","publisher_availability":1,"stock":0,"editions":[],"url":"https:\/\/quaidesbrumes.com\/ouvrage\/9782953491425\/seigneur-ouvre-mes-levres"},{"id":"9782874594366","title":"\u00e0 la maison d'Anna","description":null,"authors":["Collectif"],"category_codes":["1000000","1090000"],"visuals":{"large":"https:\/\/images.epagine.fr\/366\/9782874594366_1_75.jpg","medium":"https:\/\/images.epagine.fr\/366\/9782874594366_1_m.jpg","thumbnail":"https:\/\/images.epagine.fr\/366\/9782874594366_1_v.jpg"},"orderable":true,"show_badge":true,"formatted_price":"19,30&nbsp;\u20ac","formatted_published_date":"1er d\u00e9cembre 2009","publisher_availability_label":"Sur commande","short_details":"Collectif \u2014 Chloe Des Lys","translator":null,"weight":150,"page_count":null,"readership":null,"editor":"Chloe Des Lys","price":1930,"published_date":"2009-11-30T23:00:00.000000Z","support":"Grand format","publisher_availability":1,"stock":0,"editions":[],"url":"https:\/\/quaidesbrumes.com\/ouvrage\/9782874594366\/a-la-maison-danna"},{"id":"9782847551006","title":"Premi\u00e8res po\u00e9sies","description":null,"authors":["Ange de Saint mont"],"category_codes":["1000000","1090000"],"visuals":{"large":"https:\/\/quaidesbrumes.com\/img\/book-placeholder.png","medium":"https:\/\/quaidesbrumes.com\/img\/book-placeholder.png","thumbnail":"https:\/\/quaidesbrumes.com\/img\/book-placeholder.png"},"orderable":true,"show_badge":true,"formatted_price":"6,50&nbsp;\u20ac","formatted_published_date":"15 juin 2007","publisher_availability_label":"Sur commande","short_details":"Ange de Saint mont \u2014 De Saint Mont","translator":null,"weight":70,"page_count":null,"readership":null,"editor":"De Saint Mont","price":650,"published_date":"2007-06-14T22:00:00.000000Z","support":"Grand format","publisher_availability":1,"stock":0,"editions":[],"url":"https:\/\/quaidesbrumes.com\/ouvrage\/9782847551006\/premieres-poesies"},{"id":"9782874594403","title":"Toi-nous","description":"Un r\u00e9cit.\r\nUne rencontre sur internet.\r\nUne histoire d'amour. Une passion aux d\u00e9buts fulgurants malgr\u00e9 les multiples obstacles.\r\nPuis, chez elle, l'affadissement brutal. Inexpliqu\u00e9, incompr\u00e9hensible pour lui, voire pour elle.\r\nDes caract\u00e8res de feu. La volont\u00e9 commune d'y croire encore qui les fait \" repartir \" 22 fois apr\u00e8s 22 ruptures.\r\nL'impossible, l'ambigu\u00eft\u00e9, le vouloir, l'irr\u00e9m\u00e9diable : vous trouverez toutes ces \u00e9tapes de la passion amoureuse dans ce court opus que Claude Colson nous livre en alternant, une fois encore - mais encore diff\u00e9remment - r\u00e9cit, po\u00e8mes en vers libres et journal intime.\r\nLa violence des sentiments, la force des mots.\r","authors":["Claude Colson"],"category_codes":["1000000","1090000"],"visuals":{"large":"https:\/\/images.epagine.fr\/403\/9782874594403_1_75.jpg","medium":"https:\/\/images.epagine.fr\/403\/9782874594403_1_m.jpg","thumbnail":"https:\/\/images.epagine.fr\/403\/9782874594403_1_v.jpg"},"orderable":true,"show_badge":true,"formatted_price":"15,00&nbsp;\u20ac","formatted_published_date":"1er d\u00e9cembre 2009","publisher_availability_label":"Sur commande","short_details":"Claude Colson \u2014 Chloe Des Lys","translator":null,"weight":150,"page_count":91,"readership":null,"editor":"Chloe Des Lys","price":1500,"published_date":"2009-11-30T23:00:00.000000Z","support":"Grand format","publisher_availability":1,"stock":0,"editions":[],"url":"https:\/\/quaidesbrumes.com\/ouvrage\/9782874594403\/toi-nous"},{"id":"9782874592263","title":"Ritournelle","description":null,"authors":["Nathalie d. Druant"],"category_codes":["1000000","1090000"],"visuals":{"large":"https:\/\/images.epagine.fr\/263\/9782874592263_1_75.jpg","medium":"https:\/\/images.epagine.fr\/263\/9782874592263_1_m.jpg","thumbnail":"https:\/\/images.epagine.fr\/263\/9782874592263_1_v.jpg"},"orderable":true,"show_badge":true,"formatted_price":"7,90&nbsp;\u20ac","formatted_published_date":"1er juin 2007","publisher_availability_label":"Sur commande","short_details":"Nathalie d. Druant \u2014 Chloe Des Lys","translator":null,"weight":100,"page_count":51,"readership":null,"editor":"Chloe Des Lys","price":790,"published_date":"2007-05-31T22:00:00.000000Z","support":"Grand format","publisher_availability":1,"stock":0,"editions":[],"url":"https:\/\/quaidesbrumes.com\/ouvrage\/9782874592263\/ritournelle"},{"id":"9782912207050","title":"Roi de la valse","description":null,"authors":["Annie Zadek"],"category_codes":["1000000","1090000"],"visuals":{"large":"https:\/\/quaidesbrumes.com\/img\/book-placeholder.png","medium":"https:\/\/quaidesbrumes.com\/img\/book-placeholder.png","thumbnail":"https:\/\/quaidesbrumes.com\/img\/book-placeholder.png"},"orderable":true,"show_badge":true,"formatted_price":"9,91&nbsp;\u20ac","formatted_published_date":"1er mars 1998","publisher_availability_label":"Sur commande","short_details":"Annie Zadek \u2014 Mauguin","translator":null,"weight":0,"page_count":null,"readership":null,"editor":"Mauguin","price":991,"published_date":"1998-02-28T23:00:00.000000Z","support":"Grand format","publisher_availability":1,"stock":0,"editions":[],"url":"https:\/\/quaidesbrumes.com\/ouvrage\/9782912207050\/roi-de-la-valse"},{"id":"9782849241714","title":"Au creux de mon \u00eatre","description":"\u00ab Fruit qui se moissonne quand vient la saison \u00bb est un vers de Julien Kilanga Musinde et constitue la source d'inspiration de ce recueil po\u00e9tique bilingue. Il rassemble 25 po\u00e8mes en fran\u00e7ais de Julien Kilanga Musinde traduits en grec et 25 po\u00e8mes en grec de M\u00e9lita Toka Karachaliou traduits en fran\u00e7ais. Ces po\u00e8mes sont la r\u00e9sonance de deux voix en qu\u00eate de paix, d'humanisme et de bonheur. Dans le destin du temps existent les voix des existences g\u00e9n\u00e9reuses qui germent et donnent leurs fruits. Ainsi la langue fran\u00e7aise et la langue grecque coexistent et voyagent c\u00f4te \u00e0 c\u00f4te comme deux colombes jumelles. Ce livre est un v\u00e9ritable exemple et un message du partenariat des langues et du dialogue des cultures pr\u00e9conis\u00e9s en Francophonie.\r","authors":["Julien Kilanga musinde","M\u00e9lita Toka karachaliou"],"category_codes":["1000000","1090000"],"visuals":{"large":"https:\/\/images.epagine.fr\/714\/9782849241714_1_75.jpg","medium":"https:\/\/images.epagine.fr\/714\/9782849241714_1_m.jpg","thumbnail":"https:\/\/images.epagine.fr\/714\/9782849241714_1_v.jpg"},"orderable":true,"show_badge":true,"formatted_price":"12,00&nbsp;\u20ac","formatted_published_date":"26 janvier 2010","publisher_availability_label":"Sur commande","short_details":"Julien Kilanga musinde, M\u00e9lita Toka karachaliou \u2014 Editions Du Cygne","translator":null,"weight":200,"page_count":112,"readership":null,"editor":"Editions Du Cygne","price":1200,"published_date":"2010-01-25T23:00:00.000000Z","support":"Grand format","publisher_availability":1,"stock":0,"editions":[],"url":"https:\/\/quaidesbrumes.com\/ouvrage\/9782849241714\/au-creux-de-mon-etre"},{"id":"9782296112056","title":"Gravit\u00e9s","description":"Dans les pr\u00e9cipitations provoqu\u00e9es du r\u00e9el dont les mots seraient parties prenantes tracer un po\u00e8me apr\u00e8s l'effilochage. Tramer le texte de l'une \u00e0 l'autre dimension de l'exp\u00e9rience ici-l\u00e0-bas tragique, vide ou idyllique, quotidienne ou lyrique. S'essayer mot \u00e0 mot \u00e0 ce qui passe les mots et les emporte, impressionnant : au change, \u00e0 l'appara\u00eetre, \u00e0 l'effectuation, \u00e0 leurs envers et revers, s'y tenir et tenir.\r","authors":["Christian Cavaill\u00e9"],"category_codes":["1000000","1090000"],"visuals":{"large":"https:\/\/images.epagine.fr\/056\/9782296112056_1_75.jpg","medium":"https:\/\/images.epagine.fr\/056\/9782296112056_1_m.jpg","thumbnail":"https:\/\/images.epagine.fr\/056\/9782296112056_1_v.jpg"},"orderable":true,"show_badge":true,"formatted_price":"13,50&nbsp;\u20ac","formatted_published_date":"10 mars 2010","publisher_availability_label":"Sur commande","short_details":"Christian Cavaill\u00e9 \u2014 \u00c9ditions L'Harmattan","translator":null,"weight":160,"page_count":120,"readership":null,"editor":"\u00c9ditions L'Harmattan","price":1350,"published_date":"2010-03-09T23:00:00.000000Z","support":"Grand format","publisher_availability":1,"stock":0,"editions":[],"url":"https:\/\/quaidesbrumes.com\/ouvrage\/9782296112056\/gravites"},{"id":"9782874592270","title":"Ces mots qui ont pousse ma vie","description":null,"authors":["Dopchie Andre"],"category_codes":["1000000","1090000"],"visuals":{"large":"https:\/\/quaidesbrumes.com\/img\/book-placeholder.png","medium":"https:\/\/quaidesbrumes.com\/img\/book-placeholder.png","thumbnail":"https:\/\/quaidesbrumes.com\/img\/book-placeholder.png"},"orderable":true,"show_badge":true,"formatted_price":"12,10&nbsp;\u20ac","formatted_published_date":"1er juin 2007","publisher_availability_label":"Sur commande","short_details":"Dopchie Andre \u2014 Chloe Des Lys","translator":null,"weight":150,"page_count":null,"readership":null,"editor":"Chloe Des Lys","price":1210,"published_date":"2007-05-31T22:00:00.000000Z","support":"Grand format","publisher_availability":1,"stock":0,"editions":[],"url":"https:\/\/quaidesbrumes.com\/ouvrage\/9782874592270\/ces-mots-qui-ont-pousse-ma-vie"},{"id":"9782812707469","title":"Densit\u00e9s","description":null,"authors":["Tsaphiel"],"category_codes":["1000000","1090000","1090200"],"visuals":{"large":"https:\/\/quaidesbrumes.com\/img\/book-placeholder.png","medium":"https:\/\/quaidesbrumes.com\/img\/book-placeholder.png","thumbnail":"https:\/\/quaidesbrumes.com\/img\/book-placeholder.png"},"orderable":true,"show_badge":true,"formatted_price":"14,00&nbsp;\u20ac","formatted_published_date":"2 d\u00e9cembre 2015","publisher_availability_label":"Sur commande","short_details":"Tsaphiel \u2014 Presses Du Midi","translator":null,"weight":132,"page_count":null,"readership":null,"editor":"Presses Du Midi","price":1400,"published_date":"2015-12-01T23:00:00.000000Z","support":"Grand format","publisher_availability":1,"stock":0,"editions":[],"url":"https:\/\/quaidesbrumes.com\/ouvrage\/9782812707469\/densites"},{"id":"9782916071015","title":"La nuit revenante , la nuit","description":null,"authors":["Jean-Louis Rambour"],"category_codes":["1000000","1090000"],"visuals":{"large":"https:\/\/images.epagine.fr\/015\/9782916071015_1_75.jpg","medium":"https:\/\/images.epagine.fr\/015\/9782916071015_1_m.jpg","thumbnail":"https:\/\/images.epagine.fr\/015\/9782916071015_1_v.jpg"},"orderable":true,"show_badge":true,"formatted_price":"10,00&nbsp;\u20ac","formatted_published_date":"24 novembre 2007","publisher_availability_label":"Sur commande","short_details":"Jean-Louis Rambour \u2014 Vanneaux","translator":null,"weight":190,"page_count":null,"readership":null,"editor":"Vanneaux","price":1000,"published_date":"2007-11-23T23:00:00.000000Z","support":"Grand format","publisher_availability":1,"stock":0,"editions":[],"url":"https:\/\/quaidesbrumes.com\/ouvrage\/9782916071015\/la-nuit-revenante-la-nuit"},{"id":"9782916071022","title":"Ca ressemble a une vie","description":null,"authors":["Roger Wallet"],"category_codes":["1000000","1090000"],"visuals":{"large":"https:\/\/images.epagine.fr\/022\/9782916071022_1_75.jpg","medium":"https:\/\/images.epagine.fr\/022\/9782916071022_1_m.jpg","thumbnail":"https:\/\/images.epagine.fr\/022\/9782916071022_1_v.jpg"},"orderable":true,"show_badge":true,"formatted_price":"10,00&nbsp;\u20ac","formatted_published_date":"24 novembre 2007","publisher_availability_label":"Sur commande","short_details":"Roger Wallet \u2014 Vanneaux","translator":null,"weight":145,"page_count":null,"readership":null,"editor":"Vanneaux","price":1000,"published_date":"2007-11-23T23:00:00.000000Z","support":"Grand format","publisher_availability":1,"stock":0,"editions":[],"url":"https:\/\/quaidesbrumes.com\/ouvrage\/9782916071022\/ca-ressemble-a-une-vie"}]}