{"data":[{"id":"9782923829029","title":"Embruns - tanka","description":null,"authors":["Irubetagoyena Jean"],"category_codes":["1000000","1090000"],"visuals":{"large":"https:\/\/quaidesbrumes.com\/img\/book-placeholder.png","medium":"https:\/\/quaidesbrumes.com\/img\/book-placeholder.png","thumbnail":"https:\/\/quaidesbrumes.com\/img\/book-placeholder.png"},"orderable":true,"show_badge":true,"formatted_price":"22,00&nbsp;\u20ac","formatted_published_date":"1er juillet 2011","publisher_availability_label":"Sur commande","short_details":"Irubetagoyena Jean \u2014 Tanka Francophone","translator":null,"weight":107,"page_count":null,"readership":null,"editor":"Tanka Francophone","price":2200,"published_date":"2011-06-30T22:00:00.000000Z","support":"Grand format","publisher_availability":1,"stock":0,"editions":[],"url":"https:\/\/quaidesbrumes.com\/ouvrage\/9782923829029\/embruns-tanka"},{"id":"9782923829005","title":"Quant a saint-germain-des-pres, 31 tanka sur la main d apres - tanka","description":null,"authors":["Nicolas Grenier"],"category_codes":["1000000","1090000"],"visuals":{"large":"https:\/\/quaidesbrumes.com\/img\/book-placeholder.png","medium":"https:\/\/quaidesbrumes.com\/img\/book-placeholder.png","thumbnail":"https:\/\/quaidesbrumes.com\/img\/book-placeholder.png"},"orderable":true,"show_badge":true,"formatted_price":"16,00&nbsp;\u20ac","formatted_published_date":"1er juin 2011","publisher_availability_label":"Sur commande","short_details":"Nicolas Grenier \u2014 Tanka Francophone","translator":null,"weight":90,"page_count":null,"readership":null,"editor":"Tanka Francophone","price":1600,"published_date":"2011-05-31T22:00:00.000000Z","support":"Grand format","publisher_availability":1,"stock":0,"editions":[],"url":"https:\/\/quaidesbrumes.com\/ouvrage\/9782923829005\/quant-a-saint-germain-des-pres-31-tanka-sur-la-main-d-apres-tanka"},{"id":"9782923829012","title":"Crayon, veleo, papillon - recueil de tanka","description":null,"authors":["Jean Dorval"],"category_codes":["1000000","1090000"],"visuals":{"large":"https:\/\/quaidesbrumes.com\/img\/book-placeholder.png","medium":"https:\/\/quaidesbrumes.com\/img\/book-placeholder.png","thumbnail":"https:\/\/quaidesbrumes.com\/img\/book-placeholder.png"},"orderable":true,"show_badge":true,"formatted_price":"12,00&nbsp;\u20ac","formatted_published_date":"1er septembre 2011","publisher_availability_label":"Sur commande","short_details":"Jean Dorval \u2014 Tanka Francophone","translator":null,"weight":118,"page_count":null,"readership":null,"editor":"Tanka Francophone","price":1200,"published_date":"2011-08-31T22:00:00.000000Z","support":"Grand format","publisher_availability":1,"stock":0,"editions":[],"url":"https:\/\/quaidesbrumes.com\/ouvrage\/9782923829012\/crayon-veleo-papillon-recueil-de-tanka"},{"id":"9782757001530","title":"Rouge couch\u00e9","description":"J'ai \u00e9crit, dessin\u00e9, peint. Longtemps. J'ai rassembl\u00e9 ici des textes qui parlent d'amours. Ils me sont venus \"comme un \u00e9ternuement\" de vieux po\u00e8te chinois, provoqu\u00e9s par une \u00e9motion, une image, un sentiment, forts. Puis le travail : le polissage des mots lorsque certains ne sont pas assez musicaux. J'ai beaucoup jet\u00e9. Mais, comme les amours, rien ne s'oublie. Les po\u00e8mes sont des souvenirs, des traces de ce qui fut. Ils viennent parfois quand il ne le faudrait pas. En faire quelque chose de beau. Vivre avec.","authors":["Danielle St\u00e9phane"],"category_codes":["1000000","1090000"],"visuals":{"large":"https:\/\/images.epagine.fr\/530\/9782757001530_1_75.jpg","medium":"https:\/\/images.epagine.fr\/530\/9782757001530_1_m.jpg","thumbnail":"https:\/\/images.epagine.fr\/530\/9782757001530_1_v.jpg"},"orderable":true,"show_badge":true,"formatted_price":"9,00&nbsp;\u20ac","formatted_published_date":"17 juin 2009","publisher_availability_label":"Sur commande","short_details":"Danielle St\u00e9phane \u2014 Jacques Andre","translator":null,"weight":66,"page_count":null,"readership":null,"editor":"Jacques Andre","price":900,"published_date":"2009-06-16T22:00:00.000000Z","support":"Grand format","publisher_availability":1,"stock":0,"editions":[],"url":"https:\/\/quaidesbrumes.com\/ouvrage\/9782757001530\/rouge-couche"},{"id":"9782981077073","title":"Mots de l'entre-deux - renga de martine gonfalone-modigliani et patrick simon","description":null,"authors":["Gonfalone-Simon"],"category_codes":["1000000","1090000"],"visuals":{"large":"https:\/\/quaidesbrumes.com\/img\/book-placeholder.png","medium":"https:\/\/quaidesbrumes.com\/img\/book-placeholder.png","thumbnail":"https:\/\/quaidesbrumes.com\/img\/book-placeholder.png"},"orderable":true,"show_badge":true,"formatted_price":"12,00&nbsp;\u20ac","formatted_published_date":"2 mai 2011","publisher_availability_label":"Sur commande","short_details":"Gonfalone-Simon \u2014 Tanka Francophone","translator":null,"weight":128,"page_count":null,"readership":null,"editor":"Tanka Francophone","price":1200,"published_date":"2011-05-01T22:00:00.000000Z","support":"Grand format","publisher_availability":1,"stock":0,"editions":[],"url":"https:\/\/quaidesbrumes.com\/ouvrage\/9782981077073\/mots-de-lentre-deux-renga-de-martine-gonfalone-modigliani-et-patrick-simon"},{"id":"9782981077080","title":"Your hands discover me \/ tes mains me decouvrent - poesie et prose poetique","description":null,"authors":["Coutu-Radmore"],"category_codes":["1000000","1090000"],"visuals":{"large":"https:\/\/quaidesbrumes.com\/img\/book-placeholder.png","medium":"https:\/\/quaidesbrumes.com\/img\/book-placeholder.png","thumbnail":"https:\/\/quaidesbrumes.com\/img\/book-placeholder.png"},"orderable":true,"show_badge":true,"formatted_price":"11,00&nbsp;\u20ac","formatted_published_date":"1er mai 2010","publisher_availability_label":"Sur commande","short_details":"Coutu-Radmore \u2014 Tanka Francophone","translator":null,"weight":75,"page_count":null,"readership":null,"editor":"Tanka Francophone","price":1100,"published_date":"2010-04-30T22:00:00.000000Z","support":"Grand format","publisher_availability":1,"stock":0,"editions":[],"url":"https:\/\/quaidesbrumes.com\/ouvrage\/9782981077080\/your-hands-discover-me-tes-mains-me-decouvrent-poesie-et-prose-poetique"},{"id":"9782981077066","title":"Anthologie du tanka francophone - 47 auteurs","description":null,"authors":["Collectif"],"category_codes":["1000000","1090000"],"visuals":{"large":"https:\/\/quaidesbrumes.com\/img\/book-placeholder.png","medium":"https:\/\/quaidesbrumes.com\/img\/book-placeholder.png","thumbnail":"https:\/\/quaidesbrumes.com\/img\/book-placeholder.png"},"orderable":true,"show_badge":true,"formatted_price":"20,00&nbsp;\u20ac","formatted_published_date":"1er mars 2010","publisher_availability_label":"Sur commande","short_details":"Collectif \u2014 Tanka Francophone","translator":null,"weight":173,"page_count":null,"readership":null,"editor":"Tanka Francophone","price":2000,"published_date":"2010-02-28T23:00:00.000000Z","support":"Grand format","publisher_availability":1,"stock":0,"editions":[],"url":"https:\/\/quaidesbrumes.com\/ouvrage\/9782981077066\/anthologie-du-tanka-francophone-47-auteurs"},{"id":"9782329456089","title":"Paysages","description":"Paysages \/ Francis Poictevin\r\nDate de l'\u00e9dition originale : 1888\r\nLe pr\u00e9sent ouvrage s'inscrit dans une politique de conservation patrimoniale des ouvrages de la litt\u00e9rature Fran\u00e7aise mise en place avec la BNF. \r\nHACHETTE LIVRE et la BNF proposent ainsi un catalogue de titres indisponibles, la BNF ayant num\u00e9ris\u00e9 ces oeuvres et HACHETTE LIVRE les imprimant \u00e0 la demande. \r\nCertains de ces ouvrages refl\u00e8tent des courants de pens\u00e9e caract\u00e9ristiques de leur \u00e9poque, mais qui seraient aujourd'hui jug\u00e9s condamnables. \r\nIls n'en appartiennent pas moins \u00e0 l'histoire des id\u00e9es en France et sont susceptibles de pr\u00e9senter un int\u00e9r\u00eat scientifique ou historique. \r\nLe sens de notre d\u00e9marche \u00e9ditoriale consiste ainsi \u00e0 permettre l'acc\u00e8s \u00e0 ces oeuvres sans pour autant que nous en cautionnions en aucune fa\u00e7on le contenu. \r\nPour plus d'informations, rendez-vous sur www.hachettebnf.fr","authors":["Francis Poictevin"],"category_codes":["1000000","1010000"],"visuals":{"large":"https:\/\/quaidesbrumes.com\/img\/book-placeholder.png","medium":"https:\/\/quaidesbrumes.com\/img\/book-placeholder.png","thumbnail":"https:\/\/quaidesbrumes.com\/img\/book-placeholder.png"},"orderable":true,"show_badge":true,"formatted_price":"19,50&nbsp;\u20ac","formatted_published_date":"1er septembre 2020","publisher_availability_label":"Sur commande","short_details":"Francis Poictevin \u2014 Hachette BNF","translator":null,"weight":292,"page_count":210,"readership":null,"editor":"Hachette BNF","price":1950,"published_date":"2020-08-31T22:00:00.000000Z","support":"Grand format","publisher_availability":1,"stock":0,"editions":[],"url":"https:\/\/quaidesbrumes.com\/ouvrage\/9782329456089\/paysages"},{"id":"9782981077035","title":"Entre deux instants - tanka","description":null,"authors":["Jean Dorval"],"category_codes":["1000000","1090000"],"visuals":{"large":"https:\/\/quaidesbrumes.com\/img\/book-placeholder.png","medium":"https:\/\/quaidesbrumes.com\/img\/book-placeholder.png","thumbnail":"https:\/\/quaidesbrumes.com\/img\/book-placeholder.png"},"orderable":true,"show_badge":true,"formatted_price":"14,00&nbsp;\u20ac","formatted_published_date":"1er septembre 2009","publisher_availability_label":"Sur commande","short_details":"Jean Dorval \u2014 Tanka Francophone","translator":null,"weight":158,"page_count":null,"readership":null,"editor":"Tanka Francophone","price":1400,"published_date":"2009-08-31T22:00:00.000000Z","support":"Grand format","publisher_availability":1,"stock":0,"editions":[],"url":"https:\/\/quaidesbrumes.com\/ouvrage\/9782981077035\/entre-deux-instants-tanka"},{"id":"9782918566021","title":"La ramure de l'orpheline","description":null,"authors":["Sophie Vanden abeele"],"category_codes":["1000000","1090000"],"visuals":{"large":"https:\/\/images.epagine.fr\/021\/9782918566021_1_75.jpg","medium":"https:\/\/images.epagine.fr\/021\/9782918566021_1_m.jpg","thumbnail":"https:\/\/images.epagine.fr\/021\/9782918566021_1_v.jpg"},"orderable":true,"show_badge":true,"formatted_price":"15,00&nbsp;\u20ac","formatted_published_date":"10 f\u00e9vrier 2010","publisher_availability_label":"Sur commande","short_details":"Sophie Vanden abeele \u2014 Filosphere","translator":null,"weight":175,"page_count":null,"readership":null,"editor":"Filosphere","price":1500,"published_date":"2010-02-09T23:00:00.000000Z","support":"Grand format","publisher_availability":1,"stock":0,"editions":[],"url":"https:\/\/quaidesbrumes.com\/ouvrage\/9782918566021\/la-ramure-de-lorpheline"},{"id":"9782923400266","title":"Sept et demi","description":null,"authors":["Bertrand Laverdure"],"category_codes":["1000000","1090000","1090600"],"visuals":{"large":"https:\/\/quaidesbrumes.com\/img\/book-placeholder.png","medium":"https:\/\/quaidesbrumes.com\/img\/book-placeholder.png","thumbnail":"https:\/\/quaidesbrumes.com\/img\/book-placeholder.png"},"orderable":true,"show_badge":true,"formatted_price":"10,00&nbsp;\u20ac","formatted_published_date":"1er mars 2007","publisher_availability_label":"Sur commande","short_details":"Bertrand Laverdure \u2014 LE QUARTANIER","translator":null,"weight":102,"page_count":null,"readership":null,"editor":"LE QUARTANIER","price":1000,"published_date":"2007-02-28T23:00:00.000000Z","support":"Grand format","publisher_availability":1,"stock":0,"editions":[],"url":"https:\/\/quaidesbrumes.com\/ouvrage\/9782923400266\/sept-et-demi"},{"id":"9782952459327","title":"Tara ; \u00e9clats de vie","description":"\u00c9clats de voix, \u00e9clats de verre, coups d\u00b4\u00e9clat ou \u00e9clats de rire\u00a0! C\u00b4est  la vie, toute simple, qui passe dans ce recueil de po\u00e8mes, o\u00f9 les mots  concourent \u00e0 l\u00b4unisson en un long appel \u00e0 l\u00b4amour. Tout un chacun  pourra, dans ces po\u00e8mes, puiser \u00e0 voix haute un morceau du puzzle de son  existence.","authors":["Virginie Qu\u00e9tin"],"category_codes":["1000000","1090000"],"visuals":{"large":"https:\/\/images.epagine.fr\/327\/9782952459327_1_75.jpg","medium":"https:\/\/images.epagine.fr\/327\/9782952459327_1_m.jpg","thumbnail":"https:\/\/images.epagine.fr\/327\/9782952459327_1_v.jpg"},"orderable":true,"show_badge":true,"formatted_price":"11,00&nbsp;\u20ac","formatted_published_date":"15 octobre 2007","publisher_availability_label":"Sur commande","short_details":"Virginie Qu\u00e9tin \u2014 Emeline De Villele","translator":null,"weight":78,"page_count":null,"readership":null,"editor":"Emeline De Villele","price":1100,"published_date":"2007-10-14T22:00:00.000000Z","support":"Poche","publisher_availability":1,"stock":0,"editions":[],"url":"https:\/\/quaidesbrumes.com\/ouvrage\/9782952459327\/tara-eclats-de-vie"},{"id":"9782723399654","title":"Choix de po\u00e9sies chinoises","description":null,"authors":["Louis Laloy"],"category_codes":["1000000","1090000"],"visuals":{"large":"https:\/\/images.epagine.fr\/654\/9782723399654_1_75.jpg","medium":"https:\/\/images.epagine.fr\/654\/9782723399654_1_m.jpg","thumbnail":"https:\/\/images.epagine.fr\/654\/9782723399654_1_v.jpg"},"orderable":true,"show_badge":true,"formatted_price":"6,00&nbsp;\u20ac","formatted_published_date":"19 mai 1945","publisher_availability_label":"Sur commande","short_details":"Louis Laloy \u2014 Nouvelles Editions Latines","translator":null,"weight":70,"page_count":62,"readership":null,"editor":"Nouvelles Editions Latines","price":600,"published_date":"1945-05-18T22:00:00.000000Z","support":"Grand format","publisher_availability":1,"stock":0,"editions":[],"url":"https:\/\/quaidesbrumes.com\/ouvrage\/9782723399654\/choix-de-poesies-chinoises"},{"id":"9782351280072","title":"Le dit du sablier","description":"L'eau du temps coule un enfant aux cheveux blancs.","authors":["Michel Thion","Anne Weulersse"],"category_codes":["1000000","1090000"],"visuals":{"large":"https:\/\/images.epagine.fr\/072\/9782351280072_1_75.jpg","medium":"https:\/\/images.epagine.fr\/072\/9782351280072_1_m.jpg","thumbnail":"https:\/\/images.epagine.fr\/072\/9782351280072_1_v.jpg"},"orderable":true,"show_badge":true,"formatted_price":"19,00&nbsp;\u20ac","formatted_published_date":"1er mars 2006","publisher_availability_label":"Sur commande","short_details":"Michel Thion, Anne Weulersse \u2014 Voix D'Encre","translator":null,"weight":360,"page_count":null,"readership":null,"editor":"Voix D'Encre","price":1900,"published_date":"2006-02-28T23:00:00.000000Z","support":"Grand format","publisher_availability":1,"stock":0,"editions":[],"url":"https:\/\/quaidesbrumes.com\/ouvrage\/9782351280072\/le-dit-du-sablier"},{"id":"9782296092129","title":"Merci l'Afrique","description":"L'Afrique, pays muet mais tellement pr\u00e9gnant pour peu que l'on ait un peu de courage et la soif de d\u00e9visager le temps, et que l'on nomme enfance ou les naissances de l'amour. L'enfance, ici, c'est avant tout l'Afrique coloniale et le pays des S\u00e9r\u00e8res animistes qui transpara\u00eet dans ces 45 po\u00e8mes sous l'influence d'une oralit\u00e9 po\u00e9tique martelante.","authors":["Fran\u00e7oise Leclerc"],"category_codes":["1000000","1090000"],"visuals":{"large":"https:\/\/images.epagine.fr\/129\/9782296092129_1_75.jpg","medium":"https:\/\/images.epagine.fr\/129\/9782296092129_1_m.jpg","thumbnail":"https:\/\/images.epagine.fr\/129\/9782296092129_1_v.jpg"},"orderable":true,"show_badge":true,"formatted_price":"11,50&nbsp;\u20ac","formatted_published_date":"2 juin 2009","publisher_availability_label":"Sur commande","short_details":"Fran\u00e7oise Leclerc \u2014 \u00c9ditions L'Harmattan","translator":null,"weight":80,"page_count":66,"readership":null,"editor":"\u00c9ditions L'Harmattan","price":1150,"published_date":"2009-06-01T22:00:00.000000Z","support":"Grand format","publisher_availability":1,"stock":0,"editions":[],"url":"https:\/\/quaidesbrumes.com\/ouvrage\/9782296092129\/merci-lafrique"},{"id":"9782332703781","title":"Bleuenn r\u00eave... et si le pouvoir d'une maman...","description":"Ce po\u00e8me a \u00e9t\u00e9 r\u00e9dig\u00e9 par l'auteure en r\u00e9ponse au concours lanc\u00e9 par Edilivre sur le pouvoir. \r\nMarie-Claire Genillon y compare le pouvoir \u00e9tatique \u00e0 l'autorit\u00e9 de la maman. Son cheminement est int\u00e9ressant, voire amusant par moments : elle nous dresse le portrait d'une jolie utopie!","authors":["Marie-claire Genillon"],"category_codes":["1000000","1090000"],"visuals":{"large":"https:\/\/images.epagine.fr\/781\/9782332703781_1_75.jpg","medium":"https:\/\/images.epagine.fr\/781\/9782332703781_1_m.jpg","thumbnail":"https:\/\/images.epagine.fr\/781\/9782332703781_1_v.jpg"},"orderable":true,"show_badge":true,"formatted_price":"8,00&nbsp;\u20ac","formatted_published_date":"26 mars 2014","publisher_availability_label":"Sur commande","short_details":"Marie-claire Genillon \u2014 Edilivre","translator":null,"weight":35,"page_count":null,"readership":null,"editor":"Edilivre","price":800,"published_date":"2014-03-25T23:00:00.000000Z","support":"Grand format","publisher_availability":1,"stock":0,"editions":[],"url":"https:\/\/quaidesbrumes.com\/ouvrage\/9782332703781\/bleuenn-reve-et-si-le-pouvoir-dune-maman"},{"id":"9782952049863","title":"Traces de pas sur la plage du temps ; tracce di passi sulla spiaggia del tempo","description":"Recueil bilingue fran\u00e7ais-italien de po\u00e8mes lyriques \u00e9voquant l'amour, la s\u00e9paration, le temps pass\u00e9 avec un style d'une infinie d\u00e9licatesse.\r\nChaque po\u00e8me est telle une empreinte que la vie a laiss\u00e9 \u00e0 l'auteur comme une trace fragile.","authors":["Thomas Guarino"],"category_codes":["1000000","1090000"],"visuals":{"large":"https:\/\/images.epagine.fr\/863\/9782952049863_1_75.jpg","medium":"https:\/\/images.epagine.fr\/863\/9782952049863_1_m.jpg","thumbnail":"https:\/\/images.epagine.fr\/863\/9782952049863_1_v.jpg"},"orderable":true,"show_badge":true,"formatted_price":"15,00&nbsp;\u20ac","formatted_published_date":"20 janvier 2009","publisher_availability_label":"Sur commande","short_details":"Thomas Guarino \u2014 La Musaraigne","translator":null,"weight":0,"page_count":127,"readership":null,"editor":"La Musaraigne","price":1500,"published_date":"2009-01-19T23:00:00.000000Z","support":"Grand format","publisher_availability":1,"stock":0,"editions":[],"url":"https:\/\/quaidesbrumes.com\/ouvrage\/9782952049863\/traces-de-pas-sur-la-plage-du-temps-tracce-di-passi-sulla-spiaggia-del-tempo"},{"id":"9782296081475","title":"Dix-sept po\u00e8tes turcs contemporains","description":"Le choix des po\u00e8tes de cette anthologie revient \u00e0 Metin Cengiz, po\u00e8te, essayiste, traducteur et \u00e9diteur (d\u00e9j\u00e0 publi\u00e9 chez L'Harmattan), fin connaisseur de la po\u00e9sie fran\u00e7aise et l'un de ses excellents passeurs en Turquie. Ce recueil de po\u00e9sie turque contemporaine pr\u00e9sente une grande diversit\u00e9 de voix : la po\u00e9sie amoureuse s'affirmant face aux souffles de l'\u00e9pop\u00e9e, le chant pur de la solitude contrebalan\u00e7ant la po\u00e9sie engag\u00e9e.","authors":["Collectif"],"category_codes":["1000000","1090000"],"visuals":{"large":"https:\/\/images.epagine.fr\/475\/9782296081475_1_75.jpg","medium":"https:\/\/images.epagine.fr\/475\/9782296081475_1_m.jpg","thumbnail":"https:\/\/images.epagine.fr\/475\/9782296081475_1_v.jpg"},"orderable":true,"show_badge":true,"formatted_price":"14,00&nbsp;\u20ac","formatted_published_date":"15 avril 2009","publisher_availability_label":"Sur commande","short_details":"Collectif \u2014 \u00c9ditions L'Harmattan","translator":null,"weight":154,"page_count":136,"readership":null,"editor":"\u00c9ditions L'Harmattan","price":1400,"published_date":"2009-04-14T22:00:00.000000Z","support":"Grand format","publisher_availability":1,"stock":0,"editions":[],"url":"https:\/\/quaidesbrumes.com\/ouvrage\/9782296081475\/dix-sept-poetes-turcs-contemporains"},{"id":"9782911718014","title":"L'enfant du paillon","description":"N\u00e9 du fleuve et des mains du sculpteur Derez A Derez, cet enfant de pierres entre nature et culture tente d'exhumer nos plus anciennes racines.","authors":["Collectif"],"category_codes":["1000000","1090000"],"visuals":{"large":"https:\/\/quaidesbrumes.com\/img\/book-placeholder.png","medium":"https:\/\/quaidesbrumes.com\/img\/book-placeholder.png","thumbnail":"https:\/\/quaidesbrumes.com\/img\/book-placeholder.png"},"orderable":true,"show_badge":true,"formatted_price":"7,01&nbsp;\u20ac","formatted_published_date":"30 avril 2002","publisher_availability_label":"Sur commande","short_details":"Collectif \u2014 L'Amourier","translator":null,"weight":66,"page_count":12,"readership":null,"editor":"L'Amourier","price":701,"published_date":"2002-04-29T22:00:00.000000Z","support":"Grand format","publisher_availability":1,"stock":0,"editions":[],"url":"https:\/\/quaidesbrumes.com\/ouvrage\/9782911718014\/lenfant-du-paillon"},{"id":"9782351280096","title":"Le chemin de l'aube","description":null,"authors":["Alfonso Alegre-heitzmann","Albert Rafols-casamada"],"category_codes":["1000000","1090000"],"visuals":{"large":"https:\/\/images.epagine.fr\/096\/9782351280096_1_75.jpg","medium":"https:\/\/images.epagine.fr\/096\/9782351280096_1_m.jpg","thumbnail":"https:\/\/images.epagine.fr\/096\/9782351280096_1_v.jpg"},"orderable":true,"show_badge":true,"formatted_price":"17,00&nbsp;\u20ac","formatted_published_date":"1er mars 2006","publisher_availability_label":"Sur commande","short_details":"Alfonso Alegre-heitzmann, Albert Rafols-casamada \u2014 Voix D'Encre","translator":null,"weight":210,"page_count":null,"readership":null,"editor":"Voix D'Encre","price":1700,"published_date":"2006-02-28T23:00:00.000000Z","support":"Grand format","publisher_availability":1,"stock":0,"editions":[],"url":"https:\/\/quaidesbrumes.com\/ouvrage\/9782351280096\/le-chemin-de-laube"},{"id":"9782952382304","title":"Kilom\u00e8tre z\u00e9ro","description":null,"authors":["Yolande Six"],"category_codes":["1000000","1090000"],"visuals":{"large":"https:\/\/images.epagine.fr\/304\/9782952382304_1_75.jpg","medium":"https:\/\/images.epagine.fr\/304\/9782952382304_1_m.jpg","thumbnail":"https:\/\/images.epagine.fr\/304\/9782952382304_1_v.jpg"},"orderable":true,"show_badge":true,"formatted_price":"15,00&nbsp;\u20ac","formatted_published_date":"17 mars 2005","publisher_availability_label":"Sur commande","short_details":"Yolande Six \u2014 La Grande Fabrique","translator":null,"weight":180,"page_count":null,"readership":null,"editor":"La Grande Fabrique","price":1500,"published_date":"2005-03-16T23:00:00.000000Z","support":"Grand format","publisher_availability":1,"stock":0,"editions":[],"url":"https:\/\/quaidesbrumes.com\/ouvrage\/9782952382304\/kilometre-zero"},{"id":"9782910957995","title":"Noces pour la main d'un monde","description":null,"authors":["Pierre Godo","Yuuko Suzuki"],"category_codes":["1000000","1090000"],"visuals":{"large":"https:\/\/images.epagine.fr\/995\/9782910957995_1_75.jpg","medium":"https:\/\/images.epagine.fr\/995\/9782910957995_1_m.jpg","thumbnail":"https:\/\/images.epagine.fr\/995\/9782910957995_1_v.jpg"},"orderable":true,"show_badge":true,"formatted_price":"32,00&nbsp;\u20ac","formatted_published_date":"10 octobre 2005","publisher_availability_label":"Sur commande","short_details":"Pierre Godo, Yuuko Suzuki \u2014 Voix D'Encre","translator":null,"weight":560,"page_count":null,"readership":null,"editor":"Voix D'Encre","price":3200,"published_date":"2005-10-09T22:00:00.000000Z","support":"Grand format","publisher_availability":1,"stock":0,"editions":[],"url":"https:\/\/quaidesbrumes.com\/ouvrage\/9782910957995\/noces-pour-la-main-dun-monde"},{"id":"9782810620760","title":"Le grand voyage","description":"Premier ouvrage de l'auteur. L'amour est le fil conducteur de ce tr\u00e8s beau recueil de po\u00e9sie.","authors":["Fr\u00e9d\u00e9ric Somon"],"category_codes":["1000000","1090000"],"visuals":{"large":"https:\/\/images.epagine.fr\/760\/9782810620760_1_75.jpg","medium":"https:\/\/images.epagine.fr\/760\/9782810620760_1_m.jpg","thumbnail":"https:\/\/images.epagine.fr\/760\/9782810620760_1_v.jpg"},"orderable":true,"show_badge":true,"formatted_price":"12,00&nbsp;\u20ac","formatted_published_date":"30 janvier 2012","publisher_availability_label":"Sur commande","short_details":"Fr\u00e9d\u00e9ric Somon \u2014 Books on Demand","translator":null,"weight":301,"page_count":72,"readership":null,"editor":"Books on Demand","price":1200,"published_date":"2012-01-29T23:00:00.000000Z","support":"Grand format","publisher_availability":1,"stock":0,"editions":[],"url":"https:\/\/quaidesbrumes.com\/ouvrage\/9782810620760\/le-grand-voyage"},{"id":"9782914577434","title":"Ce lieu que les pierres regardent ; variations pas japonais, l\u2019invention de l\u2019espace","description":"Sous l'ancien titre publi\u00e9 en 1984 : Ce lieu que les pierres regardent, ce nouveau volume rassemble quatre textes majeurs dans l'oeuvre po\u00e9tique de Jean-Louis Giovannoni, textes aujourd'hui \u00e9puis\u00e9s et introuvables qui forment le socle d'un premier cycle marqu\u00e9 par une extraordinaire beaut\u00e9, sobri\u00e9t\u00e9 et int\u00e9riorit\u00e9 de l'\u00e9criture. Il pr\u00e9figure la suite de son oeuvre qui, apr\u00e8s 1992, aborde toujours le m\u00eame monde mais sous d'autres angles, et avec d'autres outils. Le recueil rassemble donc : Ce lieu que les pierres regardent, Variations \u00e0 partir d'une phrase de Friedrich H\u00f6lderlin, Pas japonais, et L'Invention de l'espace. Et pour reprendre la parole de Roger Munier en 1984 : \u00ab Il est sobre, d\u00e9pouill\u00e9, presque sans images. Mais c'est un chant. Il se tient comme au plus ras du dire, parce qu'il adh\u00e8re au plus ras des choses, porte sur elles un regard neuf, sans pr\u00e9alable - un regard du commencement. Laissons-nous inqui\u00e9ter, r\u00e9veiller, peut-\u00eatre guider par cette po\u00e9sie neuve qui vient \u00e0 l'\u00e2ge o\u00f9 les dieux sont partis, laissant le monde \u00eatre le monde... \u00bb","authors":["Giovannoni J-L."],"category_codes":["1000000","1090000"],"visuals":{"large":"https:\/\/images.epagine.fr\/434\/9782914577434_1_75.jpg","medium":"https:\/\/images.epagine.fr\/434\/9782914577434_1_m.jpg","thumbnail":"https:\/\/images.epagine.fr\/434\/9782914577434_1_v.jpg"},"orderable":true,"show_badge":true,"formatted_price":"22,30&nbsp;\u20ac","formatted_published_date":"29 mai 2009","publisher_availability_label":"Sur commande","short_details":"Giovannoni J-L. \u2014 LETTRES VIVES","translator":null,"weight":400,"page_count":192,"readership":null,"editor":"LETTRES VIVES","price":2230,"published_date":"2009-05-28T22:00:00.000000Z","support":"Grand format","publisher_availability":1,"stock":0,"editions":[],"url":"https:\/\/quaidesbrumes.com\/ouvrage\/9782914577434\/ce-lieu-que-les-pierres-regardent-variations-pas-japonais-linvention-de-lespace"}]}