{"data":[{"id":"9782351280638","title":"Lumi\u00e8re froiss\u00e9e","description":"Montagne Sainte Victoire  - Majest\u00e9 de son nom - intimidante comme une lumi\u00e8re bleue froiss\u00e9e par C\u00e9zanne.\r","authors":["Roselyne Sibille"],"category_codes":["1000000","1090000"],"visuals":{"large":"https:\/\/images.epagine.fr\/638\/9782351280638_1_75.jpg","medium":"https:\/\/images.epagine.fr\/638\/9782351280638_1_m.jpg","thumbnail":"https:\/\/images.epagine.fr\/638\/9782351280638_1_v.jpg"},"orderable":true,"show_badge":true,"formatted_price":"19,00&nbsp;\u20ac","formatted_published_date":"25 septembre 2010","publisher_availability_label":"Sur commande","short_details":"Roselyne Sibille \u2014 Voix D'Encre","translator":null,"weight":254,"page_count":72,"readership":null,"editor":"Voix D'Encre","price":1900,"published_date":"2010-09-24T22:00:00.000000Z","support":"Grand format","publisher_availability":1,"stock":0,"editions":[],"url":"https:\/\/quaidesbrumes.com\/ouvrage\/9782351280638\/lumiere-froissee"},{"id":"9782296044616","title":"Le baliseur des songes","description":"La po\u00e9sie avait d\u00e9j\u00e0 longuement fait son chemin dans les entrailles de Ahmed Ben Dhiab. Lutin impr\u00e9vu au coeur de notre suppos\u00e9 modernit\u00e9, jongleur de voix, musiques, dessins et peintures. A travers ce recueil \u00e0 l'apparence classique, il investit le trouble des sentiments, avec la justesse et l'humilit\u00e9 des grands r\u00eaveurs. Ces textes r\u00e9sument cette travers\u00e9e aux voies multiples, o\u00f9 la vie et le souffle de la cr\u00e9ation ne font qu'un.\r\nMichel Cassir\r","authors":["Ahmed Ben Dhiab"],"category_codes":["1000000","1090000"],"visuals":{"large":"https:\/\/images.epagine.fr\/616\/9782296044616_1_75.jpg","medium":"https:\/\/images.epagine.fr\/616\/9782296044616_1_m.jpg","thumbnail":"https:\/\/images.epagine.fr\/616\/9782296044616_1_v.jpg"},"orderable":true,"show_badge":true,"formatted_price":"12,00&nbsp;\u20ac","formatted_published_date":"3 d\u00e9cembre 2007","publisher_availability_label":"Sur commande","short_details":"Ahmed Ben Dhiab \u2014 \u00c9ditions L'Harmattan","translator":null,"weight":130,"page_count":84,"readership":null,"editor":"\u00c9ditions L'Harmattan","price":1200,"published_date":"2007-12-02T23:00:00.000000Z","support":"Grand format","publisher_availability":1,"stock":0,"editions":[],"url":"https:\/\/quaidesbrumes.com\/ouvrage\/9782296044616\/le-baliseur-des-songes"},{"id":"9782874593789","title":"Le concept","description":null,"authors":["Laurent Dumortier"],"category_codes":["1000000","1090000"],"visuals":{"large":"https:\/\/images.epagine.fr\/789\/9782874593789_1_75.jpg","medium":"https:\/\/images.epagine.fr\/789\/9782874593789_1_m.jpg","thumbnail":"https:\/\/images.epagine.fr\/789\/9782874593789_1_v.jpg"},"orderable":true,"show_badge":true,"formatted_price":"9,30&nbsp;\u20ac","formatted_published_date":"24 janvier 2009","publisher_availability_label":"Sur commande","short_details":"Laurent Dumortier \u2014 Chloe Des Lys","translator":null,"weight":150,"page_count":null,"readership":null,"editor":"Chloe Des Lys","price":930,"published_date":"2009-01-23T23:00:00.000000Z","support":"Grand format","publisher_availability":1,"stock":0,"editions":[],"url":"https:\/\/quaidesbrumes.com\/ouvrage\/9782874593789\/le-concept"},{"id":"9782812701146","title":"Po\u00e8mes pour toi","description":"La po\u00e9sie se meurt. Dans sa forme classique. On a vu des lauriers tristement se faner. Pourtant, vers les sommets, on la voyait planer. Avant que, rejet\u00e9e vers les vieilles reliques. Elle perde ses ailes. H\u00e9las ! dans la musique. Des rimes deux \u00e0 deux qu'on entendait sonner. Il ne reste plus rien. Car il faut condamner ce qui donnait le ton \u00e0 l'oeuvre po\u00e9tique. Avec quatorze vers, Ronsard fait un sonnet. Comme Alceste faut-il le mettre au cabinet ? A l'auteur des \u00ab Troph\u00e9es \u00bb, j'ai d\u00e9di\u00e9 ce livre. Le ma\u00eetre du sonnet qui m'enseigna sa loi. Pour que tu puisses voir la po\u00e9sie revivre. Ouvre-le, cher lecteur, je l'ai \u00e9crit pour toi.\r","authors":["Louis Lefroid"],"category_codes":["1000000","1090000"],"visuals":{"large":"https:\/\/images.epagine.fr\/146\/9782812701146_1_75.jpg","medium":"https:\/\/images.epagine.fr\/146\/9782812701146_1_m.jpg","thumbnail":"https:\/\/images.epagine.fr\/146\/9782812701146_1_v.jpg"},"orderable":true,"show_badge":true,"formatted_price":"15,00&nbsp;\u20ac","formatted_published_date":"15 d\u00e9cembre 2009","publisher_availability_label":"Sur commande","short_details":"Louis Lefroid \u2014 Presses Du Midi","translator":null,"weight":207,"page_count":153,"readership":null,"editor":"Presses Du Midi","price":1500,"published_date":"2009-12-14T23:00:00.000000Z","support":"Grand format","publisher_availability":1,"stock":0,"editions":[],"url":"https:\/\/quaidesbrumes.com\/ouvrage\/9782812701146\/poemes-pour-toi"},{"id":"9782874593802","title":"Hier comme hier","description":"\"H.I.E.R comme hier\" est un recueil h\u00e9t\u00e9roclite de po\u00e9sies fantaisistes, de chansons \u00e9motionnelles, de textes construits ou jet\u00e9s sur le papier r\u00e9colt\u00e9s durant toute une vie mais dispos\u00e9s sans chronologie.\r\nLe titre choisi est une phrase que r\u00e9p\u00e9tait immanquablement son p\u00e8re quand il devait \u00e9peler leur nom de famille... Hiernaux, H.I.E.R comme hier Cette phrase a \u00e9t\u00e9 entendue tant de fois avec amusement ou agacement que tout naturellement et avec \u00e9motion , l'auteur a d\u00e9cid\u00e9 d'intituler ainsi ce recueil de textes.\r","authors":["Michel Hiernaux"],"category_codes":["1000000","1090000"],"visuals":{"large":"https:\/\/images.epagine.fr\/802\/9782874593802_1_75.jpg","medium":"https:\/\/images.epagine.fr\/802\/9782874593802_1_m.jpg","thumbnail":"https:\/\/images.epagine.fr\/802\/9782874593802_1_v.jpg"},"orderable":true,"show_badge":true,"formatted_price":"15,00&nbsp;\u20ac","formatted_published_date":"24 janvier 2009","publisher_availability_label":"Sur commande","short_details":"Michel Hiernaux \u2014 Chloe Des Lys","translator":null,"weight":150,"page_count":114,"readership":null,"editor":"Chloe Des Lys","price":1500,"published_date":"2009-01-23T23:00:00.000000Z","support":"Grand format","publisher_availability":1,"stock":0,"editions":[],"url":"https:\/\/quaidesbrumes.com\/ouvrage\/9782874593802\/hier-comme-hier"},{"id":"9782913302365","title":"Eclats de vie","description":null,"authors":["Patrick Richardet"],"category_codes":["1000000","1090000"],"visuals":{"large":"https:\/\/images.epagine.fr\/365\/9782913302365_1_75.jpg","medium":"https:\/\/images.epagine.fr\/365\/9782913302365_1_m.jpg","thumbnail":"https:\/\/images.epagine.fr\/365\/9782913302365_1_v.jpg"},"orderable":true,"show_badge":true,"formatted_price":"7,00&nbsp;\u20ac","formatted_published_date":"1er f\u00e9vrier 2005","publisher_availability_label":"Sur commande","short_details":"Patrick Richardet \u2014 ID","translator":null,"weight":262,"page_count":null,"readership":null,"editor":"ID","price":700,"published_date":"2005-01-31T23:00:00.000000Z","support":"Grand format","publisher_availability":1,"stock":0,"editions":[],"url":"https:\/\/quaidesbrumes.com\/ouvrage\/9782913302365\/eclats-de-vie"},{"id":"9782916071237","title":"Jean Malrieu","description":null,"authors":["Pierre Dhainaut"],"category_codes":["1000000","1090000"],"visuals":{"large":"https:\/\/images.epagine.fr\/237\/9782916071237_1_75.jpg","medium":"https:\/\/images.epagine.fr\/237\/9782916071237_1_m.jpg","thumbnail":"https:\/\/images.epagine.fr\/237\/9782916071237_1_v.jpg"},"orderable":true,"show_badge":true,"formatted_price":"17,00&nbsp;\u20ac","formatted_published_date":"24 novembre 2007","publisher_availability_label":"Sur commande","short_details":"Pierre Dhainaut \u2014 Vanneaux","translator":null,"weight":193,"page_count":null,"readership":null,"editor":"Vanneaux","price":1700,"published_date":"2007-11-23T23:00:00.000000Z","support":"Grand format","publisher_availability":1,"stock":0,"editions":[],"url":"https:\/\/quaidesbrumes.com\/ouvrage\/9782916071237\/jean-malrieu"},{"id":"9782874592621","title":"Resonance","description":null,"authors":["Masse Roger"],"category_codes":["1000000","1090000"],"visuals":{"large":"https:\/\/quaidesbrumes.com\/img\/book-placeholder.png","medium":"https:\/\/quaidesbrumes.com\/img\/book-placeholder.png","thumbnail":"https:\/\/quaidesbrumes.com\/img\/book-placeholder.png"},"orderable":true,"show_badge":true,"formatted_price":"12,90&nbsp;\u20ac","formatted_published_date":"1er novembre 2007","publisher_availability_label":"Sur commande","short_details":"Masse Roger \u2014 Chloe Des Lys","translator":null,"weight":150,"page_count":null,"readership":null,"editor":"Chloe Des Lys","price":1290,"published_date":"2007-10-31T23:00:00.000000Z","support":"Grand format","publisher_availability":1,"stock":0,"editions":[],"url":"https:\/\/quaidesbrumes.com\/ouvrage\/9782874592621\/resonance"},{"id":"9782312130644","title":"L'audace des saisons","description":"La rencontre entre le visible, l'invisible, le subjectif, des univers compl\u00e9mentaires voguant sur les flots de l'\u00e2me et de l'esprit o\u00f9 les sph\u00e8res se joignent et s'allient, inondent de pens\u00e9es profondes, bousculent les symboles.\r\nLes objets, la nature, les lieux per\u00e7us se transforment alors en combinaisons de tableaux, d'id\u00e9es, de r\u00eaves ou de cauchemars et s'invitent dans des situations irr\u00e9elles ou pas.\r\nLes saisons s'organisent, se fondent dans la normalit\u00e9, nous persuadant de ne rien pouvoir changer.","authors":["Schricke Julien"],"category_codes":["1000000","1090000"],"visuals":{"large":"https:\/\/images.epagine.fr\/644\/9782312130644_1_75.jpg","medium":"https:\/\/images.epagine.fr\/644\/9782312130644_1_m.jpg","thumbnail":"https:\/\/images.epagine.fr\/644\/9782312130644_1_v.jpg"},"orderable":true,"show_badge":true,"formatted_price":"13,00&nbsp;\u20ac","formatted_published_date":"4 janvier 2023","publisher_availability_label":"Sur commande","short_details":"Schricke Julien \u2014 Editions du Net","translator":null,"weight":94,"page_count":null,"readership":null,"editor":"Editions du Net","price":1300,"published_date":"2023-01-03T23:00:00.000000Z","support":"Poche","publisher_availability":1,"stock":0,"editions":[],"url":"https:\/\/quaidesbrumes.com\/ouvrage\/9782312130644\/laudace-des-saisons"},{"id":"9782296067127","title":"Lisi\u00e8res enchant\u00e9es","description":"A travers ce recueil l'auteur nous d\u00e9peint un univers paranormal o\u00f9 un couple mythique, injustement s\u00e9par\u00e9, m\u00e8ne une vie paradisiaque. Il est question de conjuguer le sort, d'aller au-del\u00e0 du monde visible pour que jaillisse et s'accomplisse le sublime amour sacr\u00e9.\r","authors":["Marie julie Nguetse"],"category_codes":["1000000","1090000"],"visuals":{"large":"https:\/\/images.epagine.fr\/127\/9782296067127_1_75.jpg","medium":"https:\/\/images.epagine.fr\/127\/9782296067127_1_m.jpg","thumbnail":"https:\/\/images.epagine.fr\/127\/9782296067127_1_v.jpg"},"orderable":true,"show_badge":true,"formatted_price":"11,00&nbsp;\u20ac","formatted_published_date":"15 d\u00e9cembre 2008","publisher_availability_label":"Sur commande","short_details":"Marie julie Nguetse \u2014 \u00c9ditions L'Harmattan","translator":null,"weight":80,"page_count":null,"readership":null,"editor":"\u00c9ditions L'Harmattan","price":1100,"published_date":"2008-12-14T23:00:00.000000Z","support":"Grand format","publisher_availability":1,"stock":0,"editions":[],"url":"https:\/\/quaidesbrumes.com\/ouvrage\/9782296067127\/lisieres-enchantees"},{"id":"9782854464788","title":"Fragment du cirque \u00e9lastique de la r\u00e9volution","description":"Ce livre au tr\u00e8s grand souffle po\u00e9tique se rattache subtilement aux grandes oeuvres de l'humanit\u00e9 et d\u00e9veloppe d'une mani\u00e8re tr\u00e8s personnelle l'aventure d'une vie travers\u00e9e par des ruptures, des d\u00e9rives et des langues.\r","authors":["Amir Parsa"],"category_codes":["1000000","1090000"],"visuals":{"large":"https:\/\/images.epagine.fr\/788\/9782854464788_1_75.jpg","medium":"https:\/\/images.epagine.fr\/788\/9782854464788_1_m.jpg","thumbnail":"https:\/\/images.epagine.fr\/788\/9782854464788_1_v.jpg"},"orderable":true,"show_badge":true,"formatted_price":"20,00&nbsp;\u20ac","formatted_published_date":"10 juin 2010","publisher_availability_label":"Sur commande","short_details":"Amir Parsa \u2014 Caracteres","translator":null,"weight":100,"page_count":72,"readership":null,"editor":"Caracteres","price":2000,"published_date":"2010-06-09T22:00:00.000000Z","support":"Grand format","publisher_availability":1,"stock":0,"editions":[],"url":"https:\/\/quaidesbrumes.com\/ouvrage\/9782854464788\/fragment-du-cirque-elastique-de-la-revolution"},{"id":"9782810617012","title":"Confidences de la malice Tome 1","description":"Il est bon de lorgner du coin de l'oeil au bout d'une serrure. Certains aiment \u00e0 se savoir \u00e9pi\u00e9s de la sorte. D'autres sous l'anonymat r\u00e9v\u00e8lent leur nature en laissant libre cours \u00e0 notre instinct animal.\r\n\r\nLes femmes sous leur bel air de nones effarouch\u00e9es peuvent se r\u00e9v\u00e9ler coquettes, de belles coquines.\r\n\r\nAh oui !\r\n\r\nNous autres, sexe fort, ne nous ferions gu\u00e8re prier pour \u00e9taler aux yeux de tous notre virilit\u00e9. Je vous offre le calice recelant ce qui m'a \u00e9t\u00e9 donn\u00e9 de voir, d'entendre.\r\n\r\nMa curiosit\u00e9 me vient du gourou Sade. Aurait-il cru possible d'arborer des slogans - proud to be gay. \r\n\r\nLa vie, notre vie, a su se jouer de ces tabous eccl\u00e9siastiques.\r","authors":["Gabriel Deutou"],"category_codes":["1000000","1090000"],"visuals":{"large":"https:\/\/images.epagine.fr\/012\/9782810617012_1_75.jpg","medium":"https:\/\/images.epagine.fr\/012\/9782810617012_1_m.jpg","thumbnail":"https:\/\/images.epagine.fr\/012\/9782810617012_1_v.jpg"},"orderable":true,"show_badge":true,"formatted_price":"9,90&nbsp;\u20ac","formatted_published_date":"5 janvier 2010","publisher_availability_label":"Sur commande","short_details":"Gabriel Deutou \u2014 Books on Demand","translator":null,"weight":185,"page_count":108,"readership":null,"editor":"Books on Demand","price":990,"published_date":"2010-01-04T23:00:00.000000Z","support":"Grand format","publisher_availability":1,"stock":0,"editions":[],"url":"https:\/\/quaidesbrumes.com\/ouvrage\/9782810617012\/confidences-de-la-malice-tome-1"},{"id":"9782878677058","title":"Allo agence travestissements","description":null,"authors":["Sylvain Gueit"],"category_codes":["1000000","1090000"],"visuals":{"large":"https:\/\/quaidesbrumes.com\/img\/book-placeholder.png","medium":"https:\/\/quaidesbrumes.com\/img\/book-placeholder.png","thumbnail":"https:\/\/quaidesbrumes.com\/img\/book-placeholder.png"},"orderable":true,"show_badge":true,"formatted_price":"12,00&nbsp;\u20ac","formatted_published_date":"24 janvier 2006","publisher_availability_label":"Sur commande","short_details":"Sylvain Gueit \u2014 Presses Du Midi","translator":null,"weight":94,"page_count":65,"readership":null,"editor":"Presses Du Midi","price":1200,"published_date":"2006-01-23T23:00:00.000000Z","support":"Grand format","publisher_availability":1,"stock":0,"editions":[],"url":"https:\/\/quaidesbrumes.com\/ouvrage\/9782878677058\/allo-agence-travestissements"},{"id":"9782915715118","title":"Annees folles","description":"\" En de\u00e7\u00e0 des heures qu'on a v\u00e9cues et dont on aime \u00e0 raviver le souvenir estomp\u00e9, lacunaire, reconstruit, s'\u00e9chelonnent celles qu'on imagine plus tranquilles, plus simples et d'autres, tr\u00e8s sombres, auxquelles on ne peut s'emp\u00eacher de songer parce que les maux dont elles \u00e9taient grosses ont rejailli jusqu'\u00e0 nous, troubl\u00e9 notre petit moment. \u00c0 la premi\u00e8re sorte appartiennent, par exemple, les ann\u00e9es 1900. \"\r","authors":["Pierre Bergounioux"],"category_codes":["1000000","1090000"],"visuals":{"large":"https:\/\/quaidesbrumes.com\/img\/book-placeholder.png","medium":"https:\/\/quaidesbrumes.com\/img\/book-placeholder.png","thumbnail":"https:\/\/quaidesbrumes.com\/img\/book-placeholder.png"},"orderable":true,"show_badge":true,"formatted_price":"7,00&nbsp;\u20ac","formatted_published_date":"1er avril 2008","publisher_availability_label":"Sur commande","short_details":"Pierre Bergounioux \u2014 Circa 1924","translator":null,"weight":28,"page_count":null,"readership":null,"editor":"Circa 1924","price":700,"published_date":"2008-03-31T22:00:00.000000Z","support":"Grand format","publisher_availability":1,"stock":0,"editions":[],"url":"https:\/\/quaidesbrumes.com\/ouvrage\/9782915715118\/annees-folles"},{"id":"9782916551067","title":"L'amour envers","description":null,"authors":["Suzy Le blanc"],"category_codes":["1000000","1090000"],"visuals":{"large":"https:\/\/images.epagine.fr\/067\/9782916551067_1_75.jpg","medium":"https:\/\/images.epagine.fr\/067\/9782916551067_1_m.jpg","thumbnail":"https:\/\/images.epagine.fr\/067\/9782916551067_1_v.jpg"},"orderable":true,"show_badge":true,"formatted_price":"20,00&nbsp;\u20ac","formatted_published_date":"5 d\u00e9cembre 2007","publisher_availability_label":"Sur commande","short_details":"Suzy Le blanc \u2014 Rebelyne","translator":null,"weight":80,"page_count":null,"readership":null,"editor":"Rebelyne","price":2000,"published_date":"2007-12-04T23:00:00.000000Z","support":"Grand format","publisher_availability":1,"stock":0,"editions":["9782916551050"],"url":"https:\/\/quaidesbrumes.com\/ouvrage\/9782916551067\/lamour-envers"},{"id":"9782915715132","title":"Transhumance des tombes","description":"\" Impuissance Ces nuages cr\u00e8vent d'angoisse Il faudrait les soulager Les traire peut-\u00eatre ?\r\nPersonne ne m'a appris \"\r","authors":["Claude Pujade-Renaud"],"category_codes":["1000000","1090000"],"visuals":{"large":"https:\/\/quaidesbrumes.com\/img\/book-placeholder.png","medium":"https:\/\/quaidesbrumes.com\/img\/book-placeholder.png","thumbnail":"https:\/\/quaidesbrumes.com\/img\/book-placeholder.png"},"orderable":true,"show_badge":true,"formatted_price":"7,00&nbsp;\u20ac","formatted_published_date":"1er avril 2008","publisher_availability_label":"Sur commande","short_details":"Claude Pujade-Renaud \u2014 Circa 1924","translator":null,"weight":28,"page_count":null,"readership":null,"editor":"Circa 1924","price":700,"published_date":"2008-03-31T22:00:00.000000Z","support":"Grand format","publisher_availability":1,"stock":0,"editions":[],"url":"https:\/\/quaidesbrumes.com\/ouvrage\/9782915715132\/transhumance-des-tombes"},{"id":"9782352100294","title":"Coplas sous occupation","description":null,"authors":["Towarnicki Fred De"],"category_codes":["1000000","1090000"],"visuals":{"large":"https:\/\/quaidesbrumes.com\/img\/book-placeholder.png","medium":"https:\/\/quaidesbrumes.com\/img\/book-placeholder.png","thumbnail":"https:\/\/quaidesbrumes.com\/img\/book-placeholder.png"},"orderable":true,"show_badge":true,"formatted_price":"10,00&nbsp;\u20ac","formatted_published_date":"20 f\u00e9vrier 2008","publisher_availability_label":"Sur commande","short_details":"Towarnicki Fred De \u2014 Melis","translator":null,"weight":130,"page_count":null,"readership":null,"editor":"Melis","price":1000,"published_date":"2008-02-19T23:00:00.000000Z","support":"Grand format","publisher_availability":1,"stock":0,"editions":[],"url":"https:\/\/quaidesbrumes.com\/ouvrage\/9782352100294\/coplas-sous-occupation"},{"id":"9782912058942","title":"Le temps raccourci","description":null,"authors":["Umberto D' Aloise"],"category_codes":["1000000","1090000"],"visuals":{"large":"https:\/\/quaidesbrumes.com\/img\/book-placeholder.png","medium":"https:\/\/quaidesbrumes.com\/img\/book-placeholder.png","thumbnail":"https:\/\/quaidesbrumes.com\/img\/book-placeholder.png"},"orderable":true,"show_badge":true,"formatted_price":"15,00&nbsp;\u20ac","formatted_published_date":"21 d\u00e9cembre 2007","publisher_availability_label":"Sur commande","short_details":"Umberto D' Aloise \u2014 La Main Multiple","translator":null,"weight":150,"page_count":null,"readership":null,"editor":"La Main Multiple","price":1500,"published_date":"2007-12-20T23:00:00.000000Z","support":"Grand format","publisher_availability":1,"stock":0,"editions":[],"url":"https:\/\/quaidesbrumes.com\/ouvrage\/9782912058942\/le-temps-raccourci"},{"id":"9782917013045","title":"Juste quelques mots","description":null,"authors":["Diane Claverys"],"category_codes":["1000000","1090000"],"visuals":{"large":"https:\/\/images.epagine.fr\/045\/9782917013045_1_75.jpg","medium":"https:\/\/images.epagine.fr\/045\/9782917013045_1_m.jpg","thumbnail":"https:\/\/images.epagine.fr\/045\/9782917013045_1_v.jpg"},"orderable":true,"show_badge":true,"formatted_price":"9,00&nbsp;\u20ac","formatted_published_date":"2 octobre 2007","publisher_availability_label":"Sur commande","short_details":"Diane Claverys \u2014 Les Alchimistes Du Verbe","translator":null,"weight":100,"page_count":152,"readership":null,"editor":"Les Alchimistes Du Verbe","price":900,"published_date":"2007-10-01T22:00:00.000000Z","support":"Grand format","publisher_availability":1,"stock":0,"editions":[],"url":"https:\/\/quaidesbrumes.com\/ouvrage\/9782917013045\/juste-quelques-mots"},{"id":"9782854463163","title":"Le passager des peurs anciennes","description":"Une po\u00e9sie de la nature ensoleill\u00e9e ici et l\u00e0 par la perte de la douceur, de l'enfance.\r","authors":["Salih"],"category_codes":["1000000","1090000"],"visuals":{"large":"https:\/\/images.epagine.fr\/163\/9782854463163_1_75.jpg","medium":"https:\/\/images.epagine.fr\/163\/9782854463163_1_m.jpg","thumbnail":"https:\/\/images.epagine.fr\/163\/9782854463163_1_v.jpg"},"orderable":true,"show_badge":true,"formatted_price":"9,90&nbsp;\u20ac","formatted_published_date":"1er juin 2005","publisher_availability_label":"Sur commande","short_details":"Salih \u2014 Caracteres","translator":null,"weight":201,"page_count":56,"readership":null,"editor":"Caracteres","price":990,"published_date":"2005-05-31T22:00:00.000000Z","support":"Grand format","publisher_availability":1,"stock":0,"editions":[],"url":"https:\/\/quaidesbrumes.com\/ouvrage\/9782854463163\/le-passager-des-peurs-anciennes"},{"id":"9782738464736","title":"C'etait aujourd'hui - poemes","description":"Les po\u00e8mes de Saulo Ramos sont tous des invitations au voyage: voyages dans le temps et l'espace o\u00f9 alternent la nostalgie de l'enfance et l'\u00e9vocation des paysages brouill\u00e9s de la m\u00e9moire. Saulo Ramos est br\u00e9silien et ses po\u00e8mes expriment tout son amour pour un pays g\u00e9n\u00e9reux, souffrant, exub\u00e9rant, riche de tous ses m\u00e9tissages. Mais c'est aussi un po\u00e8te universel qui s'exprime dans une langue \u00e0 la fois simple et raffin\u00e9e, un humaniste m\u00fbri par les passions et la m\u00e9diation sur la vie et sur la mort.\r","authors":["Saulo Ramos"],"category_codes":["1000000","1090000"],"visuals":{"large":"https:\/\/images.epagine.fr\/736\/9782738464736_1_75.jpg","medium":"https:\/\/images.epagine.fr\/736\/9782738464736_1_m.jpg","thumbnail":"https:\/\/images.epagine.fr\/736\/9782738464736_1_v.jpg"},"orderable":true,"show_badge":true,"formatted_price":"13,00&nbsp;\u20ac","formatted_published_date":"3 mai 2000","publisher_availability_label":"Sur commande","short_details":"Saulo Ramos \u2014 \u00c9ditions L'Harmattan","translator":null,"weight":222,"page_count":null,"readership":null,"editor":"\u00c9ditions L'Harmattan","price":1300,"published_date":"2000-05-02T22:00:00.000000Z","support":"Grand format","publisher_availability":1,"stock":0,"editions":[],"url":"https:\/\/quaidesbrumes.com\/ouvrage\/9782738464736\/cetait-aujourdhui-poemes"},{"id":"9782914258562","title":"De feu vivant","description":"Un chant lumineux au monde. \u00ab Comme me br\u00fble cette terre De feu vivant D\u00b4avoir chant\u00e9 A l\u00b4unisson du monde. \u00bb \r","authors":["Janine Modlinger"],"category_codes":["1000000","1090000"],"visuals":{"large":"https:\/\/images.epagine.fr\/562\/9782914258562_1_75.jpg","medium":"https:\/\/images.epagine.fr\/562\/9782914258562_1_m.jpg","thumbnail":"https:\/\/images.epagine.fr\/562\/9782914258562_1_v.jpg"},"orderable":true,"show_badge":true,"formatted_price":"12,00&nbsp;\u20ac","formatted_published_date":"29 f\u00e9vrier 2008","publisher_availability_label":"Sur commande","short_details":"Janine Modlinger \u2014 Eclats D'Encre","translator":null,"weight":88,"page_count":null,"readership":null,"editor":"Eclats D'Encre","price":1200,"published_date":"2008-02-28T23:00:00.000000Z","support":"Poche","publisher_availability":1,"stock":0,"editions":[],"url":"https:\/\/quaidesbrumes.com\/ouvrage\/9782914258562\/de-feu-vivant"},{"id":"9782915715163","title":"L'aboi sans fin","description":"\" Le chien aboie au-devant de la nuit, \u00e0 la merci de quelqu'un ou de quelque chose; il tire tant qu'il peut sur son collier. Il est corps tendu pr\u00eat \u00e0 rompre et il vocif\u00e8re; il s'est fait voix aux \u00e9clats lanc\u00e9s comme de la grenaille \u00e0 la face de la nuit. Il est debout sur ses deux pattes arri\u00e8re; \u00e0 l'extr\u00e9mit\u00e9 de sa cha\u00eene il creuse l'air vers l'avant avec ses pattes pour ramener \u00e0 lui l'homme qui viendra le reconna\u00eetre. \"\r","authors":["Jo\u00ebl-claude Meffre"],"category_codes":["1000000","1090000"],"visuals":{"large":"https:\/\/quaidesbrumes.com\/img\/book-placeholder.png","medium":"https:\/\/quaidesbrumes.com\/img\/book-placeholder.png","thumbnail":"https:\/\/quaidesbrumes.com\/img\/book-placeholder.png"},"orderable":true,"show_badge":true,"formatted_price":"7,00&nbsp;\u20ac","formatted_published_date":"1er avril 2008","publisher_availability_label":"Sur commande","short_details":"Jo\u00ebl-claude Meffre \u2014 Circa 1924","translator":null,"weight":28,"page_count":null,"readership":null,"editor":"Circa 1924","price":700,"published_date":"2008-03-31T22:00:00.000000Z","support":"Grand format","publisher_availability":1,"stock":0,"editions":[],"url":"https:\/\/quaidesbrumes.com\/ouvrage\/9782915715163\/laboi-sans-fin"},{"id":"9782914258555","title":"Le jour qui s'attarde","description":"Hommage po\u00e9tique en \u00e9cho aux po\u00e9tesses Anise Koltz et Dorotea Montoya Sanchez.\r","authors":["Christophe Condello"],"category_codes":["1000000","1090000"],"visuals":{"large":"https:\/\/images.epagine.fr\/555\/9782914258555_1_75.jpg","medium":"https:\/\/images.epagine.fr\/555\/9782914258555_1_m.jpg","thumbnail":"https:\/\/images.epagine.fr\/555\/9782914258555_1_v.jpg"},"orderable":true,"show_badge":true,"formatted_price":"12,00&nbsp;\u20ac","formatted_published_date":"30 octobre 2007","publisher_availability_label":"Sur commande","short_details":"Christophe Condello \u2014 Eclats D'Encre","translator":null,"weight":72,"page_count":null,"readership":null,"editor":"Eclats D'Encre","price":1200,"published_date":"2007-10-29T23:00:00.000000Z","support":"Poche","publisher_availability":1,"stock":0,"editions":[],"url":"https:\/\/quaidesbrumes.com\/ouvrage\/9782914258555\/le-jour-qui-sattarde"}]}