{"data":[{"id":"9782296055056","title":"Quelques rumeurs venues du silence","description":"Dans un nuage de fum\u00e9e, au-dessus d'une table de restaurant, ou sous les neiges d'un hiver glacial. Dans le babil d'une reine du froufrou, ou dans le vide int\u00e9rieur d'un vieillard solitaire. Dans l'intimit\u00e9 des amants, ou dans la grande histoire de l'humain. Lara Sarcevic nous attire dans ces r\u00e9gions o\u00f9 le silence a infiniment plus \u00e0 dire que n'importe quel discours.","authors":["Lara Sarcevic"],"category_codes":["1000000","1090000"],"visuals":{"large":"https:\/\/images.epagine.fr\/056\/9782296055056_1_75.jpg","medium":"https:\/\/images.epagine.fr\/056\/9782296055056_1_m.jpg","thumbnail":"https:\/\/images.epagine.fr\/056\/9782296055056_1_v.jpg"},"orderable":true,"show_badge":true,"formatted_price":"11,50&nbsp;\u20ac","formatted_published_date":"11 avril 2008","publisher_availability_label":"Sur commande","short_details":"Lara Sarcevic \u2014 \u00c9ditions L'Harmattan","translator":null,"weight":90,"page_count":70,"readership":null,"editor":"\u00c9ditions L'Harmattan","price":1150,"published_date":"2008-04-10T22:00:00.000000Z","support":"Grand format","publisher_availability":1,"stock":0,"editions":[],"url":"https:\/\/quaidesbrumes.com\/ouvrage\/9782296055056\/quelques-rumeurs-venues-du-silence"},{"id":"9782874594526","title":"Souvenirs","description":null,"authors":["Fran\u00e7oise Castera"],"category_codes":["1000000","1090000"],"visuals":{"large":"https:\/\/images.epagine.fr\/526\/9782874594526_1_75.jpg","medium":"https:\/\/images.epagine.fr\/526\/9782874594526_1_m.jpg","thumbnail":"https:\/\/images.epagine.fr\/526\/9782874594526_1_v.jpg"},"orderable":true,"show_badge":true,"formatted_price":"17,90&nbsp;\u20ac","formatted_published_date":"1er d\u00e9cembre 2009","publisher_availability_label":"Sur commande","short_details":"Fran\u00e7oise Castera \u2014 Chloe Des Lys","translator":null,"weight":150,"page_count":89,"readership":null,"editor":"Chloe Des Lys","price":1790,"published_date":"2009-11-30T23:00:00.000000Z","support":"Grand format","publisher_availability":1,"stock":0,"editions":[],"url":"https:\/\/quaidesbrumes.com\/ouvrage\/9782874594526\/souvenirs"},{"id":"9782916071077","title":"Tableaux de l' inconstance des anges","description":null,"authors":["Pierre Tr\u00e9fois"],"category_codes":["1000000","1090000"],"visuals":{"large":"https:\/\/images.epagine.fr\/077\/9782916071077_1_75.jpg","medium":"https:\/\/images.epagine.fr\/077\/9782916071077_1_m.jpg","thumbnail":"https:\/\/images.epagine.fr\/077\/9782916071077_1_v.jpg"},"orderable":true,"show_badge":true,"formatted_price":"10,00&nbsp;\u20ac","formatted_published_date":"24 novembre 2007","publisher_availability_label":"Sur commande","short_details":"Pierre Tr\u00e9fois \u2014 Vanneaux","translator":null,"weight":140,"page_count":null,"readership":null,"editor":"Vanneaux","price":1000,"published_date":"2007-11-23T23:00:00.000000Z","support":"Grand format","publisher_availability":1,"stock":0,"editions":[],"url":"https:\/\/quaidesbrumes.com\/ouvrage\/9782916071077\/tableaux-de-l-inconstance-des-anges"},{"id":"9782358740098","title":"Fleurs de saisons","description":null,"authors":["Edmond Reboul"],"category_codes":["1000000","1090000"],"visuals":{"large":"https:\/\/quaidesbrumes.com\/img\/book-placeholder.png","medium":"https:\/\/quaidesbrumes.com\/img\/book-placeholder.png","thumbnail":"https:\/\/quaidesbrumes.com\/img\/book-placeholder.png"},"orderable":true,"show_badge":true,"formatted_price":"11,00&nbsp;\u20ac","formatted_published_date":"12 ao\u00fbt 2009","publisher_availability_label":"Sur commande","short_details":"Edmond Reboul \u2014 Manoirante","translator":null,"weight":77,"page_count":null,"readership":null,"editor":"Manoirante","price":1100,"published_date":"2009-08-11T22:00:00.000000Z","support":"Grand format","publisher_availability":1,"stock":0,"editions":[],"url":"https:\/\/quaidesbrumes.com\/ouvrage\/9782358740098\/fleurs-de-saisons"},{"id":"9782296082540","title":"Ricardo Molinari ou la solitude de la Pampa ; po\u00e9sie pour un temps de d\u00e9tresse","description":"Ricardo E. Molinari (1898 - 1996) est l'un des \u00e9crivains importants de l'avant-garde argentine des ann\u00e9es 1920 et 1930. Il a particip\u00e9, aux c\u00f4t\u00e9s de Jorge Luis Borges, \u00e0 la c\u00e9l\u00e8bre revue Martin Fierro. Il est laur\u00e9at de nombreux prix litt\u00e9raires internationaux (Prix national de po\u00e9sie 1958) et membre de l'Acad\u00e9mie argentine des Lettres. C'est donc \u00e0 la d\u00e9couverte d'un po\u00e8te essentiel de l'Argentine du XXe si\u00e8cle que nous convie Hector Dante Cincotta, d\u00e9positaire des archives Molinari.","authors":["Hector Dante cincotta"],"category_codes":["1000000","1090000"],"visuals":{"large":"https:\/\/images.epagine.fr\/540\/9782296082540_1_75.jpg","medium":"https:\/\/images.epagine.fr\/540\/9782296082540_1_m.jpg","thumbnail":"https:\/\/images.epagine.fr\/540\/9782296082540_1_v.jpg"},"orderable":true,"show_badge":true,"formatted_price":"18,50&nbsp;\u20ac","formatted_published_date":"14 mai 2009","publisher_availability_label":"Sur commande","short_details":"Hector Dante cincotta \u2014 \u00c9ditions L'Harmattan","translator":null,"weight":250,"page_count":null,"readership":null,"editor":"\u00c9ditions L'Harmattan","price":1850,"published_date":"2009-05-13T22:00:00.000000Z","support":"Grand format","publisher_availability":1,"stock":0,"editions":[],"url":"https:\/\/quaidesbrumes.com\/ouvrage\/9782296082540\/ricardo-molinari-ou-la-solitude-de-la-pampa-poesie-pour-un-temps-de-detresse"},{"id":"9782351280164","title":"Coeur fondateur","description":"Pour moi je dis que je fais corps\/avec cette prison\/avec la cave de la t\u00eate\/avec le taudis de l'espace occup\u00e9 par l'esprit\/mais la lumi\u00e8re qui manque\/nous enjoint de nommer le manque de lumi\u00e8re\/crisp\u00e9 sur l'aire obscure\/petit bonhomme fais attention\/dans ton terrier dans mon terrier\/dans nos terriers d'aveugles\/nos fronts sont cette vitre\/pos\u00e9e sur la m\u00e9taphysique\/et moi pour m'occuper\/a mes pieds sur le sol\/un \u00e0 un je ramasse\/les morceaux mal \u00e9teints du vitrail.","authors":["Gabrielle Althen","Pierre M\u00e9zin"],"category_codes":["1000000","1090000"],"visuals":{"large":"https:\/\/images.epagine.fr\/164\/9782351280164_1_75.jpg","medium":"https:\/\/images.epagine.fr\/164\/9782351280164_1_m.jpg","thumbnail":"https:\/\/images.epagine.fr\/164\/9782351280164_1_v.jpg"},"orderable":true,"show_badge":true,"formatted_price":"18,00&nbsp;\u20ac","formatted_published_date":"10 octobre 2006","publisher_availability_label":"Sur commande","short_details":"Gabrielle Althen, Pierre M\u00e9zin \u2014 Voix D'Encre","translator":null,"weight":340,"page_count":null,"readership":null,"editor":"Voix D'Encre","price":1800,"published_date":"2006-10-09T22:00:00.000000Z","support":"Grand format","publisher_availability":1,"stock":0,"editions":[],"url":"https:\/\/quaidesbrumes.com\/ouvrage\/9782351280164\/coeur-fondateur"},{"id":"9782916620367","title":"C'\u00e9tait \u00e0 belle \u00eele","description":"Le ha\u00efku, terme cr\u00e9\u00e9 par Shiki Masaoka (1867-1902), est une forme po\u00e9tique tr\u00e8s codifi\u00e9e d'origine japonaise, \u00e0 forte composante symbolique et dont la paternit\u00e9 est attribu\u00e9e \u00e0 Basho (1644-1694). Le ha\u00efku tire son origine du tanka, terme de po\u00e9sie traditionnelle japonaise. Il s'agit d'un petit po\u00e8me extr\u00eamement bref visant \u00e0 dire l'\u00e9vanescence des choses. Ce po\u00e8me comporte traditionnellement 17 mores \u00e9crits verticalement.\r\n\r\nLes ha\u00efkus ne sont connus en Occident que depuis \u00e0 peine plus d'un si\u00e8cle. Les \u00e9crivains occidentaux ont alors tent\u00e9 de s'inspirer de cette forme de po\u00e9sie br\u00e8ve. La plupart du temps, ils ont choisi de transposer le ha\u00efku japonais qui s'\u00e9crivait sur une seule colonne sous la forme d'un tercet de 5, 7 et 5 pieds pour les ha\u00efkus occidentaux.\r\n\r\nQuand on compose un ha\u00efku en fran\u00e7ais, on remplace en g\u00e9n\u00e9ral les mores par des syllabes ; cependant, une syllabe fran\u00e7aise peut contenir jusqu'\u00e0 trois mores ce qui engendre des po\u00e8mes irr\u00e9guliers.\r\n\r\nUne ivresse folle M'a ravi le corps et l'\u00e2me C'\u00e9tait \u00e0 Belle-\u00eele Par ces vers magnifiques et pleins de tendresse, Ren\u00e9 Le Bars nous parle du charme de Belle \u00eele. Nous sommes accompagn\u00e9s dans ce voyage par Salvatore Verniti qui nous faire d\u00e9couvrir Belle \u00eele d'une autre fa\u00e7on en introduisant dans ses superbes tableaux, cette lumi\u00e8re pastel caract\u00e9ristique de la Bretagne.","authors":["Ren\u00e9 Le bars"],"category_codes":["1000000","1090000"],"visuals":{"large":"https:\/\/images.epagine.fr\/367\/9782916620367_1_75.jpg","medium":"https:\/\/images.epagine.fr\/367\/9782916620367_1_m.jpg","thumbnail":"https:\/\/images.epagine.fr\/367\/9782916620367_1_v.jpg"},"orderable":true,"show_badge":true,"formatted_price":"12,00&nbsp;\u20ac","formatted_published_date":"29 mai 2009","publisher_availability_label":"Sur commande","short_details":"Ren\u00e9 Le bars \u2014 Editions Du Bout De La Rue","translator":null,"weight":100,"page_count":null,"readership":null,"editor":"Editions Du Bout De La Rue","price":1200,"published_date":"2009-05-28T22:00:00.000000Z","support":"Grand format","publisher_availability":1,"stock":0,"editions":[],"url":"https:\/\/quaidesbrumes.com\/ouvrage\/9782916620367\/cetait-a-belle-ile"},{"id":"9782849540848","title":"Naitre et  il y eut ce cri","description":"Po\u00e8te et conf\u00e9rencier, Maurice Lethurgez donne ici la pleine dimension d'une po\u00e9tique qui, de la mati\u00e8re \u00e0 l'absolu, d\u00e9veloppe en puissance symboliste la r\u00e9alit\u00e9 de l'incarnation.","authors":["Maurice Lethurgez"],"category_codes":["1000000","1090000"],"visuals":{"large":"https:\/\/images.epagine.fr\/848\/9782849540848_1_75.jpg","medium":"https:\/\/images.epagine.fr\/848\/9782849540848_1_m.jpg","thumbnail":"https:\/\/images.epagine.fr\/848\/9782849540848_1_v.jpg"},"orderable":true,"show_badge":true,"formatted_price":"14,00&nbsp;\u20ac","formatted_published_date":"1er octobre 2009","publisher_availability_label":"Sur commande","short_details":"Maurice Lethurgez \u2014 Chemins De Plume","translator":null,"weight":120,"page_count":null,"readership":null,"editor":"Chemins De Plume","price":1400,"published_date":"2009-09-30T22:00:00.000000Z","support":"Grand format","publisher_availability":1,"stock":0,"editions":[],"url":"https:\/\/quaidesbrumes.com\/ouvrage\/9782849540848\/naitre-et-il-y-eut-ce-cri"},{"id":"9782916620404","title":"L'\u00eele de la d\u00e9tourne","description":"Entre le conte philosophique et la fable, Corsi, pour son deuxi\u00e8me roman graphique, nous embarque dans un voyage fantastique, ensorceleur et insolite.\r\n\r\nElle nous fait entrer dans les croyances et les l\u00e9gendes qui hantent l'\u00eele. Ici, ce ne sont pas les dragons qu'on affronte pour acc\u00e9der aux pommes d'or, ce sont les stryges en travers du chemin, les herbes folles, les fras aquatiques et leur herbe de la d\u00e9tourne qui nous tendent la main.\r\n\r\nVoulant quitter l'\u00eele pour se chercher un cadre de vie tranquille, son nain de jardin, \u00e9pris de libert\u00e9, va se retrouver confront\u00e9 \u00e0 mille \u00e9preuves : animaux et esprits vont s'allier pour d\u00e9tricoter ses r\u00eaves.","authors":["Ginoux Duvivi Joelle"],"category_codes":["1000000","1090000"],"visuals":{"large":"https:\/\/images.epagine.fr\/404\/9782916620404_1_75.jpg","medium":"https:\/\/images.epagine.fr\/404\/9782916620404_1_m.jpg","thumbnail":"https:\/\/images.epagine.fr\/404\/9782916620404_1_v.jpg"},"orderable":true,"show_badge":true,"formatted_price":"12,00&nbsp;\u20ac","formatted_published_date":"29 mai 2009","publisher_availability_label":"Sur commande","short_details":"Ginoux Duvivi Joelle \u2014 Editions Du Bout De La Rue","translator":null,"weight":150,"page_count":null,"readership":null,"editor":"Editions Du Bout De La Rue","price":1200,"published_date":"2009-05-28T22:00:00.000000Z","support":"Grand format","publisher_availability":1,"stock":0,"editions":[],"url":"https:\/\/quaidesbrumes.com\/ouvrage\/9782916620404\/lile-de-la-detourne"},{"id":"9782810604678","title":"D\u00e9clarations d'amour ; des po\u00e8mes d'amour pour lui dire je t'aime","description":"Des pages et des pages de po\u00e8mes d'amour \u00e0 utiliser en toutes circonstances.\r\nEn bonus une trentaine de courts po\u00e8mes d'amour \u00e0 diffuser par t\u00e9l\u00e9phone ou SMS. Pas de langue abr\u00e9g\u00e9e, mais de vrais po\u00e8mes.\r\nSimplement pour lui dire, je t'aime.","authors":["Patrick Huet"],"category_codes":["1000000","1090000"],"visuals":{"large":"https:\/\/images.epagine.fr\/678\/9782810604678_1_75.jpg","medium":"https:\/\/images.epagine.fr\/678\/9782810604678_1_m.jpg","thumbnail":"https:\/\/images.epagine.fr\/678\/9782810604678_1_v.jpg"},"orderable":true,"show_badge":true,"formatted_price":"8,00&nbsp;\u20ac","formatted_published_date":"23 novembre 2009","publisher_availability_label":"Sur commande","short_details":"Patrick Huet \u2014 Books on Demand","translator":null,"weight":201,"page_count":60,"readership":null,"editor":"Books on Demand","price":800,"published_date":"2009-11-22T23:00:00.000000Z","support":"Grand format","publisher_availability":1,"stock":0,"editions":[],"url":"https:\/\/quaidesbrumes.com\/ouvrage\/9782810604678\/declarations-damour-des-poemes-damour-pour-lui-dire-je-taime"},{"id":"9782916071107","title":"Enfer vaut l' endroit (l')","description":null,"authors":["Pierre Michel"],"category_codes":["1000000","1090000"],"visuals":{"large":"https:\/\/images.epagine.fr\/107\/9782916071107_1_75.jpg","medium":"https:\/\/images.epagine.fr\/107\/9782916071107_1_m.jpg","thumbnail":"https:\/\/images.epagine.fr\/107\/9782916071107_1_v.jpg"},"orderable":true,"show_badge":true,"formatted_price":"10,00&nbsp;\u20ac","formatted_published_date":"24 novembre 2007","publisher_availability_label":"Sur commande","short_details":"Pierre Michel \u2014 Vanneaux","translator":null,"weight":140,"page_count":null,"readership":null,"editor":"Vanneaux","price":1000,"published_date":"2007-11-23T23:00:00.000000Z","support":"Grand format","publisher_availability":1,"stock":0,"editions":[],"url":"https:\/\/quaidesbrumes.com\/ouvrage\/9782916071107\/enfer-vaut-l-endroit-l"},{"id":"9782914722728","title":"Sans effets personnels, une hantologie","description":null,"authors":["Yannick Liron"],"category_codes":["1000000","1090000"],"visuals":{"large":"https:\/\/images.epagine.fr\/728\/9782914722728_1_75.jpg","medium":"https:\/\/images.epagine.fr\/728\/9782914722728_1_m.jpg","thumbnail":"https:\/\/images.epagine.fr\/728\/9782914722728_1_v.jpg"},"orderable":true,"show_badge":true,"formatted_price":"5,00&nbsp;\u20ac","formatted_published_date":"20 f\u00e9vrier 2008","publisher_availability_label":"Sur commande","short_details":"Yannick Liron \u2014 Editions Mix","translator":null,"weight":50,"page_count":null,"readership":null,"editor":"Editions Mix","price":500,"published_date":"2008-02-19T23:00:00.000000Z","support":"Grand format","publisher_availability":1,"stock":0,"editions":[],"url":"https:\/\/quaidesbrumes.com\/ouvrage\/9782914722728\/sans-effets-personnels-une-hantologie"},{"id":"9782810624133","title":"Mots \u00e9chou\u00e9s : po\u00e8mes","description":"Int\u00e9rieurs. Sans autre logique que celle du r\u00eave, ces textes nous font d\u00e9couvrir \u00e0 petites touches, les \u00e9motions, les peines et les joies de ce jeune auteur. \u00ab La plupart des hommes ont de la po\u00e9sie une id\u00e9e si vague que ce vague m\u00eame de leur id\u00e9e est pour eux, la d\u00e9finition de la po\u00e9sie. \r\n\u00bb Paul Valery.","authors":["Ronan Quelven"],"category_codes":["1000000","1090000"],"visuals":{"large":"https:\/\/images.epagine.fr\/133\/9782810624133_1_75.jpg","medium":"https:\/\/images.epagine.fr\/133\/9782810624133_1_m.jpg","thumbnail":"https:\/\/images.epagine.fr\/133\/9782810624133_1_v.jpg"},"orderable":true,"show_badge":true,"formatted_price":"10,50&nbsp;\u20ac","formatted_published_date":"31 janvier 2012","publisher_availability_label":"Sur commande","short_details":"Ronan Quelven \u2014 Books on Demand","translator":null,"weight":157,"page_count":100,"readership":null,"editor":"Books on Demand","price":1050,"published_date":"2012-01-30T23:00:00.000000Z","support":"Grand format","publisher_availability":1,"stock":0,"editions":[],"url":"https:\/\/quaidesbrumes.com\/ouvrage\/9782810624133\/mots-echoues-poemes"},{"id":"9782916071138","title":"L'indeniable influence du milieu sur les bords","description":null,"authors":["Mandelbaun Nicholas"],"category_codes":["1000000","1090000"],"visuals":{"large":"https:\/\/images.epagine.fr\/138\/9782916071138_1_75.jpg","medium":"https:\/\/images.epagine.fr\/138\/9782916071138_1_m.jpg","thumbnail":"https:\/\/images.epagine.fr\/138\/9782916071138_1_v.jpg"},"orderable":true,"show_badge":true,"formatted_price":"10,00&nbsp;\u20ac","formatted_published_date":"24 novembre 2007","publisher_availability_label":"Sur commande","short_details":"Mandelbaun Nicholas \u2014 Vanneaux","translator":null,"weight":115,"page_count":null,"readership":null,"editor":"Vanneaux","price":1000,"published_date":"2007-11-23T23:00:00.000000Z","support":"Grand format","publisher_availability":1,"stock":0,"editions":[],"url":"https:\/\/quaidesbrumes.com\/ouvrage\/9782916071138\/lindeniable-influence-du-milieu-sur-les-bords"},{"id":"9782874592393","title":"Gisante, l'eden et apres","description":null,"authors":["Gavard Jean-Pierre"],"category_codes":["1000000","1090000"],"visuals":{"large":"https:\/\/quaidesbrumes.com\/img\/book-placeholder.png","medium":"https:\/\/quaidesbrumes.com\/img\/book-placeholder.png","thumbnail":"https:\/\/quaidesbrumes.com\/img\/book-placeholder.png"},"orderable":true,"show_badge":true,"formatted_price":"12,10&nbsp;\u20ac","formatted_published_date":"1er juillet 2007","publisher_availability_label":"Sur commande","short_details":"Gavard Jean-Pierre \u2014 Chloe Des Lys","translator":null,"weight":150,"page_count":null,"readership":null,"editor":"Chloe Des Lys","price":1210,"published_date":"2007-06-30T22:00:00.000000Z","support":"Grand format","publisher_availability":1,"stock":0,"editions":[],"url":"https:\/\/quaidesbrumes.com\/ouvrage\/9782874592393\/gisante-leden-et-apres"},{"id":"9782916071152","title":"Cedille au ciel","description":null,"authors":["Michel Valpr\u00e9my"],"category_codes":["1000000","1090000"],"visuals":{"large":"https:\/\/images.epagine.fr\/152\/9782916071152_1_75.jpg","medium":"https:\/\/images.epagine.fr\/152\/9782916071152_1_m.jpg","thumbnail":"https:\/\/images.epagine.fr\/152\/9782916071152_1_v.jpg"},"orderable":true,"show_badge":true,"formatted_price":"10,00&nbsp;\u20ac","formatted_published_date":"24 novembre 2007","publisher_availability_label":"Sur commande","short_details":"Michel Valpr\u00e9my \u2014 Vanneaux","translator":null,"weight":145,"page_count":null,"readership":null,"editor":"Vanneaux","price":1000,"published_date":"2007-11-23T23:00:00.000000Z","support":"Grand format","publisher_availability":1,"stock":0,"editions":[],"url":"https:\/\/quaidesbrumes.com\/ouvrage\/9782916071152\/cedille-au-ciel"},{"id":"9782916071169","title":"Une colombe une autre","description":null,"authors":["Raymond Farina"],"category_codes":["1000000","1090000"],"visuals":{"large":"https:\/\/images.epagine.fr\/169\/9782916071169_1_75.jpg","medium":"https:\/\/images.epagine.fr\/169\/9782916071169_1_m.jpg","thumbnail":"https:\/\/images.epagine.fr\/169\/9782916071169_1_v.jpg"},"orderable":true,"show_badge":true,"formatted_price":"10,00&nbsp;\u20ac","formatted_published_date":"24 novembre 2007","publisher_availability_label":"Sur commande","short_details":"Raymond Farina \u2014 Vanneaux","translator":null,"weight":89,"page_count":null,"readership":null,"editor":"Vanneaux","price":1000,"published_date":"2007-11-23T23:00:00.000000Z","support":"Grand format","publisher_availability":1,"stock":0,"editions":[],"url":"https:\/\/quaidesbrumes.com\/ouvrage\/9782916071169\/une-colombe-une-autre"},{"id":"9782874593703","title":"Le donjon du po\u00e8te fou","description":"Le Donjon du Po\u00e8te Fou, c'est avant tout l'histoire de quelques personnes bless\u00e9es par la vie, par leurs proches, par une soci\u00e9t\u00e9 o\u00f9 elles ne trouvent plus place. Ces \u00eatres vont se retrouver en un lieu qui leur semble idyllique et tenter de croire qu'il est possible de vivre autrement, de proposer un autre mod\u00e8le. Mais en fin de compte ils seront rattrap\u00e9s par les \u00e9v\u00e8nements.","authors":["Christophe Leurquin"],"category_codes":["1000000","1090000"],"visuals":{"large":"https:\/\/images.epagine.fr\/703\/9782874593703_1_75.jpg","medium":"https:\/\/images.epagine.fr\/703\/9782874593703_1_m.jpg","thumbnail":"https:\/\/images.epagine.fr\/703\/9782874593703_1_v.jpg"},"orderable":true,"show_badge":true,"formatted_price":"25,00&nbsp;\u20ac","formatted_published_date":"24 janvier 2009","publisher_availability_label":"Sur commande","short_details":"Christophe Leurquin \u2014 Chloe Des Lys","translator":null,"weight":150,"page_count":169,"readership":null,"editor":"Chloe Des Lys","price":2500,"published_date":"2009-01-23T23:00:00.000000Z","support":"Grand format","publisher_availability":1,"stock":0,"editions":[],"url":"https:\/\/quaidesbrumes.com\/ouvrage\/9782874593703\/le-donjon-du-poete-fou"},{"id":"9782916071183","title":"Abeille (s)","description":null,"authors":["M - Bongiraud Jean"],"category_codes":["1000000","1090000"],"visuals":{"large":"https:\/\/images.epagine.fr\/183\/9782916071183_1_75.jpg","medium":"https:\/\/images.epagine.fr\/183\/9782916071183_1_m.jpg","thumbnail":"https:\/\/images.epagine.fr\/183\/9782916071183_1_v.jpg"},"orderable":true,"show_badge":true,"formatted_price":"10,00&nbsp;\u20ac","formatted_published_date":"24 novembre 2007","publisher_availability_label":"Sur commande","short_details":"M - Bongiraud Jean \u2014 Vanneaux","translator":null,"weight":120,"page_count":null,"readership":null,"editor":"Vanneaux","price":1000,"published_date":"2007-11-23T23:00:00.000000Z","support":"Grand format","publisher_availability":1,"stock":0,"editions":[],"url":"https:\/\/quaidesbrumes.com\/ouvrage\/9782916071183\/abeille-s"},{"id":"9782070273249","title":"Ailleurs au monde","description":"\u00abCes po\u00e8mes, reflets et gerbes de ruptures, \u00e9crits au hasard des lumi\u00e8res et des ciels, ces po\u00e8mes de l'ailleurs du monde ne sont rien que des images. Je ne puis dire ni qu'ils me r\u00e9pondent, ni qu'ils ne me r\u00e9pondent pas, parce que l'indiff\u00e9rence et l'abandon qui ont pr\u00e9sid\u00e9 \u00e0 leur naissance ne m'appartiennent pas vraiment.\u00bb Patrick Reumaux.","authors":["Patrick Reumaux"],"category_codes":["1000000","1090000"],"visuals":{"large":"https:\/\/images.epagine.fr\/249\/9782070273249_1_75.jpg","medium":"https:\/\/images.epagine.fr\/249\/9782070273249_1_m.jpg","thumbnail":"https:\/\/images.epagine.fr\/249\/9782070273249_1_v.jpg"},"orderable":true,"show_badge":true,"formatted_price":"5,20&nbsp;\u20ac","formatted_published_date":"16 f\u00e9vrier 1968","publisher_availability_label":"Sur commande","short_details":"Patrick Reumaux \u2014 Gallimard","translator":null,"weight":180,"page_count":188,"readership":null,"editor":"Gallimard","price":520,"published_date":"1968-02-15T23:00:00.000000Z","support":"Grand format","publisher_availability":1,"stock":0,"editions":[],"url":"https:\/\/quaidesbrumes.com\/ouvrage\/9782070273249\/ailleurs-au-monde"},{"id":"9782874592607","title":"La tour des dragons","description":null,"authors":["Ronald Druart"],"category_codes":["1000000","1090000"],"visuals":{"large":"https:\/\/images.epagine.fr\/607\/9782874592607_1_75.jpg","medium":"https:\/\/images.epagine.fr\/607\/9782874592607_1_m.jpg","thumbnail":"https:\/\/images.epagine.fr\/607\/9782874592607_1_v.jpg"},"orderable":true,"show_badge":true,"formatted_price":"12,90&nbsp;\u20ac","formatted_published_date":"1er novembre 2007","publisher_availability_label":"Sur commande","short_details":"Ronald Druart \u2014 Chloe Des Lys","translator":null,"weight":150,"page_count":null,"readership":null,"editor":"Chloe Des Lys","price":1290,"published_date":"2007-10-31T23:00:00.000000Z","support":"Grand format","publisher_availability":1,"stock":0,"editions":[],"url":"https:\/\/quaidesbrumes.com\/ouvrage\/9782874592607\/la-tour-des-dragons"},{"id":"9782874593734","title":"Des sons lest\u00e9s de sens","description":null,"authors":["Claude Renard"],"category_codes":["1000000","1090000"],"visuals":{"large":"https:\/\/quaidesbrumes.com\/img\/book-placeholder.png","medium":"https:\/\/quaidesbrumes.com\/img\/book-placeholder.png","thumbnail":"https:\/\/quaidesbrumes.com\/img\/book-placeholder.png"},"orderable":true,"show_badge":true,"formatted_price":"17,90&nbsp;\u20ac","formatted_published_date":"24 janvier 2009","publisher_availability_label":"Sur commande","short_details":"Claude Renard \u2014 Chloe Des Lys","translator":null,"weight":150,"page_count":null,"readership":null,"editor":"Chloe Des Lys","price":1790,"published_date":"2009-01-23T23:00:00.000000Z","support":"Grand format","publisher_availability":1,"stock":0,"editions":[],"url":"https:\/\/quaidesbrumes.com\/ouvrage\/9782874593734\/des-sons-lestes-de-sens"},{"id":"9782351280607","title":"Du bleu dans la m\u00e9moire","description":"D'une terre \u00e0 une autre, le po\u00e8te demeure ce voyageur qui tout au long de ses p\u00e9riples s'interroge sur le sens de sa marche, c\u00f4toie des lieux familiers ou inconnus. Tant\u00f4t au bord du pr\u00e9cipice, tant\u00f4t solidement enracin\u00e9, il mesure le temps \u00e9coul\u00e9 et celui \u00e0 venir tandis que la m\u00e9moire s'approprie des souvenirs ou que l'imaginaire la devance. Avant tout il s'agit de marcher, de regarder autour de soi, d'approuver ces paysages pour savoir que l'instant et l'\u00e9ternit\u00e9 se fondent dans une m\u00eame dur\u00e9e, dans les m\u00eames mots.","authors":["Max Alhau","H\u00e9l\u00e8ne Baumel"],"category_codes":["1000000","1090000"],"visuals":{"large":"https:\/\/images.epagine.fr\/607\/9782351280607_1_75.jpg","medium":"https:\/\/images.epagine.fr\/607\/9782351280607_1_m.jpg","thumbnail":"https:\/\/images.epagine.fr\/607\/9782351280607_1_v.jpg"},"orderable":true,"show_badge":true,"formatted_price":"19,00&nbsp;\u20ac","formatted_published_date":"20 septembre 2010","publisher_availability_label":"Sur commande","short_details":"Max Alhau, H\u00e9l\u00e8ne Baumel \u2014 Voix D'Encre","translator":null,"weight":325,"page_count":120,"readership":null,"editor":"Voix D'Encre","price":1900,"published_date":"2010-09-19T22:00:00.000000Z","support":"Grand format","publisher_availability":1,"stock":0,"editions":[],"url":"https:\/\/quaidesbrumes.com\/ouvrage\/9782351280607\/du-bleu-dans-la-memoire"},{"id":"9782874592614","title":"Tranches de vie au f\u00e9minin","description":"Le livre accompagne six femmes dans une portion de leur vie, ce qui laisse au lecteurs le loisir d'imaginer l'avant et l'apr\u00e8s.  Il n'est pas d\u00e9nu\u00e9 de suspense.","authors":["Ghislaine Renard"],"category_codes":["1000000","1090000"],"visuals":{"large":"https:\/\/images.epagine.fr\/614\/9782874592614_1_75.jpg","medium":"https:\/\/images.epagine.fr\/614\/9782874592614_1_m.jpg","thumbnail":"https:\/\/images.epagine.fr\/614\/9782874592614_1_v.jpg"},"orderable":true,"show_badge":true,"formatted_price":"12,90&nbsp;\u20ac","formatted_published_date":"1er novembre 2007","publisher_availability_label":"Sur commande","short_details":"Ghislaine Renard \u2014 Chloe Des Lys","translator":null,"weight":150,"page_count":null,"readership":null,"editor":"Chloe Des Lys","price":1290,"published_date":"2007-10-31T23:00:00.000000Z","support":"Grand format","publisher_availability":1,"stock":0,"editions":[],"url":"https:\/\/quaidesbrumes.com\/ouvrage\/9782874592614\/tranches-de-vie-au-feminin"}]}