{"data":[{"id":"9782849241714","title":"Au creux de mon \u00eatre","description":"\u00ab Fruit qui se moissonne quand vient la saison \u00bb est un vers de Julien Kilanga Musinde et constitue la source d'inspiration de ce recueil po\u00e9tique bilingue. Il rassemble 25 po\u00e8mes en fran\u00e7ais de Julien Kilanga Musinde traduits en grec et 25 po\u00e8mes en grec de M\u00e9lita Toka Karachaliou traduits en fran\u00e7ais. Ces po\u00e8mes sont la r\u00e9sonance de deux voix en qu\u00eate de paix, d'humanisme et de bonheur. Dans le destin du temps existent les voix des existences g\u00e9n\u00e9reuses qui germent et donnent leurs fruits. Ainsi la langue fran\u00e7aise et la langue grecque coexistent et voyagent c\u00f4te \u00e0 c\u00f4te comme deux colombes jumelles. Ce livre est un v\u00e9ritable exemple et un message du partenariat des langues et du dialogue des cultures pr\u00e9conis\u00e9s en Francophonie.","authors":["Julien Kilanga musinde","M\u00e9lita Toka karachaliou"],"category_codes":["1000000","1090000"],"visuals":{"large":"https:\/\/images.epagine.fr\/714\/9782849241714_1_75.jpg","medium":"https:\/\/images.epagine.fr\/714\/9782849241714_1_m.jpg","thumbnail":"https:\/\/images.epagine.fr\/714\/9782849241714_1_v.jpg"},"orderable":true,"show_badge":true,"formatted_price":"12,00&nbsp;\u20ac","formatted_published_date":"26 janvier 2010","publisher_availability_label":"Sur commande","short_details":"Julien Kilanga musinde, M\u00e9lita Toka karachaliou \u2014 Editions Du Cygne","translator":null,"weight":200,"page_count":112,"readership":null,"editor":"Editions Du Cygne","price":1200,"published_date":"2010-01-25T23:00:00.000000Z","support":"Grand format","publisher_availability":1,"stock":0,"editions":[],"url":"https:\/\/quaidesbrumes.com\/ouvrage\/9782849241714\/au-creux-de-mon-etre"},{"id":"9782296112056","title":"Gravit\u00e9s","description":"Dans les pr\u00e9cipitations provoqu\u00e9es du r\u00e9el dont les mots seraient parties prenantes tracer un po\u00e8me apr\u00e8s l'effilochage. Tramer le texte de l'une \u00e0 l'autre dimension de l'exp\u00e9rience ici-l\u00e0-bas tragique, vide ou idyllique, quotidienne ou lyrique. S'essayer mot \u00e0 mot \u00e0 ce qui passe les mots et les emporte, impressionnant : au change, \u00e0 l'appara\u00eetre, \u00e0 l'effectuation, \u00e0 leurs envers et revers, s'y tenir et tenir.","authors":["Christian Cavaill\u00e9"],"category_codes":["1000000","1090000"],"visuals":{"large":"https:\/\/images.epagine.fr\/056\/9782296112056_1_75.jpg","medium":"https:\/\/images.epagine.fr\/056\/9782296112056_1_m.jpg","thumbnail":"https:\/\/images.epagine.fr\/056\/9782296112056_1_v.jpg"},"orderable":true,"show_badge":true,"formatted_price":"13,50&nbsp;\u20ac","formatted_published_date":"10 mars 2010","publisher_availability_label":"Sur commande","short_details":"Christian Cavaill\u00e9 \u2014 \u00c9ditions L'Harmattan","translator":null,"weight":160,"page_count":120,"readership":null,"editor":"\u00c9ditions L'Harmattan","price":1350,"published_date":"2010-03-09T23:00:00.000000Z","support":"Grand format","publisher_availability":1,"stock":0,"editions":[],"url":"https:\/\/quaidesbrumes.com\/ouvrage\/9782296112056\/gravites"},{"id":"9782874592270","title":"Ces mots qui ont pousse ma vie","description":null,"authors":["Dopchie Andre"],"category_codes":["1000000","1090000"],"visuals":{"large":"https:\/\/quaidesbrumes.com\/img\/book-placeholder.png","medium":"https:\/\/quaidesbrumes.com\/img\/book-placeholder.png","thumbnail":"https:\/\/quaidesbrumes.com\/img\/book-placeholder.png"},"orderable":true,"show_badge":true,"formatted_price":"12,10&nbsp;\u20ac","formatted_published_date":"1er juin 2007","publisher_availability_label":"Sur commande","short_details":"Dopchie Andre \u2014 Chloe Des Lys","translator":null,"weight":150,"page_count":null,"readership":null,"editor":"Chloe Des Lys","price":1210,"published_date":"2007-05-31T22:00:00.000000Z","support":"Grand format","publisher_availability":1,"stock":0,"editions":[],"url":"https:\/\/quaidesbrumes.com\/ouvrage\/9782874592270\/ces-mots-qui-ont-pousse-ma-vie"},{"id":"9782812707469","title":"Densit\u00e9s","description":null,"authors":["Tsaphiel"],"category_codes":["1000000","1090000","1090200"],"visuals":{"large":"https:\/\/quaidesbrumes.com\/img\/book-placeholder.png","medium":"https:\/\/quaidesbrumes.com\/img\/book-placeholder.png","thumbnail":"https:\/\/quaidesbrumes.com\/img\/book-placeholder.png"},"orderable":true,"show_badge":true,"formatted_price":"14,00&nbsp;\u20ac","formatted_published_date":"2 d\u00e9cembre 2015","publisher_availability_label":"Sur commande","short_details":"Tsaphiel \u2014 Presses Du Midi","translator":null,"weight":132,"page_count":null,"readership":null,"editor":"Presses Du Midi","price":1400,"published_date":"2015-12-01T23:00:00.000000Z","support":"Grand format","publisher_availability":1,"stock":0,"editions":[],"url":"https:\/\/quaidesbrumes.com\/ouvrage\/9782812707469\/densites"},{"id":"9782916071015","title":"La nuit revenante , la nuit","description":null,"authors":["Jean-Louis Rambour"],"category_codes":["1000000","1090000"],"visuals":{"large":"https:\/\/images.epagine.fr\/015\/9782916071015_1_75.jpg","medium":"https:\/\/images.epagine.fr\/015\/9782916071015_1_m.jpg","thumbnail":"https:\/\/images.epagine.fr\/015\/9782916071015_1_v.jpg"},"orderable":true,"show_badge":true,"formatted_price":"10,00&nbsp;\u20ac","formatted_published_date":"24 novembre 2007","publisher_availability_label":"Sur commande","short_details":"Jean-Louis Rambour \u2014 Vanneaux","translator":null,"weight":190,"page_count":null,"readership":null,"editor":"Vanneaux","price":1000,"published_date":"2007-11-23T23:00:00.000000Z","support":"Grand format","publisher_availability":1,"stock":0,"editions":[],"url":"https:\/\/quaidesbrumes.com\/ouvrage\/9782916071015\/la-nuit-revenante-la-nuit"},{"id":"9782916071022","title":"Ca ressemble a une vie","description":null,"authors":["Roger Wallet"],"category_codes":["1000000","1090000"],"visuals":{"large":"https:\/\/images.epagine.fr\/022\/9782916071022_1_75.jpg","medium":"https:\/\/images.epagine.fr\/022\/9782916071022_1_m.jpg","thumbnail":"https:\/\/images.epagine.fr\/022\/9782916071022_1_v.jpg"},"orderable":true,"show_badge":true,"formatted_price":"10,00&nbsp;\u20ac","formatted_published_date":"24 novembre 2007","publisher_availability_label":"Sur commande","short_details":"Roger Wallet \u2014 Vanneaux","translator":null,"weight":145,"page_count":null,"readership":null,"editor":"Vanneaux","price":1000,"published_date":"2007-11-23T23:00:00.000000Z","support":"Grand format","publisher_availability":1,"stock":0,"editions":[],"url":"https:\/\/quaidesbrumes.com\/ouvrage\/9782916071022\/ca-ressemble-a-une-vie"},{"id":"9782911718656","title":"Pour une recitation de la nuit","description":"Quatre po\u00e8mes, quatre chants con\u00e7us dans la perspective d'une lecture \u00e0 haute voix.","authors":["Claude Held"],"category_codes":["1000000","1090000"],"visuals":{"large":"https:\/\/quaidesbrumes.com\/img\/book-placeholder.png","medium":"https:\/\/quaidesbrumes.com\/img\/book-placeholder.png","thumbnail":"https:\/\/quaidesbrumes.com\/img\/book-placeholder.png"},"orderable":true,"show_badge":true,"formatted_price":"11,50&nbsp;\u20ac","formatted_published_date":"10 juin 2002","publisher_availability_label":"Sur commande","short_details":"Claude Held \u2014 L'Amourier","translator":null,"weight":130,"page_count":94,"readership":null,"editor":"L'Amourier","price":1150,"published_date":"2002-06-09T22:00:00.000000Z","support":"Grand format","publisher_availability":1,"stock":0,"editions":[],"url":"https:\/\/quaidesbrumes.com\/ouvrage\/9782911718656\/pour-une-recitation-de-la-nuit"},{"id":"9782916071039","title":"A l' ami moreu","description":null,"authors":["C\u00e9cile Odartchenko"],"category_codes":["1000000","1090000"],"visuals":{"large":"https:\/\/images.epagine.fr\/039\/9782916071039_1_75.jpg","medium":"https:\/\/images.epagine.fr\/039\/9782916071039_1_m.jpg","thumbnail":"https:\/\/images.epagine.fr\/039\/9782916071039_1_v.jpg"},"orderable":true,"show_badge":true,"formatted_price":"10,00&nbsp;\u20ac","formatted_published_date":"24 novembre 2007","publisher_availability_label":"Sur commande","short_details":"C\u00e9cile Odartchenko \u2014 Vanneaux","translator":null,"weight":80,"page_count":null,"readership":null,"editor":"Vanneaux","price":1000,"published_date":"2007-11-23T23:00:00.000000Z","support":"Grand format","publisher_availability":1,"stock":0,"editions":[],"url":"https:\/\/quaidesbrumes.com\/ouvrage\/9782916071039\/a-l-ami-moreu"},{"id":"9782916071404","title":"Gaston Puel","description":null,"authors":["Eric Dazzan"],"category_codes":["1000000","1090000"],"visuals":{"large":"https:\/\/images.epagine.fr\/404\/9782916071404_1_75.jpg","medium":"https:\/\/images.epagine.fr\/404\/9782916071404_1_m.jpg","thumbnail":"https:\/\/images.epagine.fr\/404\/9782916071404_1_v.jpg"},"orderable":true,"show_badge":true,"formatted_price":"15,00&nbsp;\u20ac","formatted_published_date":"1er mars 2009","publisher_availability_label":"Sur commande","short_details":"Eric Dazzan \u2014 Vanneaux","translator":null,"weight":401,"page_count":null,"readership":"Tout public","editor":"Vanneaux","price":1500,"published_date":"2009-02-28T23:00:00.000000Z","support":"Grand format","publisher_availability":1,"stock":0,"editions":[],"url":"https:\/\/quaidesbrumes.com\/ouvrage\/9782916071404\/gaston-puel"},{"id":"9782916071046","title":"Fragments","description":null,"authors":["Duchemin Arnaud"],"category_codes":["1000000","1090000"],"visuals":{"large":"https:\/\/images.epagine.fr\/046\/9782916071046_1_75.jpg","medium":"https:\/\/images.epagine.fr\/046\/9782916071046_1_m.jpg","thumbnail":"https:\/\/images.epagine.fr\/046\/9782916071046_1_v.jpg"},"orderable":true,"show_badge":true,"formatted_price":"10,00&nbsp;\u20ac","formatted_published_date":"24 novembre 2007","publisher_availability_label":"Sur commande","short_details":"Duchemin Arnaud \u2014 Vanneaux","translator":null,"weight":100,"page_count":null,"readership":null,"editor":"Vanneaux","price":1000,"published_date":"2007-11-23T23:00:00.000000Z","support":"Grand format","publisher_availability":1,"stock":0,"editions":[],"url":"https:\/\/quaidesbrumes.com\/ouvrage\/9782916071046\/fragments"},{"id":"9782296112377","title":"Ath\u00e8nes dispers\u00e9e parmi les fleurs","description":"La po\u00e9sie de G\u00e9rard Augustin est le plein champ de bataille o\u00f9 l'amour et l'\u00e9pop\u00e9e ne se perdent pas de vue. En trois textes magistraux, alliant densit\u00e9, beaut\u00e9 et clairvoyance, il explore la cicatrice et le chant silencieux de la po\u00e9sie. L'aventure des temps, de la Gr\u00e8ce antique \u00e0 la chevalerie, est toujours \u00e0 l'\u00e9preuve de l'instant et de la chair du po\u00e8te. L'auteur, qui pourrait appara\u00eetre comme un po\u00e8te de l'abstraction, est en profonde r\u00e9sonance avec le toucher. G\u00e9rard Augustin est une des voix les plus originales et rigoureuses de la po\u00e9sie fran\u00e7aise contemporaine.","authors":["G\u00e9rard Augustin","Julien Augustin"],"category_codes":["1000000","1090000"],"visuals":{"large":"https:\/\/images.epagine.fr\/377\/9782296112377_1_75.jpg","medium":"https:\/\/images.epagine.fr\/377\/9782296112377_1_m.jpg","thumbnail":"https:\/\/images.epagine.fr\/377\/9782296112377_1_v.jpg"},"orderable":true,"show_badge":true,"formatted_price":"13,00&nbsp;\u20ac","formatted_published_date":"28 avril 2010","publisher_availability_label":"Sur commande","short_details":"G\u00e9rard Augustin, Julien Augustin \u2014 \u00c9ditions L'Harmattan","translator":null,"weight":155,"page_count":null,"readership":null,"editor":"\u00c9ditions L'Harmattan","price":1300,"published_date":"2010-04-27T22:00:00.000000Z","support":"Grand format","publisher_availability":1,"stock":0,"editions":[],"url":"https:\/\/quaidesbrumes.com\/ouvrage\/9782296112377\/athenes-dispersee-parmi-les-fleurs"},{"id":"9782296053779","title":"Tactique des anges","description":"Quelle est cette tactique des anges ? D'ailleurs quels sont ces anges : les messagers ? Ceux qui ne sont plus du monde des vivants mais les accompagnent ? L'ange contre qui Jacob dut se battre sans comprendre l'enjeu de la lutte ? Le po\u00e8me n'essaie-t-il pas d'\u00e9lucider ce myst\u00e8re sculpt\u00e9 aux tympans des \u00e9glises ? Un recueil d'une langue signifiante et pure.","authors":["Marie-no\u00eblle Agniau"],"category_codes":["1000000","1090000"],"visuals":{"large":"https:\/\/images.epagine.fr\/779\/9782296053779_1_75.jpg","medium":"https:\/\/images.epagine.fr\/779\/9782296053779_1_m.jpg","thumbnail":"https:\/\/images.epagine.fr\/779\/9782296053779_1_v.jpg"},"orderable":true,"show_badge":true,"formatted_price":"14,00&nbsp;\u20ac","formatted_published_date":"26 mars 2008","publisher_availability_label":"Sur commande","short_details":"Marie-no\u00eblle Agniau \u2014 \u00c9ditions L'Harmattan","translator":null,"weight":190,"page_count":130,"readership":null,"editor":"\u00c9ditions L'Harmattan","price":1400,"published_date":"2008-03-25T23:00:00.000000Z","support":"Grand format","publisher_availability":1,"stock":0,"editions":[],"url":"https:\/\/quaidesbrumes.com\/ouvrage\/9782296053779\/tactique-des-anges"},{"id":"9782334096102","title":"Mots contre maux ; recueil de slam & po\u00e9sie","description":"\u00ab Mon esprit silencieux vid\u00e9 du spleen total Faire une pause dans la vie, \u00eatre en \u00e9tat de stase Se plonger dans le noir la t\u00eate vide comme un vase Vid\u00e9 de cette nature, qu'on appelle \"fleur du mal\" \u00ab Quand je dors, je suis quand m\u00eame tr\u00e8s conscient Je me sens vivre sans souffrir de la vie C'est l'endroit o\u00f9 le mal est innocent Car il n'existe pas quand on est \u00e0 l'abri (...) \u00bb","authors":["Stodium"],"category_codes":["1000000","1090000"],"visuals":{"large":"https:\/\/images.epagine.fr\/102\/9782334096102_1_75.jpg","medium":"https:\/\/images.epagine.fr\/102\/9782334096102_1_m.jpg","thumbnail":"https:\/\/images.epagine.fr\/102\/9782334096102_1_v.jpg"},"orderable":true,"show_badge":true,"formatted_price":"10,00&nbsp;\u20ac","formatted_published_date":"18 mars 2016","publisher_availability_label":"Sur commande","short_details":"Stodium \u2014 Edilivre","translator":null,"weight":135,"page_count":58,"readership":null,"editor":"Edilivre","price":1000,"published_date":"2016-03-17T23:00:00.000000Z","support":"Grand format","publisher_availability":1,"stock":0,"editions":[],"url":"https:\/\/quaidesbrumes.com\/ouvrage\/9782334096102\/mots-contre-maux-recueil-de-slam-poesie"},{"id":"9782296108660","title":"Sous les piliers du Wharf","description":"Chlo\u00e9 la princesse des mar\u00e9es est une femme qui a enlev\u00e9 son voile. Elle se pr\u00e9sente \u00e0 nous nue, libre, \u00e9mancip\u00e9e et affranchie quand elle passe sur l'avenue des Belles Filles. Elle jaillit de la nappe moir\u00e9e de l'oc\u00e9an comme de la plume du po\u00e8te. Elle sait aussi prendre l'apparence d'une vague furieuse cognant les piliers du warf.","authors":["Georges Mavouba-sokat\u00e9"],"category_codes":["1000000","1090000"],"visuals":{"large":"https:\/\/images.epagine.fr\/660\/9782296108660_1_75.jpg","medium":"https:\/\/images.epagine.fr\/660\/9782296108660_1_m.jpg","thumbnail":"https:\/\/images.epagine.fr\/660\/9782296108660_1_v.jpg"},"orderable":true,"show_badge":true,"formatted_price":"11,50&nbsp;\u20ac","formatted_published_date":"5 janvier 2010","publisher_availability_label":"Sur commande","short_details":"Georges Mavouba-sokat\u00e9 \u2014 \u00c9ditions L'Harmattan","translator":null,"weight":90,"page_count":null,"readership":null,"editor":"\u00c9ditions L'Harmattan","price":1150,"published_date":"2010-01-04T23:00:00.000000Z","support":"Grand format","publisher_availability":1,"stock":0,"editions":[],"url":"https:\/\/quaidesbrumes.com\/ouvrage\/9782296108660\/sous-les-piliers-du-wharf"},{"id":"9782914053624","title":"Triptyque du veilleur","description":"La sentinelle ne dort jamais.\r\nRedevable de tant de sommeils.\r\nLa tour maintient ainsi.\r\nLe lien qui l'unit \u00e0 ses pierres.\r\nAu terme d'un \u00e2ge qu'elle choisit.\r\nLa sentinelle ne meurt pas.\r\nElle prend simplement.\r\nPossession de son d\u00fb.\r\n...\r\nDans les yeux du veilleur.\r\nIl y a quelqu'un qui marche.\r\nQui va au-devant.\r\nToujours au-devant.\r\nDu temps \u00e0 vivre dans l'alerte.\r\nDans ce qui ne vient pas.\r\nNe viendra jamais.\r\nDu temps pour douter.\r\nComme ces orages qu'on d\u00e9froisse.\r\nCe retour au silence.\r\nAu passage de la paume.","authors":["Louis Raoul"],"category_codes":["1000000","1090000","1090600"],"visuals":{"large":"https:\/\/images.epagine.fr\/624\/9782914053624_1_75.jpg","medium":"https:\/\/images.epagine.fr\/624\/9782914053624_1_m.jpg","thumbnail":"https:\/\/images.epagine.fr\/624\/9782914053624_1_v.jpg"},"orderable":true,"show_badge":true,"formatted_price":"12,00&nbsp;\u20ac","formatted_published_date":"30 mars 2012","publisher_availability_label":"Sur commande","short_details":"Louis Raoul \u2014 La Cardere","translator":null,"weight":85,"page_count":58,"readership":null,"editor":"La Cardere","price":1200,"published_date":"2012-03-29T22:00:00.000000Z","support":"Grand format","publisher_availability":1,"stock":0,"editions":[],"url":"https:\/\/quaidesbrumes.com\/ouvrage\/9782914053624\/triptyque-du-veilleur"},{"id":"9782874592317","title":"Douleur, rhapsodie tsigane","description":null,"authors":["Tomislav Dretar"],"category_codes":["1000000","1090000"],"visuals":{"large":"https:\/\/images.epagine.fr\/317\/9782874592317_1_75.jpg","medium":"https:\/\/images.epagine.fr\/317\/9782874592317_1_m.jpg","thumbnail":"https:\/\/images.epagine.fr\/317\/9782874592317_1_v.jpg"},"orderable":true,"show_badge":true,"formatted_price":"14,30&nbsp;\u20ac","formatted_published_date":"1er juin 2007","publisher_availability_label":"Sur commande","short_details":"Tomislav Dretar \u2014 Chloe Des Lys","translator":null,"weight":150,"page_count":null,"readership":null,"editor":"Chloe Des Lys","price":1430,"published_date":"2007-05-31T22:00:00.000000Z","support":"Grand format","publisher_availability":1,"stock":0,"editions":[],"url":"https:\/\/quaidesbrumes.com\/ouvrage\/9782874592317\/douleur-rhapsodie-tsigane"},{"id":"9782911718663","title":"Dans la suite des jours ; le lit","description":"2e livre, Le lit est autant \u00e9loge du f\u00e9minin que m\u00e9ditation po\u00e9tique entre territoires de l'amour et territoires de la guerre, c\u00e9l\u00e9bration du dialogue \u00e9rotique contre la fusion meurtri\u00e8re.","authors":["Mickael Gluck"],"category_codes":["1000000","1090000"],"visuals":{"large":"https:\/\/images.epagine.fr\/663\/9782911718663_1_75.jpg","medium":"https:\/\/images.epagine.fr\/663\/9782911718663_1_m.jpg","thumbnail":"https:\/\/images.epagine.fr\/663\/9782911718663_1_v.jpg"},"orderable":true,"show_badge":true,"formatted_price":"11,00&nbsp;\u20ac","formatted_published_date":"10 juin 2002","publisher_availability_label":"Sur commande","short_details":"Mickael Gluck \u2014 L'Amourier","translator":null,"weight":100,"page_count":77,"readership":null,"editor":"L'Amourier","price":1100,"published_date":"2002-06-09T22:00:00.000000Z","support":"Grand format","publisher_availability":1,"stock":0,"editions":[],"url":"https:\/\/quaidesbrumes.com\/ouvrage\/9782911718663\/dans-la-suite-des-jours-le-lit"},{"id":"9782874594410","title":"La robe passante","description":"La Robe passante est un recueil de po\u00e8mes o\u00f9 se croisent des th\u00e8mes comme : l'\u00e9criture, la m\u00e9moire, la pluie...","authors":["Raoul Louis"],"category_codes":["1000000","1090000"],"visuals":{"large":"https:\/\/images.epagine.fr\/410\/9782874594410_1_75.jpg","medium":"https:\/\/images.epagine.fr\/410\/9782874594410_1_m.jpg","thumbnail":"https:\/\/images.epagine.fr\/410\/9782874594410_1_v.jpg"},"orderable":true,"show_badge":true,"formatted_price":"16,40&nbsp;\u20ac","formatted_published_date":"1er d\u00e9cembre 2009","publisher_availability_label":"Sur commande","short_details":"Raoul Louis \u2014 Chloe Des Lys","translator":null,"weight":150,"page_count":51,"readership":null,"editor":"Chloe Des Lys","price":1640,"published_date":"2009-11-30T23:00:00.000000Z","support":"Grand format","publisher_availability":1,"stock":0,"editions":[],"url":"https:\/\/quaidesbrumes.com\/ouvrage\/9782874594410\/la-robe-passante"},{"id":"9782354850067","title":"Les dents serrees","description":null,"authors":["Bourgeois Oana"],"category_codes":["1000000","1090000"],"visuals":{"large":"https:\/\/quaidesbrumes.com\/img\/book-placeholder.png","medium":"https:\/\/quaidesbrumes.com\/img\/book-placeholder.png","thumbnail":"https:\/\/quaidesbrumes.com\/img\/book-placeholder.png"},"orderable":true,"show_badge":true,"formatted_price":"14,00&nbsp;\u20ac","formatted_published_date":"1er septembre 2007","publisher_availability_label":"Sur commande","short_details":"Bourgeois Oana \u2014 JETS D'ENCRE","translator":null,"weight":60,"page_count":null,"readership":null,"editor":"JETS D'ENCRE","price":1400,"published_date":"2007-08-31T22:00:00.000000Z","support":"Grand format","publisher_availability":1,"stock":0,"editions":[],"url":"https:\/\/quaidesbrumes.com\/ouvrage\/9782354850067\/les-dents-serrees"},{"id":"9782865772551","title":"Les arbres de passage et autres poemes","description":null,"authors":["Jean-marie Berthier"],"category_codes":["1000000","1090000"],"visuals":{"large":"https:\/\/images.epagine.fr\/551\/9782865772551_1_75.jpg","medium":"https:\/\/images.epagine.fr\/551\/9782865772551_1_m.jpg","thumbnail":"https:\/\/images.epagine.fr\/551\/9782865772551_1_v.jpg"},"orderable":true,"show_badge":true,"formatted_price":"18,00&nbsp;\u20ac","formatted_published_date":"12 avril 2007","publisher_availability_label":"Sur commande","short_details":"Jean-marie Berthier \u2014 Pierre Fanlac","translator":null,"weight":535,"page_count":null,"readership":null,"editor":"Pierre Fanlac","price":1800,"published_date":"2007-04-11T22:00:00.000000Z","support":"Grand format","publisher_availability":1,"stock":0,"editions":[],"url":"https:\/\/quaidesbrumes.com\/ouvrage\/9782865772551\/les-arbres-de-passage-et-autres-poemes"},{"id":"9782849246498","title":"Le temps de moisson","description":null,"authors":["Cosma Flavia"],"category_codes":["1000000","1090000"],"visuals":{"large":"https:\/\/quaidesbrumes.com\/img\/book-placeholder.png","medium":"https:\/\/quaidesbrumes.com\/img\/book-placeholder.png","thumbnail":"https:\/\/quaidesbrumes.com\/img\/book-placeholder.png"},"orderable":true,"show_badge":true,"formatted_price":"10,00&nbsp;\u20ac","formatted_published_date":"2 avril 2021","publisher_availability_label":"Sur commande","short_details":"Cosma Flavia \u2014 Editions Du Cygne","translator":null,"weight":80,"page_count":null,"readership":null,"editor":"Editions Du Cygne","price":1000,"published_date":"2021-04-01T22:00:00.000000Z","support":"Grand format","publisher_availability":1,"stock":0,"editions":[],"url":"https:\/\/quaidesbrumes.com\/ouvrage\/9782849246498\/le-temps-de-moisson"},{"id":"9782810601028","title":"Le marchand d'oublies ; po\u00e8mes 1996-2006","description":"Depuis mon enfance, les mots sont mes compagnons. Pour dire la vie, pour dire l'amour, la mer, la lumi\u00e8re, pour tenter d'apprivoiser le chagrin, la peur, la mort. Le po\u00e8me est mon souffle, ma fa\u00e7on d'\u00eatre au monde.\r\nCheminement incertain jusqu'au fond de moi-m\u00eame, source de joie lorsque le mot juste m'est soudain donn\u00e9, ou errance dans ces temps de d\u00e9sert o\u00f9 le murmure int\u00e9rieur semble \u00e0 jamais \u00e9teint, le po\u00e8me est aussi une main tendue, l'attente d'un \u00e9cho au coeur de l'autre.","authors":["Evelyne Achard"],"category_codes":["1000000","1090000"],"visuals":{"large":"https:\/\/images.epagine.fr\/028\/9782810601028_1_75.jpg","medium":"https:\/\/images.epagine.fr\/028\/9782810601028_1_m.jpg","thumbnail":"https:\/\/images.epagine.fr\/028\/9782810601028_1_v.jpg"},"orderable":true,"show_badge":true,"formatted_price":"20,00&nbsp;\u20ac","formatted_published_date":"15 septembre 2008","publisher_availability_label":"Sur commande","short_details":"Evelyne Achard \u2014 Books on Demand","translator":null,"weight":223,"page_count":204,"readership":null,"editor":"Books on Demand","price":2000,"published_date":"2008-09-14T22:00:00.000000Z","support":"Grand format","publisher_availability":1,"stock":0,"editions":[],"url":"https:\/\/quaidesbrumes.com\/ouvrage\/9782810601028\/le-marchand-doublies-poemes-1996-2006"},{"id":"9791094068502","title":"Poemas dactilografics Tome 2","description":"Poesia improvisada sus maquina p\u00e8r escriure.","authors":["Gilbert Carr\u00e8re"],"category_codes":["1000000","1090000","1090600"],"visuals":{"large":"https:\/\/images.epagine.fr\/502\/9791094068502_1_75.jpg","medium":"https:\/\/images.epagine.fr\/502\/9791094068502_1_m.jpg","thumbnail":"https:\/\/images.epagine.fr\/502\/9791094068502_1_v.jpg"},"orderable":true,"show_badge":true,"formatted_price":"6,00&nbsp;\u20ac","formatted_published_date":"24 mars 2024","publisher_availability_label":"Sur commande","short_details":"Gilbert Carr\u00e8re \u2014 Sauveterre","translator":null,"weight":178,"page_count":128,"readership":null,"editor":"Sauveterre","price":600,"published_date":"2024-03-23T23:00:00.000000Z","support":"Grand format","publisher_availability":1,"stock":0,"editions":[],"url":"https:\/\/quaidesbrumes.com\/ouvrage\/9791094068502\/poemas-dactilografics-tome-2"},{"id":"9782874592362","title":"Les semences pourpres de l'innocence","description":null,"authors":["Chenot Gilles-Marie"],"category_codes":["1000000","1090000"],"visuals":{"large":"https:\/\/quaidesbrumes.com\/img\/book-placeholder.png","medium":"https:\/\/quaidesbrumes.com\/img\/book-placeholder.png","thumbnail":"https:\/\/quaidesbrumes.com\/img\/book-placeholder.png"},"orderable":true,"show_badge":true,"formatted_price":"12,90&nbsp;\u20ac","formatted_published_date":"1er juin 2007","publisher_availability_label":"Sur commande","short_details":"Chenot Gilles-Marie \u2014 Chloe Des Lys","translator":null,"weight":150,"page_count":null,"readership":null,"editor":"Chloe Des Lys","price":1290,"published_date":"2007-05-31T22:00:00.000000Z","support":"Grand format","publisher_availability":1,"stock":0,"editions":[],"url":"https:\/\/quaidesbrumes.com\/ouvrage\/9782874592362\/les-semences-pourpres-de-linnocence"}]}