{"data":[{"id":"9782981077042","title":"Lundi matin... rever de la mer - renga de mike montreuil et luce pelletier","description":null,"authors":["& Pelletie Montreuil"],"category_codes":["1000000","1090000"],"visuals":{"large":"https:\/\/quaidesbrumes.com\/img\/book-placeholder.png","medium":"https:\/\/quaidesbrumes.com\/img\/book-placeholder.png","thumbnail":"https:\/\/quaidesbrumes.com\/img\/book-placeholder.png"},"orderable":true,"show_badge":true,"formatted_price":"14,00&nbsp;\u20ac","formatted_published_date":"2 janvier 2009","publisher_availability_label":"Sur commande","short_details":"& Pelletie Montreuil \u2014 Tanka Francophone","translator":null,"weight":123,"page_count":null,"readership":null,"editor":"Tanka Francophone","price":1400,"published_date":"2009-01-01T23:00:00.000000Z","support":"Grand format","publisher_availability":1,"stock":0,"editions":[],"url":"https:\/\/quaidesbrumes.com\/ouvrage\/9782981077042\/lundi-matin-rever-de-la-mer-renga-de-mike-montreuil-et-luce-pelletier"},{"id":"9782810602643","title":"Des mots de t\u00eate","description":"Mettre au grand jour tous les moments o\u00f9 l'\u00eatre avait et a besoin de laisser des traces de ses \u00e9tats d'\u00e2mes, et de notre si court passage dans ce monde, comme la feuille laisse une trace dans le vent en tombant.\r","authors":["Kaly Ade"],"category_codes":["1000000","1090000"],"visuals":{"large":"https:\/\/images.epagine.fr\/643\/9782810602643_1_75.jpg","medium":"https:\/\/images.epagine.fr\/643\/9782810602643_1_m.jpg","thumbnail":"https:\/\/images.epagine.fr\/643\/9782810602643_1_v.jpg"},"orderable":true,"show_badge":true,"formatted_price":"16,95&nbsp;\u20ac","formatted_published_date":"7 mai 2009","publisher_availability_label":"Sur commande","short_details":"Kaly Ade \u2014 Books on Demand","translator":null,"weight":401,"page_count":96,"readership":null,"editor":"Books on Demand","price":1695,"published_date":"2009-05-06T22:00:00.000000Z","support":"Grand format","publisher_availability":1,"stock":0,"editions":[],"url":"https:\/\/quaidesbrumes.com\/ouvrage\/9782810602643\/des-mots-de-tete"},{"id":"9782296104013","title":"Le point trigonometrique des mouvances - trigonometrischer punkt des wandelns - bilingue francais-al","description":"\"Un point trigonom\u00e9trique mais non un point fixe. L'orientation d'un regard, je, tu, il. Dans la fluctuation des perspectives, une constante, un invariant qualitatif...critique exp\u00e9rimental, le regard est aimant. Source objet. Au miroitement s\u00e9ducteur, aux assonances syncop\u00e9es des images correspondent l'effarement n\u00e9 du choc, le doute d\u00e9l\u00e9t\u00e8re de l'esprit.\"\r","authors":["Golkar Beatrice"],"category_codes":["1000000","1090000"],"visuals":{"large":"https:\/\/images.epagine.fr\/013\/9782296104013_1_75.jpg","medium":"https:\/\/images.epagine.fr\/013\/9782296104013_1_m.jpg","thumbnail":"https:\/\/images.epagine.fr\/013\/9782296104013_1_v.jpg"},"orderable":true,"show_badge":true,"formatted_price":"15,50&nbsp;\u20ac","formatted_published_date":"20 janvier 2010","publisher_availability_label":"Sur commande","short_details":"Golkar Beatrice \u2014 \u00c9ditions L'Harmattan","translator":null,"weight":160,"page_count":null,"readership":null,"editor":"\u00c9ditions L'Harmattan","price":1550,"published_date":"2010-01-19T23:00:00.000000Z","support":"Grand format","publisher_availability":1,"stock":0,"editions":[],"url":"https:\/\/quaidesbrumes.com\/ouvrage\/9782296104013\/le-point-trigonometrique-des-mouvances-trigonometrischer-punkt-des-wandelns-bilingue-francais-al"},{"id":"9782952154451","title":"Le transi","description":"Les soixante-dix-sept po\u00e8mes de ce livre ont pris racine et corps dans la fascination qu'exerce sur moi Le Transi, la sculpture de Ligier Richier (vers 1500 - Gen\u00e8ve 1567) expos\u00e9e dans l'\u00e9glise Saint-\u00c9tienne de Bar-le-Duc.\r\nComme ce Transi qui, sortant de l'ombre, propose au monde non la lumi\u00e8re, mais l'inverse de ce qu'il a per\u00e7u dans la nuit, comme ce passeur, \u00e0 la fois celui qui passe et fait passer, et dont le ferme et fier \u00e9lan disloque, pour mieux la vaincre, la fronti\u00e8re entre la vie et la mort, comme celui-l\u00e0, je m'inscris dans l'ab\u00eeme qui pr\u00e9c\u00e8de l'effacement absolu.\r","authors":["Richard Rognet"],"category_codes":["1000000","1090000"],"visuals":{"large":"https:\/\/images.epagine.fr\/451\/9782952154451_1_75.jpg","medium":"https:\/\/images.epagine.fr\/451\/9782952154451_1_m.jpg","thumbnail":"https:\/\/images.epagine.fr\/451\/9782952154451_1_v.jpg"},"orderable":true,"show_badge":true,"formatted_price":"15,00&nbsp;\u20ac","formatted_published_date":"15 d\u00e9cembre 2005","publisher_availability_label":"Sur commande","short_details":"Richard Rognet \u2014 Aspect","translator":null,"weight":178,"page_count":null,"readership":null,"editor":"Aspect","price":1500,"published_date":"2005-12-14T23:00:00.000000Z","support":"Grand format","publisher_availability":1,"stock":0,"editions":[],"url":"https:\/\/quaidesbrumes.com\/ouvrage\/9782952154451\/le-transi"},{"id":"9782981077028","title":"Miroirs - tanka sur les droits de l'enfant - de jean irubetagoyena","description":null,"authors":["Jean Irubetagoyena"],"category_codes":["1000000","1090000"],"visuals":{"large":"https:\/\/quaidesbrumes.com\/img\/book-placeholder.png","medium":"https:\/\/quaidesbrumes.com\/img\/book-placeholder.png","thumbnail":"https:\/\/quaidesbrumes.com\/img\/book-placeholder.png"},"orderable":true,"show_badge":true,"formatted_price":"14,00&nbsp;\u20ac","formatted_published_date":"11 avril 2012","publisher_availability_label":"Sur commande","short_details":"Jean Irubetagoyena \u2014 Tanka Francophone","translator":null,"weight":80,"page_count":null,"readership":null,"editor":"Tanka Francophone","price":1400,"published_date":"2012-04-10T22:00:00.000000Z","support":"Grand format","publisher_availability":1,"stock":0,"editions":[],"url":"https:\/\/quaidesbrumes.com\/ouvrage\/9782981077028\/miroirs-tanka-sur-les-droits-de-lenfant-de-jean-irubetagoyena"},{"id":"9782981077011","title":"Le chant du loriot - tanka de philippe quinta illustres  par anna","description":null,"authors":["Quinta Philippe"],"category_codes":["1000000","1090000"],"visuals":{"large":"https:\/\/quaidesbrumes.com\/img\/book-placeholder.png","medium":"https:\/\/quaidesbrumes.com\/img\/book-placeholder.png","thumbnail":"https:\/\/quaidesbrumes.com\/img\/book-placeholder.png"},"orderable":true,"show_badge":true,"formatted_price":"14,00&nbsp;\u20ac","formatted_published_date":"1er f\u00e9vrier 2008","publisher_availability_label":"Sur commande","short_details":"Quinta Philippe \u2014 Tanka Francophone","translator":null,"weight":142,"page_count":null,"readership":null,"editor":"Tanka Francophone","price":1400,"published_date":"2008-01-31T23:00:00.000000Z","support":"Grand format","publisher_availability":1,"stock":0,"editions":[],"url":"https:\/\/quaidesbrumes.com\/ouvrage\/9782981077011\/le-chant-du-loriot-tanka-de-philippe-quinta-illustres-par-anna"},{"id":"9782952154468","title":"Je suis cet homme","description":"Le Transi, cette obs\u00e9dante sculpture de Ligier Richier, qui avait \u00e9t\u00e9 le sujet, le noyau de mon pr\u00e9c\u00e9dent livre auquel il avait donn\u00e9 son titre, ce Transi, de plus en plus fortement riv\u00e9 \u00e0 moi, de plus en plus attach\u00e9 \u00e0 un myst\u00e8re qui recule et m'\u00e9chappe \u00e0 l'infini, ce Transi dont j'ai voulu, pour esp\u00e9rer cependant atteindre quelque lieu de clart\u00e9, retrouver les assises humaines et les attaches historiques en la personne du jeune prince Ren\u00e9 de Chalon (1519-1544), ce Transi est aussi, fatalement, le coeur de ce livre comme il l'est de moi-m\u00eame.\r\nAinsi dans le suis cet homme, \u00e9gar\u00e9 et conscient \u00e0 la fois, j'investis, avec cette fascinante figure tendue entre sol et ciel, le dehors et le dedans, l'espace ext\u00e9rieur et l'espace int\u00e9rieur ; elle est moi : je suis elle, et c'est tout le temps, toute l'\u00e9tendue que, spontan\u00e9ment, j'essaye de gagner, avec la certitude pourtant que la tentative est chim\u00e8re innommable, inanit\u00e9, peut-\u00eatre cet insistant souvenir tragique d'un territoire o\u00f9 tout serait saisi et connu, mais qui battrait, coeur perdu, \u00e0 la fronti\u00e8re de l'\u00eatre et du monde, \u00e0 l'endroit m\u00eame o\u00f9 circulent les insaisissables courants de la connaissance.\r","authors":["Richard Rognet"],"category_codes":["1000000","1090000"],"visuals":{"large":"https:\/\/images.epagine.fr\/468\/9782952154468_1_75.jpg","medium":"https:\/\/images.epagine.fr\/468\/9782952154468_1_m.jpg","thumbnail":"https:\/\/images.epagine.fr\/468\/9782952154468_1_v.jpg"},"orderable":true,"show_badge":true,"formatted_price":"15,00&nbsp;\u20ac","formatted_published_date":"15 d\u00e9cembre 2005","publisher_availability_label":"Sur commande","short_details":"Richard Rognet \u2014 Aspect","translator":null,"weight":172,"page_count":null,"readership":null,"editor":"Aspect","price":1500,"published_date":"2005-12-14T23:00:00.000000Z","support":"Grand format","publisher_availability":1,"stock":0,"editions":[],"url":"https:\/\/quaidesbrumes.com\/ouvrage\/9782952154468\/je-suis-cet-homme"},{"id":"9782312019840","title":"Quelques plumes de paon","description":"Tout premier recueil de mes nombreux po\u00e8mes, lesquels ont \u00e9t\u00e9 \u00e9crits au cours de ma courte existence. C'est ainsi un peu de ma vie que je partage, mais aussi un peu de la v\u00f4tre. Qui n'a en effet jamais connu d'amours passionnels, de joies intenses, de doutes envahissants ? Qui n'a jamais \u00e9prouv\u00e9 de regrets, d'espoirs ? Par ce recueil, ce sont quelques plumes de paon que je vous tends, en esp\u00e9rant qu'elles aient pour vous un m\u00eame effet gu\u00e9risseur qu'elles ont eu pour moi.\r","authors":["Azad Ohanessian"],"category_codes":["1000000","1090000"],"visuals":{"large":"https:\/\/images.epagine.fr\/840\/9782312019840_1_75.jpg","medium":"https:\/\/images.epagine.fr\/840\/9782312019840_1_m.jpg","thumbnail":"https:\/\/images.epagine.fr\/840\/9782312019840_1_v.jpg"},"orderable":true,"show_badge":true,"formatted_price":"12,00&nbsp;\u20ac","formatted_published_date":"7 janvier 2014","publisher_availability_label":"Sur commande","short_details":"Azad Ohanessian \u2014 Editions du Net","translator":null,"weight":213,"page_count":198,"readership":null,"editor":"Editions du Net","price":1200,"published_date":"2014-01-06T23:00:00.000000Z","support":"Grand format","publisher_availability":1,"stock":0,"editions":[],"url":"https:\/\/quaidesbrumes.com\/ouvrage\/9782312019840\/quelques-plumes-de-paon"},{"id":"9782952154499","title":"La colere du gisant","description":null,"authors":["L. Louis Rene"],"category_codes":["1000000","1090000"],"visuals":{"large":"https:\/\/quaidesbrumes.com\/img\/book-placeholder.png","medium":"https:\/\/quaidesbrumes.com\/img\/book-placeholder.png","thumbnail":"https:\/\/quaidesbrumes.com\/img\/book-placeholder.png"},"orderable":true,"show_badge":true,"formatted_price":"8,00&nbsp;\u20ac","formatted_published_date":"15 ao\u00fbt 2007","publisher_availability_label":"Sur commande","short_details":"L. Louis Rene \u2014 Aspect","translator":null,"weight":78,"page_count":null,"readership":null,"editor":"Aspect","price":800,"published_date":"2007-08-14T22:00:00.000000Z","support":"Grand format","publisher_availability":1,"stock":0,"editions":[],"url":"https:\/\/quaidesbrumes.com\/ouvrage\/9782952154499\/la-colere-du-gisant"},{"id":"9782312026879","title":"Variations au-dessus de l'ab\u00eeme","description":"Plus que de la po\u00e9sie, il s'agit du carnet de voyage introspectif et d\u00e9sesp\u00e9r\u00e9 de Saint Hu\u00eetre, personnage parfois m\u00e9lancolique, parfois dr\u00f4le, qui observe la soci\u00e9t\u00e9 occidentale sans v\u00e9ritablement y trouver sa place.\r","authors":["Saint hu\u00eetre"],"category_codes":["1000000","1090000"],"visuals":{"large":"https:\/\/images.epagine.fr\/879\/9782312026879_1_75.jpg","medium":"https:\/\/images.epagine.fr\/879\/9782312026879_1_m.jpg","thumbnail":"https:\/\/images.epagine.fr\/879\/9782312026879_1_v.jpg"},"orderable":true,"show_badge":true,"formatted_price":"13,00&nbsp;\u20ac","formatted_published_date":"7 janvier 2014","publisher_availability_label":"Sur commande","short_details":"Saint hu\u00eetre \u2014 Editions du Net","translator":null,"weight":133,"page_count":74,"readership":null,"editor":"Editions du Net","price":1300,"published_date":"2014-01-06T23:00:00.000000Z","support":"Grand format","publisher_availability":1,"stock":0,"editions":[],"url":"https:\/\/quaidesbrumes.com\/ouvrage\/9782312026879\/variations-au-dessus-de-labime"},{"id":"9782810611065","title":"Un po\u00e8me de coeur, un po\u00e8me pour la vie","description":"Ce recueil regroupe les po\u00e8mes de pr\u00e8s de 800 \u00e9l\u00e8ves de CM2 qui ont particip\u00e9 \u00e0 la seconde \u00e9dition du concours Enfants et Sant\u00e9 \u00ab Un po\u00e8me, un po\u00e8me pour la vie \u00bb - durant l'ann\u00e9e scolaire 2008\/2009. \r\nSur le th\u00e8me du \u00ab courage \u00bb, les \u00e9l\u00e8ves ont donc travaill\u00e9 toute l'ann\u00e9e pour contribuer \u00e0 la lutte contre les cancers et les leuc\u00e9mies.  \r\nLa F\u00e9d\u00e9ration Enfants et Sant\u00e9 reconnue d'utilit\u00e9 publique et ses associations r\u00e9gionales affili\u00e9es se mobilisent au quotidien pour vaincre les cancers et leuc\u00e9mies de l'enfant et de l'adolescent.\r\n25 % des enfants et adolescents atteints de cancers ou de leuc\u00e9mies meurent encore.\r\n\r\nVous aussi, aidez-nous \u00e0 les sauver, en faisant un don sur :\r\nWww.enfants-sante.asso.fr\r","authors":["F\u00e9d\u00e9ration enfants et sant\u00e9"],"category_codes":["1000000","1090000"],"visuals":{"large":"https:\/\/images.epagine.fr\/065\/9782810611065_1_75.jpg","medium":"https:\/\/images.epagine.fr\/065\/9782810611065_1_m.jpg","thumbnail":"https:\/\/images.epagine.fr\/065\/9782810611065_1_v.jpg"},"orderable":true,"show_badge":true,"formatted_price":"12,50&nbsp;\u20ac","formatted_published_date":"8 juin 2009","publisher_availability_label":"Sur commande","short_details":"F\u00e9d\u00e9ration enfants et sant\u00e9 \u2014 Books on Demand","translator":null,"weight":301,"page_count":184,"readership":null,"editor":"Books on Demand","price":1250,"published_date":"2009-06-07T22:00:00.000000Z","support":"Grand format","publisher_availability":1,"stock":0,"editions":[],"url":"https:\/\/quaidesbrumes.com\/ouvrage\/9782810611065\/un-poeme-de-coeur-un-poeme-pour-la-vie"},{"id":"9782909468990","title":"L'ile, legendes definitives","description":null,"authors":["Isabelle Garo"],"category_codes":["1000000","1090000"],"visuals":{"large":"https:\/\/quaidesbrumes.com\/img\/book-placeholder.png","medium":"https:\/\/quaidesbrumes.com\/img\/book-placeholder.png","thumbnail":"https:\/\/quaidesbrumes.com\/img\/book-placeholder.png"},"orderable":true,"show_badge":true,"formatted_price":"8,00&nbsp;\u20ac","formatted_published_date":"11 d\u00e9cembre 2002","publisher_availability_label":"Sur commande","short_details":"Isabelle Garo \u2014 Le Bruit Des Autres","translator":null,"weight":200,"page_count":null,"readership":null,"editor":"Le Bruit Des Autres","price":800,"published_date":"2002-12-10T23:00:00.000000Z","support":"Grand format","publisher_availability":1,"stock":0,"editions":[],"url":"https:\/\/quaidesbrumes.com\/ouvrage\/9782909468990\/lile-legendes-definitives"},{"id":"9782917826072","title":"Un point sur la planete","description":null,"authors":["Coste Elisa"],"category_codes":["1000000","1090000"],"visuals":{"large":"https:\/\/quaidesbrumes.com\/img\/book-placeholder.png","medium":"https:\/\/quaidesbrumes.com\/img\/book-placeholder.png","thumbnail":"https:\/\/quaidesbrumes.com\/img\/book-placeholder.png"},"orderable":true,"show_badge":true,"formatted_price":"9,00&nbsp;\u20ac","formatted_published_date":"5 juillet 2010","publisher_availability_label":"Sur commande","short_details":"Coste Elisa \u2014 Vermifuge","translator":null,"weight":80,"page_count":null,"readership":null,"editor":"Vermifuge","price":900,"published_date":"2010-07-04T22:00:00.000000Z","support":"Grand format","publisher_availability":1,"stock":0,"editions":[],"url":"https:\/\/quaidesbrumes.com\/ouvrage\/9782917826072\/un-point-sur-la-planete"},{"id":"9782913040847","title":"Ficelle n 107 - au present d'infini - luce guilbaud - ill. gravures de v. rougier","description":null,"authors":["Luce Guilbaud"],"category_codes":["1000000","1090000"],"visuals":{"large":"https:\/\/quaidesbrumes.com\/img\/book-placeholder.png","medium":"https:\/\/quaidesbrumes.com\/img\/book-placeholder.png","thumbnail":"https:\/\/quaidesbrumes.com\/img\/book-placeholder.png"},"orderable":true,"show_badge":true,"formatted_price":"9,00&nbsp;\u20ac","formatted_published_date":"1er mars 2012","publisher_availability_label":"Sur commande","short_details":"Luce Guilbaud \u2014 Atelier Vincent Rougier","translator":null,"weight":38,"page_count":null,"readership":null,"editor":"Atelier Vincent Rougier","price":900,"published_date":"2012-02-29T23:00:00.000000Z","support":"Grand format","publisher_availability":1,"stock":0,"editions":[],"url":"https:\/\/quaidesbrumes.com\/ouvrage\/9782913040847\/ficelle-n-107-au-present-dinfini-luce-guilbaud-ill-gravures-de-v-rougier"},{"id":"9782917081020","title":"Encordele, cahier de bouche","description":null,"authors":["Pierre Drogi"],"category_codes":["1000000","1090000"],"visuals":{"large":"https:\/\/quaidesbrumes.com\/img\/book-placeholder.png","medium":"https:\/\/quaidesbrumes.com\/img\/book-placeholder.png","thumbnail":"https:\/\/quaidesbrumes.com\/img\/book-placeholder.png"},"orderable":true,"show_badge":true,"formatted_price":"9,00&nbsp;\u20ac","formatted_published_date":"15 f\u00e9vrier 2008","publisher_availability_label":"Sur commande","short_details":"Pierre Drogi \u2014 Aspect","translator":null,"weight":146,"page_count":null,"readership":null,"editor":"Aspect","price":900,"published_date":"2008-02-14T23:00:00.000000Z","support":"Grand format","publisher_availability":1,"stock":0,"editions":[],"url":"https:\/\/quaidesbrumes.com\/ouvrage\/9782917081020\/encordele-cahier-de-bouche"},{"id":"9782913040922","title":"Psalmlashcd - alexis pelletier - livre & cd","description":null,"authors":["Ppelletier Alexis"],"category_codes":["1000000","1090000"],"visuals":{"large":"https:\/\/quaidesbrumes.com\/img\/book-placeholder.png","medium":"https:\/\/quaidesbrumes.com\/img\/book-placeholder.png","thumbnail":"https:\/\/quaidesbrumes.com\/img\/book-placeholder.png"},"orderable":true,"show_badge":true,"formatted_price":"18,00&nbsp;\u20ac","formatted_published_date":"1er mars 2012","publisher_availability_label":"Sur commande","short_details":"Ppelletier Alexis \u2014 Atelier Vincent Rougier","translator":null,"weight":80,"page_count":null,"readership":null,"editor":"Atelier Vincent Rougier","price":1800,"published_date":"2012-02-29T23:00:00.000000Z","support":"Grand format","publisher_availability":1,"stock":0,"editions":[],"url":"https:\/\/quaidesbrumes.com\/ouvrage\/9782913040922\/psalmlashcd-alexis-pelletier-livre-cd"},{"id":"9782874592843","title":"La mer","description":null,"authors":["Fleurot Nicolas"],"category_codes":["1000000","1090000"],"visuals":{"large":"https:\/\/quaidesbrumes.com\/img\/book-placeholder.png","medium":"https:\/\/quaidesbrumes.com\/img\/book-placeholder.png","thumbnail":"https:\/\/quaidesbrumes.com\/img\/book-placeholder.png"},"orderable":true,"show_badge":true,"formatted_price":"12,90&nbsp;\u20ac","formatted_published_date":"1er d\u00e9cembre 2007","publisher_availability_label":"Sur commande","short_details":"Fleurot Nicolas \u2014 Chloe Des Lys","translator":null,"weight":150,"page_count":null,"readership":null,"editor":"Chloe Des Lys","price":1290,"published_date":"2007-11-30T23:00:00.000000Z","support":"Grand format","publisher_availability":1,"stock":0,"editions":[],"url":"https:\/\/quaidesbrumes.com\/ouvrage\/9782874592843\/la-mer"},{"id":"9782909468785","title":"Cardiogrammes","description":null,"authors":["Bernard Montini"],"category_codes":["1000000","1090000"],"visuals":{"large":"https:\/\/quaidesbrumes.com\/img\/book-placeholder.png","medium":"https:\/\/quaidesbrumes.com\/img\/book-placeholder.png","thumbnail":"https:\/\/quaidesbrumes.com\/img\/book-placeholder.png"},"orderable":true,"show_badge":true,"formatted_price":"9,15&nbsp;\u20ac","formatted_published_date":"1er janvier 1999","publisher_availability_label":"Sur commande","short_details":"Bernard Montini \u2014 Le Bruit Des Autres","translator":null,"weight":200,"page_count":null,"readership":null,"editor":"Le Bruit Des Autres","price":915,"published_date":"1998-12-31T23:00:00.000000Z","support":"Grand format","publisher_availability":1,"stock":0,"editions":[],"url":"https:\/\/quaidesbrumes.com\/ouvrage\/9782909468785\/cardiogrammes"},{"id":"9782952154482","title":"\u00e9nigme du sol et du corps","description":null,"authors":["Dani\u00e8le Corre"],"category_codes":["1000000","1090000"],"visuals":{"large":"https:\/\/images.epagine.fr\/482\/9782952154482_1_75.jpg","medium":"https:\/\/images.epagine.fr\/482\/9782952154482_1_m.jpg","thumbnail":"https:\/\/images.epagine.fr\/482\/9782952154482_1_v.jpg"},"orderable":true,"show_badge":true,"formatted_price":"14,00&nbsp;\u20ac","formatted_published_date":"15 septembre 2006","publisher_availability_label":"Sur commande","short_details":"Dani\u00e8le Corre \u2014 Aspect","translator":null,"weight":208,"page_count":null,"readership":null,"editor":"Aspect","price":1400,"published_date":"2006-09-14T22:00:00.000000Z","support":"Grand format","publisher_availability":1,"stock":0,"editions":[],"url":"https:\/\/quaidesbrumes.com\/ouvrage\/9782952154482\/enigme-du-sol-et-du-corps"},{"id":"9782917081044","title":"Publicit\u00e9","description":null,"authors":["Bernard Heidsieck"],"category_codes":["1000000","1090000"],"visuals":{"large":"https:\/\/images.epagine.fr\/044\/9782917081044_1_75.jpg","medium":"https:\/\/images.epagine.fr\/044\/9782917081044_1_m.jpg","thumbnail":"https:\/\/images.epagine.fr\/044\/9782917081044_1_v.jpg"},"orderable":true,"show_badge":true,"formatted_price":"20,00&nbsp;\u20ac","formatted_published_date":"15 juin 2008","publisher_availability_label":"Sur commande","short_details":"Bernard Heidsieck \u2014 Aspect","translator":null,"weight":172,"page_count":null,"readership":null,"editor":"Aspect","price":2000,"published_date":"2008-06-14T22:00:00.000000Z","support":"Grand format","publisher_availability":1,"stock":0,"editions":[],"url":"https:\/\/quaidesbrumes.com\/ouvrage\/9782917081044\/publicite"},{"id":"9782296046184","title":"Aux cr\u00e9pitements de l'ombre","description":"Ces \"cr\u00e9pitements\" po\u00e9tiques voudraient embrasser l'ombre et la lumi\u00e8re, comme r\u00e9sonance de rencontres singuli\u00e8res, pass\u00e9es au tamis du temps oubli\u00e9, actuel, familier. \"Aux cr\u00e9pitements de l'ombre\/Danseurs \u00e9ph\u00e9m\u00e8res\/La course d'un enfant\/Claquant de mille soleils\".\r","authors":["Pratick Nogier"],"category_codes":["1000000","1090000"],"visuals":{"large":"https:\/\/images.epagine.fr\/184\/9782296046184_1_75.jpg","medium":"https:\/\/images.epagine.fr\/184\/9782296046184_1_m.jpg","thumbnail":"https:\/\/images.epagine.fr\/184\/9782296046184_1_v.jpg"},"orderable":true,"show_badge":true,"formatted_price":"12,00&nbsp;\u20ac","formatted_published_date":"22 novembre 2007","publisher_availability_label":"Sur commande","short_details":"Pratick Nogier \u2014 \u00c9ditions L'Harmattan","translator":null,"weight":120,"page_count":94,"readership":null,"editor":"\u00c9ditions L'Harmattan","price":1200,"published_date":"2007-11-21T23:00:00.000000Z","support":"Grand format","publisher_availability":1,"stock":0,"editions":[],"url":"https:\/\/quaidesbrumes.com\/ouvrage\/9782296046184\/aux-crepitements-de-lombre"},{"id":"9782757000915","title":"La cit\u00e9 des cl\u00e9s","description":null,"authors":["Alain Crozier"],"category_codes":["1000000","1090000"],"visuals":{"large":"https:\/\/quaidesbrumes.com\/img\/book-placeholder.png","medium":"https:\/\/quaidesbrumes.com\/img\/book-placeholder.png","thumbnail":"https:\/\/quaidesbrumes.com\/img\/book-placeholder.png"},"orderable":true,"show_badge":true,"formatted_price":"10,00&nbsp;\u20ac","formatted_published_date":"26 juin 2007","publisher_availability_label":"Sur commande","short_details":"Alain Crozier \u2014 Jacques Andre","translator":null,"weight":80,"page_count":null,"readership":null,"editor":"Jacques Andre","price":1000,"published_date":"2007-06-25T22:00:00.000000Z","support":"Grand format","publisher_availability":1,"stock":0,"editions":[],"url":"https:\/\/quaidesbrumes.com\/ouvrage\/9782757000915\/la-cite-des-cles"},{"id":"9782909468884","title":"Comme en resurgence","description":null,"authors":["Loirat\/Anthony"],"category_codes":["1000000","1090000"],"visuals":{"large":"https:\/\/quaidesbrumes.com\/img\/book-placeholder.png","medium":"https:\/\/quaidesbrumes.com\/img\/book-placeholder.png","thumbnail":"https:\/\/quaidesbrumes.com\/img\/book-placeholder.png"},"orderable":true,"show_badge":true,"formatted_price":"4,57&nbsp;\u20ac","formatted_published_date":"1er janvier 2000","publisher_availability_label":"Sur commande","short_details":"Loirat\/Anthony \u2014 Le Bruit Des Autres","translator":null,"weight":200,"page_count":null,"readership":null,"editor":"Le Bruit Des Autres","price":457,"published_date":"1999-12-31T23:00:00.000000Z","support":"Grand format","publisher_availability":1,"stock":0,"editions":[],"url":"https:\/\/quaidesbrumes.com\/ouvrage\/9782909468884\/comme-en-resurgence"},{"id":"9782909468969","title":"Il neige sur ta face","description":null,"authors":["Thierry Renard"],"category_codes":["1000000","1090000"],"visuals":{"large":"https:\/\/quaidesbrumes.com\/img\/book-placeholder.png","medium":"https:\/\/quaidesbrumes.com\/img\/book-placeholder.png","thumbnail":"https:\/\/quaidesbrumes.com\/img\/book-placeholder.png"},"orderable":true,"show_badge":true,"formatted_price":"8,00&nbsp;\u20ac","formatted_published_date":"1er janvier 2000","publisher_availability_label":"Sur commande","short_details":"Thierry Renard \u2014 Le Bruit Des Autres","translator":null,"weight":200,"page_count":null,"readership":null,"editor":"Le Bruit Des Autres","price":800,"published_date":"1999-12-31T23:00:00.000000Z","support":"Grand format","publisher_availability":1,"stock":0,"editions":[],"url":"https:\/\/quaidesbrumes.com\/ouvrage\/9782909468969\/il-neige-sur-ta-face"}]}