{"data":[{"id":"9782354851552","title":"Internement po\u00e9tique","description":"C'est avec une plume r\u00e9solument moderne, qui sort avec brio des chemins trac\u00e9s par la po\u00e9sie conventionnelle, que Thomas Voiment aborde l'\u00e9criture po\u00e9tique. Structur\u00e9s comme un puzzle, o\u00f9 chaque pi\u00e8ce sonne comme une r\u00e9v\u00e9lation, ses textes se r\u00e9pandent et se compl\u00e8tent tout seuls, au gr\u00e9 des inspirations du quotidien. Thomas Voiment s'amuse ouvertement avec les mots, les d\u00e9tourne, joue avec leurs sens et les fait r\u00e9sonner les uns avec les autres. Il invite le lecteur \u00e0 s'impr\u00e9gner de ses rythmes taquins, \u00e0 savourer l'intensit\u00e9 de ses vers, et \u00e0 d\u00e9couvrir les subtiles \u00e9nigmes renferm\u00e9es dans son oeuvre.\r\n\r\nUn internement po\u00e9tique consenti, qui r\u00e9v\u00e8le l'exp\u00e9rience fabuleuse d'un \u00e9quilibre entre r\u00eave et r\u00e9alit\u00e9.","authors":["Thomas Voiment"],"category_codes":["1000000","1090000"],"visuals":{"large":"https:\/\/images.epagine.fr\/552\/9782354851552_1_75.jpg","medium":"https:\/\/images.epagine.fr\/552\/9782354851552_1_m.jpg","thumbnail":"https:\/\/images.epagine.fr\/552\/9782354851552_1_v.jpg"},"orderable":true,"show_badge":true,"formatted_price":"16,50&nbsp;\u20ac","formatted_published_date":"1er avril 2010","publisher_availability_label":"Sur commande","short_details":"Thomas Voiment \u2014 JETS D'ENCRE","translator":null,"weight":140,"page_count":null,"readership":null,"editor":"JETS D'ENCRE","price":1650,"published_date":"2010-03-31T22:00:00.000000Z","support":"Grand format","publisher_availability":1,"stock":0,"editions":[],"url":"https:\/\/quaidesbrumes.com\/ouvrage\/9782354851552\/internement-poetique"},{"id":"9782913040625","title":"Ficelle Tome 90 ; l\u00e9gendes","description":null,"authors":["Jacques Norigeon"],"category_codes":["1000000","1090000"],"visuals":{"large":"https:\/\/quaidesbrumes.com\/img\/book-placeholder.png","medium":"https:\/\/quaidesbrumes.com\/img\/book-placeholder.png","thumbnail":"https:\/\/quaidesbrumes.com\/img\/book-placeholder.png"},"orderable":true,"show_badge":true,"formatted_price":"7,00&nbsp;\u20ac","formatted_published_date":"1er mai 2009","publisher_availability_label":"Sur commande","short_details":"Jacques Norigeon \u2014 Atelier Vincent Rougier","translator":null,"weight":45,"page_count":null,"readership":null,"editor":"Atelier Vincent Rougier","price":700,"published_date":"2009-04-30T22:00:00.000000Z","support":"Grand format","publisher_availability":1,"stock":0,"editions":[],"url":"https:\/\/quaidesbrumes.com\/ouvrage\/9782913040625\/ficelle-tome-90-legendes"},{"id":"9782757001684","title":"Nuit fracass\u00e9e","description":"\"Que le po\u00e8me soit comme un diamant compact, taill\u00e9 au plus pr\u00e8s, et que la lumi\u00e8re en fasse scintiller toutes les facettes. De ses premiers po\u00e8mes, la po\u00e9tesse Jos\u00e9-Flore Tappy a \u00e9crit : \"Ils disent un mouvement, un passage, une transition : entre d\u00e9sir et refus, vacarme et silence, m\u00e9moire et oubli, trouver les mots qui portent; de l'enfance \u00e0 l'\u00e2ge adulte, s'inventer un pr\u00e9sent qui tienne, debout.\" Micheline Dutoit vit \u00e0 Gen\u00e8ve o\u00f9 elle exerce \u00e0 mi-temps le m\u00e9tier de biblioth\u00e9caire.\"","authors":["Micheline Dutoit"],"category_codes":["1000000","1090000"],"visuals":{"large":"https:\/\/images.epagine.fr\/684\/9782757001684_1_75.jpg","medium":"https:\/\/images.epagine.fr\/684\/9782757001684_1_m.jpg","thumbnail":"https:\/\/images.epagine.fr\/684\/9782757001684_1_v.jpg"},"orderable":true,"show_badge":true,"formatted_price":"12,00&nbsp;\u20ac","formatted_published_date":"10 d\u00e9cembre 2010","publisher_availability_label":"Sur commande","short_details":"Micheline Dutoit \u2014 Jacques Andre","translator":null,"weight":82,"page_count":60,"readership":null,"editor":"Jacques Andre","price":1200,"published_date":"2010-12-09T23:00:00.000000Z","support":"Grand format","publisher_availability":1,"stock":0,"editions":[],"url":"https:\/\/quaidesbrumes.com\/ouvrage\/9782757001684\/nuit-fracassee"},{"id":"9782368681527","title":"George Sand en vers et en couleurs, envers et contre tout","description":"Le Berry est terre de l\u00e9gendes, de sorcellerie  et de magie. Cela peut expliquer les pouvoirs de George Sand : elle a charm\u00e9, s\u00e9duit toutes celles et ceux qui l'ont c\u00f4toy\u00e9e. Elle est morte en 1876 et pourtant, son charme continue d'agir !\r\n\r\nMoi aussi, je suis \u00ab tomb\u00e9e dans ses filets \u00bb comme j'ai coutume de le dire. J'ai toujours admir\u00e9 la femme au point de vouloir \u00e9crire \u00e0 son propos. Mais quoi ? Tout a d\u00e9j\u00e0 \u00e9t\u00e9 \u00e9crit sur elle. C'est alors que j'ai eu l'id\u00e9e d'une biographie en po\u00e8mes. Il m'a sembl\u00e9 que la forme po\u00e9tique  pouvait apporter un regard neuf sur certains aspects de cette femme aux multiples facettes.\r\n\r\nJe vous laisse avec elle, mais je vous avertis : \u00ab M\u00e9fiez-vous ! Vous ne sortirez pas indemne de cette lecture. George Sand vous s\u00e9duira, vous aussi \u00bb. Bonne lecture !\r\n\r\nTh\u00e9r\u00e8se Ruffault-Jombart","authors":["Therese Ruffault-Jombart"],"category_codes":["1000000","1090000"],"visuals":{"large":"https:\/\/images.epagine.fr\/527\/9782368681527_1_75.jpg","medium":"https:\/\/images.epagine.fr\/527\/9782368681527_1_m.jpg","thumbnail":"https:\/\/images.epagine.fr\/527\/9782368681527_1_v.jpg"},"orderable":true,"show_badge":true,"formatted_price":"12,00&nbsp;\u20ac","formatted_published_date":"11 septembre 2013","publisher_availability_label":"Sur commande","short_details":"Therese Ruffault-Jombart \u2014 Stellamaris","translator":null,"weight":117,"page_count":81,"readership":null,"editor":"Stellamaris","price":1200,"published_date":"2013-09-10T22:00:00.000000Z","support":"Grand format","publisher_availability":1,"stock":0,"editions":[],"url":"https:\/\/quaidesbrumes.com\/ouvrage\/9782368681527\/george-sand-en-vers-et-en-couleurs-envers-et-contre-tout"},{"id":"9782903011758","title":"Sang restant","description":null,"authors":["Pierre Bady"],"category_codes":["1000000","1090000"],"visuals":{"large":"https:\/\/quaidesbrumes.com\/img\/book-placeholder.png","medium":"https:\/\/quaidesbrumes.com\/img\/book-placeholder.png","thumbnail":"https:\/\/quaidesbrumes.com\/img\/book-placeholder.png"},"orderable":true,"show_badge":true,"formatted_price":"16,00&nbsp;\u20ac","formatted_published_date":"14 d\u00e9cembre 2007","publisher_availability_label":"Sur commande","short_details":"Pierre Bady \u2014 Memoire Vivante","translator":null,"weight":150,"page_count":null,"readership":null,"editor":"Memoire Vivante","price":1600,"published_date":"2007-12-13T23:00:00.000000Z","support":"Grand format","publisher_availability":1,"stock":0,"editions":[],"url":"https:\/\/quaidesbrumes.com\/ouvrage\/9782903011758\/sang-restant"},{"id":"9782913040632","title":"Ficelle Tome 91 ; le nombre, le nom","description":null,"authors":["Claude Ber"],"category_codes":["1000000","1090000"],"visuals":{"large":"https:\/\/quaidesbrumes.com\/img\/book-placeholder.png","medium":"https:\/\/quaidesbrumes.com\/img\/book-placeholder.png","thumbnail":"https:\/\/quaidesbrumes.com\/img\/book-placeholder.png"},"orderable":true,"show_badge":true,"formatted_price":"7,00&nbsp;\u20ac","formatted_published_date":"1er juillet 2009","publisher_availability_label":"Sur commande","short_details":"Claude Ber \u2014 Atelier Vincent Rougier","translator":null,"weight":45,"page_count":null,"readership":null,"editor":"Atelier Vincent Rougier","price":700,"published_date":"2009-06-30T22:00:00.000000Z","support":"Grand format","publisher_availability":1,"stock":0,"editions":[],"url":"https:\/\/quaidesbrumes.com\/ouvrage\/9782913040632\/ficelle-tome-91-le-nombre-le-nom"},{"id":"9782916071305","title":"Je sais un artichaut encore plus beau qu'un porte-bouteille","description":null,"authors":["Ren\u00e9 Moreu"],"category_codes":["1000000","1090000"],"visuals":{"large":"https:\/\/quaidesbrumes.com\/img\/book-placeholder.png","medium":"https:\/\/quaidesbrumes.com\/img\/book-placeholder.png","thumbnail":"https:\/\/quaidesbrumes.com\/img\/book-placeholder.png"},"orderable":true,"show_badge":true,"formatted_price":"25,00&nbsp;\u20ac","formatted_published_date":"15 mars 2008","publisher_availability_label":"Sur commande","short_details":"Ren\u00e9 Moreu \u2014 Vanneaux","translator":null,"weight":379,"page_count":null,"readership":null,"editor":"Vanneaux","price":2500,"published_date":"2008-03-14T23:00:00.000000Z","support":"Grand format","publisher_availability":1,"stock":0,"editions":[],"url":"https:\/\/quaidesbrumes.com\/ouvrage\/9782916071305\/je-sais-un-artichaut-encore-plus-beau-quun-porte-bouteille"},{"id":"9782914839105","title":"La femme qui me parlait dans la bouche","description":null,"authors":["Fran\u00e7ois Martin"],"category_codes":["1000000","1090000"],"visuals":{"large":"https:\/\/quaidesbrumes.com\/img\/book-placeholder.png","medium":"https:\/\/quaidesbrumes.com\/img\/book-placeholder.png","thumbnail":"https:\/\/quaidesbrumes.com\/img\/book-placeholder.png"},"orderable":true,"show_badge":true,"formatted_price":"10,00&nbsp;\u20ac","formatted_published_date":"15 mars 2006","publisher_availability_label":"Sur commande","short_details":"Fran\u00e7ois Martin \u2014 Urdla","translator":null,"weight":75,"page_count":null,"readership":null,"editor":"Urdla","price":1000,"published_date":"2006-03-14T23:00:00.000000Z","support":"Grand format","publisher_availability":1,"stock":0,"editions":[],"url":"https:\/\/quaidesbrumes.com\/ouvrage\/9782914839105\/la-femme-qui-me-parlait-dans-la-bouche"},{"id":"9782749238425","title":"Hors-champs","description":"Cet ouvrage contemporain, \u00e0 travers un seul cr\u00e9ateur, plasticien et po\u00e8te, revient aux sources, graphiques, de l'\u00e9criture, o\u00f9 composition (rythme, valeurs, couleurs) et sens sont indissolublement m\u00eal\u00e9s et s'\u00e9quilibrent. Une calligraphie \"\u00e0 l'occidentale\", \u00e0 contempler, \u00e0 m\u00e9diter, \u00e0 r\u00eaver.\r\nPhilippe Judlin se partage entre Paris et Hy\u00e8res. Il expose en France et \u00e0 l'\u00e9tranger.\r\n\r\nMise en vente le 13 juin 2013 Philippe Judlin est un artiste peintre plasticien. Il vit et travaille \u00e0 Paris et \u00e0 Hy\u00e8res.\r\nConsultez la page d\u00e9di\u00e9e \u00e0 l'auteur sur le site de la collection P0&PSY en suivant ce lien.","authors":["Philippe Judlin"],"category_codes":["1000000","1090000"],"visuals":{"large":"https:\/\/images.epagine.fr\/425\/9782749238425_1_75.jpg","medium":"https:\/\/images.epagine.fr\/425\/9782749238425_1_m.jpg","thumbnail":"https:\/\/images.epagine.fr\/425\/9782749238425_1_v.jpg"},"orderable":true,"show_badge":true,"formatted_price":"15,00&nbsp;\u20ac","formatted_published_date":"13 juin 2013","publisher_availability_label":"Sur commande","short_details":"Philippe Judlin \u2014 Er\u00e8s","translator":null,"weight":84,"page_count":null,"readership":null,"editor":"Er\u00e8s","price":1500,"published_date":"2013-06-12T22:00:00.000000Z","support":"Grand format","publisher_availability":1,"stock":0,"editions":[],"url":"https:\/\/quaidesbrumes.com\/ouvrage\/9782749238425\/hors-champs"},{"id":"9782296074958","title":"Vers la phrase infinie","description":"\"QUE CHERCHES-TU \/ dans la po\u00e9sie ? \/ cherche ce qu'elle est pr\u00eate \/ \u00e0 te donner \/ la phrase infinie : \/ dans ses sillons \/aller vers l'exc\u00e8s \/ dire \/ sa limpidit\u00e9\". Po\u00e8me apr\u00e8s po\u00e8me, Carlos Henderson condense une exp\u00e9rience qu'il a choisi de d\u00e9penser discr\u00e8tement et comme sous la page, pour vous laisser \u00e0 la dynamique r\u00e9flexive de la lecture, l'\u00e9motion secr\u00e8te qui fonde la vivacit\u00e9 du po\u00e8me. Bernard No\u00ebl.","authors":["Carlos Henderson"],"category_codes":["1000000","1090000"],"visuals":{"large":"https:\/\/images.epagine.fr\/958\/9782296074958_1_75.jpg","medium":"https:\/\/images.epagine.fr\/958\/9782296074958_1_m.jpg","thumbnail":"https:\/\/images.epagine.fr\/958\/9782296074958_1_v.jpg"},"orderable":true,"show_badge":true,"formatted_price":"10,00&nbsp;\u20ac","formatted_published_date":"4 d\u00e9cembre 2008","publisher_availability_label":"Sur commande","short_details":"Carlos Henderson \u2014 \u00c9ditions L'Harmattan","translator":null,"weight":70,"page_count":56,"readership":null,"editor":"\u00c9ditions L'Harmattan","price":1000,"published_date":"2008-12-03T23:00:00.000000Z","support":"Grand format","publisher_availability":1,"stock":0,"editions":[],"url":"https:\/\/quaidesbrumes.com\/ouvrage\/9782296074958\/vers-la-phrase-infinie"},{"id":"9782296017801","title":"Bal en face ; po\u00e8mes de r\u00e9sistances","description":"\"R\u00e9sistances de celui qui a souffert mais aussi porosit\u00e9 de l'instant qui emp\u00eache d'aller vers ce chemin o\u00f9 se tiennent c\u00f4te \u00e0 c\u00f4te la r\u00e9ponse et sa cl\u00e9. Instant bombard\u00e9 sur le r\u00eave et l'espoir ou dilat\u00e9 sur une m\u00e9prise engluant la parole, la brisant \u00e0 la cheville d'une information inodore qui nivelle le sacr\u00e9, le met en \u00e9tiquettes, le livre \u00e0 la saign\u00e9e des \u00e9gorgeurs de lumi\u00e8re. (...) la po\u00e9sie, ici, est le sablier de notre m\u00e9moire d\u00e9faillante.\"","authors":["Soisik Libert"],"category_codes":["1000000","1090000"],"visuals":{"large":"https:\/\/images.epagine.fr\/801\/9782296017801_1_75.jpg","medium":"https:\/\/images.epagine.fr\/801\/9782296017801_1_m.jpg","thumbnail":"https:\/\/images.epagine.fr\/801\/9782296017801_1_v.jpg"},"orderable":true,"show_badge":true,"formatted_price":"12,00&nbsp;\u20ac","formatted_published_date":"2 janvier 2007","publisher_availability_label":"Sur commande","short_details":"Soisik Libert \u2014 \u00c9ditions L'Harmattan","translator":null,"weight":144,"page_count":98,"readership":null,"editor":"\u00c9ditions L'Harmattan","price":1200,"published_date":"2007-01-01T23:00:00.000000Z","support":"Grand format","publisher_availability":1,"stock":0,"editions":[],"url":"https:\/\/quaidesbrumes.com\/ouvrage\/9782296017801\/bal-en-face-poemes-de-resistances"},{"id":"9782296075009","title":"Le chant de l'aube","description":"Dans le prolongement des Equatoriales, l'autour nous livre ici, la vision chaotique et tourment\u00e9e d'une terre devenue, tout \u00e0 coup, \"un univers myst\u00e9rieux v\u00eatu de foudres et de tonnerres\/l'air de rien\", un monde \"soudain vide de signification\". C'est un lyrisme exacerb\u00e9 par un onirisme exigeant, la perte des espaces d\u00e9sormais d\u00e9figur\u00e9s, par les modalit\u00e9s apocalyptiques de l'insaisissable, et qui parlent maintenant un langage de folie, de chaos, de vide et de deuil.","authors":["Bellarmin Moutsinga"],"category_codes":["1000000","1090000"],"visuals":{"large":"https:\/\/images.epagine.fr\/009\/9782296075009_1_75.jpg","medium":"https:\/\/images.epagine.fr\/009\/9782296075009_1_m.jpg","thumbnail":"https:\/\/images.epagine.fr\/009\/9782296075009_1_v.jpg"},"orderable":true,"show_badge":true,"formatted_price":"16,50&nbsp;\u20ac","formatted_published_date":"9 d\u00e9cembre 2008","publisher_availability_label":"Sur commande","short_details":"Bellarmin Moutsinga \u2014 \u00c9ditions L'Harmattan","translator":null,"weight":225,"page_count":166,"readership":null,"editor":"\u00c9ditions L'Harmattan","price":1650,"published_date":"2008-12-08T23:00:00.000000Z","support":"Grand format","publisher_availability":1,"stock":0,"editions":[],"url":"https:\/\/quaidesbrumes.com\/ouvrage\/9782296075009\/le-chant-de-laube"},{"id":"9782914577229","title":"La lumiere effondree","description":"Avec ce recueil de trois textes qui font r\u00e9f\u00e9rence \u00e0 30 ans de voyages et d'\u00e9criture, l'auteur referme une sorte de boucle, comme si sa vie, dit-il, pouvait s'arr\u00eater l\u00e0, sa vie d'\u00e9criture. Lettre \u00e0 Marine \u00e9voque plusieurs voyages en Alg\u00e9rie. Le bruit des jours, tout ce que les enfants lui ont offert dans la ville. Un seul visage sur la terre,  une sorte de lumi\u00e8re qui lui a \u00e9t\u00e9 donn\u00e9e et enlev\u00e9e (r\u00e9f\u00e9rence \u00e0 un voyage en pays dogon).","authors":["Jo\u00ebl Vernet"],"category_codes":["1000000","1090000"],"visuals":{"large":"https:\/\/images.epagine.fr\/229\/9782914577229_1_75.jpg","medium":"https:\/\/images.epagine.fr\/229\/9782914577229_1_m.jpg","thumbnail":"https:\/\/images.epagine.fr\/229\/9782914577229_1_v.jpg"},"orderable":true,"show_badge":true,"formatted_price":"13,20&nbsp;\u20ac","formatted_published_date":"27 octobre 2004","publisher_availability_label":"Sur commande","short_details":"Jo\u00ebl Vernet \u2014 LETTRES VIVES","translator":null,"weight":109,"page_count":90,"readership":null,"editor":"LETTRES VIVES","price":1320,"published_date":"2004-10-26T22:00:00.000000Z","support":"Grand format","publisher_availability":1,"stock":0,"editions":[],"url":"https:\/\/quaidesbrumes.com\/ouvrage\/9782914577229\/la-lumiere-effondree"},{"id":"9782750017118","title":"Farandole de mots enchanteurs","description":"Christian Pluchon habite en Gironde. Il se passionne, outre l'\u00e9criture, aussi pour la peinture \u00e0 l'huile et compose \u00e9galement des chansons sans pr\u00e9tention aucune. Il vit simplement mais aime les bonnes choses, c'est un \u00e9picurien philosophe. Il signe ici son second livre, un recueil de po\u00e8mes enchanteurs.","authors":["Christian Pluchon"],"category_codes":["1000000","1090000","1090600"],"visuals":{"large":"https:\/\/images.epagine.fr\/118\/9782750017118_1_75.jpg","medium":"https:\/\/images.epagine.fr\/118\/9782750017118_1_m.jpg","thumbnail":"https:\/\/images.epagine.fr\/118\/9782750017118_1_v.jpg"},"orderable":true,"show_badge":true,"formatted_price":"15,00&nbsp;\u20ac","formatted_published_date":"1er octobre 2022","publisher_availability_label":"Sur commande","short_details":"Christian Pluchon \u2014 La Bruyere","translator":null,"weight":134,"page_count":104,"readership":null,"editor":"La Bruyere","price":1500,"published_date":"2022-09-30T22:00:00.000000Z","support":"Grand format","publisher_availability":1,"stock":0,"editions":[],"url":"https:\/\/quaidesbrumes.com\/ouvrage\/9782750017118\/farandole-de-mots-enchanteurs"},{"id":"9782414806171","title":"Po\u00e9sie introspective : \u00catre, Temps et Nature","description":"Ce recueil de po\u00e9sie en style libre cherche \u00e0 explorer l'itin\u00e9raire d'une introspection existentielle, voire m\u00eame existentialiste, laquelle est op\u00e9r\u00e9e par sa participation d'une projection int\u00e9grant les param\u00e8tres ontologiques, temporels et naturels du devenir. En fait, il s'agit de s'\u00e9tudier dans cet engagement \u00e0 soi-m\u00eame, et dans cette affirmation de soi-m\u00eame, lesquels se d\u00e9veloppent et se r\u00e9alisent \u00e2 partir d'une int\u00e9gration et d'une explicitation du paradigme \u00ab soi \u00bb, lequel est tant intuitionn\u00e9 qu'\u00e9prouv\u00e9 et assum\u00e9 - v\u00e9cu, ressenti et accept\u00e9 -, pour enfin \u00eatre confirm\u00e9. Il s'agit ainsi d'un \u00ab \u00eatre \u00bb s'\u00e9prouvant dans l'advenir de \u00ab r\u00e9els \u00bb qui peuvent consister en des \u00e9tats d'\u00eatre, en des temps, en des lieux, ainsi qu'en, \u00e0 travers, et au-del\u00e0, de divers types de \u00ab pr\u00e9sences \u00bb (\u00e9tants, r\u00e9alit\u00e9s ou contextes naturels ou historiques, autres...).\r","authors":["David Bergeron"],"category_codes":["1000000","1090000"],"visuals":{"large":"https:\/\/images.epagine.fr\/171\/9782414806171_1_75.jpg","medium":"https:\/\/images.epagine.fr\/171\/9782414806171_1_m.jpg","thumbnail":"https:\/\/images.epagine.fr\/171\/9782414806171_1_v.jpg"},"orderable":true,"show_badge":true,"formatted_price":"12,50&nbsp;\u20ac","formatted_published_date":"3 septembre 2025","publisher_availability_label":"Sur commande","short_details":"David Bergeron \u2014 Edilivre","translator":null,"weight":161,"page_count":124,"readership":null,"editor":"Edilivre","price":1250,"published_date":"2025-09-02T22:00:00.000000Z","support":"Grand format","publisher_availability":1,"stock":0,"editions":[],"url":"https:\/\/quaidesbrumes.com\/ouvrage\/9782414806171\/poesie-introspective-etre-temps-et-nature"},{"id":"9782312028538","title":"[petites] sensations de vie","description":"[Petites] SENSATIONS DE VIE d'Anne-Claude Aubry est une \u00ab sorte \u00bb de recueil de courtes histoires \u00e0 titre autobiographique, abordant le th\u00e8me principal du relationnel, de l'\u00e9change au quotidien. Sur une p\u00e9riode d'environ dix ans (juste apr\u00e8s l'adolescence) l'auteur a voulu d\u00e9crire des instants v\u00e9cus. Sa \u00ab po\u00e9sie \u00bb pourrait repr\u00e9senter des images d\u00e9taill\u00e9es, comme pour garder le souvenir quasi-visuel d'une photographie de ses moments de vie, y \u00e9voquer l'ambiance ressentie. Ses \u00e9motions sont alors couch\u00e9es sur le papier, pour les lib\u00e9rer, elles sont ainsi retranscrites avec simplicit\u00e9 et justesse. L'auteur aborde le th\u00e8me r\u00e9current de la reconnaissance si ch\u00e8re \u00e0 chacun, tout comme le respect, l'amiti\u00e9, la tristesse, le mal-\u00eatre, l'injustice, mais aussi le bonheur des multiples petits plaisirs de la vie. La maladie et la souffrance physique ne tiennent qu'une infime place dans ce premier livre malgr\u00e9 un lourd v\u00e9cu m\u00e9dical. En effet, de ce pass\u00e9 d\u00e9licat elle a tent\u00e9 de d\u00e9gager (autant que possible) une \u00e9nergie positive et cr\u00e9ative. Ses voyages ont compl\u00e9t\u00e9 son \u00e9veil en suscitant chez elle des envies d'espace, de libert\u00e9 et de d\u00e9couverte du monde. Toutes les portes lui sont alors ouvertes...","authors":["Anne-claude Aubry"],"category_codes":["1000000","1090000"],"visuals":{"large":"https:\/\/images.epagine.fr\/538\/9782312028538_1_75.jpg","medium":"https:\/\/images.epagine.fr\/538\/9782312028538_1_m.jpg","thumbnail":"https:\/\/images.epagine.fr\/538\/9782312028538_1_v.jpg"},"orderable":true,"show_badge":true,"formatted_price":"12,00&nbsp;\u20ac","formatted_published_date":"18 novembre 2014","publisher_availability_label":"Sur commande","short_details":"Anne-claude Aubry \u2014 Editions du Net","translator":null,"weight":149,"page_count":138,"readership":null,"editor":"Editions du Net","price":1200,"published_date":"2014-11-17T23:00:00.000000Z","support":"Grand format","publisher_availability":1,"stock":0,"editions":[],"url":"https:\/\/quaidesbrumes.com\/ouvrage\/9782312028538\/petites-sensations-de-vie"},{"id":"9782952154437","title":"Obstinement l'enfance","description":"Couvrez-moi du manteau des mots avant que mon corps se creuse des caresses d\u00e9funtes Gardez-moi du froid de l'enfance d\u00e9sert\u00e9e des voix sans \u00e9chos Je cherche le berceau des bras o\u00f9 s'expliquait le monde","authors":["Dani\u00e8le Corre"],"category_codes":["1000000","1090000"],"visuals":{"large":"https:\/\/images.epagine.fr\/437\/9782952154437_1_75.jpg","medium":"https:\/\/images.epagine.fr\/437\/9782952154437_1_m.jpg","thumbnail":"https:\/\/images.epagine.fr\/437\/9782952154437_1_v.jpg"},"orderable":true,"show_badge":true,"formatted_price":"14,00&nbsp;\u20ac","formatted_published_date":"15 f\u00e9vrier 2005","publisher_availability_label":"Sur commande","short_details":"Dani\u00e8le Corre \u2014 Aspect","translator":null,"weight":206,"page_count":null,"readership":null,"editor":"Aspect","price":1400,"published_date":"2005-02-14T23:00:00.000000Z","support":"Grand format","publisher_availability":1,"stock":0,"editions":[],"url":"https:\/\/quaidesbrumes.com\/ouvrage\/9782952154437\/obstinement-lenfance"},{"id":"9782952154420","title":"Les songes impatients","description":"Po\u00e8te de l'unit\u00e9, Tahar Bekri qu\u00eate dans l'\u00e9l\u00e9mentaire les germes d'une fusion qui se d\u00e9robe mais que son chant compose et recompose avec l'infinie patience des \u00e9lus qu'embrasent leurs songes impatients.\r\nTahar Bekri est le tenant d'une dialectique qui fait \u00e9merger la sacralit\u00e9 du monde. Ses rythmes, lancinants et volontiers r\u00e9p\u00e9titifs, \u00e9pousent le mouvement de la mer qui bat les flancs de l'Afrique bien aim\u00e9e, de Saint-Louis du S\u00e9n\u00e9gal aux c\u00f4tes de l'Am\u00e9rique o\u00f9 le po\u00e8te universel d\u00e9fie les gratte-ciel en se souvenant de sa d\u00e9tresse enfantine dans les palmeraies qui bordaient les ports et conviaient \u00e0 l'\u00e9ternel d\u00e9part.","authors":["Tahar Bekri"],"category_codes":["1000000","1090000"],"visuals":{"large":"https:\/\/images.epagine.fr\/420\/9782952154420_1_75.jpg","medium":"https:\/\/images.epagine.fr\/420\/9782952154420_1_m.jpg","thumbnail":"https:\/\/images.epagine.fr\/420\/9782952154420_1_v.jpg"},"orderable":true,"show_badge":true,"formatted_price":"13,50&nbsp;\u20ac","formatted_published_date":"15 septembre 2004","publisher_availability_label":"Sur commande","short_details":"Tahar Bekri \u2014 Aspect","translator":null,"weight":142,"page_count":null,"readership":null,"editor":"Aspect","price":1350,"published_date":"2004-09-14T22:00:00.000000Z","support":"Grand format","publisher_availability":1,"stock":0,"editions":[],"url":"https:\/\/quaidesbrumes.com\/ouvrage\/9782952154420\/les-songes-impatients"},{"id":"9782952154413","title":"Les dieux manquent de tout","description":"Un vent chaud attise le d\u00e9sir, les mirages sont partout, elle penche le cou pour boire, pareille \u00e0 la pleine lune, dans les cernes marins.\r\nComme le vent sur la montagne, la gazelle use le troupeau, elle ne cesse pas de passer en lui. Ce livre accompagne un cheminement et une tension, du troupeau humain qui pi\u00e9tine dans l'obsession de sa propre violence, au plaisir d'exister et de lire les signes lumineux de la gazelle ou de la rose dans la nature.","authors":["Annie Salager"],"category_codes":["1000000","1090000"],"visuals":{"large":"https:\/\/images.epagine.fr\/413\/9782952154413_1_75.jpg","medium":"https:\/\/images.epagine.fr\/413\/9782952154413_1_m.jpg","thumbnail":"https:\/\/images.epagine.fr\/413\/9782952154413_1_v.jpg"},"orderable":true,"show_badge":true,"formatted_price":"13,50&nbsp;\u20ac","formatted_published_date":"15 juin 2004","publisher_availability_label":"Sur commande","short_details":"Annie Salager \u2014 Aspect","translator":null,"weight":158,"page_count":null,"readership":null,"editor":"Aspect","price":1350,"published_date":"2004-06-14T22:00:00.000000Z","support":"Grand format","publisher_availability":1,"stock":0,"editions":[],"url":"https:\/\/quaidesbrumes.com\/ouvrage\/9782952154413\/les-dieux-manquent-de-tout"},{"id":"9782810603022","title":"Les ber\u00e7euses du diable ; po\u00e8mes 1993-2004","description":"Recueil de po\u00e8mes de jeunesse qui transporte le lecteur dans un monde n\u00e9buleux, flou ;  m\u00eal\u00e9e hurlante de sentiments contradictoires.\r\nPassions, attirance morbide, r\u00eaveries dont l'\u00e9cho mart\u00e8le l'esprit et sonne comme un hymne \u00e0 l'amiti\u00e9, et \u00e0 l'amour.","authors":["Saranyoo Sae-kor"],"category_codes":["1000000","1090000"],"visuals":{"large":"https:\/\/images.epagine.fr\/022\/9782810603022_1_75.jpg","medium":"https:\/\/images.epagine.fr\/022\/9782810603022_1_m.jpg","thumbnail":"https:\/\/images.epagine.fr\/022\/9782810603022_1_v.jpg"},"orderable":true,"show_badge":true,"formatted_price":"5,00&nbsp;\u20ac","formatted_published_date":"21 avril 2009","publisher_availability_label":"Sur commande","short_details":"Saranyoo Sae-kor \u2014 Books on Demand","translator":null,"weight":70,"page_count":56,"readership":null,"editor":"Books on Demand","price":500,"published_date":"2009-04-20T22:00:00.000000Z","support":"Grand format","publisher_availability":1,"stock":0,"editions":[],"url":"https:\/\/quaidesbrumes.com\/ouvrage\/9782810603022\/les-berceuses-du-diable-poemes-1993-2004"},{"id":"9782952154444","title":"Boucan de mots libres","description":"Les arbres n'auront pas froid ce soir ton amour est en route il va depuis la source de la voie lact\u00e9e jusqu'aux confins secrets des fonds marins il va sur un sourire de fleurs endormi dans son r\u00eave d'oiseau-mouche il va sur un nuage aux joues gonfl\u00e9es de chansons d'archanges il \u00e9pouse l'\u00e9nergie bondissante des mornes avant de se blottir dans les frais de mon aube les arbres n'auront pas froid ce soir notre amour est en route.","authors":["Ernest P\u00e9pin"],"category_codes":["1000000","1090000"],"visuals":{"large":"https:\/\/images.epagine.fr\/444\/9782952154444_1_75.jpg","medium":"https:\/\/images.epagine.fr\/444\/9782952154444_1_m.jpg","thumbnail":"https:\/\/images.epagine.fr\/444\/9782952154444_1_v.jpg"},"orderable":true,"show_badge":true,"formatted_price":"13,50&nbsp;\u20ac","formatted_published_date":"15 juin 2005","publisher_availability_label":"Sur commande","short_details":"Ernest P\u00e9pin \u2014 Aspect","translator":null,"weight":168,"page_count":null,"readership":null,"editor":"Aspect","price":1350,"published_date":"2005-06-14T22:00:00.000000Z","support":"Grand format","publisher_availability":1,"stock":0,"editions":[],"url":"https:\/\/quaidesbrumes.com\/ouvrage\/9782952154444\/boucan-de-mots-libres"},{"id":"9782912294029","title":"Comme existe","description":null,"authors":["Robert Guillain"],"category_codes":["1000000","1090000"],"visuals":{"large":"https:\/\/quaidesbrumes.com\/img\/book-placeholder.png","medium":"https:\/\/quaidesbrumes.com\/img\/book-placeholder.png","thumbnail":"https:\/\/quaidesbrumes.com\/img\/book-placeholder.png"},"orderable":true,"show_badge":true,"formatted_price":"10,67&nbsp;\u20ac","formatted_published_date":"8 mars 2003","publisher_availability_label":"Sur commande","short_details":"Robert Guillain \u2014 Ecrits Des Forges","translator":null,"weight":0,"page_count":null,"readership":null,"editor":"Ecrits Des Forges","price":1067,"published_date":"2003-03-07T23:00:00.000000Z","support":"Grand format","publisher_availability":1,"stock":0,"editions":[],"url":"https:\/\/quaidesbrumes.com\/ouvrage\/9782912294029\/comme-existe"},{"id":"9782912294043","title":"Un seul jour sans rimbaud","description":null,"authors":["Robert Guillain"],"category_codes":["1000000","1090000"],"visuals":{"large":"https:\/\/quaidesbrumes.com\/img\/book-placeholder.png","medium":"https:\/\/quaidesbrumes.com\/img\/book-placeholder.png","thumbnail":"https:\/\/quaidesbrumes.com\/img\/book-placeholder.png"},"orderable":true,"show_badge":true,"formatted_price":"10,67&nbsp;\u20ac","formatted_published_date":"8 mars 2003","publisher_availability_label":"Sur commande","short_details":"Robert Guillain \u2014 Paris Province Publications","translator":null,"weight":0,"page_count":null,"readership":null,"editor":"Paris Province Publications","price":1067,"published_date":"2003-03-07T23:00:00.000000Z","support":"Grand format","publisher_availability":1,"stock":0,"editions":[],"url":"https:\/\/quaidesbrumes.com\/ouvrage\/9782912294043\/un-seul-jour-sans-rimbaud"},{"id":"9782917081051","title":"Comme si jamais personne","description":"N\u00e9e \u00e0 Villeneuve-sur-Yonne, Dani\u00e8le Corre-Blanchet a pass\u00e9 une partie de son enfance en Lorraine, \u00e0 Pont-Saint-Vincent.\r\nApr\u00e8s des \u00e9tudes de Lettres, elle s'installe dans la r\u00e9gion parisienne o\u00f9 elle enseigne dans un coll\u00e8ge. Elle y cr\u00e9e, pour initier ses \u00e9l\u00e8ves \u00e0 la po\u00e9sie contemporaine, un club de Po\u00e9sie-Jeunesse, exp\u00e9rience qu'elle transmet au cours de nombreux ateliers d'\u00e9criture po\u00e9tique en r\u00e9gions. Elle a publi\u00e9 plusieurs recueils pour lesquels elle a re\u00e7u des prix nombreux : L'arbre de m\u00e9moire (La Bartavelle, 1999, Prix Jean Follain), De clairi\u00e8re en clairi\u00e8re (Po\u00e9sie sur Seine, Grand prix de l'Edition 2002), D'un pays sous l'\u00e9corce (Cahiers de po\u00e9sie verte, Prix Troubadours 2004), et Voix venues de la Terre (Editions Jacques Br\u00e9mond, 2005, Prix de Po\u00e9sie des Jardins de Talcy), Enigme du sol et du corps (Aspect, 2006, Prix Max Jacob 2007).\r\nDe sa collaboration avec Sarah Wiame (Editions C\u00e9ph\u00e9ides), sont n\u00e9s plusieurs livres d'artiste : De terre et d'eau (2001), Eclats (2002), S\u00e9diments (2002), Rives (2003) Bretagne (2003), Les Chants querelleurs (Prix Ali\u00e9nor 2004) et Petit \u00e9clat de mot (2005).","authors":["Dani\u00e8le Corre"],"category_codes":["1000000","1090000"],"visuals":{"large":"https:\/\/images.epagine.fr\/051\/9782917081051_1_75.jpg","medium":"https:\/\/images.epagine.fr\/051\/9782917081051_1_m.jpg","thumbnail":"https:\/\/images.epagine.fr\/051\/9782917081051_1_v.jpg"},"orderable":true,"show_badge":true,"formatted_price":"14,00&nbsp;\u20ac","formatted_published_date":"15 septembre 2008","publisher_availability_label":"Sur commande","short_details":"Dani\u00e8le Corre \u2014 Aspect","translator":null,"weight":210,"page_count":null,"readership":null,"editor":"Aspect","price":1400,"published_date":"2008-09-14T22:00:00.000000Z","support":"Grand format","publisher_availability":1,"stock":0,"editions":[],"url":"https:\/\/quaidesbrumes.com\/ouvrage\/9782917081051\/comme-si-jamais-personne"}]}