{"data":[{"id":"9782358740081","title":"Passe et demeure","description":null,"authors":["Barbara Le moene"],"category_codes":["1000000","1090000"],"visuals":{"large":"https:\/\/quaidesbrumes.com\/img\/book-placeholder.png","medium":"https:\/\/quaidesbrumes.com\/img\/book-placeholder.png","thumbnail":"https:\/\/quaidesbrumes.com\/img\/book-placeholder.png"},"orderable":true,"show_badge":true,"formatted_price":"11,00&nbsp;\u20ac","formatted_published_date":"31 mars 2009","publisher_availability_label":"Sur commande","short_details":"Barbara Le moene \u2014 Manoirante","translator":null,"weight":77,"page_count":null,"readership":null,"editor":"Manoirante","price":1100,"published_date":"2009-03-30T22:00:00.000000Z","support":"Grand format","publisher_availability":1,"stock":0,"editions":[],"url":"https:\/\/quaidesbrumes.com\/ouvrage\/9782358740081\/passe-et-demeure"},{"id":"9782916735467","title":"La boussole sans aiguille","description":"Cet ouvrage r\u00e9v\u00e8le une situation encombrante que l'auteur vit quotidiennement. Un constat g\u00e9n\u00e9ral d'une \u00e2me perdue au sein d'un oc\u00e9an, emport\u00e9e par des vagues de haines et pourchass\u00e9e par des \u00e9go\u00efstes requins. Ce recueil de po\u00e8mes croise entre autres la m\u00e9ditation, l'angoisse, les passions et l'amour. Mariant hommage et affliction, Kokomoina Bacar sait scruter l'\u00e2me humaine pour en d\u00e9gager la vraie nature.","authors":["Tabibou Kokomoina Bacar"],"category_codes":["1000000","1090000"],"visuals":{"large":"https:\/\/images.epagine.fr\/467\/9782916735467_1_75.jpg","medium":"https:\/\/images.epagine.fr\/467\/9782916735467_1_m.jpg","thumbnail":"https:\/\/images.epagine.fr\/467\/9782916735467_1_v.jpg"},"orderable":true,"show_badge":true,"formatted_price":"10,00&nbsp;\u20ac","formatted_published_date":"3 d\u00e9cembre 2009","publisher_availability_label":"Sur commande","short_details":"Tabibou Kokomoina Bacar \u2014 Books on Demand","translator":null,"weight":270,"page_count":60,"readership":null,"editor":"Books on Demand","price":1000,"published_date":"2009-12-02T23:00:00.000000Z","support":"Grand format","publisher_availability":1,"stock":0,"editions":[],"url":"https:\/\/quaidesbrumes.com\/ouvrage\/9782916735467\/la-boussole-sans-aiguille"},{"id":"9782355970061","title":"Sharawadji ; manuel du jardinier platonique","description":"Jardini\u00e8re amoureuse, la narratrice s\u00e8me les allusions coquines.\r\nLe jardinier platonique go\u00fbte le charme de la joute, avant de c\u00e9der \u00e0 la tentation et de croquer la pomme, pomme, pomme, pomme - pomme d'api, pomme carmagnole, pomme reinette... Bient\u00f4t, pourtant, les noms de fleurs virent aux insultes, car \"il ne suffit pas de faire pousser des lis g\u00e9ants de l'Himalaya pour croire qu'on est sur le toit du monde ou des pavots de Californie pour arriver \u00e0 la gare de Sacramento\".\r\nDans cette histoire d'amour cultiv\u00e9e \u00e0 la mani\u00e8re d'un jardin, Pascale Petit (\"Salto solo \", L'Inventaire, 2001) multiplie circonvolutions et circonlocutions, \u00e9garant le lecteur dans un labyrinthe de mots. Son \u00e9criture ludique, toute en ruptures, dessine une jardini\u00e8re touchante, tour \u00e0 tour badine, conqu\u00e9rante et m\u00e9lancolique, aux prises avec un jardinier aussi charmant qu'insaisissable... Anne Coldefy-Faucard.","authors":["Pascale Petit"],"category_codes":["1000000","1090000"],"visuals":{"large":"https:\/\/images.epagine.fr\/061\/9782355970061_1_75.jpg","medium":"https:\/\/images.epagine.fr\/061\/9782355970061_1_m.jpg","thumbnail":"https:\/\/images.epagine.fr\/061\/9782355970061_1_v.jpg"},"orderable":true,"show_badge":true,"formatted_price":"17,30&nbsp;\u20ac","formatted_published_date":"19 juin 2010","publisher_availability_label":"Sur commande","short_details":"Pascale Petit \u2014 L'INVENTAIRE","translator":null,"weight":156,"page_count":130,"readership":null,"editor":"L'INVENTAIRE","price":1730,"published_date":"2010-06-18T22:00:00.000000Z","support":"Grand format","publisher_availability":1,"stock":0,"editions":[],"url":"https:\/\/quaidesbrumes.com\/ouvrage\/9782355970061\/sharawadji-manuel-du-jardinier-platonique"},{"id":"9782916071244","title":"Serge wellens presence de la poesie","description":null,"authors":["Huglo Francois"],"category_codes":["1000000","1090000"],"visuals":{"large":"https:\/\/quaidesbrumes.com\/img\/book-placeholder.png","medium":"https:\/\/quaidesbrumes.com\/img\/book-placeholder.png","thumbnail":"https:\/\/quaidesbrumes.com\/img\/book-placeholder.png"},"orderable":true,"show_badge":true,"formatted_price":"15,00&nbsp;\u20ac","formatted_published_date":"15 mars 2008","publisher_availability_label":"Sur commande","short_details":"Huglo Francois \u2014 Vanneaux","translator":null,"weight":145,"page_count":null,"readership":null,"editor":"Vanneaux","price":1500,"published_date":"2008-03-14T23:00:00.000000Z","support":"Grand format","publisher_availability":1,"stock":0,"editions":[],"url":"https:\/\/quaidesbrumes.com\/ouvrage\/9782916071244\/serge-wellens-presence-de-la-poesie"},{"id":"9782916071282","title":"Fulgurante resine","description":null,"authors":["Claude Albar\u00e8de"],"category_codes":["1000000","1090000"],"visuals":{"large":"https:\/\/quaidesbrumes.com\/img\/book-placeholder.png","medium":"https:\/\/quaidesbrumes.com\/img\/book-placeholder.png","thumbnail":"https:\/\/quaidesbrumes.com\/img\/book-placeholder.png"},"orderable":true,"show_badge":true,"formatted_price":"10,00&nbsp;\u20ac","formatted_published_date":"15 mars 2008","publisher_availability_label":"Sur commande","short_details":"Claude Albar\u00e8de \u2014 Vanneaux","translator":null,"weight":80,"page_count":null,"readership":null,"editor":"Vanneaux","price":1000,"published_date":"2008-03-14T23:00:00.000000Z","support":"Grand format","publisher_availability":1,"stock":0,"editions":[],"url":"https:\/\/quaidesbrumes.com\/ouvrage\/9782916071282\/fulgurante-resine"},{"id":"9782312019635","title":"Marvailh","description":"Ce recueil, il fallait que je l'\u00e9crive... \u00e9vidence conjoncturelle de la vie. Il fallait que je traduise en ligne des sentiments, des impressions, des souvenirs, des fictions avec pour seul sentiment commun... l'amour.","authors":["Yvan Garrec"],"category_codes":["1000000","1090000"],"visuals":{"large":"https:\/\/images.epagine.fr\/635\/9782312019635_1_75.jpg","medium":"https:\/\/images.epagine.fr\/635\/9782312019635_1_m.jpg","thumbnail":"https:\/\/images.epagine.fr\/635\/9782312019635_1_v.jpg"},"orderable":true,"show_badge":true,"formatted_price":"12,00&nbsp;\u20ac","formatted_published_date":"6 janvier 2014","publisher_availability_label":"Sur commande","short_details":"Yvan Garrec \u2014 Editions du Net","translator":null,"weight":64,"page_count":60,"readership":null,"editor":"Editions du Net","price":1200,"published_date":"2014-01-05T23:00:00.000000Z","support":"Grand format","publisher_availability":1,"stock":0,"editions":[],"url":"https:\/\/quaidesbrumes.com\/ouvrage\/9782312019635\/marvailh"},{"id":"9782296124813","title":"La demeure du peuplier  ; po\u00e8mes","description":"Nature de tous les temps, de tous les \u00e2ges, La demeure du peuplier nous invite \u00e0 un voyage insolite, surprenant, p\u00e9n\u00e9trant. Art primordial, la po\u00e9sie est une qu\u00eate permanente qui rend sensible l'invisible et accessible l'impossible. Pour cela, l'auteur nous entra\u00eene vers l'amour en explorant l'alliance myst\u00e9rieuse du langage, de la Femme, de l'Homme et de la Nature. Ami \u00e9coutez !","authors":["Brigitte Broc"],"category_codes":["1000000","1090000"],"visuals":{"large":"https:\/\/images.epagine.fr\/813\/9782296124813_1_75.jpg","medium":"https:\/\/images.epagine.fr\/813\/9782296124813_1_m.jpg","thumbnail":"https:\/\/images.epagine.fr\/813\/9782296124813_1_v.jpg"},"orderable":true,"show_badge":true,"formatted_price":"11,00&nbsp;\u20ac","formatted_published_date":"3 juin 2010","publisher_availability_label":"Sur commande","short_details":"Brigitte Broc \u2014 \u00c9ditions L'Harmattan","translator":null,"weight":84,"page_count":60,"readership":null,"editor":"\u00c9ditions L'Harmattan","price":1100,"published_date":"2010-06-02T22:00:00.000000Z","support":"Grand format","publisher_availability":1,"stock":0,"editions":[],"url":"https:\/\/quaidesbrumes.com\/ouvrage\/9782296124813\/la-demeure-du-peuplier-poemes"},{"id":"9782911427114","title":"L'incorporelle","description":null,"authors":["Dimitris Papaditsas","Michel Volkovitch"],"category_codes":["1000000","1090000"],"visuals":{"large":"https:\/\/images.epagine.fr\/114\/9782911427114_1_75.jpg","medium":"https:\/\/images.epagine.fr\/114\/9782911427114_1_m.jpg","thumbnail":"https:\/\/images.epagine.fr\/114\/9782911427114_1_v.jpg"},"orderable":true,"show_badge":true,"formatted_price":"11,00&nbsp;\u20ac","formatted_published_date":"15 f\u00e9vrier 1998","publisher_availability_label":"Sur commande","short_details":"Dimitris Papaditsas, Michel Volkovitch \u2014 Desmos","translator":"MICHEL VOLKOVITCH","weight":120,"page_count":null,"readership":null,"editor":"Desmos","price":1100,"published_date":"1998-02-14T23:00:00.000000Z","support":"Grand format","publisher_availability":1,"stock":0,"editions":[],"url":"https:\/\/quaidesbrumes.com\/ouvrage\/9782911427114\/lincorporelle"},{"id":"9782878673814","title":"Quand je serai grand !","description":null,"authors":["Daniel Schall"],"category_codes":["1000000","1090000"],"visuals":{"large":"https:\/\/quaidesbrumes.com\/img\/book-placeholder.png","medium":"https:\/\/quaidesbrumes.com\/img\/book-placeholder.png","thumbnail":"https:\/\/quaidesbrumes.com\/img\/book-placeholder.png"},"orderable":true,"show_badge":true,"formatted_price":"13,00&nbsp;\u20ac","formatted_published_date":"10 juin 2002","publisher_availability_label":"Sur commande","short_details":"Daniel Schall \u2014 Presses Du Midi","translator":null,"weight":152,"page_count":null,"readership":null,"editor":"Presses Du Midi","price":1300,"published_date":"2002-06-09T22:00:00.000000Z","support":"Grand format","publisher_availability":1,"stock":0,"editions":[],"url":"https:\/\/quaidesbrumes.com\/ouvrage\/9782878673814\/quand-je-serai-grand"},{"id":"9782878677676","title":"Proferations cyniques","description":null,"authors":["Annaba"],"category_codes":["1000000","1090000"],"visuals":{"large":"https:\/\/quaidesbrumes.com\/img\/book-placeholder.png","medium":"https:\/\/quaidesbrumes.com\/img\/book-placeholder.png","thumbnail":"https:\/\/quaidesbrumes.com\/img\/book-placeholder.png"},"orderable":true,"show_badge":true,"formatted_price":"10,00&nbsp;\u20ac","formatted_published_date":"20 novembre 2006","publisher_availability_label":"Sur commande","short_details":"Annaba \u2014 Presses Du Midi","translator":null,"weight":110,"page_count":null,"readership":null,"editor":"Presses Du Midi","price":1000,"published_date":"2006-11-19T23:00:00.000000Z","support":"Grand format","publisher_availability":1,"stock":0,"editions":[],"url":"https:\/\/quaidesbrumes.com\/ouvrage\/9782878677676\/proferations-cyniques"},{"id":"9782915232431","title":"Al\u00e9as","description":"Livre en prose hant\u00e9 par le rythme de la po\u00e9sie, les al\u00e9as sont des \" circonstances exceptionnelles de la vie quotidienne \". Il s'agit moins de variations sur des th\u00e8mes divers - il y en aurait mille, et plus, que l'on pourrait traiter de mille, et plus, fa\u00e7ons - que de travailler des agencements qui d\u00e9passent l'opposition vers \/ prose comme la notion de genre.","authors":["Christ Marchand-Kiss"],"category_codes":["1000000","1090000"],"visuals":{"large":"https:\/\/images.epagine.fr\/431\/9782915232431_1_75.jpg","medium":"https:\/\/images.epagine.fr\/431\/9782915232431_1_m.jpg","thumbnail":"https:\/\/images.epagine.fr\/431\/9782915232431_1_v.jpg"},"orderable":true,"show_badge":true,"formatted_price":"15,00&nbsp;\u20ac","formatted_published_date":"18 octobre 2007","publisher_availability_label":"Sur commande","short_details":"Christ Marchand-Kiss \u2014 Le Bleu Du Ciel","translator":null,"weight":230,"page_count":null,"readership":null,"editor":"Le Bleu Du Ciel","price":1500,"published_date":"2007-10-17T22:00:00.000000Z","support":"Grand format","publisher_availability":1,"stock":0,"editions":[],"url":"https:\/\/quaidesbrumes.com\/ouvrage\/9782915232431\/aleas"},{"id":"9782352080527","title":"Au fil du Lot \u00e0 la rime","description":null,"authors":["Collectif"],"category_codes":["1000000","1090000"],"visuals":{"large":"https:\/\/images.epagine.fr\/527\/9782352080527_1_75.jpg","medium":"https:\/\/images.epagine.fr\/527\/9782352080527_1_m.jpg","thumbnail":"https:\/\/images.epagine.fr\/527\/9782352080527_1_v.jpg"},"orderable":true,"show_badge":true,"formatted_price":"14,00&nbsp;\u20ac","formatted_published_date":"1er mars 2011","publisher_availability_label":"Sur commande","short_details":"Collectif \u2014 Bord Du Lot","translator":null,"weight":140,"page_count":96,"readership":null,"editor":"Bord Du Lot","price":1400,"published_date":"2011-02-28T23:00:00.000000Z","support":"Grand format","publisher_availability":1,"stock":0,"editions":[],"url":"https:\/\/quaidesbrumes.com\/ouvrage\/9782352080527\/au-fil-du-lot-a-la-rime"},{"id":"9782911427015","title":"Apprentissage","description":null,"authors":["Titos Patrikios","Michel Volkovitch"],"category_codes":["1000000","1090000"],"visuals":{"large":"https:\/\/images.epagine.fr\/015\/9782911427015_1_75.jpg","medium":"https:\/\/images.epagine.fr\/015\/9782911427015_1_m.jpg","thumbnail":"https:\/\/images.epagine.fr\/015\/9782911427015_1_v.jpg"},"orderable":true,"show_badge":true,"formatted_price":"14,50&nbsp;\u20ac","formatted_published_date":"21 mars 1996","publisher_availability_label":"Sur commande","short_details":"Titos Patrikios, Michel Volkovitch \u2014 Desmos","translator":"MICHEL VOLKOVITCH","weight":200,"page_count":null,"readership":null,"editor":"Desmos","price":1450,"published_date":"1996-03-20T23:00:00.000000Z","support":"Grand format","publisher_availability":1,"stock":0,"editions":[],"url":"https:\/\/quaidesbrumes.com\/ouvrage\/9782911427015\/apprentissage"},{"id":"9782312053301","title":"Elikia ya mabele ; l'espoir d'une terre","description":"\u00ab Elikia Ya Mabele \u00bb est une n\u00e9cropole des pleurs, des douleurs et des moments sombres d'une jeunesse, d'une g\u00e9n\u00e9ration post-conflictuelle ; c'est un gigantesque graffiti sur les murs du pass\u00e9, du pardon et de l'oublie o\u00f9 chacun de ces 31 jeunes, soud\u00e9s avec le pinceau de l'espoir, a inscrit ses sentiments et ses souvenirs, et a caricatur\u00e9 un chemin vers un monde meilleur : un monde sans haine, ni rancoeur : un monde de paix. Une vraie pluie d'essence sur la flamme de la r\u00e9solution 2250 de l'ONU : \u00ab les jeunes ont besoin de la paix, et la paix a besoin des jeunes \u00bb. Un \u00ab Big Bang \u00bb r\u00e9surrectionnel de l'espoir \u00e0 Goma, \u00e0 l'Est du Congo et dans la r\u00e9gion de Grands-Lacs Africains.","authors":["Jelele h!"],"category_codes":["1000000","1090000","1090600"],"visuals":{"large":"https:\/\/images.epagine.fr\/301\/9782312053301_1_75.jpg","medium":"https:\/\/images.epagine.fr\/301\/9782312053301_1_m.jpg","thumbnail":"https:\/\/images.epagine.fr\/301\/9782312053301_1_v.jpg"},"orderable":true,"show_badge":true,"formatted_price":"15,00&nbsp;\u20ac","formatted_published_date":"27 juillet 2017","publisher_availability_label":"Sur commande","short_details":"Jelele h! \u2014 Editions du Net","translator":null,"weight":162,"page_count":90,"readership":null,"editor":"Editions du Net","price":1500,"published_date":"2017-07-26T22:00:00.000000Z","support":"Grand format","publisher_availability":1,"stock":0,"editions":[],"url":"https:\/\/quaidesbrumes.com\/ouvrage\/9782312053301\/elikia-ya-mabele-lespoir-dune-terre"},{"id":"9782296108431","title":"Le corps du causse","description":"Semences, cailloux, fleurs, \u00e9toiles, objets, b\u00eates et gens : ces talismans nous introduisent dans d'autres mondes. L'araign\u00e9e tisse le linceul de la dormeuse ; la soif saisit le mort ; r\u00e9surrection sur le chemin des eaux clo\u00eetr\u00e9es ; m\u00e9tamorphoses du calcaire, entrailles, jambes \u00e9l\u00e9phantesques ; les dessins rupestres signent une pr\u00e9sence, un pied d'enfant lev\u00e9 dans l'aube quaternaire. La nuit menace, immense b\u00eate \u00e0 l'assaut des murs ; \u00e0 l'abri des \u00e9p\u00e9es solaires, un l\u00e9zard nous guide dans des chambres \u00e9tranges.","authors":["Genevi\u00e8ve Cornu"],"category_codes":["1000000","1090000"],"visuals":{"large":"https:\/\/images.epagine.fr\/431\/9782296108431_1_75.jpg","medium":"https:\/\/images.epagine.fr\/431\/9782296108431_1_m.jpg","thumbnail":"https:\/\/images.epagine.fr\/431\/9782296108431_1_v.jpg"},"orderable":true,"show_badge":true,"formatted_price":"10,00&nbsp;\u20ac","formatted_published_date":"19 janvier 2010","publisher_availability_label":"Sur commande","short_details":"Genevi\u00e8ve Cornu \u2014 \u00c9ditions L'Harmattan","translator":null,"weight":70,"page_count":null,"readership":null,"editor":"\u00c9ditions L'Harmattan","price":1000,"published_date":"2010-01-18T23:00:00.000000Z","support":"Grand format","publisher_availability":1,"stock":0,"editions":[],"url":"https:\/\/quaidesbrumes.com\/ouvrage\/9782296108431\/le-corps-du-causse"},{"id":"9782296065512","title":"G\u00e9n\u00e9alogie du paysage ; quatrains limousins ; accent tonique-po\u00e9sie","description":"Sylvestre Clancier poursuit dans le pr\u00e9sent recueil sa qu\u00eate d'une v\u00e9rit\u00e9, toujours insaisissable, li\u00e9e \u00e0 la nostalgie du jardin perdu de l'enfance. Il a choisi la forme des quatrains et la rime pour chanter son Limousin natal. Les po\u00e8mes rassembl\u00e9s ici forment en quelque sorte le pendant de ceux qu'il r\u00e9unissait dans un pr\u00e9c\u00e9dent recueil, Une Couleur dans la nuit.","authors":["Sylvestre Clancier"],"category_codes":["1000000","1090000"],"visuals":{"large":"https:\/\/images.epagine.fr\/512\/9782296065512_1_75.jpg","medium":"https:\/\/images.epagine.fr\/512\/9782296065512_1_m.jpg","thumbnail":"https:\/\/images.epagine.fr\/512\/9782296065512_1_v.jpg"},"orderable":true,"show_badge":true,"formatted_price":"16,00&nbsp;\u20ac","formatted_published_date":"6 octobre 2008","publisher_availability_label":"Sur commande","short_details":"Sylvestre Clancier \u2014 \u00c9ditions L'Harmattan","translator":null,"weight":205,"page_count":160,"readership":null,"editor":"\u00c9ditions L'Harmattan","price":1600,"published_date":"2008-10-05T22:00:00.000000Z","support":"Grand format","publisher_availability":1,"stock":0,"editions":[],"url":"https:\/\/quaidesbrumes.com\/ouvrage\/9782296065512\/genealogie-du-paysage-quatrains-limousins-accent-tonique-poesie"},{"id":"9782952049801","title":"La pierre \u00e0 la tempe","description":"Recueil de po\u00e8mes sur la nature, la lecture, l'apprentissage de la vie, la po\u00e9sie, l'ennui... ","authors":["Georges de Caligliari"],"category_codes":["1000000","1090000"],"visuals":{"large":"https:\/\/images.epagine.fr\/801\/9782952049801_1_75.jpg","medium":"https:\/\/images.epagine.fr\/801\/9782952049801_1_m.jpg","thumbnail":"https:\/\/images.epagine.fr\/801\/9782952049801_1_v.jpg"},"orderable":true,"show_badge":true,"formatted_price":"18,00&nbsp;\u20ac","formatted_published_date":"1er octobre 2005","publisher_availability_label":"Sur commande","short_details":"Georges de Caligliari \u2014 La Musaraigne","translator":null,"weight":130,"page_count":79,"readership":null,"editor":"La Musaraigne","price":1800,"published_date":"2005-09-30T22:00:00.000000Z","support":"Grand format","publisher_availability":1,"stock":0,"editions":[],"url":"https:\/\/quaidesbrumes.com\/ouvrage\/9782952049801\/la-pierre-a-la-tempe"},{"id":"9782352640240","title":"Rimes des rives angevines","description":null,"authors":["Henri Lenfant"],"category_codes":["1000000","1090000"],"visuals":{"large":"https:\/\/images.epagine.fr\/240\/9782352640240_1_75.jpg","medium":"https:\/\/images.epagine.fr\/240\/9782352640240_1_m.jpg","thumbnail":"https:\/\/images.epagine.fr\/240\/9782352640240_1_v.jpg"},"orderable":true,"show_badge":true,"formatted_price":"30,00&nbsp;\u20ac","formatted_published_date":"15 mai 2007","publisher_availability_label":"Sur commande","short_details":"Henri Lenfant \u2014 Le Cercle Des Auteurs","translator":null,"weight":0,"page_count":null,"readership":null,"editor":"Le Cercle Des Auteurs","price":3000,"published_date":"2007-05-14T22:00:00.000000Z","support":"Grand format","publisher_availability":1,"stock":0,"editions":[],"url":"https:\/\/quaidesbrumes.com\/ouvrage\/9782352640240\/rimes-des-rives-angevines"},{"id":"9782915232370","title":"Tragic \/ comic","description":"Et les revues sont nombreuses, elle participe activement \u00e0 la vie litt\u00e9raire. Elle a d\u00e9j\u00e0 publi\u00e9 trois recueils dans lesquels on retrouve cette parole \u00e2pre, nerveuse, li\u00e9e au corps, \u00e0 son quotidien comme aux faits et aux \u00e9v\u00e9nements ; une po\u00e9sie dure qui touche les mots un par un.","authors":["Violeta Barrientos silva"],"category_codes":["1000000","1090000"],"visuals":{"large":"https:\/\/images.epagine.fr\/370\/9782915232370_1_75.jpg","medium":"https:\/\/images.epagine.fr\/370\/9782915232370_1_m.jpg","thumbnail":"https:\/\/images.epagine.fr\/370\/9782915232370_1_v.jpg"},"orderable":true,"show_badge":true,"formatted_price":"10,00&nbsp;\u20ac","formatted_published_date":"15 mars 2007","publisher_availability_label":"Sur commande","short_details":"Violeta Barrientos silva \u2014 Le Bleu Du Ciel","translator":null,"weight":138,"page_count":null,"readership":null,"editor":"Le Bleu Du Ciel","price":1000,"published_date":"2007-03-14T23:00:00.000000Z","support":"Grand format","publisher_availability":1,"stock":0,"editions":[],"url":"https:\/\/quaidesbrumes.com\/ouvrage\/9782915232370\/tragic-comic"},{"id":"9782845293595","title":"Bris de vers","description":"Po\u00e9sie illustr\u00e9e, rythm\u00e9e et sensible Plus personnelle que les pr\u00e9c\u00e9dents. Le v\u00e9cu de l'auteure apparait en filigrane","authors":["V\u00e9ronique L\u00e9vy Scheimann"],"category_codes":["1000000","1090000","1090600"],"visuals":{"large":"https:\/\/images.epagine.fr\/595\/9782845293595_1_75.jpg","medium":"https:\/\/images.epagine.fr\/595\/9782845293595_1_m.jpg","thumbnail":"https:\/\/images.epagine.fr\/595\/9782845293595_1_v.jpg"},"orderable":true,"show_badge":true,"formatted_price":"15,00&nbsp;\u20ac","formatted_published_date":"30 d\u00e9cembre 2022","publisher_availability_label":"Sur commande","short_details":"V\u00e9ronique L\u00e9vy Scheimann \u2014 Veronique Levy Scheimann","translator":null,"weight":80,"page_count":52,"readership":null,"editor":"Veronique Levy Scheimann","price":1500,"published_date":"2022-12-29T23:00:00.000000Z","support":"Grand format","publisher_availability":1,"stock":0,"editions":[],"url":"https:\/\/quaidesbrumes.com\/ouvrage\/9782845293595\/bris-de-vers"},{"id":"9782354851736","title":"Cent rires qui colorent la vie","description":null,"authors":["De Champaigne Dede"],"category_codes":["1000000","1090000"],"visuals":{"large":"https:\/\/quaidesbrumes.com\/img\/book-placeholder.png","medium":"https:\/\/quaidesbrumes.com\/img\/book-placeholder.png","thumbnail":"https:\/\/quaidesbrumes.com\/img\/book-placeholder.png"},"orderable":true,"show_badge":true,"formatted_price":"15,50&nbsp;\u20ac","formatted_published_date":"31 juillet 2010","publisher_availability_label":"Sur commande","short_details":"De Champaigne Dede \u2014 JETS D'ENCRE","translator":null,"weight":125,"page_count":null,"readership":null,"editor":"JETS D'ENCRE","price":1550,"published_date":"2010-07-30T22:00:00.000000Z","support":"Grand format","publisher_availability":1,"stock":0,"editions":[],"url":"https:\/\/quaidesbrumes.com\/ouvrage\/9782354851736\/cent-rires-qui-colorent-la-vie"},{"id":"9782296099883","title":"Po\u00e8tes cr\u00e9oles Tome 2 ; du XVIII si\u00e8cle : Parny, Bertin, L\u00e9onard","description":"Alors que la po\u00e9sie du XVIII\u00b0 si\u00e8cle se perd dans les mondanit\u00e9s fugitives et le rationalisme didactique, il semble que les po\u00e8tes cr\u00e9oles redonnent souffle et vie \u00e0 une litt\u00e9rature n\u00e9oclassique de plus en plus en d\u00e9saccord avec l'histoire : Parny (1753-1814), Bertin (1752-1790), originaires de l'\u00eele Bourbon, et le Guadeloup\u00e9en L\u00e9onard (1744-1793) d\u00e9placent les sources d'inspiration, d\u00e9veloppent le sentiment de la nature et de la passion. Mais, dans quelle mesure l'origine cr\u00e9ole de ces trois po\u00e8tes marque-t-elle leur vision du monde et leur travail sur la langue ? Il s'agit de redonner \u00e0 ces po\u00e8tes oubli\u00e9s par l'histoire le statut de r\u00e9novateurs, dans le cadre de l'\u00e9l\u00e9gie et de l'idylle, mais aussi du po\u00e8me en prose. Ce second volume continue d'\u00e9tudier les oeuvres de Bertin (M\u00e9langes, Lettres) et s'int\u00e9resse aux oeuvres de L\u00e9onard.","authors":["Gwena\u00eblle Boucher"],"category_codes":["1000000","1090000"],"visuals":{"large":"https:\/\/images.epagine.fr\/883\/9782296099883_1_75.jpg","medium":"https:\/\/images.epagine.fr\/883\/9782296099883_1_m.jpg","thumbnail":"https:\/\/images.epagine.fr\/883\/9782296099883_1_v.jpg"},"orderable":true,"show_badge":true,"formatted_price":"21,50&nbsp;\u20ac","formatted_published_date":"20 octobre 2009","publisher_availability_label":"Sur commande","short_details":"Gwena\u00eblle Boucher \u2014 \u00c9ditions L'Harmattan","translator":null,"weight":280,"page_count":201,"readership":null,"editor":"\u00c9ditions L'Harmattan","price":2150,"published_date":"2009-10-19T22:00:00.000000Z","support":"Grand format","publisher_availability":1,"stock":0,"editions":[],"url":"https:\/\/quaidesbrumes.com\/ouvrage\/9782296099883\/poetes-creoles-tome-2-du-xviii-siecle-parny-bertin-leonard"},{"id":"9782296095298","title":"Un printemps en Orient","description":"Dans ce Moyen-Orient en proie \u00e0 des convulsions de tout genre, o\u00f9 les futurs s'\u00e9crivent permanemment au conditionnel, o\u00f9 les esp\u00e9rances sont plus que jamais pr\u00e9caires, la communaut\u00e9 de destins de peuples est-elle envisageable ? Seuls l'art, l'imaginaire, entretiennent le r\u00eave...","authors":["J\u00e9r\u00f4me Ango guebote"],"category_codes":["1000000","1090000"],"visuals":{"large":"https:\/\/images.epagine.fr\/298\/9782296095298_1_75.jpg","medium":"https:\/\/images.epagine.fr\/298\/9782296095298_1_m.jpg","thumbnail":"https:\/\/images.epagine.fr\/298\/9782296095298_1_v.jpg"},"orderable":true,"show_badge":true,"formatted_price":"12,00&nbsp;\u20ac","formatted_published_date":"18 septembre 2009","publisher_availability_label":"Sur commande","short_details":"J\u00e9r\u00f4me Ango guebote \u2014 \u00c9ditions L'Harmattan","translator":null,"weight":95,"page_count":null,"readership":null,"editor":"\u00c9ditions L'Harmattan","price":1200,"published_date":"2009-09-17T22:00:00.000000Z","support":"Grand format","publisher_availability":1,"stock":0,"editions":[],"url":"https:\/\/quaidesbrumes.com\/ouvrage\/9782296095298\/un-printemps-en-orient"},{"id":"9782911427305","title":"Po\u00e8mes","description":null,"authors":["Papadaki Athina"],"category_codes":["1000000","1090000"],"visuals":{"large":"https:\/\/images.epagine.fr\/305\/9782911427305_1_75.jpg","medium":"https:\/\/images.epagine.fr\/305\/9782911427305_1_m.jpg","thumbnail":"https:\/\/images.epagine.fr\/305\/9782911427305_1_v.jpg"},"orderable":true,"show_badge":true,"formatted_price":"14,50&nbsp;\u20ac","formatted_published_date":"15 novembre 2000","publisher_availability_label":"Sur commande","short_details":"Papadaki Athina \u2014 Desmos","translator":null,"weight":200,"page_count":null,"readership":null,"editor":"Desmos","price":1450,"published_date":"2000-11-14T23:00:00.000000Z","support":"Grand format","publisher_availability":1,"stock":0,"editions":[],"url":"https:\/\/quaidesbrumes.com\/ouvrage\/9782911427305\/poemes"}]}