{"data":[{"id":"9782296010291","title":"L'oeuf de sang","description":"\"La paroleL'on revient d'une germination latenteDe ce corps fatigu\u00e9A prendre en guise de voyageTel un parchemin inachev\u00e9 (...)\"L'\u00e9criture s'inscrit en Rebecca Gruel tel un souffle existentiel et la mati\u00e8re regagne au-del\u00e0 du mot la chair de l'essence de vie.\r","authors":["R\u00e9becca Gruel"],"category_codes":["1000000","1090000"],"visuals":{"large":"https:\/\/images.epagine.fr\/291\/9782296010291_1_75.jpg","medium":"https:\/\/images.epagine.fr\/291\/9782296010291_1_m.jpg","thumbnail":"https:\/\/images.epagine.fr\/291\/9782296010291_1_v.jpg"},"orderable":true,"show_badge":true,"formatted_price":"12,50&nbsp;\u20ac","formatted_published_date":"2 juin 2006","publisher_availability_label":"Sur commande","short_details":"R\u00e9becca Gruel \u2014 \u00c9ditions L'Harmattan","translator":null,"weight":152,"page_count":111,"readership":null,"editor":"\u00c9ditions L'Harmattan","price":1250,"published_date":"2006-06-01T22:00:00.000000Z","support":"Grand format","publisher_availability":1,"stock":0,"editions":[],"url":"https:\/\/quaidesbrumes.com\/ouvrage\/9782296010291\/loeuf-de-sang"},{"id":"9782878677720","title":"Ecrire des poemes","description":null,"authors":["Edmond Reboul"],"category_codes":["1000000","1090000"],"visuals":{"large":"https:\/\/quaidesbrumes.com\/img\/book-placeholder.png","medium":"https:\/\/quaidesbrumes.com\/img\/book-placeholder.png","thumbnail":"https:\/\/quaidesbrumes.com\/img\/book-placeholder.png"},"orderable":true,"show_badge":true,"formatted_price":"22,00&nbsp;\u20ac","formatted_published_date":"20 d\u00e9cembre 2006","publisher_availability_label":"Sur commande","short_details":"Edmond Reboul \u2014 Presses Du Midi","translator":null,"weight":316,"page_count":null,"readership":null,"editor":"Presses Du Midi","price":2200,"published_date":"2006-12-19T23:00:00.000000Z","support":"Grand format","publisher_availability":1,"stock":0,"editions":[],"url":"https:\/\/quaidesbrumes.com\/ouvrage\/9782878677720\/ecrire-des-poemes"},{"id":"9782296995482","title":"Les vertus de l'espoir","description":"Voil\u00e0 un recueil de po\u00e8mes fort enivrant qui dope les sens du lecteur par son souffle interminable et sa g\u00e9n\u00e9rosit\u00e9. L'auteur sait, sans doute, que l'amour a besoin de nouvelles l\u00e9gendes ; que l'espoir a les mains dans les poches et ne veut plus saisir les offres du monde ; que la g\u00e9n\u00e9rosit\u00e9 est encha\u00een\u00e9e par l'avarice de la raison humaine. \"Les vertus de l'espoir\" est un charme contre le d\u00e9sespoir et s'adresse \u00e0 tout homme qui veut rena\u00eetre tel un phoenix et ne plus jamais mourir.\r","authors":["Abdoulaye Guisse"],"category_codes":["1000000","1090000"],"visuals":{"large":"https:\/\/images.epagine.fr\/482\/9782296995482_1_75.jpg","medium":"https:\/\/images.epagine.fr\/482\/9782296995482_1_m.jpg","thumbnail":"https:\/\/images.epagine.fr\/482\/9782296995482_1_v.jpg"},"orderable":true,"show_badge":true,"formatted_price":"13,00&nbsp;\u20ac","formatted_published_date":"22 janvier 2013","publisher_availability_label":"Sur commande","short_details":"Abdoulaye Guisse \u2014 \u00c9ditions L'Harmattan","translator":null,"weight":135,"page_count":100,"readership":null,"editor":"\u00c9ditions L'Harmattan","price":1300,"published_date":"2013-01-21T23:00:00.000000Z","support":"Grand format","publisher_availability":1,"stock":0,"editions":[],"url":"https:\/\/quaidesbrumes.com\/ouvrage\/9782296995482\/les-vertus-de-lespoir"},{"id":"9782810607679","title":"Regards sur les choses : les id\u00e9es et les hommes","description":"Jean-Charles Theillac a cr\u00e9\u00e9 son blog en septembre 2006 sur Overblog. Pour t\u00e9moigner, pour r\u00e9agir, pour participer. Il s'est d\u00e9couvert, \u00e0 cette occasion, une passion pour l'\u00e9criture. Ce livre est le fruit de ses publications po\u00e9tiques o\u00f9 il met l'alexandrin au service de  la beaut\u00e9 des mots.\r\nIl a gard\u00e9 de son enfance un regard cr\u00e9dule et ing\u00e9nu sur les choses et la vie. Il s'exprime librement sur ce qui l'exasp\u00e8re, ce qui le d\u00e9sesp\u00e8re ou soutient son espoir car une grande foi en l'homme domine ses \u00e9crits. Ses textes vous entrainent dans son monde int\u00e9rieur, dans l'au-del\u00e0 d'ailleurs, dit-il, c'est dire que c'est tr\u00e8s loin.\r\nDepuis la cr\u00e9ation de son site (www.theillac.com), il a re\u00e7u pr\u00e8s de 20 000 visites pour 80 000 pages vues. La moiti\u00e9 des visiteurs sont Qu\u00e9b\u00e9cois, preuve que ses po\u00e8mes sont appr\u00e9ci\u00e9s dans la Belle R\u00e9gion. C'est ensuite dans son Pays Basque qu'il trouve une bonne partie de ses lecteurs.\r\nRejoignez son univers tendre et passionn\u00e9, vous vous y trouverez bien.\r","authors":["Jean-charles Theillac"],"category_codes":["1000000","1090000"],"visuals":{"large":"https:\/\/images.epagine.fr\/679\/9782810607679_1_75.jpg","medium":"https:\/\/images.epagine.fr\/679\/9782810607679_1_m.jpg","thumbnail":"https:\/\/images.epagine.fr\/679\/9782810607679_1_v.jpg"},"orderable":true,"show_badge":true,"formatted_price":"12,00&nbsp;\u20ac","formatted_published_date":"3 mars 2009","publisher_availability_label":"Sur commande","short_details":"Jean-charles Theillac \u2014 Books on Demand","translator":null,"weight":170,"page_count":100,"readership":null,"editor":"Books on Demand","price":1200,"published_date":"2009-03-02T23:00:00.000000Z","support":"Grand format","publisher_availability":1,"stock":0,"editions":[],"url":"https:\/\/quaidesbrumes.com\/ouvrage\/9782810607679\/regards-sur-les-choses-les-idees-et-les-hommes"},{"id":"9782849540794","title":"Plus fr\u00e8re que fr\u00e8re","description":null,"authors":["Jean-michel Sanan\u00e8s"],"category_codes":["1000000","1090000"],"visuals":{"large":"https:\/\/images.epagine.fr\/794\/9782849540794_1_75.jpg","medium":"https:\/\/images.epagine.fr\/794\/9782849540794_1_m.jpg","thumbnail":"https:\/\/images.epagine.fr\/794\/9782849540794_1_v.jpg"},"orderable":true,"show_badge":true,"formatted_price":"13,50&nbsp;\u20ac","formatted_published_date":"27 mai 2009","publisher_availability_label":"Sur commande","short_details":"Jean-michel Sanan\u00e8s \u2014 Chemins De Plume","translator":null,"weight":125,"page_count":null,"readership":null,"editor":"Chemins De Plume","price":1350,"published_date":"2009-05-26T22:00:00.000000Z","support":"Grand format","publisher_availability":1,"stock":0,"editions":[],"url":"https:\/\/quaidesbrumes.com\/ouvrage\/9782849540794\/plus-frere-que-frere"},{"id":"9782911427060","title":"Eros \u00e9trange \u00e9tranger","description":null,"authors":["Kraniotis Dimitris"],"category_codes":["1000000","1090000"],"visuals":{"large":"https:\/\/images.epagine.fr\/060\/9782911427060_1_75.jpg","medium":"https:\/\/images.epagine.fr\/060\/9782911427060_1_m.jpg","thumbnail":"https:\/\/images.epagine.fr\/060\/9782911427060_1_v.jpg"},"orderable":true,"show_badge":true,"formatted_price":"14,50&nbsp;\u20ac","formatted_published_date":"10 mars 1997","publisher_availability_label":"Sur commande","short_details":"Kraniotis Dimitris \u2014 Desmos","translator":null,"weight":200,"page_count":null,"readership":null,"editor":"Desmos","price":1450,"published_date":"1997-03-09T23:00:00.000000Z","support":"Grand format","publisher_availability":1,"stock":0,"editions":[],"url":"https:\/\/quaidesbrumes.com\/ouvrage\/9782911427060\/eros-etrange-etranger"},{"id":"9782849540770","title":"Poivre bleu","description":null,"authors":["Ile Eniger"],"category_codes":["1000000","1090000"],"visuals":{"large":"https:\/\/images.epagine.fr\/770\/9782849540770_1_75.jpg","medium":"https:\/\/images.epagine.fr\/770\/9782849540770_1_m.jpg","thumbnail":"https:\/\/images.epagine.fr\/770\/9782849540770_1_v.jpg"},"orderable":true,"show_badge":true,"formatted_price":"13,50&nbsp;\u20ac","formatted_published_date":"27 mai 2009","publisher_availability_label":"Sur commande","short_details":"Ile Eniger \u2014 Chemins De Plume","translator":null,"weight":125,"page_count":null,"readership":null,"editor":"Chemins De Plume","price":1350,"published_date":"2009-05-26T22:00:00.000000Z","support":"Grand format","publisher_availability":1,"stock":0,"editions":[],"url":"https:\/\/quaidesbrumes.com\/ouvrage\/9782849540770\/poivre-bleu"},{"id":"9782918908296","title":"Les chansons d'Eurydice","description":null,"authors":["Eurydice Reinert"],"category_codes":["1000000","1090000"],"visuals":{"large":"https:\/\/quaidesbrumes.com\/img\/book-placeholder.png","medium":"https:\/\/quaidesbrumes.com\/img\/book-placeholder.png","thumbnail":"https:\/\/quaidesbrumes.com\/img\/book-placeholder.png"},"orderable":true,"show_badge":true,"formatted_price":"15,00&nbsp;\u20ac","formatted_published_date":"8 septembre 2010","publisher_availability_label":"Sur commande","short_details":"Eurydice Reinert \u2014 Euryuniverse.Com","translator":null,"weight":290,"page_count":null,"readership":null,"editor":"Euryuniverse.Com","price":1500,"published_date":"2010-09-07T22:00:00.000000Z","support":"Grand format","publisher_availability":1,"stock":0,"editions":[],"url":"https:\/\/quaidesbrumes.com\/ouvrage\/9782918908296\/les-chansons-deurydice"},{"id":"9782911427084","title":"Histoires des profondeurs","description":null,"authors":["Jenny Mastoraki","Michel Volkovitch"],"category_codes":["1000000","1090000"],"visuals":{"large":"https:\/\/images.epagine.fr\/084\/9782911427084_1_75.jpg","medium":"https:\/\/images.epagine.fr\/084\/9782911427084_1_m.jpg","thumbnail":"https:\/\/images.epagine.fr\/084\/9782911427084_1_v.jpg"},"orderable":true,"show_badge":true,"formatted_price":"13,00&nbsp;\u20ac","formatted_published_date":"15 octobre 1997","publisher_availability_label":"Sur commande","short_details":"Jenny Mastoraki, Michel Volkovitch \u2014 Desmos","translator":"MICHEL VOLKOVITCH","weight":130,"page_count":null,"readership":null,"editor":"Desmos","price":1300,"published_date":"1997-10-14T22:00:00.000000Z","support":"Grand format","publisher_availability":1,"stock":0,"editions":[],"url":"https:\/\/quaidesbrumes.com\/ouvrage\/9782911427084\/histoires-des-profondeurs"},{"id":"9782918908289","title":"L'oeil","description":null,"authors":["Eurydice Reinert"],"category_codes":[],"visuals":{"large":"https:\/\/quaidesbrumes.com\/img\/book-placeholder.png","medium":"https:\/\/quaidesbrumes.com\/img\/book-placeholder.png","thumbnail":"https:\/\/quaidesbrumes.com\/img\/book-placeholder.png"},"orderable":true,"show_badge":true,"formatted_price":"10,00&nbsp;\u20ac","formatted_published_date":"2 septembre 2010","publisher_availability_label":"Sur commande","short_details":"Eurydice Reinert \u2014 Euryuniverse.Com","translator":null,"weight":140,"page_count":null,"readership":null,"editor":"Euryuniverse.Com","price":1000,"published_date":"2010-09-01T22:00:00.000000Z","support":"Grand format","publisher_availability":1,"stock":0,"editions":["9782952506007"],"url":"https:\/\/quaidesbrumes.com\/ouvrage\/9782918908289\/loeil"},{"id":"9782358740029","title":"Du quotidien \u00e0 voix haute ; po\u00e8mes swing","description":"- De la terre dans les yeux, des \"\u00e9\"toiles d'araign\u00e9es dans les cheveux, des piq\u00fbres de yucca sur les bras...\r\n- Certes ! Euh...dites-moi, le lien avec ce recueil de po\u00e9sie ? - L'humain, la vraie vie quoi, quelque chose qui parle de nous tous. Du quotidien \u00e0 voix haute ? Des po\u00e8mes pour cadencer le cours des jours, pour \u00e9clairer vos nuits, pour swinguer la vie. A mettre dans toutes les mains et surtout les v\u00f4tres. Oui vous dont le sourcil se h\u00e9risse, le poil se rebiffe en lisant le mot po\u00e9sie . Au fait, pour les slameurs de Marseille et d'ailleurs, je suis Philom\u00e8ne.\r","authors":["Jeannine Anziani"],"category_codes":["1000000","1090000"],"visuals":{"large":"https:\/\/images.epagine.fr\/029\/9782358740029_1_75.jpg","medium":"https:\/\/images.epagine.fr\/029\/9782358740029_1_m.jpg","thumbnail":"https:\/\/images.epagine.fr\/029\/9782358740029_1_v.jpg"},"orderable":true,"show_badge":true,"formatted_price":"10,00&nbsp;\u20ac","formatted_published_date":"17 f\u00e9vrier 2009","publisher_availability_label":"Sur commande","short_details":"Jeannine Anziani \u2014 Manoirante","translator":null,"weight":77,"page_count":null,"readership":null,"editor":"Manoirante","price":1000,"published_date":"2009-02-16T23:00:00.000000Z","support":"Grand format","publisher_availability":1,"stock":0,"editions":[],"url":"https:\/\/quaidesbrumes.com\/ouvrage\/9782358740029\/du-quotidien-a-voix-haute-poemes-swing"},{"id":"9782874593918","title":"\u00e9clats de verre ; le vrai-faux journal d'un buveur","description":"Introduit par un lettre \u00e0 des amis qui brise le silence dont s'est entour\u00e9 l'auteur sur l'enfer qu'il a v\u00e9cu avec l'alcool, ce livre t\u00e9moigne, sous la forme d'un vrai-faux journal, qu'il est possible de s'en sortir et de se reconstruire. Il t\u00e9moigne de la d\u00e9ch\u00e9ance, des humiliations, des douleurs du manque, g\u00e9n\u00e9r\u00e9s par cette drogue dure qu'est l'alcool pour certains.\r\nCe livre, qui fait des d\u00e9tours par l'enfance de l'auteur et se termine par des r\u00e9ponses concr\u00e8tes sur l'alcoolisme, n'oublie pas le d\u00e9sarroi de l'entourage qui est souvent d\u00e9sempar\u00e9 face \u00e0 cette maladie.\r\nC'est, au dela de la violence des mots \u00e9ruct\u00e9s par ce for\u00e7at de la sensibilit\u00e9 qu'est l'auteur, un message d'espoir pour tous ceux qui vivent la maladie alcoolique quotidiennement.\r\nVoici ce qu'en dit Claude Confort\u00e8s, dramaturge de renomm\u00e9e internationale qui a port\u00e9 sur sc\u00e8ne un spectacle tir\u00e9 du texte d'Alain Call\u00e8s :\r\n\r\n\" Cher Lecteur, ch\u00e8re Lectrice...Attention!...\r\nCe livre est dangereux, plein de risques et p\u00e9rils.\r\n\r\nL'alcoolique errant y est d\u00e9peint comme un forcen\u00e9 de la sensibilit\u00e9.\r\nQue devient cet \u00eatre d'ombre, hurlant de d\u00e9lire et de souffrance quand il est gu\u00e9ri?\r\nMyst\u00e8re!...\r\n\r\nUn homme solitaire, vibrant de r\u00e9volte, \u00e9ructant les mots marginaux de textes violents o\u00f9 le feu qui l'illumine br\u00fble les sentiments.\r\nPo\u00e8te de la d\u00e9chirure, il sublime la musique des consonnes, des voyelles, des phon\u00e8mes, des diphtongues. \"\r","authors":["Alain Calles"],"category_codes":["1000000","1090000"],"visuals":{"large":"https:\/\/images.epagine.fr\/918\/9782874593918_1_75.jpg","medium":"https:\/\/images.epagine.fr\/918\/9782874593918_1_m.jpg","thumbnail":"https:\/\/images.epagine.fr\/918\/9782874593918_1_v.jpg"},"orderable":true,"show_badge":true,"formatted_price":"19,30&nbsp;\u20ac","formatted_published_date":"1er avril 2009","publisher_availability_label":"Sur commande","short_details":"Alain Calles \u2014 Chloe Des Lys","translator":null,"weight":150,"page_count":134,"readership":null,"editor":"Chloe Des Lys","price":1930,"published_date":"2009-03-31T22:00:00.000000Z","support":"Grand format","publisher_availability":1,"stock":0,"editions":[],"url":"https:\/\/quaidesbrumes.com\/ouvrage\/9782874593918\/eclats-de-verre-le-vrai-faux-journal-dun-buveur"},{"id":"9782296044197","title":"La peau de rien","description":"La po\u00e9sie de Zoltan B\u00f6sz\u00f6rm\u00e9nyi tente de restituer une identit\u00e9 \u00e0 l'objet. Il joue de l'\u00e9rosion du temps et recherche sa place dans l'instabilit\u00e9 des syst\u00e8mes \u00e9tablis. L'auteur s'interroge souvent sur l'acte de po\u00e9sie. Qu'est-ce que la po\u00e9sie ? Celle de la forme ou du fond ? Au-del\u00e0 de la po\u00e9sie, les lecteurs d\u00e9couvriront l'importance de la r\u00e9flexion philosophique. La bri\u00e8vet\u00e9 des textes donne encore plus de densit\u00e9 \u00e0 la cadence du jeu des mots.\r","authors":["Zoltan Boszormenyi"],"category_codes":["1000000","1090000"],"visuals":{"large":"https:\/\/images.epagine.fr\/197\/9782296044197_1_75.jpg","medium":"https:\/\/images.epagine.fr\/197\/9782296044197_1_m.jpg","thumbnail":"https:\/\/images.epagine.fr\/197\/9782296044197_1_v.jpg"},"orderable":true,"show_badge":true,"formatted_price":"12,50&nbsp;\u20ac","formatted_published_date":"26 novembre 2007","publisher_availability_label":"Sur commande","short_details":"Zoltan Boszormenyi \u2014 \u00c9ditions L'Harmattan","translator":null,"weight":130,"page_count":108,"readership":null,"editor":"\u00c9ditions L'Harmattan","price":1250,"published_date":"2007-11-25T23:00:00.000000Z","support":"Grand format","publisher_availability":1,"stock":0,"editions":[],"url":"https:\/\/quaidesbrumes.com\/ouvrage\/9782296044197\/la-peau-de-rien"},{"id":"9782878677706","title":"Reflets intimes","description":null,"authors":["Marcel Barre"],"category_codes":["1000000","1090000"],"visuals":{"large":"https:\/\/quaidesbrumes.com\/img\/book-placeholder.png","medium":"https:\/\/quaidesbrumes.com\/img\/book-placeholder.png","thumbnail":"https:\/\/quaidesbrumes.com\/img\/book-placeholder.png"},"orderable":true,"show_badge":true,"formatted_price":"8,00&nbsp;\u20ac","formatted_published_date":"20 d\u00e9cembre 2006","publisher_availability_label":"Sur commande","short_details":"Marcel Barre \u2014 Presses Du Midi","translator":null,"weight":90,"page_count":null,"readership":null,"editor":"Presses Du Midi","price":800,"published_date":"2006-12-19T23:00:00.000000Z","support":"Grand format","publisher_availability":1,"stock":0,"editions":[],"url":"https:\/\/quaidesbrumes.com\/ouvrage\/9782878677706\/reflets-intimes"},{"id":"9782322085965","title":"En Prime, Vers et Rimes Cueillis","description":"4\u00e8me recueil de po\u00e9sie  , d\u00e9livrant plusieurs  messages autant exub\u00e9rants que volubiles par del\u00e0 sa versification , sur des sujets tout aussi \u00e9pineux que d\u00e9monstratifs o\u00f9 les mots d'esprit se m\u00ealent aux jeux de mots avec une pointe d'humour suivant l'humeur de l'auteur","authors":["Clamens Olywier"],"category_codes":["1000000","1090000"],"visuals":{"large":"https:\/\/images.epagine.fr\/965\/9782322085965_1_75.jpg","medium":"https:\/\/images.epagine.fr\/965\/9782322085965_1_m.jpg","thumbnail":"https:\/\/images.epagine.fr\/965\/9782322085965_1_v.jpg"},"orderable":true,"show_badge":true,"formatted_price":"27,00&nbsp;\u20ac","formatted_published_date":"17 avril 2023","publisher_availability_label":"Sur commande","short_details":"Clamens Olywier \u2014 Books on Demand","translator":null,"weight":634,"page_count":118,"readership":null,"editor":"Books on Demand","price":2700,"published_date":"2023-04-16T22:00:00.000000Z","support":"Grand format","publisher_availability":1,"stock":0,"editions":[],"url":"https:\/\/quaidesbrumes.com\/ouvrage\/9782322085965\/en-prime-vers-et-rimes-cueillis"},{"id":"9782874593925","title":"Murmures discrets","description":null,"authors":["Guy Bisdenghien"],"category_codes":["1000000","1090000"],"visuals":{"large":"https:\/\/images.epagine.fr\/925\/9782874593925_1_75.jpg","medium":"https:\/\/images.epagine.fr\/925\/9782874593925_1_m.jpg","thumbnail":"https:\/\/images.epagine.fr\/925\/9782874593925_1_v.jpg"},"orderable":true,"show_badge":true,"formatted_price":"22,00&nbsp;\u20ac","formatted_published_date":"1er avril 2009","publisher_availability_label":"Sur commande","short_details":"Guy Bisdenghien \u2014 Chloe Des Lys","translator":null,"weight":150,"page_count":null,"readership":null,"editor":"Chloe Des Lys","price":2200,"published_date":"2009-03-31T22:00:00.000000Z","support":"Grand format","publisher_availability":1,"stock":0,"editions":[],"url":"https:\/\/quaidesbrumes.com\/ouvrage\/9782874593925\/murmures-discrets"},{"id":"9782849540787","title":"La lucarne des mots","description":null,"authors":["Michel H\u00e9zard"],"category_codes":["1000000","1090000"],"visuals":{"large":"https:\/\/images.epagine.fr\/787\/9782849540787_1_75.jpg","medium":"https:\/\/images.epagine.fr\/787\/9782849540787_1_m.jpg","thumbnail":"https:\/\/images.epagine.fr\/787\/9782849540787_1_v.jpg"},"orderable":true,"show_badge":true,"formatted_price":"14,00&nbsp;\u20ac","formatted_published_date":"27 mai 2009","publisher_availability_label":"Sur commande","short_details":"Michel H\u00e9zard \u2014 Chemins De Plume","translator":null,"weight":120,"page_count":null,"readership":null,"editor":"Chemins De Plume","price":1400,"published_date":"2009-05-26T22:00:00.000000Z","support":"Grand format","publisher_availability":1,"stock":0,"editions":[],"url":"https:\/\/quaidesbrumes.com\/ouvrage\/9782849540787\/la-lucarne-des-mots"},{"id":"9782849540800","title":"Manquablement","description":null,"authors":["La Freniere Jean-Mar"],"category_codes":["1000000","1090000"],"visuals":{"large":"https:\/\/images.epagine.fr\/800\/9782849540800_1_75.jpg","medium":"https:\/\/images.epagine.fr\/800\/9782849540800_1_m.jpg","thumbnail":"https:\/\/images.epagine.fr\/800\/9782849540800_1_v.jpg"},"orderable":true,"show_badge":true,"formatted_price":"14,00&nbsp;\u20ac","formatted_published_date":"27 mai 2009","publisher_availability_label":"Sur commande","short_details":"La Freniere Jean-Mar \u2014 Chemins De Plume","translator":null,"weight":120,"page_count":null,"readership":null,"editor":"Chemins De Plume","price":1400,"published_date":"2009-05-26T22:00:00.000000Z","support":"Grand format","publisher_availability":1,"stock":0,"editions":[],"url":"https:\/\/quaidesbrumes.com\/ouvrage\/9782849540800\/manquablement"},{"id":"9782312015217","title":"Le volet qui bat","description":"Ce nouveau recueil continu l'exploration des voix du silence d\u00e9j\u00e0 rencontr\u00e9es dans \"Parfums\".\r","authors":["Robert Hamon"],"category_codes":["1000000","1090000"],"visuals":{"large":"https:\/\/images.epagine.fr\/217\/9782312015217_1_75.jpg","medium":"https:\/\/images.epagine.fr\/217\/9782312015217_1_m.jpg","thumbnail":"https:\/\/images.epagine.fr\/217\/9782312015217_1_v.jpg"},"orderable":true,"show_badge":true,"formatted_price":"12,00&nbsp;\u20ac","formatted_published_date":"13 d\u00e9cembre 2013","publisher_availability_label":"Sur commande","short_details":"Robert Hamon \u2014 Editions du Net","translator":null,"weight":125,"page_count":116,"readership":null,"editor":"Editions du Net","price":1200,"published_date":"2013-12-12T23:00:00.000000Z","support":"Grand format","publisher_availability":1,"stock":0,"editions":[],"url":"https:\/\/quaidesbrumes.com\/ouvrage\/9782312015217\/le-volet-qui-bat"},{"id":"9782914387415","title":"L\u00e2cher prise","description":"Nous n'avons qu'une seule vie, qu'une seule pauvre vie et, en partie, nous la perdons dans le leurre, le mensonge d'un travail.\r\nAlors, un jour, dans ce jardin, notre vie s'est retir\u00e9e en silence. Elle est all\u00e9e rejoindre les solitaires, la solitude. Devons-nous la porter comme un fardeau, nous d\u00e9livrer d'elle ? Ou bien l'abandonner \u00e0 la faim des serpents, \u00e0 l'horreur des jours, aux regards assassins des bourreaux ? C'est pour rejoindre notre vie que nous \u00e9crivons, c'est pour toucher en nous les battements de son coeur que nous \u00e9crivons, que nous aimons.\r\nC'est dans l'effondrement qu'elle nous soutient, c'est dans la plus haute solitude que nous f\u00eatons ensemble nos retrouvailles. Ailleurs, dans le monde, il y a les mots bien s\u00fbr, le flot des choses courantes, la mar\u00e9e des jalousies, il y a tout ce qui enveloppe les mots et les corps mais la vie n'est pas l\u00e0 et si elle appara\u00eet parfois, si elle nous fr\u00f4le de ses ailes, c'est pour nous enjoindre \u00e0 ne jamais renoncer, \u00e0 ne jamais faillir \u00e0 la t\u00e2che d'aimer, au labeur d'\u00e9crire, au bonheur de chanter l'enfance, les livres et l'\u00e9t\u00e9 sur les livres et sur tous les visages.\r","authors":["Jo\u00ebl Vernet"],"category_codes":["1000000","1090000"],"visuals":{"large":"https:\/\/images.epagine.fr\/415\/9782914387415_1_75.jpg","medium":"https:\/\/images.epagine.fr\/415\/9782914387415_1_m.jpg","thumbnail":"https:\/\/images.epagine.fr\/415\/9782914387415_1_v.jpg"},"orderable":true,"show_badge":true,"formatted_price":"15,30&nbsp;\u20ac","formatted_published_date":"12 janvier 2004","publisher_availability_label":"Sur commande","short_details":"Jo\u00ebl Vernet \u2014 Escampette","translator":null,"weight":172,"page_count":null,"readership":null,"editor":"Escampette","price":1530,"published_date":"2004-01-11T23:00:00.000000Z","support":"Grand format","publisher_availability":1,"stock":0,"editions":[],"url":"https:\/\/quaidesbrumes.com\/ouvrage\/9782914387415\/lacher-prise"},{"id":"9782916012018","title":"O\u00f9 est la maison de l'ami ? ; po\u00e8mes (1951-1977)","description":null,"authors":["Sohrab Sepehri"],"category_codes":["1000000","1090000"],"visuals":{"large":"https:\/\/quaidesbrumes.com\/img\/book-placeholder.png","medium":"https:\/\/quaidesbrumes.com\/img\/book-placeholder.png","thumbnail":"https:\/\/quaidesbrumes.com\/img\/book-placeholder.png"},"orderable":true,"show_badge":true,"formatted_price":"18,00&nbsp;\u20ac","formatted_published_date":"1er f\u00e9vrier 2005","publisher_availability_label":"Sur commande","short_details":"Sohrab Sepehri \u2014 Lettres Persanes","translator":null,"weight":120,"page_count":null,"readership":null,"editor":"Lettres Persanes","price":1800,"published_date":"2005-01-31T23:00:00.000000Z","support":"Grand format","publisher_availability":1,"stock":0,"editions":[],"url":"https:\/\/quaidesbrumes.com\/ouvrage\/9782916012018\/ou-est-la-maison-de-lami-poemes-1951-1977"},{"id":"9782919137114","title":"Guetteur de la vie","description":null,"authors":["Parra"],"category_codes":["1000000","1090000"],"visuals":{"large":"https:\/\/images.epagine.fr\/114\/9782919137114_1_75.jpg","medium":"https:\/\/images.epagine.fr\/114\/9782919137114_1_m.jpg","thumbnail":"https:\/\/images.epagine.fr\/114\/9782919137114_1_v.jpg"},"orderable":true,"show_badge":true,"formatted_price":"15,00&nbsp;\u20ac","formatted_published_date":"5 janvier 2012","publisher_availability_label":"Sur commande","short_details":"Parra \u2014 Dessables","translator":null,"weight":150,"page_count":null,"readership":null,"editor":"Dessables","price":1500,"published_date":"2012-01-04T23:00:00.000000Z","support":"Grand format","publisher_availability":1,"stock":0,"editions":[],"url":"https:\/\/quaidesbrumes.com\/ouvrage\/9782919137114\/guetteur-de-la-vie"},{"id":"9782358740067","title":"Plus loin que l'errance","description":null,"authors":["Pascaline Berger"],"category_codes":["1000000","1090000"],"visuals":{"large":"https:\/\/quaidesbrumes.com\/img\/book-placeholder.png","medium":"https:\/\/quaidesbrumes.com\/img\/book-placeholder.png","thumbnail":"https:\/\/quaidesbrumes.com\/img\/book-placeholder.png"},"orderable":true,"show_badge":true,"formatted_price":"11,00&nbsp;\u20ac","formatted_published_date":"26 f\u00e9vrier 2009","publisher_availability_label":"Sur commande","short_details":"Pascaline Berger \u2014 Manoirante","translator":null,"weight":77,"page_count":null,"readership":null,"editor":"Manoirante","price":1100,"published_date":"2009-02-25T23:00:00.000000Z","support":"Grand format","publisher_availability":1,"stock":0,"editions":[],"url":"https:\/\/quaidesbrumes.com\/ouvrage\/9782358740067\/plus-loin-que-lerrance"},{"id":"9782312015569","title":"Le cr\u00e9puscule du jour","description":null,"authors":["Cathy Lefranc"],"category_codes":["1000000","1090000"],"visuals":{"large":"https:\/\/images.epagine.fr\/569\/9782312015569_1_75.jpg","medium":"https:\/\/images.epagine.fr\/569\/9782312015569_1_m.jpg","thumbnail":"https:\/\/images.epagine.fr\/569\/9782312015569_1_v.jpg"},"orderable":true,"show_badge":true,"formatted_price":"13,00&nbsp;\u20ac","formatted_published_date":"13 d\u00e9cembre 2013","publisher_availability_label":"Sur commande","short_details":"Cathy Lefranc \u2014 Editions du Net","translator":null,"weight":115,"page_count":64,"readership":null,"editor":"Editions du Net","price":1300,"published_date":"2013-12-12T23:00:00.000000Z","support":"Grand format","publisher_availability":1,"stock":0,"editions":[],"url":"https:\/\/quaidesbrumes.com\/ouvrage\/9782312015569\/le-crepuscule-du-jour"}]}