{"data":[{"id":"9782911427312","title":"Les nourrissons antiques","description":null,"authors":["Chronas Yorgos"],"category_codes":["1000000","1090000"],"visuals":{"large":"https:\/\/images.epagine.fr\/312\/9782911427312_1_75.jpg","medium":"https:\/\/images.epagine.fr\/312\/9782911427312_1_m.jpg","thumbnail":"https:\/\/images.epagine.fr\/312\/9782911427312_1_v.jpg"},"orderable":true,"show_badge":true,"formatted_price":"14,50&nbsp;\u20ac","formatted_published_date":"10 mars 2001","publisher_availability_label":"Sur commande","short_details":"Chronas Yorgos \u2014 Desmos","translator":null,"weight":200,"page_count":null,"readership":null,"editor":"Desmos","price":1450,"published_date":"2001-03-09T23:00:00.000000Z","support":"Grand format","publisher_availability":1,"stock":0,"editions":[],"url":"https:\/\/quaidesbrumes.com\/ouvrage\/9782911427312\/les-nourrissons-antiques"},{"id":"9782353211128","title":"Vers a pieds","description":"Reprenant volontiers \u00e0 son compte le propos de Cioran : \"Le fragment, seul genre compatible avec mes humeurs, est l'orgueil d'un instant transfigur\u00e9, avec toutes les contradictions qui en d\u00e9coulent.\", Bernard Lherbier affiche une pr\u00e9dilection pour le format \u00ab court \u00bb : po\u00e8me, nouvelle, conte, chanson ou aphorisme.\r","authors":["Bernard Lherbier"],"category_codes":["1000000","1090000"],"visuals":{"large":"https:\/\/quaidesbrumes.com\/img\/book-placeholder.png","medium":"https:\/\/quaidesbrumes.com\/img\/book-placeholder.png","thumbnail":"https:\/\/quaidesbrumes.com\/img\/book-placeholder.png"},"orderable":true,"show_badge":true,"formatted_price":"13,20&nbsp;\u20ac","formatted_published_date":"30 ao\u00fbt 2010","publisher_availability_label":"Sur commande","short_details":"Bernard Lherbier \u2014 SCRIPTA","translator":null,"weight":110,"page_count":null,"readership":null,"editor":"SCRIPTA","price":1320,"published_date":"2010-08-29T22:00:00.000000Z","support":"Grand format","publisher_availability":1,"stock":0,"editions":[],"url":"https:\/\/quaidesbrumes.com\/ouvrage\/9782353211128\/vers-a-pieds"},{"id":"9782911427046","title":"Je te salue jamais","description":null,"authors":["Kiki Dimoula","Michel Volkovitch"],"category_codes":["1000000","1090000"],"visuals":{"large":"https:\/\/images.epagine.fr\/046\/9782911427046_1_75.jpg","medium":"https:\/\/images.epagine.fr\/046\/9782911427046_1_m.jpg","thumbnail":"https:\/\/images.epagine.fr\/046\/9782911427046_1_v.jpg"},"orderable":true,"show_badge":true,"formatted_price":"14,50&nbsp;\u20ac","formatted_published_date":"10 mars 1997","publisher_availability_label":"Sur commande","short_details":"Kiki Dimoula, Michel Volkovitch \u2014 Desmos","translator":"MICHEL VOLKOVITCH","weight":200,"page_count":null,"readership":null,"editor":"Desmos","price":1450,"published_date":"1997-03-09T23:00:00.000000Z","support":"Grand format","publisher_availability":1,"stock":0,"editions":[],"url":"https:\/\/quaidesbrumes.com\/ouvrage\/9782911427046\/je-te-salue-jamais"},{"id":"9782911427107","title":"La pens\u00e9e appartient au deuil","description":null,"authors":["Fostieris Andonis"],"category_codes":["1000000","1090000"],"visuals":{"large":"https:\/\/quaidesbrumes.com\/img\/book-placeholder.png","medium":"https:\/\/quaidesbrumes.com\/img\/book-placeholder.png","thumbnail":"https:\/\/quaidesbrumes.com\/img\/book-placeholder.png"},"orderable":true,"show_badge":true,"formatted_price":"14,50&nbsp;\u20ac","formatted_published_date":"20 f\u00e9vrier 1998","publisher_availability_label":"Sur commande","short_details":"Fostieris Andonis \u2014 Desmos","translator":null,"weight":200,"page_count":null,"readership":null,"editor":"Desmos","price":1450,"published_date":"1998-02-19T23:00:00.000000Z","support":"Grand format","publisher_availability":1,"stock":0,"editions":[],"url":"https:\/\/quaidesbrumes.com\/ouvrage\/9782911427107\/la-pensee-appartient-au-deuil"},{"id":"9782874593888","title":"Radioscopies","description":"Radioscopies \" nous invite \u00e0 partager des fragments de vie, d'impressions, de r\u00e9volte, de bonheur et de mouvements d'humeur de Ghislaine Renard. \" ( Gis\u00e8le Toussaint) Il ne faut certes pas tout prendre au pied de la lettre, car l'auteur se laisse impr\u00e9gner par \" l'air ambiant \" pour laisser courir sa plume.\r","authors":["Ghislaine Renard"],"category_codes":["1000000","1090000"],"visuals":{"large":"https:\/\/images.epagine.fr\/888\/9782874593888_1_75.jpg","medium":"https:\/\/images.epagine.fr\/888\/9782874593888_1_m.jpg","thumbnail":"https:\/\/images.epagine.fr\/888\/9782874593888_1_v.jpg"},"orderable":true,"show_badge":true,"formatted_price":"17,90&nbsp;\u20ac","formatted_published_date":"1er avril 2009","publisher_availability_label":"Sur commande","short_details":"Ghislaine Renard \u2014 Chloe Des Lys","translator":null,"weight":150,"page_count":93,"readership":null,"editor":"Chloe Des Lys","price":1790,"published_date":"2009-03-31T22:00:00.000000Z","support":"Grand format","publisher_availability":1,"stock":0,"editions":[],"url":"https:\/\/quaidesbrumes.com\/ouvrage\/9782874593888\/radioscopies"},{"id":"9782911427008","title":"Ballade","description":null,"authors":["Mih\u00e0lis Ganas"],"category_codes":["1000000","1090000"],"visuals":{"large":"https:\/\/images.epagine.fr\/008\/9782911427008_1_75.jpg","medium":"https:\/\/images.epagine.fr\/008\/9782911427008_1_m.jpg","thumbnail":"https:\/\/images.epagine.fr\/008\/9782911427008_1_v.jpg"},"orderable":true,"show_badge":true,"formatted_price":"13,00&nbsp;\u20ac","formatted_published_date":"21 mars 1996","publisher_availability_label":"Sur commande","short_details":"Mih\u00e0lis Ganas \u2014 Desmos","translator":null,"weight":140,"page_count":null,"readership":null,"editor":"Desmos","price":1300,"published_date":"1996-03-20T23:00:00.000000Z","support":"Grand format","publisher_availability":1,"stock":0,"editions":[],"url":"https:\/\/quaidesbrumes.com\/ouvrage\/9782911427008\/ballade"},{"id":"9782874593895","title":"Les temps du r\u00eave","description":null,"authors":["Paul Van Melle"],"category_codes":["1000000","1090000"],"visuals":{"large":"https:\/\/quaidesbrumes.com\/img\/book-placeholder.png","medium":"https:\/\/quaidesbrumes.com\/img\/book-placeholder.png","thumbnail":"https:\/\/quaidesbrumes.com\/img\/book-placeholder.png"},"orderable":true,"show_badge":true,"formatted_price":"17,90&nbsp;\u20ac","formatted_published_date":"1er avril 2009","publisher_availability_label":"Sur commande","short_details":"Paul Van Melle \u2014 Chloe Des Lys","translator":null,"weight":150,"page_count":null,"readership":null,"editor":"Chloe Des Lys","price":1790,"published_date":"2009-03-31T22:00:00.000000Z","support":"Grand format","publisher_availability":1,"stock":0,"editions":[],"url":"https:\/\/quaidesbrumes.com\/ouvrage\/9782874593895\/les-temps-du-reve"},{"id":"9782911427091","title":"Descendant de la nuit","description":null,"authors":["Karouzos Nikos"],"category_codes":["1000000","1090000"],"visuals":{"large":"https:\/\/images.epagine.fr\/091\/9782911427091_1_75.jpg","medium":"https:\/\/images.epagine.fr\/091\/9782911427091_1_m.jpg","thumbnail":"https:\/\/images.epagine.fr\/091\/9782911427091_1_v.jpg"},"orderable":true,"show_badge":true,"formatted_price":"14,50&nbsp;\u20ac","formatted_published_date":"15 f\u00e9vrier 1998","publisher_availability_label":"Sur commande","short_details":"Karouzos Nikos \u2014 Desmos","translator":null,"weight":180,"page_count":null,"readership":null,"editor":"Desmos","price":1450,"published_date":"1998-02-14T23:00:00.000000Z","support":"Grand format","publisher_availability":1,"stock":0,"editions":[],"url":"https:\/\/quaidesbrumes.com\/ouvrage\/9782911427091\/descendant-de-la-nuit"},{"id":"9782924097090","title":"Debout, dignite","description":null,"authors":["Keita Lassina"],"category_codes":["1000000","1090000"],"visuals":{"large":"https:\/\/quaidesbrumes.com\/img\/book-placeholder.png","medium":"https:\/\/quaidesbrumes.com\/img\/book-placeholder.png","thumbnail":"https:\/\/quaidesbrumes.com\/img\/book-placeholder.png"},"orderable":true,"show_badge":true,"formatted_price":"20,00&nbsp;\u20ac","formatted_published_date":"2 avril 2013","publisher_availability_label":"Sur commande","short_details":"Keita Lassina \u2014 Dhart","translator":null,"weight":132,"page_count":null,"readership":null,"editor":"Dhart","price":2000,"published_date":"2013-04-01T22:00:00.000000Z","support":"Grand format","publisher_availability":1,"stock":0,"editions":[],"url":"https:\/\/quaidesbrumes.com\/ouvrage\/9782924097090\/debout-dignite"},{"id":"9782868660244","title":"Flocadas aurivas","description":null,"authors":["Patric Guilhemjoan"],"category_codes":["1000000","1090000"],"visuals":{"large":"https:\/\/images.epagine.fr\/244\/9782868660244_1_75.jpg","medium":"https:\/\/images.epagine.fr\/244\/9782868660244_1_m.jpg","thumbnail":"https:\/\/images.epagine.fr\/244\/9782868660244_1_v.jpg"},"orderable":true,"show_badge":true,"formatted_price":"15,00&nbsp;\u20ac","formatted_published_date":"1er janvier 2003","publisher_availability_label":"Sur commande","short_details":"Patric Guilhemjoan \u2014 Per Noste","translator":null,"weight":290,"page_count":null,"readership":null,"editor":"Per Noste","price":1500,"published_date":"2002-12-31T23:00:00.000000Z","support":"Grand format","publisher_availability":1,"stock":0,"editions":[],"url":"https:\/\/quaidesbrumes.com\/ouvrage\/9782868660244\/flocadas-aurivas"},{"id":"9782812105883","title":"Po\u00e8me crayon","description":"Tel un volcan, le po\u00e8te prend une forme conique. Son magma le verbe, suit les \u00e9lans de ses humeurs. Quand le po\u00e8me est dit, il est comme il vient, quittant son crat\u00e8re et va au gr\u00e8s de la pesanteur. S'il est fait de charbon, il br\u00fblera, se transformant en crayon, afin qu'il serve \u00e0 \u00e9crire des mots parmi des phrases qui iront en grandissant jusqu'\u00e0 avoir peur d'une gomme.\r","authors":["Karim Ayatti"],"category_codes":["1000000","1090000"],"visuals":{"large":"https:\/\/images.epagine.fr\/883\/9782812105883_1_75.jpg","medium":"https:\/\/images.epagine.fr\/883\/9782812105883_1_m.jpg","thumbnail":"https:\/\/images.epagine.fr\/883\/9782812105883_1_v.jpg"},"orderable":true,"show_badge":true,"formatted_price":"8,00&nbsp;\u20ac","formatted_published_date":"15 janvier 2009","publisher_availability_label":"Sur commande","short_details":"Karim Ayatti \u2014 Edilivre","translator":null,"weight":38,"page_count":60,"readership":null,"editor":"Edilivre","price":800,"published_date":"2009-01-14T23:00:00.000000Z","support":"Grand format","publisher_availability":1,"stock":0,"editions":[],"url":"https:\/\/quaidesbrumes.com\/ouvrage\/9782812105883\/poeme-crayon"},{"id":"9782854466744","title":"En guise de codicille, suivi de fantomes de midi","description":null,"authors":["Fran\u00e7ois Lescun"],"category_codes":["1000000","1090000","1090200"],"visuals":{"large":"https:\/\/quaidesbrumes.com\/img\/book-placeholder.png","medium":"https:\/\/quaidesbrumes.com\/img\/book-placeholder.png","thumbnail":"https:\/\/quaidesbrumes.com\/img\/book-placeholder.png"},"orderable":true,"show_badge":true,"formatted_price":"30,00&nbsp;\u20ac","formatted_published_date":"9 janvier 2024","publisher_availability_label":"Sur commande","short_details":"Fran\u00e7ois Lescun \u2014 Caracteres","translator":null,"weight":50,"page_count":null,"readership":null,"editor":"Caracteres","price":3000,"published_date":"2024-01-08T23:00:00.000000Z","support":"Grand format","publisher_availability":1,"stock":0,"editions":[],"url":"https:\/\/quaidesbrumes.com\/ouvrage\/9782854466744\/en-guise-de-codicille-suivi-de-fantomes-de-midi"},{"id":"9782915715194","title":"Petit soleil","description":"\" L'histoire de Petit Soleil commence au lever du jour. C'est l'histoire d'une ombre, comme toutes les histoires que je lis sur le mur quand je t'attends. Et l'ombre de Petit Soleil tourne lentement au ras des p\u00e2tures. Et les p\u00e2tures o\u00f9 tourne son ombre appartiennent au maquignon. Alors le maquignon peut dire : je poss\u00e8de toutes les p\u00e2tures et j'ai aussi Petit Soleil. \"\r","authors":["Pascal Comm\u00e8re"],"category_codes":["1000000","1090000"],"visuals":{"large":"https:\/\/images.epagine.fr\/194\/9782915715194_1_75.jpg","medium":"https:\/\/images.epagine.fr\/194\/9782915715194_1_m.jpg","thumbnail":"https:\/\/images.epagine.fr\/194\/9782915715194_1_v.jpg"},"orderable":true,"show_badge":true,"formatted_price":"7,00&nbsp;\u20ac","formatted_published_date":"26 octobre 2009","publisher_availability_label":"Sur commande","short_details":"Pascal Comm\u00e8re \u2014 Circa 1924","translator":null,"weight":28,"page_count":null,"readership":null,"editor":"Circa 1924","price":700,"published_date":"2009-10-25T23:00:00.000000Z","support":"Grand format","publisher_availability":1,"stock":0,"editions":[],"url":"https:\/\/quaidesbrumes.com\/ouvrage\/9782915715194\/petit-soleil"},{"id":"9782296542051","title":"M\u00eame la t\u00eate sous l'eau, elle fait encore des bulles","description":"Une parole qui fut scell\u00e9e est enfin prononc\u00e9e. L'\u00e9criture po\u00e9tique se pr\u00eate au d\u00e9mant\u00e8lement des articulations du discours convenu : transgression des diktats et des normes. Elle convient au message d\u00e9rangeant et douloureux port\u00e9 par le f\u00e9minisme du recueil : pour dire les barbaries qui profanent les corps et les \u00e2mes, les structures du langage se brisent et livrent le passage aux cris trop longtemps contenus.\r","authors":["Genevi\u00e8ve Cornu"],"category_codes":["1000000","1090000"],"visuals":{"large":"https:\/\/images.epagine.fr\/051\/9782296542051_1_75.jpg","medium":"https:\/\/images.epagine.fr\/051\/9782296542051_1_m.jpg","thumbnail":"https:\/\/images.epagine.fr\/051\/9782296542051_1_v.jpg"},"orderable":true,"show_badge":true,"formatted_price":"11,00&nbsp;\u20ac","formatted_published_date":"12 janvier 2011","publisher_availability_label":"Sur commande","short_details":"Genevi\u00e8ve Cornu \u2014 \u00c9ditions L'Harmattan","translator":null,"weight":80,"page_count":58,"readership":null,"editor":"\u00c9ditions L'Harmattan","price":1100,"published_date":"2011-01-11T23:00:00.000000Z","support":"Grand format","publisher_availability":1,"stock":0,"editions":[],"url":"https:\/\/quaidesbrumes.com\/ouvrage\/9782296542051\/meme-la-tete-sous-leau-elle-fait-encore-des-bulles"},{"id":"9782878677751","title":"Les larmes du silence","description":null,"authors":["Justine Bocchi"],"category_codes":["1000000","1090000"],"visuals":{"large":"https:\/\/quaidesbrumes.com\/img\/book-placeholder.png","medium":"https:\/\/quaidesbrumes.com\/img\/book-placeholder.png","thumbnail":"https:\/\/quaidesbrumes.com\/img\/book-placeholder.png"},"orderable":true,"show_badge":true,"formatted_price":"20,00&nbsp;\u20ac","formatted_published_date":"20 d\u00e9cembre 2006","publisher_availability_label":"Sur commande","short_details":"Justine Bocchi \u2014 Presses Du Midi","translator":null,"weight":248,"page_count":null,"readership":null,"editor":"Presses Du Midi","price":2000,"published_date":"2006-12-19T23:00:00.000000Z","support":"Grand format","publisher_availability":1,"stock":0,"editions":[],"url":"https:\/\/quaidesbrumes.com\/ouvrage\/9782878677751\/les-larmes-du-silence"},{"id":"9782296055278","title":"L'entre-deux","description":"Helga et Johan habitent Berlin-Est avec leur fille Hannah, 7 ans. Helga est infirmi\u00e8re, Johan artiste-peintre. Ils sont heureux. Matthias habite Berlin-Ouest. Il \u00e9tait employ\u00e9 \u00e0 la poste mais a voulu devenir son propre patron. Il vend des bretzels. Il est divorc\u00e9, vit seul, a une fille, Gudrun, du m\u00eame \u00e2ge qu'Hannah. Il est heureux. Helga, apr\u00e8s la chute du Mur, va voir comment cela se passe de \"l'autre c\u00f4t\u00e9\", elle y rencontre Matthias...\r","authors":["Madonna Desbazeille"],"category_codes":["1000000","1090000"],"visuals":{"large":"https:\/\/images.epagine.fr\/278\/9782296055278_1_75.jpg","medium":"https:\/\/images.epagine.fr\/278\/9782296055278_1_m.jpg","thumbnail":"https:\/\/images.epagine.fr\/278\/9782296055278_1_v.jpg"},"orderable":true,"show_badge":true,"formatted_price":"12,00&nbsp;\u20ac","formatted_published_date":"30 mai 2008","publisher_availability_label":"Sur commande","short_details":"Madonna Desbazeille \u2014 \u00c9ditions L'Harmattan","translator":null,"weight":125,"page_count":102,"readership":null,"editor":"\u00c9ditions L'Harmattan","price":1200,"published_date":"2008-05-29T22:00:00.000000Z","support":"Poche","publisher_availability":1,"stock":0,"editions":[],"url":"https:\/\/quaidesbrumes.com\/ouvrage\/9782296055278\/lentre-deux"},{"id":"9782382680377","title":"Une larme ; sur une une feuille","description":null,"authors":["Henri Vandenbulcke"],"category_codes":["1000000","1090000"],"visuals":{"large":"https:\/\/images.epagine.fr\/377\/9782382680377_1_75.jpg","medium":"https:\/\/images.epagine.fr\/377\/9782382680377_1_m.jpg","thumbnail":"https:\/\/images.epagine.fr\/377\/9782382680377_1_v.jpg"},"orderable":true,"show_badge":true,"formatted_price":"10,00&nbsp;\u20ac","formatted_published_date":"24 mars 2021","publisher_availability_label":"Sur commande","short_details":"Henri Vandenbulcke \u2014 France Libris","translator":null,"weight":130,"page_count":86,"readership":null,"editor":"France Libris","price":1000,"published_date":"2021-03-23T23:00:00.000000Z","support":"Grand format","publisher_availability":1,"stock":0,"editions":[],"url":"https:\/\/quaidesbrumes.com\/ouvrage\/9782382680377\/une-larme-sur-une-une-feuille"},{"id":"9782296102712","title":"\u00e9l\u00e9gies pour Nicolas","description":"\u00c9l\u00e9gies pour Nicolas est un condens\u00e9 de douleur que les larmes n'ont pas suffit \u00e0 att\u00e9nuer. V\u00e9ritable \u00e9ph\u00e9m\u00e9ride du malheur, ce recueil couvre les jours sans soleil qui ont suivi ce triste 10 janvier 2006 et se referme quasiment sur l'anniversaire de cette date fatidique. A travers des vers charg\u00e9s de regrets, certes, mais \u00e9clair\u00e9s par l'amour et l'esp\u00e9rance, une pr\u00e9sence survit \u00e0 la mort ; tel est le message livr\u00e9 dans ces po\u00e8mes.\r","authors":["Johayna fran\u00e7oise Bassene"],"category_codes":["1000000","1090000"],"visuals":{"large":"https:\/\/images.epagine.fr\/712\/9782296102712_1_75.jpg","medium":"https:\/\/images.epagine.fr\/712\/9782296102712_1_m.jpg","thumbnail":"https:\/\/images.epagine.fr\/712\/9782296102712_1_v.jpg"},"orderable":true,"show_badge":true,"formatted_price":"11,00&nbsp;\u20ac","formatted_published_date":"17 juin 2010","publisher_availability_label":"Sur commande","short_details":"Johayna fran\u00e7oise Bassene \u2014 \u00c9ditions L'Harmattan","translator":null,"weight":92,"page_count":68,"readership":null,"editor":"\u00c9ditions L'Harmattan","price":1100,"published_date":"2010-06-16T22:00:00.000000Z","support":"Grand format","publisher_availability":1,"stock":0,"editions":[],"url":"https:\/\/quaidesbrumes.com\/ouvrage\/9782296102712\/elegies-pour-nicolas"},{"id":"9782952398701","title":"La cit\u00e9 a des d\u00e9viations ; les HLM maritimes","description":null,"authors":["Nathalie Bontemps"],"category_codes":["1000000","1090000"],"visuals":{"large":"https:\/\/quaidesbrumes.com\/img\/book-placeholder.png","medium":"https:\/\/quaidesbrumes.com\/img\/book-placeholder.png","thumbnail":"https:\/\/quaidesbrumes.com\/img\/book-placeholder.png"},"orderable":true,"show_badge":true,"formatted_price":"8,00&nbsp;\u20ac","formatted_published_date":"1er septembre 2005","publisher_availability_label":"Sur commande","short_details":"Nathalie Bontemps \u2014 P'Tits Papiers","translator":null,"weight":100,"page_count":null,"readership":null,"editor":"P'Tits Papiers","price":800,"published_date":"2005-08-31T22:00:00.000000Z","support":"Grand format","publisher_availability":1,"stock":0,"editions":[],"url":"https:\/\/quaidesbrumes.com\/ouvrage\/9782952398701\/la-cite-a-des-deviations-les-hlm-maritimes"},{"id":"9782296102743","title":"Mes joies de vie ; recueil de po\u00e8mes","description":"Le temps qui passe ne peut plus m'emp\u00eacher de percevoir la beaut\u00e9 qui se cache dans toute r\u00e9alit\u00e9. Tel est le credo de Takia.\r\nDans ce recueil, Perles d'eau douce nous plonge \u00e0 travers les sensations d'une po\u00e9tesse, dans son univers \u00e0 la fois kal\u00e9idoscopique et pittoresque, dont elle s'efforce de peindre les multiples facettes. Tandis que, toujours dans un style simple, L'Extasi\u00e9e et L'Agenouill\u00e9e se veulent d\u00e9claration d'amour et de confiance en l'Absolu et la Transcendance auxquels elle croit.","authors":["Takia nafissato Fall"],"category_codes":["1000000","1090000"],"visuals":{"large":"https:\/\/images.epagine.fr\/743\/9782296102743_1_75.jpg","medium":"https:\/\/images.epagine.fr\/743\/9782296102743_1_m.jpg","thumbnail":"https:\/\/images.epagine.fr\/743\/9782296102743_1_v.jpg"},"orderable":true,"show_badge":true,"formatted_price":"12,00&nbsp;\u20ac","formatted_published_date":"17 juin 2010","publisher_availability_label":"Sur commande","short_details":"Takia nafissato Fall \u2014 \u00c9ditions L'Harmattan","translator":null,"weight":108,"page_count":82,"readership":null,"editor":"\u00c9ditions L'Harmattan","price":1200,"published_date":"2010-06-16T22:00:00.000000Z","support":"Grand format","publisher_availability":1,"stock":0,"editions":[],"url":"https:\/\/quaidesbrumes.com\/ouvrage\/9782296102743\/mes-joies-de-vie-recueil-de-poemes"},{"id":"9782358740036","title":"L'obscur paradis et les sommets noirs","description":null,"authors":["Lancelot Duprat-roum"],"category_codes":["1000000","1090000"],"visuals":{"large":"https:\/\/quaidesbrumes.com\/img\/book-placeholder.png","medium":"https:\/\/quaidesbrumes.com\/img\/book-placeholder.png","thumbnail":"https:\/\/quaidesbrumes.com\/img\/book-placeholder.png"},"orderable":true,"show_badge":true,"formatted_price":"9,00&nbsp;\u20ac","formatted_published_date":"8 f\u00e9vrier 2009","publisher_availability_label":"Sur commande","short_details":"Lancelot Duprat-roum \u2014 Manoirante","translator":null,"weight":77,"page_count":null,"readership":null,"editor":"Manoirante","price":900,"published_date":"2009-02-07T23:00:00.000000Z","support":"Grand format","publisher_availability":1,"stock":0,"editions":[],"url":"https:\/\/quaidesbrumes.com\/ouvrage\/9782358740036\/lobscur-paradis-et-les-sommets-noirs"},{"id":"9782915715200","title":"Poissons primitifs","description":"\" Avec les lignes de mes phrases je surveille les hame\u00e7ons que j'ai lanc\u00e9s aux profondeurs non seulement des oc\u00e9ans mais des \u00e8res g\u00e9ologiques \"\r","authors":["Michel Butor"],"category_codes":["1000000","1090000"],"visuals":{"large":"https:\/\/images.epagine.fr\/200\/9782915715200_1_75.jpg","medium":"https:\/\/images.epagine.fr\/200\/9782915715200_1_m.jpg","thumbnail":"https:\/\/images.epagine.fr\/200\/9782915715200_1_v.jpg"},"orderable":true,"show_badge":true,"formatted_price":"7,00&nbsp;\u20ac","formatted_published_date":"26 octobre 2009","publisher_availability_label":"Sur commande","short_details":"Michel Butor \u2014 Circa 1924","translator":null,"weight":28,"page_count":null,"readership":null,"editor":"Circa 1924","price":700,"published_date":"2009-10-25T23:00:00.000000Z","support":"Grand format","publisher_availability":1,"stock":0,"editions":[],"url":"https:\/\/quaidesbrumes.com\/ouvrage\/9782915715200\/poissons-primitifs"},{"id":"9782952920568","title":"Tout en gr\u00e2ce","description":"On ne pr\u00e9sente plus Gr\u00e2ce de Capitani, actrice de th\u00e9\u00e2tre, de cin\u00e9ma et de t\u00e9l\u00e9vision.\r\n\r\nLes r\u00f4les frivoles ou tragiques qu'elle a servis de son talent sont dans les m\u00e9moires, qu'il s'agisse du Misanthrope, des Ripoux, ou des Sous-dou\u00e9s.\r\nMais cette com\u00e9dienne belle et brillante, cultive depuis son plus jeune \u00e2ge une po\u00e9sie personnelle et originale, en toute discr\u00e9tion, dans un jardin secret dont elle nous ouvre la porte pour nous dire, de sa voix \u00e0 nulle autre pareille, quelques textes qu'elle y a cueillis.\r\n\r\nAme \u00e0 la fois po\u00e8te mais bien cal\u00e9e dans la r\u00e9alit\u00e9, Gr\u00e2ce de Capitani conserve ses myst\u00e8res pour une magie sans cesse renouvel\u00e9e car, au fond, la gr\u00e2ce supr\u00eame n'est-elle pas d'\u00eatre toutes les femmes ?\r\n\r\nUn vrai \"Moment de gr\u00e2ce\" qu'elle d\u00e9die \u00e0 ses enfants Julien et Christophe.\r","authors":["Gr\u00e2ce de Capitani"],"category_codes":["1000000","1090000"],"visuals":{"large":"https:\/\/images.epagine.fr\/568\/9782952920568_1_75.jpg","medium":"https:\/\/images.epagine.fr\/568\/9782952920568_1_m.jpg","thumbnail":"https:\/\/images.epagine.fr\/568\/9782952920568_1_v.jpg"},"orderable":true,"show_badge":true,"formatted_price":"0,00&nbsp;\u20ac","formatted_published_date":"20 septembre 2009","publisher_availability_label":"Sur commande","short_details":"Gr\u00e2ce de Capitani \u2014 Jussiaux","translator":null,"weight":75,"page_count":null,"readership":null,"editor":"Jussiaux","price":0,"published_date":"2009-09-19T22:00:00.000000Z","support":"CD Audio","publisher_availability":1,"stock":0,"editions":[],"url":"https:\/\/quaidesbrumes.com\/ouvrage\/9782952920568\/tout-en-grace"},{"id":"9782917268254","title":"Br\u00e8ves des \u00eeles ; br\u00e8ves de mer","description":null,"authors":["Genevi\u00e8ve Silvestro"],"category_codes":["1000000","1090000"],"visuals":{"large":"https:\/\/quaidesbrumes.com\/img\/book-placeholder.png","medium":"https:\/\/quaidesbrumes.com\/img\/book-placeholder.png","thumbnail":"https:\/\/quaidesbrumes.com\/img\/book-placeholder.png"},"orderable":true,"show_badge":true,"formatted_price":"12,00&nbsp;\u20ac","formatted_published_date":"17 mars 2009","publisher_availability_label":"Sur commande","short_details":"Genevi\u00e8ve Silvestro \u2014 Des Silves","translator":null,"weight":50,"page_count":48,"readership":null,"editor":"Des Silves","price":1200,"published_date":"2009-03-16T23:00:00.000000Z","support":"Grand format","publisher_availability":1,"stock":0,"editions":[],"url":"https:\/\/quaidesbrumes.com\/ouvrage\/9782917268254\/breves-des-iles-breves-de-mer"}]}