{"data":[{"id":"9791091197403","title":"Mots et couleurs (vol 5)","description":null,"authors":["Anne-Marie\/Remiane"],"category_codes":["1000000","1090000"],"visuals":{"large":"https:\/\/quaidesbrumes.com\/img\/book-placeholder.png","medium":"https:\/\/quaidesbrumes.com\/img\/book-placeholder.png","thumbnail":"https:\/\/quaidesbrumes.com\/img\/book-placeholder.png"},"orderable":true,"show_badge":true,"formatted_price":"15,00&nbsp;\u20ac","formatted_published_date":"31 ao\u00fbt 2013","publisher_availability_label":"Sur commande","short_details":"Anne-Marie\/Remiane \u2014 MEMO LANDE","translator":null,"weight":150,"page_count":null,"readership":null,"editor":"MEMO LANDE","price":1500,"published_date":"2013-08-30T22:00:00.000000Z","support":"Grand format","publisher_availability":1,"stock":0,"editions":[],"url":"https:\/\/quaidesbrumes.com\/ouvrage\/9791091197403\/mots-et-couleurs-vol-5"},{"id":"9782355832314","title":"Le lutrin","description":null,"authors":["Nicolas Boileau"],"category_codes":["1000000","1030000","1030300"],"visuals":{"large":"https:\/\/quaidesbrumes.com\/img\/book-placeholder.png","medium":"https:\/\/quaidesbrumes.com\/img\/book-placeholder.png","thumbnail":"https:\/\/quaidesbrumes.com\/img\/book-placeholder.png"},"orderable":true,"show_badge":true,"formatted_price":"11,00&nbsp;\u20ac","formatted_published_date":"21 mars 2019","publisher_availability_label":"Sur commande","short_details":"Nicolas Boileau \u2014 L'Escalier","translator":null,"weight":70,"page_count":null,"readership":null,"editor":"L'Escalier","price":1100,"published_date":"2019-03-20T23:00:00.000000Z","support":"Grand format","publisher_availability":1,"stock":0,"editions":[],"url":"https:\/\/quaidesbrumes.com\/ouvrage\/9782355832314\/le-lutrin"},{"id":"9782874592546","title":"Des fleurs pour akira","description":null,"authors":["Stiernon Jeoffrey"],"category_codes":["1000000","1090000"],"visuals":{"large":"https:\/\/quaidesbrumes.com\/img\/book-placeholder.png","medium":"https:\/\/quaidesbrumes.com\/img\/book-placeholder.png","thumbnail":"https:\/\/quaidesbrumes.com\/img\/book-placeholder.png"},"orderable":true,"show_badge":true,"formatted_price":"16,40&nbsp;\u20ac","formatted_published_date":"1er octobre 2007","publisher_availability_label":"Sur commande","short_details":"Stiernon Jeoffrey \u2014 Chloe Des Lys","translator":null,"weight":150,"page_count":null,"readership":null,"editor":"Chloe Des Lys","price":1640,"published_date":"2007-09-30T22:00:00.000000Z","support":"Grand format","publisher_availability":1,"stock":0,"editions":[],"url":"https:\/\/quaidesbrumes.com\/ouvrage\/9782874592546\/des-fleurs-pour-akira"},{"id":"9782917698358","title":"Collier d'entre rives","description":"-Ayo ! Ah, Y\u00e9ma ! Maman, je t'en supplie ! Ne me laisse pas dans ce bled pourri... Tu m'as dit  que nous ne sommes l\u00e0 que pour un mois. Qu'est-ce que tu veux que je devienne ici ? Je ferai  tout ce que tu veux ! S'il te pla\u00eet ! Laisse-moi repartir avec vous... J'oublierai ce gar\u00e7on, je te le  jure ! Je l'oublierai !  \r\n \r\nCollier d'entre rives est le second roman de Nora Chaouche.","authors":["Nora Chaouche"],"category_codes":["1000000","1090000"],"visuals":{"large":"https:\/\/images.epagine.fr\/358\/9782917698358_1_75.jpg","medium":"https:\/\/images.epagine.fr\/358\/9782917698358_1_m.jpg","thumbnail":"https:\/\/images.epagine.fr\/358\/9782917698358_1_v.jpg"},"orderable":true,"show_badge":true,"formatted_price":"10,00&nbsp;\u20ac","formatted_published_date":"1er octobre 2009","publisher_availability_label":"Sur commande","short_details":"Nora Chaouche \u2014 Editions Henry","translator":null,"weight":147,"page_count":104,"readership":null,"editor":"Editions Henry","price":1000,"published_date":"2009-09-30T22:00:00.000000Z","support":"Grand format","publisher_availability":1,"stock":0,"editions":[],"url":"https:\/\/quaidesbrumes.com\/ouvrage\/9782917698358\/collier-dentre-rives"},{"id":"9782878678048","title":"L'unit\u00e9 divine","description":null,"authors":["Hubert Vittet"],"category_codes":["1000000","1090000"],"visuals":{"large":"https:\/\/quaidesbrumes.com\/img\/book-placeholder.png","medium":"https:\/\/quaidesbrumes.com\/img\/book-placeholder.png","thumbnail":"https:\/\/quaidesbrumes.com\/img\/book-placeholder.png"},"orderable":true,"show_badge":true,"formatted_price":"12,00&nbsp;\u20ac","formatted_published_date":"20 mars 2007","publisher_availability_label":"Sur commande","short_details":"Hubert Vittet \u2014 Presses Du Midi","translator":null,"weight":136,"page_count":null,"readership":null,"editor":"Presses Du Midi","price":1200,"published_date":"2007-03-19T23:00:00.000000Z","support":"Grand format","publisher_availability":1,"stock":0,"editions":[],"url":"https:\/\/quaidesbrumes.com\/ouvrage\/9782878678048\/lunite-divine"},{"id":"9782874593956","title":"Les Ephebiades","description":null,"authors":["Bertrand Van Autryve"],"category_codes":["1000000","1090000"],"visuals":{"large":"https:\/\/quaidesbrumes.com\/img\/book-placeholder.png","medium":"https:\/\/quaidesbrumes.com\/img\/book-placeholder.png","thumbnail":"https:\/\/quaidesbrumes.com\/img\/book-placeholder.png"},"orderable":true,"show_badge":true,"formatted_price":"13,60&nbsp;\u20ac","formatted_published_date":"1er avril 2009","publisher_availability_label":"Sur commande","short_details":"Bertrand Van Autryve \u2014 Chloe Des Lys","translator":null,"weight":150,"page_count":null,"readership":null,"editor":"Chloe Des Lys","price":1360,"published_date":"2009-03-31T22:00:00.000000Z","support":"Grand format","publisher_availability":1,"stock":0,"editions":[],"url":"https:\/\/quaidesbrumes.com\/ouvrage\/9782874593956\/les-ephebiades"},{"id":"9782296993723","title":"Po\u00e9sie de la premi\u00e8re catastrophe ferroviaire ; Meudon 1842, analyse et anthologie de po\u00e8mes contemporains","description":"Les suites tragiques du premier accident du rail en France (Meudon, 1842) suscitent des impressions tr\u00e8s fortes dans l''imaginaire des hommes et des femmes de l'\u00e9poque. Pour la premi\u00e8re fois dans l'histoire, le rail rentre \u00e0 plein titre dans les pages de litt\u00e9rature : onze po\u00e8mes compos\u00e9s en fran\u00e7ais entre 1842 et 1845 sont enti\u00e8rement consacr\u00e9s \u00e0 l'accident de Meudon. Ils prennent la forme de lamentations, de satires, d'\u00e9l\u00e9gies. On y retrouve les fluctuations de l'opinion publique : le d\u00e9sarroi et l'angoisse face aux atrocit\u00e9s de l'accident mais aussi la volont\u00e9 de r\u00e9agir \u00e0 la catastrophe.","authors":["Tommaso Meldolesi"],"category_codes":["1000000","1090000"],"visuals":{"large":"https:\/\/images.epagine.fr\/723\/9782296993723_1_75.jpg","medium":"https:\/\/images.epagine.fr\/723\/9782296993723_1_m.jpg","thumbnail":"https:\/\/images.epagine.fr\/723\/9782296993723_1_v.jpg"},"orderable":true,"show_badge":true,"formatted_price":"21,50&nbsp;\u20ac","formatted_published_date":"29 octobre 2012","publisher_availability_label":"Sur commande","short_details":"Tommaso Meldolesi \u2014 \u00c9ditions L'Harmattan","translator":null,"weight":250,"page_count":196,"readership":null,"editor":"\u00c9ditions L'Harmattan","price":2150,"published_date":"2012-10-28T23:00:00.000000Z","support":"Grand format","publisher_availability":1,"stock":0,"editions":[],"url":"https:\/\/quaidesbrumes.com\/ouvrage\/9782296993723\/poesie-de-la-premiere-catastrophe-ferroviaire-meudon-1842-analyse-et-anthologie-de-poemes-contemporains"},{"id":"9782849241288","title":"La voix lumi\u00e8re","description":"Le po\u00e8te chante la libert\u00e9 de sa voix et des voix du monde.\r\nIl choisit douze voix, pour exprimer l'essence de cette aube du troisi\u00e8me mill\u00e9naire : du po\u00e8te, de l'amour, de la musique, du r\u00eave, de la po\u00e9sie, de la terre, des animaux, de l'autre, des langues, de la science, du ciel, de la lumi\u00e8re.\r\nChaque po\u00e8me s'ach\u00e8ve sur une chanson, mise en musique par \u00c9ric Guilleton. \r\nEntre tradition et innovation, le rythme du vers suit le chemin du Temps, \u00e0 la recherche du Lieu des Lieux, celui de la Po\u00e9sie, \u00ab sous la permanence de la lune \u00bb et du \u00ab silence \u00e9ternel \u00bb, o\u00f9 \u00ab nous mangerons le pain du feu \u00bb.","authors":["Giovanni Dotoli"],"category_codes":["1000000","1090000"],"visuals":{"large":"https:\/\/images.epagine.fr\/288\/9782849241288_1_75.jpg","medium":"https:\/\/images.epagine.fr\/288\/9782849241288_1_m.jpg","thumbnail":"https:\/\/images.epagine.fr\/288\/9782849241288_1_v.jpg"},"orderable":true,"show_badge":true,"formatted_price":"15,00&nbsp;\u20ac","formatted_published_date":"13 mars 2009","publisher_availability_label":"Sur commande","short_details":"Giovanni Dotoli \u2014 Editions Du Cygne","translator":null,"weight":200,"page_count":128,"readership":null,"editor":"Editions Du Cygne","price":1500,"published_date":"2009-03-12T23:00:00.000000Z","support":"Grand format","publisher_availability":1,"stock":0,"editions":[],"url":"https:\/\/quaidesbrumes.com\/ouvrage\/9782849241288\/la-voix-lumiere"},{"id":"9782343000404","title":"La rose de J\u00e9rusalem","description":"La Rose de J\u00e9rusalem est le carnet de voyage d'une \u00e2me en extase. Ses po\u00e8mes ne sont rien d'autre que les escales qui meublent son itin\u00e9raire vers la J\u00e9rusalem, c\u00e9leste. En le feuilletant, vous entrerez dans un train dont les wagons sont faits d'argile, de pierre, de diamant, d'\u00e9meraude et de jade. Vous y trouverez un regard pos\u00e9 sur le monde. Vous \u00e9couterez la conversation d'un jeune homme avec le divin. Vous assisterez \u00e0 ses querelles avec les d\u00e9mons...","authors":["Beno\u00eet Ndi"],"category_codes":["1000000","1090000"],"visuals":{"large":"https:\/\/images.epagine.fr\/404\/9782343000404_1_75.jpg","medium":"https:\/\/images.epagine.fr\/404\/9782343000404_1_m.jpg","thumbnail":"https:\/\/images.epagine.fr\/404\/9782343000404_1_v.jpg"},"orderable":true,"show_badge":true,"formatted_price":"12,50&nbsp;\u20ac","formatted_published_date":"18 janvier 2013","publisher_availability_label":"Sur commande","short_details":"Beno\u00eet Ndi \u2014 \u00c9ditions L'Harmattan","translator":null,"weight":85,"page_count":80,"readership":null,"editor":"\u00c9ditions L'Harmattan","price":1250,"published_date":"2013-01-17T23:00:00.000000Z","support":"Grand format","publisher_availability":1,"stock":0,"editions":[],"url":"https:\/\/quaidesbrumes.com\/ouvrage\/9782343000404\/la-rose-de-jerusalem"},{"id":"9791042300456","title":"\u00c9pop\u00e9e vagabonde : Trois recueils","description":"\u00c9pop\u00e9e Vagabonde propose une aventure po\u00e9tique en trois recueils o\u00f9 chacun peut interroger d'anciens rep\u00e8res et en cr\u00e9er de nouveaux dans sa qu\u00eate de sens. L'oeuvre est parsem\u00e9e d'enchantements et rythm\u00e9e par la magie du quatrain aux sonorit\u00e9s abondantes.\r\n\r\nBallades Antiques autour de la Mythologie grecque.\r\nContr\u00e9es \u00c9ph\u00e9m\u00e8res, o\u00f9 libre Voyage est \u00e9tat d'esprit.\r\nDestin\u00e9e Intemporelle, M\u00e9tamorphoses de th\u00e8mes.\r\n\r\n\u00ab?Tituber \u00e0 travers le flot des \u00eeles...\r\nC'est en soi inscrire son histoire.\r\nD\u00e9river dans des eaux paisibles...\r\nC'est l'endroit o\u00f9 chavire la m\u00e9moire.?\u00bb","authors":["Ioannis Christoforidis"],"category_codes":["1000000","1090000"],"visuals":{"large":"https:\/\/images.epagine.fr\/456\/9791042300456_1_75.jpg","medium":"https:\/\/images.epagine.fr\/456\/9791042300456_1_m.jpg","thumbnail":"https:\/\/images.epagine.fr\/456\/9791042300456_1_v.jpg"},"orderable":true,"show_badge":true,"formatted_price":"17,00&nbsp;\u20ac","formatted_published_date":"25 avril 2024","publisher_availability_label":"Sur commande","short_details":"Ioannis Christoforidis \u2014 VERONE","translator":null,"weight":294,"page_count":194,"readership":null,"editor":"VERONE","price":1700,"published_date":"2024-04-24T22:00:00.000000Z","support":"Grand format","publisher_availability":1,"stock":0,"editions":[],"url":"https:\/\/quaidesbrumes.com\/ouvrage\/9791042300456\/epopee-vagabonde-trois-recueils"},{"id":"9782810613946","title":"Les pens\u00e9es d'Edwige","description":"La po\u00e9sie a le pouvoir de mettre des mots sur les sentiments que parfois, nous avons du mal \u00e0 dire tout simplement.\r\nMes po\u00e8mes peuvent \u00eatre traduits comme des t\u00e9moignages ou analyses mais je l'assume car \u00e7a me plait.","authors":["B\u00e9n\u00e9dicte Hureau"],"category_codes":["1000000","1090000"],"visuals":{"large":"https:\/\/images.epagine.fr\/946\/9782810613946_1_75.jpg","medium":"https:\/\/images.epagine.fr\/946\/9782810613946_1_m.jpg","thumbnail":"https:\/\/images.epagine.fr\/946\/9782810613946_1_v.jpg"},"orderable":true,"show_badge":true,"formatted_price":"10,00&nbsp;\u20ac","formatted_published_date":"24 mars 2011","publisher_availability_label":"Sur commande","short_details":"B\u00e9n\u00e9dicte Hureau \u2014 Books on Demand","translator":null,"weight":201,"page_count":28,"readership":null,"editor":"Books on Demand","price":1000,"published_date":"2011-03-23T23:00:00.000000Z","support":"Grand format","publisher_availability":1,"stock":0,"editions":[],"url":"https:\/\/quaidesbrumes.com\/ouvrage\/9782810613946\/les-pensees-dedwige"},{"id":"9782343206721","title":"Le temps des traquenards","description":"Tout en exposant d'abord la mission d'\u00e9veilleur de conscience du po\u00e8te, ce recueil met \u00e0 nu les dures r\u00e9alit\u00e9s de la vie, ennemi permanent de l'homme contre l'am\u00e9lioration de son s\u00e9jour terrestre.","authors":["Lady Dago","Toti Fulgence Toutoukpo"],"category_codes":["1000000","1090000"],"visuals":{"large":"https:\/\/images.epagine.fr\/721\/9782343206721_1_75.jpg","medium":"https:\/\/images.epagine.fr\/721\/9782343206721_1_m.jpg","thumbnail":"https:\/\/images.epagine.fr\/721\/9782343206721_1_v.jpg"},"orderable":true,"show_badge":true,"formatted_price":"11,00&nbsp;\u20ac","formatted_published_date":"22 septembre 2020","publisher_availability_label":"Sur commande","short_details":"Lady Dago, Toti Fulgence Toutoukpo \u2014 \u00c9ditions L'Harmattan","translator":null,"weight":90,"page_count":64,"readership":null,"editor":"\u00c9ditions L'Harmattan","price":1100,"published_date":"2020-09-21T22:00:00.000000Z","support":"Grand format","publisher_availability":1,"stock":0,"editions":[],"url":"https:\/\/quaidesbrumes.com\/ouvrage\/9782343206721\/le-temps-des-traquenards"},{"id":"9782343200613","title":"Ivresse sous les tropiques","description":"Sous les tropiques, il se passe des choses que le po\u00e8te se doit de mettre au grand jour. D'abord, une incursion est faite dans une sorte d'apocalypse digne de notre si\u00e8cle. Le livre l\u00e8ve ensuite le voile sur une vie sentimentale \u00e9maill\u00e9e de doute et d'espoir mais surtout de passion, avec des notions d'honneur et de bravoure. Ce recueil r\u00e9v\u00e8le l'assujettissement de l'Afrique \u00e0 l'Occident, situation alarmante qui n\u00e9cessite une lutte pour le d\u00e9veloppement durable du continent noir.","authors":["Lady Dago","Toti Fulgence Toutoukpo"],"category_codes":["1000000","1090000"],"visuals":{"large":"https:\/\/images.epagine.fr\/613\/9782343200613_1_75.jpg","medium":"https:\/\/images.epagine.fr\/613\/9782343200613_1_m.jpg","thumbnail":"https:\/\/images.epagine.fr\/613\/9782343200613_1_v.jpg"},"orderable":true,"show_badge":true,"formatted_price":"11,00&nbsp;\u20ac","formatted_published_date":"22 septembre 2020","publisher_availability_label":"Sur commande","short_details":"Lady Dago, Toti Fulgence Toutoukpo \u2014 \u00c9ditions L'Harmattan","translator":null,"weight":97,"page_count":70,"readership":null,"editor":"\u00c9ditions L'Harmattan","price":1100,"published_date":"2020-09-21T22:00:00.000000Z","support":"Grand format","publisher_availability":1,"stock":0,"editions":[],"url":"https:\/\/quaidesbrumes.com\/ouvrage\/9782343200613\/ivresse-sous-les-tropiques"},{"id":"9782343207827","title":"Avant-veille de l'\u00e8re mariale","description":"Cet ouvrage rassemble deux po\u00e8mes non lin\u00e9aires et constitue une esquisse des combats spirituels et politiques qui pr\u00e9ludent \u00e0 une \u00e8re nouvelle pour le monde. Le recueil d\u00e9peint l'\u00e8re en question comme celle o\u00f9 sera d\u00e9voil\u00e9e une science \u00e0 la fois nouvelle et fondamentale, le protohumanisme.","authors":["S\u00e9verin Yapo"],"category_codes":["1000000","1090000"],"visuals":{"large":"https:\/\/images.epagine.fr\/827\/9782343207827_1_75.jpg","medium":"https:\/\/images.epagine.fr\/827\/9782343207827_1_m.jpg","thumbnail":"https:\/\/images.epagine.fr\/827\/9782343207827_1_v.jpg"},"orderable":true,"show_badge":true,"formatted_price":"11,00&nbsp;\u20ac","formatted_published_date":"22 septembre 2020","publisher_availability_label":"Sur commande","short_details":"S\u00e9verin Yapo \u2014 \u00c9ditions L'Harmattan","translator":null,"weight":94,"page_count":68,"readership":null,"editor":"\u00c9ditions L'Harmattan","price":1100,"published_date":"2020-09-21T22:00:00.000000Z","support":"Grand format","publisher_availability":1,"stock":0,"editions":[],"url":"https:\/\/quaidesbrumes.com\/ouvrage\/9782343207827\/avant-veille-de-lere-mariale"},{"id":"9782810617951","title":"La source : po\u00e8mes","description":"Voici le quatri\u00e8me recueil de po\u00e8mes d'Hiram.\r\n\r\nTextes sensibles, pudiques, dont le sens cach\u00e9 indique une sensibilit\u00e9 \u00e0 fleur de peau et une grande observation du monde.\r\n\r\nLe pardon est le sourire du coeur afflig\u00e9, comme il le dit lui-m\u00eame, est un des chemins qu'il emprunte, au moment de sa vie o\u00f9 tout a bascul\u00e9. \r\nSuivons-le, discr\u00e8tement, nous apprendrons beaucoup sur les choses et sur les hommes, nous en saurons plus, aussi, sur nous-m\u00eames.","authors":["Hiram"],"category_codes":["1000000","1090000"],"visuals":{"large":"https:\/\/images.epagine.fr\/951\/9782810617951_1_75.jpg","medium":"https:\/\/images.epagine.fr\/951\/9782810617951_1_m.jpg","thumbnail":"https:\/\/images.epagine.fr\/951\/9782810617951_1_v.jpg"},"orderable":true,"show_badge":true,"formatted_price":"10,50&nbsp;\u20ac","formatted_published_date":"24 mars 2010","publisher_availability_label":"Sur commande","short_details":"Hiram \u2014 Books on Demand","translator":null,"weight":201,"page_count":140,"readership":null,"editor":"Books on Demand","price":1050,"published_date":"2010-03-23T23:00:00.000000Z","support":"Grand format","publisher_availability":1,"stock":0,"editions":[],"url":"https:\/\/quaidesbrumes.com\/ouvrage\/9782810617951\/la-source-poemes"},{"id":"9782911427268","title":"La chair, beau d\u00e9sert","description":null,"authors":["Katerina Anghel\u00e0ki-rooke","Michel Volkovitch"],"category_codes":["1000000","1090000"],"visuals":{"large":"https:\/\/images.epagine.fr\/268\/9782911427268_1_75.jpg","medium":"https:\/\/images.epagine.fr\/268\/9782911427268_1_m.jpg","thumbnail":"https:\/\/images.epagine.fr\/268\/9782911427268_1_v.jpg"},"orderable":true,"show_badge":true,"formatted_price":"14,50&nbsp;\u20ac","formatted_published_date":"10 mars 2001","publisher_availability_label":"Sur commande","short_details":"Katerina Anghel\u00e0ki-rooke, Michel Volkovitch \u2014 Desmos","translator":"MICHEL VOLKOVITCH","weight":200,"page_count":null,"readership":null,"editor":"Desmos","price":1450,"published_date":"2001-03-09T23:00:00.000000Z","support":"Grand format","publisher_availability":1,"stock":0,"editions":[],"url":"https:\/\/quaidesbrumes.com\/ouvrage\/9782911427268\/la-chair-beau-desert"},{"id":"9782911427022","title":"Le temps des vaches maigres","description":null,"authors":["Dinos Christianopoulos"],"category_codes":["1000000","1090000"],"visuals":{"large":"https:\/\/images.epagine.fr\/022\/9782911427022_1_75.jpg","medium":"https:\/\/images.epagine.fr\/022\/9782911427022_1_m.jpg","thumbnail":"https:\/\/images.epagine.fr\/022\/9782911427022_1_v.jpg"},"orderable":true,"show_badge":true,"formatted_price":"14,50&nbsp;\u20ac","formatted_published_date":"21 mars 2001","publisher_availability_label":"Sur commande","short_details":"Dinos Christianopoulos \u2014 Desmos","translator":null,"weight":200,"page_count":null,"readership":null,"editor":"Desmos","price":1450,"published_date":"2001-03-20T23:00:00.000000Z","support":"Grand format","publisher_availability":1,"stock":0,"editions":[],"url":"https:\/\/quaidesbrumes.com\/ouvrage\/9782911427022\/le-temps-des-vaches-maigres"},{"id":"9782354851255","title":"Egoisme, egocentrisme et humanite","description":null,"authors":["Nicole Coppey"],"category_codes":["1000000","1090000"],"visuals":{"large":"https:\/\/quaidesbrumes.com\/img\/book-placeholder.png","medium":"https:\/\/quaidesbrumes.com\/img\/book-placeholder.png","thumbnail":"https:\/\/quaidesbrumes.com\/img\/book-placeholder.png"},"orderable":true,"show_badge":true,"formatted_price":"12,00&nbsp;\u20ac","formatted_published_date":"1er novembre 2009","publisher_availability_label":"Sur commande","short_details":"Nicole Coppey \u2014 JETS D'ENCRE","translator":null,"weight":70,"page_count":null,"readership":null,"editor":"JETS D'ENCRE","price":1200,"published_date":"2009-10-31T23:00:00.000000Z","support":"Grand format","publisher_availability":1,"stock":0,"editions":[],"url":"https:\/\/quaidesbrumes.com\/ouvrage\/9782354851255\/egoisme-egocentrisme-et-humanite"},{"id":"9782903011734","title":"Le jardin des fugues","description":null,"authors":["Hisashi Okuyama"],"category_codes":["1000000","1090000"],"visuals":{"large":"https:\/\/quaidesbrumes.com\/img\/book-placeholder.png","medium":"https:\/\/quaidesbrumes.com\/img\/book-placeholder.png","thumbnail":"https:\/\/quaidesbrumes.com\/img\/book-placeholder.png"},"orderable":true,"show_badge":true,"formatted_price":"16,00&nbsp;\u20ac","formatted_published_date":"10 mai 2008","publisher_availability_label":"Sur commande","short_details":"Hisashi Okuyama \u2014 Memoire Vivante","translator":null,"weight":150,"page_count":null,"readership":null,"editor":"Memoire Vivante","price":1600,"published_date":"2008-05-09T22:00:00.000000Z","support":"Grand format","publisher_availability":1,"stock":0,"editions":[],"url":"https:\/\/quaidesbrumes.com\/ouvrage\/9782903011734\/le-jardin-des-fugues"},{"id":"9782332488428","title":"Viens, vis, vois !","description":"\u00c0 travers ce recueil de po\u00e8mes, l?auteur se propose de revisiter les th\u00e8mes chers au Romantisme, tels que l'Amour, la Nature, la fuite du Temps... Dans un registre r\u00e9solument lyrique, il souhaite nous faire partager quelques vifs sentiments et nous faire d\u00e9couvrir une nouvelle vision des choses.","authors":["Bratiska Byron"],"category_codes":["1000000","1090000"],"visuals":{"large":"https:\/\/images.epagine.fr\/428\/9782332488428_1_75.jpg","medium":"https:\/\/images.epagine.fr\/428\/9782332488428_1_m.jpg","thumbnail":"https:\/\/images.epagine.fr\/428\/9782332488428_1_v.jpg"},"orderable":true,"show_badge":true,"formatted_price":"11,50&nbsp;\u20ac","formatted_published_date":"21 f\u00e9vrier 2012","publisher_availability_label":"Sur commande","short_details":"Bratiska Byron \u2014 Edilivre","translator":null,"weight":70,"page_count":null,"readership":null,"editor":"Edilivre","price":1150,"published_date":"2012-02-20T23:00:00.000000Z","support":"Grand format","publisher_availability":1,"stock":0,"editions":["9782332571786"],"url":"https:\/\/quaidesbrumes.com\/ouvrage\/9782332488428\/viens-vis-vois"},{"id":"9782368683576","title":"Nocturnes","description":"Il est tentant de marcher \u00e0 nouveau sur les chemins de l'enfance. Remettre ses pas sur le sentier des aiguilles, ouvrir en cachette le coffre aux tr\u00e9sors. L'imagination rebelle aime \u00e0 marcher en arri\u00e8re. Un arch\u00e9ologue sans doute, qui se retrouve parmi les temples des l\u00e9gendes et des merveilles. L'oeil cherche en vain la cl\u00e9 en t\u00eate des horizons \u00e9teints. Sur l'oc\u00e9an noir de nos consciences, il faudra bien enfin avoir ce courage des marins pour traverser l'enfer. La course circulaire des visages, sans transition, nous pousse \u00e0 r\u00e9nover l'empreinte.","authors":["Daniele Dossot"],"category_codes":["1000000","1090000","1090600"],"visuals":{"large":"https:\/\/images.epagine.fr\/576\/9782368683576_1_75.jpg","medium":"https:\/\/images.epagine.fr\/576\/9782368683576_1_m.jpg","thumbnail":"https:\/\/images.epagine.fr\/576\/9782368683576_1_v.jpg"},"orderable":true,"show_badge":true,"formatted_price":"10,00&nbsp;\u20ac","formatted_published_date":"2 d\u00e9cembre 2016","publisher_availability_label":"Sur commande","short_details":"Daniele Dossot \u2014 Stellamaris","translator":null,"weight":82,"page_count":77,"readership":null,"editor":"Stellamaris","price":1000,"published_date":"2016-12-01T23:00:00.000000Z","support":"Grand format","publisher_availability":1,"stock":0,"editions":[],"url":"https:\/\/quaidesbrumes.com\/ouvrage\/9782368683576\/nocturnes"},{"id":"9791094533215","title":"Poesie en chansons","description":null,"authors":["Gudin Veronique"],"category_codes":["1000000","1090000"],"visuals":{"large":"https:\/\/quaidesbrumes.com\/img\/book-placeholder.png","medium":"https:\/\/quaidesbrumes.com\/img\/book-placeholder.png","thumbnail":"https:\/\/quaidesbrumes.com\/img\/book-placeholder.png"},"orderable":true,"show_badge":true,"formatted_price":"20,00&nbsp;\u20ac","formatted_published_date":"22 septembre 2020","publisher_availability_label":"Sur commande","short_details":"Gudin Veronique \u2014 La Feuille De The","translator":null,"weight":188,"page_count":null,"readership":null,"editor":"La Feuille De The","price":2000,"published_date":"2020-09-21T22:00:00.000000Z","support":"Grand format","publisher_availability":1,"stock":0,"editions":[],"url":"https:\/\/quaidesbrumes.com\/ouvrage\/9791094533215\/poesie-en-chansons"},{"id":"9782343123448","title":"La cavali\u00e8re","description":"\"Ce recueil traite des questions existentielles qui, d une fa\u00e7on ou d une autre, sont le lot commun \u00e0 tous les mortels: la douleur, la m\u00e9lancolie, l amour (sous toutes ses formes), la perte, la solitude, la recherche de soi, la qu\u00eate \u00e9ternelle, la spiritualit\u00e9, la lutte contre les t\u00e9n\u00e8bres, le mal, le cynisme, la d\u00e9ception etc...\"","authors":["Malado Woury Ka"],"category_codes":["1000000","1090000"],"visuals":{"large":"https:\/\/images.epagine.fr\/448\/9782343123448_1_75.jpg","medium":"https:\/\/images.epagine.fr\/448\/9782343123448_1_m.jpg","thumbnail":"https:\/\/images.epagine.fr\/448\/9782343123448_1_v.jpg"},"orderable":true,"show_badge":true,"formatted_price":"13,00&nbsp;\u20ac","formatted_published_date":"15 septembre 2017","publisher_availability_label":"Sur commande","short_details":"Malado Woury Ka \u2014 \u00c9ditions L'Harmattan","translator":null,"weight":110,"page_count":84,"readership":null,"editor":"\u00c9ditions L'Harmattan","price":1300,"published_date":"2017-09-14T22:00:00.000000Z","support":"Grand format","publisher_availability":1,"stock":0,"editions":[],"url":"https:\/\/quaidesbrumes.com\/ouvrage\/9782343123448\/la-cavaliere"},{"id":"9782910965181","title":"Le cypr\u00e8s des travailleurs","description":null,"authors":["Christodoulou D"],"category_codes":["1000000","1090000"],"visuals":{"large":"https:\/\/quaidesbrumes.com\/img\/book-placeholder.png","medium":"https:\/\/quaidesbrumes.com\/img\/book-placeholder.png","thumbnail":"https:\/\/quaidesbrumes.com\/img\/book-placeholder.png"},"orderable":true,"show_badge":true,"formatted_price":"14,50&nbsp;\u20ac","formatted_published_date":"18 d\u00e9cembre 1999","publisher_availability_label":"Sur commande","short_details":"Christodoulou D \u2014 Desmos","translator":null,"weight":200,"page_count":null,"readership":null,"editor":"Desmos","price":1450,"published_date":"1999-12-17T23:00:00.000000Z","support":"Grand format","publisher_availability":1,"stock":0,"editions":[],"url":"https:\/\/quaidesbrumes.com\/ouvrage\/9782910965181\/le-cypres-des-travailleurs"}]}