{"data":[{"id":"9782856522929","title":"L oblation","description":"?M\u00e9ditations po\u00e9tiques sur le Saint-Sacrifice de la messe.","authors":["Mgr F. Ducaud-Bourge"],"category_codes":["1000000","1090000"],"visuals":{"large":"https:\/\/images.epagine.fr\/929\/9782856522929_1_75.jpg","medium":"https:\/\/images.epagine.fr\/929\/9782856522929_1_m.jpg","thumbnail":"https:\/\/images.epagine.fr\/929\/9782856522929_1_v.jpg"},"orderable":true,"show_badge":true,"formatted_price":"10,00&nbsp;\u20ac","formatted_published_date":"1er janvier 2000","publisher_availability_label":"Sur commande","short_details":"Mgr F. Ducaud-Bourge \u2014 Dominique Martin Morin","translator":null,"weight":150,"page_count":null,"readership":null,"editor":"Dominique Martin Morin","price":1000,"published_date":"1999-12-31T23:00:00.000000Z","support":"Grand format","publisher_availability":1,"stock":0,"editions":[],"url":"https:\/\/quaidesbrumes.com\/ouvrage\/9782856522929\/l-oblation"},{"id":"9782296138254","title":"Phant\u00f4me ; le jans\u00e9niste travesti","description":"Ces deux \u00e9crits proposent \u00e0 la m\u00e9ditation quelques th\u00e8ses inspir\u00e9es de la th\u00e9ologie jans\u00e9niste de la Gr\u00e2ce, de la pr\u00e9destination et de la libert\u00e9. Cette oeuvre singuli\u00e8re s'apparente \u00e0 l'\u00e9tat d'oraison supr\u00eame o\u00f9 le dieu est reni\u00e9 selon la paradoxale extr\u00e9mit\u00e9 o\u00f9 un dieu inconscient fonde un ath\u00e9isme renouvel\u00e9.","authors":["Dominique Rouche"],"category_codes":["1000000","1090000"],"visuals":{"large":"https:\/\/images.epagine.fr\/254\/9782296138254_1_75.jpg","medium":"https:\/\/images.epagine.fr\/254\/9782296138254_1_m.jpg","thumbnail":"https:\/\/images.epagine.fr\/254\/9782296138254_1_v.jpg"},"orderable":true,"show_badge":true,"formatted_price":"15,50&nbsp;\u20ac","formatted_published_date":"7 d\u00e9cembre 2010","publisher_availability_label":"Sur commande","short_details":"Dominique Rouche \u2014 \u00c9ditions L'Harmattan","translator":null,"weight":185,"page_count":null,"readership":null,"editor":"\u00c9ditions L'Harmattan","price":1550,"published_date":"2010-12-06T23:00:00.000000Z","support":"Grand format","publisher_availability":1,"stock":0,"editions":[],"url":"https:\/\/quaidesbrumes.com\/ouvrage\/9782296138254\/phantome-le-janseniste-travesti"},{"id":"9782296097247","title":"Vers la lumi\u00e8re","description":"Jeune po\u00e8te, Fadia Elsaleh conjugue la m\u00e9taphore et le r\u00e9el dans une beaut\u00e9 fra\u00eeche et colori\u00e9e, comme sa palette de peintre. Dans ce recueil, elle d\u00e9crit, avec ses mots, ce qui l'entoure, ce qui la touche, l'amiti\u00e9 et l'amour, les moments de bonheur et les questionnements de la solitude... Vers la lumi\u00e8re nous ouvre de grandes fen\u00eatres sur le jardin du monde.","authors":["Fadia Elsaleh"],"category_codes":["1000000","1090000"],"visuals":{"large":"https:\/\/images.epagine.fr\/247\/9782296097247_1_75.jpg","medium":"https:\/\/images.epagine.fr\/247\/9782296097247_1_m.jpg","thumbnail":"https:\/\/images.epagine.fr\/247\/9782296097247_1_v.jpg"},"orderable":true,"show_badge":true,"formatted_price":"10,00&nbsp;\u20ac","formatted_published_date":"12 mars 2010","publisher_availability_label":"Sur commande","short_details":"Fadia Elsaleh \u2014 \u00c9ditions L'Harmattan","translator":null,"weight":90,"page_count":52,"readership":null,"editor":"\u00c9ditions L'Harmattan","price":1000,"published_date":"2010-03-11T23:00:00.000000Z","support":"Grand format","publisher_availability":1,"stock":0,"editions":[],"url":"https:\/\/quaidesbrumes.com\/ouvrage\/9782296097247\/vers-la-lumiere"},{"id":"9782874594083","title":"On est les allum\u00e9s","description":"\" Une des paroles de ce recueil, la solitude, la solitude et le chant de l'amour, qu'il ait comme notes la fuite des r\u00eaves, une mansarde alcoolis\u00e9e, des rues d\u00e9sol\u00e9es, des ombres pittoresques, des coeurs de petites gouapes ou bien une amante impossible. \" \" Ce recueil conte divers moments d'un homme qui aimerait bien ne pas vivre que dans la fuite de ses r\u00eaves. \"","authors":["Bruno Charrier"],"category_codes":["1000000","1090000"],"visuals":{"large":"https:\/\/images.epagine.fr\/083\/9782874594083_1_75.jpg","medium":"https:\/\/images.epagine.fr\/083\/9782874594083_1_m.jpg","thumbnail":"https:\/\/images.epagine.fr\/083\/9782874594083_1_v.jpg"},"orderable":true,"show_badge":true,"formatted_price":"15,00&nbsp;\u20ac","formatted_published_date":"1er juin 2009","publisher_availability_label":"Sur commande","short_details":"Bruno Charrier \u2014 Chloe Des Lys","translator":null,"weight":150,"page_count":66,"readership":null,"editor":"Chloe Des Lys","price":1500,"published_date":"2009-05-31T22:00:00.000000Z","support":"Grand format","publisher_availability":1,"stock":0,"editions":[],"url":"https:\/\/quaidesbrumes.com\/ouvrage\/9782874594083\/on-est-les-allumes"},{"id":"9782849241394","title":"Clameurs nomades","description":"\u00ab Vous avez le Signe \u00bb, \u00e9crivit Gaston Bachelard \u00e0 Caroutch, lyc\u00e9enne qui venait de publier Soifs.\r\nLes critiques ont souvent soulign\u00e9 le fait que la po\u00e9sie de Francesca Y. Caroutch tend vers le retour \u00e0 l'unit\u00e9, dans la lumi\u00e8re. Art de transmutation, aspirant \u00e0 la vacuit\u00e9 \u00e9tincelante et nue d'o\u00f9 tout \u00e9mane et o\u00f9 tout se r\u00e9sorbe, dans un flamboiement de saisissantes images. Po\u00e9sie mystique et charnelle, tellurique, proche, parfois, de l'univers f\u00e9erique.\r\nFrancesca Y. Caroutch est un \u00e9crivain aux identit\u00e9s multiples. Son \u00e9criture agit sur le lecteur pr\u00eat au voyage int\u00e9rieur comme un charme au sens \u00e9tymologique du terme.\r\nDenis Emorine","authors":["Yvonne Caroutch"],"category_codes":["1000000","1090000"],"visuals":{"large":"https:\/\/images.epagine.fr\/394\/9782849241394_1_75.jpg","medium":"https:\/\/images.epagine.fr\/394\/9782849241394_1_m.jpg","thumbnail":"https:\/\/images.epagine.fr\/394\/9782849241394_1_v.jpg"},"orderable":true,"show_badge":true,"formatted_price":"12,00&nbsp;\u20ac","formatted_published_date":"12 mai 2009","publisher_availability_label":"Sur commande","short_details":"Yvonne Caroutch \u2014 Editions Du Cygne","translator":null,"weight":150,"page_count":92,"readership":null,"editor":"Editions Du Cygne","price":1200,"published_date":"2009-05-11T22:00:00.000000Z","support":"Grand format","publisher_availability":1,"stock":0,"editions":[],"url":"https:\/\/quaidesbrumes.com\/ouvrage\/9782849241394\/clameurs-nomades"},{"id":"9782296138698","title":"\u00e0 l'ombre du doute ; po\u00e9sie","description":"M\u00fb par les controverses d'ici et d'ailleurs, le po\u00e8te jette dans ce recueil un regard aust\u00e8re sur le silence de l'exclusion.","authors":["Duny Fongang"],"category_codes":["1000000","1090000"],"visuals":{"large":"https:\/\/images.epagine.fr\/698\/9782296138698_1_75.jpg","medium":"https:\/\/images.epagine.fr\/698\/9782296138698_1_m.jpg","thumbnail":"https:\/\/images.epagine.fr\/698\/9782296138698_1_v.jpg"},"orderable":true,"show_badge":true,"formatted_price":"12,00&nbsp;\u20ac","formatted_published_date":"2 d\u00e9cembre 2010","publisher_availability_label":"Sur commande","short_details":"Duny Fongang \u2014 \u00c9ditions L'Harmattan","translator":null,"weight":120,"page_count":88,"readership":null,"editor":"\u00c9ditions L'Harmattan","price":1200,"published_date":"2010-12-01T23:00:00.000000Z","support":"Grand format","publisher_availability":1,"stock":0,"editions":[],"url":"https:\/\/quaidesbrumes.com\/ouvrage\/9782296138698\/a-lombre-du-doute-poesie"},{"id":"9782918777007","title":"Inconvenantes d\u00e9railleries ; quelques rondelles de prose","description":"UN LIVRE SINGULIER.\r\nD\u00e9rangeantes ? Divertissantes ? INCONVENANTES !!!\r\nLaissez-vous porter par l'univers de V\u00e9ronique, qui se joue de la vie, de ses travers et de ses petites mis\u00e8res !\r\nDans l'ordre, dans le d\u00e9sordre, comme \u00e7a vous chante, \u00e9pluchez peu \u00e0 peu, voire plus si affinit\u00e9s, ces petites tranches de vie, saupoudr\u00e9es d'un soup\u00e7on d'humour et d'une pinc\u00e9e d'amour, selon l'humeur. Le tout, agr\u00e9ment\u00e9 de fac\u00e9tieuses illustrations !","authors":["V\u00e9ronique Aubry"],"category_codes":["1000000","1090000"],"visuals":{"large":"https:\/\/images.epagine.fr\/007\/9782918777007_1_75.jpg","medium":"https:\/\/images.epagine.fr\/007\/9782918777007_1_m.jpg","thumbnail":"https:\/\/images.epagine.fr\/007\/9782918777007_1_v.jpg"},"orderable":true,"show_badge":true,"formatted_price":"17,00&nbsp;\u20ac","formatted_published_date":"30 octobre 2009","publisher_availability_label":"Sur commande","short_details":"V\u00e9ronique Aubry \u2014 Des Croches Et La Plume","translator":null,"weight":300,"page_count":173,"readership":null,"editor":"Des Croches Et La Plume","price":1700,"published_date":"2009-10-29T23:00:00.000000Z","support":"Grand format","publisher_availability":1,"stock":0,"editions":[],"url":"https:\/\/quaidesbrumes.com\/ouvrage\/9782918777007\/inconvenantes-derailleries-quelques-rondelles-de-prose"},{"id":"9782874594793","title":"Clair de lune et vers de gris sur Lesse","description":"Le titre et le po\u00e8me de t\u00eate expriment \u00e0 eux seuls l'attachement \"radiculaire\" de l'auteur \u00e0 ses terres natales et \u00e0 la rivi\u00e8re qui les traverse. Plusieurs textes chantent l'ardenne et les \"pays\", Redu, le village du livre et ses atmosph\u00e8res, la Lesse et ses rives bruissantes de l\u00e9gendes : \"De Lesse et d'\u00e9mois\", \"Saisons\", No\u00ebl sur mes terres\", \"Un de chez nous\"...\r\nMais avec l'inspiration vagabonde pour seul guide, sous forme de flashs, artefacts ou autres semi-torpeurs, d'autres mondes, d'autres sensibilit\u00e9s sont courtis\u00e9s, au hasard des traumas consentis dans un subconscient pourtant palpable : \"Idylle \u00e0 la lune\", \"I comme Icare\", \"Nu\u00e9es\", \"Patati et patata\"...\r\n\u00a0Des sentiments plus noirs aux relents naus\u00e9abonds traversent aussi quelques textes : \"Du vent, des rubans\", \"Viols en sablier\", \"Biotopsie\"...\r\nEnfin, quelques po\u00e8mes rel\u00e8vent de l'inspiration pure, en \u00e9criture quasi automatique, o\u00f9 l'auteur a la vague impression de n'\u00eatre que l'instrument po\u00e9tique d'un plus vaste dessein; dessein qui n\u00e9anmoins le ravit !: \"La rose et l'abeille\", \"Trois cheminant\", \"Patati et patata\"...\u00a0 \u00a0Cerise sur le g\u00e2teau : les illustrations d'Andr\u00e9 Colpin et Jos\u00e9 L\u00e9onard\u00a0qui enluminent, magnifient l'ouvrage !","authors":["Dany Jamotte"],"category_codes":["1000000","1090000"],"visuals":{"large":"https:\/\/quaidesbrumes.com\/img\/book-placeholder.png","medium":"https:\/\/quaidesbrumes.com\/img\/book-placeholder.png","thumbnail":"https:\/\/quaidesbrumes.com\/img\/book-placeholder.png"},"orderable":true,"show_badge":true,"formatted_price":"16,40&nbsp;\u20ac","formatted_published_date":"3 juin 2010","publisher_availability_label":"Sur commande","short_details":"Dany Jamotte \u2014 Chloe Des Lys","translator":null,"weight":150,"page_count":21,"readership":null,"editor":"Chloe Des Lys","price":1640,"published_date":"2010-06-02T22:00:00.000000Z","support":"Grand format","publisher_availability":1,"stock":0,"editions":[],"url":"https:\/\/quaidesbrumes.com\/ouvrage\/9782874594793\/clair-de-lune-et-vers-de-gris-sur-lesse"},{"id":"9782842596200","title":"L\u00e0-bas ; un'altra stonda","description":null,"authors":["Henri Medori"],"category_codes":["1000000","1090000"],"visuals":{"large":"https:\/\/images.epagine.fr\/200\/9782842596200_1_75.jpg","medium":"https:\/\/images.epagine.fr\/200\/9782842596200_1_m.jpg","thumbnail":"https:\/\/images.epagine.fr\/200\/9782842596200_1_v.jpg"},"orderable":true,"show_badge":true,"formatted_price":"4,00&nbsp;\u20ac","formatted_published_date":"1er mars 2010","publisher_availability_label":"Sur commande","short_details":"Henri Medori \u2014 AEDIS","translator":null,"weight":67,"page_count":null,"readership":null,"editor":"AEDIS","price":400,"published_date":"2010-02-28T23:00:00.000000Z","support":"Grand format","publisher_availability":1,"stock":0,"editions":[],"url":"https:\/\/quaidesbrumes.com\/ouvrage\/9782842596200\/la-bas-unaltra-stonda"},{"id":"9782353280698","title":"\u00e0 jamais le lac","description":"\u00ab Georges Drano poursuit une d\u00e9marche toute personnelle o\u00f9 il tente d'occuper une lisi\u00e8re du monde, d'en saisir, \u00e0 la fois au travers et au-del\u00e0 des mots, et f\u00fbt-ce en \u00ab n\u00e9gatif \u00bb, un versant de r\u00e9alit\u00e9. Il \u00ab donne la parole \u00bb tant \u00e0 son lecteur qu'aux choses qui l'environnent, et tant \u00e0 leur pr\u00e9sence qu'\u00e0 leur solitude, \u00e0 l'inconnu qu'elles rec\u00e8lent, r\u00e9cepteur \u00e0 la fine \u00e9coute en m\u00eame temps qu'\u00e9metteur \u00e0 la voix juste, br\u00e8ve et fid\u00e8le. \u00bb Andr\u00e9 Doms (L'Arbre \u00e0 paroles) \u00ab Dans la po\u00e9sie de Georges Drano, par une fusion entre la parole et la terre, les mots, eux aussi, dans leur mouvance conduisent le po\u00e8te \u00e0 poursuivre son chemin dans un pays jamais conquis, jamais atteint. Comment ne pas admettre que chez lui, \u00e9crire c'est gagner la parole et la r\u00e9alit\u00e9 dans un m\u00eame \u00e9lan. \u00bb Max Alhau (\u00c0 Contre Silence)","authors":["Georges Drano"],"category_codes":["1000000","1090000"],"visuals":{"large":"https:\/\/images.epagine.fr\/698\/9782353280698_1_75.jpg","medium":"https:\/\/images.epagine.fr\/698\/9782353280698_1_m.jpg","thumbnail":"https:\/\/images.epagine.fr\/698\/9782353280698_1_v.jpg"},"orderable":true,"show_badge":true,"formatted_price":"13,20&nbsp;\u20ac","formatted_published_date":"10 janvier 2011","publisher_availability_label":"Sur commande","short_details":"Georges Drano \u2014 Editinter","translator":null,"weight":150,"page_count":null,"readership":null,"editor":"Editinter","price":1320,"published_date":"2011-01-09T23:00:00.000000Z","support":"Grand format","publisher_availability":1,"stock":0,"editions":[],"url":"https:\/\/quaidesbrumes.com\/ouvrage\/9782353280698\/a-jamais-le-lac"},{"id":"9782919376797","title":"Barbarie barbaries","description":"Eglal Errera, dans ce po\u00e8me d'une grande pudeur et d'une grande sensibilit\u00e9, \u00e9voque \u00e0 travers les th\u00e8mes de la marche et de l'exil, des souffrances qui en sont ins\u00e9parables, les figures de ses parents. Ce texte \u00e9rige une st\u00e8le, comme un cadeau de l'enfant que l'auteure a \u00e9t\u00e9, dans le retour des sensations et des images du pass\u00e9.","authors":["Eglal Errera","Dominique Edd\u00e9"],"category_codes":["1000000","1090000","1090600"],"visuals":{"large":"https:\/\/images.epagine.fr\/797\/9782919376797_1_75.jpg","medium":"https:\/\/images.epagine.fr\/797\/9782919376797_1_m.jpg","thumbnail":"https:\/\/images.epagine.fr\/797\/9782919376797_1_v.jpg"},"orderable":true,"show_badge":true,"formatted_price":"4,50&nbsp;\u20ac","formatted_published_date":"28 mars 2021","publisher_availability_label":"Sur commande","short_details":"Eglal Errera, Dominique Edd\u00e9 \u2014 Alidades","translator":null,"weight":70,"page_count":20,"readership":null,"editor":"Alidades","price":450,"published_date":"2021-03-27T23:00:00.000000Z","support":"Grand format","publisher_availability":1,"stock":0,"editions":[],"url":"https:\/\/quaidesbrumes.com\/ouvrage\/9782919376797\/barbarie-barbaries"},{"id":"9782878679984","title":"Le silence r\u00e9v\u00e9l\u00e9","description":"Nous vivons \u00e0 une \u00e9poque de sourds, personne n'a le temps pour le silence, il est contraignant, souvent synonyme d'anxi\u00e9t\u00e9, et pourtant il est la clef de beaucoup de merveilles pour celui qui veut bien faire le premier pas. Le titre, \u00ab le silence r\u00e9v\u00e9l\u00e9 \u00bb, exprime cette porte ouverte sur le silence : cette r\u00e9v\u00e9lation int\u00e9rieure, la po\u00e9sie ici devient le v\u00e9hicule pour une r\u00e9flexion sur notre monde contemporain, mais aussi le reflet de cette \u00e9motion sur l'amour de ses sortil\u00e8ges.","authors":["Malek iradj Panachi"],"category_codes":["1000000","1090000"],"visuals":{"large":"https:\/\/images.epagine.fr\/984\/9782878679984_1_75.jpg","medium":"https:\/\/images.epagine.fr\/984\/9782878679984_1_m.jpg","thumbnail":"https:\/\/images.epagine.fr\/984\/9782878679984_1_v.jpg"},"orderable":true,"show_badge":true,"formatted_price":"15,00&nbsp;\u20ac","formatted_published_date":"4 f\u00e9vrier 2009","publisher_availability_label":"Sur commande","short_details":"Malek iradj Panachi \u2014 Presses Du Midi","translator":null,"weight":180,"page_count":180,"readership":null,"editor":"Presses Du Midi","price":1500,"published_date":"2009-02-03T23:00:00.000000Z","support":"Grand format","publisher_availability":1,"stock":0,"editions":[],"url":"https:\/\/quaidesbrumes.com\/ouvrage\/9782878679984\/le-silence-revele"},{"id":"9782915120769","title":"Sur cette rive","description":null,"authors":["Fabio Scotto"],"category_codes":["1000000","1090000"],"visuals":{"large":"https:\/\/images.epagine.fr\/769\/9782915120769_1_75.jpg","medium":"https:\/\/images.epagine.fr\/769\/9782915120769_1_m.jpg","thumbnail":"https:\/\/images.epagine.fr\/769\/9782915120769_1_v.jpg"},"orderable":true,"show_badge":true,"formatted_price":"16,00&nbsp;\u20ac","formatted_published_date":"1er avril 2011","publisher_availability_label":"Sur commande","short_details":"Fabio Scotto \u2014 L'Amourier","translator":null,"weight":120,"page_count":126,"readership":null,"editor":"L'Amourier","price":1600,"published_date":"2011-03-31T22:00:00.000000Z","support":"Grand format","publisher_availability":1,"stock":0,"editions":[],"url":"https:\/\/quaidesbrumes.com\/ouvrage\/9782915120769\/sur-cette-rive"},{"id":"9782296116672","title":"Doux ramages pour petits diablotins ; po\u00e8mes pour enfants","description":"A regarder un enfant, le po\u00e8te \u00e9voque :\r\n\"Un r\u00eave doux Comme une fleur Qui s'ouvre petit \u00e0 petit Dans la clart\u00e9 du jour.\" Puissent les lecteurs se laisser emporter dans l'univers fascinant de l'enfance par la magie de la po\u00e9sie.","authors":["Maggy de Coster"],"category_codes":["1000000","1090000"],"visuals":{"large":"https:\/\/images.epagine.fr\/672\/9782296116672_1_75.jpg","medium":"https:\/\/images.epagine.fr\/672\/9782296116672_1_m.jpg","thumbnail":"https:\/\/images.epagine.fr\/672\/9782296116672_1_v.jpg"},"orderable":true,"show_badge":true,"formatted_price":"9,00&nbsp;\u20ac","formatted_published_date":"19 mai 2010","publisher_availability_label":"Sur commande","short_details":"Maggy de Coster \u2014 \u00c9ditions L'Harmattan","translator":null,"weight":65,"page_count":48,"readership":null,"editor":"\u00c9ditions L'Harmattan","price":900,"published_date":"2010-05-18T22:00:00.000000Z","support":"Grand format","publisher_availability":1,"stock":0,"editions":[],"url":"https:\/\/quaidesbrumes.com\/ouvrage\/9782296116672\/doux-ramages-pour-petits-diablotins-poemes-pour-enfants"},{"id":"9782356520623","title":"La premiere couleur quand on vient au monde est le rouge","description":"Thierry Renard, pr\u00e9face :\r\n\r\n   \u00ab Lorsqu'il s'avance vers nous, d'un pas rapide, Jean-Michel Platier nous impressionne. Sa stature est imposante et son front relev\u00e9. C'est un g\u00e9ant ! Lui qui nagu\u00e8re avait \u00e9crit une mani\u00e8re d'hommage au po\u00e8te Ma\u00efakovski, Le stylo en bandouli\u00e8re, avec le temps il est devenu son double, son fr\u00e8re humain. Ces deux-l\u00e0, malgr\u00e9 les ann\u00e9es qui les s\u00e9parent, ils se ressemblent et parlent d'une voix commune. Jean-Michel Platier, tout comme son a\u00een\u00e9 disparu, croit aux mots et \u00e0 leur force. Sa langue est une arme et sa qu\u00eate un combat. Insatisfait notoire, grand naufrag\u00e9 d'un monde press\u00e9, rebelle \u00e0 l'ordre - ou au d\u00e9sordre - \u00e9tabli, il nous entra\u00eene sur les chemins de la r\u00e9volte. Jean-Michel Platier est un rescap\u00e9 de la vie, un rescap\u00e9 du doute et de l'ennui. Chez lui, souffrance et espoir sont m\u00eal\u00e9s. C'est un homme d'une autre \u00e9poque, d'une \u00e9poque sans doute r\u00e9volue. Et, pourtant, il tient le coup. Vers nous il continue de s'avancer \u00e0 pas rapides. Et il reste impressionnant.\r\n\r\n    Depuis plus de vingt ans, Jean-Michel Platier a beaucoup \u00e9crit, et a creus\u00e9 son sillon. Il a essay\u00e9, co\u00fbte que co\u00fbte, de trouver un sens \u00e0 son aventure humaine. Pour cela, il a multipli\u00e9 les actes, tour \u00e0 tour po\u00e8te, \u00e9diteur, inventeur d'id\u00e9es et cr\u00e9ateur d'utopies. Sa voix est plurielle mais son style toujours \u00e9corch\u00e9. Tant\u00f4t il parle juste, avec des mots crus. Tant\u00f4t il s'envole et plane au-dessus de nos t\u00eates, gr\u00e2ce \u00e0 une phrase plus ample et porteuse de tous les myst\u00e8res de l'homme et du monde. Il a connu l'amour, la solitude. Il a aussi rencontr\u00e9 la po\u00e9sie. Il a surtout traduit, dans une langue \u00e0 la fois famili\u00e8re et \u00e9trang\u00e8re, ses nombreuses \u00e9motions. Famili\u00e8re, parce que c'est avec les mots de la tribu qu'il s'exprime. Etrang\u00e8re, parce que sa langue est langage de po\u00e8te, tant\u00f4t empruntant aux mythes, tant\u00f4t \u00e9laborant de nouveaux concepts. Chez lui, tout se confond encore, r\u00e9el et irr\u00e9el, notations philosophiques et vie quotidienne. Chez lui, pas de s\u00e9paration entre le vivant, lumineux, et le n\u00e9ant qui vient.\r\n\r\n    Notre civilisation dispara\u00eetra, comme d'autres avant elle, si elle ne se r\u00e9invente pas, si elle n'exprime ses formidables passions, si elle n'a pas de hautes ambitions pour l'avenir. Si, pour finir, elle continue de s\u00e9parer la politique de la culture. Ne demeurons pas paniqu\u00e9s face \u00e0 l'id\u00e9e de la fin des choses, de chaque chose. Nos limites sont, pour nous, une chance. Elles nous aident, m\u00eame, \u00e0 voir \u00e9merger d'autres possibles, et nous poussent \u00e0 bousculer notre incapacit\u00e9 \u00e0 ma\u00eetriser l'espace et le temps. Elles nous aident, pareillement, \u00e0 mieux r\u00e9fl\u00e9chir et \u00e0 rechercher une permanence lucide face \u00e0 la fragilit\u00e9 de la condition humaine. La politique, la culture et l'art ont pour but, avant tout, d'interroger la question de la mort et, donc, de la vie. Nous qui t\u00e2tonnons dans le noir \u00e0 la recherche d'un sens \u00e0 donner \u00e0 tout cela, nous prenons du plaisir \u00e0 partager cette exp\u00e9rience, \u00e0 la fois heureuse et tragique, qu'on appelle la vie. \u00bb","authors":["Platier J-M"],"category_codes":["1000000","1090000"],"visuals":{"large":"https:\/\/images.epagine.fr\/623\/9782356520623_1_75.jpg","medium":"https:\/\/images.epagine.fr\/623\/9782356520623_1_m.jpg","thumbnail":"https:\/\/images.epagine.fr\/623\/9782356520623_1_v.jpg"},"orderable":true,"show_badge":true,"formatted_price":"12,00&nbsp;\u20ac","formatted_published_date":"1er mars 2011","publisher_availability_label":"Sur commande","short_details":"Platier J-M \u2014 Le Bruit Des Autres","translator":null,"weight":100,"page_count":null,"readership":null,"editor":"Le Bruit Des Autres","price":1200,"published_date":"2011-02-28T23:00:00.000000Z","support":"Grand format","publisher_availability":1,"stock":0,"editions":[],"url":"https:\/\/quaidesbrumes.com\/ouvrage\/9782356520623\/la-premiere-couleur-quand-on-vient-au-monde-est-le-rouge"},{"id":"9782913367043","title":"Solstice","description":null,"authors":["Maria Meranzova"],"category_codes":["1000000","1090000"],"visuals":{"large":"https:\/\/quaidesbrumes.com\/img\/book-placeholder.png","medium":"https:\/\/quaidesbrumes.com\/img\/book-placeholder.png","thumbnail":"https:\/\/quaidesbrumes.com\/img\/book-placeholder.png"},"orderable":true,"show_badge":true,"formatted_price":"8,00&nbsp;\u20ac","formatted_published_date":"30 mars 2003","publisher_availability_label":"Sur commande","short_details":"Maria Meranzova \u2014 Hors Limite","translator":null,"weight":100,"page_count":null,"readership":null,"editor":"Hors Limite","price":800,"published_date":"2003-03-29T23:00:00.000000Z","support":"Grand format","publisher_availability":1,"stock":0,"editions":[],"url":"https:\/\/quaidesbrumes.com\/ouvrage\/9782913367043\/solstice"},{"id":"9782381531359","title":"Arcanes","description":"Une clef po\u00e9tique pour une \u00e9vasion r\u00e9ussie.\r\n\r\nRemarquable par son \u00e9l\u00e9vation et sa riche inspiration, ce recueil po\u00e9tique fait \u00e9cho \u00e0 notre aspiration au r\u00eave, \u00e0 la d\u00e9couverte, en nous offrant de nombreuses visions saisissantes et des sensations originales tout en nous emportant aux quatre coins du globe.\r\nCe sont ainsi 155 po\u00e8mes savoureux, tout en humanit\u00e9, qui ouvrent un champ surprenant et gratifiant \u00e0 notre imagination et \u00e0 nos sentiments.\r\nGuid\u00e9 par une plume \u00e9l\u00e9gante, libre et tr\u00e8s expressive, on vit avec d\u00e9lectation ce grand voyage au parfum subtil d'aventure myst\u00e9rieuse : une exploration autour de soi, autour de l'Humain et du monde extraordinaire qui nous accueille, une exp\u00e9dition sur nos chemins de vie, \u00e0 la fois au coeur de la nature et de notre nature.","authors":["Pierre Arzalier"],"category_codes":["1000000","1090000"],"visuals":{"large":"https:\/\/images.epagine.fr\/359\/9782381531359_1_75.jpg","medium":"https:\/\/images.epagine.fr\/359\/9782381531359_1_m.jpg","thumbnail":"https:\/\/images.epagine.fr\/359\/9782381531359_1_v.jpg"},"orderable":true,"show_badge":true,"formatted_price":"17,50&nbsp;\u20ac","formatted_published_date":"7 juillet 2020","publisher_availability_label":"Sur commande","short_details":"Pierre Arzalier \u2014 NOMBRE 7","translator":null,"weight":100,"page_count":194,"readership":null,"editor":"NOMBRE 7","price":1750,"published_date":"2020-07-06T22:00:00.000000Z","support":"Grand format","publisher_availability":1,"stock":0,"editions":[],"url":"https:\/\/quaidesbrumes.com\/ouvrage\/9782381531359\/arcanes"},{"id":"9782881088759","title":"D'une plume clandestine","description":"Vah\u00e9 Godel est un \u00e9crivain de notre temps. Depuis plus de quarante ans, ce Genevois publie tant en Suisse qu'en France proses po\u00e9tiques, r\u00e9cits, sans n\u00e9gliger une activit\u00e9 de critique et de traducteur. Connu et appr\u00e9ci\u00e9 depuis longtemps des lecteurs, Vah\u00e9 Godel n'a jamais \u00e9crit pour avoir du succ\u00e8s : c'est qu'il concentre ses efforts \u00e0 d\u00e9masquer, au travers de ses textes, les contradictions et les faux-fuyants de notre \u00e9poque. L'\u00e9criture de Godel a ainsi toujours favoris\u00e9 une esth\u00e9tique du paradoxe, propice aux ruptures de toute sorte, \u00e9vitant la lin\u00e9arit\u00e9 au profit de la fragmentation, du trou\u00e9, de l'ellipse. Au fil des ans, Vah\u00e9 Godel a acquis une stature majeure. Arm\u00e9 d'un solide bon sens, aid\u00e9 par une grande intelligence, nourri d'une culture \u00e0 la fois occidentale et, du fait de ses racines arm\u00e9niennes, orientale, tous ses textes sont parfaitement ma\u00eetris\u00e9s et magistralement libres. Comme Goethe, il ne craint pas de mettre dans ses textes un brin non pas de folie mais d'irrationnel, d'incommensurable. Se lib\u00e9rer de ce qui est superflu, parvenir \u00e0 faire le silence autour de soi, avancer dans la vie et en po\u00e9sie sans en conna\u00eetre le but : Godel entra\u00eene le lecteur vers cet espace volontiers invisible \u00e0 force d'\u00eatre noy\u00e9 dans le vacarme et les tracas de la vie quotidienne. Il l'invite \u00e0 se laisser aller vers ce qui compte, qui est constitutif d'un sens. Ce sens n'est pas ici donn\u00e9 une fois pour toutes : il se conquiert et se reconquiert, puisque le texte po\u00e9tique va toujours au-del\u00e0 de ce qu'il dit. Parions que ceux de Vah\u00e9 Godel ont un bel avenir devant eux - et pas forc\u00e9ment clandestin. Gr\u00e2ce \u00e0 la richesse de leur \u00e9ventail propre, en d\u00e9pit de leur c\u00f4t\u00e9 exigeant, de par le plaisir sonore qui leur est propre, leur pouvoir lib\u00e9rateur restera intact : \u00ab La po\u00e9sie ne commente pas, elle fomente. \u00bb","authors":["Vah\u00e9 Godel"],"category_codes":["1000000","1090000"],"visuals":{"large":"https:\/\/images.epagine.fr\/759\/9782881088759_1_75.jpg","medium":"https:\/\/images.epagine.fr\/759\/9782881088759_1_m.jpg","thumbnail":"https:\/\/images.epagine.fr\/759\/9782881088759_1_v.jpg"},"orderable":true,"show_badge":true,"formatted_price":"23,70&nbsp;\u20ac","formatted_published_date":"1er mars 2009","publisher_availability_label":"Sur commande","short_details":"Vah\u00e9 Godel \u2014 Editions De L'Aire","translator":null,"weight":200,"page_count":null,"readership":null,"editor":"Editions De L'Aire","price":2370,"published_date":"2009-02-28T23:00:00.000000Z","support":"Grand format","publisher_availability":1,"stock":0,"editions":[],"url":"https:\/\/quaidesbrumes.com\/ouvrage\/9782881088759\/dune-plume-clandestine"},{"id":"9782953024494","title":"Paroles de sang","description":null,"authors":["Valentin Ollessongo"],"category_codes":["1000000","1090000"],"visuals":{"large":"https:\/\/images.epagine.fr\/494\/9782953024494_1_75.jpg","medium":"https:\/\/images.epagine.fr\/494\/9782953024494_1_m.jpg","thumbnail":"https:\/\/images.epagine.fr\/494\/9782953024494_1_v.jpg"},"orderable":true,"show_badge":true,"formatted_price":"15,00&nbsp;\u20ac","formatted_published_date":"1er f\u00e9vrier 2012","publisher_availability_label":"Sur commande","short_details":"Valentin Ollessongo \u2014 Cyr","translator":null,"weight":213,"page_count":152,"readership":null,"editor":"Cyr","price":1500,"published_date":"2012-01-31T23:00:00.000000Z","support":"Grand format","publisher_availability":1,"stock":0,"editions":[],"url":"https:\/\/quaidesbrumes.com\/ouvrage\/9782953024494\/paroles-de-sang"},{"id":"9782748043204","title":"De la plume \u00e0 l'encrier","description":null,"authors":["Bernard Clerc"],"category_codes":["1000000","1090000"],"visuals":{"large":"https:\/\/images.epagine.fr\/204\/9782748043204_1_75.jpg","medium":"https:\/\/images.epagine.fr\/204\/9782748043204_1_m.jpg","thumbnail":"https:\/\/images.epagine.fr\/204\/9782748043204_1_v.jpg"},"orderable":true,"show_badge":true,"formatted_price":"11,00&nbsp;\u20ac","formatted_published_date":"14 juin 2010","publisher_availability_label":"Sur commande","short_details":"Bernard Clerc \u2014 Societe Des Ecrivains","translator":null,"weight":134,"page_count":96,"readership":null,"editor":"Societe Des Ecrivains","price":1100,"published_date":"2010-06-13T22:00:00.000000Z","support":"Grand format","publisher_availability":1,"stock":0,"editions":[],"url":"https:\/\/quaidesbrumes.com\/ouvrage\/9782748043204\/de-la-plume-a-lencrier"},{"id":"9782332684622","title":"Ainsi chantait miss drac  ula","description":null,"authors":["Anne-marie Jeanjean"],"category_codes":["1000000","1090000"],"visuals":{"large":"https:\/\/images.epagine.fr\/622\/9782332684622_1_75.jpg","medium":"https:\/\/images.epagine.fr\/622\/9782332684622_1_m.jpg","thumbnail":"https:\/\/images.epagine.fr\/622\/9782332684622_1_v.jpg"},"orderable":true,"show_badge":true,"formatted_price":"13,00&nbsp;\u20ac","formatted_published_date":"4 juin 2014","publisher_availability_label":"Sur commande","short_details":"Anne-marie Jeanjean \u2014 Edilivre","translator":null,"weight":203,"page_count":null,"readership":null,"editor":"Edilivre","price":1300,"published_date":"2014-06-03T22:00:00.000000Z","support":"Grand format","publisher_availability":1,"stock":0,"editions":[],"url":"https:\/\/quaidesbrumes.com\/ouvrage\/9782332684622\/ainsi-chantait-miss-drac-ula"},{"id":"9782810624546","title":"La lagune perdue - poesie","description":"L'oeuvre de Jannys KOMBILA, \u00ab La lagune perdue \u00bb, plus qu'une m\u00e9lop\u00e9e \u00e9mouvante, empoignante nous livre l'\u00e9vocation d'une \u00e2me endolorie, ramant vers les cryptes de l'existence, de l'errance, de l'outrance de cette humanit\u00e9 perdue dans les m\u00e9andres des essentialit\u00e9s. Peignant  les r\u00eaves,  les souvenirs et les pens\u00e9es  des hommes sur le ruisselet de la vie, le po\u00e8te s'embarque en solitaire dans cette pirogue pour une lointaine et profonde p\u00e9r\u00e9grination.","authors":["Jannys Kombila"],"category_codes":["1000000","1090000","1090600"],"visuals":{"large":"https:\/\/images.epagine.fr\/546\/9782810624546_1_75.jpg","medium":"https:\/\/images.epagine.fr\/546\/9782810624546_1_m.jpg","thumbnail":"https:\/\/images.epagine.fr\/546\/9782810624546_1_v.jpg"},"orderable":true,"show_badge":true,"formatted_price":"6,00&nbsp;\u20ac","formatted_published_date":"16 f\u00e9vrier 2012","publisher_availability_label":"Sur commande","short_details":"Jannys Kombila \u2014 Books on Demand","translator":null,"weight":89,"page_count":56,"readership":null,"editor":"Books on Demand","price":600,"published_date":"2012-02-15T23:00:00.000000Z","support":"Grand format","publisher_availability":1,"stock":0,"editions":[],"url":"https:\/\/quaidesbrumes.com\/ouvrage\/9782810624546\/la-lagune-perdue-poesie"},{"id":"9782911464539","title":"Le barattage de la mer de lait","description":"Dans ce r\u00e9cit-po\u00e8me, Catherine Boudet visite en une po\u00e9tique concise, pr\u00e9cise et inattendue comme l'\u00e9clair, le mythe hindou de la gen\u00e8se du monde, r\u00e9interpr\u00e9t\u00e9 dans le cadre de l'\u00eele, et dans lequel le dieu Shiva absorbe le poison issu du barattage produit par les efforts conjugu\u00e9s des d\u00e9mons et des dieux, sauvant ainsi le monde de la destruction.","authors":["Catherine Boudet"],"category_codes":["1000000","1090000"],"visuals":{"large":"https:\/\/images.epagine.fr\/539\/9782911464539_1_75.jpg","medium":"https:\/\/images.epagine.fr\/539\/9782911464539_1_m.jpg","thumbnail":"https:\/\/images.epagine.fr\/539\/9782911464539_1_v.jpg"},"orderable":true,"show_badge":true,"formatted_price":"10,00&nbsp;\u20ac","formatted_published_date":"4 janvier 2010","publisher_availability_label":"Sur commande","short_details":"Catherine Boudet \u2014 Ndze","translator":null,"weight":120,"page_count":null,"readership":null,"editor":"Ndze","price":1000,"published_date":"2010-01-03T23:00:00.000000Z","support":"Grand format","publisher_availability":1,"stock":0,"editions":[],"url":"https:\/\/quaidesbrumes.com\/ouvrage\/9782911464539\/le-barattage-de-la-mer-de-lait"},{"id":"9782351330630","title":"R\u00e9surgences","description":null,"authors":["Jean Vigna"],"category_codes":["1000000","1090000"],"visuals":{"large":"https:\/\/quaidesbrumes.com\/img\/book-placeholder.png","medium":"https:\/\/quaidesbrumes.com\/img\/book-placeholder.png","thumbnail":"https:\/\/quaidesbrumes.com\/img\/book-placeholder.png"},"orderable":true,"show_badge":true,"formatted_price":"10,00&nbsp;\u20ac","formatted_published_date":"1er novembre 2011","publisher_availability_label":"Sur commande","short_details":"Jean Vigna \u2014 Editions Du Douayeul","translator":null,"weight":100,"page_count":58,"readership":null,"editor":"Editions Du Douayeul","price":1000,"published_date":"2011-10-31T23:00:00.000000Z","support":"Grand format","publisher_availability":1,"stock":0,"editions":[],"url":"https:\/\/quaidesbrumes.com\/ouvrage\/9782351330630\/resurgences"}]}