{"data":[{"id":"9782874590030","title":"Regards","description":null,"authors":["Nathalie d. Druant"],"category_codes":["1000000","1090000"],"visuals":{"large":"https:\/\/images.epagine.fr\/030\/9782874590030_1_75.jpg","medium":"https:\/\/images.epagine.fr\/030\/9782874590030_1_m.jpg","thumbnail":"https:\/\/images.epagine.fr\/030\/9782874590030_1_v.jpg"},"orderable":true,"show_badge":true,"formatted_price":"14,57&nbsp;\u20ac","formatted_published_date":"1er novembre 2005","publisher_availability_label":"Sur commande","short_details":"Nathalie d. Druant \u2014 Chloe Des Lys","translator":null,"weight":250,"page_count":228,"readership":null,"editor":"Chloe Des Lys","price":1457,"published_date":"2005-10-31T23:00:00.000000Z","support":"Grand format","publisher_availability":1,"stock":0,"editions":[],"url":"https:\/\/quaidesbrumes.com\/ouvrage\/9782874590030\/regards"},{"id":"9791090575004","title":"Un coeur en Camargue","description":null,"authors":["Brigitte Curdel"],"category_codes":["1000000","1090000"],"visuals":{"large":"https:\/\/images.epagine.fr\/004\/9791090575004_1_75.jpg","medium":"https:\/\/images.epagine.fr\/004\/9791090575004_1_m.jpg","thumbnail":"https:\/\/images.epagine.fr\/004\/9791090575004_1_v.jpg"},"orderable":true,"show_badge":true,"formatted_price":"18,00&nbsp;\u20ac","formatted_published_date":"1er mai 2011","publisher_availability_label":"Sur commande","short_details":"Brigitte Curdel \u2014 Territoires Poetiques","translator":null,"weight":250,"page_count":null,"readership":null,"editor":"Territoires Poetiques","price":1800,"published_date":"2011-04-30T22:00:00.000000Z","support":"Grand format","publisher_availability":1,"stock":0,"editions":[],"url":"https:\/\/quaidesbrumes.com\/ouvrage\/9791090575004\/un-coeur-en-camargue"},{"id":"9782351280393","title":"Revue voix d'encre 39","description":null,"authors":["Collectif"],"category_codes":["1000000","1090000"],"visuals":{"large":"https:\/\/images.epagine.fr\/393\/9782351280393_1_75.jpg","medium":"https:\/\/images.epagine.fr\/393\/9782351280393_1_m.jpg","thumbnail":"https:\/\/images.epagine.fr\/393\/9782351280393_1_v.jpg"},"orderable":true,"show_badge":true,"formatted_price":"10,00&nbsp;\u20ac","formatted_published_date":"12 septembre 2008","publisher_availability_label":"Sur commande","short_details":"Collectif \u2014 Voix D'Encre","translator":null,"weight":170,"page_count":null,"readership":null,"editor":"Voix D'Encre","price":1000,"published_date":"2008-09-11T22:00:00.000000Z","support":"Grand format","publisher_availability":1,"stock":0,"editions":[],"url":"https:\/\/quaidesbrumes.com\/ouvrage\/9782351280393\/revue-voix-dencre-39"},{"id":"9782354850098","title":"Flammes sans ombres, femmes sans hommes","description":"Dans sa po\u00e9sie touchante et parfois crue, Pauline Labrande raconte le parcours amoureux d'une femme qui aime les femmes - les incertitudes d'un amour hors norme et le regard des autres, la chaleur d'un corps et les souffrances du bonheur... Des mots justes et \u00e9mouvants pour lib\u00e9rer un coeur d\u00e9bord\u00e9 de questions et de sentiments.","authors":["Pauline Labrande"],"category_codes":["1000000","1090000"],"visuals":{"large":"https:\/\/images.epagine.fr\/098\/9782354850098_1_75.jpg","medium":"https:\/\/images.epagine.fr\/098\/9782354850098_1_m.jpg","thumbnail":"https:\/\/images.epagine.fr\/098\/9782354850098_1_v.jpg"},"orderable":true,"show_badge":true,"formatted_price":"14,00&nbsp;\u20ac","formatted_published_date":"1er d\u00e9cembre 2020","publisher_availability_label":"Sur commande","short_details":"Pauline Labrande \u2014 JETS D'ENCRE","translator":null,"weight":70,"page_count":72,"readership":null,"editor":"JETS D'ENCRE","price":1400,"published_date":"2020-11-30T23:00:00.000000Z","support":"Poche","publisher_availability":1,"stock":0,"editions":[],"url":"https:\/\/quaidesbrumes.com\/ouvrage\/9782354850098\/flammes-sans-ombres-femmes-sans-hommes"},{"id":"9782296133136","title":"Unit\u00e9 14","description":"Si Camille Claudel revenait pour t\u00e9moigner de son internement, du chemin parcouru entre le d\u00e9sir et le d\u00e9lire, entre le surgissement de son g\u00e9nie et le tarissement de son art, si les mots avaient \u00e9t\u00e9 sa mati\u00e8re premi\u00e8re, si sa parole n'\u00e9tait rest\u00e9e interdite, si Camille Claudel avait \u00e9t\u00e9 po\u00e8te... Ce recueil tente d'approcher l'exp\u00e9rience intime de la limite entre la r\u00e9alit\u00e9 et la perte de celle-ci. Limite fragile que le po\u00e8te, identifi\u00e9e \u00e0 l'artiste captive, sait \u00eatre une source vive tout autant que cet effroi entrevu aux confins du vacillement subjectif.\r","authors":["Laurence Bouvet"],"category_codes":["1000000","1090000"],"visuals":{"large":"https:\/\/images.epagine.fr\/136\/9782296133136_1_75.jpg","medium":"https:\/\/images.epagine.fr\/136\/9782296133136_1_m.jpg","thumbnail":"https:\/\/images.epagine.fr\/136\/9782296133136_1_v.jpg"},"orderable":true,"show_badge":true,"formatted_price":"13,50&nbsp;\u20ac","formatted_published_date":"7 octobre 2010","publisher_availability_label":"Sur commande","short_details":"Laurence Bouvet \u2014 \u00c9ditions L'Harmattan","translator":null,"weight":160,"page_count":122,"readership":null,"editor":"\u00c9ditions L'Harmattan","price":1350,"published_date":"2010-10-06T22:00:00.000000Z","support":"Grand format","publisher_availability":1,"stock":0,"editions":[],"url":"https:\/\/quaidesbrumes.com\/ouvrage\/9782296133136\/unite-14"},{"id":"9782843012433","title":"Il fallait un bon titre","description":"La rue je marche Un bar j'entre Une table je m'installe Un serveur je commande Une boisson je consomme Une note je paie Un rendez-vous je sors Et au milieu de tout cela, des lignes se posent sur mon carnet Et sur ces lignes Il y a ce que j'ai devant moi, derri\u00e8re Il y a ce que je vois, ce que j'aimerais voir Il y a ce que j'ai v\u00e9cu, ce que j'aimerais vivre Il y a ce qu'il y a en moi C'est comme cela que \u00e7a se passe Et c'est ainsi que je le livre Romantique au ton cru Philosophe de l'\u00e0 peu pr\u00e8s Premier disciple de l'autod\u00e9rision Rodolphe Drangorski s'amuse\r","authors":["Redolphe Drangorski"],"category_codes":["1000000","1090000"],"visuals":{"large":"https:\/\/images.epagine.fr\/433\/9782843012433_1_75.jpg","medium":"https:\/\/images.epagine.fr\/433\/9782843012433_1_m.jpg","thumbnail":"https:\/\/images.epagine.fr\/433\/9782843012433_1_v.jpg"},"orderable":true,"show_badge":true,"formatted_price":"14,00&nbsp;\u20ac","formatted_published_date":"29 d\u00e9cembre 2008","publisher_availability_label":"Sur commande","short_details":"Redolphe Drangorski \u2014 Aleas","translator":null,"weight":150,"page_count":null,"readership":null,"editor":"Aleas","price":1400,"published_date":"2008-12-28T23:00:00.000000Z","support":"Grand format","publisher_availability":1,"stock":0,"editions":[],"url":"https:\/\/quaidesbrumes.com\/ouvrage\/9782843012433\/il-fallait-un-bon-titre"},{"id":"9782918530015","title":"Maintenant il te faudrait le calme...","description":null,"authors":["Sylvestre Clancier"],"category_codes":["1000000","1090000"],"visuals":{"large":"https:\/\/images.epagine.fr\/015\/9782918530015_1_75.jpg","medium":"https:\/\/images.epagine.fr\/015\/9782918530015_1_m.jpg","thumbnail":"https:\/\/images.epagine.fr\/015\/9782918530015_1_v.jpg"},"orderable":true,"show_badge":true,"formatted_price":"1,00&nbsp;\u20ac","formatted_published_date":"28 juin 2009","publisher_availability_label":"Sur commande","short_details":"Sylvestre Clancier \u2014 Le Billet Poeme","translator":null,"weight":101,"page_count":null,"readership":null,"editor":"Le Billet Poeme","price":100,"published_date":"2009-06-27T22:00:00.000000Z","support":"Poche","publisher_availability":1,"stock":0,"editions":[],"url":"https:\/\/quaidesbrumes.com\/ouvrage\/9782918530015\/maintenant-il-te-faudrait-le-calme"},{"id":"9782918530022","title":"\u00f4de \u00e0 Cassandre ; mignonne, allons voir si la rose...","description":null,"authors":["Pierre de Ronsard"],"category_codes":["1000000","1090000"],"visuals":{"large":"https:\/\/images.epagine.fr\/022\/9782918530022_1_75.jpg","medium":"https:\/\/images.epagine.fr\/022\/9782918530022_1_m.jpg","thumbnail":"https:\/\/images.epagine.fr\/022\/9782918530022_1_v.jpg"},"orderable":true,"show_badge":true,"formatted_price":"1,00&nbsp;\u20ac","formatted_published_date":"26 septembre 2009","publisher_availability_label":"Sur commande","short_details":"Pierre de Ronsard \u2014 Le Billet Poeme","translator":null,"weight":101,"page_count":null,"readership":null,"editor":"Le Billet Poeme","price":100,"published_date":"2009-09-25T22:00:00.000000Z","support":"Poche","publisher_availability":1,"stock":0,"editions":[],"url":"https:\/\/quaidesbrumes.com\/ouvrage\/9782918530022\/ode-a-cassandre-mignonne-allons-voir-si-la-rose"},{"id":"9782905871282","title":"Noces marines","description":null,"authors":["Caroline Clet","Michelle Meyer"],"category_codes":["1000000","1090000"],"visuals":{"large":"https:\/\/quaidesbrumes.com\/img\/book-placeholder.png","medium":"https:\/\/quaidesbrumes.com\/img\/book-placeholder.png","thumbnail":"https:\/\/quaidesbrumes.com\/img\/book-placeholder.png"},"orderable":true,"show_badge":true,"formatted_price":"19,00&nbsp;\u20ac","formatted_published_date":"15 juin 1997","publisher_availability_label":"Sur commande","short_details":"Caroline Clet, Michelle Meyer \u2014 Prospective 21","translator":null,"weight":190,"page_count":null,"readership":null,"editor":"Prospective 21","price":1900,"published_date":"1997-06-14T22:00:00.000000Z","support":"Grand format","publisher_availability":1,"stock":0,"editions":[],"url":"https:\/\/quaidesbrumes.com\/ouvrage\/9782905871282\/noces-marines"},{"id":"9782849241479","title":"Ces mots qui font saigner le temps","description":"La guerre, ce ne sont pas seulement des souffrances, la douleur, la mort et des chiffres, c'est avant tout la perte de la parole comme moyen de se situer dans un univers potentiellement, partiellement au moins, explicable, transparent et communicable. Les assassins ont en effet boulevers\u00e9 le sens des mots. \u00ab Le travail rend libre \u00bb \u00e9tait l'inscription cynique du portail d'un camp d'extermination.\r\nLa litt\u00e9rature, l'art en g\u00e9n\u00e9ral, repose sur un fond de d\u00e9ception, de tristesse : le monde n'est pas comme il faut. Dans ce sens, toute oeuvre po\u00e9tique est l'utopie d'un monde en ordre ne serait-ce que parce qu'elle est forme. Elle est donc contradiction. C'est pourquoi le titre que Denis Emorine a donn\u00e9 au recueil est justifi\u00e9. Aujourd'hui, apr\u00e8s Auschwitz et en face de tant de tueries plus r\u00e9centes, un po\u00e8me doit faire mal, doit \u00eatre une blessure saignante qui ne se ferme pas de sit\u00f4t. La douleur nous tient en vie.\r\n\r\nExtraits de la pr\u00e9face d' Armin Volkmar Wernsing\r","authors":["Denis Emorine"],"category_codes":["1000000","1090000"],"visuals":{"large":"https:\/\/images.epagine.fr\/479\/9782849241479_1_75.jpg","medium":"https:\/\/images.epagine.fr\/479\/9782849241479_1_m.jpg","thumbnail":"https:\/\/images.epagine.fr\/479\/9782849241479_1_v.jpg"},"orderable":true,"show_badge":true,"formatted_price":"10,00&nbsp;\u20ac","formatted_published_date":"1er juillet 2009","publisher_availability_label":"Sur commande","short_details":"Denis Emorine \u2014 Editions Du Cygne","translator":null,"weight":150,"page_count":null,"readership":null,"editor":"Editions Du Cygne","price":1000,"published_date":"2009-06-30T22:00:00.000000Z","support":"Grand format","publisher_availability":1,"stock":0,"editions":[],"url":"https:\/\/quaidesbrumes.com\/ouvrage\/9782849241479\/ces-mots-qui-font-saigner-le-temps"},{"id":"9782874594014","title":"M\u00e9moire du temps","description":null,"authors":["Minia Gabarz-Kaufman"],"category_codes":["1000000","1090000"],"visuals":{"large":"https:\/\/quaidesbrumes.com\/img\/book-placeholder.png","medium":"https:\/\/quaidesbrumes.com\/img\/book-placeholder.png","thumbnail":"https:\/\/quaidesbrumes.com\/img\/book-placeholder.png"},"orderable":true,"show_badge":true,"formatted_price":"33,60&nbsp;\u20ac","formatted_published_date":"1er juin 2009","publisher_availability_label":"Sur commande","short_details":"Minia Gabarz-Kaufman \u2014 Chloe Des Lys","translator":null,"weight":150,"page_count":null,"readership":null,"editor":"Chloe Des Lys","price":3360,"published_date":"2009-05-31T22:00:00.000000Z","support":"Grand format","publisher_availability":1,"stock":0,"editions":[],"url":"https:\/\/quaidesbrumes.com\/ouvrage\/9782874594014\/memoire-du-temps"},{"id":"9782296031753","title":"Jusque dans le coeur du bleu sauvage","description":"Se r\u00e9pondent ici, par une \u00e9criture cisel\u00e9e, dans dix-sept brefs po\u00e8mes, de douces intonations m\u00e9lodiques qui \u00e9voquent ces instants cycliques que sont le temps et la vie, en faisant penser \u00e0 un air de vieille bo\u00eete \u00e0 musique (en allemand : der alten Spielhur).\r","authors":["Ursula Beck"],"category_codes":["1000000","1090000"],"visuals":{"large":"https:\/\/images.epagine.fr\/753\/9782296031753_1_75.jpg","medium":"https:\/\/images.epagine.fr\/753\/9782296031753_1_m.jpg","thumbnail":"https:\/\/images.epagine.fr\/753\/9782296031753_1_v.jpg"},"orderable":true,"show_badge":true,"formatted_price":"10,00&nbsp;\u20ac","formatted_published_date":"5 avril 2007","publisher_availability_label":"Sur commande","short_details":"Ursula Beck \u2014 \u00c9ditions L'Harmattan","translator":null,"weight":70,"page_count":41,"readership":null,"editor":"\u00c9ditions L'Harmattan","price":1000,"published_date":"2007-04-04T22:00:00.000000Z","support":"Grand format","publisher_availability":1,"stock":0,"editions":[],"url":"https:\/\/quaidesbrumes.com\/ouvrage\/9782296031753\/jusque-dans-le-coeur-du-bleu-sauvage"},{"id":"9782296133143","title":"Voix de femmes ; recueil de po\u00e9sies orales camerounaises","description":"Les femmes donnent de la voix, pour chanter leurs joies et leurs peines. Les peines prennent le pas sur la joie, tant apparaissent, poignantes, la douleur de la femme sans enfant; la souffrance aux multiples facettes de la femme dans le mariage, qui suscite, dans le pire des cas, la joie pour la mort du mari; la tristesse de la femme dont la mort a arrach\u00e9 un \u00eatre cher.\r","authors":["Gabriel Kuitche-fonkou"],"category_codes":["1000000","1090000"],"visuals":{"large":"https:\/\/images.epagine.fr\/143\/9782296133143_1_75.jpg","medium":"https:\/\/images.epagine.fr\/143\/9782296133143_1_m.jpg","thumbnail":"https:\/\/images.epagine.fr\/143\/9782296133143_1_v.jpg"},"orderable":true,"show_badge":true,"formatted_price":"12,00&nbsp;\u20ac","formatted_published_date":"12 octobre 2010","publisher_availability_label":"Sur commande","short_details":"Gabriel Kuitche-fonkou \u2014 \u00c9ditions L'Harmattan","translator":null,"weight":120,"page_count":94,"readership":null,"editor":"\u00c9ditions L'Harmattan","price":1200,"published_date":"2010-10-11T22:00:00.000000Z","support":"Grand format","publisher_availability":1,"stock":0,"editions":[],"url":"https:\/\/quaidesbrumes.com\/ouvrage\/9782296133143\/voix-de-femmes-recueil-de-poesies-orales-camerounaises"},{"id":"9782912144331","title":"Qu'avez-vous oublie","description":null,"authors":["Pinet\/Hollan"],"category_codes":["1000000","1090000"],"visuals":{"large":"https:\/\/quaidesbrumes.com\/img\/book-placeholder.png","medium":"https:\/\/quaidesbrumes.com\/img\/book-placeholder.png","thumbnail":"https:\/\/quaidesbrumes.com\/img\/book-placeholder.png"},"orderable":true,"show_badge":true,"formatted_price":"5,00&nbsp;\u20ac","formatted_published_date":"11 mai 2005","publisher_availability_label":"Sur commande","short_details":"Pinet\/Hollan \u2014 Propos 2","translator":null,"weight":50,"page_count":null,"readership":null,"editor":"Propos 2","price":500,"published_date":"2005-05-10T22:00:00.000000Z","support":"Grand format","publisher_availability":1,"stock":0,"editions":[],"url":"https:\/\/quaidesbrumes.com\/ouvrage\/9782912144331\/quavez-vous-oublie"},{"id":"9782748034394","title":"L'\u00e9g\u00e9rie et le djin","description":"Adjel Hamida est n\u00e9 le 17 f\u00e9vrier 1972 \u00e0 Mostaganem en Alg\u00e9rie. L'auteur exer\u00e7ait le m\u00e9tier de professeur de coll\u00e8ge o\u00f9 il enseignait les rudiments de l'art et du dessin. Sans doute parce qu'il se souvenait bien de ses d\u00e9buts avec la p\u00e2te \u00e0 modeler et de ses premiers dessins recopi\u00e9s des bandes dessin\u00e9es de l'\u00e9poque. \u00c0 18 ans, il ressentit un penchant inexpliqu\u00e9 pour la haute couture et en fit son seul objectif. Mais sa qu\u00eate ne fut pas r\u00e9compens\u00e9e, malgr\u00e9 ses efforts pour r\u00e9aliser son r\u00eave. D\u00e9phas\u00e9, l'auteur se d\u00e9couvre un nouveau don, celui de l'\u00e9criture. Sans aucun bagage litt\u00e9raire, il commen\u00e7a ses recherches et se documenta aupr\u00e8s des connaisseurs sans aboutir \u00e0 la r\u00e9alisation d'un ouvrage. Amoureux de l'art et de la po\u00e9sie, Adjel Hamida se consacre \u00e0 l'\u00e9criture de po\u00e8mes et trouve dans la po\u00e9sie autant de magie que de force pour donner forme et corps \u00e0 ses sentiments. L'effort de l'auteur est enfin combl\u00e9 par la publication de ses premiers po\u00e8mes, dans ce recueil intitul\u00e9 \" L'\u00c9g\u00e9rie et le Djin \".\r\n\r\nMuet comme une tombe et farouche \u00e0 la lumi\u00e8re du jour. Ce que je n'ai jamais dit ou pu avouer \u00e0 mes proches. Toutes mes fabulations intimes, je les ai grav\u00e9es sur l'\u00e9corce des feuilles blanches. Mon recueil est un \u00e9crin qui renferme mes secrets, mes faiblesses et mes sentiments. Je parle de ma passion et de mon enfance versifi\u00e9es. Le Djin n'est qu'un d\u00e9mon, un esprit et tout mon esprit est d\u00e9tenu par mes deux \u00c9g\u00e9ries. L'une \u00e9tait une inconnue savoyarde que j'ai crois\u00e9e et qui a marqu\u00e9 mon coeur. L'autre est ma bienfaitrice, ma grand-m\u00e8re \u00e0 qui je voue un amour incroyable. Mon livre parle sans mensonges de deux femmes qui m'ont obs\u00e9d\u00e9 et d\u00e9poss\u00e9d\u00e9 de ma paix int\u00e9rieure.\r","authors":["Adjel Hamida"],"category_codes":["1000000","1090000"],"visuals":{"large":"https:\/\/images.epagine.fr\/394\/9782748034394_1_75.jpg","medium":"https:\/\/images.epagine.fr\/394\/9782748034394_1_m.jpg","thumbnail":"https:\/\/images.epagine.fr\/394\/9782748034394_1_v.jpg"},"orderable":true,"show_badge":true,"formatted_price":"15,00&nbsp;\u20ac","formatted_published_date":"12 juillet 2007","publisher_availability_label":"Sur commande","short_details":"Adjel Hamida \u2014 Societe Des Ecrivains","translator":null,"weight":0,"page_count":124,"readership":null,"editor":"Societe Des Ecrivains","price":1500,"published_date":"2007-07-11T22:00:00.000000Z","support":"Grand format","publisher_availability":1,"stock":0,"editions":[],"url":"https:\/\/quaidesbrumes.com\/ouvrage\/9782748034394\/legerie-et-le-djin"},{"id":"9782849242049","title":"Vaciller la vie","description":"Denis Emorine est comme tiraill\u00e9 par les h\u00e9sitations de l'\u00e2me slave et les masques interchangeables d'une individuation identitaire ambigu\u00eb. Depuis longtemps, Emorine \u00e9crit (il est n\u00e9 en 1956) et ses po\u00e8mes savent traduire, dans la sobri\u00e9t\u00e9 des images, l'essentiel du drame humain. \u00c0 l'heure o\u00f9 tant de faux po\u00e8tes jouent les g\u00e9nies de salon \u00e0 force d'herm\u00e9tisme adorateur du nombril, mettre en lumi\u00e8re un tel auteur est une \u00e9vidence. Tout en \u00e9vitant les clich\u00e9s attendus sur le \u00ab cosmopolitisme \u00bb et la polyvalence des cultures, saluons donc ce grand voyageur passionn\u00e9 de Russie et d'Espagne, et de romantisme en g\u00e9n\u00e9ral. Sa langue est belle, son inspiration humaniste, et quand il pr\u00f4ne le rapprochement entre les peuples il sait \u00e9viter les pi\u00e8ges des apparences et d\u00e9noncer le despotisme totalitaire sous toutes ses formes.\r\nJean-Luc Maxence\r","authors":["Denis Emorine"],"category_codes":["1000000","1090000"],"visuals":{"large":"https:\/\/images.epagine.fr\/049\/9782849242049_1_75.jpg","medium":"https:\/\/images.epagine.fr\/049\/9782849242049_1_m.jpg","thumbnail":"https:\/\/images.epagine.fr\/049\/9782849242049_1_v.jpg"},"orderable":true,"show_badge":true,"formatted_price":"10,00&nbsp;\u20ac","formatted_published_date":"5 octobre 2010","publisher_availability_label":"Sur commande","short_details":"Denis Emorine \u2014 Editions Du Cygne","translator":null,"weight":150,"page_count":60,"readership":null,"editor":"Editions Du Cygne","price":1000,"published_date":"2010-10-04T22:00:00.000000Z","support":"Grand format","publisher_availability":1,"stock":0,"editions":[],"url":"https:\/\/quaidesbrumes.com\/ouvrage\/9782849242049\/vaciller-la-vie"},{"id":"9782812700361","title":"Triptyque d'hiver","description":"Cette plong\u00e9e introspective dans le pr\u00e9sent et un pass\u00e9 riche d'exp\u00e9rience am\u00e8ne le po\u00e8te \u00e0 d\u00e9couvrir la complexit\u00e9 de sa personne, les limites de ce qu'il consid\u00e8re comme son pouvoir, l'importance de l'amour dans ses reflets multiples et la satisfaction de pouvoir s'exprimer en toute libert\u00e9 ou presque : Ego, Eros, Logos, tels sont les trois volets de ce triptyque. Une aventure humaine parmi tant d'autres !\r","authors":["Edmond Reboul"],"category_codes":["1000000","1090000"],"visuals":{"large":"https:\/\/images.epagine.fr\/361\/9782812700361_1_75.jpg","medium":"https:\/\/images.epagine.fr\/361\/9782812700361_1_m.jpg","thumbnail":"https:\/\/images.epagine.fr\/361\/9782812700361_1_v.jpg"},"orderable":true,"show_badge":true,"formatted_price":"18,00&nbsp;\u20ac","formatted_published_date":"10 mars 2009","publisher_availability_label":"Sur commande","short_details":"Edmond Reboul \u2014 Presses Du Midi","translator":null,"weight":210,"page_count":211,"readership":null,"editor":"Presses Du Midi","price":1800,"published_date":"2009-03-09T23:00:00.000000Z","support":"Grand format","publisher_availability":1,"stock":0,"editions":[],"url":"https:\/\/quaidesbrumes.com\/ouvrage\/9782812700361\/triptyque-dhiver"},{"id":"9782849211595","title":"Tourments et tourmentes","description":"Tourments et tourmentes est une ballade po\u00e9tique o\u00f9 les mots bondissent, se choquent, se m\u00ealent et s'entrem\u00ealent, dans un joyeux rythme sonore entre l\u00e9g\u00e8ret\u00e9 et gravit\u00e9.\r\n\r\nSur les traces de la jeune fille en noir, le recueil nous m\u00e8ne, de Marseille \u00e0 Bruxelles, en passant par Paris. On croise alors des ponts, ainsi que des instruments, des oiseaux marins, de la nostalgie de l'enfance, et quelques grammes de sciences. On y trouve aussi des espoirs non assouvis, et surtout un amour r\u00eav\u00e9, trop r\u00eav\u00e9 pour \u00eatre r\u00e9el. Et le r\u00eave finit toujours par d\u00e9cevoir.\r","authors":["Albert Desimiev"],"category_codes":["1000000","1090000"],"visuals":{"large":"https:\/\/images.epagine.fr\/595\/9782849211595_1_75.jpg","medium":"https:\/\/images.epagine.fr\/595\/9782849211595_1_m.jpg","thumbnail":"https:\/\/images.epagine.fr\/595\/9782849211595_1_v.jpg"},"orderable":true,"show_badge":true,"formatted_price":"13,00&nbsp;\u20ac","formatted_published_date":"2 octobre 2009","publisher_availability_label":"Sur commande","short_details":"Albert Desimiev \u2014 Editions Thot","translator":null,"weight":120,"page_count":null,"readership":null,"editor":"Editions Thot","price":1300,"published_date":"2009-10-01T22:00:00.000000Z","support":"Grand format","publisher_availability":1,"stock":0,"editions":[],"url":"https:\/\/quaidesbrumes.com\/ouvrage\/9782849211595\/tourments-et-tourmentes"},{"id":"9782351330623","title":"Sous la reliure","description":null,"authors":["Marie-no\u00eblle H\u00f4pital"],"category_codes":["1000000","1090000"],"visuals":{"large":"https:\/\/quaidesbrumes.com\/img\/book-placeholder.png","medium":"https:\/\/quaidesbrumes.com\/img\/book-placeholder.png","thumbnail":"https:\/\/quaidesbrumes.com\/img\/book-placeholder.png"},"orderable":true,"show_badge":true,"formatted_price":"4,00&nbsp;\u20ac","formatted_published_date":"22 juillet 2011","publisher_availability_label":"Sur commande","short_details":"Marie-no\u00eblle H\u00f4pital \u2014 Editions Du Douayeul","translator":null,"weight":0,"page_count":24,"readership":null,"editor":"Editions Du Douayeul","price":400,"published_date":"2011-07-21T22:00:00.000000Z","support":"Grand format","publisher_availability":1,"stock":0,"editions":[],"url":"https:\/\/quaidesbrumes.com\/ouvrage\/9782351330623\/sous-la-reliure"},{"id":"9782351330654","title":"Venise terre de chair liquide","description":null,"authors":["Denise Jardy-Ledoux"],"category_codes":["1000000","1090000"],"visuals":{"large":"https:\/\/quaidesbrumes.com\/img\/book-placeholder.png","medium":"https:\/\/quaidesbrumes.com\/img\/book-placeholder.png","thumbnail":"https:\/\/quaidesbrumes.com\/img\/book-placeholder.png"},"orderable":true,"show_badge":true,"formatted_price":"10,00&nbsp;\u20ac","formatted_published_date":"3 mai 2012","publisher_availability_label":"Sur commande","short_details":"Denise Jardy-Ledoux \u2014 Editions Du Douayeul","translator":null,"weight":50,"page_count":24,"readership":null,"editor":"Editions Du Douayeul","price":1000,"published_date":"2012-05-02T22:00:00.000000Z","support":"Grand format","publisher_availability":1,"stock":0,"editions":["9782351330890"],"url":"https:\/\/quaidesbrumes.com\/ouvrage\/9782351330654\/venise-terre-de-chair-liquide"},{"id":"9782723396592","title":"Anthologie d'un si\u00e8cle de po\u00e9sie ha\u00eftienne","description":null,"authors":["Louis Morpeau"],"category_codes":["1000000","1090000"],"visuals":{"large":"https:\/\/quaidesbrumes.com\/img\/book-placeholder.png","medium":"https:\/\/quaidesbrumes.com\/img\/book-placeholder.png","thumbnail":"https:\/\/quaidesbrumes.com\/img\/book-placeholder.png"},"orderable":true,"show_badge":true,"formatted_price":"30,00&nbsp;\u20ac","formatted_published_date":"20 mai 2010","publisher_availability_label":"Sur commande","short_details":"Louis Morpeau \u2014 Nouvelles Editions Latines","translator":null,"weight":500,"page_count":null,"readership":null,"editor":"Nouvelles Editions Latines","price":3000,"published_date":"2010-05-19T22:00:00.000000Z","support":"Grand format","publisher_availability":1,"stock":0,"editions":[],"url":"https:\/\/quaidesbrumes.com\/ouvrage\/9782723396592\/anthologie-dun-siecle-de-poesie-haitienne"},{"id":"9782911787225","title":"Le Rh\u00f4ne au vers fil de l'eau","description":"Patrick Huet, \u00e9crivain et Fleuve-trotteur, a suivi le Rh\u00f4ne \u00e0 pied du glacier \u00e0 la mer. Ce recueil pr\u00e9sente ses impressions de voyage sous forme de po\u00e8mes acrostiches agr\u00e9ment\u00e9s de quelques photos.Le Rh\u00f4ne - \u00e9t\u00e9 1998.C'\u00e9tait le temps des vacances.C'\u00e9tait le temps o\u00f9 rien ne comptait sinon voir briller les flots bleus \u00e0 l'infini, dans le regard.C'\u00e9tait le temps o\u00f9 une marche de 1000 kilom\u00e8tres ne repr\u00e9sentait rien d'autre qu'une promenade sur les r\u00eaves t\u00e9nus des \u00eatres les plus proches.C'\u00e9tait l'\u00e9t\u00e9, c'\u00e9tait le Rh\u00f4ne, le d\u00e9but d'une aventure.","authors":["Patrick Huet"],"category_codes":["1000000","1090000"],"visuals":{"large":"https:\/\/quaidesbrumes.com\/img\/book-placeholder.png","medium":"https:\/\/quaidesbrumes.com\/img\/book-placeholder.png","thumbnail":"https:\/\/quaidesbrumes.com\/img\/book-placeholder.png"},"orderable":true,"show_badge":true,"formatted_price":"13,00&nbsp;\u20ac","formatted_published_date":"9 juin 2000","publisher_availability_label":"Sur commande","short_details":"Patrick Huet \u2014 Patrick Huet","translator":null,"weight":79,"page_count":null,"readership":null,"editor":"Patrick Huet","price":1300,"published_date":"2000-06-08T22:00:00.000000Z","support":"Grand format","publisher_availability":1,"stock":0,"editions":[],"url":"https:\/\/quaidesbrumes.com\/ouvrage\/9782911787225\/le-rhone-au-vers-fil-de-leau"},{"id":"9782841855865","title":"La plume pr\u00eat\u00e9e au chat","description":null,"authors":["Brigitte Pellat"],"category_codes":["1000000","1090000","1090600"],"visuals":{"large":"https:\/\/quaidesbrumes.com\/img\/book-placeholder.png","medium":"https:\/\/quaidesbrumes.com\/img\/book-placeholder.png","thumbnail":"https:\/\/quaidesbrumes.com\/img\/book-placeholder.png"},"orderable":true,"show_badge":true,"formatted_price":"12,00&nbsp;\u20ac","formatted_published_date":"8 avril 2010","publisher_availability_label":"Sur commande","short_details":"Brigitte Pellat \u2014 Nouvelle Pleiade","translator":null,"weight":90,"page_count":null,"readership":null,"editor":"Nouvelle Pleiade","price":1200,"published_date":"2010-04-07T22:00:00.000000Z","support":"Grand format","publisher_availability":1,"stock":0,"editions":[],"url":"https:\/\/quaidesbrumes.com\/ouvrage\/9782841855865\/la-plume-pretee-au-chat"},{"id":"9782917698310","title":"Les invit\u00e9s de l'arche","description":"En sortant ils iraient jusqu'\u00e0 la mer. Le bruit des vagues dans l'obscurit\u00e9, les lumi\u00e8res de la c\u00f4te  m\u00eal\u00e9es aux \u00e9toiles. Elle lui prendrait la main. Ils le faisaient encore \u00e0 leur \u00e2ge. Ils resteraient l\u00e0,  grains d'univers ou peut-\u00eatre l'univers lui-m\u00eame.  \r\n(extrait).\r","authors":["Georges Rose"],"category_codes":["1000000","1090000"],"visuals":{"large":"https:\/\/images.epagine.fr\/310\/9782917698310_1_75.jpg","medium":"https:\/\/images.epagine.fr\/310\/9782917698310_1_m.jpg","thumbnail":"https:\/\/images.epagine.fr\/310\/9782917698310_1_v.jpg"},"orderable":true,"show_badge":true,"formatted_price":"10,00&nbsp;\u20ac","formatted_published_date":"1er octobre 2009","publisher_availability_label":"Sur commande","short_details":"Georges Rose \u2014 Editions Henry","translator":null,"weight":169,"page_count":118,"readership":null,"editor":"Editions Henry","price":1000,"published_date":"2009-09-30T22:00:00.000000Z","support":"Grand format","publisher_availability":1,"stock":0,"editions":[],"url":"https:\/\/quaidesbrumes.com\/ouvrage\/9782917698310\/les-invites-de-larche"}]}