{"data":[{"id":"9782952154475","title":"Carnavalesques","description":"Passent les modes, fancoffolies et francophonie, vocabulaire des n\u00e9cessaires dossiers administratifs et slogans r\u00e9ducteurs des m\u00e9dias.\r\nSeule compte la cr\u00e9ation po\u00e9tique ! \"Carnavalesques\" enregistre la temp\u00e9rature de la po\u00e9sie, les s\u00e9ismes et les coul\u00e9es de lave du fran\u00e7ais asphyxiant le bavardage en cours.\r","authors":["Collectif"],"category_codes":["1000000","1090000"],"visuals":{"large":"https:\/\/images.epagine.fr\/475\/9782952154475_1_75.jpg","medium":"https:\/\/images.epagine.fr\/475\/9782952154475_1_m.jpg","thumbnail":"https:\/\/images.epagine.fr\/475\/9782952154475_1_v.jpg"},"orderable":true,"show_badge":true,"formatted_price":"20,00&nbsp;\u20ac","formatted_published_date":"15 juin 2006","publisher_availability_label":"Sur commande","short_details":"Collectif \u2014 Aspect","translator":null,"weight":420,"page_count":null,"readership":null,"editor":"Aspect","price":2000,"published_date":"2006-06-14T22:00:00.000000Z","support":"Grand format","publisher_availability":1,"stock":0,"editions":[],"url":"https:\/\/quaidesbrumes.com\/ouvrage\/9782952154475\/carnavalesques"},{"id":"9791090491076","title":"Le chapeau d'Icare","description":null,"authors":["Mathieu Coutisse"],"category_codes":["1000000","1090000"],"visuals":{"large":"https:\/\/images.epagine.fr\/076\/9791090491076_1_75.jpg","medium":"https:\/\/images.epagine.fr\/076\/9791090491076_1_m.jpg","thumbnail":"https:\/\/images.epagine.fr\/076\/9791090491076_1_v.jpg"},"orderable":true,"show_badge":true,"formatted_price":"10,00&nbsp;\u20ac","formatted_published_date":"15 juin 2013","publisher_availability_label":"Sur commande","short_details":"Mathieu Coutisse \u2014 EDITIONS LANSKINE","translator":null,"weight":350,"page_count":null,"readership":null,"editor":"EDITIONS LANSKINE","price":1000,"published_date":"2013-06-14T22:00:00.000000Z","support":"Grand format","publisher_availability":1,"stock":0,"editions":[],"url":"https:\/\/quaidesbrumes.com\/ouvrage\/9791090491076\/le-chapeau-dicare"},{"id":"9782917265024","title":"Nuances et degrades","description":null,"authors":["Michele Schibeny"],"category_codes":["1000000","1090000"],"visuals":{"large":"https:\/\/quaidesbrumes.com\/img\/book-placeholder.png","medium":"https:\/\/quaidesbrumes.com\/img\/book-placeholder.png","thumbnail":"https:\/\/quaidesbrumes.com\/img\/book-placeholder.png"},"orderable":true,"show_badge":true,"formatted_price":"23,83&nbsp;\u20ac","formatted_published_date":"1er ao\u00fbt 2009","publisher_availability_label":"Sur commande","short_details":"Michele Schibeny \u2014 Inclinations","translator":null,"weight":250,"page_count":null,"readership":null,"editor":"Inclinations","price":2383,"published_date":"2009-07-31T22:00:00.000000Z","support":"Grand format","publisher_availability":1,"stock":0,"editions":[],"url":"https:\/\/quaidesbrumes.com\/ouvrage\/9782917265024\/nuances-et-degrades"},{"id":"9782917081006","title":"Carnavalesques 2","description":null,"authors":["Collectif"],"category_codes":["1000000","1090000"],"visuals":{"large":"https:\/\/quaidesbrumes.com\/img\/book-placeholder.png","medium":"https:\/\/quaidesbrumes.com\/img\/book-placeholder.png","thumbnail":"https:\/\/quaidesbrumes.com\/img\/book-placeholder.png"},"orderable":true,"show_badge":true,"formatted_price":"20,00&nbsp;\u20ac","formatted_published_date":"15 septembre 2007","publisher_availability_label":"Sur commande","short_details":"Collectif \u2014 Aspect","translator":null,"weight":302,"page_count":null,"readership":null,"editor":"Aspect","price":2000,"published_date":"2007-09-14T22:00:00.000000Z","support":"Grand format","publisher_availability":1,"stock":0,"editions":[],"url":"https:\/\/quaidesbrumes.com\/ouvrage\/9782917081006\/carnavalesques-2"},{"id":"9782912753304","title":"Suite du voyageur sans titre","description":"\u00ab\u00a0La sagesse et la po\u00e9sie s'accompagnent l'une et l'autre chez lui, petites soeurs aux pieds nus d'un rien effarouch\u00e9es, si accueillantes \u00e0 la fragile visitation de l'instant. Chaque instant est \u00e9v\u00e9nement, chaque rencontre est r\u00e9v\u00e9lation du plus simple, qui est aussi le plus cach\u00e9.\u00a0\u00bb (G\u00e9rard Bocholier, Chemin des livres, avril 2008)\r","authors":["Yves Leclair"],"category_codes":["1000000","1090000"],"visuals":{"large":"https:\/\/images.epagine.fr\/304\/9782912753304_1_75.jpg","medium":"https:\/\/images.epagine.fr\/304\/9782912753304_1_m.jpg","thumbnail":"https:\/\/images.epagine.fr\/304\/9782912753304_1_v.jpg"},"orderable":true,"show_badge":true,"formatted_price":"6,90&nbsp;\u20ac","formatted_published_date":"16 octobre 2008","publisher_availability_label":"Sur commande","short_details":"Yves Leclair \u2014 Editions La Breche","translator":null,"weight":46,"page_count":33,"readership":null,"editor":"Editions La Breche","price":690,"published_date":"2008-10-15T22:00:00.000000Z","support":"Poche","publisher_availability":1,"stock":0,"editions":[],"url":"https:\/\/quaidesbrumes.com\/ouvrage\/9782912753304\/suite-du-voyageur-sans-titre"},{"id":"9782956576709","title":"D\u00e9 moun","description":"En 2009, un mouvement social, le LKP, r\u00e9unit une cinquantaine d'organisations syndicales, associatives ou politiques de Guadeloupe. Plus de 60 000 personnes d\u00e9filent dans les rues de Guadeloupe et demandent \u00e0 n\u00e9gocier avec les institutions d'autres conditions de vie, durant 44 jours.  Au travers d'une vingtaine de po\u00e8mes et d'une nouvelle, TiMalo raconte l'histoire d'un couple qui, \u00e0 l'aube d'une nouvelle \u00e9tape, l'engagement dans la vie commune, se trouve confront\u00e9 aux tumultes des sentiments, provoqu\u00e9s par ces \u00e9v\u00e9nements. Chacun d'entre eux se sent alors tenu de prendre position sur des sujets qui jusque-l\u00e0 pouvait leur \u00eatre \u00e9tranger. Les postures qui en d\u00e9coulent ne sont pas sans cons\u00e9quence sur le rapport \u00e0 l'autre et sur la vie de couple.\r","authors":["Timalo"],"category_codes":["1000000","1090000"],"visuals":{"large":"https:\/\/images.epagine.fr\/709\/9782956576709_1_75.jpg","medium":"https:\/\/images.epagine.fr\/709\/9782956576709_1_m.jpg","thumbnail":"https:\/\/images.epagine.fr\/709\/9782956576709_1_v.jpg"},"orderable":true,"show_badge":true,"formatted_price":"20,00&nbsp;\u20ac","formatted_published_date":"11 mars 2019","publisher_availability_label":"Sur commande","short_details":"Timalo \u2014 Grankontel","translator":null,"weight":142,"page_count":98,"readership":null,"editor":"Grankontel","price":2000,"published_date":"2019-03-10T23:00:00.000000Z","support":"Grand format","publisher_availability":1,"stock":0,"editions":[],"url":"https:\/\/quaidesbrumes.com\/ouvrage\/9782956576709\/de-moun"},{"id":"9782851576149","title":"Jets de coeur","description":null,"authors":["Ranthmac M-E"],"category_codes":["1000000","1090000","1090600"],"visuals":{"large":"https:\/\/images.epagine.fr\/149\/9782851576149_1_75.jpg","medium":"https:\/\/images.epagine.fr\/149\/9782851576149_1_m.jpg","thumbnail":"https:\/\/images.epagine.fr\/149\/9782851576149_1_v.jpg"},"orderable":true,"show_badge":true,"formatted_price":"15,00&nbsp;\u20ac","formatted_published_date":"4 ao\u00fbt 2010","publisher_availability_label":"Sur commande","short_details":"Ranthmac M-E \u2014 Fernand Lanore","translator":null,"weight":292,"page_count":null,"readership":null,"editor":"Fernand Lanore","price":1500,"published_date":"2010-08-03T22:00:00.000000Z","support":"Grand format","publisher_availability":1,"stock":0,"editions":[],"url":"https:\/\/quaidesbrumes.com\/ouvrage\/9782851576149\/jets-de-coeur"},{"id":"9782912144652","title":"Biobio","description":null,"authors":["Franck Doyen"],"category_codes":["1000000","1090000"],"visuals":{"large":"https:\/\/quaidesbrumes.com\/img\/book-placeholder.png","medium":"https:\/\/quaidesbrumes.com\/img\/book-placeholder.png","thumbnail":"https:\/\/quaidesbrumes.com\/img\/book-placeholder.png"},"orderable":true,"show_badge":true,"formatted_price":"9,00&nbsp;\u20ac","formatted_published_date":"10 mai 2010","publisher_availability_label":"Sur commande","short_details":"Franck Doyen \u2014 Propos 2","translator":null,"weight":60,"page_count":null,"readership":null,"editor":"Propos 2","price":900,"published_date":"2010-05-09T22:00:00.000000Z","support":"Grand format","publisher_availability":1,"stock":0,"editions":[],"url":"https:\/\/quaidesbrumes.com\/ouvrage\/9782912144652\/biobio"},{"id":"9782845051546","title":"Le viol de lucrece","description":"Traduction nouvelle en vers rim\u00e9s par G\u00e9rard G\u00e2con, \u00e9dition bilingue. Ce long po\u00e8me de 1594 propose une r\u00e9flexion sur le d\u00e9sir et sur le pouvoir, le premier devenant non pas m\u00e9taphore mais leurre tragique \u00e0 s'entrevoir dans les r\u00e9seaux du second. La situation sacrificielle de la femme id\u00e9ale en sa beaut\u00e9 appara\u00eet comme un destin affligeant plut\u00f4t que r\u00e9voltant et \u00e0 la fois comme la mal\u00e9diction du groupe. Des illustrations attestent l'importance du th\u00e8me de Tarquin et Lucr\u00e8ce dans les diverses \u00e9poques et sph\u00e8res de la Renaissance.\r","authors":["Shakespeare-W"],"category_codes":["1000000","1090000","1090200"],"visuals":{"large":"https:\/\/images.epagine.fr\/546\/9782845051546_1_75.jpg","medium":"https:\/\/images.epagine.fr\/546\/9782845051546_1_m.jpg","thumbnail":"https:\/\/images.epagine.fr\/546\/9782845051546_1_v.jpg"},"orderable":true,"show_badge":true,"formatted_price":"17,99&nbsp;\u20ac","formatted_published_date":"10 mars 2014","publisher_availability_label":"Sur commande","short_details":"Shakespeare-W \u2014 Ressouvenances","translator":null,"weight":184,"page_count":160,"readership":null,"editor":"Ressouvenances","price":1799,"published_date":"2014-03-09T23:00:00.000000Z","support":"Grand format","publisher_availability":1,"stock":0,"editions":[],"url":"https:\/\/quaidesbrumes.com\/ouvrage\/9782845051546\/le-viol-de-lucrece"},{"id":"9782912751508","title":"Orph\u00e9e rebelle","description":"\" J'\u00e9l\u00e8ve ainsi la voix, par d\u00e9fi \", proclame Miguel Torga (1907-1995), po\u00e8te-n\u00e9, po\u00e8te-n\u00e9 rebelle. Dans des po\u00e8mes aux titres lapidaires (\" Exhortation \", \" D\u00e9nonciation \", \" Examen \", \" Biographie \"...), Orph\u00e9e rebelle restitue son art po\u00e9tique, sa mythologie personnelle et son \" humanisme prom\u00e9th\u00e9en et lyrique \".\r\nCertains ont vu en Torga \" un peu la conscience du Portugal \". Son oeuvre \u00e0 port\u00e9e universelle incarne la rectitude, la franchise, la solitude de l'homme, poings serr\u00e9s, enti\u00e8rement nu sur le globe terraqu\u00e9.\r\nCe recueil, constitu\u00e9 par Torga lui-m\u00eame, fut publi\u00e9 pour la premi\u00e8re fois en 1958. La pr\u00e9sente \u00e9dition, in\u00e9dite en fran\u00e7ais, est bas\u00e9e sur l'\u00e9dition compl\u00e8te de ses po\u00e8mes parue \u00e0 Lisbonne en 2000.\r","authors":["Miguel Torga","Beatrice De Chavagnac"],"category_codes":["1000000","1090000"],"visuals":{"large":"https:\/\/quaidesbrumes.com\/img\/book-placeholder.png","medium":"https:\/\/quaidesbrumes.com\/img\/book-placeholder.png","thumbnail":"https:\/\/quaidesbrumes.com\/img\/book-placeholder.png"},"orderable":true,"show_badge":true,"formatted_price":"12,50&nbsp;\u20ac","formatted_published_date":"20 novembre 2010","publisher_availability_label":"Sur commande","short_details":"Miguel Torga, Beatrice De Chavagnac \u2014 Editions La Breche","translator":"BEATRICE DE CHAVAGNAC","weight":0,"page_count":null,"readership":null,"editor":"Editions La Breche","price":1250,"published_date":"2010-11-19T23:00:00.000000Z","support":"Grand format","publisher_availability":1,"stock":0,"editions":[],"url":"https:\/\/quaidesbrumes.com\/ouvrage\/9782912751508\/orphee-rebelle"},{"id":"9782917344057","title":"Le recrachement des doublures","description":null,"authors":["Galdo-Rozier"],"category_codes":["1000000","1090000"],"visuals":{"large":"https:\/\/quaidesbrumes.com\/img\/book-placeholder.png","medium":"https:\/\/quaidesbrumes.com\/img\/book-placeholder.png","thumbnail":"https:\/\/quaidesbrumes.com\/img\/book-placeholder.png"},"orderable":true,"show_badge":true,"formatted_price":"13,00&nbsp;\u20ac","formatted_published_date":"10 novembre 2010","publisher_availability_label":"Sur commande","short_details":"Galdo-Rozier \u2014 Au Fond Du Grenier","translator":null,"weight":100,"page_count":null,"readership":null,"editor":"Au Fond Du Grenier","price":1300,"published_date":"2010-11-09T23:00:00.000000Z","support":"Grand format","publisher_availability":1,"stock":0,"editions":[],"url":"https:\/\/quaidesbrumes.com\/ouvrage\/9782917344057\/le-recrachement-des-doublures"},{"id":"9782296115415","title":"Sur le balcon de la nuit Tome 1 ; sonnets","description":"La po\u00e9sie de Papa Ibrahima Seck est d'une abondance et d'une diversit\u00e9 insoup\u00e7onn\u00e9es. Ici nous entamons l'oeuvre in\u00e9dite d'un po\u00e8te f\u00e9cond qui recouvre treize \"livres\" dont les premiers volets s'ouvrent \"Sur le balcon de la nuit\" avec une vue imprenable sur l'\u00e9tendue infinie de la m\u00e9ditation amoureuse que seul le sonnet peut porter au loin avec rogueur et beaut\u00e9.\r","authors":["Papa ibrahima Seck"],"category_codes":["1000000","1090000"],"visuals":{"large":"https:\/\/images.epagine.fr\/415\/9782296115415_1_75.jpg","medium":"https:\/\/images.epagine.fr\/415\/9782296115415_1_m.jpg","thumbnail":"https:\/\/images.epagine.fr\/415\/9782296115415_1_v.jpg"},"orderable":true,"show_badge":true,"formatted_price":"12,00&nbsp;\u20ac","formatted_published_date":"23 f\u00e9vrier 2010","publisher_availability_label":"Sur commande","short_details":"Papa ibrahima Seck \u2014 \u00c9ditions L'Harmattan","translator":null,"weight":120,"page_count":null,"readership":null,"editor":"\u00c9ditions L'Harmattan","price":1200,"published_date":"2010-02-22T23:00:00.000000Z","support":"Grand format","publisher_availability":1,"stock":0,"editions":[],"url":"https:\/\/quaidesbrumes.com\/ouvrage\/9782296115415\/sur-le-balcon-de-la-nuit-tome-1-sonnets"},{"id":"9782854464139","title":"Follain rose & noir","description":null,"authors":["G\u00e9rard Farasse"],"category_codes":["1000000","1090000"],"visuals":{"large":"https:\/\/images.epagine.fr\/139\/9782854464139_1_75.jpg","medium":"https:\/\/images.epagine.fr\/139\/9782854464139_1_m.jpg","thumbnail":"https:\/\/images.epagine.fr\/139\/9782854464139_1_v.jpg"},"orderable":true,"show_badge":true,"formatted_price":"20,00&nbsp;\u20ac","formatted_published_date":"1er avril 2008","publisher_availability_label":"Sur commande","short_details":"G\u00e9rard Farasse \u2014 Caracteres","translator":null,"weight":160,"page_count":188,"readership":null,"editor":"Caracteres","price":2000,"published_date":"2008-03-31T22:00:00.000000Z","support":"Grand format","publisher_availability":1,"stock":0,"editions":[],"url":"https:\/\/quaidesbrumes.com\/ouvrage\/9782854464139\/follain-rose-noir"},{"id":"9782930333311","title":"L'a\u00efeule de la montagne et l'enfance de la vall\u00e9e","description":"\u00ab\u00a0Avec un titre comme L'a\u00efeule montagne et l'enfance de la vall\u00e9e, je ne puis me r\u00e9signer \u00e0 consid\u00e9rer ce \"po\u00e8me accompagn\u00e9 de dessins\" de Monique Thomassettie autrement que comme un recueil de contes. En vers bien entendu, et le plus souvent sans histoire \u00e0 raconter, mais pour moi contes tout de m\u00eame, sauf quelques r\u00e9flexions sur l'\u00e9criture et la po\u00e9sie. Et encore, je reconnais l\u00e0 cette auteure qui se livre constamment dans tous ses textes, r\u00e9v\u00e9lant souvent ce que d'autres cachent pudiquement. En fait c'est une mystique \u00e0 sa fa\u00e7on, ce que r\u00e9v\u00e8lent une fois encore les dessins qui accompagnent ce \"po\u00e8me\" et tout sp\u00e9cialement \"L'ab\u00eeme qui n'en finit pas de tomber\" et \"Le sommet qui n'en finit pas de briller!\". On pourrait croire que le dit ab\u00eeme serait d\u00e9sesp\u00e9r\u00e9, mais non, il creuse simplement, tandis que le sommet, pour moi, repr\u00e9sente la v\u00e9ritable personnalit\u00e9 (je r\u00e9p\u00e8te: solaire) d'une auteure abondante dont les confidences publi\u00e9es sont des autoanalyses sans concession.\u00a0\u00bb (Paul Van Melle) \u00ab\u00a0... Monique Thomassettie sans cesse remet ses visions sur le m\u00e9tier, donnant \u00e0 la po\u00e9sie le pas sur sa propre peinture. Et remercions l\u00b4auteur d\u00b4avoir fait cadeau \u00e0 ses lecteurs de ses sobres dessins au crayon qui disent les arbres, les montagnes, une nature d\u00e9visag\u00e9e par une artiste dont nous connaissons l\u00b4importante oeuvre picturale. OEuvre \u00e0 laquelle elle pr\u00e9f\u00e8re aujourd\u00b4hui toutes les formes d\u00b4\u00e9criture en qu\u00eate de l\u00b4inconcevable qui habite nos vies. En livrant ici ses pages \u00e0 sa p\u00e9renne songerie, le po\u00e8te s\u00b4ins\u00e8re au coeur de la montagne, du temps, de la lumi\u00e8re, et des \u00e2mes elles-m\u00eames dans leur qu\u00eate sans fin.\u00a0\u00bb (Luc Norin, La Libre Belgique). Monique Thomassettie est un \u00e9crivain et peintre belge, auteur d\u00b4une quarantaine d\u00b4ouvrages dans les domaines de la po\u00e9sie, du conte, de la nouvelle, du th\u00e9\u00e2tre et du roman. \u00ab\u00a0Ma peinture et mon \u00e9criture sont des formes diff\u00e9rentes d\u00b4une m\u00eame aspiration, d\u00b4une m\u00eame tension, d\u00b4un m\u00eame d\u00e9sir spirituel et gourmand (\u00ab le bon go\u00fbt \u00bb) de d\u00e9couvrir, de recr\u00e9er ou de cr\u00e9er un sens, une harmonie, un \u00e9quilibre qui me comblent. Qui me comblent dans la mesure o\u00f9 ma forme (peinte ou \u00e9crite) est artistique.\u00a0\u00bb\r","authors":["Monique Thomassetie"],"category_codes":["1000000","1090000"],"visuals":{"large":"https:\/\/images.epagine.fr\/311\/9782930333311_1_75.jpg","medium":"https:\/\/images.epagine.fr\/311\/9782930333311_1_m.jpg","thumbnail":"https:\/\/images.epagine.fr\/311\/9782930333311_1_v.jpg"},"orderable":true,"show_badge":true,"formatted_price":"13,00&nbsp;\u20ac","formatted_published_date":"4 janvier 2010","publisher_availability_label":"Sur commande","short_details":"Monique Thomassetie \u2014 MEO","translator":null,"weight":200,"page_count":null,"readership":null,"editor":"MEO","price":1300,"published_date":"2010-01-03T23:00:00.000000Z","support":"Grand format","publisher_availability":1,"stock":0,"editions":[],"url":"https:\/\/quaidesbrumes.com\/ouvrage\/9782930333311\/laieule-de-la-montagne-et-lenfance-de-la-vallee"},{"id":"9782874592034","title":"Le pays-bas","description":null,"authors":["De Stabenrath F"],"category_codes":["1000000","1090000"],"visuals":{"large":"https:\/\/quaidesbrumes.com\/img\/book-placeholder.png","medium":"https:\/\/quaidesbrumes.com\/img\/book-placeholder.png","thumbnail":"https:\/\/quaidesbrumes.com\/img\/book-placeholder.png"},"orderable":true,"show_badge":true,"formatted_price":"12,86&nbsp;\u20ac","formatted_published_date":"1er mars 2007","publisher_availability_label":"Sur commande","short_details":"De Stabenrath F \u2014 Chloe Des Lys","translator":null,"weight":150,"page_count":null,"readership":null,"editor":"Chloe Des Lys","price":1286,"published_date":"2007-02-28T23:00:00.000000Z","support":"Grand format","publisher_availability":1,"stock":0,"editions":[],"url":"https:\/\/quaidesbrumes.com\/ouvrage\/9782874592034\/le-pays-bas"},{"id":"9782917368251","title":"Sous l'arc en ciel","description":"Rouge, orange, jaune, vert, bleu, violet... nous avons tremp\u00e9 nos plumes dans l'arc-en-ciel pour vous faire r\u00eaver, de la colorisation de mondes en noir et blanc \u00e0 des visions monochromes en passant par des tranches de vie o\u00f9 les six couleurs ont \u00e9t\u00e9 gliss\u00e9es subrepticement... Mettez vos lunettes et attention aux \u00e9claboussures, vous allez en lire de toutes les couleurs !\r\n\r\nOnt particip\u00e9 \u00e0 ce recueil : M\u00e9lanie BIRON, G\u00e9rald BITSCHY, Emmanuelle CART-TANNEUR, Ludovic CHAPTAL, Guilhem COROT, Anne COURSET, Mich\u00e8le DESMET, Fr\u00e9d\u00e9ric FABBRI, Jean GUALBERT, Marie H MARATH\u00c9E, Audrey MEGIA, Jacques PAIONNI, Ludmila SAFYANE, Macha SENER, St\u00e9phane THOMAS, Laura VANEL-COYTTE, Brigitte VASSEUR, Delphine VASSEUR, Fr\u00e9d\u00e9ric VASSEUR.\r","authors":["Collectif"],"category_codes":["1000000","1090000"],"visuals":{"large":"https:\/\/images.epagine.fr\/251\/9782917368251_1_75.jpg","medium":"https:\/\/images.epagine.fr\/251\/9782917368251_1_m.jpg","thumbnail":"https:\/\/images.epagine.fr\/251\/9782917368251_1_v.jpg"},"orderable":true,"show_badge":true,"formatted_price":"12,00&nbsp;\u20ac","formatted_published_date":"15 f\u00e9vrier 2011","publisher_availability_label":"Sur commande","short_details":"Collectif \u2014 Maruja Sener","translator":null,"weight":390,"page_count":null,"readership":null,"editor":"Maruja Sener","price":1200,"published_date":"2011-02-14T23:00:00.000000Z","support":"Grand format","publisher_availability":1,"stock":0,"editions":[],"url":"https:\/\/quaidesbrumes.com\/ouvrage\/9782917368251\/sous-larc-en-ciel"},{"id":"9782296122727","title":"\u00e0 travers la brume Udhir Uffir  ; po\u00e9sie tamedyazt","description":"\"Que c'est magnifique et extraordinaire ce que la nostalgie peut faire d'un homme ! Belqasem Ihigaten, qui a toujours v\u00e9cu en po\u00e8te et qui a la po\u00e9sie dans l'\u00e2me, lui collant \u00e0 la peau depuis sa plus jeune enfance, a attendu ses ann\u00e9es d'exil pour c\u00e9der \u00e0 sa passion en publiant son premier recueil... Compos\u00e9e en mots simples mais pleins de sens, la po\u00e9sie de Belqasem Ihigaten demeure surtout accessible \u00e0 tout le monde. La lire est un vrai r\u00e9gal\". (MOB, La D\u00e9p\u00eache de Kabylie, 31 octobre 2006).\r","authors":["Belqasem Ihigaten"],"category_codes":["1000000","1090000"],"visuals":{"large":"https:\/\/images.epagine.fr\/727\/9782296122727_1_75.jpg","medium":"https:\/\/images.epagine.fr\/727\/9782296122727_1_m.jpg","thumbnail":"https:\/\/images.epagine.fr\/727\/9782296122727_1_v.jpg"},"orderable":true,"show_badge":true,"formatted_price":"27,00&nbsp;\u20ac","formatted_published_date":"11 juin 2010","publisher_availability_label":"Sur commande","short_details":"Belqasem Ihigaten \u2014 \u00c9ditions L'Harmattan","translator":null,"weight":346,"page_count":280,"readership":null,"editor":"\u00c9ditions L'Harmattan","price":2700,"published_date":"2010-06-10T22:00:00.000000Z","support":"Grand format","publisher_availability":1,"stock":0,"editions":[],"url":"https:\/\/quaidesbrumes.com\/ouvrage\/9782296122727\/a-travers-la-brume-udhir-uffir-poesie-tamedyazt"},{"id":"9782874593512","title":"Miniatures","description":null,"authors":["Nathalie D. Druant"],"category_codes":["1000000","1090000"],"visuals":{"large":"https:\/\/quaidesbrumes.com\/img\/book-placeholder.png","medium":"https:\/\/quaidesbrumes.com\/img\/book-placeholder.png","thumbnail":"https:\/\/quaidesbrumes.com\/img\/book-placeholder.png"},"orderable":true,"show_badge":true,"formatted_price":"9,30&nbsp;\u20ac","formatted_published_date":"1er d\u00e9cembre 2008","publisher_availability_label":"Sur commande","short_details":"Nathalie D. Druant \u2014 Chloe Des Lys","translator":null,"weight":135,"page_count":null,"readership":null,"editor":"Chloe Des Lys","price":930,"published_date":"2008-11-30T23:00:00.000000Z","support":"Grand format","publisher_availability":1,"stock":0,"editions":[],"url":"https:\/\/quaidesbrumes.com\/ouvrage\/9782874593512\/miniatures"},{"id":"9782812410611","title":"Oeuvres compl\u00e8tes Tome 1 ; C\u00e9line Arnauld","description":"D'origine roumaine, C\u00e9line Arnauld (1885-1952) r\u00e9alisa son oeuvre de po\u00e8te tout en \u00e9tant la collaboratrice de son mari. D'origine belge, Paul Derm\u00e9e (1886-1951), po\u00e8te, critique, fut un des pionniers de la radio fran\u00e7aise. Oubli\u00e9s tous les deux, ils furent des cr\u00e9ateurs et des animateurs de revues.\r","authors":["C\u00e9line Arnauld","Paul Derm\u00e9e"],"category_codes":["1000000","1090000"],"visuals":{"large":"https:\/\/images.epagine.fr\/611\/9782812410611_1_75.jpg","medium":"https:\/\/images.epagine.fr\/611\/9782812410611_1_m.jpg","thumbnail":"https:\/\/images.epagine.fr\/611\/9782812410611_1_v.jpg"},"orderable":true,"show_badge":true,"formatted_price":"97,00&nbsp;\u20ac","formatted_published_date":"7 ao\u00fbt 2013","publisher_availability_label":"Sur commande","short_details":"C\u00e9line Arnauld, Paul Derm\u00e9e \u2014 CLASSIQUES GARNIER","translator":null,"weight":876,"page_count":606,"readership":null,"editor":"CLASSIQUES GARNIER","price":9700,"published_date":"2013-08-06T22:00:00.000000Z","support":"Grand format","publisher_availability":1,"stock":0,"editions":[],"url":"https:\/\/quaidesbrumes.com\/ouvrage\/9782812410611\/oeuvres-completes-tome-1-celine-arnauld"},{"id":"9782914945899","title":"Un ailleurs quelque part","description":"Jean-Paul Bota a le besoin et le d\u00e9sir de voyager pour \u00e9crire. Les mots naissent de paysages, de l'ombre d'un corps gris sur un mur, du jacassement m\u00e9tallique d'un tramway dans les rues de Lisbonne. L'errance \u00e9crit le livre, marchant, il amasse les mots. Surgissent des voix de femmes qui lient aux pierres des rues, aux nuages qui les couvrent par instants, \u00e0 l'image p\u00e2le de la nostalgie, aux pas du po\u00e8te.\r\n\r\n\u00ab Et, \u00e0 peine masqu\u00e9e par le porte-voix d'un cirque, la plainte des saxs jusqu'aux halles d\u00e9sert\u00e9es des march\u00e9s et puis la qui\u00e9tude \u00e9tale de fin de journ\u00e9e, la lueur paisible des rues. Elle s'\u00e9loigne dans le jour teint\u00e9, piquet\u00e9 d'\u00e9toiles. Pas m\u00eame press\u00e9e par le vent qui roule derri\u00e8re elle et les couleurs qui la bousculent, la griffe soudaine des pluies qui creusent sa joue maintenant, biffant l'espace jusqu'au havre des cimeti\u00e8res, tandis qu'au loin une lumi\u00e8re s'\u00e9tirant comme un fil iris\u00e9 tire la trappe des oubliettes jusqu'aux gradins des stades : des phares avec lesquels elle s'oriente. Elle scrute les angles de la ville comme on d\u00e9taillerait les plis d'un smoking. C'est des bribes de gare \u00e0 imaginer, des squares et des parcs \u00e0 faire na\u00eetre de poussi\u00e8res. \u00bb\r","authors":["Jean-paul Bota"],"category_codes":["1000000","1090000"],"visuals":{"large":"https:\/\/images.epagine.fr\/899\/9782914945899_1_75.jpg","medium":"https:\/\/images.epagine.fr\/899\/9782914945899_1_m.jpg","thumbnail":"https:\/\/images.epagine.fr\/899\/9782914945899_1_v.jpg"},"orderable":true,"show_badge":true,"formatted_price":"12,00&nbsp;\u20ac","formatted_published_date":"10 mai 2008","publisher_availability_label":"Sur commande","short_details":"Jean-paul Bota \u2014 Le Preau Des Collines","translator":null,"weight":200,"page_count":112,"readership":null,"editor":"Le Preau Des Collines","price":1200,"published_date":"2008-05-09T22:00:00.000000Z","support":"Grand format","publisher_availability":1,"stock":0,"editions":[],"url":"https:\/\/quaidesbrumes.com\/ouvrage\/9782914945899\/un-ailleurs-quelque-part"},{"id":"9782355970092","title":"Hasardismes","description":"Qu'est-ce qui pousse \u00e0 ressentir tout et son contraire dans une m\u00eame fraction de seconde ? Cette question, parmi d'autres, a conduit Laurine Rousselet (auteur de M\u00e9moire de sel, publi\u00e9 \u00e0 l'Inventaire en 2004) \u00e0 \u00e9crire ces Hasardismes, recueil d'aphorismes fulgurants. D'ascensions suicidaires en chutes vertigineuses, Laurine Rousselet ne craint ni la contradiction ni le fourvoiement, dans sa tentative pour arracher aux mots leur v\u00e9rit\u00e9 profonde. La fi\u00e8vre d'avoir v\u00e9cu, voil\u00e0 ce qui reste de toute oeuvre humaine, dit en substance l'auteur. Et voil\u00e0 ce que montre la moindre ligne \u00e9crite de sa main.\r","authors":["Laurine Rousselet"],"category_codes":["1000000","1090000"],"visuals":{"large":"https:\/\/images.epagine.fr\/092\/9782355970092_1_75.jpg","medium":"https:\/\/images.epagine.fr\/092\/9782355970092_1_m.jpg","thumbnail":"https:\/\/images.epagine.fr\/092\/9782355970092_1_v.jpg"},"orderable":true,"show_badge":true,"formatted_price":"15,30&nbsp;\u20ac","formatted_published_date":"10 avril 2011","publisher_availability_label":"Sur commande","short_details":"Laurine Rousselet \u2014 L'INVENTAIRE","translator":null,"weight":227,"page_count":109,"readership":null,"editor":"L'INVENTAIRE","price":1530,"published_date":"2011-04-09T22:00:00.000000Z","support":"Grand format","publisher_availability":1,"stock":0,"editions":[],"url":"https:\/\/quaidesbrumes.com\/ouvrage\/9782355970092\/hasardismes"},{"id":"9782748045376","title":"Je voulais vous dire","description":null,"authors":["Marie-france Vrancken"],"category_codes":["1000000","1090000"],"visuals":{"large":"https:\/\/images.epagine.fr\/376\/9782748045376_1_75.jpg","medium":"https:\/\/images.epagine.fr\/376\/9782748045376_1_m.jpg","thumbnail":"https:\/\/images.epagine.fr\/376\/9782748045376_1_v.jpg"},"orderable":true,"show_badge":true,"formatted_price":"8,90&nbsp;\u20ac","formatted_published_date":"28 octobre 2009","publisher_availability_label":"Sur commande","short_details":"Marie-france Vrancken \u2014 Societe Des Ecrivains","translator":null,"weight":80,"page_count":44,"readership":null,"editor":"Societe Des Ecrivains","price":890,"published_date":"2009-10-27T23:00:00.000000Z","support":"Grand format","publisher_availability":1,"stock":0,"editions":[],"url":"https:\/\/quaidesbrumes.com\/ouvrage\/9782748045376\/je-voulais-vous-dire"},{"id":"9791091648035","title":"Fugace. suivi de : preface \/ ohrid","description":null,"authors":["Katia Roessel"],"category_codes":["1000000","1090000","1090600"],"visuals":{"large":"https:\/\/quaidesbrumes.com\/img\/book-placeholder.png","medium":"https:\/\/quaidesbrumes.com\/img\/book-placeholder.png","thumbnail":"https:\/\/quaidesbrumes.com\/img\/book-placeholder.png"},"orderable":true,"show_badge":true,"formatted_price":"16,00&nbsp;\u20ac","formatted_published_date":"10 juin 2015","publisher_availability_label":"Sur commande","short_details":"Katia Roessel \u2014 Memoire Vivante","translator":null,"weight":180,"page_count":null,"readership":null,"editor":"Memoire Vivante","price":1600,"published_date":"2015-06-09T22:00:00.000000Z","support":"Grand format","publisher_availability":1,"stock":0,"editions":[],"url":"https:\/\/quaidesbrumes.com\/ouvrage\/9791091648035\/fugace-suivi-de-preface-ohrid"},{"id":"9782849212318","title":"Cancerf-volant","description":"Cancerf-volant, une vie apr\u00e8s l'autre est une immersion po\u00e9tique dans la vie et les \u00e9motions d'une femme et la d\u00e9couverte d'un mal absurde. L'auteur fait entrer le lecteur, par la petite porte, dans l'univers opaque et angoissant de la maladie. Mais emprisonn\u00e9e dans les mots, la maladie se soumet \u00e0 la plume et change de visage, elle plie sous la musique et les rythmes pour devenir l'initiateur d'un nouvel \u00e9lan. Des po\u00e9sies, quelquefois dr\u00f4les, toujours \u00e9mouvantes, o\u00f9 l'on per\u00e7oit, du bout des doigts, du bout des cils, l'intensit\u00e9 incroyable de la vie de chacun et de l'histoire de tous. Un recueil sinc\u00e8re et troublant, qui d\u00e9voile finalement un \u00e9panouissement et un \u00e9quilibre inattendus et insubmersibles.\r","authors":["Estelle Piron"],"category_codes":["1000000","1090000"],"visuals":{"large":"https:\/\/images.epagine.fr\/318\/9782849212318_1_75.jpg","medium":"https:\/\/images.epagine.fr\/318\/9782849212318_1_m.jpg","thumbnail":"https:\/\/images.epagine.fr\/318\/9782849212318_1_v.jpg"},"orderable":true,"show_badge":true,"formatted_price":"13,00&nbsp;\u20ac","formatted_published_date":"12 d\u00e9cembre 2011","publisher_availability_label":"Sur commande","short_details":"Estelle Piron \u2014 Editions Thot","translator":null,"weight":100,"page_count":64,"readership":null,"editor":"Editions Thot","price":1300,"published_date":"2011-12-11T23:00:00.000000Z","support":"Grand format","publisher_availability":1,"stock":0,"editions":[],"url":"https:\/\/quaidesbrumes.com\/ouvrage\/9782849212318\/cancerf-volant"}]}