{"data":[{"id":"9782296550766","title":"Travers\u00e9es po\u00e9tiques ; traversias poeticas ; po\u00e8tes argentins d'aujourd'hui","description":"Troisi\u00e8me mill\u00e9naire, urgence po\u00e9tique, donner des ailes aux mots, des horizons aux regards, trouver des portes derri\u00e8re le brouillard du discours. Un groupe de po\u00e8tes argentins et fran\u00e7ais a commenc\u00e9 \u00e0 cheminer dans ce sens, sans courant ni mod\u00e8les, avec pour seule pr\u00e9tention de construire des ponts : ponts a\u00e9riens, ponts suspendus, ponts po\u00e9tiques pour traverser les haines, les d\u00e9serts et les c\u00e9cit\u00e9s. Cet ouvrage permet au lecteur fran\u00e7ais de d\u00e9couvrir la diversit\u00e9 des voix de la po\u00e9sie argentine d'aujourd'hui.","authors":["Nicole Barri\u00e8re","Jos\u00e9 Muchnik"],"category_codes":["1000000","1090000"],"visuals":{"large":"https:\/\/images.epagine.fr\/766\/9782296550766_1_75.jpg","medium":"https:\/\/images.epagine.fr\/766\/9782296550766_1_m.jpg","thumbnail":"https:\/\/images.epagine.fr\/766\/9782296550766_1_v.jpg"},"orderable":true,"show_badge":true,"formatted_price":"22,50&nbsp;\u20ac","formatted_published_date":"25 mai 2011","publisher_availability_label":"Sur commande","short_details":"Nicole Barri\u00e8re, Jos\u00e9 Muchnik \u2014 \u00c9ditions L'Harmattan","translator":null,"weight":270,"page_count":null,"readership":null,"editor":"\u00c9ditions L'Harmattan","price":2250,"published_date":"2011-05-24T22:00:00.000000Z","support":"Grand format","publisher_availability":1,"stock":0,"editions":[],"url":"https:\/\/quaidesbrumes.com\/ouvrage\/9782296550766\/traversees-poetiques-traversias-poeticas-poetes-argentins-daujourdhui"},{"id":"9782914258777","title":"Si peu tout","description":"\u00ab Un corps, une vie - si peu : quelques souvenirs, secrets, silences ; un \u00eatre, une vie - tout : une existence \u00e9ternelle. \u00bb Vincent Motard-Avargues","authors":["Vincent Motard-Avarg"],"category_codes":["1000000","1090000"],"visuals":{"large":"https:\/\/quaidesbrumes.com\/img\/book-placeholder.png","medium":"https:\/\/quaidesbrumes.com\/img\/book-placeholder.png","thumbnail":"https:\/\/quaidesbrumes.com\/img\/book-placeholder.png"},"orderable":true,"show_badge":true,"formatted_price":"12,00&nbsp;\u20ac","formatted_published_date":"1er octobre 2012","publisher_availability_label":"Sur commande","short_details":"Vincent Motard-Avarg \u2014 Eclats D'Encre","translator":null,"weight":100,"page_count":null,"readership":null,"editor":"Eclats D'Encre","price":1200,"published_date":"2012-09-30T22:00:00.000000Z","support":"Grand format","publisher_availability":1,"stock":0,"editions":[],"url":"https:\/\/quaidesbrumes.com\/ouvrage\/9782914258777\/si-peu-tout"},{"id":"9782903011826","title":"Tapis d'ivraie","description":"L'ivraie, cette graine toxique qui entrave la croissance et dont Ana\u00efs Bon tapisse sa po\u00e9sie, prend peut-\u00eatre son germe dans l'enfance. Car l'enfance sait tout. Jouir, dormir et na\u00eetre. Apr\u00e8s il faut bien grandir et si pour grandir il faut tuer, sortir alors le grand coutelas. Si porte close, celle du temps disloqu\u00e9, l'enfoncer. Derri\u00e8re la porte, la triste farce du quotidien, \u00e9tablie pour repousser les myst\u00e8res. Sortant de l'enfance, posant un pied dans l'embrasure du monde, il faut r\u00e9sister. Mais \u00e0 force de r\u00e9sister, on ne sait pas se d\u00e9fendre de cette ignoble trahison du r\u00e9el.\r\n\r\nC'est cette question que pose Ana\u00efs Bon, ais-je jamais su la r\u00e8gle du monde ? Tapis d'Ivraie ne cesse de passer cette interrogation premi\u00e8re su le m\u00e9tier \u00e0 tisser po\u00e9tique. Il y a cette tension entre le tissu de la mort et la vie greff\u00e9e par dessus. Il y a cette volont\u00e9 farouche d'\u00eatre chair et voix ; mais la chair, comme le temps, se putr\u00e9fie et la voix s'ass\u00e8che. Ana\u00efs Bon convoque ses antidotes habituels: l'amour, l'ivresse, le pr\u00e9sent. Elle tente d'exorciser sans perdre. Elle cherche prise. Mais sortie des bras du pr\u00e9sent, nulle issue ; soulevant ainsi cette derni\u00e8re question : a-t-on sa part de trahison dans le monde ?\r\n\r\nTapis d'ivraie cherche une esth\u00e9tique du monde, o\u00f9 il ferait beau, abstraction faite de tout. Ana\u00efs Bon d\u00e9veloppe sa po\u00e9sie pendue \u00e0 la beaut\u00e9 comme une viande \u00e0 un croc, et coud po\u00e8me apr\u00e8s po\u00e8me sa voix singuli\u00e8re dans la conscience du lecteur.\r\n\r\n\"Pas un bruit faux.\r\n\"espaces lib\u00e9r\u00e9s de l'homme\".\r\nAu-dessus, b\u00e9ance bleue.\r\nAu plan premier, des moucherons en trille de lumi\u00e8re.\r\nUne douleur diffuse \"malgr\u00e9\".\r\nL'on ne sait pas y \u00eatre seul.\r\nPour ces n\u00e9v\u00e9s, j'invente.\r\nLa joie impossible du plus-triste.\r\nIl fut cela, et rien d'autre.\r\nRoc, neige.\r\nLa plus prime enfance.\r\nJ'ai tout su, alors.\r\nChercher apr\u00e8s fut d\u00e9risoire.\r\nL'enfance sait tout.\r\nJouir.\r\nDormir.\r\nEt na\u00eetre.\r\nApr\u00e8s, les plus tristes affrontements.\"","authors":["Ana\u00efs Bon"],"category_codes":["1000000","1090000"],"visuals":{"large":"https:\/\/quaidesbrumes.com\/img\/book-placeholder.png","medium":"https:\/\/quaidesbrumes.com\/img\/book-placeholder.png","thumbnail":"https:\/\/quaidesbrumes.com\/img\/book-placeholder.png"},"orderable":true,"show_badge":true,"formatted_price":"16,00&nbsp;\u20ac","formatted_published_date":"25 septembre 2009","publisher_availability_label":"Sur commande","short_details":"Ana\u00efs Bon \u2014 Memoire Vivante","translator":null,"weight":150,"page_count":64,"readership":null,"editor":"Memoire Vivante","price":1600,"published_date":"2009-09-24T22:00:00.000000Z","support":"Grand format","publisher_availability":1,"stock":0,"editions":[],"url":"https:\/\/quaidesbrumes.com\/ouvrage\/9782903011826\/tapis-divraie"},{"id":"9782322030811","title":"Voies accores Tome 3","description":"Ceci n'est pas un livre d'Histoire. C'est un livre d'histoires au pluriel. C'est moi debout face \u00e0 ces histoires. C'est un face \u00e0 face entre eux, tous ces disparus, toute cette horreur et moi, \u00e9crivant. J'ai voulu dialoguer avec eux, ici, maintenant. C'est parti d'un r\u00e9el besoin, individuel et politique sans pr\u00e9tendre \u00e0 aucune v\u00e9rit\u00e9. C'est ce que je devais faire. C'est tout. Je crois, avec d'autres, que ce g\u00e9nocide central du XX\u00e8me si\u00e8cle est sans commune mesure dans l'histoire de l'humanit\u00e9 et qu'\u00e0 ce titre, en tant qu'artiste, je deviens t\u00e9moin des t\u00e9moins.\r\nRe-transcrire. R\u00e9-ordonner en d\u00e9sordonnant aussi. Peut-\u00eatre me fallait-il violenter la violence elle-m\u00eame, pour lui extirper autre chose que ce qu'on comprend ou ressent imm\u00e9diatement. Lui r\u00e9sister \u00e0 cette violence des faits pour en r\u00e9chapper et offrir d'autres possibles par des ph\u00e9nom\u00e8nes de renversement.\r\nTout au long du travail qui a commenc\u00e9 en 1994, ce furent tour \u00e0 tour ou parall\u00e8lement, la Yougoslavie, le Rwanda, l'Alg\u00e9rie et \u00e9videmment beaucoup d'autres \u00e9v\u00e9nements. Il s'est agi de re-transcrire les perceptions de toutes ces r\u00e9alit\u00e9s m\u00eal\u00e9es, m\u00eal\u00e9es aussi avec ma propre histoire, soit tout ce qui se passe dans la vie de chacun en fonction de ses activit\u00e9s physiques et psychiques. \u00c7a s'entrecroise. C'est en mouvement. C'est un mouvement incessant d'affleurements et de retraits.\r\nChris Meunier.\r\n\r\nDe ce temps-l\u00e0 \u00e0 ce temps-ci le livre se d\u00e9plie, s'invente, s'architecture.\r\nCinquante-deux livrets composent VOIES ACCORES, correspondant aux cinquante-deux semaines d'une ann\u00e9e.\r\nCes livrets rassembl\u00e9s forment un tout saisissant o\u00f9 l'Histoire, le r\u00e9cit, le t\u00e9moignage, l'actualit\u00e9, le po\u00e8me, la photographie se frottent, se superposent, se font face, se questionnent. Un c\u00e9notaphe o\u00f9 l'exc\u00e8s de t\u00e9n\u00e8bres \/ l'exc\u00e8s de lumi\u00e8res provoque les yeux, la t\u00eate, les jambes, et r\u00e9v\u00e8le la pr\u00e9sence d'absences.\r\nAujourd'hui. Pour demain. Ce qui s'est pass\u00e9 hier.\r\nO\u00f9 se situer dans les langues et leur vocabulaire ?\r\nInventer d'autres mots ou se contenter de ceux qui existent ?\r\nCes exp\u00e9riences engagent l'artiste, l'auteur, \u00e0 trouver sa propre parole dans le d\u00e9sir de transmettre \u00e0 son tour. Le livre alors se cr\u00e9e.\r\nJean-Christophe Vermot-Gauchy.","authors":["Chris Meunier"],"category_codes":["1000000","1090000"],"visuals":{"large":"https:\/\/images.epagine.fr\/811\/9782322030811_1_75.jpg","medium":"https:\/\/images.epagine.fr\/811\/9782322030811_1_m.jpg","thumbnail":"https:\/\/images.epagine.fr\/811\/9782322030811_1_v.jpg"},"orderable":true,"show_badge":true,"formatted_price":"28,50&nbsp;\u20ac","formatted_published_date":"13 mars 2013","publisher_availability_label":"Sur commande","short_details":"Chris Meunier \u2014 Books on Demand","translator":null,"weight":601,"page_count":216,"readership":null,"editor":"Books on Demand","price":2850,"published_date":"2013-03-12T23:00:00.000000Z","support":"Grand format","publisher_availability":1,"stock":0,"editions":[],"url":"https:\/\/quaidesbrumes.com\/ouvrage\/9782322030811\/voies-accores-tome-3"},{"id":"9782912144447","title":"Serie ombragee","description":null,"authors":["Kramer\/Poitrasson"],"category_codes":["1000000","1090000"],"visuals":{"large":"https:\/\/quaidesbrumes.com\/img\/book-placeholder.png","medium":"https:\/\/quaidesbrumes.com\/img\/book-placeholder.png","thumbnail":"https:\/\/quaidesbrumes.com\/img\/book-placeholder.png"},"orderable":true,"show_badge":true,"formatted_price":"5,00&nbsp;\u20ac","formatted_published_date":"10 d\u00e9cembre 2006","publisher_availability_label":"Sur commande","short_details":"Kramer\/Poitrasson \u2014 Propos 2","translator":null,"weight":100,"page_count":null,"readership":null,"editor":"Propos 2","price":500,"published_date":"2006-12-09T23:00:00.000000Z","support":"Grand format","publisher_availability":1,"stock":0,"editions":[],"url":"https:\/\/quaidesbrumes.com\/ouvrage\/9782912144447\/serie-ombragee"},{"id":"9782874593260","title":"La gloire amoureuse","description":null,"authors":["Daniel Plasschaert"],"category_codes":["1000000","1090000"],"visuals":{"large":"https:\/\/images.epagine.fr\/260\/9782874593260_1_75.jpg","medium":"https:\/\/images.epagine.fr\/260\/9782874593260_1_m.jpg","thumbnail":"https:\/\/images.epagine.fr\/260\/9782874593260_1_v.jpg"},"orderable":true,"show_badge":true,"formatted_price":"14,40&nbsp;\u20ac","formatted_published_date":"1er avril 2008","publisher_availability_label":"Sur commande","short_details":"Daniel Plasschaert \u2014 Chloe Des Lys","translator":null,"weight":150,"page_count":null,"readership":null,"editor":"Chloe Des Lys","price":1440,"published_date":"2008-03-31T22:00:00.000000Z","support":"Grand format","publisher_availability":1,"stock":0,"editions":[],"url":"https:\/\/quaidesbrumes.com\/ouvrage\/9782874593260\/la-gloire-amoureuse"},{"id":"9782849541074","title":"L'essentiel, souvent nous echappe","description":null,"authors":["Claude Art\u00e8s"],"category_codes":["1000000","1090000"],"visuals":{"large":"https:\/\/images.epagine.fr\/074\/9782849541074_1_75.jpg","medium":"https:\/\/images.epagine.fr\/074\/9782849541074_1_m.jpg","thumbnail":"https:\/\/images.epagine.fr\/074\/9782849541074_1_v.jpg"},"orderable":true,"show_badge":true,"formatted_price":"10,00&nbsp;\u20ac","formatted_published_date":"5 octobre 2011","publisher_availability_label":"Sur commande","short_details":"Claude Art\u00e8s \u2014 Chemins De Plume","translator":null,"weight":90,"page_count":null,"readership":null,"editor":"Chemins De Plume","price":1000,"published_date":"2011-10-04T22:00:00.000000Z","support":"Grand format","publisher_availability":1,"stock":0,"editions":[],"url":"https:\/\/quaidesbrumes.com\/ouvrage\/9782849541074\/lessentiel-souvent-nous-echappe"},{"id":"9782296135703","title":"Mis\u00e8res publiques","description":"Au coeur de la mis\u00e8re \/ Une race jadis noble vit et demeure Elle a perdu son chant de guerre \/ Elle a perdu son chant d'amour Elle a perdu sa force et sa culture \/ Elle a perdu sa lance et son armure Elle a perdu son grain et son art \/ Elle a perdu son coeur et sa sagesse Elle a perdu ses chefs forts et incorruptibles \/ Elle a re\u00e7u des fils faibles et corruptibles.","authors":["Jean-paul Ada bekoa"],"category_codes":["1000000","1090000"],"visuals":{"large":"https:\/\/images.epagine.fr\/703\/9782296135703_1_75.jpg","medium":"https:\/\/images.epagine.fr\/703\/9782296135703_1_m.jpg","thumbnail":"https:\/\/images.epagine.fr\/703\/9782296135703_1_v.jpg"},"orderable":true,"show_badge":true,"formatted_price":"12,00&nbsp;\u20ac","formatted_published_date":"22 d\u00e9cembre 2010","publisher_availability_label":"Sur commande","short_details":"Jean-paul Ada bekoa \u2014 \u00c9ditions L'Harmattan","translator":null,"weight":115,"page_count":86,"readership":null,"editor":"\u00c9ditions L'Harmattan","price":1200,"published_date":"2010-12-21T23:00:00.000000Z","support":"Grand format","publisher_availability":1,"stock":0,"editions":[],"url":"https:\/\/quaidesbrumes.com\/ouvrage\/9782296135703\/miseres-publiques"},{"id":"9782854465358","title":"Khurbn","description":null,"authors":["Jerome Rothenberg","Rachel Ertel"],"category_codes":["1000000","1090000"],"visuals":{"large":"https:\/\/images.epagine.fr\/358\/9782854465358_1_75.jpg","medium":"https:\/\/images.epagine.fr\/358\/9782854465358_1_m.jpg","thumbnail":"https:\/\/images.epagine.fr\/358\/9782854465358_1_v.jpg"},"orderable":true,"show_badge":true,"formatted_price":"15,00&nbsp;\u20ac","formatted_published_date":"17 septembre 2014","publisher_availability_label":"Sur commande","short_details":"Jerome Rothenberg, Rachel Ertel \u2014 Caracteres","translator":"RACHEL ERTEL","weight":143,"page_count":null,"readership":null,"editor":"Caracteres","price":1500,"published_date":"2014-09-16T22:00:00.000000Z","support":"Grand format","publisher_availability":1,"stock":0,"editions":[],"url":"https:\/\/quaidesbrumes.com\/ouvrage\/9782854465358\/khurbn"},{"id":"9782296550773","title":"Couleur de sables","description":"Couleur de sables est inspir\u00e9 par le d\u00e9sastre du 1er f\u00e9vrier 2004, un d\u00e9sastre caus\u00e9 par deux attentats terroristes dans la ville d'Erbil (capitale actuelle du Kurdistan Irakien). Cet \u00e9v\u00e9nement est un drame que les po\u00e8tes \u00e9l\u00e8vent \u00e0 une dimension mythique li\u00e9e \u00e0 l'histoire des Kurdes.","authors":["Nazand Begikhani","Dilawar Qaradagh"],"category_codes":["1000000","1090000"],"visuals":{"large":"https:\/\/images.epagine.fr\/773\/9782296550773_1_75.jpg","medium":"https:\/\/images.epagine.fr\/773\/9782296550773_1_m.jpg","thumbnail":"https:\/\/images.epagine.fr\/773\/9782296550773_1_v.jpg"},"orderable":true,"show_badge":true,"formatted_price":"11,00&nbsp;\u20ac","formatted_published_date":"25 mai 2011","publisher_availability_label":"Sur commande","short_details":"Nazand Begikhani, Dilawar Qaradagh \u2014 \u00c9ditions L'Harmattan","translator":null,"weight":85,"page_count":null,"readership":null,"editor":"\u00c9ditions L'Harmattan","price":1100,"published_date":"2011-05-24T22:00:00.000000Z","support":"Grand format","publisher_availability":1,"stock":0,"editions":[],"url":"https:\/\/quaidesbrumes.com\/ouvrage\/9782296550773\/couleur-de-sables"},{"id":"9782930498546","title":"\u00e0 l'approche","description":"Jouvence des mots. Dans quel labyrinthe \u00e9gar\u00e9 avais-je oubli\u00e9 de les aimer ? Sans doute ai-je trop cru au mythe fran\u00e7ais de la transparence. Malherbe, Racine, Anatole France m'avaient fourvoy\u00e9 dans la recherche d'une quintessence du simple, d'une po\u00e9sie de cristal qui ne fut pour moi, \u00e0 bien des \u00e9gards, que le pr\u00e9texte du murmure, de la fatigue.\r\n\r\nEt voici que reparaissent des brass\u00e9es de mots tout neufs, exotiques sans affectation, pr\u00e9cis sans cuistrerie, des mots comme des morceaux de monde, que dis-je, comme des mondes tout entiers. Guillaume Decourt n'en abuse pas, il les distille, les place avec tact, avec choix. Car chez lui le mot rare est toujours le mot juste.\r\n\r\nAussi est-il tout naturel que la po\u00e9sie de Decourt nous rende l'amour de la langue fran\u00e7aise en m\u00eame temps que celui de la po\u00e9sie. Elle nous rappelle que lire, c'\u00e9tait aussi cela, jadis, quand nous \u00e9tions timides encore devant les mots : ouvrir un dictionnaire, r\u00eaver amoureusement de la langue infinie, n'avoir jamais commenc\u00e9 de savoir ni fini d'apprendre. Surtout ne nous y trompons pas : plus de mots veut dire plus de corps, plus de chair, plus de r\u00e9el, plus de joie \u00e0 parler, \u00e0 \u00e9couter, \u00e0 regarder et donc \u00e0 vivre.\r\n\r\n(Extrait de la pr\u00e9face de Guillaume M\u00e9tayer)","authors":["Guillaume Decourt"],"category_codes":["1000000","1090000"],"visuals":{"large":"https:\/\/images.epagine.fr\/546\/9782930498546_1_75.jpg","medium":"https:\/\/images.epagine.fr\/546\/9782930498546_1_m.jpg","thumbnail":"https:\/\/images.epagine.fr\/546\/9782930498546_1_v.jpg"},"orderable":true,"show_badge":true,"formatted_price":"16,00&nbsp;\u20ac","formatted_published_date":"20 janvier 2015","publisher_availability_label":"Sur commande","short_details":"Guillaume Decourt \u2014 LE COUDRIER","translator":null,"weight":400,"page_count":102,"readership":null,"editor":"LE COUDRIER","price":1600,"published_date":"2015-01-19T23:00:00.000000Z","support":"Grand format","publisher_availability":1,"stock":0,"editions":[],"url":"https:\/\/quaidesbrumes.com\/ouvrage\/9782930498546\/a-lapproche"},{"id":"9782930498249","title":"Exercices","description":null,"authors":["Bonhomme Anne"],"category_codes":["1000000","1090000"],"visuals":{"large":"https:\/\/images.epagine.fr\/249\/9782930498249_1_75.jpg","medium":"https:\/\/images.epagine.fr\/249\/9782930498249_1_m.jpg","thumbnail":"https:\/\/images.epagine.fr\/249\/9782930498249_1_v.jpg"},"orderable":true,"show_badge":true,"formatted_price":"12,00&nbsp;\u20ac","formatted_published_date":"1er f\u00e9vrier 2011","publisher_availability_label":"Sur commande","short_details":"Bonhomme Anne \u2014 LE COUDRIER","translator":null,"weight":300,"page_count":null,"readership":null,"editor":"LE COUDRIER","price":1200,"published_date":"2011-01-31T23:00:00.000000Z","support":"Grand format","publisher_availability":1,"stock":0,"editions":[],"url":"https:\/\/quaidesbrumes.com\/ouvrage\/9782930498249\/exercices"},{"id":"9782930498362","title":"Impressions new-yorkaises","description":null,"authors":["Emmanuelle M\u00e9nard"],"category_codes":["1000000","1090000"],"visuals":{"large":"https:\/\/images.epagine.fr\/362\/9782930498362_1_75.jpg","medium":"https:\/\/images.epagine.fr\/362\/9782930498362_1_m.jpg","thumbnail":"https:\/\/images.epagine.fr\/362\/9782930498362_1_v.jpg"},"orderable":true,"show_badge":true,"formatted_price":"15,00&nbsp;\u20ac","formatted_published_date":"1er mars 2012","publisher_availability_label":"Sur commande","short_details":"Emmanuelle M\u00e9nard \u2014 LE COUDRIER","translator":null,"weight":400,"page_count":null,"readership":null,"editor":"LE COUDRIER","price":1500,"published_date":"2012-02-29T23:00:00.000000Z","support":"Grand format","publisher_availability":1,"stock":0,"editions":[],"url":"https:\/\/quaidesbrumes.com\/ouvrage\/9782930498362\/impressions-new-yorkaises"},{"id":"9782930498232","title":"Lumiere amarante","description":null,"authors":["Simal Nadine"],"category_codes":["1000000","1090000"],"visuals":{"large":"https:\/\/images.epagine.fr\/232\/9782930498232_1_75.jpg","medium":"https:\/\/images.epagine.fr\/232\/9782930498232_1_m.jpg","thumbnail":"https:\/\/images.epagine.fr\/232\/9782930498232_1_v.jpg"},"orderable":true,"show_badge":true,"formatted_price":"12,00&nbsp;\u20ac","formatted_published_date":"1er f\u00e9vrier 2011","publisher_availability_label":"Sur commande","short_details":"Simal Nadine \u2014 LE COUDRIER","translator":null,"weight":300,"page_count":null,"readership":null,"editor":"LE COUDRIER","price":1200,"published_date":"2011-01-31T23:00:00.000000Z","support":"Grand format","publisher_availability":1,"stock":0,"editions":[],"url":"https:\/\/quaidesbrumes.com\/ouvrage\/9782930498232\/lumiere-amarante"},{"id":"9782918566205","title":"Bleu exit","description":null,"authors":["Sophie Vanden abeele"],"category_codes":["1000000","1090000"],"visuals":{"large":"https:\/\/quaidesbrumes.com\/img\/book-placeholder.png","medium":"https:\/\/quaidesbrumes.com\/img\/book-placeholder.png","thumbnail":"https:\/\/quaidesbrumes.com\/img\/book-placeholder.png"},"orderable":true,"show_badge":true,"formatted_price":"17,00&nbsp;\u20ac","formatted_published_date":"15 d\u00e9cembre 2011","publisher_availability_label":"Sur commande","short_details":"Sophie Vanden abeele \u2014 Filosphere","translator":null,"weight":180,"page_count":null,"readership":null,"editor":"Filosphere","price":1700,"published_date":"2011-12-14T23:00:00.000000Z","support":"Grand format","publisher_availability":1,"stock":0,"editions":[],"url":"https:\/\/quaidesbrumes.com\/ouvrage\/9782918566205\/bleu-exit"},{"id":"9782357590083","title":"Sang du peuple, le toujours de la patrie","description":"Cet ouvrage premier volume d'une oeuvre d\u00e9j\u00e0 consid\u00e9rable, enrichit la nouvelle litt\u00e9rature maghr\u00e9bine.\r\nUn de nos amis, po\u00e8te am\u00e9ricain, me confiait que ces po\u00e8mes auraient pu \u00eatre r\u00e9dig\u00e9s par Saint-Just.","authors":["Nordine Tidafi"],"category_codes":["1000000","1090000"],"visuals":{"large":"https:\/\/images.epagine.fr\/083\/9782357590083_1_75.jpg","medium":"https:\/\/images.epagine.fr\/083\/9782357590083_1_m.jpg","thumbnail":"https:\/\/images.epagine.fr\/083\/9782357590083_1_v.jpg"},"orderable":true,"show_badge":true,"formatted_price":"10,00&nbsp;\u20ac","formatted_published_date":"11 avril 2000","publisher_availability_label":"Sur commande","short_details":"Nordine Tidafi \u2014 Alfabarre","translator":null,"weight":170,"page_count":155,"readership":null,"editor":"Alfabarre","price":1000,"published_date":"2000-04-10T22:00:00.000000Z","support":"Grand format","publisher_availability":1,"stock":0,"editions":[],"url":"https:\/\/quaidesbrumes.com\/ouvrage\/9782357590083\/sang-du-peuple-le-toujours-de-la-patrie"},{"id":"9782296123632","title":"Quelques mots pour tout dire","description":"\"Avec ses mots, Zhan nous emm\u00e8ne dans son parcours singulier. Un chemin fait de maux et d'espoir. Sans oublier son pass\u00e9, ses difficult\u00e9s, les mauvais coups, elle construit une mosa\u00efque po\u00e9tique, m\u00ealant ses racines ha\u00eftiennes, sa culture urbaine. Pour exprimer ses envies et ses convictions, elle jongle avec les mots, les assemblant avec dext\u00e9rit\u00e9. Mots d'humain, de femme, de m\u00e8re qui sont autant de passerelles pour franchir et d\u00e9passer les obstacles. Elle cherche notre \u00e9coute, nous interroge pour se diriger vers le mieux. Elle ne laisse pas le lecteur indiff\u00e9rent.\" Gilles Tcherniak.","authors":["Jacquet Zhan"],"category_codes":["1000000","1090000"],"visuals":{"large":"https:\/\/images.epagine.fr\/632\/9782296123632_1_75.jpg","medium":"https:\/\/images.epagine.fr\/632\/9782296123632_1_m.jpg","thumbnail":"https:\/\/images.epagine.fr\/632\/9782296123632_1_v.jpg"},"orderable":true,"show_badge":true,"formatted_price":"14,50&nbsp;\u20ac","formatted_published_date":"5 juillet 2010","publisher_availability_label":"Sur commande","short_details":"Jacquet Zhan \u2014 \u00c9ditions L'Harmattan","translator":null,"weight":175,"page_count":142,"readership":null,"editor":"\u00c9ditions L'Harmattan","price":1450,"published_date":"2010-07-04T22:00:00.000000Z","support":"Grand format","publisher_availability":1,"stock":0,"editions":[],"url":"https:\/\/quaidesbrumes.com\/ouvrage\/9782296123632\/quelques-mots-pour-tout-dire"},{"id":"9782914053754","title":"\u00e0 hauteur d'ombre","description":"\u00c0 hauteur d'ombre est un recueil de po\u00e8mes en vers libres, dont les textes constituent un ensemble po\u00e9tique pouvant \u00eatre lu de mani\u00e8re non chronologique.\r\nUne observation pr\u00e9cise et une familiarit\u00e9 avec les mondes animal, v\u00e9g\u00e9tal, min\u00e9ral, musical, permet d'oser des correspondances, de dresser des ponts entre eux (chardon\/bourdon ; herbe\/insecte ; arp\u00e8ges de soleil ; m\u00fbres\/araign\u00e9es ; oiseaux de colophane), et surtout de parler en termes m\u00e9taphoriques de ce qui est dit (vu) et de ce qui est tu (entendu, suspect\u00e9), qui pourrait bien constituer la trame de ce recueil. Les mots acqui\u00e8rent ainsi une vie naturelle : la parole se min\u00e9ralise ; la voix blanche des voyelles n\u00e9buleuses ; l'\u00e9corce ouvre des parenth\u00e8ses ; les paroles non dites sont comme des corbeaux ressemblant \u00e0 des ossements stratifi\u00e9s ; la parole envahie de bois mort se d\u00e9compose dans la sourdine des sols bruns ; la nuit impr\u00e8gne les mots d'une odeur de feuille mortes ; l'envol de l'apostrophe ; les mots outils rouill\u00e9s ou qui tombent en poussi\u00e8re...\r\nDans la construction de chaque texte, l'auteur fonctionne beaucoup par associations de sens ou de sons, ou des deux (chardon ... \u00e9pine ... araign\u00e9e) (\u00e9pervier ... \u00e9peire ... soie) (tortue ... tortueux ... tortur\u00e9s) (couleur ... couleuvre). Cela apporte une intonation psychanalytique au recueil, qui s'ajoute au sens de la formule, des images, de la m\u00e9taphore, pour donner au texte une profondeur, une \u00e9paisseur toute de tranquillit\u00e9. Car on est dans une observation c\u00e9r\u00e9brale des choses, qu'on pourrait qualifier d'asiatique. Si agitation ou violence il y a, elle se trouvent engain\u00e9e dans le calme du d\u00e9roulement irr\u00e9m\u00e9diable des choses de la nature : un mot dur est toujours emball\u00e9 dans une expression sereine.","authors":["Marie-Francoise Di Fraja"],"category_codes":["1000000","1090000","1090600"],"visuals":{"large":"https:\/\/images.epagine.fr\/754\/9782914053754_1_75.jpg","medium":"https:\/\/images.epagine.fr\/754\/9782914053754_1_m.jpg","thumbnail":"https:\/\/images.epagine.fr\/754\/9782914053754_1_v.jpg"},"orderable":true,"show_badge":true,"formatted_price":"12,00&nbsp;\u20ac","formatted_published_date":"13 mars 2014","publisher_availability_label":"Sur commande","short_details":"Marie-Francoise Di Fraja \u2014 La Cardere","translator":null,"weight":110,"page_count":72,"readership":null,"editor":"La Cardere","price":1200,"published_date":"2014-03-12T23:00:00.000000Z","support":"Grand format","publisher_availability":1,"stock":0,"editions":[],"url":"https:\/\/quaidesbrumes.com\/ouvrage\/9782914053754\/a-hauteur-dombre"},{"id":"9782854464269","title":"Puits du ciel","description":null,"authors":["Anne Mounic"],"category_codes":["1000000","1090000"],"visuals":{"large":"https:\/\/images.epagine.fr\/269\/9782854464269_1_75.jpg","medium":"https:\/\/images.epagine.fr\/269\/9782854464269_1_m.jpg","thumbnail":"https:\/\/images.epagine.fr\/269\/9782854464269_1_v.jpg"},"orderable":true,"show_badge":true,"formatted_price":"20,00&nbsp;\u20ac","formatted_published_date":"1er mai 2008","publisher_availability_label":"Sur commande","short_details":"Anne Mounic \u2014 Caracteres","translator":null,"weight":120,"page_count":58,"readership":null,"editor":"Caracteres","price":2000,"published_date":"2008-04-30T22:00:00.000000Z","support":"Grand format","publisher_availability":1,"stock":0,"editions":[],"url":"https:\/\/quaidesbrumes.com\/ouvrage\/9782854464269\/puits-du-ciel"},{"id":"9782354852306","title":"A la queue leu leu","description":null,"authors":["Albert Thery"],"category_codes":["1000000","1090000"],"visuals":{"large":"https:\/\/quaidesbrumes.com\/img\/book-placeholder.png","medium":"https:\/\/quaidesbrumes.com\/img\/book-placeholder.png","thumbnail":"https:\/\/quaidesbrumes.com\/img\/book-placeholder.png"},"orderable":true,"show_badge":true,"formatted_price":"17,00&nbsp;\u20ac","formatted_published_date":"1er mai 2011","publisher_availability_label":"Sur commande","short_details":"Albert Thery \u2014 JETS D'ENCRE","translator":null,"weight":150,"page_count":null,"readership":null,"editor":"JETS D'ENCRE","price":1700,"published_date":"2011-04-30T22:00:00.000000Z","support":"Grand format","publisher_availability":1,"stock":0,"editions":[],"url":"https:\/\/quaidesbrumes.com\/ouvrage\/9782354852306\/a-la-queue-leu-leu"},{"id":"9782343081595","title":"Messages port\u00e9s par la fum\u00e9e","description":"\"Je n ai rien compris \/ de ce qu a \u00e9crit la fum\u00e9e \/ qui montait de ses l\u00e8vres entreb\u00e2ill\u00e9es \/ J aurais d\u00fb simplement tout expliquer \/ par un profond baiser \/ Un baiser qui lui aurait ferm\u00e9 les yeux.\"","authors":["Sharif Al-shafiey","Mona Latif-ghattas"],"category_codes":["1000000","1090000"],"visuals":{"large":"https:\/\/images.epagine.fr\/595\/9782343081595_1_75.jpg","medium":"https:\/\/images.epagine.fr\/595\/9782343081595_1_m.jpg","thumbnail":"https:\/\/images.epagine.fr\/595\/9782343081595_1_v.jpg"},"orderable":true,"show_badge":true,"formatted_price":"15,00&nbsp;\u20ac","formatted_published_date":"13 janvier 2016","publisher_availability_label":"Sur commande","short_details":"Sharif Al-shafiey, Mona Latif-ghattas \u2014 \u00c9ditions L'Harmattan","translator":"MONA LATIF-GHATTAS","weight":160,"page_count":126,"readership":null,"editor":"\u00c9ditions L'Harmattan","price":1500,"published_date":"2016-01-12T23:00:00.000000Z","support":"Grand format","publisher_availability":1,"stock":0,"editions":[],"url":"https:\/\/quaidesbrumes.com\/ouvrage\/9782343081595\/messages-portes-par-la-fumee"},{"id":"9782810612062","title":"Symphonie amoureuse","description":"Un prestige peint avec des notes d'amour, des instants de bonheur, de magie, une inspiration insaisissable qui vous emm\u00e8nera sur les chants de mon coeur. Ces vers vous transmettront un nouvel horizon, la v\u00e9ritable passion partag\u00e9e, comme une renaissance avec soi-m\u00eame, une symbolique r\u00e9elle avec des valeurs fondamentales et absolues.","authors":["James Denis"],"category_codes":["1000000","1090000"],"visuals":{"large":"https:\/\/images.epagine.fr\/062\/9782810612062_1_75.jpg","medium":"https:\/\/images.epagine.fr\/062\/9782810612062_1_m.jpg","thumbnail":"https:\/\/images.epagine.fr\/062\/9782810612062_1_v.jpg"},"orderable":true,"show_badge":true,"formatted_price":"15,00&nbsp;\u20ac","formatted_published_date":"5 janvier 2010","publisher_availability_label":"Sur commande","short_details":"James Denis \u2014 Books on Demand","translator":null,"weight":401,"page_count":112,"readership":null,"editor":"Books on Demand","price":1500,"published_date":"2010-01-04T23:00:00.000000Z","support":"Grand format","publisher_availability":1,"stock":0,"editions":[],"url":"https:\/\/quaidesbrumes.com\/ouvrage\/9782810612062\/symphonie-amoureuse"},{"id":"9782915120783","title":"Madame des villes, des champs et des f\u00f4rets","description":"En 2002 paraissait \u00e0 L'Amourier, des m\u00eames auteurs, Pas une semaine sans Madame.\r\n\u00c0 deux mains, se dessinait, tout au long du texte, le visage f\u00e9minin et inaccessible, et sans doute inaccessible parce que f\u00e9minin, d'une pr\u00e9sence \u00e9vidente, \u00e0 la poursuite de laquelle deux po\u00e8tes se lancent : femme, alt\u00e9rit\u00e9, origine, monde, po\u00e9sie, po\u00e9sie enfin, qui ne cessent de s'offrir \u00e0 la d\u00e9rob\u00e9e. Pendant 9 ans, s'est poursuivi leur dialogue dont est n\u00e9 ce nouveau recueil de courtes proses.\r\n \r\nOn n'en aura jamais fini, chacun le sait, avec cette traque-l\u00e0. \r\nOr ce qui me touche, dans ce nouveau livre, Madame des villes, des champs et des for\u00eats, c'est de voir comment il accomplit la nature de l'\u00e9change inaugur\u00e9 il y a neuf ans, o\u00f9 chacun, interrogeant ou \u00e9coutant l'autre, questionnait en m\u00eame temps sa propre diff\u00e9rence. Le vrai dialogue, c'est : plus je serai moi-m\u00eame, plus je serai \u00e0 toi. Et plus alors, unis dans notre diff\u00e9rence, nous pourrons \u00eatre \u00e0 notre faim commune, poursuivant ce qui nous inspire et qui nous manque, que nous manquons aussi, par belle n\u00e9cessit\u00e9, dans le geste qui nous porte vers son alt\u00e9rit\u00e9. (extraits de la pr\u00e9face de Jean-Marie Barnaud)","authors":["Alain Freixe","Rapha\u00ebl Monticelli"],"category_codes":["1000000","1090000"],"visuals":{"large":"https:\/\/quaidesbrumes.com\/img\/book-placeholder.png","medium":"https:\/\/quaidesbrumes.com\/img\/book-placeholder.png","thumbnail":"https:\/\/quaidesbrumes.com\/img\/book-placeholder.png"},"orderable":true,"show_badge":true,"formatted_price":"12,00&nbsp;\u20ac","formatted_published_date":"1er juillet 2011","publisher_availability_label":"Sur commande","short_details":"Alain Freixe, Rapha\u00ebl Monticelli \u2014 L'Amourier","translator":null,"weight":120,"page_count":null,"readership":null,"editor":"L'Amourier","price":1200,"published_date":"2011-06-30T22:00:00.000000Z","support":"Grand format","publisher_availability":1,"stock":0,"editions":[],"url":"https:\/\/quaidesbrumes.com\/ouvrage\/9782915120783\/madame-des-villes-des-champs-et-des-forets"},{"id":"9782296549456","title":"Notre dame des oasis ; Genevi\u00e8ve Clancy ; la beaut\u00e9 r\u00e9sistante","description":"Genevi\u00e8ce Clancy est la nouvelle source de la po\u00e9sie fran\u00e7aise de la r\u00e9sistance de la seconde moiti\u00e9 du vingti\u00e8me si\u00e8cle. Dans l'exp\u00e9rience de la perte, tant de po\u00e8mes non \u00e9crits nous manquent : sa voix d'au-dessus des camps doit encore faire son chemin, car si elle est enracin\u00e9e dans la langue et le coeur des po\u00e8tes \"aux pieds nus\", par sa r\u00e9sistance, ses utopies, ses sentiments, elle attend que nous sachions rendre l'aveuglante simplicit\u00e9, la puret\u00e9 du feu de la po\u00e9sie.","authors":["Nicole Barri\u00e8re"],"category_codes":["1000000","1090000"],"visuals":{"large":"https:\/\/images.epagine.fr\/456\/9782296549456_1_75.jpg","medium":"https:\/\/images.epagine.fr\/456\/9782296549456_1_m.jpg","thumbnail":"https:\/\/images.epagine.fr\/456\/9782296549456_1_v.jpg"},"orderable":true,"show_badge":true,"formatted_price":"12,00&nbsp;\u20ac","formatted_published_date":"3 mai 2011","publisher_availability_label":"Sur commande","short_details":"Nicole Barri\u00e8re \u2014 \u00c9ditions L'Harmattan","translator":null,"weight":125,"page_count":94,"readership":null,"editor":"\u00c9ditions L'Harmattan","price":1200,"published_date":"2011-05-02T22:00:00.000000Z","support":"Grand format","publisher_availability":1,"stock":0,"editions":[],"url":"https:\/\/quaidesbrumes.com\/ouvrage\/9782296549456\/notre-dame-des-oasis-genevieve-clancy-la-beaute-resistante"}]}