{"data":[{"id":"9782757002094","title":"Escales","description":"Si l'on oublie de prononcer mentalement, en articulant et en chantant, les vers de G\u00e9rard G\u00e2con au moment o\u00f9 on les lit, on risque de passer \u00e0 c\u00f4t\u00e9, et de ne pas remarquer cette sensibilit\u00e9 qui fr\u00e9mit toute enti\u00e8re sous la peau du po\u00e8me. La musique verbale, faite de vagues et de creux sonores, de pleins et d\u00e9li\u00e9s auditifs, vient peut-\u00eatre de la scansion de la po\u00e9sie anglaise, que le po\u00e8te enseigna de longues ann\u00e9es, et qui, impr\u00e9gn\u00e9 de la musique \u00e9lastique et bondissante de la langue shakespearienne, la reprend \u00e0 son compte pour faire ce que doit faire le po\u00e8te : exprimer le \u00ab lait de la tendresse humaine \u00bb et l'indicible du monde.\r","authors":["G\u00e9rard G\u00e2con"],"category_codes":["1000000","1090000"],"visuals":{"large":"https:\/\/images.epagine.fr\/094\/9782757002094_1_75.jpg","medium":"https:\/\/images.epagine.fr\/094\/9782757002094_1_m.jpg","thumbnail":"https:\/\/images.epagine.fr\/094\/9782757002094_1_v.jpg"},"orderable":true,"show_badge":true,"formatted_price":"13,00&nbsp;\u20ac","formatted_published_date":"28 avril 2011","publisher_availability_label":"Sur commande","short_details":"G\u00e9rard G\u00e2con \u2014 Jacques Andre","translator":null,"weight":104,"page_count":80,"readership":null,"editor":"Jacques Andre","price":1300,"published_date":"2011-04-27T22:00:00.000000Z","support":"Grand format","publisher_availability":1,"stock":0,"editions":[],"url":"https:\/\/quaidesbrumes.com\/ouvrage\/9782757002094\/escales"},{"id":"9782956125501","title":"D\u00e9sob\u00e9\u00efssance","description":"\" Aujourd'hui, j'ai mille ans. Mais le temps n'a pas d'importance.\"\r","authors":["Patricia Olivier"],"category_codes":["1000000","1090000","1090600"],"visuals":{"large":"https:\/\/images.epagine.fr\/501\/9782956125501_1_75.jpg","medium":"https:\/\/images.epagine.fr\/501\/9782956125501_1_m.jpg","thumbnail":"https:\/\/images.epagine.fr\/501\/9782956125501_1_v.jpg"},"orderable":true,"show_badge":true,"formatted_price":"10,00&nbsp;\u20ac","formatted_published_date":"6 juin 2017","publisher_availability_label":"Sur commande","short_details":"Patricia Olivier \u2014 MJM EDITEUR","translator":null,"weight":116,"page_count":72,"readership":null,"editor":"MJM EDITEUR","price":1000,"published_date":"2017-06-05T22:00:00.000000Z","support":"Grand format","publisher_availability":1,"stock":0,"editions":[],"url":"https:\/\/quaidesbrumes.com\/ouvrage\/9782956125501\/desobeissance"},{"id":"9782856680803","title":"Avant longtemps","description":null,"authors":["Roland Reutenauer"],"category_codes":["1000000","1090000"],"visuals":{"large":"https:\/\/images.epagine.fr\/803\/9782856680803_1_75.jpg","medium":"https:\/\/images.epagine.fr\/803\/9782856680803_1_m.jpg","thumbnail":"https:\/\/images.epagine.fr\/803\/9782856680803_1_v.jpg"},"orderable":true,"show_badge":true,"formatted_price":"13,72&nbsp;\u20ac","formatted_published_date":"15 mai 2001","publisher_availability_label":"Sur commande","short_details":"Roland Reutenauer \u2014 Rougerie","translator":null,"weight":250,"page_count":null,"readership":null,"editor":"Rougerie","price":1372,"published_date":"2001-05-14T22:00:00.000000Z","support":"Grand format","publisher_availability":1,"stock":0,"editions":[],"url":"https:\/\/quaidesbrumes.com\/ouvrage\/9782856680803\/avant-longtemps"},{"id":"9782841096824","title":"Des petits mots sur des gros maux","description":"Malgr\u00e9 toutes les embuscades En travers de la chauss\u00e9e Nous la construirons ensemble Notre soci\u00e9t\u00e9 r\u00eav\u00e9e Si d'aucuns semblent freiner Deus deux pieds, c'est un po\u00e8me De construire une soci\u00e9t\u00e9 O\u00f9 les couleurs s'entrem\u00ealent Le pr\u00e9sent comme un virtuose De d\u00e9sirs et d'espoir macul\u00e9 Pour notre bonheur compose Un avenir m\u00e9tisse Ce recueil se veut \u00eatre un petit clin d'oeil \u00e0 la soci\u00e9t\u00e9 et les questionnements qu'elle suscite. Nous y avons rassembl\u00e9 un floril\u00e8ge de sentiments l\u00e9gers ou plus grave sur l'air du temps.\r","authors":["Marie-Claire"],"category_codes":["1000000","1090000"],"visuals":{"large":"https:\/\/images.epagine.fr\/824\/9782841096824_1_75.jpg","medium":"https:\/\/images.epagine.fr\/824\/9782841096824_1_m.jpg","thumbnail":"https:\/\/images.epagine.fr\/824\/9782841096824_1_v.jpg"},"orderable":true,"show_badge":true,"formatted_price":"12,00&nbsp;\u20ac","formatted_published_date":"8 avril 2008","publisher_availability_label":"Sur commande","short_details":"Marie-Claire \u2014 LE TEMPS DES CERISES","translator":null,"weight":0,"page_count":90,"readership":null,"editor":"LE TEMPS DES CERISES","price":1200,"published_date":"2008-04-07T22:00:00.000000Z","support":"Poche","publisher_availability":1,"stock":0,"editions":[],"url":"https:\/\/quaidesbrumes.com\/ouvrage\/9782841096824\/des-petits-mots-sur-des-gros-maux"},{"id":"9782312073613","title":"Le carnet d'un d\u00e9sesp\u00e9r\u00e9","description":"Dass\u00e9 \u00e9tait tout juste majeur lorsqu'il mit enceinte Christy, elle-m\u00eame \u00e2g\u00e9e de 17 ans et \u00e9l\u00e8ve de seconde. Sa famille \u00e9tant trop pauvre pour l'aider \u00e0 assumer cette grossesse, le jeune homme d\u00e9cida de rejoindre la c\u00f4te m\u00e9diterran\u00e9enne afin de conqu\u00e9rir l'Occident. Il avait l'intention d'y trouver les meilleures conditions de vie pour prendre soin de Christy, comme il l'avait promis \u00e0 ses parents malgr\u00e9 leur rejet et leur col\u00e8re \u00e0 son encontre.\r\nCe fut un \u00e9chec pour Dass\u00e9 : l'aventure se termina dans les larmes. Le jeune homme fut rapatri\u00e9. Cette d\u00e9faite embrassa \u00e9galement la mort de son p\u00e8re, celle de son ami Landry (qui \u00e9tait aussi l'ex-petit ami de Christy), mais aussi celle de sa grand-m\u00e8re, atteinte de la maladie d'Alzheimer. Suite \u00e0 son inexcusable erreur, Dass\u00e9 d\u00e9cida quant \u00e0 lui de pardonner ses fr\u00e8res, soeurs, m\u00e8res et a\u00een\u00e9s.\r","authors":["Yao Archimede Leroy Kouassi"],"category_codes":["1000000","1090000"],"visuals":{"large":"https:\/\/images.epagine.fr\/613\/9782312073613_1_75.jpg","medium":"https:\/\/images.epagine.fr\/613\/9782312073613_1_m.jpg","thumbnail":"https:\/\/images.epagine.fr\/613\/9782312073613_1_v.jpg"},"orderable":true,"show_badge":true,"formatted_price":"13,00&nbsp;\u20ac","formatted_published_date":"5 juin 2020","publisher_availability_label":"Sur commande","short_details":"Yao Archimede Leroy Kouassi \u2014 Editions du Net","translator":null,"weight":172,"page_count":160,"readership":null,"editor":"Editions du Net","price":1300,"published_date":"2020-06-04T22:00:00.000000Z","support":"Grand format","publisher_availability":1,"stock":0,"editions":[],"url":"https:\/\/quaidesbrumes.com\/ouvrage\/9782312073613\/le-carnet-dun-desespere"},{"id":"9782358630573","title":"Reflets","description":null,"authors":["Boulai Geoffroy"],"category_codes":["1000000","1090000"],"visuals":{"large":"https:\/\/quaidesbrumes.com\/img\/book-placeholder.png","medium":"https:\/\/quaidesbrumes.com\/img\/book-placeholder.png","thumbnail":"https:\/\/quaidesbrumes.com\/img\/book-placeholder.png"},"orderable":true,"show_badge":true,"formatted_price":"3,00&nbsp;\u20ac","formatted_published_date":"2 juin 2012","publisher_availability_label":"Sur commande","short_details":"Boulai Geoffroy \u2014 Le Pre Du Plain","translator":null,"weight":42,"page_count":null,"readership":null,"editor":"Le Pre Du Plain","price":300,"published_date":"2012-06-01T22:00:00.000000Z","support":"Grand format","publisher_availability":1,"stock":0,"editions":[],"url":"https:\/\/quaidesbrumes.com\/ouvrage\/9782358630573\/reflets"},{"id":"9782914258715","title":"D\u00e9mantelement du jour","description":"\u00ab On en finit pas De regarder tomber la pluie  On d\u00e9l\u00e8gue pour un temps  Le chagrin aux fen\u00eatres  On voit bien Qu'un ciel trop bas  Se d\u00e9leste de sa clart\u00e9  Et on assiste  Impuissant  Au d\u00e9mant\u00e8lement du jour. \u00bb\r","authors":["Raoul Louis"],"category_codes":["1000000","1090000"],"visuals":{"large":"https:\/\/quaidesbrumes.com\/img\/book-placeholder.png","medium":"https:\/\/quaidesbrumes.com\/img\/book-placeholder.png","thumbnail":"https:\/\/quaidesbrumes.com\/img\/book-placeholder.png"},"orderable":true,"show_badge":true,"formatted_price":"12,00&nbsp;\u20ac","formatted_published_date":"17 mai 2011","publisher_availability_label":"Sur commande","short_details":"Raoul Louis \u2014 Eclats D'Encre","translator":null,"weight":80,"page_count":null,"readership":null,"editor":"Eclats D'Encre","price":1200,"published_date":"2011-05-16T22:00:00.000000Z","support":"Grand format","publisher_availability":1,"stock":0,"editions":[],"url":"https:\/\/quaidesbrumes.com\/ouvrage\/9782914258715\/demantelement-du-jour"},{"id":"9782720004575","title":"Poetes chinois de l'ecole francaise dai wangshu, li jinfa, wang duqing, mu mutian, ai qinq, luo daga","description":null,"authors":["Michele Loi"],"category_codes":["1000000","1090000"],"visuals":{"large":"https:\/\/quaidesbrumes.com\/img\/book-placeholder.png","medium":"https:\/\/quaidesbrumes.com\/img\/book-placeholder.png","thumbnail":"https:\/\/quaidesbrumes.com\/img\/book-placeholder.png"},"orderable":true,"show_badge":true,"formatted_price":"23,00&nbsp;\u20ac","formatted_published_date":"1er janvier 1980","publisher_availability_label":"Sur commande","short_details":"Michele Loi \u2014 Jean Maisonneuve","translator":null,"weight":265,"page_count":null,"readership":null,"editor":"Jean Maisonneuve","price":2300,"published_date":"1979-12-31T23:00:00.000000Z","support":"Grand format","publisher_availability":1,"stock":0,"editions":[],"url":"https:\/\/quaidesbrumes.com\/ouvrage\/9782720004575\/poetes-chinois-de-lecole-francaise-dai-wangshu-li-jinfa-wang-duqing-mu-mutian-ai-qinq-luo-daga"},{"id":"9782364690011","title":"Derni\u00e8re \u00e9vasion de Tatave Wacheux","description":"Le coq gaulois, - plut\u00f4t la gauloise dor\u00e9e -, poss\u00e8de une r\u00e9putation de pi\u00e8tre couveuse. Or, il arriva qu'une repr\u00e9sentante de ladite race se mit \u00e0 couver les oeufs des autres, en plein hiver art\u00e9sien, dans le poulailler orient\u00e9 est de Maurice Laforge, dit Nez Martel\u00e9.\r","authors":["Nicolas Wallart"],"category_codes":["1000000","1090000"],"visuals":{"large":"https:\/\/images.epagine.fr\/011\/9782364690011_1_75.jpg","medium":"https:\/\/images.epagine.fr\/011\/9782364690011_1_m.jpg","thumbnail":"https:\/\/images.epagine.fr\/011\/9782364690011_1_v.jpg"},"orderable":true,"show_badge":true,"formatted_price":"10,00&nbsp;\u20ac","formatted_published_date":"12 octobre 2011","publisher_availability_label":"Sur commande","short_details":"Nicolas Wallart \u2014 Editions Henry","translator":null,"weight":135,"page_count":96,"readership":null,"editor":"Editions Henry","price":1000,"published_date":"2011-10-11T22:00:00.000000Z","support":"Grand format","publisher_availability":1,"stock":0,"editions":[],"url":"https:\/\/quaidesbrumes.com\/ouvrage\/9782364690011\/derniere-evasion-de-tatave-wacheux"},{"id":"9782915120103","title":"Par les ratures du corps","description":"La ville se pr\u00e9sente ici comme une forme vip\u00e9rine, elle est menace permanente et pourtant lieu possible de r\u00e9alisation et d'accomplissement. Un concierge y d\u00e9couvre subrepticement un cadavre.\r\nPorteur d'un texte de Dante Alighieri, ce mort va se r\u00e9v\u00e9ler particuli\u00e8rement perturbant, pour le personnage comme pour le r\u00e9cit. Car la po\u00e9sie est contagieuse ; progressivement, elle contamine la narration.\r\nLa po\u00e9sie est un mode d'expression, un mode de perception et, finalement, une fa\u00e7on de vivre.\r\nLe concierge, apr\u00e8s avoir lu ce texte de la Vita Nuova, ne pourra plus mener son existence comme par le pass\u00e9. Et l'histoire s'ouvrira, s'offrira, \u00e0 la scansion des vers.\r\nLa ville r\u00e9v\u00e8le d\u00e8s lors ce que les discours officiels cachent.\r\nNice, car c'est bien d'elle qu'il s'agit, appara\u00eet ici comme lieu de violences et d'exclusions. Le soleil et la mer sont \u00e9l\u00e9ments contradictoires : ils nous lient aux forces vitales, mais sont \u00e9galement exploit\u00e9s par de basses d\u00e9marches de rentabilit\u00e9. Que l'on cache donc les exclus, ceux qui d\u00e9passent par leur mis\u00e8re ou leur grandeur, leur amour.\r\nLe po\u00e8me de Dante, venu de la profondeur des si\u00e8cles et de la mort, sera f\u00e9cond. Par lui, les \u00eatres acc\u00e9deront aux mont\u00e9es solaires, aux triptyques baroques jusqu'\u00e0 ce que par les ratures du corps soit dit l'\u00e9merveillement.\r","authors":["Yves Ughes"],"category_codes":["1000000","1090000"],"visuals":{"large":"https:\/\/images.epagine.fr\/103\/9782915120103_1_75.jpg","medium":"https:\/\/images.epagine.fr\/103\/9782915120103_1_m.jpg","thumbnail":"https:\/\/images.epagine.fr\/103\/9782915120103_1_v.jpg"},"orderable":true,"show_badge":true,"formatted_price":"17,00&nbsp;\u20ac","formatted_published_date":"13 mars 2005","publisher_availability_label":"Sur commande","short_details":"Yves Ughes \u2014 L'Amourier","translator":null,"weight":180,"page_count":64,"readership":null,"editor":"L'Amourier","price":1700,"published_date":"2005-03-12T23:00:00.000000Z","support":"Grand format","publisher_availability":1,"stock":0,"editions":[],"url":"https:\/\/quaidesbrumes.com\/ouvrage\/9782915120103\/par-les-ratures-du-corps"},{"id":"9782350340098","title":"Pr\u00e9vert","description":null,"authors":["Jean-marc Tennberg"],"category_codes":["1000000","1090000"],"visuals":{"large":"https:\/\/images.epagine.fr\/098\/9782350340098_1_75.jpg","medium":"https:\/\/images.epagine.fr\/098\/9782350340098_1_m.jpg","thumbnail":"https:\/\/images.epagine.fr\/098\/9782350340098_1_v.jpg"},"orderable":true,"show_badge":true,"formatted_price":"6,00&nbsp;\u20ac","formatted_published_date":"22 d\u00e9cembre 2010","publisher_availability_label":"Sur commande","short_details":"Jean-marc Tennberg \u2014 Eponymes","translator":null,"weight":100,"page_count":null,"readership":null,"editor":"Eponymes","price":600,"published_date":"2010-12-21T23:00:00.000000Z","support":"CD Audio","publisher_availability":1,"stock":0,"editions":[],"url":"https:\/\/quaidesbrumes.com\/ouvrage\/9782350340098\/prevert"},{"id":"9782343075327","title":"Unknown","description":"\"Unknown, 37 po\u00e8mes agoniques. Un combat d amazones que vient scander une pulsation primitive. Pulsions et r\u00e9pulsions, sondages en profondeur des organes et des cr\u00e2nes, \u00e9panchement des fluides ad libitum. Unknown c est ce que l on ne r\u00e9ussit jamais \u00e0 extraire de l autre, sauf \u00e0 \u00e9crire.\"\r","authors":["Anne Arnaud"],"category_codes":["1000000","1090000"],"visuals":{"large":"https:\/\/images.epagine.fr\/327\/9782343075327_1_75.jpg","medium":"https:\/\/images.epagine.fr\/327\/9782343075327_1_m.jpg","thumbnail":"https:\/\/images.epagine.fr\/327\/9782343075327_1_v.jpg"},"orderable":true,"show_badge":true,"formatted_price":"11,00&nbsp;\u20ac","formatted_published_date":"29 octobre 2015","publisher_availability_label":"Sur commande","short_details":"Anne Arnaud \u2014 \u00c9ditions L'Harmattan","translator":null,"weight":100,"page_count":74,"readership":null,"editor":"\u00c9ditions L'Harmattan","price":1100,"published_date":"2015-10-28T23:00:00.000000Z","support":"Grand format","publisher_availability":1,"stock":0,"editions":[],"url":"https:\/\/quaidesbrumes.com\/ouvrage\/9782343075327\/unknown"},{"id":"9782953056716","title":"Autour ; around","description":"Beno\u00eet Fougeirol a rapport\u00e9 de ses p\u00e9r\u00e9grinations dans la p\u00e9riph\u00e9rie parisienne quatre s\u00e9ries de vues qui t\u00e9moignent d'un regard singulier, pos\u00e9 sur ce qui est et que l'on ne voit pas. Ce regard se construit \u00e0 distance, distance qui traduit \u00e0 la fois une profonde empathie et un authentique respect pour tout cela qui est si n\u00e9glig\u00e9 et si ouvert.  \u00c0 ce regard distant font \u00e9cho les po\u00e8mes de Micha\u00ebl Batalla, qui en dessinent la partition, dans une qu\u00eate de sens aussi sensible qu'impossible. C'est \u00e0 la n\u00e9cessaire construction de ce regard qu'appelle Jean-Paul Robert.\r","authors":["Micha\u00ebl Batalla","Beno\u00eet Fougeirol","Jean-Paul Robert","Christophe Marchand-kiss"],"category_codes":["1000000","1090000"],"visuals":{"large":"https:\/\/images.epagine.fr\/716\/9782953056716_1_75.jpg","medium":"https:\/\/images.epagine.fr\/716\/9782953056716_1_m.jpg","thumbnail":"https:\/\/images.epagine.fr\/716\/9782953056716_1_v.jpg"},"orderable":true,"show_badge":true,"formatted_price":"38,54&nbsp;\u20ac","formatted_published_date":"10 mai 2010","publisher_availability_label":"Sur commande","short_details":"Micha\u00ebl Batalla, Beno\u00eet Fougeirol, Jean-Paul Robert, Christophe Marchand-kiss \u2014 Vmcf","translator":"CHRISTOPHE MARCHAND-KISS","weight":840,"page_count":176,"readership":null,"editor":"Vmcf","price":3854,"published_date":"2010-05-09T22:00:00.000000Z","support":"Grand format","publisher_availability":1,"stock":0,"editions":[],"url":"https:\/\/quaidesbrumes.com\/ouvrage\/9782953056716\/autour-around"},{"id":"9782322037711","title":"Voies accores ; livres X","description":"Voies accores  Ceci n'est pas un livre d'Histoire. C'est un livre d'histoires au pluriel. C'est moi debout face \u00e0 ces histoires. C'est un face \u00e0 face entre eux, tous ces disparus, toute cette horreur et moi, \u00e9crivant. J'ai voulu dialoguer avec eux, ici, maintenant. C'est parti d'un r\u00e9el besoin, individuel et politique sans pr\u00e9tendre \u00e0 aucune v\u00e9rit\u00e9. C'est ce que je devais faire. C'est tout. Je crois, avec d'autres, que ce g\u00e9nocide central du XX\u00e8me si\u00e8cle est sans commune mesure dans l'histoire de l'humanit\u00e9 et qu'\u00e0 ce titre, en tant qu'artiste, je deviens t\u00e9moin des t\u00e9moins.  Re-transcrire. R\u00e9-ordonner en d\u00e9sordonnant aussi. Peut-\u00eatre me fallait-il violenter la violence elle-m\u00eame, pour lui extirper autre chose que ce qu'on comprend ou ressent imm\u00e9diatement. Lui r\u00e9sister \u00e0 cette violence des faits pour en r\u00e9chapper et offrir d'autres possibles par des ph\u00e9nom\u00e8nes de renversement. Tout au long du travail qui a commenc\u00e9 en 1994, ce furent tour \u00e0 tour ou parall\u00e8lement, la Yougoslavie, le Rwanda, l'Alg\u00e9rie et \u00e9videmment beaucoup d'autres \u00e9v\u00e9nements. Il s'est agi de re-transcrire les perceptions de toutes ces r\u00e9alit\u00e9s m\u00eal\u00e9es, m\u00eal\u00e9es aussi avec ma propre histoire, soit tout ce qui se passe dans la vie de chacun en fonction de ses activit\u00e9s physiques et psychiques. \u00c7a s'entrecroise. C'est en mouvement. C'est un mouvement incessant d'affleurements et de retraits. Chris Meunier  De ce temps-l\u00e0 \u00e0 ce temps-ci le livre se d\u00e9plie, s'invente, s'architecture. Cinquante-deux livrets composent VOIES ACCORES, correspondant aux cinquante-deux semaines d'une ann\u00e9e. Ces livrets rassembl\u00e9s forment un tout saisissant o\u00f9 l'Histoire, le r\u00e9cit, le t\u00e9moignage, l'actualit\u00e9, le po\u00e8me, la photographie se frottent, se superposent, se font face, se questionnent. Un c\u00e9notaphe o\u00f9 l'exc\u00e8s de t\u00e9n\u00e8bres et l'exc\u00e8s de lumi\u00e8res provoque les yeux, la t\u00eate, les jambes...et r\u00e9v\u00e8le la pr\u00e9sence d'absences. Aujourd'hui. Pour demain. Ce qui s'est pass\u00e9 hier. O\u00f9 se situer dans les langues et leur vocabulaire ? Inventer d'autres mots ou se contenter de ceux qui existent ? Ces exp\u00e9riences engagent l'artiste, l'auteur, \u00e0 trouver sa propre parole dans le d\u00e9sir de transmettre \u00e0 son tour. Le livre alors se cr\u00e9e. Jean-Christophe Vermot-Gauchy\r","authors":["Chris Meunier"],"category_codes":["1000000","1090000","1090600"],"visuals":{"large":"https:\/\/images.epagine.fr\/711\/9782322037711_1_75.jpg","medium":"https:\/\/images.epagine.fr\/711\/9782322037711_1_m.jpg","thumbnail":"https:\/\/images.epagine.fr\/711\/9782322037711_1_v.jpg"},"orderable":true,"show_badge":true,"formatted_price":"26,00&nbsp;\u20ac","formatted_published_date":"3 septembre 2014","publisher_availability_label":"Sur commande","short_details":"Chris Meunier \u2014 Books on Demand","translator":null,"weight":601,"page_count":236,"readership":null,"editor":"Books on Demand","price":2600,"published_date":"2014-09-02T22:00:00.000000Z","support":"Grand format","publisher_availability":1,"stock":0,"editions":[],"url":"https:\/\/quaidesbrumes.com\/ouvrage\/9782322037711\/voies-accores-livres-x"},{"id":"9782296990470","title":"Randonn\u00e9e","description":"\u00c0 travers sa po\u00e9sie, Yannick Monros\u00e9 cr\u00e9e des figures humaines marqu\u00e9es par la souffrance et la nostalgie. Mais, malgr\u00e9 tout, son \u00e9criture est empreinte d'un grand amour pour l'humanit\u00e9. Ces interrogations, ces souffrances, ce sont un peu celles de l'auteur. Gr\u00e2ce \u00e0 l'\u00e9criture, il les sublime pour en faire un chant.\r","authors":["Yannick Monros\u00e9"],"category_codes":["1000000","1090000"],"visuals":{"large":"https:\/\/images.epagine.fr\/470\/9782296990470_1_75.jpg","medium":"https:\/\/images.epagine.fr\/470\/9782296990470_1_m.jpg","thumbnail":"https:\/\/images.epagine.fr\/470\/9782296990470_1_v.jpg"},"orderable":true,"show_badge":true,"formatted_price":"12,50&nbsp;\u20ac","formatted_published_date":"11 mai 2012","publisher_availability_label":"Sur commande","short_details":"Yannick Monros\u00e9 \u2014 \u00c9ditions L'Harmattan","translator":null,"weight":80,"page_count":80,"readership":null,"editor":"\u00c9ditions L'Harmattan","price":1250,"published_date":"2012-05-10T22:00:00.000000Z","support":"Grand format","publisher_availability":1,"stock":0,"editions":[],"url":"https:\/\/quaidesbrumes.com\/ouvrage\/9782296990470\/randonnee"},{"id":"9782847122329","title":"Le roman achev\u00e9","description":"...Je suivais une route lisse, foulais la plage abandonn\u00e9e. La plage, mon premier d\u00e9sert. Dans le fond de mon \u00e2ge, la neige couvre de flocons-silence les pages de l'enfantine solitude.\r\n\r\nAujourd'hui me voici aux portes de l'absence. Lorsque je me retourne, l'enfant qui me suivait ne parle plus dans l'ombre, et fragile s'\u00e9loigne, silhouette menue emport\u00e9e par le temps...\r","authors":["Claude Cailleau"],"category_codes":["1000000","1090000"],"visuals":{"large":"https:\/\/images.epagine.fr\/329\/9782847122329_1_75.jpg","medium":"https:\/\/images.epagine.fr\/329\/9782847122329_1_m.jpg","thumbnail":"https:\/\/images.epagine.fr\/329\/9782847122329_1_v.jpg"},"orderable":true,"show_badge":true,"formatted_price":"8,00&nbsp;\u20ac","formatted_published_date":"12 novembre 2009","publisher_availability_label":"Sur commande","short_details":"Claude Cailleau \u2014 Petit Pave","translator":null,"weight":170,"page_count":94,"readership":null,"editor":"Petit Pave","price":800,"published_date":"2009-11-11T23:00:00.000000Z","support":"Grand format","publisher_availability":1,"stock":0,"editions":[],"url":"https:\/\/quaidesbrumes.com\/ouvrage\/9782847122329\/le-roman-acheve"},{"id":"9782011095367","title":"Poeme sale","description":"\" J'ai \u00e9crit Po\u00e8me sale en 1975, \u00e0 Buenos Aires, apr\u00e8s plusieurs ann\u00e9es d'exil. Il ne s'agissait pas d'\u00e9voquer simplement l'enfance et la ville lointaine. Je voulais sauvegarder la vie v\u00e9cue (une mani\u00e8re, peut-\u00eatre de me sentir vivant), descendre les labyrinthes du temps, qui sait, peut \u00eatre pour faire de ma terre natale un refuse affectif...\r\nJe dois \u00e0 Po\u00e8me sale la fin anticip\u00e9e de mon exil.\" Ferreira Gullar \"Le dernier grand po\u00e8te br\u00e9silien\" Vinicius de Moares \"Je suis une fervente admiratrice de Ferreira Gullar, depuis les temps de La lutte corporelle jusqu'\u00e0 ce scandaleux bellissimo Po\u00e8me sale.\" Clarice Lispector\r","authors":["Ferreira Gullar","Jean-michel Beaudet"],"category_codes":["1000000","1090000"],"visuals":{"large":"https:\/\/quaidesbrumes.com\/img\/book-placeholder.png","medium":"https:\/\/quaidesbrumes.com\/img\/book-placeholder.png","thumbnail":"https:\/\/quaidesbrumes.com\/img\/book-placeholder.png"},"orderable":true,"show_badge":true,"formatted_price":"11,00&nbsp;\u20ac","formatted_published_date":"30 octobre 2005","publisher_availability_label":"Sur commande","short_details":"Ferreira Gullar, Jean-michel Beaudet \u2014 LE TEMPS DES CERISES","translator":"JEAN-MICHEL BEAUDET","weight":0,"page_count":120,"readership":null,"editor":"LE TEMPS DES CERISES","price":1100,"published_date":"2005-10-29T22:00:00.000000Z","support":"Poche","publisher_availability":1,"stock":0,"editions":[],"url":"https:\/\/quaidesbrumes.com\/ouvrage\/9782011095367\/poeme-sale"},{"id":"9782912144737","title":"Recits sporadiques de laossissetoucom","description":null,"authors":["Claude Held"],"category_codes":["1000000","1090000"],"visuals":{"large":"https:\/\/quaidesbrumes.com\/img\/book-placeholder.png","medium":"https:\/\/quaidesbrumes.com\/img\/book-placeholder.png","thumbnail":"https:\/\/quaidesbrumes.com\/img\/book-placeholder.png"},"orderable":true,"show_badge":true,"formatted_price":"15,00&nbsp;\u20ac","formatted_published_date":"10 mai 2012","publisher_availability_label":"Sur commande","short_details":"Claude Held \u2014 Propos 2","translator":null,"weight":335,"page_count":null,"readership":null,"editor":"Propos 2","price":1500,"published_date":"2012-05-09T22:00:00.000000Z","support":"Grand format","publisher_availability":1,"stock":0,"editions":[],"url":"https:\/\/quaidesbrumes.com\/ouvrage\/9782912144737\/recits-sporadiques-de-laossissetoucom"},{"id":"9788415308621","title":"Visual poetry","description":null,"authors":["Collectif"],"category_codes":["1000000","1090000"],"visuals":{"large":"https:\/\/images.epagine.fr\/621\/9788415308621_1_75.jpg","medium":"https:\/\/images.epagine.fr\/621\/9788415308621_1_m.jpg","thumbnail":"https:\/\/images.epagine.fr\/621\/9788415308621_1_v.jpg"},"orderable":true,"show_badge":true,"formatted_price":"22,00&nbsp;\u20ac","formatted_published_date":"28 novembre 2014","publisher_availability_label":"Sur commande","short_details":"Collectif \u2014 Index Books","translator":null,"weight":394,"page_count":128,"readership":null,"editor":"Index Books","price":2200,"published_date":"2014-11-27T23:00:00.000000Z","support":"Grand format","publisher_availability":1,"stock":0,"editions":[],"url":"https:\/\/quaidesbrumes.com\/ouvrage\/9788415308621\/visual-poetry"},{"id":"9782312027227","title":"Silences voyageurs","description":"Des racines aux frondaisons, aux bourgeons terminaux, un incessant voyage, aller, retour, dans le silence des instants non dits ; des silences qui voyagent beaucoup.\r","authors":["Marianne Fontalirand"],"category_codes":["1000000","1090000"],"visuals":{"large":"https:\/\/images.epagine.fr\/227\/9782312027227_1_75.jpg","medium":"https:\/\/images.epagine.fr\/227\/9782312027227_1_m.jpg","thumbnail":"https:\/\/images.epagine.fr\/227\/9782312027227_1_v.jpg"},"orderable":true,"show_badge":true,"formatted_price":"12,00&nbsp;\u20ac","formatted_published_date":"3 f\u00e9vrier 2014","publisher_availability_label":"Sur commande","short_details":"Marianne Fontalirand \u2014 Editions du Net","translator":null,"weight":255,"page_count":142,"readership":null,"editor":"Editions du Net","price":1200,"published_date":"2014-02-02T23:00:00.000000Z","support":"Grand format","publisher_availability":1,"stock":0,"editions":[],"url":"https:\/\/quaidesbrumes.com\/ouvrage\/9782312027227\/silences-voyageurs"},{"id":"9782854464726","title":"L\u00e0-bas sont tous les r\u00eaves","description":null,"authors":["Robert Bichet"],"category_codes":["1000000","1090000"],"visuals":{"large":"https:\/\/images.epagine.fr\/726\/9782854464726_1_75.jpg","medium":"https:\/\/images.epagine.fr\/726\/9782854464726_1_m.jpg","thumbnail":"https:\/\/images.epagine.fr\/726\/9782854464726_1_v.jpg"},"orderable":true,"show_badge":true,"formatted_price":"12,00&nbsp;\u20ac","formatted_published_date":"17 d\u00e9cembre 2009","publisher_availability_label":"Sur commande","short_details":"Robert Bichet \u2014 Caracteres","translator":null,"weight":100,"page_count":null,"readership":null,"editor":"Caracteres","price":1200,"published_date":"2009-12-16T23:00:00.000000Z","support":"Grand format","publisher_availability":1,"stock":0,"editions":["9782854465716"],"url":"https:\/\/quaidesbrumes.com\/ouvrage\/9782854464726\/la-bas-sont-tous-les-reves"},{"id":"9782915831566","title":"Les portes de l'anonymat","description":null,"authors":["Pierrick de Chermont"],"category_codes":["1000000","1090000"],"visuals":{"large":"https:\/\/images.epagine.fr\/566\/9782915831566_1_75.jpg","medium":"https:\/\/images.epagine.fr\/566\/9782915831566_1_m.jpg","thumbnail":"https:\/\/images.epagine.fr\/566\/9782915831566_1_v.jpg"},"orderable":true,"show_badge":true,"formatted_price":"18,00&nbsp;\u20ac","formatted_published_date":"4 octobre 2012","publisher_availability_label":"Sur commande","short_details":"Pierrick de Chermont \u2014 Corlevour","translator":null,"weight":194,"page_count":126,"readership":null,"editor":"Corlevour","price":1800,"published_date":"2012-10-03T22:00:00.000000Z","support":"Grand format","publisher_availability":1,"stock":0,"editions":[],"url":"https:\/\/quaidesbrumes.com\/ouvrage\/9782915831566\/les-portes-de-lanonymat"},{"id":"9782952187008","title":"L'\u00e9preuve du temps Tome 1","description":null,"authors":["Alain Plas"],"category_codes":["1000000","1090000"],"visuals":{"large":"https:\/\/quaidesbrumes.com\/img\/book-placeholder.png","medium":"https:\/\/quaidesbrumes.com\/img\/book-placeholder.png","thumbnail":"https:\/\/quaidesbrumes.com\/img\/book-placeholder.png"},"orderable":true,"show_badge":true,"formatted_price":"12,00&nbsp;\u20ac","formatted_published_date":"1er mai 2004","publisher_availability_label":"Sur commande","short_details":"Alain Plas \u2014 Alain Plas","translator":null,"weight":250,"page_count":null,"readership":null,"editor":"Alain Plas","price":1200,"published_date":"2004-04-30T22:00:00.000000Z","support":"Grand format","publisher_availability":1,"stock":0,"editions":[],"url":"https:\/\/quaidesbrumes.com\/ouvrage\/9782952187008\/lepreuve-du-temps-tome-1"},{"id":"9782919121014","title":"Manteau de silence","description":"La po\u00e9sie n'appartient sans doute pas \u00e0 la litt\u00e9rature et, s\u00fbrement pas, aux litt\u00e9rateurs. Il est aussi banal, mais n\u00e9cessaire, de rappeler qu'elle est, m\u00eame quand elle se pr\u00e9tend t\u00e9moignage social, la part la plus secr\u00e8te de l'\u00e9criture. Et si la lecture publique des po\u00e8mes est une tradition nouvelle a laquelle je suis loin d'\u00eatre hostile, nul ne contestera que cette lecture publique ne peut \u00eatre que l'antichambre de la \u00ab lecture silencieuse \u00bb, celle qui est faite de lenteur, de complicit\u00e9 et d'intimit\u00e9.\r\n\r\nD\u00e8s lors, comme l'\u00e9crivait Fernand Verhesen, le lecteur ne lit jamais un po\u00e8me, mais il \u00ab se \u00bb lit dans le po\u00e8me.\r\n\r\nLe po\u00e8me r\u00e9ussi, \u00e0 mon avis, se tient donc dans cette lisi\u00e8re fragile, toujours menac\u00e9e, toujours aux limites de l'\u00e9quilibre entre moi et l'Autre, entre lisibilit\u00e9 et myst\u00e8re, entre symbolisme assum\u00e9 et r\u00e9alit\u00e9 entrevue. \/ J.L.W Jean-Luc Wauthier est n\u00e9 \u00e0 Charleroi, en novembre 1950. Professeur de Litt\u00e9rature, il a publi\u00e9 une vingtaine d'ouvrages, po\u00e9sie, prose, monographies qui ont obtenu de nombreux prix.\r","authors":["Jean-luc Wauthier"],"category_codes":["1000000","1090000"],"visuals":{"large":"https:\/\/images.epagine.fr\/014\/9782919121014_1_75.jpg","medium":"https:\/\/images.epagine.fr\/014\/9782919121014_1_m.jpg","thumbnail":"https:\/\/images.epagine.fr\/014\/9782919121014_1_v.jpg"},"orderable":true,"show_badge":true,"formatted_price":"15,00&nbsp;\u20ac","formatted_published_date":"15 juin 2010","publisher_availability_label":"Sur commande","short_details":"Jean-luc Wauthier \u2014 ECARTS","translator":null,"weight":120,"page_count":83,"readership":null,"editor":"ECARTS","price":1500,"published_date":"2010-06-14T22:00:00.000000Z","support":"Grand format","publisher_availability":1,"stock":0,"editions":[],"url":"https:\/\/quaidesbrumes.com\/ouvrage\/9782919121014\/manteau-de-silence"}]}