{"data":[{"id":"9782874596520","title":"Quenouille de foutre","description":null,"authors":["Bruno Charrier"],"category_codes":["1000000","1090000"],"visuals":{"large":"https:\/\/quaidesbrumes.com\/img\/book-placeholder.png","medium":"https:\/\/quaidesbrumes.com\/img\/book-placeholder.png","thumbnail":"https:\/\/quaidesbrumes.com\/img\/book-placeholder.png"},"orderable":true,"show_badge":true,"formatted_price":"16,40&nbsp;\u20ac","formatted_published_date":"12 juin 2012","publisher_availability_label":"Sur commande","short_details":"Bruno Charrier \u2014 Chloe Des Lys","translator":null,"weight":150,"page_count":null,"readership":null,"editor":"Chloe Des Lys","price":1640,"published_date":"2012-06-11T22:00:00.000000Z","support":"Grand format","publisher_availability":1,"stock":0,"editions":[],"url":"https:\/\/quaidesbrumes.com\/ouvrage\/9782874596520\/quenouille-de-foutre"},{"id":"9782951909083","title":"Le livre des parois","description":"Ce livre propose une \u00e9dition comment\u00e9e par C\u00e9dric Demangeot de plusieurs ensembles de po\u00e8mes datant de 1997, p\u00e9riode relativement \u00ab orn\u00e9e \u00bb de l'\u00e9criture de Guy Viarre. Dans une lettre \u00e0 Jean-Pierre Sintive des \u00e9ditions Unes, Guy Viarre pr\u00e9cise : \u00ab Le livre des parois est un po\u00e8me tr\u00e8s rh\u00e9torique, presque pr\u00e9cieux, mais je suis fier de ce qu'il dit et de comment. \u00bb Cependant, comment souvent chez Guy Viarre, cet enthousiasme du \u00ab po\u00e8me achev\u00e9 \u00bb(lettre \u00e0 Sintive) ne l'emp\u00eachera pas de se raviser durement un an et demi plus tard... Le texte est \u00e9tabli suivant le tapuscrit de Jean-Pierre Sintive. Nous donnons \u00e9galement en annexe les fragments d'un recueil abandonn\u00e9, retrouv\u00e9 dans les papiers de Tarbes, intitul\u00e9 : Le Temps est frugivore s'il est le temps - dont l'essentiel des pages constitue un premier \u00e9tat du Livre des parois - ainsi que sept po\u00e8mes contemporains de Tous les glands et de La Passation blanche, \u00e9galement retrouv\u00e9s dans les papiers de Guy Viarre \u00e0 Tarbes","authors":["Guy Viarre"],"category_codes":["1000000","1090000"],"visuals":{"large":"https:\/\/quaidesbrumes.com\/img\/book-placeholder.png","medium":"https:\/\/quaidesbrumes.com\/img\/book-placeholder.png","thumbnail":"https:\/\/quaidesbrumes.com\/img\/book-placeholder.png"},"orderable":true,"show_badge":true,"formatted_price":"14,00&nbsp;\u20ac","formatted_published_date":"1er janvier 2023","publisher_availability_label":"Sur commande","short_details":"Guy Viarre \u2014 Greges","translator":null,"weight":0,"page_count":144,"readership":null,"editor":"Greges","price":1400,"published_date":"2022-12-31T23:00:00.000000Z","support":"Grand format","publisher_availability":1,"stock":0,"editions":[],"url":"https:\/\/quaidesbrumes.com\/ouvrage\/9782951909083\/le-livre-des-parois"},{"id":"9782296994553","title":"Po\u00e8mes \u00e0 la nuit","description":"Les po\u00e8mes de cette oeuvre po\u00e9tique biparthite constituent un long po\u00e8me dont il convient d'en appr\u00e9cier la trame. L'auteur conjoint dans cette dramaturgie cr\u00e9atrice le lyrisme \u00e0 la musicalit\u00e9 des vers toujours pr\u00e9sente que l'eurythmie pourvoit au texte. Ceci contribue \u00e0 parfaire toute la richesse du sens comme \u00e0 la vertu arch\u00e9typale de l'expression que le po\u00e8te ne cesse d'explorer.","authors":["Patrick aim\u00e9 Durantou"],"category_codes":["1000000","1090000"],"visuals":{"large":"https:\/\/images.epagine.fr\/553\/9782296994553_1_75.jpg","medium":"https:\/\/images.epagine.fr\/553\/9782296994553_1_m.jpg","thumbnail":"https:\/\/images.epagine.fr\/553\/9782296994553_1_v.jpg"},"orderable":true,"show_badge":true,"formatted_price":"13,00&nbsp;\u20ac","formatted_published_date":"2 juillet 2012","publisher_availability_label":"Sur commande","short_details":"Patrick aim\u00e9 Durantou \u2014 \u00c9ditions L'Harmattan","translator":null,"weight":120,"page_count":90,"readership":null,"editor":"\u00c9ditions L'Harmattan","price":1300,"published_date":"2012-07-01T22:00:00.000000Z","support":"Grand format","publisher_availability":1,"stock":0,"editions":[],"url":"https:\/\/quaidesbrumes.com\/ouvrage\/9782296994553\/poemes-a-la-nuit"},{"id":"9782913040861","title":"Ficelle n 109 - derriere la vitre de sabine peglion, ill. j.f clapeau","description":null,"authors":["Sabine P\u00e9glion"],"category_codes":["1000000","1090000"],"visuals":{"large":"https:\/\/quaidesbrumes.com\/img\/book-placeholder.png","medium":"https:\/\/quaidesbrumes.com\/img\/book-placeholder.png","thumbnail":"https:\/\/quaidesbrumes.com\/img\/book-placeholder.png"},"orderable":true,"show_badge":true,"formatted_price":"9,00&nbsp;\u20ac","formatted_published_date":"3 juillet 2012","publisher_availability_label":"Sur commande","short_details":"Sabine P\u00e9glion \u2014 Atelier Vincent Rougier","translator":null,"weight":40,"page_count":null,"readership":null,"editor":"Atelier Vincent Rougier","price":900,"published_date":"2012-07-02T22:00:00.000000Z","support":"Grand format","publisher_availability":1,"stock":0,"editions":[],"url":"https:\/\/quaidesbrumes.com\/ouvrage\/9782913040861\/ficelle-n-109-derriere-la-vitre-de-sabine-peglion-ill-jf-clapeau"},{"id":"9782878679526","title":"Sarimakoi? opus Tome 2 ; le retour","description":"On peut, en rime, aborder tous les sujets, des plus futiles aux plus s\u00e9rieux, et l'\u00e9criture en vers assure dans ses assonances une ouverture \u00e0 l'humour qu'ont de tout temps, pratiqu\u00e9e troubadours et chansonniers. Je vous invite \u00e0 vous en assurer dans les pages qui suivent.","authors":["Jean Perez"],"category_codes":["1000000","1090000"],"visuals":{"large":"https:\/\/quaidesbrumes.com\/img\/book-placeholder.png","medium":"https:\/\/quaidesbrumes.com\/img\/book-placeholder.png","thumbnail":"https:\/\/quaidesbrumes.com\/img\/book-placeholder.png"},"orderable":true,"show_badge":true,"formatted_price":"13,00&nbsp;\u20ac","formatted_published_date":"15 avril 2008","publisher_availability_label":"Sur commande","short_details":"Jean Perez \u2014 Presses Du Midi","translator":null,"weight":0,"page_count":71,"readership":null,"editor":"Presses Du Midi","price":1300,"published_date":"2008-04-14T22:00:00.000000Z","support":"Grand format","publisher_availability":1,"stock":0,"editions":[],"url":"https:\/\/quaidesbrumes.com\/ouvrage\/9782878679526\/sarimakoi-opus-tome-2-le-retour"},{"id":"9782919137091","title":"Detache du temps","description":null,"authors":["Parra"],"category_codes":["1000000","1090000"],"visuals":{"large":"https:\/\/quaidesbrumes.com\/img\/book-placeholder.png","medium":"https:\/\/quaidesbrumes.com\/img\/book-placeholder.png","thumbnail":"https:\/\/quaidesbrumes.com\/img\/book-placeholder.png"},"orderable":true,"show_badge":true,"formatted_price":"15,00&nbsp;\u20ac","formatted_published_date":"2 novembre 2011","publisher_availability_label":"Sur commande","short_details":"Parra \u2014 Dessables","translator":null,"weight":140,"page_count":null,"readership":null,"editor":"Dessables","price":1500,"published_date":"2011-11-01T23:00:00.000000Z","support":"Grand format","publisher_availability":1,"stock":0,"editions":[],"url":"https:\/\/quaidesbrumes.com\/ouvrage\/9782919137091\/detache-du-temps"},{"id":"9782332553690","title":"Pawol gwada","description":"\u00c2\u00abMusicien et po\u00c3\u00a8te jusqu'au fond de l\u00e2\u20ac\u2122\u00c3\u00a2me, d\u00c3\u00a8s mon plus jeune \u00c3\u00a2ge, je m\u00e2\u20ac\u2122amuse, usant de ma plume, \u00c3\u00a0 accorder les rimes et les sonorit\u00c3\u00a9s, car dit-on : \u00c2\u00ab de la Musique \u00c3\u00a0 la Po\u00c3\u00a9sie, il n\u00e2\u20ac\u2122y a qu\u00e2\u20ac\u2122un pas \u00c2\u00bb.\r\n\r\nLa po\u00c3\u00a9sie est pour moi une \u00c2\u00ab Divinit\u00c3\u00a9 \u00c2\u00bb qui me permet de composer des vers magiques issus parfois d\u00e2\u20ac\u2122une r\u00c3\u00aaverie ou d\u00e2\u20ac\u2122une r\u00c3\u00a9alit\u00c3\u00a9, mais qui demeurent dans les deux cas toute une \u00c3\u00a9ternit\u00c3\u00a9.\r\n\r\nPuisse ce recueil vous envo\u00c3\u00bbter et vous conduire sur mes pas, afin que la \u00c2\u00ab Muse \u00c2\u00bb ne tr\u00c3\u00a9passe pas \u00c2\u00bb.","authors":["Jocelyn Co\u00ebsy"],"category_codes":["1000000","1090000"],"visuals":{"large":"https:\/\/images.epagine.fr\/690\/9782332553690_1_75.jpg","medium":"https:\/\/images.epagine.fr\/690\/9782332553690_1_m.jpg","thumbnail":"https:\/\/images.epagine.fr\/690\/9782332553690_1_v.jpg"},"orderable":true,"show_badge":true,"formatted_price":"17,95&nbsp;\u20ac","formatted_published_date":"3 avril 2013","publisher_availability_label":"Sur commande","short_details":"Jocelyn Co\u00ebsy \u2014 Edilivre","translator":null,"weight":130,"page_count":94,"readership":null,"editor":"Edilivre","price":1795,"published_date":"2013-04-02T22:00:00.000000Z","support":"Grand format","publisher_availability":1,"stock":0,"editions":[],"url":"https:\/\/quaidesbrumes.com\/ouvrage\/9782332553690\/pawol-gwada"},{"id":"9782912824950","title":"L'enfance du regard","description":"La rencontre du regard et du d\u00e9sir alors que le d\u00e9sir s'inqui\u00e8te de sa disparition prochaine. Une conf\u00e9rence. Mais c'est celle d'un inexpert\u00a0 d'un \u00bb ma\u00eetre provisoire \u00ab, comme le souligne l'auteur. Le sujet en est le d\u00e9sir. Mais pas le d\u00e9sir abstrait, de n'importe qui, \u00e0 n'importe quel endroit, \u00e0 n'importe quel moment.oeil se trouve en outre, que ce d\u00e9sir circonstanciel est photographi\u00e9 ; que la photographie, sans \u00eatre montr\u00e9e, invite \u00e0 une fi\u00e9vreuse description. Si l'image soustraite provoque ainsi l'imaginaire de l'auditeur ou du lecteur, c'est que le d\u00e9sir d'une personne pour une autre s'augmente avantageusement du d\u00e9sir du tiers conf\u00e9rencier qui a photographi\u00e9, qui a d\u00e9crit et qui maintenant nous parle.\r\n\r\nMartin Melkonian est l'auteur d'une quinzaine d'ouvrages. Il a publi\u00e9 aux \u00e9ditions d'\u00e9carts : Conversations au bord du vide, Edward Hopper luttant contre la c\u00e9cit\u00e9, Les corps introuvables, Un cahier pour se perdre, L'enfance du regard.","authors":["Martin Melkonian"],"category_codes":["1000000","1090000"],"visuals":{"large":"https:\/\/images.epagine.fr\/950\/9782912824950_1_75.jpg","medium":"https:\/\/images.epagine.fr\/950\/9782912824950_1_m.jpg","thumbnail":"https:\/\/images.epagine.fr\/950\/9782912824950_1_v.jpg"},"orderable":true,"show_badge":true,"formatted_price":"10,00&nbsp;\u20ac","formatted_published_date":"10 mai 2010","publisher_availability_label":"Sur commande","short_details":"Martin Melkonian \u2014 ECARTS","translator":null,"weight":50,"page_count":27,"readership":null,"editor":"ECARTS","price":1000,"published_date":"2010-05-09T22:00:00.000000Z","support":"Grand format","publisher_availability":1,"stock":0,"editions":[],"url":"https:\/\/quaidesbrumes.com\/ouvrage\/9782912824950\/lenfance-du-regard"},{"id":"9782874064579","title":"Un tailleur d'allumettes","description":"Si vous avez l'air de grands cochons devant l'aube ; si vous br\u00fblez au graal affol\u00e9 du soleil ; si encore vous r\u00eavez \u00e0 la po\u00e9sie comme \u00e0 la force des \u00e9cluses ou si vous \u00eates toujours en pourparlers avec la parole. si vous vous sentez \u00e9ternel parce que vous r\u00e9p\u00e9tez la disparition, c'est que vous acceptez d'\u00eatre du petit nombre de ceux qui ne sont pas \u00e9lus, car vous vous d\u00e9tenez vous-m\u00eame.\r\n\u00abSouriez, vous \u00eates vus\u00bb, pr\u00e9vient l'auteur. Sardonique et savoureuse, la po\u00e9sie de D-L Colaux est comme le shampoing chauve et le passage admirable de la femme : flagrante.","authors":["Denys-Louis Colaux"],"category_codes":["1000000","1090000"],"visuals":{"large":"https:\/\/images.epagine.fr\/579\/9782874064579_1_75.jpg","medium":"https:\/\/images.epagine.fr\/579\/9782874064579_1_m.jpg","thumbnail":"https:\/\/images.epagine.fr\/579\/9782874064579_1_v.jpg"},"orderable":true,"show_badge":true,"formatted_price":"12,00&nbsp;\u20ac","formatted_published_date":"16 octobre 2009","publisher_availability_label":"Sur commande","short_details":"Denys-Louis Colaux \u2014 L'Arbre A Paroles","translator":null,"weight":301,"page_count":null,"readership":null,"editor":"L'Arbre A Paroles","price":1200,"published_date":"2009-10-15T22:00:00.000000Z","support":"Grand format","publisher_availability":1,"stock":0,"editions":[],"url":"https:\/\/quaidesbrumes.com\/ouvrage\/9782874064579\/un-tailleur-dallumettes"},{"id":"9782372090063","title":"Le logis des passants de peu de biens","description":null,"authors":["Fran\u00e7ois Bordes"],"category_codes":["1000000","1090000"],"visuals":{"large":"https:\/\/images.epagine.fr\/063\/9782372090063_1_75.jpg","medium":"https:\/\/images.epagine.fr\/063\/9782372090063_1_m.jpg","thumbnail":"https:\/\/images.epagine.fr\/063\/9782372090063_1_v.jpg"},"orderable":true,"show_badge":true,"formatted_price":"16,00&nbsp;\u20ac","formatted_published_date":"22 janvier 2015","publisher_availability_label":"Sur commande","short_details":"Fran\u00e7ois Bordes \u2014 Corlevour","translator":null,"weight":112,"page_count":80,"readership":null,"editor":"Corlevour","price":1600,"published_date":"2015-01-21T23:00:00.000000Z","support":"Grand format","publisher_availability":1,"stock":0,"editions":[],"url":"https:\/\/quaidesbrumes.com\/ouvrage\/9782372090063\/le-logis-des-passants-de-peu-de-biens"},{"id":"9782372090025","title":"Les feuillets de la minotaure","description":"Ce texte po\u00e9tique \u00e0 la structure ouverte ancre le r\u00e9cit dans un pass\u00e9 mythique m\u00e9diterran\u00e9en en m\u00eame temps qu'intens\u00e9ment actuel (le Cap Corse). A travers la voix de Minoa, qui confie son d\u00e9sarroi, ses doutes, ses perplexit\u00e9s face \u00e0 la vie et \u00e0 l'amour, toute une r\u00e9flexion sur l'\u00e9criture est engag\u00e9e. Pour explorer le monde int\u00e9rieur qui la fonde et dans lequel elle se d\u00e9bat, la narratrice choisit des modalit\u00e9s d'\u00e9criture et des tonalit\u00e9s volontairement diversifi\u00e9es. \r\nL'ensemble \u00e9pistolaire des Feuillets de Minoa (premi\u00e8re partie), est ponctu\u00e9 par de brefs po\u00e8mes dont la tonalit\u00e9 sagement \u00e9rotique rompt avec la prose des lettres tout impr\u00e9gn\u00e9es du \"sentimentalisme\" du XVIIIe si\u00e8cle. Les Journuits (seconde partie) combinent r\u00e9cits oniriques et prose journalistique. Les Petites fantaisies minoennes (3e partie), brefs textes en vers, jouent le r\u00f4le d'interm\u00e8de ludique. \r\nLa derni\u00e8re partie, Chants de Minoa, rassemble des po\u00e8mes inspir\u00e9s par la m\u00eame ferveur lyrique. Avec en ouverture une sextine \u00e9crite selon les r\u00e8gles mises en place au XIIe si\u00e8cle et en chant final, le \"Brame de la Minotaure\", l'ouvrage, tendu \u00e0 l'extr\u00eame, constitue une partition surprenante. Si la voix dominante est celle de Minoa, les diff\u00e9rents modes d'expression qu'elle emploie pour la faire r\u00e9sonner, rendent compte d'une int\u00e9riorit\u00e9 polyphonique d'une grande intensit\u00e9.","authors":["Ang\u00e8le Paoli"],"category_codes":["1000000","1090000"],"visuals":{"large":"https:\/\/images.epagine.fr\/025\/9782372090025_1_75.jpg","medium":"https:\/\/images.epagine.fr\/025\/9782372090025_1_m.jpg","thumbnail":"https:\/\/images.epagine.fr\/025\/9782372090025_1_v.jpg"},"orderable":true,"show_badge":true,"formatted_price":"22,00&nbsp;\u20ac","formatted_published_date":"2 avril 2015","publisher_availability_label":"Sur commande","short_details":"Ang\u00e8le Paoli \u2014 Corlevour","translator":null,"weight":232,"page_count":176,"readership":null,"editor":"Corlevour","price":2200,"published_date":"2015-04-01T22:00:00.000000Z","support":"Grand format","publisher_availability":1,"stock":0,"editions":[],"url":"https:\/\/quaidesbrumes.com\/ouvrage\/9782372090025\/les-feuillets-de-la-minotaure"},{"id":"9791090236004","title":"Jusqu'a vous jusqu'au bout","description":null,"authors":["Thierry Desseux"],"category_codes":["1000000","1090000"],"visuals":{"large":"https:\/\/quaidesbrumes.com\/img\/book-placeholder.png","medium":"https:\/\/quaidesbrumes.com\/img\/book-placeholder.png","thumbnail":"https:\/\/quaidesbrumes.com\/img\/book-placeholder.png"},"orderable":true,"show_badge":true,"formatted_price":"11,00&nbsp;\u20ac","formatted_published_date":"23 mars 2011","publisher_availability_label":"Sur commande","short_details":"Thierry Desseux \u2014 Flagrant D'Elie","translator":null,"weight":100,"page_count":null,"readership":null,"editor":"Flagrant D'Elie","price":1100,"published_date":"2011-03-22T23:00:00.000000Z","support":"Grand format","publisher_availability":1,"stock":0,"editions":[],"url":"https:\/\/quaidesbrumes.com\/ouvrage\/9791090236004\/jusqua-vous-jusquau-bout"},{"id":"9782296136106","title":"La nuit et les spoutniks reviennent toujours","description":"Po\u00e8me de mille ans \/ Je le dis tout net ! Je ne suis pas quelqu'un de rentable. \/ Je ne suis pas d'un bon rapport qualit\u00e9 \/ prix. \/ Je ne suis pas un bien de consommation.\/ Je n'incarne pas le citoyen d'une soci\u00e9t\u00e9 avanc\u00e9e. \/ Je ne suis pas charm\u00e9 par les nouveaux pouvoirs ! Je ne r\u00e9ponds \u00e0 aucun mod\u00e8le ni n'int\u00e8gre aucune statistique. Les Elohim ne m'ont pas con\u00e7u. \/ Je ne suis pas non plus fabriqu\u00e9 en Chine !","authors":["Christophe Guyon"],"category_codes":["1000000","1090000"],"visuals":{"large":"https:\/\/images.epagine.fr\/106\/9782296136106_1_75.jpg","medium":"https:\/\/images.epagine.fr\/106\/9782296136106_1_m.jpg","thumbnail":"https:\/\/images.epagine.fr\/106\/9782296136106_1_v.jpg"},"orderable":true,"show_badge":true,"formatted_price":"12,00&nbsp;\u20ac","formatted_published_date":"22 novembre 2010","publisher_availability_label":"Sur commande","short_details":"Christophe Guyon \u2014 \u00c9ditions L'Harmattan","translator":null,"weight":120,"page_count":88,"readership":null,"editor":"\u00c9ditions L'Harmattan","price":1200,"published_date":"2010-11-21T23:00:00.000000Z","support":"Grand format","publisher_availability":1,"stock":0,"editions":[],"url":"https:\/\/quaidesbrumes.com\/ouvrage\/9782296136106\/la-nuit-et-les-spoutniks-reviennent-toujours"},{"id":"9782913040854","title":"Ficelle n 108 - post it - de paul badin, ill.de deux gravures de consuello de mont marin","description":null,"authors":["Paul Badin"],"category_codes":["1000000","1090000"],"visuals":{"large":"https:\/\/quaidesbrumes.com\/img\/book-placeholder.png","medium":"https:\/\/quaidesbrumes.com\/img\/book-placeholder.png","thumbnail":"https:\/\/quaidesbrumes.com\/img\/book-placeholder.png"},"orderable":true,"show_badge":true,"formatted_price":"9,00&nbsp;\u20ac","formatted_published_date":"4 mai 2012","publisher_availability_label":"Sur commande","short_details":"Paul Badin \u2014 Atelier Vincent Rougier","translator":null,"weight":40,"page_count":null,"readership":null,"editor":"Atelier Vincent Rougier","price":900,"published_date":"2012-05-03T22:00:00.000000Z","support":"Grand format","publisher_availability":1,"stock":0,"editions":[],"url":"https:\/\/quaidesbrumes.com\/ouvrage\/9782913040854\/ficelle-n-108-post-it-de-paul-badin-illde-deux-gravures-de-consuello-de-mont-marin"},{"id":"9791091315005","title":"L'oeil et la source","description":"Si les textes que nous publions aujourd'hui sont au nombre de 16, ce n'est pas un hasard. Car l'auteur a voulu ainsi rappeler les origines myst\u00e9rieuses du patronyme de la d\u00e9dicataire, qui est issu de la seizi\u00e8me lettre de l'alphabet h\u00e9breu, elle-m\u00eame h\u00e9rit\u00e9e de la civilisation ph\u00e9nicienne.\r\nCette lettre repr\u00e9sentait et symbolisait un oeil.\r\nPlus tard, en prolongement, il fut d\u00e9cid\u00e9 d'y adjoindre la source. Car, si l'oeil repr\u00e9sente le passage dans le domaine limit\u00e9 de ce visible dont il montre les apparences, la source se trouve \u00e0 l'origine m\u00eame de cette substance dont l'homme ne peut se passer.","authors":["Daniel Loeff"],"category_codes":["1000000","1090000"],"visuals":{"large":"https:\/\/images.epagine.fr\/005\/9791091315005_1_75.jpg","medium":"https:\/\/images.epagine.fr\/005\/9791091315005_1_m.jpg","thumbnail":"https:\/\/images.epagine.fr\/005\/9791091315005_1_v.jpg"},"orderable":true,"show_badge":true,"formatted_price":"12,00&nbsp;\u20ac","formatted_published_date":"1er f\u00e9vrier 2012","publisher_availability_label":"Sur commande","short_details":"Daniel Loeff \u2014 Ankena","translator":null,"weight":75,"page_count":null,"readership":null,"editor":"Ankena","price":1200,"published_date":"2012-01-31T23:00:00.000000Z","support":"Grand format","publisher_availability":1,"stock":0,"editions":[],"url":"https:\/\/quaidesbrumes.com\/ouvrage\/9791091315005\/loeil-et-la-source"},{"id":"9782322031139","title":"L'ode \u00e0 l'aube","description":"Les cendres du destin\u00e9S\u00bf\u00e9coulent sur les nids  D\u00bf\u00e9cueils, de feuilles Et l\u00bfonde cadenc\u00e9e bless\u00e9e  Se brise en ramassis  Pr\u00e8s des galets harass\u00e9s L\u00bfaube s\u00bf\u00e9veille en ode Quand la vie en \u00e9pode Se meurt sans soleil radieux Il n\u00bfy a plus de clart\u00e9  De diamant illuminant Le ciel en diad\u00e8me lustr\u00e9 Les derniers reflets s\u00bfenvolent  En rengaines am\u00e8nes dans  Le vent chagrin pochard\u00e9 Et le parfum des ombres  Faisant corps \u00e0 l\u00bfonde fuyante Et les \u00e2mes orphelines  Furetant leur lumi\u00e8re Se sont referm\u00e9 tous  Les chemins des existences Sur les perc\u00e9es \u00e9mond\u00e9es  L\u00e0, o\u00f9 s\u00bfen va la vie Et s\u00bfen vient la mort.\r\n\r\nJannys KOMBILA.","authors":["Jannys Kombila"],"category_codes":["1000000","1090000"],"visuals":{"large":"https:\/\/images.epagine.fr\/139\/9782322031139_1_75.jpg","medium":"https:\/\/images.epagine.fr\/139\/9782322031139_1_m.jpg","thumbnail":"https:\/\/images.epagine.fr\/139\/9782322031139_1_v.jpg"},"orderable":true,"show_badge":true,"formatted_price":"10,00&nbsp;\u20ac","formatted_published_date":"26 juin 2013","publisher_availability_label":"Sur commande","short_details":"Jannys Kombila \u2014 Books on Demand","translator":null,"weight":201,"page_count":80,"readership":null,"editor":"Books on Demand","price":1000,"published_date":"2013-06-25T22:00:00.000000Z","support":"Grand format","publisher_availability":1,"stock":0,"editions":[],"url":"https:\/\/quaidesbrumes.com\/ouvrage\/9782322031139\/lode-a-laube"},{"id":"9782915684254","title":"Le Moins du monde","description":"Ce livre a tr\u00e8s probablement \u00e9t\u00e9 r\u00e9dig\u00e9 durant l'\u00e9t\u00e9 2001, soit quelques mois seulement avant le suicide de l'auteur. Contrairement \u00e0 la plupart des \u00e9crits de Guy Viarre, nous n'en connaissons qu'une seule version, sous la forme d'un tapuscrit reli\u00e9, retrouv\u00e9 dans les papiers du po\u00e8te \u00e0 Tarbes.\r\nCet ouvrage est \u00e0 n'en pas douter l'une des extr\u00e9mit\u00e9s de l'oeuvre de Guy Viarre. La fragmentation de la langue, la crispation du sens, l'\u00e9puisement du po\u00e8me, d\u00e9j\u00e0 pr\u00e9sents dans les livres pr\u00e9c\u00e9dents, arrivent ici \u00e0 leur comble. Cela fait de Le Moins du monde un livre d\u00e9routant, dont la lecture pourra \u00eatre jug\u00e9e \u00ab difficile \u00bb. Il n'en demeure pas moins que ce po\u00e8me \u00e9clat\u00e9, qui annonce \u00e0 sa mani\u00e8re une terrible d\u00e9faite, reste le t\u00e9moin poignant d'une exp\u00e9rience hors du commun, aux limites de ce que peut un homme, avec sa langue, et contre elle. \u00c0 la lisi\u00e8re d'un impossible - celui que fr\u00e9quentait Guy Viarre dans les derniers mois de sa vie.\r\nGuy Viarre est n\u00e9 en juin 1971 dans la Somme. Il s'est suicid\u00e9 \u00e0 l'\u00e2ge de trente ans, le 17 octobre 2001 \u00e0 Tarbes, dans les Hautes-Pyr\u00e9n\u00e9es o\u00f9 il vivait depuis l'enfance. En 1999, deux plaquettes de po\u00e9sie paraissent simultan\u00e9ment aux \u00e9ditions Unes : Devant le sel et Finir erre. Ces deux livres (les seuls que Guy Viarre a publi\u00e9s de son vivant) imposent une po\u00e9sie qui, par son extr\u00eame tension, porte d'embl\u00e9e la langue \u00e0 son point de rupture - et d'ext\u00e9nuement. Ses livres ont \u00e9t\u00e9 publi\u00e9s par les \u00e9ditions Unes, Fissile, Gr\u00e8ges et Flammarion.","authors":["Guy Viarre"],"category_codes":["1000000","1090000"],"visuals":{"large":"https:\/\/images.epagine.fr\/254\/9782915684254_1_75.jpg","medium":"https:\/\/images.epagine.fr\/254\/9782915684254_1_m.jpg","thumbnail":"https:\/\/images.epagine.fr\/254\/9782915684254_1_v.jpg"},"orderable":true,"show_badge":true,"formatted_price":"11,00&nbsp;\u20ac","formatted_published_date":"1er janvier 2009","publisher_availability_label":"Sur commande","short_details":"Guy Viarre \u2014 Greges","translator":null,"weight":0,"page_count":62,"readership":null,"editor":"Greges","price":1100,"published_date":"2008-12-31T23:00:00.000000Z","support":"Grand format","publisher_availability":1,"stock":0,"editions":[],"url":"https:\/\/quaidesbrumes.com\/ouvrage\/9782915684254\/le-moins-du-monde"},{"id":"9782919121083","title":"Fiction de l'absence","description":null,"authors":["- Melkonian Mallarme"],"category_codes":["1000000","1090000"],"visuals":{"large":"https:\/\/images.epagine.fr\/083\/9782919121083_1_75.jpg","medium":"https:\/\/images.epagine.fr\/083\/9782919121083_1_m.jpg","thumbnail":"https:\/\/images.epagine.fr\/083\/9782919121083_1_v.jpg"},"orderable":true,"show_badge":true,"formatted_price":"15,00&nbsp;\u20ac","formatted_published_date":"23 janvier 2013","publisher_availability_label":"Sur commande","short_details":"- Melkonian Mallarme \u2014 ECARTS","translator":null,"weight":110,"page_count":null,"readership":null,"editor":"ECARTS","price":1500,"published_date":"2013-01-22T23:00:00.000000Z","support":"Grand format","publisher_availability":1,"stock":0,"editions":[],"url":"https:\/\/quaidesbrumes.com\/ouvrage\/9782919121083\/fiction-de-labsence"},{"id":"9782810611928","title":"Les marronniers de Valros","description":"Le marronnier : en journalisme, un article consacr\u00e9 \u00e0 un \u00e9v\u00e9nement revenant chaque ann\u00e9e \u00e0 date fixe.\r\nLe scrapbooking : enjoliver un simple album-photos avec un commentaire, un dessin, une fioriture.\r\n\r\nMerci \u00e0 MIDI LIBRE d'avoir rallum\u00e9 une \u00e9tincelle. En route vers la r\u00e9silience de Boris Cyrulnik. Le cycle des Marronniers rend ma vie plus supportable.\r\n\r\nMerci \u00e0 VALROS. Nous avons plant\u00e9, de concert, quelques marronniers vigoureux et beaux (sportif, urbain, touristique, Ali Baba, people, paroissial, symphonique).\r\n\r\nBienvenue chez vous en feuilletant cet album, au milieu des photos et des mots porteurs de souvenirs, de sens, tra\u00e7ant des itin\u00e9raires lumineux au coeur du chant des hommes et des \u00e9v\u00e8nements qui ont fauss\u00e9 compagnie au temps.","authors":["Laure Emmagues"],"category_codes":["1000000","1090000"],"visuals":{"large":"https:\/\/images.epagine.fr\/928\/9782810611928_1_75.jpg","medium":"https:\/\/images.epagine.fr\/928\/9782810611928_1_m.jpg","thumbnail":"https:\/\/images.epagine.fr\/928\/9782810611928_1_v.jpg"},"orderable":true,"show_badge":true,"formatted_price":"24,00&nbsp;\u20ac","formatted_published_date":"10 f\u00e9vrier 2011","publisher_availability_label":"Sur commande","short_details":"Laure Emmagues \u2014 Books on Demand","translator":null,"weight":501,"page_count":296,"readership":null,"editor":"Books on Demand","price":2400,"published_date":"2011-02-09T23:00:00.000000Z","support":"Grand format","publisher_availability":1,"stock":0,"editions":[],"url":"https:\/\/quaidesbrumes.com\/ouvrage\/9782810611928\/les-marronniers-de-valros"},{"id":"9782952128650","title":"Les ailes de l'aurore","description":"Les Ailes de l'aurore de Charles Turenne Ravillon Ce recueil de po\u00e8mes et de cantiques se pr\u00e9sente comme une vulgarisation de la Bible, voire des Psaumes bibliques. Il s'exprime avec des exemples d'aujourd'hui, afin que chacun puisse trouver une r\u00e9ponse \u00e0 ses questionnements.\r\n\r\nIl nous enseigne par ses po\u00e8mes \u00e0 mettre l'amour, l'esp\u00e9rance et la pers\u00e9v\u00e9rance au coeur de nos actions. La foi quel que soit l'obstacle qui gravite autour d'elle est la seule issue bienheureuse pour les coeurs amoureux.\r\n\r\n\r\n\r\n\"Les Ailes de l'aurore\", c' est une fusion, une rencontre merveilleuse entre trois \u00e9l\u00e9ments essentiels \u00e0 notre vie\u00a0: la po\u00e9sie, qui nous porte au-del\u00e0 de la raison, la musique et son rythme qui bercent notre coeur, et la foi qui soulage l'\u00e2me. En pri\u00e8re ou en simple lecture po\u00e9tique, chaque po\u00e8me portera Les Ailes de l'aurore comme dans un voyage initiatique de l'\u00eatre vers la r\u00e9surrection.\r\n\r\n\r\n\r\nUn tr\u00e8s bon moment de lecture et de r\u00e9confort.","authors":["Charles Ravillon"],"category_codes":["1000000","1090000"],"visuals":{"large":"https:\/\/images.epagine.fr\/650\/9782952128650_1_75.jpg","medium":"https:\/\/images.epagine.fr\/650\/9782952128650_1_m.jpg","thumbnail":"https:\/\/images.epagine.fr\/650\/9782952128650_1_v.jpg"},"orderable":true,"show_badge":true,"formatted_price":"15,00&nbsp;\u20ac","formatted_published_date":"13 septembre 2012","publisher_availability_label":"Sur commande","short_details":"Charles Ravillon \u2014 Hugues Facorat","translator":null,"weight":108,"page_count":70,"readership":null,"editor":"Hugues Facorat","price":1500,"published_date":"2012-09-12T22:00:00.000000Z","support":"Grand format","publisher_availability":1,"stock":0,"editions":[],"url":"https:\/\/quaidesbrumes.com\/ouvrage\/9782952128650\/les-ailes-de-laurore"},{"id":"9782354852757","title":"Vagues poetiques","description":"Nicole Coppey puise son inspiration dans le monde qui l'entoure. Dans ces \"\"Vagues po\u00e9tiques\"\", c'est Cadaqu\u00e9s, magnifique village catalan bord\u00e9 par la mer, refuge de c\u00e9l\u00e8bres artistes et autrefois cher \u00e0 Dali, qui en est l'objet. Et la mer, aux multiples visages, discr\u00e8te ou d\u00e9cha\u00een\u00e9e, claire ou sombre, douce et pr\u00e9cieuse, en est le fil conducteur. Les couleurs, les formes et les odeurs sont cr\u00e9atrices de sensations qui progressent et prennent la forme de vagues ; le son de l'\u00e9cume, l'odeur sal\u00e9e de la mar\u00e9e et la douce caresse du vent forment alors une m\u00e9taphore lyrique de la vie dans toute sa splendeur.","authors":["Nicole Coppey"],"category_codes":["1000000","1090000"],"visuals":{"large":"https:\/\/quaidesbrumes.com\/img\/book-placeholder.png","medium":"https:\/\/quaidesbrumes.com\/img\/book-placeholder.png","thumbnail":"https:\/\/quaidesbrumes.com\/img\/book-placeholder.png"},"orderable":true,"show_badge":true,"formatted_price":"12,00&nbsp;\u20ac","formatted_published_date":"1er d\u00e9cembre 2011","publisher_availability_label":"Sur commande","short_details":"Nicole Coppey \u2014 JETS D'ENCRE","translator":null,"weight":75,"page_count":null,"readership":null,"editor":"JETS D'ENCRE","price":1200,"published_date":"2011-11-30T23:00:00.000000Z","support":"Grand format","publisher_availability":1,"stock":0,"editions":[],"url":"https:\/\/quaidesbrumes.com\/ouvrage\/9782354852757\/vagues-poetiques"},{"id":"9782914688871","title":"43 post-it","description":null,"authors":["Sarah Riggs"],"category_codes":["1000000","1090000"],"visuals":{"large":"https:\/\/images.epagine.fr\/871\/9782914688871_1_75.jpg","medium":"https:\/\/images.epagine.fr\/871\/9782914688871_1_m.jpg","thumbnail":"https:\/\/images.epagine.fr\/871\/9782914688871_1_v.jpg"},"orderable":true,"show_badge":true,"formatted_price":"6,50&nbsp;\u20ac","formatted_published_date":"1er f\u00e9vrier 2009","publisher_availability_label":"Sur commande","short_details":"Sarah Riggs \u2014 De L'Attente","translator":null,"weight":60,"page_count":null,"readership":null,"editor":"De L'Attente","price":650,"published_date":"2009-01-31T23:00:00.000000Z","support":"Grand format","publisher_availability":1,"stock":0,"editions":[],"url":"https:\/\/quaidesbrumes.com\/ouvrage\/9782914688871\/43-post-it"},{"id":"9782354851347","title":"P\u00e9tales de roses","description":"Ecaterina Stanculeanu-Guillemin puise son inspiration dans la nature et les instants du quotidien. Sensible au monde qui l'entoure et r\u00e9solument passionn\u00e9e, sa po\u00e9sie nous transporte dans un univers o\u00f9 se m\u00ealent paysages, souvenirs, amour, interrogations et m\u00e9lancolies. P\u00e9tales de roses exprime la beaut\u00e9 des choses, nous entra\u00eene dans la dynamique du bonheur, tout en nous enveloppant de r\u00eave et de pl\u00e9nitude.\r\nUne \u00e9criture fragile et a\u00e9rienne, empreinte d'\u00e9motions et de sentiments universels, dans laquelle chacun pourra se retrouver.","authors":["Ecaterina Tanculeanu-Guillemin"],"category_codes":["1000000","1090000","1090600"],"visuals":{"large":"https:\/\/images.epagine.fr\/347\/9782354851347_1_75.jpg","medium":"https:\/\/images.epagine.fr\/347\/9782354851347_1_m.jpg","thumbnail":"https:\/\/images.epagine.fr\/347\/9782354851347_1_v.jpg"},"orderable":true,"show_badge":true,"formatted_price":"12,00&nbsp;\u20ac","formatted_published_date":"1er septembre 2021","publisher_availability_label":"Sur commande","short_details":"Ecaterina Tanculeanu-Guillemin \u2014 JETS D'ENCRE","translator":null,"weight":49,"page_count":52,"readership":null,"editor":"JETS D'ENCRE","price":1200,"published_date":"2021-08-31T22:00:00.000000Z","support":"Grand format","publisher_availability":1,"stock":0,"editions":[],"url":"https:\/\/quaidesbrumes.com\/ouvrage\/9782354851347\/petales-de-roses"},{"id":"9782296565616","title":"R\u00e9miniscence","description":"Avec bravoure, poursuis ta route \/ Jalonn\u00e9e d'obstacles et de difficult\u00e9s \/ Sans d\u00e9vier de tes convictions. \/ Fuis les fallacieuses concessions. \/ Une nuit sereine, \u00e9toil\u00e9e, \/ Suivie du jour ensoleill\u00e9 \/ Sera l'aboutissement \/ De ta formidable obstination.","authors":["Abder Zegout"],"category_codes":["1000000","1090000"],"visuals":{"large":"https:\/\/images.epagine.fr\/616\/9782296565616_1_75.jpg","medium":"https:\/\/images.epagine.fr\/616\/9782296565616_1_m.jpg","thumbnail":"https:\/\/images.epagine.fr\/616\/9782296565616_1_v.jpg"},"orderable":true,"show_badge":true,"formatted_price":"13,00&nbsp;\u20ac","formatted_published_date":"26 octobre 2011","publisher_availability_label":"Sur commande","short_details":"Abder Zegout \u2014 \u00c9ditions L'Harmattan","translator":null,"weight":160,"page_count":124,"readership":null,"editor":"\u00c9ditions L'Harmattan","price":1300,"published_date":"2011-10-25T22:00:00.000000Z","support":"Grand format","publisher_availability":1,"stock":0,"editions":[],"url":"https:\/\/quaidesbrumes.com\/ouvrage\/9782296565616\/reminiscence"}]}