{"data":[{"id":"9782296963955","title":"Les larmes de la tombe","description":"Maintenant que la tristesse s\u00e8me l'all\u00e9e de mon regard, \/ Et que solitude imite ma fa\u00e7on de marcher, \/ Oh ! Seigneur, vous que j'aime et que j'aimerai par-dessus tout, \/ Je cesse de vous reprocher de me l'avoir enlev\u00e9 \/ Mais n'interdisez pas \u00e0 mes yeux de pleuvoir","authors":["A\u00efcha Diarra"],"category_codes":["1000000","1090000"],"visuals":{"large":"https:\/\/images.epagine.fr\/955\/9782296963955_1_75.jpg","medium":"https:\/\/images.epagine.fr\/955\/9782296963955_1_m.jpg","thumbnail":"https:\/\/images.epagine.fr\/955\/9782296963955_1_v.jpg"},"orderable":true,"show_badge":true,"formatted_price":"11,50&nbsp;\u20ac","formatted_published_date":"22 mai 2012","publisher_availability_label":"Sur commande","short_details":"A\u00efcha Diarra \u2014 \u00c9ditions L'Harmattan","translator":null,"weight":100,"page_count":70,"readership":null,"editor":"\u00c9ditions L'Harmattan","price":1150,"published_date":"2012-05-21T22:00:00.000000Z","support":"Grand format","publisher_availability":1,"stock":0,"editions":[],"url":"https:\/\/quaidesbrumes.com\/ouvrage\/9782296963955\/les-larmes-de-la-tombe"},{"id":"9782296963962","title":"Sanglots de joie","description":"Une bataille pour quoi ? \/ Un plat, un lit, un costume, une identit\u00e9 \/ Baroud pour \u00eatre cr\u00e9dit\u00e9 \/ Du droit de r\u00e9pondre \u00e0 autrui avec joie : \/ Tout va bien, et toi ?","authors":["Mohamed Hamady Coulibaly"],"category_codes":["1000000","1090000"],"visuals":{"large":"https:\/\/images.epagine.fr\/962\/9782296963962_1_75.jpg","medium":"https:\/\/images.epagine.fr\/962\/9782296963962_1_m.jpg","thumbnail":"https:\/\/images.epagine.fr\/962\/9782296963962_1_v.jpg"},"orderable":true,"show_badge":true,"formatted_price":"11,00&nbsp;\u20ac","formatted_published_date":"23 mai 2012","publisher_availability_label":"Sur commande","short_details":"Mohamed Hamady Coulibaly \u2014 \u00c9ditions L'Harmattan","translator":null,"weight":90,"page_count":62,"readership":null,"editor":"\u00c9ditions L'Harmattan","price":1100,"published_date":"2012-05-22T22:00:00.000000Z","support":"Grand format","publisher_availability":1,"stock":0,"editions":[],"url":"https:\/\/quaidesbrumes.com\/ouvrage\/9782296963962\/sanglots-de-joie"},{"id":"9782296568266","title":"Jour et la nuit et quelques \u00e9chapp\u00e9es","description":"Ce recueil instaure un constant va-et-vient entre texte et image qui d\u00e9passe le simple rapport de l'illustration. Le lecteur est plong\u00e9 dans le flou, l'entre-deux, les jeux d'ombres et de lumi\u00e8re, qui dessinent l'univers fuyant d'une errance int\u00e9rieure. Les paysages urbains de la premi\u00e8re partie sont ceux d'une ville mythique : Marseille. La derni\u00e8re \u00e9chapp\u00e9e intitul\u00e9e \"Projectile\" pr\u00e9sente des po\u00e8mes plus lapidaires, fragments de paroles \u00e9chang\u00e9es entre ceux qui restent et ceux qui partent.\r","authors":["Sylvain Dreyer"],"category_codes":["1000000","1090000"],"visuals":{"large":"https:\/\/images.epagine.fr\/266\/9782296568266_1_75.jpg","medium":"https:\/\/images.epagine.fr\/266\/9782296568266_1_m.jpg","thumbnail":"https:\/\/images.epagine.fr\/266\/9782296568266_1_v.jpg"},"orderable":true,"show_badge":true,"formatted_price":"14,00&nbsp;\u20ac","formatted_published_date":"15 f\u00e9vrier 2012","publisher_availability_label":"Sur commande","short_details":"Sylvain Dreyer \u2014 \u00c9ditions L'Harmattan","translator":null,"weight":150,"page_count":116,"readership":null,"editor":"\u00c9ditions L'Harmattan","price":1400,"published_date":"2012-02-14T23:00:00.000000Z","support":"Grand format","publisher_availability":1,"stock":0,"editions":[],"url":"https:\/\/quaidesbrumes.com\/ouvrage\/9782296568266\/jour-et-la-nuit-et-quelques-echappees"},{"id":"9782918136026","title":"Un jardin sur l'Eyraud vingt ans de po\u00e9sie (1989-2009)","description":"Carole Turschwel, Libournaise ayant suivi son mari en P\u00e9rigord, jette un regard, tant\u00f4t amus\u00e9, ailleurs plein de tendresse, parfois douloureux, sur la vie, sa vie, famille, amis, rencontres, la vie de tous les jours, la vie d'\u00e9vasion, dans l'espace et dans les r\u00eaves. Elle joue avec les mots, ceux du quotidien comme ceux des professeurs. Elle se refuse \u00e0 \u00ab compter les pieds comme Baudelaire \u00bb mais elle a un sens inn\u00e9 du rythme et des sonorit\u00e9s, qui invite \u00e0 se laisser guider par elle dans ce \u00ab Jardin sur l'Eyraud \u00bb (un discret affluent de la Dordogne), son jardin secret, o\u00f9 avec elle c'est beaucoup de nous-m\u00eames que nous retrouvons.\r","authors":["Carole Turschwel"],"category_codes":["1000000","1090000"],"visuals":{"large":"https:\/\/images.epagine.fr\/026\/9782918136026_1_75.jpg","medium":"https:\/\/images.epagine.fr\/026\/9782918136026_1_m.jpg","thumbnail":"https:\/\/images.epagine.fr\/026\/9782918136026_1_v.jpg"},"orderable":true,"show_badge":true,"formatted_price":"17,00&nbsp;\u20ac","formatted_published_date":"1er juillet 2009","publisher_availability_label":"Sur commande","short_details":"Carole Turschwel \u2014 Cyrano","translator":null,"weight":140,"page_count":194,"readership":null,"editor":"Cyrano","price":1700,"published_date":"2009-06-30T22:00:00.000000Z","support":"Grand format","publisher_availability":1,"stock":0,"editions":[],"url":"https:\/\/quaidesbrumes.com\/ouvrage\/9782918136026\/un-jardin-sur-leyraud-vingt-ans-de-poesie-1989-2009"},{"id":"9782368688038","title":"Fragments du miel sauvage","description":"Sommeil agit\u00e9 de l'enfant\r\nQui a fr\u00f4l\u00e9\r\nLe gouffre\r\n\r\nApr\u00e8s avoir compris\r\nPresque tout compris\r\n\r\nSans que rien\r\nNe soit clair\r\n\r\nEn lui\r\n\r\n\r\n\r\n\r\nFragments du miel sauvage est compos\u00e9 de po\u00e8mes et d'une nouvelle en vers libres. Chacun de ces textes refl\u00e8te notre vertige devant le fracas du monde, notre d\u00e9chirement sur les chemins \u00e0 parcourir, entre douceur et douleur, innocence et violence.","authors":["Clappe Aurelien"],"category_codes":["1000000","1090000","1090600"],"visuals":{"large":"https:\/\/images.epagine.fr\/038\/9782368688038_1_75.jpg","medium":"https:\/\/images.epagine.fr\/038\/9782368688038_1_m.jpg","thumbnail":"https:\/\/images.epagine.fr\/038\/9782368688038_1_v.jpg"},"orderable":true,"show_badge":true,"formatted_price":"17,00&nbsp;\u20ac","formatted_published_date":"31 d\u00e9cembre 2022","publisher_availability_label":"Sur commande","short_details":"Clappe Aurelien \u2014 Stellamaris","translator":null,"weight":130,"page_count":90,"readership":null,"editor":"Stellamaris","price":1700,"published_date":"2022-12-30T23:00:00.000000Z","support":"Grand format","publisher_availability":1,"stock":0,"editions":[],"url":"https:\/\/quaidesbrumes.com\/ouvrage\/9782368688038\/fragments-du-miel-sauvage"},{"id":"9782322034185","title":"Licorne je te sais","description":"Le myst\u00e8re de la licorne se confond avec celui de nos origines. Il fait appel \u00e0 la vie. La licorne existe depuis la nuit des temps, elle est pr\u00e9sente dans le coeur de Booz et de Ruth (personnages de l'ancien testament), ainsi Booz la conna\u00eet, et elle est pr\u00e9sente quand Booz embrasse Ruth et quand Ruth aime Booz.  En effet, avec la licorne c'est la pr\u00e9sence de l'amour, de la femme des \u00eeles, nouvelle Eve moderne, de l'homme \u00e9pris d'une chevelure, de l'oiseau-baiser, des anges, du feu, du dieu et du roi.  La licorne est pr\u00e9sente au moment o\u00f9 l'homme dit : \u00ab l'aube je t'aime \u00bb, car elle se confond et dans l'aube et dans l'amour. Il y a bien une rencontre avec la lumi\u00e8re, et le temps des licornes ne s'efface pas. Gr\u00e2ce \u00e0 elle le salut chr\u00e9tien se manifeste par la pr\u00e9sence de l'ange qui d\u00e9cha\u00eene. Ainsi s'il faut parfois souffrir et courir \u00e0 la recherche du temps perdu, la licorne nous ram\u00e8ne \u00e0 l'essentiel : comme c'est bon la joie d'aimer. Pourquoi ? Parce que la licorne fait ressurgir dans notre mental, des arch\u00e9types induisants la Force vive, c'est ce qui fait dire \u00e0 Arthur Rimbaud dans Crimen Amoris : \u00ab \u00d4, je suis celui qui sera Dieu \u00bb. Dans le simple respect de la nature et de la v\u00e9rit\u00e9, elle nous fait observer la naissance d'une nuit, elle chante une ode \u00e0 la lune. Dans la nuit des enfants, elle conduit une f\u00e9e dans le vent jusqu'\u00e0 leurs sommeils. Elle prot\u00e8ge les mythologies amoureuses, ainsi que les lieux sacr\u00e9s, comme le kotel par exemple. De fait, licorne je te sais, tu nous proposes \u00e0 tous d'attendre un ange et c'est pour cela que les t\u00e9n\u00e8bres s'effondrent.\r","authors":["Sandrine Adso"],"category_codes":["1000000","1090000"],"visuals":{"large":"https:\/\/images.epagine.fr\/185\/9782322034185_1_75.jpg","medium":"https:\/\/images.epagine.fr\/185\/9782322034185_1_m.jpg","thumbnail":"https:\/\/images.epagine.fr\/185\/9782322034185_1_v.jpg"},"orderable":true,"show_badge":true,"formatted_price":"9,00&nbsp;\u20ac","formatted_published_date":"14 f\u00e9vrier 2014","publisher_availability_label":"Sur commande","short_details":"Sandrine Adso \u2014 Books on Demand","translator":null,"weight":201,"page_count":92,"readership":null,"editor":"Books on Demand","price":900,"published_date":"2014-02-13T23:00:00.000000Z","support":"Grand format","publisher_availability":1,"stock":0,"editions":[],"url":"https:\/\/quaidesbrumes.com\/ouvrage\/9782322034185\/licorne-je-te-sais"},{"id":"9782081250574","title":"L'heure dite","description":"Travers\u00e9e \u00e0 toute allure d'innombrables d\u00e9cors, pages d'albums, rues anim\u00e9es ou chambres vides, fragments d'une vie d\u00e9coup\u00e9s, remont\u00e9s, dispers\u00e9s dans l'impatience et la tendresse, L'heure dite prolonge le mouvement des Arbres noirs : il s'agit bien de rendre compte de certains moments-clefs d'une existence et \u00e9ventuellement de leur donner un nouveau sens, quitte \u00e0 en souligner les failles - mais sans rien perdre de leur beaut\u00e9, ni de leur intensit\u00e9 fondatrice.\r\nC'est le monde entier qui d\u00e9file au hasard de ces pages : ses villes, ses bars, ses paysages lumineux ou d\u00e9vast\u00e9s - mais aussi ses po\u00e8tes d'ailleurs et d'ici : G\u00e9rald Neveu, Hannah Hbch, Danielle Collobert, Adilia Lopes, Pierre Reverdy... Silhouettes estomp\u00e9es, s'\u00e9loignant d\u00e9j\u00e0 dans la brume, mais qui soulignent d'autant la nettet\u00e9, la violence aussi des images que les po\u00e8mes semblent arracher au pass\u00e9 : pour mieux les recomposer dans le livre du pr\u00e9sent.\r\nComme si la po\u00e9sie, d\u00e9cid\u00e9ment...\r","authors":["Henri Deluy"],"category_codes":["1000000","1090000"],"visuals":{"large":"https:\/\/images.epagine.fr\/574\/9782081250574_1_75.jpg","medium":"https:\/\/images.epagine.fr\/574\/9782081250574_1_m.jpg","thumbnail":"https:\/\/images.epagine.fr\/574\/9782081250574_1_v.jpg"},"orderable":true,"show_badge":true,"formatted_price":"18,30&nbsp;\u20ac","formatted_published_date":"2 avril 2014","publisher_availability_label":"Sur commande","short_details":"Henri Deluy \u2014 Flammarion","translator":null,"weight":294,"page_count":264,"readership":null,"editor":"Flammarion","price":1830,"published_date":"2014-04-01T22:00:00.000000Z","support":"Grand format","publisher_availability":1,"stock":0,"editions":[],"url":"https:\/\/quaidesbrumes.com\/ouvrage\/9782081250574\/lheure-dite"},{"id":"9782368688007","title":"De vous \u00e0 moi, avant que le soleil se couche","description":"Laisse-t-on faire le crime ?\r\n\r\nLaisse-t-on assis devant nos t\u00e9l\u00e9visions\r\nUn peuple souffrir, p\u00e9rir sans nos r\u00e9actions ?\r\nVa-t-on se consoler en regardant nos footballeurs ?\r\nHabitu\u00e9s \u00e0 nos compromissions, \u00e0 nos discours l\u00e9nifiants\r\nOh les pauvres gens ! Soyons conscients ! Nos journaux,\r\nRassurants, le cours de bourse, le cours du diesel se stabilisant.\r\nSomme-nous devenus des peuples de pleutres ? \u00c0 genoux devant\r\nCe qui nous attend, devant des discours rassurants, devant des joueurs,\r\nDevant des fl\u00fbtes aux sons discordants, des gens d\u00e9j\u00e0 souffrant. Un spectre,\r\nSale visage grima\u00e7ant, bras nous enserrant, l\u00e0-haut, plus haut, vois dans le ciel  \r\nUn nuage noir. Non ! Laissons pas loin, mourir l'Ukraine, nos joueurs sont au chaud.","authors":["Niebes Paul"],"category_codes":["1000000","1090000","1090600"],"visuals":{"large":"https:\/\/images.epagine.fr\/007\/9782368688007_1_75.jpg","medium":"https:\/\/images.epagine.fr\/007\/9782368688007_1_m.jpg","thumbnail":"https:\/\/images.epagine.fr\/007\/9782368688007_1_v.jpg"},"orderable":true,"show_badge":true,"formatted_price":"25,00&nbsp;\u20ac","formatted_published_date":"31 d\u00e9cembre 2022","publisher_availability_label":"Sur commande","short_details":"Niebes Paul \u2014 Stellamaris","translator":null,"weight":180,"page_count":116,"readership":null,"editor":"Stellamaris","price":2500,"published_date":"2022-12-30T23:00:00.000000Z","support":"Grand format","publisher_availability":1,"stock":0,"editions":[],"url":"https:\/\/quaidesbrumes.com\/ouvrage\/9782368688007\/de-vous-a-moi-avant-que-le-soleil-se-couche"},{"id":"9782918111177","title":"\u00e0 la crois\u00e9e","description":"\u00c0 la crois\u00e9e, parce que les textes, les titres, et les images.\r\nDans cet ordre l\u00e0, ou dans un autre.\r\nLes histoires personnelles, les autres pas du tout, et celles qu'on dirait que.\r\nQuoi ?!\r\nLes dessins qui se la jouent, la Bande dessin\u00e9e qui r\u00e9siste, et la bise de temps en temps.\r\nMa dispersion, mon unit\u00e9.\r\nEt tout \u00e7a qui ralentit au carrefour, qui traverse sans regarder, qui reste l\u00e0 \u00e0 compter les voitures.\r\n\u00c0 la crois\u00e9e, Parce que.\r","authors":["Nicolas Poupon"],"category_codes":["1000000","1090000","1090600"],"visuals":{"large":"https:\/\/images.epagine.fr\/177\/9782918111177_1_75.jpg","medium":"https:\/\/images.epagine.fr\/177\/9782918111177_1_m.jpg","thumbnail":"https:\/\/images.epagine.fr\/177\/9782918111177_1_v.jpg"},"orderable":true,"show_badge":true,"formatted_price":"25,00&nbsp;\u20ac","formatted_published_date":"20 septembre 2012","publisher_availability_label":"Sur commande","short_details":"Nicolas Poupon \u2014 Scutella","translator":null,"weight":644,"page_count":216,"readership":null,"editor":"Scutella","price":2500,"published_date":"2012-09-19T22:00:00.000000Z","support":"Grand format","publisher_availability":1,"stock":0,"editions":[],"url":"https:\/\/quaidesbrumes.com\/ouvrage\/9782918111177\/a-la-croisee"},{"id":"9782322034529","title":"Si j'\u00e9tais l'Amie de la Licorne","description":"Toi et moi, dans le temps en vagues d'\u00e9ternit\u00e9, dans l'espace d'arbre \u00e0 la fleur, nous parcourons dans le m\u00eame \u00e9lan l'infini et pass\u00e9 du temps, tel un tableau du matin. Cette lumi\u00e8re, cette petite goutte de lumi\u00e8re qui entoure ta pr\u00e9sence, \u00f4 toi licorne respecte ta nature emplie de ses sons et de sa musique. La passion, la haine pour tout ramener aux premi\u00e8res eaux, \u00e0 l'eau d'enfant qui ne conna\u00eet aucune violence.  Oui, ils sont comme le vent, ils ne connaissent que l'horizon de nuit, la nuit carnavalesque et surtout l'instinct, l'instinct de la nuit, au contraire le mien celui de ma main. Celui qui lib\u00e8re le prisonnier du jour dans la belle Charleville, le ranime dans un grelot de lumi\u00e8re. Et dans la crois\u00e9e de ces chemins, avec les jeux du po\u00e8te, la licorne lib\u00e8re \u00e0 nouveau l'adamse et la fleur temporelle. Ou plus simplement la parole. En effet avec elle, tout est l\u00e0. Si j'\u00e9tais l'amie de la licorne, je n'aurais plus peur de la nuit, et j'attendrais calmement le matin du matin, parce que le calme serait revenu.  Alors dans ces instants bleus s'\u00e9l\u00e8vent le chant de la terre, fragile comme le cristal fait de moi, un corps lumineux gr\u00e2ce \u00e0 la Providence (synonyme de Licorne). Et cela est possible, licorne, si tu es mon amie, si tu viens. Alors quoi ?, Alors : tout peut jaillir et vivre.\r","authors":["Sandrine Adso"],"category_codes":["1000000","1090000"],"visuals":{"large":"https:\/\/images.epagine.fr\/529\/9782322034529_1_75.jpg","medium":"https:\/\/images.epagine.fr\/529\/9782322034529_1_m.jpg","thumbnail":"https:\/\/images.epagine.fr\/529\/9782322034529_1_v.jpg"},"orderable":true,"show_badge":true,"formatted_price":"9,00&nbsp;\u20ac","formatted_published_date":"14 f\u00e9vrier 2014","publisher_availability_label":"Sur commande","short_details":"Sandrine Adso \u2014 Books on Demand","translator":null,"weight":201,"page_count":92,"readership":null,"editor":"Books on Demand","price":900,"published_date":"2014-02-13T23:00:00.000000Z","support":"Grand format","publisher_availability":1,"stock":0,"editions":[],"url":"https:\/\/quaidesbrumes.com\/ouvrage\/9782322034529\/si-jetais-lamie-de-la-licorne"},{"id":"9782332805027","title":"Avoir les pieds sur terre et l'esprit dans les airs","description":"Avoir les pieds sur terre et l'esprit dans les airs est un recueil de po\u00e9sie qui explore mes exp\u00e9riences personnelles de la vie, de mes amours, de mes r\u00eaves, de mes espoirs, de mes d\u00e9ceptions, mes col\u00e8res en s'inspirant \u00e9galement du monde qui m'entoure et en observant les \u00eatres humains. Ces textes et ces vers sont sinc\u00e8res, sensibles, tout comme je suis.\r","authors":["Julie de La vega"],"category_codes":["1000000","1090000"],"visuals":{"large":"https:\/\/images.epagine.fr\/027\/9782332805027_1_75.jpg","medium":"https:\/\/images.epagine.fr\/027\/9782332805027_1_m.jpg","thumbnail":"https:\/\/images.epagine.fr\/027\/9782332805027_1_v.jpg"},"orderable":true,"show_badge":true,"formatted_price":"12,50&nbsp;\u20ac","formatted_published_date":"5 septembre 2014","publisher_availability_label":"Sur commande","short_details":"Julie de La vega \u2014 Edilivre","translator":null,"weight":203,"page_count":100,"readership":null,"editor":"Edilivre","price":1250,"published_date":"2014-09-04T22:00:00.000000Z","support":"Grand format","publisher_availability":1,"stock":0,"editions":[],"url":"https:\/\/quaidesbrumes.com\/ouvrage\/9782332805027\/avoir-les-pieds-sur-terre-et-lesprit-dans-les-airs"},{"id":"9782322034444","title":"La Vie de la Licorne","description":"La vie de la licorne pourrait s'inscrire dans la formule \u00ab il \u00e9tait une fois la lumi\u00e8re \u00bb. Quoi que nous fassions, que nous soyons dans l'attente ou le d\u00e9part, il y a tellement d'instants o\u00f9 s'\u00e9coulent nos larmes, en longs sanglots bleus, quel que soit notre certitude , la licorne est l\u00e0 avec ses attentions, sa douceur. J'ai attendu et durant ma travers\u00e9e, quand tu n'es pas l\u00e0 \u00f4 licorne, tu es l\u00e0 par l'apprentissage du \u00ab saut du fil \u00bb, c'est-\u00e0-dire parvenir \u00e0 franchir les murs de l'angoisse, mais aussi du d\u00e9sir par excellence et je sais qu'avant demain tu me redonneras la force et la confiance dont tout \u00eatre humain a besoin, oui nous faisons partie de ta vie. Et sans le savoir, chaque jour nous avons besoin de ta vie   licorne, amie des hommes. Ta vie, c'est effectivement de nous \u00e9clairer, tu es notre lumi\u00e8re et m\u00eame la nuit dessine tes yeux.  Au nom de l'amour, ta vie se confond dans la douceur et la perfection.   Pour sa vie, pour elle, j'ai chant\u00e9 la chanson orientale, et le secret c'est que durant ses nuits de galop, le philosophe pour une fois pose un nom sur son existence.  Le nom qui lui est donn\u00e9 n'est pas connu, mais signifie vie. Cette vie peut-\u00eatre une vie contemplative : c'est-\u00e0-dire une vie coup\u00e9e du monde et vou\u00e9e \u00e0 la pri\u00e8re et \u00e0 la m\u00e9ditation. Ou une simple vie, peut-\u00eatre loin des pens\u00e9es et des r\u00e9flexions m\u00e9taphysiques. Ou encore celle des artistes qui sans le savoir, la fr\u00f4lent, elle est sans doute comparable aux muses, qui les rapprochent de la v\u00e9rit\u00e9. On la trouve souvent aux pieds de l'arbre de vie, lieu sacr\u00e9 qui symbolise les origines de la vie de la nature. La vie de la licorne, c'est l'\u00e9ternit\u00e9.\r","authors":["Sandrine Adso"],"category_codes":["1000000","1090000"],"visuals":{"large":"https:\/\/images.epagine.fr\/444\/9782322034444_1_75.jpg","medium":"https:\/\/images.epagine.fr\/444\/9782322034444_1_m.jpg","thumbnail":"https:\/\/images.epagine.fr\/444\/9782322034444_1_v.jpg"},"orderable":true,"show_badge":true,"formatted_price":"9,00&nbsp;\u20ac","formatted_published_date":"14 f\u00e9vrier 2014","publisher_availability_label":"Sur commande","short_details":"Sandrine Adso \u2014 Books on Demand","translator":null,"weight":201,"page_count":104,"readership":null,"editor":"Books on Demand","price":900,"published_date":"2014-02-13T23:00:00.000000Z","support":"Grand format","publisher_availability":1,"stock":0,"editions":[],"url":"https:\/\/quaidesbrumes.com\/ouvrage\/9782322034444\/la-vie-de-la-licorne"},{"id":"9782322033416","title":"La Nature de la Licorne","description":"La licorne, de par sa nature fait que l'on ne peut oublier le soleil, et ce malgr\u00e9 les rafales. Il existe bien ce monde, ce monde de soleil. Un monde de lumi\u00e8re et d'authenticit\u00e9, un monde de bien-\u00eatre. Il est le monde qui r\u00e9git l'\u00e9quilibre universel.  Dans la plaine, dans le sable et le vent, le soleil qui danse laisse la rose bleue \u00eatre. Cette fleur pars\u00e8me tout autour d'elle du bleu. Le bleu, couleur de la lumi\u00e8re de la licorne. Couleur de la po\u00e9sie, de la musique, de la sculpture, on se rappelle la note bleue de Chopin. Georges Sand ressentait bien l'azur de la nuit transparente. Le bleu est par excellence, la couleur des arts, et la licorne autorise la nuit m\u00eame bleue. La licorne se balade sur les rives de l'horizon, laissant derri\u00e8re elle, des poussi\u00e8res bleues, des train\u00e9es d'\u00e9toiles, de fleurs et de lumi\u00e8res.   Ainsi, une fleur, un matin existe et accompagne la licorne.  Quelle est donc la nature de la licorne, amie des fleurs et des arts ? La licorne propage, m\u00eame dans le froid et la neige une nature unique, une Force tout \u00e0 fait exceptionnelle, voire surnaturelle.   La licorne dispense l'amiti\u00e9, la confiance, la douceur, le d\u00e9sir, le secret et sa r\u00e9ponse..., elle permet de croire en la perfection. Elle offre l'espoir...\r","authors":["Sandrine Adso"],"category_codes":["1000000","1090000"],"visuals":{"large":"https:\/\/images.epagine.fr\/416\/9782322033416_1_75.jpg","medium":"https:\/\/images.epagine.fr\/416\/9782322033416_1_m.jpg","thumbnail":"https:\/\/images.epagine.fr\/416\/9782322033416_1_v.jpg"},"orderable":true,"show_badge":true,"formatted_price":"9,00&nbsp;\u20ac","formatted_published_date":"14 f\u00e9vrier 2014","publisher_availability_label":"Sur commande","short_details":"Sandrine Adso \u2014 Books on Demand","translator":null,"weight":201,"page_count":92,"readership":null,"editor":"Books on Demand","price":900,"published_date":"2014-02-13T23:00:00.000000Z","support":"Grand format","publisher_availability":1,"stock":0,"editions":[],"url":"https:\/\/quaidesbrumes.com\/ouvrage\/9782322033416\/la-nature-de-la-licorne"},{"id":"9782336009032","title":"La rivi\u00e8re des larmes","description":"\u00c0 travers l'histoire de Moldore Goli, l'auteur fait le portrait de ces hommes inconnus qui portent en eux les s\u00e9quelles des atrocit\u00e9s de la guerre, et malgr\u00e9 le rejet des autres, essayent par le biais de l'amour de se faire une place dans le monde et de retrouver la trace perdue de ce qu'ils furent autrefois : des Hommes.\r","authors":["Erisien Fabrice Mba"],"category_codes":["1000000","1090000"],"visuals":{"large":"https:\/\/images.epagine.fr\/032\/9782336009032_1_75.jpg","medium":"https:\/\/images.epagine.fr\/032\/9782336009032_1_m.jpg","thumbnail":"https:\/\/images.epagine.fr\/032\/9782336009032_1_v.jpg"},"orderable":true,"show_badge":true,"formatted_price":"12,50&nbsp;\u20ac","formatted_published_date":"28 d\u00e9cembre 2012","publisher_availability_label":"Sur commande","short_details":"Erisien Fabrice Mba \u2014 \u00c9ditions L'Harmattan","translator":null,"weight":110,"page_count":78,"readership":null,"editor":"\u00c9ditions L'Harmattan","price":1250,"published_date":"2012-12-27T23:00:00.000000Z","support":"Grand format","publisher_availability":1,"stock":0,"editions":[],"url":"https:\/\/quaidesbrumes.com\/ouvrage\/9782336009032\/la-riviere-des-larmes"},{"id":"9782296990432","title":"Reflets","description":"Reflets est un miroir po\u00e9tique constitu\u00e9 de vers, regroup\u00e9s en titres aussi expressifs les uns que les autres qui \u00e9veillent la conscience de l'humanit\u00e9 dans sa diversit\u00e9, de l'Afrique dans sa particularit\u00e9, et de l'individu dans son intimit\u00e9. C'est une pr\u00e9sentation os\u00e9e de l'image de l'homme dans sa barbarie, son idiotie. C'est un appel \u00e0 visiter ses traditions avant toute imitation, une n\u00e9cessit\u00e9 de remettre en marche la dynamique morale en vue de positiver la soci\u00e9t\u00e9 humaine.\r","authors":["Serge Cyrile Nwawel"],"category_codes":["1000000","1090000"],"visuals":{"large":"https:\/\/images.epagine.fr\/432\/9782296990432_1_75.jpg","medium":"https:\/\/images.epagine.fr\/432\/9782296990432_1_m.jpg","thumbnail":"https:\/\/images.epagine.fr\/432\/9782296990432_1_v.jpg"},"orderable":true,"show_badge":true,"formatted_price":"13,00&nbsp;\u20ac","formatted_published_date":"24 mai 2012","publisher_availability_label":"Sur commande","short_details":"Serge Cyrile Nwawel \u2014 \u00c9ditions L'Harmattan","translator":null,"weight":125,"page_count":96,"readership":null,"editor":"\u00c9ditions L'Harmattan","price":1300,"published_date":"2012-05-23T22:00:00.000000Z","support":"Grand format","publisher_availability":1,"stock":0,"editions":[],"url":"https:\/\/quaidesbrumes.com\/ouvrage\/9782296990432\/reflets"},{"id":"9782296558588","title":"Qu\u00eate solitaire","description":"Un recueil de 67 po\u00e8mes dans lequels l'auteur aborde son v\u00e9cu peu ordinaire. Ses amours \u00e0 la fois passionn\u00e9es, tourment\u00e9es, ses r\u00eaves dor\u00e9s, ses espoirs d\u00e9\u00e7us, ses joies et ses d\u00e9sillusions. Tous les aspects de la vie, l'amiti\u00e9, la foi, l'esp\u00e9rance et la mort y sont omnipr\u00e9sents.\r","authors":["Fid\u00e8le mohdestes Tagatsing tankou"],"category_codes":["1000000","1090000"],"visuals":{"large":"https:\/\/images.epagine.fr\/588\/9782296558588_1_75.jpg","medium":"https:\/\/images.epagine.fr\/588\/9782296558588_1_m.jpg","thumbnail":"https:\/\/images.epagine.fr\/588\/9782296558588_1_v.jpg"},"orderable":true,"show_badge":true,"formatted_price":"13,00&nbsp;\u20ac","formatted_published_date":"23 novembre 2011","publisher_availability_label":"Sur commande","short_details":"Fid\u00e8le mohdestes Tagatsing tankou \u2014 \u00c9ditions L'Harmattan","translator":null,"weight":70,"page_count":94,"readership":null,"editor":"\u00c9ditions L'Harmattan","price":1300,"published_date":"2011-11-22T23:00:00.000000Z","support":"Grand format","publisher_availability":1,"stock":0,"editions":[],"url":"https:\/\/quaidesbrumes.com\/ouvrage\/9782296558588\/quete-solitaire"},{"id":"9782918136002","title":"Sire, vous reviendrez ; le grand homme c\u00e9l\u00e9br\u00e9 par le grand po\u00e8te","description":"Contre la grisaille d'un XIX\u00e8me si\u00e8cle industiel embourgeois\u00e9, les romantiques, s'emparant de l'\u00e9pop\u00e9e imp\u00e9riale, ont cr\u00e9\u00e9 la l\u00e9gende napol\u00e9onienne.\r\nVictor Hugo, arriv\u00e9 en ce monde quand \u00ab d\u00e9j\u00e0 Napol\u00e9on per\u00e7ait sous Bonaparte \u00bb, sera plus que tout autre l'ouvrier de cette transfiguration. Enfant, il suit son p\u00e8re, le g\u00e9n\u00e9ral Hugo, en Espagne (Mon p\u00e8re, ce h\u00e9ros...) et \u00e9coute les r\u00e9cits de campagne de son oncle Louis (Le cimeti\u00e8re d'Eylau). Royaliste \u00e0 la Restauration, il conserve son attachement \u00e0 la haute figure disparue (Ode \u00e0 la Colonne). Sous la monarchie de Juillet, alors que l'Aiglon meurt \u00e0 son tour, le grand homme est r\u00e9habilit\u00e9 : Hugo accompagne les moments douloureux (Napol\u00e9on II) et glorieux (Le retour de l'Empereur). Enfin son opposition au Second Empire am\u00e8ne l'auteur des Ch\u00e2timents \u00e0 grandir par contraste le h\u00e9ros dormant aux Invalides, \u00e9voquant les moments tragiques de la chute et de la fin (L'Expiation). Autant de vers sublimes qui se sont imprim\u00e9s dans la m\u00e9moire de g\u00e9n\u00e9ration de Fran\u00e7ais.\r","authors":["Victor Hugo"],"category_codes":["1000000","1090000"],"visuals":{"large":"https:\/\/images.epagine.fr\/002\/9782918136002_1_75.jpg","medium":"https:\/\/images.epagine.fr\/002\/9782918136002_1_m.jpg","thumbnail":"https:\/\/images.epagine.fr\/002\/9782918136002_1_v.jpg"},"orderable":true,"show_badge":true,"formatted_price":"15,00&nbsp;\u20ac","formatted_published_date":"1er avril 2009","publisher_availability_label":"Sur commande","short_details":"Victor Hugo \u2014 Cyrano","translator":null,"weight":260,"page_count":190,"readership":null,"editor":"Cyrano","price":1500,"published_date":"2009-03-31T22:00:00.000000Z","support":"Grand format","publisher_availability":1,"stock":0,"editions":[],"url":"https:\/\/quaidesbrumes.com\/ouvrage\/9782918136002\/sire-vous-reviendrez-le-grand-homme-celebre-par-le-grand-poete"},{"id":"9782849242520","title":"L'envol des velours","description":"Ce recueil est destin\u00e9 aux grands curieux qui s'adonnent \u00e0 une chasse sans r\u00e9pit de l'alchimie des \u00e2mes et des choses belles... des \u00e2mes des choses aussi. On y trouve dans le feutre des velours les vertiges collectionn\u00e9s aux \u00e9clats d'une qu\u00eate \u00e9pic\u00e9e et enivrante.\r","authors":["Micallef Jl"],"category_codes":["1000000","1090000"],"visuals":{"large":"https:\/\/images.epagine.fr\/520\/9782849242520_1_75.jpg","medium":"https:\/\/images.epagine.fr\/520\/9782849242520_1_m.jpg","thumbnail":"https:\/\/images.epagine.fr\/520\/9782849242520_1_v.jpg"},"orderable":true,"show_badge":true,"formatted_price":"12,00&nbsp;\u20ac","formatted_published_date":"20 octobre 2011","publisher_availability_label":"Sur commande","short_details":"Micallef Jl \u2014 Editions Du Cygne","translator":null,"weight":150,"page_count":null,"readership":null,"editor":"Editions Du Cygne","price":1200,"published_date":"2011-10-19T22:00:00.000000Z","support":"Grand format","publisher_availability":1,"stock":0,"editions":[],"url":"https:\/\/quaidesbrumes.com\/ouvrage\/9782849242520\/lenvol-des-velours"},{"id":"9782915831818","title":"Le temps d\u00e9sormais compt\u00e9","description":"Dans une langue claire et pr\u00e9cise, qui recourt \u00e0 l'humour, ce recueil rencontre la sensibilit\u00e9 d'une certaine Italie d'aujourd'hui: celle qui est partag\u00e9e entre une mani\u00e8re de vivre traditionnelle, h\u00e9rit\u00e9e des Romains, et qui se traduit par l'amour de la terre, de l'olivier, d'une certaine douceur de vivre, et la fr\u00e9n\u00e9sie du monde moderne conduisant \u00e0 des comportements psychotiques ou des visions hallucinantes.\r\nPrenant le Temps comme fil conducteur, ce recueil parle du monde actuel et exprime avec prfondeur et originalit\u00e9 ce que chacun ressent confus\u00e9ment. Par des po\u00e8mes de qualit\u00e9 qui s'adressent \u00e0 tous, Marcoaldi r\u00e9concilie un grand nombre de ses contemporains avec la po\u00e9sie.\r","authors":["Franco Marcoaldi","Roland Ladri\u00e8re"],"category_codes":["1000000","1090000"],"visuals":{"large":"https:\/\/images.epagine.fr\/818\/9782915831818_1_75.jpg","medium":"https:\/\/images.epagine.fr\/818\/9782915831818_1_m.jpg","thumbnail":"https:\/\/images.epagine.fr\/818\/9782915831818_1_v.jpg"},"orderable":true,"show_badge":true,"formatted_price":"18,00&nbsp;\u20ac","formatted_published_date":"4 juillet 2013","publisher_availability_label":"Sur commande","short_details":"Franco Marcoaldi, Roland Ladri\u00e8re \u2014 Corlevour","translator":"ROLAND LADRIERE","weight":127,"page_count":96,"readership":null,"editor":"Corlevour","price":1800,"published_date":"2013-07-03T22:00:00.000000Z","support":"Grand format","publisher_availability":1,"stock":0,"editions":[],"url":"https:\/\/quaidesbrumes.com\/ouvrage\/9782915831818\/le-temps-desormais-compte"},{"id":"9782343083230","title":"Blessure des m\u00e9moires","description":"Ce recueil s'inscrit dans une tradition qui privil\u00e9gie l'aspect musical du langage. La vari\u00e9t\u00e9 des rythmes qu'il utilise est, selon l'auteur, le reflet du mouvement m\u00eame de la vie. Ces m\u00e9lodies sont ordonn\u00e9es en cinq ensembles successifs, correspondant \u00e0 un ordre chronologique. L'auteur esp\u00e8re que ces derni\u00e8res puissent donner au lecteur quelque apaisement dans les doutes et les angoisses humaines face aux meurtrissures du temps.","authors":["Jean-michel Croisille"],"category_codes":["1000000","1090000"],"visuals":{"large":"https:\/\/images.epagine.fr\/230\/9782343083230_1_75.jpg","medium":"https:\/\/images.epagine.fr\/230\/9782343083230_1_m.jpg","thumbnail":"https:\/\/images.epagine.fr\/230\/9782343083230_1_v.jpg"},"orderable":true,"show_badge":true,"formatted_price":"18,00&nbsp;\u20ac","formatted_published_date":"26 f\u00e9vrier 2016","publisher_availability_label":"Sur commande","short_details":"Jean-michel Croisille \u2014 \u00c9ditions L'Harmattan","translator":null,"weight":195,"page_count":158,"readership":null,"editor":"\u00c9ditions L'Harmattan","price":1800,"published_date":"2016-02-25T23:00:00.000000Z","support":"Grand format","publisher_availability":1,"stock":0,"editions":[],"url":"https:\/\/quaidesbrumes.com\/ouvrage\/9782343083230\/blessure-des-memoires"},{"id":"9782757002629","title":"Les pavots et la rose","description":null,"authors":["Pierre-Maurice Serre"],"category_codes":["1000000","1090000","1090600"],"visuals":{"large":"https:\/\/images.epagine.fr\/629\/9782757002629_1_75.jpg","medium":"https:\/\/images.epagine.fr\/629\/9782757002629_1_m.jpg","thumbnail":"https:\/\/images.epagine.fr\/629\/9782757002629_1_v.jpg"},"orderable":true,"show_badge":true,"formatted_price":"15,00&nbsp;\u20ac","formatted_published_date":"20 f\u00e9vrier 2013","publisher_availability_label":"Sur commande","short_details":"Pierre-Maurice Serre \u2014 Jacques Andre","translator":null,"weight":115,"page_count":90,"readership":null,"editor":"Jacques Andre","price":1500,"published_date":"2013-02-19T23:00:00.000000Z","support":"Grand format","publisher_availability":1,"stock":0,"editions":[],"url":"https:\/\/quaidesbrumes.com\/ouvrage\/9782757002629\/les-pavots-et-la-rose"},{"id":"9782874595752","title":"Paroles nues","description":"Paroles nues est un livre de po\u00e9sies \u00e9labor\u00e9 \u00e0 partir d'une r\u00e9flexion sur l'Evangile de THOMAS.\r\n\r\nIl comporte 114 po\u00e8mes qui correspondent aux 114 logia de cet Evangile apocryphe qui m'a parl\u00e9 au plus profond de moi-m\u00eame.\r\n\r\nAinsi me suis-je trouv\u00e9e dans le po\u00e8me par une incessante recherche,  une mise \u00e0 nu comme \u00e0 la naissance pour une nouvelle naissance.\r\n\r\nC'est pour cela que je place la \" parole-po\u00e8me-action \" dans ma nouvelle vie trine  vein\u00e9e  de bleus \u00e0 l'\u00e2me de joie et d'afflictions.\r","authors":["Micheline Parmentier"],"category_codes":["1000000","1090000"],"visuals":{"large":"https:\/\/images.epagine.fr\/752\/9782874595752_1_75.jpg","medium":"https:\/\/images.epagine.fr\/752\/9782874595752_1_m.jpg","thumbnail":"https:\/\/images.epagine.fr\/752\/9782874595752_1_v.jpg"},"orderable":true,"show_badge":true,"formatted_price":"19,30&nbsp;\u20ac","formatted_published_date":"1er septembre 2011","publisher_availability_label":"Sur commande","short_details":"Micheline Parmentier \u2014 Chloe Des Lys","translator":null,"weight":150,"page_count":null,"readership":null,"editor":"Chloe Des Lys","price":1930,"published_date":"2011-08-31T22:00:00.000000Z","support":"Grand format","publisher_availability":1,"stock":0,"editions":[],"url":"https:\/\/quaidesbrumes.com\/ouvrage\/9782874595752\/paroles-nues"},{"id":"9782296553941","title":"Soupirs de l'\u00e2me","description":"Dans ce floril\u00e8ge (po\u00e8mes \u00e9crits entre 1998 et 2010), l'auteur nous sert quelques \u00e9manations de son \u00e2me, tant\u00f4t m\u00e9lancolique, enthousiaste, tant\u00f4t optimiste, humoriste et consolatrice voire prom\u00e9th\u00e9enne face \u00e0 la condition humaine et \u00e0 sa relation avec l'\u00eatre transcendantal.\r","authors":["Eustache Omgba ahanda"],"category_codes":["1000000","1090000"],"visuals":{"large":"https:\/\/images.epagine.fr\/941\/9782296553941_1_75.jpg","medium":"https:\/\/images.epagine.fr\/941\/9782296553941_1_m.jpg","thumbnail":"https:\/\/images.epagine.fr\/941\/9782296553941_1_v.jpg"},"orderable":true,"show_badge":true,"formatted_price":"12,00&nbsp;\u20ac","formatted_published_date":"22 juin 2011","publisher_availability_label":"Sur commande","short_details":"Eustache Omgba ahanda \u2014 \u00c9ditions L'Harmattan","translator":null,"weight":145,"page_count":106,"readership":null,"editor":"\u00c9ditions L'Harmattan","price":1200,"published_date":"2011-06-21T22:00:00.000000Z","support":"Grand format","publisher_availability":1,"stock":0,"editions":[],"url":"https:\/\/quaidesbrumes.com\/ouvrage\/9782296553941\/soupirs-de-lame"},{"id":"9782757001813","title":"Les cit\u00e9s magn\u00e9tiques","description":null,"authors":["Alain Crozier"],"category_codes":["1000000","1090000"],"visuals":{"large":"https:\/\/quaidesbrumes.com\/img\/book-placeholder.png","medium":"https:\/\/quaidesbrumes.com\/img\/book-placeholder.png","thumbnail":"https:\/\/quaidesbrumes.com\/img\/book-placeholder.png"},"orderable":true,"show_badge":true,"formatted_price":"12,00&nbsp;\u20ac","formatted_published_date":"18 mars 2010","publisher_availability_label":"Sur commande","short_details":"Alain Crozier \u2014 Jacques Andre","translator":null,"weight":90,"page_count":null,"readership":null,"editor":"Jacques Andre","price":1200,"published_date":"2010-03-17T23:00:00.000000Z","support":"Grand format","publisher_availability":1,"stock":0,"editions":["9782494465022"],"url":"https:\/\/quaidesbrumes.com\/ouvrage\/9782757001813\/les-cites-magnetiques"}]}