{"data":[{"id":"9782913040687","title":"Danser avec la sittelle - ficelle na 96","description":null,"authors":["Panorias- J.Persini"],"category_codes":["1000000","1090000"],"visuals":{"large":"https:\/\/quaidesbrumes.com\/img\/book-placeholder.png","medium":"https:\/\/quaidesbrumes.com\/img\/book-placeholder.png","thumbnail":"https:\/\/quaidesbrumes.com\/img\/book-placeholder.png"},"orderable":true,"show_badge":true,"formatted_price":"9,00&nbsp;\u20ac","formatted_published_date":"1er mai 2010","publisher_availability_label":"Sur commande","short_details":"Panorias- J.Persini \u2014 Atelier Vincent Rougier","translator":null,"weight":40,"page_count":null,"readership":null,"editor":"Atelier Vincent Rougier","price":900,"published_date":"2010-04-30T22:00:00.000000Z","support":"Grand format","publisher_availability":1,"stock":0,"editions":[],"url":"https:\/\/quaidesbrumes.com\/ouvrage\/9782913040687\/danser-avec-la-sittelle-ficelle-na-96"},{"id":"9782081348554","title":"L'homme qui marche","description":"Un po\u00e8me en onze s\u00e9quences sur l'osmose entre la vie et l'\u00e9criture dont il tente de percer les myst\u00e8res et les le\u00e7ons.\r","authors":["Claude Adelen"],"category_codes":["1000000","1090000"],"visuals":{"large":"https:\/\/images.epagine.fr\/554\/9782081348554_1_75.jpg","medium":"https:\/\/images.epagine.fr\/554\/9782081348554_1_m.jpg","thumbnail":"https:\/\/images.epagine.fr\/554\/9782081348554_1_v.jpg"},"orderable":true,"show_badge":true,"formatted_price":"20,00&nbsp;\u20ac","formatted_published_date":"4 mars 2015","publisher_availability_label":"Sur commande","short_details":"Claude Adelen \u2014 Flammarion","translator":null,"weight":262,"page_count":240,"readership":null,"editor":"Flammarion","price":2000,"published_date":"2015-03-03T23:00:00.000000Z","support":"Grand format","publisher_availability":1,"stock":0,"editions":[],"url":"https:\/\/quaidesbrumes.com\/ouvrage\/9782081348554\/lhomme-qui-marche"},{"id":"9782351520048","title":"De l\u2019amour, du soleil et des nuages","description":"Du soleil, de l'amour, des nuages,quels mots \u00e9l\u00e9gants pour dire que l'on a envie d'\u00eatre aim\u00e9, d'aimer, de ne pas \u00eattre seul. Voir la nature, lui parler, exprimer avec de l'humour chaque petit ennui de la vie, avoir le sourire, toujours le sourire et m\u00eame tourner en d\u00e9rision les \u00e9v\u00e8nements qui nous marquent d'un fer rouge, voil\u00e0 tout le portrait de Jeannine Barre-monthieux. Des po\u00e8mes pour rire, des vers pour pleurer, c'est tout l'automne d'une vie qui s'exprime dans ces pages que l'on veut lire et relire.\r","authors":["Jeannine Barre-monthieux"],"category_codes":["1000000","1090000"],"visuals":{"large":"https:\/\/images.epagine.fr\/048\/9782351520048_1_75.jpg","medium":"https:\/\/images.epagine.fr\/048\/9782351520048_1_m.jpg","thumbnail":"https:\/\/images.epagine.fr\/048\/9782351520048_1_v.jpg"},"orderable":true,"show_badge":true,"formatted_price":"15,00&nbsp;\u20ac","formatted_published_date":"15 janvier 2006","publisher_availability_label":"Sur commande","short_details":"Jeannine Barre-monthieux \u2014 Abm Courtomer","translator":null,"weight":420,"page_count":291,"readership":null,"editor":"Abm Courtomer","price":1500,"published_date":"2006-01-14T23:00:00.000000Z","support":"Grand format","publisher_availability":1,"stock":0,"editions":[],"url":"https:\/\/quaidesbrumes.com\/ouvrage\/9782351520048\/de-lamour-du-soleil-et-des-nuages"},{"id":"9782914945936","title":"Revue le Preau des collines Tome 9 ; lettres A.M.B.","description":null,"authors":["Mathieu B\u00e9n\u00e9zet"],"category_codes":["1000000","1090000"],"visuals":{"large":"https:\/\/quaidesbrumes.com\/img\/book-placeholder.png","medium":"https:\/\/quaidesbrumes.com\/img\/book-placeholder.png","thumbnail":"https:\/\/quaidesbrumes.com\/img\/book-placeholder.png"},"orderable":true,"show_badge":true,"formatted_price":"18,00&nbsp;\u20ac","formatted_published_date":"9 septembre 2008","publisher_availability_label":"Sur commande","short_details":"Mathieu B\u00e9n\u00e9zet \u2014 Le Preau Des Collines","translator":null,"weight":450,"page_count":null,"readership":null,"editor":"Le Preau Des Collines","price":1800,"published_date":"2008-09-08T22:00:00.000000Z","support":"Grand format","publisher_availability":1,"stock":0,"editions":[],"url":"https:\/\/quaidesbrumes.com\/ouvrage\/9782914945936\/revue-le-preau-des-collines-tome-9-lettres-amb"},{"id":"3760181390525","title":"Amants, heureux amants ; les plus beaux po\u00e8mes d'amour","description":null,"authors":["Collectif"],"category_codes":["1000000","1090000"],"visuals":{"large":"https:\/\/images.epagine.fr\/525\/3760181390525_1_75.jpg","medium":"https:\/\/images.epagine.fr\/525\/3760181390525_1_m.jpg","thumbnail":"https:\/\/images.epagine.fr\/525\/3760181390525_1_v.jpg"},"orderable":true,"show_badge":true,"formatted_price":"13,00&nbsp;\u20ac","formatted_published_date":"22 d\u00e9cembre 2010","publisher_availability_label":"Sur commande","short_details":"Collectif \u2014 Eponymes","translator":null,"weight":80,"page_count":null,"readership":null,"editor":"Eponymes","price":1300,"published_date":"2010-12-21T23:00:00.000000Z","support":"CD Audio","publisher_availability":1,"stock":0,"editions":[],"url":"https:\/\/quaidesbrumes.com\/ouvrage\/3760181390525\/amants-heureux-amants-les-plus-beaux-poemes-damour"},{"id":"9782368682531","title":"Silencieux man\u00e8ges ; silent carousels","description":"Les silencieux man\u00e8ges\r\n\r\nLe souffle court et le coeur aux dents\r\nDemain je marcherai sur cette route blanche\r\nQue je ne connais pas\r\nDemain je me pendrai jusqu'\u00e0 l'univers vague\r\nQue je ne comprends pas \r\nDemain je confondrai la raison et la nuit\r\nJ'arr\u00eaterai les pas sur une arri\u00e8re-pens\u00e9e\r\nLa trace me suivra dans sa conviction\r\nCet ultime horizon \u00e0 la fronti\u00e8re du vide\r\nNulle part contigu\u00eb qui jamais ne sera\r\nDemain pour te confondre toi que je ne connais pas\r\nCe po\u00e8me \u00e0 la main je t'imprime du ciel\r\nDe la cire je te sors duret\u00e9 de la forme\r\nEt du fond a\u00e9rien\r\nMon impression banale\r\nQui ne te sert \u00e0 rien\r\nRien qu'\u00e0 te rappeler que je ne fus ici\r\nQue ta ch\u00e8re exil\u00e9e\r\nCette aile que tu tiens entre tes dents avides\r\nT'arrache des soupirs une \u00e9toile fleurie\r\nBlanchissant de d\u00e9sirs\r\nLes silencieux man\u00e8ges","authors":["Mylene Catel"],"category_codes":["1000000","1090000"],"visuals":{"large":"https:\/\/images.epagine.fr\/531\/9782368682531_1_75.jpg","medium":"https:\/\/images.epagine.fr\/531\/9782368682531_1_m.jpg","thumbnail":"https:\/\/images.epagine.fr\/531\/9782368682531_1_v.jpg"},"orderable":true,"show_badge":true,"formatted_price":"15,00&nbsp;\u20ac","formatted_published_date":"12 mars 2014","publisher_availability_label":"Sur commande","short_details":"Mylene Catel \u2014 Stellamaris","translator":null,"weight":200,"page_count":144,"readership":null,"editor":"Stellamaris","price":1500,"published_date":"2014-03-11T23:00:00.000000Z","support":"Grand format","publisher_availability":1,"stock":0,"editions":[],"url":"https:\/\/quaidesbrumes.com\/ouvrage\/9782368682531\/silencieux-maneges-silent-carousels"},{"id":"9782918566267","title":"La porte","description":null,"authors":["Baurens Brigitte"],"category_codes":["1000000","1090000"],"visuals":{"large":"https:\/\/quaidesbrumes.com\/img\/book-placeholder.png","medium":"https:\/\/quaidesbrumes.com\/img\/book-placeholder.png","thumbnail":"https:\/\/quaidesbrumes.com\/img\/book-placeholder.png"},"orderable":true,"show_badge":true,"formatted_price":"15,00&nbsp;\u20ac","formatted_published_date":"12 juin 2012","publisher_availability_label":"Sur commande","short_details":"Baurens Brigitte \u2014 Filosphere","translator":null,"weight":190,"page_count":null,"readership":null,"editor":"Filosphere","price":1500,"published_date":"2012-06-11T22:00:00.000000Z","support":"Grand format","publisher_availability":1,"stock":0,"editions":[],"url":"https:\/\/quaidesbrumes.com\/ouvrage\/9782918566267\/la-porte"},{"id":"9791090150294","title":"Les pleurs de l'\u00e2me","description":"Que coule votre vin !\r\n\r\n\r\nQue j'aime votre \u00e9den d'o\u00f9 les nains sont proscrits !\r\n\u00d4 vous dont \u00c9rato, des rimes, est \u00e9prise ;\r\nChers princes de la lyre aux sublimes \u00e9crits,\r\nDe vos divins rayons si purs, l'azur s'irise.\r\n\r\nTel un d\u00e9vot brahman tout \u00e0 ses vers sanskrits,\r\nJe laisse l'\u00e2me errer pour go\u00fbter la pr\u00eatrise\r\nDe cet art \u00e9ternel dont l'or des manuscrits\r\nCoule en ruisseaux rid\u00e9s par une douce brise.\r\n\r\nVous qui faites chanter, soir et matin, les coeurs ;\r\nServez \u00e0 flots, sans fin, vos suaves liqueurs\r\nQue l'arbre de Bachus n'a gu\u00e8re dans ses grappes.\r\n\r\nVous seuls pouvez offrir \u00e0 tous les esprits sains\r\nDes festins plantureux, des r\u00e9gals de satrapes ...\r\nGloire \u00e0 vous, preux sorciers des mots, po\u00e8tes saints !","authors":["Flormed"],"category_codes":["1000000","1090000"],"visuals":{"large":"https:\/\/images.epagine.fr\/294\/9791090150294_1_75.jpg","medium":"https:\/\/images.epagine.fr\/294\/9791090150294_1_m.jpg","thumbnail":"https:\/\/images.epagine.fr\/294\/9791090150294_1_v.jpg"},"orderable":true,"show_badge":true,"formatted_price":"19,60&nbsp;\u20ac","formatted_published_date":"30 ao\u00fbt 2012","publisher_availability_label":"Sur commande","short_details":"Flormed \u2014 Stellamaris","translator":null,"weight":426,"page_count":355,"readership":null,"editor":"Stellamaris","price":1960,"published_date":"2012-08-29T22:00:00.000000Z","support":"Grand format","publisher_availability":1,"stock":0,"editions":[],"url":"https:\/\/quaidesbrumes.com\/ouvrage\/9791090150294\/les-pleurs-de-lame"},{"id":"9791090150355","title":"Au coeur de corinne","description":"J'ai voulu r\u00e9unir les po\u00e8mes d\u00e9di\u00e9s \u00e0 ma femme en un recueil car trois raisons l'imposaient :\r\n\r\nCorinne est une compagne d'une intelligence rare offrant, \u00e0 tout instant, son amour.\r\n\r\nElle est une Maman exceptionnelle.\r\n\r\nEt enfin ... Joyeux anniversaire, Corinne ! Je t'embrasse.","authors":["Patrick Montois orbel"],"category_codes":["1000000","1090000"],"visuals":{"large":"https:\/\/images.epagine.fr\/355\/9791090150355_1_75.jpg","medium":"https:\/\/images.epagine.fr\/355\/9791090150355_1_m.jpg","thumbnail":"https:\/\/images.epagine.fr\/355\/9791090150355_1_v.jpg"},"orderable":true,"show_badge":true,"formatted_price":"11,00&nbsp;\u20ac","formatted_published_date":"30 ao\u00fbt 2012","publisher_availability_label":"Sur commande","short_details":"Patrick Montois orbel \u2014 Stellamaris","translator":null,"weight":157,"page_count":123,"readership":null,"editor":"Stellamaris","price":1100,"published_date":"2012-08-29T22:00:00.000000Z","support":"Grand format","publisher_availability":1,"stock":0,"editions":[],"url":"https:\/\/quaidesbrumes.com\/ouvrage\/9791090150355\/au-coeur-de-corinne"},{"id":"9791090150270","title":"Po\u00e9mitude t.septieme","description":"Images\r\n\r\n\r\nMuse, n'aurais-tu vu ? La vo\u00fbte est \u00e9toil\u00e9e,\r\nLa nuit sera belle pour lever nos images,\r\nRegarde ce bleu sombre au-dessus des alpages,\r\nLes cieux sont rutilants, la lune n'est voil\u00e9e !\r\n\r\n\" Mon cher, ne suffit l'oeil, il faut aussi l'esprit\r\nPour voir beaucoup plus loin dans le noir horizon,\r\nAdmire et sens, \u00e9coute, \u00e9pluche ta raison,\r\nInspire \u00e0 pouvoir lire au mieux ce qu'il precrit ! \"\r\n\r\nMa douce je ne sais, accorde-moi l'id\u00e9e,\r\nSerais-je trop ben\u00eat pour comprendre cela ?\r\n\" Bon, va, ta pens\u00e9e est guid\u00e9e\r\nDe l\u00e0-haut, mais surtout, \u00e9vite l'au-del\u00e0 ! \"","authors":["Khris Anthelme"],"category_codes":["1000000","1090000"],"visuals":{"large":"https:\/\/images.epagine.fr\/270\/9791090150270_1_75.jpg","medium":"https:\/\/images.epagine.fr\/270\/9791090150270_1_m.jpg","thumbnail":"https:\/\/images.epagine.fr\/270\/9791090150270_1_v.jpg"},"orderable":true,"show_badge":true,"formatted_price":"14,80&nbsp;\u20ac","formatted_published_date":"30 ao\u00fbt 2012","publisher_availability_label":"Sur commande","short_details":"Khris Anthelme \u2014 Stellamaris","translator":null,"weight":197,"page_count":165,"readership":null,"editor":"Stellamaris","price":1480,"published_date":"2012-08-29T22:00:00.000000Z","support":"Grand format","publisher_availability":1,"stock":0,"editions":[],"url":"https:\/\/quaidesbrumes.com\/ouvrage\/9791090150270\/poemitude-tseptieme"},{"id":"9782917081037","title":"Latonnelle","description":null,"authors":["Maubre Francois"],"category_codes":["1000000","1090000"],"visuals":{"large":"https:\/\/quaidesbrumes.com\/img\/book-placeholder.png","medium":"https:\/\/quaidesbrumes.com\/img\/book-placeholder.png","thumbnail":"https:\/\/quaidesbrumes.com\/img\/book-placeholder.png"},"orderable":true,"show_badge":true,"formatted_price":"9,50&nbsp;\u20ac","formatted_published_date":"15 mars 2008","publisher_availability_label":"Sur commande","short_details":"Maubre Francois \u2014 Aspect","translator":null,"weight":140,"page_count":null,"readership":null,"editor":"Aspect","price":950,"published_date":"2008-03-14T23:00:00.000000Z","support":"Grand format","publisher_availability":1,"stock":0,"editions":[],"url":"https:\/\/quaidesbrumes.com\/ouvrage\/9782917081037\/latonnelle"},{"id":"9782312019512","title":"Retiens l'\u00e9ph\u00e9m\u00e8re !","description":"\u00ab Si d'aventure tu croises ce troubadour r\u00eaveur, Dont les gestes t'observent et le regard t'effleure, Dont la voix te murmure les minutes et les heures, Alors arr\u00eate-toi et laisse parler ton coeur.\r\n\r\nPrends cette main tendue, avance vers cette lumi\u00e8re, Oublie tes peurs, tes craintes, sois confiant et sinc\u00e8re, Ouvre tes yeux, respire, enivre toi, esp\u00e8re, Parle-lui d'\u00e2me-\u00e0-\u00e2me et retiens l'\u00e9ph\u00e9m\u00e8re ! \u00bb.\r","authors":["Christine Borel"],"category_codes":["1000000","1090000"],"visuals":{"large":"https:\/\/images.epagine.fr\/512\/9782312019512_1_75.jpg","medium":"https:\/\/images.epagine.fr\/512\/9782312019512_1_m.jpg","thumbnail":"https:\/\/images.epagine.fr\/512\/9782312019512_1_v.jpg"},"orderable":true,"show_badge":true,"formatted_price":"20,00&nbsp;\u20ac","formatted_published_date":"3 d\u00e9cembre 2014","publisher_availability_label":"Sur commande","short_details":"Christine Borel \u2014 Editions du Net","translator":null,"weight":145,"page_count":81,"readership":null,"editor":"Editions du Net","price":2000,"published_date":"2014-12-02T23:00:00.000000Z","support":"Grand format","publisher_availability":1,"stock":0,"editions":[],"url":"https:\/\/quaidesbrumes.com\/ouvrage\/9782312019512\/retiens-lephemere"},{"id":"9782924097182","title":"Therapie poetique","description":null,"authors":["Diarra Abou"],"category_codes":["1000000","1090000"],"visuals":{"large":"https:\/\/quaidesbrumes.com\/img\/book-placeholder.png","medium":"https:\/\/quaidesbrumes.com\/img\/book-placeholder.png","thumbnail":"https:\/\/quaidesbrumes.com\/img\/book-placeholder.png"},"orderable":true,"show_badge":true,"formatted_price":"20,00&nbsp;\u20ac","formatted_published_date":"5 novembre 2013","publisher_availability_label":"Sur commande","short_details":"Diarra Abou \u2014 Dhart","translator":null,"weight":132,"page_count":null,"readership":null,"editor":"Dhart","price":2000,"published_date":"2013-11-04T23:00:00.000000Z","support":"Grand format","publisher_availability":1,"stock":0,"editions":[],"url":"https:\/\/quaidesbrumes.com\/ouvrage\/9782924097182\/therapie-poetique"},{"id":"9782915120691","title":"Explorer l'incertain","description":"Dans ce livre, Marie-Claire Bancquart \u00e9voque ses ann\u00e9es fondatrices, et s'interroge sur les th\u00e9ories po\u00e9tiques \u00e9labor\u00e9es durant les ann\u00e9es qui suivirent la deuxi\u00e8me guerre mondiale.\r\nComment \u00eatre soi dans un monde de syst\u00e8mes qui se pr\u00e9sentent tous avec la force de l'\u00e9vidence ? Comment trouver son rythme po\u00e9tique dans un univers de r\u00e9f\u00e9rences \u00e9tablies, de r\u00e9v\u00e9rences quasi oblig\u00e9es ? Ainsi prend forme un livre \u00e9chappant \u00e0 toute cat\u00e9gorie r\u00e9pertori\u00e9e et tra\u00e7ant une voie personnelle, de libert\u00e9. S'y croisent analyses de textes et souvenirs, tous nourris par un grand d\u00e9sir d'\u00e9criture.\r\nLa deuxi\u00e8me partie du livre accueille un tr\u00e8s long po\u00e8me symphonique : Babel, o\u00f9 la musique du verbe donne tout son sens \u00e0 la premi\u00e8re partie.\r","authors":["Marie-Claire Bancquart"],"category_codes":["1000000","1090000"],"visuals":{"large":"https:\/\/images.epagine.fr\/691\/9782915120691_1_75.jpg","medium":"https:\/\/images.epagine.fr\/691\/9782915120691_1_m.jpg","thumbnail":"https:\/\/images.epagine.fr\/691\/9782915120691_1_v.jpg"},"orderable":true,"show_badge":true,"formatted_price":"12,00&nbsp;\u20ac","formatted_published_date":"15 juin 2010","publisher_availability_label":"Sur commande","short_details":"Marie-Claire Bancquart \u2014 L'Amourier","translator":null,"weight":140,"page_count":98,"readership":null,"editor":"L'Amourier","price":1200,"published_date":"2010-06-14T22:00:00.000000Z","support":"Grand format","publisher_availability":1,"stock":0,"editions":[],"url":"https:\/\/quaidesbrumes.com\/ouvrage\/9782915120691\/explorer-lincertain"},{"id":"9782350340326","title":"De Villon \u00e0 Cocteau","description":null,"authors":["Collectif"],"category_codes":["1000000","1090000"],"visuals":{"large":"https:\/\/quaidesbrumes.com\/img\/book-placeholder.png","medium":"https:\/\/quaidesbrumes.com\/img\/book-placeholder.png","thumbnail":"https:\/\/quaidesbrumes.com\/img\/book-placeholder.png"},"orderable":true,"show_badge":true,"formatted_price":"10,00&nbsp;\u20ac","formatted_published_date":"21 juillet 2009","publisher_availability_label":"Sur commande","short_details":"Collectif \u2014 Eponymes","translator":null,"weight":100,"page_count":null,"readership":null,"editor":"Eponymes","price":1000,"published_date":"2009-07-20T22:00:00.000000Z","support":"CD Audio","publisher_availability":1,"stock":0,"editions":[],"url":"https:\/\/quaidesbrumes.com\/ouvrage\/9782350340326\/de-villon-a-cocteau"},{"id":"9782874594168","title":"Meandres","description":null,"authors":["Daniel Stir"],"category_codes":["1000000","1090000"],"visuals":{"large":"https:\/\/quaidesbrumes.com\/img\/book-placeholder.png","medium":"https:\/\/quaidesbrumes.com\/img\/book-placeholder.png","thumbnail":"https:\/\/quaidesbrumes.com\/img\/book-placeholder.png"},"orderable":true,"show_badge":true,"formatted_price":"16,40&nbsp;\u20ac","formatted_published_date":"1er d\u00e9cembre 2009","publisher_availability_label":"Sur commande","short_details":"Daniel Stir \u2014 Chloe Des Lys","translator":null,"weight":150,"page_count":null,"readership":null,"editor":"Chloe Des Lys","price":1640,"published_date":"2009-11-30T23:00:00.000000Z","support":"Grand format","publisher_availability":1,"stock":0,"editions":[],"url":"https:\/\/quaidesbrumes.com\/ouvrage\/9782874594168\/meandres"},{"id":"9782847123548","title":"La fee de tortaigne - legendes du maine","description":null,"authors":["De Castellan Therese"],"category_codes":["1000000","1090000"],"visuals":{"large":"https:\/\/images.epagine.fr\/548\/9782847123548_1_75.jpg","medium":"https:\/\/images.epagine.fr\/548\/9782847123548_1_m.jpg","thumbnail":"https:\/\/images.epagine.fr\/548\/9782847123548_1_v.jpg"},"orderable":true,"show_badge":true,"formatted_price":"8,00&nbsp;\u20ac","formatted_published_date":"9 octobre 2012","publisher_availability_label":"Sur commande","short_details":"De Castellan Therese \u2014 Petit Pave","translator":null,"weight":80,"page_count":null,"readership":null,"editor":"Petit Pave","price":800,"published_date":"2012-10-08T22:00:00.000000Z","support":"Grand format","publisher_availability":1,"stock":0,"editions":[],"url":"https:\/\/quaidesbrumes.com\/ouvrage\/9782847123548\/la-fee-de-tortaigne-legendes-du-maine"},{"id":"9782296102859","title":"Le pacte ; recueil de po\u00e8mes","description":"Ce Pacte n'est pas qu'un simple recueil de po\u00e8mes, c'est surtout un m\u00e9lange d'amour, d'exhortation et de deuil. Un amour de sa patrie qu'il se d\u00e9sole de voir perdurer dans une instabilit\u00e9 dont les causes \u00e9chappent \u00e0 plus d'un. C'est aussi un amour d\u00e9clar\u00e9 \u00e0 ses proches, \u00e0 la m\u00e8re Afrique et \u00e0 la beaut\u00e9 de la femme.\r","authors":["Joslain Dj\u00e9ria"],"category_codes":["1000000","1090000"],"visuals":{"large":"https:\/\/images.epagine.fr\/859\/9782296102859_1_75.jpg","medium":"https:\/\/images.epagine.fr\/859\/9782296102859_1_m.jpg","thumbnail":"https:\/\/images.epagine.fr\/859\/9782296102859_1_v.jpg"},"orderable":true,"show_badge":true,"formatted_price":"11,00&nbsp;\u20ac","formatted_published_date":"10 novembre 2010","publisher_availability_label":"Sur commande","short_details":"Joslain Dj\u00e9ria \u2014 \u00c9ditions L'Harmattan","translator":null,"weight":90,"page_count":58,"readership":null,"editor":"\u00c9ditions L'Harmattan","price":1100,"published_date":"2010-11-09T23:00:00.000000Z","support":"Grand format","publisher_availability":1,"stock":0,"editions":[],"url":"https:\/\/quaidesbrumes.com\/ouvrage\/9782296102859\/le-pacte-recueil-de-poemes"},{"id":"9782352081036","title":"Femme, passerelle d'\u00e9ternit\u00e9","description":"Recueil de 37 po\u00e8mes illustr\u00e9s de dessins au crayon de Jean-Loup ULRICH.\r\n\u00c9crit pour les femmes, bien des hommes peuvent le lire avec profit et l'offrir ensuite \u00e0 l'\u00e9lue de leur coeur.\r\nMarque page format carte postale avec textes selon pdf ci dessous pour expression sentiments...\r","authors":["Marcello"],"category_codes":["1000000","1090000"],"visuals":{"large":"https:\/\/images.epagine.fr\/036\/9782352081036_1_75.jpg","medium":"https:\/\/images.epagine.fr\/036\/9782352081036_1_m.jpg","thumbnail":"https:\/\/images.epagine.fr\/036\/9782352081036_1_v.jpg"},"orderable":true,"show_badge":true,"formatted_price":"17,00&nbsp;\u20ac","formatted_published_date":"26 septembre 2012","publisher_availability_label":"Sur commande","short_details":"Marcello \u2014 Bord Du Lot","translator":null,"weight":180,"page_count":null,"readership":null,"editor":"Bord Du Lot","price":1700,"published_date":"2012-09-25T22:00:00.000000Z","support":"Grand format","publisher_availability":1,"stock":0,"editions":[],"url":"https:\/\/quaidesbrumes.com\/ouvrage\/9782352081036\/femme-passerelle-deternite"},{"id":"9782336006307","title":"Faits et pens\u00e9es de l'autruche endimanch\u00e9e ; des rimes et d\u00e9raisons","description":"Faire l'autruche serait-il le propre de l'homme ? A voir ce que l'on voit, on pourrait le penser. Pourtant, note l'auteur avec sagacit\u00e9, il est un mammif\u00e8re... D'ailleurs viendrait-il \u00e0 l'id\u00e9e d'une autruche de faire l'homme ? Ces questions profondes traversent une chronique dont le caract\u00e8re autobiographique se r\u00e9v\u00e8le dans la d\u00e9rision du propos... L'auteur para\u00eet le plus s\u00e9rieux quand il nous livre ses r\u00e9flexions et po\u00e9tise sur la rime et les vers.\r","authors":["Jean-claude Morera"],"category_codes":["1000000","1090000"],"visuals":{"large":"https:\/\/images.epagine.fr\/307\/9782336006307_1_75.jpg","medium":"https:\/\/images.epagine.fr\/307\/9782336006307_1_m.jpg","thumbnail":"https:\/\/images.epagine.fr\/307\/9782336006307_1_v.jpg"},"orderable":true,"show_badge":true,"formatted_price":"11,00&nbsp;\u20ac","formatted_published_date":"12 novembre 2012","publisher_availability_label":"Sur commande","short_details":"Jean-claude Morera \u2014 \u00c9ditions L'Harmattan","translator":null,"weight":100,"page_count":60,"readership":null,"editor":"\u00c9ditions L'Harmattan","price":1100,"published_date":"2012-11-11T23:00:00.000000Z","support":"Grand format","publisher_availability":1,"stock":0,"editions":[],"url":"https:\/\/quaidesbrumes.com\/ouvrage\/9782336006307\/faits-et-pensees-de-lautruche-endimanchee-des-rimes-et-deraisons"},{"id":"9782911648793","title":"\u00e9loge du typhon","description":null,"authors":["Durs Gr\u00fcnbein"],"category_codes":["1000000","1090000"],"visuals":{"large":"https:\/\/quaidesbrumes.com\/img\/book-placeholder.png","medium":"https:\/\/quaidesbrumes.com\/img\/book-placeholder.png","thumbnail":"https:\/\/quaidesbrumes.com\/img\/book-placeholder.png"},"orderable":true,"show_badge":true,"formatted_price":"16,00&nbsp;\u20ac","formatted_published_date":"22 septembre 2014","publisher_availability_label":"Sur commande","short_details":"Durs Gr\u00fcnbein \u2014 Grand Tetras","translator":null,"weight":210,"page_count":null,"readership":null,"editor":"Grand Tetras","price":1600,"published_date":"2014-09-21T22:00:00.000000Z","support":"Grand format","publisher_availability":1,"stock":0,"editions":[],"url":"https:\/\/quaidesbrumes.com\/ouvrage\/9782911648793\/eloge-du-typhon"},{"id":"9782332466020","title":"Parenthese poetique","description":"\u00abPour pouvoir acc\u00e9der \u00e0 un po\u00e8me, il faut savoir se hisser \u00e0 son niveau de sensibilit\u00e9...\u00bb Entrez dans l'univers d?Alexis Gsell, laissez-vous conter ses premiers pas, ses magnifiques \u00e9vasions, puis l'histoire des quatre Princes. D\u00e9couvrez dans ce premier recueil de po\u00e9sies un romantisme aujourd'hui perdu, mais qui a trouv\u00e9 un nouveau d\u00e9fenseur. Qu'il semble bon de r\u00eaver...\r","authors":["Alexis Gsell"],"category_codes":["1000000","1090000"],"visuals":{"large":"https:\/\/images.epagine.fr\/020\/9782332466020_1_75.jpg","medium":"https:\/\/images.epagine.fr\/020\/9782332466020_1_m.jpg","thumbnail":"https:\/\/images.epagine.fr\/020\/9782332466020_1_v.jpg"},"orderable":true,"show_badge":true,"formatted_price":"10,00&nbsp;\u20ac","formatted_published_date":"1er septembre 2011","publisher_availability_label":"Sur commande","short_details":"Alexis Gsell \u2014 Edilivre","translator":null,"weight":80,"page_count":null,"readership":null,"editor":"Edilivre","price":1000,"published_date":"2011-08-31T22:00:00.000000Z","support":"Grand format","publisher_availability":1,"stock":0,"editions":[],"url":"https:\/\/quaidesbrumes.com\/ouvrage\/9782332466020\/parenthese-poetique"},{"id":"9782140267635","title":"En changeant d'horizon","description":"Avec ce recueil, Renaud Vigier poursuit son oeuvre po\u00e9tique initi\u00e9e par F\u00fcr Immer. Il poursuit un voyage, \u00e9toffe un dialogue \u00e0 la fois po\u00e9tique et philosophique au coeur d'un personnage hant\u00e9 par ses d\u00e9mons, perdu dans un monde r\u00e9solument moderne, dont l'aboutissement m\u00e8ne aux portes des \u00e9motions les plus exacerb\u00e9es. Et ce malgr\u00e9 la qu\u00eate d'un espoir sinc\u00e8re... Empreint de Romantisme Noir, l'auteur nous emm\u00e8ne aux confins de la Po\u00e9sie. Il explore des formes allant de la po\u00e9sie en prose \u00e0 la versification libre. Dans ce livre, une cl\u00e9 est dissimul\u00e9e, une cl\u00e9 pour changer d'horizon. Saurez-vous la d\u00e9couvrir ?","authors":["Renaud Vigier"],"category_codes":["1000000","1090000","1090600"],"visuals":{"large":"https:\/\/images.epagine.fr\/635\/9782140267635_1_75.jpg","medium":"https:\/\/images.epagine.fr\/635\/9782140267635_1_m.jpg","thumbnail":"https:\/\/images.epagine.fr\/635\/9782140267635_1_v.jpg"},"orderable":true,"show_badge":true,"formatted_price":"14,00&nbsp;\u20ac","formatted_published_date":"12 juillet 2022","publisher_availability_label":"Sur commande","short_details":"Renaud Vigier \u2014 \u00c9ditions L'Harmattan","translator":null,"weight":168,"page_count":120,"readership":null,"editor":"\u00c9ditions L'Harmattan","price":1400,"published_date":"2022-07-11T22:00:00.000000Z","support":"Grand format","publisher_availability":1,"stock":0,"editions":[],"url":"https:\/\/quaidesbrumes.com\/ouvrage\/9782140267635\/en-changeant-dhorizon"},{"id":"9782359561975","title":"Respirer si possible","description":"Un accident de la circulation, plus de trois mois d'hospitalisation : l'auteur a fr\u00f4l\u00e9 le pire, mais son besoin  d'\u00e9vasion - et de consolation - est impossible \u00e0 rassasier. Cette \u00e9vasion, certes mentale, sera cependant la  condition de sa survie. Le r\u00e9cit est reli\u00e9 au souvenir pr\u00e9cis de ces jours et de ces nuits pass\u00e9s avec chacune  des deux inspiratrices du narrateur, des bords de la Creuse aux rives du L\u00e9man, des ruines romaines aux  rues de Levens ou de Grenoble, sur l'esplanade du mus\u00e9e Matisse \u00e0 Nice, dans le lit d'un torrent  montagneux qui traverse Entraunes, sur les plages de Villefranche-sur-Mer ou dans les jardins de la  Fondation Pierre Gianadda en Suisse.\r\nMaurice Guerrin a choisi d'accompagner ses po\u00e8mes contemporains par des illustrations r\u00e9alistes ou  imaginaires. Ce parcours est vari\u00e9, parfois lumineux, parfois sombre. Il n'est pas sans danger pour celui  qui l'a entrepris.","authors":["Maurice Guerrin"],"category_codes":["1000000","1090000","1090600"],"visuals":{"large":"https:\/\/images.epagine.fr\/975\/9782359561975_1_75.jpg","medium":"https:\/\/images.epagine.fr\/975\/9782359561975_1_m.jpg","thumbnail":"https:\/\/images.epagine.fr\/975\/9782359561975_1_v.jpg"},"orderable":true,"show_badge":true,"formatted_price":"16,50&nbsp;\u20ac","formatted_published_date":"5 octobre 2023","publisher_availability_label":"Sur commande","short_details":"Maurice Guerrin \u2014 \u00c9ditions Gilletta","translator":null,"weight":0,"page_count":128,"readership":null,"editor":"\u00c9ditions Gilletta","price":1650,"published_date":"2023-10-04T22:00:00.000000Z","support":"Grand format","publisher_availability":1,"stock":0,"editions":[],"url":"https:\/\/quaidesbrumes.com\/ouvrage\/9782359561975\/respirer-si-possible"}]}