{"data":[{"id":"9782849243367","title":"Cahiers etoiles d'une legende","description":null,"authors":["Caroutch F."],"category_codes":["1000000","1090000"],"visuals":{"large":"https:\/\/images.epagine.fr\/367\/9782849243367_1_75.jpg","medium":"https:\/\/images.epagine.fr\/367\/9782849243367_1_m.jpg","thumbnail":"https:\/\/images.epagine.fr\/367\/9782849243367_1_v.jpg"},"orderable":true,"show_badge":true,"formatted_price":"10,00&nbsp;\u20ac","formatted_published_date":"16 septembre 2013","publisher_availability_label":"Sur commande","short_details":"Caroutch F. \u2014 Editions Du Cygne","translator":null,"weight":150,"page_count":null,"readership":null,"editor":"Editions Du Cygne","price":1000,"published_date":"2013-09-15T22:00:00.000000Z","support":"Grand format","publisher_availability":1,"stock":0,"editions":[],"url":"https:\/\/quaidesbrumes.com\/ouvrage\/9782849243367\/cahiers-etoiles-dune-legende"},{"id":"9782720011726","title":"Cantiques inesperes. postface de pierre brunel : le regard en avant","description":null,"authors":["Sobhi Habchi"],"category_codes":["1000000","1090000"],"visuals":{"large":"https:\/\/quaidesbrumes.com\/img\/book-placeholder.png","medium":"https:\/\/quaidesbrumes.com\/img\/book-placeholder.png","thumbnail":"https:\/\/quaidesbrumes.com\/img\/book-placeholder.png"},"orderable":true,"show_badge":true,"formatted_price":"25,00&nbsp;\u20ac","formatted_published_date":"20 avril 2009","publisher_availability_label":"Sur commande","short_details":"Sobhi Habchi \u2014 Jean Maisonneuve","translator":null,"weight":360,"page_count":null,"readership":null,"editor":"Jean Maisonneuve","price":2500,"published_date":"2009-04-19T22:00:00.000000Z","support":"Grand format","publisher_availability":1,"stock":0,"editions":[],"url":"https:\/\/quaidesbrumes.com\/ouvrage\/9782720011726\/cantiques-inesperes-postface-de-pierre-brunel-le-regard-en-avant"},{"id":"9782854464382","title":"Po\u00e8tes de chiapas","description":null,"authors":["Claude Couffon"],"category_codes":["1000000","1090000"],"visuals":{"large":"https:\/\/images.epagine.fr\/382\/9782854464382_1_75.jpg","medium":"https:\/\/images.epagine.fr\/382\/9782854464382_1_m.jpg","thumbnail":"https:\/\/images.epagine.fr\/382\/9782854464382_1_v.jpg"},"orderable":true,"show_badge":true,"formatted_price":"18,00&nbsp;\u20ac","formatted_published_date":"1er f\u00e9vrier 2008","publisher_availability_label":"Sur commande","short_details":"Claude Couffon \u2014 Caracteres","translator":null,"weight":170,"page_count":110,"readership":null,"editor":"Caracteres","price":1800,"published_date":"2008-01-31T23:00:00.000000Z","support":"Grand format","publisher_availability":1,"stock":0,"editions":[],"url":"https:\/\/quaidesbrumes.com\/ouvrage\/9782854464382\/poetes-de-chiapas"},{"id":"9782296554191","title":"Le silence de Dieu","description":"Bien que l'Homme beugle, le Roi de l'azur dort \/ Flegmatiquement dans le berceau d'oraisons \/ Que l'on p\u00e9trit \u00e0 l'\u00e9glise quand on l'adore \/ Ou quand on le prie isol\u00e9 dans sa maison. \/ \u00d4 merles de cadres, \u00f4 rapaces int\u00e8gres, \/ Vous qui d\u00e9tenez, ratiboisez, rendez maigres... \/ Les bourses du pays, vous d\u00e9veloppez le pays!\r","authors":["Tayamaou Egu\u00e9"],"category_codes":["1000000","1090000"],"visuals":{"large":"https:\/\/images.epagine.fr\/191\/9782296554191_1_75.jpg","medium":"https:\/\/images.epagine.fr\/191\/9782296554191_1_m.jpg","thumbnail":"https:\/\/images.epagine.fr\/191\/9782296554191_1_v.jpg"},"orderable":true,"show_badge":true,"formatted_price":"12,00&nbsp;\u20ac","formatted_published_date":"5 juillet 2011","publisher_availability_label":"Sur commande","short_details":"Tayamaou Egu\u00e9 \u2014 \u00c9ditions L'Harmattan","translator":null,"weight":135,"page_count":102,"readership":null,"editor":"\u00c9ditions L'Harmattan","price":1200,"published_date":"2011-07-04T22:00:00.000000Z","support":"Grand format","publisher_availability":1,"stock":0,"editions":[],"url":"https:\/\/quaidesbrumes.com\/ouvrage\/9782296554191\/le-silence-de-dieu"},{"id":"9782878677072","title":"Tournelune","description":null,"authors":["Hubert Vittet"],"category_codes":["1000000","1090000"],"visuals":{"large":"https:\/\/quaidesbrumes.com\/img\/book-placeholder.png","medium":"https:\/\/quaidesbrumes.com\/img\/book-placeholder.png","thumbnail":"https:\/\/quaidesbrumes.com\/img\/book-placeholder.png"},"orderable":true,"show_badge":true,"formatted_price":"12,00&nbsp;\u20ac","formatted_published_date":"31 janvier 2006","publisher_availability_label":"Sur commande","short_details":"Hubert Vittet \u2014 Presses Du Midi","translator":null,"weight":144,"page_count":null,"readership":null,"editor":"Presses Du Midi","price":1200,"published_date":"2006-01-30T23:00:00.000000Z","support":"Grand format","publisher_availability":1,"stock":0,"editions":[],"url":"https:\/\/quaidesbrumes.com\/ouvrage\/9782878677072\/tournelune"},{"id":"9782915879810","title":"Vingt-deux lignes ; cahier 100","description":"Depuis cinquante ans, Bernard Collin \u00e9crit 22 lignes par jour.\r\nUn travail qui est le soubassement de toute son oeuvre en prose po\u00e9tique, salu\u00e9e en son temps par Henri Michaux. \u00c0 titre exemplaire, il fait para\u00eetre le 100e cahier de cet exercice quotidien d'\u00e9criture. Le livre Sous la forme de courts articles \u00e9crits au jour le jour, les \" lignes \" de Bernard Collin tracent les contours d'une vie tout enti\u00e8re irrigu\u00e9e par l'art et la litt\u00e9rature. Elles nous parlent d'un monde fait de bifurcations, o\u00f9 la langue dialogue tout autant avec la Bible qu'avec le chant des oiseaux. Un monde qui fait aussi la part belle aux \u00e9v\u00e9nements quotidiens. De cette prose po\u00e9tique il \u00e9mane une joie et une \u00e9motion r\u00e9sultant d'une syntaxe sophistiqu\u00e9e et fantasque, o\u00f9 le sens, le raisonnement et le plaisir du texte rivalisent. Plus encore que dans les autres livres de l'auteur, cette aventure du langage nous donne acc\u00e8s avec \u00e9l\u00e9gance et humour \u00e0 un art de vivre. Les auteurs Bernard Collin, n\u00e9 en 1927, a publi\u00e9 dans les revues NRF, Mercure de France, Les Cahiers de l'Herne, etc. Auteur de nombreux ouvrages, il a fait para\u00eetre en 2008 Avalois, chez Chandeigne. Selon le principe de cette collection, Vingt-deux lignes. Cahier 100 est postfac\u00e9 par Pierre Vilar, professeur de litt\u00e9rature \u00e0 Paris-VII, sp\u00e9cialiste d'Henri Michaux et de Michel Leiris.\r","authors":["Bernard Collin"],"category_codes":["1000000","1090000"],"visuals":{"large":"https:\/\/images.epagine.fr\/810\/9782915879810_1_75.jpg","medium":"https:\/\/images.epagine.fr\/810\/9782915879810_1_m.jpg","thumbnail":"https:\/\/images.epagine.fr\/810\/9782915879810_1_v.jpg"},"orderable":true,"show_badge":true,"formatted_price":"12,00&nbsp;\u20ac","formatted_published_date":"21 octobre 2010","publisher_availability_label":"Sur commande","short_details":"Bernard Collin \u2014 Les petits matins","translator":null,"weight":155,"page_count":null,"readership":null,"editor":"Les petits matins","price":1200,"published_date":"2010-10-20T22:00:00.000000Z","support":"Grand format","publisher_availability":1,"stock":0,"editions":[],"url":"https:\/\/quaidesbrumes.com\/ouvrage\/9782915879810\/vingt-deux-lignes-cahier-100"},{"id":"9782874596704","title":"Les enfants du grand jardin","description":null,"authors":["Carine-Laure Desguin"],"category_codes":["1000000","1090000"],"visuals":{"large":"https:\/\/images.epagine.fr\/704\/9782874596704_1_75.jpg","medium":"https:\/\/images.epagine.fr\/704\/9782874596704_1_m.jpg","thumbnail":"https:\/\/images.epagine.fr\/704\/9782874596704_1_v.jpg"},"orderable":true,"show_badge":true,"formatted_price":"20,70&nbsp;\u20ac","formatted_published_date":"1er septembre 2012","publisher_availability_label":"Sur commande","short_details":"Carine-Laure Desguin \u2014 Chloe Des Lys","translator":null,"weight":150,"page_count":189,"readership":null,"editor":"Chloe Des Lys","price":2070,"published_date":"2012-08-31T22:00:00.000000Z","support":"Grand format","publisher_availability":1,"stock":0,"editions":[],"url":"https:\/\/quaidesbrumes.com\/ouvrage\/9782874596704\/les-enfants-du-grand-jardin"},{"id":"9782874597107","title":"D\u00e9luges et embellies","description":"Ce sont des po\u00e9sies en vers libres qui battent au rythme du coeur, et qui s'articulent autour des quatre saisons.  Chaque po\u00e9sie est une petite lucarne, par laquelle le lecteur est invit\u00e9 \u00e0 y passer sa t\u00eate ... ou son coeur !  D\u00e9luges et Embellies, c'est une invitation \u00e0 se faire du bien, \u00e0 se laisser griser par le vent qui passe, \u00e0 y d\u00e9couvrir la vie dans tous ses \u00e9tats, avec ses d\u00e9luges . et ses embellies !  Des portraits, des requ\u00eates, des \u00e9motions, des arr\u00eats sur image, des respirations.\r","authors":["Nathalie Wargnies"],"category_codes":["1000000","1090000"],"visuals":{"large":"https:\/\/images.epagine.fr\/107\/9782874597107_1_75.jpg","medium":"https:\/\/images.epagine.fr\/107\/9782874597107_1_m.jpg","thumbnail":"https:\/\/images.epagine.fr\/107\/9782874597107_1_v.jpg"},"orderable":true,"show_badge":true,"formatted_price":"15,00&nbsp;\u20ac","formatted_published_date":"2 mai 2013","publisher_availability_label":"Sur commande","short_details":"Nathalie Wargnies \u2014 Chloe Des Lys","translator":null,"weight":150,"page_count":null,"readership":null,"editor":"Chloe Des Lys","price":1500,"published_date":"2013-05-01T22:00:00.000000Z","support":"Grand format","publisher_availability":1,"stock":0,"editions":[],"url":"https:\/\/quaidesbrumes.com\/ouvrage\/9782874597107\/deluges-et-embellies"},{"id":"9782350340340","title":"R\u00e9cital","description":null,"authors":["Jean-marc Tennberg"],"category_codes":["1000000","1090000"],"visuals":{"large":"https:\/\/quaidesbrumes.com\/img\/book-placeholder.png","medium":"https:\/\/quaidesbrumes.com\/img\/book-placeholder.png","thumbnail":"https:\/\/quaidesbrumes.com\/img\/book-placeholder.png"},"orderable":true,"show_badge":true,"formatted_price":"10,00&nbsp;\u20ac","formatted_published_date":"13 avril 2006","publisher_availability_label":"Sur commande","short_details":"Jean-marc Tennberg \u2014 Eponymes","translator":null,"weight":100,"page_count":null,"readership":null,"editor":"Eponymes","price":1000,"published_date":"2006-04-12T22:00:00.000000Z","support":"CD Audio","publisher_availability":1,"stock":0,"editions":[],"url":"https:\/\/quaidesbrumes.com\/ouvrage\/9782350340340\/recital"},{"id":"9782874594212","title":"50 nocturnes baroques","description":null,"authors":["Kurz Jean"],"category_codes":["1000000","1090000"],"visuals":{"large":"https:\/\/quaidesbrumes.com\/img\/book-placeholder.png","medium":"https:\/\/quaidesbrumes.com\/img\/book-placeholder.png","thumbnail":"https:\/\/quaidesbrumes.com\/img\/book-placeholder.png"},"orderable":true,"show_badge":true,"formatted_price":"17,90&nbsp;\u20ac","formatted_published_date":"1er d\u00e9cembre 2009","publisher_availability_label":"Sur commande","short_details":"Kurz Jean \u2014 Chloe Des Lys","translator":null,"weight":150,"page_count":null,"readership":null,"editor":"Chloe Des Lys","price":1790,"published_date":"2009-11-30T23:00:00.000000Z","support":"Grand format","publisher_availability":1,"stock":0,"editions":[],"url":"https:\/\/quaidesbrumes.com\/ouvrage\/9782874594212\/50-nocturnes-baroques"},{"id":"9782296070646","title":"Pour Edith ; po\u00e9sies et t\u00e9moignages","description":"\"Fille de chef d'Etat, \u00e9pouse de chef d'Etat, ainsi tu as v\u00e9cu, destin quasi unique dans l'Afrique d'aujourd'hui et m\u00eame au-del\u00e0...\" Des po\u00e8tes du Congo, du Gabon et d'ailleurs se sont unis pour t\u00e9moigner du combat contre la mis\u00e8re d'Edith. Ils ont rassembl\u00e9 leurs po\u00e8mes, \u00e9rigeant une \u00e9loge \u00e0 la mesure de celle qui s'est impos\u00e9e au fil du temps comme une figure luttant pour une humanit\u00e9 d'esp\u00e9rance et de joie, en un sublime concert qui  la c\u00e9l\u00e9brera pour toujours.\r","authors":["Anatole Collinet-makosso"],"category_codes":["1000000","1090000"],"visuals":{"large":"https:\/\/images.epagine.fr\/646\/9782296070646_1_75.jpg","medium":"https:\/\/images.epagine.fr\/646\/9782296070646_1_m.jpg","thumbnail":"https:\/\/images.epagine.fr\/646\/9782296070646_1_v.jpg"},"orderable":true,"show_badge":true,"formatted_price":"18,00&nbsp;\u20ac","formatted_published_date":"3 juin 2009","publisher_availability_label":"Sur commande","short_details":"Anatole Collinet-makosso \u2014 \u00c9ditions L'Harmattan","translator":null,"weight":220,"page_count":null,"readership":null,"editor":"\u00c9ditions L'Harmattan","price":1800,"published_date":"2009-06-02T22:00:00.000000Z","support":"Grand format","publisher_availability":1,"stock":0,"editions":[],"url":"https:\/\/quaidesbrumes.com\/ouvrage\/9782296070646\/pour-edith-poesies-et-temoignages"},{"id":"9782353712847","title":"O futur","description":"Comme au sortir d'un r\u00eave agit\u00e9 : le burlesque d'un th\u00e9\u00e2tre intime en quatorze stations christiques - parades abstraites, d\u00e9risoire gymnastique de signes s\u00e9nescents, sans abri possible.\r\nPhasme : insecte ultra-moderne.\r\nSon corps comme figure du futur dont l'invocation r\u00e9v\u00e8le un assombrissement panique, une liturgie sans chair - tandis que dans le monde se d\u00e9ploient des puissances insaisissables : leurs contours jaillissent \u00e7a et l\u00e0 en froides d\u00e9flagrations.\r\nLe po\u00e8me doit alors admettre la fiction pure que constitue le r\u00e9el, se plier \u00e0 une \u00e9vidence int\u00e9rieure. Elle d\u00e9coule du d\u00e9sarroi des langues \u00e0 en rendre compte. Question d'\u00e9conomie : la forme neutre triomphe, l'\u00eatre-chose multiplie ses niches, la terreur d\u00e9terre ses r\u00e9seaux.\r\nPar les fissures de la nuit, nous entrevoyons des mouvements, des remuements - germes d'une nouvelle endurance, d'une confiance retrouv\u00e9e.\r\nCorps fant\u00f4me et Eboulis ont \u00e9t\u00e9 revisit\u00e9s apr\u00e8s une premi\u00e8re parution en revue - respectivement Thauma et Voix d'Encre.\r","authors":["Herv\u00e9 Planquois"],"category_codes":["1000000","1090000"],"visuals":{"large":"https:\/\/quaidesbrumes.com\/img\/book-placeholder.png","medium":"https:\/\/quaidesbrumes.com\/img\/book-placeholder.png","thumbnail":"https:\/\/quaidesbrumes.com\/img\/book-placeholder.png"},"orderable":true,"show_badge":true,"formatted_price":"10,00&nbsp;\u20ac","formatted_published_date":"23 mai 2013","publisher_availability_label":"Sur commande","short_details":"Herv\u00e9 Planquois \u2014 Lucie","translator":null,"weight":65,"page_count":104,"readership":null,"editor":"Lucie","price":1000,"published_date":"2013-05-22T22:00:00.000000Z","support":"Grand format","publisher_availability":1,"stock":0,"editions":[],"url":"https:\/\/quaidesbrumes.com\/ouvrage\/9782353712847\/o-futur"},{"id":"9782350340357","title":"C'est \u00e7a la po\u00e9sie","description":null,"authors":["Eve Griliquez"],"category_codes":["1000000","1090000"],"visuals":{"large":"https:\/\/quaidesbrumes.com\/img\/book-placeholder.png","medium":"https:\/\/quaidesbrumes.com\/img\/book-placeholder.png","thumbnail":"https:\/\/quaidesbrumes.com\/img\/book-placeholder.png"},"orderable":true,"show_badge":true,"formatted_price":"10,00&nbsp;\u20ac","formatted_published_date":"21 juillet 2009","publisher_availability_label":"Sur commande","short_details":"Eve Griliquez \u2014 Eponymes","translator":null,"weight":100,"page_count":null,"readership":null,"editor":"Eponymes","price":1000,"published_date":"2009-07-20T22:00:00.000000Z","support":"CD Audio","publisher_availability":1,"stock":0,"editions":[],"url":"https:\/\/quaidesbrumes.com\/ouvrage\/9782350340357\/cest-ca-la-poesie"},{"id":"9782350340364","title":"Po\u00e8mes d'amour","description":null,"authors":["Serge Reggiani"],"category_codes":["1000000","1090000"],"visuals":{"large":"https:\/\/quaidesbrumes.com\/img\/book-placeholder.png","medium":"https:\/\/quaidesbrumes.com\/img\/book-placeholder.png","thumbnail":"https:\/\/quaidesbrumes.com\/img\/book-placeholder.png"},"orderable":true,"show_badge":true,"formatted_price":"10,00&nbsp;\u20ac","formatted_published_date":"21 juillet 2009","publisher_availability_label":"Sur commande","short_details":"Serge Reggiani \u2014 Eponymes","translator":null,"weight":100,"page_count":null,"readership":null,"editor":"Eponymes","price":1000,"published_date":"2009-07-20T22:00:00.000000Z","support":"CD Audio","publisher_availability":1,"stock":0,"editions":[],"url":"https:\/\/quaidesbrumes.com\/ouvrage\/9782350340364\/poemes-damour"},{"id":"9782849242285","title":"La poesie est un fond d'eau marine","description":null,"authors":["Montobbio Santiago"],"category_codes":["1000000","1090000"],"visuals":{"large":"https:\/\/quaidesbrumes.com\/img\/book-placeholder.png","medium":"https:\/\/quaidesbrumes.com\/img\/book-placeholder.png","thumbnail":"https:\/\/quaidesbrumes.com\/img\/book-placeholder.png"},"orderable":true,"show_badge":true,"formatted_price":"12,00&nbsp;\u20ac","formatted_published_date":"1er avril 2011","publisher_availability_label":"Sur commande","short_details":"Montobbio Santiago \u2014 Editions Du Cygne","translator":null,"weight":200,"page_count":null,"readership":null,"editor":"Editions Du Cygne","price":1200,"published_date":"2011-03-31T22:00:00.000000Z","support":"Grand format","publisher_availability":1,"stock":0,"editions":[],"url":"https:\/\/quaidesbrumes.com\/ouvrage\/9782849242285\/la-poesie-est-un-fond-deau-marine"},{"id":"9782914258807","title":"Les multiples passages","description":"\u00ab Au fil du deuil et de la disparation, po\u00e8me narratif se faisant dans le mouvement altern\u00e9 de s\u00e9quences de vers brefs et de passages en prose. \r\nLes multiples passages, la mati\u00e8re po\u00e9tique, une \u00e9rosion. \u00bb Corinne Le Lepvrier \"Les multiples passages\", po\u00e8mes de deuil mais \u00e9galement belle et toute pr\u00e9sence d'une \u00e9criture juste et cisel\u00e9e. Jacques Josse (Editions Wigwam)\r","authors":["Corinne Le lepvrier"],"category_codes":["1000000","1090000"],"visuals":{"large":"https:\/\/quaidesbrumes.com\/img\/book-placeholder.png","medium":"https:\/\/quaidesbrumes.com\/img\/book-placeholder.png","thumbnail":"https:\/\/quaidesbrumes.com\/img\/book-placeholder.png"},"orderable":true,"show_badge":true,"formatted_price":"12,00&nbsp;\u20ac","formatted_published_date":"18 mars 2013","publisher_availability_label":"Sur commande","short_details":"Corinne Le lepvrier \u2014 Eclats D'Encre","translator":null,"weight":100,"page_count":null,"readership":null,"editor":"Eclats D'Encre","price":1200,"published_date":"2013-03-17T23:00:00.000000Z","support":"Grand format","publisher_availability":1,"stock":0,"editions":[],"url":"https:\/\/quaidesbrumes.com\/ouvrage\/9782914258807\/les-multiples-passages"},{"id":"9782845901728","title":"Vision","description":"A un certain \u00e2ge, il faut se pr\u00e9parer \u00e0 l'\u00e9ternit\u00e9. Ou au n\u00e9ant. \r\nCar on peut aussi se pr\u00e9parer au n\u00e9ant.\r","authors":["Roger Munier"],"category_codes":["1000000","1090000"],"visuals":{"large":"https:\/\/images.epagine.fr\/728\/9782845901728_1_75.jpg","medium":"https:\/\/images.epagine.fr\/728\/9782845901728_1_m.jpg","thumbnail":"https:\/\/images.epagine.fr\/728\/9782845901728_1_v.jpg"},"orderable":true,"show_badge":true,"formatted_price":"8,50&nbsp;\u20ac","formatted_published_date":"7 juin 2012","publisher_availability_label":"Sur commande","short_details":"Roger Munier \u2014 \u00c9ditions Arfuyen","translator":null,"weight":112,"page_count":76,"readership":null,"editor":"\u00c9ditions Arfuyen","price":850,"published_date":"2012-06-06T22:00:00.000000Z","support":"Grand format","publisher_availability":1,"stock":0,"editions":[],"url":"https:\/\/quaidesbrumes.com\/ouvrage\/9782845901728\/vision"},{"id":"9782924097199","title":"Au fond  du  silence","description":null,"authors":["Koud Maurille-Vierge"],"category_codes":["1000000","1090000"],"visuals":{"large":"https:\/\/quaidesbrumes.com\/img\/book-placeholder.png","medium":"https:\/\/quaidesbrumes.com\/img\/book-placeholder.png","thumbnail":"https:\/\/quaidesbrumes.com\/img\/book-placeholder.png"},"orderable":true,"show_badge":true,"formatted_price":"18,00&nbsp;\u20ac","formatted_published_date":"15 janvier 2014","publisher_availability_label":"Sur commande","short_details":"Koud Maurille-Vierge \u2014 Dhart","translator":null,"weight":102,"page_count":null,"readership":null,"editor":"Dhart","price":1800,"published_date":"2014-01-14T23:00:00.000000Z","support":"Grand format","publisher_availability":1,"stock":0,"editions":[],"url":"https:\/\/quaidesbrumes.com\/ouvrage\/9782924097199\/au-fond-du-silence"},{"id":"9782847730593","title":"Mots des quatre saisons","description":"Des paroles, au rythme des saisons pour s'\u00e9veiller et vivre pleinement. Ici, Serge L\u00e9autier, naturopathe et \u00e9crivain, fait vibrer les mots pour soulager les maux. Au fil de cet ouvrage, se rejoignent le corps et l'esprit. Touch\u00e9 dans sa jeunesse par une grave maladie que la m\u00e9decine classique ne peut gu\u00e9rir, Serge L\u00e9autier d\u00e9cide de visualiser sa gu\u00e9rison. Appliquant la maxime \u00abQui veut peut\u00bb, il met tout en oeuvre pour gu\u00e9rir, s'appuie entre autres sur la visualisation positive, la m\u00e9ditation et sur un changement d'alimentation. Son amour de la vie, sa foi et son d\u00e9sir de gu\u00e9rir lui permettent de sortir vainqueur de cette \u00e9preuve. Il se dirige alors tout naturellement vers des \u00e9tudes ayant trait \u00e0 la sant\u00e9. Apr\u00e8s l'obtention de ses dipl\u00f4mes au Coll\u00e8ge Europ\u00e9en d'hygi\u00e8ne et de m\u00e9decines naturelles de Gen\u00e8ve, et celui de Heilpraktiker en Allemagne, il s'oriente vers un approfondissement de certaines m\u00e9decines dites parall\u00e8les, telles que la phytoth\u00e9rapie, l'hom\u00e9opathie, l'ost\u00e9opathie... Serge L\u00e9autier transmet aujourd'hui ses connaissances par l'interm\u00e9diaire de ses livres. En effet, apr\u00e8s la r\u00e9daction d'articles, de nombreux stages, conf\u00e9rences et \u00e9missions de radios et t\u00e9l\u00e9, Serge L\u00e9autier souhaite se consacrer davantage \u00e0 l'\u00e9criture. Chacun de ses livres est une ode \u00e0 la Vie ; en mettant des mots sur les maux de notre soci\u00e9t\u00e9, Serge L\u00e9autier d\u00e9sire toucher le coeur de ses lecteurs et faire passer un message fort \u00abNous sommes un TOUT, dans notre relation corps\/esprit\/spirituel !\u00bb...\r","authors":["Serge Leautier"],"category_codes":["1000000","1090000"],"visuals":{"large":"https:\/\/images.epagine.fr\/593\/9782847730593_1_75.jpg","medium":"https:\/\/images.epagine.fr\/593\/9782847730593_1_m.jpg","thumbnail":"https:\/\/images.epagine.fr\/593\/9782847730593_1_v.jpg"},"orderable":true,"show_badge":true,"formatted_price":"22,00&nbsp;\u20ac","formatted_published_date":"10 mai 2011","publisher_availability_label":"Sur commande","short_details":"Serge Leautier \u2014 Trois Spirales","translator":null,"weight":290,"page_count":null,"readership":null,"editor":"Trois Spirales","price":2200,"published_date":"2011-05-09T22:00:00.000000Z","support":"Grand format","publisher_availability":1,"stock":0,"editions":[],"url":"https:\/\/quaidesbrumes.com\/ouvrage\/9782847730593\/mots-des-quatre-saisons"},{"id":"9782849244395","title":"Par l'argile et l'ortie","description":null,"authors":["Candelier Francis"],"category_codes":["1000000","1090000"],"visuals":{"large":"https:\/\/quaidesbrumes.com\/img\/book-placeholder.png","medium":"https:\/\/quaidesbrumes.com\/img\/book-placeholder.png","thumbnail":"https:\/\/quaidesbrumes.com\/img\/book-placeholder.png"},"orderable":true,"show_badge":true,"formatted_price":"11,00&nbsp;\u20ac","formatted_published_date":"14 janvier 2016","publisher_availability_label":"Sur commande","short_details":"Candelier Francis \u2014 Editions Du Cygne","translator":null,"weight":180,"page_count":null,"readership":null,"editor":"Editions Du Cygne","price":1100,"published_date":"2016-01-13T23:00:00.000000Z","support":"Grand format","publisher_availability":1,"stock":0,"editions":[],"url":"https:\/\/quaidesbrumes.com\/ouvrage\/9782849244395\/par-largile-et-lortie"},{"id":"9782874593192","title":"Le cloporte heureux","description":null,"authors":["Adrien Franeau"],"category_codes":["1000000","1090000"],"visuals":{"large":"https:\/\/quaidesbrumes.com\/img\/book-placeholder.png","medium":"https:\/\/quaidesbrumes.com\/img\/book-placeholder.png","thumbnail":"https:\/\/quaidesbrumes.com\/img\/book-placeholder.png"},"orderable":true,"show_badge":true,"formatted_price":"13,60&nbsp;\u20ac","formatted_published_date":"1er avril 2008","publisher_availability_label":"Sur commande","short_details":"Adrien Franeau \u2014 Chloe Des Lys","translator":null,"weight":150,"page_count":null,"readership":null,"editor":"Chloe Des Lys","price":1360,"published_date":"2008-03-31T22:00:00.000000Z","support":"Grand format","publisher_availability":1,"stock":0,"editions":[],"url":"https:\/\/quaidesbrumes.com\/ouvrage\/9782874593192\/le-cloporte-heureux"},{"id":"9782296087392","title":"Po\u00e9sies d'Andr\u00e9 Walter","description":null,"authors":["Christian Gardair","Andr\u00e9 Gide"],"category_codes":["1000000","1090000"],"visuals":{"large":"https:\/\/images.epagine.fr\/392\/9782296087392_1_75.jpg","medium":"https:\/\/images.epagine.fr\/392\/9782296087392_1_m.jpg","thumbnail":"https:\/\/images.epagine.fr\/392\/9782296087392_1_v.jpg"},"orderable":true,"show_badge":true,"formatted_price":"20,00&nbsp;\u20ac","formatted_published_date":"11 juin 2009","publisher_availability_label":"Sur commande","short_details":"Christian Gardair, Andr\u00e9 Gide \u2014 \u00c9ditions L'Harmattan","translator":null,"weight":240,"page_count":null,"readership":null,"editor":"\u00c9ditions L'Harmattan","price":2000,"published_date":"2009-06-10T22:00:00.000000Z","support":"Grand format","publisher_availability":1,"stock":0,"editions":[],"url":"https:\/\/quaidesbrumes.com\/ouvrage\/9782296087392\/poesies-dandre-walter"},{"id":"9782296553880","title":"Quelques m\u00e9chancet\u00e9s moins une","description":"Ces quelques traits s'appuient sur l'observation amus\u00e9e et malicieuse du milieu bien particulier des po\u00e8tes. Monde grouillant, effervescent, d\u00e9multipli\u00e9 en chapelles. Sa fr\u00e9quentation met en \u00e9vidence quelques caract\u00e9ristiques que chacun pourra reconna\u00eetre.\r","authors":["Fran\u00e7oise Coulmin"],"category_codes":["1000000","1090000"],"visuals":{"large":"https:\/\/images.epagine.fr\/880\/9782296553880_1_75.jpg","medium":"https:\/\/images.epagine.fr\/880\/9782296553880_1_m.jpg","thumbnail":"https:\/\/images.epagine.fr\/880\/9782296553880_1_v.jpg"},"orderable":true,"show_badge":true,"formatted_price":"9,00&nbsp;\u20ac","formatted_published_date":"18 mai 2011","publisher_availability_label":"Sur commande","short_details":"Fran\u00e7oise Coulmin \u2014 \u00c9ditions L'Harmattan","translator":null,"weight":75,"page_count":null,"readership":null,"editor":"\u00c9ditions L'Harmattan","price":900,"published_date":"2011-05-17T22:00:00.000000Z","support":"Grand format","publisher_availability":1,"stock":0,"editions":[],"url":"https:\/\/quaidesbrumes.com\/ouvrage\/9782296553880\/quelques-mechancetes-moins-une"},{"id":"9782874597329","title":"Renaissance d'une licorne","description":"\" Renaissance d'une licorne, c'est un peu ma surprise \u00e0 moi. Dans le sens o\u00f9 je ne m'attendais pas \u00e0 publier de la po\u00e9sie, j'aurai pari\u00e9 sur les nouvelles plut\u00f4t. Et assez \u00e9trangement, ce sont les po\u00e9sies qui ont \u00e9t\u00e9 choisies.\r\nRenaissance d'une licorne, c'est au d\u00e9part ce que j'appelle des interm\u00e8des po\u00e9tiques, dont le but premier \u00e9tait de couper le flot de mes nouvelles, dans le recueil de 600 pages que j'avais propos\u00e9 \u00e0 Chlo\u00e9 des Lys. Mes po\u00e9sies \u00e9tant relativement personnelles et sombres, j'avais peur de les publier seules. En d\u00e9finitive, apr\u00e8s avoir retravaill\u00e9 mes textes pour la publication, je me rends compte que ce recueil sera en quelque sorte un reflet de moi. La part de moi qui tait les choses. La part de moi  qui est effray\u00e9e par la mort de mes proches, par l'absence d'amour, par le rejet et la solitude.\r\nLe recueil comprend entre autres ma toute premi\u00e8re po\u00e9sie - Dix-neuf - que mes amis trouvaient bizarre et que je vois assez symboliste, et le po\u00e8me qui me tient le plus \u00e0 coeur - 17 heures - qui parle d'un d\u00e9c\u00e8s, du d\u00e9c\u00e8s qui a marqu\u00e9 ma vie...\r\nPour terminer et si je devais d\u00e9crire Renaissance d'une licorne, je dirai que c'est une immersion po\u00e9tique dans mon subconscient, dans mes \u00e9motions les plus profondes, un regard jet\u00e9 dans  le trou de la serrure de mon esprit. J'esp\u00e8re que vous aimerez y regarder.\"\r","authors":["Estelle Deux-elles"],"category_codes":["1000000","1090000"],"visuals":{"large":"https:\/\/images.epagine.fr\/329\/9782874597329_1_75.jpg","medium":"https:\/\/images.epagine.fr\/329\/9782874597329_1_m.jpg","thumbnail":"https:\/\/images.epagine.fr\/329\/9782874597329_1_v.jpg"},"orderable":true,"show_badge":true,"formatted_price":"16,40&nbsp;\u20ac","formatted_published_date":"13 juin 2013","publisher_availability_label":"Sur commande","short_details":"Estelle Deux-elles \u2014 Chloe Des Lys","translator":null,"weight":100,"page_count":126,"readership":null,"editor":"Chloe Des Lys","price":1640,"published_date":"2013-06-12T22:00:00.000000Z","support":"Grand format","publisher_availability":1,"stock":0,"editions":[],"url":"https:\/\/quaidesbrumes.com\/ouvrage\/9782874597329\/renaissance-dune-licorne"}]}