{"data":[{"id":"9782757001646","title":"Quetzals","description":"Dans le labyrinthe des jours qui fuient, le Verbe se fait guide. Qu'on le suivre pas \u00e0 pas, tant\u00f4t fantasque, tant\u00f4t porteur d'aper\u00e7us subreptices, toujours impr\u00e9visible mais r\u00e9confortant. De dizain en dizain, il va et court. G\u00e9rard G\u00e2con avait d\u00e9j\u00e0 appos\u00e9 des \u00abPoin\u00e7ons\u00bb aux coins d'instants \u00e0 privil\u00e9gier; il r\u00e9cidive gr\u00e2ce au quetzal. L'oiseau-parure, fulgurante l\u00e9gende, nous invite \u00e0 partager quelques fragments d'\u00e9ternel.","authors":["G\u00e9rard G\u00e2con"],"category_codes":["1000000","1090000"],"visuals":{"large":"https:\/\/images.epagine.fr\/646\/9782757001646_1_75.jpg","medium":"https:\/\/images.epagine.fr\/646\/9782757001646_1_m.jpg","thumbnail":"https:\/\/images.epagine.fr\/646\/9782757001646_1_v.jpg"},"orderable":true,"show_badge":true,"formatted_price":"13,00&nbsp;\u20ac","formatted_published_date":"9 d\u00e9cembre 2009","publisher_availability_label":"Sur commande","short_details":"G\u00e9rard G\u00e2con \u2014 Jacques Andre","translator":null,"weight":120,"page_count":94,"readership":null,"editor":"Jacques Andre","price":1300,"published_date":"2009-12-08T23:00:00.000000Z","support":"Grand format","publisher_availability":1,"stock":0,"editions":[],"url":"https:\/\/quaidesbrumes.com\/ouvrage\/9782757001646\/quetzals"},{"id":"9782876739222","title":"Voyages \u00e0 Saint-Maur","description":"\u00ab Voyages \u00e0 Saint-Maur \u00bb est une sorte de voyage int\u00e9rieur projet\u00e9 sur des paysages encercl\u00e9s par la Marne, vers un lieu unique, domicile d'une m\u00e8re dont on ne sait pas si elle est morte ou si elle vit, dans un quartier pavillonnaire quasiment hors-temps. Des rencontres \u00e9tranges jalonnent ce parcours. La Graineterie, le square de la Poliomy\u00e9lite.\r\nHauts-lieux d'enfance forment une g\u00e9ographie intime o\u00f9 bien des surprises attendent le lecteur..","authors":["Jean-Louis Giovannoni"],"category_codes":["1000000","1090000"],"visuals":{"large":"https:\/\/images.epagine.fr\/222\/9782876739222_1_75.jpg","medium":"https:\/\/images.epagine.fr\/222\/9782876739222_1_m.jpg","thumbnail":"https:\/\/images.epagine.fr\/222\/9782876739222_1_v.jpg"},"orderable":true,"show_badge":true,"formatted_price":"12,50&nbsp;\u20ac","formatted_published_date":"20 f\u00e9vrier 2014","publisher_availability_label":"Sur commande","short_details":"Jean-Louis Giovannoni \u2014 CHAMP VALLON","translator":null,"weight":126,"page_count":104,"readership":null,"editor":"CHAMP VALLON","price":1250,"published_date":"2014-02-19T23:00:00.000000Z","support":"Grand format","publisher_availability":1,"stock":0,"editions":[],"url":"https:\/\/quaidesbrumes.com\/ouvrage\/9782876739222\/voyages-a-saint-maur"},{"id":"9782919539161","title":"Pienso, luego estorbo... je pense, donc je g\u00eane...","description":"Po\u00e8mes choisis par l'auteur, d'origine chilienne, retra\u00e7ant le parcours d'un exil commenc\u00e9 enfant \u00e0 la suite du coup d'\u00c9tat militaire de Pinochet le 11 septembre 1973. Au long de ce trajet de vie, elle \u00e9voque dans un style limpide et sans d\u00e9tour comment les d\u00e9favoris\u00e9s, les exclus, les marginaux, les \u00e9trangers, les homosexuels et, plus que quiconque encore, les femmes voient leurs libert\u00e9s chaque fois plus menac\u00e9es. Leurs besoins de circuler et d'\u00e9changer en paix se heurtent \u00e0 la violente ignominie des polices d'\u00c9tats et de leurs contradictions d'une absolue mauvaise foi \u00e0 syst\u00e9matiquement soutenir les religions plut\u00f4t que la la\u00efcit\u00e9.","authors":["Silvia Cuevas morales","Leticia Cola"],"category_codes":["1000000","1090000"],"visuals":{"large":"https:\/\/images.epagine.fr\/161\/9782919539161_1_75.jpg","medium":"https:\/\/images.epagine.fr\/161\/9782919539161_1_m.jpg","thumbnail":"https:\/\/images.epagine.fr\/161\/9782919539161_1_v.jpg"},"orderable":true,"show_badge":true,"formatted_price":"12,00&nbsp;\u20ac","formatted_published_date":"8 mars 2014","publisher_availability_label":"Sur commande","short_details":"Silvia Cuevas morales, Leticia Cola \u2014 Abc Editions","translator":"LETICIA COLA","weight":181,"page_count":126,"readership":null,"editor":"Abc Editions","price":1200,"published_date":"2014-03-07T23:00:00.000000Z","support":"Grand format","publisher_availability":1,"stock":0,"editions":[],"url":"https:\/\/quaidesbrumes.com\/ouvrage\/9782919539161\/pienso-luego-estorbo-je-pense-donc-je-gene"},{"id":"9782911372827","title":"L'usure des lendemains","description":"L'usure des lendemains, un des tous premiers recueils de l'\u00e9crivain-po\u00e8te congolais Alain Mabanckou. D\u00e8s sa parution, l'Usure des lendemains a re\u00e7u le Prix Jean Christophe de la Soci\u00e9t\u00e9 des Po\u00e8tes Fran\u00e7ais. L'auteur est \u00e9galement Grand Prix Litt\u00e9raire de l'Afrique Noire 1999 pour son ouvrage Bleu-Blanc-Rouge.","authors":["Alain Mabanckou"],"category_codes":["1000000","1090000"],"visuals":{"large":"https:\/\/images.epagine.fr\/827\/9782911372827_1_75.jpg","medium":"https:\/\/images.epagine.fr\/827\/9782911372827_1_m.jpg","thumbnail":"https:\/\/images.epagine.fr\/827\/9782911372827_1_v.jpg"},"orderable":true,"show_badge":true,"formatted_price":"12,17&nbsp;\u20ac","formatted_published_date":"14 d\u00e9cembre 2005","publisher_availability_label":"Sur commande","short_details":"Alain Mabanckou \u2014 Menaibuc","translator":null,"weight":150,"page_count":null,"readership":null,"editor":"Menaibuc","price":1217,"published_date":"2005-12-13T23:00:00.000000Z","support":"Grand format","publisher_availability":1,"stock":0,"editions":["9782879310374"],"url":"https:\/\/quaidesbrumes.com\/ouvrage\/9782911372827\/lusure-des-lendemains"},{"id":"9782915879872","title":"Splash !","description":"Une anthologie - con\u00e7ue par l'auteur lui-m\u00eame - de l'oeuvre de Dirk van Bastelaere. C'est le premier livre traduit en fran\u00e7ais de ce po\u00e8te belge d'expression n\u00e9erlandophone.\r\n\r\nLe livre Dirk van Bastelaere propose ici une lecture\/relecture de son oeuvre au coeur de la postmodernit\u00e9 po\u00e9tique europ\u00e9enne. Regroup\u00e9s en s\u00e9ries, ses po\u00e8mes se r\u00e9f\u00e8rent au cin\u00e9ma hollywoodien, \u00e0 la peinture contemporaine, aux standards du rock, mais aussi, ce qui est plus inattendu, aux figures de la pi\u00e9t\u00e9 christique. \r\n\r\nUn essai compl\u00e8te cet ensemble, o\u00f9 Dirk van Bastelaere donne un aper\u00e7u de ses talents de prosateur. Usant notamment des \u00e9crits et des concepts de Lacan, Barthes et Julia Kristeva, il d\u00e9finit sa po\u00e9tique. \r\n\r\nSplash !, comme le laisse entendre son titre, est aussi une mani\u00e8re innovante, parfois provocante, de pratiquer la po\u00e9sie comme une pens\u00e9e en mouvement, une recomposition et un plaisir \u00e0 exp\u00e9rimenter.","authors":["Dirk Van bastelaere","Daniel Cunin"],"category_codes":["1000000","1090000"],"visuals":{"large":"https:\/\/images.epagine.fr\/872\/9782915879872_1_75.jpg","medium":"https:\/\/images.epagine.fr\/872\/9782915879872_1_m.jpg","thumbnail":"https:\/\/images.epagine.fr\/872\/9782915879872_1_v.jpg"},"orderable":true,"show_badge":true,"formatted_price":"12,00&nbsp;\u20ac","formatted_published_date":"3 mars 2011","publisher_availability_label":"Sur commande","short_details":"Dirk Van bastelaere, Daniel Cunin \u2014 Les petits matins","translator":"DANIEL CUNIN","weight":216,"page_count":185,"readership":null,"editor":"Les petits matins","price":1200,"published_date":"2011-03-02T23:00:00.000000Z","support":"Grand format","publisher_availability":1,"stock":0,"editions":[],"url":"https:\/\/quaidesbrumes.com\/ouvrage\/9782915879872\/splash"},{"id":"9782080689528","title":"Dormans","description":"De quels songes logiques \u00e9mergent ces Dormans, tapis derri\u00e8re leur orthographe archa\u00efque ? Du roman de la nuit qui ouvre le livre ou d'une fable plus ancienne, \u00e0 l'ombre des gisants d'\u00c9ph\u00e8se ? L'auteur conserve seule la clef de son \u00e9nigme et de ces r\u00e9cits qui s'embo\u00eetent, aussi tangibles qu'un r\u00eave devenu r\u00e9el - \u00e0 moins que ce ne soit l'inverse... Et si elle feint de nous rassurer dans les croquis de son cahier japonais ou en d\u00e9cryptant les nuages dans ses sonnets du ciel, Marie \u00c9tienne affirme une fois encore \u00e0 travers ce recueil l'inqui\u00e9tante \u00e9tranget\u00e9 qui r\u00e9git son univers. Avec, en plus, la musique secr\u00e8te qui lui appartient en propre et qui parcourt ces pages, comme transcrites d'une nuit intemporelle.","authors":["Marie Etienne"],"category_codes":["1000000","1090000"],"visuals":{"large":"https:\/\/images.epagine.fr\/528\/9782080689528_1_75.jpg","medium":"https:\/\/images.epagine.fr\/528\/9782080689528_1_m.jpg","thumbnail":"https:\/\/images.epagine.fr\/528\/9782080689528_1_v.jpg"},"orderable":true,"show_badge":true,"formatted_price":"17,00&nbsp;\u20ac","formatted_published_date":"8 f\u00e9vrier 2006","publisher_availability_label":"Sur commande","short_details":"Marie Etienne \u2014 Flammarion","translator":null,"weight":280,"page_count":215,"readership":null,"editor":"Flammarion","price":1700,"published_date":"2006-02-07T23:00:00.000000Z","support":"Grand format","publisher_availability":1,"stock":0,"editions":[],"url":"https:\/\/quaidesbrumes.com\/ouvrage\/9782080689528\/dormans"},{"id":"9782847125030","title":"D'une ombre \u00e0 la lumi\u00e8re","description":null,"authors":["Didier Clero"],"category_codes":["1000000","1090000"],"visuals":{"large":"https:\/\/images.epagine.fr\/030\/9782847125030_1_75.jpg","medium":"https:\/\/images.epagine.fr\/030\/9782847125030_1_m.jpg","thumbnail":"https:\/\/images.epagine.fr\/030\/9782847125030_1_v.jpg"},"orderable":true,"show_badge":true,"formatted_price":"8,00&nbsp;\u20ac","formatted_published_date":"15 septembre 2016","publisher_availability_label":"Sur commande","short_details":"Didier Clero \u2014 Petit Pave","translator":null,"weight":70,"page_count":null,"readership":null,"editor":"Petit Pave","price":800,"published_date":"2016-09-14T22:00:00.000000Z","support":"Poche","publisher_availability":1,"stock":0,"editions":[],"url":"https:\/\/quaidesbrumes.com\/ouvrage\/9782847125030\/dune-ombre-a-la-lumiere"},{"id":"9782355720444","title":"Po\u00e8mes \u00e0 l'absente","description":"Barnab\u00e9 Laye, po\u00e8te et romancier, a publi\u00e9 notamment Une femme dans la lumi\u00e8re de l'aube et Mangalor, aux \u00e9ditions Seghers. Apr\u00e8s le succ\u00e8s de Requiem pour un pays assassin\u00e9 (Editions L'Harmattan), il nous propose Po\u00e8mes \u00e0 l'Absente, v\u00e9ritable m\u00e9lop\u00e9e qui chante le souvenir, l'amour et le temps qui passe. \"Il est vrai, dans Po\u00e8mes \u00e0 l'Absente il y a des mots incandescents. Des mots qui sont comme autant de braises sur l'eau. Car il est des absences plus fortes que des pr\u00e9sences. Plus pr\u00e9gnantes. Et l'absence est une terrible et tyrannique souveraine.\" Robert Jainin (Pr\u00e9face ou Plaidoyer pour la po\u00e9sie).","authors":["Barnab\u00e9 Laye"],"category_codes":["1000000","1090000"],"visuals":{"large":"https:\/\/images.epagine.fr\/444\/9782355720444_1_75.jpg","medium":"https:\/\/images.epagine.fr\/444\/9782355720444_1_m.jpg","thumbnail":"https:\/\/images.epagine.fr\/444\/9782355720444_1_v.jpg"},"orderable":true,"show_badge":true,"formatted_price":"13,00&nbsp;\u20ac","formatted_published_date":"13 juillet 2010","publisher_availability_label":"Sur commande","short_details":"Barnab\u00e9 Laye \u2014 ACORIA","translator":null,"weight":130,"page_count":null,"readership":null,"editor":"ACORIA","price":1300,"published_date":"2010-07-12T22:00:00.000000Z","support":"Grand format","publisher_availability":1,"stock":0,"editions":[],"url":"https:\/\/quaidesbrumes.com\/ouvrage\/9782355720444\/poemes-a-labsente"},{"id":"9782919539109","title":"Marichiweu ! dix et mille fois nous vaincrons, po\u00e8mes insurg\u00e9s","description":"67 po\u00e8mes insurg\u00e9s de Marlene Feeley, disant les esp\u00e9rances des gens du quotidien pour leurs justes droits \u00e0 l'\u00e9ducation, au logement et \u00e0 la sant\u00e9. \u00c9vocations d'enfances au Chili (Valparaiso) et de situations sociales accablant les populations laborieuses d\u00e9favoris\u00e9es et les gens du peuple autochtone Mapuche en Araucanie.","authors":["Marlene Feeley","Marcos","Leticia Cola"],"category_codes":["1000000","1090000"],"visuals":{"large":"https:\/\/images.epagine.fr\/109\/9782919539109_1_75.jpg","medium":"https:\/\/images.epagine.fr\/109\/9782919539109_1_m.jpg","thumbnail":"https:\/\/images.epagine.fr\/109\/9782919539109_1_v.jpg"},"orderable":true,"show_badge":true,"formatted_price":"18,00&nbsp;\u20ac","formatted_published_date":"17 avril 2013","publisher_availability_label":"Sur commande","short_details":"Marlene Feeley, Marcos, Leticia Cola \u2014 Abc Editions","translator":"LETICIA COLA","weight":353,"page_count":252,"readership":null,"editor":"Abc Editions","price":1800,"published_date":"2013-04-16T22:00:00.000000Z","support":"Grand format","publisher_availability":1,"stock":0,"editions":[],"url":"https:\/\/quaidesbrumes.com\/ouvrage\/9782919539109\/marichiweu-dix-et-mille-fois-nous-vaincrons-poemes-insurges"},{"id":"9782355720451","title":"Une si longue attente","description":"Po\u00e8te et romancier, Barnab\u00e9 Laye a \u00e9crit une douzaine d'ouvrages, notamment Une femme dans la lumi\u00e8re de l'aube, Mangalor (Editions Seghers), L'adieu au p\u00e8re (Editions L'Harmattan) et Po\u00e8mes \u00e0 l'Absente (Editions Acoria). \"Comment f\u00eater la naissance d'un premier enfant, d'une premi\u00e8re fille ? Que faire pour lui laisser le souvenir de mes \u00e9motions \u00e0 sa naissance ? Et les ann\u00e9es qui passent...J'ai pris mon crayon et mon cahier d'\u00e9colier pour tracer \u00e0 la h\u00e2te ces mots dans leur simplicit\u00e9 et leur enfantine nudit\u00e9.\" Barnab\u00e9 Laye.","authors":["Barnab\u00e9 Laye"],"category_codes":["1000000","1090000"],"visuals":{"large":"https:\/\/images.epagine.fr\/451\/9782355720451_1_75.jpg","medium":"https:\/\/images.epagine.fr\/451\/9782355720451_1_m.jpg","thumbnail":"https:\/\/images.epagine.fr\/451\/9782355720451_1_v.jpg"},"orderable":true,"show_badge":true,"formatted_price":"11,00&nbsp;\u20ac","formatted_published_date":"13 juillet 2010","publisher_availability_label":"Sur commande","short_details":"Barnab\u00e9 Laye \u2014 ACORIA","translator":null,"weight":100,"page_count":68,"readership":null,"editor":"ACORIA","price":1100,"published_date":"2010-07-12T22:00:00.000000Z","support":"Grand format","publisher_availability":1,"stock":0,"editions":[],"url":"https:\/\/quaidesbrumes.com\/ouvrage\/9782355720451\/une-si-longue-attente"},{"id":"9782296561199","title":"Croisement(s) ; po\u00e9sie","description":"Elle l'a aim\u00e9 au pr\u00e9sent et \u00e0 l'imparfait \/ Elle a aim\u00e9 l'aimer c'est un fait \/ Elle aurait aim\u00e9 l'aimer en le retrouvant \/ Elle aimerait l'aimer encore un instant Il l'a aim\u00e9e sans le savoir \/ Il a aim\u00e9 l'aimer dans le noir \/ Il aurait aim\u00e9 l'aimer toujours \/ Il aimerait l'aimer encore un jour","authors":["Caroline Mouton de Ponthieu"],"category_codes":["1000000","1090000"],"visuals":{"large":"https:\/\/images.epagine.fr\/199\/9782296561199_1_75.jpg","medium":"https:\/\/images.epagine.fr\/199\/9782296561199_1_m.jpg","thumbnail":"https:\/\/images.epagine.fr\/199\/9782296561199_1_v.jpg"},"orderable":true,"show_badge":true,"formatted_price":"12,00&nbsp;\u20ac","formatted_published_date":"30 juin 2011","publisher_availability_label":"Sur commande","short_details":"Caroline Mouton de Ponthieu \u2014 \u00c9ditions L'Harmattan","translator":null,"weight":105,"page_count":80,"readership":null,"editor":"\u00c9ditions L'Harmattan","price":1200,"published_date":"2011-06-29T22:00:00.000000Z","support":"Grand format","publisher_availability":1,"stock":0,"editions":[],"url":"https:\/\/quaidesbrumes.com\/ouvrage\/9782296561199\/croisements-poesie"},{"id":"9782368683552","title":"Usure passion","description":"Romantique, exalt\u00e9, m\u00e9lancolique, aimant jouer avec les mots... Voil\u00e0 \r\ncomment aime \u00e0 se qualifier Gilles Poulanges, jeune po\u00e8te de 36 ans, qui signe ici avec \u00ab Usure-Passion \u00bb son premier recueil de po\u00e9sies sur la richesse et les travers de l'\u00e2me humaine. Certains po\u00e8mes sont \u00e9rotiques, inspir\u00e9s de son amour inv\u00e9t\u00e9r\u00e9 pour la gent f\u00e9minine.  Russophone et amoureux de la culture Slave, il y a dans ses \u00e9crits un suppl\u00e9ment d'\u00e2me, certainement issu de ses nombreux voyages en Russie et Bi\u00e9lorussie. Avec \u00ab Usure - Passion \u00bb. Gilles Poulanges serait-il l'ambassadeur de cette si myst\u00e9rieuse \u00ab \u00c2me russe \u00bb ? \r\n\u00c0 vous de juger.\r\n\r\n\u00ab L'horizon n'est que nuages et pourtant je sais qu'au-del\u00e0 de cette ligne de front se trouve ma \r\nv\u00e9rit\u00e9. Une v\u00e9rit\u00e9 lav\u00e9e de toutes chim\u00e8res. Mon coeur bat pour l'Est : Cette affirmation ne m\u00e9rite \r\npas l'ombre d'un soup\u00e7on. \u00bb","authors":["Gilles Poulanges"],"category_codes":["1000000","1090000","1090600"],"visuals":{"large":"https:\/\/images.epagine.fr\/552\/9782368683552_1_75.jpg","medium":"https:\/\/images.epagine.fr\/552\/9782368683552_1_m.jpg","thumbnail":"https:\/\/images.epagine.fr\/552\/9782368683552_1_v.jpg"},"orderable":true,"show_badge":true,"formatted_price":"11,00&nbsp;\u20ac","formatted_published_date":"10 septembre 2014","publisher_availability_label":"Sur commande","short_details":"Gilles Poulanges \u2014 Stellamaris","translator":null,"weight":75,"page_count":43,"readership":null,"editor":"Stellamaris","price":1100,"published_date":"2014-09-09T22:00:00.000000Z","support":"Grand format","publisher_availability":1,"stock":0,"editions":[],"url":"https:\/\/quaidesbrumes.com\/ouvrage\/9782368683552\/usure-passion"},{"id":"9782296116986","title":"Au souffle des jours enfouis ; 40 po\u00e8mes","description":"\"Nous ne fatiguerons plus la terre en nos voyages\".\r\n\"Ces vers du nouveau recueil de Jean-No\u00ebl Cordier nous font entrer dans le monde myst\u00e9rieux du po\u00e8te initi\u00e9 \", \u00e9crit Paul-Bernard Sabourin dans son avant-propos. \"Le po\u00e8te b\u00e2tit un monde souterrain et cependant lumineux. Il fragmente la lumi\u00e8re, la rend traversi\u00e8re pour chaque d\u00e9dale de la caverne journali\u00e8re qui est n\u00f4tre\". N\u00e9 \u00e0 Paris en 1950, Jean-No\u00ebl Cordier est Professeur de Lettres et, actuellement, Vice-Pr\u00e9sident de la Soci\u00e9t\u00e9 des Po\u00e8tes Fran\u00e7ais.","authors":["Jean-no\u00ebl Cordier"],"category_codes":["1000000","1090000"],"visuals":{"large":"https:\/\/images.epagine.fr\/986\/9782296116986_1_75.jpg","medium":"https:\/\/images.epagine.fr\/986\/9782296116986_1_m.jpg","thumbnail":"https:\/\/images.epagine.fr\/986\/9782296116986_1_v.jpg"},"orderable":true,"show_badge":true,"formatted_price":"9,00&nbsp;\u20ac","formatted_published_date":"9 juin 2010","publisher_availability_label":"Sur commande","short_details":"Jean-no\u00ebl Cordier \u2014 \u00c9ditions L'Harmattan","translator":null,"weight":66,"page_count":50,"readership":null,"editor":"\u00c9ditions L'Harmattan","price":900,"published_date":"2010-06-08T22:00:00.000000Z","support":"Grand format","publisher_availability":1,"stock":0,"editions":[],"url":"https:\/\/quaidesbrumes.com\/ouvrage\/9782296116986\/au-souffle-des-jours-enfouis-40-poemes"},{"id":"9782354853730","title":"Je ne sais pas chanter","description":"En frayant le chemin d'une existence pleine et fertile, Alain Graz s\u00e8me par bribes d'instants ses \u00e9vocations po\u00e9tiques comme autant de pr\u00e9cieux cailloux blancs sauv\u00e9s de l'errance. Lumi\u00e8re g\u00e9n\u00e9reuse qu'il projette sur le monde, ce second recueil livre la gr\u00e2ce des matins \u00e9clos, des premiers \u00e9mois, des joies retrouv\u00e9es, mais aussi des \u00e9checs et des vacillements de l'\u00e2me, collectant en marge du temps les accords souples et a\u00e9riens d'une symphonie humaine.","authors":["Graz Alain"],"category_codes":["1000000","1090000"],"visuals":{"large":"https:\/\/images.epagine.fr\/730\/9782354853730_1_75.jpg","medium":"https:\/\/images.epagine.fr\/730\/9782354853730_1_m.jpg","thumbnail":"https:\/\/images.epagine.fr\/730\/9782354853730_1_v.jpg"},"orderable":true,"show_badge":true,"formatted_price":"16,00&nbsp;\u20ac","formatted_published_date":"1er avril 2013","publisher_availability_label":"Sur commande","short_details":"Graz Alain \u2014 JETS D'ENCRE","translator":null,"weight":129,"page_count":null,"readership":null,"editor":"JETS D'ENCRE","price":1600,"published_date":"2013-03-31T22:00:00.000000Z","support":"Grand format","publisher_availability":1,"stock":0,"editions":[],"url":"https:\/\/quaidesbrumes.com\/ouvrage\/9782354853730\/je-ne-sais-pas-chanter"},{"id":"9782354853747","title":"A corps confus, accord perdu","description":"Des corps naissants, combatifs ou douloureux, mais toujours br\u00fblants de vie, s'\u00e9l\u00e8ve une ode poignante \u00e0 la libert\u00e9 et au mouvement. Lourds d'un h\u00e9ritage familial et culturel, symboles d'une Afrique captive aussi bien qu'objets d'amour et de beaut\u00e9, tous se rejoignent ou se s\u00e9parent, se heurtent et se m\u00e9tamorphosent au gr\u00e9 du chant po\u00e9tique. Par-del\u00e0 les fronti\u00e8res qui peu \u00e0 peu se dissolvent, Prisca Otouma livre, \u00e0 travers une langue m\u00e9lodieuse, charnelle et \u00e9clatante, la danse sensuelle des mots qui se font corps.","authors":["Outouma Prisca"],"category_codes":["1000000","1090000"],"visuals":{"large":"https:\/\/images.epagine.fr\/747\/9782354853747_1_75.jpg","medium":"https:\/\/images.epagine.fr\/747\/9782354853747_1_m.jpg","thumbnail":"https:\/\/images.epagine.fr\/747\/9782354853747_1_v.jpg"},"orderable":true,"show_badge":true,"formatted_price":"12,50&nbsp;\u20ac","formatted_published_date":"1er avril 2013","publisher_availability_label":"Sur commande","short_details":"Outouma Prisca \u2014 JETS D'ENCRE","translator":null,"weight":60,"page_count":64,"readership":null,"editor":"JETS D'ENCRE","price":1250,"published_date":"2013-03-31T22:00:00.000000Z","support":"Grand format","publisher_availability":1,"stock":0,"editions":[],"url":"https:\/\/quaidesbrumes.com\/ouvrage\/9782354853747\/a-corps-confus-accord-perdu"},{"id":"9782810627165","title":"Murmures de la brousse s\u00e9n\u00e9galaise ; po\u00e8mes","description":"Lors d'une ann\u00e9e de volontariat au S\u00e9n\u00e9gal (2006-2007), des \u00e9crits se sont pos\u00e9s au coeur de la brousse. Son activit\u00e9 de biblioth\u00e9caire dans un coll\u00e8ge \u00e9tait pour lui une source d'inspiration.\r\n Il relate la vie quotidienne ou laisse \u00e9chapper son imagination au rythme des chants.","authors":["Vivien Laplane"],"category_codes":["1000000","1090000"],"visuals":{"large":"https:\/\/images.epagine.fr\/165\/9782810627165_1_75.jpg","medium":"https:\/\/images.epagine.fr\/165\/9782810627165_1_m.jpg","thumbnail":"https:\/\/images.epagine.fr\/165\/9782810627165_1_v.jpg"},"orderable":true,"show_badge":true,"formatted_price":"12,00&nbsp;\u20ac","formatted_published_date":"14 janvier 2013","publisher_availability_label":"Sur commande","short_details":"Vivien Laplane \u2014 Books on Demand","translator":null,"weight":301,"page_count":72,"readership":null,"editor":"Books on Demand","price":1200,"published_date":"2013-01-13T23:00:00.000000Z","support":"Grand format","publisher_availability":1,"stock":0,"editions":[],"url":"https:\/\/quaidesbrumes.com\/ouvrage\/9782810627165\/murmures-de-la-brousse-senegalaise-poemes"},{"id":"9782354853754","title":"La rage de l'orage","description":null,"authors":["R. Ombale Briedrich"],"category_codes":["1000000","1090000"],"visuals":{"large":"https:\/\/quaidesbrumes.com\/img\/book-placeholder.png","medium":"https:\/\/quaidesbrumes.com\/img\/book-placeholder.png","thumbnail":"https:\/\/quaidesbrumes.com\/img\/book-placeholder.png"},"orderable":true,"show_badge":true,"formatted_price":"13,50&nbsp;\u20ac","formatted_published_date":"1er avril 2013","publisher_availability_label":"Sur commande","short_details":"R. Ombale Briedrich \u2014 JETS D'ENCRE","translator":null,"weight":75,"page_count":null,"readership":null,"editor":"JETS D'ENCRE","price":1350,"published_date":"2013-03-31T22:00:00.000000Z","support":"Grand format","publisher_availability":1,"stock":0,"editions":[],"url":"https:\/\/quaidesbrumes.com\/ouvrage\/9782354853754\/la-rage-de-lorage"},{"id":"9782243044119","title":"Totems aux yeux de rasoir, po\u00e8mes 2011-2008","description":"Extrait de la postface : \u00ab Voici un livre fait de huit recueils de po\u00e8mes successifs, dont deux ont d\u00e9j\u00e0 parus et les autres sont in\u00e9dits, \u00e9crits en huit ann\u00e9es cons\u00e9cutives. Cette publication a une double importance : elle nous permet d'appr\u00e9cier la valeur d'un po\u00e8te novateur de notre temps, dans toute la force de l'\u00e2ge, en pleine disposition de ses moyens cr\u00e9ateurs ; et \u00e0 travers lui, elle nous montre l'\u00e9tat de la po\u00e9sie fran\u00e7aise au d\u00e9but du XXIe si\u00e8cle, dont Christophe Dauphin repr\u00e9sente l'expression la plus avanc\u00e9e, qu'on pourrait m\u00eame qualifier de r\u00e9volutionnaire si on la compare \u00e0 la fausse avant-garde ou aux ressassements pass\u00e9istes que d'autres pratiquent par ailleurs. J'ai \u00e9t\u00e9 l'ami \u00e0 vingt ans de \u00ab l'apo\u00e8te \u00bb de l'apr\u00e8s-guerre, Henri Pichette, qui d\u00e9clarait dans ses \u00ab Apo\u00e8mes \u00bb : \u00ab J'\u00e9cris avec des mots qui boxent \u00bb. D\u00e8s que Christophe Dauphin m'envoya en 1996, l'ann\u00e9e o\u00f9 nous f\u00eemes connaissance, son recueil \u00ab Les Vignes de l'ombre \u00bb, j'eus l'impression que lui aussi il boxait imp\u00e9tueusement au moyen des mots, en \u00e9galant Pichette, et qu'il \u00e9tait m\u00eame le seul \u00e0 le faire parmi les nouveaux-venus. Christophe Dauphin \u00e9crit des po\u00e8mes comme on \u00e9l\u00e8ve des barricades, pour d\u00e9fendre contre les envahisseurs barbares la cit\u00e9 des r\u00eaves. Il frappe fort, en tordant le cou au lyrisme afin d'obtenir des effets plus grands. \u00bb Sarane Alexandrian.","authors":["Christophe Dauphin"],"category_codes":["1000000","1090000"],"visuals":{"large":"https:\/\/images.epagine.fr\/119\/9782243044119_1_75.jpg","medium":"https:\/\/images.epagine.fr\/119\/9782243044119_1_m.jpg","thumbnail":"https:\/\/images.epagine.fr\/119\/9782243044119_1_v.jpg"},"orderable":true,"show_badge":true,"formatted_price":"22,00&nbsp;\u20ac","formatted_published_date":"26 mars 2010","publisher_availability_label":"Sur commande","short_details":"Christophe Dauphin \u2014 Hommes Sans Epaules","translator":null,"weight":473,"page_count":368,"readership":null,"editor":"Hommes Sans Epaules","price":2200,"published_date":"2010-03-25T23:00:00.000000Z","support":"Grand format","publisher_availability":1,"stock":0,"editions":[],"url":"https:\/\/quaidesbrumes.com\/ouvrage\/9782243044119\/totems-aux-yeux-de-rasoir-poemes-2011-2008"},{"id":"9782355720017","title":"Le chant des blessures","description":"Voici un recueil qui se lit comme une bouff\u00e9e d'air pur, tel un chant qui dit mais ne renonce pas. La cr\u00e9ativit\u00e9 de Pulch\u00e9rie Abeme Nkoghe est une ronde arc-en-ciel, qui r\u00e9unit les \u00eatres \u00e0 travers la po\u00e9sie. Elle est g\u00e9n\u00e9reuse, sans fioritures et va droit au coeur du lecteur. C'est une po\u00e9sie qui invite \u00e0 se regarder dans les yeux, sans renoncement et toujours, avec sinc\u00e9rit\u00e9. C'est la po\u00e9sie du partage.","authors":["Pulch\u00e9rie Ab\u00e8me nkogh\u00e9"],"category_codes":["1000000","1090000"],"visuals":{"large":"https:\/\/images.epagine.fr\/017\/9782355720017_1_75.jpg","medium":"https:\/\/images.epagine.fr\/017\/9782355720017_1_m.jpg","thumbnail":"https:\/\/images.epagine.fr\/017\/9782355720017_1_v.jpg"},"orderable":true,"show_badge":true,"formatted_price":"12,00&nbsp;\u20ac","formatted_published_date":"31 d\u00e9cembre 2007","publisher_availability_label":"Sur commande","short_details":"Pulch\u00e9rie Ab\u00e8me nkogh\u00e9 \u2014 \u00c9ditions L'Harmattan","translator":null,"weight":75,"page_count":69,"readership":null,"editor":"\u00c9ditions L'Harmattan","price":1200,"published_date":"2007-12-30T23:00:00.000000Z","support":"Grand format","publisher_availability":1,"stock":0,"editions":[],"url":"https:\/\/quaidesbrumes.com\/ouvrage\/9782355720017\/le-chant-des-blessures"},{"id":"9782874597268","title":"Comment ecrire le bonheur","description":null,"authors":["Philippe Meurisse"],"category_codes":["1000000","1090000"],"visuals":{"large":"https:\/\/quaidesbrumes.com\/img\/book-placeholder.png","medium":"https:\/\/quaidesbrumes.com\/img\/book-placeholder.png","thumbnail":"https:\/\/quaidesbrumes.com\/img\/book-placeholder.png"},"orderable":true,"show_badge":true,"formatted_price":"9,30&nbsp;\u20ac","formatted_published_date":"13 juin 2013","publisher_availability_label":"Sur commande","short_details":"Philippe Meurisse \u2014 Chloe Des Lys","translator":null,"weight":100,"page_count":null,"readership":null,"editor":"Chloe Des Lys","price":930,"published_date":"2013-06-12T22:00:00.000000Z","support":"Grand format","publisher_availability":1,"stock":0,"editions":[],"url":"https:\/\/quaidesbrumes.com\/ouvrage\/9782874597268\/comment-ecrire-le-bonheur"},{"id":"9782874593109","title":"Les lyres de septembre","description":null,"authors":["Ayayi Gblonvadji Ayi"],"category_codes":["1000000","1090000"],"visuals":{"large":"https:\/\/quaidesbrumes.com\/img\/book-placeholder.png","medium":"https:\/\/quaidesbrumes.com\/img\/book-placeholder.png","thumbnail":"https:\/\/quaidesbrumes.com\/img\/book-placeholder.png"},"orderable":true,"show_badge":true,"formatted_price":"14,60&nbsp;\u20ac","formatted_published_date":"1er avril 2008","publisher_availability_label":"Sur commande","short_details":"Ayayi Gblonvadji Ayi \u2014 Chloe Des Lys","translator":null,"weight":150,"page_count":null,"readership":null,"editor":"Chloe Des Lys","price":1460,"published_date":"2008-03-31T22:00:00.000000Z","support":"Grand format","publisher_availability":1,"stock":0,"editions":[],"url":"https:\/\/quaidesbrumes.com\/ouvrage\/9782874593109\/les-lyres-de-septembre"},{"id":"9782812706820","title":"Au pied du coudon","description":null,"authors":["Michel Yves Terrasse"],"category_codes":["1000000","1090000","1090600"],"visuals":{"large":"https:\/\/quaidesbrumes.com\/img\/book-placeholder.png","medium":"https:\/\/quaidesbrumes.com\/img\/book-placeholder.png","thumbnail":"https:\/\/quaidesbrumes.com\/img\/book-placeholder.png"},"orderable":true,"show_badge":true,"formatted_price":"18,00&nbsp;\u20ac","formatted_published_date":"22 juin 2015","publisher_availability_label":"Sur commande","short_details":"Michel Yves Terrasse \u2014 Presses Du Midi","translator":null,"weight":393,"page_count":null,"readership":null,"editor":"Presses Du Midi","price":1800,"published_date":"2015-06-21T22:00:00.000000Z","support":"Grand format","publisher_availability":1,"stock":0,"editions":[],"url":"https:\/\/quaidesbrumes.com\/ouvrage\/9782812706820\/au-pied-du-coudon"},{"id":"9782296557420","title":"Les papillons des mots ; motyle sl\u00f3w","description":"Je chante aux papillons \/ Le vent de la route \/ Quand \/ Au bord de ses r\u00eaves \/ O\u00f9 dort le soleil \/ Ils viennent lentement \/ Juste en ce moment \/ Quand je repousse les r\u00eaves \/ Avec les papillons.","authors":["Danuta Mucha"],"category_codes":["1000000","1090000"],"visuals":{"large":"https:\/\/images.epagine.fr\/420\/9782296557420_1_75.jpg","medium":"https:\/\/images.epagine.fr\/420\/9782296557420_1_m.jpg","thumbnail":"https:\/\/images.epagine.fr\/420\/9782296557420_1_v.jpg"},"orderable":true,"show_badge":true,"formatted_price":"13,00&nbsp;\u20ac","formatted_published_date":"12 janvier 2012","publisher_availability_label":"Sur commande","short_details":"Danuta Mucha \u2014 \u00c9ditions L'Harmattan","translator":null,"weight":140,"page_count":106,"readership":null,"editor":"\u00c9ditions L'Harmattan","price":1300,"published_date":"2012-01-11T23:00:00.000000Z","support":"Grand format","publisher_availability":1,"stock":0,"editions":[],"url":"https:\/\/quaidesbrumes.com\/ouvrage\/9782296557420\/les-papillons-des-mots-motyle-slow"},{"id":"9782336001753","title":"Cantate","description":"Mon fr\u00e8re, mon ami, mon sosie,  Ceux qui disent ta vie infinie,  Ceux qui veulent te tuer ne sont pas encore n\u00e9s. \r\nTu chantes, les gens captent tes mots ; \r\nDans leur sillage tu existes et tu vis. \r\nQui es-tu ? Notre lumi\u00e8re et notre combat.","authors":["Abder Zegout"],"category_codes":["1000000","1090000"],"visuals":{"large":"https:\/\/images.epagine.fr\/753\/9782336001753_1_75.jpg","medium":"https:\/\/images.epagine.fr\/753\/9782336001753_1_m.jpg","thumbnail":"https:\/\/images.epagine.fr\/753\/9782336001753_1_v.jpg"},"orderable":true,"show_badge":true,"formatted_price":"13,50&nbsp;\u20ac","formatted_published_date":"14 novembre 2012","publisher_availability_label":"Sur commande","short_details":"Abder Zegout \u2014 \u00c9ditions L'Harmattan","translator":null,"weight":145,"page_count":110,"readership":null,"editor":"\u00c9ditions L'Harmattan","price":1350,"published_date":"2012-11-13T23:00:00.000000Z","support":"Grand format","publisher_availability":1,"stock":0,"editions":[],"url":"https:\/\/quaidesbrumes.com\/ouvrage\/9782336001753\/cantate"}]}