{"data":[{"id":"9782296122390","title":"Concordance des corps et des lettres","description":"Concordance des corps et des lettres relate avant toute chose les variations d'une exp\u00e9rience int\u00e9rieure (Les douleurs convalescentes\/Le bouleversement du monde). Un livre o\u00f9 l'existence du corps et de l'\u00e2me retracent le cheminement d'un \u00eatre \u00e0 la recherche de l'amour par-del\u00e0 la mort (Les arbres plus haut que la mort). Interrogeant les territoires de la m\u00e9moire, l'auteur utilise les diverses \u00e9motions que la langue lui donne (Le choix ail\u00e9 du po\u00e8me). Le po\u00e8me pour vivre autant que pour dire. Une \u00e9criture po\u00e9tique o\u00f9 le corps respire et souffle l'indicible.\r","authors":["Lionel Mar"],"category_codes":["1000000","1090000"],"visuals":{"large":"https:\/\/images.epagine.fr\/390\/9782296122390_1_75.jpg","medium":"https:\/\/images.epagine.fr\/390\/9782296122390_1_m.jpg","thumbnail":"https:\/\/images.epagine.fr\/390\/9782296122390_1_v.jpg"},"orderable":true,"show_badge":true,"formatted_price":"12,00&nbsp;\u20ac","formatted_published_date":"15 septembre 2010","publisher_availability_label":"Sur commande","short_details":"Lionel Mar \u2014 \u00c9ditions L'Harmattan","translator":null,"weight":125,"page_count":94,"readership":null,"editor":"\u00c9ditions L'Harmattan","price":1200,"published_date":"2010-09-14T22:00:00.000000Z","support":"Grand format","publisher_availability":1,"stock":0,"editions":[],"url":"https:\/\/quaidesbrumes.com\/ouvrage\/9782296122390\/concordance-des-corps-et-des-lettres"},{"id":"9782343053431","title":"Tessons de soleils","description":"Cruel monde o\u00f9 une partie de l'humanit\u00e9 est r\u00e9duite au statut de l'homme-sans : sans domicile fixe, sans s\u00e9curit\u00e9 sociale, sans papiers, sans emploi, sans allocations et m\u00eame sans po\u00e9sie. Le recueil de Barioumar, un ruban de mots qui se d\u00e9roule comme un po\u00e8me, universel. La langue est pure et rythm\u00e9e, l'amour, la col\u00e8re et l'ironie composent une trinit\u00e9 pour donner plus de force au texte.\r","authors":[],"category_codes":["1000000","1090000"],"visuals":{"large":"https:\/\/images.epagine.fr\/431\/9782343053431_1_75.jpg","medium":"https:\/\/images.epagine.fr\/431\/9782343053431_1_m.jpg","thumbnail":"https:\/\/images.epagine.fr\/431\/9782343053431_1_v.jpg"},"orderable":true,"show_badge":true,"formatted_price":"13,00&nbsp;\u20ac","formatted_published_date":"27 janvier 2015","publisher_availability_label":"Sur commande","short_details":"\u00c9ditions L'Harmattan","translator":null,"weight":125,"page_count":94,"readership":null,"editor":"\u00c9ditions L'Harmattan","price":1300,"published_date":"2015-01-26T23:00:00.000000Z","support":"Grand format","publisher_availability":1,"stock":0,"editions":[],"url":"https:\/\/quaidesbrumes.com\/ouvrage\/9782343053431\/tessons-de-soleils"},{"id":"9782912144454","title":"Constitution","description":null,"authors":["Grigorian Hovhannes"],"category_codes":["1000000","1090000"],"visuals":{"large":"https:\/\/quaidesbrumes.com\/img\/book-placeholder.png","medium":"https:\/\/quaidesbrumes.com\/img\/book-placeholder.png","thumbnail":"https:\/\/quaidesbrumes.com\/img\/book-placeholder.png"},"orderable":true,"show_badge":true,"formatted_price":"9,00&nbsp;\u20ac","formatted_published_date":"10 mars 2007","publisher_availability_label":"Sur commande","short_details":"Grigorian Hovhannes \u2014 Propos 2","translator":null,"weight":95,"page_count":null,"readership":null,"editor":"Propos 2","price":900,"published_date":"2007-03-09T23:00:00.000000Z","support":"Grand format","publisher_availability":1,"stock":0,"editions":[],"url":"https:\/\/quaidesbrumes.com\/ouvrage\/9782912144454\/constitution"},{"id":"9782910703134","title":"Poursuite d'Ulysse","description":null,"authors":["Andr\u00e9 Doms"],"category_codes":["1000000","1090000","1090600"],"visuals":{"large":"https:\/\/quaidesbrumes.com\/img\/book-placeholder.png","medium":"https:\/\/quaidesbrumes.com\/img\/book-placeholder.png","thumbnail":"https:\/\/quaidesbrumes.com\/img\/book-placeholder.png"},"orderable":true,"show_badge":true,"formatted_price":"11,00&nbsp;\u20ac","formatted_published_date":"10 novembre 1999","publisher_availability_label":"Sur commande","short_details":"Andr\u00e9 Doms \u2014 Maison De La Poesie","translator":null,"weight":89,"page_count":55,"readership":null,"editor":"Maison De La Poesie","price":1100,"published_date":"1999-11-09T23:00:00.000000Z","support":"Grand format","publisher_availability":1,"stock":0,"editions":[],"url":"https:\/\/quaidesbrumes.com\/ouvrage\/9782910703134\/poursuite-dulysse"},{"id":"9782910703257","title":"Le gant gauche : \u00e9glogues","description":null,"authors":["Pavlovie Miodrag"],"category_codes":["1000000","1090000","1090600"],"visuals":{"large":"https:\/\/quaidesbrumes.com\/img\/book-placeholder.png","medium":"https:\/\/quaidesbrumes.com\/img\/book-placeholder.png","thumbnail":"https:\/\/quaidesbrumes.com\/img\/book-placeholder.png"},"orderable":true,"show_badge":true,"formatted_price":"11,00&nbsp;\u20ac","formatted_published_date":"10 novembre 2006","publisher_availability_label":"Sur commande","short_details":"Pavlovie Miodrag \u2014 Maison De La Poesie","translator":null,"weight":234,"page_count":163,"readership":null,"editor":"Maison De La Poesie","price":1100,"published_date":"2006-11-09T23:00:00.000000Z","support":"Grand format","publisher_availability":1,"stock":0,"editions":[],"url":"https:\/\/quaidesbrumes.com\/ouvrage\/9782910703257\/le-gant-gauche-eglogues"},{"id":"9782910703158","title":"Ciel d'Europe","description":null,"authors":["De La Poesie Maison"],"category_codes":["1000000","1090000","1090600"],"visuals":{"large":"https:\/\/quaidesbrumes.com\/img\/book-placeholder.png","medium":"https:\/\/quaidesbrumes.com\/img\/book-placeholder.png","thumbnail":"https:\/\/quaidesbrumes.com\/img\/book-placeholder.png"},"orderable":true,"show_badge":true,"formatted_price":"11,00&nbsp;\u20ac","formatted_published_date":"10 d\u00e9cembre 2000","publisher_availability_label":"Sur commande","short_details":"De La Poesie Maison \u2014 Maison De La Poesie","translator":null,"weight":324,"page_count":228,"readership":null,"editor":"Maison De La Poesie","price":1100,"published_date":"2000-12-09T23:00:00.000000Z","support":"Grand format","publisher_availability":1,"stock":0,"editions":[],"url":"https:\/\/quaidesbrumes.com\/ouvrage\/9782910703158\/ciel-deurope"},{"id":"9782296544284","title":"\u00e0 coeur et \u00e0 cri","description":"\"Ecrire comme \u00e7a vient\" : voil\u00e0 r\u00e9sum\u00e9 le style de cet auteur qui se veut sans style. Une libert\u00e9 dans l'\u00e9criture qui laisse le soin \u00e0 l'inspiration de choisir son moule. Voici des po\u00e8mes de formes vari\u00e9es qui expriment tout ce qu'il peut avoir sur le coeur. C'est une voix qui appelle... un cri que vous entendrez toujours en lisant car c'est un cri de coeur.\r","authors":["Auguste Mfouapon"],"category_codes":["1000000","1090000"],"visuals":{"large":"https:\/\/images.epagine.fr\/284\/9782296544284_1_75.jpg","medium":"https:\/\/images.epagine.fr\/284\/9782296544284_1_m.jpg","thumbnail":"https:\/\/images.epagine.fr\/284\/9782296544284_1_v.jpg"},"orderable":true,"show_badge":true,"formatted_price":"12,50&nbsp;\u20ac","formatted_published_date":"16 f\u00e9vrier 2011","publisher_availability_label":"Sur commande","short_details":"Auguste Mfouapon \u2014 \u00c9ditions L'Harmattan","translator":null,"weight":140,"page_count":106,"readership":null,"editor":"\u00c9ditions L'Harmattan","price":1250,"published_date":"2011-02-15T23:00:00.000000Z","support":"Grand format","publisher_availability":1,"stock":0,"editions":[],"url":"https:\/\/quaidesbrumes.com\/ouvrage\/9782296544284\/a-coeur-et-a-cri"},{"id":"9782953453522","title":"Necrophage","description":null,"authors":["Lucas-Cornuau Julien"],"category_codes":["1000000","1090000"],"visuals":{"large":"https:\/\/quaidesbrumes.com\/img\/book-placeholder.png","medium":"https:\/\/quaidesbrumes.com\/img\/book-placeholder.png","thumbnail":"https:\/\/quaidesbrumes.com\/img\/book-placeholder.png"},"orderable":true,"show_badge":true,"formatted_price":"14,00&nbsp;\u20ac","formatted_published_date":"23 ao\u00fbt 2010","publisher_availability_label":"Sur commande","short_details":"Lucas-Cornuau Julien \u2014 Cornuault","translator":null,"weight":110,"page_count":null,"readership":null,"editor":"Cornuault","price":1400,"published_date":"2010-08-22T22:00:00.000000Z","support":"Grand format","publisher_availability":1,"stock":0,"editions":[],"url":"https:\/\/quaidesbrumes.com\/ouvrage\/9782953453522\/necrophage"},{"id":"9782296549067","title":"Aux confins des rivages de p\u00e9nombre","description":"Recherche 9782296549067\r","authors":["Anne Papa sada"],"category_codes":["1000000","1090000"],"visuals":{"large":"https:\/\/images.epagine.fr\/067\/9782296549067_1_75.jpg","medium":"https:\/\/images.epagine.fr\/067\/9782296549067_1_m.jpg","thumbnail":"https:\/\/images.epagine.fr\/067\/9782296549067_1_v.jpg"},"orderable":true,"show_badge":true,"formatted_price":"12,00&nbsp;\u20ac","formatted_published_date":"13 avril 2012","publisher_availability_label":"Sur commande","short_details":"Anne Papa sada \u2014 \u00c9ditions L'Harmattan","translator":null,"weight":115,"page_count":null,"readership":null,"editor":"\u00c9ditions L'Harmattan","price":1200,"published_date":"2012-04-12T22:00:00.000000Z","support":"Grand format","publisher_availability":1,"stock":0,"editions":[],"url":"https:\/\/quaidesbrumes.com\/ouvrage\/9782296549067\/aux-confins-des-rivages-de-penombre"},{"id":"9782856680940","title":"Tenir","description":null,"authors":["Georges Drano"],"category_codes":["1000000","1090000"],"visuals":{"large":"https:\/\/images.epagine.fr\/940\/9782856680940_1_75.jpg","medium":"https:\/\/images.epagine.fr\/940\/9782856680940_1_m.jpg","thumbnail":"https:\/\/images.epagine.fr\/940\/9782856680940_1_v.jpg"},"orderable":true,"show_badge":true,"formatted_price":"11,00&nbsp;\u20ac","formatted_published_date":"30 octobre 2003","publisher_availability_label":"Sur commande","short_details":"Georges Drano \u2014 Rougerie","translator":null,"weight":200,"page_count":null,"readership":null,"editor":"Rougerie","price":1100,"published_date":"2003-10-29T23:00:00.000000Z","support":"Grand format","publisher_availability":1,"stock":0,"editions":[],"url":"https:\/\/quaidesbrumes.com\/ouvrage\/9782856680940\/tenir"},{"id":"9782919141593","title":"Notre beau papillon","description":"Au cours dune merveilleuse balade po\u00e9tique, nous Les Amoureux de la Po\u00e9sie vous invitons \u00e0 d\u00e9couvrir les richesses de notre ch\u00e8re \u00eele d'Emeraude, La Guadeloupe.\r\nSites et monuments historiques, plages idylliques, vues panoramiques, muses d'arts et d'histoire, cadres paradisiaques, vestiges du pass\u00e9... n'auront plus, d\u00e9sormais, aucun secret pour vous.\r\n\r\nDans ce recueil, notre KARUKERA, notre ILE AUX BELLES EAUX, d\u00e9voile ses charmes et ses atouts \u00e0 travers chacune de ses villes.\r\nAlors, que vous soyez d'ici ou d'ailleurs, ne r\u00e9sistez point !\r\nInstallez-vous confortablement sur les ailes de Notre Beau Papillon et baladez-vous, sans mod\u00e9ration aucune, de ville en ville et d'\u00eele en \u00eele...\r","authors":["Collectif"],"category_codes":["1000000","1090000","1090600"],"visuals":{"large":"https:\/\/images.epagine.fr\/593\/9782919141593_1_75.jpg","medium":"https:\/\/images.epagine.fr\/593\/9782919141593_1_m.jpg","thumbnail":"https:\/\/images.epagine.fr\/593\/9782919141593_1_v.jpg"},"orderable":true,"show_badge":true,"formatted_price":"12,00&nbsp;\u20ac","formatted_published_date":"1er novembre 2018","publisher_availability_label":"Sur commande","short_details":"Collectif \u2014 Neg Mawon","translator":null,"weight":150,"page_count":82,"readership":null,"editor":"Neg Mawon","price":1200,"published_date":"2018-10-31T23:00:00.000000Z","support":"Revue","publisher_availability":1,"stock":0,"editions":[],"url":"https:\/\/quaidesbrumes.com\/ouvrage\/9782919141593\/notre-beau-papillon"},{"id":"9782910703301","title":"Florescence","description":null,"authors":["De La Poesie Maison"],"category_codes":["1000000","1090000","1090600"],"visuals":{"large":"https:\/\/quaidesbrumes.com\/img\/book-placeholder.png","medium":"https:\/\/quaidesbrumes.com\/img\/book-placeholder.png","thumbnail":"https:\/\/quaidesbrumes.com\/img\/book-placeholder.png"},"orderable":true,"show_badge":true,"formatted_price":"15,00&nbsp;\u20ac","formatted_published_date":"10 octobre 2010","publisher_availability_label":"Sur commande","short_details":"De La Poesie Maison \u2014 Maison De La Poesie","translator":null,"weight":225,"page_count":77,"readership":null,"editor":"Maison De La Poesie","price":1500,"published_date":"2010-10-09T22:00:00.000000Z","support":"Grand format","publisher_availability":1,"stock":0,"editions":[],"url":"https:\/\/quaidesbrumes.com\/ouvrage\/9782910703301\/florescence"},{"id":"9782930430027","title":"Cruelle innocence","description":null,"authors":["Kisalu? Dominique"],"category_codes":["1000000","1090000"],"visuals":{"large":"https:\/\/quaidesbrumes.com\/img\/book-placeholder.png","medium":"https:\/\/quaidesbrumes.com\/img\/book-placeholder.png","thumbnail":"https:\/\/quaidesbrumes.com\/img\/book-placeholder.png"},"orderable":true,"show_badge":true,"formatted_price":"15,00&nbsp;\u20ac","formatted_published_date":"2 janvier 2005","publisher_availability_label":"Sur commande","short_details":"Kisalu? Dominique \u2014 Artesis","translator":null,"weight":150,"page_count":null,"readership":null,"editor":"Artesis","price":1500,"published_date":"2005-01-01T23:00:00.000000Z","support":"Grand format","publisher_availability":1,"stock":0,"editions":[],"url":"https:\/\/quaidesbrumes.com\/ouvrage\/9782930430027\/cruelle-innocence"},{"id":"9782912144485","title":"Un je a l'essence d'amandes ameres","description":null,"authors":["Savoye Arnaud"],"category_codes":["1000000","1090000"],"visuals":{"large":"https:\/\/quaidesbrumes.com\/img\/book-placeholder.png","medium":"https:\/\/quaidesbrumes.com\/img\/book-placeholder.png","thumbnail":"https:\/\/quaidesbrumes.com\/img\/book-placeholder.png"},"orderable":true,"show_badge":true,"formatted_price":"9,00&nbsp;\u20ac","formatted_published_date":"10 juin 2007","publisher_availability_label":"Sur commande","short_details":"Savoye Arnaud \u2014 Propos 2","translator":null,"weight":60,"page_count":null,"readership":null,"editor":"Propos 2","price":900,"published_date":"2007-06-09T22:00:00.000000Z","support":"Grand format","publisher_availability":1,"stock":0,"editions":[],"url":"https:\/\/quaidesbrumes.com\/ouvrage\/9782912144485\/un-je-a-lessence-damandes-ameres"},{"id":"9782296561335","title":"Sous la cogn\u00e9e du vent","description":"Sous la cogn\u00e9e du vent est le r\u00e9cit po\u00e9tique d'un homme \"en qu\u00eate de v\u00e9rit\u00e9\". Pouss\u00e9 par le vent, cet homme doit marcher sans viatique ni destination pr\u00e9cise, traverser des \"paysages qui d\u00e9boussolent et d\u00e9sorientent\". En ces contr\u00e9es merveilleuses et terrifiantes, il pose son pas au gr\u00e9 des circonstances, c\u00f4toie la foule et les d\u00e9serts, poursuit sa route qui se d\u00e9fait - et s'invente - \u00e0 chaque nouvelle foul\u00e9e.\r","authors":["Pierre Valmont"],"category_codes":["1000000","1090000"],"visuals":{"large":"https:\/\/images.epagine.fr\/335\/9782296561335_1_75.jpg","medium":"https:\/\/images.epagine.fr\/335\/9782296561335_1_m.jpg","thumbnail":"https:\/\/images.epagine.fr\/335\/9782296561335_1_v.jpg"},"orderable":true,"show_badge":true,"formatted_price":"12,00&nbsp;\u20ac","formatted_published_date":"25 juillet 2011","publisher_availability_label":"Sur commande","short_details":"Pierre Valmont \u2014 \u00c9ditions L'Harmattan","translator":null,"weight":110,"page_count":82,"readership":null,"editor":"\u00c9ditions L'Harmattan","price":1200,"published_date":"2011-07-24T22:00:00.000000Z","support":"Grand format","publisher_availability":1,"stock":0,"editions":[],"url":"https:\/\/quaidesbrumes.com\/ouvrage\/9782296561335\/sous-la-cognee-du-vent"},{"id":"9782954266817","title":"L'ordonnance du crepuscule","description":null,"authors":["Jean-pierre Crespel"],"category_codes":["1000000","1090000"],"visuals":{"large":"https:\/\/quaidesbrumes.com\/img\/book-placeholder.png","medium":"https:\/\/quaidesbrumes.com\/img\/book-placeholder.png","thumbnail":"https:\/\/quaidesbrumes.com\/img\/book-placeholder.png"},"orderable":true,"show_badge":true,"formatted_price":"20,00&nbsp;\u20ac","formatted_published_date":"27 mars 2013","publisher_availability_label":"Sur commande","short_details":"Jean-pierre Crespel \u2014 La Feuille De The","translator":null,"weight":192,"page_count":null,"readership":null,"editor":"La Feuille De The","price":2000,"published_date":"2013-03-26T23:00:00.000000Z","support":"Grand format","publisher_availability":1,"stock":0,"editions":[],"url":"https:\/\/quaidesbrumes.com\/ouvrage\/9782954266817\/lordonnance-du-crepuscule"},{"id":"9782856680827","title":"L affuteuse","description":null,"authors":["Lison-Leroy F."],"category_codes":["1000000","1090000"],"visuals":{"large":"https:\/\/images.epagine.fr\/827\/9782856680827_1_75.jpg","medium":"https:\/\/images.epagine.fr\/827\/9782856680827_1_m.jpg","thumbnail":"https:\/\/images.epagine.fr\/827\/9782856680827_1_v.jpg"},"orderable":true,"show_badge":true,"formatted_price":"10,06&nbsp;\u20ac","formatted_published_date":"20 f\u00e9vrier 2002","publisher_availability_label":"Sur commande","short_details":"Lison-Leroy F. \u2014 Rougerie","translator":null,"weight":200,"page_count":null,"readership":null,"editor":"Rougerie","price":1006,"published_date":"2002-02-19T23:00:00.000000Z","support":"Grand format","publisher_availability":1,"stock":0,"editions":[],"url":"https:\/\/quaidesbrumes.com\/ouvrage\/9782856680827\/l-affuteuse"},{"id":"9782296555525","title":"Sens ; po\u00e8mes et textes 1961-2005","description":"Cet ouvrage contient cent vingt-cinq po\u00e8mes et textes \u00e9crits pas Francis Bailly entre 1961 et 2005. S'y entend la voix, forte et sensible, intime, d'un intellectuel engag\u00e9, penseur de son \u00e9poque, mais s'y d\u00e9voilent en m\u00eame temps les joies et les souffrances personnelles d'un individu ayant travers\u00e9 la vie et les \u00e9preuves avec intensit\u00e9, courage et dignit\u00e9. Tiss\u00e9es d'images cr\u00e9atives \u00e0 fort pouvoir \u00e9vocateur, les paroles de Francis Bailly sont profondes et empreintes de signification universelle.\r","authors":["Francis Bailly"],"category_codes":["1000000","1090000"],"visuals":{"large":"https:\/\/images.epagine.fr\/525\/9782296555525_1_75.jpg","medium":"https:\/\/images.epagine.fr\/525\/9782296555525_1_m.jpg","thumbnail":"https:\/\/images.epagine.fr\/525\/9782296555525_1_v.jpg"},"orderable":true,"show_badge":true,"formatted_price":"21,50&nbsp;\u20ac","formatted_published_date":"10 janvier 2012","publisher_availability_label":"Sur commande","short_details":"Francis Bailly \u2014 \u00c9ditions L'Harmattan","translator":null,"weight":255,"page_count":206,"readership":null,"editor":"\u00c9ditions L'Harmattan","price":2150,"published_date":"2012-01-09T23:00:00.000000Z","support":"Grand format","publisher_availability":1,"stock":0,"editions":[],"url":"https:\/\/quaidesbrumes.com\/ouvrage\/9782296555525\/sens-poemes-et-textes-1961-2005"},{"id":"9782849215838","title":"Po\u00e8mes du si\u00e8cle pass\u00e9","description":"\"J'avais toujours en mimoire les quelques pohmes icrits pour Ninon, iparpillis g` et l` dans les nombreuses lettres que nous ichangebmes. Notre correspondance commenga ` l'occasion de mon service militaire en Allemagne, entre 1953 et 1955, et continua durant les dicennies qui suivirent ;\r\n C'est avec ces mots que Michel Rostaing ouvre son recueil. A travers des textes en vers et en prose toujours chantants, il retrace, avec le formidable talent de conteur qui est le sien, son histoire et celle de son ipoque. Un ouvrage singulier, qui s'inscrit dans le genre de la poisie autobiographique.\"","authors":["Michel Rostaing"],"category_codes":["1000000","1090000","1090600"],"visuals":{"large":"https:\/\/images.epagine.fr\/838\/9782849215838_1_75.jpg","medium":"https:\/\/images.epagine.fr\/838\/9782849215838_1_m.jpg","thumbnail":"https:\/\/images.epagine.fr\/838\/9782849215838_1_v.jpg"},"orderable":true,"show_badge":true,"formatted_price":"10,00&nbsp;\u20ac","formatted_published_date":"4 avril 2022","publisher_availability_label":"Sur commande","short_details":"Michel Rostaing \u2014 Editions Thot","translator":null,"weight":99,"page_count":68,"readership":null,"editor":"Editions Thot","price":1000,"published_date":"2022-04-03T22:00:00.000000Z","support":"Grand format","publisher_availability":1,"stock":0,"editions":[],"url":"https:\/\/quaidesbrumes.com\/ouvrage\/9782849215838\/poemes-du-siecle-passe"},{"id":"9782856680957","title":"Clinique","description":null,"authors":["Hennart Marcel"],"category_codes":["1000000","1090000"],"visuals":{"large":"https:\/\/images.epagine.fr\/957\/9782856680957_1_75.jpg","medium":"https:\/\/images.epagine.fr\/957\/9782856680957_1_m.jpg","thumbnail":"https:\/\/images.epagine.fr\/957\/9782856680957_1_v.jpg"},"orderable":true,"show_badge":true,"formatted_price":"11,00&nbsp;\u20ac","formatted_published_date":"30 octobre 2003","publisher_availability_label":"Sur commande","short_details":"Hennart Marcel \u2014 Rougerie","translator":null,"weight":200,"page_count":null,"readership":null,"editor":"Rougerie","price":1100,"published_date":"2003-10-29T23:00:00.000000Z","support":"Grand format","publisher_availability":1,"stock":0,"editions":[],"url":"https:\/\/quaidesbrumes.com\/ouvrage\/9782856680957\/clinique"},{"id":"9782856680735","title":"Ce reve interieur","description":null,"authors":["Jean Chaudier"],"category_codes":["1000000","1090000"],"visuals":{"large":"https:\/\/images.epagine.fr\/735\/9782856680735_1_75.jpg","medium":"https:\/\/images.epagine.fr\/735\/9782856680735_1_m.jpg","thumbnail":"https:\/\/images.epagine.fr\/735\/9782856680735_1_v.jpg"},"orderable":true,"show_badge":true,"formatted_price":"13,26&nbsp;\u20ac","formatted_published_date":"15 mai 2001","publisher_availability_label":"Sur commande","short_details":"Jean Chaudier \u2014 Rougerie","translator":null,"weight":250,"page_count":null,"readership":null,"editor":"Rougerie","price":1326,"published_date":"2001-05-14T22:00:00.000000Z","support":"Grand format","publisher_availability":1,"stock":0,"editions":[],"url":"https:\/\/quaidesbrumes.com\/ouvrage\/9782856680735\/ce-reve-interieur"},{"id":"9782912144492","title":"Calme aimant le monde","description":null,"authors":["De Crozal Jean-Marie"],"category_codes":["1000000","1090000"],"visuals":{"large":"https:\/\/quaidesbrumes.com\/img\/book-placeholder.png","medium":"https:\/\/quaidesbrumes.com\/img\/book-placeholder.png","thumbnail":"https:\/\/quaidesbrumes.com\/img\/book-placeholder.png"},"orderable":true,"show_badge":true,"formatted_price":"9,00&nbsp;\u20ac","formatted_published_date":"10 juillet 2007","publisher_availability_label":"Sur commande","short_details":"De Crozal Jean-Marie \u2014 Propos 2","translator":null,"weight":100,"page_count":null,"readership":null,"editor":"Propos 2","price":900,"published_date":"2007-07-09T22:00:00.000000Z","support":"Grand format","publisher_availability":1,"stock":0,"editions":[],"url":"https:\/\/quaidesbrumes.com\/ouvrage\/9782912144492\/calme-aimant-le-monde"},{"id":"9782379120534","title":"Parle pour les murs","description":"Les textes qui constituent ce recueil ont tous \u00e9t\u00e9 \u00e9crits en \u00e9cho \u00e0 un \u00e9v\u00e9nement, une situation, ou en dialogue avec une oeuvre. Comme des croquis pris sur le vif, in situ.\r\nJ'ai choisi de r\u00e9unir ces po\u00e8mes autour d'une unit\u00e9 d'\u00e9nergie, de forme et de ton que je leur trouvais. Les \u00ab pierres \u00bb de mon \u00e9difice \u00e9taient donn\u00e9es, mais cela ne suffisait pas \u00e0 le faire tenir debout. Comment \u00e0 partir de cela \u00e9laborer un ensemble qui se tienne sans trop d'artifice ?\r\nIl y avait pas mal de murs et d'ouvertures qui revenaient dans mon champ lexical, et j'ai eu l'intuition que je pourrais organiser quelque chose autour de ce d\u00e9nominateur commun. Partant, j'ai donn\u00e9 \u00e0 chaque texte un titre, et je me suis essay\u00e9e \u00e0 construire quelque chose \u00e0 partir de ces mots comme si je dressais un plan avec une sorte de logique architecturale : \u00ab entr\u00e9e\/accueil\/ assembl\u00e9e \/ tribune \u00bb.\r\nJ'ai dessin\u00e9 ainsi une succession de pi\u00e8ces mentales en enfilade sur quatre niveaux. Des lieux d'o\u00f9 se disent des paroles. Un peu labyrinthique. \u00c0 mon grand \u00e9tonnement cet ordre donnait au corpus une forme et une tenue. \u00c0 quelques d\u00e9tails pr\u00e8s, aucune autre organisation ne m'a parue si coh\u00e9rente. Puis j'ai effac\u00e9 les titres qui brouillaient la lecture. Le texte Parle pour les murs, que j'ai choisi de mettre en exergue et dont le titre a donn\u00e9 son nom au recueil m'est venu apr\u00e8s coup.\r\nIl donne le ton, et tient lieu d'introduction.","authors":["Nathalie Picard"],"category_codes":["1000000","1090000"],"visuals":{"large":"https:\/\/images.epagine.fr\/534\/9782379120534_1_75.jpg","medium":"https:\/\/images.epagine.fr\/534\/9782379120534_1_m.jpg","thumbnail":"https:\/\/images.epagine.fr\/534\/9782379120534_1_v.jpg"},"orderable":true,"show_badge":true,"formatted_price":"12,00&nbsp;\u20ac","formatted_published_date":"13 avril 2023","publisher_availability_label":"Sur commande","short_details":"Nathalie Picard \u2014 Et Le Bruit De Ses Talons","translator":null,"weight":100,"page_count":96,"readership":null,"editor":"Et Le Bruit De Ses Talons","price":1200,"published_date":"2023-04-12T22:00:00.000000Z","support":"Grand format","publisher_availability":1,"stock":0,"editions":[],"url":"https:\/\/quaidesbrumes.com\/ouvrage\/9782379120534\/parle-pour-les-murs"},{"id":"9782856680988","title":"L adresse a la voix","description":null,"authors":["Jeanine Baude"],"category_codes":["1000000","1090000"],"visuals":{"large":"https:\/\/images.epagine.fr\/988\/9782856680988_1_75.jpg","medium":"https:\/\/images.epagine.fr\/988\/9782856680988_1_m.jpg","thumbnail":"https:\/\/images.epagine.fr\/988\/9782856680988_1_v.jpg"},"orderable":true,"show_badge":true,"formatted_price":"14,00&nbsp;\u20ac","formatted_published_date":"30 octobre 2003","publisher_availability_label":"Sur commande","short_details":"Jeanine Baude \u2014 Rougerie","translator":null,"weight":300,"page_count":null,"readership":null,"editor":"Rougerie","price":1400,"published_date":"2003-10-29T23:00:00.000000Z","support":"Grand format","publisher_availability":1,"stock":0,"editions":[],"url":"https:\/\/quaidesbrumes.com\/ouvrage\/9782856680988\/l-adresse-a-la-voix"}]}