{"data":[{"id":"9782919121083","title":"Fiction de l'absence","description":null,"authors":["- Melkonian Mallarme"],"category_codes":["1000000","1090000"],"visuals":{"large":"https:\/\/images.epagine.fr\/083\/9782919121083_1_75.jpg","medium":"https:\/\/images.epagine.fr\/083\/9782919121083_1_m.jpg","thumbnail":"https:\/\/images.epagine.fr\/083\/9782919121083_1_v.jpg"},"orderable":true,"show_badge":true,"formatted_price":"15,00&nbsp;\u20ac","formatted_published_date":"23 janvier 2013","publisher_availability_label":"Sur commande","short_details":"- Melkonian Mallarme \u2014 ECARTS","translator":null,"weight":110,"page_count":null,"readership":null,"editor":"ECARTS","price":1500,"published_date":"2013-01-22T23:00:00.000000Z","support":"Grand format","publisher_availability":1,"stock":0,"editions":[],"url":"https:\/\/quaidesbrumes.com\/ouvrage\/9782919121083\/fiction-de-labsence"},{"id":"9782810611928","title":"Les marronniers de Valros","description":"Le marronnier : en journalisme, un article consacr\u00e9 \u00e0 un \u00e9v\u00e9nement revenant chaque ann\u00e9e \u00e0 date fixe.\r\nLe scrapbooking : enjoliver un simple album-photos avec un commentaire, un dessin, une fioriture.\r\n\r\nMerci \u00e0 MIDI LIBRE d'avoir rallum\u00e9 une \u00e9tincelle. En route vers la r\u00e9silience de Boris Cyrulnik. Le cycle des Marronniers rend ma vie plus supportable.\r\n\r\nMerci \u00e0 VALROS. Nous avons plant\u00e9, de concert, quelques marronniers vigoureux et beaux (sportif, urbain, touristique, Ali Baba, people, paroissial, symphonique).\r\n\r\nBienvenue chez vous en feuilletant cet album, au milieu des photos et des mots porteurs de souvenirs, de sens, tra\u00e7ant des itin\u00e9raires lumineux au coeur du chant des hommes et des \u00e9v\u00e8nements qui ont fauss\u00e9 compagnie au temps.\r","authors":["Laure Emmagues"],"category_codes":["1000000","1090000"],"visuals":{"large":"https:\/\/images.epagine.fr\/928\/9782810611928_1_75.jpg","medium":"https:\/\/images.epagine.fr\/928\/9782810611928_1_m.jpg","thumbnail":"https:\/\/images.epagine.fr\/928\/9782810611928_1_v.jpg"},"orderable":true,"show_badge":true,"formatted_price":"24,00&nbsp;\u20ac","formatted_published_date":"10 f\u00e9vrier 2011","publisher_availability_label":"Sur commande","short_details":"Laure Emmagues \u2014 Books on Demand","translator":null,"weight":501,"page_count":296,"readership":null,"editor":"Books on Demand","price":2400,"published_date":"2011-02-09T23:00:00.000000Z","support":"Grand format","publisher_availability":1,"stock":0,"editions":[],"url":"https:\/\/quaidesbrumes.com\/ouvrage\/9782810611928\/les-marronniers-de-valros"},{"id":"9782952128650","title":"Les ailes de l'aurore","description":"Les Ailes de l'aurore de Charles Turenne Ravillon Ce recueil de po\u00e8mes et de cantiques se pr\u00e9sente comme une vulgarisation de la Bible, voire des Psaumes bibliques. Il s'exprime avec des exemples d'aujourd'hui, afin que chacun puisse trouver une r\u00e9ponse \u00e0 ses questionnements.\r\n\r\nIl nous enseigne par ses po\u00e8mes \u00e0 mettre l'amour, l'esp\u00e9rance et la pers\u00e9v\u00e9rance au coeur de nos actions. La foi quel que soit l'obstacle qui gravite autour d'elle est la seule issue bienheureuse pour les coeurs amoureux.\r\n\r\n\r\n\r\n\"Les Ailes de l'aurore\", c' est une fusion, une rencontre merveilleuse entre trois \u00e9l\u00e9ments essentiels \u00e0 notre vie\u00a0: la po\u00e9sie, qui nous porte au-del\u00e0 de la raison, la musique et son rythme qui bercent notre coeur, et la foi qui soulage l'\u00e2me. En pri\u00e8re ou en simple lecture po\u00e9tique, chaque po\u00e8me portera Les Ailes de l'aurore comme dans un voyage initiatique de l'\u00eatre vers la r\u00e9surrection.\r\n\r\n\r\n\r\nUn tr\u00e8s bon moment de lecture et de r\u00e9confort.\r","authors":["Charles Ravillon"],"category_codes":["1000000","1090000"],"visuals":{"large":"https:\/\/images.epagine.fr\/650\/9782952128650_1_75.jpg","medium":"https:\/\/images.epagine.fr\/650\/9782952128650_1_m.jpg","thumbnail":"https:\/\/images.epagine.fr\/650\/9782952128650_1_v.jpg"},"orderable":true,"show_badge":true,"formatted_price":"15,00&nbsp;\u20ac","formatted_published_date":"13 septembre 2012","publisher_availability_label":"Sur commande","short_details":"Charles Ravillon \u2014 Hugues Facorat","translator":null,"weight":108,"page_count":70,"readership":null,"editor":"Hugues Facorat","price":1500,"published_date":"2012-09-12T22:00:00.000000Z","support":"Grand format","publisher_availability":1,"stock":0,"editions":[],"url":"https:\/\/quaidesbrumes.com\/ouvrage\/9782952128650\/les-ailes-de-laurore"},{"id":"9782354852757","title":"Vagues poetiques","description":"Nicole Coppey puise son inspiration dans le monde qui l'entoure. Dans ces \"\"Vagues po\u00e9tiques\"\", c'est Cadaqu\u00e9s, magnifique village catalan bord\u00e9 par la mer, refuge de c\u00e9l\u00e8bres artistes et autrefois cher \u00e0 Dali, qui en est l'objet. Et la mer, aux multiples visages, discr\u00e8te ou d\u00e9cha\u00een\u00e9e, claire ou sombre, douce et pr\u00e9cieuse, en est le fil conducteur. Les couleurs, les formes et les odeurs sont cr\u00e9atrices de sensations qui progressent et prennent la forme de vagues ; le son de l'\u00e9cume, l'odeur sal\u00e9e de la mar\u00e9e et la douce caresse du vent forment alors une m\u00e9taphore lyrique de la vie dans toute sa splendeur.\r","authors":["Nicole Coppey"],"category_codes":["1000000","1090000"],"visuals":{"large":"https:\/\/quaidesbrumes.com\/img\/book-placeholder.png","medium":"https:\/\/quaidesbrumes.com\/img\/book-placeholder.png","thumbnail":"https:\/\/quaidesbrumes.com\/img\/book-placeholder.png"},"orderable":true,"show_badge":true,"formatted_price":"12,00&nbsp;\u20ac","formatted_published_date":"1er d\u00e9cembre 2011","publisher_availability_label":"Sur commande","short_details":"Nicole Coppey \u2014 JETS D'ENCRE","translator":null,"weight":75,"page_count":null,"readership":null,"editor":"JETS D'ENCRE","price":1200,"published_date":"2011-11-30T23:00:00.000000Z","support":"Grand format","publisher_availability":1,"stock":0,"editions":[],"url":"https:\/\/quaidesbrumes.com\/ouvrage\/9782354852757\/vagues-poetiques"},{"id":"9782914688871","title":"43 post-it","description":null,"authors":["Sarah Riggs"],"category_codes":["1000000","1090000"],"visuals":{"large":"https:\/\/images.epagine.fr\/871\/9782914688871_1_75.jpg","medium":"https:\/\/images.epagine.fr\/871\/9782914688871_1_m.jpg","thumbnail":"https:\/\/images.epagine.fr\/871\/9782914688871_1_v.jpg"},"orderable":true,"show_badge":true,"formatted_price":"6,50&nbsp;\u20ac","formatted_published_date":"1er f\u00e9vrier 2009","publisher_availability_label":"Sur commande","short_details":"Sarah Riggs \u2014 De L'Attente","translator":null,"weight":60,"page_count":null,"readership":null,"editor":"De L'Attente","price":650,"published_date":"2009-01-31T23:00:00.000000Z","support":"Grand format","publisher_availability":1,"stock":0,"editions":[],"url":"https:\/\/quaidesbrumes.com\/ouvrage\/9782914688871\/43-post-it"},{"id":"9782354851347","title":"P\u00e9tales de roses","description":"Ecaterina Stanculeanu-Guillemin puise son inspiration dans la nature et les instants du quotidien. Sensible au monde qui l'entoure et r\u00e9solument passionn\u00e9e, sa po\u00e9sie nous transporte dans un univers o\u00f9 se m\u00ealent paysages, souvenirs, amour, interrogations et m\u00e9lancolies. P\u00e9tales de roses exprime la beaut\u00e9 des choses, nous entra\u00eene dans la dynamique du bonheur, tout en nous enveloppant de r\u00eave et de pl\u00e9nitude.\r\nUne \u00e9criture fragile et a\u00e9rienne, empreinte d'\u00e9motions et de sentiments universels, dans laquelle chacun pourra se retrouver.","authors":["Ecaterina Tanculeanu-Guillemin"],"category_codes":["1000000","1090000","1090600"],"visuals":{"large":"https:\/\/images.epagine.fr\/347\/9782354851347_1_75.jpg","medium":"https:\/\/images.epagine.fr\/347\/9782354851347_1_m.jpg","thumbnail":"https:\/\/images.epagine.fr\/347\/9782354851347_1_v.jpg"},"orderable":true,"show_badge":true,"formatted_price":"12,00&nbsp;\u20ac","formatted_published_date":"1er septembre 2021","publisher_availability_label":"Sur commande","short_details":"Ecaterina Tanculeanu-Guillemin \u2014 JETS D'ENCRE","translator":null,"weight":49,"page_count":52,"readership":null,"editor":"JETS D'ENCRE","price":1200,"published_date":"2021-08-31T22:00:00.000000Z","support":"Grand format","publisher_availability":1,"stock":0,"editions":[],"url":"https:\/\/quaidesbrumes.com\/ouvrage\/9782354851347\/petales-de-roses"},{"id":"9782296565616","title":"R\u00e9miniscence","description":"Avec bravoure, poursuis ta route \/ Jalonn\u00e9e d'obstacles et de difficult\u00e9s \/ Sans d\u00e9vier de tes convictions. \/ Fuis les fallacieuses concessions. \/ Une nuit sereine, \u00e9toil\u00e9e, \/ Suivie du jour ensoleill\u00e9 \/ Sera l'aboutissement \/ De ta formidable obstination.\r","authors":["Abder Zegout"],"category_codes":["1000000","1090000"],"visuals":{"large":"https:\/\/images.epagine.fr\/616\/9782296565616_1_75.jpg","medium":"https:\/\/images.epagine.fr\/616\/9782296565616_1_m.jpg","thumbnail":"https:\/\/images.epagine.fr\/616\/9782296565616_1_v.jpg"},"orderable":true,"show_badge":true,"formatted_price":"13,00&nbsp;\u20ac","formatted_published_date":"26 octobre 2011","publisher_availability_label":"Sur commande","short_details":"Abder Zegout \u2014 \u00c9ditions L'Harmattan","translator":null,"weight":160,"page_count":124,"readership":null,"editor":"\u00c9ditions L'Harmattan","price":1300,"published_date":"2011-10-25T22:00:00.000000Z","support":"Grand format","publisher_availability":1,"stock":0,"editions":[],"url":"https:\/\/quaidesbrumes.com\/ouvrage\/9782296565616\/reminiscence"},{"id":"9782918444428","title":"H comme...","description":"Apr\u00e8s Treize Po\u00e8mes de Ren\u00e9e Vivien, livre blanc lesbien avec CD, \u00e9galement illustr\u00e9 de dessins originaux , voici H comme... , livre blanc gar\u00e7onnier. Le titre fait d'abord allusion au pr\u00e9nom de l'auteur des dessins homo\u00e9rotiques, mais la lettre H, outre l'Hommage \u00e0 un artiste qui a collabor\u00e9 \u00e0 trois autres titres des \u00e9ditions EO, renvoie \u00e0 bien d'autres choses....\r\nY sont r\u00e9unis des po\u00e8mes inspir\u00e9s par l'\u00e9rotisme gay. Pas plus que les dessins n'illustrent les po\u00e8mes, ceux-ci n'illustrent les dessins. Ils proviennent de litt\u00e9ratures classiques diverses, aussi bien fran\u00e7aise qu'\u00e9trang\u00e8re. S'y c\u00f4toient entre autres W. H. Auden, Edward Carpenter, Cavafis, Crevel, Garcia Lorca, Stefan George, Kouzmine, Germain Nouveau, Pasolini, Pessoa, August von Platen, Rimbaud, Shakespeare, Verlaine, Virgile, Whitman...\r\nOn trouvera ces po\u00e8mes dans leur langue originale, avec en face leur traduction. Tous, accompagnant les dessins de l'artiste, expriment peu ou prou l'amour homo\u00e9rotique. Le sous-titre Po\u00e8mes d'hier, images d'aujourd'hui, explicite cet assemblage de textes litt\u00e9raires et de dessins.\r\nEn raison de la renomm\u00e9e de l'artiste, l'avant-propos est pr\u00e9sent\u00e9 en quatre langues : fran\u00e7ais, allemand, anglais et n\u00e9erlandais.\r\nCe livre est r\u00e9serv\u00e9 \u00e0 un public adulte.\r","authors":["Hannes Steinert"],"category_codes":["1000000","1020000","1021300","1021304"],"visuals":{"large":"https:\/\/images.epagine.fr\/428\/9782918444428_1_75.jpg","medium":"https:\/\/images.epagine.fr\/428\/9782918444428_1_m.jpg","thumbnail":"https:\/\/images.epagine.fr\/428\/9782918444428_1_v.jpg"},"orderable":true,"show_badge":true,"formatted_price":"18,50&nbsp;\u20ac","formatted_published_date":"1er novembre 2019","publisher_availability_label":"Sur commande","short_details":"Hannes Steinert \u2014 Erosonyx","translator":null,"weight":300,"page_count":144,"readership":"+ de 18 ans","editor":"Erosonyx","price":1850,"published_date":"2019-10-31T23:00:00.000000Z","support":"Beaux-livres","publisher_availability":1,"stock":0,"editions":[],"url":"https:\/\/quaidesbrumes.com\/ouvrage\/9782918444428\/h-comme"},{"id":"9782917250129","title":"Un chien sous la lune","description":null,"authors":["Nadia Esteba"],"category_codes":["1000000","1090000"],"visuals":{"large":"https:\/\/quaidesbrumes.com\/img\/book-placeholder.png","medium":"https:\/\/quaidesbrumes.com\/img\/book-placeholder.png","thumbnail":"https:\/\/quaidesbrumes.com\/img\/book-placeholder.png"},"orderable":true,"show_badge":true,"formatted_price":"16,00&nbsp;\u20ac","formatted_published_date":"6 janvier 2009","publisher_availability_label":"Sur commande","short_details":"Nadia Esteba \u2014 De La Mouette","translator":null,"weight":190,"page_count":null,"readership":null,"editor":"De La Mouette","price":1600,"published_date":"2009-01-05T23:00:00.000000Z","support":"Grand format","publisher_availability":1,"stock":0,"editions":[],"url":"https:\/\/quaidesbrumes.com\/ouvrage\/9782917250129\/un-chien-sous-la-lune"},{"id":"9782350340531","title":"On ne saurait penser \u00e0 tout","description":null,"authors":["Alfred de Musset"],"category_codes":["1000000","1090000"],"visuals":{"large":"https:\/\/quaidesbrumes.com\/img\/book-placeholder.png","medium":"https:\/\/quaidesbrumes.com\/img\/book-placeholder.png","thumbnail":"https:\/\/quaidesbrumes.com\/img\/book-placeholder.png"},"orderable":true,"show_badge":true,"formatted_price":"10,00&nbsp;\u20ac","formatted_published_date":"15 janvier 2008","publisher_availability_label":"Sur commande","short_details":"Alfred de Musset \u2014 Eponymes","translator":null,"weight":100,"page_count":null,"readership":null,"editor":"Eponymes","price":1000,"published_date":"2008-01-14T23:00:00.000000Z","support":"CD Audio","publisher_availability":1,"stock":0,"editions":["9782917758991"],"url":"https:\/\/quaidesbrumes.com\/ouvrage\/9782350340531\/on-ne-saurait-penser-a-tout"},{"id":"9782810613977","title":"L'Italie po\u00e9tique : prose et vers","description":"Dans son premier recueil de po\u00e9sie, l'auteur nous invite \u00e0 d\u00e9couvrir l'Italie d'une fa\u00e7on inhabituelle. Son regard sur ce pays voisin est empreint d'exhaltation et de finesse. Elle distille avec \u00e9l\u00e9gance ses textes lumineux et nous entra\u00eene dans ses visions po\u00e9tiques de villes ou de lieux que nous connaissons pour la plupart mais qui, sous sa plume, semblent changer de visage. Le po\u00e8te nous d\u00e9voile leur histoire ou leur secret dans un floril\u00e8ge de mots sculpt\u00e9s avec brio.\r","authors":["Sylvie Pellet"],"category_codes":["1000000","1090000"],"visuals":{"large":"https:\/\/images.epagine.fr\/977\/9782810613977_1_75.jpg","medium":"https:\/\/images.epagine.fr\/977\/9782810613977_1_m.jpg","thumbnail":"https:\/\/images.epagine.fr\/977\/9782810613977_1_v.jpg"},"orderable":true,"show_badge":true,"formatted_price":"13,00&nbsp;\u20ac","formatted_published_date":"20 juillet 2011","publisher_availability_label":"Sur commande","short_details":"Sylvie Pellet \u2014 Books on Demand","translator":null,"weight":301,"page_count":82,"readership":null,"editor":"Books on Demand","price":1300,"published_date":"2011-07-19T22:00:00.000000Z","support":"Grand format","publisher_availability":1,"stock":0,"editions":[],"url":"https:\/\/quaidesbrumes.com\/ouvrage\/9782810613977\/litalie-poetique-prose-et-vers"},{"id":"9782915412765","title":"Alphabet de l heure bleue","description":"Alphabet de l'heure bleue est le livre d'une couleur, le bleu ; il est \u00e9galement le livre d'un temps, la nuit, qui est aussi un espace.\r\nMais il s'agit essentiellement d'une parole en qu\u00eate d'elle-m\u00eame. Une qu\u00eate \u00e0 l'issue de laquelle le veilleur, parvenu enfin \u00e0 \u00e9peler son propre alphabet, tente de conna\u00eetre sa v\u00e9ritable identit\u00e9. Il donne forme \u00e0 la parole qui s'achemine vers le silence. Silence quasiment mystique, \u00e0 l'image de cette lumi\u00e8re int\u00e9rieure caract\u00e9risant le bleu de nuit, ou encore de cette m\u00e9lancolie roborative v\u00e9cue pleinement par l'\u00e9veill\u00e9 qui embrasse des yeux, au terme d'une nuit blanche, l'heure bleue.\r","authors":["Aymen Hacen"],"category_codes":["1000000","1090000"],"visuals":{"large":"https:\/\/images.epagine.fr\/765\/9782915412765_1_75.jpg","medium":"https:\/\/images.epagine.fr\/765\/9782915412765_1_m.jpg","thumbnail":"https:\/\/images.epagine.fr\/765\/9782915412765_1_v.jpg"},"orderable":true,"show_badge":true,"formatted_price":"10,00&nbsp;\u20ac","formatted_published_date":"12 mars 2007","publisher_availability_label":"Sur commande","short_details":"Aymen Hacen \u2014 Jean Pierre Huguet","translator":null,"weight":145,"page_count":null,"readership":null,"editor":"Jean Pierre Huguet","price":1000,"published_date":"2007-03-11T23:00:00.000000Z","support":"Grand format","publisher_availability":1,"stock":0,"editions":[],"url":"https:\/\/quaidesbrumes.com\/ouvrage\/9782915412765\/alphabet-de-l-heure-bleue"},{"id":"9782841096671","title":"Loup, pourquoi te caches-tu ?","description":"Dans un monde o\u00f9 la force prime le Droit, et o\u00f9 de la conqu\u00eate du S\u00e9n\u00e9gal \u00e0 Abou Ghra\u00efb les attaques frontales sans soutien font le jeu de l'ennemi, Vivre est indispensable ; telle est la loi des \u00ab Claque-dents \u00bb, vagabonds burlesques et indociles. Confront\u00e9 \u00e0 la violence, \u00e0 la guerre, aux \u00ab Rantanplans \u00bb casqu\u00e9s, bott\u00e9s et de tous bords, le po\u00e8te a bien le droit de respirer un brin, d'entr'ouvrir la petite fen\u00eatre champ\u00eatre et na\u00efve. D\u00e9non\u00e7ant l'absurdit\u00e9 du discours et des comportements et de la bonne conscience des vainqueurs qui envoient Bambot\u00e9 au Chemin des Dames et le traine-mis\u00e8re \u00e0 la Soupe Populaire, le po\u00e8te fait retour \u00e0 la petite maison qui trotte dans la t\u00eate de chacun et se souvient des amours d'antan, de la jeunesse et des petits bonheurs du petit quotidien. Avec Loup, pourquoi te caches-tu ? , son deuxi\u00e8me recueil de po\u00e9sie paru au Temps des Cerises, l'auteur de La Ville te guette au coin du bois signe un plastiquage alerte de la connerie ambiante.\r","authors":["Fran\u00e7oise Leclerc"],"category_codes":["1000000","1090000"],"visuals":{"large":"https:\/\/images.epagine.fr\/671\/9782841096671_1_75.jpg","medium":"https:\/\/images.epagine.fr\/671\/9782841096671_1_m.jpg","thumbnail":"https:\/\/images.epagine.fr\/671\/9782841096671_1_v.jpg"},"orderable":true,"show_badge":true,"formatted_price":"12,00&nbsp;\u20ac","formatted_published_date":"21 juin 2007","publisher_availability_label":"Sur commande","short_details":"Fran\u00e7oise Leclerc \u2014 LE TEMPS DES CERISES","translator":null,"weight":0,"page_count":231,"readership":null,"editor":"LE TEMPS DES CERISES","price":1200,"published_date":"2007-06-20T22:00:00.000000Z","support":"Poche","publisher_availability":1,"stock":0,"editions":[],"url":"https:\/\/quaidesbrumes.com\/ouvrage\/9782841096671\/loup-pourquoi-te-caches-tu"},{"id":"9782243044775","title":"L'homme est une \u00eele ancr\u00e9e dans ses \u00e9motions","description":"\u00ab L'Homme est une \u00eele  ancr\u00e9e dans ses \u00e9motions \u00bb est le deuxi\u00e8me volet du diptyque \u00ab Surr\u00e9alisme, encore et toujours ! \u00bb, cr\u00e9e en 2010, par la Compagnie Erinna, \u00e0 la Maison de la Po\u00e9sie de Saint Quentin-en-Yvelines. Le r\u00e9cit a pour but de rendre le po\u00e8te familier \u00e0 ceux qui \u00e9coutent ses vers et de supprimer la distance entre l'\u00eatre (la vie) et le faire (la po\u00e9sie). Il est ponctu\u00e9 d'un ensemble de po\u00e8mes qui refl\u00e8tent l'itin\u00e9raire de leur auteur et traitent des grands th\u00e8mes qui jalonnent sa po\u00e9sie, tels que la r\u00e9volte, l'amour, le r\u00eave, l'histoire, le voyage et la rencontre avec d'autres po\u00e8tes et cr\u00e9ateurs. Car, c'est aussi en parlant de l'Autre que le po\u00e8te se d\u00e9voile, nous invitant \u00e0 un voyage passionnant \u00e0 travers notre temps. Il traverse les ann\u00e9es toutes r\u00e9centes et d'autres, plus \u00e9loign\u00e9es, avec la fougue et la force du chant qui lui sont propres.","authors":["Christophe Dauphin"],"category_codes":["1000000","1090000"],"visuals":{"large":"https:\/\/images.epagine.fr\/775\/9782243044775_1_75.jpg","medium":"https:\/\/images.epagine.fr\/775\/9782243044775_1_m.jpg","thumbnail":"https:\/\/images.epagine.fr\/775\/9782243044775_1_v.jpg"},"orderable":true,"show_badge":true,"formatted_price":"15,00&nbsp;\u20ac","formatted_published_date":"12 novembre 2010","publisher_availability_label":"Sur commande","short_details":"Christophe Dauphin \u2014 Hommes Sans Epaules","translator":null,"weight":96,"page_count":74,"readership":null,"editor":"Hommes Sans Epaules","price":1500,"published_date":"2010-11-11T23:00:00.000000Z","support":"Grand format","publisher_availability":1,"stock":0,"editions":[],"url":"https:\/\/quaidesbrumes.com\/ouvrage\/9782243044775\/lhomme-est-une-ile-ancree-dans-ses-emotions"},{"id":"9782296093980","title":"\u00e9cume des vers","description":"Le vers du po\u00e8me s'\u00e9clate en morceaux \/ Au fonds de moi, il n'en reste \/ que des \u00e9clats de miroir.\r\nMohamed Rafrafi a choisi d\u00e8s le d\u00e9but deux chemins : le premier m\u00e8ne vers une \u00e9criture po\u00e9tique diff\u00e9rente et adjacente \u00e0 la musique, et le second m\u00e8ne aux exp\u00e9riences de la cr\u00e9ation po\u00e9tique en Orient et en Occident, ce qui l'a conduit \u00e0 parcourir plusieurs villes pour se retrouver enfin \u00e0 Paris, capitale des Lumi\u00e8res. (Habib Chabbi, dans L'Observateur, Tunis, 1998)\r","authors":["Mohamed Rafrari"],"category_codes":["1000000","1090000"],"visuals":{"large":"https:\/\/images.epagine.fr\/980\/9782296093980_1_75.jpg","medium":"https:\/\/images.epagine.fr\/980\/9782296093980_1_m.jpg","thumbnail":"https:\/\/images.epagine.fr\/980\/9782296093980_1_v.jpg"},"orderable":true,"show_badge":true,"formatted_price":"11,50&nbsp;\u20ac","formatted_published_date":"3 juillet 2009","publisher_availability_label":"Sur commande","short_details":"Mohamed Rafrari \u2014 \u00c9ditions L'Harmattan","translator":null,"weight":110,"page_count":78,"readership":null,"editor":"\u00c9ditions L'Harmattan","price":1150,"published_date":"2009-07-02T22:00:00.000000Z","support":"Grand format","publisher_availability":1,"stock":0,"editions":[],"url":"https:\/\/quaidesbrumes.com\/ouvrage\/9782296093980\/ecume-des-vers"},{"id":"9782849242926","title":"Un jardin suspendu a un nuage d'amour","description":null,"authors":["Saadi Bahri"],"category_codes":["1000000","1090000"],"visuals":{"large":"https:\/\/quaidesbrumes.com\/img\/book-placeholder.png","medium":"https:\/\/quaidesbrumes.com\/img\/book-placeholder.png","thumbnail":"https:\/\/quaidesbrumes.com\/img\/book-placeholder.png"},"orderable":true,"show_badge":true,"formatted_price":"12,00&nbsp;\u20ac","formatted_published_date":"25 septembre 2012","publisher_availability_label":"Sur commande","short_details":"Saadi Bahri \u2014 Editions Du Cygne","translator":null,"weight":250,"page_count":null,"readership":null,"editor":"Editions Du Cygne","price":1200,"published_date":"2012-09-24T22:00:00.000000Z","support":"Grand format","publisher_availability":1,"stock":0,"editions":[],"url":"https:\/\/quaidesbrumes.com\/ouvrage\/9782849242926\/un-jardin-suspendu-a-un-nuage-damour"},{"id":"9782846984232","title":"Puesie","description":"Po\u00e9sie en langue corse Dichjarazione di u pueta A ferita fundia ch\u00ec \u00f9n si sente tr\u00e0 i mughji in piazza, \u00e8 \u00e0 l'insottu v\u00e0 \u00e0 cresce, u lagnu di l'acellu culpitu in celu ch\u00ec \u00f9n s\u00e0 da quale n\u00e8 perch\u00e8, u sangue li corre, u pientu di a donna ferita da l'amore, u pientu di u maritu, matrimoniu di vite imprigiunate, a fame di i famiti, u male di l'infermi, u chjassu castigu di l'esiliati spaventati avvicinendu si \u00e0 e cunfine di a morte, a perdita di quellu ch\u00ec cade una ultima volta trapanatu da sparate di brusgente spade, schiavit\u00f9 di l'avisi chjosi in cellula per pate u bellu peccatu di e so mente, e solitudine, e ferite, a fiacchezza di quellu ch\u00ec deve avanz\u00e0, ch\u00ec inciampa \u00e8 si rialza turnendu \u00e0 casc\u00e0 sin'\u00e0 a cima duve l'aspetta una croce cun tr\u00e8 chjodi - eccu cun ch\u00e8 si saldanu e rime di u pueta.\r\nPer ammette ch\u00ec u so fattu h\u00e8 ghjustu, u pueta accatasta inseme e parolle da duve surger\u00e0 u focu ch\u00ec li brusger\u00e0 e mane ;\r\nU pueta coglie e parolle sposte \u00e8 e sprime sin'\u00e0 \u00e0 f\u00e0 spunt\u00e0 lagrime ch\u00ec vanu \u00e0 sgutt\u00e0 ;\r\nU pueta trapana di cultella e parolle sin'\u00e0 u core sin'\u00e0 spurg\u00e0 u sangue \u00e0 l'eternu.\r\nS'\u00e8 elle s\u00f2 focu e so parolle, lagrime, sfogu di sangue u pueta s'appacia \u00e8 torna \u00e0 scrive.","authors":["O. Friggieri"],"category_codes":["1000000","1090000"],"visuals":{"large":"https:\/\/images.epagine.fr\/232\/9782846984232_1_75.jpg","medium":"https:\/\/images.epagine.fr\/232\/9782846984232_1_m.jpg","thumbnail":"https:\/\/images.epagine.fr\/232\/9782846984232_1_v.jpg"},"orderable":true,"show_badge":true,"formatted_price":"3,00&nbsp;\u20ac","formatted_published_date":"28 octobre 2011","publisher_availability_label":"Sur commande","short_details":"O. Friggieri \u2014 Albiana","translator":null,"weight":73,"page_count":32,"readership":null,"editor":"Albiana","price":300,"published_date":"2011-10-27T22:00:00.000000Z","support":"Grand format","publisher_availability":1,"stock":0,"editions":[],"url":"https:\/\/quaidesbrumes.com\/ouvrage\/9782846984232\/puesie"},{"id":"9782854464962","title":"Ombres et couleurs ou le voyage du corbeau d'Arcimboldo au mont Fuji","description":"45 ha\u00efkus pour les 4 saisons du voyage du corbeau d'Arcimboldo jusqu'au Mont Fuji.\r\n4 saisons qui sont plus de deux siecles pour traverser l'oc\u00e9an jusqu'\u00e0 l'archipel japonais et le Mont Fuji o\u00f9 le corbeau bariol\u00e9 d'Arcimboldo cherche \u00e0 retrouver ma\u00eetre Hokusa\u00ef pour qu'il lui rende la puret\u00e9 de sa couleur et l'essentialit\u00e9 qu'il recherche.\r\nUne oeuvre d'adaptation douce dans la p\u00e9r\u00e9grination d'un \u00e9crivain en poursuite de la v\u00e9rit\u00e9 des \u00eatres et du monde.\r","authors":["Olivier Peraldi","Sayo Senoo","Megumi Kobayashi"],"category_codes":["1000000","1090000"],"visuals":{"large":"https:\/\/images.epagine.fr\/962\/9782854464962_1_75.jpg","medium":"https:\/\/images.epagine.fr\/962\/9782854464962_1_m.jpg","thumbnail":"https:\/\/images.epagine.fr\/962\/9782854464962_1_v.jpg"},"orderable":true,"show_badge":true,"formatted_price":"30,00&nbsp;\u20ac","formatted_published_date":"29 f\u00e9vrier 2012","publisher_availability_label":"Sur commande","short_details":"Olivier Peraldi, Sayo Senoo, Megumi Kobayashi \u2014 Caracteres","translator":"MEGUMI KOBAYASHI","weight":260,"page_count":116,"readership":null,"editor":"Caracteres","price":3000,"published_date":"2012-02-28T23:00:00.000000Z","support":"Grand format","publisher_availability":1,"stock":0,"editions":[],"url":"https:\/\/quaidesbrumes.com\/ouvrage\/9782854464962\/ombres-et-couleurs-ou-le-voyage-du-corbeau-darcimboldo-au-mont-fuji"},{"id":"9782296991149","title":"Coeurs \u00e9bouillant\u00e9s ; dix sept po\u00e8tes lituaniennes contemporaines","description":"La r\u00e9union de textes po\u00e9tiques d'auteures lituaniennes autour du parcours de ces femmes de diff\u00e9rentes g\u00e9n\u00e9rations, le regard qu'elles portent sur l'humain, leurs espoirs, leur dignit\u00e9 et leur courage sont autant de t\u00e9moignages \u00e0 travers leur po\u00e9sie, peu commune en France. Ce recueil de po\u00e8mes bilingue est le fruit de ce travail minutieux de compr\u00e9hension r\u00e9ciproque pour offrir une aire commune d'\u00e9changes et de partages \u00e0 travers l'imaginaire de chaque po\u00e8te lituanienne.\r","authors":["Collectif"],"category_codes":["1000000","1090000"],"visuals":{"large":"https:\/\/images.epagine.fr\/149\/9782296991149_1_75.jpg","medium":"https:\/\/images.epagine.fr\/149\/9782296991149_1_m.jpg","thumbnail":"https:\/\/images.epagine.fr\/149\/9782296991149_1_v.jpg"},"orderable":true,"show_badge":true,"formatted_price":"24,00&nbsp;\u20ac","formatted_published_date":"23 mai 2012","publisher_availability_label":"Sur commande","short_details":"Collectif \u2014 \u00c9ditions L'Harmattan","translator":null,"weight":325,"page_count":260,"readership":null,"editor":"\u00c9ditions L'Harmattan","price":2400,"published_date":"2012-05-22T22:00:00.000000Z","support":"Grand format","publisher_availability":1,"stock":0,"editions":[],"url":"https:\/\/quaidesbrumes.com\/ouvrage\/9782296991149\/coeurs-ebouillantes-dix-sept-poetes-lituaniennes-contemporaines"},{"id":"9791090150423","title":"Ha\u00efkus","description":"Quoi donc lui offrir ?\r\nDemain la Saint Valentin...\r\nUn bouquet de neige ?","authors":["Bernard Soubirous"],"category_codes":["1000000","1090000","1090700"],"visuals":{"large":"https:\/\/images.epagine.fr\/423\/9791090150423_1_75.jpg","medium":"https:\/\/images.epagine.fr\/423\/9791090150423_1_m.jpg","thumbnail":"https:\/\/images.epagine.fr\/423\/9791090150423_1_v.jpg"},"orderable":true,"show_badge":true,"formatted_price":"13,00&nbsp;\u20ac","formatted_published_date":"8 d\u00e9cembre 2012","publisher_availability_label":"Sur commande","short_details":"Bernard Soubirous \u2014 Stellamaris","translator":null,"weight":120,"page_count":181,"readership":null,"editor":"Stellamaris","price":1300,"published_date":"2012-12-07T23:00:00.000000Z","support":"Grand format","publisher_availability":1,"stock":0,"editions":[],"url":"https:\/\/quaidesbrumes.com\/ouvrage\/9791090150423\/haikus"},{"id":"9782353490783","title":"Au beau mitan de la m\u00e9l\u00e9e po\u00e9sie","description":null,"authors":["Emmanuel Cadet"],"category_codes":["1000000","1090000"],"visuals":{"large":"https:\/\/quaidesbrumes.com\/img\/book-placeholder.png","medium":"https:\/\/quaidesbrumes.com\/img\/book-placeholder.png","thumbnail":"https:\/\/quaidesbrumes.com\/img\/book-placeholder.png"},"orderable":true,"show_badge":true,"formatted_price":"10,14&nbsp;\u20ac","formatted_published_date":"31 mai 2009","publisher_availability_label":"Sur commande","short_details":"Emmanuel Cadet \u2014 Menaibuc","translator":null,"weight":20,"page_count":null,"readership":null,"editor":"Menaibuc","price":1014,"published_date":"2009-05-30T22:00:00.000000Z","support":"Grand format","publisher_availability":1,"stock":0,"editions":[],"url":"https:\/\/quaidesbrumes.com\/ouvrage\/9782353490783\/au-beau-mitan-de-la-melee-poesie"},{"id":"9782296548671","title":"Anagrammaire ; pri\u00e8res de Sarrouss","description":"Voici l'Anagrammaire mots-NECTARS aux CARNETS \/ Comme cette musique sur ces ENCARTS CRANTES \/ Par ce PRESAGE les ARPEGES aux CAHIERS \/ J'ASPERGE ma liqueur sur l'autel les CHAIRES\r","authors":["Ousmane Sarr-sarrous"],"category_codes":["1000000","1090000"],"visuals":{"large":"https:\/\/images.epagine.fr\/671\/9782296548671_1_75.jpg","medium":"https:\/\/images.epagine.fr\/671\/9782296548671_1_m.jpg","thumbnail":"https:\/\/images.epagine.fr\/671\/9782296548671_1_v.jpg"},"orderable":true,"show_badge":true,"formatted_price":"16,00&nbsp;\u20ac","formatted_published_date":"28 juin 2011","publisher_availability_label":"Sur commande","short_details":"Ousmane Sarr-sarrous \u2014 \u00c9ditions L'Harmattan","translator":null,"weight":175,"page_count":136,"readership":null,"editor":"\u00c9ditions L'Harmattan","price":1600,"published_date":"2011-06-27T22:00:00.000000Z","support":"Grand format","publisher_availability":1,"stock":0,"editions":[],"url":"https:\/\/quaidesbrumes.com\/ouvrage\/9782296548671\/anagrammaire-prieres-de-sarrouss"},{"id":"9791090150430","title":"Portraits d'une esp\u00e8ce animale","description":"Connaissez-vous Patrick et sa muse c\u00e2line?\r\nAmoureux de la femme, il la v\u00eat de ses mots, \r\nD\u00e9shabille son \u00e2me en la couvrant d'\u00e9maux \r\nPour poser sur son sein sa rime masculine.\r\n\r\nLisez son ironie et sa verve hyaline, \r\nSe moquant de lui-m\u00eame et conjurant les maux;\r\nIl a dans le regard une gr\u00e2ce f\u00e9line\r\nEt condamne le laid couch\u00e9 sous les ormeaux.\r\n\r\n\u00c9coutez s'emballer sa fougue chevaline\r\nPour cingler de son fouet tous ces pauvres grimauds,\r\nAppuyant leur confort sur de riches pommeaux.\r\n\r\nMais il couve des yeux la veuve et l'orpheline\r\nLeur offrant des bouquets \u00e0 la teinte opaline\r\nCar son coeur est plus grand que les cieux lacrymaux.\r\n\r\nAnnie","authors":["Patrick Montois orbel"],"category_codes":["1000000","1090000"],"visuals":{"large":"https:\/\/images.epagine.fr\/430\/9791090150430_1_75.jpg","medium":"https:\/\/images.epagine.fr\/430\/9791090150430_1_m.jpg","thumbnail":"https:\/\/images.epagine.fr\/430\/9791090150430_1_v.jpg"},"orderable":true,"show_badge":true,"formatted_price":"19,00&nbsp;\u20ac","formatted_published_date":"8 d\u00e9cembre 2012","publisher_availability_label":"Sur commande","short_details":"Patrick Montois orbel \u2014 Stellamaris","translator":null,"weight":345,"page_count":285,"readership":null,"editor":"Stellamaris","price":1900,"published_date":"2012-12-07T23:00:00.000000Z","support":"Grand format","publisher_availability":1,"stock":0,"editions":[],"url":"https:\/\/quaidesbrumes.com\/ouvrage\/9791090150430\/portraits-dune-espece-animale"},{"id":"9782757002117","title":"Les odeurs d\u00e9pouill\u00e9es","description":"\u00ab Je t'\u00e9cris sur la pierre par bouquets de cristaux \u00bb. \r\n\r\n\r\n\r\nQu'importent les saisons, le temps qui se lasse de nous, \u00ab hors ta loi je t'aime sans jour je t'aime sans nuit \u00bb. Et toujours, entre \u00ab les mots guettant leur entr\u00e9e dans la phrase\u00bb, les odeurs d\u00e9pouill\u00e9es.\r","authors":["Daniel Pierre Brivet"],"category_codes":["1000000","1090000"],"visuals":{"large":"https:\/\/images.epagine.fr\/117\/9782757002117_1_75.jpg","medium":"https:\/\/images.epagine.fr\/117\/9782757002117_1_m.jpg","thumbnail":"https:\/\/images.epagine.fr\/117\/9782757002117_1_v.jpg"},"orderable":true,"show_badge":true,"formatted_price":"13,00&nbsp;\u20ac","formatted_published_date":"20 avril 2011","publisher_availability_label":"Sur commande","short_details":"Daniel Pierre Brivet \u2014 Jacques Andre","translator":null,"weight":93,"page_count":70,"readership":null,"editor":"Jacques Andre","price":1300,"published_date":"2011-04-19T22:00:00.000000Z","support":"Grand format","publisher_availability":1,"stock":0,"editions":[],"url":"https:\/\/quaidesbrumes.com\/ouvrage\/9782757002117\/les-odeurs-depouillees"}]}