{"data":[{"id":"9782849242520","title":"L'envol des velours","description":"Ce recueil est destin\u00e9 aux grands curieux qui s'adonnent \u00e0 une chasse sans r\u00e9pit de l'alchimie des \u00e2mes et des choses belles... des \u00e2mes des choses aussi. On y trouve dans le feutre des velours les vertiges collectionn\u00e9s aux \u00e9clats d'une qu\u00eate \u00e9pic\u00e9e et enivrante.\r","authors":["Micallef Jl"],"category_codes":["1000000","1090000"],"visuals":{"large":"https:\/\/images.epagine.fr\/520\/9782849242520_1_75.jpg","medium":"https:\/\/images.epagine.fr\/520\/9782849242520_1_m.jpg","thumbnail":"https:\/\/images.epagine.fr\/520\/9782849242520_1_v.jpg"},"orderable":true,"show_badge":true,"formatted_price":"12,00&nbsp;\u20ac","formatted_published_date":"20 octobre 2011","publisher_availability_label":"Sur commande","short_details":"Micallef Jl \u2014 Editions Du Cygne","translator":null,"weight":150,"page_count":null,"readership":null,"editor":"Editions Du Cygne","price":1200,"published_date":"2011-10-19T22:00:00.000000Z","support":"Grand format","publisher_availability":1,"stock":0,"editions":[],"url":"https:\/\/quaidesbrumes.com\/ouvrage\/9782849242520\/lenvol-des-velours"},{"id":"9782915831818","title":"Le temps d\u00e9sormais compt\u00e9","description":"Dans une langue claire et pr\u00e9cise, qui recourt \u00e0 l'humour, ce recueil rencontre la sensibilit\u00e9 d'une certaine Italie d'aujourd'hui: celle qui est partag\u00e9e entre une mani\u00e8re de vivre traditionnelle, h\u00e9rit\u00e9e des Romains, et qui se traduit par l'amour de la terre, de l'olivier, d'une certaine douceur de vivre, et la fr\u00e9n\u00e9sie du monde moderne conduisant \u00e0 des comportements psychotiques ou des visions hallucinantes.\r\nPrenant le Temps comme fil conducteur, ce recueil parle du monde actuel et exprime avec prfondeur et originalit\u00e9 ce que chacun ressent confus\u00e9ment. Par des po\u00e8mes de qualit\u00e9 qui s'adressent \u00e0 tous, Marcoaldi r\u00e9concilie un grand nombre de ses contemporains avec la po\u00e9sie.\r","authors":["Franco Marcoaldi","Roland Ladri\u00e8re"],"category_codes":["1000000","1090000"],"visuals":{"large":"https:\/\/images.epagine.fr\/818\/9782915831818_1_75.jpg","medium":"https:\/\/images.epagine.fr\/818\/9782915831818_1_m.jpg","thumbnail":"https:\/\/images.epagine.fr\/818\/9782915831818_1_v.jpg"},"orderable":true,"show_badge":true,"formatted_price":"18,00&nbsp;\u20ac","formatted_published_date":"4 juillet 2013","publisher_availability_label":"Sur commande","short_details":"Franco Marcoaldi, Roland Ladri\u00e8re \u2014 Corlevour","translator":"ROLAND LADRIERE","weight":127,"page_count":96,"readership":null,"editor":"Corlevour","price":1800,"published_date":"2013-07-03T22:00:00.000000Z","support":"Grand format","publisher_availability":1,"stock":0,"editions":[],"url":"https:\/\/quaidesbrumes.com\/ouvrage\/9782915831818\/le-temps-desormais-compte"},{"id":"9782343083230","title":"Blessure des m\u00e9moires","description":"Ce recueil s'inscrit dans une tradition qui privil\u00e9gie l'aspect musical du langage. La vari\u00e9t\u00e9 des rythmes qu'il utilise est, selon l'auteur, le reflet du mouvement m\u00eame de la vie. Ces m\u00e9lodies sont ordonn\u00e9es en cinq ensembles successifs, correspondant \u00e0 un ordre chronologique. L'auteur esp\u00e8re que ces derni\u00e8res puissent donner au lecteur quelque apaisement dans les doutes et les angoisses humaines face aux meurtrissures du temps.","authors":["Jean-michel Croisille"],"category_codes":["1000000","1090000"],"visuals":{"large":"https:\/\/images.epagine.fr\/230\/9782343083230_1_75.jpg","medium":"https:\/\/images.epagine.fr\/230\/9782343083230_1_m.jpg","thumbnail":"https:\/\/images.epagine.fr\/230\/9782343083230_1_v.jpg"},"orderable":true,"show_badge":true,"formatted_price":"18,00&nbsp;\u20ac","formatted_published_date":"26 f\u00e9vrier 2016","publisher_availability_label":"Sur commande","short_details":"Jean-michel Croisille \u2014 \u00c9ditions L'Harmattan","translator":null,"weight":195,"page_count":158,"readership":null,"editor":"\u00c9ditions L'Harmattan","price":1800,"published_date":"2016-02-25T23:00:00.000000Z","support":"Grand format","publisher_availability":1,"stock":0,"editions":[],"url":"https:\/\/quaidesbrumes.com\/ouvrage\/9782343083230\/blessure-des-memoires"},{"id":"9782757002629","title":"Les pavots et la rose","description":null,"authors":["Pierre-Maurice Serre"],"category_codes":["1000000","1090000","1090600"],"visuals":{"large":"https:\/\/images.epagine.fr\/629\/9782757002629_1_75.jpg","medium":"https:\/\/images.epagine.fr\/629\/9782757002629_1_m.jpg","thumbnail":"https:\/\/images.epagine.fr\/629\/9782757002629_1_v.jpg"},"orderable":true,"show_badge":true,"formatted_price":"15,00&nbsp;\u20ac","formatted_published_date":"20 f\u00e9vrier 2013","publisher_availability_label":"Sur commande","short_details":"Pierre-Maurice Serre \u2014 Jacques Andre","translator":null,"weight":115,"page_count":90,"readership":null,"editor":"Jacques Andre","price":1500,"published_date":"2013-02-19T23:00:00.000000Z","support":"Grand format","publisher_availability":1,"stock":0,"editions":[],"url":"https:\/\/quaidesbrumes.com\/ouvrage\/9782757002629\/les-pavots-et-la-rose"},{"id":"9782874595752","title":"Paroles nues","description":"Paroles nues est un livre de po\u00e9sies \u00e9labor\u00e9 \u00e0 partir d'une r\u00e9flexion sur l'Evangile de THOMAS.\r\n\r\nIl comporte 114 po\u00e8mes qui correspondent aux 114 logia de cet Evangile apocryphe qui m'a parl\u00e9 au plus profond de moi-m\u00eame.\r\n\r\nAinsi me suis-je trouv\u00e9e dans le po\u00e8me par une incessante recherche,  une mise \u00e0 nu comme \u00e0 la naissance pour une nouvelle naissance.\r\n\r\nC'est pour cela que je place la \" parole-po\u00e8me-action \" dans ma nouvelle vie trine  vein\u00e9e  de bleus \u00e0 l'\u00e2me de joie et d'afflictions.\r","authors":["Micheline Parmentier"],"category_codes":["1000000","1090000"],"visuals":{"large":"https:\/\/images.epagine.fr\/752\/9782874595752_1_75.jpg","medium":"https:\/\/images.epagine.fr\/752\/9782874595752_1_m.jpg","thumbnail":"https:\/\/images.epagine.fr\/752\/9782874595752_1_v.jpg"},"orderable":true,"show_badge":true,"formatted_price":"19,30&nbsp;\u20ac","formatted_published_date":"1er septembre 2011","publisher_availability_label":"Sur commande","short_details":"Micheline Parmentier \u2014 Chloe Des Lys","translator":null,"weight":150,"page_count":null,"readership":null,"editor":"Chloe Des Lys","price":1930,"published_date":"2011-08-31T22:00:00.000000Z","support":"Grand format","publisher_availability":1,"stock":0,"editions":[],"url":"https:\/\/quaidesbrumes.com\/ouvrage\/9782874595752\/paroles-nues"},{"id":"9782296553941","title":"Soupirs de l'\u00e2me","description":"Dans ce floril\u00e8ge (po\u00e8mes \u00e9crits entre 1998 et 2010), l'auteur nous sert quelques \u00e9manations de son \u00e2me, tant\u00f4t m\u00e9lancolique, enthousiaste, tant\u00f4t optimiste, humoriste et consolatrice voire prom\u00e9th\u00e9enne face \u00e0 la condition humaine et \u00e0 sa relation avec l'\u00eatre transcendantal.\r","authors":["Eustache Omgba ahanda"],"category_codes":["1000000","1090000"],"visuals":{"large":"https:\/\/images.epagine.fr\/941\/9782296553941_1_75.jpg","medium":"https:\/\/images.epagine.fr\/941\/9782296553941_1_m.jpg","thumbnail":"https:\/\/images.epagine.fr\/941\/9782296553941_1_v.jpg"},"orderable":true,"show_badge":true,"formatted_price":"12,00&nbsp;\u20ac","formatted_published_date":"22 juin 2011","publisher_availability_label":"Sur commande","short_details":"Eustache Omgba ahanda \u2014 \u00c9ditions L'Harmattan","translator":null,"weight":145,"page_count":106,"readership":null,"editor":"\u00c9ditions L'Harmattan","price":1200,"published_date":"2011-06-21T22:00:00.000000Z","support":"Grand format","publisher_availability":1,"stock":0,"editions":[],"url":"https:\/\/quaidesbrumes.com\/ouvrage\/9782296553941\/soupirs-de-lame"},{"id":"9782757001813","title":"Les cit\u00e9s magn\u00e9tiques","description":null,"authors":["Alain Crozier"],"category_codes":["1000000","1090000"],"visuals":{"large":"https:\/\/quaidesbrumes.com\/img\/book-placeholder.png","medium":"https:\/\/quaidesbrumes.com\/img\/book-placeholder.png","thumbnail":"https:\/\/quaidesbrumes.com\/img\/book-placeholder.png"},"orderable":true,"show_badge":true,"formatted_price":"12,00&nbsp;\u20ac","formatted_published_date":"18 mars 2010","publisher_availability_label":"Sur commande","short_details":"Alain Crozier \u2014 Jacques Andre","translator":null,"weight":90,"page_count":null,"readership":null,"editor":"Jacques Andre","price":1200,"published_date":"2010-03-17T23:00:00.000000Z","support":"Grand format","publisher_availability":1,"stock":0,"editions":["9782494465022"],"url":"https:\/\/quaidesbrumes.com\/ouvrage\/9782757001813\/les-cites-magnetiques"},{"id":"9782874596520","title":"Quenouille de foutre","description":null,"authors":["Bruno Charrier"],"category_codes":["1000000","1090000"],"visuals":{"large":"https:\/\/quaidesbrumes.com\/img\/book-placeholder.png","medium":"https:\/\/quaidesbrumes.com\/img\/book-placeholder.png","thumbnail":"https:\/\/quaidesbrumes.com\/img\/book-placeholder.png"},"orderable":true,"show_badge":true,"formatted_price":"16,40&nbsp;\u20ac","formatted_published_date":"12 juin 2012","publisher_availability_label":"Sur commande","short_details":"Bruno Charrier \u2014 Chloe Des Lys","translator":null,"weight":150,"page_count":null,"readership":null,"editor":"Chloe Des Lys","price":1640,"published_date":"2012-06-11T22:00:00.000000Z","support":"Grand format","publisher_availability":1,"stock":0,"editions":[],"url":"https:\/\/quaidesbrumes.com\/ouvrage\/9782874596520\/quenouille-de-foutre"},{"id":"9782951909083","title":"Le livre des parois","description":"Ce livre propose une \u00e9dition comment\u00e9e par C\u00e9dric Demangeot de plusieurs ensembles de po\u00e8mes datant de 1997, p\u00e9riode relativement \u00ab orn\u00e9e \u00bb de l'\u00e9criture de Guy Viarre. Dans une lettre \u00e0 Jean-Pierre Sintive des \u00e9ditions Unes, Guy Viarre pr\u00e9cise : \u00ab Le livre des parois est un po\u00e8me tr\u00e8s rh\u00e9torique, presque pr\u00e9cieux, mais je suis fier de ce qu'il dit et de comment. \u00bb Cependant, comment souvent chez Guy Viarre, cet enthousiasme du \u00ab po\u00e8me achev\u00e9 \u00bb(lettre \u00e0 Sintive) ne l'emp\u00eachera pas de se raviser durement un an et demi plus tard... Le texte est \u00e9tabli suivant le tapuscrit de Jean-Pierre Sintive. Nous donnons \u00e9galement en annexe les fragments d'un recueil abandonn\u00e9, retrouv\u00e9 dans les papiers de Tarbes, intitul\u00e9 : Le Temps est frugivore s'il est le temps - dont l'essentiel des pages constitue un premier \u00e9tat du Livre des parois - ainsi que sept po\u00e8mes contemporains de Tous les glands et de La Passation blanche, \u00e9galement retrouv\u00e9s dans les papiers de Guy Viarre \u00e0 Tarbes","authors":["Guy Viarre"],"category_codes":["1000000","1090000"],"visuals":{"large":"https:\/\/quaidesbrumes.com\/img\/book-placeholder.png","medium":"https:\/\/quaidesbrumes.com\/img\/book-placeholder.png","thumbnail":"https:\/\/quaidesbrumes.com\/img\/book-placeholder.png"},"orderable":true,"show_badge":true,"formatted_price":"14,00&nbsp;\u20ac","formatted_published_date":"1er janvier 2023","publisher_availability_label":"Sur commande","short_details":"Guy Viarre \u2014 Greges","translator":null,"weight":0,"page_count":144,"readership":null,"editor":"Greges","price":1400,"published_date":"2022-12-31T23:00:00.000000Z","support":"Grand format","publisher_availability":1,"stock":0,"editions":[],"url":"https:\/\/quaidesbrumes.com\/ouvrage\/9782951909083\/le-livre-des-parois"},{"id":"9782296994553","title":"Po\u00e8mes \u00e0 la nuit","description":"Les po\u00e8mes de cette oeuvre po\u00e9tique biparthite constituent un long po\u00e8me dont il convient d'en appr\u00e9cier la trame. L'auteur conjoint dans cette dramaturgie cr\u00e9atrice le lyrisme \u00e0 la musicalit\u00e9 des vers toujours pr\u00e9sente que l'eurythmie pourvoit au texte. Ceci contribue \u00e0 parfaire toute la richesse du sens comme \u00e0 la vertu arch\u00e9typale de l'expression que le po\u00e8te ne cesse d'explorer.\r","authors":["Patrick aim\u00e9 Durantou"],"category_codes":["1000000","1090000"],"visuals":{"large":"https:\/\/images.epagine.fr\/553\/9782296994553_1_75.jpg","medium":"https:\/\/images.epagine.fr\/553\/9782296994553_1_m.jpg","thumbnail":"https:\/\/images.epagine.fr\/553\/9782296994553_1_v.jpg"},"orderable":true,"show_badge":true,"formatted_price":"13,00&nbsp;\u20ac","formatted_published_date":"2 juillet 2012","publisher_availability_label":"Sur commande","short_details":"Patrick aim\u00e9 Durantou \u2014 \u00c9ditions L'Harmattan","translator":null,"weight":120,"page_count":90,"readership":null,"editor":"\u00c9ditions L'Harmattan","price":1300,"published_date":"2012-07-01T22:00:00.000000Z","support":"Grand format","publisher_availability":1,"stock":0,"editions":[],"url":"https:\/\/quaidesbrumes.com\/ouvrage\/9782296994553\/poemes-a-la-nuit"},{"id":"9782913040861","title":"Ficelle n 109 - derriere la vitre de sabine peglion, ill. j.f clapeau","description":null,"authors":["Sabine P\u00e9glion"],"category_codes":["1000000","1090000"],"visuals":{"large":"https:\/\/quaidesbrumes.com\/img\/book-placeholder.png","medium":"https:\/\/quaidesbrumes.com\/img\/book-placeholder.png","thumbnail":"https:\/\/quaidesbrumes.com\/img\/book-placeholder.png"},"orderable":true,"show_badge":true,"formatted_price":"9,00&nbsp;\u20ac","formatted_published_date":"3 juillet 2012","publisher_availability_label":"Sur commande","short_details":"Sabine P\u00e9glion \u2014 Atelier Vincent Rougier","translator":null,"weight":40,"page_count":null,"readership":null,"editor":"Atelier Vincent Rougier","price":900,"published_date":"2012-07-02T22:00:00.000000Z","support":"Grand format","publisher_availability":1,"stock":0,"editions":[],"url":"https:\/\/quaidesbrumes.com\/ouvrage\/9782913040861\/ficelle-n-109-derriere-la-vitre-de-sabine-peglion-ill-jf-clapeau"},{"id":"9782878679526","title":"Sarimakoi? opus Tome 2 ; le retour","description":"On peut, en rime, aborder tous les sujets, des plus futiles aux plus s\u00e9rieux, et l'\u00e9criture en vers assure dans ses assonances une ouverture \u00e0 l'humour qu'ont de tout temps, pratiqu\u00e9e troubadours et chansonniers. Je vous invite \u00e0 vous en assurer dans les pages qui suivent.\r","authors":["Jean Perez"],"category_codes":["1000000","1090000"],"visuals":{"large":"https:\/\/quaidesbrumes.com\/img\/book-placeholder.png","medium":"https:\/\/quaidesbrumes.com\/img\/book-placeholder.png","thumbnail":"https:\/\/quaidesbrumes.com\/img\/book-placeholder.png"},"orderable":true,"show_badge":true,"formatted_price":"13,00&nbsp;\u20ac","formatted_published_date":"15 avril 2008","publisher_availability_label":"Sur commande","short_details":"Jean Perez \u2014 Presses Du Midi","translator":null,"weight":0,"page_count":71,"readership":null,"editor":"Presses Du Midi","price":1300,"published_date":"2008-04-14T22:00:00.000000Z","support":"Grand format","publisher_availability":1,"stock":0,"editions":[],"url":"https:\/\/quaidesbrumes.com\/ouvrage\/9782878679526\/sarimakoi-opus-tome-2-le-retour"},{"id":"9782919137091","title":"Detache du temps","description":null,"authors":["Parra"],"category_codes":["1000000","1090000"],"visuals":{"large":"https:\/\/quaidesbrumes.com\/img\/book-placeholder.png","medium":"https:\/\/quaidesbrumes.com\/img\/book-placeholder.png","thumbnail":"https:\/\/quaidesbrumes.com\/img\/book-placeholder.png"},"orderable":true,"show_badge":true,"formatted_price":"15,00&nbsp;\u20ac","formatted_published_date":"2 novembre 2011","publisher_availability_label":"Sur commande","short_details":"Parra \u2014 Dessables","translator":null,"weight":140,"page_count":null,"readership":null,"editor":"Dessables","price":1500,"published_date":"2011-11-01T23:00:00.000000Z","support":"Grand format","publisher_availability":1,"stock":0,"editions":[],"url":"https:\/\/quaidesbrumes.com\/ouvrage\/9782919137091\/detache-du-temps"},{"id":"9782332553690","title":"Pawol gwada","description":"\u00c2\u00abMusicien et po\u00c3\u00a8te jusqu'au fond de l\u00e2\u20ac\u2122\u00c3\u00a2me, d\u00c3\u00a8s mon plus jeune \u00c3\u00a2ge, je m\u00e2\u20ac\u2122amuse, usant de ma plume, \u00c3\u00a0 accorder les rimes et les sonorit\u00c3\u00a9s, car dit-on : \u00c2\u00ab de la Musique \u00c3\u00a0 la Po\u00c3\u00a9sie, il n\u00e2\u20ac\u2122y a qu\u00e2\u20ac\u2122un pas \u00c2\u00bb.\r\n\r\nLa po\u00c3\u00a9sie est pour moi une \u00c2\u00ab Divinit\u00c3\u00a9 \u00c2\u00bb qui me permet de composer des vers magiques issus parfois d\u00e2\u20ac\u2122une r\u00c3\u00aaverie ou d\u00e2\u20ac\u2122une r\u00c3\u00a9alit\u00c3\u00a9, mais qui demeurent dans les deux cas toute une \u00c3\u00a9ternit\u00c3\u00a9.\r\n\r\nPuisse ce recueil vous envo\u00c3\u00bbter et vous conduire sur mes pas, afin que la \u00c2\u00ab Muse \u00c2\u00bb ne tr\u00c3\u00a9passe pas \u00c2\u00bb.\r","authors":["Jocelyn Co\u00ebsy"],"category_codes":["1000000","1090000"],"visuals":{"large":"https:\/\/images.epagine.fr\/690\/9782332553690_1_75.jpg","medium":"https:\/\/images.epagine.fr\/690\/9782332553690_1_m.jpg","thumbnail":"https:\/\/images.epagine.fr\/690\/9782332553690_1_v.jpg"},"orderable":true,"show_badge":true,"formatted_price":"17,95&nbsp;\u20ac","formatted_published_date":"3 avril 2013","publisher_availability_label":"Sur commande","short_details":"Jocelyn Co\u00ebsy \u2014 Edilivre","translator":null,"weight":130,"page_count":94,"readership":null,"editor":"Edilivre","price":1795,"published_date":"2013-04-02T22:00:00.000000Z","support":"Grand format","publisher_availability":1,"stock":0,"editions":[],"url":"https:\/\/quaidesbrumes.com\/ouvrage\/9782332553690\/pawol-gwada"},{"id":"9782912824950","title":"L'enfance du regard","description":"La rencontre du regard et du d\u00e9sir alors que le d\u00e9sir s'inqui\u00e8te de sa disparition prochaine. Une conf\u00e9rence. Mais c'est celle d'un inexpert\u00a0 d'un \u00bb ma\u00eetre provisoire \u00ab, comme le souligne l'auteur. Le sujet en est le d\u00e9sir. Mais pas le d\u00e9sir abstrait, de n'importe qui, \u00e0 n'importe quel endroit, \u00e0 n'importe quel moment.oeil se trouve en outre, que ce d\u00e9sir circonstanciel est photographi\u00e9 ; que la photographie, sans \u00eatre montr\u00e9e, invite \u00e0 une fi\u00e9vreuse description. Si l'image soustraite provoque ainsi l'imaginaire de l'auditeur ou du lecteur, c'est que le d\u00e9sir d'une personne pour une autre s'augmente avantageusement du d\u00e9sir du tiers conf\u00e9rencier qui a photographi\u00e9, qui a d\u00e9crit et qui maintenant nous parle.\r\n\r\nMartin Melkonian est l'auteur d'une quinzaine d'ouvrages. Il a publi\u00e9 aux \u00e9ditions d'\u00e9carts : Conversations au bord du vide, Edward Hopper luttant contre la c\u00e9cit\u00e9, Les corps introuvables, Un cahier pour se perdre, L'enfance du regard.\r","authors":["Martin Melkonian"],"category_codes":["1000000","1090000"],"visuals":{"large":"https:\/\/images.epagine.fr\/950\/9782912824950_1_75.jpg","medium":"https:\/\/images.epagine.fr\/950\/9782912824950_1_m.jpg","thumbnail":"https:\/\/images.epagine.fr\/950\/9782912824950_1_v.jpg"},"orderable":true,"show_badge":true,"formatted_price":"10,00&nbsp;\u20ac","formatted_published_date":"10 mai 2010","publisher_availability_label":"Sur commande","short_details":"Martin Melkonian \u2014 ECARTS","translator":null,"weight":50,"page_count":27,"readership":null,"editor":"ECARTS","price":1000,"published_date":"2010-05-09T22:00:00.000000Z","support":"Grand format","publisher_availability":1,"stock":0,"editions":[],"url":"https:\/\/quaidesbrumes.com\/ouvrage\/9782912824950\/lenfance-du-regard"},{"id":"9782874064579","title":"Un tailleur d'allumettes","description":"Si vous avez l'air de grands cochons devant l'aube ; si vous br\u00fblez au graal affol\u00e9 du soleil ; si encore vous r\u00eavez \u00e0 la po\u00e9sie comme \u00e0 la force des \u00e9cluses ou si vous \u00eates toujours en pourparlers avec la parole. si vous vous sentez \u00e9ternel parce que vous r\u00e9p\u00e9tez la disparition, c'est que vous acceptez d'\u00eatre du petit nombre de ceux qui ne sont pas \u00e9lus, car vous vous d\u00e9tenez vous-m\u00eame.\r\n\u00abSouriez, vous \u00eates vus\u00bb, pr\u00e9vient l'auteur. Sardonique et savoureuse, la po\u00e9sie de D-L Colaux est comme le shampoing chauve et le passage admirable de la femme : flagrante.\r","authors":["Denys-Louis Colaux"],"category_codes":["1000000","1090000"],"visuals":{"large":"https:\/\/images.epagine.fr\/579\/9782874064579_1_75.jpg","medium":"https:\/\/images.epagine.fr\/579\/9782874064579_1_m.jpg","thumbnail":"https:\/\/images.epagine.fr\/579\/9782874064579_1_v.jpg"},"orderable":true,"show_badge":true,"formatted_price":"12,00&nbsp;\u20ac","formatted_published_date":"16 octobre 2009","publisher_availability_label":"Sur commande","short_details":"Denys-Louis Colaux \u2014 L'Arbre A Paroles","translator":null,"weight":301,"page_count":null,"readership":null,"editor":"L'Arbre A Paroles","price":1200,"published_date":"2009-10-15T22:00:00.000000Z","support":"Grand format","publisher_availability":1,"stock":0,"editions":[],"url":"https:\/\/quaidesbrumes.com\/ouvrage\/9782874064579\/un-tailleur-dallumettes"},{"id":"9782372090063","title":"Le logis des passants de peu de biens","description":null,"authors":["Fran\u00e7ois Bordes"],"category_codes":["1000000","1090000"],"visuals":{"large":"https:\/\/images.epagine.fr\/063\/9782372090063_1_75.jpg","medium":"https:\/\/images.epagine.fr\/063\/9782372090063_1_m.jpg","thumbnail":"https:\/\/images.epagine.fr\/063\/9782372090063_1_v.jpg"},"orderable":true,"show_badge":true,"formatted_price":"16,00&nbsp;\u20ac","formatted_published_date":"22 janvier 2015","publisher_availability_label":"Sur commande","short_details":"Fran\u00e7ois Bordes \u2014 Corlevour","translator":null,"weight":112,"page_count":80,"readership":null,"editor":"Corlevour","price":1600,"published_date":"2015-01-21T23:00:00.000000Z","support":"Grand format","publisher_availability":1,"stock":0,"editions":[],"url":"https:\/\/quaidesbrumes.com\/ouvrage\/9782372090063\/le-logis-des-passants-de-peu-de-biens"},{"id":"9782372090025","title":"Les feuillets de la minotaure","description":"Ce texte po\u00e9tique \u00e0 la structure ouverte ancre le r\u00e9cit dans un pass\u00e9 mythique m\u00e9diterran\u00e9en en m\u00eame temps qu'intens\u00e9ment actuel (le Cap Corse). A travers la voix de Minoa, qui confie son d\u00e9sarroi, ses doutes, ses perplexit\u00e9s face \u00e0 la vie et \u00e0 l'amour, toute une r\u00e9flexion sur l'\u00e9criture est engag\u00e9e. Pour explorer le monde int\u00e9rieur qui la fonde et dans lequel elle se d\u00e9bat, la narratrice choisit des modalit\u00e9s d'\u00e9criture et des tonalit\u00e9s volontairement diversifi\u00e9es. \r\nL'ensemble \u00e9pistolaire des Feuillets de Minoa (premi\u00e8re partie), est ponctu\u00e9 par de brefs po\u00e8mes dont la tonalit\u00e9 sagement \u00e9rotique rompt avec la prose des lettres tout impr\u00e9gn\u00e9es du \"sentimentalisme\" du XVIIIe si\u00e8cle. Les Journuits (seconde partie) combinent r\u00e9cits oniriques et prose journalistique. Les Petites fantaisies minoennes (3e partie), brefs textes en vers, jouent le r\u00f4le d'interm\u00e8de ludique. \r\nLa derni\u00e8re partie, Chants de Minoa, rassemble des po\u00e8mes inspir\u00e9s par la m\u00eame ferveur lyrique. Avec en ouverture une sextine \u00e9crite selon les r\u00e8gles mises en place au XIIe si\u00e8cle et en chant final, le \"Brame de la Minotaure\", l'ouvrage, tendu \u00e0 l'extr\u00eame, constitue une partition surprenante. Si la voix dominante est celle de Minoa, les diff\u00e9rents modes d'expression qu'elle emploie pour la faire r\u00e9sonner, rendent compte d'une int\u00e9riorit\u00e9 polyphonique d'une grande intensit\u00e9.\r","authors":["Ang\u00e8le Paoli"],"category_codes":["1000000","1090000"],"visuals":{"large":"https:\/\/images.epagine.fr\/025\/9782372090025_1_75.jpg","medium":"https:\/\/images.epagine.fr\/025\/9782372090025_1_m.jpg","thumbnail":"https:\/\/images.epagine.fr\/025\/9782372090025_1_v.jpg"},"orderable":true,"show_badge":true,"formatted_price":"22,00&nbsp;\u20ac","formatted_published_date":"2 avril 2015","publisher_availability_label":"Sur commande","short_details":"Ang\u00e8le Paoli \u2014 Corlevour","translator":null,"weight":232,"page_count":176,"readership":null,"editor":"Corlevour","price":2200,"published_date":"2015-04-01T22:00:00.000000Z","support":"Grand format","publisher_availability":1,"stock":0,"editions":[],"url":"https:\/\/quaidesbrumes.com\/ouvrage\/9782372090025\/les-feuillets-de-la-minotaure"},{"id":"9791090236004","title":"Jusqu'a vous jusqu'au bout","description":null,"authors":["Thierry Desseux"],"category_codes":["1000000","1090000"],"visuals":{"large":"https:\/\/quaidesbrumes.com\/img\/book-placeholder.png","medium":"https:\/\/quaidesbrumes.com\/img\/book-placeholder.png","thumbnail":"https:\/\/quaidesbrumes.com\/img\/book-placeholder.png"},"orderable":true,"show_badge":true,"formatted_price":"11,00&nbsp;\u20ac","formatted_published_date":"23 mars 2011","publisher_availability_label":"Sur commande","short_details":"Thierry Desseux \u2014 Flagrant D'Elie","translator":null,"weight":100,"page_count":null,"readership":null,"editor":"Flagrant D'Elie","price":1100,"published_date":"2011-03-22T23:00:00.000000Z","support":"Grand format","publisher_availability":1,"stock":0,"editions":[],"url":"https:\/\/quaidesbrumes.com\/ouvrage\/9791090236004\/jusqua-vous-jusquau-bout"},{"id":"9782296136106","title":"La nuit et les spoutniks reviennent toujours","description":"Po\u00e8me de mille ans \/ Je le dis tout net ! Je ne suis pas quelqu'un de rentable. \/ Je ne suis pas d'un bon rapport qualit\u00e9 \/ prix. \/ Je ne suis pas un bien de consommation.\/ Je n'incarne pas le citoyen d'une soci\u00e9t\u00e9 avanc\u00e9e. \/ Je ne suis pas charm\u00e9 par les nouveaux pouvoirs ! Je ne r\u00e9ponds \u00e0 aucun mod\u00e8le ni n'int\u00e8gre aucune statistique. Les Elohim ne m'ont pas con\u00e7u. \/ Je ne suis pas non plus fabriqu\u00e9 en Chine !\r","authors":["Christophe Guyon"],"category_codes":["1000000","1090000"],"visuals":{"large":"https:\/\/images.epagine.fr\/106\/9782296136106_1_75.jpg","medium":"https:\/\/images.epagine.fr\/106\/9782296136106_1_m.jpg","thumbnail":"https:\/\/images.epagine.fr\/106\/9782296136106_1_v.jpg"},"orderable":true,"show_badge":true,"formatted_price":"12,00&nbsp;\u20ac","formatted_published_date":"22 novembre 2010","publisher_availability_label":"Sur commande","short_details":"Christophe Guyon \u2014 \u00c9ditions L'Harmattan","translator":null,"weight":120,"page_count":88,"readership":null,"editor":"\u00c9ditions L'Harmattan","price":1200,"published_date":"2010-11-21T23:00:00.000000Z","support":"Grand format","publisher_availability":1,"stock":0,"editions":[],"url":"https:\/\/quaidesbrumes.com\/ouvrage\/9782296136106\/la-nuit-et-les-spoutniks-reviennent-toujours"},{"id":"9782913040854","title":"Ficelle n 108 - post it - de paul badin, ill.de deux gravures de consuello de mont marin","description":null,"authors":["Paul Badin"],"category_codes":["1000000","1090000"],"visuals":{"large":"https:\/\/quaidesbrumes.com\/img\/book-placeholder.png","medium":"https:\/\/quaidesbrumes.com\/img\/book-placeholder.png","thumbnail":"https:\/\/quaidesbrumes.com\/img\/book-placeholder.png"},"orderable":true,"show_badge":true,"formatted_price":"9,00&nbsp;\u20ac","formatted_published_date":"4 mai 2012","publisher_availability_label":"Sur commande","short_details":"Paul Badin \u2014 Atelier Vincent Rougier","translator":null,"weight":40,"page_count":null,"readership":null,"editor":"Atelier Vincent Rougier","price":900,"published_date":"2012-05-03T22:00:00.000000Z","support":"Grand format","publisher_availability":1,"stock":0,"editions":[],"url":"https:\/\/quaidesbrumes.com\/ouvrage\/9782913040854\/ficelle-n-108-post-it-de-paul-badin-illde-deux-gravures-de-consuello-de-mont-marin"},{"id":"9791091315005","title":"L'oeil et la source","description":"Si les textes que nous publions aujourd'hui sont au nombre de 16, ce n'est pas un hasard. Car l'auteur a voulu ainsi rappeler les origines myst\u00e9rieuses du patronyme de la d\u00e9dicataire, qui est issu de la seizi\u00e8me lettre de l'alphabet h\u00e9breu, elle-m\u00eame h\u00e9rit\u00e9e de la civilisation ph\u00e9nicienne.\r\nCette lettre repr\u00e9sentait et symbolisait un oeil.\r\nPlus tard, en prolongement, il fut d\u00e9cid\u00e9 d'y adjoindre la source. Car, si l'oeil repr\u00e9sente le passage dans le domaine limit\u00e9 de ce visible dont il montre les apparences, la source se trouve \u00e0 l'origine m\u00eame de cette substance dont l'homme ne peut se passer.\r","authors":["Daniel Loeff"],"category_codes":["1000000","1090000"],"visuals":{"large":"https:\/\/images.epagine.fr\/005\/9791091315005_1_75.jpg","medium":"https:\/\/images.epagine.fr\/005\/9791091315005_1_m.jpg","thumbnail":"https:\/\/images.epagine.fr\/005\/9791091315005_1_v.jpg"},"orderable":true,"show_badge":true,"formatted_price":"12,00&nbsp;\u20ac","formatted_published_date":"1er f\u00e9vrier 2012","publisher_availability_label":"Sur commande","short_details":"Daniel Loeff \u2014 Ankena","translator":null,"weight":75,"page_count":null,"readership":null,"editor":"Ankena","price":1200,"published_date":"2012-01-31T23:00:00.000000Z","support":"Grand format","publisher_availability":1,"stock":0,"editions":[],"url":"https:\/\/quaidesbrumes.com\/ouvrage\/9791091315005\/loeil-et-la-source"},{"id":"9782322031139","title":"L'ode \u00e0 l'aube","description":"Les cendres du destin\u00e9S\u00bf\u00e9coulent sur les nids  D\u00bf\u00e9cueils, de feuilles Et l\u00bfonde cadenc\u00e9e bless\u00e9e  Se brise en ramassis  Pr\u00e8s des galets harass\u00e9s L\u00bfaube s\u00bf\u00e9veille en ode Quand la vie en \u00e9pode Se meurt sans soleil radieux Il n\u00bfy a plus de clart\u00e9  De diamant illuminant Le ciel en diad\u00e8me lustr\u00e9 Les derniers reflets s\u00bfenvolent  En rengaines am\u00e8nes dans  Le vent chagrin pochard\u00e9 Et le parfum des ombres  Faisant corps \u00e0 l\u00bfonde fuyante Et les \u00e2mes orphelines  Furetant leur lumi\u00e8re Se sont referm\u00e9 tous  Les chemins des existences Sur les perc\u00e9es \u00e9mond\u00e9es  L\u00e0, o\u00f9 s\u00bfen va la vie Et s\u00bfen vient la mort.\r\n\r\nJannys KOMBILA.\r","authors":["Jannys Kombila"],"category_codes":["1000000","1090000"],"visuals":{"large":"https:\/\/images.epagine.fr\/139\/9782322031139_1_75.jpg","medium":"https:\/\/images.epagine.fr\/139\/9782322031139_1_m.jpg","thumbnail":"https:\/\/images.epagine.fr\/139\/9782322031139_1_v.jpg"},"orderable":true,"show_badge":true,"formatted_price":"10,00&nbsp;\u20ac","formatted_published_date":"26 juin 2013","publisher_availability_label":"Sur commande","short_details":"Jannys Kombila \u2014 Books on Demand","translator":null,"weight":201,"page_count":80,"readership":null,"editor":"Books on Demand","price":1000,"published_date":"2013-06-25T22:00:00.000000Z","support":"Grand format","publisher_availability":1,"stock":0,"editions":[],"url":"https:\/\/quaidesbrumes.com\/ouvrage\/9782322031139\/lode-a-laube"},{"id":"9782915684254","title":"Le Moins du monde","description":"Ce livre a tr\u00e8s probablement \u00e9t\u00e9 r\u00e9dig\u00e9 durant l'\u00e9t\u00e9 2001, soit quelques mois seulement avant le suicide de l'auteur. Contrairement \u00e0 la plupart des \u00e9crits de Guy Viarre, nous n'en connaissons qu'une seule version, sous la forme d'un tapuscrit reli\u00e9, retrouv\u00e9 dans les papiers du po\u00e8te \u00e0 Tarbes.\r\nCet ouvrage est \u00e0 n'en pas douter l'une des extr\u00e9mit\u00e9s de l'oeuvre de Guy Viarre. La fragmentation de la langue, la crispation du sens, l'\u00e9puisement du po\u00e8me, d\u00e9j\u00e0 pr\u00e9sents dans les livres pr\u00e9c\u00e9dents, arrivent ici \u00e0 leur comble. Cela fait de Le Moins du monde un livre d\u00e9routant, dont la lecture pourra \u00eatre jug\u00e9e \u00ab difficile \u00bb. Il n'en demeure pas moins que ce po\u00e8me \u00e9clat\u00e9, qui annonce \u00e0 sa mani\u00e8re une terrible d\u00e9faite, reste le t\u00e9moin poignant d'une exp\u00e9rience hors du commun, aux limites de ce que peut un homme, avec sa langue, et contre elle. \u00c0 la lisi\u00e8re d'un impossible - celui que fr\u00e9quentait Guy Viarre dans les derniers mois de sa vie.\r\nGuy Viarre est n\u00e9 en juin 1971 dans la Somme. Il s'est suicid\u00e9 \u00e0 l'\u00e2ge de trente ans, le 17 octobre 2001 \u00e0 Tarbes, dans les Hautes-Pyr\u00e9n\u00e9es o\u00f9 il vivait depuis l'enfance. En 1999, deux plaquettes de po\u00e9sie paraissent simultan\u00e9ment aux \u00e9ditions Unes : Devant le sel et Finir erre. Ces deux livres (les seuls que Guy Viarre a publi\u00e9s de son vivant) imposent une po\u00e9sie qui, par son extr\u00eame tension, porte d'embl\u00e9e la langue \u00e0 son point de rupture - et d'ext\u00e9nuement. Ses livres ont \u00e9t\u00e9 publi\u00e9s par les \u00e9ditions Unes, Fissile, Gr\u00e8ges et Flammarion.","authors":["Guy Viarre"],"category_codes":["1000000","1090000"],"visuals":{"large":"https:\/\/images.epagine.fr\/254\/9782915684254_1_75.jpg","medium":"https:\/\/images.epagine.fr\/254\/9782915684254_1_m.jpg","thumbnail":"https:\/\/images.epagine.fr\/254\/9782915684254_1_v.jpg"},"orderable":true,"show_badge":true,"formatted_price":"11,00&nbsp;\u20ac","formatted_published_date":"1er janvier 2009","publisher_availability_label":"Sur commande","short_details":"Guy Viarre \u2014 Greges","translator":null,"weight":0,"page_count":62,"readership":null,"editor":"Greges","price":1100,"published_date":"2008-12-31T23:00:00.000000Z","support":"Grand format","publisher_availability":1,"stock":0,"editions":[],"url":"https:\/\/quaidesbrumes.com\/ouvrage\/9782915684254\/le-moins-du-monde"}]}