{"data":[{"id":"9782954568034","title":"Planches","description":null,"authors":["Dudouit Samuel"],"category_codes":["1000000","1090000"],"visuals":{"large":"https:\/\/quaidesbrumes.com\/img\/book-placeholder.png","medium":"https:\/\/quaidesbrumes.com\/img\/book-placeholder.png","thumbnail":"https:\/\/quaidesbrumes.com\/img\/book-placeholder.png"},"orderable":true,"show_badge":true,"formatted_price":"8,00&nbsp;\u20ac","formatted_published_date":"31 mai 2014","publisher_availability_label":"Sur commande","short_details":"Dudouit Samuel \u2014 P.I.Sage Interieur","translator":null,"weight":125,"page_count":null,"readership":null,"editor":"P.I.Sage Interieur","price":800,"published_date":"2014-05-30T22:00:00.000000Z","support":"Grand format","publisher_availability":1,"stock":0,"editions":[],"url":"https:\/\/quaidesbrumes.com\/ouvrage\/9782954568034\/planches"},{"id":"9782876833340","title":"Comme une cape de soie \u00e9carlate","description":"Ecrire pour essayer d'apprivoiser l'absence. Mais l'absence est un chat sauvage qui griffe toujours, m\u00eame apprivois\u00e9.\r\nEcrire pour \u00e9voquer Julien, mon fils disparu mais vivant au travers des mots, sur les lieux qu'il a tant aim\u00e9s.\r\nEcrire ce qu'il aurait pu lui-m\u00eame \u00e9crire.","authors":["Bernard Fetter"],"category_codes":["1000000","1090000"],"visuals":{"large":"https:\/\/images.epagine.fr\/340\/9782876833340_1_75.jpg","medium":"https:\/\/images.epagine.fr\/340\/9782876833340_1_m.jpg","thumbnail":"https:\/\/images.epagine.fr\/340\/9782876833340_1_v.jpg"},"orderable":true,"show_badge":true,"formatted_price":"12,00&nbsp;\u20ac","formatted_published_date":"1er avril 2012","publisher_availability_label":"Sur commande","short_details":"Bernard Fetter \u2014 La Compagnie Litt\u00e9raire","translator":null,"weight":70,"page_count":52,"readership":null,"editor":"La Compagnie Litt\u00e9raire","price":1200,"published_date":"2012-03-31T22:00:00.000000Z","support":"Grand format","publisher_availability":1,"stock":0,"editions":[],"url":"https:\/\/quaidesbrumes.com\/ouvrage\/9782876833340\/comme-une-cape-de-soie-ecarlate"},{"id":"9782916071596","title":"Fagulhas do tempo","description":null,"authors":["Barros Pablo"],"category_codes":["1000000","1090000"],"visuals":{"large":"https:\/\/quaidesbrumes.com\/img\/book-placeholder.png","medium":"https:\/\/quaidesbrumes.com\/img\/book-placeholder.png","thumbnail":"https:\/\/quaidesbrumes.com\/img\/book-placeholder.png"},"orderable":true,"show_badge":true,"formatted_price":"12,00&nbsp;\u20ac","formatted_published_date":"1er juin 2010","publisher_availability_label":"Sur commande","short_details":"Barros Pablo \u2014 Vanneaux","translator":null,"weight":140,"page_count":null,"readership":null,"editor":"Vanneaux","price":1200,"published_date":"2010-05-31T22:00:00.000000Z","support":"Grand format","publisher_availability":1,"stock":0,"editions":[],"url":"https:\/\/quaidesbrumes.com\/ouvrage\/9782916071596\/fagulhas-do-tempo"},{"id":"9782296964556","title":"Chants du silence","description":"Chants du silence est avant tout une qu\u00eate, la qu\u00eate d'une identit\u00e9 que l'auteur recherche \u00e0 travers des voies qui lui sont propres. Il cherche \u00e0 s'identifier et \u00e0 se d\u00e9finir par rapport \u00e0 l'\u00e9cosyst\u00e8me et \u00e0 l'environnement, qu'il veut ma\u00eetriser et dominer. C'est aussi une qu\u00eate anthropocentrique qui pose les questions essentielles de l'humanit\u00e9: d'o\u00f9 vient l'homme ? O\u00f9 va-t-il ?\r","authors":["Sensi b. Duny"],"category_codes":["1000000","1090000"],"visuals":{"large":"https:\/\/images.epagine.fr\/556\/9782296964556_1_75.jpg","medium":"https:\/\/images.epagine.fr\/556\/9782296964556_1_m.jpg","thumbnail":"https:\/\/images.epagine.fr\/556\/9782296964556_1_v.jpg"},"orderable":true,"show_badge":true,"formatted_price":"12,00&nbsp;\u20ac","formatted_published_date":"7 mars 2012","publisher_availability_label":"Sur commande","short_details":"Sensi b. Duny \u2014 \u00c9ditions L'Harmattan","translator":null,"weight":110,"page_count":74,"readership":null,"editor":"\u00c9ditions L'Harmattan","price":1200,"published_date":"2012-03-06T23:00:00.000000Z","support":"Grand format","publisher_availability":1,"stock":0,"editions":[],"url":"https:\/\/quaidesbrumes.com\/ouvrage\/9782296964556\/chants-du-silence"},{"id":"9781470939168","title":"La douceur d'un regard d'encre","description":"La douceur d'un regard version 2011 nouvelle mise en page, textes inchang\u00e9s","authors":["Laurant Lopez"],"category_codes":["1000000","1090000","1090600"],"visuals":{"large":"https:\/\/images.epagine.fr\/168\/9781470939168_1_75.jpg","medium":"https:\/\/images.epagine.fr\/168\/9781470939168_1_m.jpg","thumbnail":"https:\/\/images.epagine.fr\/168\/9781470939168_1_v.jpg"},"orderable":true,"show_badge":true,"formatted_price":"22,00&nbsp;\u20ac","formatted_published_date":"27 novembre 2011","publisher_availability_label":"Sur commande","short_details":"Laurant Lopez \u2014 LULU","translator":null,"weight":202,"page_count":72,"readership":null,"editor":"LULU","price":2200,"published_date":"2011-11-26T23:00:00.000000Z","support":"Grand format","publisher_availability":1,"stock":0,"editions":[],"url":"https:\/\/quaidesbrumes.com\/ouvrage\/9781470939168\/la-douceur-dun-regard-dencre"},{"id":"9782296136458","title":"A\u00e9rogrammes","description":"\"Je parle d'une terre o\u00f9 l'esprit se r\u00e9v\u00e8le \/ Non dans le vent qui mime un discours sur les cimes \/ Des monts et des for\u00eats mais dans le bruit des villes \/ Rumeur pleine de voix que l'\u00e9ph\u00e9m\u00e8re s\u00e8me\".\r","authors":["Dominique thi\u00e9baut Lemaire"],"category_codes":["1000000","1090000"],"visuals":{"large":"https:\/\/images.epagine.fr\/458\/9782296136458_1_75.jpg","medium":"https:\/\/images.epagine.fr\/458\/9782296136458_1_m.jpg","thumbnail":"https:\/\/images.epagine.fr\/458\/9782296136458_1_v.jpg"},"orderable":true,"show_badge":true,"formatted_price":"13,00&nbsp;\u20ac","formatted_published_date":"22 novembre 2010","publisher_availability_label":"Sur commande","short_details":"Dominique thi\u00e9baut Lemaire \u2014 \u00c9ditions L'Harmattan","translator":null,"weight":130,"page_count":100,"readership":null,"editor":"\u00c9ditions L'Harmattan","price":1300,"published_date":"2010-11-21T23:00:00.000000Z","support":"Grand format","publisher_availability":1,"stock":0,"editions":[],"url":"https:\/\/quaidesbrumes.com\/ouvrage\/9782296136458\/aerogrammes"},{"id":"9782296127197","title":"Ha\u00efkus de coeur","description":"Dans ce recueil, Sylvain Josserand nous entra\u00eene dans un lent cheminement \u00e0 la mani\u00e8re des ha\u00efkistes japonais qui notent volontiers leurs petits po\u00e8mes - 17 mores \u00e9crits verticalement - en marge du r\u00e9cit de leur randonn\u00e9e, comme autant de pauses, de points de suspension. La plupart de ces textes ont \u00e9t\u00e9 illustr\u00e9s par l'auteur  et donn\u00e9s au hasard de ses rencontres \u00e0 des inconnu(e)s dans la joie ou dans la d\u00e9tresse.\r","authors":["Sylvain Josserand"],"category_codes":["1000000","1090000"],"visuals":{"large":"https:\/\/images.epagine.fr\/197\/9782296127197_1_75.jpg","medium":"https:\/\/images.epagine.fr\/197\/9782296127197_1_m.jpg","thumbnail":"https:\/\/images.epagine.fr\/197\/9782296127197_1_v.jpg"},"orderable":true,"show_badge":true,"formatted_price":"11,00&nbsp;\u20ac","formatted_published_date":"29 novembre 2010","publisher_availability_label":"Sur commande","short_details":"Sylvain Josserand \u2014 \u00c9ditions L'Harmattan","translator":null,"weight":90,"page_count":60,"readership":null,"editor":"\u00c9ditions L'Harmattan","price":1100,"published_date":"2010-11-28T23:00:00.000000Z","support":"Grand format","publisher_availability":1,"stock":0,"editions":[],"url":"https:\/\/quaidesbrumes.com\/ouvrage\/9782296127197\/haikus-de-coeur"},{"id":"9782846982115","title":"In e dite","description":"La po\u00e8sie de Ghjacumu Thiers \u00e9tend ses ailes au gr\u00e9 des perceptions sur chaque instant de la vie. Po\u00e9sie du quotidien ou po\u00e9sies de l'in\u00e9dit, c'est toujours avec profondeur, \u00e9tonnement et sensibilit\u00e9 que le lecteur est invit\u00e9 \u00e0 suivre ses pas. Une po\u00e8sie ouverte au monde... En langue corse.","authors":["J. Thiers"],"category_codes":["1000000","1090000"],"visuals":{"large":"https:\/\/images.epagine.fr\/115\/9782846982115_1_75.jpg","medium":"https:\/\/images.epagine.fr\/115\/9782846982115_1_m.jpg","thumbnail":"https:\/\/images.epagine.fr\/115\/9782846982115_1_v.jpg"},"orderable":true,"show_badge":true,"formatted_price":"15,00&nbsp;\u20ac","formatted_published_date":"6 avril 2007","publisher_availability_label":"Sur commande","short_details":"J. Thiers \u2014 Albiana","translator":null,"weight":186,"page_count":96,"readership":null,"editor":"Albiana","price":1500,"published_date":"2007-04-05T22:00:00.000000Z","support":"Grand format","publisher_availability":1,"stock":0,"editions":[],"url":"https:\/\/quaidesbrumes.com\/ouvrage\/9782846982115\/in-e-dite"},{"id":"9782867420825","title":"Les loisirs de la poste","description":null,"authors":["St\u00e9phane Mallarm\u00e9"],"category_codes":["1000000","1090000"],"visuals":{"large":"https:\/\/quaidesbrumes.com\/img\/book-placeholder.png","medium":"https:\/\/quaidesbrumes.com\/img\/book-placeholder.png","thumbnail":"https:\/\/quaidesbrumes.com\/img\/book-placeholder.png"},"orderable":true,"show_badge":true,"formatted_price":"140,00&nbsp;\u20ac","formatted_published_date":"2 d\u00e9cembre 2004","publisher_availability_label":"Sur commande","short_details":"St\u00e9phane Mallarm\u00e9 \u2014 Cendres","translator":null,"weight":3101,"page_count":null,"readership":null,"editor":"Cendres","price":14000,"published_date":"2004-12-01T23:00:00.000000Z","support":"Grand format","publisher_availability":1,"stock":0,"editions":[],"url":"https:\/\/quaidesbrumes.com\/ouvrage\/9782867420825\/les-loisirs-de-la-poste"},{"id":"9782847123470","title":"Cote ubac","description":null,"authors":["Jean-Louis Bernard"],"category_codes":["1000000","1090000"],"visuals":{"large":"https:\/\/quaidesbrumes.com\/img\/book-placeholder.png","medium":"https:\/\/quaidesbrumes.com\/img\/book-placeholder.png","thumbnail":"https:\/\/quaidesbrumes.com\/img\/book-placeholder.png"},"orderable":true,"show_badge":true,"formatted_price":"10,00&nbsp;\u20ac","formatted_published_date":"16 juin 2012","publisher_availability_label":"Sur commande","short_details":"Jean-Louis Bernard \u2014 Petit Pave","translator":null,"weight":90,"page_count":null,"readership":null,"editor":"Petit Pave","price":1000,"published_date":"2012-06-15T22:00:00.000000Z","support":"Grand format","publisher_availability":1,"stock":0,"editions":[],"url":"https:\/\/quaidesbrumes.com\/ouvrage\/9782847123470\/cote-ubac"},{"id":"9782296137691","title":"Sc\u00e8nes de vie","description":"A travers une s\u00e9rie de po\u00e8mes aux th\u00e8mes vari\u00e9s, con\u00e7us dans un style engag\u00e9, l'auteur nous prom\u00e8ne au coeur de la soci\u00e9t\u00e9, avec un regard froid sur la vie quotidienne, les rapports entre les peuples.\r","authors":["Mindjos Momeny"],"category_codes":["1000000","1090000"],"visuals":{"large":"https:\/\/images.epagine.fr\/691\/9782296137691_1_75.jpg","medium":"https:\/\/images.epagine.fr\/691\/9782296137691_1_m.jpg","thumbnail":"https:\/\/images.epagine.fr\/691\/9782296137691_1_v.jpg"},"orderable":true,"show_badge":true,"formatted_price":"11,50&nbsp;\u20ac","formatted_published_date":"26 novembre 2010","publisher_availability_label":"Sur commande","short_details":"Mindjos Momeny \u2014 \u00c9ditions L'Harmattan","translator":null,"weight":95,"page_count":74,"readership":null,"editor":"\u00c9ditions L'Harmattan","price":1150,"published_date":"2010-11-25T23:00:00.000000Z","support":"Grand format","publisher_availability":1,"stock":0,"editions":[],"url":"https:\/\/quaidesbrumes.com\/ouvrage\/9782296137691\/scenes-de-vie"},{"id":"9782874595059","title":"J'ai minuit pass\u00e9","description":null,"authors":["Bruno Charrier"],"category_codes":["1000000","1090000"],"visuals":{"large":"https:\/\/images.epagine.fr\/059\/9782874595059_1_75.jpg","medium":"https:\/\/images.epagine.fr\/059\/9782874595059_1_m.jpg","thumbnail":"https:\/\/images.epagine.fr\/059\/9782874595059_1_v.jpg"},"orderable":true,"show_badge":true,"formatted_price":"16,40&nbsp;\u20ac","formatted_published_date":"1er octobre 2010","publisher_availability_label":"Sur commande","short_details":"Bruno Charrier \u2014 Chloe Des Lys","translator":null,"weight":150,"page_count":null,"readership":null,"editor":"Chloe Des Lys","price":1640,"published_date":"2010-09-30T22:00:00.000000Z","support":"Grand format","publisher_availability":1,"stock":0,"editions":[],"url":"https:\/\/quaidesbrumes.com\/ouvrage\/9782874595059\/jai-minuit-passe"},{"id":"9782956082262","title":"Mon floril\u00e8ge lyrique","description":"Dans \"mon floril\u00e8ge lyrique\", l'auteur rassemble 100 textes. Certains d\u00e9j\u00e0 publi\u00e9s dans ces pr\u00e9c\u00e9dents ouvrages... mais aussi de tr\u00e8s nombreux in\u00e9dits, tous \u00e0 lire ou \u00e0 chanter. Il garde toujours dans sa plume son envie de partage et d'\u00e9motions \u00e0 travers son regard sur la vie.","authors":["St\u00e9fane Lyre"],"category_codes":["1000000","1090000","1090200"],"visuals":{"large":"https:\/\/images.epagine.fr\/262\/9782956082262_1_75.jpg","medium":"https:\/\/images.epagine.fr\/262\/9782956082262_1_m.jpg","thumbnail":"https:\/\/images.epagine.fr\/262\/9782956082262_1_v.jpg"},"orderable":true,"show_badge":true,"formatted_price":"14,00&nbsp;\u20ac","formatted_published_date":"20 janvier 2024","publisher_availability_label":"Sur commande","short_details":"St\u00e9fane Lyre \u2014 Stefane Lyre","translator":null,"weight":215,"page_count":166,"readership":null,"editor":"Stefane Lyre","price":1400,"published_date":"2024-01-19T23:00:00.000000Z","support":"Grand format","publisher_availability":1,"stock":0,"editions":[],"url":"https:\/\/quaidesbrumes.com\/ouvrage\/9782956082262\/mon-florilege-lyrique"},{"id":"9782296120365","title":"Petites offrandes particuli\u00e8res","description":"En donnant \u00e0 lire au monde ses Petites Offrandes Particuli\u00e8res, l'auteure tente d'exorciser ce qui la terrorise : l'aspect irr\u00e9vocable de la succession du jour et de la nuit, et ce, sans aucune autre alternative. C'est avec cette peur panique de l'instant perdu qu'ont \u00e9t\u00e9 \u00e9crites ces quelques pages. Une frayeur qu'il faudra d\u00e9passer pour aller au-del\u00e0 des apparences. A picorer comme des ha\u00efkus occidentaux, certaines pages respectent une forme bien d\u00e9finie de trois vers succincts, contemplation, \u00e9merveillement, adoration ; d'autres \u00e9crits arriment le lecteur \u00e0 la proue du navire vers des compositions plus litt\u00e9raires.\r","authors":["Elsa Sfartman"],"category_codes":["1000000","1090000"],"visuals":{"large":"https:\/\/images.epagine.fr\/365\/9782296120365_1_75.jpg","medium":"https:\/\/images.epagine.fr\/365\/9782296120365_1_m.jpg","thumbnail":"https:\/\/images.epagine.fr\/365\/9782296120365_1_v.jpg"},"orderable":true,"show_badge":true,"formatted_price":"13,00&nbsp;\u20ac","formatted_published_date":"21 juillet 2010","publisher_availability_label":"Sur commande","short_details":"Elsa Sfartman \u2014 \u00c9ditions L'Harmattan","translator":null,"weight":150,"page_count":114,"readership":null,"editor":"\u00c9ditions L'Harmattan","price":1300,"published_date":"2010-07-20T22:00:00.000000Z","support":"Grand format","publisher_availability":1,"stock":0,"editions":[],"url":"https:\/\/quaidesbrumes.com\/ouvrage\/9782296120365\/petites-offrandes-particulieres"},{"id":"9782849541326","title":"Dieu, le silence et moi","description":null,"authors":["Jean-michel Sanan\u00e8s"],"category_codes":["1000000","1090000"],"visuals":{"large":"https:\/\/quaidesbrumes.com\/img\/book-placeholder.png","medium":"https:\/\/quaidesbrumes.com\/img\/book-placeholder.png","thumbnail":"https:\/\/quaidesbrumes.com\/img\/book-placeholder.png"},"orderable":true,"show_badge":true,"formatted_price":"13,50&nbsp;\u20ac","formatted_published_date":"29 octobre 2013","publisher_availability_label":"Sur commande","short_details":"Jean-michel Sanan\u00e8s \u2014 Chemins De Plume","translator":null,"weight":114,"page_count":null,"readership":null,"editor":"Chemins De Plume","price":1350,"published_date":"2013-10-28T23:00:00.000000Z","support":"Grand format","publisher_availability":1,"stock":0,"editions":[],"url":"https:\/\/quaidesbrumes.com\/ouvrage\/9782849541326\/dieu-le-silence-et-moi"},{"id":"9782296965461","title":"Transparences dures et exhibit","description":"La confrontation d'un po\u00e9te avec le quotidien n'est pas un exercice sans danger et n\u00e9cessite autant d'attention que d'empathie. C'est ce qu'a compris Fran\u00e7oise Geier qui, \u00e0 une observation subtile source d'inspiration, m\u00eale humour et malice, mais sans exag\u00e9ration. Andr\u00e9 Mathieu, po\u00e9te-journalisteSS\r","authors":["Fran\u00e7oise Geier"],"category_codes":["1000000","1090000"],"visuals":{"large":"https:\/\/images.epagine.fr\/461\/9782296965461_1_75.jpg","medium":"https:\/\/images.epagine.fr\/461\/9782296965461_1_m.jpg","thumbnail":"https:\/\/images.epagine.fr\/461\/9782296965461_1_v.jpg"},"orderable":true,"show_badge":true,"formatted_price":"11,00&nbsp;\u20ac","formatted_published_date":"25 mai 2012","publisher_availability_label":"Sur commande","short_details":"Fran\u00e7oise Geier \u2014 \u00c9ditions L'Harmattan","translator":null,"weight":90,"page_count":62,"readership":null,"editor":"\u00c9ditions L'Harmattan","price":1100,"published_date":"2012-05-24T22:00:00.000000Z","support":"Grand format","publisher_availability":1,"stock":0,"editions":[],"url":"https:\/\/quaidesbrumes.com\/ouvrage\/9782296965461\/transparences-dures-et-exhibit"},{"id":"9782913040809","title":"Dieu existe - ficelle n 104 - yves jouan illustre gravures de v.rougier","description":"...\/\/ Dieu Un nom entre les balles entre les chairs entre les dents Ils respiraient du m\u00eame souffle ...\/\/  Yves Jouan D\u00e8s le d\u00e9but de son parcours d'auteur, Yves Jouan s'int\u00e9resse aux lieux de r\u00e9sistance du vivant l\u00e0 o\u00f9 il est le plus menac\u00e9. En t\u00e9moigne son tr\u00e8s beau recueil, Azadi (mot kurde qui signifie \u00ab libert\u00e9 \u00bb), rassemblant des po\u00e8mes n\u00e9s d'un voyage au Kurdistan, dont il se fait t\u00e9moin de lutte dans ce que son \u00e9diteur Dumerchez qualifie de  \u00ab po\u00e9sie retenue et g\u00e9n\u00e9reuse qui est aussi une mani\u00e8re d'hommage \u00e0 la derni\u00e8re chance, de salut au courage et d'hymne contenu \u00e0 la libert\u00e9. \u00bb\r","authors":["Yves Jouan"],"category_codes":["1000000","1090000"],"visuals":{"large":"https:\/\/images.epagine.fr\/809\/9782913040809_1_75.jpg","medium":"https:\/\/images.epagine.fr\/809\/9782913040809_1_m.jpg","thumbnail":"https:\/\/images.epagine.fr\/809\/9782913040809_1_v.jpg"},"orderable":true,"show_badge":true,"formatted_price":"9,00&nbsp;\u20ac","formatted_published_date":"1er septembre 2011","publisher_availability_label":"Sur commande","short_details":"Yves Jouan \u2014 Atelier Vincent Rougier","translator":null,"weight":45,"page_count":null,"readership":null,"editor":"Atelier Vincent Rougier","price":900,"published_date":"2011-08-31T22:00:00.000000Z","support":"Grand format","publisher_availability":1,"stock":0,"editions":[],"url":"https:\/\/quaidesbrumes.com\/ouvrage\/9782913040809\/dieu-existe-ficelle-n-104-yves-jouan-illustre-gravures-de-vrougier"},{"id":"9782296996533","title":"De l'autre c\u00f4t\u00e9","description":"La po\u00e9sie de De l'autre c\u00f4t\u00e9 est sensuellement enivrante du v\u00e9cu quotidien, d'une recherche de soi enfouie dans les miasmes morbides baudelairiens. Po\u00e9sie de sens, po\u00e9sie du coeur et de la raison Seul dans le ciel, les pieds dans un nuage.\r","authors":["Jeanne am\u00e9lia Tati loutard"],"category_codes":["1000000","1090000"],"visuals":{"large":"https:\/\/images.epagine.fr\/533\/9782296996533_1_75.jpg","medium":"https:\/\/images.epagine.fr\/533\/9782296996533_1_m.jpg","thumbnail":"https:\/\/images.epagine.fr\/533\/9782296996533_1_v.jpg"},"orderable":true,"show_badge":true,"formatted_price":"11,50&nbsp;\u20ac","formatted_published_date":"29 juin 2012","publisher_availability_label":"Sur commande","short_details":"Jeanne am\u00e9lia Tati loutard \u2014 \u00c9ditions L'Harmattan","translator":null,"weight":100,"page_count":68,"readership":null,"editor":"\u00c9ditions L'Harmattan","price":1150,"published_date":"2012-06-28T22:00:00.000000Z","support":"Grand format","publisher_availability":1,"stock":0,"editions":[],"url":"https:\/\/quaidesbrumes.com\/ouvrage\/9782296996533\/de-lautre-cote"},{"id":"9782918136057","title":"Sc\u00e8nes de la Bible","description":null,"authors":["Victor Hugo","Alfred de Vigny"],"category_codes":["1000000","1090000"],"visuals":{"large":"https:\/\/quaidesbrumes.com\/img\/book-placeholder.png","medium":"https:\/\/quaidesbrumes.com\/img\/book-placeholder.png","thumbnail":"https:\/\/quaidesbrumes.com\/img\/book-placeholder.png"},"orderable":true,"show_badge":true,"formatted_price":"15,00&nbsp;\u20ac","formatted_published_date":"31 octobre 2010","publisher_availability_label":"Sur commande","short_details":"Victor Hugo, Alfred de Vigny \u2014 Cyrano","translator":null,"weight":260,"page_count":null,"readership":null,"editor":"Cyrano","price":1500,"published_date":"2010-10-30T22:00:00.000000Z","support":"Grand format","publisher_availability":1,"stock":0,"editions":[],"url":"https:\/\/quaidesbrumes.com\/ouvrage\/9782918136057\/scenes-de-la-bible"},{"id":"9782296136137","title":"Femmes en parall\u00e8le ; anthologie personnelle","description":"Le po\u00e8te marche comme un funambule sur le fil nou\u00e9 du d\u00e9sespoir au r\u00eave, il \u00e9crit son amour, sa tristesse, sa tendresse, sa joie, il essaie dans un savant agencement des sons que lui dicte son coeur  d'\u00e9mouvoir sa muse, d'atteindre l'enfance, l'espi\u00e8glerie ou la nostalgie, l'\u00e9ternelle histoire d'un amour impossible ou perdu. Cette anthologie personnelle de Nicole Barri\u00e8re rassemble ses \u00e9lans dans le r\u00eave et l'engagement, dans la dur\u00e9e qu'elle revendique de conna\u00eetre, aimer et prot\u00e9ger.\r","authors":["Nicole Barri\u00e8re"],"category_codes":["1000000","1090000"],"visuals":{"large":"https:\/\/images.epagine.fr\/137\/9782296136137_1_75.jpg","medium":"https:\/\/images.epagine.fr\/137\/9782296136137_1_m.jpg","thumbnail":"https:\/\/images.epagine.fr\/137\/9782296136137_1_v.jpg"},"orderable":true,"show_badge":true,"formatted_price":"15,50&nbsp;\u20ac","formatted_published_date":"22 novembre 2010","publisher_availability_label":"Sur commande","short_details":"Nicole Barri\u00e8re \u2014 \u00c9ditions L'Harmattan","translator":null,"weight":195,"page_count":154,"readership":null,"editor":"\u00c9ditions L'Harmattan","price":1550,"published_date":"2010-11-21T23:00:00.000000Z","support":"Grand format","publisher_availability":1,"stock":0,"editions":[],"url":"https:\/\/quaidesbrumes.com\/ouvrage\/9782296136137\/femmes-en-parallele-anthologie-personnelle"},{"id":"9782343081380","title":"Le son du cor. Po\u00e8mes","description":"\"\"Quand dans les coeurs \/ Le vent de la paix \/ Souffle en douceur \/ L amour grandit \/ Et engendre la famille\"\". Le son du cor est le premeir recueil de po\u00e8mes de Omar Diouf.\"\r","authors":["Omar Diouf"],"category_codes":["1000000","1090000"],"visuals":{"large":"https:\/\/images.epagine.fr\/380\/9782343081380_1_75.jpg","medium":"https:\/\/images.epagine.fr\/380\/9782343081380_1_m.jpg","thumbnail":"https:\/\/images.epagine.fr\/380\/9782343081380_1_v.jpg"},"orderable":true,"show_badge":true,"formatted_price":"16,00&nbsp;\u20ac","formatted_published_date":"11 janvier 2016","publisher_availability_label":"Sur commande","short_details":"Omar Diouf \u2014 \u00c9ditions L'Harmattan","translator":null,"weight":180,"page_count":142,"readership":null,"editor":"\u00c9ditions L'Harmattan","price":1600,"published_date":"2016-01-10T23:00:00.000000Z","support":"Grand format","publisher_availability":1,"stock":0,"editions":[],"url":"https:\/\/quaidesbrumes.com\/ouvrage\/9782343081380\/le-son-du-cor-poemes"},{"id":"9782343081755","title":"R\u00e9veille-toi, \u00f4 ma d\u00e9mocratie ; chroniques d'un ancien homme libre","description":"\"Constats horrifi\u00e9s, satires, coups de gueule : tout ici veut exprimer l angoisse et la grande col\u00e8re du monde vivant face aux d\u00e9rives de la soci\u00e9t\u00e9 d aujourd hui. Ces d\u00e9rives ont pour noms : syst\u00e8mes \u00e9conomiques d\u00e9voy\u00e9s, plan\u00e8te d\u00e9vast\u00e9e, dictatures, terrorisme, appauvrissement universel... Et pour origine financiers sans scrupule, politiciens nombrilistes et sans projet, recherche aveugle du profit, \u00e9go\u00efsmes, individualisme... Devant ces situations, l homme se sent nu et sans force. Et pourtant il existe des solutions chaleureuses, efficaces et laissant parler juste un peu la solidarit\u00e9 et la fraternit\u00e9.\"\r","authors":["Dominique Labadie"],"category_codes":["1000000","1090000"],"visuals":{"large":"https:\/\/images.epagine.fr\/755\/9782343081755_1_75.jpg","medium":"https:\/\/images.epagine.fr\/755\/9782343081755_1_m.jpg","thumbnail":"https:\/\/images.epagine.fr\/755\/9782343081755_1_v.jpg"},"orderable":true,"show_badge":true,"formatted_price":"12,00&nbsp;\u20ac","formatted_published_date":"11 janvier 2016","publisher_availability_label":"Sur commande","short_details":"Dominique Labadie \u2014 \u00c9ditions L'Harmattan","translator":null,"weight":100,"page_count":72,"readership":null,"editor":"\u00c9ditions L'Harmattan","price":1200,"published_date":"2016-01-10T23:00:00.000000Z","support":"Grand format","publisher_availability":1,"stock":0,"editions":[],"url":"https:\/\/quaidesbrumes.com\/ouvrage\/9782343081755\/reveille-toi-o-ma-democratie-chroniques-dun-ancien-homme-libre"},{"id":"9782960090635","title":"M2andres dominants","description":null,"authors":["Frederic Altamira"],"category_codes":["1000000","1090000"],"visuals":{"large":"https:\/\/quaidesbrumes.com\/img\/book-placeholder.png","medium":"https:\/\/quaidesbrumes.com\/img\/book-placeholder.png","thumbnail":"https:\/\/quaidesbrumes.com\/img\/book-placeholder.png"},"orderable":true,"show_badge":true,"formatted_price":"14,00&nbsp;\u20ac","formatted_published_date":"2 novembre 2009","publisher_availability_label":"Sur commande","short_details":"Frederic Altamira \u2014 Frederic Altamira","translator":null,"weight":200,"page_count":null,"readership":null,"editor":"Frederic Altamira","price":1400,"published_date":"2009-11-01T23:00:00.000000Z","support":"Grand format","publisher_availability":1,"stock":0,"editions":[],"url":"https:\/\/quaidesbrumes.com\/ouvrage\/9782960090635\/m2andres-dominants"},{"id":"9782960090604","title":"Ce qui fu{i}t (comme un \u00e9clat d'extase)","description":null,"authors":["Frederic Altamira"],"category_codes":["1000000","1090000"],"visuals":{"large":"https:\/\/quaidesbrumes.com\/img\/book-placeholder.png","medium":"https:\/\/quaidesbrumes.com\/img\/book-placeholder.png","thumbnail":"https:\/\/quaidesbrumes.com\/img\/book-placeholder.png"},"orderable":true,"show_badge":true,"formatted_price":"14,00&nbsp;\u20ac","formatted_published_date":"18 f\u00e9vrier 2012","publisher_availability_label":"Sur commande","short_details":"Frederic Altamira \u2014 Frederic Altamira","translator":null,"weight":200,"page_count":null,"readership":null,"editor":"Frederic Altamira","price":1400,"published_date":"2012-02-17T23:00:00.000000Z","support":"Grand format","publisher_availability":1,"stock":0,"editions":[],"url":"https:\/\/quaidesbrumes.com\/ouvrage\/9782960090604\/ce-qui-fuit-comme-un-eclat-dextase"}]}